{"id":59787,"date":"2024-03-06T12:47:21","date_gmt":"2024-03-06T11:47:21","guid":{"rendered":"https:\/\/www.rassegnastampa-totustuus.it\/cattolica\/?p=59787"},"modified":"2024-03-06T12:47:23","modified_gmt":"2024-03-06T11:47:23","slug":"il-leone-di-munster","status":"publish","type":"post","link":"https:\/\/www.rassegnastampa-totustuus.it\/cattolica\/il-leone-di-munster\/","title":{"rendered":"Il \u201cLeone di M\u00fcnster\u201d"},"content":{"rendered":"<p style=\"text-align: center;\"><span style=\"color: #000000;\"><span style=\"color: #0000ff;\"><a style=\"color: #0000ff;\" href=\"https:\/\/atfp.it\/rivista-tfp\/2023\/324-dicembre-2023\" target=\"_blank\" rel=\"noopener\"><strong><img loading=\"lazy\" decoding=\"async\" class=\"size-full wp-image-52133 alignleft\" src=\"https:\/\/www.rassegnastampa-totustuus.it\/cattolica\/wp-content\/uploads\/2021\/08\/August_von_Galen.jpg\" alt=\"\" width=\"237\" height=\"212\" \/>Tradizione Famiglia Propriet\u00e0<\/strong><\/a><\/span> n.102 Marzo 2024 <\/span><\/p>\n<p style=\"text-align: justify;\"><span style=\"color: #000000;\"><em>Quale deve essere l&#8217;atteggiamento della Chiesa nei confronti di un regime che viola profondamente la legge di Dio? Se la questione si pose- e si continua a porre &#8211; in rapporto e regimi comunisti, si pose anche in rapporto al nazismo. Ecco il modello dell&#8217;indomito vescovo di M\u00fcnster, il cardinale Clemens August von Galen. Discendente di nobili famiglie, egli non si lasci\u00f2 piegare n\u00e9 dalla lode n\u00e9 dalle minacce. Come ha dichiarato Papa Benedetto, il suo esempio \u00e8 di enorme validit\u00e0 per ricordare alla gerarchia il dovere della verit\u00e0 in ogni circostanza storica. <\/em>\u00a0<\/span><\/p>\n<p style=\"text-align: center;\"><span style=\"color: #000000;\">di <strong>Renato Vasconcelos<\/strong><\/span><\/p>\n<p><!--more--><\/p>\n<p style=\"text-align: justify;\"><span style=\"color: #000000;\">21 febbraio 1946, Basilica di San Pietro. Seduto sul trono sta Papa Pio XI, attorniato da alti prelati. Atmosfera di grande gala, presenti il corpo diplomatico e personalit\u00e0 avvenute dal mondo intero. Il lungo corteo di 32 nuovi cardinali procede lungo la navata centrale. Fra di loro, uno spicca per la sua figura alta e imponente, suscitando l&#8217;entusiasmo dei fedeli, i quali cominciano ad applaudire e a gridare \u201cviva il Conte von Galen\u201d.<\/span><\/p>\n<p style=\"text-align: justify;\"><span style=\"color: #000000;\">Il Papa aveva elevato al cardinalato il 23 dicembre dell&#8217;anno prima il vescovo di M\u00fcnster meritatamente celebre per aver denunciato, gi\u00e0 nei primi anni della Seconda Guerra Mondiale, i crimini nazisti, specialmente la persecuzione alla chiesa e l&#8217;abominevole pratica dell&#8217;eutanasia contro malati e anziani. Chi fu questa personalit\u00e0 trascinante, entusiasticamente applaudita dai fedeli romani? Perch\u00e9 fu cos\u00ec importante la sua opposizione al nazismo?<\/span><\/p>\n<h4 style=\"text-align: center;\"><span style=\"color: #000000;\"><strong>Tradizione cattolica, passato illustre, nobili natali.<\/strong><\/span><\/h4>\n<p style=\"text-align: justify;\"><span style=\"color: #000000;\"><img loading=\"lazy\" decoding=\"async\" class=\" wp-image-52135 alignright\" src=\"https:\/\/www.rassegnastampa-totustuus.it\/cattolica\/wp-content\/uploads\/2021\/08\/August_von_Galen-1.jpg\" alt=\"\" width=\"255\" height=\"345\" \/>Clemens August conte von Galen (1878- 1946) nacque il 16 Marzo nel castello di Dinklage a Oldenburg, Germania, undicesimo fra dodici fratelli e sorelle. I suoi genitori furono il conte Ferdinand Heribert e Elizabeth nata contessa von Spee. La famiglia, di antica stirpe cattolica, diede alla chiesa arcivescovi, vescovi, chierici e numerose suore e monache. E anche valorosi difensori dei diritti cattolici nel campo temporale. Il Conte Heribert fu un rilevante deputato cattolico del <em>Zentrumspartei<\/em> (partito di centro) nel <em>Reichstag <\/em>(Parlamento).<\/span><\/p>\n<p style=\"text-align: justify;\"><span style=\"color: #000000;\">In questo focolare pieno di virt\u00f9 cristiane, ricevette il giovane Clemens August una accurata educazione. Frequent\u00f2 dal 1890 al 1894 la scuola gesuita Stella Mattutina a Feldkirch. Nei due anni successivi studi\u00f2 a Vechta, dove concluse il liceo. Nel 1897, accompagnato dal fratello Franz, frequent\u00f2 la facolt\u00e0 di Fribourg in Svizzera. Fu allora che decise di diventare sacerdote. Nel 1899 entr\u00f2 nel seminario gesuita di Innsbruck. Ordinato il 28 maggio 1904 nella cattedrale di M\u00fcnster, fu nominato il mese dopo vicario capitolare e cappellano di suo zio, vescovo ausiliare di M\u00fcnster, mons. Maximilian von Galen. Nel 1906 fu trasferito a Berlino, dove divenne cappellano della parrocchia di San Matias. In aggiunta alle cure pastorali, insegnava religione in un liceo della citt\u00e0 punto<\/span><\/p>\n<h4 style=\"text-align: center;\"><span style=\"color: #000000;\"><strong>Alte virt\u00f9 sacerdotali e umane<\/strong>.<\/span><\/h4>\n<p style=\"text-align: justify;\"><span style=\"color: #000000;\">Il 5 settembre 1933 Pio XI lo elev\u00f2 all&#8217;episcopato, nominandolo nella sede occupata prima dallo zio. Nel giorno della consacrazione episcopale, il seguente 28 ottobre, scrisse di lui il cardinale Schulte: \u201c<em>Aussi Clement qu\u2019 Auguste<\/em>\u201d (\u201cTanto Clemente che \u00e8 Augusto\u201d). Il nuovo vescovo adott\u00f2 come motto \u201c<em>Nec laudibus nec timore<\/em>\u201d (\u201cNon mi muovo muovono n\u00e9 la lode n\u00e9 il timore), indicando cos\u00ec la stoffa del suo carattere.<\/span><\/p>\n<p style=\"text-align: justify;\"><span style=\"color: #000000;\">Di lui scriveva il \u201c<em>M\u00fcnstersche Anzeiger<\/em>\u201d (12\/9\/1933): \u00abSpiccano nel nuovo vescovo alte virt\u00f9 sacerdotali e umane. Come curato di anime a Berlino, (\u2026) innalz\u00f2 continuamente la sua voce contro la crescente secolarizzazione della vita, esigendo un ritorno ai chiari principi della Chiesa Cattolica\u00bb. Otto mesi prima\u00a0 il Partico Nazional-Socialista aveva scalato il potere. Con la sua dottrina pagana della razza ariana pura, il nazismo non poteva non scontrarsi con la Chiesa, che cominci\u00f2 infatti a perseguitarlo, all\u2019inizio in modo discreto ma in seguito apertamente e duramente.<\/span><\/p>\n<h4 style=\"text-align: center;\"><span style=\"color: #000000;\"><strong>Divenne il \u201cLeone di M\u00fcnster\u201d<\/strong><\/span><\/h4>\n<p style=\"text-align: justify;\"><span style=\"color: #000000;\">Mons. Von Galen percep\u00ec subito gli errori contenuti nell\u2019opera <em>Mito del Secolo XX<\/em> di Alfred Rosemberg, l\u2019ideologo del partito nazista. E li confut\u00f2 duramente nella sua Lettera Pastorale del 19 marzo 1935, denunciando il \u201cmito del sangue\u201d di Rosemberg come una nuova religione pagana. Entusiasti del coraggio del loro vescovo, i cattolici lo ribattezzarono il \u201cLeone di M\u00fcnster\u201d. Ci\u00f2 non solo per le sue critiche continue degli errori nazisti ma soprattutto per i suoi tre famosi sermoni proferiti nei giorni 13 e 20 luglio e 3 agosto 1941 nella Chiesa di San Lamberto, dalle cui torri ancora sono appese le gabbie in cui furono rinchiusi i resti mortali dei capi della ribellione anabattista.<\/span><\/p>\n<h4 style=\"text-align: center;\"><span style=\"color: #000000;\"><strong>Sfidando i nazisti condanna l\u2019eutanasia<\/strong><\/span><\/h4>\n<p style=\"text-align: justify;\"><span style=\"color: #000000;\"><img loading=\"lazy\" decoding=\"async\" class=\"wp-image-17711 alignleft\" src=\"https:\/\/www.rassegnastampa-totustuus.it\/cattolica\/wp-content\/uploads\/2009\/02\/nazi_eutanasia.jpg\" alt=\"\" width=\"264\" height=\"354\" \/>Nel sermone del 13 luglio, criticando la confisca di monasteri e conventi bollandola come segno di un \u201c<em>odio profondo contro il Cristianesimo, che vogliono sterminare<\/em>\u201d. Il 20 luglio impieg\u00f2 la figura del dell\u2019incudine e del martello: \u201c<em>Attualmente non siamo martello, a incudine<\/em> (\u2026) <em>L\u2019incudine non pu\u00f2 n\u00e9 necessita di ribattere. Ella ha bisogno solo di essere ferma e dura\u201d. <\/em>Il 3 agosto rimprover\u00f2 il crimine dell\u2019eutanasia, praticato su persone anziane, paralizzate o con malattie incurabili. La razione suscitata dalle sue parole questa volta fu gigantesca. Alti gerarchi del partito nazista chiedevano un processo contro il presule che si concludesse con l\u2019impiccagione in una piazza di M\u00fcnstes.<\/span><\/p>\n<p style=\"text-align: justify;\"><span style=\"color: #000000;\">Goebbels, lo scaltro Ministro della Propaganda, not\u00f2 che una tale misura avrebbe alienato i cattolici dallo sforzo della guerra. E raccomand\u00f2 a Hitler di rimandare la \u201cresa dei conti\u201d a dopo la \u201cvittoria finale\u201d. Mons. von Galen dovette vivere in seguito con questa spada di Damocle sul capo, accettandola eroicamente senza vacillare. La vittoria finale non ebbe luogo. Con la capitolazione della Germania nel maggio 1945 e il Processo di Norimberga, che giudic\u00f2 i crimini dei principali capi nazionalsocialisti il nazismo scomparve vergognosamente dalla scena lasciandosi dietro, come succeder\u00e0 pi\u00f9 tardi anche per il comunismo, morte, macerie e miseria.<\/span><\/p>\n<h4 style=\"text-align: center;\"><span style=\"color: #000000;\"><strong>Il tedesco ideale<\/strong><\/span><\/h4>\n<p style=\"text-align: justify;\"><span style=\"color: #000000;\">Dopo aver ricevuto il cappello cardinalizio, C.A. von Galen rimase ancora per qualche giorno in Italia, visitando i soldati tedeschi in diversi campi di concentramento. Verso la met\u00e0 di marzo lo attendeva a M\u00fcnster un&#8217;accoglienza trionfale. Dio tuttavia aveva altri piani per il suo \u201cleone\u201d. Vittima di appendicite acuta, mor\u00ec nel pomeriggio del 22 Marzo del 1946. Nel discorso funebre, il cardinale Frings asser\u00ec che finch\u00e9 esister\u00e0 una diocesi a M\u00fcnster. Il cardinale von Galen ne sar\u00e0 la sua gloria, e aggiunse: \u201c<em>Finch\u00e9 ci sar\u00e0 una storia del popolo tedesco egli verr\u00e0 segnalato come il tedesco ideale, il vanto della Germania<\/em>\u201d.<\/span><\/p>\n<h4 style=\"text-align: center;\"><span style=\"color: #000000;\"><strong>Esempio per i nostri giorni<\/strong><\/span><\/h4>\n<p style=\"text-align: justify;\"><span style=\"color: #000000;\">Il 9 ottobre 2005 il cardinale von Galen \u00e8 stato beatificato per decreto firmato da Papa Benedetto XVI, che nell&#8217;occasione ha messo in rilievo la lotta del beato contro l&#8217;eutanasia. In piazza San Pietro, migliaia di fedeli &#8211; soltanto dalla diocesi di M\u00fcnster sono venuti circa cinquemila &#8211; seguirono dai teleschermi la cerimonia che si svolgeva all&#8217;interno della basilica, anch&#8217;essa strapiena di gente. Fra gli invitati speciali anche la contessa Johanna von Westfalen, nipote del nuovo Beato e importante dirigente antiabortista della Germania.<\/span><\/p>\n<p style=\"text-align: justify;\"><span style=\"color: #000000;\">Sessant&#8217;anni dopo la caduta del nazismo e la sua scomparsa nella foschia della storia, molti si chiedono che importanza pu\u00f2 avere per noi, ai nostri giorni, la resistenza del vescovo di M\u00fcnster al nazismo. L&#8217;impavidit\u00e0 del cardinale von Galen nel condannare il crimine dell&#8217;eutanasia e oggi pi\u00f9 attuale di mai. In un&#8217;epoca come la nostra in cui milioni di nascituri vengono abortiti e l&#8217;eutanasia sta entrando nella legislazione di molti paesi, \u00e8 necessario il coraggio di difendere la vita innocente. Anche rischiando la propria vita, come il Leone di M\u00fcnster, che non si lasci\u00f2 intimidire. Magnifico esempio da seguire.<\/span><\/p>\n<p>___________________________________________<\/p>\n<p><strong><span style=\"color: #000000;\">Leggi anche:<\/span><\/strong><\/p>\n<p><a href=\"https:\/\/www.rassegnastampa-totustuus.it\/cattolica\/clemens-august-von-galen-1878-1946\/\" target=\"_blank\" rel=\"noopener\"><span style=\"color: #0000ff;\">Clemens August von Galen (1878-1946)<\/span><\/a><\/p>\n<p><a href=\"https:\/\/www.rassegnastampa-totustuus.it\/cattolica\/il-beato-von-galen-combatt-il-nazismo-fu-ingerenza\/\" target=\"_blank\" rel=\"noopener\"><span style=\"color: #0000ff;\">Il Beato von Galen combatt\u00e8 il nazismo. Fu ingerenza?<\/span><\/a><\/p>\n","protected":false},"excerpt":{"rendered":"<p>Tradizione Famiglia Propriet\u00e0 n.102 Marzo 2024 Quale deve essere l&#8217;atteggiamento della Chiesa nei confronti di un regime che viola profondamente la legge di Dio? Se la questione si pose- e si continua a porre &#8211; in rapporto e regimi comunisti, si pose anche in rapporto al nazismo. Ecco il modello dell&#8217;indomito vescovo di M\u00fcnster, il &hellip; <\/p>\n<p><a class=\"more-link btn\" href=\"https:\/\/www.rassegnastampa-totustuus.it\/cattolica\/il-leone-di-munster\/\">Continua a leggere<\/a><\/p>\n","protected":false},"author":6,"featured_media":28348,"comment_status":"closed","ping_status":"closed","sticky":false,"template":"","format":"standard","meta":{"footnotes":""},"categories":[5,94,18],"tags":[157,2872,486,283],"class_list":["post-59787","post","type-post","status-publish","format-standard","has-post-thumbnail","hentry","category-chiesa","category-nazionalsocialismo","category-personaggi","tag-chiesa-2","tag-clemens-august-von-galen","tag-nazionalsocialismo-2","tag-personaggi-2","item-wrap"],"yoast_head":"<!-- This site is optimized with the Yoast SEO plugin v27.5 - https:\/\/yoast.com\/product\/yoast-seo-wordpress\/ -->\n<title>Il \u201cLeone di M\u00fcnster\u201d - Rassegna Stampa Cattolica<\/title>\n<meta name=\"description\" content=\"Il \u201cLeone di M\u00fcnster\u201d August von Galen si oppose al nazionalsocialismo a rischio della vita. Un esempio per i nostri giorni\" \/>\n<meta name=\"robots\" content=\"index, follow, max-snippet:-1, max-image-preview:large, max-video-preview:-1\" \/>\n<link rel=\"canonical\" href=\"https:\/\/www.rassegnastampa-totustuus.it\/cattolica\/il-leone-di-munster\/\" \/>\n<meta property=\"og:locale\" content=\"it_IT\" \/>\n<meta property=\"og:type\" content=\"article\" \/>\n<meta property=\"og:title\" content=\"Il \u201cLeone di M\u00fcnster\u201d - Rassegna Stampa Cattolica\" \/>\n<meta property=\"og:description\" content=\"Il \u201cLeone di M\u00fcnster\u201d August von Galen si oppose al nazionalsocialismo a rischio della vita. Un esempio per i nostri giorni\" \/>\n<meta property=\"og:url\" content=\"https:\/\/www.rassegnastampa-totustuus.it\/cattolica\/il-leone-di-munster\/\" \/>\n<meta property=\"og:site_name\" content=\"Rassegna Stampa Cattolica\" \/>\n<meta property=\"article:publisher\" content=\"https:\/\/www.facebook.com\/rassegnastampacattolica\" \/>\n<meta property=\"article:published_time\" content=\"2024-03-06T11:47:21+00:00\" \/>\n<meta property=\"article:modified_time\" content=\"2024-03-06T11:47:23+00:00\" \/>\n<meta property=\"og:image\" content=\"https:\/\/www.rassegnastampa-totustuus.it\/cattolica\/wp-content\/uploads\/2009\/10\/August-Graf-von-Galen.jpg\" \/>\n\t<meta property=\"og:image:width\" content=\"198\" \/>\n\t<meta property=\"og:image:height\" content=\"255\" \/>\n\t<meta property=\"og:image:type\" content=\"image\/jpeg\" \/>\n<meta name=\"author\" content=\"Redazione\" \/>\n<meta name=\"twitter:card\" content=\"summary_large_image\" \/>\n<meta name=\"twitter:creator\" content=\"@rassegnastampa9\" \/>\n<meta name=\"twitter:site\" content=\"@rassegnastampa9\" \/>\n<meta name=\"twitter:label1\" content=\"Scritto da\" \/>\n\t<meta name=\"twitter:data1\" content=\"Redazione\" \/>\n\t<meta name=\"twitter:label2\" content=\"Tempo di lettura stimato\" \/>\n\t<meta name=\"twitter:data2\" content=\"8 minuti\" \/>\n<script type=\"application\/ld+json\" class=\"yoast-schema-graph\">{\"@context\":\"https:\\\/\\\/schema.org\",\"@graph\":[{\"@type\":\"Article\",\"@id\":\"https:\\\/\\\/www.rassegnastampa-totustuus.it\\\/cattolica\\\/il-leone-di-munster\\\/#article\",\"isPartOf\":{\"@id\":\"https:\\\/\\\/www.rassegnastampa-totustuus.it\\\/cattolica\\\/il-leone-di-munster\\\/\"},\"author\":{\"name\":\"Redazione\",\"@id\":\"https:\\\/\\\/www.rassegnastampa-totustuus.it\\\/cattolica\\\/#\\\/schema\\\/person\\\/08f319d2bd1a0904ad9e2bfb7b15e5c3\"},\"headline\":\"Il \u201cLeone di M\u00fcnster\u201d\",\"datePublished\":\"2024-03-06T11:47:21+00:00\",\"dateModified\":\"2024-03-06T11:47:23+00:00\",\"mainEntityOfPage\":{\"@id\":\"https:\\\/\\\/www.rassegnastampa-totustuus.it\\\/cattolica\\\/il-leone-di-munster\\\/\"},\"wordCount\":1246,\"publisher\":{\"@id\":\"https:\\\/\\\/www.rassegnastampa-totustuus.it\\\/cattolica\\\/#organization\"},\"image\":{\"@id\":\"https:\\\/\\\/www.rassegnastampa-totustuus.it\\\/cattolica\\\/il-leone-di-munster\\\/#primaryimage\"},\"thumbnailUrl\":\"https:\\\/\\\/www.rassegnastampa-totustuus.it\\\/cattolica\\\/wp-content\\\/uploads\\\/2009\\\/10\\\/August-Graf-von-Galen.jpg\",\"keywords\":[\"chiesa\",\"Clemens August von Galen\",\"nazionalsocialismo\",\"personaggi\"],\"articleSection\":[\"Chiesa\",\"Nazionalsocialismo\",\"Personaggi\"],\"inLanguage\":\"it-IT\"},{\"@type\":\"WebPage\",\"@id\":\"https:\\\/\\\/www.rassegnastampa-totustuus.it\\\/cattolica\\\/il-leone-di-munster\\\/\",\"url\":\"https:\\\/\\\/www.rassegnastampa-totustuus.it\\\/cattolica\\\/il-leone-di-munster\\\/\",\"name\":\"Il \u201cLeone di M\u00fcnster\u201d - Rassegna Stampa Cattolica\",\"isPartOf\":{\"@id\":\"https:\\\/\\\/www.rassegnastampa-totustuus.it\\\/cattolica\\\/#website\"},\"primaryImageOfPage\":{\"@id\":\"https:\\\/\\\/www.rassegnastampa-totustuus.it\\\/cattolica\\\/il-leone-di-munster\\\/#primaryimage\"},\"image\":{\"@id\":\"https:\\\/\\\/www.rassegnastampa-totustuus.it\\\/cattolica\\\/il-leone-di-munster\\\/#primaryimage\"},\"thumbnailUrl\":\"https:\\\/\\\/www.rassegnastampa-totustuus.it\\\/cattolica\\\/wp-content\\\/uploads\\\/2009\\\/10\\\/August-Graf-von-Galen.jpg\",\"datePublished\":\"2024-03-06T11:47:21+00:00\",\"dateModified\":\"2024-03-06T11:47:23+00:00\",\"description\":\"Il \u201cLeone di M\u00fcnster\u201d August von Galen si oppose al nazionalsocialismo a rischio della vita. Un esempio per i nostri giorni\",\"breadcrumb\":{\"@id\":\"https:\\\/\\\/www.rassegnastampa-totustuus.it\\\/cattolica\\\/il-leone-di-munster\\\/#breadcrumb\"},\"inLanguage\":\"it-IT\",\"potentialAction\":[{\"@type\":\"ReadAction\",\"target\":[\"https:\\\/\\\/www.rassegnastampa-totustuus.it\\\/cattolica\\\/il-leone-di-munster\\\/\"]}]},{\"@type\":\"ImageObject\",\"inLanguage\":\"it-IT\",\"@id\":\"https:\\\/\\\/www.rassegnastampa-totustuus.it\\\/cattolica\\\/il-leone-di-munster\\\/#primaryimage\",\"url\":\"https:\\\/\\\/www.rassegnastampa-totustuus.it\\\/cattolica\\\/wp-content\\\/uploads\\\/2009\\\/10\\\/August-Graf-von-Galen.jpg\",\"contentUrl\":\"https:\\\/\\\/www.rassegnastampa-totustuus.it\\\/cattolica\\\/wp-content\\\/uploads\\\/2009\\\/10\\\/August-Graf-von-Galen.jpg\",\"width\":198,\"height\":255},{\"@type\":\"BreadcrumbList\",\"@id\":\"https:\\\/\\\/www.rassegnastampa-totustuus.it\\\/cattolica\\\/il-leone-di-munster\\\/#breadcrumb\",\"itemListElement\":[{\"@type\":\"ListItem\",\"position\":1,\"name\":\"Home\",\"item\":\"https:\\\/\\\/www.rassegnastampa-totustuus.it\\\/cattolica\\\/\"},{\"@type\":\"ListItem\",\"position\":2,\"name\":\"Il \u201cLeone di M\u00fcnster\u201d\"}]},{\"@type\":\"WebSite\",\"@id\":\"https:\\\/\\\/www.rassegnastampa-totustuus.it\\\/cattolica\\\/#website\",\"url\":\"https:\\\/\\\/www.rassegnastampa-totustuus.it\\\/cattolica\\\/\",\"name\":\"Rassegna Stampa Cattolica\",\"description\":\"Per una cultura che nasce dalla Rivelazione cristiana in conformit\u00e0 alla tradizione e al Magistero della Chiesa in opposizione ad ogni relativismo e totalitarismo\",\"publisher\":{\"@id\":\"https:\\\/\\\/www.rassegnastampa-totustuus.it\\\/cattolica\\\/#organization\"},\"alternateName\":\"Rass. Cattolica\",\"potentialAction\":[{\"@type\":\"SearchAction\",\"target\":{\"@type\":\"EntryPoint\",\"urlTemplate\":\"https:\\\/\\\/www.rassegnastampa-totustuus.it\\\/cattolica\\\/?s={search_term_string}\"},\"query-input\":{\"@type\":\"PropertyValueSpecification\",\"valueRequired\":true,\"valueName\":\"search_term_string\"}}],\"inLanguage\":\"it-IT\"},{\"@type\":\"Organization\",\"@id\":\"https:\\\/\\\/www.rassegnastampa-totustuus.it\\\/cattolica\\\/#organization\",\"name\":\"Rassegna Stampa Cattolica\",\"url\":\"https:\\\/\\\/www.rassegnastampa-totustuus.it\\\/cattolica\\\/\",\"logo\":{\"@type\":\"ImageObject\",\"inLanguage\":\"it-IT\",\"@id\":\"https:\\\/\\\/www.rassegnastampa-totustuus.it\\\/cattolica\\\/#\\\/schema\\\/logo\\\/image\\\/\",\"url\":\"https:\\\/\\\/www.rassegnastampa-totustuus.it\\\/cattolica\\\/wp-content\\\/uploads\\\/2014\\\/04\\\/logo-rassegna1.gif\",\"contentUrl\":\"https:\\\/\\\/www.rassegnastampa-totustuus.it\\\/cattolica\\\/wp-content\\\/uploads\\\/2014\\\/04\\\/logo-rassegna1.gif\",\"width\":600,\"height\":163,\"caption\":\"Rassegna Stampa Cattolica\"},\"image\":{\"@id\":\"https:\\\/\\\/www.rassegnastampa-totustuus.it\\\/cattolica\\\/#\\\/schema\\\/logo\\\/image\\\/\"},\"sameAs\":[\"https:\\\/\\\/www.facebook.com\\\/rassegnastampacattolica\",\"https:\\\/\\\/x.com\\\/rassegnastampa9\"]},{\"@type\":\"Person\",\"@id\":\"https:\\\/\\\/www.rassegnastampa-totustuus.it\\\/cattolica\\\/#\\\/schema\\\/person\\\/08f319d2bd1a0904ad9e2bfb7b15e5c3\",\"name\":\"Redazione\",\"image\":{\"@type\":\"ImageObject\",\"inLanguage\":\"it-IT\",\"@id\":\"https:\\\/\\\/secure.gravatar.com\\\/avatar\\\/2fcdf27c78ea025fbdb44e914cc63c72249ffec9dc8aafd5c82b26240ef3f346?s=96&d=mm&r=g\",\"url\":\"https:\\\/\\\/secure.gravatar.com\\\/avatar\\\/2fcdf27c78ea025fbdb44e914cc63c72249ffec9dc8aafd5c82b26240ef3f346?s=96&d=mm&r=g\",\"contentUrl\":\"https:\\\/\\\/secure.gravatar.com\\\/avatar\\\/2fcdf27c78ea025fbdb44e914cc63c72249ffec9dc8aafd5c82b26240ef3f346?s=96&d=mm&r=g\",\"caption\":\"Redazione\"},\"url\":\"https:\\\/\\\/www.rassegnastampa-totustuus.it\\\/cattolica\\\/author\\\/pietroelle\\\/\"}]}<\/script>\n<!-- \/ Yoast SEO plugin. -->","yoast_head_json":{"title":"Il \u201cLeone di M\u00fcnster\u201d - Rassegna Stampa Cattolica","description":"Il \u201cLeone di M\u00fcnster\u201d August von Galen si oppose al nazionalsocialismo a rischio della vita. Un esempio per i nostri giorni","robots":{"index":"index","follow":"follow","max-snippet":"max-snippet:-1","max-image-preview":"max-image-preview:large","max-video-preview":"max-video-preview:-1"},"canonical":"https:\/\/www.rassegnastampa-totustuus.it\/cattolica\/il-leone-di-munster\/","og_locale":"it_IT","og_type":"article","og_title":"Il \u201cLeone di M\u00fcnster\u201d - Rassegna Stampa Cattolica","og_description":"Il \u201cLeone di M\u00fcnster\u201d August von Galen si oppose al nazionalsocialismo a rischio della vita. Un esempio per i nostri giorni","og_url":"https:\/\/www.rassegnastampa-totustuus.it\/cattolica\/il-leone-di-munster\/","og_site_name":"Rassegna Stampa Cattolica","article_publisher":"https:\/\/www.facebook.com\/rassegnastampacattolica","article_published_time":"2024-03-06T11:47:21+00:00","article_modified_time":"2024-03-06T11:47:23+00:00","og_image":[{"width":198,"height":255,"url":"https:\/\/www.rassegnastampa-totustuus.it\/cattolica\/wp-content\/uploads\/2009\/10\/August-Graf-von-Galen.jpg","type":"image\/jpeg"}],"author":"Redazione","twitter_card":"summary_large_image","twitter_creator":"@rassegnastampa9","twitter_site":"@rassegnastampa9","twitter_misc":{"Scritto da":"Redazione","Tempo di lettura stimato":"8 minuti"},"schema":{"@context":"https:\/\/schema.org","@graph":[{"@type":"Article","@id":"https:\/\/www.rassegnastampa-totustuus.it\/cattolica\/il-leone-di-munster\/#article","isPartOf":{"@id":"https:\/\/www.rassegnastampa-totustuus.it\/cattolica\/il-leone-di-munster\/"},"author":{"name":"Redazione","@id":"https:\/\/www.rassegnastampa-totustuus.it\/cattolica\/#\/schema\/person\/08f319d2bd1a0904ad9e2bfb7b15e5c3"},"headline":"Il \u201cLeone di M\u00fcnster\u201d","datePublished":"2024-03-06T11:47:21+00:00","dateModified":"2024-03-06T11:47:23+00:00","mainEntityOfPage":{"@id":"https:\/\/www.rassegnastampa-totustuus.it\/cattolica\/il-leone-di-munster\/"},"wordCount":1246,"publisher":{"@id":"https:\/\/www.rassegnastampa-totustuus.it\/cattolica\/#organization"},"image":{"@id":"https:\/\/www.rassegnastampa-totustuus.it\/cattolica\/il-leone-di-munster\/#primaryimage"},"thumbnailUrl":"https:\/\/www.rassegnastampa-totustuus.it\/cattolica\/wp-content\/uploads\/2009\/10\/August-Graf-von-Galen.jpg","keywords":["chiesa","Clemens August von Galen","nazionalsocialismo","personaggi"],"articleSection":["Chiesa","Nazionalsocialismo","Personaggi"],"inLanguage":"it-IT"},{"@type":"WebPage","@id":"https:\/\/www.rassegnastampa-totustuus.it\/cattolica\/il-leone-di-munster\/","url":"https:\/\/www.rassegnastampa-totustuus.it\/cattolica\/il-leone-di-munster\/","name":"Il \u201cLeone di M\u00fcnster\u201d - Rassegna Stampa Cattolica","isPartOf":{"@id":"https:\/\/www.rassegnastampa-totustuus.it\/cattolica\/#website"},"primaryImageOfPage":{"@id":"https:\/\/www.rassegnastampa-totustuus.it\/cattolica\/il-leone-di-munster\/#primaryimage"},"image":{"@id":"https:\/\/www.rassegnastampa-totustuus.it\/cattolica\/il-leone-di-munster\/#primaryimage"},"thumbnailUrl":"https:\/\/www.rassegnastampa-totustuus.it\/cattolica\/wp-content\/uploads\/2009\/10\/August-Graf-von-Galen.jpg","datePublished":"2024-03-06T11:47:21+00:00","dateModified":"2024-03-06T11:47:23+00:00","description":"Il \u201cLeone di M\u00fcnster\u201d August von Galen si oppose al nazionalsocialismo a rischio della vita. Un esempio per i nostri giorni","breadcrumb":{"@id":"https:\/\/www.rassegnastampa-totustuus.it\/cattolica\/il-leone-di-munster\/#breadcrumb"},"inLanguage":"it-IT","potentialAction":[{"@type":"ReadAction","target":["https:\/\/www.rassegnastampa-totustuus.it\/cattolica\/il-leone-di-munster\/"]}]},{"@type":"ImageObject","inLanguage":"it-IT","@id":"https:\/\/www.rassegnastampa-totustuus.it\/cattolica\/il-leone-di-munster\/#primaryimage","url":"https:\/\/www.rassegnastampa-totustuus.it\/cattolica\/wp-content\/uploads\/2009\/10\/August-Graf-von-Galen.jpg","contentUrl":"https:\/\/www.rassegnastampa-totustuus.it\/cattolica\/wp-content\/uploads\/2009\/10\/August-Graf-von-Galen.jpg","width":198,"height":255},{"@type":"BreadcrumbList","@id":"https:\/\/www.rassegnastampa-totustuus.it\/cattolica\/il-leone-di-munster\/#breadcrumb","itemListElement":[{"@type":"ListItem","position":1,"name":"Home","item":"https:\/\/www.rassegnastampa-totustuus.it\/cattolica\/"},{"@type":"ListItem","position":2,"name":"Il \u201cLeone di M\u00fcnster\u201d"}]},{"@type":"WebSite","@id":"https:\/\/www.rassegnastampa-totustuus.it\/cattolica\/#website","url":"https:\/\/www.rassegnastampa-totustuus.it\/cattolica\/","name":"Rassegna Stampa Cattolica","description":"Per una cultura che nasce dalla Rivelazione cristiana in conformit\u00e0 alla tradizione e al Magistero della Chiesa in opposizione ad ogni relativismo e totalitarismo","publisher":{"@id":"https:\/\/www.rassegnastampa-totustuus.it\/cattolica\/#organization"},"alternateName":"Rass. Cattolica","potentialAction":[{"@type":"SearchAction","target":{"@type":"EntryPoint","urlTemplate":"https:\/\/www.rassegnastampa-totustuus.it\/cattolica\/?s={search_term_string}"},"query-input":{"@type":"PropertyValueSpecification","valueRequired":true,"valueName":"search_term_string"}}],"inLanguage":"it-IT"},{"@type":"Organization","@id":"https:\/\/www.rassegnastampa-totustuus.it\/cattolica\/#organization","name":"Rassegna Stampa Cattolica","url":"https:\/\/www.rassegnastampa-totustuus.it\/cattolica\/","logo":{"@type":"ImageObject","inLanguage":"it-IT","@id":"https:\/\/www.rassegnastampa-totustuus.it\/cattolica\/#\/schema\/logo\/image\/","url":"https:\/\/www.rassegnastampa-totustuus.it\/cattolica\/wp-content\/uploads\/2014\/04\/logo-rassegna1.gif","contentUrl":"https:\/\/www.rassegnastampa-totustuus.it\/cattolica\/wp-content\/uploads\/2014\/04\/logo-rassegna1.gif","width":600,"height":163,"caption":"Rassegna Stampa Cattolica"},"image":{"@id":"https:\/\/www.rassegnastampa-totustuus.it\/cattolica\/#\/schema\/logo\/image\/"},"sameAs":["https:\/\/www.facebook.com\/rassegnastampacattolica","https:\/\/x.com\/rassegnastampa9"]},{"@type":"Person","@id":"https:\/\/www.rassegnastampa-totustuus.it\/cattolica\/#\/schema\/person\/08f319d2bd1a0904ad9e2bfb7b15e5c3","name":"Redazione","image":{"@type":"ImageObject","inLanguage":"it-IT","@id":"https:\/\/secure.gravatar.com\/avatar\/2fcdf27c78ea025fbdb44e914cc63c72249ffec9dc8aafd5c82b26240ef3f346?s=96&d=mm&r=g","url":"https:\/\/secure.gravatar.com\/avatar\/2fcdf27c78ea025fbdb44e914cc63c72249ffec9dc8aafd5c82b26240ef3f346?s=96&d=mm&r=g","contentUrl":"https:\/\/secure.gravatar.com\/avatar\/2fcdf27c78ea025fbdb44e914cc63c72249ffec9dc8aafd5c82b26240ef3f346?s=96&d=mm&r=g","caption":"Redazione"},"url":"https:\/\/www.rassegnastampa-totustuus.it\/cattolica\/author\/pietroelle\/"}]}},"_links":{"self":[{"href":"https:\/\/www.rassegnastampa-totustuus.it\/cattolica\/wp-json\/wp\/v2\/posts\/59787","targetHints":{"allow":["GET"]}}],"collection":[{"href":"https:\/\/www.rassegnastampa-totustuus.it\/cattolica\/wp-json\/wp\/v2\/posts"}],"about":[{"href":"https:\/\/www.rassegnastampa-totustuus.it\/cattolica\/wp-json\/wp\/v2\/types\/post"}],"author":[{"embeddable":true,"href":"https:\/\/www.rassegnastampa-totustuus.it\/cattolica\/wp-json\/wp\/v2\/users\/6"}],"replies":[{"embeddable":true,"href":"https:\/\/www.rassegnastampa-totustuus.it\/cattolica\/wp-json\/wp\/v2\/comments?post=59787"}],"version-history":[{"count":1,"href":"https:\/\/www.rassegnastampa-totustuus.it\/cattolica\/wp-json\/wp\/v2\/posts\/59787\/revisions"}],"predecessor-version":[{"id":59788,"href":"https:\/\/www.rassegnastampa-totustuus.it\/cattolica\/wp-json\/wp\/v2\/posts\/59787\/revisions\/59788"}],"wp:featuredmedia":[{"embeddable":true,"href":"https:\/\/www.rassegnastampa-totustuus.it\/cattolica\/wp-json\/wp\/v2\/media\/28348"}],"wp:attachment":[{"href":"https:\/\/www.rassegnastampa-totustuus.it\/cattolica\/wp-json\/wp\/v2\/media?parent=59787"}],"wp:term":[{"taxonomy":"category","embeddable":true,"href":"https:\/\/www.rassegnastampa-totustuus.it\/cattolica\/wp-json\/wp\/v2\/categories?post=59787"},{"taxonomy":"post_tag","embeddable":true,"href":"https:\/\/www.rassegnastampa-totustuus.it\/cattolica\/wp-json\/wp\/v2\/tags?post=59787"}],"curies":[{"name":"wp","href":"https:\/\/api.w.org\/{rel}","templated":true}]}}