{"id":59779,"date":"2024-03-14T00:00:00","date_gmt":"2024-03-13T23:00:00","guid":{"rendered":"https:\/\/www.rassegnastampa-totustuus.it\/cattolica\/?p=59779"},"modified":"2024-03-05T14:21:05","modified_gmt":"2024-03-05T13:21:05","slug":"il-futuro-del-cattolicesimo-e-della-chiesa-e-in-africa","status":"publish","type":"post","link":"https:\/\/www.rassegnastampa-totustuus.it\/cattolica\/il-futuro-del-cattolicesimo-e-della-chiesa-e-in-africa\/","title":{"rendered":"Il futuro del cattolicesimo e della Chiesa \u00e8 in Africa"},"content":{"rendered":"<p style=\"text-align: justify;\"><span style=\"color: #000000;\"><strong><img loading=\"lazy\" decoding=\"async\" class=\" wp-image-43156 alignright\" src=\"https:\/\/www.rassegnastampa-totustuus.it\/cattolica\/wp-content\/uploads\/2019\/06\/vescovi_africa.jpg\" alt=\"\" width=\"353\" height=\"235\" \/>Abstract: <\/strong><em>il futuro del cattolicesimo e della Chiesa \u00e8 in Africa, continente giovane in cui conversioni e vocazioni sono in forte ascesa e il clero resta fedele alla dottrina, come mostra l&#8217;opposizione alla Fiducia Supplicant che benedice le coppie irregolari e gay.\u00a0 \u00a0<\/em><\/span><span style=\"color: #000000;\">I cattolici africani non stanno semplicemente crescendo di numero; stanno reinventando e reinterpretando il cristianesimo. Lo stanno infondendo con un nuovo linguaggio e vitalit\u00e0 spirituale attraverso modi unici di adorare Dio. <\/span><\/p>\n<p><!--more--><\/p>\n<p style=\"text-align: center;\"><strong><a href=\"https:\/\/www.laverita.info\/\" target=\"_blank\" rel=\"noopener\"><span style=\"color: #0000ff;\">La Verit\u00e0<\/span><\/a><\/strong> <span style=\"color: #000000;\">Luned\u00ec 26 Febbraio 2024 <\/span><\/p>\n<h3 style=\"text-align: center;\"><span style=\"color: #000000;\"><strong>Giovane, \u00abscorretto\u00bb e conservatore. Viaggio nel cattolicesimo africano<\/strong> <\/span><\/h3>\n<p style=\"text-align: justify;\"><span style=\"color: #000000;\"><em>Sacerdoti e battezzati crescono a ritmi sbalorditivi, al punto che nel 2050 un fedele su tre\u00a0 vivr\u00e0 nel continente. E a differenza della vecchia Europa, la loro fede resta ancorata alla dottrina, come mostra l\u2019opposizione (trasversale) alle benedizione alle coppie gay<\/em> <\/span><\/p>\n<p style=\"text-align: center;\"><span style=\"color: #000000;\">di <strong>Giuliano Guzzo<\/strong><\/span><\/p>\n<p style=\"text-align: justify;\"><img loading=\"lazy\" decoding=\"async\" class=\" wp-image-50906 alignleft\" src=\"https:\/\/www.rassegnastampa-totustuus.it\/cattolica\/wp-content\/uploads\/2021\/05\/Africa_Nigeria_persecuzioni-1-300x169.jpg\" alt=\"\" width=\"364\" height=\"205\" srcset=\"https:\/\/www.rassegnastampa-totustuus.it\/cattolica\/wp-content\/uploads\/2021\/05\/Africa_Nigeria_persecuzioni-1-300x169.jpg 300w, https:\/\/www.rassegnastampa-totustuus.it\/cattolica\/wp-content\/uploads\/2021\/05\/Africa_Nigeria_persecuzioni-1-768x432.jpg 768w, https:\/\/www.rassegnastampa-totustuus.it\/cattolica\/wp-content\/uploads\/2021\/05\/Africa_Nigeria_persecuzioni-1-1024x576.jpg 1024w, https:\/\/www.rassegnastampa-totustuus.it\/cattolica\/wp-content\/uploads\/2021\/05\/Africa_Nigeria_persecuzioni-1.jpg 1280w\" sizes=\"auto, (max-width: 364px) 100vw, 364px\" \/>\u00ab<span style=\"color: #000000;\">L\u2019Africa \u00e8 il futuro del cattolicesimo\u00bb. Non \u00e8 la strampalata profezia di qualche buontempone, bens\u00ec il titolo di un pezzo uscito un anno fa sul laicissimo <em>Le Monde<\/em> a firma di <strong>Ga\u00e9tan Supertino<\/strong>, il quale non ha che ripreso un pensiero comune: quello secondo cui la culla del cristianesimo che verr\u00e0 si trova ora in quello che dopo l\u2019Asia , \u00e8 il secondo continente del mondo e, in assoluto quello con l\u2019avvenire demografico pi\u00f9 florido. Non a caso, avendo il 60% della sua popolazione di et\u00e0 inferiore ai 25 anni l\u2019Africa si \u00e8 guadagnata il titolo di \u00abisola-Continente di Peter Pan\u00bb, come notato da padre <strong>Giovanni Sale<\/strong>, docente di storia della Chiesa contemporanea nella Pontificia universit\u00e0 gregoriana di Roma; in tempi in cui quella della demografia sta diventando una legge sempre pi\u00f9 decisiva, questo rende il continente nero un&#8217;area del pianeta che avr\u00e0 sempre maggior peso.<\/span><\/p>\n<p style=\"text-align: justify;\"><span style=\"color: #000000;\">A tal proposito lo scorso ottobre il <em>New York Times<\/em> ha pubblicato un servizio di <strong>Declan Walsh<\/strong> in cui si notava come, mentre \u00abi tassi di natalit\u00e0 stanno crollando nelle nazioni pi\u00f9 ricche, creando ansia su come prendersi cura e finanziare le loro societ\u00e0 che invecchiano, il baby boom africano continua a ritmo sostenuto, alimentando la popolazione pi\u00f9 giovane e in pi\u00f9 rapida crescita del pianeta\u00bb. <strong>Walsh<\/strong> riteneva altres\u00ec come l&#8217;Africa sia demograficamente in vantaggio pure sugli altri giganti del pianeta, che &#8211; approfittando del declino dell&#8217;Occidente &#8211; si candidano ad avere un ruolo di leadership, dato che nel continente \u00abl&#8217;et\u00e0 media \u00e8 di 19 anni. In India, il paese pi\u00f9 popoloso del mondo, e di 28 anni. In Cina e negli Stati Uniti e di 38 anni\u00bb. Di questo passo, entro il 2100 gli africani, che potrebbero essere pi\u00f9 di quattro miliardi, costituiranno quasi il 40% della popolazione mondiale<\/span>.<\/p>\n<p style=\"text-align: justify;\"><span style=\"color: #000000;\"><img loading=\"lazy\" decoding=\"async\" class=\"size-full wp-image-41638 alignright\" src=\"https:\/\/www.rassegnastampa-totustuus.it\/cattolica\/wp-content\/uploads\/2018\/11\/Daniele_Comboni_schiavi.jpg\" alt=\"\" width=\"194\" height=\"259\" \/>Dunque davvero da quel continente passa &#8211; e passer\u00e0 &#8211; il futuro del pianeta; il punto, tornando a noi, \u00e8 che in esso si gioca pure il destino del cristianesimo, i cui dati di crescita sono semplicemente impressionanti. Se infatti nel 1881 il grande missionario <strong>Daniele Comboni<\/strong> moriva a Khartum, in Sudan, dopo aver dato uno straordinario impulso all&#8217;evangelizzazione del continente, durante il XX secolo, la popolazione cattolica dell\u2019Africa sub-sahariana \u00e8 passata da 1,9 milioni a oltre 130 milioni \u2013 con un tasso di crescita di quasi il 7%. Un ritmo sbalorditivo considerando che, a ridosso della vita di Ges\u00f9 Cristo, l\u2019allora nuova religione avanzava ogni anno del 3,5%. Ci\u00f2 ha fatto si che, se gli africani avevano iniziato il secolo scorso che erano appena all\u20191% della popolazione cattolica mondiale, hanno salutato l\u2019alba del terzo millennio essendone divenuti circa il 16%.<\/span><\/p>\n<p style=\"text-align: justify;\"><span style=\"color: #000000;\"><span style=\"font-size: revert;\">Un&#8217;esplosione spinta sia dalle conversioni sia dalle vocazioni. Basta dire che, se nel 1960 soltanto 2.087 seminaristi africani si preparavano per il sacerdozio, nel 2011 quel numero era salito a 27.483, con un aumento di oltre il 1.200%. Significa che mentre i seminari europei, sull&#8217;onda lunga di quel 1968 che ha contaminato anche la chiesa &#8211; come denunciato coraggiosamente da <\/span><strong style=\"font-size: revert;\">Joseph Ratzinger<\/strong><span style=\"font-size: revert;\"> &#8211; si svuotavano al ritmo crescente, in quelli africani registravano una impennata di vocazioni. Attualmente, su una popolazione mondiale di 1,36 miliardi di cattolici, gli africani sono 236 milioni, pari al 20% del totale; ma in realt\u00e0 potrebbe ancora trattarsi di una sottostima, rispetto al dato effettivo. Il perch\u00e9 lo spiegava quasi un decennio fa il grande sociologo delle religioni <\/span><strong style=\"font-size: revert;\">Rodney Stark<\/strong><span style=\"font-size: revert;\">, che rilevava come \u00absul cattolicesimo africano\u00bb ci sia \u00abun profondo mistero\u00bb perch\u00e9 \u00abper molti paesi africani le statistiche ufficiali riportano un numero molto inferiore di fedeli rispetto al numero indicato dai sondaggi Gallup\u00bb.<\/span><\/span><\/p>\n<p style=\"text-align: justify;\"><span style=\"color: #000000;\">\u00abLa spiegazione migliore cui sono riuscito ad arrivare\u00bb aggiungeva <strong>Stark<\/strong> per spiegare detto \u00abmistero\u00bb , \u00ab\u00e8 che la crescita\u00bb dei cattolici in Africa abbia \u00absuperato a tal punto la capacit\u00e0 dei preti locali di stare al passo con le celebrazioni\u00a0 vi vitale importanza come battesimi, cresime e confessioni, che hanno finito col trascurare di tenere aggiornati gli archivi\u00bb (<em>The Triumph of Faith<\/em>, 2015). Questa crescita continua e perfino difficile da registrare ha portato\u00a0 il World Christian Database a prevedere che, se oggi l\u2019Africa ospita come si diceva il 20% dei cattolici del mondo, entro il 2050 ne avr\u00e0 il 32%: uno su tre.<\/span><\/p>\n<p style=\"text-align: justify;\"><span style=\"color: #000000;\">Ora, per quanto possa apparire notevole, la forza del cristianesimo che va diffondendosi nel continente nero pi\u00f9 che nei numeri e nell&#8217;odore della fede. \u00abI cattolici africani non stanno semplicemente crescendo di numero\u00bb ha osservato <strong>Stan Chu llo<\/strong>, docente e ricercatore di cristianesimo mondiale e studi africani presso il Center for World Catholicism and Intercultural Theology della DePaul University di Chicago, \u00abstanno reinventando e reinterpretando il cristianesimo. Lo stanno infondendo con un nuovo linguaggio e vitalit\u00e0 spirituale attraverso modi unici di adorare Dio\u00bb. Rispetto alla dottrina, molti si sono resi conto dell\u2019attenzione alla morale della Chiesa africana solo alla luce della sua recente opposizione al documento <em>Fiducia Supplicans<\/em> sulle benedizioni delle coppie irregolari, omosessuali incluse, ma in realt\u00e0 \u00e8 una sua caratteristica da tempo e non riducibile ad alcuni suoi esponenti conservatori, il pi\u00f9 noto dei quali \u00e8 senza dubbio il cardinale <strong>Robert Sarah<\/strong>.<\/span><\/p>\n<p style=\"text-align: justify;\"><span style=\"color: #000000;\"><img loading=\"lazy\" decoding=\"async\" class=\"wp-image-27044 alignleft\" src=\"https:\/\/www.rassegnastampa-totustuus.it\/cattolica\/wp-content\/uploads\/2015\/10\/card-Sarah.jpg\" alt=\"\" width=\"198\" height=\"270\" \/>Non per nulla, in un articolo del febbraio 2023 sul settimanale <em>Mail &amp; Guardian<\/em>, <strong>Russel Pollitt, <\/strong>direttore dell\u2019Istituto dei gesuiti del Sud Africa, avvisava: \u00abI vescovi africani saranno d\u2019accordo con Francesco su diverse questioni che spesso affronta: povert\u00e0, cura dell\u2019ambiente, ingiustizia sociale, corruzione e guerra. Tuttavia, molti di questi prelati si opporranno e resteranno fermi contro le istanze progressiste di Francesco. Ci\u00f2 \u00e8 particolarmente chiaro\u00a0 quando si tratta di questioni , la struttura della chiesa e il ruolo delle donne\u00bb. Un ammonimento che, con la pubblicazione di <em>Fiduca Siupplicans <\/em>appunto, si \u00e8 rivelato quanto mai fondato; non \u00e8 finita. Un altro tratto della giovane Chiesa d\u2019Africa \u2013 forse il pi\u00f9 significativo \u2013 \u00e8 quello di essere oltre che povera ancorata alla dottrina, martire. A differenza delle comunit\u00e0 cattoliche occidentali , pronte alle \u00abaperture\u00bb su rivendicazioni Lgbt, divorziati risposati, ecc. \u2013 ma ridotte al lumicino in chiese desertificate \u2013 le comunit\u00e0 africane che tengono il punto sulla morale sono infatti pure quelle nel mirino del fondamentalismo islamico, e che testimoniano la fede col sangue.<\/span><\/p>\n<p style=\"text-align: justify;\"><span style=\"color: #000000;\">L\u2019esempio pi\u00f9 lampante \u00e8 a Nigeria, Paese nel mondo dove, secondo Open Doors, \u00e8 stata massacrata la grandissima parte dei cristiani morti uccisi nel 2023 \u2013 4.118 su 4.998 \u2013 nonch\u00e9 quello col maggior numero di cristiani rapiti \u2013 3.300 su 3.906 \u2013 e che ha visto attacchi a qualcosa come 750 chiese: in pratica pi\u00f9 di due al giorno. Numeri sconvolgenti, ma che potrebbero essere ancora sottostime. Secondo l\u2019International Society for civil liberties and rule of law (Intersociety), infatti i cristiani nigeriani uccisi lo scorso anno sarebbero addirittura oltre 8.000 (8.222): per questo <em>Crux<\/em> ha scritto che \u00abin Nigeria c\u2019\u00e8 un \u201cgenocidio silenzioso\u201d contro i cristiani\u00bb.<\/span><\/p>\n<p style=\"text-align: justify;\"><span style=\"color: #000000;\">Eppure, secondo i dati del Center for applied research in the apostolate (Cara) della Georgetown University, la Nigeria \u00e8 pure il Paese dove i cristiani vanno pi\u00f9 a Messa in tutto il pianeta, con un incredibile 94% di cattolici adulti che dichiara di parteciparvi almeno una volta la settimana. Con buona pace delle gerarchie ecclesiastiche che ancora guardano a Berlino, Parigi o Washington, il cristianesimo del futuro &#8211; ma forse gi\u00e0 del presente \u2013 \u00e8 dunque quello d\u2019Africa: povero, in crescita, giovanissimo e pronto al martirio. <em>Ex Africa sempre aiquid novi<\/em>, diceva gi\u00e0 <strong>Plinio il Vecchio<\/strong>, \u00abdall\u2019Africa c\u2019\u00e8 sempre qualcosa di nuovo\u00bb. 2.000 anni dopo resta pi\u00f9 vero che mai, specie per la Chiesa<\/span><\/p>\n<p>_______________________________________________<\/p>\n<p><strong><span style=\"color: #000000;\">Leggi anche:<\/span><\/strong><\/p>\n<p><a href=\"https:\/\/www.rassegnastampa-totustuus.it\/cattolica\/africa-dallislam-al-cristianesimo-sola-andata\/\" target=\"_blank\" rel=\"noopener\"><span style=\"color: #0000ff;\">Africa, dall\u2019islam al cristianesimo sola andata<\/span><\/a><\/p>\n","protected":false},"excerpt":{"rendered":"<p>Abstract: il futuro del cattolicesimo e della Chiesa \u00e8 in Africa, continente giovane in cui conversioni e vocazioni sono in forte ascesa e il clero resta fedele alla dottrina, come mostra l&#8217;opposizione alla Fiducia Supplicant che benedice le coppie irregolari e gay.\u00a0 \u00a0I cattolici africani non stanno semplicemente crescendo di numero; stanno reinventando e reinterpretando &hellip; <\/p>\n<p><a class=\"more-link btn\" href=\"https:\/\/www.rassegnastampa-totustuus.it\/cattolica\/il-futuro-del-cattolicesimo-e-della-chiesa-e-in-africa\/\">Continua a leggere<\/a><\/p>\n","protected":false},"author":6,"featured_media":43156,"comment_status":"closed","ping_status":"closed","sticky":false,"template":"","format":"standard","meta":{"footnotes":""},"categories":[39,5],"tags":[2393,1599,157],"class_list":["post-59779","post","type-post","status-publish","format-standard","has-post-thumbnail","hentry","category-africa","category-chiesa","tag-africa","tag-cattolici","tag-chiesa-2","item-wrap"],"yoast_head":"<!-- This site is optimized with the Yoast SEO plugin v27.5 - https:\/\/yoast.com\/product\/yoast-seo-wordpress\/ -->\n<title>Il futuro del cattolicesimo e della Chiesa \u00e8 in Africa - Rassegna Stampa Cattolica<\/title>\n<meta name=\"description\" content=\"Il futuro del cattolicesimo e della Chiesa \u00e8 in Africa dove crescono vocazioni e conversioni e si rimane fedeli alla dottrina\" \/>\n<meta name=\"robots\" content=\"index, follow, max-snippet:-1, max-image-preview:large, max-video-preview:-1\" \/>\n<link rel=\"canonical\" href=\"https:\/\/www.rassegnastampa-totustuus.it\/cattolica\/il-futuro-del-cattolicesimo-e-della-chiesa-e-in-africa\/\" \/>\n<meta property=\"og:locale\" content=\"it_IT\" \/>\n<meta property=\"og:type\" content=\"article\" \/>\n<meta property=\"og:title\" content=\"Il futuro del cattolicesimo e della Chiesa \u00e8 in Africa - Rassegna Stampa Cattolica\" \/>\n<meta property=\"og:description\" content=\"Il futuro del cattolicesimo e della Chiesa \u00e8 in Africa dove crescono vocazioni e conversioni e si rimane fedeli alla dottrina\" \/>\n<meta property=\"og:url\" content=\"https:\/\/www.rassegnastampa-totustuus.it\/cattolica\/il-futuro-del-cattolicesimo-e-della-chiesa-e-in-africa\/\" \/>\n<meta property=\"og:site_name\" content=\"Rassegna Stampa Cattolica\" \/>\n<meta property=\"article:publisher\" content=\"https:\/\/www.facebook.com\/rassegnastampacattolica\" \/>\n<meta property=\"article:published_time\" content=\"2024-03-13T23:00:00+00:00\" \/>\n<meta property=\"og:image\" content=\"https:\/\/www.rassegnastampa-totustuus.it\/cattolica\/wp-content\/uploads\/2019\/06\/vescovi_africa.jpg\" \/>\n\t<meta property=\"og:image:width\" content=\"275\" \/>\n\t<meta property=\"og:image:height\" content=\"183\" \/>\n\t<meta property=\"og:image:type\" content=\"image\/jpeg\" \/>\n<meta name=\"author\" content=\"Redazione\" \/>\n<meta name=\"twitter:card\" content=\"summary_large_image\" \/>\n<meta name=\"twitter:creator\" content=\"@rassegnastampa9\" \/>\n<meta name=\"twitter:site\" content=\"@rassegnastampa9\" \/>\n<meta name=\"twitter:label1\" content=\"Scritto da\" \/>\n\t<meta name=\"twitter:data1\" content=\"Redazione\" \/>\n\t<meta name=\"twitter:label2\" content=\"Tempo di lettura stimato\" \/>\n\t<meta name=\"twitter:data2\" content=\"9 minuti\" \/>\n<script type=\"application\/ld+json\" class=\"yoast-schema-graph\">{\"@context\":\"https:\\\/\\\/schema.org\",\"@graph\":[{\"@type\":\"Article\",\"@id\":\"https:\\\/\\\/www.rassegnastampa-totustuus.it\\\/cattolica\\\/il-futuro-del-cattolicesimo-e-della-chiesa-e-in-africa\\\/#article\",\"isPartOf\":{\"@id\":\"https:\\\/\\\/www.rassegnastampa-totustuus.it\\\/cattolica\\\/il-futuro-del-cattolicesimo-e-della-chiesa-e-in-africa\\\/\"},\"author\":{\"name\":\"Redazione\",\"@id\":\"https:\\\/\\\/www.rassegnastampa-totustuus.it\\\/cattolica\\\/#\\\/schema\\\/person\\\/08f319d2bd1a0904ad9e2bfb7b15e5c3\"},\"headline\":\"Il futuro del cattolicesimo e della Chiesa \u00e8 in Africa\",\"datePublished\":\"2024-03-13T23:00:00+00:00\",\"mainEntityOfPage\":{\"@id\":\"https:\\\/\\\/www.rassegnastampa-totustuus.it\\\/cattolica\\\/il-futuro-del-cattolicesimo-e-della-chiesa-e-in-africa\\\/\"},\"wordCount\":1339,\"publisher\":{\"@id\":\"https:\\\/\\\/www.rassegnastampa-totustuus.it\\\/cattolica\\\/#organization\"},\"image\":{\"@id\":\"https:\\\/\\\/www.rassegnastampa-totustuus.it\\\/cattolica\\\/il-futuro-del-cattolicesimo-e-della-chiesa-e-in-africa\\\/#primaryimage\"},\"thumbnailUrl\":\"https:\\\/\\\/www.rassegnastampa-totustuus.it\\\/cattolica\\\/wp-content\\\/uploads\\\/2019\\\/06\\\/vescovi_africa.jpg\",\"keywords\":[\"Africa\",\"cattolici\",\"chiesa\"],\"articleSection\":[\"Africa\",\"Chiesa\"],\"inLanguage\":\"it-IT\"},{\"@type\":\"WebPage\",\"@id\":\"https:\\\/\\\/www.rassegnastampa-totustuus.it\\\/cattolica\\\/il-futuro-del-cattolicesimo-e-della-chiesa-e-in-africa\\\/\",\"url\":\"https:\\\/\\\/www.rassegnastampa-totustuus.it\\\/cattolica\\\/il-futuro-del-cattolicesimo-e-della-chiesa-e-in-africa\\\/\",\"name\":\"Il futuro del cattolicesimo e della Chiesa \u00e8 in Africa - Rassegna Stampa Cattolica\",\"isPartOf\":{\"@id\":\"https:\\\/\\\/www.rassegnastampa-totustuus.it\\\/cattolica\\\/#website\"},\"primaryImageOfPage\":{\"@id\":\"https:\\\/\\\/www.rassegnastampa-totustuus.it\\\/cattolica\\\/il-futuro-del-cattolicesimo-e-della-chiesa-e-in-africa\\\/#primaryimage\"},\"image\":{\"@id\":\"https:\\\/\\\/www.rassegnastampa-totustuus.it\\\/cattolica\\\/il-futuro-del-cattolicesimo-e-della-chiesa-e-in-africa\\\/#primaryimage\"},\"thumbnailUrl\":\"https:\\\/\\\/www.rassegnastampa-totustuus.it\\\/cattolica\\\/wp-content\\\/uploads\\\/2019\\\/06\\\/vescovi_africa.jpg\",\"datePublished\":\"2024-03-13T23:00:00+00:00\",\"description\":\"Il futuro del cattolicesimo e della Chiesa \u00e8 in Africa dove crescono vocazioni e conversioni e si rimane fedeli alla dottrina\",\"breadcrumb\":{\"@id\":\"https:\\\/\\\/www.rassegnastampa-totustuus.it\\\/cattolica\\\/il-futuro-del-cattolicesimo-e-della-chiesa-e-in-africa\\\/#breadcrumb\"},\"inLanguage\":\"it-IT\",\"potentialAction\":[{\"@type\":\"ReadAction\",\"target\":[\"https:\\\/\\\/www.rassegnastampa-totustuus.it\\\/cattolica\\\/il-futuro-del-cattolicesimo-e-della-chiesa-e-in-africa\\\/\"]}]},{\"@type\":\"ImageObject\",\"inLanguage\":\"it-IT\",\"@id\":\"https:\\\/\\\/www.rassegnastampa-totustuus.it\\\/cattolica\\\/il-futuro-del-cattolicesimo-e-della-chiesa-e-in-africa\\\/#primaryimage\",\"url\":\"https:\\\/\\\/www.rassegnastampa-totustuus.it\\\/cattolica\\\/wp-content\\\/uploads\\\/2019\\\/06\\\/vescovi_africa.jpg\",\"contentUrl\":\"https:\\\/\\\/www.rassegnastampa-totustuus.it\\\/cattolica\\\/wp-content\\\/uploads\\\/2019\\\/06\\\/vescovi_africa.jpg\",\"width\":275,\"height\":183},{\"@type\":\"BreadcrumbList\",\"@id\":\"https:\\\/\\\/www.rassegnastampa-totustuus.it\\\/cattolica\\\/il-futuro-del-cattolicesimo-e-della-chiesa-e-in-africa\\\/#breadcrumb\",\"itemListElement\":[{\"@type\":\"ListItem\",\"position\":1,\"name\":\"Home\",\"item\":\"https:\\\/\\\/www.rassegnastampa-totustuus.it\\\/cattolica\\\/\"},{\"@type\":\"ListItem\",\"position\":2,\"name\":\"Il futuro del cattolicesimo e della Chiesa \u00e8 in Africa\"}]},{\"@type\":\"WebSite\",\"@id\":\"https:\\\/\\\/www.rassegnastampa-totustuus.it\\\/cattolica\\\/#website\",\"url\":\"https:\\\/\\\/www.rassegnastampa-totustuus.it\\\/cattolica\\\/\",\"name\":\"Rassegna Stampa Cattolica\",\"description\":\"Per una cultura che nasce dalla Rivelazione cristiana in conformit\u00e0 alla tradizione e al Magistero della Chiesa in opposizione ad ogni relativismo e totalitarismo\",\"publisher\":{\"@id\":\"https:\\\/\\\/www.rassegnastampa-totustuus.it\\\/cattolica\\\/#organization\"},\"alternateName\":\"Rass. Cattolica\",\"potentialAction\":[{\"@type\":\"SearchAction\",\"target\":{\"@type\":\"EntryPoint\",\"urlTemplate\":\"https:\\\/\\\/www.rassegnastampa-totustuus.it\\\/cattolica\\\/?s={search_term_string}\"},\"query-input\":{\"@type\":\"PropertyValueSpecification\",\"valueRequired\":true,\"valueName\":\"search_term_string\"}}],\"inLanguage\":\"it-IT\"},{\"@type\":\"Organization\",\"@id\":\"https:\\\/\\\/www.rassegnastampa-totustuus.it\\\/cattolica\\\/#organization\",\"name\":\"Rassegna Stampa Cattolica\",\"url\":\"https:\\\/\\\/www.rassegnastampa-totustuus.it\\\/cattolica\\\/\",\"logo\":{\"@type\":\"ImageObject\",\"inLanguage\":\"it-IT\",\"@id\":\"https:\\\/\\\/www.rassegnastampa-totustuus.it\\\/cattolica\\\/#\\\/schema\\\/logo\\\/image\\\/\",\"url\":\"https:\\\/\\\/www.rassegnastampa-totustuus.it\\\/cattolica\\\/wp-content\\\/uploads\\\/2014\\\/04\\\/logo-rassegna1.gif\",\"contentUrl\":\"https:\\\/\\\/www.rassegnastampa-totustuus.it\\\/cattolica\\\/wp-content\\\/uploads\\\/2014\\\/04\\\/logo-rassegna1.gif\",\"width\":600,\"height\":163,\"caption\":\"Rassegna Stampa Cattolica\"},\"image\":{\"@id\":\"https:\\\/\\\/www.rassegnastampa-totustuus.it\\\/cattolica\\\/#\\\/schema\\\/logo\\\/image\\\/\"},\"sameAs\":[\"https:\\\/\\\/www.facebook.com\\\/rassegnastampacattolica\",\"https:\\\/\\\/x.com\\\/rassegnastampa9\"]},{\"@type\":\"Person\",\"@id\":\"https:\\\/\\\/www.rassegnastampa-totustuus.it\\\/cattolica\\\/#\\\/schema\\\/person\\\/08f319d2bd1a0904ad9e2bfb7b15e5c3\",\"name\":\"Redazione\",\"image\":{\"@type\":\"ImageObject\",\"inLanguage\":\"it-IT\",\"@id\":\"https:\\\/\\\/secure.gravatar.com\\\/avatar\\\/2fcdf27c78ea025fbdb44e914cc63c72249ffec9dc8aafd5c82b26240ef3f346?s=96&d=mm&r=g\",\"url\":\"https:\\\/\\\/secure.gravatar.com\\\/avatar\\\/2fcdf27c78ea025fbdb44e914cc63c72249ffec9dc8aafd5c82b26240ef3f346?s=96&d=mm&r=g\",\"contentUrl\":\"https:\\\/\\\/secure.gravatar.com\\\/avatar\\\/2fcdf27c78ea025fbdb44e914cc63c72249ffec9dc8aafd5c82b26240ef3f346?s=96&d=mm&r=g\",\"caption\":\"Redazione\"},\"url\":\"https:\\\/\\\/www.rassegnastampa-totustuus.it\\\/cattolica\\\/author\\\/pietroelle\\\/\"}]}<\/script>\n<!-- \/ Yoast SEO plugin. -->","yoast_head_json":{"title":"Il futuro del cattolicesimo e della Chiesa \u00e8 in Africa - Rassegna Stampa Cattolica","description":"Il futuro del cattolicesimo e della Chiesa \u00e8 in Africa dove crescono vocazioni e conversioni e si rimane fedeli alla dottrina","robots":{"index":"index","follow":"follow","max-snippet":"max-snippet:-1","max-image-preview":"max-image-preview:large","max-video-preview":"max-video-preview:-1"},"canonical":"https:\/\/www.rassegnastampa-totustuus.it\/cattolica\/il-futuro-del-cattolicesimo-e-della-chiesa-e-in-africa\/","og_locale":"it_IT","og_type":"article","og_title":"Il futuro del cattolicesimo e della Chiesa \u00e8 in Africa - Rassegna Stampa Cattolica","og_description":"Il futuro del cattolicesimo e della Chiesa \u00e8 in Africa dove crescono vocazioni e conversioni e si rimane fedeli alla dottrina","og_url":"https:\/\/www.rassegnastampa-totustuus.it\/cattolica\/il-futuro-del-cattolicesimo-e-della-chiesa-e-in-africa\/","og_site_name":"Rassegna Stampa Cattolica","article_publisher":"https:\/\/www.facebook.com\/rassegnastampacattolica","article_published_time":"2024-03-13T23:00:00+00:00","og_image":[{"width":275,"height":183,"url":"https:\/\/www.rassegnastampa-totustuus.it\/cattolica\/wp-content\/uploads\/2019\/06\/vescovi_africa.jpg","type":"image\/jpeg"}],"author":"Redazione","twitter_card":"summary_large_image","twitter_creator":"@rassegnastampa9","twitter_site":"@rassegnastampa9","twitter_misc":{"Scritto da":"Redazione","Tempo di lettura stimato":"9 minuti"},"schema":{"@context":"https:\/\/schema.org","@graph":[{"@type":"Article","@id":"https:\/\/www.rassegnastampa-totustuus.it\/cattolica\/il-futuro-del-cattolicesimo-e-della-chiesa-e-in-africa\/#article","isPartOf":{"@id":"https:\/\/www.rassegnastampa-totustuus.it\/cattolica\/il-futuro-del-cattolicesimo-e-della-chiesa-e-in-africa\/"},"author":{"name":"Redazione","@id":"https:\/\/www.rassegnastampa-totustuus.it\/cattolica\/#\/schema\/person\/08f319d2bd1a0904ad9e2bfb7b15e5c3"},"headline":"Il futuro del cattolicesimo e della Chiesa \u00e8 in Africa","datePublished":"2024-03-13T23:00:00+00:00","mainEntityOfPage":{"@id":"https:\/\/www.rassegnastampa-totustuus.it\/cattolica\/il-futuro-del-cattolicesimo-e-della-chiesa-e-in-africa\/"},"wordCount":1339,"publisher":{"@id":"https:\/\/www.rassegnastampa-totustuus.it\/cattolica\/#organization"},"image":{"@id":"https:\/\/www.rassegnastampa-totustuus.it\/cattolica\/il-futuro-del-cattolicesimo-e-della-chiesa-e-in-africa\/#primaryimage"},"thumbnailUrl":"https:\/\/www.rassegnastampa-totustuus.it\/cattolica\/wp-content\/uploads\/2019\/06\/vescovi_africa.jpg","keywords":["Africa","cattolici","chiesa"],"articleSection":["Africa","Chiesa"],"inLanguage":"it-IT"},{"@type":"WebPage","@id":"https:\/\/www.rassegnastampa-totustuus.it\/cattolica\/il-futuro-del-cattolicesimo-e-della-chiesa-e-in-africa\/","url":"https:\/\/www.rassegnastampa-totustuus.it\/cattolica\/il-futuro-del-cattolicesimo-e-della-chiesa-e-in-africa\/","name":"Il futuro del cattolicesimo e della Chiesa \u00e8 in Africa - Rassegna Stampa Cattolica","isPartOf":{"@id":"https:\/\/www.rassegnastampa-totustuus.it\/cattolica\/#website"},"primaryImageOfPage":{"@id":"https:\/\/www.rassegnastampa-totustuus.it\/cattolica\/il-futuro-del-cattolicesimo-e-della-chiesa-e-in-africa\/#primaryimage"},"image":{"@id":"https:\/\/www.rassegnastampa-totustuus.it\/cattolica\/il-futuro-del-cattolicesimo-e-della-chiesa-e-in-africa\/#primaryimage"},"thumbnailUrl":"https:\/\/www.rassegnastampa-totustuus.it\/cattolica\/wp-content\/uploads\/2019\/06\/vescovi_africa.jpg","datePublished":"2024-03-13T23:00:00+00:00","description":"Il futuro del cattolicesimo e della Chiesa \u00e8 in Africa dove crescono vocazioni e conversioni e si rimane fedeli alla dottrina","breadcrumb":{"@id":"https:\/\/www.rassegnastampa-totustuus.it\/cattolica\/il-futuro-del-cattolicesimo-e-della-chiesa-e-in-africa\/#breadcrumb"},"inLanguage":"it-IT","potentialAction":[{"@type":"ReadAction","target":["https:\/\/www.rassegnastampa-totustuus.it\/cattolica\/il-futuro-del-cattolicesimo-e-della-chiesa-e-in-africa\/"]}]},{"@type":"ImageObject","inLanguage":"it-IT","@id":"https:\/\/www.rassegnastampa-totustuus.it\/cattolica\/il-futuro-del-cattolicesimo-e-della-chiesa-e-in-africa\/#primaryimage","url":"https:\/\/www.rassegnastampa-totustuus.it\/cattolica\/wp-content\/uploads\/2019\/06\/vescovi_africa.jpg","contentUrl":"https:\/\/www.rassegnastampa-totustuus.it\/cattolica\/wp-content\/uploads\/2019\/06\/vescovi_africa.jpg","width":275,"height":183},{"@type":"BreadcrumbList","@id":"https:\/\/www.rassegnastampa-totustuus.it\/cattolica\/il-futuro-del-cattolicesimo-e-della-chiesa-e-in-africa\/#breadcrumb","itemListElement":[{"@type":"ListItem","position":1,"name":"Home","item":"https:\/\/www.rassegnastampa-totustuus.it\/cattolica\/"},{"@type":"ListItem","position":2,"name":"Il futuro del cattolicesimo e della Chiesa \u00e8 in Africa"}]},{"@type":"WebSite","@id":"https:\/\/www.rassegnastampa-totustuus.it\/cattolica\/#website","url":"https:\/\/www.rassegnastampa-totustuus.it\/cattolica\/","name":"Rassegna Stampa Cattolica","description":"Per una cultura che nasce dalla Rivelazione cristiana in conformit\u00e0 alla tradizione e al Magistero della Chiesa in opposizione ad ogni relativismo e totalitarismo","publisher":{"@id":"https:\/\/www.rassegnastampa-totustuus.it\/cattolica\/#organization"},"alternateName":"Rass. Cattolica","potentialAction":[{"@type":"SearchAction","target":{"@type":"EntryPoint","urlTemplate":"https:\/\/www.rassegnastampa-totustuus.it\/cattolica\/?s={search_term_string}"},"query-input":{"@type":"PropertyValueSpecification","valueRequired":true,"valueName":"search_term_string"}}],"inLanguage":"it-IT"},{"@type":"Organization","@id":"https:\/\/www.rassegnastampa-totustuus.it\/cattolica\/#organization","name":"Rassegna Stampa Cattolica","url":"https:\/\/www.rassegnastampa-totustuus.it\/cattolica\/","logo":{"@type":"ImageObject","inLanguage":"it-IT","@id":"https:\/\/www.rassegnastampa-totustuus.it\/cattolica\/#\/schema\/logo\/image\/","url":"https:\/\/www.rassegnastampa-totustuus.it\/cattolica\/wp-content\/uploads\/2014\/04\/logo-rassegna1.gif","contentUrl":"https:\/\/www.rassegnastampa-totustuus.it\/cattolica\/wp-content\/uploads\/2014\/04\/logo-rassegna1.gif","width":600,"height":163,"caption":"Rassegna Stampa Cattolica"},"image":{"@id":"https:\/\/www.rassegnastampa-totustuus.it\/cattolica\/#\/schema\/logo\/image\/"},"sameAs":["https:\/\/www.facebook.com\/rassegnastampacattolica","https:\/\/x.com\/rassegnastampa9"]},{"@type":"Person","@id":"https:\/\/www.rassegnastampa-totustuus.it\/cattolica\/#\/schema\/person\/08f319d2bd1a0904ad9e2bfb7b15e5c3","name":"Redazione","image":{"@type":"ImageObject","inLanguage":"it-IT","@id":"https:\/\/secure.gravatar.com\/avatar\/2fcdf27c78ea025fbdb44e914cc63c72249ffec9dc8aafd5c82b26240ef3f346?s=96&d=mm&r=g","url":"https:\/\/secure.gravatar.com\/avatar\/2fcdf27c78ea025fbdb44e914cc63c72249ffec9dc8aafd5c82b26240ef3f346?s=96&d=mm&r=g","contentUrl":"https:\/\/secure.gravatar.com\/avatar\/2fcdf27c78ea025fbdb44e914cc63c72249ffec9dc8aafd5c82b26240ef3f346?s=96&d=mm&r=g","caption":"Redazione"},"url":"https:\/\/www.rassegnastampa-totustuus.it\/cattolica\/author\/pietroelle\/"}]}},"_links":{"self":[{"href":"https:\/\/www.rassegnastampa-totustuus.it\/cattolica\/wp-json\/wp\/v2\/posts\/59779","targetHints":{"allow":["GET"]}}],"collection":[{"href":"https:\/\/www.rassegnastampa-totustuus.it\/cattolica\/wp-json\/wp\/v2\/posts"}],"about":[{"href":"https:\/\/www.rassegnastampa-totustuus.it\/cattolica\/wp-json\/wp\/v2\/types\/post"}],"author":[{"embeddable":true,"href":"https:\/\/www.rassegnastampa-totustuus.it\/cattolica\/wp-json\/wp\/v2\/users\/6"}],"replies":[{"embeddable":true,"href":"https:\/\/www.rassegnastampa-totustuus.it\/cattolica\/wp-json\/wp\/v2\/comments?post=59779"}],"version-history":[{"count":1,"href":"https:\/\/www.rassegnastampa-totustuus.it\/cattolica\/wp-json\/wp\/v2\/posts\/59779\/revisions"}],"predecessor-version":[{"id":59780,"href":"https:\/\/www.rassegnastampa-totustuus.it\/cattolica\/wp-json\/wp\/v2\/posts\/59779\/revisions\/59780"}],"wp:featuredmedia":[{"embeddable":true,"href":"https:\/\/www.rassegnastampa-totustuus.it\/cattolica\/wp-json\/wp\/v2\/media\/43156"}],"wp:attachment":[{"href":"https:\/\/www.rassegnastampa-totustuus.it\/cattolica\/wp-json\/wp\/v2\/media?parent=59779"}],"wp:term":[{"taxonomy":"category","embeddable":true,"href":"https:\/\/www.rassegnastampa-totustuus.it\/cattolica\/wp-json\/wp\/v2\/categories?post=59779"},{"taxonomy":"post_tag","embeddable":true,"href":"https:\/\/www.rassegnastampa-totustuus.it\/cattolica\/wp-json\/wp\/v2\/tags?post=59779"}],"curies":[{"name":"wp","href":"https:\/\/api.w.org\/{rel}","templated":true}]}}