{"id":59773,"date":"2024-03-04T10:23:53","date_gmt":"2024-03-04T09:23:53","guid":{"rendered":"https:\/\/www.rassegnastampa-totustuus.it\/cattolica\/?p=59773"},"modified":"2024-03-04T10:26:44","modified_gmt":"2024-03-04T09:26:44","slug":"come-cambia-la-lingua-italiana-nellera-dei-social","status":"publish","type":"post","link":"https:\/\/www.rassegnastampa-totustuus.it\/cattolica\/come-cambia-la-lingua-italiana-nellera-dei-social\/","title":{"rendered":"Come cambia la lingua italiana nell\u2019era dei social"},"content":{"rendered":"<p style=\"text-align: justify;\"><strong><img loading=\"lazy\" decoding=\"async\" class=\" wp-image-59758 alignleft\" src=\"https:\/\/www.rassegnastampa-totustuus.it\/cattolica\/wp-content\/uploads\/2024\/03\/linguaggio_grammatica_italiano.jpeg\" alt=\"\" width=\"310\" height=\"232\" \/>Abstract:\u00a0<\/strong><em>Come cambia la lingua italiana nell\u2019era dei social.\u00a0L\u2019idioma cambia alla velocit\u00e0 di messaggini e social. E non necessariamente in meglio. le regole classiche della sintassi e della punteggiatura sono stravolte e questo aumenta l\u2019incomunicabilit\u00e0 tra le generazioni: gli anziani non capiscono ci\u00f2 che i giovani scrivono nei loro messaggi e i giovani sono sempre pi\u00f9 incapaci di comprendere\u00a0 un testo scritto secondo le regole classiche.<\/em><\/p>\n<p><!--more--><\/p>\n<p style=\"text-align: center;\"><a href=\"https:\/\/www.panorama.it\/\"><strong><span style=\"color: #0000ff;\">Panorama<\/span><\/strong><\/a><span style=\"color: #0000ff;\">\u00a0<\/span>n.10 \u2013 28 Febbraio 2024<\/p>\n<h3 style=\"text-align: center;\"><strong>A lezione di E-italiano<\/strong><\/h3>\n<p style=\"text-align: justify;\"><span style=\"color: #000000;\"><em>La struttura del discorso spesso \u00abcollassata\u00bb, Migliaia di parole inglesi che colonizzano il vocabolario spesso per pigrizia pi\u00f9 che per necessit\u00e0. Una punteggiatura \u00abnaif\u00bb che ribalta il significato originale di pause e segni. L\u2019idioma cambia alla velocit\u00e0 di messaggini e social. E non necessariamente in meglio<\/em><\/span><\/p>\n<p style=\"text-align: center;\">di\u00a0<strong>Luca Sciortino<\/strong><\/p>\n<p style=\"text-align: justify;\"><img loading=\"lazy\" decoding=\"async\" class=\" wp-image-49864 alignright\" src=\"https:\/\/www.rassegnastampa-totustuus.it\/cattolica\/wp-content\/uploads\/2021\/01\/Whatsapp_logo_social.jpg\" alt=\"\" width=\"336\" height=\"236\" \/>Lo chiamano \u00abe-italiano\u00bb. L\u2019italiano scritto, e anche parlato nella vita di tutti i giorni, che si \u00e8 diffuso con l\u2019uso dei social network, nei messaggi WhatsApp, degli sms e delle e-mail, ha gi\u00e0 un nome, con tanto di voce sui dizionari della nostra lingua. \u00c8 caratterizzato da immediatezza, frammentariet\u00e0, semplificazione sintattica, massiccio uso di anglicismi, spesso distorti nel loro significato, errori ortografici, stravolgimento della punteggiatura e spesso assenza di coerenza logica.<\/p>\n<p style=\"text-align: justify;\">\u00abWatsappami ASP bro, ok?!!! Dv and XOXO\u00bb, cio\u00e8: \u00abMandami un messaggio con WharApp al pi\u00f9 presto possibile, amico fraterno, d\u2019accordo? Devo andare. Baci e abbracci\u00bb. E\u2019 incomprensibile alla generazione pi\u00f9 anziana, tanto \u00e8 stata rapida questa evoluzione dell\u2019avvento di computer e cellulari. Ma nessuno deve stupirsene. Quello che rende i \u00a0linguaggi umani cos\u00ec differenti dai mezzi di comunicazione degli altri mammiferi \u00e8 proprio il loro grado di complessit\u00e0, variabilit\u00e0 e adattabilit\u00e0.<\/p>\n<p style=\"text-align: justify;\">Pi\u00f9 preoccupante \u00e8 per\u00f2 il fatto che recenti indagini sui testi degli studenti destinati alla scuola, all\u2019universit\u00e0 e al lavoro rivelino carenze linguistiche imputabili anche alla diffusione il e-italiano. Insomma, la distanza tra un testo scritto su carta in italiano corretto e uno trasmesso dal computer o dal cellulare, molto vicino al parlato informale \u00e8 aumentata a dismisura. E i giovani sembrano sempre meno capaci di discernere tra i due registri e di scrivere correttamente nei testi formali.<\/p>\n<p style=\"text-align: justify;\"><strong>Nel corso di tre anni di ricerche effettuate dall\u2019universit\u00e0<\/strong>\u00a0di Bologna, Pisa, Macerata e Perugia su un campione di 2 mila iscritti a 45 atenei italiani, sono emerse difficolt\u00e0 degli studenti nella produzione e nella compressione della lingua scritta, tutte riconducibili all\u2019affermarsi dell\u2019 e-italiano.<\/p>\n<p style=\"text-align: justify;\"><img loading=\"lazy\" decoding=\"async\" class=\" wp-image-34627 alignleft\" src=\"https:\/\/www.rassegnastampa-totustuus.it\/cattolica\/wp-content\/uploads\/2016\/06\/cellulare_dipensenza.jpg\" alt=\"\" width=\"365\" height=\"243\" \/>In un elaborato lungo tra le 250 e le 500 parole, analizzato dal punto di vista di grammatica, sintassi, lessico e punteggiatura gli errori sono risultati in media 20 e, di questi, 10 riguardano proprio quest\u2019ultimo aspetto. Una delle conclusioni pi\u00f9 salienti di queste ricerche \u00e8 il completo stravolgimento dell\u2019uso della punteggiatura. Cos\u00ec, il \u00abpunto fermo\u00bb non \u00e8 pi\u00f9 un segno che chiude una frase di senso compiuto, ma semmai esprime negativit\u00e0, aggressivit\u00e0 e a volte persino rabbia.<\/p>\n<p style=\"text-align: justify;\">Come afferma Paolo D\u2019Achille, presidente dell\u2019Accademia della Crusca, \u00abun punto alla fine di una frase o dopo il saluto \u201cCiao\u201d in un messaggio pu\u00f2 esprimere una totale chiusura a proseguire il dialogo o addirittura la volont\u00e0 di non voler vedere pi\u00f9 il proprio interlocutore. La tendenza a non usare il punto, o a renderlo un segno di interpunzione non pi\u00f9 neutro, deriva proprio dall\u2019 e-italiano in uso nei social o nei messaggi sms e WhatsApp\u00bb.<\/p>\n<p style=\"text-align: justify;\">Se il punto si carica di un significato negativo, quello esclamativo ne assume uno positivo. Cos\u00ec \u00abVieni a casa.\u00bb e \u00abVieni a casa!\u00bb Adesso hanno differenti valenze\u00bb. La prima locuzione esprime un comando perentorio (il vieni \u00e8 interpretabile come un indicativo piuttosto che come un imperativo); la seconda comunica invito accorato, implorazione virgola e ha dunque una valenza positiva.<\/p>\n<p style=\"text-align: justify;\">Il punto e virgola, quello che l\u2019autore di questo articolo ha utilizzato appena sopra, \u00e8 di fatto scomparso dai testi scritti,\u00a0 in particolare da quelli giornalistici. \u00abIl fatto che su una tastiera del computer l\u2019uso del\u00a0 punto e virgola richieda una pressione su due tasti anzich\u00e9 uno pu\u00f2 avere avuto un ruolo nella sua quasi scomparsa\u00bb afferma D\u2019Achille, aggiungendo: \u00abUn\u2019altra concausa riguarda la sottigliezza di significato di questo segno: \u00e8 una pausa necessaria tra proposizioni autonome che esprimano per\u00f2 idee e concettualmente molto vicine oppure una pausa in un elenco di frasi o sintagmi che seguono i due punti\u00bb.<\/p>\n<p style=\"text-align: justify;\">Anche i due punti sono quasi inesistenti nell\u2019e-italiano. Dato che inducono spiegazioni e integrazioni di informazioni sono poco utili in una scrittura affrettata che deve adattarsi a un\u2019esigenza di riduzione, contenimento e sintesi.<\/p>\n<p style=\"text-align: justify;\"><img loading=\"lazy\" decoding=\"async\" class=\"wp-image-55556 alignright\" src=\"https:\/\/www.rassegnastampa-totustuus.it\/cattolica\/wp-content\/uploads\/2017\/02\/scrittura.jpg\" alt=\"\" width=\"335\" height=\"235\" \/>Di contro, puntini di sospensione, punti esclamativi e interrogativi hanno acquistato una seconda vita e vengono usati in una maniera davvero creativa. Come spiega Lucia Francalanci, linguista dell\u2019Opera del vocabolario italiano \u2013 Cnr. \u00abla forma ripetuta di puntini esclamativi e interrogativi \u00e8 ammessa nella lingua italiana, tuttavia quello che si osserva \u00e8 un ricorso sovrabbondante a questi segni\u00bb.<\/p>\n<p style=\"text-align: justify;\">Per esempio. Nei componimenti degli studenti si osserva questo: \u00ab!!??\u00bb, ma anche \u00ab??!!\u00bb e \u00ab?!?!\u00bb o \u00ab!?!?\u00bb, per non parlare di \u00ab!!!!!!!\u00bb e \u00ab??????\u00bb.<\/p>\n<p style=\"text-align: justify;\">\u00abLa differenza tra il punto esclamativo\u00a0 e interrogativo \u00e8 sempre pi\u00f9 sfumata e la loro collocazione e spesso inusuale\u00bb, aggiunge Francalanci:\u00a0 \u00abI puntini di sospensione superano il numero di tre o cinque, previsto dalle regole, sostituiscono spesso il punto e vengono collocati all\u2019inizio e in mezzo alla frase, e non solo alla fine\u00bb. Come i puntini, le virgole vengono spesso usate per sostituire il punto o mancano del tutto.<\/p>\n<p style=\"text-align: justify;\">Questo uso della punteggiatura, lungi da essere fine a se stesso, rivela una mancanza di struttura e organizzazione nell\u2019espressione del pensiero.<\/p>\n<p style=\"text-align: justify;\">Ancora: le virgole servono \u2013 tra le altre cose \u2013 a separare le proposizioni principali dalle subordinate. I punti e virgola indicano che i concetti espressi in due frasi vicine sono legati fra loro e i due punti \u00a0introducono livelli pi\u00f9 profondi di spiegazione, senza esplicitarli. Il loro venir meno va di pari passo con un collasso della struttura del discorso. D\u2019altra parte, l\u2019impoverirsi dei modi e tempi verbali o il loro cattivo uso non permette di comunicare efficientemente le sfumature di significato, come quando, mancando il congiuntivo, non si percepisce lo scetticismo del soggetto rispetto alla realizzabilit\u00e0 di un evento.<\/p>\n<p style=\"text-align: justify;\">\u00abAltre distinzioni che si perdono sono quelle fonologiche: per esempio, quelle p\u00e9sca\/p\u00e8sca e b\u00f2tte\/b\u00f3tte e, nel consonantismo, le distinzioni chiese, con la sorda, passato remoto di chiedere, e chiese con la sonora, plurale di chiesa. Razza con la sorda, che indica una serie di animali della stessa specie, e razza, con la sonora, che indica un pesce\u00bb dice D\u2019Achille, aggiungendo per\u00f2 che queste distinzioni sono sempre state proprie soprattutto dell\u2019uso toscano, o dell\u2019italiano insegnato nelle scuole di dizione.<\/p>\n<p style=\"text-align: justify;\"><img loading=\"lazy\" decoding=\"async\" class=\" wp-image-55564 alignleft\" src=\"https:\/\/www.rassegnastampa-totustuus.it\/cattolica\/wp-content\/uploads\/2017\/02\/scrittura-2-300x168.jpg\" alt=\"\" width=\"352\" height=\"197\" \/>\u00abIl linguaggio giovanile, dopo la morte di \u201ccodesto\u201d e all\u2019uso pronominale di \u2018sto qua, \u2018sti qua, sta stravolgendo anche l\u2019uso degli aggettivi dimostrativi: per esempio, \u201cBrizzi \u00e8 questo scrittore\u2026\u201d invece di \u201cBrizzi \u00e8 uno scrittore\u201d\u00bb. I superlativi sono cos\u00ec inflazionati da avere perso la loro forza. Il suffisso -issimo viene ora esteso non solo ai nomi (occasionissima, finalissima, ecc.), ma anche ai participi passati con funzione verbale (\u00ablo spettacolo \u00e8 stato applauditissimo\u00bb ma anche \u00abfa riderissimo\u00bb). \u00abBen nota \u00e8 anche la preferenza, specialmente nel\u00a0 linguaggio giovanile, per alternative alla tradizionale forma di superlativo assoluto (come super-, iper-, mega-, maxi-)\u00bb<\/p>\n<p style=\"text-align: justify;\"><strong>Nel frattempo, le parole nuove che arricchiscono il vocabolario della nostra lingua consistono ormai pi\u00f9 che altro in anglicismi<\/strong>. Nel 1990 il Devoto-Oli includeva 1,600 anglicismi, oggi il numero \u00e8 salito a quattromila. La penetrazione della lingua inglese riguarda anche l\u2019esplosione delle forme ibride come \u00abchattare\u00bb, \u00abbrandizzare\u00bb o \u00abzoomare\u00bb e l\u2019impiego come prefissi di termini inglesi quali \u00abcyber\u00bb, \u00abbaby\u00bb, \u00abunder\u00bb eccetera.<\/p>\n<p style=\"text-align: justify;\">\u00abIn molti casi l\u2019uso di termini inglesi viene reinterpretato come per \u201cfinalizzare\u201d, scelto nel senso di \u201ccompletare\u201d piuttosto che nel senso di \u201cprendere una decisione finale su un progetto\u201d; o \u201caleatorio\u201d, usato come \u201cirrilevante\u201d invece che come \u201cincerto o determinato dal caso\u201d\u00bb conclude D\u2019Achille.<\/p>\n<p style=\"text-align: justify;\">C\u2019\u00e8 comunque creativit\u00e0 nell\u2019e-italiano, dalla punteggiatura alla formazione di neologismi fino alla variazione dei significati delle parole esistenti, comprese quelle con radici anglosassoni. E questo fa ben sperare. Ma meglio tenere a mente la lezione di George Orwell nel suo\u00a0<em>1984<\/em>. Lo scrittore britannico immagin\u00f2 una \u00abneolingua\u00bb, imposta da una potenza totalitaria e costruita in modo da impedire ogni forma di pensiero eretico contrario al regime. Tra le sue caratteristiche vi era quella di attribuire a una parola significati differenti cos\u00ec che qualunque critica potesse sempre essere interpretata positivamente.<\/p>\n<p style=\"text-align: justify;\">Con l\u2019impoverimento della sintassi e del vocabolario il Partito mirava a rendere il linguaggio inadatto a esprimere la complessit\u00e0 di un pensiero articolato e pi\u00f9 simile alla gamma dei versi di una specie animale. Insomma, mirava a trasformare l\u2019uomo in una sorta di scimmia zelante priva di capacit\u00e0 critica e prona a soddisfare i suoi interessi.<\/p>\n<p>__________________________________________<\/p>\n<p><strong>Leggi anche:\u00a0<\/strong><\/p>\n<p><a href=\"https:\/\/www.rassegnastampa-totustuus.it\/cattolica\/nella-trappola-del-linguaggio\/\" target=\"_blank\" rel=\"noopener\"><span style=\"color: #0000ff;\">Nella trappola del linguaggio<\/span><\/a><\/p>\n","protected":false},"excerpt":{"rendered":"<p>Abstract:\u00a0Come cambia la lingua italiana nell\u2019era dei social.\u00a0L\u2019idioma cambia alla velocit\u00e0 di messaggini e social. E non necessariamente in meglio. le regole classiche della sintassi e della punteggiatura sono stravolte e questo aumenta l\u2019incomunicabilit\u00e0 tra le generazioni: gli anziani non capiscono ci\u00f2 che i giovani scrivono nei loro messaggi e i giovani sono sempre pi\u00f9 &hellip; <\/p>\n<p><a class=\"more-link btn\" href=\"https:\/\/www.rassegnastampa-totustuus.it\/cattolica\/come-cambia-la-lingua-italiana-nellera-dei-social\/\">Continua a leggere<\/a><\/p>\n","protected":false},"author":6,"featured_media":59758,"comment_status":"closed","ping_status":"closed","sticky":false,"template":"","format":"standard","meta":{"footnotes":""},"categories":[23,25,2956],"tags":[573,812,233,2718],"class_list":["post-59773","post","type-post","status-publish","format-standard","has-post-thumbnail","hentry","category-scuola-ed-educazione","category-sguardo-sul-nostro-tempo","category-tecnologia","tag-giovani","tag-linguaggio","tag-scuola","tag-social","item-wrap"],"yoast_head":"<!-- This site is optimized with the Yoast SEO plugin v27.5 - https:\/\/yoast.com\/product\/yoast-seo-wordpress\/ -->\n<title>Come cambia la lingua italiana nell\u2019era dei social - Rassegna Stampa Cattolica<\/title>\n<meta name=\"description\" content=\"Come cambia la lingua italiana nell\u2019era dei social; punteggiatura e grammatica sono stravolte e la incomunicabilit\u00e0 aumenta\" \/>\n<meta name=\"robots\" content=\"index, follow, max-snippet:-1, max-image-preview:large, max-video-preview:-1\" \/>\n<link rel=\"canonical\" href=\"https:\/\/www.rassegnastampa-totustuus.it\/cattolica\/come-cambia-la-lingua-italiana-nellera-dei-social\/\" \/>\n<meta property=\"og:locale\" content=\"it_IT\" \/>\n<meta property=\"og:type\" content=\"article\" \/>\n<meta property=\"og:title\" content=\"Come cambia la lingua italiana nell\u2019era dei social - Rassegna Stampa Cattolica\" \/>\n<meta property=\"og:description\" content=\"Come cambia la lingua italiana nell\u2019era dei social; punteggiatura e grammatica sono stravolte e la incomunicabilit\u00e0 aumenta\" \/>\n<meta property=\"og:url\" content=\"https:\/\/www.rassegnastampa-totustuus.it\/cattolica\/come-cambia-la-lingua-italiana-nellera-dei-social\/\" \/>\n<meta property=\"og:site_name\" content=\"Rassegna Stampa Cattolica\" \/>\n<meta property=\"article:publisher\" content=\"https:\/\/www.facebook.com\/rassegnastampacattolica\" \/>\n<meta property=\"article:published_time\" content=\"2024-03-04T09:23:53+00:00\" \/>\n<meta property=\"article:modified_time\" content=\"2024-03-04T09:26:44+00:00\" \/>\n<meta property=\"og:image\" content=\"https:\/\/www.rassegnastampa-totustuus.it\/cattolica\/wp-content\/uploads\/2024\/03\/linguaggio_grammatica_italiano.jpeg\" \/>\n\t<meta property=\"og:image:width\" content=\"240\" \/>\n\t<meta property=\"og:image:height\" content=\"180\" \/>\n\t<meta property=\"og:image:type\" content=\"image\/jpeg\" \/>\n<meta name=\"author\" content=\"Redazione\" \/>\n<meta name=\"twitter:card\" content=\"summary_large_image\" \/>\n<meta name=\"twitter:creator\" content=\"@rassegnastampa9\" \/>\n<meta name=\"twitter:site\" content=\"@rassegnastampa9\" \/>\n<meta name=\"twitter:label1\" content=\"Scritto da\" \/>\n\t<meta name=\"twitter:data1\" content=\"Redazione\" \/>\n\t<meta name=\"twitter:label2\" content=\"Tempo di lettura stimato\" \/>\n\t<meta name=\"twitter:data2\" content=\"9 minuti\" \/>\n<script type=\"application\/ld+json\" class=\"yoast-schema-graph\">{\"@context\":\"https:\\\/\\\/schema.org\",\"@graph\":[{\"@type\":\"Article\",\"@id\":\"https:\\\/\\\/www.rassegnastampa-totustuus.it\\\/cattolica\\\/come-cambia-la-lingua-italiana-nellera-dei-social\\\/#article\",\"isPartOf\":{\"@id\":\"https:\\\/\\\/www.rassegnastampa-totustuus.it\\\/cattolica\\\/come-cambia-la-lingua-italiana-nellera-dei-social\\\/\"},\"author\":{\"name\":\"Redazione\",\"@id\":\"https:\\\/\\\/www.rassegnastampa-totustuus.it\\\/cattolica\\\/#\\\/schema\\\/person\\\/08f319d2bd1a0904ad9e2bfb7b15e5c3\"},\"headline\":\"Come cambia la lingua italiana nell\u2019era dei social\",\"datePublished\":\"2024-03-04T09:23:53+00:00\",\"dateModified\":\"2024-03-04T09:26:44+00:00\",\"mainEntityOfPage\":{\"@id\":\"https:\\\/\\\/www.rassegnastampa-totustuus.it\\\/cattolica\\\/come-cambia-la-lingua-italiana-nellera-dei-social\\\/\"},\"wordCount\":1453,\"publisher\":{\"@id\":\"https:\\\/\\\/www.rassegnastampa-totustuus.it\\\/cattolica\\\/#organization\"},\"image\":{\"@id\":\"https:\\\/\\\/www.rassegnastampa-totustuus.it\\\/cattolica\\\/come-cambia-la-lingua-italiana-nellera-dei-social\\\/#primaryimage\"},\"thumbnailUrl\":\"https:\\\/\\\/www.rassegnastampa-totustuus.it\\\/cattolica\\\/wp-content\\\/uploads\\\/2024\\\/03\\\/linguaggio_grammatica_italiano.jpeg\",\"keywords\":[\"giovani\",\"linguaggio\",\"scuola\",\"social\"],\"articleSection\":[\"Scuola ed educazione\",\"Sguardo sul nostro tempo\",\"Tecnologia\"],\"inLanguage\":\"it-IT\"},{\"@type\":\"WebPage\",\"@id\":\"https:\\\/\\\/www.rassegnastampa-totustuus.it\\\/cattolica\\\/come-cambia-la-lingua-italiana-nellera-dei-social\\\/\",\"url\":\"https:\\\/\\\/www.rassegnastampa-totustuus.it\\\/cattolica\\\/come-cambia-la-lingua-italiana-nellera-dei-social\\\/\",\"name\":\"Come cambia la lingua italiana nell\u2019era dei social - Rassegna Stampa Cattolica\",\"isPartOf\":{\"@id\":\"https:\\\/\\\/www.rassegnastampa-totustuus.it\\\/cattolica\\\/#website\"},\"primaryImageOfPage\":{\"@id\":\"https:\\\/\\\/www.rassegnastampa-totustuus.it\\\/cattolica\\\/come-cambia-la-lingua-italiana-nellera-dei-social\\\/#primaryimage\"},\"image\":{\"@id\":\"https:\\\/\\\/www.rassegnastampa-totustuus.it\\\/cattolica\\\/come-cambia-la-lingua-italiana-nellera-dei-social\\\/#primaryimage\"},\"thumbnailUrl\":\"https:\\\/\\\/www.rassegnastampa-totustuus.it\\\/cattolica\\\/wp-content\\\/uploads\\\/2024\\\/03\\\/linguaggio_grammatica_italiano.jpeg\",\"datePublished\":\"2024-03-04T09:23:53+00:00\",\"dateModified\":\"2024-03-04T09:26:44+00:00\",\"description\":\"Come cambia la lingua italiana nell\u2019era dei social; punteggiatura e grammatica sono stravolte e la incomunicabilit\u00e0 aumenta\",\"breadcrumb\":{\"@id\":\"https:\\\/\\\/www.rassegnastampa-totustuus.it\\\/cattolica\\\/come-cambia-la-lingua-italiana-nellera-dei-social\\\/#breadcrumb\"},\"inLanguage\":\"it-IT\",\"potentialAction\":[{\"@type\":\"ReadAction\",\"target\":[\"https:\\\/\\\/www.rassegnastampa-totustuus.it\\\/cattolica\\\/come-cambia-la-lingua-italiana-nellera-dei-social\\\/\"]}]},{\"@type\":\"ImageObject\",\"inLanguage\":\"it-IT\",\"@id\":\"https:\\\/\\\/www.rassegnastampa-totustuus.it\\\/cattolica\\\/come-cambia-la-lingua-italiana-nellera-dei-social\\\/#primaryimage\",\"url\":\"https:\\\/\\\/www.rassegnastampa-totustuus.it\\\/cattolica\\\/wp-content\\\/uploads\\\/2024\\\/03\\\/linguaggio_grammatica_italiano.jpeg\",\"contentUrl\":\"https:\\\/\\\/www.rassegnastampa-totustuus.it\\\/cattolica\\\/wp-content\\\/uploads\\\/2024\\\/03\\\/linguaggio_grammatica_italiano.jpeg\",\"width\":240,\"height\":180},{\"@type\":\"BreadcrumbList\",\"@id\":\"https:\\\/\\\/www.rassegnastampa-totustuus.it\\\/cattolica\\\/come-cambia-la-lingua-italiana-nellera-dei-social\\\/#breadcrumb\",\"itemListElement\":[{\"@type\":\"ListItem\",\"position\":1,\"name\":\"Home\",\"item\":\"https:\\\/\\\/www.rassegnastampa-totustuus.it\\\/cattolica\\\/\"},{\"@type\":\"ListItem\",\"position\":2,\"name\":\"Come cambia la lingua italiana nell\u2019era dei social\"}]},{\"@type\":\"WebSite\",\"@id\":\"https:\\\/\\\/www.rassegnastampa-totustuus.it\\\/cattolica\\\/#website\",\"url\":\"https:\\\/\\\/www.rassegnastampa-totustuus.it\\\/cattolica\\\/\",\"name\":\"Rassegna Stampa Cattolica\",\"description\":\"Per una cultura che nasce dalla Rivelazione cristiana in conformit\u00e0 alla tradizione e al Magistero della Chiesa in opposizione ad ogni relativismo e totalitarismo\",\"publisher\":{\"@id\":\"https:\\\/\\\/www.rassegnastampa-totustuus.it\\\/cattolica\\\/#organization\"},\"alternateName\":\"Rass. Cattolica\",\"potentialAction\":[{\"@type\":\"SearchAction\",\"target\":{\"@type\":\"EntryPoint\",\"urlTemplate\":\"https:\\\/\\\/www.rassegnastampa-totustuus.it\\\/cattolica\\\/?s={search_term_string}\"},\"query-input\":{\"@type\":\"PropertyValueSpecification\",\"valueRequired\":true,\"valueName\":\"search_term_string\"}}],\"inLanguage\":\"it-IT\"},{\"@type\":\"Organization\",\"@id\":\"https:\\\/\\\/www.rassegnastampa-totustuus.it\\\/cattolica\\\/#organization\",\"name\":\"Rassegna Stampa Cattolica\",\"url\":\"https:\\\/\\\/www.rassegnastampa-totustuus.it\\\/cattolica\\\/\",\"logo\":{\"@type\":\"ImageObject\",\"inLanguage\":\"it-IT\",\"@id\":\"https:\\\/\\\/www.rassegnastampa-totustuus.it\\\/cattolica\\\/#\\\/schema\\\/logo\\\/image\\\/\",\"url\":\"https:\\\/\\\/www.rassegnastampa-totustuus.it\\\/cattolica\\\/wp-content\\\/uploads\\\/2014\\\/04\\\/logo-rassegna1.gif\",\"contentUrl\":\"https:\\\/\\\/www.rassegnastampa-totustuus.it\\\/cattolica\\\/wp-content\\\/uploads\\\/2014\\\/04\\\/logo-rassegna1.gif\",\"width\":600,\"height\":163,\"caption\":\"Rassegna Stampa Cattolica\"},\"image\":{\"@id\":\"https:\\\/\\\/www.rassegnastampa-totustuus.it\\\/cattolica\\\/#\\\/schema\\\/logo\\\/image\\\/\"},\"sameAs\":[\"https:\\\/\\\/www.facebook.com\\\/rassegnastampacattolica\",\"https:\\\/\\\/x.com\\\/rassegnastampa9\"]},{\"@type\":\"Person\",\"@id\":\"https:\\\/\\\/www.rassegnastampa-totustuus.it\\\/cattolica\\\/#\\\/schema\\\/person\\\/08f319d2bd1a0904ad9e2bfb7b15e5c3\",\"name\":\"Redazione\",\"image\":{\"@type\":\"ImageObject\",\"inLanguage\":\"it-IT\",\"@id\":\"https:\\\/\\\/secure.gravatar.com\\\/avatar\\\/2fcdf27c78ea025fbdb44e914cc63c72249ffec9dc8aafd5c82b26240ef3f346?s=96&d=mm&r=g\",\"url\":\"https:\\\/\\\/secure.gravatar.com\\\/avatar\\\/2fcdf27c78ea025fbdb44e914cc63c72249ffec9dc8aafd5c82b26240ef3f346?s=96&d=mm&r=g\",\"contentUrl\":\"https:\\\/\\\/secure.gravatar.com\\\/avatar\\\/2fcdf27c78ea025fbdb44e914cc63c72249ffec9dc8aafd5c82b26240ef3f346?s=96&d=mm&r=g\",\"caption\":\"Redazione\"},\"url\":\"https:\\\/\\\/www.rassegnastampa-totustuus.it\\\/cattolica\\\/author\\\/pietroelle\\\/\"}]}<\/script>\n<!-- \/ Yoast SEO plugin. -->","yoast_head_json":{"title":"Come cambia la lingua italiana nell\u2019era dei social - Rassegna Stampa Cattolica","description":"Come cambia la lingua italiana nell\u2019era dei social; punteggiatura e grammatica sono stravolte e la incomunicabilit\u00e0 aumenta","robots":{"index":"index","follow":"follow","max-snippet":"max-snippet:-1","max-image-preview":"max-image-preview:large","max-video-preview":"max-video-preview:-1"},"canonical":"https:\/\/www.rassegnastampa-totustuus.it\/cattolica\/come-cambia-la-lingua-italiana-nellera-dei-social\/","og_locale":"it_IT","og_type":"article","og_title":"Come cambia la lingua italiana nell\u2019era dei social - Rassegna Stampa Cattolica","og_description":"Come cambia la lingua italiana nell\u2019era dei social; punteggiatura e grammatica sono stravolte e la incomunicabilit\u00e0 aumenta","og_url":"https:\/\/www.rassegnastampa-totustuus.it\/cattolica\/come-cambia-la-lingua-italiana-nellera-dei-social\/","og_site_name":"Rassegna Stampa Cattolica","article_publisher":"https:\/\/www.facebook.com\/rassegnastampacattolica","article_published_time":"2024-03-04T09:23:53+00:00","article_modified_time":"2024-03-04T09:26:44+00:00","og_image":[{"width":240,"height":180,"url":"https:\/\/www.rassegnastampa-totustuus.it\/cattolica\/wp-content\/uploads\/2024\/03\/linguaggio_grammatica_italiano.jpeg","type":"image\/jpeg"}],"author":"Redazione","twitter_card":"summary_large_image","twitter_creator":"@rassegnastampa9","twitter_site":"@rassegnastampa9","twitter_misc":{"Scritto da":"Redazione","Tempo di lettura stimato":"9 minuti"},"schema":{"@context":"https:\/\/schema.org","@graph":[{"@type":"Article","@id":"https:\/\/www.rassegnastampa-totustuus.it\/cattolica\/come-cambia-la-lingua-italiana-nellera-dei-social\/#article","isPartOf":{"@id":"https:\/\/www.rassegnastampa-totustuus.it\/cattolica\/come-cambia-la-lingua-italiana-nellera-dei-social\/"},"author":{"name":"Redazione","@id":"https:\/\/www.rassegnastampa-totustuus.it\/cattolica\/#\/schema\/person\/08f319d2bd1a0904ad9e2bfb7b15e5c3"},"headline":"Come cambia la lingua italiana nell\u2019era dei social","datePublished":"2024-03-04T09:23:53+00:00","dateModified":"2024-03-04T09:26:44+00:00","mainEntityOfPage":{"@id":"https:\/\/www.rassegnastampa-totustuus.it\/cattolica\/come-cambia-la-lingua-italiana-nellera-dei-social\/"},"wordCount":1453,"publisher":{"@id":"https:\/\/www.rassegnastampa-totustuus.it\/cattolica\/#organization"},"image":{"@id":"https:\/\/www.rassegnastampa-totustuus.it\/cattolica\/come-cambia-la-lingua-italiana-nellera-dei-social\/#primaryimage"},"thumbnailUrl":"https:\/\/www.rassegnastampa-totustuus.it\/cattolica\/wp-content\/uploads\/2024\/03\/linguaggio_grammatica_italiano.jpeg","keywords":["giovani","linguaggio","scuola","social"],"articleSection":["Scuola ed educazione","Sguardo sul nostro tempo","Tecnologia"],"inLanguage":"it-IT"},{"@type":"WebPage","@id":"https:\/\/www.rassegnastampa-totustuus.it\/cattolica\/come-cambia-la-lingua-italiana-nellera-dei-social\/","url":"https:\/\/www.rassegnastampa-totustuus.it\/cattolica\/come-cambia-la-lingua-italiana-nellera-dei-social\/","name":"Come cambia la lingua italiana nell\u2019era dei social - Rassegna Stampa Cattolica","isPartOf":{"@id":"https:\/\/www.rassegnastampa-totustuus.it\/cattolica\/#website"},"primaryImageOfPage":{"@id":"https:\/\/www.rassegnastampa-totustuus.it\/cattolica\/come-cambia-la-lingua-italiana-nellera-dei-social\/#primaryimage"},"image":{"@id":"https:\/\/www.rassegnastampa-totustuus.it\/cattolica\/come-cambia-la-lingua-italiana-nellera-dei-social\/#primaryimage"},"thumbnailUrl":"https:\/\/www.rassegnastampa-totustuus.it\/cattolica\/wp-content\/uploads\/2024\/03\/linguaggio_grammatica_italiano.jpeg","datePublished":"2024-03-04T09:23:53+00:00","dateModified":"2024-03-04T09:26:44+00:00","description":"Come cambia la lingua italiana nell\u2019era dei social; punteggiatura e grammatica sono stravolte e la incomunicabilit\u00e0 aumenta","breadcrumb":{"@id":"https:\/\/www.rassegnastampa-totustuus.it\/cattolica\/come-cambia-la-lingua-italiana-nellera-dei-social\/#breadcrumb"},"inLanguage":"it-IT","potentialAction":[{"@type":"ReadAction","target":["https:\/\/www.rassegnastampa-totustuus.it\/cattolica\/come-cambia-la-lingua-italiana-nellera-dei-social\/"]}]},{"@type":"ImageObject","inLanguage":"it-IT","@id":"https:\/\/www.rassegnastampa-totustuus.it\/cattolica\/come-cambia-la-lingua-italiana-nellera-dei-social\/#primaryimage","url":"https:\/\/www.rassegnastampa-totustuus.it\/cattolica\/wp-content\/uploads\/2024\/03\/linguaggio_grammatica_italiano.jpeg","contentUrl":"https:\/\/www.rassegnastampa-totustuus.it\/cattolica\/wp-content\/uploads\/2024\/03\/linguaggio_grammatica_italiano.jpeg","width":240,"height":180},{"@type":"BreadcrumbList","@id":"https:\/\/www.rassegnastampa-totustuus.it\/cattolica\/come-cambia-la-lingua-italiana-nellera-dei-social\/#breadcrumb","itemListElement":[{"@type":"ListItem","position":1,"name":"Home","item":"https:\/\/www.rassegnastampa-totustuus.it\/cattolica\/"},{"@type":"ListItem","position":2,"name":"Come cambia la lingua italiana nell\u2019era dei social"}]},{"@type":"WebSite","@id":"https:\/\/www.rassegnastampa-totustuus.it\/cattolica\/#website","url":"https:\/\/www.rassegnastampa-totustuus.it\/cattolica\/","name":"Rassegna Stampa Cattolica","description":"Per una cultura che nasce dalla Rivelazione cristiana in conformit\u00e0 alla tradizione e al Magistero della Chiesa in opposizione ad ogni relativismo e totalitarismo","publisher":{"@id":"https:\/\/www.rassegnastampa-totustuus.it\/cattolica\/#organization"},"alternateName":"Rass. Cattolica","potentialAction":[{"@type":"SearchAction","target":{"@type":"EntryPoint","urlTemplate":"https:\/\/www.rassegnastampa-totustuus.it\/cattolica\/?s={search_term_string}"},"query-input":{"@type":"PropertyValueSpecification","valueRequired":true,"valueName":"search_term_string"}}],"inLanguage":"it-IT"},{"@type":"Organization","@id":"https:\/\/www.rassegnastampa-totustuus.it\/cattolica\/#organization","name":"Rassegna Stampa Cattolica","url":"https:\/\/www.rassegnastampa-totustuus.it\/cattolica\/","logo":{"@type":"ImageObject","inLanguage":"it-IT","@id":"https:\/\/www.rassegnastampa-totustuus.it\/cattolica\/#\/schema\/logo\/image\/","url":"https:\/\/www.rassegnastampa-totustuus.it\/cattolica\/wp-content\/uploads\/2014\/04\/logo-rassegna1.gif","contentUrl":"https:\/\/www.rassegnastampa-totustuus.it\/cattolica\/wp-content\/uploads\/2014\/04\/logo-rassegna1.gif","width":600,"height":163,"caption":"Rassegna Stampa Cattolica"},"image":{"@id":"https:\/\/www.rassegnastampa-totustuus.it\/cattolica\/#\/schema\/logo\/image\/"},"sameAs":["https:\/\/www.facebook.com\/rassegnastampacattolica","https:\/\/x.com\/rassegnastampa9"]},{"@type":"Person","@id":"https:\/\/www.rassegnastampa-totustuus.it\/cattolica\/#\/schema\/person\/08f319d2bd1a0904ad9e2bfb7b15e5c3","name":"Redazione","image":{"@type":"ImageObject","inLanguage":"it-IT","@id":"https:\/\/secure.gravatar.com\/avatar\/2fcdf27c78ea025fbdb44e914cc63c72249ffec9dc8aafd5c82b26240ef3f346?s=96&d=mm&r=g","url":"https:\/\/secure.gravatar.com\/avatar\/2fcdf27c78ea025fbdb44e914cc63c72249ffec9dc8aafd5c82b26240ef3f346?s=96&d=mm&r=g","contentUrl":"https:\/\/secure.gravatar.com\/avatar\/2fcdf27c78ea025fbdb44e914cc63c72249ffec9dc8aafd5c82b26240ef3f346?s=96&d=mm&r=g","caption":"Redazione"},"url":"https:\/\/www.rassegnastampa-totustuus.it\/cattolica\/author\/pietroelle\/"}]}},"_links":{"self":[{"href":"https:\/\/www.rassegnastampa-totustuus.it\/cattolica\/wp-json\/wp\/v2\/posts\/59773","targetHints":{"allow":["GET"]}}],"collection":[{"href":"https:\/\/www.rassegnastampa-totustuus.it\/cattolica\/wp-json\/wp\/v2\/posts"}],"about":[{"href":"https:\/\/www.rassegnastampa-totustuus.it\/cattolica\/wp-json\/wp\/v2\/types\/post"}],"author":[{"embeddable":true,"href":"https:\/\/www.rassegnastampa-totustuus.it\/cattolica\/wp-json\/wp\/v2\/users\/6"}],"replies":[{"embeddable":true,"href":"https:\/\/www.rassegnastampa-totustuus.it\/cattolica\/wp-json\/wp\/v2\/comments?post=59773"}],"version-history":[{"count":1,"href":"https:\/\/www.rassegnastampa-totustuus.it\/cattolica\/wp-json\/wp\/v2\/posts\/59773\/revisions"}],"predecessor-version":[{"id":59774,"href":"https:\/\/www.rassegnastampa-totustuus.it\/cattolica\/wp-json\/wp\/v2\/posts\/59773\/revisions\/59774"}],"wp:featuredmedia":[{"embeddable":true,"href":"https:\/\/www.rassegnastampa-totustuus.it\/cattolica\/wp-json\/wp\/v2\/media\/59758"}],"wp:attachment":[{"href":"https:\/\/www.rassegnastampa-totustuus.it\/cattolica\/wp-json\/wp\/v2\/media?parent=59773"}],"wp:term":[{"taxonomy":"category","embeddable":true,"href":"https:\/\/www.rassegnastampa-totustuus.it\/cattolica\/wp-json\/wp\/v2\/categories?post=59773"},{"taxonomy":"post_tag","embeddable":true,"href":"https:\/\/www.rassegnastampa-totustuus.it\/cattolica\/wp-json\/wp\/v2\/tags?post=59773"}],"curies":[{"name":"wp","href":"https:\/\/api.w.org\/{rel}","templated":true}]}}