{"id":59714,"date":"2024-02-26T12:06:58","date_gmt":"2024-02-26T11:06:58","guid":{"rendered":"https:\/\/www.rassegnastampa-totustuus.it\/cattolica\/?p=59714"},"modified":"2024-02-26T12:07:00","modified_gmt":"2024-02-26T11:07:00","slug":"la-crisi-della-cina-economica-politica-e-demografica","status":"publish","type":"post","link":"https:\/\/www.rassegnastampa-totustuus.it\/cattolica\/la-crisi-della-cina-economica-politica-e-demografica\/","title":{"rendered":"La crisi della Cina: economica, politica e demografica"},"content":{"rendered":"<p style=\"text-align: center;\"><span style=\"color: #000000;\"><span style=\"color: #0000ff;\"><a style=\"color: #0000ff;\" href=\"https:\/\/www.nicolaporro.it\/atlanticoquotidiano\/\" target=\"_blank\" rel=\"noopener\"><strong><img loading=\"lazy\" decoding=\"async\" class=\"size-medium wp-image-46918 alignleft\" src=\"https:\/\/www.rassegnastampa-totustuus.it\/cattolica\/wp-content\/uploads\/2020\/04\/Xi_Mao_Cina-300x150.png\" alt=\"\" width=\"300\" height=\"150\" srcset=\"https:\/\/www.rassegnastampa-totustuus.it\/cattolica\/wp-content\/uploads\/2020\/04\/Xi_Mao_Cina-300x150.png 300w, https:\/\/www.rassegnastampa-totustuus.it\/cattolica\/wp-content\/uploads\/2020\/04\/Xi_Mao_Cina-768x384.png 768w, https:\/\/www.rassegnastampa-totustuus.it\/cattolica\/wp-content\/uploads\/2020\/04\/Xi_Mao_Cina-1024x512.png 1024w, https:\/\/www.rassegnastampa-totustuus.it\/cattolica\/wp-content\/uploads\/2020\/04\/Xi_Mao_Cina.png 1280w\" sizes=\"auto, (max-width: 300px) 100vw, 300px\" \/><\/strong><\/a><\/span><\/span><\/p>\n<p style=\"text-align: justify;\"><strong>Abstract: <\/strong><em>la crisi della Cina: economica, politica e demografica. <span style=\"color: #000000;\">Si parla molto della crisi economica della Cina comunista. All\u2019estero, ovviamente, poich\u00e9 la ferrea censura del regime lascia trapelare ben poco. Ed \u00e8 un fatto quanto meno strano che, in una Repubblica che si autodefinisce \u201cpopolare\u201d, il popolo sappia poco o nulla dell\u2019andamento dell\u2019economia. Ogni tanto qualche cittadino osa pubblicare nei social network locali un post in cui lamenta il peggioramento della situazione, post che viene subito rimosso dai guardiani dell\u2019ortodossia.<\/span><\/em><\/p>\n<p><!--more--><\/p>\n<p style=\"text-align: center;\"><span style=\"color: #000000;\"><span style=\"color: #0000ff;\"><a style=\"color: #0000ff;\" href=\"https:\/\/www.nicolaporro.it\/atlanticoquotidiano\/\" target=\"_blank\" rel=\"noopener\"><strong>Atlantico <\/strong><\/a><\/span>21 Febbraio 2024<strong> \u00a0<\/strong><\/span><\/p>\n<h3 style=\"text-align: center;\"><span style=\"color: #000000;\">Le crisi della Cina comunista: economica, demografica e anche politica?<\/span><\/h3>\n<p style=\"text-align: justify;\"><span style=\"color: #000000;\"><em>Gli investitori in fuga, la competizione dell\u2019India, la fine della gestione collegiale del Partito e la gestione monocratica inaugurata da Xi Jinping<\/em> <\/span><\/p>\n<p style=\"text-align: center;\">di <span style=\"color: #000000;\"><strong>Michele Marsonet<\/strong><\/span><\/p>\n<p style=\"text-align: justify;\"><span style=\"color: #000000;\"><img loading=\"lazy\" decoding=\"async\" class=\" wp-image-53400 alignleft\" src=\"https:\/\/www.rassegnastampa-totustuus.it\/cattolica\/wp-content\/uploads\/2022\/01\/auto_cina.jpg\" alt=\"\" width=\"207\" height=\"135\" \/>Si parla molto della crisi economica della Cina comunista. All\u2019estero, ovviamente, poich\u00e9 la ferrea censura del regime lascia trapelare ben poco. Ed \u00e8 un fatto quanto meno strano che, in una Repubblica che si autodefinisce \u201cpopolare\u201d, il popolo sappia <strong>poco o nulla dell\u2019andamento dell\u2019economia<\/strong>. Ogni tanto qualche cittadino osa pubblicare nei <em>social network<\/em> locali un post in cui lamenta il peggioramento della situazione, post che viene subito rimosso dai guardiani dell\u2019ortodossia.<\/span><\/p>\n<h4 style=\"text-align: center;\">I<span style=\"color: #000000;\">nvestimenti verso l\u2019India<\/span><\/h4>\n<p style=\"text-align: justify;\"><span style=\"color: #000000;\"><img loading=\"lazy\" decoding=\"async\" class=\" wp-image-46152 alignright\" src=\"https:\/\/www.rassegnastampa-totustuus.it\/cattolica\/wp-content\/uploads\/2020\/02\/India_mappa_bandiera.jpg\" alt=\"\" width=\"272\" height=\"272\" srcset=\"https:\/\/www.rassegnastampa-totustuus.it\/cattolica\/wp-content\/uploads\/2020\/02\/India_mappa_bandiera.jpg 225w, https:\/\/www.rassegnastampa-totustuus.it\/cattolica\/wp-content\/uploads\/2020\/02\/India_mappa_bandiera-150x150.jpg 150w\" sizes=\"auto, (max-width: 272px) 100vw, 272px\" \/>Eppure, dopo anni di crescita trionfante, il Pil continua a calare e gli osservatori internazionali ritengono che tale tendenza sia destinata a permanere. L\u2019esatto contrario di quanto accade nella Federazione Indiana dove, nonostante la presenza al governo del vituperato <strong>Narendra Modi<\/strong>, l\u2019economia \u00e8 in <strong>piena crescita<\/strong>. Ne \u00e8 prova il fatto che la Borsa di Mumbai (la ex Bombay dei tempi dell\u2019impero britannico), ha da poco superato Hong Kong, diventando il quarto mercato azionario pi\u00f9 grande del mondo.<\/span><\/p>\n<p style=\"text-align: justify;\"><span style=\"color: #000000;\">Molti investitori stranieri stanno <strong>abbandonando la Cina<\/strong> per puntare sull\u2019India, dove il controllo politico sugli investimenti che provengono dall\u2019estero \u00e8 molto minore. E anche il mercato obbligazionario indiano sta crescendo velocemente, soprattutto nel settore dei titoli governativi. Il confronto tra le economie dei due colossi asiatici diventa dunque sempre pi\u00f9 favorevole a New Delhi. Mentre Pechino sta rallentando, il Fondo monetario internazionale prevede un tasso di crescita del Pil indiano del 6,3 per cento nei prossimi anni. Una tendenza destinata, secondo gli analisti, a continuare nel medio periodo.<\/span><\/p>\n<h4 style=\"text-align: center;\"><span style=\"color: #000000;\">Crisi demografica cinese<\/span><\/h4>\n<p style=\"text-align: justify;\"><span style=\"color: #000000;\">E c\u2019\u00e8 pure la crisi demografica cinese. La Federazione Indiana \u00e8 diventata la <strong>nazione pi\u00f9 popolosa del pianeta<\/strong> con 1,4 miliardi di abitanti, superando cos\u00ec la stessa Cina. Non solo. L\u2019India, a differenza della Repubblica Popolare, ha una popolazione <strong>prevalentemente giovane<\/strong>. Due terzi degli abitanti hanno meno di 35 anni, e la met\u00e0 ne ha meno di 25. Questo \u00e8 uno dei motivi che inducono gli investitori a scommettere sull\u2019aumento costante della domanda interna.<\/span><\/p>\n<p style=\"text-align: justify;\"><span style=\"color: #000000;\">Tra le cause della crisi demografica cinese vanno senz\u2019altro indicate la <strong>disastrosa gestione della pandemia<\/strong> e, soprattutto, la <em>\u201cpolitica del figlio unico\u201d<\/em> imposta per decenni dal Partito, e abbandonata troppo tardi, quando ormai i buoi erano scappati dalla stalla.<\/span><\/p>\n<h4 style=\"text-align: center;\"><span style=\"color: #000000;\">Crisi anche politica?<\/span><\/h4>\n<p style=\"text-align: justify;\"><span style=\"color: #000000;\">Ma esiste anche una crisi \u201cpolitica\u201d cinese? Domanda cui non \u00e8 facile rispondere, giacch\u00e9 con <strong>Xi Jinping<\/strong> il Partito comunista assomiglia sempre pi\u00f9 a quello bolscevico russo modellato da Lenin, dove un numero ristrettissimo di dirigenti decideva in segreto le politiche da adottare. Come sempre senza preoccuparsi di informare il popolo (o, meglio, la classe operaia) che, in teoria, deteneva tutto il potere.<\/span><\/p>\n<p style=\"text-align: justify;\"><span style=\"color: #000000;\"><img loading=\"lazy\" decoding=\"async\" class=\" wp-image-54933 alignleft\" src=\"https:\/\/www.rassegnastampa-totustuus.it\/cattolica\/wp-content\/uploads\/2022\/10\/Cina_Xi_Jinping_congresso_PCC-300x168.jpg\" alt=\"\" width=\"362\" height=\"203\" \/>Tuttavia numerosi segnali indicano che, a Pechino, una <strong>crisi politica c\u2019\u00e8 davvero<\/strong>. Che fine ha fatto, per esempio, il <em>Plenum<\/em>, al quale partecipano i 376 componenti del comitato centrale del PCC? Di solito si riuniscono nell\u2019hotel <em>\u201cJinxi\u201d<\/em>, dal quale escono dopo alcuni giorni di riunioni segrete senza che i mass media e la popolazione vengano informati delle decisioni assunte. All\u2019agenzia ufficiale <em>Xinhua<\/em> viene demandato il compito di riassumere, con uno scarno comunicato, la linea del Partito.<\/span><\/p>\n<p style=\"text-align: justify;\"><span style=\"color: #000000;\">Si d\u00e0 per\u00f2 il caso che del terzo <em>Plenum<\/em> del XX Comitato centrale nulla si sappia. Secondo le scadenze ufficiali si sarebbe dovuto tenere lo scorso autunno ma non se ne sa nulla: \u00e8 come se fosse sparito. Questo \u00e8 il frutto, indubbiamente, della <strong>fine della gestione collegiale<\/strong> del Partito, sostituita da una gestione monocratica inaugurata da Xi.<\/span><\/p>\n<p style=\"text-align: justify;\"><span style=\"color: #000000;\">Viene allora spontaneo ipotizzare che le acque dentro il PCC non siano affatto cos\u00ec tranquille come la propaganda ufficiale vorrebbe far credere. E altrettanto spontaneo \u00e8 pensare che stia crescendo <strong>un\u2019opposizione interna<\/strong> contraria alla linea che il leader eletto per la terza volta decide in pratica da solo.<\/span><\/p>\n<h4 style=\"text-align: center;\"><span style=\"color: #000000;\">Investitori in fuga<\/span><\/h4>\n<p style=\"text-align: justify;\"><span style=\"color: #000000;\">Eppure, i problemi sul tappeto sono tanti. A cominciare dalle strategie utili ad attirare di nuovo gli <strong>investitori stranieri in fuga<\/strong>, molti dei quali hanno preferito trasferirsi in India. Non \u00e8 certo un caso che la <strong>Germania<\/strong>, principale partner commerciale europeo della Cina, sia preoccupata. <strong>Olaf Scholz<\/strong> ha gi\u00e0 annunciato la sua visita a Pechino in aprile, accompagnato da una nutrita schiera di imprenditori e banchieri. I tedeschi vogliono appurare di persona come stanno le cose (ammesso che ci riescano).<\/span><\/p>\n<p style=\"text-align: justify;\"><span style=\"color: #000000;\">Sembra evidente che l\u2019approccio puramente politico e ideologico adottato da Xi abbia <strong>danneggiato seriamente l\u2019economia<\/strong> di Pechino. L\u2019emarginazione di numerosi <em>\u201ctycoons\u201d<\/em> che molto avevano contribuito alla crescita della Repubblica Popolare senza dubbio ha pesato, cos\u00ec come la precedenza data all\u2019ideologia rispetto all\u2019economia.<\/span><\/p>\n<p>_________________________________________<\/p>\n<p><strong><span style=\"color: #000000;\">Leggi anche:<\/span><\/strong><\/p>\n<p><a href=\"https:\/\/www.rassegnastampa-totustuus.it\/cattolica\/cina-la-popolazione-diminuisce-ma-non-e-una-bella-notizia\/\" target=\"_blank\" rel=\"noopener\"><span style=\"color: #0000ff;\">Cina, la popolazione diminuisce. Ma non \u00e8 una bella notizia<\/span><\/a><\/p>\n<p><span style=\"color: #0000ff;\"><a style=\"color: #0000ff;\" href=\"https:\/\/www.rassegnastampa-totustuus.it\/cattolica\/cina-ombre-rosse-sul-sistema-del-credito\/\" target=\"_blank\" rel=\"noopener\">Cina \/ Ombre Rosse sul sistema del credito<\/a><\/span><\/p>\n","protected":false},"excerpt":{"rendered":"<p>Abstract: la crisi della Cina: economica, politica e demografica. Si parla molto della crisi economica della Cina comunista. All\u2019estero, ovviamente, poich\u00e9 la ferrea censura del regime lascia trapelare ben poco. Ed \u00e8 un fatto quanto meno strano che, in una Repubblica che si autodefinisce \u201cpopolare\u201d, il popolo sappia poco o nulla dell\u2019andamento dell\u2019economia. Ogni tanto &hellip; <\/p>\n<p><a class=\"more-link btn\" href=\"https:\/\/www.rassegnastampa-totustuus.it\/cattolica\/la-crisi-della-cina-economica-politica-e-demografica\/\">Continua a leggere<\/a><\/p>\n","protected":false},"author":6,"featured_media":46918,"comment_status":"closed","ping_status":"closed","sticky":false,"template":"","format":"standard","meta":{"footnotes":""},"categories":[56],"tags":[],"class_list":["post-59714","post","type-post","status-publish","format-standard","has-post-thumbnail","hentry","category-cina","item-wrap"],"yoast_head":"<!-- This site is optimized with the Yoast SEO plugin v27.5 - https:\/\/yoast.com\/product\/yoast-seo-wordpress\/ -->\n<title>La crisi della Cina: economica, politica e demografica - Rassegna Stampa Cattolica<\/title>\n<meta name=\"description\" content=\"La crisi della Cina: economica, politica e demografica; gli investitori sono in fuga e cresce la competizione con l&#039;India\" \/>\n<meta name=\"robots\" content=\"index, follow, max-snippet:-1, max-image-preview:large, max-video-preview:-1\" \/>\n<link rel=\"canonical\" href=\"https:\/\/www.rassegnastampa-totustuus.it\/cattolica\/la-crisi-della-cina-economica-politica-e-demografica\/\" \/>\n<meta property=\"og:locale\" content=\"it_IT\" \/>\n<meta property=\"og:type\" content=\"article\" \/>\n<meta property=\"og:title\" content=\"La crisi della Cina: economica, politica e demografica - Rassegna Stampa Cattolica\" \/>\n<meta property=\"og:description\" content=\"La crisi della Cina: economica, politica e demografica; gli investitori sono in fuga e cresce la competizione con l&#039;India\" \/>\n<meta property=\"og:url\" content=\"https:\/\/www.rassegnastampa-totustuus.it\/cattolica\/la-crisi-della-cina-economica-politica-e-demografica\/\" \/>\n<meta property=\"og:site_name\" content=\"Rassegna Stampa Cattolica\" \/>\n<meta property=\"article:publisher\" content=\"https:\/\/www.facebook.com\/rassegnastampacattolica\" \/>\n<meta property=\"article:published_time\" content=\"2024-02-26T11:06:58+00:00\" \/>\n<meta property=\"article:modified_time\" content=\"2024-02-26T11:07:00+00:00\" \/>\n<meta property=\"og:image\" content=\"https:\/\/www.rassegnastampa-totustuus.it\/cattolica\/wp-content\/uploads\/2020\/04\/Xi_Mao_Cina.png\" \/>\n\t<meta property=\"og:image:width\" content=\"1280\" \/>\n\t<meta property=\"og:image:height\" content=\"640\" \/>\n\t<meta property=\"og:image:type\" content=\"image\/png\" \/>\n<meta name=\"author\" content=\"Redazione\" \/>\n<meta name=\"twitter:card\" content=\"summary_large_image\" \/>\n<meta name=\"twitter:creator\" content=\"@rassegnastampa9\" \/>\n<meta name=\"twitter:site\" content=\"@rassegnastampa9\" \/>\n<meta name=\"twitter:label1\" content=\"Scritto da\" \/>\n\t<meta name=\"twitter:data1\" content=\"Redazione\" \/>\n\t<meta name=\"twitter:label2\" content=\"Tempo di lettura stimato\" \/>\n\t<meta name=\"twitter:data2\" content=\"6 minuti\" \/>\n<script type=\"application\/ld+json\" class=\"yoast-schema-graph\">{\"@context\":\"https:\\\/\\\/schema.org\",\"@graph\":[{\"@type\":\"Article\",\"@id\":\"https:\\\/\\\/www.rassegnastampa-totustuus.it\\\/cattolica\\\/la-crisi-della-cina-economica-politica-e-demografica\\\/#article\",\"isPartOf\":{\"@id\":\"https:\\\/\\\/www.rassegnastampa-totustuus.it\\\/cattolica\\\/la-crisi-della-cina-economica-politica-e-demografica\\\/\"},\"author\":{\"name\":\"Redazione\",\"@id\":\"https:\\\/\\\/www.rassegnastampa-totustuus.it\\\/cattolica\\\/#\\\/schema\\\/person\\\/08f319d2bd1a0904ad9e2bfb7b15e5c3\"},\"headline\":\"La crisi della Cina: economica, politica e demografica\",\"datePublished\":\"2024-02-26T11:06:58+00:00\",\"dateModified\":\"2024-02-26T11:07:00+00:00\",\"mainEntityOfPage\":{\"@id\":\"https:\\\/\\\/www.rassegnastampa-totustuus.it\\\/cattolica\\\/la-crisi-della-cina-economica-politica-e-demografica\\\/\"},\"wordCount\":881,\"publisher\":{\"@id\":\"https:\\\/\\\/www.rassegnastampa-totustuus.it\\\/cattolica\\\/#organization\"},\"image\":{\"@id\":\"https:\\\/\\\/www.rassegnastampa-totustuus.it\\\/cattolica\\\/la-crisi-della-cina-economica-politica-e-demografica\\\/#primaryimage\"},\"thumbnailUrl\":\"https:\\\/\\\/www.rassegnastampa-totustuus.it\\\/cattolica\\\/wp-content\\\/uploads\\\/2020\\\/04\\\/Xi_Mao_Cina.png\",\"articleSection\":[\"Cina\"],\"inLanguage\":\"it-IT\"},{\"@type\":\"WebPage\",\"@id\":\"https:\\\/\\\/www.rassegnastampa-totustuus.it\\\/cattolica\\\/la-crisi-della-cina-economica-politica-e-demografica\\\/\",\"url\":\"https:\\\/\\\/www.rassegnastampa-totustuus.it\\\/cattolica\\\/la-crisi-della-cina-economica-politica-e-demografica\\\/\",\"name\":\"La crisi della Cina: economica, politica e demografica - Rassegna Stampa Cattolica\",\"isPartOf\":{\"@id\":\"https:\\\/\\\/www.rassegnastampa-totustuus.it\\\/cattolica\\\/#website\"},\"primaryImageOfPage\":{\"@id\":\"https:\\\/\\\/www.rassegnastampa-totustuus.it\\\/cattolica\\\/la-crisi-della-cina-economica-politica-e-demografica\\\/#primaryimage\"},\"image\":{\"@id\":\"https:\\\/\\\/www.rassegnastampa-totustuus.it\\\/cattolica\\\/la-crisi-della-cina-economica-politica-e-demografica\\\/#primaryimage\"},\"thumbnailUrl\":\"https:\\\/\\\/www.rassegnastampa-totustuus.it\\\/cattolica\\\/wp-content\\\/uploads\\\/2020\\\/04\\\/Xi_Mao_Cina.png\",\"datePublished\":\"2024-02-26T11:06:58+00:00\",\"dateModified\":\"2024-02-26T11:07:00+00:00\",\"description\":\"La crisi della Cina: economica, politica e demografica; gli investitori sono in fuga e cresce la competizione con l'India\",\"breadcrumb\":{\"@id\":\"https:\\\/\\\/www.rassegnastampa-totustuus.it\\\/cattolica\\\/la-crisi-della-cina-economica-politica-e-demografica\\\/#breadcrumb\"},\"inLanguage\":\"it-IT\",\"potentialAction\":[{\"@type\":\"ReadAction\",\"target\":[\"https:\\\/\\\/www.rassegnastampa-totustuus.it\\\/cattolica\\\/la-crisi-della-cina-economica-politica-e-demografica\\\/\"]}]},{\"@type\":\"ImageObject\",\"inLanguage\":\"it-IT\",\"@id\":\"https:\\\/\\\/www.rassegnastampa-totustuus.it\\\/cattolica\\\/la-crisi-della-cina-economica-politica-e-demografica\\\/#primaryimage\",\"url\":\"https:\\\/\\\/www.rassegnastampa-totustuus.it\\\/cattolica\\\/wp-content\\\/uploads\\\/2020\\\/04\\\/Xi_Mao_Cina.png\",\"contentUrl\":\"https:\\\/\\\/www.rassegnastampa-totustuus.it\\\/cattolica\\\/wp-content\\\/uploads\\\/2020\\\/04\\\/Xi_Mao_Cina.png\",\"width\":1280,\"height\":640},{\"@type\":\"BreadcrumbList\",\"@id\":\"https:\\\/\\\/www.rassegnastampa-totustuus.it\\\/cattolica\\\/la-crisi-della-cina-economica-politica-e-demografica\\\/#breadcrumb\",\"itemListElement\":[{\"@type\":\"ListItem\",\"position\":1,\"name\":\"Home\",\"item\":\"https:\\\/\\\/www.rassegnastampa-totustuus.it\\\/cattolica\\\/\"},{\"@type\":\"ListItem\",\"position\":2,\"name\":\"La crisi della Cina: economica, politica e demografica\"}]},{\"@type\":\"WebSite\",\"@id\":\"https:\\\/\\\/www.rassegnastampa-totustuus.it\\\/cattolica\\\/#website\",\"url\":\"https:\\\/\\\/www.rassegnastampa-totustuus.it\\\/cattolica\\\/\",\"name\":\"Rassegna Stampa Cattolica\",\"description\":\"Per una cultura che nasce dalla Rivelazione cristiana in conformit\u00e0 alla tradizione e al Magistero della Chiesa in opposizione ad ogni relativismo e totalitarismo\",\"publisher\":{\"@id\":\"https:\\\/\\\/www.rassegnastampa-totustuus.it\\\/cattolica\\\/#organization\"},\"alternateName\":\"Rass. Cattolica\",\"potentialAction\":[{\"@type\":\"SearchAction\",\"target\":{\"@type\":\"EntryPoint\",\"urlTemplate\":\"https:\\\/\\\/www.rassegnastampa-totustuus.it\\\/cattolica\\\/?s={search_term_string}\"},\"query-input\":{\"@type\":\"PropertyValueSpecification\",\"valueRequired\":true,\"valueName\":\"search_term_string\"}}],\"inLanguage\":\"it-IT\"},{\"@type\":\"Organization\",\"@id\":\"https:\\\/\\\/www.rassegnastampa-totustuus.it\\\/cattolica\\\/#organization\",\"name\":\"Rassegna Stampa Cattolica\",\"url\":\"https:\\\/\\\/www.rassegnastampa-totustuus.it\\\/cattolica\\\/\",\"logo\":{\"@type\":\"ImageObject\",\"inLanguage\":\"it-IT\",\"@id\":\"https:\\\/\\\/www.rassegnastampa-totustuus.it\\\/cattolica\\\/#\\\/schema\\\/logo\\\/image\\\/\",\"url\":\"https:\\\/\\\/www.rassegnastampa-totustuus.it\\\/cattolica\\\/wp-content\\\/uploads\\\/2014\\\/04\\\/logo-rassegna1.gif\",\"contentUrl\":\"https:\\\/\\\/www.rassegnastampa-totustuus.it\\\/cattolica\\\/wp-content\\\/uploads\\\/2014\\\/04\\\/logo-rassegna1.gif\",\"width\":600,\"height\":163,\"caption\":\"Rassegna Stampa Cattolica\"},\"image\":{\"@id\":\"https:\\\/\\\/www.rassegnastampa-totustuus.it\\\/cattolica\\\/#\\\/schema\\\/logo\\\/image\\\/\"},\"sameAs\":[\"https:\\\/\\\/www.facebook.com\\\/rassegnastampacattolica\",\"https:\\\/\\\/x.com\\\/rassegnastampa9\"]},{\"@type\":\"Person\",\"@id\":\"https:\\\/\\\/www.rassegnastampa-totustuus.it\\\/cattolica\\\/#\\\/schema\\\/person\\\/08f319d2bd1a0904ad9e2bfb7b15e5c3\",\"name\":\"Redazione\",\"image\":{\"@type\":\"ImageObject\",\"inLanguage\":\"it-IT\",\"@id\":\"https:\\\/\\\/secure.gravatar.com\\\/avatar\\\/2fcdf27c78ea025fbdb44e914cc63c72249ffec9dc8aafd5c82b26240ef3f346?s=96&d=mm&r=g\",\"url\":\"https:\\\/\\\/secure.gravatar.com\\\/avatar\\\/2fcdf27c78ea025fbdb44e914cc63c72249ffec9dc8aafd5c82b26240ef3f346?s=96&d=mm&r=g\",\"contentUrl\":\"https:\\\/\\\/secure.gravatar.com\\\/avatar\\\/2fcdf27c78ea025fbdb44e914cc63c72249ffec9dc8aafd5c82b26240ef3f346?s=96&d=mm&r=g\",\"caption\":\"Redazione\"},\"url\":\"https:\\\/\\\/www.rassegnastampa-totustuus.it\\\/cattolica\\\/author\\\/pietroelle\\\/\"}]}<\/script>\n<!-- \/ Yoast SEO plugin. -->","yoast_head_json":{"title":"La crisi della Cina: economica, politica e demografica - Rassegna Stampa Cattolica","description":"La crisi della Cina: economica, politica e demografica; gli investitori sono in fuga e cresce la competizione con l'India","robots":{"index":"index","follow":"follow","max-snippet":"max-snippet:-1","max-image-preview":"max-image-preview:large","max-video-preview":"max-video-preview:-1"},"canonical":"https:\/\/www.rassegnastampa-totustuus.it\/cattolica\/la-crisi-della-cina-economica-politica-e-demografica\/","og_locale":"it_IT","og_type":"article","og_title":"La crisi della Cina: economica, politica e demografica - Rassegna Stampa Cattolica","og_description":"La crisi della Cina: economica, politica e demografica; gli investitori sono in fuga e cresce la competizione con l'India","og_url":"https:\/\/www.rassegnastampa-totustuus.it\/cattolica\/la-crisi-della-cina-economica-politica-e-demografica\/","og_site_name":"Rassegna Stampa Cattolica","article_publisher":"https:\/\/www.facebook.com\/rassegnastampacattolica","article_published_time":"2024-02-26T11:06:58+00:00","article_modified_time":"2024-02-26T11:07:00+00:00","og_image":[{"width":1280,"height":640,"url":"https:\/\/www.rassegnastampa-totustuus.it\/cattolica\/wp-content\/uploads\/2020\/04\/Xi_Mao_Cina.png","type":"image\/png"}],"author":"Redazione","twitter_card":"summary_large_image","twitter_creator":"@rassegnastampa9","twitter_site":"@rassegnastampa9","twitter_misc":{"Scritto da":"Redazione","Tempo di lettura stimato":"6 minuti"},"schema":{"@context":"https:\/\/schema.org","@graph":[{"@type":"Article","@id":"https:\/\/www.rassegnastampa-totustuus.it\/cattolica\/la-crisi-della-cina-economica-politica-e-demografica\/#article","isPartOf":{"@id":"https:\/\/www.rassegnastampa-totustuus.it\/cattolica\/la-crisi-della-cina-economica-politica-e-demografica\/"},"author":{"name":"Redazione","@id":"https:\/\/www.rassegnastampa-totustuus.it\/cattolica\/#\/schema\/person\/08f319d2bd1a0904ad9e2bfb7b15e5c3"},"headline":"La crisi della Cina: economica, politica e demografica","datePublished":"2024-02-26T11:06:58+00:00","dateModified":"2024-02-26T11:07:00+00:00","mainEntityOfPage":{"@id":"https:\/\/www.rassegnastampa-totustuus.it\/cattolica\/la-crisi-della-cina-economica-politica-e-demografica\/"},"wordCount":881,"publisher":{"@id":"https:\/\/www.rassegnastampa-totustuus.it\/cattolica\/#organization"},"image":{"@id":"https:\/\/www.rassegnastampa-totustuus.it\/cattolica\/la-crisi-della-cina-economica-politica-e-demografica\/#primaryimage"},"thumbnailUrl":"https:\/\/www.rassegnastampa-totustuus.it\/cattolica\/wp-content\/uploads\/2020\/04\/Xi_Mao_Cina.png","articleSection":["Cina"],"inLanguage":"it-IT"},{"@type":"WebPage","@id":"https:\/\/www.rassegnastampa-totustuus.it\/cattolica\/la-crisi-della-cina-economica-politica-e-demografica\/","url":"https:\/\/www.rassegnastampa-totustuus.it\/cattolica\/la-crisi-della-cina-economica-politica-e-demografica\/","name":"La crisi della Cina: economica, politica e demografica - Rassegna Stampa Cattolica","isPartOf":{"@id":"https:\/\/www.rassegnastampa-totustuus.it\/cattolica\/#website"},"primaryImageOfPage":{"@id":"https:\/\/www.rassegnastampa-totustuus.it\/cattolica\/la-crisi-della-cina-economica-politica-e-demografica\/#primaryimage"},"image":{"@id":"https:\/\/www.rassegnastampa-totustuus.it\/cattolica\/la-crisi-della-cina-economica-politica-e-demografica\/#primaryimage"},"thumbnailUrl":"https:\/\/www.rassegnastampa-totustuus.it\/cattolica\/wp-content\/uploads\/2020\/04\/Xi_Mao_Cina.png","datePublished":"2024-02-26T11:06:58+00:00","dateModified":"2024-02-26T11:07:00+00:00","description":"La crisi della Cina: economica, politica e demografica; gli investitori sono in fuga e cresce la competizione con l'India","breadcrumb":{"@id":"https:\/\/www.rassegnastampa-totustuus.it\/cattolica\/la-crisi-della-cina-economica-politica-e-demografica\/#breadcrumb"},"inLanguage":"it-IT","potentialAction":[{"@type":"ReadAction","target":["https:\/\/www.rassegnastampa-totustuus.it\/cattolica\/la-crisi-della-cina-economica-politica-e-demografica\/"]}]},{"@type":"ImageObject","inLanguage":"it-IT","@id":"https:\/\/www.rassegnastampa-totustuus.it\/cattolica\/la-crisi-della-cina-economica-politica-e-demografica\/#primaryimage","url":"https:\/\/www.rassegnastampa-totustuus.it\/cattolica\/wp-content\/uploads\/2020\/04\/Xi_Mao_Cina.png","contentUrl":"https:\/\/www.rassegnastampa-totustuus.it\/cattolica\/wp-content\/uploads\/2020\/04\/Xi_Mao_Cina.png","width":1280,"height":640},{"@type":"BreadcrumbList","@id":"https:\/\/www.rassegnastampa-totustuus.it\/cattolica\/la-crisi-della-cina-economica-politica-e-demografica\/#breadcrumb","itemListElement":[{"@type":"ListItem","position":1,"name":"Home","item":"https:\/\/www.rassegnastampa-totustuus.it\/cattolica\/"},{"@type":"ListItem","position":2,"name":"La crisi della Cina: economica, politica e demografica"}]},{"@type":"WebSite","@id":"https:\/\/www.rassegnastampa-totustuus.it\/cattolica\/#website","url":"https:\/\/www.rassegnastampa-totustuus.it\/cattolica\/","name":"Rassegna Stampa Cattolica","description":"Per una cultura che nasce dalla Rivelazione cristiana in conformit\u00e0 alla tradizione e al Magistero della Chiesa in opposizione ad ogni relativismo e totalitarismo","publisher":{"@id":"https:\/\/www.rassegnastampa-totustuus.it\/cattolica\/#organization"},"alternateName":"Rass. Cattolica","potentialAction":[{"@type":"SearchAction","target":{"@type":"EntryPoint","urlTemplate":"https:\/\/www.rassegnastampa-totustuus.it\/cattolica\/?s={search_term_string}"},"query-input":{"@type":"PropertyValueSpecification","valueRequired":true,"valueName":"search_term_string"}}],"inLanguage":"it-IT"},{"@type":"Organization","@id":"https:\/\/www.rassegnastampa-totustuus.it\/cattolica\/#organization","name":"Rassegna Stampa Cattolica","url":"https:\/\/www.rassegnastampa-totustuus.it\/cattolica\/","logo":{"@type":"ImageObject","inLanguage":"it-IT","@id":"https:\/\/www.rassegnastampa-totustuus.it\/cattolica\/#\/schema\/logo\/image\/","url":"https:\/\/www.rassegnastampa-totustuus.it\/cattolica\/wp-content\/uploads\/2014\/04\/logo-rassegna1.gif","contentUrl":"https:\/\/www.rassegnastampa-totustuus.it\/cattolica\/wp-content\/uploads\/2014\/04\/logo-rassegna1.gif","width":600,"height":163,"caption":"Rassegna Stampa Cattolica"},"image":{"@id":"https:\/\/www.rassegnastampa-totustuus.it\/cattolica\/#\/schema\/logo\/image\/"},"sameAs":["https:\/\/www.facebook.com\/rassegnastampacattolica","https:\/\/x.com\/rassegnastampa9"]},{"@type":"Person","@id":"https:\/\/www.rassegnastampa-totustuus.it\/cattolica\/#\/schema\/person\/08f319d2bd1a0904ad9e2bfb7b15e5c3","name":"Redazione","image":{"@type":"ImageObject","inLanguage":"it-IT","@id":"https:\/\/secure.gravatar.com\/avatar\/2fcdf27c78ea025fbdb44e914cc63c72249ffec9dc8aafd5c82b26240ef3f346?s=96&d=mm&r=g","url":"https:\/\/secure.gravatar.com\/avatar\/2fcdf27c78ea025fbdb44e914cc63c72249ffec9dc8aafd5c82b26240ef3f346?s=96&d=mm&r=g","contentUrl":"https:\/\/secure.gravatar.com\/avatar\/2fcdf27c78ea025fbdb44e914cc63c72249ffec9dc8aafd5c82b26240ef3f346?s=96&d=mm&r=g","caption":"Redazione"},"url":"https:\/\/www.rassegnastampa-totustuus.it\/cattolica\/author\/pietroelle\/"}]}},"_links":{"self":[{"href":"https:\/\/www.rassegnastampa-totustuus.it\/cattolica\/wp-json\/wp\/v2\/posts\/59714","targetHints":{"allow":["GET"]}}],"collection":[{"href":"https:\/\/www.rassegnastampa-totustuus.it\/cattolica\/wp-json\/wp\/v2\/posts"}],"about":[{"href":"https:\/\/www.rassegnastampa-totustuus.it\/cattolica\/wp-json\/wp\/v2\/types\/post"}],"author":[{"embeddable":true,"href":"https:\/\/www.rassegnastampa-totustuus.it\/cattolica\/wp-json\/wp\/v2\/users\/6"}],"replies":[{"embeddable":true,"href":"https:\/\/www.rassegnastampa-totustuus.it\/cattolica\/wp-json\/wp\/v2\/comments?post=59714"}],"version-history":[{"count":1,"href":"https:\/\/www.rassegnastampa-totustuus.it\/cattolica\/wp-json\/wp\/v2\/posts\/59714\/revisions"}],"predecessor-version":[{"id":59715,"href":"https:\/\/www.rassegnastampa-totustuus.it\/cattolica\/wp-json\/wp\/v2\/posts\/59714\/revisions\/59715"}],"wp:featuredmedia":[{"embeddable":true,"href":"https:\/\/www.rassegnastampa-totustuus.it\/cattolica\/wp-json\/wp\/v2\/media\/46918"}],"wp:attachment":[{"href":"https:\/\/www.rassegnastampa-totustuus.it\/cattolica\/wp-json\/wp\/v2\/media?parent=59714"}],"wp:term":[{"taxonomy":"category","embeddable":true,"href":"https:\/\/www.rassegnastampa-totustuus.it\/cattolica\/wp-json\/wp\/v2\/categories?post=59714"},{"taxonomy":"post_tag","embeddable":true,"href":"https:\/\/www.rassegnastampa-totustuus.it\/cattolica\/wp-json\/wp\/v2\/tags?post=59714"}],"curies":[{"name":"wp","href":"https:\/\/api.w.org\/{rel}","templated":true}]}}