{"id":59680,"date":"2024-02-22T10:10:22","date_gmt":"2024-02-22T09:10:22","guid":{"rendered":"https:\/\/www.rassegnastampa-totustuus.it\/cattolica\/?p=59680"},"modified":"2024-02-22T10:15:07","modified_gmt":"2024-02-22T09:15:07","slug":"eutanasia-soluzione-per-chi","status":"publish","type":"post","link":"https:\/\/www.rassegnastampa-totustuus.it\/cattolica\/eutanasia-soluzione-per-chi\/","title":{"rendered":"Eutanasia: soluzione per chi?"},"content":{"rendered":"<p style=\"text-align: center;\"><span style=\"color: #0000ff;\"><strong><img loading=\"lazy\" decoding=\"async\" class=\"size-medium wp-image-54975 alignleft\" src=\"https:\/\/www.rassegnastampa-totustuus.it\/cattolica\/wp-content\/uploads\/2022\/10\/eutanasia_cura-1-300x214.jpg\" alt=\"Eutanasia: soluzione per chi?\" width=\"300\" height=\"214\" srcset=\"https:\/\/www.rassegnastampa-totustuus.it\/cattolica\/wp-content\/uploads\/2022\/10\/eutanasia_cura-1-300x214.jpg 300w, https:\/\/www.rassegnastampa-totustuus.it\/cattolica\/wp-content\/uploads\/2022\/10\/eutanasia_cura-1.jpg 750w\" sizes=\"auto, (max-width: 300px) 100vw, 300px\" \/><a style=\"color: #0000ff;\" href=\"http:\/\/www.corrieredelsud.it\/\" target=\"_blank\" rel=\"noopener\">Corriere del Sud<\/a><\/strong> <\/span>14 Febbraio 2024<\/p>\n<p style=\"text-align: center;\"><span style=\"color: #000000;\">di <strong>Andrea Bartelloni<\/strong><\/span><\/p>\n<p style=\"text-align: justify;\"><span style=\"color: #000000;\">\u201cNon \u00e8 la soluzione\u201d. Nessuno nega la sofferenza legata alla malattia o alla morte, che spesso ne \u00e8 l\u2019esito inevitabile, ma occorre essere consapevoli del come affrontare queste evenienze della vita. La malattia si pu\u00f2 curare e spesso si pu\u00f2 guarire, il dolore si pu\u00f2 lenire, la morte si pu\u00f2 attendere nel modo pi\u00f9 dignitoso possibile.<\/span><\/p>\n<p><!--more--><\/p>\n<p style=\"text-align: justify;\"><span style=\"color: #000000;\">Essere cos\u00ec, accompagnati \u201cnel morire\u201d e non \u201ca morire\u201d, \u00e8 la sfida che ci attende grazie anche ai progressi della medicina che hanno allungato molto la nostra vita e fatto si che molte malattie, che un tempo avevano un esito infausto e rapido, siano controllate con successo. L\u2019eutanasia e il suicidio assistito accompagnano \u201ca morire\u201d, ma si \u00e8 visto che dove il malato che non pu\u00f2 guarire o chi \u00e8 giunto alla fine naturale della sua vita, viene assistito, seguito e affidato a chi si occupa di cure palliative, le richieste di eutanasia e di suicidio assistito si riducono drasticamente.<\/span><\/p>\n<p style=\"text-align: justify;\"><span style=\"color: #000000;\"><img loading=\"lazy\" decoding=\"async\" class=\"size-medium wp-image-54974 alignright\" src=\"https:\/\/www.rassegnastampa-totustuus.it\/cattolica\/wp-content\/uploads\/2022\/10\/eutanasia_cura-200x300.jpg\" alt=\"\" width=\"200\" height=\"300\" srcset=\"https:\/\/www.rassegnastampa-totustuus.it\/cattolica\/wp-content\/uploads\/2022\/10\/eutanasia_cura-200x300.jpg 200w, https:\/\/www.rassegnastampa-totustuus.it\/cattolica\/wp-content\/uploads\/2022\/10\/eutanasia_cura.jpg 681w\" sizes=\"auto, (max-width: 200px) 100vw, 200px\" \/>\u201c<em>L\u2019eutanasia non \u00e8 la soluzione. 50 domande e risposte sul fine vita, per aver sempre cura della vita (Cantagalli-Tempi, 2023)<\/em> \u00e8 un volumetto che affronta il problema del fine vita e della sua cura. \u201c50 domande per non abbandonare i pi\u00f9 deboli\u201d, le persone sole, con famiglie monoparentali, con familiari che \u201cnon hanno tempo\u201d per assistere i propri cari nel momento forse pi\u00f9 importante della vita. Persone che ti hanno tenuto per mano quando potevi cadere e non trovano nessuno che gli stia accanto quando sono loro a non stare pi\u00f9 in piedi.<\/span><\/p>\n<p style=\"text-align: justify;\"><span style=\"color: #000000;\">Poi ci sono i poveri che non riescono ad acquistare farmaci necessari, ma che sono a pagamento (fascia C) e da ultimo, gli stranieri. Persone vulnerabili alle quali, come diceva Cecily Sauders (1918-2005), la fondatrice nel 1967 degli hospice, \u201cse uno parlasse della necessit\u00e0 di introdurre per legge l\u2019eutanasia soprattutto toglierebbe la terra sotto i piedi (\u2026), che molto facilmente penserebbero: \u201cHo il diritto di abbreviare la mia vita, e dunque ora ho il dovere di farlo, perch\u00e9 sono un peso per gli altri, e la mia vita come parte della societ\u00e0 \u00e8 ormai priva di valore\u201d\u201d.<\/span><\/p>\n<p style=\"text-align: justify;\"><span style=\"color: #000000;\">E se ci fosse una legge che avalla la morte e la fa infliggere dallo Stato, porterebbe un messaggio di \u201cabbandono verso il malato\u201d. \u201cNessuno mette in discussione l\u2019esercizio del libero arbitrio\u201d e nessuno nega che \u201cla realt\u00e0 del suicidio appartenga alla drammaticit\u00e0 dell\u2019esercizio della libert\u00e0 personale\u201d, ma la legge Cappato\u201d vuole qualcosa di diverso.<\/span><\/p>\n<p style=\"text-align: justify;\"><span style=\"color: #000000;\"><img loading=\"lazy\" decoding=\"async\" class=\" wp-image-44636 alignleft\" src=\"https:\/\/www.rassegnastampa-totustuus.it\/cattolica\/wp-content\/uploads\/2019\/10\/Eutanasia-300x169.jpg\" alt=\"\" width=\"351\" height=\"198\" srcset=\"https:\/\/www.rassegnastampa-totustuus.it\/cattolica\/wp-content\/uploads\/2019\/10\/Eutanasia-300x169.jpg 300w, https:\/\/www.rassegnastampa-totustuus.it\/cattolica\/wp-content\/uploads\/2019\/10\/Eutanasia-768x433.jpg 768w, https:\/\/www.rassegnastampa-totustuus.it\/cattolica\/wp-content\/uploads\/2019\/10\/Eutanasia-1024x577.jpg 1024w, https:\/\/www.rassegnastampa-totustuus.it\/cattolica\/wp-content\/uploads\/2019\/10\/Eutanasia.jpg 1800w\" sizes=\"auto, (max-width: 351px) 100vw, 351px\" \/>Le domande alle quali il libretto curato dal Network associativo \u201cDitelo sui tetti\u201d e dal centro Studi Rosario Livatino, da delle risposte, sono le pi\u00f9 varie e tutte nella direzione di far capire che la soluzione \u00e8 la cura, il prendersi cura, che la dignit\u00e0 della vita \u201c\u00e8 intrinseca all\u2019essere umano in quanto umano. Altrimenti si arriverebbe ad individuare dei criteri la cui presenza renderebbe la vita non degna di essere vissuta (\u2026), i pi\u00f9 deboli verrebbero condizionati a sentirsi inutili e privi di dignit\u00e0, e a togliersi di mezzo\u201d.<\/span><\/p>\n<p style=\"text-align: justify;\"><span style=\"color: #000000;\">Le cure palliative, che nascono in Inghilterra nel 1967, tendono ad offrire \u201cla migliore qualit\u00e0 della vita possibile e il sollievo dalla sofferenze\u201d perch\u00e9 l\u2019eutanasia e il suicidio \u201cnon sono la soluzione\u201d.<\/span><\/p>\n","protected":false},"excerpt":{"rendered":"<p>Corriere del Sud 14 Febbraio 2024 di Andrea Bartelloni \u201cNon \u00e8 la soluzione\u201d. Nessuno nega la sofferenza legata alla malattia o alla morte, che spesso ne \u00e8 l\u2019esito inevitabile, ma occorre essere consapevoli del come affrontare queste evenienze della vita. La malattia si pu\u00f2 curare e spesso si pu\u00f2 guarire, il dolore si pu\u00f2 lenire, &hellip; <\/p>\n<p><a class=\"more-link btn\" href=\"https:\/\/www.rassegnastampa-totustuus.it\/cattolica\/eutanasia-soluzione-per-chi\/\">Continua a leggere<\/a><\/p>\n","protected":false},"author":6,"featured_media":54975,"comment_status":"closed","ping_status":"closed","sticky":false,"template":"","format":"standard","meta":{"footnotes":""},"categories":[55],"tags":[141],"class_list":["post-59680","post","type-post","status-publish","format-standard","has-post-thumbnail","hentry","category-eutanasia","tag-eutanasia-2","item-wrap"],"yoast_head":"<!-- This site is optimized with the Yoast SEO plugin v27.5 - https:\/\/yoast.com\/product\/yoast-seo-wordpress\/ -->\n<title>Eutanasia: soluzione per chi? - Rassegna Stampa Cattolica<\/title>\n<meta name=\"description\" content=\"Eutanasia: soluzione per chi? Nessuno nega la sofferenza legata alla malattia o alla morte che per\u00f2 spesso non \u00e8 l&#039;esito inevitabile\" \/>\n<meta name=\"robots\" content=\"index, follow, max-snippet:-1, max-image-preview:large, max-video-preview:-1\" \/>\n<link rel=\"canonical\" href=\"https:\/\/www.rassegnastampa-totustuus.it\/cattolica\/eutanasia-soluzione-per-chi\/\" \/>\n<meta property=\"og:locale\" content=\"it_IT\" \/>\n<meta property=\"og:type\" content=\"article\" \/>\n<meta property=\"og:title\" content=\"Eutanasia: soluzione per chi? - Rassegna Stampa Cattolica\" \/>\n<meta property=\"og:description\" content=\"Eutanasia: soluzione per chi? Nessuno nega la sofferenza legata alla malattia o alla morte che per\u00f2 spesso non \u00e8 l&#039;esito inevitabile\" \/>\n<meta property=\"og:url\" content=\"https:\/\/www.rassegnastampa-totustuus.it\/cattolica\/eutanasia-soluzione-per-chi\/\" \/>\n<meta property=\"og:site_name\" content=\"Rassegna Stampa Cattolica\" \/>\n<meta property=\"article:publisher\" content=\"https:\/\/www.facebook.com\/rassegnastampacattolica\" \/>\n<meta property=\"article:published_time\" content=\"2024-02-22T09:10:22+00:00\" \/>\n<meta property=\"article:modified_time\" content=\"2024-02-22T09:15:07+00:00\" \/>\n<meta property=\"og:image\" content=\"https:\/\/www.rassegnastampa-totustuus.it\/cattolica\/wp-content\/uploads\/2022\/10\/eutanasia_cura-1.jpg\" \/>\n\t<meta property=\"og:image:width\" content=\"750\" \/>\n\t<meta property=\"og:image:height\" content=\"536\" \/>\n\t<meta property=\"og:image:type\" content=\"image\/jpeg\" \/>\n<meta name=\"author\" content=\"Redazione\" \/>\n<meta name=\"twitter:card\" content=\"summary_large_image\" \/>\n<meta name=\"twitter:creator\" content=\"@rassegnastampa9\" \/>\n<meta name=\"twitter:site\" content=\"@rassegnastampa9\" \/>\n<meta name=\"twitter:label1\" content=\"Scritto da\" \/>\n\t<meta name=\"twitter:data1\" content=\"Redazione\" \/>\n\t<meta name=\"twitter:label2\" content=\"Tempo di lettura stimato\" \/>\n\t<meta name=\"twitter:data2\" content=\"4 minuti\" \/>\n<script type=\"application\/ld+json\" class=\"yoast-schema-graph\">{\"@context\":\"https:\\\/\\\/schema.org\",\"@graph\":[{\"@type\":\"Article\",\"@id\":\"https:\\\/\\\/www.rassegnastampa-totustuus.it\\\/cattolica\\\/eutanasia-soluzione-per-chi\\\/#article\",\"isPartOf\":{\"@id\":\"https:\\\/\\\/www.rassegnastampa-totustuus.it\\\/cattolica\\\/eutanasia-soluzione-per-chi\\\/\"},\"author\":{\"name\":\"Redazione\",\"@id\":\"https:\\\/\\\/www.rassegnastampa-totustuus.it\\\/cattolica\\\/#\\\/schema\\\/person\\\/08f319d2bd1a0904ad9e2bfb7b15e5c3\"},\"headline\":\"Eutanasia: soluzione per chi?\",\"datePublished\":\"2024-02-22T09:10:22+00:00\",\"dateModified\":\"2024-02-22T09:15:07+00:00\",\"mainEntityOfPage\":{\"@id\":\"https:\\\/\\\/www.rassegnastampa-totustuus.it\\\/cattolica\\\/eutanasia-soluzione-per-chi\\\/\"},\"wordCount\":525,\"publisher\":{\"@id\":\"https:\\\/\\\/www.rassegnastampa-totustuus.it\\\/cattolica\\\/#organization\"},\"image\":{\"@id\":\"https:\\\/\\\/www.rassegnastampa-totustuus.it\\\/cattolica\\\/eutanasia-soluzione-per-chi\\\/#primaryimage\"},\"thumbnailUrl\":\"https:\\\/\\\/www.rassegnastampa-totustuus.it\\\/cattolica\\\/wp-content\\\/uploads\\\/2022\\\/10\\\/eutanasia_cura-1.jpg\",\"keywords\":[\"eutanasia\"],\"articleSection\":[\"Eutanasia\"],\"inLanguage\":\"it-IT\"},{\"@type\":\"WebPage\",\"@id\":\"https:\\\/\\\/www.rassegnastampa-totustuus.it\\\/cattolica\\\/eutanasia-soluzione-per-chi\\\/\",\"url\":\"https:\\\/\\\/www.rassegnastampa-totustuus.it\\\/cattolica\\\/eutanasia-soluzione-per-chi\\\/\",\"name\":\"Eutanasia: soluzione per chi? - Rassegna Stampa Cattolica\",\"isPartOf\":{\"@id\":\"https:\\\/\\\/www.rassegnastampa-totustuus.it\\\/cattolica\\\/#website\"},\"primaryImageOfPage\":{\"@id\":\"https:\\\/\\\/www.rassegnastampa-totustuus.it\\\/cattolica\\\/eutanasia-soluzione-per-chi\\\/#primaryimage\"},\"image\":{\"@id\":\"https:\\\/\\\/www.rassegnastampa-totustuus.it\\\/cattolica\\\/eutanasia-soluzione-per-chi\\\/#primaryimage\"},\"thumbnailUrl\":\"https:\\\/\\\/www.rassegnastampa-totustuus.it\\\/cattolica\\\/wp-content\\\/uploads\\\/2022\\\/10\\\/eutanasia_cura-1.jpg\",\"datePublished\":\"2024-02-22T09:10:22+00:00\",\"dateModified\":\"2024-02-22T09:15:07+00:00\",\"description\":\"Eutanasia: soluzione per chi? Nessuno nega la sofferenza legata alla malattia o alla morte che per\u00f2 spesso non \u00e8 l'esito inevitabile\",\"breadcrumb\":{\"@id\":\"https:\\\/\\\/www.rassegnastampa-totustuus.it\\\/cattolica\\\/eutanasia-soluzione-per-chi\\\/#breadcrumb\"},\"inLanguage\":\"it-IT\",\"potentialAction\":[{\"@type\":\"ReadAction\",\"target\":[\"https:\\\/\\\/www.rassegnastampa-totustuus.it\\\/cattolica\\\/eutanasia-soluzione-per-chi\\\/\"]}]},{\"@type\":\"ImageObject\",\"inLanguage\":\"it-IT\",\"@id\":\"https:\\\/\\\/www.rassegnastampa-totustuus.it\\\/cattolica\\\/eutanasia-soluzione-per-chi\\\/#primaryimage\",\"url\":\"https:\\\/\\\/www.rassegnastampa-totustuus.it\\\/cattolica\\\/wp-content\\\/uploads\\\/2022\\\/10\\\/eutanasia_cura-1.jpg\",\"contentUrl\":\"https:\\\/\\\/www.rassegnastampa-totustuus.it\\\/cattolica\\\/wp-content\\\/uploads\\\/2022\\\/10\\\/eutanasia_cura-1.jpg\",\"width\":750,\"height\":536,\"caption\":\"Eutanasia: soluzione per chi?\"},{\"@type\":\"BreadcrumbList\",\"@id\":\"https:\\\/\\\/www.rassegnastampa-totustuus.it\\\/cattolica\\\/eutanasia-soluzione-per-chi\\\/#breadcrumb\",\"itemListElement\":[{\"@type\":\"ListItem\",\"position\":1,\"name\":\"Home\",\"item\":\"https:\\\/\\\/www.rassegnastampa-totustuus.it\\\/cattolica\\\/\"},{\"@type\":\"ListItem\",\"position\":2,\"name\":\"Eutanasia: soluzione per chi?\"}]},{\"@type\":\"WebSite\",\"@id\":\"https:\\\/\\\/www.rassegnastampa-totustuus.it\\\/cattolica\\\/#website\",\"url\":\"https:\\\/\\\/www.rassegnastampa-totustuus.it\\\/cattolica\\\/\",\"name\":\"Rassegna Stampa Cattolica\",\"description\":\"Per una cultura che nasce dalla Rivelazione cristiana in conformit\u00e0 alla tradizione e al Magistero della Chiesa in opposizione ad ogni relativismo e totalitarismo\",\"publisher\":{\"@id\":\"https:\\\/\\\/www.rassegnastampa-totustuus.it\\\/cattolica\\\/#organization\"},\"alternateName\":\"Rass. Cattolica\",\"potentialAction\":[{\"@type\":\"SearchAction\",\"target\":{\"@type\":\"EntryPoint\",\"urlTemplate\":\"https:\\\/\\\/www.rassegnastampa-totustuus.it\\\/cattolica\\\/?s={search_term_string}\"},\"query-input\":{\"@type\":\"PropertyValueSpecification\",\"valueRequired\":true,\"valueName\":\"search_term_string\"}}],\"inLanguage\":\"it-IT\"},{\"@type\":\"Organization\",\"@id\":\"https:\\\/\\\/www.rassegnastampa-totustuus.it\\\/cattolica\\\/#organization\",\"name\":\"Rassegna Stampa Cattolica\",\"url\":\"https:\\\/\\\/www.rassegnastampa-totustuus.it\\\/cattolica\\\/\",\"logo\":{\"@type\":\"ImageObject\",\"inLanguage\":\"it-IT\",\"@id\":\"https:\\\/\\\/www.rassegnastampa-totustuus.it\\\/cattolica\\\/#\\\/schema\\\/logo\\\/image\\\/\",\"url\":\"https:\\\/\\\/www.rassegnastampa-totustuus.it\\\/cattolica\\\/wp-content\\\/uploads\\\/2014\\\/04\\\/logo-rassegna1.gif\",\"contentUrl\":\"https:\\\/\\\/www.rassegnastampa-totustuus.it\\\/cattolica\\\/wp-content\\\/uploads\\\/2014\\\/04\\\/logo-rassegna1.gif\",\"width\":600,\"height\":163,\"caption\":\"Rassegna Stampa Cattolica\"},\"image\":{\"@id\":\"https:\\\/\\\/www.rassegnastampa-totustuus.it\\\/cattolica\\\/#\\\/schema\\\/logo\\\/image\\\/\"},\"sameAs\":[\"https:\\\/\\\/www.facebook.com\\\/rassegnastampacattolica\",\"https:\\\/\\\/x.com\\\/rassegnastampa9\"]},{\"@type\":\"Person\",\"@id\":\"https:\\\/\\\/www.rassegnastampa-totustuus.it\\\/cattolica\\\/#\\\/schema\\\/person\\\/08f319d2bd1a0904ad9e2bfb7b15e5c3\",\"name\":\"Redazione\",\"image\":{\"@type\":\"ImageObject\",\"inLanguage\":\"it-IT\",\"@id\":\"https:\\\/\\\/secure.gravatar.com\\\/avatar\\\/2fcdf27c78ea025fbdb44e914cc63c72249ffec9dc8aafd5c82b26240ef3f346?s=96&d=mm&r=g\",\"url\":\"https:\\\/\\\/secure.gravatar.com\\\/avatar\\\/2fcdf27c78ea025fbdb44e914cc63c72249ffec9dc8aafd5c82b26240ef3f346?s=96&d=mm&r=g\",\"contentUrl\":\"https:\\\/\\\/secure.gravatar.com\\\/avatar\\\/2fcdf27c78ea025fbdb44e914cc63c72249ffec9dc8aafd5c82b26240ef3f346?s=96&d=mm&r=g\",\"caption\":\"Redazione\"},\"url\":\"https:\\\/\\\/www.rassegnastampa-totustuus.it\\\/cattolica\\\/author\\\/pietroelle\\\/\"}]}<\/script>\n<!-- \/ Yoast SEO plugin. -->","yoast_head_json":{"title":"Eutanasia: soluzione per chi? - Rassegna Stampa Cattolica","description":"Eutanasia: soluzione per chi? Nessuno nega la sofferenza legata alla malattia o alla morte che per\u00f2 spesso non \u00e8 l'esito inevitabile","robots":{"index":"index","follow":"follow","max-snippet":"max-snippet:-1","max-image-preview":"max-image-preview:large","max-video-preview":"max-video-preview:-1"},"canonical":"https:\/\/www.rassegnastampa-totustuus.it\/cattolica\/eutanasia-soluzione-per-chi\/","og_locale":"it_IT","og_type":"article","og_title":"Eutanasia: soluzione per chi? - Rassegna Stampa Cattolica","og_description":"Eutanasia: soluzione per chi? Nessuno nega la sofferenza legata alla malattia o alla morte che per\u00f2 spesso non \u00e8 l'esito inevitabile","og_url":"https:\/\/www.rassegnastampa-totustuus.it\/cattolica\/eutanasia-soluzione-per-chi\/","og_site_name":"Rassegna Stampa Cattolica","article_publisher":"https:\/\/www.facebook.com\/rassegnastampacattolica","article_published_time":"2024-02-22T09:10:22+00:00","article_modified_time":"2024-02-22T09:15:07+00:00","og_image":[{"width":750,"height":536,"url":"https:\/\/www.rassegnastampa-totustuus.it\/cattolica\/wp-content\/uploads\/2022\/10\/eutanasia_cura-1.jpg","type":"image\/jpeg"}],"author":"Redazione","twitter_card":"summary_large_image","twitter_creator":"@rassegnastampa9","twitter_site":"@rassegnastampa9","twitter_misc":{"Scritto da":"Redazione","Tempo di lettura stimato":"4 minuti"},"schema":{"@context":"https:\/\/schema.org","@graph":[{"@type":"Article","@id":"https:\/\/www.rassegnastampa-totustuus.it\/cattolica\/eutanasia-soluzione-per-chi\/#article","isPartOf":{"@id":"https:\/\/www.rassegnastampa-totustuus.it\/cattolica\/eutanasia-soluzione-per-chi\/"},"author":{"name":"Redazione","@id":"https:\/\/www.rassegnastampa-totustuus.it\/cattolica\/#\/schema\/person\/08f319d2bd1a0904ad9e2bfb7b15e5c3"},"headline":"Eutanasia: soluzione per chi?","datePublished":"2024-02-22T09:10:22+00:00","dateModified":"2024-02-22T09:15:07+00:00","mainEntityOfPage":{"@id":"https:\/\/www.rassegnastampa-totustuus.it\/cattolica\/eutanasia-soluzione-per-chi\/"},"wordCount":525,"publisher":{"@id":"https:\/\/www.rassegnastampa-totustuus.it\/cattolica\/#organization"},"image":{"@id":"https:\/\/www.rassegnastampa-totustuus.it\/cattolica\/eutanasia-soluzione-per-chi\/#primaryimage"},"thumbnailUrl":"https:\/\/www.rassegnastampa-totustuus.it\/cattolica\/wp-content\/uploads\/2022\/10\/eutanasia_cura-1.jpg","keywords":["eutanasia"],"articleSection":["Eutanasia"],"inLanguage":"it-IT"},{"@type":"WebPage","@id":"https:\/\/www.rassegnastampa-totustuus.it\/cattolica\/eutanasia-soluzione-per-chi\/","url":"https:\/\/www.rassegnastampa-totustuus.it\/cattolica\/eutanasia-soluzione-per-chi\/","name":"Eutanasia: soluzione per chi? - Rassegna Stampa Cattolica","isPartOf":{"@id":"https:\/\/www.rassegnastampa-totustuus.it\/cattolica\/#website"},"primaryImageOfPage":{"@id":"https:\/\/www.rassegnastampa-totustuus.it\/cattolica\/eutanasia-soluzione-per-chi\/#primaryimage"},"image":{"@id":"https:\/\/www.rassegnastampa-totustuus.it\/cattolica\/eutanasia-soluzione-per-chi\/#primaryimage"},"thumbnailUrl":"https:\/\/www.rassegnastampa-totustuus.it\/cattolica\/wp-content\/uploads\/2022\/10\/eutanasia_cura-1.jpg","datePublished":"2024-02-22T09:10:22+00:00","dateModified":"2024-02-22T09:15:07+00:00","description":"Eutanasia: soluzione per chi? Nessuno nega la sofferenza legata alla malattia o alla morte che per\u00f2 spesso non \u00e8 l'esito inevitabile","breadcrumb":{"@id":"https:\/\/www.rassegnastampa-totustuus.it\/cattolica\/eutanasia-soluzione-per-chi\/#breadcrumb"},"inLanguage":"it-IT","potentialAction":[{"@type":"ReadAction","target":["https:\/\/www.rassegnastampa-totustuus.it\/cattolica\/eutanasia-soluzione-per-chi\/"]}]},{"@type":"ImageObject","inLanguage":"it-IT","@id":"https:\/\/www.rassegnastampa-totustuus.it\/cattolica\/eutanasia-soluzione-per-chi\/#primaryimage","url":"https:\/\/www.rassegnastampa-totustuus.it\/cattolica\/wp-content\/uploads\/2022\/10\/eutanasia_cura-1.jpg","contentUrl":"https:\/\/www.rassegnastampa-totustuus.it\/cattolica\/wp-content\/uploads\/2022\/10\/eutanasia_cura-1.jpg","width":750,"height":536,"caption":"Eutanasia: soluzione per chi?"},{"@type":"BreadcrumbList","@id":"https:\/\/www.rassegnastampa-totustuus.it\/cattolica\/eutanasia-soluzione-per-chi\/#breadcrumb","itemListElement":[{"@type":"ListItem","position":1,"name":"Home","item":"https:\/\/www.rassegnastampa-totustuus.it\/cattolica\/"},{"@type":"ListItem","position":2,"name":"Eutanasia: soluzione per chi?"}]},{"@type":"WebSite","@id":"https:\/\/www.rassegnastampa-totustuus.it\/cattolica\/#website","url":"https:\/\/www.rassegnastampa-totustuus.it\/cattolica\/","name":"Rassegna Stampa Cattolica","description":"Per una cultura che nasce dalla Rivelazione cristiana in conformit\u00e0 alla tradizione e al Magistero della Chiesa in opposizione ad ogni relativismo e totalitarismo","publisher":{"@id":"https:\/\/www.rassegnastampa-totustuus.it\/cattolica\/#organization"},"alternateName":"Rass. Cattolica","potentialAction":[{"@type":"SearchAction","target":{"@type":"EntryPoint","urlTemplate":"https:\/\/www.rassegnastampa-totustuus.it\/cattolica\/?s={search_term_string}"},"query-input":{"@type":"PropertyValueSpecification","valueRequired":true,"valueName":"search_term_string"}}],"inLanguage":"it-IT"},{"@type":"Organization","@id":"https:\/\/www.rassegnastampa-totustuus.it\/cattolica\/#organization","name":"Rassegna Stampa Cattolica","url":"https:\/\/www.rassegnastampa-totustuus.it\/cattolica\/","logo":{"@type":"ImageObject","inLanguage":"it-IT","@id":"https:\/\/www.rassegnastampa-totustuus.it\/cattolica\/#\/schema\/logo\/image\/","url":"https:\/\/www.rassegnastampa-totustuus.it\/cattolica\/wp-content\/uploads\/2014\/04\/logo-rassegna1.gif","contentUrl":"https:\/\/www.rassegnastampa-totustuus.it\/cattolica\/wp-content\/uploads\/2014\/04\/logo-rassegna1.gif","width":600,"height":163,"caption":"Rassegna Stampa Cattolica"},"image":{"@id":"https:\/\/www.rassegnastampa-totustuus.it\/cattolica\/#\/schema\/logo\/image\/"},"sameAs":["https:\/\/www.facebook.com\/rassegnastampacattolica","https:\/\/x.com\/rassegnastampa9"]},{"@type":"Person","@id":"https:\/\/www.rassegnastampa-totustuus.it\/cattolica\/#\/schema\/person\/08f319d2bd1a0904ad9e2bfb7b15e5c3","name":"Redazione","image":{"@type":"ImageObject","inLanguage":"it-IT","@id":"https:\/\/secure.gravatar.com\/avatar\/2fcdf27c78ea025fbdb44e914cc63c72249ffec9dc8aafd5c82b26240ef3f346?s=96&d=mm&r=g","url":"https:\/\/secure.gravatar.com\/avatar\/2fcdf27c78ea025fbdb44e914cc63c72249ffec9dc8aafd5c82b26240ef3f346?s=96&d=mm&r=g","contentUrl":"https:\/\/secure.gravatar.com\/avatar\/2fcdf27c78ea025fbdb44e914cc63c72249ffec9dc8aafd5c82b26240ef3f346?s=96&d=mm&r=g","caption":"Redazione"},"url":"https:\/\/www.rassegnastampa-totustuus.it\/cattolica\/author\/pietroelle\/"}]}},"_links":{"self":[{"href":"https:\/\/www.rassegnastampa-totustuus.it\/cattolica\/wp-json\/wp\/v2\/posts\/59680","targetHints":{"allow":["GET"]}}],"collection":[{"href":"https:\/\/www.rassegnastampa-totustuus.it\/cattolica\/wp-json\/wp\/v2\/posts"}],"about":[{"href":"https:\/\/www.rassegnastampa-totustuus.it\/cattolica\/wp-json\/wp\/v2\/types\/post"}],"author":[{"embeddable":true,"href":"https:\/\/www.rassegnastampa-totustuus.it\/cattolica\/wp-json\/wp\/v2\/users\/6"}],"replies":[{"embeddable":true,"href":"https:\/\/www.rassegnastampa-totustuus.it\/cattolica\/wp-json\/wp\/v2\/comments?post=59680"}],"version-history":[{"count":2,"href":"https:\/\/www.rassegnastampa-totustuus.it\/cattolica\/wp-json\/wp\/v2\/posts\/59680\/revisions"}],"predecessor-version":[{"id":59683,"href":"https:\/\/www.rassegnastampa-totustuus.it\/cattolica\/wp-json\/wp\/v2\/posts\/59680\/revisions\/59683"}],"wp:featuredmedia":[{"embeddable":true,"href":"https:\/\/www.rassegnastampa-totustuus.it\/cattolica\/wp-json\/wp\/v2\/media\/54975"}],"wp:attachment":[{"href":"https:\/\/www.rassegnastampa-totustuus.it\/cattolica\/wp-json\/wp\/v2\/media?parent=59680"}],"wp:term":[{"taxonomy":"category","embeddable":true,"href":"https:\/\/www.rassegnastampa-totustuus.it\/cattolica\/wp-json\/wp\/v2\/categories?post=59680"},{"taxonomy":"post_tag","embeddable":true,"href":"https:\/\/www.rassegnastampa-totustuus.it\/cattolica\/wp-json\/wp\/v2\/tags?post=59680"}],"curies":[{"name":"wp","href":"https:\/\/api.w.org\/{rel}","templated":true}]}}