{"id":59675,"date":"2024-02-20T16:56:38","date_gmt":"2024-02-20T15:56:38","guid":{"rendered":"https:\/\/www.rassegnastampa-totustuus.it\/cattolica\/?p=59675"},"modified":"2024-02-20T16:56:40","modified_gmt":"2024-02-20T15:56:40","slug":"lunione-europea-verso-la-fine-della-legislatura-i-dossier-aperti","status":"publish","type":"post","link":"https:\/\/www.rassegnastampa-totustuus.it\/cattolica\/lunione-europea-verso-la-fine-della-legislatura-i-dossier-aperti\/","title":{"rendered":"Unione europea verso la fine della legislatura, i dossier aperti"},"content":{"rendered":"<p style=\"text-align: justify;\"><span style=\"color: #000000;\"><strong><img loading=\"lazy\" decoding=\"async\" class=\" wp-image-59678 alignright\" src=\"https:\/\/www.rassegnastampa-totustuus.it\/cattolica\/wp-content\/uploads\/2024\/02\/elezioni_europa.jpg\" alt=\"\" width=\"260\" height=\"193\" \/>Abstract: <\/strong><em>Unione europea verso la fine della legislatura, i dossier aperti che il nuovo Parlamento dovr\u00e0 affrontare: dal Green Deal alla riforma del mercato farmaceutico, dalla direttiva imballaggi al rilancio dell\u2019automotive. Sullo sfondo la nuova geografia delle alleanze in vista delle elezioni del 9 giugno con i recenti passaggi del partito del premier ungherese Viktor Orb\u00e1n Fidesz e di quellofondato da \u00c9ric Zemmour Reconqu\u00eate! nel gruppo parlamentare europeo guidato da Giorgia Meloni <\/em><\/span><\/p>\n<p><!--more--><\/p>\n<p style=\"text-align: center;\"><span style=\"color: #000000;\"><span style=\"color: #0000ff;\"><a style=\"color: #0000ff;\" href=\"https:\/\/www.ilibridelborghese.it\/prodotto\/il-borghese-quindicinale\/\" target=\"_blank\" rel=\"noopener\"><strong>Il Borghese quindicinale<\/strong><\/a><\/span>15 febbraio 2024<\/span><\/p>\n<h3 style=\"text-align: center;\">L\u2019Unione Europea verso la fine della legislatura<\/h3>\n<p style=\"text-align: center;\"><span style=\"color: #000000;\">di <strong>Giuseppe Brienza<\/strong> <\/span><\/p>\n<p style=\"text-align: justify;\"><span style=\"color: #000000;\">L\u2019Unione Europea corre verso la fine della legislatura lasciando una serie di <em>dossier<\/em> aperti, dal <em>Green Deal<\/em> alla riforma del mercato farmaceutico, dalla direttiva imballaggi al rilancio dell\u2019<em>automotive<\/em>. Sullo sfondo la nuova geografia delle alleanze in vista delle elezioni del 9 giugno con i recenti passaggi del partito del premier ungherese Viktor Orb\u00e1n <em>Fidesz <\/em>e di quello fondato da \u00c9ric Zemmour<em> Reconqu\u00eate!<\/em> nel gruppo parlamentare europeo guidato da Giorgia Meloni (<em>Ecr<\/em>).<\/span><\/p>\n<p style=\"text-align: justify;\"><span style=\"color: #000000;\">Ma veniamo all\u2019<em>Agenda verde<\/em> &#8211; il cosiddetto <em>Green Deal<\/em> appunto &#8211; che dovrebbe portare (secondo l\u2019attuale \u201cmaggioranza Ursula\u201d in Commissione europea) alla c.d. neutralit\u00e0 climatica entro il 2050.<\/span><\/p>\n<p style=\"text-align: justify;\"><span style=\"color: #000000;\">La protesta dei trattori, che ha bloccato vie e piazze in vari Paesi d\u2019Europa e che ha visto il suo culmine nella grande manifestazione del 1\u00b0 febbraio a Bruxelles davanti alla sede del Consiglio europeo, ha avuto come obiettivo proprio le istituzioni e le politiche comunitarie dirette a realizzare la c.d. <em>transizione ecologica<\/em>. Per raggiungere questa chimera l\u2019Unione Europea pretendeva infatti che gli agricoltori tutto in una volta:<\/span><\/p>\n<ul>\n<li><span style=\"color: #000000;\">eliminassero i \u201cpesticidi dannosi\u201d (che avrebbero dovuti essere dimezzati entro il 2030),<\/span><\/li>\n<li><span style=\"color: #000000;\">aumentassero la rotazione delle colture,<\/span><\/li>\n<li><span style=\"color: #000000;\">introducessero nuove tecnologie nelle coltivazioni,<\/span><\/li>\n<li><span style=\"color: #000000;\">riducessero le emissioni e gli \u201csprechi alimentari\u201d.<\/span><\/li>\n<\/ul>\n<p style=\"text-align: justify;\">In pratica, che auto-condannassero l\u2019intero settore agricolo europeo al fallimento. Gli agricoltori uniti hanno chiesto piuttosto alla Commissione europea sussidi pi\u00f9 equi, misure in grado di calmierare i costi dei carburanti (in Germania in particolare sono parecchio aumentate negli ultimi mesi le tasse sul diesel agricolo), proroga dell&#8217;ammissione sul mercato della carne sintetica, misure per regolare l&#8217;installazione di impianti fotovoltaici sui terreni produttivi e, su tutto, snellimento generale della burocrazia. Tanto pi\u00f9 che la PAC (<em>Politica Agricola Comune<\/em>) si \u00e8 fatta sempre pi\u00f9 rigida ed esigente nell\u2019imporre sempre nuove regole per il rispetto dell&#8217;ambiente condannando gli agricoltori alla perdita di quote di mercato a causa della \u201cslealt\u00e0\u201d della concorrenza extra-europea che non ha nessun obbligo di rispettare i canoni <em>green<\/em>.<\/p>\n<p style=\"text-align: justify;\">\u00ab<em>Se oggi \u00e8 in atto in ogni angolo dell&#8217;Europa la rivolta dei contadini ne \u00e8 unico responsabile l&#8217;ex commissario socialista olandese all&#8217;ambiente. Quanto alla Commissione Ue \u00e8 stata incapace di arginare il furore ideologico ambientalista e oggi mostra tutta la propria debolezza. Il prossimo Parlamento<\/em> &#8211; ha dichiarato il capogruppo di <em>Forza Italia<\/em> al Parlamento europeo Fulvio Martusciello &#8211; <em>cambier\u00e0 profondamente queste politiche mettendo al centro agricoltori e imprese<\/em>\u00bb.<\/p>\n<p style=\"text-align: justify;\">Gli ha fatto eco il presidente del Consiglio Giorgia Meloni che, nel corso di una conferenza stampa, ha detto chiaramente: \u00ab<em>Sono leader politico di un partito che in Europa ha votato contro la gran parte delle questioni che giustamente oggi gli agricoltori pongono. Penso si sia sbagliato molto da questo punto di vista. Abbiamo detto che la transizione ecologica non doveva essere ideologica e che non dovevamo scambiare la sostenibilit\u00e0 ambientale con quella economica e sociale, e oggi cominciamo a vedere i risultati<\/em>\u00bb. Per la premier in definitiva la politica europea in materia di agricoltura \u00ab<em>va cambiata<\/em>\u00bb, e non si pensi che questa sia una questione da porre solo per il Vecchio Continente. Ricordiamo infatti che l\u2019agricoltura garantisce oggi reddito a circa 3 miliardi di esseri umani (di cui 1 miliardo dediti alla zootecnia), i quali operano in 590 milioni di aziende agricole (9,1 milioni nella sola Unione Europea).<\/p>\n<p style=\"text-align: justify;\">Altra questione irrisolta \u00e8 quella farmaceutica. La Commissione guidata da Ursula Von Der Leyen ha proposto fin dal novembre 2020 la riforma pi\u00f9 ampia in oltre 20 anni della legislazione farmaceutica dell\u2019Unione Europea al fine di renderla \u00ab<em>pi\u00f9 agile, flessibile e adeguata alle esigenze dei cittadini e delle imprese dell&#8217;UE<\/em>\u00bb. Ma \u00e8 proprio cos\u00ec? La revisione, secondo i promotori, dovrebbe migliorare la disponibilit\u00e0 e l&#8217;accessibilit\u00e0, anche in termini di prezzi, dei medicinali ma, anche in questo campo, la linea prevalente \u00e8 quella dell\u2019ideologia <em>green<\/em>, mirando la riforma, come si legge nei comunicati ufficiali, a dare \u00ab<em>slancio alla competitivit\u00e0 e all&#8217;attrattiva dell&#8217;industria farmaceutica dell&#8217;UE promuovendo al contempo i parametri ambientali pi\u00f9 elevati<\/em>\u00bb ed a \u00ab<em>mitigare l&#8217;impatto ambientale della produzione di medicinali in linea con gli obiettivi del <\/em>Green Deal<em> europeo<\/em>\u00bb.<\/p>\n<p style=\"text-align: justify;\">Anche per questi motivi, quindi, il dossier farmaceutico \u00e8 rimasto aperto. La questione farmaceutica \u00e8 rimasta irrisolta perch\u00e9 l\u2019Italia (fra altri) l\u2019ha affrontata nella prospettiva dell\u2019interesse nazionale. Quello farmaceutico, infatti, come recentemente ribadito dal ministro della Salute Orazio Schillaci, \u00e8 un settore molto complesso, sia per il numero di attori coinvolti sia per i temi da valutare. \u00ab<em>C&#8217;\u00e8 innanzitutto il dovere del Servizio sanitario nazionale di tutelare la salute delle persone assicurando l&#8217;accesso ai farmaci migliori <\/em>&#8211; ha affermato Schillaci &#8211;<em>, e c&#8217;\u00e8 in gioco anche il ruolo dell&#8217;industria farmaceutica italiana, un settore d&#8217;eccellenza che, nel contesto delle regole di mercato, va sostenuto nell&#8217;interesse di tutti i cittadini, visti sia come pazienti sia come lavoratori<\/em>\u00bb.<\/p>\n<p style=\"text-align: justify;\">\u00c8 un bene, dunque, che la partita sia rimasta aperta e che la riforma del settore farmaceutico europeo debba ormai passare all\u2019esame del Consiglio e del Parlamento europeo che usciranno dalle prossime elezioni. La <em>Federazione Europea delle Industrie Farmaceutiche<\/em> aveva fra l\u2019altro inviato alla Commissione un documento molto critico su qualunque decisione che metta in discussione i meccanismi brevettuali e gli incentivi per le aziende, trovando una sponda in esponenti dei partiti di centrodestra tra i parlamentari europei.<\/p>\n<p style=\"text-align: justify;\">Venendo ora al regolamento imballaggi (<em>Ppwr<\/em>), dopo il voto del 22 novembre 2023 del Parlamento europeo che ha cos\u00ec definito la sua posizione negoziale, le varie questioni che hanno creato divisioni fra i vari protagonisti coinvolti sono ancora all\u2019ordine del giorno dei negoziati informali tra Parlamento, Consiglio e Commissione europea (il c.d. <em>trilogo<\/em>), iniziato gi\u00e0 a gennaio.<\/p>\n<p style=\"text-align: justify;\">Come sostenuto dall\u2019europarlamentare di <em>Forza Italia<\/em> Massimiliano Salini, relatore PPE sul nuovo regolamento, le richieste di modifica della proposta iniziale avanzate dagli esponenti del centrodestra sono state per lo pi\u00f9 accolte dal Parlamento, permangono per\u00f2 perplessit\u00e0 sui <em>target<\/em> insostenibili di riuso imposti e sull\u2019eccessivo accanimento contro la plastica. Nei <em>fast-food<\/em> non si vorrebbe quindi dover bere da bicchieri utilizzati da altri e lavati decine di volte, con enorme spreco di acqua e detergenti, oppure sarebbe opportuno che nei supermercati la frutta e verdura, a prescindere dal peso, conservi le caratteristiche di sicurezza, freschezza e salubrit\u00e0 che oggi sono in grado di garantire solo le confezioni monouso riciclabili.<\/p>\n<p style=\"text-align: justify;\">Concludendo con i <em>cahiers de dol\u00e9ances<\/em> sulla gestione economica europea della Commissione Von der Leyen, un riferimento al settore <em>automotive <\/em>\u00e8 d\u2019obbligo. Anche in questo campo, infatti, le richieste di Bruxelles relative alla transizione energetica hanno penalizzato non solo in generale il mercato e la produzione europea ma anche quella italiana. Per fare solo un esempio all\u2019attualit\u00e0, \u00e8 noto l\u2019annuncio fatto ai sindacati da parte del management di <em>Stellantis<\/em> della cassa integrazione per il mese di marzo per i 2260 operai di Mirafiori. Le linee della Maserati e della 500 elettrica, infatti, sono destinate a lavorare su un solo turno con tutte le conseguenze del caso, su tutte la ricaduta sul cd. <em>manufacturing<\/em>, ovvero il settore manufatturiero che si porta dietro, come noto, il 60% del nostro PIL. Mettere mano a questa situazione non significa concedere l\u2019ennesimo incentivo pubblico all\u2019acquisto delle auto elettriche (come vorrebbero i produttori), bens\u00ec orientare in modo virtuoso la produzione industriale nazionale cercando di intaccare in modo sostanziale la debolezza della rete infrastrutturale. Altrimenti continueranno soprattutto gli incrementi di quote di mercato (e di PIL) della Cina comunista: <em>pi\u00f9 l\u2019Europa soffre, pi\u00f9 dipende da Pechino<\/em>.<\/p>\n<p style=\"text-align: justify;\">Quindi nessuna battaglia ideologica contro l\u2019auto elettrica, ma rigetto dell\u2019imposizione esclusivista che vorrebbe imporre a tutti tale mezzo ancora non molto affidabile di trasporto. Se com\u2019\u00e8 logico appare indispensabile continuare a produrre veicoli col motore a combustione interna, occorrerebbe cercare di farlo con il maggior tasso possibile d\u2019innovazioni sensibili tanto nei metodi di produzione quanto nelle prestazioni. Alludo agli <em>e-fuel<\/em> e ai biocarburanti che, in maniera accorta, \u201csalverebbero\u201d l\u2019<em>automotive<\/em> italiana basata sul motore endotermico.<\/p>\n<p style=\"text-align: justify;\"><span style=\"color: #000000;\">Nel nostro Paese, del resto, \u00e8 una grande realt\u00e0 come l\u2019Eni a produrre i biocarburanti, a Marghera e a Gela: affinch\u00e9 la multinazionale italiana per antonomasia possa portare la produzione di biocarburanti a 2 milioni di tonnellate all\u2019anno nel 2025, e a 6 milioni nel 2035, come annunciato, certe forme di garanzia da parte del Governo andrebbero fornite e, magari, spiegate al popolo italiano senza complessi d\u2019inferiorit\u00e0 rispetto all\u2019ideologia imperante <em>green<\/em>.<\/span><\/p>\n<p style=\"text-align: justify;\"><span style=\"color: #000000;\">In definitiva, fra pochi mesi le premesse per l\u2019epocale inversione di rotta dell\u2019Unione Europea dopo i tre decenni di guida PPE\/<em>Socialisti &amp; Democratici<\/em> ci sono tutte. Sono ora gli elettori che dovranno fare la loro ed assumersi le proprie responsabilit\u00e0. Se il 9 giugno sapranno informarsi bene ed evitare l\u2019astensionismo una probabile alleanza del centro e della destra europea (<em>Ppe<\/em>, <em>Ecr<\/em> e <em>Id<\/em>) sarebbe finalmente in grado di rovesciare per un bel po\u2019 la cosiddetta \u201cmaggioranza Ursula\u201d (<em>S&amp;D<\/em>, <em>Ppe<\/em> e <em>liberali<\/em>). Con tutta la serie d\u2019importanti conseguenze nel modo di affrontare i dossier finora accennati (e diversi altri), a partire dalle masochistiche politiche di \u201ctransizione\u201d non sono ecologica ma anche <em>di genere<\/em>, non dimentichiamolo!<\/span><\/p>\n<p>__________________________________________<\/p>\n<p><strong>Leggi anche:<\/strong><\/p>\n<p><a href=\"https:\/\/www.rassegnastampa-totustuus.it\/cattolica\/elezioni-europee-le-ragioni-del-voto\/\" target=\"_blank\" rel=\"noopener\"><span style=\"color: #0000ff;\">Elezioni europee, le ragioni del voto<\/span><\/a><\/p>\n","protected":false},"excerpt":{"rendered":"<p>Abstract: Unione europea verso la fine della legislatura, i dossier aperti che il nuovo Parlamento dovr\u00e0 affrontare: dal Green Deal alla riforma del mercato farmaceutico, dalla direttiva imballaggi al rilancio dell\u2019automotive. Sullo sfondo la nuova geografia delle alleanze in vista delle elezioni del 9 giugno con i recenti passaggi del partito del premier ungherese Viktor &hellip; <\/p>\n<p><a class=\"more-link btn\" href=\"https:\/\/www.rassegnastampa-totustuus.it\/cattolica\/lunione-europea-verso-la-fine-della-legislatura-i-dossier-aperti\/\">Continua a leggere<\/a><\/p>\n","protected":false},"author":6,"featured_media":59678,"comment_status":"closed","ping_status":"closed","sticky":false,"template":"","format":"standard","meta":{"footnotes":""},"categories":[14],"tags":[2912,567,3032],"class_list":["post-59675","post","type-post","status-publish","format-standard","has-post-thumbnail","hentry","category-europa-e-ue","tag-elezioni","tag-europa-eu","tag-green-deal","item-wrap"],"yoast_head":"<!-- This site is optimized with the Yoast SEO plugin v27.5 - https:\/\/yoast.com\/product\/yoast-seo-wordpress\/ -->\n<title>Unione europea verso la fine della legislatura, i dossier aperti - Rassegna Stampa Cattolica<\/title>\n<meta name=\"description\" content=\"L\u2019Unione Europea verso la fine della Legislatura, i dossier aperti che il nuovo Parlamento dovr\u00e0 affrontare\" \/>\n<meta name=\"robots\" content=\"index, follow, max-snippet:-1, max-image-preview:large, max-video-preview:-1\" \/>\n<link rel=\"canonical\" href=\"https:\/\/www.rassegnastampa-totustuus.it\/cattolica\/lunione-europea-verso-la-fine-della-legislatura-i-dossier-aperti\/\" \/>\n<meta property=\"og:locale\" content=\"it_IT\" \/>\n<meta property=\"og:type\" content=\"article\" \/>\n<meta property=\"og:title\" content=\"Unione europea verso la fine della legislatura, i dossier aperti - Rassegna Stampa Cattolica\" \/>\n<meta property=\"og:description\" content=\"L\u2019Unione Europea verso la fine della Legislatura, i dossier aperti che il nuovo Parlamento dovr\u00e0 affrontare\" \/>\n<meta property=\"og:url\" content=\"https:\/\/www.rassegnastampa-totustuus.it\/cattolica\/lunione-europea-verso-la-fine-della-legislatura-i-dossier-aperti\/\" \/>\n<meta property=\"og:site_name\" content=\"Rassegna Stampa Cattolica\" \/>\n<meta property=\"article:publisher\" content=\"https:\/\/www.facebook.com\/rassegnastampacattolica\" \/>\n<meta property=\"article:published_time\" content=\"2024-02-20T15:56:38+00:00\" \/>\n<meta property=\"article:modified_time\" content=\"2024-02-20T15:56:40+00:00\" \/>\n<meta property=\"og:image\" content=\"https:\/\/www.rassegnastampa-totustuus.it\/cattolica\/wp-content\/uploads\/2024\/02\/elezioni_europa.jpg\" \/>\n\t<meta property=\"og:image:width\" content=\"474\" \/>\n\t<meta property=\"og:image:height\" content=\"352\" \/>\n\t<meta property=\"og:image:type\" content=\"image\/jpeg\" \/>\n<meta name=\"author\" content=\"Redazione\" \/>\n<meta name=\"twitter:card\" content=\"summary_large_image\" \/>\n<meta name=\"twitter:creator\" content=\"@rassegnastampa9\" \/>\n<meta name=\"twitter:site\" content=\"@rassegnastampa9\" \/>\n<meta name=\"twitter:label1\" content=\"Scritto da\" \/>\n\t<meta name=\"twitter:data1\" content=\"Redazione\" \/>\n\t<meta name=\"twitter:label2\" content=\"Tempo di lettura stimato\" \/>\n\t<meta name=\"twitter:data2\" content=\"9 minuti\" \/>\n<script type=\"application\/ld+json\" class=\"yoast-schema-graph\">{\"@context\":\"https:\\\/\\\/schema.org\",\"@graph\":[{\"@type\":\"Article\",\"@id\":\"https:\\\/\\\/www.rassegnastampa-totustuus.it\\\/cattolica\\\/lunione-europea-verso-la-fine-della-legislatura-i-dossier-aperti\\\/#article\",\"isPartOf\":{\"@id\":\"https:\\\/\\\/www.rassegnastampa-totustuus.it\\\/cattolica\\\/lunione-europea-verso-la-fine-della-legislatura-i-dossier-aperti\\\/\"},\"author\":{\"name\":\"Redazione\",\"@id\":\"https:\\\/\\\/www.rassegnastampa-totustuus.it\\\/cattolica\\\/#\\\/schema\\\/person\\\/08f319d2bd1a0904ad9e2bfb7b15e5c3\"},\"headline\":\"Unione europea verso la fine della legislatura, i dossier aperti\",\"datePublished\":\"2024-02-20T15:56:38+00:00\",\"dateModified\":\"2024-02-20T15:56:40+00:00\",\"mainEntityOfPage\":{\"@id\":\"https:\\\/\\\/www.rassegnastampa-totustuus.it\\\/cattolica\\\/lunione-europea-verso-la-fine-della-legislatura-i-dossier-aperti\\\/\"},\"wordCount\":1603,\"publisher\":{\"@id\":\"https:\\\/\\\/www.rassegnastampa-totustuus.it\\\/cattolica\\\/#organization\"},\"image\":{\"@id\":\"https:\\\/\\\/www.rassegnastampa-totustuus.it\\\/cattolica\\\/lunione-europea-verso-la-fine-della-legislatura-i-dossier-aperti\\\/#primaryimage\"},\"thumbnailUrl\":\"https:\\\/\\\/www.rassegnastampa-totustuus.it\\\/cattolica\\\/wp-content\\\/uploads\\\/2024\\\/02\\\/elezioni_europa.jpg\",\"keywords\":[\"elezioni\",\"Europa EU\",\"green deal\"],\"articleSection\":[\"Europa e UE\"],\"inLanguage\":\"it-IT\"},{\"@type\":\"WebPage\",\"@id\":\"https:\\\/\\\/www.rassegnastampa-totustuus.it\\\/cattolica\\\/lunione-europea-verso-la-fine-della-legislatura-i-dossier-aperti\\\/\",\"url\":\"https:\\\/\\\/www.rassegnastampa-totustuus.it\\\/cattolica\\\/lunione-europea-verso-la-fine-della-legislatura-i-dossier-aperti\\\/\",\"name\":\"Unione europea verso la fine della legislatura, i dossier aperti - Rassegna Stampa Cattolica\",\"isPartOf\":{\"@id\":\"https:\\\/\\\/www.rassegnastampa-totustuus.it\\\/cattolica\\\/#website\"},\"primaryImageOfPage\":{\"@id\":\"https:\\\/\\\/www.rassegnastampa-totustuus.it\\\/cattolica\\\/lunione-europea-verso-la-fine-della-legislatura-i-dossier-aperti\\\/#primaryimage\"},\"image\":{\"@id\":\"https:\\\/\\\/www.rassegnastampa-totustuus.it\\\/cattolica\\\/lunione-europea-verso-la-fine-della-legislatura-i-dossier-aperti\\\/#primaryimage\"},\"thumbnailUrl\":\"https:\\\/\\\/www.rassegnastampa-totustuus.it\\\/cattolica\\\/wp-content\\\/uploads\\\/2024\\\/02\\\/elezioni_europa.jpg\",\"datePublished\":\"2024-02-20T15:56:38+00:00\",\"dateModified\":\"2024-02-20T15:56:40+00:00\",\"description\":\"L\u2019Unione Europea verso la fine della Legislatura, i dossier aperti che il nuovo Parlamento dovr\u00e0 affrontare\",\"breadcrumb\":{\"@id\":\"https:\\\/\\\/www.rassegnastampa-totustuus.it\\\/cattolica\\\/lunione-europea-verso-la-fine-della-legislatura-i-dossier-aperti\\\/#breadcrumb\"},\"inLanguage\":\"it-IT\",\"potentialAction\":[{\"@type\":\"ReadAction\",\"target\":[\"https:\\\/\\\/www.rassegnastampa-totustuus.it\\\/cattolica\\\/lunione-europea-verso-la-fine-della-legislatura-i-dossier-aperti\\\/\"]}]},{\"@type\":\"ImageObject\",\"inLanguage\":\"it-IT\",\"@id\":\"https:\\\/\\\/www.rassegnastampa-totustuus.it\\\/cattolica\\\/lunione-europea-verso-la-fine-della-legislatura-i-dossier-aperti\\\/#primaryimage\",\"url\":\"https:\\\/\\\/www.rassegnastampa-totustuus.it\\\/cattolica\\\/wp-content\\\/uploads\\\/2024\\\/02\\\/elezioni_europa.jpg\",\"contentUrl\":\"https:\\\/\\\/www.rassegnastampa-totustuus.it\\\/cattolica\\\/wp-content\\\/uploads\\\/2024\\\/02\\\/elezioni_europa.jpg\",\"width\":474,\"height\":352},{\"@type\":\"BreadcrumbList\",\"@id\":\"https:\\\/\\\/www.rassegnastampa-totustuus.it\\\/cattolica\\\/lunione-europea-verso-la-fine-della-legislatura-i-dossier-aperti\\\/#breadcrumb\",\"itemListElement\":[{\"@type\":\"ListItem\",\"position\":1,\"name\":\"Home\",\"item\":\"https:\\\/\\\/www.rassegnastampa-totustuus.it\\\/cattolica\\\/\"},{\"@type\":\"ListItem\",\"position\":2,\"name\":\"Unione europea verso la fine della legislatura, i dossier aperti\"}]},{\"@type\":\"WebSite\",\"@id\":\"https:\\\/\\\/www.rassegnastampa-totustuus.it\\\/cattolica\\\/#website\",\"url\":\"https:\\\/\\\/www.rassegnastampa-totustuus.it\\\/cattolica\\\/\",\"name\":\"Rassegna Stampa Cattolica\",\"description\":\"Per una cultura che nasce dalla Rivelazione cristiana in conformit\u00e0 alla tradizione e al Magistero della Chiesa in opposizione ad ogni relativismo e totalitarismo\",\"publisher\":{\"@id\":\"https:\\\/\\\/www.rassegnastampa-totustuus.it\\\/cattolica\\\/#organization\"},\"alternateName\":\"Rass. Cattolica\",\"potentialAction\":[{\"@type\":\"SearchAction\",\"target\":{\"@type\":\"EntryPoint\",\"urlTemplate\":\"https:\\\/\\\/www.rassegnastampa-totustuus.it\\\/cattolica\\\/?s={search_term_string}\"},\"query-input\":{\"@type\":\"PropertyValueSpecification\",\"valueRequired\":true,\"valueName\":\"search_term_string\"}}],\"inLanguage\":\"it-IT\"},{\"@type\":\"Organization\",\"@id\":\"https:\\\/\\\/www.rassegnastampa-totustuus.it\\\/cattolica\\\/#organization\",\"name\":\"Rassegna Stampa Cattolica\",\"url\":\"https:\\\/\\\/www.rassegnastampa-totustuus.it\\\/cattolica\\\/\",\"logo\":{\"@type\":\"ImageObject\",\"inLanguage\":\"it-IT\",\"@id\":\"https:\\\/\\\/www.rassegnastampa-totustuus.it\\\/cattolica\\\/#\\\/schema\\\/logo\\\/image\\\/\",\"url\":\"https:\\\/\\\/www.rassegnastampa-totustuus.it\\\/cattolica\\\/wp-content\\\/uploads\\\/2014\\\/04\\\/logo-rassegna1.gif\",\"contentUrl\":\"https:\\\/\\\/www.rassegnastampa-totustuus.it\\\/cattolica\\\/wp-content\\\/uploads\\\/2014\\\/04\\\/logo-rassegna1.gif\",\"width\":600,\"height\":163,\"caption\":\"Rassegna Stampa Cattolica\"},\"image\":{\"@id\":\"https:\\\/\\\/www.rassegnastampa-totustuus.it\\\/cattolica\\\/#\\\/schema\\\/logo\\\/image\\\/\"},\"sameAs\":[\"https:\\\/\\\/www.facebook.com\\\/rassegnastampacattolica\",\"https:\\\/\\\/x.com\\\/rassegnastampa9\"]},{\"@type\":\"Person\",\"@id\":\"https:\\\/\\\/www.rassegnastampa-totustuus.it\\\/cattolica\\\/#\\\/schema\\\/person\\\/08f319d2bd1a0904ad9e2bfb7b15e5c3\",\"name\":\"Redazione\",\"image\":{\"@type\":\"ImageObject\",\"inLanguage\":\"it-IT\",\"@id\":\"https:\\\/\\\/secure.gravatar.com\\\/avatar\\\/2fcdf27c78ea025fbdb44e914cc63c72249ffec9dc8aafd5c82b26240ef3f346?s=96&d=mm&r=g\",\"url\":\"https:\\\/\\\/secure.gravatar.com\\\/avatar\\\/2fcdf27c78ea025fbdb44e914cc63c72249ffec9dc8aafd5c82b26240ef3f346?s=96&d=mm&r=g\",\"contentUrl\":\"https:\\\/\\\/secure.gravatar.com\\\/avatar\\\/2fcdf27c78ea025fbdb44e914cc63c72249ffec9dc8aafd5c82b26240ef3f346?s=96&d=mm&r=g\",\"caption\":\"Redazione\"},\"url\":\"https:\\\/\\\/www.rassegnastampa-totustuus.it\\\/cattolica\\\/author\\\/pietroelle\\\/\"}]}<\/script>\n<!-- \/ Yoast SEO plugin. -->","yoast_head_json":{"title":"Unione europea verso la fine della legislatura, i dossier aperti - Rassegna Stampa Cattolica","description":"L\u2019Unione Europea verso la fine della Legislatura, i dossier aperti che il nuovo Parlamento dovr\u00e0 affrontare","robots":{"index":"index","follow":"follow","max-snippet":"max-snippet:-1","max-image-preview":"max-image-preview:large","max-video-preview":"max-video-preview:-1"},"canonical":"https:\/\/www.rassegnastampa-totustuus.it\/cattolica\/lunione-europea-verso-la-fine-della-legislatura-i-dossier-aperti\/","og_locale":"it_IT","og_type":"article","og_title":"Unione europea verso la fine della legislatura, i dossier aperti - Rassegna Stampa Cattolica","og_description":"L\u2019Unione Europea verso la fine della Legislatura, i dossier aperti che il nuovo Parlamento dovr\u00e0 affrontare","og_url":"https:\/\/www.rassegnastampa-totustuus.it\/cattolica\/lunione-europea-verso-la-fine-della-legislatura-i-dossier-aperti\/","og_site_name":"Rassegna Stampa Cattolica","article_publisher":"https:\/\/www.facebook.com\/rassegnastampacattolica","article_published_time":"2024-02-20T15:56:38+00:00","article_modified_time":"2024-02-20T15:56:40+00:00","og_image":[{"width":474,"height":352,"url":"https:\/\/www.rassegnastampa-totustuus.it\/cattolica\/wp-content\/uploads\/2024\/02\/elezioni_europa.jpg","type":"image\/jpeg"}],"author":"Redazione","twitter_card":"summary_large_image","twitter_creator":"@rassegnastampa9","twitter_site":"@rassegnastampa9","twitter_misc":{"Scritto da":"Redazione","Tempo di lettura stimato":"9 minuti"},"schema":{"@context":"https:\/\/schema.org","@graph":[{"@type":"Article","@id":"https:\/\/www.rassegnastampa-totustuus.it\/cattolica\/lunione-europea-verso-la-fine-della-legislatura-i-dossier-aperti\/#article","isPartOf":{"@id":"https:\/\/www.rassegnastampa-totustuus.it\/cattolica\/lunione-europea-verso-la-fine-della-legislatura-i-dossier-aperti\/"},"author":{"name":"Redazione","@id":"https:\/\/www.rassegnastampa-totustuus.it\/cattolica\/#\/schema\/person\/08f319d2bd1a0904ad9e2bfb7b15e5c3"},"headline":"Unione europea verso la fine della legislatura, i dossier aperti","datePublished":"2024-02-20T15:56:38+00:00","dateModified":"2024-02-20T15:56:40+00:00","mainEntityOfPage":{"@id":"https:\/\/www.rassegnastampa-totustuus.it\/cattolica\/lunione-europea-verso-la-fine-della-legislatura-i-dossier-aperti\/"},"wordCount":1603,"publisher":{"@id":"https:\/\/www.rassegnastampa-totustuus.it\/cattolica\/#organization"},"image":{"@id":"https:\/\/www.rassegnastampa-totustuus.it\/cattolica\/lunione-europea-verso-la-fine-della-legislatura-i-dossier-aperti\/#primaryimage"},"thumbnailUrl":"https:\/\/www.rassegnastampa-totustuus.it\/cattolica\/wp-content\/uploads\/2024\/02\/elezioni_europa.jpg","keywords":["elezioni","Europa EU","green deal"],"articleSection":["Europa e UE"],"inLanguage":"it-IT"},{"@type":"WebPage","@id":"https:\/\/www.rassegnastampa-totustuus.it\/cattolica\/lunione-europea-verso-la-fine-della-legislatura-i-dossier-aperti\/","url":"https:\/\/www.rassegnastampa-totustuus.it\/cattolica\/lunione-europea-verso-la-fine-della-legislatura-i-dossier-aperti\/","name":"Unione europea verso la fine della legislatura, i dossier aperti - Rassegna Stampa Cattolica","isPartOf":{"@id":"https:\/\/www.rassegnastampa-totustuus.it\/cattolica\/#website"},"primaryImageOfPage":{"@id":"https:\/\/www.rassegnastampa-totustuus.it\/cattolica\/lunione-europea-verso-la-fine-della-legislatura-i-dossier-aperti\/#primaryimage"},"image":{"@id":"https:\/\/www.rassegnastampa-totustuus.it\/cattolica\/lunione-europea-verso-la-fine-della-legislatura-i-dossier-aperti\/#primaryimage"},"thumbnailUrl":"https:\/\/www.rassegnastampa-totustuus.it\/cattolica\/wp-content\/uploads\/2024\/02\/elezioni_europa.jpg","datePublished":"2024-02-20T15:56:38+00:00","dateModified":"2024-02-20T15:56:40+00:00","description":"L\u2019Unione Europea verso la fine della Legislatura, i dossier aperti che il nuovo Parlamento dovr\u00e0 affrontare","breadcrumb":{"@id":"https:\/\/www.rassegnastampa-totustuus.it\/cattolica\/lunione-europea-verso-la-fine-della-legislatura-i-dossier-aperti\/#breadcrumb"},"inLanguage":"it-IT","potentialAction":[{"@type":"ReadAction","target":["https:\/\/www.rassegnastampa-totustuus.it\/cattolica\/lunione-europea-verso-la-fine-della-legislatura-i-dossier-aperti\/"]}]},{"@type":"ImageObject","inLanguage":"it-IT","@id":"https:\/\/www.rassegnastampa-totustuus.it\/cattolica\/lunione-europea-verso-la-fine-della-legislatura-i-dossier-aperti\/#primaryimage","url":"https:\/\/www.rassegnastampa-totustuus.it\/cattolica\/wp-content\/uploads\/2024\/02\/elezioni_europa.jpg","contentUrl":"https:\/\/www.rassegnastampa-totustuus.it\/cattolica\/wp-content\/uploads\/2024\/02\/elezioni_europa.jpg","width":474,"height":352},{"@type":"BreadcrumbList","@id":"https:\/\/www.rassegnastampa-totustuus.it\/cattolica\/lunione-europea-verso-la-fine-della-legislatura-i-dossier-aperti\/#breadcrumb","itemListElement":[{"@type":"ListItem","position":1,"name":"Home","item":"https:\/\/www.rassegnastampa-totustuus.it\/cattolica\/"},{"@type":"ListItem","position":2,"name":"Unione europea verso la fine della legislatura, i dossier aperti"}]},{"@type":"WebSite","@id":"https:\/\/www.rassegnastampa-totustuus.it\/cattolica\/#website","url":"https:\/\/www.rassegnastampa-totustuus.it\/cattolica\/","name":"Rassegna Stampa Cattolica","description":"Per una cultura che nasce dalla Rivelazione cristiana in conformit\u00e0 alla tradizione e al Magistero della Chiesa in opposizione ad ogni relativismo e totalitarismo","publisher":{"@id":"https:\/\/www.rassegnastampa-totustuus.it\/cattolica\/#organization"},"alternateName":"Rass. Cattolica","potentialAction":[{"@type":"SearchAction","target":{"@type":"EntryPoint","urlTemplate":"https:\/\/www.rassegnastampa-totustuus.it\/cattolica\/?s={search_term_string}"},"query-input":{"@type":"PropertyValueSpecification","valueRequired":true,"valueName":"search_term_string"}}],"inLanguage":"it-IT"},{"@type":"Organization","@id":"https:\/\/www.rassegnastampa-totustuus.it\/cattolica\/#organization","name":"Rassegna Stampa Cattolica","url":"https:\/\/www.rassegnastampa-totustuus.it\/cattolica\/","logo":{"@type":"ImageObject","inLanguage":"it-IT","@id":"https:\/\/www.rassegnastampa-totustuus.it\/cattolica\/#\/schema\/logo\/image\/","url":"https:\/\/www.rassegnastampa-totustuus.it\/cattolica\/wp-content\/uploads\/2014\/04\/logo-rassegna1.gif","contentUrl":"https:\/\/www.rassegnastampa-totustuus.it\/cattolica\/wp-content\/uploads\/2014\/04\/logo-rassegna1.gif","width":600,"height":163,"caption":"Rassegna Stampa Cattolica"},"image":{"@id":"https:\/\/www.rassegnastampa-totustuus.it\/cattolica\/#\/schema\/logo\/image\/"},"sameAs":["https:\/\/www.facebook.com\/rassegnastampacattolica","https:\/\/x.com\/rassegnastampa9"]},{"@type":"Person","@id":"https:\/\/www.rassegnastampa-totustuus.it\/cattolica\/#\/schema\/person\/08f319d2bd1a0904ad9e2bfb7b15e5c3","name":"Redazione","image":{"@type":"ImageObject","inLanguage":"it-IT","@id":"https:\/\/secure.gravatar.com\/avatar\/2fcdf27c78ea025fbdb44e914cc63c72249ffec9dc8aafd5c82b26240ef3f346?s=96&d=mm&r=g","url":"https:\/\/secure.gravatar.com\/avatar\/2fcdf27c78ea025fbdb44e914cc63c72249ffec9dc8aafd5c82b26240ef3f346?s=96&d=mm&r=g","contentUrl":"https:\/\/secure.gravatar.com\/avatar\/2fcdf27c78ea025fbdb44e914cc63c72249ffec9dc8aafd5c82b26240ef3f346?s=96&d=mm&r=g","caption":"Redazione"},"url":"https:\/\/www.rassegnastampa-totustuus.it\/cattolica\/author\/pietroelle\/"}]}},"_links":{"self":[{"href":"https:\/\/www.rassegnastampa-totustuus.it\/cattolica\/wp-json\/wp\/v2\/posts\/59675","targetHints":{"allow":["GET"]}}],"collection":[{"href":"https:\/\/www.rassegnastampa-totustuus.it\/cattolica\/wp-json\/wp\/v2\/posts"}],"about":[{"href":"https:\/\/www.rassegnastampa-totustuus.it\/cattolica\/wp-json\/wp\/v2\/types\/post"}],"author":[{"embeddable":true,"href":"https:\/\/www.rassegnastampa-totustuus.it\/cattolica\/wp-json\/wp\/v2\/users\/6"}],"replies":[{"embeddable":true,"href":"https:\/\/www.rassegnastampa-totustuus.it\/cattolica\/wp-json\/wp\/v2\/comments?post=59675"}],"version-history":[{"count":1,"href":"https:\/\/www.rassegnastampa-totustuus.it\/cattolica\/wp-json\/wp\/v2\/posts\/59675\/revisions"}],"predecessor-version":[{"id":59679,"href":"https:\/\/www.rassegnastampa-totustuus.it\/cattolica\/wp-json\/wp\/v2\/posts\/59675\/revisions\/59679"}],"wp:featuredmedia":[{"embeddable":true,"href":"https:\/\/www.rassegnastampa-totustuus.it\/cattolica\/wp-json\/wp\/v2\/media\/59678"}],"wp:attachment":[{"href":"https:\/\/www.rassegnastampa-totustuus.it\/cattolica\/wp-json\/wp\/v2\/media?parent=59675"}],"wp:term":[{"taxonomy":"category","embeddable":true,"href":"https:\/\/www.rassegnastampa-totustuus.it\/cattolica\/wp-json\/wp\/v2\/categories?post=59675"},{"taxonomy":"post_tag","embeddable":true,"href":"https:\/\/www.rassegnastampa-totustuus.it\/cattolica\/wp-json\/wp\/v2\/tags?post=59675"}],"curies":[{"name":"wp","href":"https:\/\/api.w.org\/{rel}","templated":true}]}}