{"id":595,"date":"2005-05-25T13:32:38","date_gmt":"2005-05-25T11:32:38","guid":{"rendered":""},"modified":"2016-03-10T17:33:00","modified_gmt":"2016-03-10T16:33:00","slug":"la-crisi-della-chiesa-stata-una-crisi-di-fedelt","status":"publish","type":"post","link":"https:\/\/www.rassegnastampa-totustuus.it\/cattolica\/la-crisi-della-chiesa-stata-una-crisi-di-fedelt\/","title":{"rendered":"\u201cLa crisi della Chiesa &egrave; stata una crisi di fedelt&agrave;\u201d"},"content":{"rendered":"<div style=\"text-align: center;\">\n<div id=\"attachment_31635\" style=\"width: 250px\" class=\"wp-caption alignleft\"><img loading=\"lazy\" decoding=\"async\" aria-describedby=\"caption-attachment-31635\" class=\"wp-image-31635\" src=\"https:\/\/www.rassegnastampa-totustuus.it\/cattolica\/wp-content\/uploads\/2005\/05\/Jos\u00e9-Morales-de-Navarra.jpg\" alt=\"Jos\u00e9 Morales de Navarra\" width=\"250\" height=\"166\" \/><p id=\"caption-attachment-31635\" class=\"wp-caption-text\">Jos\u00e9 Morales de Navarra<\/p><\/div>\n<p>Agenzia <strong>ZENIT<\/strong> &#8211; Il mondo visto da Roma 19 Marzo 2004<\/div>\n<p style=\"text-align: center;\"><em>Il teologo Jos\u00e9 Morales de Navarra incoraggia a riscoprire questo valore fondamentale<\/em><\/p>\n<p><!--more--><\/p>\n<div style=\"text-align: justify;\">PAMPLONA, 19 marzo 2004 (ZENIT.org).- Parlare di fedelt\u00e0 &#8220;\u00e8 oggi un imperativo cristiano&#8221;, afferma Jos\u00e9 Morales, professore di Teologia dogmatica e di Spiritualit\u00e0 presso la Facolt\u00e0 di Teologia dell\u2019Universit\u00e0 di Navarra.La casa editrice Rialp ha appena pubblicato il suo ultimo libro, un saggio intitolato &#8220;Fedelt\u00e0&#8221; in cui approfondisce il significato e la crisi di questo valore. In questa intervista concessa a ZENIT, il professor Morales riconosce che &#8220;la fedelt\u00e0 non gode certamente del credito generalizzato riservato oggi ad idee ed obiettivi come la pace o la democrazia&#8221;, e proprio per questo ne sottolinea l&#8217;importanza.<\/div>\n<p style=\"text-align: justify;\">&#8220;Si tratta di un valore davvero necessario per la vita individuale e sociale, che deve essere incoraggiato in tutti gli uomini e le donne del nostro tempo&#8221;, afferma ancora il professore.<\/p>\n<p style=\"text-align: justify;\"><strong>Ci pu\u00f2 essere un\u2019involuzione della fedelt\u00e0?<\/strong><\/p>\n<p style=\"text-align: justify;\"><span style=\"text-decoration: underline;\">Morales<\/span>: Nel caso di moltissime persone senz\u2019altro, in parte a causa di una cultura che d\u00e0 pi\u00f9 importanza ai cambiamenti non preceduti da un\u2019adeguata riflessione e in parte all\u2019incostanza. Non c\u2019\u00e8 per\u00f2 un\u2019involuzione, secondo me, nella qualit\u00e0 e nell\u2019intensit\u00e0 in cui la vivono molti uomini e molte donne che vogliono rimanere fedeli ad ideali, progetti di vita e impegni personali, etici e religiosi che ritengano davvero importanti. Sono impegni che sono stati assunti liberamente, che organizzano moralmente la loro esistenza e li rendono pi\u00f9 umani.<\/p>\n<p style=\"text-align: justify;\">La fedelt\u00e0 non gode certamente del credito generalizzato riservato oggi ad idee ed obiettivi come la pace e la democrazia, o, nel contesto socio-economico, come il mercato mondiale. Proprio per questo si tratta di un valore decisamente necessario per la vita individuale e sociale, che deve essere incoraggiato in tutti gli uomini e in tutte le donne del nostro tempo. Stiamo parlando di fedelt\u00e0 nei confronti della propria famiglia, degli amici e dei colleghi, del coniuge, del villaggio natio e della Nazione alla quale apparteniamo. Dire o pensare, ad esempio, &#8220;uniti finch\u00e9 il divorzio non ci separi&#8221;, come si sente alcune volte, non rende l\u2019uomo e la donna migliori o pi\u00f9 umani.<\/p>\n<p style=\"text-align: justify;\"><strong>Cosa vuol dire che oggi la fedelt\u00e0 \u00e8 un imperativo cristiano?<\/strong><\/p>\n<p style=\"text-align: justify;\"><span style=\"text-decoration: underline;\">Morales<\/span>: Per un cristiano sono essenziali la fedelt\u00e0 a Dio e ai Suoi comandamenti, a Ges\u00f9 Cristo, e alla Chiesa, nostra madre spirituale. Negli ultimi decenni, la fedelt\u00e0 a questi misteri della fede e a ci\u00f2 che essi significano si \u00e8 offuscata nella coscienza e nella mente di molti Cristiani. Allo stesso modo, sono crollate le idee di lealt\u00e0 e fedelt\u00e0 a importanti impegni contratti nel matrimonio, nello stato religioso e nel celibato. Si pu\u00f2 forse dire che la crisi di cui soffre la Chiesa sia stata una crisi di fedelt\u00e0 da parte di molti dei Suoi figli.\u00a0E\u2019 una situazione legata senz\u2019altro ad un debole senso di identit\u00e0 cristiana. Al giorno d\u2019oggi \u00e8 molto importante che nella Chiesa si parli approfonditamente della virt\u00f9 della fedelt\u00e0 cristiana, che comprende molte altre nobili forme di lealt\u00e0.<\/p>\n<p style=\"text-align: justify;\"><strong>Esiste la tentazione, per una persona fedele, di vantarsi di questa fedelt\u00e0?<\/strong><\/p>\n<p style=\"text-align: justify;\"><span style=\"text-decoration: underline;\">Morales<\/span>: La tentazione di vantarsi pu\u00f2 esistere per qualsiasi virt\u00f9 e qualsiasi atteggiamento nobile, ma \u00e8 meno grave sentire questa tentazione, e anche cedervi, che mancare alla fedelt\u00e0. L\u2019uomo e la donna cristiani che rimangono fedeli ai loro impegni pur nelle difficolt\u00e0, o in un ambiente ostile o sfavorevole, sanno che la loro fedelt\u00e0 \u00e8 s\u00ec il frutto dei loro sforzi, ma soprattutto dell\u2019aiuto di Dio. Sapere questo li aiuter\u00e0 in modo efficace a vincere la vanagloria, se a volte ne sono tentati.\u00a0Ad ogni modo, penso che una donna fedele a suo marito o una madre che si sacrifica per i suoi figli vivano la loro fedelt\u00e0 in un modo cos\u00ec naturale che difficilmente sentiranno la tentazione di vantarsene.<\/p>\n<p style=\"text-align: justify;\"><strong>Con cosa viene sostituita al giorno d\u2019oggi la fedelt\u00e0?<\/strong><\/p>\n<p style=\"text-align: justify;\"><span style=\"text-decoration: underline;\">Morales:<\/span> Una persona pu\u00f2 essere fedele a certe abitudini che la aiutano a vivere, o anche ad oggetti, fini o progetti che attirano la sua adesione sul piano sociale, sportivo, politico\u2026 Si tratta, quindi, della costanza di certi comportamenti, che una persona matura e ragionevole pu\u00f2 adottare moralmente se non violano la legge di Dio. Ci sono anche attaccamenti banali che non meritano il nome di fedelt\u00e0, come nel caso delle mode, dell\u2019uso di certe marche.\u00a0Ci sono, poi, tipi di adesione e di militanza che corrompono la coscienza, generano atteggiamenti ed azioni criminali e non presuppongono mai un vero esercizio della fedelt\u00e0. Essere fedele al male, infatti, non vuol mai dire essere fedeli, tranne nei casi di pazzia, obnubilazione o enorme ignoranza.<\/p>\n<p style=\"text-align: justify;\"><strong>Perch\u00e9 afferma che la fedelt\u00e0 \u00e8 un\u2019arte?<\/strong><\/p>\n<p style=\"text-align: justify;\"><span style=\"text-decoration: underline;\">Morales<\/span>: Vivere nella fedelt\u00e0 \u00e8 un po\u2019 come navigare su una barca. Il pilota ha bisogno di tecnica, ingegno e di una certa capacit\u00e0 di improvvisazione per superare le crisi pi\u00f9 o meno impreviste che possano sopravvenire. In questo senso dico che la fedelt\u00e0 \u00e8 un\u2019arte. Tutte le azioni umane degne e coerenti racchiudono una bellezza e un elemento estetico.\u00a0La fedelt\u00e0 \u00e8 un\u2019arte perch\u00e9 non \u00e8 solo vera e buona, ma anche bella.<\/p>\n","protected":false},"excerpt":{"rendered":"<p>Agenzia ZENIT &#8211; Il mondo visto da Roma 19 Marzo 2004 Il teologo Jos\u00e9 Morales de Navarra incoraggia a riscoprire questo valore fondamentale<\/p><p><a class=\"more-link btn\" href=\"https:\/\/www.rassegnastampa-totustuus.it\/cattolica\/la-crisi-della-chiesa-stata-una-crisi-di-fedelt\/\">Continua a leggere<\/a><\/p>\n","protected":false},"author":6,"featured_media":31635,"comment_status":"closed","ping_status":"open","sticky":false,"template":"","format":"standard","meta":{"footnotes":""},"categories":[5,42,15],"tags":[157,458,156,314],"class_list":["post-595","post","type-post","status-publish","format-standard","has-post-thumbnail","hentry","category-chiesa","category-dottrina-e-morale","category-famiglia","tag-chiesa-2","tag-dottrina-e-morale-2","tag-famiglia-2","tag-matrimonio","item-wrap"],"yoast_head":"<!-- This site is optimized with the Yoast SEO plugin v27.4 - https:\/\/yoast.com\/product\/yoast-seo-wordpress\/ -->\n<title>\u201cLa crisi della Chiesa &egrave; stata una crisi di fedelt&agrave;\u201d - Rassegna Stampa Cattolica<\/title>\n<meta name=\"description\" content=\"Rassegna Stampa Cattolica - Per una cultura che nasce dalla Rivelazione cristiana in conformit\u00e0 alla tradizione e al Magistero della Chiesa in opposizione ad ogni relativismo e totalitarismo\" \/>\n<meta name=\"robots\" content=\"index, follow, max-snippet:-1, max-image-preview:large, max-video-preview:-1\" \/>\n<link rel=\"canonical\" href=\"https:\/\/www.rassegnastampa-totustuus.it\/cattolica\/la-crisi-della-chiesa-stata-una-crisi-di-fedelt\/\" \/>\n<meta property=\"og:locale\" content=\"it_IT\" \/>\n<meta property=\"og:type\" content=\"article\" \/>\n<meta property=\"og:title\" content=\"\u201cLa crisi della Chiesa &egrave; stata una crisi di fedelt&agrave;\u201d - Rassegna Stampa Cattolica\" \/>\n<meta property=\"og:description\" content=\"Rassegna Stampa Cattolica - Per una cultura che nasce dalla Rivelazione cristiana in conformit\u00e0 alla tradizione e al Magistero della Chiesa in opposizione ad ogni relativismo e totalitarismo\" \/>\n<meta property=\"og:url\" content=\"https:\/\/www.rassegnastampa-totustuus.it\/cattolica\/la-crisi-della-chiesa-stata-una-crisi-di-fedelt\/\" \/>\n<meta property=\"og:site_name\" content=\"Rassegna Stampa Cattolica\" \/>\n<meta property=\"article:publisher\" content=\"https:\/\/www.facebook.com\/rassegnastampacattolica\" \/>\n<meta property=\"article:published_time\" content=\"2005-05-25T11:32:38+00:00\" \/>\n<meta property=\"article:modified_time\" content=\"2016-03-10T16:33:00+00:00\" \/>\n<meta property=\"og:image\" content=\"https:\/\/www.rassegnastampa-totustuus.it\/cattolica\/wp-content\/uploads\/2005\/05\/Jos\u00e9-Morales-de-Navarra.jpg\" \/>\n\t<meta property=\"og:image:width\" content=\"275\" \/>\n\t<meta property=\"og:image:height\" content=\"183\" \/>\n\t<meta property=\"og:image:type\" content=\"image\/jpeg\" \/>\n<meta name=\"author\" content=\"Redazione\" \/>\n<meta name=\"twitter:card\" content=\"summary_large_image\" \/>\n<meta name=\"twitter:creator\" content=\"@rassegnastampa9\" \/>\n<meta name=\"twitter:site\" content=\"@rassegnastampa9\" \/>\n<meta name=\"twitter:label1\" content=\"Scritto da\" \/>\n\t<meta name=\"twitter:data1\" content=\"Redazione\" \/>\n\t<meta name=\"twitter:label2\" content=\"Tempo di lettura stimato\" \/>\n\t<meta name=\"twitter:data2\" content=\"4 minuti\" \/>\n<script type=\"application\/ld+json\" class=\"yoast-schema-graph\">{\"@context\":\"https:\\\/\\\/schema.org\",\"@graph\":[{\"@type\":\"Article\",\"@id\":\"https:\\\/\\\/www.rassegnastampa-totustuus.it\\\/cattolica\\\/la-crisi-della-chiesa-stata-una-crisi-di-fedelt\\\/#article\",\"isPartOf\":{\"@id\":\"https:\\\/\\\/www.rassegnastampa-totustuus.it\\\/cattolica\\\/la-crisi-della-chiesa-stata-una-crisi-di-fedelt\\\/\"},\"author\":{\"name\":\"Redazione\",\"@id\":\"https:\\\/\\\/www.rassegnastampa-totustuus.it\\\/cattolica\\\/#\\\/schema\\\/person\\\/08f319d2bd1a0904ad9e2bfb7b15e5c3\"},\"headline\":\"\u201cLa crisi della Chiesa &egrave; stata una crisi di fedelt&agrave;\u201d\",\"datePublished\":\"2005-05-25T11:32:38+00:00\",\"dateModified\":\"2016-03-10T16:33:00+00:00\",\"mainEntityOfPage\":{\"@id\":\"https:\\\/\\\/www.rassegnastampa-totustuus.it\\\/cattolica\\\/la-crisi-della-chiesa-stata-una-crisi-di-fedelt\\\/\"},\"wordCount\":870,\"publisher\":{\"@id\":\"https:\\\/\\\/www.rassegnastampa-totustuus.it\\\/cattolica\\\/#organization\"},\"image\":{\"@id\":\"https:\\\/\\\/www.rassegnastampa-totustuus.it\\\/cattolica\\\/la-crisi-della-chiesa-stata-una-crisi-di-fedelt\\\/#primaryimage\"},\"thumbnailUrl\":\"https:\\\/\\\/www.rassegnastampa-totustuus.it\\\/cattolica\\\/wp-content\\\/uploads\\\/2005\\\/05\\\/Jos\u00e9-Morales-de-Navarra.jpg\",\"keywords\":[\"chiesa\",\"dottrina e morale\",\"famiglia\",\"matrimonio\"],\"articleSection\":[\"Chiesa\",\"Dottrina e morale\",\"Famiglia\"],\"inLanguage\":\"it-IT\"},{\"@type\":\"WebPage\",\"@id\":\"https:\\\/\\\/www.rassegnastampa-totustuus.it\\\/cattolica\\\/la-crisi-della-chiesa-stata-una-crisi-di-fedelt\\\/\",\"url\":\"https:\\\/\\\/www.rassegnastampa-totustuus.it\\\/cattolica\\\/la-crisi-della-chiesa-stata-una-crisi-di-fedelt\\\/\",\"name\":\"\u201cLa crisi della Chiesa &egrave; stata una crisi di fedelt&agrave;\u201d - Rassegna Stampa Cattolica\",\"isPartOf\":{\"@id\":\"https:\\\/\\\/www.rassegnastampa-totustuus.it\\\/cattolica\\\/#website\"},\"primaryImageOfPage\":{\"@id\":\"https:\\\/\\\/www.rassegnastampa-totustuus.it\\\/cattolica\\\/la-crisi-della-chiesa-stata-una-crisi-di-fedelt\\\/#primaryimage\"},\"image\":{\"@id\":\"https:\\\/\\\/www.rassegnastampa-totustuus.it\\\/cattolica\\\/la-crisi-della-chiesa-stata-una-crisi-di-fedelt\\\/#primaryimage\"},\"thumbnailUrl\":\"https:\\\/\\\/www.rassegnastampa-totustuus.it\\\/cattolica\\\/wp-content\\\/uploads\\\/2005\\\/05\\\/Jos\u00e9-Morales-de-Navarra.jpg\",\"datePublished\":\"2005-05-25T11:32:38+00:00\",\"dateModified\":\"2016-03-10T16:33:00+00:00\",\"description\":\"Rassegna Stampa Cattolica - Per una cultura che nasce dalla Rivelazione cristiana in conformit\u00e0 alla tradizione e al Magistero della Chiesa in opposizione ad ogni relativismo e totalitarismo\",\"breadcrumb\":{\"@id\":\"https:\\\/\\\/www.rassegnastampa-totustuus.it\\\/cattolica\\\/la-crisi-della-chiesa-stata-una-crisi-di-fedelt\\\/#breadcrumb\"},\"inLanguage\":\"it-IT\",\"potentialAction\":[{\"@type\":\"ReadAction\",\"target\":[\"https:\\\/\\\/www.rassegnastampa-totustuus.it\\\/cattolica\\\/la-crisi-della-chiesa-stata-una-crisi-di-fedelt\\\/\"]}]},{\"@type\":\"ImageObject\",\"inLanguage\":\"it-IT\",\"@id\":\"https:\\\/\\\/www.rassegnastampa-totustuus.it\\\/cattolica\\\/la-crisi-della-chiesa-stata-una-crisi-di-fedelt\\\/#primaryimage\",\"url\":\"https:\\\/\\\/www.rassegnastampa-totustuus.it\\\/cattolica\\\/wp-content\\\/uploads\\\/2005\\\/05\\\/Jos\u00e9-Morales-de-Navarra.jpg\",\"contentUrl\":\"https:\\\/\\\/www.rassegnastampa-totustuus.it\\\/cattolica\\\/wp-content\\\/uploads\\\/2005\\\/05\\\/Jos\u00e9-Morales-de-Navarra.jpg\",\"width\":275,\"height\":183},{\"@type\":\"BreadcrumbList\",\"@id\":\"https:\\\/\\\/www.rassegnastampa-totustuus.it\\\/cattolica\\\/la-crisi-della-chiesa-stata-una-crisi-di-fedelt\\\/#breadcrumb\",\"itemListElement\":[{\"@type\":\"ListItem\",\"position\":1,\"name\":\"Home\",\"item\":\"https:\\\/\\\/www.rassegnastampa-totustuus.it\\\/cattolica\\\/\"},{\"@type\":\"ListItem\",\"position\":2,\"name\":\"\u201cLa crisi della Chiesa &egrave; stata una crisi di fedelt&agrave;\u201d\"}]},{\"@type\":\"WebSite\",\"@id\":\"https:\\\/\\\/www.rassegnastampa-totustuus.it\\\/cattolica\\\/#website\",\"url\":\"https:\\\/\\\/www.rassegnastampa-totustuus.it\\\/cattolica\\\/\",\"name\":\"Rassegna Stampa Cattolica\",\"description\":\"Per una cultura che nasce dalla Rivelazione cristiana in conformit\u00e0 alla tradizione e al Magistero della Chiesa in opposizione ad ogni relativismo e totalitarismo\",\"publisher\":{\"@id\":\"https:\\\/\\\/www.rassegnastampa-totustuus.it\\\/cattolica\\\/#organization\"},\"alternateName\":\"Rass. Cattolica\",\"potentialAction\":[{\"@type\":\"SearchAction\",\"target\":{\"@type\":\"EntryPoint\",\"urlTemplate\":\"https:\\\/\\\/www.rassegnastampa-totustuus.it\\\/cattolica\\\/?s={search_term_string}\"},\"query-input\":{\"@type\":\"PropertyValueSpecification\",\"valueRequired\":true,\"valueName\":\"search_term_string\"}}],\"inLanguage\":\"it-IT\"},{\"@type\":\"Organization\",\"@id\":\"https:\\\/\\\/www.rassegnastampa-totustuus.it\\\/cattolica\\\/#organization\",\"name\":\"Rassegna Stampa Cattolica\",\"url\":\"https:\\\/\\\/www.rassegnastampa-totustuus.it\\\/cattolica\\\/\",\"logo\":{\"@type\":\"ImageObject\",\"inLanguage\":\"it-IT\",\"@id\":\"https:\\\/\\\/www.rassegnastampa-totustuus.it\\\/cattolica\\\/#\\\/schema\\\/logo\\\/image\\\/\",\"url\":\"https:\\\/\\\/www.rassegnastampa-totustuus.it\\\/cattolica\\\/wp-content\\\/uploads\\\/2014\\\/04\\\/logo-rassegna1.gif\",\"contentUrl\":\"https:\\\/\\\/www.rassegnastampa-totustuus.it\\\/cattolica\\\/wp-content\\\/uploads\\\/2014\\\/04\\\/logo-rassegna1.gif\",\"width\":600,\"height\":163,\"caption\":\"Rassegna Stampa Cattolica\"},\"image\":{\"@id\":\"https:\\\/\\\/www.rassegnastampa-totustuus.it\\\/cattolica\\\/#\\\/schema\\\/logo\\\/image\\\/\"},\"sameAs\":[\"https:\\\/\\\/www.facebook.com\\\/rassegnastampacattolica\",\"https:\\\/\\\/x.com\\\/rassegnastampa9\"]},{\"@type\":\"Person\",\"@id\":\"https:\\\/\\\/www.rassegnastampa-totustuus.it\\\/cattolica\\\/#\\\/schema\\\/person\\\/08f319d2bd1a0904ad9e2bfb7b15e5c3\",\"name\":\"Redazione\",\"image\":{\"@type\":\"ImageObject\",\"inLanguage\":\"it-IT\",\"@id\":\"https:\\\/\\\/secure.gravatar.com\\\/avatar\\\/2fcdf27c78ea025fbdb44e914cc63c72249ffec9dc8aafd5c82b26240ef3f346?s=96&d=mm&r=g\",\"url\":\"https:\\\/\\\/secure.gravatar.com\\\/avatar\\\/2fcdf27c78ea025fbdb44e914cc63c72249ffec9dc8aafd5c82b26240ef3f346?s=96&d=mm&r=g\",\"contentUrl\":\"https:\\\/\\\/secure.gravatar.com\\\/avatar\\\/2fcdf27c78ea025fbdb44e914cc63c72249ffec9dc8aafd5c82b26240ef3f346?s=96&d=mm&r=g\",\"caption\":\"Redazione\"},\"url\":\"https:\\\/\\\/www.rassegnastampa-totustuus.it\\\/cattolica\\\/author\\\/pietroelle\\\/\"}]}<\/script>\n<!-- \/ Yoast SEO plugin. -->","yoast_head_json":{"title":"\u201cLa crisi della Chiesa &egrave; stata una crisi di fedelt&agrave;\u201d - Rassegna Stampa Cattolica","description":"Rassegna Stampa Cattolica - Per una cultura che nasce dalla Rivelazione cristiana in conformit\u00e0 alla tradizione e al Magistero della Chiesa in opposizione ad ogni relativismo e totalitarismo","robots":{"index":"index","follow":"follow","max-snippet":"max-snippet:-1","max-image-preview":"max-image-preview:large","max-video-preview":"max-video-preview:-1"},"canonical":"https:\/\/www.rassegnastampa-totustuus.it\/cattolica\/la-crisi-della-chiesa-stata-una-crisi-di-fedelt\/","og_locale":"it_IT","og_type":"article","og_title":"\u201cLa crisi della Chiesa &egrave; stata una crisi di fedelt&agrave;\u201d - Rassegna Stampa Cattolica","og_description":"Rassegna Stampa Cattolica - Per una cultura che nasce dalla Rivelazione cristiana in conformit\u00e0 alla tradizione e al Magistero della Chiesa in opposizione ad ogni relativismo e totalitarismo","og_url":"https:\/\/www.rassegnastampa-totustuus.it\/cattolica\/la-crisi-della-chiesa-stata-una-crisi-di-fedelt\/","og_site_name":"Rassegna Stampa Cattolica","article_publisher":"https:\/\/www.facebook.com\/rassegnastampacattolica","article_published_time":"2005-05-25T11:32:38+00:00","article_modified_time":"2016-03-10T16:33:00+00:00","og_image":[{"width":275,"height":183,"url":"https:\/\/www.rassegnastampa-totustuus.it\/cattolica\/wp-content\/uploads\/2005\/05\/Jos\u00e9-Morales-de-Navarra.jpg","type":"image\/jpeg"}],"author":"Redazione","twitter_card":"summary_large_image","twitter_creator":"@rassegnastampa9","twitter_site":"@rassegnastampa9","twitter_misc":{"Scritto da":"Redazione","Tempo di lettura stimato":"4 minuti"},"schema":{"@context":"https:\/\/schema.org","@graph":[{"@type":"Article","@id":"https:\/\/www.rassegnastampa-totustuus.it\/cattolica\/la-crisi-della-chiesa-stata-una-crisi-di-fedelt\/#article","isPartOf":{"@id":"https:\/\/www.rassegnastampa-totustuus.it\/cattolica\/la-crisi-della-chiesa-stata-una-crisi-di-fedelt\/"},"author":{"name":"Redazione","@id":"https:\/\/www.rassegnastampa-totustuus.it\/cattolica\/#\/schema\/person\/08f319d2bd1a0904ad9e2bfb7b15e5c3"},"headline":"\u201cLa crisi della Chiesa &egrave; stata una crisi di fedelt&agrave;\u201d","datePublished":"2005-05-25T11:32:38+00:00","dateModified":"2016-03-10T16:33:00+00:00","mainEntityOfPage":{"@id":"https:\/\/www.rassegnastampa-totustuus.it\/cattolica\/la-crisi-della-chiesa-stata-una-crisi-di-fedelt\/"},"wordCount":870,"publisher":{"@id":"https:\/\/www.rassegnastampa-totustuus.it\/cattolica\/#organization"},"image":{"@id":"https:\/\/www.rassegnastampa-totustuus.it\/cattolica\/la-crisi-della-chiesa-stata-una-crisi-di-fedelt\/#primaryimage"},"thumbnailUrl":"https:\/\/www.rassegnastampa-totustuus.it\/cattolica\/wp-content\/uploads\/2005\/05\/Jos\u00e9-Morales-de-Navarra.jpg","keywords":["chiesa","dottrina e morale","famiglia","matrimonio"],"articleSection":["Chiesa","Dottrina e morale","Famiglia"],"inLanguage":"it-IT"},{"@type":"WebPage","@id":"https:\/\/www.rassegnastampa-totustuus.it\/cattolica\/la-crisi-della-chiesa-stata-una-crisi-di-fedelt\/","url":"https:\/\/www.rassegnastampa-totustuus.it\/cattolica\/la-crisi-della-chiesa-stata-una-crisi-di-fedelt\/","name":"\u201cLa crisi della Chiesa &egrave; stata una crisi di fedelt&agrave;\u201d - Rassegna Stampa Cattolica","isPartOf":{"@id":"https:\/\/www.rassegnastampa-totustuus.it\/cattolica\/#website"},"primaryImageOfPage":{"@id":"https:\/\/www.rassegnastampa-totustuus.it\/cattolica\/la-crisi-della-chiesa-stata-una-crisi-di-fedelt\/#primaryimage"},"image":{"@id":"https:\/\/www.rassegnastampa-totustuus.it\/cattolica\/la-crisi-della-chiesa-stata-una-crisi-di-fedelt\/#primaryimage"},"thumbnailUrl":"https:\/\/www.rassegnastampa-totustuus.it\/cattolica\/wp-content\/uploads\/2005\/05\/Jos\u00e9-Morales-de-Navarra.jpg","datePublished":"2005-05-25T11:32:38+00:00","dateModified":"2016-03-10T16:33:00+00:00","description":"Rassegna Stampa Cattolica - Per una cultura che nasce dalla Rivelazione cristiana in conformit\u00e0 alla tradizione e al Magistero della Chiesa in opposizione ad ogni relativismo e totalitarismo","breadcrumb":{"@id":"https:\/\/www.rassegnastampa-totustuus.it\/cattolica\/la-crisi-della-chiesa-stata-una-crisi-di-fedelt\/#breadcrumb"},"inLanguage":"it-IT","potentialAction":[{"@type":"ReadAction","target":["https:\/\/www.rassegnastampa-totustuus.it\/cattolica\/la-crisi-della-chiesa-stata-una-crisi-di-fedelt\/"]}]},{"@type":"ImageObject","inLanguage":"it-IT","@id":"https:\/\/www.rassegnastampa-totustuus.it\/cattolica\/la-crisi-della-chiesa-stata-una-crisi-di-fedelt\/#primaryimage","url":"https:\/\/www.rassegnastampa-totustuus.it\/cattolica\/wp-content\/uploads\/2005\/05\/Jos\u00e9-Morales-de-Navarra.jpg","contentUrl":"https:\/\/www.rassegnastampa-totustuus.it\/cattolica\/wp-content\/uploads\/2005\/05\/Jos\u00e9-Morales-de-Navarra.jpg","width":275,"height":183},{"@type":"BreadcrumbList","@id":"https:\/\/www.rassegnastampa-totustuus.it\/cattolica\/la-crisi-della-chiesa-stata-una-crisi-di-fedelt\/#breadcrumb","itemListElement":[{"@type":"ListItem","position":1,"name":"Home","item":"https:\/\/www.rassegnastampa-totustuus.it\/cattolica\/"},{"@type":"ListItem","position":2,"name":"\u201cLa crisi della Chiesa &egrave; stata una crisi di fedelt&agrave;\u201d"}]},{"@type":"WebSite","@id":"https:\/\/www.rassegnastampa-totustuus.it\/cattolica\/#website","url":"https:\/\/www.rassegnastampa-totustuus.it\/cattolica\/","name":"Rassegna Stampa Cattolica","description":"Per una cultura che nasce dalla Rivelazione cristiana in conformit\u00e0 alla tradizione e al Magistero della Chiesa in opposizione ad ogni relativismo e totalitarismo","publisher":{"@id":"https:\/\/www.rassegnastampa-totustuus.it\/cattolica\/#organization"},"alternateName":"Rass. Cattolica","potentialAction":[{"@type":"SearchAction","target":{"@type":"EntryPoint","urlTemplate":"https:\/\/www.rassegnastampa-totustuus.it\/cattolica\/?s={search_term_string}"},"query-input":{"@type":"PropertyValueSpecification","valueRequired":true,"valueName":"search_term_string"}}],"inLanguage":"it-IT"},{"@type":"Organization","@id":"https:\/\/www.rassegnastampa-totustuus.it\/cattolica\/#organization","name":"Rassegna Stampa Cattolica","url":"https:\/\/www.rassegnastampa-totustuus.it\/cattolica\/","logo":{"@type":"ImageObject","inLanguage":"it-IT","@id":"https:\/\/www.rassegnastampa-totustuus.it\/cattolica\/#\/schema\/logo\/image\/","url":"https:\/\/www.rassegnastampa-totustuus.it\/cattolica\/wp-content\/uploads\/2014\/04\/logo-rassegna1.gif","contentUrl":"https:\/\/www.rassegnastampa-totustuus.it\/cattolica\/wp-content\/uploads\/2014\/04\/logo-rassegna1.gif","width":600,"height":163,"caption":"Rassegna Stampa Cattolica"},"image":{"@id":"https:\/\/www.rassegnastampa-totustuus.it\/cattolica\/#\/schema\/logo\/image\/"},"sameAs":["https:\/\/www.facebook.com\/rassegnastampacattolica","https:\/\/x.com\/rassegnastampa9"]},{"@type":"Person","@id":"https:\/\/www.rassegnastampa-totustuus.it\/cattolica\/#\/schema\/person\/08f319d2bd1a0904ad9e2bfb7b15e5c3","name":"Redazione","image":{"@type":"ImageObject","inLanguage":"it-IT","@id":"https:\/\/secure.gravatar.com\/avatar\/2fcdf27c78ea025fbdb44e914cc63c72249ffec9dc8aafd5c82b26240ef3f346?s=96&d=mm&r=g","url":"https:\/\/secure.gravatar.com\/avatar\/2fcdf27c78ea025fbdb44e914cc63c72249ffec9dc8aafd5c82b26240ef3f346?s=96&d=mm&r=g","contentUrl":"https:\/\/secure.gravatar.com\/avatar\/2fcdf27c78ea025fbdb44e914cc63c72249ffec9dc8aafd5c82b26240ef3f346?s=96&d=mm&r=g","caption":"Redazione"},"url":"https:\/\/www.rassegnastampa-totustuus.it\/cattolica\/author\/pietroelle\/"}]}},"_links":{"self":[{"href":"https:\/\/www.rassegnastampa-totustuus.it\/cattolica\/wp-json\/wp\/v2\/posts\/595","targetHints":{"allow":["GET"]}}],"collection":[{"href":"https:\/\/www.rassegnastampa-totustuus.it\/cattolica\/wp-json\/wp\/v2\/posts"}],"about":[{"href":"https:\/\/www.rassegnastampa-totustuus.it\/cattolica\/wp-json\/wp\/v2\/types\/post"}],"author":[{"embeddable":true,"href":"https:\/\/www.rassegnastampa-totustuus.it\/cattolica\/wp-json\/wp\/v2\/users\/6"}],"replies":[{"embeddable":true,"href":"https:\/\/www.rassegnastampa-totustuus.it\/cattolica\/wp-json\/wp\/v2\/comments?post=595"}],"version-history":[{"count":4,"href":"https:\/\/www.rassegnastampa-totustuus.it\/cattolica\/wp-json\/wp\/v2\/posts\/595\/revisions"}],"predecessor-version":[{"id":31636,"href":"https:\/\/www.rassegnastampa-totustuus.it\/cattolica\/wp-json\/wp\/v2\/posts\/595\/revisions\/31636"}],"wp:featuredmedia":[{"embeddable":true,"href":"https:\/\/www.rassegnastampa-totustuus.it\/cattolica\/wp-json\/wp\/v2\/media\/31635"}],"wp:attachment":[{"href":"https:\/\/www.rassegnastampa-totustuus.it\/cattolica\/wp-json\/wp\/v2\/media?parent=595"}],"wp:term":[{"taxonomy":"category","embeddable":true,"href":"https:\/\/www.rassegnastampa-totustuus.it\/cattolica\/wp-json\/wp\/v2\/categories?post=595"},{"taxonomy":"post_tag","embeddable":true,"href":"https:\/\/www.rassegnastampa-totustuus.it\/cattolica\/wp-json\/wp\/v2\/tags?post=595"}],"curies":[{"name":"wp","href":"https:\/\/api.w.org\/{rel}","templated":true}]}}