{"id":594,"date":"2005-05-25T13:30:29","date_gmt":"2005-05-25T11:30:29","guid":{"rendered":""},"modified":"2014-10-08T12:57:32","modified_gmt":"2014-10-08T10:57:32","slug":"la-famiglia-baluardo-di-civilt","status":"publish","type":"post","link":"https:\/\/www.rassegnastampa-totustuus.it\/cattolica\/la-famiglia-baluardo-di-civilt\/","title":{"rendered":"La famiglia, baluardo di civilt&agrave;"},"content":{"rendered":"<div style=\"text-align: center;\"><strong>Il Timone<\/strong> &#8211; n. 11 Gennaio\/Febbraio 2001<\/div>\n<p style=\"text-align: justify;\"><em>Una sola \u00e8 la verit\u00e0 sulla famiglia: comunione di un uomo e una donna uniti in matrimonio. Aperta alla vita. Lo dice la legge naturale e lo insegna la Chiesa. Diamo le ragioni. Per rispondere alle contestazioni e alle minacce.<\/em><\/p>\n<p style=\"text-align: center;\">di <strong>Mario Palmaro<\/strong><\/p>\n<p><!--more--><\/p>\n<p style=\"text-align: justify;\"><strong>1.<\/strong> Potremmo dire che la famiglia ha la robustezza e la essenzialit\u00e0 di un mattone, essendo dotata di tre dimensioni: a) una dimensione orizzontale, che le deriva dalla legge naturale, e che trae origine dalla realt\u00e0 stessa delle cose; b)<em> <\/em>una dimensione verticale, rappresentata sia dal sacramento istituito da Ges\u00f9 Cristo, che si innesta &#8211; trasformandola in maniera essenziale &#8211; nella realt\u00e0 naturale dell\u2019amore tra un uomo e una donna; c)<em> <\/em>una dimensione di profondit\u00e0, che si manifesta nell\u2019apertura &#8220;sociale&#8221; del matrimonio, che non \u00e8 un fatto privato fra gli sposi, ma che assume sempre un significato pubblico che interessa lo Stato e le sue leggi.<\/p>\n<p style=\"text-align: justify;\">La societ\u00e0 \u00e8 una costruzione fatta di questi mattoni che si chiamano famiglie: se i mattoni sono impastati con pessima argilla, l\u2019intero edificio prima si sgretola, e poi crolla. Ma anche i mattoni ben fatti rischiano di essere travolti nella rovina della grande casa, se gli architetti della societ\u00e0 &#8211; i politici, gli intellettuali, gli scienziati, gli educatori &#8211; edificano sulla sabbia. La famiglia \u00e8 robustissima, ma allo stesso tempo fragile: invano si affatica il costruttore, se si illude di fare a meno del Signore. Il Catechismo della Chiesa Cattolica (CCC) descrive queste tre dimensioni della famiglia in tre brevissimi paragrafi. Vediamoli insieme.<\/p>\n<p style=\"text-align: justify;\"><strong>2.<\/strong> Natura della famiglia. &#8220;Un uomo e una donna uniti in matrimonio &#8211; si legge al n. 2202 del CCC &#8211; formano insieme una famiglia&#8221;. Sulla scena del mondo non ha ancora fatto irruzione il cristianesimo, ma gi\u00e0 le societ\u00e0 pi\u00f9 svariate riconoscono questa elementare realt\u00e0 delle cose. Ecco perch\u00e9 &#8220;questa istituzione precede qualsiasi riconoscimento da parte della pubblica autorit\u00e0: si impone da s\u00e9&#8221;. Ci\u00f2 significa che la famiglia viene logicamente e storicamente prima dello Stato. Altri elementi naturali della famiglia sono il consenso tra gli sposi, il bene tra i coniugi, e la procreazione ed educazione dei figli (n. 2201). Inoltre, dentro la famiglia tutti hanno eguale dignit\u00e0, ma con responsabilit\u00e0 e ruoli diversi in vista del bene comune (n. 2203).<\/p>\n<p style=\"text-align: justify;\"><strong>3.<\/strong> La famiglia cristiana. A dare &#8220;spessore&#8221; alla famiglia interviene la Rivelazione cristiana, che la definisce una &#8220;comunit\u00e0 di fede, di speranza e di carit\u00e0&#8221; (CCC n. 2204). La famiglia \u00e8 definita &#8220;chiesa domestica&#8221;, perch\u00e9 veramente essa rivela al mondo un modo particolare di vivere la comunione della Chiesa di Cristo (n. 2204). Ad esempio: quando un padre e una madre generano un figlio e lo educano, essi non sono che il riflesso dell\u2019opera creatrice del Padre (n. 2205). Nella famiglia cristiana si prega ogni giorno, si legge la Parola di Dio, si fa apostolato missionario. Proprio come in una piccola chiesa.<\/p>\n<p style=\"text-align: justify;\"><strong>4.<\/strong> La famiglia e la societ\u00e0. La terza dimensione della famiglia evidenzia il suo rapporto con il mondo che sta fuori (CCC n. 2207). Quando una societ\u00e0 che muore cerca le cause del proprio malessere, essa non deve far altro che guardare alla famiglia: l\u00ec trover\u00e0 il germe della sua malattia, o i semi della propria rinascita. \u00c8 nella famiglia che marito e moglie imparano a essere davvero adulti, rispettando quotidianamente &#8220;la parola data&#8221; una volta per tutte. \u00c8 qui che i figli vengono allenati a esercitare la libert\u00e0; a prendersi cura di malati, anziani, poveri; a praticare la pazienza, ad amare. Oppure, a fare esattamente il contrario di tutte queste cose. Dal canto suo, lo Stato &#8220;si guarder\u00e0 dall\u2019usurpare le prerogative della famiglia o di ingerirsi nella sua vita&#8221; (n. 2209). Con spirito profetico, il Concilio Vaticano II intimava al potere civile &#8220;il sacro dovere di rispettare, proteggere e favorire la vera natura, la moralit\u00e0 pubblica e la prosperit\u00e0 domestica del matrimonio e della famiglia&#8221; <em>(Gaudium <\/em>et <em>spes, <\/em>n. 47).<\/p>\n<p style=\"text-align: justify;\"><strong>5.<\/strong> Ma allora &#8211; diranno forse molti &#8211; questo discorso esclude milioni di uomini e di donne dalla &#8220;grande casa della societ\u00e0&#8221;: che ne \u00e8, infatti, di coloro che per le pi\u00f9 svariate ragioni non si sposeranno nella loro vita? Essi non sono forse altrettanti mattoni dell\u2019edificio umano? Il Catechismo risponde con parole rassicuranti di speranza per tutti: anche coloro che non si sposano &#8220;per validi motivi&#8221; possono &#8220;grandemente contribuire al bene della famiglia umana&#8221; (CCC n. 2231). Anche per loro, dunque, hanno significato le parole di questo dossier. Perch\u00e9 tutti siamo, o siamo stati, figli, fratelli, sorelle, zii e nipoti. O possiamo inventare, per il nostro prossimo bisognoso, qualcosa di molto simile a una vera famiglia.<\/p>\n<p style=\"text-align: justify;\"><strong>6.<\/strong> D\u2019accordo &#8211; dir\u00e0 qualcuno &#8211; tutte belle parole: ma vita di ogni giorno, nell&#8217;alienante ripetersi degli avvenimenti quotidiani, dove sgretola in rapida successione una famiglia dietro l\u2019altra; in questo dramma ordinario che si consuma all\u2019alba del terzo millennio, che cosa \u00f2a Chiesa ci chiede di mettere pratica? Vediamo.<\/p>\n<p style=\"text-align: justify;\"><strong>7.<\/strong> Il primo salto di qualit\u00e0 che dobbiamo compiere \u00e8 metterci bene in testa, una volta per tutte, che la volont\u00e0 divina si compie in mezzo alle circostanze pi\u00f9 ordinarie: una donna che partorisce, una famiglia riunita a tavola, una casa dove bambini giocano, un padre che rincasa la sera dopo una giornata di lavoro. Allora, basta gettare uno sguardo contemplativo sulla casa di Nazaret per accorgersi dell\u2019esistenza semplice che Ges\u00f9, Giuseppe e Maria vi conducono. Un focolare luminoso e allegro: ecco i due aggettivi che dovremmo sforzarci di&#8221; materializzare&#8221; ogni giorno dentro le nostre case, secondo l\u2019accorato auspicio del Beato Escriv\u00e0. Gi\u00e0, ma come si fa? Da che parte si comincia? Con tanti piccoli gesti, o atteggiamenti, che tutti insieme fanno la nostra giornata nella famiglia: la serenit\u00e0 nell\u2019affrontare i piccoli problemi come le grandi difficolt\u00e0; la propensione a saper sorridere, mettendo da parte l\u2019ingombrante preoccupazione per il nostro io; l\u2019attitudine ad ascoltare il marito, la moglie, i figli; l\u2019incessante lotta per estirpare l\u2019orgoglio, perch\u00e9 in fondo sappiamo bene che nelle piccole liti domestiche nessuno ha veramente ragione.<\/p>\n<p style=\"text-align: justify;\"><strong>8.<\/strong> Dunque, la famiglia \u00e8 un piccolo paradiso? Questa \u00e8 una, se non la pi\u00f9 importante, delle false idee che nella societ\u00e0 contemporanea circolano intorno al matrimonio e alla vita domestica: &#8220;mi sposo, sar\u00f2 felice. E se scopro che non \u00e8 vera, saluto tutti e me ne vado&#8221;. Dolori e contrariet\u00e0 sono il pane quotidiano degli sposi, dei genitori, dei figli: il punto \u00e8 che l\u2019amare e la gioia, se radicati nella fede, sono pi\u00f9 forti degli inevitabili urti contro le avversit\u00e0. Anzi, ne escono rinvigoriti e pi\u00f9 belli.<\/p>\n<p style=\"text-align: justify;\"><strong>9.<\/strong> Con grande senso della realt\u00e0, dobbiamo prendere atto di una situazione di fatto molto grave. &#8220;L\u2019impareggiabile ricchezza della famiglia &#8211; scrive il Cardinale Giacomo Biffi &#8211; che ci \u00e8 stata regalata dalla sorprendente benevolenza del Padre, appare grandemente \u00ecmmiserita nella pratica della societ\u00e0 del nastro tempo. Si direbbe che il demonio &#8211; intelligente nemico di Dio e del suo disegno, alieno dalla verit\u00e0 e omicida (Gv 8, 44) &#8211; abbia concentrata qui i suoi attacchi pi\u00f9 virulenti, perch\u00e9 qui la misericordia di Dio ha radunato la moltitudine dei suoi doni di natura e di grazia&#8221;.<\/p>\n<p style=\"text-align: justify;\">Due contrapposte concezioni della famiglia si fronteggiano oggi: da una parte, quella radicata nell\u2019insegnamento della Chiesa, che potremmo rivisitare con linguaggio meramente umano nel modo che segue: a) La famiglia esprime una verit\u00e0 e una scopo (una vocazione). b) I coniugi hanno un progetto di vita. c) Hanno costruito la loro casa sulla roccia, il che significa: sessualit\u00e0 intesa carne &#8220;volere <em>il <\/em>bene&#8221;; disponibilit\u00e0 al perdono reciproco; apertura alla vita. A questa idea della famiglia si contrappone il modello &#8211; oggi dilagante &#8211; che piace al mondo: a) Non esiste alcuna verit\u00e0 n\u00e9 alcuno scopa preciso nella famiglia. b) Ci si affida all\u2019improvvisazione e al caso: le uniche certezze saranno magari la chiusura alla vita (&#8220;per carit\u00e0, niente bambini!&#8221;) e la chiusura al perdona (&#8220;se non \u00e8 bella e buona carne mi sembra adesso, me ne trovo un altro! &#8220;). c) Finita l\u2019infatuazione, ci si scontra con la dura realt\u00e0, e allora, seconda il nuova proverbio che suggella il collasso della famiglia: &#8220;Ognun per s\u00e9, e Dio per nessuno&#8221;.<\/p>\n<p style=\"text-align: justify;\"><strong>10.<\/strong> Totalit\u00e0, fedelt\u00e0, fecondit\u00e0: sono questi i tre pilastri della famiglia alla luce del Vangelo, secondo una parola che &#8211; al di fuori di qualsiasi confessionalismo &#8211; \u00e8 profondamente <em>umana<\/em> proprio perch\u00e9 autenticamente cristiana. Totalit\u00e0: perch\u00e9 nella famiglia si accoglie l\u2019altro tutto intero, sano o malato, antipatica, nel bene e nel male, per sempre. Fedelt\u00e0: gli sposi si fanno dono di un tesoro che una volta sola e per sempre, e che non pu\u00f2 essere affitto per gioco, o per prova. Fecondit\u00e0: perch\u00e9 bisogna essere in tre. Il bambino che nascer\u00e0 \u00e8 il segno visibile di come l\u2019amore sia diffusivo, procreativo. E quando accade che questo figlio tanto desiderato non arriva? Esiste una della fecondit\u00e0 &#8220;soprannaturale&#8221;, che consiste nel far rinascere ogni giorno, nel nostro cuore, il piccolo Ges\u00f9, il quale potr\u00e0 avere il volto di nostro figlio, ma anche di un altro fa i molti &#8220;piccoli\u2019\u2019 che avremo nel nostro cammino. Se saremo stati capaci mare la nostra famiglia in un &#8220;focolare luminoso e allegro&#8221;.<\/p>\n<p style=\"text-align: justify;\"><strong>Bibliografia:<\/strong><\/p>\n<p style=\"text-align: justify;\"><strong><\/strong><em>Catechismo della Chiesa cattolica,<\/em><strong> <\/strong>Libreria Editrice Vaticana, 1995.<\/p>\n<p style=\"text-align: justify;\"><strong style=\"font-size: 12px;\">Giovanni Paolo II,<\/strong><em style=\"font-size: 12px;\">Familiaris consortio, <\/em><span style=\"font-size: 12px;\">1981.<\/span><\/p>\n<p style=\"text-align: justify;\"><strong>Giovanni Paolo II<\/strong>, <em>Lettera alle famiglie,<strong> <\/strong><\/em>1994.<\/p>\n<p style=\"text-align: justify;\"><strong>Giacomo Biffi,<\/strong> <em>Matrimonio e famiglia,<strong> <\/strong><\/em>Edizioni Dehoniane, Bologna 1990.<\/p>\n<p style=\"text-align: justify;\"><strong>Tommaso d\u2019Aquino<\/strong>,<strong> <\/strong><em>Fede e opere,<strong> <\/strong><\/em>Citt\u00e0 Nuova, Roma 1981.<\/p>\n<p style=\"text-align: justify;\"><strong>Josemaria Escriv\u00e0<\/strong>, <em>\u00c8 Ges\u00f9<\/em> <em>che passa,<strong> <\/strong><\/em>Edizioni Ares, Milano 1982.<\/p>\n<p style=\"text-align: justify;\"><strong>Scott &amp; Kimberly Hahn<\/strong>, <em>Roma dolce casa, <\/em>Ares, Milano 1998.<\/p>\n","protected":false},"excerpt":{"rendered":"<p>Il Timone &#8211; n. 11 Gennaio\/Febbraio 2001 Una sola \u00e8 la verit\u00e0 sulla famiglia: comunione di un uomo e una donna uniti in matrimonio. Aperta alla vita. Lo dice la legge naturale e lo insegna la Chiesa. Diamo le ragioni. Per rispondere alle contestazioni e alle minacce. di Mario Palmaro<\/p><p><a class=\"more-link btn\" href=\"https:\/\/www.rassegnastampa-totustuus.it\/cattolica\/la-famiglia-baluardo-di-civilt\/\">Continua a leggere<\/a><\/p>\n","protected":false},"author":6,"featured_media":28301,"comment_status":"closed","ping_status":"open","sticky":false,"template":"","format":"standard","meta":{"footnotes":""},"categories":[15],"tags":[156],"class_list":["post-594","post","type-post","status-publish","format-standard","has-post-thumbnail","hentry","category-famiglia","tag-famiglia-2","item-wrap"],"yoast_head":"<!-- This site is optimized with the Yoast SEO plugin v27.4 - https:\/\/yoast.com\/product\/yoast-seo-wordpress\/ -->\n<title>La famiglia, baluardo di civilt&agrave; - Rassegna Stampa Cattolica<\/title>\n<meta name=\"description\" content=\"Rassegna Stampa Cattolica - Per una cultura che nasce dalla Rivelazione cristiana in conformit\u00e0 alla tradizione e al Magistero della Chiesa in opposizione ad ogni relativismo e totalitarismo\" \/>\n<meta name=\"robots\" content=\"index, follow, max-snippet:-1, max-image-preview:large, max-video-preview:-1\" \/>\n<link rel=\"canonical\" href=\"https:\/\/www.rassegnastampa-totustuus.it\/cattolica\/la-famiglia-baluardo-di-civilt\/\" \/>\n<meta property=\"og:locale\" content=\"it_IT\" \/>\n<meta property=\"og:type\" content=\"article\" \/>\n<meta property=\"og:title\" content=\"La famiglia, baluardo di civilt&agrave; - Rassegna Stampa Cattolica\" \/>\n<meta property=\"og:description\" content=\"Rassegna Stampa Cattolica - Per una cultura che nasce dalla Rivelazione cristiana in conformit\u00e0 alla tradizione e al Magistero della Chiesa in opposizione ad ogni relativismo e totalitarismo\" \/>\n<meta property=\"og:url\" content=\"https:\/\/www.rassegnastampa-totustuus.it\/cattolica\/la-famiglia-baluardo-di-civilt\/\" \/>\n<meta property=\"og:site_name\" content=\"Rassegna Stampa Cattolica\" \/>\n<meta property=\"article:publisher\" content=\"https:\/\/www.facebook.com\/rassegnastampacattolica\" \/>\n<meta property=\"article:published_time\" content=\"2005-05-25T11:30:29+00:00\" \/>\n<meta property=\"article:modified_time\" content=\"2014-10-08T10:57:32+00:00\" \/>\n<meta property=\"og:image\" content=\"https:\/\/www.rassegnastampa-totustuus.it\/cattolica\/wp-content\/uploads\/2005\/05\/famiglia.jpg\" \/>\n\t<meta property=\"og:image:width\" content=\"225\" \/>\n\t<meta property=\"og:image:height\" content=\"225\" \/>\n\t<meta property=\"og:image:type\" content=\"image\/jpeg\" \/>\n<meta name=\"author\" content=\"Redazione\" \/>\n<meta name=\"twitter:card\" content=\"summary_large_image\" \/>\n<meta name=\"twitter:creator\" content=\"@rassegnastampa9\" \/>\n<meta name=\"twitter:site\" content=\"@rassegnastampa9\" \/>\n<meta name=\"twitter:label1\" content=\"Scritto da\" \/>\n\t<meta name=\"twitter:data1\" content=\"Redazione\" \/>\n\t<meta name=\"twitter:label2\" content=\"Tempo di lettura stimato\" \/>\n\t<meta name=\"twitter:data2\" content=\"8 minuti\" \/>\n<script type=\"application\/ld+json\" class=\"yoast-schema-graph\">{\"@context\":\"https:\\\/\\\/schema.org\",\"@graph\":[{\"@type\":\"Article\",\"@id\":\"https:\\\/\\\/www.rassegnastampa-totustuus.it\\\/cattolica\\\/la-famiglia-baluardo-di-civilt\\\/#article\",\"isPartOf\":{\"@id\":\"https:\\\/\\\/www.rassegnastampa-totustuus.it\\\/cattolica\\\/la-famiglia-baluardo-di-civilt\\\/\"},\"author\":{\"name\":\"Redazione\",\"@id\":\"https:\\\/\\\/www.rassegnastampa-totustuus.it\\\/cattolica\\\/#\\\/schema\\\/person\\\/08f319d2bd1a0904ad9e2bfb7b15e5c3\"},\"headline\":\"La famiglia, baluardo di civilt&agrave;\",\"datePublished\":\"2005-05-25T11:30:29+00:00\",\"dateModified\":\"2014-10-08T10:57:32+00:00\",\"mainEntityOfPage\":{\"@id\":\"https:\\\/\\\/www.rassegnastampa-totustuus.it\\\/cattolica\\\/la-famiglia-baluardo-di-civilt\\\/\"},\"wordCount\":1561,\"publisher\":{\"@id\":\"https:\\\/\\\/www.rassegnastampa-totustuus.it\\\/cattolica\\\/#organization\"},\"image\":{\"@id\":\"https:\\\/\\\/www.rassegnastampa-totustuus.it\\\/cattolica\\\/la-famiglia-baluardo-di-civilt\\\/#primaryimage\"},\"thumbnailUrl\":\"https:\\\/\\\/www.rassegnastampa-totustuus.it\\\/cattolica\\\/wp-content\\\/uploads\\\/2005\\\/05\\\/famiglia.jpg\",\"keywords\":[\"famiglia\"],\"articleSection\":[\"Famiglia\"],\"inLanguage\":\"it-IT\"},{\"@type\":\"WebPage\",\"@id\":\"https:\\\/\\\/www.rassegnastampa-totustuus.it\\\/cattolica\\\/la-famiglia-baluardo-di-civilt\\\/\",\"url\":\"https:\\\/\\\/www.rassegnastampa-totustuus.it\\\/cattolica\\\/la-famiglia-baluardo-di-civilt\\\/\",\"name\":\"La famiglia, baluardo di civilt&agrave; - Rassegna Stampa Cattolica\",\"isPartOf\":{\"@id\":\"https:\\\/\\\/www.rassegnastampa-totustuus.it\\\/cattolica\\\/#website\"},\"primaryImageOfPage\":{\"@id\":\"https:\\\/\\\/www.rassegnastampa-totustuus.it\\\/cattolica\\\/la-famiglia-baluardo-di-civilt\\\/#primaryimage\"},\"image\":{\"@id\":\"https:\\\/\\\/www.rassegnastampa-totustuus.it\\\/cattolica\\\/la-famiglia-baluardo-di-civilt\\\/#primaryimage\"},\"thumbnailUrl\":\"https:\\\/\\\/www.rassegnastampa-totustuus.it\\\/cattolica\\\/wp-content\\\/uploads\\\/2005\\\/05\\\/famiglia.jpg\",\"datePublished\":\"2005-05-25T11:30:29+00:00\",\"dateModified\":\"2014-10-08T10:57:32+00:00\",\"description\":\"Rassegna Stampa Cattolica - Per una cultura che nasce dalla Rivelazione cristiana in conformit\u00e0 alla tradizione e al Magistero della Chiesa in opposizione ad ogni relativismo e totalitarismo\",\"breadcrumb\":{\"@id\":\"https:\\\/\\\/www.rassegnastampa-totustuus.it\\\/cattolica\\\/la-famiglia-baluardo-di-civilt\\\/#breadcrumb\"},\"inLanguage\":\"it-IT\",\"potentialAction\":[{\"@type\":\"ReadAction\",\"target\":[\"https:\\\/\\\/www.rassegnastampa-totustuus.it\\\/cattolica\\\/la-famiglia-baluardo-di-civilt\\\/\"]}]},{\"@type\":\"ImageObject\",\"inLanguage\":\"it-IT\",\"@id\":\"https:\\\/\\\/www.rassegnastampa-totustuus.it\\\/cattolica\\\/la-famiglia-baluardo-di-civilt\\\/#primaryimage\",\"url\":\"https:\\\/\\\/www.rassegnastampa-totustuus.it\\\/cattolica\\\/wp-content\\\/uploads\\\/2005\\\/05\\\/famiglia.jpg\",\"contentUrl\":\"https:\\\/\\\/www.rassegnastampa-totustuus.it\\\/cattolica\\\/wp-content\\\/uploads\\\/2005\\\/05\\\/famiglia.jpg\",\"width\":225,\"height\":225},{\"@type\":\"BreadcrumbList\",\"@id\":\"https:\\\/\\\/www.rassegnastampa-totustuus.it\\\/cattolica\\\/la-famiglia-baluardo-di-civilt\\\/#breadcrumb\",\"itemListElement\":[{\"@type\":\"ListItem\",\"position\":1,\"name\":\"Home\",\"item\":\"https:\\\/\\\/www.rassegnastampa-totustuus.it\\\/cattolica\\\/\"},{\"@type\":\"ListItem\",\"position\":2,\"name\":\"La famiglia, baluardo di civilt&agrave;\"}]},{\"@type\":\"WebSite\",\"@id\":\"https:\\\/\\\/www.rassegnastampa-totustuus.it\\\/cattolica\\\/#website\",\"url\":\"https:\\\/\\\/www.rassegnastampa-totustuus.it\\\/cattolica\\\/\",\"name\":\"Rassegna Stampa Cattolica\",\"description\":\"Per una cultura che nasce dalla Rivelazione cristiana in conformit\u00e0 alla tradizione e al Magistero della Chiesa in opposizione ad ogni relativismo e totalitarismo\",\"publisher\":{\"@id\":\"https:\\\/\\\/www.rassegnastampa-totustuus.it\\\/cattolica\\\/#organization\"},\"alternateName\":\"Rass. Cattolica\",\"potentialAction\":[{\"@type\":\"SearchAction\",\"target\":{\"@type\":\"EntryPoint\",\"urlTemplate\":\"https:\\\/\\\/www.rassegnastampa-totustuus.it\\\/cattolica\\\/?s={search_term_string}\"},\"query-input\":{\"@type\":\"PropertyValueSpecification\",\"valueRequired\":true,\"valueName\":\"search_term_string\"}}],\"inLanguage\":\"it-IT\"},{\"@type\":\"Organization\",\"@id\":\"https:\\\/\\\/www.rassegnastampa-totustuus.it\\\/cattolica\\\/#organization\",\"name\":\"Rassegna Stampa Cattolica\",\"url\":\"https:\\\/\\\/www.rassegnastampa-totustuus.it\\\/cattolica\\\/\",\"logo\":{\"@type\":\"ImageObject\",\"inLanguage\":\"it-IT\",\"@id\":\"https:\\\/\\\/www.rassegnastampa-totustuus.it\\\/cattolica\\\/#\\\/schema\\\/logo\\\/image\\\/\",\"url\":\"https:\\\/\\\/www.rassegnastampa-totustuus.it\\\/cattolica\\\/wp-content\\\/uploads\\\/2014\\\/04\\\/logo-rassegna1.gif\",\"contentUrl\":\"https:\\\/\\\/www.rassegnastampa-totustuus.it\\\/cattolica\\\/wp-content\\\/uploads\\\/2014\\\/04\\\/logo-rassegna1.gif\",\"width\":600,\"height\":163,\"caption\":\"Rassegna Stampa Cattolica\"},\"image\":{\"@id\":\"https:\\\/\\\/www.rassegnastampa-totustuus.it\\\/cattolica\\\/#\\\/schema\\\/logo\\\/image\\\/\"},\"sameAs\":[\"https:\\\/\\\/www.facebook.com\\\/rassegnastampacattolica\",\"https:\\\/\\\/x.com\\\/rassegnastampa9\"]},{\"@type\":\"Person\",\"@id\":\"https:\\\/\\\/www.rassegnastampa-totustuus.it\\\/cattolica\\\/#\\\/schema\\\/person\\\/08f319d2bd1a0904ad9e2bfb7b15e5c3\",\"name\":\"Redazione\",\"image\":{\"@type\":\"ImageObject\",\"inLanguage\":\"it-IT\",\"@id\":\"https:\\\/\\\/secure.gravatar.com\\\/avatar\\\/2fcdf27c78ea025fbdb44e914cc63c72249ffec9dc8aafd5c82b26240ef3f346?s=96&d=mm&r=g\",\"url\":\"https:\\\/\\\/secure.gravatar.com\\\/avatar\\\/2fcdf27c78ea025fbdb44e914cc63c72249ffec9dc8aafd5c82b26240ef3f346?s=96&d=mm&r=g\",\"contentUrl\":\"https:\\\/\\\/secure.gravatar.com\\\/avatar\\\/2fcdf27c78ea025fbdb44e914cc63c72249ffec9dc8aafd5c82b26240ef3f346?s=96&d=mm&r=g\",\"caption\":\"Redazione\"},\"url\":\"https:\\\/\\\/www.rassegnastampa-totustuus.it\\\/cattolica\\\/author\\\/pietroelle\\\/\"}]}<\/script>\n<!-- \/ Yoast SEO plugin. -->","yoast_head_json":{"title":"La famiglia, baluardo di civilt&agrave; - Rassegna Stampa Cattolica","description":"Rassegna Stampa Cattolica - Per una cultura che nasce dalla Rivelazione cristiana in conformit\u00e0 alla tradizione e al Magistero della Chiesa in opposizione ad ogni relativismo e totalitarismo","robots":{"index":"index","follow":"follow","max-snippet":"max-snippet:-1","max-image-preview":"max-image-preview:large","max-video-preview":"max-video-preview:-1"},"canonical":"https:\/\/www.rassegnastampa-totustuus.it\/cattolica\/la-famiglia-baluardo-di-civilt\/","og_locale":"it_IT","og_type":"article","og_title":"La famiglia, baluardo di civilt&agrave; - Rassegna Stampa Cattolica","og_description":"Rassegna Stampa Cattolica - Per una cultura che nasce dalla Rivelazione cristiana in conformit\u00e0 alla tradizione e al Magistero della Chiesa in opposizione ad ogni relativismo e totalitarismo","og_url":"https:\/\/www.rassegnastampa-totustuus.it\/cattolica\/la-famiglia-baluardo-di-civilt\/","og_site_name":"Rassegna Stampa Cattolica","article_publisher":"https:\/\/www.facebook.com\/rassegnastampacattolica","article_published_time":"2005-05-25T11:30:29+00:00","article_modified_time":"2014-10-08T10:57:32+00:00","og_image":[{"width":225,"height":225,"url":"https:\/\/www.rassegnastampa-totustuus.it\/cattolica\/wp-content\/uploads\/2005\/05\/famiglia.jpg","type":"image\/jpeg"}],"author":"Redazione","twitter_card":"summary_large_image","twitter_creator":"@rassegnastampa9","twitter_site":"@rassegnastampa9","twitter_misc":{"Scritto da":"Redazione","Tempo di lettura stimato":"8 minuti"},"schema":{"@context":"https:\/\/schema.org","@graph":[{"@type":"Article","@id":"https:\/\/www.rassegnastampa-totustuus.it\/cattolica\/la-famiglia-baluardo-di-civilt\/#article","isPartOf":{"@id":"https:\/\/www.rassegnastampa-totustuus.it\/cattolica\/la-famiglia-baluardo-di-civilt\/"},"author":{"name":"Redazione","@id":"https:\/\/www.rassegnastampa-totustuus.it\/cattolica\/#\/schema\/person\/08f319d2bd1a0904ad9e2bfb7b15e5c3"},"headline":"La famiglia, baluardo di civilt&agrave;","datePublished":"2005-05-25T11:30:29+00:00","dateModified":"2014-10-08T10:57:32+00:00","mainEntityOfPage":{"@id":"https:\/\/www.rassegnastampa-totustuus.it\/cattolica\/la-famiglia-baluardo-di-civilt\/"},"wordCount":1561,"publisher":{"@id":"https:\/\/www.rassegnastampa-totustuus.it\/cattolica\/#organization"},"image":{"@id":"https:\/\/www.rassegnastampa-totustuus.it\/cattolica\/la-famiglia-baluardo-di-civilt\/#primaryimage"},"thumbnailUrl":"https:\/\/www.rassegnastampa-totustuus.it\/cattolica\/wp-content\/uploads\/2005\/05\/famiglia.jpg","keywords":["famiglia"],"articleSection":["Famiglia"],"inLanguage":"it-IT"},{"@type":"WebPage","@id":"https:\/\/www.rassegnastampa-totustuus.it\/cattolica\/la-famiglia-baluardo-di-civilt\/","url":"https:\/\/www.rassegnastampa-totustuus.it\/cattolica\/la-famiglia-baluardo-di-civilt\/","name":"La famiglia, baluardo di civilt&agrave; - Rassegna Stampa Cattolica","isPartOf":{"@id":"https:\/\/www.rassegnastampa-totustuus.it\/cattolica\/#website"},"primaryImageOfPage":{"@id":"https:\/\/www.rassegnastampa-totustuus.it\/cattolica\/la-famiglia-baluardo-di-civilt\/#primaryimage"},"image":{"@id":"https:\/\/www.rassegnastampa-totustuus.it\/cattolica\/la-famiglia-baluardo-di-civilt\/#primaryimage"},"thumbnailUrl":"https:\/\/www.rassegnastampa-totustuus.it\/cattolica\/wp-content\/uploads\/2005\/05\/famiglia.jpg","datePublished":"2005-05-25T11:30:29+00:00","dateModified":"2014-10-08T10:57:32+00:00","description":"Rassegna Stampa Cattolica - Per una cultura che nasce dalla Rivelazione cristiana in conformit\u00e0 alla tradizione e al Magistero della Chiesa in opposizione ad ogni relativismo e totalitarismo","breadcrumb":{"@id":"https:\/\/www.rassegnastampa-totustuus.it\/cattolica\/la-famiglia-baluardo-di-civilt\/#breadcrumb"},"inLanguage":"it-IT","potentialAction":[{"@type":"ReadAction","target":["https:\/\/www.rassegnastampa-totustuus.it\/cattolica\/la-famiglia-baluardo-di-civilt\/"]}]},{"@type":"ImageObject","inLanguage":"it-IT","@id":"https:\/\/www.rassegnastampa-totustuus.it\/cattolica\/la-famiglia-baluardo-di-civilt\/#primaryimage","url":"https:\/\/www.rassegnastampa-totustuus.it\/cattolica\/wp-content\/uploads\/2005\/05\/famiglia.jpg","contentUrl":"https:\/\/www.rassegnastampa-totustuus.it\/cattolica\/wp-content\/uploads\/2005\/05\/famiglia.jpg","width":225,"height":225},{"@type":"BreadcrumbList","@id":"https:\/\/www.rassegnastampa-totustuus.it\/cattolica\/la-famiglia-baluardo-di-civilt\/#breadcrumb","itemListElement":[{"@type":"ListItem","position":1,"name":"Home","item":"https:\/\/www.rassegnastampa-totustuus.it\/cattolica\/"},{"@type":"ListItem","position":2,"name":"La famiglia, baluardo di civilt&agrave;"}]},{"@type":"WebSite","@id":"https:\/\/www.rassegnastampa-totustuus.it\/cattolica\/#website","url":"https:\/\/www.rassegnastampa-totustuus.it\/cattolica\/","name":"Rassegna Stampa Cattolica","description":"Per una cultura che nasce dalla Rivelazione cristiana in conformit\u00e0 alla tradizione e al Magistero della Chiesa in opposizione ad ogni relativismo e totalitarismo","publisher":{"@id":"https:\/\/www.rassegnastampa-totustuus.it\/cattolica\/#organization"},"alternateName":"Rass. Cattolica","potentialAction":[{"@type":"SearchAction","target":{"@type":"EntryPoint","urlTemplate":"https:\/\/www.rassegnastampa-totustuus.it\/cattolica\/?s={search_term_string}"},"query-input":{"@type":"PropertyValueSpecification","valueRequired":true,"valueName":"search_term_string"}}],"inLanguage":"it-IT"},{"@type":"Organization","@id":"https:\/\/www.rassegnastampa-totustuus.it\/cattolica\/#organization","name":"Rassegna Stampa Cattolica","url":"https:\/\/www.rassegnastampa-totustuus.it\/cattolica\/","logo":{"@type":"ImageObject","inLanguage":"it-IT","@id":"https:\/\/www.rassegnastampa-totustuus.it\/cattolica\/#\/schema\/logo\/image\/","url":"https:\/\/www.rassegnastampa-totustuus.it\/cattolica\/wp-content\/uploads\/2014\/04\/logo-rassegna1.gif","contentUrl":"https:\/\/www.rassegnastampa-totustuus.it\/cattolica\/wp-content\/uploads\/2014\/04\/logo-rassegna1.gif","width":600,"height":163,"caption":"Rassegna Stampa Cattolica"},"image":{"@id":"https:\/\/www.rassegnastampa-totustuus.it\/cattolica\/#\/schema\/logo\/image\/"},"sameAs":["https:\/\/www.facebook.com\/rassegnastampacattolica","https:\/\/x.com\/rassegnastampa9"]},{"@type":"Person","@id":"https:\/\/www.rassegnastampa-totustuus.it\/cattolica\/#\/schema\/person\/08f319d2bd1a0904ad9e2bfb7b15e5c3","name":"Redazione","image":{"@type":"ImageObject","inLanguage":"it-IT","@id":"https:\/\/secure.gravatar.com\/avatar\/2fcdf27c78ea025fbdb44e914cc63c72249ffec9dc8aafd5c82b26240ef3f346?s=96&d=mm&r=g","url":"https:\/\/secure.gravatar.com\/avatar\/2fcdf27c78ea025fbdb44e914cc63c72249ffec9dc8aafd5c82b26240ef3f346?s=96&d=mm&r=g","contentUrl":"https:\/\/secure.gravatar.com\/avatar\/2fcdf27c78ea025fbdb44e914cc63c72249ffec9dc8aafd5c82b26240ef3f346?s=96&d=mm&r=g","caption":"Redazione"},"url":"https:\/\/www.rassegnastampa-totustuus.it\/cattolica\/author\/pietroelle\/"}]}},"_links":{"self":[{"href":"https:\/\/www.rassegnastampa-totustuus.it\/cattolica\/wp-json\/wp\/v2\/posts\/594","targetHints":{"allow":["GET"]}}],"collection":[{"href":"https:\/\/www.rassegnastampa-totustuus.it\/cattolica\/wp-json\/wp\/v2\/posts"}],"about":[{"href":"https:\/\/www.rassegnastampa-totustuus.it\/cattolica\/wp-json\/wp\/v2\/types\/post"}],"author":[{"embeddable":true,"href":"https:\/\/www.rassegnastampa-totustuus.it\/cattolica\/wp-json\/wp\/v2\/users\/6"}],"replies":[{"embeddable":true,"href":"https:\/\/www.rassegnastampa-totustuus.it\/cattolica\/wp-json\/wp\/v2\/comments?post=594"}],"version-history":[{"count":3,"href":"https:\/\/www.rassegnastampa-totustuus.it\/cattolica\/wp-json\/wp\/v2\/posts\/594\/revisions"}],"predecessor-version":[{"id":11247,"href":"https:\/\/www.rassegnastampa-totustuus.it\/cattolica\/wp-json\/wp\/v2\/posts\/594\/revisions\/11247"}],"wp:featuredmedia":[{"embeddable":true,"href":"https:\/\/www.rassegnastampa-totustuus.it\/cattolica\/wp-json\/wp\/v2\/media\/28301"}],"wp:attachment":[{"href":"https:\/\/www.rassegnastampa-totustuus.it\/cattolica\/wp-json\/wp\/v2\/media?parent=594"}],"wp:term":[{"taxonomy":"category","embeddable":true,"href":"https:\/\/www.rassegnastampa-totustuus.it\/cattolica\/wp-json\/wp\/v2\/categories?post=594"},{"taxonomy":"post_tag","embeddable":true,"href":"https:\/\/www.rassegnastampa-totustuus.it\/cattolica\/wp-json\/wp\/v2\/tags?post=594"}],"curies":[{"name":"wp","href":"https:\/\/api.w.org\/{rel}","templated":true}]}}