{"id":59197,"date":"2024-01-24T21:29:13","date_gmt":"2024-01-24T20:29:13","guid":{"rendered":"https:\/\/www.rassegnastampa-totustuus.it\/cattolica\/?p=59197"},"modified":"2024-01-24T21:35:20","modified_gmt":"2024-01-24T20:35:20","slug":"resistenza-cattolica-a-hitler-in-austria-e-alto-adige","status":"publish","type":"post","link":"https:\/\/www.rassegnastampa-totustuus.it\/cattolica\/resistenza-cattolica-a-hitler-in-austria-e-alto-adige\/","title":{"rendered":"Resistenza cattolica a Hitler in Austria e Alto Adige"},"content":{"rendered":"<p style=\"text-align: center;\"><span style=\"color: #000000;\"><strong><img loading=\"lazy\" decoding=\"async\" class=\" wp-image-59198 alignleft\" src=\"https:\/\/www.rassegnastampa-totustuus.it\/cattolica\/wp-content\/uploads\/2024\/01\/Comina_cover.jpeg\" alt=\"\" width=\"156\" height=\"235\" \/><\/strong><\/span><\/p>\n<p style=\"text-align: justify;\"><span style=\"color: #000000;\"><strong>Abstract: <\/strong><\/span><span style=\"color: #000000;\"><em>r<\/em><em>esistenza cattolica a Hitler in Austria e Alto Adige. Non solo i giovani della \u201cRosa Bianca\u201d e non solo in Germania preti e laici in virt\u00f9 della loro fede incrollabile sfidarono il regime. Una volta di pi\u00f9, emerge come gli oppositori cristiani al nazismo non siano stati pochi eroi solitari, ma una galassia composita, disseminata in vari Paesi. Ne facevano parte sia uomini che donne, persone adulte o anziane, ma anche giovani coraggiosi. Ad accomunare questi personaggi \u00e8 il fatto che hanno tutti seguito la voce della coscienza fino in fondo.<\/em><\/span><\/p>\n<p><!--more--><\/p>\n<p style=\"text-align: center;\"><span style=\"color: #000000;\"><a href=\"https:\/\/www.avvenire.it\/\" target=\"_blank\" rel=\"noopener\"><strong>Avvenire<\/strong><\/a> 13 Gennaio 2024 <\/span><\/p>\n<h3 style=\"text-align: center;\"><span style=\"color: #000000;\"><strong>Gli eroi cattolici dimenticati che seppero dire no a Hitler<\/strong><\/span><\/h3>\n<p style=\"text-align: justify:;\"><span style=\"color: #000000;\"><em>Non solo i giovani della \u201cRosa Bianca\u201d e non solo in Germania, ma anche in Austria e in Alto Adige: preti e laici dai cui scritti emerge una fede incrollabile<\/em><\/span><\/p>\n<p style=\"text-align: center;\"><span style=\"color: #000000;\">di <strong>Gerolamo Fazzini<\/strong><\/span><\/p>\n<div id=\"attachment_59199\" style=\"width: 193px\" class=\"wp-caption alignright\"><img loading=\"lazy\" decoding=\"async\" aria-describedby=\"caption-attachment-59199\" class=\"wp-image-59199\" src=\"https:\/\/www.rassegnastampa-totustuus.it\/cattolica\/wp-content\/uploads\/2024\/01\/Franz_Jagerstatter_resistenza.jpeg\" alt=\"\" width=\"193\" height=\"230\" \/><p id=\"caption-attachment-59199\" class=\"wp-caption-text\">Franz J\u00e4gerst\u00e4tter<\/p><\/div>\n<p style=\"text-align: justify;\"><span style=\"color: #000000;\">Tra i volumi sulla Shoah e dintorni che, con l\u2019approssimarsi della Giornata della memoria, torneranno ad affollare le librerie, un posto particolare lo occupa <strong><em>La lama e la croce. Storie di cristiani che si opposero a Hitler<\/em>, in uscita da Lev<\/strong> (Libreria editrice vaticana, pagine 128, euro 15,00): un documento prezioso, un\u2019autentica sorpresa. Lo firma il giornalista e scrittore altoatesino <strong>Francesco Comina, che da anni indaga sul tema e ha gi\u00e0 dedicato due libri a Franz J\u00e4gerst\u00e4tter e a Josef Mayr-Nusser,<\/strong> rispettivamente per Emi e Il Margine<em>. <\/em>A met\u00e0 tra l\u2019indagine giornalistica e il reportage storico, il nuovo lavoro di Comina ha il merito di presentare diversi nomi molto interessanti e sconosciuti. Tant\u2019\u00e8 che in alcuni casi non sono nemmeno menzionati in due testi monumentali sul tema, ovvero il recente <em>Il soffio dello Spirito. Cattolici nelle Resistenze europee<\/em> di Giorgio Vecchio e <em>Churches and Religions in the Second War<\/em> di Jan Bank e Lieve Gevers<em>. <\/em>Grazie alla sua familiarit\u00e0 con la lingua tedesca, infatti, l\u2019autore ha potuto accedere a testi usciti in Germania e in Austria, ma non nel Belpaese.<\/span><\/p>\n<p style=\"text-align: justify;\"><span style=\"color: #000000;\">L\u2019altro motivo di interesse della nuova pubblicazione Lev \u00e8 il fatto che, una volta di pi\u00f9,<strong> emerge come gli oppositori cristiani al nazismo non siano stati pochi eroi solitari, ma una galassia composita, disseminata in vari Paesi.<\/strong> Ne facevano parte <strong>sia uomini che donne; ecclesiastici, religiose e laici,<\/strong> persone adulte o anziane, ma anche giovani coraggiosi. Ad accomunare questi personaggi \u00e8 il fatto che hanno tutti seguito la voce della coscienza fino in fondo, in un\u2019epoca in cui l\u2019indottrinamento propagandistico e la violenza sistematica contro i \u201cnon allineati\u201d scoraggiavano qualsiasi forma di pensiero critico e resistenza, fiaccando la volont\u00e0 anche dei pi\u00f9 coraggiosi. Dunque, persone di cui vale la pena di custodire la memoria. Come afferma Comina: \u00abDobbiamo raccontare che ci sono stati <strong>uomini e donne pi\u00f9 forti dell\u2019odio, che hanno vissuto totalmente, in mezzo alla tempesta, a imitazione di Cristo<\/strong>, fra i sentieri polverosi di una verit\u00e0 nonviolenta e di una fedelt\u00e0 umana alla carit\u00e0\u00bb.<\/span><\/p>\n<p style=\"text-align: justify;\"><span style=\"color: #000000;\"><strong>Su Franz J\u00e4gerst\u00e4tter sono usciti libri e, nel 2019, lo stupendo (ma quasi introvabile) film di Terrence Malick <em>Una vita nascosta<\/em>. Di molti altri, per\u00f2, non si conosce granch\u00e9<\/strong>. Come osserva Comina, poco o nulla in Italia si sa di un\u2019iniziativa analoga a quella della celebre \u201cRosa Bianca\u201d, promossa da un diciannovenne, <strong>Walter Klingenbeck, che fin\u00ec ghigliottinato il 5 agosto 1943,<\/strong> negli stessi mesi dei giovani della Weisse Rose, sempre a Monaco. Come Sophie Scholl e compagni, anch\u2019egli e i suoi amici erano mossi dalla fede cristiana, tant\u2019\u00e8 che la diocesi di Monaco sta valutando la possibilit\u00e0 di aprire il processo di beatificazione per Klingenbeck. \u00abAnche loro <strong>distribuivano volantini, girando col pennello, la notte, per scrivere \u201cFreiheit\u201d e \u201cVictory\u201d sui muri dei palazzi. <\/strong>Addirittura, avevano ideato (e quasi messo in funzione) una radio clandestina di opposizione\u00bb. <\/span><\/p>\n<div id=\"attachment_59200\" style=\"width: 178px\" class=\"wp-caption alignleft\"><img loading=\"lazy\" decoding=\"async\" aria-describedby=\"caption-attachment-59200\" class=\"wp-image-59200 size-full\" src=\"https:\/\/www.rassegnastampa-totustuus.it\/cattolica\/wp-content\/uploads\/2024\/01\/Eva_Maria_Buch_nazismo_resistenza.jpeg\" alt=\"\" width=\"178\" height=\"246\" \/><p id=\"caption-attachment-59200\" class=\"wp-caption-text\">Eva Maria Buch<\/p><\/div>\n<p style=\"text-align: justify;\"><span style=\"color: #000000;\">Commuovente l\u2019ultima lettera scritta dal giovane, pocoprima di essere assassinato, a un coetaneo che, arrestato, aveva ottenuto la grazia: \u00abHo appena ricevuto l\u2019estrema unzione e sono calmo e raccolto. Se vuoi fare qualcosa per me, recita il Padre Nostro qualche volta. Arrivederci. Walter\u00bb. <strong>Non meno toccanti le storie di suor Maria Angela Autsch, nota come \u201cl\u2019angelo di Dachau\u201d e delle due giovani laiche : Eva Maria Buch e Maria Terwiel.<\/strong> Donne straordinarie, salite sul patibolo ripetendo come una giaculatoria la pagina evangelica delle Beatitudini.Entrambe appartenevano alla \u201cRote Kapelle\u201d (l\u2019Orchestra rossa), organizzazione antinazista accusata falsamente dalla Gestapo di essere un gruppo di spionaggio filo-sovietico \u00abquando invece si trattava, in realt\u00e0, di una forma variegata di resistenza all\u2019ideologia hitleriana, dove convivevano culture politiche e religiose diversificate\u00bb.<\/span><\/p>\n<p style=\"text-align: justify;\"><span style=\"color: #000000;\">Anche <strong>Franz Reinisch, frate dell\u2019ordine dei Pallottini ucciso il 21 agosto 1942, <\/strong>fa parte dell\u2019esercito dei dimenticati. Osserva Comina, dopo aver notato che la bibliografia disponibile su questa figura \u00e8 quasi solo in lingua tedesca: \u00abPerfino in Alto Adige pochissimi lo conoscono, nonostante abbia vissuto a Bolzano e a Brunico, si sia formato nel seminario di Bressanone e una casa di pallottini sia ancor oggi attiva a Merano\u00bb.<\/span><\/p>\n<p style=\"text-align: justify;\"><span style=\"color: #000000;\">Un\u2019interessante figura scovata da Comina \u00e8<strong> un prete di origine altoatesina, Heinrich Dalla Rosa, che ha svolto in suo ministero in Austria ed \u00e8 stato ghigliottinato nel gennaio \u201945 a Vienna, a soli 35 anni <\/strong>di et\u00e0. La sua colpa? Aver criticato apertamente il regime nazista, azzardando pubblicamente la previsione della sconfitta di Hitler. Il ritratto che ne fa l\u2019autore \u00e8 quello di un uomo che amava intensamente la vita quanto la sua vocazione sacerdotale. \u00abEra aperto. Nelle funzioni religiose inseriva spesso elementi di modernit\u00e0, come la lingua tedesca nei canti e nelle celebrazioni. Affascinava i giovani con la sua chitarra e la sua bella voce. Amava la montagna e spesso organizzava gite anche difficoltose\u00bb. E \u00abSalutatemi le mie montagne!\u00bb, fu la raccomandazione ai familiari prima di essere ucciso. Ebbe poi il tempo per l\u2019ultima professione di fede: \u00abViva il vero Re, viva il Cristo!\u00bb.<\/span><\/p>\n<div id=\"attachment_59201\" style=\"width: 184px\" class=\"wp-caption alignright\"><img loading=\"lazy\" decoding=\"async\" aria-describedby=\"caption-attachment-59201\" class=\"wp-image-59201 \" src=\"https:\/\/www.rassegnastampa-totustuus.it\/cattolica\/wp-content\/uploads\/2024\/01\/Max_Josef_Metzger_nazismo_resistenza.jpeg\" alt=\"\" width=\"184\" height=\"263\" \/><p id=\"caption-attachment-59201\" class=\"wp-caption-text\">padre Max Josef Metzger,<\/p><\/div>\n<p style=\"text-align: justify;\"><span style=\"color: #000000;\">Di tutte le figure presentate nel volume di Lev, a giganteggiare &#8211; quanto a preparazione culturale e orizzonte profetico &#8211; \u00e8 indubbiamente <strong>padre Max Josef Metzger, di cui la diocesi di Friburgo nel 2006 ha avviato il processo di beatificazione.<\/strong> Sulla sua tomba si legge: \u00abHo offerto la mia vita per la pace del mondo e per l\u2019unit\u00e0 della Chiesa\u00bb. In quelle parole, pronunciate subito dopo la sentenza di condanna a morte, c\u2019\u00e8 la sintesi di un\u2019intera vita. Metzger, infatti, \u00e8 stato sia un pioniere del pacifismo europeo (lui, ex cappellano militare volontario al fronte nel primo conflitto mondiale) nonch\u00e9 un alfiere dell\u2019ecumenismo. <\/span><\/p>\n<p style=\"text-align: justify;\"><span style=\"color: #000000;\">Annota Comina: \u00abMetzger sprona i cattolici a unire tutti gli sforzi per creare una \u201cUnione di pace\u201d dei cattolici tedeschi. Scrive addirittura un manifesto d\u2019intenti che pu\u00f2 essere considerato come la prima fondazione di un movimento pacifista cristiano\u00bb. Con dieci anni di anticipo, preannuncia l\u2019avvento della Seconda guerra mondiale con parole che oggi suonano tristemente profetiche. \u00abNel 1929 a L\u2019Aia \u00e8 relatore ad uno dei primi incontri sul tema dell\u2019obiezione di coscienza al servizio militare &#8211; racconta Comina &#8211; . <\/span><span style=\"color: #000000;\">Il suo discorso \u00e8 di un\u2019attualit\u00e0 sconcertante\u00bb. <\/span><\/p>\n<p style=\"text-align: justify;\"><span style=\"color: #000000;\">Animato da forte spirito ecumenico, nel 1938 fonda in Baviera la Fraternit\u00e0 interconfessionale \u201cUna Sancta\u201d. L\u2019anno dopo la Gestapo lo arresta; condannato a morte, Metzger viene ucciso il 17 aprile 1944. Nel 2008 le Edizioni san Paolo pubblicarono una preziosa antologia dei suoi scritti, <em>La mia vita per la pace. Lettere dalle prigioni naziste scritte con le mani legate<\/em>. Purtroppo oggi risulta fuori catalogo.<\/span><\/p>\n<p>_________________________________<\/p>\n<p><span style=\"color: #000000;\"><strong>Leggi anche:<\/strong><\/span><\/p>\n<p><a href=\"https:\/\/www.rassegnastampa-totustuus.it\/cattolica\/quei-tedeschi-che-non-volevano-hitler\/\" target=\"_blank\" rel=\"noopener\"><span style=\"color: #0000ff;\">Quei tedeschi che non volevano Hitler<\/span><\/a><\/p>\n<p><a href=\"https:\/\/www.rassegnastampa-totustuus.it\/cattolica\/la-resistenza-tedesca-al-nazionalsocialismo\/\" target=\"_blank\" rel=\"noopener\"><span style=\"color: #0000ff;\">La resistenza tedesca al nazionalsocialismo<\/span><\/a><\/p>\n<p><a href=\"https:\/\/www.rassegnastampa-totustuus.it\/cattolica\/cattolici-tedeschi-martiri-del-nazionalsocialismo\/\" target=\"_blank\" rel=\"noopener\"><span style=\"color: #0000ff;\">Cattolici tedeschi martiri del nazionalsocialismo<\/span><\/a><\/p>\n<p><a href=\"https:\/\/www.rassegnastampa-totustuus.it\/cattolica\/clemens-august-von-galen-1878-1946\/\" target=\"_blank\" rel=\"noopener\"><span style=\"color: #0000ff;\">Clemens August von Galen (1878-1946)<\/span><\/a><\/p>\n","protected":false},"excerpt":{"rendered":"<p>Abstract: resistenza cattolica a Hitler in Austria e Alto Adige. Non solo i giovani della \u201cRosa Bianca\u201d e non solo in Germania preti e laici in virt\u00f9 della loro fede incrollabile sfidarono il regime. Una volta di pi\u00f9, emerge come gli oppositori cristiani al nazismo non siano stati pochi eroi solitari, ma una galassia composita, &hellip; <\/p>\n<p><a class=\"more-link btn\" href=\"https:\/\/www.rassegnastampa-totustuus.it\/cattolica\/resistenza-cattolica-a-hitler-in-austria-e-alto-adige\/\">Continua a leggere<\/a><\/p>\n","protected":false},"author":6,"featured_media":59198,"comment_status":"closed","ping_status":"closed","sticky":false,"template":"","format":"standard","meta":{"footnotes":""},"categories":[5,17,94],"tags":[],"class_list":["post-59197","post","type-post","status-publish","format-standard","has-post-thumbnail","hentry","category-chiesa","category-libri","category-nazionalsocialismo","item-wrap"],"yoast_head":"<!-- This site is optimized with the Yoast SEO plugin v27.5 - https:\/\/yoast.com\/product\/yoast-seo-wordpress\/ -->\n<title>Resistenza cattolica a Hitler in Austria e Alto Adige - Rassegna Stampa Cattolica<\/title>\n<meta name=\"description\" content=\"Resistenza cattolica a Hitler in Austria e Alto Adige di peti e laici dai cui scritti emerge una fede incrollabile\" \/>\n<meta name=\"robots\" content=\"index, follow, max-snippet:-1, max-image-preview:large, max-video-preview:-1\" \/>\n<link rel=\"canonical\" href=\"https:\/\/www.rassegnastampa-totustuus.it\/cattolica\/resistenza-cattolica-a-hitler-in-austria-e-alto-adige\/\" \/>\n<meta property=\"og:locale\" content=\"it_IT\" \/>\n<meta property=\"og:type\" content=\"article\" \/>\n<meta property=\"og:title\" content=\"Resistenza cattolica a Hitler in Austria e Alto Adige - Rassegna Stampa Cattolica\" \/>\n<meta property=\"og:description\" content=\"Resistenza cattolica a Hitler in Austria e Alto Adige di peti e laici dai cui scritti emerge una fede incrollabile\" \/>\n<meta property=\"og:url\" content=\"https:\/\/www.rassegnastampa-totustuus.it\/cattolica\/resistenza-cattolica-a-hitler-in-austria-e-alto-adige\/\" \/>\n<meta property=\"og:site_name\" content=\"Rassegna Stampa Cattolica\" \/>\n<meta property=\"article:publisher\" content=\"https:\/\/www.facebook.com\/rassegnastampacattolica\" \/>\n<meta property=\"article:published_time\" content=\"2024-01-24T20:29:13+00:00\" \/>\n<meta property=\"article:modified_time\" content=\"2024-01-24T20:35:20+00:00\" \/>\n<meta property=\"og:image\" content=\"https:\/\/www.rassegnastampa-totustuus.it\/cattolica\/wp-content\/uploads\/2024\/01\/Comina_cover.jpeg\" \/>\n\t<meta property=\"og:image:width\" content=\"183\" \/>\n\t<meta property=\"og:image:height\" content=\"275\" \/>\n\t<meta property=\"og:image:type\" content=\"image\/jpeg\" \/>\n<meta name=\"author\" content=\"Redazione\" \/>\n<meta name=\"twitter:card\" content=\"summary_large_image\" \/>\n<meta name=\"twitter:creator\" content=\"@rassegnastampa9\" \/>\n<meta name=\"twitter:site\" content=\"@rassegnastampa9\" \/>\n<meta name=\"twitter:label1\" content=\"Scritto da\" \/>\n\t<meta name=\"twitter:data1\" content=\"Redazione\" \/>\n\t<meta name=\"twitter:label2\" content=\"Tempo di lettura stimato\" \/>\n\t<meta name=\"twitter:data2\" content=\"8 minuti\" \/>\n<script type=\"application\/ld+json\" class=\"yoast-schema-graph\">{\"@context\":\"https:\\\/\\\/schema.org\",\"@graph\":[{\"@type\":\"Article\",\"@id\":\"https:\\\/\\\/www.rassegnastampa-totustuus.it\\\/cattolica\\\/resistenza-cattolica-a-hitler-in-austria-e-alto-adige\\\/#article\",\"isPartOf\":{\"@id\":\"https:\\\/\\\/www.rassegnastampa-totustuus.it\\\/cattolica\\\/resistenza-cattolica-a-hitler-in-austria-e-alto-adige\\\/\"},\"author\":{\"name\":\"Redazione\",\"@id\":\"https:\\\/\\\/www.rassegnastampa-totustuus.it\\\/cattolica\\\/#\\\/schema\\\/person\\\/08f319d2bd1a0904ad9e2bfb7b15e5c3\"},\"headline\":\"Resistenza cattolica a Hitler in Austria e Alto Adige\",\"datePublished\":\"2024-01-24T20:29:13+00:00\",\"dateModified\":\"2024-01-24T20:35:20+00:00\",\"mainEntityOfPage\":{\"@id\":\"https:\\\/\\\/www.rassegnastampa-totustuus.it\\\/cattolica\\\/resistenza-cattolica-a-hitler-in-austria-e-alto-adige\\\/\"},\"wordCount\":1271,\"publisher\":{\"@id\":\"https:\\\/\\\/www.rassegnastampa-totustuus.it\\\/cattolica\\\/#organization\"},\"image\":{\"@id\":\"https:\\\/\\\/www.rassegnastampa-totustuus.it\\\/cattolica\\\/resistenza-cattolica-a-hitler-in-austria-e-alto-adige\\\/#primaryimage\"},\"thumbnailUrl\":\"https:\\\/\\\/www.rassegnastampa-totustuus.it\\\/cattolica\\\/wp-content\\\/uploads\\\/2024\\\/01\\\/Comina_cover.jpeg\",\"articleSection\":[\"Chiesa\",\"Libri\",\"Nazionalsocialismo\"],\"inLanguage\":\"it-IT\"},{\"@type\":\"WebPage\",\"@id\":\"https:\\\/\\\/www.rassegnastampa-totustuus.it\\\/cattolica\\\/resistenza-cattolica-a-hitler-in-austria-e-alto-adige\\\/\",\"url\":\"https:\\\/\\\/www.rassegnastampa-totustuus.it\\\/cattolica\\\/resistenza-cattolica-a-hitler-in-austria-e-alto-adige\\\/\",\"name\":\"Resistenza cattolica a Hitler in Austria e Alto Adige - Rassegna Stampa Cattolica\",\"isPartOf\":{\"@id\":\"https:\\\/\\\/www.rassegnastampa-totustuus.it\\\/cattolica\\\/#website\"},\"primaryImageOfPage\":{\"@id\":\"https:\\\/\\\/www.rassegnastampa-totustuus.it\\\/cattolica\\\/resistenza-cattolica-a-hitler-in-austria-e-alto-adige\\\/#primaryimage\"},\"image\":{\"@id\":\"https:\\\/\\\/www.rassegnastampa-totustuus.it\\\/cattolica\\\/resistenza-cattolica-a-hitler-in-austria-e-alto-adige\\\/#primaryimage\"},\"thumbnailUrl\":\"https:\\\/\\\/www.rassegnastampa-totustuus.it\\\/cattolica\\\/wp-content\\\/uploads\\\/2024\\\/01\\\/Comina_cover.jpeg\",\"datePublished\":\"2024-01-24T20:29:13+00:00\",\"dateModified\":\"2024-01-24T20:35:20+00:00\",\"description\":\"Resistenza cattolica a Hitler in Austria e Alto Adige di peti e laici dai cui scritti emerge una fede incrollabile\",\"breadcrumb\":{\"@id\":\"https:\\\/\\\/www.rassegnastampa-totustuus.it\\\/cattolica\\\/resistenza-cattolica-a-hitler-in-austria-e-alto-adige\\\/#breadcrumb\"},\"inLanguage\":\"it-IT\",\"potentialAction\":[{\"@type\":\"ReadAction\",\"target\":[\"https:\\\/\\\/www.rassegnastampa-totustuus.it\\\/cattolica\\\/resistenza-cattolica-a-hitler-in-austria-e-alto-adige\\\/\"]}]},{\"@type\":\"ImageObject\",\"inLanguage\":\"it-IT\",\"@id\":\"https:\\\/\\\/www.rassegnastampa-totustuus.it\\\/cattolica\\\/resistenza-cattolica-a-hitler-in-austria-e-alto-adige\\\/#primaryimage\",\"url\":\"https:\\\/\\\/www.rassegnastampa-totustuus.it\\\/cattolica\\\/wp-content\\\/uploads\\\/2024\\\/01\\\/Comina_cover.jpeg\",\"contentUrl\":\"https:\\\/\\\/www.rassegnastampa-totustuus.it\\\/cattolica\\\/wp-content\\\/uploads\\\/2024\\\/01\\\/Comina_cover.jpeg\",\"width\":183,\"height\":275},{\"@type\":\"BreadcrumbList\",\"@id\":\"https:\\\/\\\/www.rassegnastampa-totustuus.it\\\/cattolica\\\/resistenza-cattolica-a-hitler-in-austria-e-alto-adige\\\/#breadcrumb\",\"itemListElement\":[{\"@type\":\"ListItem\",\"position\":1,\"name\":\"Home\",\"item\":\"https:\\\/\\\/www.rassegnastampa-totustuus.it\\\/cattolica\\\/\"},{\"@type\":\"ListItem\",\"position\":2,\"name\":\"Resistenza cattolica a Hitler in Austria e Alto Adige\"}]},{\"@type\":\"WebSite\",\"@id\":\"https:\\\/\\\/www.rassegnastampa-totustuus.it\\\/cattolica\\\/#website\",\"url\":\"https:\\\/\\\/www.rassegnastampa-totustuus.it\\\/cattolica\\\/\",\"name\":\"Rassegna Stampa Cattolica\",\"description\":\"Per una cultura che nasce dalla Rivelazione cristiana in conformit\u00e0 alla tradizione e al Magistero della Chiesa in opposizione ad ogni relativismo e totalitarismo\",\"publisher\":{\"@id\":\"https:\\\/\\\/www.rassegnastampa-totustuus.it\\\/cattolica\\\/#organization\"},\"alternateName\":\"Rass. Cattolica\",\"potentialAction\":[{\"@type\":\"SearchAction\",\"target\":{\"@type\":\"EntryPoint\",\"urlTemplate\":\"https:\\\/\\\/www.rassegnastampa-totustuus.it\\\/cattolica\\\/?s={search_term_string}\"},\"query-input\":{\"@type\":\"PropertyValueSpecification\",\"valueRequired\":true,\"valueName\":\"search_term_string\"}}],\"inLanguage\":\"it-IT\"},{\"@type\":\"Organization\",\"@id\":\"https:\\\/\\\/www.rassegnastampa-totustuus.it\\\/cattolica\\\/#organization\",\"name\":\"Rassegna Stampa Cattolica\",\"url\":\"https:\\\/\\\/www.rassegnastampa-totustuus.it\\\/cattolica\\\/\",\"logo\":{\"@type\":\"ImageObject\",\"inLanguage\":\"it-IT\",\"@id\":\"https:\\\/\\\/www.rassegnastampa-totustuus.it\\\/cattolica\\\/#\\\/schema\\\/logo\\\/image\\\/\",\"url\":\"https:\\\/\\\/www.rassegnastampa-totustuus.it\\\/cattolica\\\/wp-content\\\/uploads\\\/2014\\\/04\\\/logo-rassegna1.gif\",\"contentUrl\":\"https:\\\/\\\/www.rassegnastampa-totustuus.it\\\/cattolica\\\/wp-content\\\/uploads\\\/2014\\\/04\\\/logo-rassegna1.gif\",\"width\":600,\"height\":163,\"caption\":\"Rassegna Stampa Cattolica\"},\"image\":{\"@id\":\"https:\\\/\\\/www.rassegnastampa-totustuus.it\\\/cattolica\\\/#\\\/schema\\\/logo\\\/image\\\/\"},\"sameAs\":[\"https:\\\/\\\/www.facebook.com\\\/rassegnastampacattolica\",\"https:\\\/\\\/x.com\\\/rassegnastampa9\"]},{\"@type\":\"Person\",\"@id\":\"https:\\\/\\\/www.rassegnastampa-totustuus.it\\\/cattolica\\\/#\\\/schema\\\/person\\\/08f319d2bd1a0904ad9e2bfb7b15e5c3\",\"name\":\"Redazione\",\"image\":{\"@type\":\"ImageObject\",\"inLanguage\":\"it-IT\",\"@id\":\"https:\\\/\\\/secure.gravatar.com\\\/avatar\\\/2fcdf27c78ea025fbdb44e914cc63c72249ffec9dc8aafd5c82b26240ef3f346?s=96&d=mm&r=g\",\"url\":\"https:\\\/\\\/secure.gravatar.com\\\/avatar\\\/2fcdf27c78ea025fbdb44e914cc63c72249ffec9dc8aafd5c82b26240ef3f346?s=96&d=mm&r=g\",\"contentUrl\":\"https:\\\/\\\/secure.gravatar.com\\\/avatar\\\/2fcdf27c78ea025fbdb44e914cc63c72249ffec9dc8aafd5c82b26240ef3f346?s=96&d=mm&r=g\",\"caption\":\"Redazione\"},\"url\":\"https:\\\/\\\/www.rassegnastampa-totustuus.it\\\/cattolica\\\/author\\\/pietroelle\\\/\"}]}<\/script>\n<!-- \/ Yoast SEO plugin. -->","yoast_head_json":{"title":"Resistenza cattolica a Hitler in Austria e Alto Adige - Rassegna Stampa Cattolica","description":"Resistenza cattolica a Hitler in Austria e Alto Adige di peti e laici dai cui scritti emerge una fede incrollabile","robots":{"index":"index","follow":"follow","max-snippet":"max-snippet:-1","max-image-preview":"max-image-preview:large","max-video-preview":"max-video-preview:-1"},"canonical":"https:\/\/www.rassegnastampa-totustuus.it\/cattolica\/resistenza-cattolica-a-hitler-in-austria-e-alto-adige\/","og_locale":"it_IT","og_type":"article","og_title":"Resistenza cattolica a Hitler in Austria e Alto Adige - Rassegna Stampa Cattolica","og_description":"Resistenza cattolica a Hitler in Austria e Alto Adige di peti e laici dai cui scritti emerge una fede incrollabile","og_url":"https:\/\/www.rassegnastampa-totustuus.it\/cattolica\/resistenza-cattolica-a-hitler-in-austria-e-alto-adige\/","og_site_name":"Rassegna Stampa Cattolica","article_publisher":"https:\/\/www.facebook.com\/rassegnastampacattolica","article_published_time":"2024-01-24T20:29:13+00:00","article_modified_time":"2024-01-24T20:35:20+00:00","og_image":[{"width":183,"height":275,"url":"https:\/\/www.rassegnastampa-totustuus.it\/cattolica\/wp-content\/uploads\/2024\/01\/Comina_cover.jpeg","type":"image\/jpeg"}],"author":"Redazione","twitter_card":"summary_large_image","twitter_creator":"@rassegnastampa9","twitter_site":"@rassegnastampa9","twitter_misc":{"Scritto da":"Redazione","Tempo di lettura stimato":"8 minuti"},"schema":{"@context":"https:\/\/schema.org","@graph":[{"@type":"Article","@id":"https:\/\/www.rassegnastampa-totustuus.it\/cattolica\/resistenza-cattolica-a-hitler-in-austria-e-alto-adige\/#article","isPartOf":{"@id":"https:\/\/www.rassegnastampa-totustuus.it\/cattolica\/resistenza-cattolica-a-hitler-in-austria-e-alto-adige\/"},"author":{"name":"Redazione","@id":"https:\/\/www.rassegnastampa-totustuus.it\/cattolica\/#\/schema\/person\/08f319d2bd1a0904ad9e2bfb7b15e5c3"},"headline":"Resistenza cattolica a Hitler in Austria e Alto Adige","datePublished":"2024-01-24T20:29:13+00:00","dateModified":"2024-01-24T20:35:20+00:00","mainEntityOfPage":{"@id":"https:\/\/www.rassegnastampa-totustuus.it\/cattolica\/resistenza-cattolica-a-hitler-in-austria-e-alto-adige\/"},"wordCount":1271,"publisher":{"@id":"https:\/\/www.rassegnastampa-totustuus.it\/cattolica\/#organization"},"image":{"@id":"https:\/\/www.rassegnastampa-totustuus.it\/cattolica\/resistenza-cattolica-a-hitler-in-austria-e-alto-adige\/#primaryimage"},"thumbnailUrl":"https:\/\/www.rassegnastampa-totustuus.it\/cattolica\/wp-content\/uploads\/2024\/01\/Comina_cover.jpeg","articleSection":["Chiesa","Libri","Nazionalsocialismo"],"inLanguage":"it-IT"},{"@type":"WebPage","@id":"https:\/\/www.rassegnastampa-totustuus.it\/cattolica\/resistenza-cattolica-a-hitler-in-austria-e-alto-adige\/","url":"https:\/\/www.rassegnastampa-totustuus.it\/cattolica\/resistenza-cattolica-a-hitler-in-austria-e-alto-adige\/","name":"Resistenza cattolica a Hitler in Austria e Alto Adige - Rassegna Stampa Cattolica","isPartOf":{"@id":"https:\/\/www.rassegnastampa-totustuus.it\/cattolica\/#website"},"primaryImageOfPage":{"@id":"https:\/\/www.rassegnastampa-totustuus.it\/cattolica\/resistenza-cattolica-a-hitler-in-austria-e-alto-adige\/#primaryimage"},"image":{"@id":"https:\/\/www.rassegnastampa-totustuus.it\/cattolica\/resistenza-cattolica-a-hitler-in-austria-e-alto-adige\/#primaryimage"},"thumbnailUrl":"https:\/\/www.rassegnastampa-totustuus.it\/cattolica\/wp-content\/uploads\/2024\/01\/Comina_cover.jpeg","datePublished":"2024-01-24T20:29:13+00:00","dateModified":"2024-01-24T20:35:20+00:00","description":"Resistenza cattolica a Hitler in Austria e Alto Adige di peti e laici dai cui scritti emerge una fede incrollabile","breadcrumb":{"@id":"https:\/\/www.rassegnastampa-totustuus.it\/cattolica\/resistenza-cattolica-a-hitler-in-austria-e-alto-adige\/#breadcrumb"},"inLanguage":"it-IT","potentialAction":[{"@type":"ReadAction","target":["https:\/\/www.rassegnastampa-totustuus.it\/cattolica\/resistenza-cattolica-a-hitler-in-austria-e-alto-adige\/"]}]},{"@type":"ImageObject","inLanguage":"it-IT","@id":"https:\/\/www.rassegnastampa-totustuus.it\/cattolica\/resistenza-cattolica-a-hitler-in-austria-e-alto-adige\/#primaryimage","url":"https:\/\/www.rassegnastampa-totustuus.it\/cattolica\/wp-content\/uploads\/2024\/01\/Comina_cover.jpeg","contentUrl":"https:\/\/www.rassegnastampa-totustuus.it\/cattolica\/wp-content\/uploads\/2024\/01\/Comina_cover.jpeg","width":183,"height":275},{"@type":"BreadcrumbList","@id":"https:\/\/www.rassegnastampa-totustuus.it\/cattolica\/resistenza-cattolica-a-hitler-in-austria-e-alto-adige\/#breadcrumb","itemListElement":[{"@type":"ListItem","position":1,"name":"Home","item":"https:\/\/www.rassegnastampa-totustuus.it\/cattolica\/"},{"@type":"ListItem","position":2,"name":"Resistenza cattolica a Hitler in Austria e Alto Adige"}]},{"@type":"WebSite","@id":"https:\/\/www.rassegnastampa-totustuus.it\/cattolica\/#website","url":"https:\/\/www.rassegnastampa-totustuus.it\/cattolica\/","name":"Rassegna Stampa Cattolica","description":"Per una cultura che nasce dalla Rivelazione cristiana in conformit\u00e0 alla tradizione e al Magistero della Chiesa in opposizione ad ogni relativismo e totalitarismo","publisher":{"@id":"https:\/\/www.rassegnastampa-totustuus.it\/cattolica\/#organization"},"alternateName":"Rass. Cattolica","potentialAction":[{"@type":"SearchAction","target":{"@type":"EntryPoint","urlTemplate":"https:\/\/www.rassegnastampa-totustuus.it\/cattolica\/?s={search_term_string}"},"query-input":{"@type":"PropertyValueSpecification","valueRequired":true,"valueName":"search_term_string"}}],"inLanguage":"it-IT"},{"@type":"Organization","@id":"https:\/\/www.rassegnastampa-totustuus.it\/cattolica\/#organization","name":"Rassegna Stampa Cattolica","url":"https:\/\/www.rassegnastampa-totustuus.it\/cattolica\/","logo":{"@type":"ImageObject","inLanguage":"it-IT","@id":"https:\/\/www.rassegnastampa-totustuus.it\/cattolica\/#\/schema\/logo\/image\/","url":"https:\/\/www.rassegnastampa-totustuus.it\/cattolica\/wp-content\/uploads\/2014\/04\/logo-rassegna1.gif","contentUrl":"https:\/\/www.rassegnastampa-totustuus.it\/cattolica\/wp-content\/uploads\/2014\/04\/logo-rassegna1.gif","width":600,"height":163,"caption":"Rassegna Stampa Cattolica"},"image":{"@id":"https:\/\/www.rassegnastampa-totustuus.it\/cattolica\/#\/schema\/logo\/image\/"},"sameAs":["https:\/\/www.facebook.com\/rassegnastampacattolica","https:\/\/x.com\/rassegnastampa9"]},{"@type":"Person","@id":"https:\/\/www.rassegnastampa-totustuus.it\/cattolica\/#\/schema\/person\/08f319d2bd1a0904ad9e2bfb7b15e5c3","name":"Redazione","image":{"@type":"ImageObject","inLanguage":"it-IT","@id":"https:\/\/secure.gravatar.com\/avatar\/2fcdf27c78ea025fbdb44e914cc63c72249ffec9dc8aafd5c82b26240ef3f346?s=96&d=mm&r=g","url":"https:\/\/secure.gravatar.com\/avatar\/2fcdf27c78ea025fbdb44e914cc63c72249ffec9dc8aafd5c82b26240ef3f346?s=96&d=mm&r=g","contentUrl":"https:\/\/secure.gravatar.com\/avatar\/2fcdf27c78ea025fbdb44e914cc63c72249ffec9dc8aafd5c82b26240ef3f346?s=96&d=mm&r=g","caption":"Redazione"},"url":"https:\/\/www.rassegnastampa-totustuus.it\/cattolica\/author\/pietroelle\/"}]}},"_links":{"self":[{"href":"https:\/\/www.rassegnastampa-totustuus.it\/cattolica\/wp-json\/wp\/v2\/posts\/59197","targetHints":{"allow":["GET"]}}],"collection":[{"href":"https:\/\/www.rassegnastampa-totustuus.it\/cattolica\/wp-json\/wp\/v2\/posts"}],"about":[{"href":"https:\/\/www.rassegnastampa-totustuus.it\/cattolica\/wp-json\/wp\/v2\/types\/post"}],"author":[{"embeddable":true,"href":"https:\/\/www.rassegnastampa-totustuus.it\/cattolica\/wp-json\/wp\/v2\/users\/6"}],"replies":[{"embeddable":true,"href":"https:\/\/www.rassegnastampa-totustuus.it\/cattolica\/wp-json\/wp\/v2\/comments?post=59197"}],"version-history":[{"count":3,"href":"https:\/\/www.rassegnastampa-totustuus.it\/cattolica\/wp-json\/wp\/v2\/posts\/59197\/revisions"}],"predecessor-version":[{"id":59205,"href":"https:\/\/www.rassegnastampa-totustuus.it\/cattolica\/wp-json\/wp\/v2\/posts\/59197\/revisions\/59205"}],"wp:featuredmedia":[{"embeddable":true,"href":"https:\/\/www.rassegnastampa-totustuus.it\/cattolica\/wp-json\/wp\/v2\/media\/59198"}],"wp:attachment":[{"href":"https:\/\/www.rassegnastampa-totustuus.it\/cattolica\/wp-json\/wp\/v2\/media?parent=59197"}],"wp:term":[{"taxonomy":"category","embeddable":true,"href":"https:\/\/www.rassegnastampa-totustuus.it\/cattolica\/wp-json\/wp\/v2\/categories?post=59197"},{"taxonomy":"post_tag","embeddable":true,"href":"https:\/\/www.rassegnastampa-totustuus.it\/cattolica\/wp-json\/wp\/v2\/tags?post=59197"}],"curies":[{"name":"wp","href":"https:\/\/api.w.org\/{rel}","templated":true}]}}