{"id":59096,"date":"2024-01-18T00:44:00","date_gmt":"2024-01-17T23:44:00","guid":{"rendered":"https:\/\/www.rassegnastampa-totustuus.it\/cattolica\/?p=59096"},"modified":"2024-06-17T14:41:53","modified_gmt":"2024-06-17T12:41:53","slug":"chi-e-nikki-haley-possibile-candidata-alla-casa-bianca","status":"publish","type":"post","link":"https:\/\/www.rassegnastampa-totustuus.it\/cattolica\/chi-e-nikki-haley-possibile-candidata-alla-casa-bianca\/","title":{"rendered":"Chi \u00e8 Nikki Haley, possibile candidata alla Casa Bianca?"},"content":{"rendered":"<p style=\"text-align: justify;\"><span style=\"color: #000000;\"><strong><img loading=\"lazy\" decoding=\"async\" class=\" wp-image-59097 alignleft\" src=\"https:\/\/www.rassegnastampa-totustuus.it\/cattolica\/wp-content\/uploads\/2024\/01\/Nikki-Haley_Stati_Uniti_conservatori.jpeg\" alt=\"\" width=\"287\" height=\"211\" \/>Abstract: <\/strong><em>Chi \u00e8<\/em> <em>Nikki Haley, possibile candidata alla Casa Bianca nelle elezioni che ci saranno nel prossimo novembre per eleggere il nuovo Presidente degli Stati Uniti d\u2019America. Donna americana di origini indiane di 51 anni, nata nel 1972 e convertita al cristianesimo dalla religione sikh in giovent\u00f9; una conservatrice vera che ha avuto ragione anche nell\u2019ultima polemica in cui \u00e8 stata coinvolta recentemente, quando un giornalista l\u2019ha accusata di essere stata ambigua nel non indicare la schiavit\u00f9 come uno dei motivi scatenanti la guerra civile americana. Molto ferma sui principi (non soltanto quelli non negoziabili inerenti a vita e famiglia), decisamente atlantista in politica internazionale, senza le ambiguit\u00e0 di Trump<\/em><\/span><\/p>\n<p><!--more--><\/p>\n<p style=\"text-align: center;\"><strong><a href=\"https:\/\/conservatorismolab.alleanzacattolica.org\/\"><span style=\"color: #0000ff;\">Laboratorio sul conservatorismo<\/span><\/a> <\/strong>1 Gennaio 2024<\/p>\n<h4 style=\"text-align: center;\"><span style=\"color: #000000;\"><strong>Chi \u00e8 Nikki Haley? <\/strong><\/span><\/h4>\n<p style=\"text-align: center;\"><span style=\"color: #000000;\"><em>Lettera ai conservatori di <strong>Marco Invernizzi<\/strong>, dell\u20191 gennaio 2024. <\/em><\/span><\/p>\n<p style=\"text-align: justify;\"><span style=\"color: #000000;\">Gi\u00e0 il fatto di porre inizialmente la domanda su chi sia indica quanto un personaggio pubblico sia poco conosciuto a livello mondiale. E questo non \u00e8 poco per un possibile candidato alla Casa Bianca nelle elezioni che ci saranno nel prossimo novembre per eleggere il nuovo Presidente degli Stati Uniti d\u2019America.<\/span><\/p>\n<p style=\"text-align: justify;\"><span style=\"color: #000000;\">Nikki Haley \u00e8 una donna americana di origini indiane di 51 anni, nata nel 1972 e convertita al cristianesimo dalla religione sikh in giovent\u00f9, entrata nella politica dopo avere studiato e dopo avere lavorato nel negozio di vestiti della famiglia ed essersi sposata nel 1996 con un americano, di cui porta il nome. Nikki Haley \u00e8 diventata governatrice della Carolina del Sud, il suo Stato, nel 2010 e riconfermata nel 2014, ma due anni dopo, nel 2016, viene chiamata dal Presidente Trump a rappresentare gli USA all\u2019Onu. Nel 2018, per\u00f2, si dimette, ma il lungo e difficile rapporto con Trump continua, ambiguo e altalenante. Il suo conservatorismo \u00e8 certamente molto diverso da quello del gi\u00e0 Presidente americano. Molto ferma sui principi (non soltanto quelli non negoziabili inerenti a vita e famiglia), decisamente atlantista in politica internazionale, senza le ambiguit\u00e0 di Trump, Haley incarna un conservatorismo che possiamo forse definire classico, pi\u00f9 simile a quello di Ronald Reagan che a quello strano, \u201canarchico\u201d del Presidente Trump.<\/span><\/p>\n<p style=\"text-align: justify;\"><span style=\"color: #000000;\">Oggi Nikki Haley \u00e8 candidata alle primarie del Partito Repubblicano proprio per sfidare il gi\u00e0 Presidente. Sembra che non abbia molte possibilit\u00e0 di farcela di fronte alla forza colossale economica e finanziaria del \u201cmondo\u201d rappresentato da Trump<\/span>.<\/p>\n<p style=\"text-align: justify;\"><span style=\"color: #000000;\">Personalmente, il suo conservatorismo mi convince molto di pi\u00f9. La sua appartenenza al mondo del Tea Party, la sua costante fedelt\u00e0 ai principi fondamentali del bene comune inerenti alla sacralit\u00e0 della vita e alla centralit\u00e0 della famiglia, la sua convinzione che l\u2019America abbia una responsabilit\u00e0 nei confronti del mondo libero che non vuole essere schiacciato dal \u201cdispotismo orientale\u201d, come nel caso della guerra in Ucraina e della libert\u00e0 di Taiwan, me la fanno apparire come la candidata ideale contro Biden o chi rappresenter\u00e0 il Partito Democratico alle presidenziali.<\/span><\/p>\n<p style=\"text-align: justify;\"><span style=\"color: #000000;\">Una conservatrice vera, mi sembra. Che ha avuto ragione anche nell\u2019ultima polemica in cui \u00e8 stata coinvolta recentemente, quando un giornalista l\u2019ha accusata di essere stata ambigua nel non indicare la schiavit\u00f9 come uno dei motivi scatenanti la guerra civile americana o meglio, come sarebbe pi\u00f9 corretto, la guerra fra gli Stati avvenuta in America fra il 1861 e il 1865. La schiavit\u00f9 \u00e8 certamente una delle cose pi\u00f9 infami che gli uomini hanno inventato per farsi del male, che il cristianesimo ha combattuto ma che \u00e8 ritornata nel mondo a partire dal XVI secolo perch\u00e9 faceva comodo agli interessi di tante potenze mondiali dell\u2019epoca, nonostante le condanne della Chiesa. Ma con la guerra civile americana c\u2019entra veramente poco, se non come uso strumentale contro il sistema sociale in uso negli Stati confederati che si erano ribellati contro il governo centrale, un sistema sociale che non sarebbe potuto cambiare nello spazio di un mattino. Lo spiega bene, <em>sine ira et studio<\/em>, un autore serio come Raimondo Luraghi (1921-2012) nella sua opera classica \u201csempre verde\u201d <em>La guerra civile americana <\/em>(Einaudi 1966, pp. 43-82).<\/span><\/p>\n<p style=\"text-align: justify;\"><a href=\"https:\/\/conservatorismolab.alleanzacattolica.org\/lettera-ai-conservatori\/\" target=\"_blank\" rel=\"noopener\"><span style=\"color: #0000ff;\">Leggi anche Lettera ai conservatori<\/span><span style=\"color: #0000ff;\"><strong>\u00a0<\/strong><\/span><\/a><\/p>\n<p>__________________________________________<\/p>\n<p><a href=\"https:\/\/www.rassegnastampa-totustuus.it\/cattolica\/alle-origini-del-conservatorismo-statunitense\/\" target=\"_blank\" rel=\"noopener\"><span style=\"color: #0000ff;\">Alle origini del conservatorismo americano<\/span><\/a><\/p>\n","protected":false},"excerpt":{"rendered":"<p>Abstract: Chi \u00e8 Nikki Haley, possibile candidata alla Casa Bianca nelle elezioni che ci saranno nel prossimo novembre per eleggere il nuovo Presidente degli Stati Uniti d\u2019America. Donna americana di origini indiane di 51 anni, nata nel 1972 e convertita al cristianesimo dalla religione sikh in giovent\u00f9; una conservatrice vera che ha avuto ragione anche &hellip; <\/p>\n<p><a class=\"more-link btn\" href=\"https:\/\/www.rassegnastampa-totustuus.it\/cattolica\/chi-e-nikki-haley-possibile-candidata-alla-casa-bianca\/\">Continua a leggere<\/a><\/p>\n","protected":false},"author":6,"featured_media":59097,"comment_status":"closed","ping_status":"closed","sticky":false,"template":"","format":"standard","meta":{"footnotes":""},"categories":[18,76],"tags":[822,3027,283,2401],"class_list":["post-59096","post","type-post","status-publish","format-standard","has-post-thumbnail","hentry","category-personaggi","category-stati-uniti","tag-conservatorismo","tag-nikki-halley","tag-personaggi-2","tag-stati-uniti","item-wrap"],"yoast_head":"<!-- This site is optimized with the Yoast SEO plugin v27.5 - https:\/\/yoast.com\/product\/yoast-seo-wordpress\/ -->\n<title>Chi \u00e8 Nikki Haley, possibile candidata alla Casa Bianca? - Rassegna Stampa Cattolica<\/title>\n<meta name=\"description\" content=\"Chi \u00e8 Nikki Haley, possibile candidata alla Casa Bianca? Una conservatrice vera, molto ferma sui principi, non solo su quelli non negoziabili\" \/>\n<meta name=\"robots\" content=\"index, follow, max-snippet:-1, max-image-preview:large, max-video-preview:-1\" \/>\n<link rel=\"canonical\" href=\"https:\/\/www.rassegnastampa-totustuus.it\/cattolica\/chi-e-nikki-haley-possibile-candidata-alla-casa-bianca\/\" \/>\n<meta property=\"og:locale\" content=\"it_IT\" \/>\n<meta property=\"og:type\" content=\"article\" \/>\n<meta property=\"og:title\" content=\"Chi \u00e8 Nikki Haley, possibile candidata alla Casa Bianca? - Rassegna Stampa Cattolica\" \/>\n<meta property=\"og:description\" content=\"Chi \u00e8 Nikki Haley, possibile candidata alla Casa Bianca? Una conservatrice vera, molto ferma sui principi, non solo su quelli non negoziabili\" \/>\n<meta property=\"og:url\" content=\"https:\/\/www.rassegnastampa-totustuus.it\/cattolica\/chi-e-nikki-haley-possibile-candidata-alla-casa-bianca\/\" \/>\n<meta property=\"og:site_name\" content=\"Rassegna Stampa Cattolica\" \/>\n<meta property=\"article:publisher\" content=\"https:\/\/www.facebook.com\/rassegnastampacattolica\" \/>\n<meta property=\"article:published_time\" content=\"2024-01-17T23:44:00+00:00\" \/>\n<meta property=\"article:modified_time\" content=\"2024-06-17T12:41:53+00:00\" \/>\n<meta property=\"og:image\" content=\"https:\/\/www.rassegnastampa-totustuus.it\/cattolica\/wp-content\/uploads\/2024\/01\/Nikki-Haley_Stati_Uniti_conservatori.jpeg\" \/>\n\t<meta property=\"og:image:width\" content=\"245\" \/>\n\t<meta property=\"og:image:height\" content=\"180\" \/>\n\t<meta property=\"og:image:type\" content=\"image\/jpeg\" \/>\n<meta name=\"author\" content=\"Redazione\" \/>\n<meta name=\"twitter:card\" content=\"summary_large_image\" \/>\n<meta name=\"twitter:creator\" content=\"@rassegnastampa9\" \/>\n<meta name=\"twitter:site\" content=\"@rassegnastampa9\" \/>\n<meta name=\"twitter:label1\" content=\"Scritto da\" \/>\n\t<meta name=\"twitter:data1\" content=\"Redazione\" \/>\n\t<meta name=\"twitter:label2\" content=\"Tempo di lettura stimato\" \/>\n\t<meta name=\"twitter:data2\" content=\"4 minuti\" \/>\n<script type=\"application\/ld+json\" class=\"yoast-schema-graph\">{\"@context\":\"https:\\\/\\\/schema.org\",\"@graph\":[{\"@type\":\"Article\",\"@id\":\"https:\\\/\\\/www.rassegnastampa-totustuus.it\\\/cattolica\\\/chi-e-nikki-haley-possibile-candidata-alla-casa-bianca\\\/#article\",\"isPartOf\":{\"@id\":\"https:\\\/\\\/www.rassegnastampa-totustuus.it\\\/cattolica\\\/chi-e-nikki-haley-possibile-candidata-alla-casa-bianca\\\/\"},\"author\":{\"name\":\"Redazione\",\"@id\":\"https:\\\/\\\/www.rassegnastampa-totustuus.it\\\/cattolica\\\/#\\\/schema\\\/person\\\/08f319d2bd1a0904ad9e2bfb7b15e5c3\"},\"headline\":\"Chi \u00e8 Nikki Haley, possibile candidata alla Casa Bianca?\",\"datePublished\":\"2024-01-17T23:44:00+00:00\",\"dateModified\":\"2024-06-17T12:41:53+00:00\",\"mainEntityOfPage\":{\"@id\":\"https:\\\/\\\/www.rassegnastampa-totustuus.it\\\/cattolica\\\/chi-e-nikki-haley-possibile-candidata-alla-casa-bianca\\\/\"},\"wordCount\":654,\"publisher\":{\"@id\":\"https:\\\/\\\/www.rassegnastampa-totustuus.it\\\/cattolica\\\/#organization\"},\"image\":{\"@id\":\"https:\\\/\\\/www.rassegnastampa-totustuus.it\\\/cattolica\\\/chi-e-nikki-haley-possibile-candidata-alla-casa-bianca\\\/#primaryimage\"},\"thumbnailUrl\":\"https:\\\/\\\/www.rassegnastampa-totustuus.it\\\/cattolica\\\/wp-content\\\/uploads\\\/2024\\\/01\\\/Nikki-Haley_Stati_Uniti_conservatori.jpeg\",\"keywords\":[\"conservatorismo\",\"Nikki Halley\",\"personaggi\",\"Stati Uniti\"],\"articleSection\":[\"Personaggi\",\"Stati Uniti\"],\"inLanguage\":\"it-IT\"},{\"@type\":\"WebPage\",\"@id\":\"https:\\\/\\\/www.rassegnastampa-totustuus.it\\\/cattolica\\\/chi-e-nikki-haley-possibile-candidata-alla-casa-bianca\\\/\",\"url\":\"https:\\\/\\\/www.rassegnastampa-totustuus.it\\\/cattolica\\\/chi-e-nikki-haley-possibile-candidata-alla-casa-bianca\\\/\",\"name\":\"Chi \u00e8 Nikki Haley, possibile candidata alla Casa Bianca? - Rassegna Stampa Cattolica\",\"isPartOf\":{\"@id\":\"https:\\\/\\\/www.rassegnastampa-totustuus.it\\\/cattolica\\\/#website\"},\"primaryImageOfPage\":{\"@id\":\"https:\\\/\\\/www.rassegnastampa-totustuus.it\\\/cattolica\\\/chi-e-nikki-haley-possibile-candidata-alla-casa-bianca\\\/#primaryimage\"},\"image\":{\"@id\":\"https:\\\/\\\/www.rassegnastampa-totustuus.it\\\/cattolica\\\/chi-e-nikki-haley-possibile-candidata-alla-casa-bianca\\\/#primaryimage\"},\"thumbnailUrl\":\"https:\\\/\\\/www.rassegnastampa-totustuus.it\\\/cattolica\\\/wp-content\\\/uploads\\\/2024\\\/01\\\/Nikki-Haley_Stati_Uniti_conservatori.jpeg\",\"datePublished\":\"2024-01-17T23:44:00+00:00\",\"dateModified\":\"2024-06-17T12:41:53+00:00\",\"description\":\"Chi \u00e8 Nikki Haley, possibile candidata alla Casa Bianca? Una conservatrice vera, molto ferma sui principi, non solo su quelli non negoziabili\",\"breadcrumb\":{\"@id\":\"https:\\\/\\\/www.rassegnastampa-totustuus.it\\\/cattolica\\\/chi-e-nikki-haley-possibile-candidata-alla-casa-bianca\\\/#breadcrumb\"},\"inLanguage\":\"it-IT\",\"potentialAction\":[{\"@type\":\"ReadAction\",\"target\":[\"https:\\\/\\\/www.rassegnastampa-totustuus.it\\\/cattolica\\\/chi-e-nikki-haley-possibile-candidata-alla-casa-bianca\\\/\"]}]},{\"@type\":\"ImageObject\",\"inLanguage\":\"it-IT\",\"@id\":\"https:\\\/\\\/www.rassegnastampa-totustuus.it\\\/cattolica\\\/chi-e-nikki-haley-possibile-candidata-alla-casa-bianca\\\/#primaryimage\",\"url\":\"https:\\\/\\\/www.rassegnastampa-totustuus.it\\\/cattolica\\\/wp-content\\\/uploads\\\/2024\\\/01\\\/Nikki-Haley_Stati_Uniti_conservatori.jpeg\",\"contentUrl\":\"https:\\\/\\\/www.rassegnastampa-totustuus.it\\\/cattolica\\\/wp-content\\\/uploads\\\/2024\\\/01\\\/Nikki-Haley_Stati_Uniti_conservatori.jpeg\",\"width\":245,\"height\":180},{\"@type\":\"BreadcrumbList\",\"@id\":\"https:\\\/\\\/www.rassegnastampa-totustuus.it\\\/cattolica\\\/chi-e-nikki-haley-possibile-candidata-alla-casa-bianca\\\/#breadcrumb\",\"itemListElement\":[{\"@type\":\"ListItem\",\"position\":1,\"name\":\"Home\",\"item\":\"https:\\\/\\\/www.rassegnastampa-totustuus.it\\\/cattolica\\\/\"},{\"@type\":\"ListItem\",\"position\":2,\"name\":\"Chi \u00e8 Nikki Haley, possibile candidata alla Casa Bianca?\"}]},{\"@type\":\"WebSite\",\"@id\":\"https:\\\/\\\/www.rassegnastampa-totustuus.it\\\/cattolica\\\/#website\",\"url\":\"https:\\\/\\\/www.rassegnastampa-totustuus.it\\\/cattolica\\\/\",\"name\":\"Rassegna Stampa Cattolica\",\"description\":\"Per una cultura che nasce dalla Rivelazione cristiana in conformit\u00e0 alla tradizione e al Magistero della Chiesa in opposizione ad ogni relativismo e totalitarismo\",\"publisher\":{\"@id\":\"https:\\\/\\\/www.rassegnastampa-totustuus.it\\\/cattolica\\\/#organization\"},\"alternateName\":\"Rass. Cattolica\",\"potentialAction\":[{\"@type\":\"SearchAction\",\"target\":{\"@type\":\"EntryPoint\",\"urlTemplate\":\"https:\\\/\\\/www.rassegnastampa-totustuus.it\\\/cattolica\\\/?s={search_term_string}\"},\"query-input\":{\"@type\":\"PropertyValueSpecification\",\"valueRequired\":true,\"valueName\":\"search_term_string\"}}],\"inLanguage\":\"it-IT\"},{\"@type\":\"Organization\",\"@id\":\"https:\\\/\\\/www.rassegnastampa-totustuus.it\\\/cattolica\\\/#organization\",\"name\":\"Rassegna Stampa Cattolica\",\"url\":\"https:\\\/\\\/www.rassegnastampa-totustuus.it\\\/cattolica\\\/\",\"logo\":{\"@type\":\"ImageObject\",\"inLanguage\":\"it-IT\",\"@id\":\"https:\\\/\\\/www.rassegnastampa-totustuus.it\\\/cattolica\\\/#\\\/schema\\\/logo\\\/image\\\/\",\"url\":\"https:\\\/\\\/www.rassegnastampa-totustuus.it\\\/cattolica\\\/wp-content\\\/uploads\\\/2014\\\/04\\\/logo-rassegna1.gif\",\"contentUrl\":\"https:\\\/\\\/www.rassegnastampa-totustuus.it\\\/cattolica\\\/wp-content\\\/uploads\\\/2014\\\/04\\\/logo-rassegna1.gif\",\"width\":600,\"height\":163,\"caption\":\"Rassegna Stampa Cattolica\"},\"image\":{\"@id\":\"https:\\\/\\\/www.rassegnastampa-totustuus.it\\\/cattolica\\\/#\\\/schema\\\/logo\\\/image\\\/\"},\"sameAs\":[\"https:\\\/\\\/www.facebook.com\\\/rassegnastampacattolica\",\"https:\\\/\\\/x.com\\\/rassegnastampa9\"]},{\"@type\":\"Person\",\"@id\":\"https:\\\/\\\/www.rassegnastampa-totustuus.it\\\/cattolica\\\/#\\\/schema\\\/person\\\/08f319d2bd1a0904ad9e2bfb7b15e5c3\",\"name\":\"Redazione\",\"image\":{\"@type\":\"ImageObject\",\"inLanguage\":\"it-IT\",\"@id\":\"https:\\\/\\\/secure.gravatar.com\\\/avatar\\\/2fcdf27c78ea025fbdb44e914cc63c72249ffec9dc8aafd5c82b26240ef3f346?s=96&d=mm&r=g\",\"url\":\"https:\\\/\\\/secure.gravatar.com\\\/avatar\\\/2fcdf27c78ea025fbdb44e914cc63c72249ffec9dc8aafd5c82b26240ef3f346?s=96&d=mm&r=g\",\"contentUrl\":\"https:\\\/\\\/secure.gravatar.com\\\/avatar\\\/2fcdf27c78ea025fbdb44e914cc63c72249ffec9dc8aafd5c82b26240ef3f346?s=96&d=mm&r=g\",\"caption\":\"Redazione\"},\"url\":\"https:\\\/\\\/www.rassegnastampa-totustuus.it\\\/cattolica\\\/author\\\/pietroelle\\\/\"}]}<\/script>\n<!-- \/ Yoast SEO plugin. -->","yoast_head_json":{"title":"Chi \u00e8 Nikki Haley, possibile candidata alla Casa Bianca? - Rassegna Stampa Cattolica","description":"Chi \u00e8 Nikki Haley, possibile candidata alla Casa Bianca? Una conservatrice vera, molto ferma sui principi, non solo su quelli non negoziabili","robots":{"index":"index","follow":"follow","max-snippet":"max-snippet:-1","max-image-preview":"max-image-preview:large","max-video-preview":"max-video-preview:-1"},"canonical":"https:\/\/www.rassegnastampa-totustuus.it\/cattolica\/chi-e-nikki-haley-possibile-candidata-alla-casa-bianca\/","og_locale":"it_IT","og_type":"article","og_title":"Chi \u00e8 Nikki Haley, possibile candidata alla Casa Bianca? - Rassegna Stampa Cattolica","og_description":"Chi \u00e8 Nikki Haley, possibile candidata alla Casa Bianca? Una conservatrice vera, molto ferma sui principi, non solo su quelli non negoziabili","og_url":"https:\/\/www.rassegnastampa-totustuus.it\/cattolica\/chi-e-nikki-haley-possibile-candidata-alla-casa-bianca\/","og_site_name":"Rassegna Stampa Cattolica","article_publisher":"https:\/\/www.facebook.com\/rassegnastampacattolica","article_published_time":"2024-01-17T23:44:00+00:00","article_modified_time":"2024-06-17T12:41:53+00:00","og_image":[{"width":245,"height":180,"url":"https:\/\/www.rassegnastampa-totustuus.it\/cattolica\/wp-content\/uploads\/2024\/01\/Nikki-Haley_Stati_Uniti_conservatori.jpeg","type":"image\/jpeg"}],"author":"Redazione","twitter_card":"summary_large_image","twitter_creator":"@rassegnastampa9","twitter_site":"@rassegnastampa9","twitter_misc":{"Scritto da":"Redazione","Tempo di lettura stimato":"4 minuti"},"schema":{"@context":"https:\/\/schema.org","@graph":[{"@type":"Article","@id":"https:\/\/www.rassegnastampa-totustuus.it\/cattolica\/chi-e-nikki-haley-possibile-candidata-alla-casa-bianca\/#article","isPartOf":{"@id":"https:\/\/www.rassegnastampa-totustuus.it\/cattolica\/chi-e-nikki-haley-possibile-candidata-alla-casa-bianca\/"},"author":{"name":"Redazione","@id":"https:\/\/www.rassegnastampa-totustuus.it\/cattolica\/#\/schema\/person\/08f319d2bd1a0904ad9e2bfb7b15e5c3"},"headline":"Chi \u00e8 Nikki Haley, possibile candidata alla Casa Bianca?","datePublished":"2024-01-17T23:44:00+00:00","dateModified":"2024-06-17T12:41:53+00:00","mainEntityOfPage":{"@id":"https:\/\/www.rassegnastampa-totustuus.it\/cattolica\/chi-e-nikki-haley-possibile-candidata-alla-casa-bianca\/"},"wordCount":654,"publisher":{"@id":"https:\/\/www.rassegnastampa-totustuus.it\/cattolica\/#organization"},"image":{"@id":"https:\/\/www.rassegnastampa-totustuus.it\/cattolica\/chi-e-nikki-haley-possibile-candidata-alla-casa-bianca\/#primaryimage"},"thumbnailUrl":"https:\/\/www.rassegnastampa-totustuus.it\/cattolica\/wp-content\/uploads\/2024\/01\/Nikki-Haley_Stati_Uniti_conservatori.jpeg","keywords":["conservatorismo","Nikki Halley","personaggi","Stati Uniti"],"articleSection":["Personaggi","Stati Uniti"],"inLanguage":"it-IT"},{"@type":"WebPage","@id":"https:\/\/www.rassegnastampa-totustuus.it\/cattolica\/chi-e-nikki-haley-possibile-candidata-alla-casa-bianca\/","url":"https:\/\/www.rassegnastampa-totustuus.it\/cattolica\/chi-e-nikki-haley-possibile-candidata-alla-casa-bianca\/","name":"Chi \u00e8 Nikki Haley, possibile candidata alla Casa Bianca? - Rassegna Stampa Cattolica","isPartOf":{"@id":"https:\/\/www.rassegnastampa-totustuus.it\/cattolica\/#website"},"primaryImageOfPage":{"@id":"https:\/\/www.rassegnastampa-totustuus.it\/cattolica\/chi-e-nikki-haley-possibile-candidata-alla-casa-bianca\/#primaryimage"},"image":{"@id":"https:\/\/www.rassegnastampa-totustuus.it\/cattolica\/chi-e-nikki-haley-possibile-candidata-alla-casa-bianca\/#primaryimage"},"thumbnailUrl":"https:\/\/www.rassegnastampa-totustuus.it\/cattolica\/wp-content\/uploads\/2024\/01\/Nikki-Haley_Stati_Uniti_conservatori.jpeg","datePublished":"2024-01-17T23:44:00+00:00","dateModified":"2024-06-17T12:41:53+00:00","description":"Chi \u00e8 Nikki Haley, possibile candidata alla Casa Bianca? Una conservatrice vera, molto ferma sui principi, non solo su quelli non negoziabili","breadcrumb":{"@id":"https:\/\/www.rassegnastampa-totustuus.it\/cattolica\/chi-e-nikki-haley-possibile-candidata-alla-casa-bianca\/#breadcrumb"},"inLanguage":"it-IT","potentialAction":[{"@type":"ReadAction","target":["https:\/\/www.rassegnastampa-totustuus.it\/cattolica\/chi-e-nikki-haley-possibile-candidata-alla-casa-bianca\/"]}]},{"@type":"ImageObject","inLanguage":"it-IT","@id":"https:\/\/www.rassegnastampa-totustuus.it\/cattolica\/chi-e-nikki-haley-possibile-candidata-alla-casa-bianca\/#primaryimage","url":"https:\/\/www.rassegnastampa-totustuus.it\/cattolica\/wp-content\/uploads\/2024\/01\/Nikki-Haley_Stati_Uniti_conservatori.jpeg","contentUrl":"https:\/\/www.rassegnastampa-totustuus.it\/cattolica\/wp-content\/uploads\/2024\/01\/Nikki-Haley_Stati_Uniti_conservatori.jpeg","width":245,"height":180},{"@type":"BreadcrumbList","@id":"https:\/\/www.rassegnastampa-totustuus.it\/cattolica\/chi-e-nikki-haley-possibile-candidata-alla-casa-bianca\/#breadcrumb","itemListElement":[{"@type":"ListItem","position":1,"name":"Home","item":"https:\/\/www.rassegnastampa-totustuus.it\/cattolica\/"},{"@type":"ListItem","position":2,"name":"Chi \u00e8 Nikki Haley, possibile candidata alla Casa Bianca?"}]},{"@type":"WebSite","@id":"https:\/\/www.rassegnastampa-totustuus.it\/cattolica\/#website","url":"https:\/\/www.rassegnastampa-totustuus.it\/cattolica\/","name":"Rassegna Stampa Cattolica","description":"Per una cultura che nasce dalla Rivelazione cristiana in conformit\u00e0 alla tradizione e al Magistero della Chiesa in opposizione ad ogni relativismo e totalitarismo","publisher":{"@id":"https:\/\/www.rassegnastampa-totustuus.it\/cattolica\/#organization"},"alternateName":"Rass. Cattolica","potentialAction":[{"@type":"SearchAction","target":{"@type":"EntryPoint","urlTemplate":"https:\/\/www.rassegnastampa-totustuus.it\/cattolica\/?s={search_term_string}"},"query-input":{"@type":"PropertyValueSpecification","valueRequired":true,"valueName":"search_term_string"}}],"inLanguage":"it-IT"},{"@type":"Organization","@id":"https:\/\/www.rassegnastampa-totustuus.it\/cattolica\/#organization","name":"Rassegna Stampa Cattolica","url":"https:\/\/www.rassegnastampa-totustuus.it\/cattolica\/","logo":{"@type":"ImageObject","inLanguage":"it-IT","@id":"https:\/\/www.rassegnastampa-totustuus.it\/cattolica\/#\/schema\/logo\/image\/","url":"https:\/\/www.rassegnastampa-totustuus.it\/cattolica\/wp-content\/uploads\/2014\/04\/logo-rassegna1.gif","contentUrl":"https:\/\/www.rassegnastampa-totustuus.it\/cattolica\/wp-content\/uploads\/2014\/04\/logo-rassegna1.gif","width":600,"height":163,"caption":"Rassegna Stampa Cattolica"},"image":{"@id":"https:\/\/www.rassegnastampa-totustuus.it\/cattolica\/#\/schema\/logo\/image\/"},"sameAs":["https:\/\/www.facebook.com\/rassegnastampacattolica","https:\/\/x.com\/rassegnastampa9"]},{"@type":"Person","@id":"https:\/\/www.rassegnastampa-totustuus.it\/cattolica\/#\/schema\/person\/08f319d2bd1a0904ad9e2bfb7b15e5c3","name":"Redazione","image":{"@type":"ImageObject","inLanguage":"it-IT","@id":"https:\/\/secure.gravatar.com\/avatar\/2fcdf27c78ea025fbdb44e914cc63c72249ffec9dc8aafd5c82b26240ef3f346?s=96&d=mm&r=g","url":"https:\/\/secure.gravatar.com\/avatar\/2fcdf27c78ea025fbdb44e914cc63c72249ffec9dc8aafd5c82b26240ef3f346?s=96&d=mm&r=g","contentUrl":"https:\/\/secure.gravatar.com\/avatar\/2fcdf27c78ea025fbdb44e914cc63c72249ffec9dc8aafd5c82b26240ef3f346?s=96&d=mm&r=g","caption":"Redazione"},"url":"https:\/\/www.rassegnastampa-totustuus.it\/cattolica\/author\/pietroelle\/"}]}},"_links":{"self":[{"href":"https:\/\/www.rassegnastampa-totustuus.it\/cattolica\/wp-json\/wp\/v2\/posts\/59096","targetHints":{"allow":["GET"]}}],"collection":[{"href":"https:\/\/www.rassegnastampa-totustuus.it\/cattolica\/wp-json\/wp\/v2\/posts"}],"about":[{"href":"https:\/\/www.rassegnastampa-totustuus.it\/cattolica\/wp-json\/wp\/v2\/types\/post"}],"author":[{"embeddable":true,"href":"https:\/\/www.rassegnastampa-totustuus.it\/cattolica\/wp-json\/wp\/v2\/users\/6"}],"replies":[{"embeddable":true,"href":"https:\/\/www.rassegnastampa-totustuus.it\/cattolica\/wp-json\/wp\/v2\/comments?post=59096"}],"version-history":[{"count":1,"href":"https:\/\/www.rassegnastampa-totustuus.it\/cattolica\/wp-json\/wp\/v2\/posts\/59096\/revisions"}],"predecessor-version":[{"id":59098,"href":"https:\/\/www.rassegnastampa-totustuus.it\/cattolica\/wp-json\/wp\/v2\/posts\/59096\/revisions\/59098"}],"wp:featuredmedia":[{"embeddable":true,"href":"https:\/\/www.rassegnastampa-totustuus.it\/cattolica\/wp-json\/wp\/v2\/media\/59097"}],"wp:attachment":[{"href":"https:\/\/www.rassegnastampa-totustuus.it\/cattolica\/wp-json\/wp\/v2\/media?parent=59096"}],"wp:term":[{"taxonomy":"category","embeddable":true,"href":"https:\/\/www.rassegnastampa-totustuus.it\/cattolica\/wp-json\/wp\/v2\/categories?post=59096"},{"taxonomy":"post_tag","embeddable":true,"href":"https:\/\/www.rassegnastampa-totustuus.it\/cattolica\/wp-json\/wp\/v2\/tags?post=59096"}],"curies":[{"name":"wp","href":"https:\/\/api.w.org\/{rel}","templated":true}]}}