{"id":59036,"date":"2024-01-11T00:00:00","date_gmt":"2024-01-10T23:00:00","guid":{"rendered":"https:\/\/www.rassegnastampa-totustuus.it\/cattolica\/?p=59036"},"modified":"2024-01-09T17:04:15","modified_gmt":"2024-01-09T16:04:15","slug":"razzismo-nessuna-vergogna-di-essere-bianchi","status":"publish","type":"post","link":"https:\/\/www.rassegnastampa-totustuus.it\/cattolica\/razzismo-nessuna-vergogna-di-essere-bianchi\/","title":{"rendered":"Razzismo, nessuna vergogna di essere bianchi"},"content":{"rendered":"<p style=\"text-align: justify;\"><strong><span style=\"color: #000000;\"><img loading=\"lazy\" decoding=\"async\" class=\" wp-image-59037 alignleft\" src=\"https:\/\/www.rassegnastampa-totustuus.it\/cattolica\/wp-content\/uploads\/2024\/01\/razzismo_negri.jpg\" alt=\"\" width=\"321\" height=\"227\" \/>Abstract:\u00a0 <\/span><\/strong><span style=\"color: #000000;\"><em>razzismo, nessuna vergogna di essere bianchi perch\u00e8 dai continenti non popolati da bianchi \u00e8 arrivata nessuna grande invenzione, se ne citi\u00a0 una. Quali grandi scuole filosofiche o discipline scientifiche sono derivate da quei continenti? se ne citi solo una. Quali grandi scoperte scientifiche, quali innovazioni tecnologiche sono emerse dall\u2019Africa? uali progressi medici sono arrivati da\u00a0 Africa e Asia? Quindi, alla luce di tutto ci\u00f2, ci sono tutte le ragioni per cui una persona bianca non dovrebbe provare alcuna vergogna, come sostiene il lavaggio del cervello della CRT. Ci sono anche tutte le ragioni per opporsi al tentativo dei Democratici di importare povert\u00e0, arretratezza, corruzione, elezioni fraudolente e dittature, che sono i valori dell\u2019Africa,\u00a0 attraverso un massiccio flusso di immigrati\u00a0<\/em><\/span><\/p>\n<p><!--more--><\/p>\n<p style=\"text-align: center;\"><strong><a href=\"https:\/\/www.nicolaporro.it\/\">Atlantico<\/a><\/strong> 2 Gennaio 2024<\/p>\n<h3 style=\"text-align: center;\"><strong>Razzismo al contrario: no, non c\u2019\u00e8 da vergognarsi di essere bianchi<\/strong><\/h3>\n<p style=\"text-align: justify;\"><span style=\"color: #000000;\"><em>Fiumi di offese e bugie razziste contro i bianchi e la \u201cbianchezza\u201d, falsificazione storica e appropriazione culturale. Ma i bianchi non hanno nulla di cui scusarsi<\/em> <\/span><\/p>\n<p style=\"text-align: center;\">di <strong>Armando Sim\u00f3n<\/strong><\/p>\n<p style=\"text-align: right;\"><span style=\"color: #000000;\"><em>However much you deny the truth, the truth goes on existing.<\/em><\/span><\/p>\n<p style=\"text-align: right;\"><span style=\"color: #000000;\"><em>George Orwell<\/em><\/span><\/p>\n<p style=\"text-align: justify;\">Considerando il <strong>fiume di offese e bugie razziste<\/strong> che \u00e8 stato diretto contro i bianchi e la <em>\u201cbianchezza\u201d<\/em> (qualunque cosa significhi) negli ultimi anni, \u00e8 scoraggiante, sconcertante e persino nauseante che i bianchi non reagiscano. In effetti, invece di contrastare gli insulti e le bugie razziste, la maggior parte dei bianchi sembra andare in giro <strong>a testa bassa<\/strong>, o perch\u00e9 intimiditi, o perch\u00e9 hanno paura di rispondere in modo tale da ferire i sentimenti di coloro che esprimono odio, o perch\u00e9 hanno paura di essere definiti <em>\u201crazzisti\u201d<\/em>.<\/p>\n<p style=\"text-align: justify;\"><span style=\"color: #000000;\">Naturalmente, queste sono le <strong>reazioni tipiche di molti conservatori<\/strong> anche su altri temi. Il fiume di insulti razzisti riversati sui bianchi da parte dei marxisti, alcuni neri e alcuni bianchi, pieni di disprezzo per se stessi e sottoposti al lavaggio del cervello, va avanti da troppo tempo. L\u2019ultimo caso sembra essere un film intitolato <em>\u201cThe American Society of Magical Negroes\u201d<\/em>. Vedere il <em>trailer<\/em> <strong>fa rabbrividire<\/strong>, inclusa la frase del film: <em>\u201cQual \u00e8 l\u2019animale pi\u00f9 pericoloso del pianeta? I bianchi\u201d<\/em>.<\/span><\/p>\n<p style=\"text-align: justify;\">A parte gli insulti e i numerosi atti di appropriazione culturale da parte di un gruppo di persone pi\u00f9 conosciute per la loro distruttivit\u00e0 che per la loro creativit\u00e0, c\u2019\u00e8 stata anche la <strong>falsificazione della storia<\/strong>, incluso il \u201cdocumentario\u201d di <em>Netflix<\/em> in cui attori neri interpretano Cleopatra e altri egiziani. Non sono mancate le proteste degli egiziani che hanno giustamente sottolineato come una simile parodia sia stata fatta affinch\u00e9 i neri americani si sentissero bene con se stessi creando una fantasia. A questo \u00e8 seguito <em>\u201cHannibal\u201d<\/em> di <em>Netflix<\/em>, un\u2019altra distorsione storica.<\/p>\n<p style=\"text-align: justify;\">E poi c\u2019\u00e8 il <em>Progetto 1619<\/em>. In ogni caso, ci\u00f2 che segue deve essere tenuto a mente da quegli individui quando vengono sottoposti a sessioni di <strong>lavaggio del cervello<\/strong> in varie istituzioni con il pretesto di \u201ccombattere il razzismo\u201d attraverso <em>Diversity Inclusion and Equity<\/em> \u00a0(DIE).<\/p>\n<h4 style=\"text-align: center;\"><strong>I progressi dell\u2019Occidente<\/strong><\/h4>\n<p style=\"text-align: justify;\"><span style=\"color: #000000;\">Se dividiamo il mondo in due emisferi, l\u2019emisfero orientale, comprendente Asia orientale e centrale e Australia, e l\u2019emisfero occidentale, comprendente Africa, Europa, Nord e Sud America, tutti i progressi della civilt\u00e0 nell\u2019emisfero occidentale sono <strong>venuti dai bianchi<\/strong>: <em>le automobili, i computer, la televisione, gli antibiotici, i raggi X, gli aeroplani, i vaccini, la tavola periodica, radio, telegrafo, laser, carta igienica, wc, ospedali, occhiali, pantaloni, fogne, microonde, DVD, CD, pellicole, macchine fotografiche, fibre sintetiche, navi militari, satelliti, penne, matite, baseball, basket, razzi, hockey, frigoriferi, lampadine, elettricit\u00e0, dipinti, metallurgia, forchette, dentiere, deodoranti, profumi, laser, paracadute, fertilizzanti, vetro, plastica, reggiseni, teatro, tasche, biancheria intima, cerniere, democrazia, scienza, telescopi, il microfono, anestesia, antibiotici, microscopi, stetoscopi, calendari, ingegneria, sedie a rotelle, chimica, fisica, astronomia, strade asfaltate, sapone, cannucce, cibo geneticamente modificato, rossetto, elicotteri, sottomarini, ascensori, scale, grattacieli, bottoni, violini, violoncelli, corni, chitarre, aspirina, insulina artificiale, ormone tiroideo artificiale, leghe, fonderie, mulini a vento, miniere, ombrelli, libri, stampa, giornali, graffette, conserve, forni a microonde, lavastoviglie, lavatrici, asciugatrici, carriole, viti, pulegge, l\u2019alfabeto. <\/em>Potrei continuare all\u2019infinito, citando progressi diversi dallo sbattere insieme due rocce<\/span>.<\/p>\n<p style=\"text-align: justify;\">E la maggior parte di questi progressi nella civilt\u00e0 si sono diffusi nell\u2019emisfero orientale. In effetti, uno dei problemi dell\u2019America \u00e8 il <strong>furto dilagante della propriet\u00e0 intellettuale<\/strong> da parte degli asiatici. Nelle Americhe e nell\u2019Africa subsahariana non si trattava solo di concetti avanzati e astratti come trigonometria, fisica o antibiotici, ma anche di invenzioni pi\u00f9 semplici, come <em>letti, tavoli, palloncini, la ruota, il bicchiere, le fionde, il sapone, le cannucce, l\u2019imbuto, le scarpe, gli specchi, il vino, le girandole, la carta igienica, scale, pantaloni, spille da balia, tasche, biancheria intima, cerniere, calendari, formaggio, pettini, bottoni, yo-yo, l\u2019alfabeto, i numeri o le forchette<\/em>, tutto mai inventato dagli indigeni.<\/p>\n<p style=\"text-align: justify;\">Quali grandi matematici, fisici, chimici, medici, inventori potete nominare <em>non bianchi<\/em>? Potreste considerare quanto sopra razzista, ma <strong>sono comunque fatti<\/strong>. E dopo pi\u00f9 di due secoli, Haiti, la Somalia o l\u2019Etiopia non si sono ancora sollevati dal sottosviluppo, nonostante i <strong>miliardi di dollari buttati<\/strong> ogni anno in quei Paesi sotto le voci <em>\u201csviluppo economico\u201d<\/em> e <em>\u201caiuti umanitari\u201d<\/em> da parte di Paesi occidentali governati dai bianchi (un burlone ha definito \u201caiuti esteri\u201d quando i poveri dei Paesi ricchi sono costretti a dare soldi ai ricchi nei Paesi poveri).<\/p>\n<p style=\"text-align: justify;\">Quali grandi invenzioni sono arrivate dall\u2019Africa? Dal Sud America? Citatemene una. Quali grandi scuole filosofiche o discipline scientifiche sono derivate da quei continenti? Citatemene solo una. Quali grandi scoperte scientifiche, quali innovazioni tecnologiche sono emerse dall\u2019Africa o dal Sud America? Quali progressi medici sono arrivati da queste due regioni?<\/p>\n<h4 style=\"text-align: center;\"><strong>Africa<\/strong><\/h4>\n<p style=\"text-align: justify;\">Ora, \u00e8 vero, in Africa l\u2019idea di <span style=\"color: #0000ff;\"><a style=\"color: #0000ff;\" href=\"https:\/\/edition.cnn.com\/2016\/06\/07\/africa\/africa-albino-hunted-bones-malawi\/index.html\" target=\"_blank\" rel=\"noopener\">uccidere e fare a pezzi gli albini<\/a><\/span> e di mangiare le loro parti del corpo \u00e8 vista come un progresso medico; lo \u00e8 anche tagliare il clitoride di una bambina di due anni con le forbici; ed \u00e8 stato sostenuto che il <em>voodoo<\/em> do<span style=\"color: #0000ff;\"><span style=\"color: #000000;\">vrebbe sostituire la \u201cscienza colonialista\u201d. E alcuni ancora, fino ad oggi, praticano il <a style=\"color: #000000;\" href=\"https:\/\/www.bbc.com\/news\/world-africa-41072524\" target=\"_blank\" rel=\"noopener\">cannibalismo<\/a>, mentre molti, molti altri<\/span> <a style=\"color: #0000ff;\" href=\"https:\/\/face2faceafrica.com\/article\/slavery-africa-today\" target=\"_blank\" rel=\"noopener\">praticano ancora la schiavit\u00f9<\/a>.<\/span> Una troupe della <em>BBC<\/em> \u00e8 stata <a href=\"https:\/\/www.voanews.com\/a\/malawi-attack-bbc-journalists-superstition-blood-suckers\/4261336.html\">attaccata<\/a> da africani che pensavano fossero vampiri. Anche i medici che combattevano l\u2019ebola sono stati attaccati e le loro cliniche saccheggiate.<\/p>\n<p style=\"text-align: justify;\">In breve, se la civilt\u00e0 fosse stata lasciata agli africani, <strong>vivremmo ancora in caverne e capanne<\/strong>, come fanno ancora molti. E se non fosse stato per il colonialismo, vivrebbero ancora in caverne e capanne, sbattendo insieme due rocce come culmine della loro \u201ccivilt\u00e0\u201d. Dimentichiamo che i popoli del Nord America, dell\u2019Africa sub-sahariana, dell\u2019Australia e della maggior parte del Sud America erano ancora all\u2019et\u00e0 della pietra, uccidendosi e mangiandosi a vicenda quando i bianchi li<\/p>\n<p style=\"text-align: justify;\">incontrarono per la prima volta, cio\u00e8 fino a quando non arriv\u00f2 il colonialismo. Fatti.Inoltre, \u00e8 interessante notare che ora che i razzisti neri africani hanno portato avanti una politica di <strong>esclusione dei bianchi<\/strong> dai loro Paesi, questi Paesi si sono deteriorati.<\/p>\n<p style=\"text-align: justify;\">Un aspetto che ci \u00e8 stato costantemente ricordato qui in America \u00e8 quanto i neri siano <strong>pi\u00f9 bravi nello sport rispetto ai bianchi<\/strong>. Questo \u00e8 vero nel basket, nell\u2019atletica leggera e nel calcio, ma per quanto riguarda tutti gli altri sport i bianchi dimostrano una posizione dominante, dalla scherma al nuoto, dalla ginnastica al ciclismo, ma l\u2019elenco sarebbe lungo: sci, pallavolo, tennis, baseball, rugby, hockey, vela, sport equestri, etc.<\/p>\n<p style=\"text-align: center;\"><strong>Sud America<\/strong><\/p>\n<p style=\"text-align: justify;\">Per quanto riguarda il Sud America, la parola migliore che pu\u00f2 descrivere quel continente \u00e8: <strong>stagnazione<\/strong>. Tuttavia, due cose in cui i sudamericani eccellono sono la <strong>letteratura<\/strong> e la <strong>musica<\/strong>. In entrambi sono di prima classe. In tutta onest\u00e0, va anche detto che ci sono <strong>eccellenze scientifiche<\/strong> in Argentina, Cuba, Messico e Brasile, portate avanti da bianchi. Infine, va sottolineato l\u2019ovvio, vale a dire che nonostante la stagnazione il continente non si avvicina nemmeno lontanamente all\u2019arretratezza e alla ferocia dell\u2019Africa sub-sahariana.<\/p>\n<h4 style=\"text-align: center;\"><strong>Nessuna vergogna<\/strong><\/h4>\n<p style=\"text-align: justify;\">Sono fatti, non opinioni. Ricorda <strong>John Adams<\/strong>: \u201cI fatti sono cose ostinate; e qualunque siano i nostri desideri, le nostre inclinazioni o i dettami delle nostre passioni, essi non possono alterare lo stato dei fatti e delle prove\u201d. Oppure, come disse una volta <strong>Will Rogers<\/strong>, e in seguito fu attribuito a <strong>Mohammed Ali<\/strong> in un altro esempio di appropriazione culturale da parte dei neri: \u201cNon \u00e8 vantarsi se \u00e8 vero\u201d.<\/p>\n<p style=\"text-align: justify;\">Per quanto riguarda la <em>Critical Race Theory<\/em> e il <em>Progetto 1619<\/em> (il cui autore \u00e8 un ammiratore del regime repressivo cubano, proprio come <strong>Bernie Sanders<\/strong>), no, i neri <strong>non hanno creato l\u2019America<\/strong>, n\u00e9 l\u2019America \u00e8 stata creata allo scopo della schiavit\u00f9. Questa \u00e8 solo un\u2019altra illusione, simile a quella, anch\u2019essa basata sull\u2019odio e sull\u2019invidia, secondo cui gli europei avrebbero rubato l\u2019astronomia, la filosofia, l\u2019istruzione e la scienza ai neri africani. I principali protagonisti della crescita esplosiva dell\u2019America non sono state nemmeno le donne, gli immigrati, gli ispanici o gli asiatici. Lo si saprebbe se si fosse prestato attenzione in classe.<\/p>\n<p style=\"text-align: justify;\">Quindi, alla luce di tutto ci\u00f2, ci sono tutte le ragioni per cui una persona bianca non dovrebbe provare <strong>alcuna vergogna<\/strong>, come sostiene il lavaggio del cervello della <em>CRT<\/em>. Ci sono anche tutte le ragioni per opporsi al tentativo dei Democratici di importare povert\u00e0, arretratezza, corruzione, elezioni fraudolente e dittature (che sono i valori dell\u2019Africa e del Sud America) attraverso un <strong>massiccio flusso di immigrati<\/strong> da quei continenti. Ci\u00f2 rappresenterebbe una diluizione del valore e dei principi che hanno portato agli Stati Uniti d\u2019America. Sfortunatamente, i conservatori sono codardi. Cos\u00ec codardi che non reagiscono nemmeno quando vengono aggrediti fisicamente.<\/p>\n<p style=\"text-align: justify;\">Un ultimo pensiero: <strong>solo in America<\/strong> un gruppo etnico pu\u00f2 avere un mese della storia dei neri, una vacanza per i neri, college per soli neri, siti di incontri per soli neri, una stazione televisiva per soli neri, borse di studio per soli neri, cerimonie di laurea per soli neri, club e bar per soli neri, e poi voltarsi e chiamare tutti gli altri razzisti.<\/p>\n","protected":false},"excerpt":{"rendered":"<p>Abstract:\u00a0 razzismo, nessuna vergogna di essere bianchi perch\u00e8 dai continenti non popolati da bianchi \u00e8 arrivata nessuna grande invenzione, se ne citi\u00a0 una. Quali grandi scuole filosofiche o discipline scientifiche sono derivate da quei continenti? se ne citi solo una. Quali grandi scoperte scientifiche, quali innovazioni tecnologiche sono emerse dall\u2019Africa? uali progressi medici sono arrivati &hellip; <\/p>\n<p><a class=\"more-link btn\" href=\"https:\/\/www.rassegnastampa-totustuus.it\/cattolica\/razzismo-nessuna-vergogna-di-essere-bianchi\/\">Continua a leggere<\/a><\/p>\n","protected":false},"author":6,"featured_media":59037,"comment_status":"closed","ping_status":"closed","sticky":false,"template":"","format":"standard","meta":{"footnotes":""},"categories":[7],"tags":[304,585,2994],"class_list":["post-59036","post","type-post","status-publish","format-standard","has-post-thumbnail","hentry","category-costume","tag-costume-2","tag-razzismo-2","tag-uomo-bianco","item-wrap"],"yoast_head":"<!-- This site is optimized with the Yoast SEO plugin v27.5 - https:\/\/yoast.com\/product\/yoast-seo-wordpress\/ -->\n<title>Razzismo, nessuna vergogna di essere bianchi - Rassegna Stampa Cattolica<\/title>\n<meta name=\"description\" content=\"Razzismo, nessuna vergogna di essere bianchi, perch\u00e8 da Asia e Africa non \u00e8 arrivato nulla per il bene dell&#039;umanit\u00e0\" \/>\n<meta name=\"robots\" content=\"index, follow, max-snippet:-1, max-image-preview:large, max-video-preview:-1\" \/>\n<link rel=\"canonical\" href=\"https:\/\/www.rassegnastampa-totustuus.it\/cattolica\/razzismo-nessuna-vergogna-di-essere-bianchi\/\" \/>\n<meta property=\"og:locale\" content=\"it_IT\" \/>\n<meta property=\"og:type\" content=\"article\" \/>\n<meta property=\"og:title\" content=\"Razzismo, nessuna vergogna di essere bianchi - Rassegna Stampa Cattolica\" \/>\n<meta property=\"og:description\" content=\"Razzismo, nessuna vergogna di essere bianchi, perch\u00e8 da Asia e Africa non \u00e8 arrivato nulla per il bene dell&#039;umanit\u00e0\" \/>\n<meta property=\"og:url\" content=\"https:\/\/www.rassegnastampa-totustuus.it\/cattolica\/razzismo-nessuna-vergogna-di-essere-bianchi\/\" \/>\n<meta property=\"og:site_name\" content=\"Rassegna Stampa Cattolica\" \/>\n<meta property=\"article:publisher\" content=\"https:\/\/www.facebook.com\/rassegnastampacattolica\" \/>\n<meta property=\"article:published_time\" content=\"2024-01-10T23:00:00+00:00\" \/>\n<meta property=\"og:image\" content=\"https:\/\/www.rassegnastampa-totustuus.it\/cattolica\/wp-content\/uploads\/2024\/01\/razzismo_negri.jpg\" \/>\n\t<meta property=\"og:image:width\" content=\"422\" \/>\n\t<meta property=\"og:image:height\" content=\"299\" \/>\n\t<meta property=\"og:image:type\" content=\"image\/jpeg\" \/>\n<meta name=\"author\" content=\"Redazione\" \/>\n<meta name=\"twitter:card\" content=\"summary_large_image\" \/>\n<meta name=\"twitter:creator\" content=\"@rassegnastampa9\" \/>\n<meta name=\"twitter:site\" content=\"@rassegnastampa9\" \/>\n<meta name=\"twitter:label1\" content=\"Scritto da\" \/>\n\t<meta name=\"twitter:data1\" content=\"Redazione\" \/>\n\t<meta name=\"twitter:label2\" content=\"Tempo di lettura stimato\" \/>\n\t<meta name=\"twitter:data2\" content=\"9 minuti\" \/>\n<script type=\"application\/ld+json\" class=\"yoast-schema-graph\">{\"@context\":\"https:\\\/\\\/schema.org\",\"@graph\":[{\"@type\":\"Article\",\"@id\":\"https:\\\/\\\/www.rassegnastampa-totustuus.it\\\/cattolica\\\/razzismo-nessuna-vergogna-di-essere-bianchi\\\/#article\",\"isPartOf\":{\"@id\":\"https:\\\/\\\/www.rassegnastampa-totustuus.it\\\/cattolica\\\/razzismo-nessuna-vergogna-di-essere-bianchi\\\/\"},\"author\":{\"name\":\"Redazione\",\"@id\":\"https:\\\/\\\/www.rassegnastampa-totustuus.it\\\/cattolica\\\/#\\\/schema\\\/person\\\/08f319d2bd1a0904ad9e2bfb7b15e5c3\"},\"headline\":\"Razzismo, nessuna vergogna di essere bianchi\",\"datePublished\":\"2024-01-10T23:00:00+00:00\",\"mainEntityOfPage\":{\"@id\":\"https:\\\/\\\/www.rassegnastampa-totustuus.it\\\/cattolica\\\/razzismo-nessuna-vergogna-di-essere-bianchi\\\/\"},\"wordCount\":1628,\"publisher\":{\"@id\":\"https:\\\/\\\/www.rassegnastampa-totustuus.it\\\/cattolica\\\/#organization\"},\"image\":{\"@id\":\"https:\\\/\\\/www.rassegnastampa-totustuus.it\\\/cattolica\\\/razzismo-nessuna-vergogna-di-essere-bianchi\\\/#primaryimage\"},\"thumbnailUrl\":\"https:\\\/\\\/www.rassegnastampa-totustuus.it\\\/cattolica\\\/wp-content\\\/uploads\\\/2024\\\/01\\\/razzismo_negri.jpg\",\"keywords\":[\"costume\",\"razzismo\",\"uomo bianco\"],\"articleSection\":[\"Costume\"],\"inLanguage\":\"it-IT\"},{\"@type\":\"WebPage\",\"@id\":\"https:\\\/\\\/www.rassegnastampa-totustuus.it\\\/cattolica\\\/razzismo-nessuna-vergogna-di-essere-bianchi\\\/\",\"url\":\"https:\\\/\\\/www.rassegnastampa-totustuus.it\\\/cattolica\\\/razzismo-nessuna-vergogna-di-essere-bianchi\\\/\",\"name\":\"Razzismo, nessuna vergogna di essere bianchi - Rassegna Stampa Cattolica\",\"isPartOf\":{\"@id\":\"https:\\\/\\\/www.rassegnastampa-totustuus.it\\\/cattolica\\\/#website\"},\"primaryImageOfPage\":{\"@id\":\"https:\\\/\\\/www.rassegnastampa-totustuus.it\\\/cattolica\\\/razzismo-nessuna-vergogna-di-essere-bianchi\\\/#primaryimage\"},\"image\":{\"@id\":\"https:\\\/\\\/www.rassegnastampa-totustuus.it\\\/cattolica\\\/razzismo-nessuna-vergogna-di-essere-bianchi\\\/#primaryimage\"},\"thumbnailUrl\":\"https:\\\/\\\/www.rassegnastampa-totustuus.it\\\/cattolica\\\/wp-content\\\/uploads\\\/2024\\\/01\\\/razzismo_negri.jpg\",\"datePublished\":\"2024-01-10T23:00:00+00:00\",\"description\":\"Razzismo, nessuna vergogna di essere bianchi, perch\u00e8 da Asia e Africa non \u00e8 arrivato nulla per il bene dell'umanit\u00e0\",\"breadcrumb\":{\"@id\":\"https:\\\/\\\/www.rassegnastampa-totustuus.it\\\/cattolica\\\/razzismo-nessuna-vergogna-di-essere-bianchi\\\/#breadcrumb\"},\"inLanguage\":\"it-IT\",\"potentialAction\":[{\"@type\":\"ReadAction\",\"target\":[\"https:\\\/\\\/www.rassegnastampa-totustuus.it\\\/cattolica\\\/razzismo-nessuna-vergogna-di-essere-bianchi\\\/\"]}]},{\"@type\":\"ImageObject\",\"inLanguage\":\"it-IT\",\"@id\":\"https:\\\/\\\/www.rassegnastampa-totustuus.it\\\/cattolica\\\/razzismo-nessuna-vergogna-di-essere-bianchi\\\/#primaryimage\",\"url\":\"https:\\\/\\\/www.rassegnastampa-totustuus.it\\\/cattolica\\\/wp-content\\\/uploads\\\/2024\\\/01\\\/razzismo_negri.jpg\",\"contentUrl\":\"https:\\\/\\\/www.rassegnastampa-totustuus.it\\\/cattolica\\\/wp-content\\\/uploads\\\/2024\\\/01\\\/razzismo_negri.jpg\",\"width\":422,\"height\":299},{\"@type\":\"BreadcrumbList\",\"@id\":\"https:\\\/\\\/www.rassegnastampa-totustuus.it\\\/cattolica\\\/razzismo-nessuna-vergogna-di-essere-bianchi\\\/#breadcrumb\",\"itemListElement\":[{\"@type\":\"ListItem\",\"position\":1,\"name\":\"Home\",\"item\":\"https:\\\/\\\/www.rassegnastampa-totustuus.it\\\/cattolica\\\/\"},{\"@type\":\"ListItem\",\"position\":2,\"name\":\"Razzismo, nessuna vergogna di essere bianchi\"}]},{\"@type\":\"WebSite\",\"@id\":\"https:\\\/\\\/www.rassegnastampa-totustuus.it\\\/cattolica\\\/#website\",\"url\":\"https:\\\/\\\/www.rassegnastampa-totustuus.it\\\/cattolica\\\/\",\"name\":\"Rassegna Stampa Cattolica\",\"description\":\"Per una cultura che nasce dalla Rivelazione cristiana in conformit\u00e0 alla tradizione e al Magistero della Chiesa in opposizione ad ogni relativismo e totalitarismo\",\"publisher\":{\"@id\":\"https:\\\/\\\/www.rassegnastampa-totustuus.it\\\/cattolica\\\/#organization\"},\"alternateName\":\"Rass. Cattolica\",\"potentialAction\":[{\"@type\":\"SearchAction\",\"target\":{\"@type\":\"EntryPoint\",\"urlTemplate\":\"https:\\\/\\\/www.rassegnastampa-totustuus.it\\\/cattolica\\\/?s={search_term_string}\"},\"query-input\":{\"@type\":\"PropertyValueSpecification\",\"valueRequired\":true,\"valueName\":\"search_term_string\"}}],\"inLanguage\":\"it-IT\"},{\"@type\":\"Organization\",\"@id\":\"https:\\\/\\\/www.rassegnastampa-totustuus.it\\\/cattolica\\\/#organization\",\"name\":\"Rassegna Stampa Cattolica\",\"url\":\"https:\\\/\\\/www.rassegnastampa-totustuus.it\\\/cattolica\\\/\",\"logo\":{\"@type\":\"ImageObject\",\"inLanguage\":\"it-IT\",\"@id\":\"https:\\\/\\\/www.rassegnastampa-totustuus.it\\\/cattolica\\\/#\\\/schema\\\/logo\\\/image\\\/\",\"url\":\"https:\\\/\\\/www.rassegnastampa-totustuus.it\\\/cattolica\\\/wp-content\\\/uploads\\\/2014\\\/04\\\/logo-rassegna1.gif\",\"contentUrl\":\"https:\\\/\\\/www.rassegnastampa-totustuus.it\\\/cattolica\\\/wp-content\\\/uploads\\\/2014\\\/04\\\/logo-rassegna1.gif\",\"width\":600,\"height\":163,\"caption\":\"Rassegna Stampa Cattolica\"},\"image\":{\"@id\":\"https:\\\/\\\/www.rassegnastampa-totustuus.it\\\/cattolica\\\/#\\\/schema\\\/logo\\\/image\\\/\"},\"sameAs\":[\"https:\\\/\\\/www.facebook.com\\\/rassegnastampacattolica\",\"https:\\\/\\\/x.com\\\/rassegnastampa9\"]},{\"@type\":\"Person\",\"@id\":\"https:\\\/\\\/www.rassegnastampa-totustuus.it\\\/cattolica\\\/#\\\/schema\\\/person\\\/08f319d2bd1a0904ad9e2bfb7b15e5c3\",\"name\":\"Redazione\",\"image\":{\"@type\":\"ImageObject\",\"inLanguage\":\"it-IT\",\"@id\":\"https:\\\/\\\/secure.gravatar.com\\\/avatar\\\/2fcdf27c78ea025fbdb44e914cc63c72249ffec9dc8aafd5c82b26240ef3f346?s=96&d=mm&r=g\",\"url\":\"https:\\\/\\\/secure.gravatar.com\\\/avatar\\\/2fcdf27c78ea025fbdb44e914cc63c72249ffec9dc8aafd5c82b26240ef3f346?s=96&d=mm&r=g\",\"contentUrl\":\"https:\\\/\\\/secure.gravatar.com\\\/avatar\\\/2fcdf27c78ea025fbdb44e914cc63c72249ffec9dc8aafd5c82b26240ef3f346?s=96&d=mm&r=g\",\"caption\":\"Redazione\"},\"url\":\"https:\\\/\\\/www.rassegnastampa-totustuus.it\\\/cattolica\\\/author\\\/pietroelle\\\/\"}]}<\/script>\n<!-- \/ Yoast SEO plugin. -->","yoast_head_json":{"title":"Razzismo, nessuna vergogna di essere bianchi - Rassegna Stampa Cattolica","description":"Razzismo, nessuna vergogna di essere bianchi, perch\u00e8 da Asia e Africa non \u00e8 arrivato nulla per il bene dell'umanit\u00e0","robots":{"index":"index","follow":"follow","max-snippet":"max-snippet:-1","max-image-preview":"max-image-preview:large","max-video-preview":"max-video-preview:-1"},"canonical":"https:\/\/www.rassegnastampa-totustuus.it\/cattolica\/razzismo-nessuna-vergogna-di-essere-bianchi\/","og_locale":"it_IT","og_type":"article","og_title":"Razzismo, nessuna vergogna di essere bianchi - Rassegna Stampa Cattolica","og_description":"Razzismo, nessuna vergogna di essere bianchi, perch\u00e8 da Asia e Africa non \u00e8 arrivato nulla per il bene dell'umanit\u00e0","og_url":"https:\/\/www.rassegnastampa-totustuus.it\/cattolica\/razzismo-nessuna-vergogna-di-essere-bianchi\/","og_site_name":"Rassegna Stampa Cattolica","article_publisher":"https:\/\/www.facebook.com\/rassegnastampacattolica","article_published_time":"2024-01-10T23:00:00+00:00","og_image":[{"width":422,"height":299,"url":"https:\/\/www.rassegnastampa-totustuus.it\/cattolica\/wp-content\/uploads\/2024\/01\/razzismo_negri.jpg","type":"image\/jpeg"}],"author":"Redazione","twitter_card":"summary_large_image","twitter_creator":"@rassegnastampa9","twitter_site":"@rassegnastampa9","twitter_misc":{"Scritto da":"Redazione","Tempo di lettura stimato":"9 minuti"},"schema":{"@context":"https:\/\/schema.org","@graph":[{"@type":"Article","@id":"https:\/\/www.rassegnastampa-totustuus.it\/cattolica\/razzismo-nessuna-vergogna-di-essere-bianchi\/#article","isPartOf":{"@id":"https:\/\/www.rassegnastampa-totustuus.it\/cattolica\/razzismo-nessuna-vergogna-di-essere-bianchi\/"},"author":{"name":"Redazione","@id":"https:\/\/www.rassegnastampa-totustuus.it\/cattolica\/#\/schema\/person\/08f319d2bd1a0904ad9e2bfb7b15e5c3"},"headline":"Razzismo, nessuna vergogna di essere bianchi","datePublished":"2024-01-10T23:00:00+00:00","mainEntityOfPage":{"@id":"https:\/\/www.rassegnastampa-totustuus.it\/cattolica\/razzismo-nessuna-vergogna-di-essere-bianchi\/"},"wordCount":1628,"publisher":{"@id":"https:\/\/www.rassegnastampa-totustuus.it\/cattolica\/#organization"},"image":{"@id":"https:\/\/www.rassegnastampa-totustuus.it\/cattolica\/razzismo-nessuna-vergogna-di-essere-bianchi\/#primaryimage"},"thumbnailUrl":"https:\/\/www.rassegnastampa-totustuus.it\/cattolica\/wp-content\/uploads\/2024\/01\/razzismo_negri.jpg","keywords":["costume","razzismo","uomo bianco"],"articleSection":["Costume"],"inLanguage":"it-IT"},{"@type":"WebPage","@id":"https:\/\/www.rassegnastampa-totustuus.it\/cattolica\/razzismo-nessuna-vergogna-di-essere-bianchi\/","url":"https:\/\/www.rassegnastampa-totustuus.it\/cattolica\/razzismo-nessuna-vergogna-di-essere-bianchi\/","name":"Razzismo, nessuna vergogna di essere bianchi - Rassegna Stampa Cattolica","isPartOf":{"@id":"https:\/\/www.rassegnastampa-totustuus.it\/cattolica\/#website"},"primaryImageOfPage":{"@id":"https:\/\/www.rassegnastampa-totustuus.it\/cattolica\/razzismo-nessuna-vergogna-di-essere-bianchi\/#primaryimage"},"image":{"@id":"https:\/\/www.rassegnastampa-totustuus.it\/cattolica\/razzismo-nessuna-vergogna-di-essere-bianchi\/#primaryimage"},"thumbnailUrl":"https:\/\/www.rassegnastampa-totustuus.it\/cattolica\/wp-content\/uploads\/2024\/01\/razzismo_negri.jpg","datePublished":"2024-01-10T23:00:00+00:00","description":"Razzismo, nessuna vergogna di essere bianchi, perch\u00e8 da Asia e Africa non \u00e8 arrivato nulla per il bene dell'umanit\u00e0","breadcrumb":{"@id":"https:\/\/www.rassegnastampa-totustuus.it\/cattolica\/razzismo-nessuna-vergogna-di-essere-bianchi\/#breadcrumb"},"inLanguage":"it-IT","potentialAction":[{"@type":"ReadAction","target":["https:\/\/www.rassegnastampa-totustuus.it\/cattolica\/razzismo-nessuna-vergogna-di-essere-bianchi\/"]}]},{"@type":"ImageObject","inLanguage":"it-IT","@id":"https:\/\/www.rassegnastampa-totustuus.it\/cattolica\/razzismo-nessuna-vergogna-di-essere-bianchi\/#primaryimage","url":"https:\/\/www.rassegnastampa-totustuus.it\/cattolica\/wp-content\/uploads\/2024\/01\/razzismo_negri.jpg","contentUrl":"https:\/\/www.rassegnastampa-totustuus.it\/cattolica\/wp-content\/uploads\/2024\/01\/razzismo_negri.jpg","width":422,"height":299},{"@type":"BreadcrumbList","@id":"https:\/\/www.rassegnastampa-totustuus.it\/cattolica\/razzismo-nessuna-vergogna-di-essere-bianchi\/#breadcrumb","itemListElement":[{"@type":"ListItem","position":1,"name":"Home","item":"https:\/\/www.rassegnastampa-totustuus.it\/cattolica\/"},{"@type":"ListItem","position":2,"name":"Razzismo, nessuna vergogna di essere bianchi"}]},{"@type":"WebSite","@id":"https:\/\/www.rassegnastampa-totustuus.it\/cattolica\/#website","url":"https:\/\/www.rassegnastampa-totustuus.it\/cattolica\/","name":"Rassegna Stampa Cattolica","description":"Per una cultura che nasce dalla Rivelazione cristiana in conformit\u00e0 alla tradizione e al Magistero della Chiesa in opposizione ad ogni relativismo e totalitarismo","publisher":{"@id":"https:\/\/www.rassegnastampa-totustuus.it\/cattolica\/#organization"},"alternateName":"Rass. Cattolica","potentialAction":[{"@type":"SearchAction","target":{"@type":"EntryPoint","urlTemplate":"https:\/\/www.rassegnastampa-totustuus.it\/cattolica\/?s={search_term_string}"},"query-input":{"@type":"PropertyValueSpecification","valueRequired":true,"valueName":"search_term_string"}}],"inLanguage":"it-IT"},{"@type":"Organization","@id":"https:\/\/www.rassegnastampa-totustuus.it\/cattolica\/#organization","name":"Rassegna Stampa Cattolica","url":"https:\/\/www.rassegnastampa-totustuus.it\/cattolica\/","logo":{"@type":"ImageObject","inLanguage":"it-IT","@id":"https:\/\/www.rassegnastampa-totustuus.it\/cattolica\/#\/schema\/logo\/image\/","url":"https:\/\/www.rassegnastampa-totustuus.it\/cattolica\/wp-content\/uploads\/2014\/04\/logo-rassegna1.gif","contentUrl":"https:\/\/www.rassegnastampa-totustuus.it\/cattolica\/wp-content\/uploads\/2014\/04\/logo-rassegna1.gif","width":600,"height":163,"caption":"Rassegna Stampa Cattolica"},"image":{"@id":"https:\/\/www.rassegnastampa-totustuus.it\/cattolica\/#\/schema\/logo\/image\/"},"sameAs":["https:\/\/www.facebook.com\/rassegnastampacattolica","https:\/\/x.com\/rassegnastampa9"]},{"@type":"Person","@id":"https:\/\/www.rassegnastampa-totustuus.it\/cattolica\/#\/schema\/person\/08f319d2bd1a0904ad9e2bfb7b15e5c3","name":"Redazione","image":{"@type":"ImageObject","inLanguage":"it-IT","@id":"https:\/\/secure.gravatar.com\/avatar\/2fcdf27c78ea025fbdb44e914cc63c72249ffec9dc8aafd5c82b26240ef3f346?s=96&d=mm&r=g","url":"https:\/\/secure.gravatar.com\/avatar\/2fcdf27c78ea025fbdb44e914cc63c72249ffec9dc8aafd5c82b26240ef3f346?s=96&d=mm&r=g","contentUrl":"https:\/\/secure.gravatar.com\/avatar\/2fcdf27c78ea025fbdb44e914cc63c72249ffec9dc8aafd5c82b26240ef3f346?s=96&d=mm&r=g","caption":"Redazione"},"url":"https:\/\/www.rassegnastampa-totustuus.it\/cattolica\/author\/pietroelle\/"}]}},"_links":{"self":[{"href":"https:\/\/www.rassegnastampa-totustuus.it\/cattolica\/wp-json\/wp\/v2\/posts\/59036","targetHints":{"allow":["GET"]}}],"collection":[{"href":"https:\/\/www.rassegnastampa-totustuus.it\/cattolica\/wp-json\/wp\/v2\/posts"}],"about":[{"href":"https:\/\/www.rassegnastampa-totustuus.it\/cattolica\/wp-json\/wp\/v2\/types\/post"}],"author":[{"embeddable":true,"href":"https:\/\/www.rassegnastampa-totustuus.it\/cattolica\/wp-json\/wp\/v2\/users\/6"}],"replies":[{"embeddable":true,"href":"https:\/\/www.rassegnastampa-totustuus.it\/cattolica\/wp-json\/wp\/v2\/comments?post=59036"}],"version-history":[{"count":1,"href":"https:\/\/www.rassegnastampa-totustuus.it\/cattolica\/wp-json\/wp\/v2\/posts\/59036\/revisions"}],"predecessor-version":[{"id":59038,"href":"https:\/\/www.rassegnastampa-totustuus.it\/cattolica\/wp-json\/wp\/v2\/posts\/59036\/revisions\/59038"}],"wp:featuredmedia":[{"embeddable":true,"href":"https:\/\/www.rassegnastampa-totustuus.it\/cattolica\/wp-json\/wp\/v2\/media\/59037"}],"wp:attachment":[{"href":"https:\/\/www.rassegnastampa-totustuus.it\/cattolica\/wp-json\/wp\/v2\/media?parent=59036"}],"wp:term":[{"taxonomy":"category","embeddable":true,"href":"https:\/\/www.rassegnastampa-totustuus.it\/cattolica\/wp-json\/wp\/v2\/categories?post=59036"},{"taxonomy":"post_tag","embeddable":true,"href":"https:\/\/www.rassegnastampa-totustuus.it\/cattolica\/wp-json\/wp\/v2\/tags?post=59036"}],"curies":[{"name":"wp","href":"https:\/\/api.w.org\/{rel}","templated":true}]}}