{"id":59014,"date":"2024-01-08T16:20:31","date_gmt":"2024-01-08T15:20:31","guid":{"rendered":"https:\/\/www.rassegnastampa-totustuus.it\/cattolica\/?p=59014"},"modified":"2024-01-08T20:14:45","modified_gmt":"2024-01-08T19:14:45","slug":"siria-riprende-il-dialogo","status":"publish","type":"post","link":"https:\/\/www.rassegnastampa-totustuus.it\/cattolica\/siria-riprende-il-dialogo\/","title":{"rendered":"Siria, riprende il dialogo"},"content":{"rendered":"<p style=\"text-align: center;\"><strong><a href=\"https:\/\/it.insideover.com\/\" target=\"_blank\" rel=\"noreferrer noopener\"><span style=\"color: #0000ff;\"><img loading=\"lazy\" decoding=\"async\" class=\" wp-image-58994 alignleft\" src=\"https:\/\/www.rassegnastampa-totustuus.it\/cattolica\/wp-content\/uploads\/2024\/01\/mappa_Medio_Oriente.jpeg\" alt=\"\" width=\"252\" height=\"169\" \/>Inside Over<\/span> <\/a><\/strong>\u00a0&#8211;<span style=\"color: #000000;\"> <strong>DOSSIER<\/strong> \u2013 Agosto 2023<\/span><\/p>\n<h3 style=\"text-align: center;\"><span style=\"color: #000000;\"> <strong>Il nuovo Medio Oriente <\/strong><\/span><\/h3>\n<p style=\"text-align: justify;\"><span style=\"color: #000000;\">\u00a0<em>Il Medio Oriente sta cambiando pelle. Dal lungo addio degli Stati Uniti, passando per il nuovo ruolo delle potenze regionali: Arabia Saudita e Iran in testa, tutta l&#8217;area \u00e8 in fermento. Gli accordi di Abramo restano in bilico, e intanto alcuni focolai di tensione non accennano a diminuire. E sullo sfondo compare la Cina e il nuovo ruolo che \u00e8 pronta a ricoprire<\/em> <\/span><\/p>\n<p style=\"text-align: center;\"><span style=\"color: #000000;\">______________________________________<\/span><\/p>\n<p><!--more--><\/p>\n<p style=\"text-align: center;\"><span style=\"color: #0000ff;\"><strong><a style=\"color: #0000ff;\" href=\"https:\/\/it.insideover.com\/\">Inside Over <\/a><\/strong><\/span>\u00a0<span style=\"color: #000000;\">&#8211; dossier \u2013 13 Agosto 2023<\/span><\/p>\n<h3 style=\"text-align: center;\"><span style=\"color: #000000;\"><strong>Il disgelo siriano: cos\u00ec si \u00e8 riaperto <\/strong><\/span><\/h3>\n<h3 style=\"text-align: center;\"><span style=\"color: #000000;\"><strong>il dialogo con Damasco<\/strong><\/span><\/h3>\n<p><img loading=\"lazy\" decoding=\"async\" class=\"aligncenter wp-image-56902 size-full\" src=\"https:\/\/www.rassegnastampa-totustuus.it\/cattolica\/wp-content\/uploads\/2023\/09\/Bashir_al_Assad_Siria.jpeg\" alt=\"Siria, riprende il dialogo\" width=\"157\" height=\"181\" \/><\/p>\n<p style=\"text-align: center;\"><span style=\"color: #000000;\"><strong>Lorenzo Vita<\/strong><\/span><\/p>\n<p style=\"text-align: justify;\"><span style=\"color: #000000;\">La <strong>guerra in Siria<\/strong> non si \u00e8 mai chiusa in modo definitivo cos\u00ec come non si \u00e8 mai ufficialmente aperta. Il conflitto, iniziato come rivolta e sfociato in guerra civile ma anche in guerra per procura tra vari Stati fino ad arrivare all\u2019intervento delle grandi potenze, si \u00e8 oggi congelato in una sorta di pace armata. Bashar al Assad non \u00e8 caduto, confermando una leadership mantenuta soprattutto grazie all\u2019intervento di Iran e Russia al suo fianco e che restano saldamente operative nelle loro basi<em> in loco<\/em>. Lo <strong>Stato islamico<\/strong>, oggi rimasto ad alcune sparute roccaforti sparse sul territorio del Paese, continua a esistere, cos\u00ec come la Coalizione anti-Daesh delle forze occidentali.<\/span><\/p>\n<p style=\"text-align: justify;\"><span style=\"color: #000000;\">Israele continua a colpire in Siria per distruggere gli avamposti di Teheran, soprattutto dei Pasdaran, e dei suoi \u201cproxy\u201d, ovvero le milizie sciite locali ed <strong>Hezbollah<\/strong>, che si muovono attraverso i porosi confini di Libano e Iraq. E nel frattempo, mentre i curdi del nord e del nordest rimangono asserragliati in alcune province in una guerra logorante contro i vari nemici regionali, compresa la Turchia, a nord-ovest l\u2019area di Idlib rappresenta l\u2019ultimo bastione dei ribelli islamisti<\/span>.<\/p>\n<p style=\"text-align: justify;\"><span style=\"color: #000000;\">Se questa \u00e8 la situazione sul campo, a livello diplomatico per\u00f2 pi\u00f9 di qualcosa si \u00e8 mosso. Al punto che oggi, nonostante questa fragilit\u00e0 e complessit\u00e0 dello scacchiere siriano, si pu\u00f2 dire che il governo di Damasco \u00e8 tornato a essere l\u2019unico interlocutore riconosciuto dalla<strong> comunit\u00e0 internazionale<\/strong> nel Paese. E questo vale soprattutto per gli attori mediorientali, oltre che naturalmente per chi non ha mai negato legittimazione: Iran, Russia e Repubblica popolare cinese in primis.<\/span><\/p>\n<h4 style=\"text-align: center;\"><span style=\"color: #000000;\"><strong>La riapertura dei canali diplomatici e il ruolo del Golfo<\/strong><\/span><\/h4>\n<p style=\"text-align: justify;\"><span style=\"color: #000000;\"><img loading=\"lazy\" decoding=\"async\" class=\"alignleft wp-image-41732 size-full\" src=\"https:\/\/www.rassegnastampa-totustuus.it\/cattolica\/wp-content\/uploads\/2018\/11\/Qatar_Arabia.jpg\" alt=\"Siria, riprende il dialogo\" width=\"285\" height=\"177\" \/>La normalizzazione dei rapporti diplomatici, con la progressiva <strong>riapertura delle ambasciate<\/strong> e degli uffici consolari, nasce da una presa di coscienza politica. Assad non \u00e8 stato rovesciato e la transizione di potere verso un nuovo regime democratico non \u00e8 mai avvenuta n\u00e9 appare pi\u00f9 possibile. Quantomeno non nell\u2019immediato futuro.<\/span><\/p>\n<p style=\"text-align: justify;\"><span style=\"color: #000000;\">Questa presa di coscienza di fronte a una realt\u00e0 certamente ben diversa sia rispetto agli auspici di molte potenze locali, a partire da <strong>Arabia Saudita <\/strong>e Qatar e poi della Turchia, sia dell\u2019Occidente guidato dagli Stati Uniti, ha cambiato le carte in tavola. Inoltre, il congelamento del conflitto siriano unito alla <strong>disattenzione mondiale<\/strong> \u2013 in particolare statunitense \u2013 per il contesto mediorientale ha fatto s\u00ec che altri attori, a partire dalla Cina, spingessero verso una pacificazione della regione rispetto a focolai di tensione non del tutto sopiti<\/span>.<\/p>\n<p style=\"text-align: justify;\"><span style=\"color: #000000;\">Il processo di normalizzazione ha visto cos\u00ec un graduale ritorno a un regolare scambio diplomatico, con due attori regionali a esserne stati i principali artefici: Arabia Saudita ed <strong>Emirati Arabi Uniti<\/strong>. Attraverso una legittimazione di Assad e un graduale \u2013 ma anche abbastanza repentino \u2013 abbandono del sostegno alle forze di \u201copposizione\u201d e milizie locali, Riad e Abu Dhabi hanno ricominciato a parlare in modo diretto e da pari a pari con tutto il governo siriano. I rispettivi ministri degli Esteri hanno fatto visita nelle varie capitali confermando una piena riconciliazione. E in tutto questo si \u00e8 unito anche il riavvicinamento di Arabia Saudita e Iran, alleato di Damasco e principale sponsor proprio di quell\u2019Assad colpito dalle rivolte<\/span>.<\/p>\n<p style=\"text-align: justify;\"><span style=\"color: #000000;\">Emirati, Arabia Saudita e <strong>Bahrain <\/strong>sono cos\u00ec stati gli artefici della cosiddetta normalizzazione del regime siriano. Un processo silenzioso e sottovalutato che per\u00f2 ha mostrato come il Medio Oriente, facilmente scosso da guerre intestine, abbia avuto anche la capacit\u00e0 di ricomporre gli enormi dissidi interni di fronte a una realt\u00e0 geopolitica estremamente complessa e mutevole<\/span>.<\/p>\n<h4 style=\"text-align: center;\"><span style=\"color: #000000;\"><strong>La svolta turca sulla Siria<\/strong><\/span><\/h4>\n<p style=\"text-align: justify;\"><span style=\"color: #000000;\"><img loading=\"lazy\" decoding=\"async\" class=\"alignright wp-image-21249 size-full\" src=\"https:\/\/www.rassegnastampa-totustuus.it\/cattolica\/wp-content\/uploads\/2010\/08\/Turchia_flag.jpg\" alt=\"Siria, riprende il dialogo\" width=\"268\" height=\"188\" \/>Un altro protagonista di questo disgelo mediorientale e della normalizzazione della Siria \u00e8 stata la <strong>Turchia <\/strong>di<strong> Recep Tayyip Erdogan<\/strong>. Non va dimenticato, infatti, che Ankara, sia per colpire Assad sia per espandere la propria influenza verso sud colpendo inoltre il proprio nemico curdo, ha avuto un ruolo essenziale nella guerra in Siria. E ancora oggi, dopo pi\u00f9 di 12 anni, la Repubblica turca ha un ruolo preponderante in quasi tutto il fronte settentrionale, tanto da avere reso alcune province dei veri e propri protettorati turchi. Ed \u00e8 proprio per queste aree, e per l\u2019eventuale ripopolamento da parte di rifugiati siriani che si sono diretti in Turchia durante la guerra e che ora Erdogan cerca di rimpatriare, che si gioca parte del nuovo corso nelle relazioni turco-siriane<\/span>.<\/p>\n<p style=\"text-align: justify;\"><span style=\"color: #000000;\">Il riavvicinamento tra questi due Paesi, come per le potenze arabe e Damasco, \u00e8 stato un effetto di almeno due cause. Da una parte l\u2019accettazione della realt\u00e0 dei fatti: Assad non sarebbe stato pi\u00f9 rovesciato vista la vittoria, pi\u00f9 o meno evidente, dell\u2019esercito regolare. Dall\u2019altra parte, la volont\u00e0 turca di evitare fratture con Mosca e allo stesso tempo di non sostenere eccessivamente la causa di alcuni alleati occidentali visti con diffidenza. Inoltre, non va nemmeno sottovalutato il progressivo disaccoppiamento tra Turchia e <strong>Qatar<\/strong>, quest\u2019ultimo rigido avversario della Repubblica siriana, che va di pari passo anche con un riavvicinamento di Erdogan tanto con i sauditi quanto con gli emiratini.<\/span><\/p>\n<p style=\"text-align: justify;\"><span style=\"color: #000000;\"><img loading=\"lazy\" decoding=\"async\" class=\"alignleft wp-image-42027 size-full\" src=\"https:\/\/www.rassegnastampa-totustuus.it\/cattolica\/wp-content\/uploads\/2019\/02\/profughi_siria-1.jpg\" alt=\"Siria, riprende il dialogo\" width=\"275\" height=\"183\" \/>La certificazione di questo nuovo <em>modus vivendi<\/em> tra Damasco e Ankara \u00e8 arrivato a maggio del 2023<\/span>, <span style=\"color: #0000ff;\"><a style=\"color: #0000ff;\" href=\"https:\/\/www.ansa.it\/ansamed\/it\/notizie\/rubriche\/nazioni\/2023\/05\/10\/siria-sana-assad-invitato-a-prossima-riunione-lega-araba_965d800d-f98a-4f80-bb0b-9eb31e1196f1.html\" target=\"_blank\" rel=\"noopener\">con l\u2019incontro a Mosca<\/a><\/span> <span style=\"color: #000000;\">tra i rispettivi ministri degli Esteri, <strong>Faisal Miqdad<\/strong>\u00a0e <strong>Mevlut Cavusoglu<\/strong> (quest\u2019ultimo sostituito dopo le elezioni da Hakan Fidan). Il vertice nella capitale russa, che ha visto anche la presenza del ministro degli Esteri russo, Sergei Lavrov, e dell\u2019omologo iraniano Hossein Amirabdollahian, venne promosso da Erdogan anche in chiave elettorale. I <strong>profughi siriani<\/strong> infatti erano diventati un elemento costante della campagna per le presidenziali, con gli oppositori del Sultano che hanno premuto sul tasto della difficile convivenza con i cittadini turchi. Il presidente, poi rieletto, ha cos\u00ec fatto in modo che l\u2019incontro con i rappresentanti di Damasco fosse un utile strumento di propaganda per assicurare gli elettori. Mentre Assad, dal canto suo, chiedeva una riduzione della presenza turca nel nord del Paese e la fine della protezione di alcuni bastioni <strong>ribelli<\/strong>. Inoltre, a cementare questo riavvicinamento tra le parti, anche il disastroso terremoto di febbraio \u201923, che aveva colpito entrambi i Paesi.<\/span><\/p>\n<h4 style=\"text-align: center;\"><span style=\"color: #000000;\"><strong>La riammissione nella Lega Araba<\/strong><\/span><\/h4>\n<p style=\"text-align: justify;\"><span style=\"color: #000000;\">In questo processo di normalizzazione del regime siriano, la svolta probabilmente definitiva del processo si \u00e8 avuta con la riammissione di Damasco nella Lega araba a <strong>maggio del 2023<\/strong>.<\/span> <span style=\"color: #0000ff;\"><a style=\"color: #0000ff;\" href=\"https:\/\/www.ansa.it\/ansamed\/it\/notizie\/rubriche\/nazioni\/2023\/05\/10\/siria-sana-assad-invitato-a-prossima-riunione-lega-araba_965d800d-f98a-4f80-bb0b-9eb31e1196f1.html\" target=\"_blank\" rel=\"noopener\">con l\u2019incontro a Mosca<\/a>,<\/span> <span style=\"color: #000000;\">a dimostrazione del peso saudita nello scacchiere regionale, \u00e8 giunto proprio con la contemporanea riapertura dell\u2019ambasciata della monarchia araba a Damasco e la speculare riapertura degli uffici siriani a Riad.<\/span><\/p>\n<p style=\"text-align: justify;\"><span style=\"color: #000000;\">La svolta non \u00e8 stata priva di ampie <strong>discussioni interne <\/strong>al consesso arabo. Nella Lega infatti erano presenti almeno due anime: quella che voleva una riammissione della Siria dopo 12 anni di sospensione a causa della guerra, e un\u2019altra parte che invece avrebbe preferito rifiutare questo nuovo assetto mantenendo l\u2019esclusione di <img loading=\"lazy\" decoding=\"async\" class=\"size-full wp-image-59033 alignleft\" src=\"https:\/\/www.rassegnastampa-totustuus.it\/cattolica\/wp-content\/uploads\/2024\/01\/tunisia.jpeg\" alt=\"\" width=\"243\" height=\"180\" \/>Damasco. Al primo blocco, oltre all\u2019Arabia Saudita, appartenevano gli Emirati Arabi Uniti ma anche <strong>Algeria <\/strong>e Tunisia, due Paesi pi\u00f9 distanti rispetto alla guerra siriana ma legati a una storica vicinanza a Damasco e e particolari incroci di partnership internazionali. A perorare la causa dell\u2019esclusione della Siria,<\/span>\u00a0<span style=\"color: #0000ff;\"><a style=\"color: #0000ff;\" href=\"https:\/\/www.treccani.it\/magazine\/atlante\/geopolitica\/Siria_avvia_normalizzazione.html\" target=\"_blank\" rel=\"noopener\">come ricorda <em>Treccani<\/em><\/a><\/span>, <span style=\"color: #000000;\">erano invece soprattutto Qatar, Giordania, Marocco e Kuwait. Il voto \u00e8 in ogni caso stato favorevole, pur con alcune precisazioni e deroghe. E questo ha dimostrato ancora una volta come il disgelo siriano e il reintegro di Assad nello scenario regionale fossero ormai elementi costanti. A pesare, non solo l\u2019ingresso della Cina nella regione e l\u2019influenza, pur non cos\u00ec formidabile, della Russia, ma anche la corrispettiva perdita di peso e di leadership da parte dell\u2019Occidente. La strategia di condanna verso la Repubblica siriana, delle sanzioni e del sostegno alla causa ribelle, si \u00e8 rivelata inefficace. E la<\/span> <a href=\"https:\/\/www.ispionline.it\/it\/pubblicazione\/siria-ritorno-nella-lega-araba-128030\" target=\"_blank\" rel=\"noopener\"><span style=\"color: #0000ff;\">disattenzione Usa verso il Medio Oriente<\/span><\/a> <span style=\"color: #000000;\">non ha fatto altro che aiutare anche i vecchi partner in svolte diplomatiche fino a pochi anni fa impensabili.<\/span><\/p>\n<p style=\"text-align: center;\">____________________________<\/p>\n<p style=\"text-align: center;\"><span style=\"color: #000000;\"><strong>Indice del DOSSIE<\/strong><\/span><\/p>\n<p style=\"text-align: justify;\"><span style=\"color: #000000;\"><strong>1.\u00a0<\/strong> <\/span><a href=\"https:\/\/www.rassegnastampa-totustuus.it\/cattolica\/la-guerra-in-yemen-ultimi-focolai-di-crisi-in-medio-oriente\/\" target=\"_blank\" rel=\"noopener\"><span style=\"color: #0000ff;\">La guerra in Yemen, il terrorismo: gli ultimi focolai di crisi in Medio Oriente<\/span><\/a><\/p>\n<p style=\"text-align: justify;\"><span style=\"color: #000000;\"><strong>2.<\/strong> <\/span><a href=\"https:\/\/www.rassegnastampa-totustuus.it\/cattolica\/come-e-cambiata-la-politica-usa-in-medio-oriente\/\" target=\"_blank\" rel=\"noopener\"><span style=\"color: #0000ff;\">Da Saddam all&#8217;ascesa della Cina: com&#8217;\u00e8 cambiata la politica Usa in Medio Oriente<\/span><\/a><\/p>\n<p style=\"text-align: justify;\"><span style=\"color: #000000;\"><strong>3.<\/strong> <\/span><a href=\"https:\/\/www.rassegnastampa-totustuus.it\/cattolica\/accordi-di-abramo-tra-israele-e-arabia-quale-futuro\/\" target=\"_blank\" rel=\"noopener\"><span style=\"color: #0000ff;\">Il nuovo Medio Oriente e il futuro degli Accordi di Abramo<\/span><\/a><\/p>\n<p style=\"text-align: justify;\"><span style=\"color: #000000;\"><strong>4.<\/strong> <\/span>Il disgelo siriano: cos\u00ec si \u00e8 riaperto il dialogo con Damasco<\/p>\n<p style=\"text-align: justify;\"><strong><span style=\"color: #000000;\">5.<\/span> <\/strong>La mossa a sorpresa di Xi: perch\u00e9 la Cina punta sul Medio Oriente<\/p>\n","protected":false},"excerpt":{"rendered":"<p>Inside Over \u00a0&#8211; DOSSIER \u2013 Agosto 2023 Il nuovo Medio Oriente \u00a0Il Medio Oriente sta cambiando pelle. Dal lungo addio degli Stati Uniti, passando per il nuovo ruolo delle potenze regionali: Arabia Saudita e Iran in testa, tutta l&#8217;area \u00e8 in fermento. Gli accordi di Abramo restano in bilico, e intanto alcuni focolai di tensione &hellip; <\/p>\n<p><a class=\"more-link btn\" href=\"https:\/\/www.rassegnastampa-totustuus.it\/cattolica\/siria-riprende-il-dialogo\/\">Continua a leggere<\/a><\/p>\n","protected":false},"author":6,"featured_media":58994,"comment_status":"closed","ping_status":"closed","sticky":false,"template":"","format":"standard","meta":{"footnotes":""},"categories":[108,19],"tags":[545,148,440,535],"class_list":["post-59014","post","type-post","status-publish","format-standard","has-post-thumbnail","hentry","category-paesi-e-continenti","category-politica-internazionale","tag-paesi-e-continenti-2","tag-politica-internazionale-2","tag-siria","tag-turchia","item-wrap"],"yoast_head":"<!-- This site is optimized with the Yoast SEO plugin v27.5 - https:\/\/yoast.com\/product\/yoast-seo-wordpress\/ -->\n<title>Siria, riprende il dialogo - Rassegna Stampa Cattolica<\/title>\n<meta name=\"description\" content=\"Siria, riprende il dialogo. Assad non \u00e8 stato rovesciato e la transizione verso un nuovo regime democratico non appare pi\u00f9 possibile.\" \/>\n<meta name=\"robots\" content=\"index, follow, max-snippet:-1, max-image-preview:large, max-video-preview:-1\" \/>\n<link rel=\"canonical\" href=\"https:\/\/www.rassegnastampa-totustuus.it\/cattolica\/siria-riprende-il-dialogo\/\" \/>\n<meta property=\"og:locale\" content=\"it_IT\" \/>\n<meta property=\"og:type\" content=\"article\" \/>\n<meta property=\"og:title\" content=\"Siria, riprende il dialogo - Rassegna Stampa Cattolica\" \/>\n<meta property=\"og:description\" content=\"Siria, riprende il dialogo. Assad non \u00e8 stato rovesciato e la transizione verso un nuovo regime democratico non appare pi\u00f9 possibile.\" \/>\n<meta property=\"og:url\" content=\"https:\/\/www.rassegnastampa-totustuus.it\/cattolica\/siria-riprende-il-dialogo\/\" \/>\n<meta property=\"og:site_name\" content=\"Rassegna Stampa Cattolica\" \/>\n<meta property=\"article:publisher\" content=\"https:\/\/www.facebook.com\/rassegnastampacattolica\" \/>\n<meta property=\"article:published_time\" content=\"2024-01-08T15:20:31+00:00\" \/>\n<meta property=\"article:modified_time\" content=\"2024-01-08T19:14:45+00:00\" \/>\n<meta property=\"og:image\" content=\"https:\/\/www.rassegnastampa-totustuus.it\/cattolica\/wp-content\/uploads\/2024\/01\/mappa_Medio_Oriente.jpeg\" \/>\n\t<meta property=\"og:image:width\" content=\"268\" \/>\n\t<meta property=\"og:image:height\" content=\"180\" \/>\n\t<meta property=\"og:image:type\" content=\"image\/jpeg\" \/>\n<meta name=\"author\" content=\"Redazione\" \/>\n<meta name=\"twitter:card\" content=\"summary_large_image\" \/>\n<meta name=\"twitter:creator\" content=\"@rassegnastampa9\" \/>\n<meta name=\"twitter:site\" content=\"@rassegnastampa9\" \/>\n<meta name=\"twitter:label1\" content=\"Scritto da\" \/>\n\t<meta name=\"twitter:data1\" content=\"Redazione\" \/>\n\t<meta name=\"twitter:label2\" content=\"Tempo di lettura stimato\" \/>\n\t<meta name=\"twitter:data2\" content=\"10 minuti\" \/>\n<script type=\"application\/ld+json\" class=\"yoast-schema-graph\">{\"@context\":\"https:\\\/\\\/schema.org\",\"@graph\":[{\"@type\":\"Article\",\"@id\":\"https:\\\/\\\/www.rassegnastampa-totustuus.it\\\/cattolica\\\/siria-riprende-il-dialogo\\\/#article\",\"isPartOf\":{\"@id\":\"https:\\\/\\\/www.rassegnastampa-totustuus.it\\\/cattolica\\\/siria-riprende-il-dialogo\\\/\"},\"author\":{\"name\":\"Redazione\",\"@id\":\"https:\\\/\\\/www.rassegnastampa-totustuus.it\\\/cattolica\\\/#\\\/schema\\\/person\\\/08f319d2bd1a0904ad9e2bfb7b15e5c3\"},\"headline\":\"Siria, riprende il dialogo\",\"datePublished\":\"2024-01-08T15:20:31+00:00\",\"dateModified\":\"2024-01-08T19:14:45+00:00\",\"mainEntityOfPage\":{\"@id\":\"https:\\\/\\\/www.rassegnastampa-totustuus.it\\\/cattolica\\\/siria-riprende-il-dialogo\\\/\"},\"wordCount\":1440,\"publisher\":{\"@id\":\"https:\\\/\\\/www.rassegnastampa-totustuus.it\\\/cattolica\\\/#organization\"},\"image\":{\"@id\":\"https:\\\/\\\/www.rassegnastampa-totustuus.it\\\/cattolica\\\/siria-riprende-il-dialogo\\\/#primaryimage\"},\"thumbnailUrl\":\"https:\\\/\\\/www.rassegnastampa-totustuus.it\\\/cattolica\\\/wp-content\\\/uploads\\\/2024\\\/01\\\/mappa_Medio_Oriente.jpeg\",\"keywords\":[\"paesi e continenti\",\"politica internazionale\",\"Siria\",\"Turchia\"],\"articleSection\":[\"Paesi e continenti\",\"Politica internazionale\"],\"inLanguage\":\"it-IT\"},{\"@type\":\"WebPage\",\"@id\":\"https:\\\/\\\/www.rassegnastampa-totustuus.it\\\/cattolica\\\/siria-riprende-il-dialogo\\\/\",\"url\":\"https:\\\/\\\/www.rassegnastampa-totustuus.it\\\/cattolica\\\/siria-riprende-il-dialogo\\\/\",\"name\":\"Siria, riprende il dialogo - Rassegna Stampa Cattolica\",\"isPartOf\":{\"@id\":\"https:\\\/\\\/www.rassegnastampa-totustuus.it\\\/cattolica\\\/#website\"},\"primaryImageOfPage\":{\"@id\":\"https:\\\/\\\/www.rassegnastampa-totustuus.it\\\/cattolica\\\/siria-riprende-il-dialogo\\\/#primaryimage\"},\"image\":{\"@id\":\"https:\\\/\\\/www.rassegnastampa-totustuus.it\\\/cattolica\\\/siria-riprende-il-dialogo\\\/#primaryimage\"},\"thumbnailUrl\":\"https:\\\/\\\/www.rassegnastampa-totustuus.it\\\/cattolica\\\/wp-content\\\/uploads\\\/2024\\\/01\\\/mappa_Medio_Oriente.jpeg\",\"datePublished\":\"2024-01-08T15:20:31+00:00\",\"dateModified\":\"2024-01-08T19:14:45+00:00\",\"description\":\"Siria, riprende il dialogo. Assad non \u00e8 stato rovesciato e la transizione verso un nuovo regime democratico non appare pi\u00f9 possibile.\",\"breadcrumb\":{\"@id\":\"https:\\\/\\\/www.rassegnastampa-totustuus.it\\\/cattolica\\\/siria-riprende-il-dialogo\\\/#breadcrumb\"},\"inLanguage\":\"it-IT\",\"potentialAction\":[{\"@type\":\"ReadAction\",\"target\":[\"https:\\\/\\\/www.rassegnastampa-totustuus.it\\\/cattolica\\\/siria-riprende-il-dialogo\\\/\"]}]},{\"@type\":\"ImageObject\",\"inLanguage\":\"it-IT\",\"@id\":\"https:\\\/\\\/www.rassegnastampa-totustuus.it\\\/cattolica\\\/siria-riprende-il-dialogo\\\/#primaryimage\",\"url\":\"https:\\\/\\\/www.rassegnastampa-totustuus.it\\\/cattolica\\\/wp-content\\\/uploads\\\/2024\\\/01\\\/mappa_Medio_Oriente.jpeg\",\"contentUrl\":\"https:\\\/\\\/www.rassegnastampa-totustuus.it\\\/cattolica\\\/wp-content\\\/uploads\\\/2024\\\/01\\\/mappa_Medio_Oriente.jpeg\",\"width\":268,\"height\":180},{\"@type\":\"BreadcrumbList\",\"@id\":\"https:\\\/\\\/www.rassegnastampa-totustuus.it\\\/cattolica\\\/siria-riprende-il-dialogo\\\/#breadcrumb\",\"itemListElement\":[{\"@type\":\"ListItem\",\"position\":1,\"name\":\"Home\",\"item\":\"https:\\\/\\\/www.rassegnastampa-totustuus.it\\\/cattolica\\\/\"},{\"@type\":\"ListItem\",\"position\":2,\"name\":\"Siria, riprende il dialogo\"}]},{\"@type\":\"WebSite\",\"@id\":\"https:\\\/\\\/www.rassegnastampa-totustuus.it\\\/cattolica\\\/#website\",\"url\":\"https:\\\/\\\/www.rassegnastampa-totustuus.it\\\/cattolica\\\/\",\"name\":\"Rassegna Stampa Cattolica\",\"description\":\"Per una cultura che nasce dalla Rivelazione cristiana in conformit\u00e0 alla tradizione e al Magistero della Chiesa in opposizione ad ogni relativismo e totalitarismo\",\"publisher\":{\"@id\":\"https:\\\/\\\/www.rassegnastampa-totustuus.it\\\/cattolica\\\/#organization\"},\"alternateName\":\"Rass. Cattolica\",\"potentialAction\":[{\"@type\":\"SearchAction\",\"target\":{\"@type\":\"EntryPoint\",\"urlTemplate\":\"https:\\\/\\\/www.rassegnastampa-totustuus.it\\\/cattolica\\\/?s={search_term_string}\"},\"query-input\":{\"@type\":\"PropertyValueSpecification\",\"valueRequired\":true,\"valueName\":\"search_term_string\"}}],\"inLanguage\":\"it-IT\"},{\"@type\":\"Organization\",\"@id\":\"https:\\\/\\\/www.rassegnastampa-totustuus.it\\\/cattolica\\\/#organization\",\"name\":\"Rassegna Stampa Cattolica\",\"url\":\"https:\\\/\\\/www.rassegnastampa-totustuus.it\\\/cattolica\\\/\",\"logo\":{\"@type\":\"ImageObject\",\"inLanguage\":\"it-IT\",\"@id\":\"https:\\\/\\\/www.rassegnastampa-totustuus.it\\\/cattolica\\\/#\\\/schema\\\/logo\\\/image\\\/\",\"url\":\"https:\\\/\\\/www.rassegnastampa-totustuus.it\\\/cattolica\\\/wp-content\\\/uploads\\\/2014\\\/04\\\/logo-rassegna1.gif\",\"contentUrl\":\"https:\\\/\\\/www.rassegnastampa-totustuus.it\\\/cattolica\\\/wp-content\\\/uploads\\\/2014\\\/04\\\/logo-rassegna1.gif\",\"width\":600,\"height\":163,\"caption\":\"Rassegna Stampa Cattolica\"},\"image\":{\"@id\":\"https:\\\/\\\/www.rassegnastampa-totustuus.it\\\/cattolica\\\/#\\\/schema\\\/logo\\\/image\\\/\"},\"sameAs\":[\"https:\\\/\\\/www.facebook.com\\\/rassegnastampacattolica\",\"https:\\\/\\\/x.com\\\/rassegnastampa9\"]},{\"@type\":\"Person\",\"@id\":\"https:\\\/\\\/www.rassegnastampa-totustuus.it\\\/cattolica\\\/#\\\/schema\\\/person\\\/08f319d2bd1a0904ad9e2bfb7b15e5c3\",\"name\":\"Redazione\",\"image\":{\"@type\":\"ImageObject\",\"inLanguage\":\"it-IT\",\"@id\":\"https:\\\/\\\/secure.gravatar.com\\\/avatar\\\/2fcdf27c78ea025fbdb44e914cc63c72249ffec9dc8aafd5c82b26240ef3f346?s=96&d=mm&r=g\",\"url\":\"https:\\\/\\\/secure.gravatar.com\\\/avatar\\\/2fcdf27c78ea025fbdb44e914cc63c72249ffec9dc8aafd5c82b26240ef3f346?s=96&d=mm&r=g\",\"contentUrl\":\"https:\\\/\\\/secure.gravatar.com\\\/avatar\\\/2fcdf27c78ea025fbdb44e914cc63c72249ffec9dc8aafd5c82b26240ef3f346?s=96&d=mm&r=g\",\"caption\":\"Redazione\"},\"url\":\"https:\\\/\\\/www.rassegnastampa-totustuus.it\\\/cattolica\\\/author\\\/pietroelle\\\/\"}]}<\/script>\n<!-- \/ Yoast SEO plugin. -->","yoast_head_json":{"title":"Siria, riprende il dialogo - Rassegna Stampa Cattolica","description":"Siria, riprende il dialogo. Assad non \u00e8 stato rovesciato e la transizione verso un nuovo regime democratico non appare pi\u00f9 possibile.","robots":{"index":"index","follow":"follow","max-snippet":"max-snippet:-1","max-image-preview":"max-image-preview:large","max-video-preview":"max-video-preview:-1"},"canonical":"https:\/\/www.rassegnastampa-totustuus.it\/cattolica\/siria-riprende-il-dialogo\/","og_locale":"it_IT","og_type":"article","og_title":"Siria, riprende il dialogo - Rassegna Stampa Cattolica","og_description":"Siria, riprende il dialogo. Assad non \u00e8 stato rovesciato e la transizione verso un nuovo regime democratico non appare pi\u00f9 possibile.","og_url":"https:\/\/www.rassegnastampa-totustuus.it\/cattolica\/siria-riprende-il-dialogo\/","og_site_name":"Rassegna Stampa Cattolica","article_publisher":"https:\/\/www.facebook.com\/rassegnastampacattolica","article_published_time":"2024-01-08T15:20:31+00:00","article_modified_time":"2024-01-08T19:14:45+00:00","og_image":[{"width":268,"height":180,"url":"https:\/\/www.rassegnastampa-totustuus.it\/cattolica\/wp-content\/uploads\/2024\/01\/mappa_Medio_Oriente.jpeg","type":"image\/jpeg"}],"author":"Redazione","twitter_card":"summary_large_image","twitter_creator":"@rassegnastampa9","twitter_site":"@rassegnastampa9","twitter_misc":{"Scritto da":"Redazione","Tempo di lettura stimato":"10 minuti"},"schema":{"@context":"https:\/\/schema.org","@graph":[{"@type":"Article","@id":"https:\/\/www.rassegnastampa-totustuus.it\/cattolica\/siria-riprende-il-dialogo\/#article","isPartOf":{"@id":"https:\/\/www.rassegnastampa-totustuus.it\/cattolica\/siria-riprende-il-dialogo\/"},"author":{"name":"Redazione","@id":"https:\/\/www.rassegnastampa-totustuus.it\/cattolica\/#\/schema\/person\/08f319d2bd1a0904ad9e2bfb7b15e5c3"},"headline":"Siria, riprende il dialogo","datePublished":"2024-01-08T15:20:31+00:00","dateModified":"2024-01-08T19:14:45+00:00","mainEntityOfPage":{"@id":"https:\/\/www.rassegnastampa-totustuus.it\/cattolica\/siria-riprende-il-dialogo\/"},"wordCount":1440,"publisher":{"@id":"https:\/\/www.rassegnastampa-totustuus.it\/cattolica\/#organization"},"image":{"@id":"https:\/\/www.rassegnastampa-totustuus.it\/cattolica\/siria-riprende-il-dialogo\/#primaryimage"},"thumbnailUrl":"https:\/\/www.rassegnastampa-totustuus.it\/cattolica\/wp-content\/uploads\/2024\/01\/mappa_Medio_Oriente.jpeg","keywords":["paesi e continenti","politica internazionale","Siria","Turchia"],"articleSection":["Paesi e continenti","Politica internazionale"],"inLanguage":"it-IT"},{"@type":"WebPage","@id":"https:\/\/www.rassegnastampa-totustuus.it\/cattolica\/siria-riprende-il-dialogo\/","url":"https:\/\/www.rassegnastampa-totustuus.it\/cattolica\/siria-riprende-il-dialogo\/","name":"Siria, riprende il dialogo - Rassegna Stampa Cattolica","isPartOf":{"@id":"https:\/\/www.rassegnastampa-totustuus.it\/cattolica\/#website"},"primaryImageOfPage":{"@id":"https:\/\/www.rassegnastampa-totustuus.it\/cattolica\/siria-riprende-il-dialogo\/#primaryimage"},"image":{"@id":"https:\/\/www.rassegnastampa-totustuus.it\/cattolica\/siria-riprende-il-dialogo\/#primaryimage"},"thumbnailUrl":"https:\/\/www.rassegnastampa-totustuus.it\/cattolica\/wp-content\/uploads\/2024\/01\/mappa_Medio_Oriente.jpeg","datePublished":"2024-01-08T15:20:31+00:00","dateModified":"2024-01-08T19:14:45+00:00","description":"Siria, riprende il dialogo. Assad non \u00e8 stato rovesciato e la transizione verso un nuovo regime democratico non appare pi\u00f9 possibile.","breadcrumb":{"@id":"https:\/\/www.rassegnastampa-totustuus.it\/cattolica\/siria-riprende-il-dialogo\/#breadcrumb"},"inLanguage":"it-IT","potentialAction":[{"@type":"ReadAction","target":["https:\/\/www.rassegnastampa-totustuus.it\/cattolica\/siria-riprende-il-dialogo\/"]}]},{"@type":"ImageObject","inLanguage":"it-IT","@id":"https:\/\/www.rassegnastampa-totustuus.it\/cattolica\/siria-riprende-il-dialogo\/#primaryimage","url":"https:\/\/www.rassegnastampa-totustuus.it\/cattolica\/wp-content\/uploads\/2024\/01\/mappa_Medio_Oriente.jpeg","contentUrl":"https:\/\/www.rassegnastampa-totustuus.it\/cattolica\/wp-content\/uploads\/2024\/01\/mappa_Medio_Oriente.jpeg","width":268,"height":180},{"@type":"BreadcrumbList","@id":"https:\/\/www.rassegnastampa-totustuus.it\/cattolica\/siria-riprende-il-dialogo\/#breadcrumb","itemListElement":[{"@type":"ListItem","position":1,"name":"Home","item":"https:\/\/www.rassegnastampa-totustuus.it\/cattolica\/"},{"@type":"ListItem","position":2,"name":"Siria, riprende il dialogo"}]},{"@type":"WebSite","@id":"https:\/\/www.rassegnastampa-totustuus.it\/cattolica\/#website","url":"https:\/\/www.rassegnastampa-totustuus.it\/cattolica\/","name":"Rassegna Stampa Cattolica","description":"Per una cultura che nasce dalla Rivelazione cristiana in conformit\u00e0 alla tradizione e al Magistero della Chiesa in opposizione ad ogni relativismo e totalitarismo","publisher":{"@id":"https:\/\/www.rassegnastampa-totustuus.it\/cattolica\/#organization"},"alternateName":"Rass. Cattolica","potentialAction":[{"@type":"SearchAction","target":{"@type":"EntryPoint","urlTemplate":"https:\/\/www.rassegnastampa-totustuus.it\/cattolica\/?s={search_term_string}"},"query-input":{"@type":"PropertyValueSpecification","valueRequired":true,"valueName":"search_term_string"}}],"inLanguage":"it-IT"},{"@type":"Organization","@id":"https:\/\/www.rassegnastampa-totustuus.it\/cattolica\/#organization","name":"Rassegna Stampa Cattolica","url":"https:\/\/www.rassegnastampa-totustuus.it\/cattolica\/","logo":{"@type":"ImageObject","inLanguage":"it-IT","@id":"https:\/\/www.rassegnastampa-totustuus.it\/cattolica\/#\/schema\/logo\/image\/","url":"https:\/\/www.rassegnastampa-totustuus.it\/cattolica\/wp-content\/uploads\/2014\/04\/logo-rassegna1.gif","contentUrl":"https:\/\/www.rassegnastampa-totustuus.it\/cattolica\/wp-content\/uploads\/2014\/04\/logo-rassegna1.gif","width":600,"height":163,"caption":"Rassegna Stampa Cattolica"},"image":{"@id":"https:\/\/www.rassegnastampa-totustuus.it\/cattolica\/#\/schema\/logo\/image\/"},"sameAs":["https:\/\/www.facebook.com\/rassegnastampacattolica","https:\/\/x.com\/rassegnastampa9"]},{"@type":"Person","@id":"https:\/\/www.rassegnastampa-totustuus.it\/cattolica\/#\/schema\/person\/08f319d2bd1a0904ad9e2bfb7b15e5c3","name":"Redazione","image":{"@type":"ImageObject","inLanguage":"it-IT","@id":"https:\/\/secure.gravatar.com\/avatar\/2fcdf27c78ea025fbdb44e914cc63c72249ffec9dc8aafd5c82b26240ef3f346?s=96&d=mm&r=g","url":"https:\/\/secure.gravatar.com\/avatar\/2fcdf27c78ea025fbdb44e914cc63c72249ffec9dc8aafd5c82b26240ef3f346?s=96&d=mm&r=g","contentUrl":"https:\/\/secure.gravatar.com\/avatar\/2fcdf27c78ea025fbdb44e914cc63c72249ffec9dc8aafd5c82b26240ef3f346?s=96&d=mm&r=g","caption":"Redazione"},"url":"https:\/\/www.rassegnastampa-totustuus.it\/cattolica\/author\/pietroelle\/"}]}},"_links":{"self":[{"href":"https:\/\/www.rassegnastampa-totustuus.it\/cattolica\/wp-json\/wp\/v2\/posts\/59014","targetHints":{"allow":["GET"]}}],"collection":[{"href":"https:\/\/www.rassegnastampa-totustuus.it\/cattolica\/wp-json\/wp\/v2\/posts"}],"about":[{"href":"https:\/\/www.rassegnastampa-totustuus.it\/cattolica\/wp-json\/wp\/v2\/types\/post"}],"author":[{"embeddable":true,"href":"https:\/\/www.rassegnastampa-totustuus.it\/cattolica\/wp-json\/wp\/v2\/users\/6"}],"replies":[{"embeddable":true,"href":"https:\/\/www.rassegnastampa-totustuus.it\/cattolica\/wp-json\/wp\/v2\/comments?post=59014"}],"version-history":[{"count":3,"href":"https:\/\/www.rassegnastampa-totustuus.it\/cattolica\/wp-json\/wp\/v2\/posts\/59014\/revisions"}],"predecessor-version":[{"id":59034,"href":"https:\/\/www.rassegnastampa-totustuus.it\/cattolica\/wp-json\/wp\/v2\/posts\/59014\/revisions\/59034"}],"wp:featuredmedia":[{"embeddable":true,"href":"https:\/\/www.rassegnastampa-totustuus.it\/cattolica\/wp-json\/wp\/v2\/media\/58994"}],"wp:attachment":[{"href":"https:\/\/www.rassegnastampa-totustuus.it\/cattolica\/wp-json\/wp\/v2\/media?parent=59014"}],"wp:term":[{"taxonomy":"category","embeddable":true,"href":"https:\/\/www.rassegnastampa-totustuus.it\/cattolica\/wp-json\/wp\/v2\/categories?post=59014"},{"taxonomy":"post_tag","embeddable":true,"href":"https:\/\/www.rassegnastampa-totustuus.it\/cattolica\/wp-json\/wp\/v2\/tags?post=59014"}],"curies":[{"name":"wp","href":"https:\/\/api.w.org\/{rel}","templated":true}]}}