{"id":59002,"date":"2024-01-08T16:03:14","date_gmt":"2024-01-08T15:03:14","guid":{"rendered":"https:\/\/www.rassegnastampa-totustuus.it\/cattolica\/?p=59002"},"modified":"2024-01-08T16:39:45","modified_gmt":"2024-01-08T15:39:45","slug":"accordi-di-abramo-tra-israele-e-arabia-quale-futuro","status":"publish","type":"post","link":"https:\/\/www.rassegnastampa-totustuus.it\/cattolica\/accordi-di-abramo-tra-israele-e-arabia-quale-futuro\/","title":{"rendered":"Accordi di Abramo tra Israele e  Arabia,  quale futuro?"},"content":{"rendered":"<p style=\"text-align: center;\"><strong><a href=\"https:\/\/it.insideover.com\/\" target=\"_blank\" rel=\"noreferrer noopener\"><span style=\"color: #0000ff;\"><img loading=\"lazy\" decoding=\"async\" class=\"size-full wp-image-58994 alignleft\" src=\"https:\/\/www.rassegnastampa-totustuus.it\/cattolica\/wp-content\/uploads\/2024\/01\/mappa_Medio_Oriente.jpeg\" alt=\"\" width=\"268\" height=\"180\" \/>Inside Over<\/span> <\/a><\/strong>\u00a0&#8211; <span style=\"color: #000000;\"><strong>DOSSIER<\/strong> \u2013 Agosto 2023 <\/span><\/p>\n<h3 style=\"text-align: center;\"><span style=\"color: #000000;\"><strong>Il nuovo Medio Oriente <\/strong>\u00a0<\/span><\/h3>\n<p style=\"text-align: justify;\"><span style=\"color: #000000;\"><em>Il Medio Oriente sta cambiando pelle. Dal lungo addio degli Stati Uniti, passando per il nuovo ruolo delle potenze regionali: Arabia Saudita e Iran in testa, tutta l&#8217;area \u00e8 in fermento. Gli accordi di Abramo restano in bilico, e intanto alcuni focolai di tensione non accennano a diminuire. E sullo sfondo compare la Cina e il nuovo ruolo che \u00e8 pronta a ricoprire<\/em><\/span><\/p>\n<p style=\"text-align: center;\"><span style=\"color: #000000;\"> ______________________________________<\/span><\/p>\n<p><!--more--><\/p>\n<p style=\"text-align: center;\"><strong><a href=\"https:\/\/it.insideover.com\/\"><span style=\"color: #0000ff;\">Inside Over<\/span> <\/a><\/strong>\u00a0&#8211; <span style=\"color: #000000;\">dossier \u2013 14 Agosto 2023<\/span><\/p>\n<h3 style=\"text-align: center;\"><span style=\"color: #000000;\"><strong>Il Nuovo Medio Oriente e il futuro degli Accordi di Abramo<\/strong><\/span><\/h3>\n<p><img loading=\"lazy\" decoding=\"async\" class=\"aligncenter wp-image-59003 size-full\" src=\"https:\/\/www.rassegnastampa-totustuus.it\/cattolica\/wp-content\/uploads\/2024\/01\/Accordi_Abramo_Usa_Israele_Arabia.jpeg\" alt=\"Il futuro degli Accordi di Abramo tra Israele e Emirati Arabi\" width=\"275\" height=\"183\" \/><\/p>\n<p style=\"text-align: center;\"><strong><span style=\"color: #000000;\">Fulvio Scaglione<\/span><\/strong><\/p>\n<p style=\"text-align: justify;\"><span style=\"color: #000000;\">Proprio due anni fa, il 13 agosto del 2020, Donald Trump metteva la firma su quello che, alla luce degli eventi, \u00e8 stato l\u2019ultimo grande progetto Usa di politica estera: la normalizzazione delle relazioni tra <strong>Israele<\/strong> e gli Emirati Arabi Uniti e il Bahrein, comunemente detti<\/span> <a href=\"https:\/\/it.insideover.com\/politica\/cosa-prevedono-gli-accordi-di-abramo-firmati-alla-casa-bianca.html\" target=\"_blank\" rel=\"noopener\"><span style=\"color: #0000ff;\">Accordi di Abramo<\/span><\/a>. <span style=\"color: #000000;\">Ad essi, i primi due Paesi del Golfo Persico ad abbracciare uno spirito di riconciliazione tra Paesi arabi e lo Stato ebraico, si erano poi aggiunti Sudan e Marocco. Tutti andavano ad affiancarsi all\u2019Egitto (Accordi di Camp David del 1978) e alla Giordania (trattato del 1994), aprendo cos\u00ec una grande breccia in quello che, per decenni, era stato un fronte compatto anti-israeliano. Tanto pi\u00f9 che anche l\u2019Arabia Saudita sembrava incline a seguire la stessa strada.<\/span><\/p>\n<p style=\"text-align: justify;\"><span style=\"color: #000000;\">Con mille astuzie e prudenze, certo: all\u2019alleato e protettore americano Riad, che insegue il vecchio sogno di diversificare rispetto all\u2019economia petrolifera, chiedeva lo sviluppo di un programma di nucleare civile e lo status di \u201cmajor non Nato ally\u201d, lo stesso di cui godono Israele, Giordania e Qatar; e per pararsi il fianco rispetto alla parte intransigente dell\u2019opinione pubblica araba che flirta con i movimenti islamisti, chiedeva un trattato di pace, o qualcosa che gli somigliasse, tra Israele e i palestinesi.<\/span><\/p>\n<p style=\"text-align: justify;\"><span style=\"color: #000000;\">Una montagna diplomatica da scalare ma intanto si trattava e i contatti si rafforzavano. L\u2019<strong>Arabia Saudita<\/strong> apriva il proprio spazio aereo ai voli da e per Israele (e sul primo, da Tel Aviv a Gedda, viaggi\u00f2 nel luglio 2022 lo stesso Joe Biden), Israele riconosceva la sovranit\u00e0 saudita sulla isola di Tiran e Sanafir nel Mar Rosso, e la comune preoccupazione per l\u2019espansionismo politico (Yemen, Siria, Libano, Iraq) e tecnologico (nucleare) iraniano garantiva che il dialogo non si interrompesse. Ed era chiaro a tutti che l\u2019adesione dei sauditi sarebbe stato il portone spalancato su una completa ristrutturazione politica ed economica del Medio Oriente.<\/span><\/p>\n<h4 style=\"text-align: center;\"><span style=\"color: #000000;\"><strong>Le crepe dopo lo scoppio della guerra in Ucraina<\/strong><\/span><\/h4>\n<p style=\"text-align: justify;\"><span style=\"color: #000000;\"><img loading=\"lazy\" decoding=\"async\" class=\" wp-image-53563 alignleft\" src=\"https:\/\/www.rassegnastampa-totustuus.it\/cattolica\/wp-content\/uploads\/2022\/02\/Russia_Ucraina.jpg\" alt=\"la Guerra russo-ucraina\" width=\"217\" height=\"235\" \/>Poi sono cambiate tante cose. Il Sudan \u00e8 sprofondato nell\u2019ennesima guerra civile. In Israele i primi ministri e i governi si sono avvicendati (gli Accordi di Abramo furono firmati da <strong>Benjamin Netanyahu<\/strong> che, prima di tornare in sella a fine 2022, era stato avvicendato da Naftali Bennet e Yair Lapid), l\u2019inquietudine sociale \u00e8 cresciuta e lo scontro con i palestinesi si \u00e8 inasprito. Ma soprattutto \u00e8 arrivata l\u2019invasione russa dell\u2019Ucraina e la guerra che ne \u00e8 derivata, con il grande rimescolamento internazionale che l\u2019una e l\u2019altra hanno provocato.<\/span><\/p>\n<p style=\"text-align: justify;\"><span style=\"color: #000000;\">Gli scossoni si sono avvertiti fin da subito. Un mese dopo l\u2019avanzata delle truppe russe in territorio ucraino, i ministri degli Esteri di Usa, Egitto, Israele, Marocco, Bahrein ed Emirati Arabi Uniti si ritrovarono in Israele, a Sde Boker, per confermare lo spirito degli Accordi firmati due anni prima. Molti sorrisi, calorose strette di mano ma nessun documento alla fine della riunione. E qualche tensione facilmente percepibile. In primo luogo da parte del Paese che, per i Paesi del Golfo Persico, <strong>aveva fatto da pesce pilota rispetto agli Accordi, ovvero gli Emirati Arabi Uniti. Abdullah<\/strong> bin Zayed al-Nahyan, figlio del fondatore degli Emirati Zayed bin Sultan al-Nahyan e ministro degli Esteri, era stato il firmatario degli Accordi ma anche il diplomatico che nel 2019 aveva accolto Vladimir Putin ad Abu Dhabi con straordinari onori, firmando con lui trattati su energia e tecnologia per un valore di un miliardo di dollari. E infatti a fine febbraio 2022 gli Emirati si erano astenuti su una risoluzione del Consiglio di sicurezza dell\u2019Onu tesa a condannare l\u2019invasione russa dell\u2019Ucraina<\/span>.<\/p>\n<p style=\"text-align: justify;\"><span style=\"color: #000000;\">La mossa aveva provocato le ire degli Usa, che dovettero per\u00f2 fare buon viso a cattivo gioco. Allora e in seguito, visto che Dubai \u00e8 diventato uno degli hub finanziari e commerciali che in questo anno e mezzo di guerra hanno permesso alla Russia di tenere a galla la propria economia. Difficile peraltro analizzare le ragioni della decisione emiratina. Si \u00e8 detto che fosse dettata dalla delusione per un certo disimpegno americano rispetto alle questioni della sicurezza nell\u2019area, con la decisione di Biden di togliere gli <strong>houthi yemeniti<\/strong> dalla lista delle organizzazioni terroristiche, forse una concessione all\u2019<strong>Iran<\/strong> nelle complicate e riservatissime trattative sul tema del nucleare. Fatto sta che gli Emirati non hanno cambiato politica e, anzi, hanno rifiutato di aumentare la produzione di petrolio, come chiedeva lo stesso presidente americano per frenare il rally dei prezzi dell\u2019energia in seguito al distacco europeo dal fornitore Russia<\/span>.<\/p>\n<h4 style=\"text-align: center;\"><span style=\"color: #000000;\"><strong>Il rimescolamento degli equilibri <\/strong><\/span><\/h4>\n<p style=\"text-align: justify;\"><span style=\"color: #000000;\"><img loading=\"lazy\" decoding=\"async\" class=\"alignright wp-image-32629\" src=\"https:\/\/www.rassegnastampa-totustuus.it\/cattolica\/wp-content\/uploads\/2009\/02\/Arabia_Saudita.jpg\" alt=\"Il futuro degli Accordi di Abramo tra Israele e Emirati Arabi\" width=\"307\" height=\"230\" \/>\u00c8 per\u00f2 probabile che anche l\u2019atteggiamento emiratino faccia parte del grande rimescolamento degli equilibrii internazionali che il conflitto tra Russia e Ucraina ha provocato, persino presso i Paesi pi\u00f9 tradizionalmente schierati con l\u2019Occidente. Il Qatar, per esempio, non coinvolto negli Accordi di Abramo ma, come gi\u00e0 detto, iscritto al ristretto novero dei \u201cmajor non Nato ally\u201d. Le autorit\u00e0 qatarine hanno firmato contratti importanti e lucrosi (per esempio con ConocoPhillips per l\u2019esportazione in Germania di 2 milioni di tonnellate di gas naturale liquefatto all\u2019anno in Germania per almeno 15 anni, a partire dal 2026) con i Paesi europei desiderosi di sostituire le forniture energetiche russe ma non si sono nemmeno sognati di dismettere la quota del 19% che detengono nel gigante petrolifero russo Rosneft.<\/span><\/p>\n<p style=\"text-align: justify;\"><span style=\"color: #000000;\">E l\u2019Arabia Saudita, il cui rapporto privilegiato con gli Usa risale alla Seconda guerra mondiale, ha mostrato grande cura nel preservare il rapporto con la Russia, tanto da decidere in sintonia con Mosca un taglio da mezzo milione di barili al giorno alla <strong>produzione di petrolio<\/strong> per tenere il prezzo sopra una certa quota, cosa che il Cremlino avr\u00e0 certo apprezzato. Anche a non voler parlare dei blocchi generati dal Covid, vanno poi tenuti in conto altri sommovimenti che sono il frutto di processi politici di lungo periodo ma che le vicende pi\u00f9 recenti hanno senza dubbio accelerato: per esempio, la riammissione della Siria di <strong>Bashar al-Assad<\/strong> nella Lega Araba o il disgelo tra Arabia Saudita e Iran mediato dalla nuova e ingombrante presenza della Cina.<\/span><\/p>\n<h4 style=\"text-align: center;\"><span style=\"color: #000000;\"><strong>Cosa resta degli Accordi di Abramo<\/strong><\/span><\/h4>\n<p style=\"text-align: justify;\"><span style=\"color: #000000;\">Basta tutto questo a recitare un <em>de profundis<\/em> per gli Accordi di Abramo? La risposta \u00e8 no. Il potenziale \u00e8 intatto. Pi\u00f9 che dissipato \u00e8 da considerarsi \u201ccongelato\u201d in attesa che la pi\u00f9 vasta crisi internazionale cessi di agitare cos\u00ec tanto le acque. Israele aveva molto investito negli Accordi, mobilitandosi senza riserve in una grande offensiva diplomatica verso il mondo arabo sunnita. Nel 2021 il presidente Isaac Herzog aveva visitato, primo tra i capi di Stato israeliani, gli Emirati Arabi Uniti, preceduto dai viaggi del premier <strong>Naftali Bennet<\/strong> ad Abu Dhabi e in Egitto, del ministro degli Esteri Yair Lapid in Bahrein e del ministro della Difesa Benny Gantz in Marocco. Per non parlare dei contatti tra i responsabili dei diversi servizi di sicurezza, di cui sono giunte notizie scarse ma frequenti.<\/span><\/p>\n<p style=\"text-align: justify;\"><span style=\"color: #000000;\"><img loading=\"lazy\" decoding=\"async\" class=\"alignleft wp-image-51696 size-medium\" src=\"https:\/\/www.rassegnastampa-totustuus.it\/cattolica\/wp-content\/uploads\/2021\/06\/Israele_Guerra_sei_giorni-284x300.png\" alt=\"Il futuro degli Accordi di Abramo tra Israele e Emirati Arabi\" width=\"284\" height=\"300\" srcset=\"https:\/\/www.rassegnastampa-totustuus.it\/cattolica\/wp-content\/uploads\/2021\/06\/Israele_Guerra_sei_giorni-284x300.png 284w, https:\/\/www.rassegnastampa-totustuus.it\/cattolica\/wp-content\/uploads\/2021\/06\/Israele_Guerra_sei_giorni.png 416w\" sizes=\"auto, (max-width: 284px) 100vw, 284px\" \/>Nulla di cui stupirsi, perch\u00e9 secondo tutti gli studi il principale beneficiario dell\u2019applicazione, e di un eventuale allargamento, degli Accordi sarebbe proprio lo Stato ebraico.<\/span><span style=\"color: #0000ff;\"> <a style=\"color: #0000ff;\" href=\"https:\/\/www.rand.org\/pubs\/perspectives\/PEA1149-1.html\" target=\"_blank\" rel=\"noopener\">La Rand Corporation ha valutato<\/a><\/span> <span style=\"color: #000000;\">nel 2,3% il potenziale incremento del Pil israeliano in seguito all\u2019applicazione degli Accordi, e un anticipo del futuro raggiungibile si \u00e8 avuto con la crescita esponenziale del volume degli scambi tra Israele ed Emirati Arabi Uniti: dagli 11 milioni di dollari del 2019 ai 93 del 2020 fino ai 309 milioni del 2021, cifre che peraltro,<\/span> <span style=\"color: #0000ff;\"><a style=\"color: #0000ff;\" href=\"https:\/\/tinyurl.com\/yvvd3thb\" target=\"_blank\" rel=\"noopener\">come sottolinea <em>Aspenia<\/em><\/a><\/span>, <span style=\"color: #000000;\">\u201cnon tengono conto dei beni non classificati, come i diamanti, e del settore dei servizi\u201d.\u00a0<\/span><\/p>\n<p style=\"text-align: justify;\"><span style=\"color: #000000;\">Affrancato ormai dalle dipendenze energetiche (dal 2020 lo Stato ebraico \u00e8 esportatore netto di gas) e, anzi, avviato a diventare una piccola potenza del settore, Israele pu\u00f2 guardare agli Accordi di Abramo come a una scommessa \u201cwin win\u201d, forte di un settore tecnologico di avanguardia i cui prodotti fanno gola, sia per quanto riguarda la sicurezza sia per le esigenze del settore civile, alle monarchie del Golfo Persico, di fatto costrette a importare tutto il necessario<\/span>.<\/p>\n<p style=\"text-align: justify;\"><span style=\"color: #000000;\">Nello stesso tempo, gli Emirati e gli altri Paesi dispongono di un patrimonio finanziario che potrebbe, con i suoi investimenti, fare da motore aggiuntivo alla gi\u00e0 superdinamica economia israeliana. Per non parlare dell\u2019effetto positivo complessivo che una rete di Paesi finalmente pacificati potrebbe esercitare sulle economie e sulle societ\u00e0 dell\u2019intera regione, soprattutto se si arrivasse a un patto tra Usa e Iran sul <strong>nucleare<\/strong> e se il disgelo tra Arabia Saudita e Iran dovesse consolidarsi. Il nuovo atteggiamento della Turchia, che ha ripreso le relazioni con Israele e, spinta dalla crisi economica, migliorato quelle con le petromonarchie del Golfo, \u00e8 un esempio eloquente<\/span>.<\/p>\n<p style=\"text-align: justify;\"><span style=\"color: #000000;\">Non resta, quindi, che aspettare e sperare in una nuova distensione internazionale che, in ogni caso, solo con la fine della guerra in Ucraina potrebbe avviarsi. Come gi\u00e0 altre volte nella sua tormentata storia, il Medio Oriente sconta, oltre ai suoi, anche i problemi altrui.<\/span><\/p>\n<p style=\"text-align: center;\"><span style=\"color: #000000;\">____________________________<\/span><\/p>\n<p style=\"text-align: center;\"><span style=\"color: #000000;\"><strong>Indice del DOSSIER<\/strong><\/span><\/p>\n<p><strong>1.<\/strong> <a href=\"https:\/\/www.rassegnastampa-totustuus.it\/cattolica\/la-guerra-in-yemen-ultimi-focolai-di-crisi-in-medio-oriente\/\" target=\"_blank\" rel=\"noopener\"><span style=\"color: #0000ff;\">La guerra in Yemen, il terrorismo: gli ultimi focolai di crisi in Medio Oriente<\/span><\/a><\/p>\n<p><strong><span style=\"color: #000000;\">2.<\/span> <\/strong><a href=\"https:\/\/www.rassegnastampa-totustuus.it\/cattolica\/come-e-cambiata-la-politica-usa-in-medio-oriente\/\" target=\"_blank\" rel=\"noopener\"><span style=\"color: #0000ff;\">Da Saddam all&#8217;ascesa della Cina: com&#8217;\u00e8 cambiata la politica Usa in Medio Oriente<\/span><\/a><\/p>\n<p><strong><span style=\"color: #000000;\">3.<\/span><\/strong> Il nuovo Medio Oriente e il futuro degli Accordi di Abramo<\/p>\n<p><strong>4.<\/strong> <a href=\"https:\/\/www.rassegnastampa-totustuus.it\/cattolica\/siria-riprende-il-dialogo\/\" target=\"_blank\" rel=\"noopener\">Il disgelo siriano: cos\u00ec si \u00e8 riaperto il dialogo con Damasco<\/a><\/p>\n<p><strong>5.<\/strong> La mossa a sorpresa di Xi: perch\u00e9 la Cina <span style=\"color: #0000ff;\">punta<\/span> sul Medio Oriente<\/p>\n","protected":false},"excerpt":{"rendered":"<p>Inside Over \u00a0&#8211; DOSSIER \u2013 Agosto 2023 Il nuovo Medio Oriente \u00a0 Il Medio Oriente sta cambiando pelle. Dal lungo addio degli Stati Uniti, passando per il nuovo ruolo delle potenze regionali: Arabia Saudita e Iran in testa, tutta l&#8217;area \u00e8 in fermento. Gli accordi di Abramo restano in bilico, e intanto alcuni focolai di &hellip; <\/p>\n<p><a class=\"more-link btn\" href=\"https:\/\/www.rassegnastampa-totustuus.it\/cattolica\/accordi-di-abramo-tra-israele-e-arabia-quale-futuro\/\">Continua a leggere<\/a><\/p>\n","protected":false},"author":6,"featured_media":58994,"comment_status":"closed","ping_status":"closed","sticky":false,"template":"","format":"standard","meta":{"footnotes":""},"categories":[108,19],"tags":[1192,2400,545,148,2401],"class_list":["post-59002","post","type-post","status-publish","format-standard","has-post-thumbnail","hentry","category-paesi-e-continenti","category-politica-internazionale","tag-arabia-saudita","tag-israele","tag-paesi-e-continenti-2","tag-politica-internazionale-2","tag-stati-uniti","item-wrap"],"yoast_head":"<!-- This site is optimized with the Yoast SEO plugin v27.5 - https:\/\/yoast.com\/product\/yoast-seo-wordpress\/ -->\n<title>Accordi di Abramo tra Israele e Arabia, quale futuro? - Rassegna Stampa Cattolica<\/title>\n<meta name=\"description\" content=\"Accordi di Abramo tra Israele e Arabia quale futuro per l&#039; ultimo grande progetto Usa di politica estera messo in piedi da Donald Trump\" \/>\n<meta name=\"robots\" content=\"index, follow, max-snippet:-1, max-image-preview:large, max-video-preview:-1\" \/>\n<link rel=\"canonical\" href=\"https:\/\/www.rassegnastampa-totustuus.it\/cattolica\/accordi-di-abramo-tra-israele-e-arabia-quale-futuro\/\" \/>\n<meta property=\"og:locale\" content=\"it_IT\" \/>\n<meta property=\"og:type\" content=\"article\" \/>\n<meta property=\"og:title\" content=\"Accordi di Abramo tra Israele e Arabia, quale futuro? - Rassegna Stampa Cattolica\" \/>\n<meta property=\"og:description\" content=\"Accordi di Abramo tra Israele e Arabia quale futuro per l&#039; ultimo grande progetto Usa di politica estera messo in piedi da Donald Trump\" \/>\n<meta property=\"og:url\" content=\"https:\/\/www.rassegnastampa-totustuus.it\/cattolica\/accordi-di-abramo-tra-israele-e-arabia-quale-futuro\/\" \/>\n<meta property=\"og:site_name\" content=\"Rassegna Stampa Cattolica\" \/>\n<meta property=\"article:publisher\" content=\"https:\/\/www.facebook.com\/rassegnastampacattolica\" \/>\n<meta property=\"article:published_time\" content=\"2024-01-08T15:03:14+00:00\" \/>\n<meta property=\"article:modified_time\" content=\"2024-01-08T15:39:45+00:00\" \/>\n<meta property=\"og:image\" content=\"https:\/\/www.rassegnastampa-totustuus.it\/cattolica\/wp-content\/uploads\/2024\/01\/mappa_Medio_Oriente.jpeg\" \/>\n\t<meta property=\"og:image:width\" content=\"268\" \/>\n\t<meta property=\"og:image:height\" content=\"180\" \/>\n\t<meta property=\"og:image:type\" content=\"image\/jpeg\" \/>\n<meta name=\"author\" content=\"Redazione\" \/>\n<meta name=\"twitter:card\" content=\"summary_large_image\" \/>\n<meta name=\"twitter:creator\" content=\"@rassegnastampa9\" \/>\n<meta name=\"twitter:site\" content=\"@rassegnastampa9\" \/>\n<meta name=\"twitter:label1\" content=\"Scritto da\" \/>\n\t<meta name=\"twitter:data1\" content=\"Redazione\" \/>\n\t<meta name=\"twitter:label2\" content=\"Tempo di lettura stimato\" \/>\n\t<meta name=\"twitter:data2\" content=\"10 minuti\" \/>\n<script type=\"application\/ld+json\" class=\"yoast-schema-graph\">{\"@context\":\"https:\\\/\\\/schema.org\",\"@graph\":[{\"@type\":\"Article\",\"@id\":\"https:\\\/\\\/www.rassegnastampa-totustuus.it\\\/cattolica\\\/accordi-di-abramo-tra-israele-e-arabia-quale-futuro\\\/#article\",\"isPartOf\":{\"@id\":\"https:\\\/\\\/www.rassegnastampa-totustuus.it\\\/cattolica\\\/accordi-di-abramo-tra-israele-e-arabia-quale-futuro\\\/\"},\"author\":{\"name\":\"Redazione\",\"@id\":\"https:\\\/\\\/www.rassegnastampa-totustuus.it\\\/cattolica\\\/#\\\/schema\\\/person\\\/08f319d2bd1a0904ad9e2bfb7b15e5c3\"},\"headline\":\"Accordi di Abramo tra Israele e Arabia, quale futuro?\",\"datePublished\":\"2024-01-08T15:03:14+00:00\",\"dateModified\":\"2024-01-08T15:39:45+00:00\",\"mainEntityOfPage\":{\"@id\":\"https:\\\/\\\/www.rassegnastampa-totustuus.it\\\/cattolica\\\/accordi-di-abramo-tra-israele-e-arabia-quale-futuro\\\/\"},\"wordCount\":1602,\"publisher\":{\"@id\":\"https:\\\/\\\/www.rassegnastampa-totustuus.it\\\/cattolica\\\/#organization\"},\"image\":{\"@id\":\"https:\\\/\\\/www.rassegnastampa-totustuus.it\\\/cattolica\\\/accordi-di-abramo-tra-israele-e-arabia-quale-futuro\\\/#primaryimage\"},\"thumbnailUrl\":\"https:\\\/\\\/www.rassegnastampa-totustuus.it\\\/cattolica\\\/wp-content\\\/uploads\\\/2024\\\/01\\\/mappa_Medio_Oriente.jpeg\",\"keywords\":[\"Arabia Saudita\",\"Israele\",\"paesi e continenti\",\"politica internazionale\",\"Stati Uniti\"],\"articleSection\":[\"Paesi e continenti\",\"Politica internazionale\"],\"inLanguage\":\"it-IT\"},{\"@type\":\"WebPage\",\"@id\":\"https:\\\/\\\/www.rassegnastampa-totustuus.it\\\/cattolica\\\/accordi-di-abramo-tra-israele-e-arabia-quale-futuro\\\/\",\"url\":\"https:\\\/\\\/www.rassegnastampa-totustuus.it\\\/cattolica\\\/accordi-di-abramo-tra-israele-e-arabia-quale-futuro\\\/\",\"name\":\"Accordi di Abramo tra Israele e Arabia, quale futuro? - Rassegna Stampa Cattolica\",\"isPartOf\":{\"@id\":\"https:\\\/\\\/www.rassegnastampa-totustuus.it\\\/cattolica\\\/#website\"},\"primaryImageOfPage\":{\"@id\":\"https:\\\/\\\/www.rassegnastampa-totustuus.it\\\/cattolica\\\/accordi-di-abramo-tra-israele-e-arabia-quale-futuro\\\/#primaryimage\"},\"image\":{\"@id\":\"https:\\\/\\\/www.rassegnastampa-totustuus.it\\\/cattolica\\\/accordi-di-abramo-tra-israele-e-arabia-quale-futuro\\\/#primaryimage\"},\"thumbnailUrl\":\"https:\\\/\\\/www.rassegnastampa-totustuus.it\\\/cattolica\\\/wp-content\\\/uploads\\\/2024\\\/01\\\/mappa_Medio_Oriente.jpeg\",\"datePublished\":\"2024-01-08T15:03:14+00:00\",\"dateModified\":\"2024-01-08T15:39:45+00:00\",\"description\":\"Accordi di Abramo tra Israele e Arabia quale futuro per l' ultimo grande progetto Usa di politica estera messo in piedi da Donald Trump\",\"breadcrumb\":{\"@id\":\"https:\\\/\\\/www.rassegnastampa-totustuus.it\\\/cattolica\\\/accordi-di-abramo-tra-israele-e-arabia-quale-futuro\\\/#breadcrumb\"},\"inLanguage\":\"it-IT\",\"potentialAction\":[{\"@type\":\"ReadAction\",\"target\":[\"https:\\\/\\\/www.rassegnastampa-totustuus.it\\\/cattolica\\\/accordi-di-abramo-tra-israele-e-arabia-quale-futuro\\\/\"]}]},{\"@type\":\"ImageObject\",\"inLanguage\":\"it-IT\",\"@id\":\"https:\\\/\\\/www.rassegnastampa-totustuus.it\\\/cattolica\\\/accordi-di-abramo-tra-israele-e-arabia-quale-futuro\\\/#primaryimage\",\"url\":\"https:\\\/\\\/www.rassegnastampa-totustuus.it\\\/cattolica\\\/wp-content\\\/uploads\\\/2024\\\/01\\\/mappa_Medio_Oriente.jpeg\",\"contentUrl\":\"https:\\\/\\\/www.rassegnastampa-totustuus.it\\\/cattolica\\\/wp-content\\\/uploads\\\/2024\\\/01\\\/mappa_Medio_Oriente.jpeg\",\"width\":268,\"height\":180},{\"@type\":\"BreadcrumbList\",\"@id\":\"https:\\\/\\\/www.rassegnastampa-totustuus.it\\\/cattolica\\\/accordi-di-abramo-tra-israele-e-arabia-quale-futuro\\\/#breadcrumb\",\"itemListElement\":[{\"@type\":\"ListItem\",\"position\":1,\"name\":\"Home\",\"item\":\"https:\\\/\\\/www.rassegnastampa-totustuus.it\\\/cattolica\\\/\"},{\"@type\":\"ListItem\",\"position\":2,\"name\":\"Accordi di Abramo tra Israele e Arabia, quale futuro?\"}]},{\"@type\":\"WebSite\",\"@id\":\"https:\\\/\\\/www.rassegnastampa-totustuus.it\\\/cattolica\\\/#website\",\"url\":\"https:\\\/\\\/www.rassegnastampa-totustuus.it\\\/cattolica\\\/\",\"name\":\"Rassegna Stampa Cattolica\",\"description\":\"Per una cultura che nasce dalla Rivelazione cristiana in conformit\u00e0 alla tradizione e al Magistero della Chiesa in opposizione ad ogni relativismo e totalitarismo\",\"publisher\":{\"@id\":\"https:\\\/\\\/www.rassegnastampa-totustuus.it\\\/cattolica\\\/#organization\"},\"alternateName\":\"Rass. Cattolica\",\"potentialAction\":[{\"@type\":\"SearchAction\",\"target\":{\"@type\":\"EntryPoint\",\"urlTemplate\":\"https:\\\/\\\/www.rassegnastampa-totustuus.it\\\/cattolica\\\/?s={search_term_string}\"},\"query-input\":{\"@type\":\"PropertyValueSpecification\",\"valueRequired\":true,\"valueName\":\"search_term_string\"}}],\"inLanguage\":\"it-IT\"},{\"@type\":\"Organization\",\"@id\":\"https:\\\/\\\/www.rassegnastampa-totustuus.it\\\/cattolica\\\/#organization\",\"name\":\"Rassegna Stampa Cattolica\",\"url\":\"https:\\\/\\\/www.rassegnastampa-totustuus.it\\\/cattolica\\\/\",\"logo\":{\"@type\":\"ImageObject\",\"inLanguage\":\"it-IT\",\"@id\":\"https:\\\/\\\/www.rassegnastampa-totustuus.it\\\/cattolica\\\/#\\\/schema\\\/logo\\\/image\\\/\",\"url\":\"https:\\\/\\\/www.rassegnastampa-totustuus.it\\\/cattolica\\\/wp-content\\\/uploads\\\/2014\\\/04\\\/logo-rassegna1.gif\",\"contentUrl\":\"https:\\\/\\\/www.rassegnastampa-totustuus.it\\\/cattolica\\\/wp-content\\\/uploads\\\/2014\\\/04\\\/logo-rassegna1.gif\",\"width\":600,\"height\":163,\"caption\":\"Rassegna Stampa Cattolica\"},\"image\":{\"@id\":\"https:\\\/\\\/www.rassegnastampa-totustuus.it\\\/cattolica\\\/#\\\/schema\\\/logo\\\/image\\\/\"},\"sameAs\":[\"https:\\\/\\\/www.facebook.com\\\/rassegnastampacattolica\",\"https:\\\/\\\/x.com\\\/rassegnastampa9\"]},{\"@type\":\"Person\",\"@id\":\"https:\\\/\\\/www.rassegnastampa-totustuus.it\\\/cattolica\\\/#\\\/schema\\\/person\\\/08f319d2bd1a0904ad9e2bfb7b15e5c3\",\"name\":\"Redazione\",\"image\":{\"@type\":\"ImageObject\",\"inLanguage\":\"it-IT\",\"@id\":\"https:\\\/\\\/secure.gravatar.com\\\/avatar\\\/2fcdf27c78ea025fbdb44e914cc63c72249ffec9dc8aafd5c82b26240ef3f346?s=96&d=mm&r=g\",\"url\":\"https:\\\/\\\/secure.gravatar.com\\\/avatar\\\/2fcdf27c78ea025fbdb44e914cc63c72249ffec9dc8aafd5c82b26240ef3f346?s=96&d=mm&r=g\",\"contentUrl\":\"https:\\\/\\\/secure.gravatar.com\\\/avatar\\\/2fcdf27c78ea025fbdb44e914cc63c72249ffec9dc8aafd5c82b26240ef3f346?s=96&d=mm&r=g\",\"caption\":\"Redazione\"},\"url\":\"https:\\\/\\\/www.rassegnastampa-totustuus.it\\\/cattolica\\\/author\\\/pietroelle\\\/\"}]}<\/script>\n<!-- \/ Yoast SEO plugin. -->","yoast_head_json":{"title":"Accordi di Abramo tra Israele e Arabia, quale futuro? - Rassegna Stampa Cattolica","description":"Accordi di Abramo tra Israele e Arabia quale futuro per l' ultimo grande progetto Usa di politica estera messo in piedi da Donald Trump","robots":{"index":"index","follow":"follow","max-snippet":"max-snippet:-1","max-image-preview":"max-image-preview:large","max-video-preview":"max-video-preview:-1"},"canonical":"https:\/\/www.rassegnastampa-totustuus.it\/cattolica\/accordi-di-abramo-tra-israele-e-arabia-quale-futuro\/","og_locale":"it_IT","og_type":"article","og_title":"Accordi di Abramo tra Israele e Arabia, quale futuro? - Rassegna Stampa Cattolica","og_description":"Accordi di Abramo tra Israele e Arabia quale futuro per l' ultimo grande progetto Usa di politica estera messo in piedi da Donald Trump","og_url":"https:\/\/www.rassegnastampa-totustuus.it\/cattolica\/accordi-di-abramo-tra-israele-e-arabia-quale-futuro\/","og_site_name":"Rassegna Stampa Cattolica","article_publisher":"https:\/\/www.facebook.com\/rassegnastampacattolica","article_published_time":"2024-01-08T15:03:14+00:00","article_modified_time":"2024-01-08T15:39:45+00:00","og_image":[{"width":268,"height":180,"url":"https:\/\/www.rassegnastampa-totustuus.it\/cattolica\/wp-content\/uploads\/2024\/01\/mappa_Medio_Oriente.jpeg","type":"image\/jpeg"}],"author":"Redazione","twitter_card":"summary_large_image","twitter_creator":"@rassegnastampa9","twitter_site":"@rassegnastampa9","twitter_misc":{"Scritto da":"Redazione","Tempo di lettura stimato":"10 minuti"},"schema":{"@context":"https:\/\/schema.org","@graph":[{"@type":"Article","@id":"https:\/\/www.rassegnastampa-totustuus.it\/cattolica\/accordi-di-abramo-tra-israele-e-arabia-quale-futuro\/#article","isPartOf":{"@id":"https:\/\/www.rassegnastampa-totustuus.it\/cattolica\/accordi-di-abramo-tra-israele-e-arabia-quale-futuro\/"},"author":{"name":"Redazione","@id":"https:\/\/www.rassegnastampa-totustuus.it\/cattolica\/#\/schema\/person\/08f319d2bd1a0904ad9e2bfb7b15e5c3"},"headline":"Accordi di Abramo tra Israele e Arabia, quale futuro?","datePublished":"2024-01-08T15:03:14+00:00","dateModified":"2024-01-08T15:39:45+00:00","mainEntityOfPage":{"@id":"https:\/\/www.rassegnastampa-totustuus.it\/cattolica\/accordi-di-abramo-tra-israele-e-arabia-quale-futuro\/"},"wordCount":1602,"publisher":{"@id":"https:\/\/www.rassegnastampa-totustuus.it\/cattolica\/#organization"},"image":{"@id":"https:\/\/www.rassegnastampa-totustuus.it\/cattolica\/accordi-di-abramo-tra-israele-e-arabia-quale-futuro\/#primaryimage"},"thumbnailUrl":"https:\/\/www.rassegnastampa-totustuus.it\/cattolica\/wp-content\/uploads\/2024\/01\/mappa_Medio_Oriente.jpeg","keywords":["Arabia Saudita","Israele","paesi e continenti","politica internazionale","Stati Uniti"],"articleSection":["Paesi e continenti","Politica internazionale"],"inLanguage":"it-IT"},{"@type":"WebPage","@id":"https:\/\/www.rassegnastampa-totustuus.it\/cattolica\/accordi-di-abramo-tra-israele-e-arabia-quale-futuro\/","url":"https:\/\/www.rassegnastampa-totustuus.it\/cattolica\/accordi-di-abramo-tra-israele-e-arabia-quale-futuro\/","name":"Accordi di Abramo tra Israele e Arabia, quale futuro? - Rassegna Stampa Cattolica","isPartOf":{"@id":"https:\/\/www.rassegnastampa-totustuus.it\/cattolica\/#website"},"primaryImageOfPage":{"@id":"https:\/\/www.rassegnastampa-totustuus.it\/cattolica\/accordi-di-abramo-tra-israele-e-arabia-quale-futuro\/#primaryimage"},"image":{"@id":"https:\/\/www.rassegnastampa-totustuus.it\/cattolica\/accordi-di-abramo-tra-israele-e-arabia-quale-futuro\/#primaryimage"},"thumbnailUrl":"https:\/\/www.rassegnastampa-totustuus.it\/cattolica\/wp-content\/uploads\/2024\/01\/mappa_Medio_Oriente.jpeg","datePublished":"2024-01-08T15:03:14+00:00","dateModified":"2024-01-08T15:39:45+00:00","description":"Accordi di Abramo tra Israele e Arabia quale futuro per l' ultimo grande progetto Usa di politica estera messo in piedi da Donald Trump","breadcrumb":{"@id":"https:\/\/www.rassegnastampa-totustuus.it\/cattolica\/accordi-di-abramo-tra-israele-e-arabia-quale-futuro\/#breadcrumb"},"inLanguage":"it-IT","potentialAction":[{"@type":"ReadAction","target":["https:\/\/www.rassegnastampa-totustuus.it\/cattolica\/accordi-di-abramo-tra-israele-e-arabia-quale-futuro\/"]}]},{"@type":"ImageObject","inLanguage":"it-IT","@id":"https:\/\/www.rassegnastampa-totustuus.it\/cattolica\/accordi-di-abramo-tra-israele-e-arabia-quale-futuro\/#primaryimage","url":"https:\/\/www.rassegnastampa-totustuus.it\/cattolica\/wp-content\/uploads\/2024\/01\/mappa_Medio_Oriente.jpeg","contentUrl":"https:\/\/www.rassegnastampa-totustuus.it\/cattolica\/wp-content\/uploads\/2024\/01\/mappa_Medio_Oriente.jpeg","width":268,"height":180},{"@type":"BreadcrumbList","@id":"https:\/\/www.rassegnastampa-totustuus.it\/cattolica\/accordi-di-abramo-tra-israele-e-arabia-quale-futuro\/#breadcrumb","itemListElement":[{"@type":"ListItem","position":1,"name":"Home","item":"https:\/\/www.rassegnastampa-totustuus.it\/cattolica\/"},{"@type":"ListItem","position":2,"name":"Accordi di Abramo tra Israele e Arabia, quale futuro?"}]},{"@type":"WebSite","@id":"https:\/\/www.rassegnastampa-totustuus.it\/cattolica\/#website","url":"https:\/\/www.rassegnastampa-totustuus.it\/cattolica\/","name":"Rassegna Stampa Cattolica","description":"Per una cultura che nasce dalla Rivelazione cristiana in conformit\u00e0 alla tradizione e al Magistero della Chiesa in opposizione ad ogni relativismo e totalitarismo","publisher":{"@id":"https:\/\/www.rassegnastampa-totustuus.it\/cattolica\/#organization"},"alternateName":"Rass. Cattolica","potentialAction":[{"@type":"SearchAction","target":{"@type":"EntryPoint","urlTemplate":"https:\/\/www.rassegnastampa-totustuus.it\/cattolica\/?s={search_term_string}"},"query-input":{"@type":"PropertyValueSpecification","valueRequired":true,"valueName":"search_term_string"}}],"inLanguage":"it-IT"},{"@type":"Organization","@id":"https:\/\/www.rassegnastampa-totustuus.it\/cattolica\/#organization","name":"Rassegna Stampa Cattolica","url":"https:\/\/www.rassegnastampa-totustuus.it\/cattolica\/","logo":{"@type":"ImageObject","inLanguage":"it-IT","@id":"https:\/\/www.rassegnastampa-totustuus.it\/cattolica\/#\/schema\/logo\/image\/","url":"https:\/\/www.rassegnastampa-totustuus.it\/cattolica\/wp-content\/uploads\/2014\/04\/logo-rassegna1.gif","contentUrl":"https:\/\/www.rassegnastampa-totustuus.it\/cattolica\/wp-content\/uploads\/2014\/04\/logo-rassegna1.gif","width":600,"height":163,"caption":"Rassegna Stampa Cattolica"},"image":{"@id":"https:\/\/www.rassegnastampa-totustuus.it\/cattolica\/#\/schema\/logo\/image\/"},"sameAs":["https:\/\/www.facebook.com\/rassegnastampacattolica","https:\/\/x.com\/rassegnastampa9"]},{"@type":"Person","@id":"https:\/\/www.rassegnastampa-totustuus.it\/cattolica\/#\/schema\/person\/08f319d2bd1a0904ad9e2bfb7b15e5c3","name":"Redazione","image":{"@type":"ImageObject","inLanguage":"it-IT","@id":"https:\/\/secure.gravatar.com\/avatar\/2fcdf27c78ea025fbdb44e914cc63c72249ffec9dc8aafd5c82b26240ef3f346?s=96&d=mm&r=g","url":"https:\/\/secure.gravatar.com\/avatar\/2fcdf27c78ea025fbdb44e914cc63c72249ffec9dc8aafd5c82b26240ef3f346?s=96&d=mm&r=g","contentUrl":"https:\/\/secure.gravatar.com\/avatar\/2fcdf27c78ea025fbdb44e914cc63c72249ffec9dc8aafd5c82b26240ef3f346?s=96&d=mm&r=g","caption":"Redazione"},"url":"https:\/\/www.rassegnastampa-totustuus.it\/cattolica\/author\/pietroelle\/"}]}},"_links":{"self":[{"href":"https:\/\/www.rassegnastampa-totustuus.it\/cattolica\/wp-json\/wp\/v2\/posts\/59002","targetHints":{"allow":["GET"]}}],"collection":[{"href":"https:\/\/www.rassegnastampa-totustuus.it\/cattolica\/wp-json\/wp\/v2\/posts"}],"about":[{"href":"https:\/\/www.rassegnastampa-totustuus.it\/cattolica\/wp-json\/wp\/v2\/types\/post"}],"author":[{"embeddable":true,"href":"https:\/\/www.rassegnastampa-totustuus.it\/cattolica\/wp-json\/wp\/v2\/users\/6"}],"replies":[{"embeddable":true,"href":"https:\/\/www.rassegnastampa-totustuus.it\/cattolica\/wp-json\/wp\/v2\/comments?post=59002"}],"version-history":[{"count":4,"href":"https:\/\/www.rassegnastampa-totustuus.it\/cattolica\/wp-json\/wp\/v2\/posts\/59002\/revisions"}],"predecessor-version":[{"id":59019,"href":"https:\/\/www.rassegnastampa-totustuus.it\/cattolica\/wp-json\/wp\/v2\/posts\/59002\/revisions\/59019"}],"wp:featuredmedia":[{"embeddable":true,"href":"https:\/\/www.rassegnastampa-totustuus.it\/cattolica\/wp-json\/wp\/v2\/media\/58994"}],"wp:attachment":[{"href":"https:\/\/www.rassegnastampa-totustuus.it\/cattolica\/wp-json\/wp\/v2\/media?parent=59002"}],"wp:term":[{"taxonomy":"category","embeddable":true,"href":"https:\/\/www.rassegnastampa-totustuus.it\/cattolica\/wp-json\/wp\/v2\/categories?post=59002"},{"taxonomy":"post_tag","embeddable":true,"href":"https:\/\/www.rassegnastampa-totustuus.it\/cattolica\/wp-json\/wp\/v2\/tags?post=59002"}],"curies":[{"name":"wp","href":"https:\/\/api.w.org\/{rel}","templated":true}]}}