{"id":58975,"date":"2024-01-11T00:00:00","date_gmt":"2024-01-10T23:00:00","guid":{"rendered":"https:\/\/www.rassegnastampa-totustuus.it\/cattolica\/?p=58975"},"modified":"2024-01-08T12:48:02","modified_gmt":"2024-01-08T11:48:02","slug":"il-nuovo-ruolo-della-chiesa-nella-societa","status":"publish","type":"post","link":"https:\/\/www.rassegnastampa-totustuus.it\/cattolica\/il-nuovo-ruolo-della-chiesa-nella-societa\/","title":{"rendered":"Il nuovo ruolo della Chiesa nella societ\u00e0"},"content":{"rendered":"<p style=\"text-align: center;\"><span style=\"color: #000000;\"><span style=\"color: #0000ff;\"><a style=\"color: #0000ff;\" href=\"https:\/\/www.edizioniares.it\/studi-cattolici\/\" target=\"_blank\" rel=\"noopener\"><img loading=\"lazy\" decoding=\"async\" class=\"size-full wp-image-43069 alignleft\" src=\"https:\/\/www.rassegnastampa-totustuus.it\/cattolica\/wp-content\/uploads\/2019\/05\/cattolici_politica.png\" alt=\"\" width=\"208\" height=\"243\" \/><strong>Studi Cattolici <\/strong><\/a><\/span>n. 753 novembre 2023<\/span><\/p>\n<p style=\"text-align: center;\"><em>C<span style=\"color: #000000;\">olloquio con don Gian Maria Comoll<\/span>i\u00a0 <\/em><\/p>\n<p style=\"text-align: center;\"><strong>Giuseppe Brienza\u00a0<\/strong><\/p>\n<p style=\"text-align: justify;\"><span style=\"color: #000000;\">Nel suo intervento alla terza edizione degli <em>Stati Generali della natalit\u00e0<\/em>, che si sono tenuti a Roma l\u201911 e 12 maggio 2023, Papa Francesco ha ricordato l\u2019importanza dell\u2019impegno politico dei cattolici soprattutto durante i periodi di crisi come quello che stiamo attraversando. \u00ab<em>Dalla crisi <\/em>&#8211; ha detto il Santo Padre dal palco dell\u2019<em>Auditorium della Conciliazione<\/em> &#8211; <em>non si esce da soli, o usciamo tutti o non usciamo; e dalla crisi non si esce uguali: usciremo migliori o peggiori. Ricordiamo questo. Questa \u00e8 la crisi di oggi. Difficolt\u00e0 a trovare un lavoro stabile, difficolt\u00e0 a mantenerlo, case dal costo proibitivo, affitti alle stelle e salari insufficienti, sono problemi reali. Sono problemi che interpellano la politica, perch\u00e9 \u00e8 sotto gli occhi di tutti che il mercato libero, senza gli indispensabili correttivi, diventa selvaggio e produce situazioni e disuguaglianze sempre pi\u00f9 gravi<\/em>\u00bb.<\/span><\/p>\n<p><!--more--><\/p>\n<p style=\"text-align: justify;\"><span style=\"color: #000000;\">Per spiegare e commentare queste realt\u00e0 della vita di ciascuno di noi e le posizioni che emergono nel dibattito pubblico viste alla luce del diritto naturale e della Dottrina sociale della Chiesa abbiamo intervistato un esperto, don Gian Maria Comolli. Sacerdote dal 1986, da quasi trent\u2019anni cappellano ospedaliero, giornalista pubblicista e gestore del <em>blog<\/em> \u201cL\u2019uomo pensante\u201d (<\/span><a href=\"http:\/\/www.gianmariacomolli.it\" target=\"_blank\" rel=\"noopener\"><span style=\"color: #0000ff;\">www.gianmariacomolli.it<\/span><\/a>). <span style=\"color: #000000;\">Accreditato relatore a livello nazionale questo sacerdote ambrosiano ha pubblicato vari saggi, l\u2019ultimo dei quali s\u2019intitola <em>La dottrina sociale della Chiesa. Un progetto per una societ\u00e0 \u201calternativa\u201d<\/em>, pubblicato dalle <em>Edizioni Cantagalli<\/em> di Siena nell\u2019aprile 2023.<\/span><\/p>\n<h4 style=\"text-align: justify;\"><span style=\"color: #000000;\"><strong>Anzitutto ci potrebbe chiarire qual \u00e8 il significato dei tre principali concetti che sono alla base della DSC: quello di <em>solidariet\u00e0<\/em>, di <em>sussidiariet\u00e0 <\/em>e di <em>partecipazione<\/em>?<\/strong><\/span><\/h4>\n<p style=\"text-align: justify;\"><span style=\"color: #000000;\"><img loading=\"lazy\" decoding=\"async\" class=\" wp-image-33637 alignright\" src=\"https:\/\/www.rassegnastampa-totustuus.it\/cattolica\/wp-content\/uploads\/2005\/05\/sussidiariet\u00e0.jpg\" alt=\"\" width=\"332\" height=\"249\" \/>Rispondo con quanto affermato da Giovanni Paolo II nell\u2019Enciclica <em>Sollecitudo Rei Socialis<\/em>: \u00ab<em>La solidariet\u00e0 non \u00e8 un sentimento di vaga compassione o di superficiale intenerimento per i mali di tante persone, vicine o lontane. Al contrario, \u00e8 la determinazione ferma e perseverante di impegnarsi per il bene comune: ossia per il bene di tutti e di ciascuno perch\u00e9 tutti siamo veramente responsabili di tutti<\/em>\u00bb (n. 38). Dunque, il principio di solidariet\u00e0, evidenzia un\u2019ovviet\u00e0 che frequentemente fatichiamo a riconoscere. Ogni uomo \u00e8 strutturalmente vincolato agli altri e nessuno pu\u00f2 vivere e realizzarsi senza la reciproca collaborazione. Di conseguenza, ognuno \u00e8 responsabile dei singoli e della comunit\u00e0, che deve prendersi cura di ogni membro operando per la sua realizzazione con un\u2019attenzione particolare ai pi\u00f9 fragili e ai pi\u00f9 vulnerabili. Pertanto, solidariet\u00e0, \u00e8 assumersi totalmente la preoccupazione per lo sviluppo di tutti, non unicamente donando cose o tempo, ma favorendo il loro potenziamento umano e culturale e la loro felicit\u00e0. Il vocabolo \u201csussidiariet\u00e0\u201d deriva invece dal termine latino \u201csubsidium\u201d che significa: soccorso, promozione, sviluppo\u2026\u00a0<\/span><\/p>\n<p style=\"text-align: justify;\"><span style=\"color: #000000;\">Dunque, la sussidiariet\u00e0, dovrebbe essere l\u2019intervento \u201ccompensativo\u201d e \u201causiliare\u201d che lo Stato promuovere a favore dei singoli e dei gruppi supportandoli nel loro sviluppo, memori per\u00f2 che una nazione che massifica, che si propone da \u201cGrande Fratello\u201d orwelliano, che svaluta e deprezza le singolarit\u00e0 gestendo ogni servizio, dall\u2019istruzione alla sanit\u00e0, che priva di responsabilit\u00e0 le famiglie\u2026 non solo ferisce e mortifica i cittadini ma causa colossali disservizi dovuti a uno statalismo incontrollabile, a inflessibili amministrazioni e impersonali burocrazie. Mentre la trasparente concorrenza tra Stato, mercato e societ\u00e0 civile o, meglio, una <em>partnership<\/em> tra questi soggetti in condizioni paritetiche (sussidiariet\u00e0 circolare), offre prestazioni pi\u00f9 efficienti, a un costo minore e con notevole soddisfazione della popolazione. Importantissima, infine, \u00e8 anche la partecipazione attiva e dinamica della popolazione alla vita societaria. Questa potr\u00e0 realizzarsi unicamente se i rappresentanti dello Stato e delle autorit\u00e0 locali, eletti dai cittadini, si presenteranno moralmente inattaccabili oltre che credibili e attendibili, assicurando efficienti modelli organizzativi e salvaguardando i singoli.<\/span><\/p>\n<h4 style=\"text-align: justify;\"><span style=\"color: #000000;\"><strong>Spesso quando ci si occupa di principi morali violati o da affermare nella societ\u00e0 o nella legislazione dello Stato o di certe Organizzazioni internazionali sentiamo accuse alla Chiesa o al Papa di \u201cinterferire\u201d nella politica. Sono accuse fondate secondo lei? <\/strong><\/span><\/h4>\n<p style=\"text-align: justify;\"><span style=\"color: #000000;\">Per alcuni, come lei riporta, la Chiesa dovrebbe limitare il proprio ambito di azione all\u2019orizzonte spirituale poich\u00e9, secondo loro, Ges\u00f9 Cristo non si \u00e8 lasciato coinvolgere in prospettive o interpretazioni politiche, sia nella sua persona sia nella sua azione. Ci\u00f2 \u00e8 vero solo in parte, vale a dire se interpretiamo il termine \u201cpolitica\u201d nell\u2019accezione restrittiva di fenomeno partitico-governativo. Non \u00e8 cos\u00ec se la rapportiamo al termine greco <em>polis<\/em> che indica la \u201ccitt\u00e0\u201d e, di conseguenza, il suo rapporto con l\u2019uomo che l\u2019abita, fondato sul modello civico, prevalentemente ateniese, che includeva una comunanza d\u2019intenti politici, economici, sociali e culturali. <\/span><\/p>\n<h4 style=\"text-align: justify;\"><span style=\"color: #000000;\"><strong>Papa Francesco nel suo discorso ai partecipanti alla terza edizione degli <em>Stati Generali della natalit\u00e0<\/em> ha ribadito che occorrono oggi in Italia \u00ab<em>politiche lungimiranti. Occorre predisporre un terreno fertile per far fiorire una <\/em>nuova primavera<em> e lasciarci alle spalle questo <\/em>inverno demografico\u00bb. Il Papa dicendo ci\u00f2 riprende uno dei principi classici della DSC, ovvero la difesa e promozione della vita umana innocente? <\/strong><\/span><\/h4>\n<p style=\"text-align: justify;\"><span style=\"color: #000000;\"><img loading=\"lazy\" decoding=\"async\" class=\"size-full wp-image-56826 alignleft\" src=\"https:\/\/www.rassegnastampa-totustuus.it\/cattolica\/wp-content\/uploads\/2023\/08\/Francesco_papa_Angelus.jpg\" alt=\"\" width=\"430\" height=\"241\" \/>Papa Francesco, per il terzo anno di seguito agli \u201cStati Generali della Natalit\u00e0\u201d, continua a ripetere che il \u201cproblema dei problemi\u201d per la nostra nazione \u00e8 quello della denatalit\u00e0; da qui la frase: \u00ab<em>servono<\/em> <em>politiche lungimiranti. Occorre predisporre un terreno fertile per far fiorire una <\/em>nuova primavera<em> e lasciarci alle spalle questo <\/em>inverno demografico\u00bb. Ebbene, se non si mobilitano le energie migliori per infondere fiducia nei cittadini, soprattutto i giovani, a investire a favore della ricchezza maggiore, vale a dire la vita, la societ\u00e0 italiana \u00e8 destinata a un veloce e inesorabile declino nel giro di pochi decenni essendo impossibile un futuro sostenibil<\/span>e.<\/p>\n<h4 style=\"text-align: justify;\"><span style=\"color: #000000;\"><strong>Mentre il XX secolo in Italia \u00e8 stato caratterizzato dal \u201cbaby boom\u201d nonostante la recessione economica degli anni \u201930 e la Seconda Guerra Mondiale, il XXI sar\u00e0 contraddistinto nel nostro Paese dall&#8217;invecchiamento definitivo con lo standard prevalente del \u201cfiglio unico\u201d? <\/strong><\/span><\/h4>\n<p style=\"text-align: justify;\"><span style=\"color: #000000;\">Se le cose continueranno cos\u00ec dico sicuramente di s\u00ec. Con il \u201cfiglio unico\u201d per tutti (o quasi) sar\u00e0 catastrofe poich\u00e9 la maggioranza delle famiglie non riuscir\u00e0 a soddisfare i bisogni che sorgeranno nella stessa. Pensiamo, ad esempio, alla gestione dei genitori anziani nelle famiglie mononucleari. Anche l\u2019attuale sistema sanitario \u201cuniversalistico\u201d, non regger\u00e0 di fronte alle richieste della popolazione anziana, maggiormente soggetta alle malattie e, in molti casi, affetta da polipatologie cronico-degenerative, bisognosa di farmaci, d&#8217;indagini diagnostiche e di ricoveri ospedalieri frequenti. E, il sistema previdenziale, potrebbe trasformarsi in un miraggio non potendo sostenere una \u201cfolla\u201d di pensionati<\/span>.<\/p>\n<h4 style=\"text-align: justify;\"><span style=\"color: #000000;\"><strong>Riprendendo il contenuto di uno dei capitoli pi\u00f9 interessanti del suo ultimo saggio, quello dedicato alla \u201ccomunit\u00e0 politica\u201d, cosa ci pu\u00f2 dire a proposito del rapporto di Ges\u00f9 con l\u2019autorit\u00e0 politica?<\/strong><\/span><\/h4>\n<p style=\"text-align: justify;\"><span style=\"color: #000000;\">Ges\u00f9 di Nazaret rifiut\u00f2 in qualsiasi forma il <em>messianismo politico<\/em>. Ci\u00f2 fu esplicitamente confermato nel suo colloquio con Ponzio Pilato che sostenne nelle ore della Passione (cfr. Gv. 18,33-39). Il governatore romano rivolse al Messia due interrogativi: uno relativo alla veridicit\u00e0 della sua regalit\u00e0 e l\u2019altro inerente alla tipologia. Alla prima domanda rispose affermativamente; alla seconda replic\u00f2: \u00ab<em>Il mio regno non \u00e8 di questo mondo; se il mio regno fosse di questo mondo, i miei servitori avrebbero combattuto perch\u00e9 non fossi consegnato ai Giudei, ma il mio regno non \u00e8 di quaggi\u00f9<\/em>\u00bb (Gv.18,36). Ebbene, il Signore Ges\u00f9, si proclama re, puntualizzando che il Regno di Dio \u00e8 gi\u00e0 presente nel mondo ma esclude ogni contaminazione del Suo Regno con la potenza, il dominio e il prestigio, caratteristiche dei governanti di tutti i tempi. In conclusione, il Cristo nel suo ministero pubblico non contest\u00f2 mai l\u2019autorit\u00e0 del suo tempo ma insegn\u00f2 ai suoi di essere <em>lievito<\/em> come fecero i primi cristiani.<\/span><\/p>\n<p>_________________________________________<\/p>\n<p><strong><span style=\"color: #000000;\">Sull&#8217;impegno dei cattolici in politica si legga:<\/span><\/strong><\/p>\n<p><a href=\"https:\/\/www.rassegnastampa-totustuus.it\/cattolica\/cattolici-in-politica\/\" target=\"_blank\" rel=\"noopener\"><span style=\"color: #0000ff;\">Cattolici in Politica<\/span><\/a><\/p>\n<p><a href=\"https:\/\/www.rassegnastampa-totustuus.it\/cattolica\/per-i-cattolici-immorale-e-proprio-separare-la-fede-dalla-politica\/\" target=\"_blank\" rel=\"noopener\"><span style=\"color: #0000ff;\">Per i cattolici immorale \u00e8 proprio separare la fede dalla politica<\/span><\/a><\/p>\n<p><a href=\"https:\/\/www.rassegnastampa-totustuus.it\/cattolica\/importanza-della-dottrina-per-lazione-politica-dei-cattolici\/\" target=\"_blank\" rel=\"noopener\"><span style=\"color: #0000ff;\">L&#8217;importanza della dottrina per l&#8217;azione politica dei cattolici<\/span><\/a><\/p>\n","protected":false},"excerpt":{"rendered":"<p>Studi Cattolici n. 753 novembre 2023 Colloquio con don Gian Maria Comolli\u00a0 Giuseppe Brienza\u00a0 Nel suo intervento alla terza edizione degli Stati Generali della natalit\u00e0, che si sono tenuti a Roma l\u201911 e 12 maggio 2023, Papa Francesco ha ricordato l\u2019importanza dell\u2019impegno politico dei cattolici soprattutto durante i periodi di crisi come quello che stiamo &hellip; <\/p>\n<p><a class=\"more-link btn\" href=\"https:\/\/www.rassegnastampa-totustuus.it\/cattolica\/il-nuovo-ruolo-della-chiesa-nella-societa\/\">Continua a leggere<\/a><\/p>\n","protected":false},"author":6,"featured_media":43069,"comment_status":"closed","ping_status":"closed","sticky":false,"template":"","format":"standard","meta":{"footnotes":""},"categories":[5,11],"tags":[654,157,146],"class_list":["post-58975","post","type-post","status-publish","format-standard","has-post-thumbnail","hentry","category-chiesa","category-dottrina-sociale","tag-cattolici-in-politica","tag-chiesa-2","tag-dottrina-sociale-2","item-wrap"],"yoast_head":"<!-- This site is optimized with the Yoast SEO plugin v27.5 - https:\/\/yoast.com\/product\/yoast-seo-wordpress\/ -->\n<title>Il nuovo ruolo della Chiesa nella societ\u00e0 - Rassegna Stampa Cattolica<\/title>\n<meta name=\"description\" content=\"Il nuovo ruolo della Chiesa nella societ\u00e0. Un richiamo all\u2019impegno politico dei cattolici soprattutto durante i periodi di crisi .\" \/>\n<meta name=\"robots\" content=\"index, follow, max-snippet:-1, max-image-preview:large, max-video-preview:-1\" \/>\n<link rel=\"canonical\" href=\"https:\/\/www.rassegnastampa-totustuus.it\/cattolica\/il-nuovo-ruolo-della-chiesa-nella-societa\/\" \/>\n<meta property=\"og:locale\" content=\"it_IT\" \/>\n<meta property=\"og:type\" content=\"article\" \/>\n<meta property=\"og:title\" content=\"Il nuovo ruolo della Chiesa nella societ\u00e0 - Rassegna Stampa Cattolica\" \/>\n<meta property=\"og:description\" content=\"Il nuovo ruolo della Chiesa nella societ\u00e0. Un richiamo all\u2019impegno politico dei cattolici soprattutto durante i periodi di crisi .\" \/>\n<meta property=\"og:url\" content=\"https:\/\/www.rassegnastampa-totustuus.it\/cattolica\/il-nuovo-ruolo-della-chiesa-nella-societa\/\" \/>\n<meta property=\"og:site_name\" content=\"Rassegna Stampa Cattolica\" \/>\n<meta property=\"article:publisher\" content=\"https:\/\/www.facebook.com\/rassegnastampacattolica\" \/>\n<meta property=\"article:published_time\" content=\"2024-01-10T23:00:00+00:00\" \/>\n<meta property=\"og:image\" content=\"https:\/\/www.rassegnastampa-totustuus.it\/cattolica\/wp-content\/uploads\/2019\/05\/cattolici_politica.png\" \/>\n\t<meta property=\"og:image:width\" content=\"208\" \/>\n\t<meta property=\"og:image:height\" content=\"243\" \/>\n\t<meta property=\"og:image:type\" content=\"image\/png\" \/>\n<meta name=\"author\" content=\"Redazione\" \/>\n<meta name=\"twitter:card\" content=\"summary_large_image\" \/>\n<meta name=\"twitter:creator\" content=\"@rassegnastampa9\" \/>\n<meta name=\"twitter:site\" content=\"@rassegnastampa9\" \/>\n<meta name=\"twitter:label1\" content=\"Scritto da\" \/>\n\t<meta name=\"twitter:data1\" content=\"Redazione\" \/>\n\t<meta name=\"twitter:label2\" content=\"Tempo di lettura stimato\" \/>\n\t<meta name=\"twitter:data2\" content=\"8 minuti\" \/>\n<script type=\"application\/ld+json\" class=\"yoast-schema-graph\">{\"@context\":\"https:\\\/\\\/schema.org\",\"@graph\":[{\"@type\":\"Article\",\"@id\":\"https:\\\/\\\/www.rassegnastampa-totustuus.it\\\/cattolica\\\/il-nuovo-ruolo-della-chiesa-nella-societa\\\/#article\",\"isPartOf\":{\"@id\":\"https:\\\/\\\/www.rassegnastampa-totustuus.it\\\/cattolica\\\/il-nuovo-ruolo-della-chiesa-nella-societa\\\/\"},\"author\":{\"name\":\"Redazione\",\"@id\":\"https:\\\/\\\/www.rassegnastampa-totustuus.it\\\/cattolica\\\/#\\\/schema\\\/person\\\/08f319d2bd1a0904ad9e2bfb7b15e5c3\"},\"headline\":\"Il nuovo ruolo della Chiesa nella societ\u00e0\",\"datePublished\":\"2024-01-10T23:00:00+00:00\",\"mainEntityOfPage\":{\"@id\":\"https:\\\/\\\/www.rassegnastampa-totustuus.it\\\/cattolica\\\/il-nuovo-ruolo-della-chiesa-nella-societa\\\/\"},\"wordCount\":1272,\"publisher\":{\"@id\":\"https:\\\/\\\/www.rassegnastampa-totustuus.it\\\/cattolica\\\/#organization\"},\"image\":{\"@id\":\"https:\\\/\\\/www.rassegnastampa-totustuus.it\\\/cattolica\\\/il-nuovo-ruolo-della-chiesa-nella-societa\\\/#primaryimage\"},\"thumbnailUrl\":\"https:\\\/\\\/www.rassegnastampa-totustuus.it\\\/cattolica\\\/wp-content\\\/uploads\\\/2019\\\/05\\\/cattolici_politica.png\",\"keywords\":[\"cattolici in politica\",\"chiesa\",\"dottrina sociale\"],\"articleSection\":[\"Chiesa\",\"Dottrina sociale\"],\"inLanguage\":\"it-IT\"},{\"@type\":\"WebPage\",\"@id\":\"https:\\\/\\\/www.rassegnastampa-totustuus.it\\\/cattolica\\\/il-nuovo-ruolo-della-chiesa-nella-societa\\\/\",\"url\":\"https:\\\/\\\/www.rassegnastampa-totustuus.it\\\/cattolica\\\/il-nuovo-ruolo-della-chiesa-nella-societa\\\/\",\"name\":\"Il nuovo ruolo della Chiesa nella societ\u00e0 - Rassegna Stampa Cattolica\",\"isPartOf\":{\"@id\":\"https:\\\/\\\/www.rassegnastampa-totustuus.it\\\/cattolica\\\/#website\"},\"primaryImageOfPage\":{\"@id\":\"https:\\\/\\\/www.rassegnastampa-totustuus.it\\\/cattolica\\\/il-nuovo-ruolo-della-chiesa-nella-societa\\\/#primaryimage\"},\"image\":{\"@id\":\"https:\\\/\\\/www.rassegnastampa-totustuus.it\\\/cattolica\\\/il-nuovo-ruolo-della-chiesa-nella-societa\\\/#primaryimage\"},\"thumbnailUrl\":\"https:\\\/\\\/www.rassegnastampa-totustuus.it\\\/cattolica\\\/wp-content\\\/uploads\\\/2019\\\/05\\\/cattolici_politica.png\",\"datePublished\":\"2024-01-10T23:00:00+00:00\",\"description\":\"Il nuovo ruolo della Chiesa nella societ\u00e0. Un richiamo all\u2019impegno politico dei cattolici soprattutto durante i periodi di crisi .\",\"breadcrumb\":{\"@id\":\"https:\\\/\\\/www.rassegnastampa-totustuus.it\\\/cattolica\\\/il-nuovo-ruolo-della-chiesa-nella-societa\\\/#breadcrumb\"},\"inLanguage\":\"it-IT\",\"potentialAction\":[{\"@type\":\"ReadAction\",\"target\":[\"https:\\\/\\\/www.rassegnastampa-totustuus.it\\\/cattolica\\\/il-nuovo-ruolo-della-chiesa-nella-societa\\\/\"]}]},{\"@type\":\"ImageObject\",\"inLanguage\":\"it-IT\",\"@id\":\"https:\\\/\\\/www.rassegnastampa-totustuus.it\\\/cattolica\\\/il-nuovo-ruolo-della-chiesa-nella-societa\\\/#primaryimage\",\"url\":\"https:\\\/\\\/www.rassegnastampa-totustuus.it\\\/cattolica\\\/wp-content\\\/uploads\\\/2019\\\/05\\\/cattolici_politica.png\",\"contentUrl\":\"https:\\\/\\\/www.rassegnastampa-totustuus.it\\\/cattolica\\\/wp-content\\\/uploads\\\/2019\\\/05\\\/cattolici_politica.png\",\"width\":208,\"height\":243},{\"@type\":\"BreadcrumbList\",\"@id\":\"https:\\\/\\\/www.rassegnastampa-totustuus.it\\\/cattolica\\\/il-nuovo-ruolo-della-chiesa-nella-societa\\\/#breadcrumb\",\"itemListElement\":[{\"@type\":\"ListItem\",\"position\":1,\"name\":\"Home\",\"item\":\"https:\\\/\\\/www.rassegnastampa-totustuus.it\\\/cattolica\\\/\"},{\"@type\":\"ListItem\",\"position\":2,\"name\":\"Il nuovo ruolo della Chiesa nella societ\u00e0\"}]},{\"@type\":\"WebSite\",\"@id\":\"https:\\\/\\\/www.rassegnastampa-totustuus.it\\\/cattolica\\\/#website\",\"url\":\"https:\\\/\\\/www.rassegnastampa-totustuus.it\\\/cattolica\\\/\",\"name\":\"Rassegna Stampa Cattolica\",\"description\":\"Per una cultura che nasce dalla Rivelazione cristiana in conformit\u00e0 alla tradizione e al Magistero della Chiesa in opposizione ad ogni relativismo e totalitarismo\",\"publisher\":{\"@id\":\"https:\\\/\\\/www.rassegnastampa-totustuus.it\\\/cattolica\\\/#organization\"},\"alternateName\":\"Rass. Cattolica\",\"potentialAction\":[{\"@type\":\"SearchAction\",\"target\":{\"@type\":\"EntryPoint\",\"urlTemplate\":\"https:\\\/\\\/www.rassegnastampa-totustuus.it\\\/cattolica\\\/?s={search_term_string}\"},\"query-input\":{\"@type\":\"PropertyValueSpecification\",\"valueRequired\":true,\"valueName\":\"search_term_string\"}}],\"inLanguage\":\"it-IT\"},{\"@type\":\"Organization\",\"@id\":\"https:\\\/\\\/www.rassegnastampa-totustuus.it\\\/cattolica\\\/#organization\",\"name\":\"Rassegna Stampa Cattolica\",\"url\":\"https:\\\/\\\/www.rassegnastampa-totustuus.it\\\/cattolica\\\/\",\"logo\":{\"@type\":\"ImageObject\",\"inLanguage\":\"it-IT\",\"@id\":\"https:\\\/\\\/www.rassegnastampa-totustuus.it\\\/cattolica\\\/#\\\/schema\\\/logo\\\/image\\\/\",\"url\":\"https:\\\/\\\/www.rassegnastampa-totustuus.it\\\/cattolica\\\/wp-content\\\/uploads\\\/2014\\\/04\\\/logo-rassegna1.gif\",\"contentUrl\":\"https:\\\/\\\/www.rassegnastampa-totustuus.it\\\/cattolica\\\/wp-content\\\/uploads\\\/2014\\\/04\\\/logo-rassegna1.gif\",\"width\":600,\"height\":163,\"caption\":\"Rassegna Stampa Cattolica\"},\"image\":{\"@id\":\"https:\\\/\\\/www.rassegnastampa-totustuus.it\\\/cattolica\\\/#\\\/schema\\\/logo\\\/image\\\/\"},\"sameAs\":[\"https:\\\/\\\/www.facebook.com\\\/rassegnastampacattolica\",\"https:\\\/\\\/x.com\\\/rassegnastampa9\"]},{\"@type\":\"Person\",\"@id\":\"https:\\\/\\\/www.rassegnastampa-totustuus.it\\\/cattolica\\\/#\\\/schema\\\/person\\\/08f319d2bd1a0904ad9e2bfb7b15e5c3\",\"name\":\"Redazione\",\"image\":{\"@type\":\"ImageObject\",\"inLanguage\":\"it-IT\",\"@id\":\"https:\\\/\\\/secure.gravatar.com\\\/avatar\\\/2fcdf27c78ea025fbdb44e914cc63c72249ffec9dc8aafd5c82b26240ef3f346?s=96&d=mm&r=g\",\"url\":\"https:\\\/\\\/secure.gravatar.com\\\/avatar\\\/2fcdf27c78ea025fbdb44e914cc63c72249ffec9dc8aafd5c82b26240ef3f346?s=96&d=mm&r=g\",\"contentUrl\":\"https:\\\/\\\/secure.gravatar.com\\\/avatar\\\/2fcdf27c78ea025fbdb44e914cc63c72249ffec9dc8aafd5c82b26240ef3f346?s=96&d=mm&r=g\",\"caption\":\"Redazione\"},\"url\":\"https:\\\/\\\/www.rassegnastampa-totustuus.it\\\/cattolica\\\/author\\\/pietroelle\\\/\"}]}<\/script>\n<!-- \/ Yoast SEO plugin. -->","yoast_head_json":{"title":"Il nuovo ruolo della Chiesa nella societ\u00e0 - Rassegna Stampa Cattolica","description":"Il nuovo ruolo della Chiesa nella societ\u00e0. Un richiamo all\u2019impegno politico dei cattolici soprattutto durante i periodi di crisi .","robots":{"index":"index","follow":"follow","max-snippet":"max-snippet:-1","max-image-preview":"max-image-preview:large","max-video-preview":"max-video-preview:-1"},"canonical":"https:\/\/www.rassegnastampa-totustuus.it\/cattolica\/il-nuovo-ruolo-della-chiesa-nella-societa\/","og_locale":"it_IT","og_type":"article","og_title":"Il nuovo ruolo della Chiesa nella societ\u00e0 - Rassegna Stampa Cattolica","og_description":"Il nuovo ruolo della Chiesa nella societ\u00e0. Un richiamo all\u2019impegno politico dei cattolici soprattutto durante i periodi di crisi .","og_url":"https:\/\/www.rassegnastampa-totustuus.it\/cattolica\/il-nuovo-ruolo-della-chiesa-nella-societa\/","og_site_name":"Rassegna Stampa Cattolica","article_publisher":"https:\/\/www.facebook.com\/rassegnastampacattolica","article_published_time":"2024-01-10T23:00:00+00:00","og_image":[{"width":208,"height":243,"url":"https:\/\/www.rassegnastampa-totustuus.it\/cattolica\/wp-content\/uploads\/2019\/05\/cattolici_politica.png","type":"image\/png"}],"author":"Redazione","twitter_card":"summary_large_image","twitter_creator":"@rassegnastampa9","twitter_site":"@rassegnastampa9","twitter_misc":{"Scritto da":"Redazione","Tempo di lettura stimato":"8 minuti"},"schema":{"@context":"https:\/\/schema.org","@graph":[{"@type":"Article","@id":"https:\/\/www.rassegnastampa-totustuus.it\/cattolica\/il-nuovo-ruolo-della-chiesa-nella-societa\/#article","isPartOf":{"@id":"https:\/\/www.rassegnastampa-totustuus.it\/cattolica\/il-nuovo-ruolo-della-chiesa-nella-societa\/"},"author":{"name":"Redazione","@id":"https:\/\/www.rassegnastampa-totustuus.it\/cattolica\/#\/schema\/person\/08f319d2bd1a0904ad9e2bfb7b15e5c3"},"headline":"Il nuovo ruolo della Chiesa nella societ\u00e0","datePublished":"2024-01-10T23:00:00+00:00","mainEntityOfPage":{"@id":"https:\/\/www.rassegnastampa-totustuus.it\/cattolica\/il-nuovo-ruolo-della-chiesa-nella-societa\/"},"wordCount":1272,"publisher":{"@id":"https:\/\/www.rassegnastampa-totustuus.it\/cattolica\/#organization"},"image":{"@id":"https:\/\/www.rassegnastampa-totustuus.it\/cattolica\/il-nuovo-ruolo-della-chiesa-nella-societa\/#primaryimage"},"thumbnailUrl":"https:\/\/www.rassegnastampa-totustuus.it\/cattolica\/wp-content\/uploads\/2019\/05\/cattolici_politica.png","keywords":["cattolici in politica","chiesa","dottrina sociale"],"articleSection":["Chiesa","Dottrina sociale"],"inLanguage":"it-IT"},{"@type":"WebPage","@id":"https:\/\/www.rassegnastampa-totustuus.it\/cattolica\/il-nuovo-ruolo-della-chiesa-nella-societa\/","url":"https:\/\/www.rassegnastampa-totustuus.it\/cattolica\/il-nuovo-ruolo-della-chiesa-nella-societa\/","name":"Il nuovo ruolo della Chiesa nella societ\u00e0 - Rassegna Stampa Cattolica","isPartOf":{"@id":"https:\/\/www.rassegnastampa-totustuus.it\/cattolica\/#website"},"primaryImageOfPage":{"@id":"https:\/\/www.rassegnastampa-totustuus.it\/cattolica\/il-nuovo-ruolo-della-chiesa-nella-societa\/#primaryimage"},"image":{"@id":"https:\/\/www.rassegnastampa-totustuus.it\/cattolica\/il-nuovo-ruolo-della-chiesa-nella-societa\/#primaryimage"},"thumbnailUrl":"https:\/\/www.rassegnastampa-totustuus.it\/cattolica\/wp-content\/uploads\/2019\/05\/cattolici_politica.png","datePublished":"2024-01-10T23:00:00+00:00","description":"Il nuovo ruolo della Chiesa nella societ\u00e0. Un richiamo all\u2019impegno politico dei cattolici soprattutto durante i periodi di crisi .","breadcrumb":{"@id":"https:\/\/www.rassegnastampa-totustuus.it\/cattolica\/il-nuovo-ruolo-della-chiesa-nella-societa\/#breadcrumb"},"inLanguage":"it-IT","potentialAction":[{"@type":"ReadAction","target":["https:\/\/www.rassegnastampa-totustuus.it\/cattolica\/il-nuovo-ruolo-della-chiesa-nella-societa\/"]}]},{"@type":"ImageObject","inLanguage":"it-IT","@id":"https:\/\/www.rassegnastampa-totustuus.it\/cattolica\/il-nuovo-ruolo-della-chiesa-nella-societa\/#primaryimage","url":"https:\/\/www.rassegnastampa-totustuus.it\/cattolica\/wp-content\/uploads\/2019\/05\/cattolici_politica.png","contentUrl":"https:\/\/www.rassegnastampa-totustuus.it\/cattolica\/wp-content\/uploads\/2019\/05\/cattolici_politica.png","width":208,"height":243},{"@type":"BreadcrumbList","@id":"https:\/\/www.rassegnastampa-totustuus.it\/cattolica\/il-nuovo-ruolo-della-chiesa-nella-societa\/#breadcrumb","itemListElement":[{"@type":"ListItem","position":1,"name":"Home","item":"https:\/\/www.rassegnastampa-totustuus.it\/cattolica\/"},{"@type":"ListItem","position":2,"name":"Il nuovo ruolo della Chiesa nella societ\u00e0"}]},{"@type":"WebSite","@id":"https:\/\/www.rassegnastampa-totustuus.it\/cattolica\/#website","url":"https:\/\/www.rassegnastampa-totustuus.it\/cattolica\/","name":"Rassegna Stampa Cattolica","description":"Per una cultura che nasce dalla Rivelazione cristiana in conformit\u00e0 alla tradizione e al Magistero della Chiesa in opposizione ad ogni relativismo e totalitarismo","publisher":{"@id":"https:\/\/www.rassegnastampa-totustuus.it\/cattolica\/#organization"},"alternateName":"Rass. Cattolica","potentialAction":[{"@type":"SearchAction","target":{"@type":"EntryPoint","urlTemplate":"https:\/\/www.rassegnastampa-totustuus.it\/cattolica\/?s={search_term_string}"},"query-input":{"@type":"PropertyValueSpecification","valueRequired":true,"valueName":"search_term_string"}}],"inLanguage":"it-IT"},{"@type":"Organization","@id":"https:\/\/www.rassegnastampa-totustuus.it\/cattolica\/#organization","name":"Rassegna Stampa Cattolica","url":"https:\/\/www.rassegnastampa-totustuus.it\/cattolica\/","logo":{"@type":"ImageObject","inLanguage":"it-IT","@id":"https:\/\/www.rassegnastampa-totustuus.it\/cattolica\/#\/schema\/logo\/image\/","url":"https:\/\/www.rassegnastampa-totustuus.it\/cattolica\/wp-content\/uploads\/2014\/04\/logo-rassegna1.gif","contentUrl":"https:\/\/www.rassegnastampa-totustuus.it\/cattolica\/wp-content\/uploads\/2014\/04\/logo-rassegna1.gif","width":600,"height":163,"caption":"Rassegna Stampa Cattolica"},"image":{"@id":"https:\/\/www.rassegnastampa-totustuus.it\/cattolica\/#\/schema\/logo\/image\/"},"sameAs":["https:\/\/www.facebook.com\/rassegnastampacattolica","https:\/\/x.com\/rassegnastampa9"]},{"@type":"Person","@id":"https:\/\/www.rassegnastampa-totustuus.it\/cattolica\/#\/schema\/person\/08f319d2bd1a0904ad9e2bfb7b15e5c3","name":"Redazione","image":{"@type":"ImageObject","inLanguage":"it-IT","@id":"https:\/\/secure.gravatar.com\/avatar\/2fcdf27c78ea025fbdb44e914cc63c72249ffec9dc8aafd5c82b26240ef3f346?s=96&d=mm&r=g","url":"https:\/\/secure.gravatar.com\/avatar\/2fcdf27c78ea025fbdb44e914cc63c72249ffec9dc8aafd5c82b26240ef3f346?s=96&d=mm&r=g","contentUrl":"https:\/\/secure.gravatar.com\/avatar\/2fcdf27c78ea025fbdb44e914cc63c72249ffec9dc8aafd5c82b26240ef3f346?s=96&d=mm&r=g","caption":"Redazione"},"url":"https:\/\/www.rassegnastampa-totustuus.it\/cattolica\/author\/pietroelle\/"}]}},"_links":{"self":[{"href":"https:\/\/www.rassegnastampa-totustuus.it\/cattolica\/wp-json\/wp\/v2\/posts\/58975","targetHints":{"allow":["GET"]}}],"collection":[{"href":"https:\/\/www.rassegnastampa-totustuus.it\/cattolica\/wp-json\/wp\/v2\/posts"}],"about":[{"href":"https:\/\/www.rassegnastampa-totustuus.it\/cattolica\/wp-json\/wp\/v2\/types\/post"}],"author":[{"embeddable":true,"href":"https:\/\/www.rassegnastampa-totustuus.it\/cattolica\/wp-json\/wp\/v2\/users\/6"}],"replies":[{"embeddable":true,"href":"https:\/\/www.rassegnastampa-totustuus.it\/cattolica\/wp-json\/wp\/v2\/comments?post=58975"}],"version-history":[{"count":3,"href":"https:\/\/www.rassegnastampa-totustuus.it\/cattolica\/wp-json\/wp\/v2\/posts\/58975\/revisions"}],"predecessor-version":[{"id":58978,"href":"https:\/\/www.rassegnastampa-totustuus.it\/cattolica\/wp-json\/wp\/v2\/posts\/58975\/revisions\/58978"}],"wp:featuredmedia":[{"embeddable":true,"href":"https:\/\/www.rassegnastampa-totustuus.it\/cattolica\/wp-json\/wp\/v2\/media\/43069"}],"wp:attachment":[{"href":"https:\/\/www.rassegnastampa-totustuus.it\/cattolica\/wp-json\/wp\/v2\/media?parent=58975"}],"wp:term":[{"taxonomy":"category","embeddable":true,"href":"https:\/\/www.rassegnastampa-totustuus.it\/cattolica\/wp-json\/wp\/v2\/categories?post=58975"},{"taxonomy":"post_tag","embeddable":true,"href":"https:\/\/www.rassegnastampa-totustuus.it\/cattolica\/wp-json\/wp\/v2\/tags?post=58975"}],"curies":[{"name":"wp","href":"https:\/\/api.w.org\/{rel}","templated":true}]}}