{"id":58433,"date":"2023-12-28T00:00:00","date_gmt":"2023-12-27T23:00:00","guid":{"rendered":"https:\/\/www.rassegnastampa-totustuus.it\/cattolica\/?p=58433"},"modified":"2024-01-04T14:22:20","modified_gmt":"2024-01-04T13:22:20","slug":"lambiente-una-religione","status":"publish","type":"post","link":"https:\/\/www.rassegnastampa-totustuus.it\/cattolica\/lambiente-una-religione\/","title":{"rendered":"L&#8217;ambiente, una religione"},"content":{"rendered":"<p style=\"text-align: justify;\"><span style=\"color: #000000;\"><strong><img loading=\"lazy\" decoding=\"async\" class=\" wp-image-21232 alignleft\" src=\"https:\/\/www.rassegnastampa-totustuus.it\/cattolica\/wp-content\/uploads\/2010\/07\/Gaia.jpg\" alt=\"\" width=\"180\" height=\"227\" \/>Abstract: <\/strong><em>L&#8217;ambiente, una religione con riti, tab\u00f9 alimentari, giorni santi, \u201cpeccati di energia\u201d: la difesa dell\u2019ambiente oggi ha preso una piega confessionale. Ben diversa dalla tutela del Creato. Una religiosit\u00e0 gnostica con il suo rifiuto dei corpi, della carne, accompagnata contemporaneamente alla nuova moralit\u00e0 sessuale: il gender, l\u2019androgino, la radicale eguaglianza sessuale. Post e trans umano, mix di tutti i generi. <\/em><\/span><span style=\"color: #000000;\">L\u2019ecologismo funziona sociologicamente e culturalmente come in passato la matrice cattolica. Esistono somiglianze sorprendenti nei termini e nei riferimenti utilizzati.\u00a0<\/span><\/p>\n<p><!--more--><\/p>\n<p style=\"text-align: center;\"><span style=\"color: #000000;\"><span style=\"color: #0000ff;\"><a style=\"color: #0000ff;\" href=\"https:\/\/www.iltimone.org\/\" target=\"_blank\" rel=\"noopener\"><strong>Il Timone<\/strong> <\/a><\/span>n. 234 Dicembre 2023 <\/span><\/p>\n<h3 style=\"text-align: center;\"><span style=\"color: #000000;\"><strong>Come l\u2019ambientalismo rischia di diventare religione <\/strong><\/span><\/h3>\n<p style=\"text-align: justify;\"><span style=\"color: #000000;\"><em>Riti, tab\u00f9 alimentari, giorni santi, \u201cpeccati di energia\u201d: la difesa dell\u2019ambiente oggi ha preso una piega confessionale. Ben diversa dalla tutela del Creato .<\/em><\/span><\/p>\n<p style=\"text-align: center;\"><span style=\"color: #000000;\">di <strong>Giulio Meotti<\/strong><\/span><\/p>\n<p style=\"text-align: justify;\"><span style=\"color: #000000;\"><img loading=\"lazy\" decoding=\"async\" class=\" wp-image-26642 alignright\" src=\"https:\/\/www.rassegnastampa-totustuus.it\/cattolica\/wp-content\/uploads\/2004\/10\/Gaia.jpg\" alt=\"\" width=\"295\" height=\"250\" \/>Nel 1992 usc\u00ec un appello di 500 scienziati tra cui 62 premi Nobel, contro l\u2019\u00abecologismo irrazionale\u00bb. Non si dicevano indifferenti ai problemi dell\u2019ambiente, ma alla \u00abtendenza fondamentalista che trasforma l\u2019ecologia in dogma e nuova religione\u00bb. Vi aderirono Manfred Eigen (Nobel per la chimica) e Jean-Marie Lehn (Nobel per la chimica), Philip Anderson (Nobel per la fisica), Christian B. Anfinsen (Nobel per la chimica) e i Nobel per la medicina Julius Axelrod e Baruj Benacerraf. \u00abRiteniamo irresponsabile manipolare l\u2019opinione pubblica e attizzare il timore di una imminente catastrofe climatica tra la popolazione\u00bb, scrissero i luminari, fra cui Rita Levi Montalcini. Poi, il 15 settembre 2003, lo scrittore Michael Crichton tenne un discorso al Commowealth Club di San Francisco. Titolo: <em>L\u2019ambientalismo \u00e8 una religione<\/em>.<\/span><\/p>\n<h4 style=\"text-align: center;\"><strong>\u00ab<span style=\"color: #000000;\">Tempi duri per gli eretici\u00bb<\/span><\/strong><\/h4>\n<p style=\"text-align: justify;\"><span style=\"color: #000000;\">Oggi \u00e8 diventato quasi un luogo comune definirla tale, tanto \u00e8 evidente. Siamo tutti peccatori di energia, destinati a morire, a meno che non cerchiamo la salvezza, che ora si chiama sostenibilit\u00e0. \u00abL\u2019ambientalismo sta diventando una religione\u00bb, ha detto persino James Lovelock, lo scienziato dell\u2019ipotesi di Gaia. \u00abLa protezione del pianeta terra \u00e8 pi\u00f9 di una missione, \u00e8 la mia religione\u00bb, dichiara entusiasta Rajendra Pachauri, che ha guidato l\u2019agenzia dell\u2019Onu per il clima, l\u2019Ipcc. \u00abL\u2019ultima religione occidentale\u00bb, cos\u00ec il filosofo tedesco Peter Sloterdijk definisce l\u2019ecologismo. Nel libro <em>Den Himmel zum Sprechen bringen: Elemente dei Theopoesie<\/em> il filosofo di Karlsruhe protagonista di tanti feroci <em>fuilleton<\/em> culturali in Germania spiega che mai prima d\u2019ora la religione era stata solo un fatto privato. Ci\u00f2 non significa tuttavia, che sia scomparsa. \u00abUn fantasma si profila nel mondo occidentale, il fantasma della religione. Non ha pi\u00f9 bisogno di essere utile a nulla, non deve pi\u00f9 funzionare, non ha un mandato\u00bb. <\/span><\/p>\n<p style=\"text-align: justify;\"><span style=\"color: #000000;\">L\u2019ambientalismo diventa allora la perfetta religione, conclude il filosofo: \u00abLa sensibilit\u00e0 climatica collettiva sar\u00e0 l\u2019ultima religione mondiale e, per di pi\u00f9, la prima a raggiungere tutti. Si possono prevedere tempi difficili per i suoi eretici\u00bb. Questa \u00abreligione ecologica\u00bb, nuova illusione progressista, porta con se tre minacce alla civilizzazione: una feticizzazione della natura e degli animali, un panteismo (divinizzazione della natura) e, conseguenza delle prime due, un anti-umanesimo. Veicola, implicitamente, un\u2019accusa ontologica contro l\u2019uomo, che rinnega la sua trascendenza sulla natura. \u00abAi popoli che disperavano del regno dei cieli, il marxismo ha promesso il regno dell\u2019uomo\u00bb, scriver\u00e0 Albert Camus. Ai popoli che disperavano del regno dell\u2019uomo, l\u2019ecologismo promette il regno della natura<\/span>.<\/p>\n<h4 style=\"text-align: center;\"><span style=\"color: #000000;\"><strong>Cerimonie pagane<\/strong><\/span><\/h4>\n<p style=\"text-align: justify;\"><span style=\"color: #000000;\"><img loading=\"lazy\" decoding=\"async\" class=\" wp-image-55787 alignleft\" src=\"https:\/\/www.rassegnastampa-totustuus.it\/cattolica\/wp-content\/uploads\/2023\/03\/giornata_terra_ambientalismo.jpg\" alt=\"\" width=\"370\" height=\"246\" \/>Basta leggere David Bower, il fondatore di Friends of the Earth: \u00abI sei giorni della Genesi sono una immagine per rappresentare ci\u00f2 che \u00e8 accaduto in quattro miliardi di anni. Il nostro pianeta \u00e8 nato luned\u00ec. Da marted\u00ec a mercoled\u00ec, fino a mezzogiorno, si \u00e8 formata la Terra. La vita inizia mercoled\u00ec e si sviluppa in tutta la sua bellezza per i successivi quattro giorni. Domenica alle quattro del pomeriggio compaiono i rettili. Alle nove di sera, le sequoie spuntano dal terreno. Un quarantesimo di secondo prima di mezzanotte inizia la rivoluzione industriale. Adesso \u00e8 mezzanotte e siamo circondati da persone che credono che quello che hanno fatto possa continuare indefinitamente\u00bb. Sei giorni, sei gradi alla dannazione. Ora abbiamo anche i nuovi riti religiosi verdi. In Islanda, gli ecologisti hanno celebrato persino un funerale a un ghiacciaio. Una vera e propria cerimonia pagana nel terreno arido ma un tempo coperto dal ghiaccio dell\u2019Okj\u00f6kull. C\u2019erano anche il primo ministro islandese, Katr\u00ecn Jakobsd\u00f2ttir, e l\u2019ex commissario delle Nazioni Unite per i diritti umani, Mary Robinson. E\u2019 stata apposta una targa che reca la scritta: \u00abUna lettera al futuro\u00bb. Pochi giorni prima, alla Cattedrale anglicana di Liverpool (la pi\u00f9 grande d\u2019Inghilterra) era arrivato un modello di Gaia, istallato al centro della navata principale. E questa religione <em>green<\/em> sta gi\u00e0 soppiantando la Cristianit\u00e0 come matrice delle societ\u00e0 occidentali. Lo spiega J\u00e8r\u00f4me Fourquet, massimo studioso di opinione pubblica francese: \u00abStiamo assistendo alla nascita di una nuova matrice, laica e non pi\u00f9 religiosa, attorno all\u2019ecologia\u00bb.<\/span><\/p>\n<h4 style=\"text-align: center;\"><span style=\"color: #000000;\"><strong>\u00abSantuari\u00bb della biodiversit\u00e0<\/strong><\/span><\/h4>\n<p style=\"text-align: justify;\"><span style=\"color: #000000;\">L\u2019ecologismo funziona sociologicamente e culturalmente come in passato la matrice cattolica. Esistono somiglianze sorprendenti nei termini e nei riferimenti utilizzati. Stiamo parlando anche di \u00absantuari\u00bb della biodiversit\u00e0. L\u2019ambientalismo radicale non vuole, come il marxismo, promettere il paradiso in terra o, come il cristianesimo, prepararci al paradiso dopo la morte. Si limita a denunciare l\u2019infero delle societ\u00e0 occidentali. L\u2019uomo degli ambientalisti \u00e8 senza storia, senza profondit\u00e0 temporale, senza identit\u00e0; una creatura naturale appiattita nel presente, un viaggiatore senza bagaglio, un migrante ideologico. Da qui la loro difesa di una politica migratoria di accoglienza incondizionata e di una societ\u00e0 cosiddetta \u201cinclusiva\u201d. Quando Chricton fece la sua denuncia, all\u2019ecologismo mancava per\u00f2 un mito persuasivo dell\u2019Apocalisse. Non bastava l\u2019aria pulita, i fiumi, le spiagge, la lotta all\u2019inquinamento. La scoperta del riscaldamento globale ha colmato una lacuna. L\u2019ecologismo sta edificando cos\u00ec un vero e proprio culto: ha i propri giorni santi (la Giornata della Terra), tab\u00f9 alimentari (veganesimo e campagne per ridurre il consumo di carne di mucca), templi (le universit\u00e0 occidentali) e proselitismo (gli scettici sono trattati da eretici). Una religiosit\u00e0 gnostica con il suo rifiuto dei corpi, della carne, accompagnata contemporaneamente alla nuova moralit\u00e0 sessuale: il gender, l\u2019androgino, la radicale eguaglianza sessuale. Post e trans umano, mix di tutti i generi<\/span><\/p>\n<p>_______________________________________<\/p>\n<p><strong><span style=\"color: #000000;\">Si legga anche:<\/span><\/strong><\/p>\n<p><a href=\"https:\/\/www.rassegnastampa-totustuus.it\/cattolica\/da-dio-padre-alla-terra-madre-itinerari-spirituali-dellecoclericalismo\/\" target=\"_blank\" rel=\"noopener\"><span style=\"color: #0000ff;\">Da Dio Padre alla Terra Madre. Itinerari \u201cspirituali\u201d dell\u2019ecoclericalismo<\/span><\/a><\/p>\n<p><a href=\"https:\/\/www.rassegnastampa-totustuus.it\/cattolica\/ambiente-naturale-biocentrismo-vs-antropocentrismo\/\" target=\"_blank\" rel=\"noopener\"><span style=\"color: #0000ff;\">Debelliamo l\u2019uomo per salvare<\/span><\/a><a href=\"https:\/\/www.rassegnastampa-totustuus.it\/cattolica\/ambiente-naturale-biocentrismo-vs-antropocentrismo\/\" target=\"_blank\" rel=\"noopener\"><span style=\"color: #0000ff;\"> l\u2019ambiente?<\/span><\/a><\/p>\n","protected":false},"excerpt":{"rendered":"<p>Abstract: L&#8217;ambiente, una religione con riti, tab\u00f9 alimentari, giorni santi, \u201cpeccati di energia\u201d: la difesa dell\u2019ambiente oggi ha preso una piega confessionale. Ben diversa dalla tutela del Creato. Una religiosit\u00e0 gnostica con il suo rifiuto dei corpi, della carne, accompagnata contemporaneamente alla nuova moralit\u00e0 sessuale: il gender, l\u2019androgino, la radicale eguaglianza sessuale. Post e trans &hellip; <\/p>\n<p><a class=\"more-link btn\" href=\"https:\/\/www.rassegnastampa-totustuus.it\/cattolica\/lambiente-una-religione\/\">Continua a leggere<\/a><\/p>\n","protected":false},"author":6,"featured_media":21232,"comment_status":"closed","ping_status":"closed","sticky":false,"template":"","format":"standard","meta":{"footnotes":""},"categories":[3,63],"tags":[2387,694],"class_list":["post-58433","post","type-post","status-publish","format-standard","has-post-thumbnail","hentry","category-ambientalismo","category-nuove-religioni-sette","tag-ambientalismo","tag-nuove-religioni","item-wrap"],"yoast_head":"<!-- This site is optimized with the Yoast SEO plugin v27.5 - https:\/\/yoast.com\/product\/yoast-seo-wordpress\/ -->\n<title>L&#039;ambiente, una religione - Rassegna Stampa Cattolica<\/title>\n<meta name=\"description\" content=\"L&#039;ambiente, una religione con i suoi riti, tab\u00f9 alimentari, giorni santi: la difesa dell\u2019ambiente oggi ha preso una piega confessionale.\" \/>\n<meta name=\"robots\" content=\"index, follow, max-snippet:-1, max-image-preview:large, max-video-preview:-1\" \/>\n<link rel=\"canonical\" href=\"https:\/\/www.rassegnastampa-totustuus.it\/cattolica\/lambiente-una-religione\/\" \/>\n<meta property=\"og:locale\" content=\"it_IT\" \/>\n<meta property=\"og:type\" content=\"article\" \/>\n<meta property=\"og:title\" content=\"L&#039;ambiente, una religione - Rassegna Stampa Cattolica\" \/>\n<meta property=\"og:description\" content=\"L&#039;ambiente, una religione con i suoi riti, tab\u00f9 alimentari, giorni santi: la difesa dell\u2019ambiente oggi ha preso una piega confessionale.\" \/>\n<meta property=\"og:url\" content=\"https:\/\/www.rassegnastampa-totustuus.it\/cattolica\/lambiente-una-religione\/\" \/>\n<meta property=\"og:site_name\" content=\"Rassegna Stampa Cattolica\" \/>\n<meta property=\"article:publisher\" content=\"https:\/\/www.facebook.com\/rassegnastampacattolica\" \/>\n<meta property=\"article:published_time\" content=\"2023-12-27T23:00:00+00:00\" \/>\n<meta property=\"article:modified_time\" content=\"2024-01-04T13:22:20+00:00\" \/>\n<meta property=\"og:image\" content=\"https:\/\/www.rassegnastampa-totustuus.it\/cattolica\/wp-content\/uploads\/2010\/07\/Gaia.jpg\" \/>\n\t<meta property=\"og:image:width\" content=\"200\" \/>\n\t<meta property=\"og:image:height\" content=\"252\" \/>\n\t<meta property=\"og:image:type\" content=\"image\/jpeg\" \/>\n<meta name=\"author\" content=\"Redazione\" \/>\n<meta name=\"twitter:card\" content=\"summary_large_image\" \/>\n<meta name=\"twitter:creator\" content=\"@rassegnastampa9\" \/>\n<meta name=\"twitter:site\" content=\"@rassegnastampa9\" \/>\n<meta name=\"twitter:label1\" content=\"Scritto da\" \/>\n\t<meta name=\"twitter:data1\" content=\"Redazione\" \/>\n\t<meta name=\"twitter:label2\" content=\"Tempo di lettura stimato\" \/>\n\t<meta name=\"twitter:data2\" content=\"7 minuti\" \/>\n<script type=\"application\/ld+json\" class=\"yoast-schema-graph\">{\"@context\":\"https:\\\/\\\/schema.org\",\"@graph\":[{\"@type\":\"Article\",\"@id\":\"https:\\\/\\\/www.rassegnastampa-totustuus.it\\\/cattolica\\\/lambiente-una-religione\\\/#article\",\"isPartOf\":{\"@id\":\"https:\\\/\\\/www.rassegnastampa-totustuus.it\\\/cattolica\\\/lambiente-una-religione\\\/\"},\"author\":{\"name\":\"Redazione\",\"@id\":\"https:\\\/\\\/www.rassegnastampa-totustuus.it\\\/cattolica\\\/#\\\/schema\\\/person\\\/08f319d2bd1a0904ad9e2bfb7b15e5c3\"},\"headline\":\"L&#8217;ambiente, una religione\",\"datePublished\":\"2023-12-27T23:00:00+00:00\",\"dateModified\":\"2024-01-04T13:22:20+00:00\",\"mainEntityOfPage\":{\"@id\":\"https:\\\/\\\/www.rassegnastampa-totustuus.it\\\/cattolica\\\/lambiente-una-religione\\\/\"},\"wordCount\":1027,\"publisher\":{\"@id\":\"https:\\\/\\\/www.rassegnastampa-totustuus.it\\\/cattolica\\\/#organization\"},\"image\":{\"@id\":\"https:\\\/\\\/www.rassegnastampa-totustuus.it\\\/cattolica\\\/lambiente-una-religione\\\/#primaryimage\"},\"thumbnailUrl\":\"https:\\\/\\\/www.rassegnastampa-totustuus.it\\\/cattolica\\\/wp-content\\\/uploads\\\/2010\\\/07\\\/Gaia.jpg\",\"keywords\":[\"Ambientalismo\",\"nuove religioni\"],\"articleSection\":[\"Ambientalismo\",\"Nuove religioni\"],\"inLanguage\":\"it-IT\"},{\"@type\":\"WebPage\",\"@id\":\"https:\\\/\\\/www.rassegnastampa-totustuus.it\\\/cattolica\\\/lambiente-una-religione\\\/\",\"url\":\"https:\\\/\\\/www.rassegnastampa-totustuus.it\\\/cattolica\\\/lambiente-una-religione\\\/\",\"name\":\"L'ambiente, una religione - Rassegna Stampa Cattolica\",\"isPartOf\":{\"@id\":\"https:\\\/\\\/www.rassegnastampa-totustuus.it\\\/cattolica\\\/#website\"},\"primaryImageOfPage\":{\"@id\":\"https:\\\/\\\/www.rassegnastampa-totustuus.it\\\/cattolica\\\/lambiente-una-religione\\\/#primaryimage\"},\"image\":{\"@id\":\"https:\\\/\\\/www.rassegnastampa-totustuus.it\\\/cattolica\\\/lambiente-una-religione\\\/#primaryimage\"},\"thumbnailUrl\":\"https:\\\/\\\/www.rassegnastampa-totustuus.it\\\/cattolica\\\/wp-content\\\/uploads\\\/2010\\\/07\\\/Gaia.jpg\",\"datePublished\":\"2023-12-27T23:00:00+00:00\",\"dateModified\":\"2024-01-04T13:22:20+00:00\",\"description\":\"L'ambiente, una religione con i suoi riti, tab\u00f9 alimentari, giorni santi: la difesa dell\u2019ambiente oggi ha preso una piega confessionale.\",\"breadcrumb\":{\"@id\":\"https:\\\/\\\/www.rassegnastampa-totustuus.it\\\/cattolica\\\/lambiente-una-religione\\\/#breadcrumb\"},\"inLanguage\":\"it-IT\",\"potentialAction\":[{\"@type\":\"ReadAction\",\"target\":[\"https:\\\/\\\/www.rassegnastampa-totustuus.it\\\/cattolica\\\/lambiente-una-religione\\\/\"]}]},{\"@type\":\"ImageObject\",\"inLanguage\":\"it-IT\",\"@id\":\"https:\\\/\\\/www.rassegnastampa-totustuus.it\\\/cattolica\\\/lambiente-una-religione\\\/#primaryimage\",\"url\":\"https:\\\/\\\/www.rassegnastampa-totustuus.it\\\/cattolica\\\/wp-content\\\/uploads\\\/2010\\\/07\\\/Gaia.jpg\",\"contentUrl\":\"https:\\\/\\\/www.rassegnastampa-totustuus.it\\\/cattolica\\\/wp-content\\\/uploads\\\/2010\\\/07\\\/Gaia.jpg\",\"width\":200,\"height\":252},{\"@type\":\"BreadcrumbList\",\"@id\":\"https:\\\/\\\/www.rassegnastampa-totustuus.it\\\/cattolica\\\/lambiente-una-religione\\\/#breadcrumb\",\"itemListElement\":[{\"@type\":\"ListItem\",\"position\":1,\"name\":\"Home\",\"item\":\"https:\\\/\\\/www.rassegnastampa-totustuus.it\\\/cattolica\\\/\"},{\"@type\":\"ListItem\",\"position\":2,\"name\":\"L&#8217;ambiente, una religione\"}]},{\"@type\":\"WebSite\",\"@id\":\"https:\\\/\\\/www.rassegnastampa-totustuus.it\\\/cattolica\\\/#website\",\"url\":\"https:\\\/\\\/www.rassegnastampa-totustuus.it\\\/cattolica\\\/\",\"name\":\"Rassegna Stampa Cattolica\",\"description\":\"Per una cultura che nasce dalla Rivelazione cristiana in conformit\u00e0 alla tradizione e al Magistero della Chiesa in opposizione ad ogni relativismo e totalitarismo\",\"publisher\":{\"@id\":\"https:\\\/\\\/www.rassegnastampa-totustuus.it\\\/cattolica\\\/#organization\"},\"alternateName\":\"Rass. Cattolica\",\"potentialAction\":[{\"@type\":\"SearchAction\",\"target\":{\"@type\":\"EntryPoint\",\"urlTemplate\":\"https:\\\/\\\/www.rassegnastampa-totustuus.it\\\/cattolica\\\/?s={search_term_string}\"},\"query-input\":{\"@type\":\"PropertyValueSpecification\",\"valueRequired\":true,\"valueName\":\"search_term_string\"}}],\"inLanguage\":\"it-IT\"},{\"@type\":\"Organization\",\"@id\":\"https:\\\/\\\/www.rassegnastampa-totustuus.it\\\/cattolica\\\/#organization\",\"name\":\"Rassegna Stampa Cattolica\",\"url\":\"https:\\\/\\\/www.rassegnastampa-totustuus.it\\\/cattolica\\\/\",\"logo\":{\"@type\":\"ImageObject\",\"inLanguage\":\"it-IT\",\"@id\":\"https:\\\/\\\/www.rassegnastampa-totustuus.it\\\/cattolica\\\/#\\\/schema\\\/logo\\\/image\\\/\",\"url\":\"https:\\\/\\\/www.rassegnastampa-totustuus.it\\\/cattolica\\\/wp-content\\\/uploads\\\/2014\\\/04\\\/logo-rassegna1.gif\",\"contentUrl\":\"https:\\\/\\\/www.rassegnastampa-totustuus.it\\\/cattolica\\\/wp-content\\\/uploads\\\/2014\\\/04\\\/logo-rassegna1.gif\",\"width\":600,\"height\":163,\"caption\":\"Rassegna Stampa Cattolica\"},\"image\":{\"@id\":\"https:\\\/\\\/www.rassegnastampa-totustuus.it\\\/cattolica\\\/#\\\/schema\\\/logo\\\/image\\\/\"},\"sameAs\":[\"https:\\\/\\\/www.facebook.com\\\/rassegnastampacattolica\",\"https:\\\/\\\/x.com\\\/rassegnastampa9\"]},{\"@type\":\"Person\",\"@id\":\"https:\\\/\\\/www.rassegnastampa-totustuus.it\\\/cattolica\\\/#\\\/schema\\\/person\\\/08f319d2bd1a0904ad9e2bfb7b15e5c3\",\"name\":\"Redazione\",\"image\":{\"@type\":\"ImageObject\",\"inLanguage\":\"it-IT\",\"@id\":\"https:\\\/\\\/secure.gravatar.com\\\/avatar\\\/2fcdf27c78ea025fbdb44e914cc63c72249ffec9dc8aafd5c82b26240ef3f346?s=96&d=mm&r=g\",\"url\":\"https:\\\/\\\/secure.gravatar.com\\\/avatar\\\/2fcdf27c78ea025fbdb44e914cc63c72249ffec9dc8aafd5c82b26240ef3f346?s=96&d=mm&r=g\",\"contentUrl\":\"https:\\\/\\\/secure.gravatar.com\\\/avatar\\\/2fcdf27c78ea025fbdb44e914cc63c72249ffec9dc8aafd5c82b26240ef3f346?s=96&d=mm&r=g\",\"caption\":\"Redazione\"},\"url\":\"https:\\\/\\\/www.rassegnastampa-totustuus.it\\\/cattolica\\\/author\\\/pietroelle\\\/\"}]}<\/script>\n<!-- \/ Yoast SEO plugin. -->","yoast_head_json":{"title":"L'ambiente, una religione - Rassegna Stampa Cattolica","description":"L'ambiente, una religione con i suoi riti, tab\u00f9 alimentari, giorni santi: la difesa dell\u2019ambiente oggi ha preso una piega confessionale.","robots":{"index":"index","follow":"follow","max-snippet":"max-snippet:-1","max-image-preview":"max-image-preview:large","max-video-preview":"max-video-preview:-1"},"canonical":"https:\/\/www.rassegnastampa-totustuus.it\/cattolica\/lambiente-una-religione\/","og_locale":"it_IT","og_type":"article","og_title":"L'ambiente, una religione - Rassegna Stampa Cattolica","og_description":"L'ambiente, una religione con i suoi riti, tab\u00f9 alimentari, giorni santi: la difesa dell\u2019ambiente oggi ha preso una piega confessionale.","og_url":"https:\/\/www.rassegnastampa-totustuus.it\/cattolica\/lambiente-una-religione\/","og_site_name":"Rassegna Stampa Cattolica","article_publisher":"https:\/\/www.facebook.com\/rassegnastampacattolica","article_published_time":"2023-12-27T23:00:00+00:00","article_modified_time":"2024-01-04T13:22:20+00:00","og_image":[{"width":200,"height":252,"url":"https:\/\/www.rassegnastampa-totustuus.it\/cattolica\/wp-content\/uploads\/2010\/07\/Gaia.jpg","type":"image\/jpeg"}],"author":"Redazione","twitter_card":"summary_large_image","twitter_creator":"@rassegnastampa9","twitter_site":"@rassegnastampa9","twitter_misc":{"Scritto da":"Redazione","Tempo di lettura stimato":"7 minuti"},"schema":{"@context":"https:\/\/schema.org","@graph":[{"@type":"Article","@id":"https:\/\/www.rassegnastampa-totustuus.it\/cattolica\/lambiente-una-religione\/#article","isPartOf":{"@id":"https:\/\/www.rassegnastampa-totustuus.it\/cattolica\/lambiente-una-religione\/"},"author":{"name":"Redazione","@id":"https:\/\/www.rassegnastampa-totustuus.it\/cattolica\/#\/schema\/person\/08f319d2bd1a0904ad9e2bfb7b15e5c3"},"headline":"L&#8217;ambiente, una religione","datePublished":"2023-12-27T23:00:00+00:00","dateModified":"2024-01-04T13:22:20+00:00","mainEntityOfPage":{"@id":"https:\/\/www.rassegnastampa-totustuus.it\/cattolica\/lambiente-una-religione\/"},"wordCount":1027,"publisher":{"@id":"https:\/\/www.rassegnastampa-totustuus.it\/cattolica\/#organization"},"image":{"@id":"https:\/\/www.rassegnastampa-totustuus.it\/cattolica\/lambiente-una-religione\/#primaryimage"},"thumbnailUrl":"https:\/\/www.rassegnastampa-totustuus.it\/cattolica\/wp-content\/uploads\/2010\/07\/Gaia.jpg","keywords":["Ambientalismo","nuove religioni"],"articleSection":["Ambientalismo","Nuove religioni"],"inLanguage":"it-IT"},{"@type":"WebPage","@id":"https:\/\/www.rassegnastampa-totustuus.it\/cattolica\/lambiente-una-religione\/","url":"https:\/\/www.rassegnastampa-totustuus.it\/cattolica\/lambiente-una-religione\/","name":"L'ambiente, una religione - Rassegna Stampa Cattolica","isPartOf":{"@id":"https:\/\/www.rassegnastampa-totustuus.it\/cattolica\/#website"},"primaryImageOfPage":{"@id":"https:\/\/www.rassegnastampa-totustuus.it\/cattolica\/lambiente-una-religione\/#primaryimage"},"image":{"@id":"https:\/\/www.rassegnastampa-totustuus.it\/cattolica\/lambiente-una-religione\/#primaryimage"},"thumbnailUrl":"https:\/\/www.rassegnastampa-totustuus.it\/cattolica\/wp-content\/uploads\/2010\/07\/Gaia.jpg","datePublished":"2023-12-27T23:00:00+00:00","dateModified":"2024-01-04T13:22:20+00:00","description":"L'ambiente, una religione con i suoi riti, tab\u00f9 alimentari, giorni santi: la difesa dell\u2019ambiente oggi ha preso una piega confessionale.","breadcrumb":{"@id":"https:\/\/www.rassegnastampa-totustuus.it\/cattolica\/lambiente-una-religione\/#breadcrumb"},"inLanguage":"it-IT","potentialAction":[{"@type":"ReadAction","target":["https:\/\/www.rassegnastampa-totustuus.it\/cattolica\/lambiente-una-religione\/"]}]},{"@type":"ImageObject","inLanguage":"it-IT","@id":"https:\/\/www.rassegnastampa-totustuus.it\/cattolica\/lambiente-una-religione\/#primaryimage","url":"https:\/\/www.rassegnastampa-totustuus.it\/cattolica\/wp-content\/uploads\/2010\/07\/Gaia.jpg","contentUrl":"https:\/\/www.rassegnastampa-totustuus.it\/cattolica\/wp-content\/uploads\/2010\/07\/Gaia.jpg","width":200,"height":252},{"@type":"BreadcrumbList","@id":"https:\/\/www.rassegnastampa-totustuus.it\/cattolica\/lambiente-una-religione\/#breadcrumb","itemListElement":[{"@type":"ListItem","position":1,"name":"Home","item":"https:\/\/www.rassegnastampa-totustuus.it\/cattolica\/"},{"@type":"ListItem","position":2,"name":"L&#8217;ambiente, una religione"}]},{"@type":"WebSite","@id":"https:\/\/www.rassegnastampa-totustuus.it\/cattolica\/#website","url":"https:\/\/www.rassegnastampa-totustuus.it\/cattolica\/","name":"Rassegna Stampa Cattolica","description":"Per una cultura che nasce dalla Rivelazione cristiana in conformit\u00e0 alla tradizione e al Magistero della Chiesa in opposizione ad ogni relativismo e totalitarismo","publisher":{"@id":"https:\/\/www.rassegnastampa-totustuus.it\/cattolica\/#organization"},"alternateName":"Rass. Cattolica","potentialAction":[{"@type":"SearchAction","target":{"@type":"EntryPoint","urlTemplate":"https:\/\/www.rassegnastampa-totustuus.it\/cattolica\/?s={search_term_string}"},"query-input":{"@type":"PropertyValueSpecification","valueRequired":true,"valueName":"search_term_string"}}],"inLanguage":"it-IT"},{"@type":"Organization","@id":"https:\/\/www.rassegnastampa-totustuus.it\/cattolica\/#organization","name":"Rassegna Stampa Cattolica","url":"https:\/\/www.rassegnastampa-totustuus.it\/cattolica\/","logo":{"@type":"ImageObject","inLanguage":"it-IT","@id":"https:\/\/www.rassegnastampa-totustuus.it\/cattolica\/#\/schema\/logo\/image\/","url":"https:\/\/www.rassegnastampa-totustuus.it\/cattolica\/wp-content\/uploads\/2014\/04\/logo-rassegna1.gif","contentUrl":"https:\/\/www.rassegnastampa-totustuus.it\/cattolica\/wp-content\/uploads\/2014\/04\/logo-rassegna1.gif","width":600,"height":163,"caption":"Rassegna Stampa Cattolica"},"image":{"@id":"https:\/\/www.rassegnastampa-totustuus.it\/cattolica\/#\/schema\/logo\/image\/"},"sameAs":["https:\/\/www.facebook.com\/rassegnastampacattolica","https:\/\/x.com\/rassegnastampa9"]},{"@type":"Person","@id":"https:\/\/www.rassegnastampa-totustuus.it\/cattolica\/#\/schema\/person\/08f319d2bd1a0904ad9e2bfb7b15e5c3","name":"Redazione","image":{"@type":"ImageObject","inLanguage":"it-IT","@id":"https:\/\/secure.gravatar.com\/avatar\/2fcdf27c78ea025fbdb44e914cc63c72249ffec9dc8aafd5c82b26240ef3f346?s=96&d=mm&r=g","url":"https:\/\/secure.gravatar.com\/avatar\/2fcdf27c78ea025fbdb44e914cc63c72249ffec9dc8aafd5c82b26240ef3f346?s=96&d=mm&r=g","contentUrl":"https:\/\/secure.gravatar.com\/avatar\/2fcdf27c78ea025fbdb44e914cc63c72249ffec9dc8aafd5c82b26240ef3f346?s=96&d=mm&r=g","caption":"Redazione"},"url":"https:\/\/www.rassegnastampa-totustuus.it\/cattolica\/author\/pietroelle\/"}]}},"_links":{"self":[{"href":"https:\/\/www.rassegnastampa-totustuus.it\/cattolica\/wp-json\/wp\/v2\/posts\/58433","targetHints":{"allow":["GET"]}}],"collection":[{"href":"https:\/\/www.rassegnastampa-totustuus.it\/cattolica\/wp-json\/wp\/v2\/posts"}],"about":[{"href":"https:\/\/www.rassegnastampa-totustuus.it\/cattolica\/wp-json\/wp\/v2\/types\/post"}],"author":[{"embeddable":true,"href":"https:\/\/www.rassegnastampa-totustuus.it\/cattolica\/wp-json\/wp\/v2\/users\/6"}],"replies":[{"embeddable":true,"href":"https:\/\/www.rassegnastampa-totustuus.it\/cattolica\/wp-json\/wp\/v2\/comments?post=58433"}],"version-history":[{"count":2,"href":"https:\/\/www.rassegnastampa-totustuus.it\/cattolica\/wp-json\/wp\/v2\/posts\/58433\/revisions"}],"predecessor-version":[{"id":58633,"href":"https:\/\/www.rassegnastampa-totustuus.it\/cattolica\/wp-json\/wp\/v2\/posts\/58433\/revisions\/58633"}],"wp:featuredmedia":[{"embeddable":true,"href":"https:\/\/www.rassegnastampa-totustuus.it\/cattolica\/wp-json\/wp\/v2\/media\/21232"}],"wp:attachment":[{"href":"https:\/\/www.rassegnastampa-totustuus.it\/cattolica\/wp-json\/wp\/v2\/media?parent=58433"}],"wp:term":[{"taxonomy":"category","embeddable":true,"href":"https:\/\/www.rassegnastampa-totustuus.it\/cattolica\/wp-json\/wp\/v2\/categories?post=58433"},{"taxonomy":"post_tag","embeddable":true,"href":"https:\/\/www.rassegnastampa-totustuus.it\/cattolica\/wp-json\/wp\/v2\/tags?post=58433"}],"curies":[{"name":"wp","href":"https:\/\/api.w.org\/{rel}","templated":true}]}}