{"id":58374,"date":"2023-12-28T00:00:00","date_gmt":"2023-12-27T23:00:00","guid":{"rendered":"https:\/\/www.rassegnastampa-totustuus.it\/cattolica\/?p=58374"},"modified":"2023-12-24T17:37:11","modified_gmt":"2023-12-24T16:37:11","slug":"perche-la-legittima-difesa-e-condannata","status":"publish","type":"post","link":"https:\/\/www.rassegnastampa-totustuus.it\/cattolica\/perche-la-legittima-difesa-e-condannata\/","title":{"rendered":"Perch\u00e8 la legittima difesa \u00e8 condannata?"},"content":{"rendered":"<p style=\"text-align: justify;\"><span style=\"color: #000000;\"><strong><img loading=\"lazy\" decoding=\"async\" class=\" wp-image-31550 alignleft\" src=\"https:\/\/www.rassegnastampa-totustuus.it\/cattolica\/wp-content\/uploads\/2005\/05\/legittima_difesa.jpg\" alt=\"\" width=\"307\" height=\"211\" \/>Abstract. <\/strong><em>Perch\u00e8 la legittima difesa \u00e8 condannata. La vicenda del gioielliere condannato a quasi due decenni di carcere e a risarcire i danni per una somma esorbitante per avere ferito a morte un rapinatore, ha suscitato in molti\u00a0 un profondo senso di sconcerto, quello che si prova davanti ad una evidente ingiustizia. <\/em><\/span><span style=\"color: #000000;\"><em>In passato interpretazione e applicazione delle norme sulla legittima difesa portavano ad esiti molto pi\u00f9 equilibrati. Ecco perch\u00e9 oggi non \u00e8 pi\u00f9 cos\u00ec<\/em><\/span><\/p>\n<p><!--more--><\/p>\n<p style=\"text-align: center;\"><span style=\"color: #000000;\"><a href=\"https:\/\/www.nicolaporro.it\/atlanticoquotidiano\/\" target=\"_blank\" rel=\"noopener\"><strong><span style=\"color: #0000ff;\">Atlantico <\/span><\/strong><\/a>23 Dicembre 2023 <\/span><\/p>\n<h3 style=\"text-align: center;\"><span style=\"color: #000000;\"><strong>Perch\u00e9 i nostri giudici non sanno pi\u00f9 mettersi nei panni dell\u2019aggredito<\/strong> <\/span><\/h3>\n<p style=\"text-align: justify;\"><span style=\"color: #000000;\"><em>In passato interpretazione e applicazione delle norme sulla legittima difesa portavano ad esiti molto pi\u00f9 equilibrati. Ecco perch\u00e9 oggi non \u00e8 pi\u00f9 cos\u00ec<\/em> <\/span><\/p>\n<p style=\"text-align: center;\"><span style=\"color: #000000;\">di <strong>Fabrizio Borasi<\/strong><\/span><\/p>\n<p style=\"text-align: justify;\"><span style=\"color: #000000;\"><img loading=\"lazy\" decoding=\"async\" class=\" wp-image-31517 alignleft\" src=\"https:\/\/www.rassegnastampa-totustuus.it\/cattolica\/wp-content\/uploads\/2009\/03\/giudici.jpg\" alt=\"\" width=\"346\" height=\"230\" \/>La vicenda del gioielliere condannato a quasi due decenni di carcere e a risarcire i danni per una somma esorbitante per avere ferito a morte un rapinatore, ha suscitato in molti (compreso chi scrive) un <strong>profondo senso di sconcerto<\/strong>, quello che si prova davanti ad una evidente ingiustizia. In effetti, a conti fatti, il gioielliere ha subito le stesse conseguenze penali e civili che subirebbe un killer prezzolato che spara in maniera premeditata ad una persona che cammina per strada.<\/span><\/p>\n<h4 style=\"text-align: center;\"><span style=\"color: #000000;\"><strong>Giustizia ingiusta<\/strong><\/span><\/h4>\n<p style=\"text-align: justify;\"><span style=\"color: #000000;\">Il diritto per\u00f2, dir\u00e0 qualcuno, \u00e8 una disciplina tecnica, che segue una logica diversa da quella del senso comune, e qualcun altro ricorder\u00e0 che gi\u00e0 nell\u2019antica Roma (patria dei giuristi), <strong>Cicerone<\/strong> (106 \u2013 43 a.C.) affermava che spesso la pi\u00f9 raffinata applicazione della legge coincide con la pi\u00f9 grande ingiustizia (<em>summum ius, summa iniuria<\/em>). Tuttavia \u00e8 anche vero che quando le decisioni giuridiche <strong>contrastano in maniera evidente con il principio di equit\u00e0<\/strong>, ci\u00f2 rappresenta un segnale di allarme che suggerisce che qualcosa non va e che le norme e\/o la loro applicazione vanno cambiate.<\/span><\/p>\n<p style=\"text-align: justify;\">T<span style=\"color: #000000;\">ralasciando il caso specifico (riguardo al quale c\u2019\u00e8 solo da augurarsi che la sentenza di primo grado venga riformata in appello in maniera pi\u00f9 equa), le modalit\u00e0 della gestione dal parte del potere giudiziario (o della maggioranza dei suoi esponenti) dei casi di autodifesa non possono, con tutto il rispetto, essere condivise. Troppo spesso persone che, in qualit\u00e0 di vittime della violenza altrui a questa violenza si sono opposte, vengono <strong>condannate come se fossero i responsabili<\/strong> di una situazione che non hanno creato e che avrebbero dato qualunque cosa per evitare; e troppo spesso anche quando nella reazione possono ravvisarsi un eccesso o un errore punibili penalmente, le condanne eccedono di gran lunga la corretta misura.<\/span><\/p>\n<h4 style=\"text-align: center;\"><span style=\"color: #000000;\"><strong>La tutela prioritaria dell\u2019aggredito<\/strong><\/span><\/h4>\n<p style=\"text-align: justify;\"><span style=\"color: #000000;\">Peraltro, nei manuali di diritto penale di qualche decennio fa, e soprattutto nella prassi giudiziaria di allora l\u2019interpretazione e l\u2019applicazione delle norme sulla legittima difesa (articoli 52, 55 e 59 del codice penale) portavano ad <strong>esiti molto pi\u00f9 equilibrati<\/strong> e molto pi\u00f9 favorevoli alla vittima iniziale dell\u2019aggressione.<\/span><\/p>\n<p style=\"text-align: justify;\"><span style=\"color: #000000;\"><img loading=\"lazy\" decoding=\"async\" class=\" wp-image-27259 alignright\" src=\"https:\/\/www.rassegnastampa-totustuus.it\/cattolica\/wp-content\/uploads\/2009\/04\/giudici.jpg\" alt=\"\" width=\"339\" height=\"254\" \/>La disciplina tecnico-giuridica dell\u2019autodifesa era in sostanza basata su una concezione culturale che stava monte, e che consisteva in una sorta di <em>\u201ctutela prioritaria\u201d<\/em> dell\u2019aggredito: questa visione \u201cdi favore\u201d era pienamente giustificata dal fatto che il suo comportamento era considerato un atto legittimo, da condannare <strong>solo nei suoi eventuali eccessi o errori<\/strong>, mentre quello dell\u2019aggressore, in quanto atto illecito e per giunta violento non meritava tutela, se non nei casi in cui la reazione assumeva il carattere di una vendetta o di una punizione, inutile per la difesa dei diritti dell\u2019aggredito.<\/span><\/p>\n<p style=\"text-align: justify;\"><span style=\"color: #000000;\">Non si trattava di una impostazione a senso unico, non si riconosceva all\u2019aggredito una sorta di <em>\u201clicenza di sparare\u201d<\/em> illimitata: ben specificata sia nei testi degli studiosi che nelle sentenze era infatti la necessit\u00e0 di salvaguardare anche l\u2019incolumit\u00e0 dell\u2019aggressore, solamente che questa esigenza veniva in parte subordinata al fatto che chi delinque (e delinque in maniera violenta) si deve <strong>assumere le responsabilit\u00e0 delle conseguenze<\/strong> dei suoi atti.<\/span><\/p>\n<h4 style=\"text-align: center;\"><span style=\"color: #000000;\"><strong>Cultura dell\u2019equidistanza <\/strong><\/span><\/h4>\n<p style=\"text-align: justify;\"><span style=\"color: #000000;\">Da qualche tempo per\u00f2 l\u2019impostazione culturale della giurisprudenza nel nostro Paese \u00e8 cambiata, in peggio a giudizio di chi scrive. Molto probabilmente sotto l\u2019influsso, a volte sotterraneo ma non per questo meno efficace, della <strong>cultura buonista o politicamente corretta<\/strong> che per principio trova enormi difficolt\u00e0 a riconoscere che esistano un torto ed una ragione ben definiti (tutti concetti da decostruire perch\u00e9 ritenuti contrari alla creazione di equi rapporti sociali), l\u2019interpretazione e l\u2019applicazione delle norme sulla legittima difesa sono state profondamente modificate.<\/span><\/p>\n<p style=\"text-align: justify;\"><span style=\"color: #000000;\"><img loading=\"lazy\" decoding=\"async\" class=\" wp-image-52953 alignleft\" src=\"https:\/\/www.rassegnastampa-totustuus.it\/cattolica\/wp-content\/uploads\/2021\/11\/polizia_crimini-300x158.jpg\" alt=\"\" width=\"363\" height=\"191\" srcset=\"https:\/\/www.rassegnastampa-totustuus.it\/cattolica\/wp-content\/uploads\/2021\/11\/polizia_crimini-300x158.jpg 300w, https:\/\/www.rassegnastampa-totustuus.it\/cattolica\/wp-content\/uploads\/2021\/11\/polizia_crimini.jpg 310w\" sizes=\"auto, (max-width: 363px) 100vw, 363px\" \/>Per molti versi la posizione dell\u2019aggredito che reagisce e quella dell\u2019aggressore sono state quasi <strong>messe sullo stesso piano<\/strong>, abbandonando la posizione orientata principalmente alla tutela del primo, e portando alle conseguenze criticabili cui ho accennato. Ma proviamo a vedere quali sono stati i principali mutamenti in questa parte applicativa del diritto penale, e perch\u00e9 essi sono da valutare negativamente<\/span>.<\/p>\n<p style=\"text-align: justify;\"><span style=\"color: #000000;\">Innanzitutto, la <strong>valutazione del fatto in s\u00e9<\/strong> (che rientra in quello che si chiama <em>\u201celemento oggettivo\u201d<\/em> del reato, sia pure, in questo caso, nel senso che ne esclude l\u2019illiceit\u00e0): tradizionalmente quanto avveniva in un determinato contesto (rapina in casa, specialmente in ore notturne; rapina in negozio ecc.) veniva <strong>considerato in maniera unitaria<\/strong>, per cui la reazione \u201cnecessaria\u201d e \u201cproporzionale all\u2019offesa\u201d richiesta dal codice per aversi legittima difesa era valutata considerando globalmente la situazione, senza distinguere ad esempio se il rapinatore avesse o meno gi\u00e0 riposto le armi e stesse fuggendo, con l\u2019ovvio limite dell\u2019unit\u00e0 dell\u2019azione, nel senso che la reazione doveva svolgersi sempre all\u2019interno dei locali dell\u2019aggredito o nelle immediate vicinanze e doveva essere immediata e non avvenire quando gi\u00e0 l\u2019aggressore si era impossessato definitivamente del bene, mettendolo al sicuro.<\/span><\/p>\n<p style=\"text-align: justify;\"><span style=\"color: #000000;\">Inoltre, la proporzione tra il diritto minacciato e quello leso con la reazione venivano intese in senso elastico, nel senso che ad esempio l\u2019uso delle armi era consentito entro certi limiti <strong>anche per la sola tutela dei beni materiali<\/strong>, come nel caso di semplice furto e non solo in quello di rapina a mano armata.<\/span><\/p>\n<p style=\"text-align: justify;\"><span style=\"color: #000000;\">Oggi invece il fatto da esaminare viene spesso <strong>spezzettato nel giudizio<\/strong>: ad esempio si distingue tra il momento in cui il rapinatore minaccia (nel qual caso la reazione \u00e8 legittima) e il momento in cui fugge con il bottino (nel qual caso non lo \u00e8 pi\u00f9), e la proporzionalit\u00e0 inoltre \u00e8 intesa in senso rigoroso: quasi solo nel momento della minaccia armata alla persona si pu\u00f2 reagire con la forz<\/span>a.<\/p>\n<p style=\"text-align: justify;\"><span style=\"color: #000000;\">In questo modo viene meno quella <em>\u201ctutela prioritaria\u201d<\/em> che l\u2019applicazione tradizionale delle norme riservava all\u2019aggredito, e sembra sovente che lo Stato, il potere giudiziario e a monte quello di accusa, prendano culturalmente una <strong>posizione quasi di \u201cneutralit\u00e0\u201d tra chi aggredisce e chi si difende<\/strong>, una posizione che (anche se \u00e8 sacrosanto limitare gli eccessi dell\u2019autodifesa) non si pu\u00f2 condividere.<\/span><\/p>\n<h4 style=\"text-align: center;\"><span style=\"color: #000000;\"><strong>Nei panni dell\u2019aggredito <\/strong><\/span><\/h4>\n<p style=\"text-align: justify;\"><span style=\"color: #000000;\"><img loading=\"lazy\" decoding=\"async\" class=\"wp-image-58375 alignright\" src=\"https:\/\/www.rassegnastampa-totustuus.it\/cattolica\/wp-content\/uploads\/2023\/12\/rapina_locandina_film.jpg\" alt=\"\" width=\"164\" height=\"232\" \/>Un altro aspetto profondamente modificatosi negli ultimi decenni di applicazione delle norme in tema di legittima difesa riguarda la valutazione della colpevolezza personale di chi si difende, quello che viene chiamato <em>\u201celemento soggettivo del reato\u201d<\/em>. Davanti a casi come quello del gioielliere, purtroppo frequenti, nei quali il soggetto che reagisce viene condannato per omicidio intenzionale (doloso), lo sconcerto \u00e8 forte e viene da chiedersi: se l\u2019omicidio \u00e8 intenzionale quale sarebbe (uso un\u2019espressione non tecnica) il movente? Perch\u00e9 l\u2019aggredito ha sparato ad un soggetto che nemmeno conosceva? Lo ha forse fatto per il puro gusto di sparare anche a costo di uccidere, con quell\u2019atteggiamento mentale che \u00e8 chiamato <em>\u201cdolo eventuale\u201d<\/em>? La risposta \u00e8 invece banale: chi spara in questi casi, lo fa <strong>per difendersi<\/strong>, per cui l\u2019intenzione di uccidere per altri motivi, se non impossibile \u00e8 certo molto difficile che si verifichi in un caso di autodifesa<\/span>.<\/p>\n<p style=\"text-align: justify;\"><span style=\"color: #000000;\">Naturalmente \u00e8 invece possibile (e purtroppo accade) che chi si difende <strong>ecceda i limiti consentiti dalla legge<\/strong>, e a parte i casi di eccesso voluto cio\u00e8 doloso (si ferisce il ladro di polli, o il rapinatore che fugge senza bottino), nelle ipotesi di rapina l\u2019eccesso \u00e8 <strong>quasi sempre involontario<\/strong>, determinato cio\u00e8 non da dolo, ma da colpa (e le pene per l\u2019omicidio e le lesioni colposi sono molto pi\u00f9 lievi rispetto a quelle dell\u2019omicidio e delle lesioni volontari e molto minore \u00e8 l\u2019entit\u00e0 dei risarcimenti civili), nel senso che l\u2019aggredito sopravvaluta il pericolo oppure addirittura crede erroneamente di trovarsi di fronte ad un\u2019aggressione.<\/span><\/p>\n<p style=\"text-align: justify;\"><span style=\"color: #000000;\">Peraltro, anche nel valutare queste ipotesi (molto meno gravi come detto) di difesa illegittima in quanto colposa, la prassi giudiziaria ha subito una forte modifica negli ultimi decenni: mentre un tempo il giudice per cos\u00ec dire <em>\u201csi metteva nei panni\u201d<\/em> di chi aveva reagito, giudicando il suo comportamento in base alle circostanze di tempo e di luogo e alla situazione emotiva creata dall\u2019aggressione, oggi il giudizio tende ad essere \u201cfattuale\u201d e astratto da tutte queste circostanze, con <strong>evidente penalizzazione dell\u2019aggredito<\/strong><\/span>.<\/p>\n<p style=\"text-align: justify;\"><span style=\"color: #000000;\"><img loading=\"lazy\" decoding=\"async\" class=\" wp-image-31548 alignleft\" src=\"https:\/\/www.rassegnastampa-totustuus.it\/cattolica\/wp-content\/uploads\/2005\/05\/pistola.jpg\" alt=\"\" width=\"318\" height=\"238\" \/>Si pensi al caso del rapinatore armato di pistola giocattolo ma non distinguibile nella situazione concreta da una vera: in base all\u2019orientamento tradizionale chi reagiva veniva giustificato, in quanto non in grado di valutare che l\u2019arma era finta; in base all\u2019indirizzo recente, lo stesso viene non di rado condannato per omicidio colposo o lesioni colpose in quanto non era presente una minaccia \u201coggettiva\u201d<\/span>.<\/p>\n<p style=\"text-align: justify;\"><span style=\"color: #000000;\">Se certamene il diritto penale non deve arrivare sino a comprendere e a scusare tutte le situazioni personali (cosa che peraltro invece avviene in alcuni casi, ad esempio verso soggetti di cultura non occidentale ritenuti non imputabili perch\u00e9 non capaci di comprendere il carattere delittuoso del fatto compiuto), \u00e8 vero che il giudizio sull\u2019autodifesa dovrebbe consistere come era prassi in passato in un valutare i fatti, in maniera rigorosa ma concreta, <strong>ponendosi nella situazione di chi ha reagito<\/strong>.<\/span><\/p>\n<h4 style=\"text-align: center;\"><span style=\"color: #000000;\"><strong>Autodifesa diritto \u201cnaturale\u201d<\/strong><\/span><\/h4>\n<p style=\"text-align: justify;\"><span style=\"color: #000000;\">In fin dei conti, questo rappresenterebbe in gran parte un <strong>ritorno alla concezione tradizionale<\/strong>, magari da attenuare in alcuni suoi eccessi troppo favorevoli alla autodifesa, ma sostanzialmente da riprendere, sia pure in forma modificata. Ci\u00f2 anche perch\u00e9, quando reagisce alla violenza \u00e8 il cittadino che si <em>\u201cmette nei panni\u201d<\/em> dello Stato e in effetti si sostituisce ad esso.<\/span><\/p>\n<p style=\"text-align: justify;\"><span style=\"color: #000000;\">Su quali sarebbero i diritti e i doveri dei singoli uomini in una societ\u00e0 senza Stato, in una societ\u00e0 anarchica, si \u00e8 molto disquisito nel corso dei secoli: chi scrive ritiene corretta la concezione liberale propria ad esempio di <strong>John Locke<\/strong> (1632 \u2013 1704) che riconosce ai singoli anche in una ipotetica societ\u00e0 <em>\u201cdi natura\u201d<\/em> (anarchica) il possesso dei <strong>diritti fondamentali<\/strong>, compreso il diritto di autodifendersi.<\/span><\/p>\n<p style=\"text-align: justify;\"><span style=\"color: #000000;\">Se giustamente nella societ\u00e0 civile basata sullo Stato (la cui necessit\u00e0 nessuna teoria <em>\u201cantisovranista\u201d<\/em> \u00e8 mai riuscita a negare) solo il potere pubblico pu\u00f2 usare la forza verso chi delinque, \u00e8 anche vero che quando la forza pubblica non pu\u00f2 intervenire (e questo \u00e8 sempre pi\u00f9 spesso drammaticamente vero, per l\u2019aumento della criminalit\u00e0 e la diminuzione dell\u2019efficacia dell\u2019azione delle forze dell\u2019ordine, causata da tanti motivi che sarebbe lungo esaminare), <strong>entra in gioco il diritto \u201cnaturale\u201d all\u2019autodifesa<\/strong> dei singoli.<\/span><\/p>\n<p style=\"text-align: justify;\"><span style=\"color: #000000;\">Del resto la stessa legge italiana, il codice di procedura penale (art. 383) riconosce addirittura al privato cittadino, in assenza delle forze dell\u2019ordine, il <strong>potere di arrestare il colpevole<\/strong> di una serie di gravi reati, tra cui la rapina<\/span>.<\/p>\n<p style=\"text-align: justify;\"><span style=\"color: #000000;\">Abbiamo detto che troppo spesso la condanna di chi reagisce urta per molti (compreso il sottoscritto) contro il senso di equit\u00e0; forse a mio avviso il motivo ultimo sta proprio questo: chi reagisce alla violenza illecita non si pone contro la legalit\u00e0 e contro lo Stato (come fa chi compie il crimine, in particolare chi agisce in maniera intenzionale), ma di fatto, non essendo in quel momento tutelato dallo Stato, <strong>si sostituisce ad esso<\/strong>, e il giudizio di assoluzione o di condanna sul suo operato deve tenere conto di ci\u00f2<\/span>.<\/p>\n<p style=\"text-align: justify;\"><span style=\"color: #000000;\">Il non farlo \u2013 sia detto con tutto il rispetto per chi la pensa ed agisce diversamente \u2013 rappresenta una <strong>grave violazione del diritto fondamentale<\/strong>, <em>\u201cnaturale\u201d<\/em> di ogni essere umano a difendere s\u00e9 stesso, i propri cari e i propri beni, una situazione alla quale sia il potere politico che quello giudiziario \u201cper quanto di competenza\u201d come si usa dire, avrebbero, a parere di chi scrive, il dovere di porre rimedio<\/span>.<\/p>\n<p>__________________________________________<\/p>\n<p><span style=\"color: #000000;\"><strong>Per approfondire:<\/strong><\/span><\/p>\n<p><a href=\"https:\/\/www.rassegnastampa-totustuus.it\/cattolica\/la-legittima-difesa-e-un-diritto-naturale\/\" target=\"_blank\" rel=\"noopener\"><span style=\"color: #0000ff;\">La legittima difesa \u00e8 un diritto naturale<\/span><\/a><\/p>\n<p><span style=\"color: #0000ff;\"><a style=\"color: #0000ff;\" href=\"https:\/\/www.rassegnastampa-totustuus.it\/cattolica\/legittima-difesa-lerosione-del-diritto\/\" target=\"_blank\" rel=\"noopener\">Legittima difesa, l&#8217;erosione del diritto<\/a><\/span><\/p>\n","protected":false},"excerpt":{"rendered":"<p>Abstract. Perch\u00e8 la legittima difesa \u00e8 condannata. La vicenda del gioielliere condannato a quasi due decenni di carcere e a risarcire i danni per una somma esorbitante per avere ferito a morte un rapinatore, ha suscitato in molti\u00a0 un profondo senso di sconcerto, quello che si prova davanti ad una evidente ingiustizia. In passato interpretazione &hellip; <\/p>\n<p><a class=\"more-link btn\" href=\"https:\/\/www.rassegnastampa-totustuus.it\/cattolica\/perche-la-legittima-difesa-e-condannata\/\">Continua a leggere<\/a><\/p>\n","protected":false},"author":6,"featured_media":31550,"comment_status":"closed","ping_status":"closed","sticky":false,"template":"","format":"standard","meta":{"footnotes":""},"categories":[10],"tags":[180,2089,2605],"class_list":["post-58374","post","type-post","status-publish","format-standard","has-post-thumbnail","hentry","category-diritto","tag-diritto-2","tag-diritto-natuirale","tag-legittima-difesa","item-wrap"],"yoast_head":"<!-- This site is optimized with the Yoast SEO plugin v27.5 - https:\/\/yoast.com\/product\/yoast-seo-wordpress\/ -->\n<title>Perch\u00e8 la legittima difesa \u00e8 condannata? - Rassegna Stampa Cattolica<\/title>\n<meta name=\"description\" content=\"Perch\u00e8 la legittima difesa \u00e8 condannata? In passato interpretazione e applicazione delle norme era pi\u00f9 equilibrata. Ecco perch\u00e9 oggi non pi\u00f9\" \/>\n<meta name=\"robots\" content=\"index, follow, max-snippet:-1, max-image-preview:large, max-video-preview:-1\" \/>\n<link rel=\"canonical\" href=\"https:\/\/www.rassegnastampa-totustuus.it\/cattolica\/perche-la-legittima-difesa-e-condannata\/\" \/>\n<meta property=\"og:locale\" content=\"it_IT\" \/>\n<meta property=\"og:type\" content=\"article\" \/>\n<meta property=\"og:title\" content=\"Perch\u00e8 la legittima difesa \u00e8 condannata? - Rassegna Stampa Cattolica\" \/>\n<meta property=\"og:description\" content=\"Perch\u00e8 la legittima difesa \u00e8 condannata? In passato interpretazione e applicazione delle norme era pi\u00f9 equilibrata. Ecco perch\u00e9 oggi non pi\u00f9\" \/>\n<meta property=\"og:url\" content=\"https:\/\/www.rassegnastampa-totustuus.it\/cattolica\/perche-la-legittima-difesa-e-condannata\/\" \/>\n<meta property=\"og:site_name\" content=\"Rassegna Stampa Cattolica\" \/>\n<meta property=\"article:publisher\" content=\"https:\/\/www.facebook.com\/rassegnastampacattolica\" \/>\n<meta property=\"article:published_time\" content=\"2023-12-27T23:00:00+00:00\" \/>\n<meta property=\"og:image\" content=\"https:\/\/www.rassegnastampa-totustuus.it\/cattolica\/wp-content\/uploads\/2005\/05\/legittima_difesa.jpg\" \/>\n\t<meta property=\"og:image:width\" content=\"271\" \/>\n\t<meta property=\"og:image:height\" content=\"186\" \/>\n\t<meta property=\"og:image:type\" content=\"image\/jpeg\" \/>\n<meta name=\"author\" content=\"Redazione\" \/>\n<meta name=\"twitter:card\" content=\"summary_large_image\" \/>\n<meta name=\"twitter:creator\" content=\"@rassegnastampa9\" \/>\n<meta name=\"twitter:site\" content=\"@rassegnastampa9\" \/>\n<meta name=\"twitter:label1\" content=\"Scritto da\" \/>\n\t<meta name=\"twitter:data1\" content=\"Redazione\" \/>\n\t<meta name=\"twitter:label2\" content=\"Tempo di lettura stimato\" \/>\n\t<meta name=\"twitter:data2\" content=\"12 minuti\" \/>\n<script type=\"application\/ld+json\" class=\"yoast-schema-graph\">{\"@context\":\"https:\\\/\\\/schema.org\",\"@graph\":[{\"@type\":\"Article\",\"@id\":\"https:\\\/\\\/www.rassegnastampa-totustuus.it\\\/cattolica\\\/perche-la-legittima-difesa-e-condannata\\\/#article\",\"isPartOf\":{\"@id\":\"https:\\\/\\\/www.rassegnastampa-totustuus.it\\\/cattolica\\\/perche-la-legittima-difesa-e-condannata\\\/\"},\"author\":{\"name\":\"Redazione\",\"@id\":\"https:\\\/\\\/www.rassegnastampa-totustuus.it\\\/cattolica\\\/#\\\/schema\\\/person\\\/08f319d2bd1a0904ad9e2bfb7b15e5c3\"},\"headline\":\"Perch\u00e8 la legittima difesa \u00e8 condannata?\",\"datePublished\":\"2023-12-27T23:00:00+00:00\",\"mainEntityOfPage\":{\"@id\":\"https:\\\/\\\/www.rassegnastampa-totustuus.it\\\/cattolica\\\/perche-la-legittima-difesa-e-condannata\\\/\"},\"wordCount\":1990,\"publisher\":{\"@id\":\"https:\\\/\\\/www.rassegnastampa-totustuus.it\\\/cattolica\\\/#organization\"},\"image\":{\"@id\":\"https:\\\/\\\/www.rassegnastampa-totustuus.it\\\/cattolica\\\/perche-la-legittima-difesa-e-condannata\\\/#primaryimage\"},\"thumbnailUrl\":\"https:\\\/\\\/www.rassegnastampa-totustuus.it\\\/cattolica\\\/wp-content\\\/uploads\\\/2005\\\/05\\\/legittima_difesa.jpg\",\"keywords\":[\"diritto\",\"diritto natuirale\",\"legittima difesa\"],\"articleSection\":[\"Diritto\"],\"inLanguage\":\"it-IT\"},{\"@type\":\"WebPage\",\"@id\":\"https:\\\/\\\/www.rassegnastampa-totustuus.it\\\/cattolica\\\/perche-la-legittima-difesa-e-condannata\\\/\",\"url\":\"https:\\\/\\\/www.rassegnastampa-totustuus.it\\\/cattolica\\\/perche-la-legittima-difesa-e-condannata\\\/\",\"name\":\"Perch\u00e8 la legittima difesa \u00e8 condannata? - Rassegna Stampa Cattolica\",\"isPartOf\":{\"@id\":\"https:\\\/\\\/www.rassegnastampa-totustuus.it\\\/cattolica\\\/#website\"},\"primaryImageOfPage\":{\"@id\":\"https:\\\/\\\/www.rassegnastampa-totustuus.it\\\/cattolica\\\/perche-la-legittima-difesa-e-condannata\\\/#primaryimage\"},\"image\":{\"@id\":\"https:\\\/\\\/www.rassegnastampa-totustuus.it\\\/cattolica\\\/perche-la-legittima-difesa-e-condannata\\\/#primaryimage\"},\"thumbnailUrl\":\"https:\\\/\\\/www.rassegnastampa-totustuus.it\\\/cattolica\\\/wp-content\\\/uploads\\\/2005\\\/05\\\/legittima_difesa.jpg\",\"datePublished\":\"2023-12-27T23:00:00+00:00\",\"description\":\"Perch\u00e8 la legittima difesa \u00e8 condannata? In passato interpretazione e applicazione delle norme era pi\u00f9 equilibrata. Ecco perch\u00e9 oggi non pi\u00f9\",\"breadcrumb\":{\"@id\":\"https:\\\/\\\/www.rassegnastampa-totustuus.it\\\/cattolica\\\/perche-la-legittima-difesa-e-condannata\\\/#breadcrumb\"},\"inLanguage\":\"it-IT\",\"potentialAction\":[{\"@type\":\"ReadAction\",\"target\":[\"https:\\\/\\\/www.rassegnastampa-totustuus.it\\\/cattolica\\\/perche-la-legittima-difesa-e-condannata\\\/\"]}]},{\"@type\":\"ImageObject\",\"inLanguage\":\"it-IT\",\"@id\":\"https:\\\/\\\/www.rassegnastampa-totustuus.it\\\/cattolica\\\/perche-la-legittima-difesa-e-condannata\\\/#primaryimage\",\"url\":\"https:\\\/\\\/www.rassegnastampa-totustuus.it\\\/cattolica\\\/wp-content\\\/uploads\\\/2005\\\/05\\\/legittima_difesa.jpg\",\"contentUrl\":\"https:\\\/\\\/www.rassegnastampa-totustuus.it\\\/cattolica\\\/wp-content\\\/uploads\\\/2005\\\/05\\\/legittima_difesa.jpg\",\"width\":271,\"height\":186},{\"@type\":\"BreadcrumbList\",\"@id\":\"https:\\\/\\\/www.rassegnastampa-totustuus.it\\\/cattolica\\\/perche-la-legittima-difesa-e-condannata\\\/#breadcrumb\",\"itemListElement\":[{\"@type\":\"ListItem\",\"position\":1,\"name\":\"Home\",\"item\":\"https:\\\/\\\/www.rassegnastampa-totustuus.it\\\/cattolica\\\/\"},{\"@type\":\"ListItem\",\"position\":2,\"name\":\"Perch\u00e8 la legittima difesa \u00e8 condannata?\"}]},{\"@type\":\"WebSite\",\"@id\":\"https:\\\/\\\/www.rassegnastampa-totustuus.it\\\/cattolica\\\/#website\",\"url\":\"https:\\\/\\\/www.rassegnastampa-totustuus.it\\\/cattolica\\\/\",\"name\":\"Rassegna Stampa Cattolica\",\"description\":\"Per una cultura che nasce dalla Rivelazione cristiana in conformit\u00e0 alla tradizione e al Magistero della Chiesa in opposizione ad ogni relativismo e totalitarismo\",\"publisher\":{\"@id\":\"https:\\\/\\\/www.rassegnastampa-totustuus.it\\\/cattolica\\\/#organization\"},\"alternateName\":\"Rass. Cattolica\",\"potentialAction\":[{\"@type\":\"SearchAction\",\"target\":{\"@type\":\"EntryPoint\",\"urlTemplate\":\"https:\\\/\\\/www.rassegnastampa-totustuus.it\\\/cattolica\\\/?s={search_term_string}\"},\"query-input\":{\"@type\":\"PropertyValueSpecification\",\"valueRequired\":true,\"valueName\":\"search_term_string\"}}],\"inLanguage\":\"it-IT\"},{\"@type\":\"Organization\",\"@id\":\"https:\\\/\\\/www.rassegnastampa-totustuus.it\\\/cattolica\\\/#organization\",\"name\":\"Rassegna Stampa Cattolica\",\"url\":\"https:\\\/\\\/www.rassegnastampa-totustuus.it\\\/cattolica\\\/\",\"logo\":{\"@type\":\"ImageObject\",\"inLanguage\":\"it-IT\",\"@id\":\"https:\\\/\\\/www.rassegnastampa-totustuus.it\\\/cattolica\\\/#\\\/schema\\\/logo\\\/image\\\/\",\"url\":\"https:\\\/\\\/www.rassegnastampa-totustuus.it\\\/cattolica\\\/wp-content\\\/uploads\\\/2014\\\/04\\\/logo-rassegna1.gif\",\"contentUrl\":\"https:\\\/\\\/www.rassegnastampa-totustuus.it\\\/cattolica\\\/wp-content\\\/uploads\\\/2014\\\/04\\\/logo-rassegna1.gif\",\"width\":600,\"height\":163,\"caption\":\"Rassegna Stampa Cattolica\"},\"image\":{\"@id\":\"https:\\\/\\\/www.rassegnastampa-totustuus.it\\\/cattolica\\\/#\\\/schema\\\/logo\\\/image\\\/\"},\"sameAs\":[\"https:\\\/\\\/www.facebook.com\\\/rassegnastampacattolica\",\"https:\\\/\\\/x.com\\\/rassegnastampa9\"]},{\"@type\":\"Person\",\"@id\":\"https:\\\/\\\/www.rassegnastampa-totustuus.it\\\/cattolica\\\/#\\\/schema\\\/person\\\/08f319d2bd1a0904ad9e2bfb7b15e5c3\",\"name\":\"Redazione\",\"image\":{\"@type\":\"ImageObject\",\"inLanguage\":\"it-IT\",\"@id\":\"https:\\\/\\\/secure.gravatar.com\\\/avatar\\\/2fcdf27c78ea025fbdb44e914cc63c72249ffec9dc8aafd5c82b26240ef3f346?s=96&d=mm&r=g\",\"url\":\"https:\\\/\\\/secure.gravatar.com\\\/avatar\\\/2fcdf27c78ea025fbdb44e914cc63c72249ffec9dc8aafd5c82b26240ef3f346?s=96&d=mm&r=g\",\"contentUrl\":\"https:\\\/\\\/secure.gravatar.com\\\/avatar\\\/2fcdf27c78ea025fbdb44e914cc63c72249ffec9dc8aafd5c82b26240ef3f346?s=96&d=mm&r=g\",\"caption\":\"Redazione\"},\"url\":\"https:\\\/\\\/www.rassegnastampa-totustuus.it\\\/cattolica\\\/author\\\/pietroelle\\\/\"}]}<\/script>\n<!-- \/ Yoast SEO plugin. -->","yoast_head_json":{"title":"Perch\u00e8 la legittima difesa \u00e8 condannata? - Rassegna Stampa Cattolica","description":"Perch\u00e8 la legittima difesa \u00e8 condannata? In passato interpretazione e applicazione delle norme era pi\u00f9 equilibrata. Ecco perch\u00e9 oggi non pi\u00f9","robots":{"index":"index","follow":"follow","max-snippet":"max-snippet:-1","max-image-preview":"max-image-preview:large","max-video-preview":"max-video-preview:-1"},"canonical":"https:\/\/www.rassegnastampa-totustuus.it\/cattolica\/perche-la-legittima-difesa-e-condannata\/","og_locale":"it_IT","og_type":"article","og_title":"Perch\u00e8 la legittima difesa \u00e8 condannata? - Rassegna Stampa Cattolica","og_description":"Perch\u00e8 la legittima difesa \u00e8 condannata? In passato interpretazione e applicazione delle norme era pi\u00f9 equilibrata. Ecco perch\u00e9 oggi non pi\u00f9","og_url":"https:\/\/www.rassegnastampa-totustuus.it\/cattolica\/perche-la-legittima-difesa-e-condannata\/","og_site_name":"Rassegna Stampa Cattolica","article_publisher":"https:\/\/www.facebook.com\/rassegnastampacattolica","article_published_time":"2023-12-27T23:00:00+00:00","og_image":[{"width":271,"height":186,"url":"https:\/\/www.rassegnastampa-totustuus.it\/cattolica\/wp-content\/uploads\/2005\/05\/legittima_difesa.jpg","type":"image\/jpeg"}],"author":"Redazione","twitter_card":"summary_large_image","twitter_creator":"@rassegnastampa9","twitter_site":"@rassegnastampa9","twitter_misc":{"Scritto da":"Redazione","Tempo di lettura stimato":"12 minuti"},"schema":{"@context":"https:\/\/schema.org","@graph":[{"@type":"Article","@id":"https:\/\/www.rassegnastampa-totustuus.it\/cattolica\/perche-la-legittima-difesa-e-condannata\/#article","isPartOf":{"@id":"https:\/\/www.rassegnastampa-totustuus.it\/cattolica\/perche-la-legittima-difesa-e-condannata\/"},"author":{"name":"Redazione","@id":"https:\/\/www.rassegnastampa-totustuus.it\/cattolica\/#\/schema\/person\/08f319d2bd1a0904ad9e2bfb7b15e5c3"},"headline":"Perch\u00e8 la legittima difesa \u00e8 condannata?","datePublished":"2023-12-27T23:00:00+00:00","mainEntityOfPage":{"@id":"https:\/\/www.rassegnastampa-totustuus.it\/cattolica\/perche-la-legittima-difesa-e-condannata\/"},"wordCount":1990,"publisher":{"@id":"https:\/\/www.rassegnastampa-totustuus.it\/cattolica\/#organization"},"image":{"@id":"https:\/\/www.rassegnastampa-totustuus.it\/cattolica\/perche-la-legittima-difesa-e-condannata\/#primaryimage"},"thumbnailUrl":"https:\/\/www.rassegnastampa-totustuus.it\/cattolica\/wp-content\/uploads\/2005\/05\/legittima_difesa.jpg","keywords":["diritto","diritto natuirale","legittima difesa"],"articleSection":["Diritto"],"inLanguage":"it-IT"},{"@type":"WebPage","@id":"https:\/\/www.rassegnastampa-totustuus.it\/cattolica\/perche-la-legittima-difesa-e-condannata\/","url":"https:\/\/www.rassegnastampa-totustuus.it\/cattolica\/perche-la-legittima-difesa-e-condannata\/","name":"Perch\u00e8 la legittima difesa \u00e8 condannata? - Rassegna Stampa Cattolica","isPartOf":{"@id":"https:\/\/www.rassegnastampa-totustuus.it\/cattolica\/#website"},"primaryImageOfPage":{"@id":"https:\/\/www.rassegnastampa-totustuus.it\/cattolica\/perche-la-legittima-difesa-e-condannata\/#primaryimage"},"image":{"@id":"https:\/\/www.rassegnastampa-totustuus.it\/cattolica\/perche-la-legittima-difesa-e-condannata\/#primaryimage"},"thumbnailUrl":"https:\/\/www.rassegnastampa-totustuus.it\/cattolica\/wp-content\/uploads\/2005\/05\/legittima_difesa.jpg","datePublished":"2023-12-27T23:00:00+00:00","description":"Perch\u00e8 la legittima difesa \u00e8 condannata? In passato interpretazione e applicazione delle norme era pi\u00f9 equilibrata. Ecco perch\u00e9 oggi non pi\u00f9","breadcrumb":{"@id":"https:\/\/www.rassegnastampa-totustuus.it\/cattolica\/perche-la-legittima-difesa-e-condannata\/#breadcrumb"},"inLanguage":"it-IT","potentialAction":[{"@type":"ReadAction","target":["https:\/\/www.rassegnastampa-totustuus.it\/cattolica\/perche-la-legittima-difesa-e-condannata\/"]}]},{"@type":"ImageObject","inLanguage":"it-IT","@id":"https:\/\/www.rassegnastampa-totustuus.it\/cattolica\/perche-la-legittima-difesa-e-condannata\/#primaryimage","url":"https:\/\/www.rassegnastampa-totustuus.it\/cattolica\/wp-content\/uploads\/2005\/05\/legittima_difesa.jpg","contentUrl":"https:\/\/www.rassegnastampa-totustuus.it\/cattolica\/wp-content\/uploads\/2005\/05\/legittima_difesa.jpg","width":271,"height":186},{"@type":"BreadcrumbList","@id":"https:\/\/www.rassegnastampa-totustuus.it\/cattolica\/perche-la-legittima-difesa-e-condannata\/#breadcrumb","itemListElement":[{"@type":"ListItem","position":1,"name":"Home","item":"https:\/\/www.rassegnastampa-totustuus.it\/cattolica\/"},{"@type":"ListItem","position":2,"name":"Perch\u00e8 la legittima difesa \u00e8 condannata?"}]},{"@type":"WebSite","@id":"https:\/\/www.rassegnastampa-totustuus.it\/cattolica\/#website","url":"https:\/\/www.rassegnastampa-totustuus.it\/cattolica\/","name":"Rassegna Stampa Cattolica","description":"Per una cultura che nasce dalla Rivelazione cristiana in conformit\u00e0 alla tradizione e al Magistero della Chiesa in opposizione ad ogni relativismo e totalitarismo","publisher":{"@id":"https:\/\/www.rassegnastampa-totustuus.it\/cattolica\/#organization"},"alternateName":"Rass. Cattolica","potentialAction":[{"@type":"SearchAction","target":{"@type":"EntryPoint","urlTemplate":"https:\/\/www.rassegnastampa-totustuus.it\/cattolica\/?s={search_term_string}"},"query-input":{"@type":"PropertyValueSpecification","valueRequired":true,"valueName":"search_term_string"}}],"inLanguage":"it-IT"},{"@type":"Organization","@id":"https:\/\/www.rassegnastampa-totustuus.it\/cattolica\/#organization","name":"Rassegna Stampa Cattolica","url":"https:\/\/www.rassegnastampa-totustuus.it\/cattolica\/","logo":{"@type":"ImageObject","inLanguage":"it-IT","@id":"https:\/\/www.rassegnastampa-totustuus.it\/cattolica\/#\/schema\/logo\/image\/","url":"https:\/\/www.rassegnastampa-totustuus.it\/cattolica\/wp-content\/uploads\/2014\/04\/logo-rassegna1.gif","contentUrl":"https:\/\/www.rassegnastampa-totustuus.it\/cattolica\/wp-content\/uploads\/2014\/04\/logo-rassegna1.gif","width":600,"height":163,"caption":"Rassegna Stampa Cattolica"},"image":{"@id":"https:\/\/www.rassegnastampa-totustuus.it\/cattolica\/#\/schema\/logo\/image\/"},"sameAs":["https:\/\/www.facebook.com\/rassegnastampacattolica","https:\/\/x.com\/rassegnastampa9"]},{"@type":"Person","@id":"https:\/\/www.rassegnastampa-totustuus.it\/cattolica\/#\/schema\/person\/08f319d2bd1a0904ad9e2bfb7b15e5c3","name":"Redazione","image":{"@type":"ImageObject","inLanguage":"it-IT","@id":"https:\/\/secure.gravatar.com\/avatar\/2fcdf27c78ea025fbdb44e914cc63c72249ffec9dc8aafd5c82b26240ef3f346?s=96&d=mm&r=g","url":"https:\/\/secure.gravatar.com\/avatar\/2fcdf27c78ea025fbdb44e914cc63c72249ffec9dc8aafd5c82b26240ef3f346?s=96&d=mm&r=g","contentUrl":"https:\/\/secure.gravatar.com\/avatar\/2fcdf27c78ea025fbdb44e914cc63c72249ffec9dc8aafd5c82b26240ef3f346?s=96&d=mm&r=g","caption":"Redazione"},"url":"https:\/\/www.rassegnastampa-totustuus.it\/cattolica\/author\/pietroelle\/"}]}},"_links":{"self":[{"href":"https:\/\/www.rassegnastampa-totustuus.it\/cattolica\/wp-json\/wp\/v2\/posts\/58374","targetHints":{"allow":["GET"]}}],"collection":[{"href":"https:\/\/www.rassegnastampa-totustuus.it\/cattolica\/wp-json\/wp\/v2\/posts"}],"about":[{"href":"https:\/\/www.rassegnastampa-totustuus.it\/cattolica\/wp-json\/wp\/v2\/types\/post"}],"author":[{"embeddable":true,"href":"https:\/\/www.rassegnastampa-totustuus.it\/cattolica\/wp-json\/wp\/v2\/users\/6"}],"replies":[{"embeddable":true,"href":"https:\/\/www.rassegnastampa-totustuus.it\/cattolica\/wp-json\/wp\/v2\/comments?post=58374"}],"version-history":[{"count":1,"href":"https:\/\/www.rassegnastampa-totustuus.it\/cattolica\/wp-json\/wp\/v2\/posts\/58374\/revisions"}],"predecessor-version":[{"id":58376,"href":"https:\/\/www.rassegnastampa-totustuus.it\/cattolica\/wp-json\/wp\/v2\/posts\/58374\/revisions\/58376"}],"wp:featuredmedia":[{"embeddable":true,"href":"https:\/\/www.rassegnastampa-totustuus.it\/cattolica\/wp-json\/wp\/v2\/media\/31550"}],"wp:attachment":[{"href":"https:\/\/www.rassegnastampa-totustuus.it\/cattolica\/wp-json\/wp\/v2\/media?parent=58374"}],"wp:term":[{"taxonomy":"category","embeddable":true,"href":"https:\/\/www.rassegnastampa-totustuus.it\/cattolica\/wp-json\/wp\/v2\/categories?post=58374"},{"taxonomy":"post_tag","embeddable":true,"href":"https:\/\/www.rassegnastampa-totustuus.it\/cattolica\/wp-json\/wp\/v2\/tags?post=58374"}],"curies":[{"name":"wp","href":"https:\/\/api.w.org\/{rel}","templated":true}]}}