{"id":58277,"date":"2023-12-21T00:00:00","date_gmt":"2023-12-20T23:00:00","guid":{"rendered":"https:\/\/www.rassegnastampa-totustuus.it\/cattolica\/?p=58277"},"modified":"2023-12-18T14:56:48","modified_gmt":"2023-12-18T13:56:48","slug":"ambiente-naturale-biocentrismo-vs-antropocentrismo","status":"publish","type":"post","link":"https:\/\/www.rassegnastampa-totustuus.it\/cattolica\/ambiente-naturale-biocentrismo-vs-antropocentrismo\/","title":{"rendered":"Ambiente naturale, biocentrismo vs antropocentrismo"},"content":{"rendered":"<p style=\"text-align: justify;\"><span style=\"color: #000000;\"><strong><img loading=\"lazy\" decoding=\"async\" class=\"size-full wp-image-43108 alignleft\" src=\"https:\/\/www.rassegnastampa-totustuus.it\/cattolica\/wp-content\/uploads\/2019\/05\/ambientalismo_Greta.jpg\" alt=\"\" width=\"275\" height=\"183\" \/>Abstract: <\/strong><em>ambiente naturale, biocentrismo vs antropocentrismo, un pensiero nichilista, ultimamente contro l\u2019uomo, che si sta sempre pi\u00f9 affermando e in cui si annida\u00a0 un grave rischio etico dell\u2019ambientalismo attuale. Dietro a tutto c\u2019\u00e8 un pensiero che, in ultima istanza, non pu\u00f2 che portare alla conclusione secondo cui dovremmo fare a meno dell\u2019uomo per salvaguardare la natura. Un concetto al quale cristianesimo e prima ancora l\u2019ebraismo fondate sulla centralit\u00e0 dell\u2019uomo nell\u2019universo sul suo essere \u00abA immagine e somiglianza di Dio\u00bb, devono rifiutare decisamente<\/em><\/span><\/p>\n<p><!--more--><\/p>\n<p style=\"text-align: center;\"><span style=\"color: #000000;\"><span style=\"color: #0000ff;\"><a style=\"color: #0000ff;\" href=\"https:\/\/www.tempi.it\/\" target=\"_blank\" rel=\"noopener\"><strong>Tempi <\/strong><\/a><\/span>2 settembre 2023 <\/span><\/p>\n<h4 style=\"text-align: center;\"><span style=\"color: #000000;\"><strong>Debelliamo l\u2019uomo per salvare l\u2019ambiente? <\/strong><\/span><\/h4>\n<p style=\"text-align: justify;\"><span style=\"color: #000000;\"><em>Che cosa c\u2019\u00e8 al centro dell\u2019universo? L\u2019uomo o la natura? S&#8217;avanza sempre pi\u00f9 un&#8217;ideologia che, per preservare la natura, sacrifica gli uomini<\/em><\/span><\/p>\n<p style=\"text-align: center;\"><span style=\"color: #000000;\"><strong>Raffaele Cattaneo<\/strong><\/span><\/p>\n<p style=\"text-align: justify;\"><span style=\"color: #000000;\">Papa Francesco nel recente discorso durante l\u2019udienza concessa a una delegazione di avvocati di paesi membri del Consiglio d\u2019Europa firmatari dell\u2019Appello di Vienna ha annunciato a sorpresa che sta scrivendo una seconda parte della <em>Laudato si\u2019<\/em> per aggiornarla ai problemi attuali. Attenendoci alla edizione del 2015, il Santo Padre aveva posto la questione: Persona e ambiente, Antropocene o Biocene?<\/span><\/p>\n<p style=\"text-align: justify;\"><span style=\"color: #000000;\">Non possiamo negare che il documento Vaticano ha prodotto una crescente sensibilit\u00e0 riguardo all\u2019ambiente e alla cura della natura, maturando una sincera e dolorosa preoccupazione per ci\u00f2 che sta accadendo al nostro pianeta. Questo fatto rappresenta un dato certamente positivo, da cui possiamo essere confortati. <\/span><\/p>\n<h4 style=\"text-align: center;\"><span style=\"color: #000000;\"><strong>Uomo distruttore <\/strong><\/span><\/h4>\n<p style=\"text-align: justify;\"><span style=\"color: #000000;\">Nello stesso modo non possiamo negare che in questa generale crescente consapevolezza, hanno fatto anche breccia le voci di chi denuncia che l\u2019ambiente in cui viviamo sia stato irrimediabilmente deturpato e che la causa di tutto questo sia l\u2019uomo. \u00c8 la posizione mainstream, che si \u00e8 venuta affermando negli ultimi anni soprattutto grazie al movimento di opinione globale dei Fridays for Future e della sua leader Greta Thunberg, sull\u2019onda di messaggi del tipo: \u00abCi avete rubato il futuro\u00bb, \u00abNon c\u2019\u00e8 un pianeta B\u00bb, \u00abLa nostra casa brucia\u00bb.<\/span><\/p>\n<p style=\"text-align: justify;\"><span style=\"color: #000000;\">Si tratta di una rappresentazione della realt\u00e0 che usa pressoch\u00e9 esclusivamente messaggi allarmistici e negativi, che fa leva su elementi emozionali, che basa il proprio ampio consenso su una visione, in ultima istanza, negativa e nichilista, in cui l\u2019uomo \u00e8 considerato il distruttore dell\u2019ambiente.<\/span><\/p>\n<h4 style=\"text-align: center;\"><span style=\"color: #000000;\"><strong>Biocentrismo<\/strong><\/span><\/h4>\n<p style=\"text-align: justify;\"><span style=\"color: #000000;\">Per molto tempo la discussione a livello filosofico ed anche etico \u00e8 stata fra antropocentrismo e biocentrismo: che cosa c\u2019\u00e8 al centro dell\u2019universo? L\u2019uomo o la natura? Qual \u00e8 il paradigma concettuale e la prospettiva di pensiero corretta da cui analizzare la realt\u00e0 e in particolare la crisi ecologica? L\u2019Antropocentrismo sostiene che al centro c\u2019\u00e8 la persona umana, che ha un valore superiore a quello di tutti gli altri esseri viventi. \u00c8 la visione che deriva, tra l\u2019altro, dalle grandi religioni monoteiste e che ha prevalso nella storia per molto tempo.<\/span><\/p>\n<p style=\"text-align: justify;\"><span style=\"color: #000000;\">Il Biocentrismo, al contrario, sostiene che al centro ci debba essere il cosmo stesso, in una relazione di pari dignit\u00e0 ontologica fra tutti gli esseri viventi, nella quale gli esseri umani sono solo una delle tante forme di vita, al pari di animali, vegetali, funghi, batteri, e tutti hanno una identica centralit\u00e0 in una sorta di \u201contologia della rete\u201d, nella quale ci\u00f2 che conta sono le interazioni, la co-evoluzione, le relazioni tra le specie.<\/span><\/p>\n<p style=\"text-align: justify;\"><span style=\"color: #000000;\">Fino alla estrema conclusione, teorizzata nel libro\u00a0<em>Biocentrismo<\/em>\u00a0di Robert Lanza, di una nuova teoria del tutto in cui \u00e8 la fisica quantistica a giustificare l\u2019immortalit\u00e0 dell\u2019anima.<\/span><\/p>\n<h4 style=\"text-align: center;\"><strong><span style=\"color: #000000;\">Basta antropocentrsimo<\/span><\/strong><\/h4>\n<p style=\"text-align: justify;\"><span style=\"color: #000000;\">La questione \u00e8 tutt\u2019altro che astratta: il ministero della Pubblica Istruzione italiano ha dato disposizioni, gi\u00e0 nel 1989, affinch\u00e9 venisse creata nelle scuole \u00abuna nuova sensibilit\u00e0 verso i problemi dell\u2019ambiente per diffondere una cultura che trasformi la visione antropocentrica del rapporto uomo natura\u00bb. Le implicazioni etiche di tale cambiamento di prospettiva mi paiono evidenti: semplificando molto potremmo dire che, se al centro c\u2019\u00e8 l\u2019uomo, sar\u00e0 eticamente corretto ci\u00f2 che serve all\u2019uomo, anche se dovesse danneggiare la natura. Al contrario, se al centro c\u2019\u00e8 la natura, sar\u00e0 eticamente corretto il comportamento umano che serve e tutela la natura, anche se dovesse danneggiare l\u2019uomo.<\/span><\/p>\n<p style=\"text-align: justify;\"><span style=\"color: #000000;\">Messa cos\u00ec, il biocentrismo potrebbe sembrare ad alcuni persino un passo avanti rispetto all\u2019antropocentrismo: l\u2019uomo si rende conto che non pu\u00f2 essere il dominatore assoluto dell\u2019universo e cerca di costruire un\u2019etica che lo tenga maggiormente in equilibrio con tutto. Cos\u00ec, infatti, lo rappresentano i suoi sostenitori<\/span>.<\/p>\n<h4 style=\"text-align: center;\"><span style=\"color: #000000;\"><strong>Natura senza l\u2019uomo<\/strong><\/span><\/h4>\n<p style=\"text-align: justify;\"><span style=\"color: #000000;\">La questione oggi per\u00f2, a mio parere, \u00e8 arrivata a un punto ancora pi\u00f9 spinto, sul quale dobbiamo interrogarci a fondo: la perdita della centralit\u00e0 dell\u2019uomo ha portato al superamento della dialettica fra antropocentrismo e biocentrismo, verso l\u2019affermazione dell\u2019Antropocene. Pertanto l\u2019uomo sarebbe diventato il distruttore del pianeta che abita, non pi\u00f9 il suo centro.<\/span><\/p>\n<p style=\"text-align: justify;\"><span style=\"color: #000000;\">Non voglio negare che l\u2019azione dell\u2019uomo sia stata, in molti casi, negativa o fortemente negativa, ma mi domando: pu\u00f2 essere questo il fondamento di un\u2019etica ambientale che ci permetta di affrontare in modo adeguato e generando comportamenti buoni il tema che abbiamo di fronte? In questa visione l\u2019uomo ultimamente viene considerato come una sorta di virus che distrugge il pianeta. Per\u00f2 se l\u2019uomo \u00e8 il virus, la scelta etica conseguente sarebbe quella di spazzarlo via, di debellarlo.<\/span><\/p>\n<p style=\"text-align: justify;\"><span style=\"color: #000000;\">Dietro a queste riflessioni c\u2019\u00e8 un pensiero che, in ultima istanza, non pu\u00f2 che portare alla conclusione secondo cui dovremmo fare a meno dell\u2019uomo per salvaguardare la natura. Non solo \u00e8 la fine dell\u2019antropocentrismo, ma anche del biocentrismo: al centro non c\u2019\u00e8 pi\u00f9 l\u2019uomo, e neppure la natura con tutti gli esseri viventi in equilibrio fra di loro, ma la natura contro o senza l\u2019uomo! \u00c8 questa un\u2019esagerazione dialettica?<\/span><\/p>\n<h4 style=\"text-align: center;\"><span style=\"color: #000000;\"><strong>Ha ancora senso fare figli?<\/strong><\/span><\/h4>\n<p style=\"text-align: justify;\"><span style=\"color: #000000;\">Mi hanno fatto molto riflettere alcuni fatti concretissimi: all\u2019interno del movimento Fridays for Future \u00e8 nato un gruppo di ragazze poco pi\u00f9 che diciottenni che, pur desiderando la maternit\u00e0, hanno scelto di non mettere al mondo dei figli. Questo movimento si chiama Birth Strike, \u00e8 stato fondato dalla attivista britannica Blythe Pepino, autrice di un pamphlet dal titolo\u00a0<em>Contro i figli<\/em>, la cui tesi \u00e8 che non avere figli \u00e8 una delle misure pi\u00f9 efficaci per limitare le emissioni di gas serra, e conta gi\u00e0 centinaia di aderenti<\/span>.<\/p>\n<p style=\"text-align: justify;\"><span style=\"color: #000000;\">Analogamente, hanno preso vita altri movimenti simili, come Ginks: che sta per \u201cGreen inclinations, no kids\u201d, o si sono orientati verso ragioni ambientaliste movimenti gi\u00e0 esistenti come Childfree. In rete si trovano molti racconti a riguardo. Alexandria Ocasio-Cortez, una dei nuovi leader del Partito democratico americano, sul suo profilo Instagram, che conta tre milioni di followers, ha scritto recentemente: \u00abThere\u2019s scientific consensus that the lives of children are going to be very difficult\u00bb come risultato del cambiamento climatico. \u00abIt does lead young people to have a legitimate question: Is it OK to still have children?\u00bb.<\/span><\/p>\n<p style=\"text-align: justify;\"><span style=\"color: #000000;\">Ideologia insostenibile dunque, il problema se in un mondo cos\u00ec abbia ancora senso mettere al mondo dei figli \u00e8 gi\u00e0 diventata una autorevole opzione politica. Per citare un esempio pi\u00f9 vicino, il Comune di Cremona, in un opuscolo diffuso due o tre anni fa per la promozione degli atteggiamenti responsabili da intraprendere per mitigare i cambiamenti climatici, ha inserito, accanto al no alla carne rossa, ad auto e aerei, anche il \u201cfare meno figli\u201d. Episodio che ha scatenato evidentemente forti discussioni e forti critiche. Il sindaco si \u00e8 scusato, ma il pensiero ovviamente qualcuno lo ha avuto, segno che ha trovato legittimazione anche qui.<\/span><\/p>\n<p style=\"text-align: justify;\"><span style=\"color: #000000;\">Quindi, in conclusione, se si perde ci\u00f2 che fonda le ragioni di un ruolo particolare dell\u2019uomo dentro l\u2019universo, si finisce col costruire un comportamento, e quindi un\u2019etica ambientale, ultimamente contro l\u2019uomo. Il cristianesimo e prima ancora l\u2019ebraismo fondano la centralit\u00e0 dell\u2019uomo nell\u2019universo sul suo essere \u00abA immagine e somiglianza di Dio\u00bb. Ma anche per chi non \u00e8 credente l\u2019interrogativo si pone. Su che cosa possiamo fondare solidamente una nuova centralit\u00e0 dell\u2019uomo in relazione positiva con l\u2019ambiente e la natura? L\u2019ambiente e la natura, infatti, quando vengono assunti a valori assoluti, cio\u00e8 \u2013 etimologicamente \u2013 sciolti da qualsiasi legame con altri valori che possano equilibrarli, diventano purtroppo facilmente oggetto di una ideologia insostenibile<\/span>.<\/p>\n<h4 style=\"text-align: center;\"><span style=\"color: #000000;\"><strong>Ecologia e antropologia<\/strong><\/span><\/h4>\n<p style=\"text-align: justify;\"><span style=\"color: #000000;\">Una ideologia secondo la quale \u2013 in un modo che, se ci pensiamo bene, suonerebbe persino ridicolo se non fosse tragico \u2013, l\u2019uomo dovrebbe scegliere volontariamente di anticipare la propria autoestinzione, smettendo di fare figli, per timore che un ambiente degradato potrebbe rendergli la vita pi\u00f9 difficile<\/span>.<\/p>\n<p style=\"text-align: justify;\"><span style=\"color: #000000;\">Mi chiedo e vi chiedo: \u00e8 questa l\u2019etica condivisa che ci serve? Io credo proprio di no! Questo approccio nasconde un\u2019idea che trovo profondamente dannosa. Un pensiero nichilista, ultimamente contro l\u2019uomo. Qui si annida a mio parere un grave rischio etico dell\u2019ambientalismo attuale. Resto in attesa della nuova \u201c<a href=\"https:\/\/www.vatican.va\/content\/francesco\/it\/apost_exhortations\/documents\/20231004-laudate-deum.html\" target=\"_blank\" rel=\"noopener\">appendice\u201d della,\u00a0<em>Laudato si\u2019<\/em><\/a>\u00a0in cui papa Francesco aveva gi\u00e0 ampiamente esplicitato come non possa esistere un\u2019ecologia senza un\u2019adeguata antropologia, per capire come l\u2019avr\u00e0 deciso di affrontare questa delicata tematica.<\/span><\/p>\n<p>________________________________________<\/p>\n<p><a href=\"https:\/\/www.rassegnastampa-totustuus.it\/cattolica\/la-religione-verde-sostituisce-il-cristianesimo\/\" target=\"_blank\" rel=\"noopener\"><span style=\"color: #0000ff;\">Vogliono sostituire il cristianesimo con una nuova religione: l\u2019ecologismo<\/span><\/a><\/p>\n","protected":false},"excerpt":{"rendered":"<p>Abstract: ambiente naturale, biocentrismo vs antropocentrismo, un pensiero nichilista, ultimamente contro l\u2019uomo, che si sta sempre pi\u00f9 affermando e in cui si annida\u00a0 un grave rischio etico dell\u2019ambientalismo attuale. Dietro a tutto c\u2019\u00e8 un pensiero che, in ultima istanza, non pu\u00f2 che portare alla conclusione secondo cui dovremmo fare a meno dell\u2019uomo per salvaguardare la &hellip; <\/p>\n<p><a class=\"more-link btn\" href=\"https:\/\/www.rassegnastampa-totustuus.it\/cattolica\/ambiente-naturale-biocentrismo-vs-antropocentrismo\/\">Continua a leggere<\/a><\/p>\n","protected":false},"author":6,"featured_media":43108,"comment_status":"closed","ping_status":"closed","sticky":false,"template":"","format":"standard","meta":{"footnotes":""},"categories":[3,30],"tags":[2886,2989,2990,512],"class_list":["post-58277","post","type-post","status-publish","format-standard","has-post-thumbnail","hentry","category-ambientalismo","category-ideologia-ambientalista","tag-ambientaliasmo","tag-antropocentrismo","tag-biocentrismo","tag-ideologia-ambientale","item-wrap"],"yoast_head":"<!-- This site is optimized with the Yoast SEO plugin v27.5 - https:\/\/yoast.com\/product\/yoast-seo-wordpress\/ -->\n<title>Ambiente naturale, biocentrismo vs antropocentrismo - Rassegna Stampa Cattolica<\/title>\n<meta name=\"description\" content=\"Ambiente naturale, biocentrismo vs antropocentrismo. Un pensiero nichilista, ultimamente contro l\u2019uomo, si sta sempre pi\u00f9 affermando .\" \/>\n<meta name=\"robots\" content=\"index, follow, max-snippet:-1, max-image-preview:large, max-video-preview:-1\" \/>\n<link rel=\"canonical\" href=\"https:\/\/www.rassegnastampa-totustuus.it\/cattolica\/ambiente-naturale-biocentrismo-vs-antropocentrismo\/\" \/>\n<meta property=\"og:locale\" content=\"it_IT\" \/>\n<meta property=\"og:type\" content=\"article\" \/>\n<meta property=\"og:title\" content=\"Ambiente naturale, biocentrismo vs antropocentrismo - Rassegna Stampa Cattolica\" \/>\n<meta property=\"og:description\" content=\"Ambiente naturale, biocentrismo vs antropocentrismo. Un pensiero nichilista, ultimamente contro l\u2019uomo, si sta sempre pi\u00f9 affermando .\" \/>\n<meta property=\"og:url\" content=\"https:\/\/www.rassegnastampa-totustuus.it\/cattolica\/ambiente-naturale-biocentrismo-vs-antropocentrismo\/\" \/>\n<meta property=\"og:site_name\" content=\"Rassegna Stampa Cattolica\" \/>\n<meta property=\"article:publisher\" content=\"https:\/\/www.facebook.com\/rassegnastampacattolica\" \/>\n<meta property=\"article:published_time\" content=\"2023-12-20T23:00:00+00:00\" \/>\n<meta property=\"og:image\" content=\"https:\/\/www.rassegnastampa-totustuus.it\/cattolica\/wp-content\/uploads\/2019\/05\/ambientalismo_Greta.jpg\" \/>\n\t<meta property=\"og:image:width\" content=\"275\" \/>\n\t<meta property=\"og:image:height\" content=\"183\" \/>\n\t<meta property=\"og:image:type\" content=\"image\/jpeg\" \/>\n<meta name=\"author\" content=\"Redazione\" \/>\n<meta name=\"twitter:card\" content=\"summary_large_image\" \/>\n<meta name=\"twitter:creator\" content=\"@rassegnastampa9\" \/>\n<meta name=\"twitter:site\" content=\"@rassegnastampa9\" \/>\n<meta name=\"twitter:label1\" content=\"Scritto da\" \/>\n\t<meta name=\"twitter:data1\" content=\"Redazione\" \/>\n\t<meta name=\"twitter:label2\" content=\"Tempo di lettura stimato\" \/>\n\t<meta name=\"twitter:data2\" content=\"8 minuti\" \/>\n<script type=\"application\/ld+json\" class=\"yoast-schema-graph\">{\"@context\":\"https:\\\/\\\/schema.org\",\"@graph\":[{\"@type\":\"Article\",\"@id\":\"https:\\\/\\\/www.rassegnastampa-totustuus.it\\\/cattolica\\\/ambiente-naturale-biocentrismo-vs-antropocentrismo\\\/#article\",\"isPartOf\":{\"@id\":\"https:\\\/\\\/www.rassegnastampa-totustuus.it\\\/cattolica\\\/ambiente-naturale-biocentrismo-vs-antropocentrismo\\\/\"},\"author\":{\"name\":\"Redazione\",\"@id\":\"https:\\\/\\\/www.rassegnastampa-totustuus.it\\\/cattolica\\\/#\\\/schema\\\/person\\\/08f319d2bd1a0904ad9e2bfb7b15e5c3\"},\"headline\":\"Ambiente naturale, biocentrismo vs antropocentrismo\",\"datePublished\":\"2023-12-20T23:00:00+00:00\",\"mainEntityOfPage\":{\"@id\":\"https:\\\/\\\/www.rassegnastampa-totustuus.it\\\/cattolica\\\/ambiente-naturale-biocentrismo-vs-antropocentrismo\\\/\"},\"wordCount\":1489,\"publisher\":{\"@id\":\"https:\\\/\\\/www.rassegnastampa-totustuus.it\\\/cattolica\\\/#organization\"},\"image\":{\"@id\":\"https:\\\/\\\/www.rassegnastampa-totustuus.it\\\/cattolica\\\/ambiente-naturale-biocentrismo-vs-antropocentrismo\\\/#primaryimage\"},\"thumbnailUrl\":\"https:\\\/\\\/www.rassegnastampa-totustuus.it\\\/cattolica\\\/wp-content\\\/uploads\\\/2019\\\/05\\\/ambientalismo_Greta.jpg\",\"keywords\":[\"ambientaliasmo\",\"antropocentrismo\",\"biocentrismo\",\"ideologia ambientale\"],\"articleSection\":[\"Ambientalismo\",\"Ideologia ambientale\"],\"inLanguage\":\"it-IT\"},{\"@type\":\"WebPage\",\"@id\":\"https:\\\/\\\/www.rassegnastampa-totustuus.it\\\/cattolica\\\/ambiente-naturale-biocentrismo-vs-antropocentrismo\\\/\",\"url\":\"https:\\\/\\\/www.rassegnastampa-totustuus.it\\\/cattolica\\\/ambiente-naturale-biocentrismo-vs-antropocentrismo\\\/\",\"name\":\"Ambiente naturale, biocentrismo vs antropocentrismo - Rassegna Stampa Cattolica\",\"isPartOf\":{\"@id\":\"https:\\\/\\\/www.rassegnastampa-totustuus.it\\\/cattolica\\\/#website\"},\"primaryImageOfPage\":{\"@id\":\"https:\\\/\\\/www.rassegnastampa-totustuus.it\\\/cattolica\\\/ambiente-naturale-biocentrismo-vs-antropocentrismo\\\/#primaryimage\"},\"image\":{\"@id\":\"https:\\\/\\\/www.rassegnastampa-totustuus.it\\\/cattolica\\\/ambiente-naturale-biocentrismo-vs-antropocentrismo\\\/#primaryimage\"},\"thumbnailUrl\":\"https:\\\/\\\/www.rassegnastampa-totustuus.it\\\/cattolica\\\/wp-content\\\/uploads\\\/2019\\\/05\\\/ambientalismo_Greta.jpg\",\"datePublished\":\"2023-12-20T23:00:00+00:00\",\"description\":\"Ambiente naturale, biocentrismo vs antropocentrismo. Un pensiero nichilista, ultimamente contro l\u2019uomo, si sta sempre pi\u00f9 affermando .\",\"breadcrumb\":{\"@id\":\"https:\\\/\\\/www.rassegnastampa-totustuus.it\\\/cattolica\\\/ambiente-naturale-biocentrismo-vs-antropocentrismo\\\/#breadcrumb\"},\"inLanguage\":\"it-IT\",\"potentialAction\":[{\"@type\":\"ReadAction\",\"target\":[\"https:\\\/\\\/www.rassegnastampa-totustuus.it\\\/cattolica\\\/ambiente-naturale-biocentrismo-vs-antropocentrismo\\\/\"]}]},{\"@type\":\"ImageObject\",\"inLanguage\":\"it-IT\",\"@id\":\"https:\\\/\\\/www.rassegnastampa-totustuus.it\\\/cattolica\\\/ambiente-naturale-biocentrismo-vs-antropocentrismo\\\/#primaryimage\",\"url\":\"https:\\\/\\\/www.rassegnastampa-totustuus.it\\\/cattolica\\\/wp-content\\\/uploads\\\/2019\\\/05\\\/ambientalismo_Greta.jpg\",\"contentUrl\":\"https:\\\/\\\/www.rassegnastampa-totustuus.it\\\/cattolica\\\/wp-content\\\/uploads\\\/2019\\\/05\\\/ambientalismo_Greta.jpg\",\"width\":275,\"height\":183},{\"@type\":\"BreadcrumbList\",\"@id\":\"https:\\\/\\\/www.rassegnastampa-totustuus.it\\\/cattolica\\\/ambiente-naturale-biocentrismo-vs-antropocentrismo\\\/#breadcrumb\",\"itemListElement\":[{\"@type\":\"ListItem\",\"position\":1,\"name\":\"Home\",\"item\":\"https:\\\/\\\/www.rassegnastampa-totustuus.it\\\/cattolica\\\/\"},{\"@type\":\"ListItem\",\"position\":2,\"name\":\"Ambiente naturale, biocentrismo vs antropocentrismo\"}]},{\"@type\":\"WebSite\",\"@id\":\"https:\\\/\\\/www.rassegnastampa-totustuus.it\\\/cattolica\\\/#website\",\"url\":\"https:\\\/\\\/www.rassegnastampa-totustuus.it\\\/cattolica\\\/\",\"name\":\"Rassegna Stampa Cattolica\",\"description\":\"Per una cultura che nasce dalla Rivelazione cristiana in conformit\u00e0 alla tradizione e al Magistero della Chiesa in opposizione ad ogni relativismo e totalitarismo\",\"publisher\":{\"@id\":\"https:\\\/\\\/www.rassegnastampa-totustuus.it\\\/cattolica\\\/#organization\"},\"alternateName\":\"Rass. Cattolica\",\"potentialAction\":[{\"@type\":\"SearchAction\",\"target\":{\"@type\":\"EntryPoint\",\"urlTemplate\":\"https:\\\/\\\/www.rassegnastampa-totustuus.it\\\/cattolica\\\/?s={search_term_string}\"},\"query-input\":{\"@type\":\"PropertyValueSpecification\",\"valueRequired\":true,\"valueName\":\"search_term_string\"}}],\"inLanguage\":\"it-IT\"},{\"@type\":\"Organization\",\"@id\":\"https:\\\/\\\/www.rassegnastampa-totustuus.it\\\/cattolica\\\/#organization\",\"name\":\"Rassegna Stampa Cattolica\",\"url\":\"https:\\\/\\\/www.rassegnastampa-totustuus.it\\\/cattolica\\\/\",\"logo\":{\"@type\":\"ImageObject\",\"inLanguage\":\"it-IT\",\"@id\":\"https:\\\/\\\/www.rassegnastampa-totustuus.it\\\/cattolica\\\/#\\\/schema\\\/logo\\\/image\\\/\",\"url\":\"https:\\\/\\\/www.rassegnastampa-totustuus.it\\\/cattolica\\\/wp-content\\\/uploads\\\/2014\\\/04\\\/logo-rassegna1.gif\",\"contentUrl\":\"https:\\\/\\\/www.rassegnastampa-totustuus.it\\\/cattolica\\\/wp-content\\\/uploads\\\/2014\\\/04\\\/logo-rassegna1.gif\",\"width\":600,\"height\":163,\"caption\":\"Rassegna Stampa Cattolica\"},\"image\":{\"@id\":\"https:\\\/\\\/www.rassegnastampa-totustuus.it\\\/cattolica\\\/#\\\/schema\\\/logo\\\/image\\\/\"},\"sameAs\":[\"https:\\\/\\\/www.facebook.com\\\/rassegnastampacattolica\",\"https:\\\/\\\/x.com\\\/rassegnastampa9\"]},{\"@type\":\"Person\",\"@id\":\"https:\\\/\\\/www.rassegnastampa-totustuus.it\\\/cattolica\\\/#\\\/schema\\\/person\\\/08f319d2bd1a0904ad9e2bfb7b15e5c3\",\"name\":\"Redazione\",\"image\":{\"@type\":\"ImageObject\",\"inLanguage\":\"it-IT\",\"@id\":\"https:\\\/\\\/secure.gravatar.com\\\/avatar\\\/2fcdf27c78ea025fbdb44e914cc63c72249ffec9dc8aafd5c82b26240ef3f346?s=96&d=mm&r=g\",\"url\":\"https:\\\/\\\/secure.gravatar.com\\\/avatar\\\/2fcdf27c78ea025fbdb44e914cc63c72249ffec9dc8aafd5c82b26240ef3f346?s=96&d=mm&r=g\",\"contentUrl\":\"https:\\\/\\\/secure.gravatar.com\\\/avatar\\\/2fcdf27c78ea025fbdb44e914cc63c72249ffec9dc8aafd5c82b26240ef3f346?s=96&d=mm&r=g\",\"caption\":\"Redazione\"},\"url\":\"https:\\\/\\\/www.rassegnastampa-totustuus.it\\\/cattolica\\\/author\\\/pietroelle\\\/\"}]}<\/script>\n<!-- \/ Yoast SEO plugin. -->","yoast_head_json":{"title":"Ambiente naturale, biocentrismo vs antropocentrismo - Rassegna Stampa Cattolica","description":"Ambiente naturale, biocentrismo vs antropocentrismo. Un pensiero nichilista, ultimamente contro l\u2019uomo, si sta sempre pi\u00f9 affermando .","robots":{"index":"index","follow":"follow","max-snippet":"max-snippet:-1","max-image-preview":"max-image-preview:large","max-video-preview":"max-video-preview:-1"},"canonical":"https:\/\/www.rassegnastampa-totustuus.it\/cattolica\/ambiente-naturale-biocentrismo-vs-antropocentrismo\/","og_locale":"it_IT","og_type":"article","og_title":"Ambiente naturale, biocentrismo vs antropocentrismo - Rassegna Stampa Cattolica","og_description":"Ambiente naturale, biocentrismo vs antropocentrismo. Un pensiero nichilista, ultimamente contro l\u2019uomo, si sta sempre pi\u00f9 affermando .","og_url":"https:\/\/www.rassegnastampa-totustuus.it\/cattolica\/ambiente-naturale-biocentrismo-vs-antropocentrismo\/","og_site_name":"Rassegna Stampa Cattolica","article_publisher":"https:\/\/www.facebook.com\/rassegnastampacattolica","article_published_time":"2023-12-20T23:00:00+00:00","og_image":[{"width":275,"height":183,"url":"https:\/\/www.rassegnastampa-totustuus.it\/cattolica\/wp-content\/uploads\/2019\/05\/ambientalismo_Greta.jpg","type":"image\/jpeg"}],"author":"Redazione","twitter_card":"summary_large_image","twitter_creator":"@rassegnastampa9","twitter_site":"@rassegnastampa9","twitter_misc":{"Scritto da":"Redazione","Tempo di lettura stimato":"8 minuti"},"schema":{"@context":"https:\/\/schema.org","@graph":[{"@type":"Article","@id":"https:\/\/www.rassegnastampa-totustuus.it\/cattolica\/ambiente-naturale-biocentrismo-vs-antropocentrismo\/#article","isPartOf":{"@id":"https:\/\/www.rassegnastampa-totustuus.it\/cattolica\/ambiente-naturale-biocentrismo-vs-antropocentrismo\/"},"author":{"name":"Redazione","@id":"https:\/\/www.rassegnastampa-totustuus.it\/cattolica\/#\/schema\/person\/08f319d2bd1a0904ad9e2bfb7b15e5c3"},"headline":"Ambiente naturale, biocentrismo vs antropocentrismo","datePublished":"2023-12-20T23:00:00+00:00","mainEntityOfPage":{"@id":"https:\/\/www.rassegnastampa-totustuus.it\/cattolica\/ambiente-naturale-biocentrismo-vs-antropocentrismo\/"},"wordCount":1489,"publisher":{"@id":"https:\/\/www.rassegnastampa-totustuus.it\/cattolica\/#organization"},"image":{"@id":"https:\/\/www.rassegnastampa-totustuus.it\/cattolica\/ambiente-naturale-biocentrismo-vs-antropocentrismo\/#primaryimage"},"thumbnailUrl":"https:\/\/www.rassegnastampa-totustuus.it\/cattolica\/wp-content\/uploads\/2019\/05\/ambientalismo_Greta.jpg","keywords":["ambientaliasmo","antropocentrismo","biocentrismo","ideologia ambientale"],"articleSection":["Ambientalismo","Ideologia ambientale"],"inLanguage":"it-IT"},{"@type":"WebPage","@id":"https:\/\/www.rassegnastampa-totustuus.it\/cattolica\/ambiente-naturale-biocentrismo-vs-antropocentrismo\/","url":"https:\/\/www.rassegnastampa-totustuus.it\/cattolica\/ambiente-naturale-biocentrismo-vs-antropocentrismo\/","name":"Ambiente naturale, biocentrismo vs antropocentrismo - Rassegna Stampa Cattolica","isPartOf":{"@id":"https:\/\/www.rassegnastampa-totustuus.it\/cattolica\/#website"},"primaryImageOfPage":{"@id":"https:\/\/www.rassegnastampa-totustuus.it\/cattolica\/ambiente-naturale-biocentrismo-vs-antropocentrismo\/#primaryimage"},"image":{"@id":"https:\/\/www.rassegnastampa-totustuus.it\/cattolica\/ambiente-naturale-biocentrismo-vs-antropocentrismo\/#primaryimage"},"thumbnailUrl":"https:\/\/www.rassegnastampa-totustuus.it\/cattolica\/wp-content\/uploads\/2019\/05\/ambientalismo_Greta.jpg","datePublished":"2023-12-20T23:00:00+00:00","description":"Ambiente naturale, biocentrismo vs antropocentrismo. Un pensiero nichilista, ultimamente contro l\u2019uomo, si sta sempre pi\u00f9 affermando .","breadcrumb":{"@id":"https:\/\/www.rassegnastampa-totustuus.it\/cattolica\/ambiente-naturale-biocentrismo-vs-antropocentrismo\/#breadcrumb"},"inLanguage":"it-IT","potentialAction":[{"@type":"ReadAction","target":["https:\/\/www.rassegnastampa-totustuus.it\/cattolica\/ambiente-naturale-biocentrismo-vs-antropocentrismo\/"]}]},{"@type":"ImageObject","inLanguage":"it-IT","@id":"https:\/\/www.rassegnastampa-totustuus.it\/cattolica\/ambiente-naturale-biocentrismo-vs-antropocentrismo\/#primaryimage","url":"https:\/\/www.rassegnastampa-totustuus.it\/cattolica\/wp-content\/uploads\/2019\/05\/ambientalismo_Greta.jpg","contentUrl":"https:\/\/www.rassegnastampa-totustuus.it\/cattolica\/wp-content\/uploads\/2019\/05\/ambientalismo_Greta.jpg","width":275,"height":183},{"@type":"BreadcrumbList","@id":"https:\/\/www.rassegnastampa-totustuus.it\/cattolica\/ambiente-naturale-biocentrismo-vs-antropocentrismo\/#breadcrumb","itemListElement":[{"@type":"ListItem","position":1,"name":"Home","item":"https:\/\/www.rassegnastampa-totustuus.it\/cattolica\/"},{"@type":"ListItem","position":2,"name":"Ambiente naturale, biocentrismo vs antropocentrismo"}]},{"@type":"WebSite","@id":"https:\/\/www.rassegnastampa-totustuus.it\/cattolica\/#website","url":"https:\/\/www.rassegnastampa-totustuus.it\/cattolica\/","name":"Rassegna Stampa Cattolica","description":"Per una cultura che nasce dalla Rivelazione cristiana in conformit\u00e0 alla tradizione e al Magistero della Chiesa in opposizione ad ogni relativismo e totalitarismo","publisher":{"@id":"https:\/\/www.rassegnastampa-totustuus.it\/cattolica\/#organization"},"alternateName":"Rass. Cattolica","potentialAction":[{"@type":"SearchAction","target":{"@type":"EntryPoint","urlTemplate":"https:\/\/www.rassegnastampa-totustuus.it\/cattolica\/?s={search_term_string}"},"query-input":{"@type":"PropertyValueSpecification","valueRequired":true,"valueName":"search_term_string"}}],"inLanguage":"it-IT"},{"@type":"Organization","@id":"https:\/\/www.rassegnastampa-totustuus.it\/cattolica\/#organization","name":"Rassegna Stampa Cattolica","url":"https:\/\/www.rassegnastampa-totustuus.it\/cattolica\/","logo":{"@type":"ImageObject","inLanguage":"it-IT","@id":"https:\/\/www.rassegnastampa-totustuus.it\/cattolica\/#\/schema\/logo\/image\/","url":"https:\/\/www.rassegnastampa-totustuus.it\/cattolica\/wp-content\/uploads\/2014\/04\/logo-rassegna1.gif","contentUrl":"https:\/\/www.rassegnastampa-totustuus.it\/cattolica\/wp-content\/uploads\/2014\/04\/logo-rassegna1.gif","width":600,"height":163,"caption":"Rassegna Stampa Cattolica"},"image":{"@id":"https:\/\/www.rassegnastampa-totustuus.it\/cattolica\/#\/schema\/logo\/image\/"},"sameAs":["https:\/\/www.facebook.com\/rassegnastampacattolica","https:\/\/x.com\/rassegnastampa9"]},{"@type":"Person","@id":"https:\/\/www.rassegnastampa-totustuus.it\/cattolica\/#\/schema\/person\/08f319d2bd1a0904ad9e2bfb7b15e5c3","name":"Redazione","image":{"@type":"ImageObject","inLanguage":"it-IT","@id":"https:\/\/secure.gravatar.com\/avatar\/2fcdf27c78ea025fbdb44e914cc63c72249ffec9dc8aafd5c82b26240ef3f346?s=96&d=mm&r=g","url":"https:\/\/secure.gravatar.com\/avatar\/2fcdf27c78ea025fbdb44e914cc63c72249ffec9dc8aafd5c82b26240ef3f346?s=96&d=mm&r=g","contentUrl":"https:\/\/secure.gravatar.com\/avatar\/2fcdf27c78ea025fbdb44e914cc63c72249ffec9dc8aafd5c82b26240ef3f346?s=96&d=mm&r=g","caption":"Redazione"},"url":"https:\/\/www.rassegnastampa-totustuus.it\/cattolica\/author\/pietroelle\/"}]}},"_links":{"self":[{"href":"https:\/\/www.rassegnastampa-totustuus.it\/cattolica\/wp-json\/wp\/v2\/posts\/58277","targetHints":{"allow":["GET"]}}],"collection":[{"href":"https:\/\/www.rassegnastampa-totustuus.it\/cattolica\/wp-json\/wp\/v2\/posts"}],"about":[{"href":"https:\/\/www.rassegnastampa-totustuus.it\/cattolica\/wp-json\/wp\/v2\/types\/post"}],"author":[{"embeddable":true,"href":"https:\/\/www.rassegnastampa-totustuus.it\/cattolica\/wp-json\/wp\/v2\/users\/6"}],"replies":[{"embeddable":true,"href":"https:\/\/www.rassegnastampa-totustuus.it\/cattolica\/wp-json\/wp\/v2\/comments?post=58277"}],"version-history":[{"count":1,"href":"https:\/\/www.rassegnastampa-totustuus.it\/cattolica\/wp-json\/wp\/v2\/posts\/58277\/revisions"}],"predecessor-version":[{"id":58278,"href":"https:\/\/www.rassegnastampa-totustuus.it\/cattolica\/wp-json\/wp\/v2\/posts\/58277\/revisions\/58278"}],"wp:featuredmedia":[{"embeddable":true,"href":"https:\/\/www.rassegnastampa-totustuus.it\/cattolica\/wp-json\/wp\/v2\/media\/43108"}],"wp:attachment":[{"href":"https:\/\/www.rassegnastampa-totustuus.it\/cattolica\/wp-json\/wp\/v2\/media?parent=58277"}],"wp:term":[{"taxonomy":"category","embeddable":true,"href":"https:\/\/www.rassegnastampa-totustuus.it\/cattolica\/wp-json\/wp\/v2\/categories?post=58277"},{"taxonomy":"post_tag","embeddable":true,"href":"https:\/\/www.rassegnastampa-totustuus.it\/cattolica\/wp-json\/wp\/v2\/tags?post=58277"}],"curies":[{"name":"wp","href":"https:\/\/api.w.org\/{rel}","templated":true}]}}