{"id":5827,"date":"2013-12-19T00:00:00","date_gmt":"2013-12-19T00:00:00","guid":{"rendered":""},"modified":"2015-06-11T16:08:22","modified_gmt":"2015-06-11T14:08:22","slug":"la-crisi-giuridica","status":"publish","type":"post","link":"https:\/\/www.rassegnastampa-totustuus.it\/cattolica\/la-crisi-giuridica\/","title":{"rendered":"La crisi giuridica."},"content":{"rendered":"<div style=\"text-align: center;\"><strong><a href=\"https:\/\/www.rassegnastampa-totustuus.it\/cattolica\/wp-content\/uploads\/2013\/12\/giudici.jpg\"><img loading=\"lazy\" decoding=\"async\" class=\" wp-image-6947 alignright\" src=\"https:\/\/www.rassegnastampa-totustuus.it\/cattolica\/wp-content\/uploads\/2013\/12\/giudici.jpg\" alt=\"giudici\" width=\"200\" height=\"180\" \/><\/a>Osservatorio Internazionale Cardinale Van Thu\u00e2n<br \/>\n<\/strong>Newsletter n.461 del 11 dicembre 2013<\/div>\n<p style=\"text-align: justify;\"><em>Il V Rapporto dell&#8217;osservatorio sulla Dottrina sociale della Chiesa nel mondo incentrato sull'&#8221;ingiustizia legale&#8221;<\/em><\/p>\n<p style=\"text-align: center;\"><strong>Stefano Fontana<\/strong><\/p>\n<p><!--more--><\/p>\n<div style=\"text-align: justify;\">Si parla tanto \u2013 e giustamente \u2013 di crisi economica, ma secondo il V Rapporto sulla Dottrina sociale della Chiesa nel mondo dell\u2019Osservatorio Cardinale Van Thu\u00e2n \u2013 oggi in libreria per le edizioni Cantagalli \u2013 c\u2019\u00e8 una crisi nascosta, sottile ma molto invasiva e destabilizzante: la crisi giuridica ovvero, come dice il Rapporto, l\u2019\u201dingiustizia legale\u201d.<\/div>\n<p style=\"text-align: justify;\">Se le Corti internazionali di giustizia entrano a gamba tesa a definire chi \u00e8 persona, se i giudici ordinari demoliscono con le loro sentenze le leggi e si sostituiscono ai Parlamenti; se le Carte costituzionali sono ormai il terreno di aspre contese anzich\u00e9 di un riconoscimento comune in alcuni valori naturali, allora siamo davanti ad una profonda crisi giuridica, che poi si estende alla totalit\u00e0 dei rapporti sociali ed economici, spiegando ampiamente la crisi in atto: secondo il Rapporto si moltiplicano le norme, ma viene meno la legge e sempre pi\u00f9 di frequente il vero Stato di diritto \u00e8 in crisi, anche nelle democrazia occidentali.<\/p>\n<p style=\"text-align: justify;\">Come affermato da Mons. Mamberti in un intervento all\u2019Onu di cui si d\u00e0 conto nel Rapporto, il diritto sbiadisce nella legge e, inevitabilmente, la legge sbiadisce a sua volta nelle regole. Abbiamo cos\u00ec solo una \u201csociet\u00e0 delle regole\u201d (<em>rules<\/em>) e non pi\u00f9 uno Stato di diritto ove governa la legge (<em>rule of law<\/em>). In una societ\u00e0 delle regole, le regole sono senza fondamento. Questa \u00e8 la crisi giuridica che d\u00e0 luogo all\u2019ingiustizia legale.<\/p>\n<p style=\"text-align: justify;\">Gianluca Guerzoni, nello studio centrale del Rapporto dedicato proprio alla crisi giuridica, afferma \u201cper crisi giuridica intendiamo la debolezza del diritto davanti a queste sfide, come conseguenza di una divaricazione del diritto da un\u2019etica condivisa ed effetto di un pluralismo etico incapace di individuare cifre comuni\u201d.<\/p>\n<p style=\"text-align: justify;\">La crisi giuridica che il Rapporto documenta \u00e8 legislativa e giurisprudenziale nello stesso tempo. Crisi legislativa, in quanto nel corso dell\u2019anno di riferimento del Rapporto, il 2012, molti Parlamenti hanno legiferato contro il diritto naturale nei campi della vita e della famiglia, dall\u2019Argentina, all\u2019Uruguay, dall\u2019Irlanda alla Francia. Crisi giurisprudenziale, sia perch\u00e9 le Corti internazionali di giustizia entrano in terreni non propri, sia perch\u00e9 i giudici ordinari si stanno sostituendo con le loro sentenze ai Parlamenti.<\/p>\n<p style=\"text-align: justify;\">Il Rapporto riporta i fatti, come la sentenza del 28 novembre 2012 della Corte Interamericana per i diritti umani, che ha condannato il Costa Rica per non avere ancora una legge che permettesse la fecondazione in vitro; oppure la sentenza del Supremo Tribunale Federale del Brasile, che nel marzo 2012 ha autorizzato la cosiddetta \u201canticipazione terapeutica del parto\u201d \u2013 ossia l\u2019aborto. In ambedue i casi, le Corti si sono sentite autorizzate a definire concetti non di propria competenza: la prima sostenendo che il concepimento \u00abha luogo da quando l\u2019embrione viene impiantato nell\u2019utero\u00bb e il secondo affermando che \u00abl\u2019acefalo non diventer\u00e0 mai una persona\u00bb.<\/p>\n<p style=\"text-align: justify;\">Questa \u201cmetafisica delle sentenze\u201d che, come oracoli divini, decretano cosa significhi essere uomo e chi debba godere di questo riconoscimento, escludendo i non idonei, mette in crisi di affidabilit\u00e0 il sistema delle Corti internazionali di giustizia che hanno per\u00f2 la forza per condizionare la politica degli Stati.<\/p>\n<p style=\"text-align: justify;\">Quanto alle sentenze dei giudici ordinari, il Rapporto mostra che ove c\u2019\u00e8 vuoto legislativo legiferano di fatto i giudici con le loro sentenze, ove non c\u2019\u00e8 vuoto legislativo essi demoliscono la legge a suon di sentenze. Si nota in molti Paesi una forte tensione tra il potere legislativo dei Parlamenti nazionali, quello della magistratura ordinaria in quegli stessi Paesi e quello della giustizia internazionale.<\/p>\n<p style=\"text-align: justify;\">Questo squilibrio lacera il tessuto delle nazioni ponendo in crisi il collante delle Carte costituzionali. E\u2019 probabile che si giunga a far s\u00ec che i cittadini siano indotti a fare obiezione di coscienza rispetto alla stessa Costituzione del loro Paese, il che minerebbe alla base la stabilit\u00e0 non solo giuridica ma anche morale e sociale degli Stati.<\/p>\n<p style=\"text-align: justify;\">Il Rapporto analizza, tra gli altri, i casi degli Stati Uniti, delle Filippine e dell\u2019Argentina. Nel 2012 in Argentina \u00e8 continuata l\u2019attivit\u00e0 legislativa di distruzione dei principi della vita e della famiglia. Le strutture sanitarie statali sono obbligate a praticare l\u2019aborto, \u00e8 ammessa l\u2019eutanasia; viene assunta l\u2019ideologia del gender, \u00e8 possibile registrare come figlio di due donne il bambino avuto da una donna unita con un\u2019altra donna prima dell\u2019entrata in vigore della legge sul matrimonio civile; la \u201cley de sangre\u201d \u00e8 stata modificata per impedire di chiedere ai donatori di sangue informazioni sul loro orientamento sessuale, la riproduzione medicalmente assistita e fornita integralmente dalla struttura pubblica con esclusione dell\u2019obiezione di cosienza; possono essere distrutti gli embrioni umani prodotti in vitro e non trasferiti in utero.<\/p>\n<p style=\"text-align: justify;\">Su tutte queste leggi pende il dubbio, che in molti casi \u00e8 una certezza, di incostituzionalit\u00e0. Si prevedono quindi ricorsi e contenziosi sia giuridici che politici. Su tutte questi leggi si nota la pressione degli organismi internazionali.<\/p>\n<p style=\"text-align: justify;\">I dati del Rapporto dell\u2019Osservatorio Van Thu\u00e2n testimoniano una diffusione dell\u2019anomia sociale nel mondo, la sospensione della legge in molte aree, la crisi delle istituzioni, la corruzione pi\u00f9 o meno consentita, l\u2019oligopolio dell\u2019uso della forza, le pratiche illegali impunite, le limitazioni del diritto all\u2019obiezione di coscienza.<\/p>\n<p style=\"text-align: justify;\">In America Latina e in Africa soprattutto questo quadro \u00e8 desolante, non viene risparmiato per\u00f2 nemmeno il mondo cosiddetto avanzato. Questo ci dice che non sono privi di influenza sulla organizzazione della vita quotidiana nelle nostre societ\u00e0 i fenomeni di crisi della giustizia che il Rapporto documenta a livello delle Corti internazionali, del comportamento dei giudici e con riferimento alle Carte costituzionali.<\/p>\n<p style=\"text-align: justify;\">Il Rapporto riferisce anche su come l\u2019attivit\u00e0 internazionale della Santa Sede abbia condotto una \u201cpedagogia giuridica\u201d. Di grande valore il magistero sociale del Papa, documentato dall\u2019arcivescovo Giampaolo Crepaldi che, insieme a Stefano Fontana, ha curato questa nuova edizione del Rapporto.<\/p>\n<p style=\"text-align: justify;\">__________________<\/p>\n<p style=\"text-align: justify;\"><strong>Osservatorio internazionale Cardinale Van Thu\u00e2n,<\/strong> <em>V Rapporto sulla Dottrina sociale della Chiesa nel mondo<\/em>, a cura di G. Crepaldi e S. Fontana, Cantagalli, Siena 2013, pp. 220, \u20ac 14,00<\/p>\n<p style=\"text-align: center;\"><strong><a href=\"https:\/\/www.rassegnastampa-totustuus.it\/cattolica\/?p=5825\" target=\"_blank\">in English<\/a><\/strong><\/p>\n","protected":false},"excerpt":{"rendered":"<p>Osservatorio Internazionale Cardinale Van Thu\u00e2n Newsletter n.461 del 11 dicembre 2013 Il V Rapporto dell&#8217;osservatorio sulla Dottrina sociale della Chiesa nel mondo incentrato sull&#8217;&#8221;ingiustizia legale&#8221; Stefano Fontana<\/p><p><a class=\"more-link btn\" href=\"https:\/\/www.rassegnastampa-totustuus.it\/cattolica\/la-crisi-giuridica\/\">Continua a leggere<\/a><\/p>\n","protected":false},"author":6,"featured_media":6947,"comment_status":"closed","ping_status":"open","sticky":false,"template":"","format":"standard","meta":{"footnotes":""},"categories":[10],"tags":[180,181],"class_list":["post-5827","post","type-post","status-publish","format-standard","has-post-thumbnail","hentry","category-diritto","tag-diritto-2","tag-diritto-law","item-wrap"],"yoast_head":"<!-- This site is optimized with the Yoast SEO plugin v27.5 - https:\/\/yoast.com\/product\/yoast-seo-wordpress\/ -->\n<title>La crisi giuridica. - Rassegna Stampa Cattolica<\/title>\n<meta name=\"description\" content=\"Rassegna Stampa Cattolica - Per una cultura che nasce dalla Rivelazione cristiana in conformit\u00e0 alla tradizione e al Magistero della Chiesa in opposizione ad ogni relativismo e totalitarismo\" \/>\n<meta name=\"robots\" content=\"index, follow, max-snippet:-1, max-image-preview:large, max-video-preview:-1\" \/>\n<link rel=\"canonical\" href=\"https:\/\/www.rassegnastampa-totustuus.it\/cattolica\/la-crisi-giuridica\/\" \/>\n<meta property=\"og:locale\" content=\"it_IT\" \/>\n<meta property=\"og:type\" content=\"article\" \/>\n<meta property=\"og:title\" content=\"La crisi giuridica. - Rassegna Stampa Cattolica\" \/>\n<meta property=\"og:description\" content=\"Rassegna Stampa Cattolica - Per una cultura che nasce dalla Rivelazione cristiana in conformit\u00e0 alla tradizione e al Magistero della Chiesa in opposizione ad ogni relativismo e totalitarismo\" \/>\n<meta property=\"og:url\" content=\"https:\/\/www.rassegnastampa-totustuus.it\/cattolica\/la-crisi-giuridica\/\" \/>\n<meta property=\"og:site_name\" content=\"Rassegna Stampa Cattolica\" \/>\n<meta property=\"article:publisher\" content=\"https:\/\/www.facebook.com\/rassegnastampacattolica\" \/>\n<meta property=\"article:published_time\" content=\"2013-12-19T00:00:00+00:00\" \/>\n<meta property=\"article:modified_time\" content=\"2015-06-11T14:08:22+00:00\" \/>\n<meta property=\"og:image\" content=\"https:\/\/www.rassegnastampa-totustuus.it\/cattolica\/wp-content\/uploads\/2013\/12\/giudici.jpg\" \/>\n\t<meta property=\"og:image:width\" content=\"259\" \/>\n\t<meta property=\"og:image:height\" content=\"194\" \/>\n\t<meta property=\"og:image:type\" content=\"image\/jpeg\" \/>\n<meta name=\"author\" content=\"Redazione\" \/>\n<meta name=\"twitter:card\" content=\"summary_large_image\" \/>\n<meta name=\"twitter:creator\" content=\"@rassegnastampa9\" \/>\n<meta name=\"twitter:site\" content=\"@rassegnastampa9\" \/>\n<meta name=\"twitter:label1\" content=\"Scritto da\" \/>\n\t<meta name=\"twitter:data1\" content=\"Redazione\" \/>\n\t<meta name=\"twitter:label2\" content=\"Tempo di lettura stimato\" \/>\n\t<meta name=\"twitter:data2\" content=\"5 minuti\" \/>\n<script type=\"application\/ld+json\" class=\"yoast-schema-graph\">{\"@context\":\"https:\\\/\\\/schema.org\",\"@graph\":[{\"@type\":\"Article\",\"@id\":\"https:\\\/\\\/www.rassegnastampa-totustuus.it\\\/cattolica\\\/la-crisi-giuridica\\\/#article\",\"isPartOf\":{\"@id\":\"https:\\\/\\\/www.rassegnastampa-totustuus.it\\\/cattolica\\\/la-crisi-giuridica\\\/\"},\"author\":{\"name\":\"Redazione\",\"@id\":\"https:\\\/\\\/www.rassegnastampa-totustuus.it\\\/cattolica\\\/#\\\/schema\\\/person\\\/08f319d2bd1a0904ad9e2bfb7b15e5c3\"},\"headline\":\"La crisi giuridica.\",\"datePublished\":\"2013-12-19T00:00:00+00:00\",\"dateModified\":\"2015-06-11T14:08:22+00:00\",\"mainEntityOfPage\":{\"@id\":\"https:\\\/\\\/www.rassegnastampa-totustuus.it\\\/cattolica\\\/la-crisi-giuridica\\\/\"},\"wordCount\":1004,\"publisher\":{\"@id\":\"https:\\\/\\\/www.rassegnastampa-totustuus.it\\\/cattolica\\\/#organization\"},\"image\":{\"@id\":\"https:\\\/\\\/www.rassegnastampa-totustuus.it\\\/cattolica\\\/la-crisi-giuridica\\\/#primaryimage\"},\"thumbnailUrl\":\"https:\\\/\\\/www.rassegnastampa-totustuus.it\\\/cattolica\\\/wp-content\\\/uploads\\\/2013\\\/12\\\/giudici.jpg\",\"keywords\":[\"diritto\",\"diritto. law\"],\"articleSection\":[\"Diritto\"],\"inLanguage\":\"it-IT\"},{\"@type\":\"WebPage\",\"@id\":\"https:\\\/\\\/www.rassegnastampa-totustuus.it\\\/cattolica\\\/la-crisi-giuridica\\\/\",\"url\":\"https:\\\/\\\/www.rassegnastampa-totustuus.it\\\/cattolica\\\/la-crisi-giuridica\\\/\",\"name\":\"La crisi giuridica. - Rassegna Stampa Cattolica\",\"isPartOf\":{\"@id\":\"https:\\\/\\\/www.rassegnastampa-totustuus.it\\\/cattolica\\\/#website\"},\"primaryImageOfPage\":{\"@id\":\"https:\\\/\\\/www.rassegnastampa-totustuus.it\\\/cattolica\\\/la-crisi-giuridica\\\/#primaryimage\"},\"image\":{\"@id\":\"https:\\\/\\\/www.rassegnastampa-totustuus.it\\\/cattolica\\\/la-crisi-giuridica\\\/#primaryimage\"},\"thumbnailUrl\":\"https:\\\/\\\/www.rassegnastampa-totustuus.it\\\/cattolica\\\/wp-content\\\/uploads\\\/2013\\\/12\\\/giudici.jpg\",\"datePublished\":\"2013-12-19T00:00:00+00:00\",\"dateModified\":\"2015-06-11T14:08:22+00:00\",\"description\":\"Rassegna Stampa Cattolica - Per una cultura che nasce dalla Rivelazione cristiana in conformit\u00e0 alla tradizione e al Magistero della Chiesa in opposizione ad ogni relativismo e totalitarismo\",\"breadcrumb\":{\"@id\":\"https:\\\/\\\/www.rassegnastampa-totustuus.it\\\/cattolica\\\/la-crisi-giuridica\\\/#breadcrumb\"},\"inLanguage\":\"it-IT\",\"potentialAction\":[{\"@type\":\"ReadAction\",\"target\":[\"https:\\\/\\\/www.rassegnastampa-totustuus.it\\\/cattolica\\\/la-crisi-giuridica\\\/\"]}]},{\"@type\":\"ImageObject\",\"inLanguage\":\"it-IT\",\"@id\":\"https:\\\/\\\/www.rassegnastampa-totustuus.it\\\/cattolica\\\/la-crisi-giuridica\\\/#primaryimage\",\"url\":\"https:\\\/\\\/www.rassegnastampa-totustuus.it\\\/cattolica\\\/wp-content\\\/uploads\\\/2013\\\/12\\\/giudici.jpg\",\"contentUrl\":\"https:\\\/\\\/www.rassegnastampa-totustuus.it\\\/cattolica\\\/wp-content\\\/uploads\\\/2013\\\/12\\\/giudici.jpg\",\"width\":259,\"height\":194},{\"@type\":\"BreadcrumbList\",\"@id\":\"https:\\\/\\\/www.rassegnastampa-totustuus.it\\\/cattolica\\\/la-crisi-giuridica\\\/#breadcrumb\",\"itemListElement\":[{\"@type\":\"ListItem\",\"position\":1,\"name\":\"Home\",\"item\":\"https:\\\/\\\/www.rassegnastampa-totustuus.it\\\/cattolica\\\/\"},{\"@type\":\"ListItem\",\"position\":2,\"name\":\"La crisi giuridica.\"}]},{\"@type\":\"WebSite\",\"@id\":\"https:\\\/\\\/www.rassegnastampa-totustuus.it\\\/cattolica\\\/#website\",\"url\":\"https:\\\/\\\/www.rassegnastampa-totustuus.it\\\/cattolica\\\/\",\"name\":\"Rassegna Stampa Cattolica\",\"description\":\"Per una cultura che nasce dalla Rivelazione cristiana in conformit\u00e0 alla tradizione e al Magistero della Chiesa in opposizione ad ogni relativismo e totalitarismo\",\"publisher\":{\"@id\":\"https:\\\/\\\/www.rassegnastampa-totustuus.it\\\/cattolica\\\/#organization\"},\"alternateName\":\"Rass. Cattolica\",\"potentialAction\":[{\"@type\":\"SearchAction\",\"target\":{\"@type\":\"EntryPoint\",\"urlTemplate\":\"https:\\\/\\\/www.rassegnastampa-totustuus.it\\\/cattolica\\\/?s={search_term_string}\"},\"query-input\":{\"@type\":\"PropertyValueSpecification\",\"valueRequired\":true,\"valueName\":\"search_term_string\"}}],\"inLanguage\":\"it-IT\"},{\"@type\":\"Organization\",\"@id\":\"https:\\\/\\\/www.rassegnastampa-totustuus.it\\\/cattolica\\\/#organization\",\"name\":\"Rassegna Stampa Cattolica\",\"url\":\"https:\\\/\\\/www.rassegnastampa-totustuus.it\\\/cattolica\\\/\",\"logo\":{\"@type\":\"ImageObject\",\"inLanguage\":\"it-IT\",\"@id\":\"https:\\\/\\\/www.rassegnastampa-totustuus.it\\\/cattolica\\\/#\\\/schema\\\/logo\\\/image\\\/\",\"url\":\"https:\\\/\\\/www.rassegnastampa-totustuus.it\\\/cattolica\\\/wp-content\\\/uploads\\\/2014\\\/04\\\/logo-rassegna1.gif\",\"contentUrl\":\"https:\\\/\\\/www.rassegnastampa-totustuus.it\\\/cattolica\\\/wp-content\\\/uploads\\\/2014\\\/04\\\/logo-rassegna1.gif\",\"width\":600,\"height\":163,\"caption\":\"Rassegna Stampa Cattolica\"},\"image\":{\"@id\":\"https:\\\/\\\/www.rassegnastampa-totustuus.it\\\/cattolica\\\/#\\\/schema\\\/logo\\\/image\\\/\"},\"sameAs\":[\"https:\\\/\\\/www.facebook.com\\\/rassegnastampacattolica\",\"https:\\\/\\\/x.com\\\/rassegnastampa9\"]},{\"@type\":\"Person\",\"@id\":\"https:\\\/\\\/www.rassegnastampa-totustuus.it\\\/cattolica\\\/#\\\/schema\\\/person\\\/08f319d2bd1a0904ad9e2bfb7b15e5c3\",\"name\":\"Redazione\",\"image\":{\"@type\":\"ImageObject\",\"inLanguage\":\"it-IT\",\"@id\":\"https:\\\/\\\/secure.gravatar.com\\\/avatar\\\/2fcdf27c78ea025fbdb44e914cc63c72249ffec9dc8aafd5c82b26240ef3f346?s=96&d=mm&r=g\",\"url\":\"https:\\\/\\\/secure.gravatar.com\\\/avatar\\\/2fcdf27c78ea025fbdb44e914cc63c72249ffec9dc8aafd5c82b26240ef3f346?s=96&d=mm&r=g\",\"contentUrl\":\"https:\\\/\\\/secure.gravatar.com\\\/avatar\\\/2fcdf27c78ea025fbdb44e914cc63c72249ffec9dc8aafd5c82b26240ef3f346?s=96&d=mm&r=g\",\"caption\":\"Redazione\"},\"url\":\"https:\\\/\\\/www.rassegnastampa-totustuus.it\\\/cattolica\\\/author\\\/pietroelle\\\/\"}]}<\/script>\n<!-- \/ Yoast SEO plugin. -->","yoast_head_json":{"title":"La crisi giuridica. - Rassegna Stampa Cattolica","description":"Rassegna Stampa Cattolica - Per una cultura che nasce dalla Rivelazione cristiana in conformit\u00e0 alla tradizione e al Magistero della Chiesa in opposizione ad ogni relativismo e totalitarismo","robots":{"index":"index","follow":"follow","max-snippet":"max-snippet:-1","max-image-preview":"max-image-preview:large","max-video-preview":"max-video-preview:-1"},"canonical":"https:\/\/www.rassegnastampa-totustuus.it\/cattolica\/la-crisi-giuridica\/","og_locale":"it_IT","og_type":"article","og_title":"La crisi giuridica. - Rassegna Stampa Cattolica","og_description":"Rassegna Stampa Cattolica - Per una cultura che nasce dalla Rivelazione cristiana in conformit\u00e0 alla tradizione e al Magistero della Chiesa in opposizione ad ogni relativismo e totalitarismo","og_url":"https:\/\/www.rassegnastampa-totustuus.it\/cattolica\/la-crisi-giuridica\/","og_site_name":"Rassegna Stampa Cattolica","article_publisher":"https:\/\/www.facebook.com\/rassegnastampacattolica","article_published_time":"2013-12-19T00:00:00+00:00","article_modified_time":"2015-06-11T14:08:22+00:00","og_image":[{"width":259,"height":194,"url":"https:\/\/www.rassegnastampa-totustuus.it\/cattolica\/wp-content\/uploads\/2013\/12\/giudici.jpg","type":"image\/jpeg"}],"author":"Redazione","twitter_card":"summary_large_image","twitter_creator":"@rassegnastampa9","twitter_site":"@rassegnastampa9","twitter_misc":{"Scritto da":"Redazione","Tempo di lettura stimato":"5 minuti"},"schema":{"@context":"https:\/\/schema.org","@graph":[{"@type":"Article","@id":"https:\/\/www.rassegnastampa-totustuus.it\/cattolica\/la-crisi-giuridica\/#article","isPartOf":{"@id":"https:\/\/www.rassegnastampa-totustuus.it\/cattolica\/la-crisi-giuridica\/"},"author":{"name":"Redazione","@id":"https:\/\/www.rassegnastampa-totustuus.it\/cattolica\/#\/schema\/person\/08f319d2bd1a0904ad9e2bfb7b15e5c3"},"headline":"La crisi giuridica.","datePublished":"2013-12-19T00:00:00+00:00","dateModified":"2015-06-11T14:08:22+00:00","mainEntityOfPage":{"@id":"https:\/\/www.rassegnastampa-totustuus.it\/cattolica\/la-crisi-giuridica\/"},"wordCount":1004,"publisher":{"@id":"https:\/\/www.rassegnastampa-totustuus.it\/cattolica\/#organization"},"image":{"@id":"https:\/\/www.rassegnastampa-totustuus.it\/cattolica\/la-crisi-giuridica\/#primaryimage"},"thumbnailUrl":"https:\/\/www.rassegnastampa-totustuus.it\/cattolica\/wp-content\/uploads\/2013\/12\/giudici.jpg","keywords":["diritto","diritto. law"],"articleSection":["Diritto"],"inLanguage":"it-IT"},{"@type":"WebPage","@id":"https:\/\/www.rassegnastampa-totustuus.it\/cattolica\/la-crisi-giuridica\/","url":"https:\/\/www.rassegnastampa-totustuus.it\/cattolica\/la-crisi-giuridica\/","name":"La crisi giuridica. - Rassegna Stampa Cattolica","isPartOf":{"@id":"https:\/\/www.rassegnastampa-totustuus.it\/cattolica\/#website"},"primaryImageOfPage":{"@id":"https:\/\/www.rassegnastampa-totustuus.it\/cattolica\/la-crisi-giuridica\/#primaryimage"},"image":{"@id":"https:\/\/www.rassegnastampa-totustuus.it\/cattolica\/la-crisi-giuridica\/#primaryimage"},"thumbnailUrl":"https:\/\/www.rassegnastampa-totustuus.it\/cattolica\/wp-content\/uploads\/2013\/12\/giudici.jpg","datePublished":"2013-12-19T00:00:00+00:00","dateModified":"2015-06-11T14:08:22+00:00","description":"Rassegna Stampa Cattolica - Per una cultura che nasce dalla Rivelazione cristiana in conformit\u00e0 alla tradizione e al Magistero della Chiesa in opposizione ad ogni relativismo e totalitarismo","breadcrumb":{"@id":"https:\/\/www.rassegnastampa-totustuus.it\/cattolica\/la-crisi-giuridica\/#breadcrumb"},"inLanguage":"it-IT","potentialAction":[{"@type":"ReadAction","target":["https:\/\/www.rassegnastampa-totustuus.it\/cattolica\/la-crisi-giuridica\/"]}]},{"@type":"ImageObject","inLanguage":"it-IT","@id":"https:\/\/www.rassegnastampa-totustuus.it\/cattolica\/la-crisi-giuridica\/#primaryimage","url":"https:\/\/www.rassegnastampa-totustuus.it\/cattolica\/wp-content\/uploads\/2013\/12\/giudici.jpg","contentUrl":"https:\/\/www.rassegnastampa-totustuus.it\/cattolica\/wp-content\/uploads\/2013\/12\/giudici.jpg","width":259,"height":194},{"@type":"BreadcrumbList","@id":"https:\/\/www.rassegnastampa-totustuus.it\/cattolica\/la-crisi-giuridica\/#breadcrumb","itemListElement":[{"@type":"ListItem","position":1,"name":"Home","item":"https:\/\/www.rassegnastampa-totustuus.it\/cattolica\/"},{"@type":"ListItem","position":2,"name":"La crisi giuridica."}]},{"@type":"WebSite","@id":"https:\/\/www.rassegnastampa-totustuus.it\/cattolica\/#website","url":"https:\/\/www.rassegnastampa-totustuus.it\/cattolica\/","name":"Rassegna Stampa Cattolica","description":"Per una cultura che nasce dalla Rivelazione cristiana in conformit\u00e0 alla tradizione e al Magistero della Chiesa in opposizione ad ogni relativismo e totalitarismo","publisher":{"@id":"https:\/\/www.rassegnastampa-totustuus.it\/cattolica\/#organization"},"alternateName":"Rass. Cattolica","potentialAction":[{"@type":"SearchAction","target":{"@type":"EntryPoint","urlTemplate":"https:\/\/www.rassegnastampa-totustuus.it\/cattolica\/?s={search_term_string}"},"query-input":{"@type":"PropertyValueSpecification","valueRequired":true,"valueName":"search_term_string"}}],"inLanguage":"it-IT"},{"@type":"Organization","@id":"https:\/\/www.rassegnastampa-totustuus.it\/cattolica\/#organization","name":"Rassegna Stampa Cattolica","url":"https:\/\/www.rassegnastampa-totustuus.it\/cattolica\/","logo":{"@type":"ImageObject","inLanguage":"it-IT","@id":"https:\/\/www.rassegnastampa-totustuus.it\/cattolica\/#\/schema\/logo\/image\/","url":"https:\/\/www.rassegnastampa-totustuus.it\/cattolica\/wp-content\/uploads\/2014\/04\/logo-rassegna1.gif","contentUrl":"https:\/\/www.rassegnastampa-totustuus.it\/cattolica\/wp-content\/uploads\/2014\/04\/logo-rassegna1.gif","width":600,"height":163,"caption":"Rassegna Stampa Cattolica"},"image":{"@id":"https:\/\/www.rassegnastampa-totustuus.it\/cattolica\/#\/schema\/logo\/image\/"},"sameAs":["https:\/\/www.facebook.com\/rassegnastampacattolica","https:\/\/x.com\/rassegnastampa9"]},{"@type":"Person","@id":"https:\/\/www.rassegnastampa-totustuus.it\/cattolica\/#\/schema\/person\/08f319d2bd1a0904ad9e2bfb7b15e5c3","name":"Redazione","image":{"@type":"ImageObject","inLanguage":"it-IT","@id":"https:\/\/secure.gravatar.com\/avatar\/2fcdf27c78ea025fbdb44e914cc63c72249ffec9dc8aafd5c82b26240ef3f346?s=96&d=mm&r=g","url":"https:\/\/secure.gravatar.com\/avatar\/2fcdf27c78ea025fbdb44e914cc63c72249ffec9dc8aafd5c82b26240ef3f346?s=96&d=mm&r=g","contentUrl":"https:\/\/secure.gravatar.com\/avatar\/2fcdf27c78ea025fbdb44e914cc63c72249ffec9dc8aafd5c82b26240ef3f346?s=96&d=mm&r=g","caption":"Redazione"},"url":"https:\/\/www.rassegnastampa-totustuus.it\/cattolica\/author\/pietroelle\/"}]}},"_links":{"self":[{"href":"https:\/\/www.rassegnastampa-totustuus.it\/cattolica\/wp-json\/wp\/v2\/posts\/5827","targetHints":{"allow":["GET"]}}],"collection":[{"href":"https:\/\/www.rassegnastampa-totustuus.it\/cattolica\/wp-json\/wp\/v2\/posts"}],"about":[{"href":"https:\/\/www.rassegnastampa-totustuus.it\/cattolica\/wp-json\/wp\/v2\/types\/post"}],"author":[{"embeddable":true,"href":"https:\/\/www.rassegnastampa-totustuus.it\/cattolica\/wp-json\/wp\/v2\/users\/6"}],"replies":[{"embeddable":true,"href":"https:\/\/www.rassegnastampa-totustuus.it\/cattolica\/wp-json\/wp\/v2\/comments?post=5827"}],"version-history":[{"count":8,"href":"https:\/\/www.rassegnastampa-totustuus.it\/cattolica\/wp-json\/wp\/v2\/posts\/5827\/revisions"}],"predecessor-version":[{"id":26126,"href":"https:\/\/www.rassegnastampa-totustuus.it\/cattolica\/wp-json\/wp\/v2\/posts\/5827\/revisions\/26126"}],"wp:featuredmedia":[{"embeddable":true,"href":"https:\/\/www.rassegnastampa-totustuus.it\/cattolica\/wp-json\/wp\/v2\/media\/6947"}],"wp:attachment":[{"href":"https:\/\/www.rassegnastampa-totustuus.it\/cattolica\/wp-json\/wp\/v2\/media?parent=5827"}],"wp:term":[{"taxonomy":"category","embeddable":true,"href":"https:\/\/www.rassegnastampa-totustuus.it\/cattolica\/wp-json\/wp\/v2\/categories?post=5827"},{"taxonomy":"post_tag","embeddable":true,"href":"https:\/\/www.rassegnastampa-totustuus.it\/cattolica\/wp-json\/wp\/v2\/tags?post=5827"}],"curies":[{"name":"wp","href":"https:\/\/api.w.org\/{rel}","templated":true}]}}