{"id":58229,"date":"2023-12-21T00:00:00","date_gmt":"2023-12-20T23:00:00","guid":{"rendered":"https:\/\/www.rassegnastampa-totustuus.it\/cattolica\/?p=58229"},"modified":"2024-01-04T14:29:43","modified_gmt":"2024-01-04T13:29:43","slug":"cremazione-cosa-dice-la-chiesa","status":"publish","type":"post","link":"https:\/\/www.rassegnastampa-totustuus.it\/cattolica\/cremazione-cosa-dice-la-chiesa\/","title":{"rendered":"Cremazione, cosa dice la Chiesa"},"content":{"rendered":"<p style=\"text-align: justify;\"><span style=\"color: #000000;\"><strong><img loading=\"lazy\" decoding=\"async\" class=\"size-full wp-image-36881 alignright\" src=\"https:\/\/www.rassegnastampa-totustuus.it\/cattolica\/wp-content\/uploads\/2016\/12\/cremazione.jpg\" alt=\"Cremazione, cosa dice la Chiesa?\" width=\"252\" height=\"200\" \/>Abstract<\/strong>: <em>cremazione, cosa dice la Chiesa su questa pratica sempre pi\u00f9 diffusa\u00a0 su cui rimane la\u00a0 <\/em><\/span><em><span style=\"color: #000000;\">problematica\u00a0 della conservazione dei resti mortali, perch\u00e9 i cristiani in virt\u00f9 dei Sacramenti appartengono a Cristo e nessuna pratica antica o moderna che non sia consona alla dottrina pu\u00f2 sminuirne il valore. Chi crede in Cristo forma con i Santi il Suo corpo mistico e in virt\u00f9 di esso a Lui in tutto appartiene<\/span>.<\/em><\/p>\n<p><!--more--><\/p>\n<p class=\"has-text-align-justify\" style=\"text-align: center;\"><span style=\"color: #0000ff;\"><strong><a style=\"color: #0000ff;\" href=\"https:\/\/www.libertaepersona.org\/\" target=\"_blank\" rel=\"noopener\">Liber\u00e0 &amp; Persona<\/a><\/strong><\/span> <span style=\"color: #000000;\">13 dicembre 2023 <\/span><\/p>\n<h3 class=\"has-text-align-justify\" style=\"text-align: center;\"><span style=\"color: #000000;\"><strong>Riflessione sul nuovo documento del Dicastero per la Dottrina della fede <\/strong><\/span><\/h3>\n<h3 class=\"has-text-align-justify\" style=\"text-align: center;\"><span style=\"color: #000000;\"><strong>circa la pratica della cremazione<\/strong> <\/span><\/h3>\n<p class=\"has-text-align-justify\" style=\"text-align: center;\"><span style=\"color: #000000;\">di <strong>Emanuele Sinese<\/strong> <\/span><\/p>\n<p class=\"has-text-align-justify\"><span style=\"color: #000000;\"><img loading=\"lazy\" decoding=\"async\" class=\"size-full wp-image-55522 alignleft\" src=\"https:\/\/www.rassegnastampa-totustuus.it\/cattolica\/wp-content\/uploads\/2023\/01\/morte_tombe_cimitero.jpg\" alt=\"\" width=\"292\" height=\"173\" \/>Il 12 dicembre 2023, sua Eminenza il Cardinale Victor Manuel Fernandez, prefetto del Dicastero per la dottrina della fede, con un apposito documento firmato dal Sommo Pontefice, approva la possibilit\u00e0 di conservare nelle abitazioni le ceneri di un congiunto. Il Dicastero per la Dottrina della Fede ha cos\u00ec fornito la risposta all\u2019istanza posta dal Presidente della Conferenza Episcopale Italiana, il Cardinale Matteo Zuppi gi\u00e0 Arcivescovo di Bologna<\/span>.<\/p>\n<h4 class=\"has-text-align-justify\" style=\"text-align: center;\"><span style=\"color: #000000;\"><strong>AGLI ALBORI DELLA QUESTIONE <\/strong><\/span><\/h4>\n<p style=\"text-align: justify;\"><span style=\"color: #000000;\">La Chiesa raccomanda vivamente che si conservi la pia consuetudine di seppellire i corpi dei defunti; tuttavia non proibisce la cremazione, a meno che questa non sia stata scelta per ragioni contrarie alla dottrina cristiana<\/span>.<\/p>\n<p style=\"text-align: justify;\"><span style=\"color: #000000;\">Il Cardinale di Bologna ha istituito tempo fa nella propria diocesi di appartenenza una commissione che trovasse una valida soluzione all\u2019ormai e sempre pi\u00f9 diffusa pratica della cremazione e soprattutto alla scelta di taluni di disperdere le ceneri del defunto in natura. Il Magistero della Chiesa, dagli anni Sessanta del secolo scorso dopo i dovuti aggiornamenti conciliari, non ha pi\u00f9 contrastato la pratica funeraria della cremazione purch\u00e9 le ceneri venissero custodite nel cimitero. Il Codice di Diritto Canonico al canone 1176 afferma<\/span>:<\/p>\n<h4 style=\"text-align: justify;\"><strong>La Chiesa raccomanda vivamente che si conservi la pia consuetudine di seppellire i corpi dei defunti; tuttavia non proibisce la cremazione, a meno che questa non sia stata scelta per ragioni contrarie alla dottrina cristiana.<\/strong><\/h4>\n<p style=\"text-align: justify;\"><span style=\"color: #000000;\"><img loading=\"lazy\" decoding=\"async\" class=\"size-medium wp-image-50733 alignright\" src=\"https:\/\/www.rassegnastampa-totustuus.it\/cattolica\/wp-content\/uploads\/2021\/04\/Sud_Africa_cimitero_morte-300x169.jpg\" alt=\"\" width=\"300\" height=\"169\" srcset=\"https:\/\/www.rassegnastampa-totustuus.it\/cattolica\/wp-content\/uploads\/2021\/04\/Sud_Africa_cimitero_morte-300x169.jpg 300w, https:\/\/www.rassegnastampa-totustuus.it\/cattolica\/wp-content\/uploads\/2021\/04\/Sud_Africa_cimitero_morte-768x432.jpg 768w, https:\/\/www.rassegnastampa-totustuus.it\/cattolica\/wp-content\/uploads\/2021\/04\/Sud_Africa_cimitero_morte-1024x576.jpg 1024w\" sizes=\"auto, (max-width: 300px) 100vw, 300px\" \/>In Italia secondo le statistiche dall\u2019anno 2021 vi \u00e8 stato un incremento del 34,44% delle cremazioni, sia per ragioni economiche (esse hanno un costo inferiore rispetto alle inumazioni e tumulazioni), sia e soprattutto per motivi culturali. L\u2019epoca attuale (post contemporanea) sempre pi\u00f9 secolarizzata e relativista ha svanito la certezza della risurrezione fine ultimo di ogni cristiano e la morte \u00e8 sempre pi\u00f9 pensata e vissuta come una fase finale, ove il corpo si dissolve nel nulla.<\/span><\/p>\n<h4 style=\"text-align: center;\"><span style=\"color: #000000;\"><strong>QUALI POSSIBILI CONSEGUENZE?<\/strong><\/span><\/h4>\n<p style=\"text-align: justify;\"><span style=\"color: #000000;\">La conservazione delle ceneri di un congiunto nelle abitazioni oltre a sminuire il senso cristiano della morte, fa incorrere nel rischio di ridurre questo evento certamente sofferto e drammatico ad una nuova forma di feticcio. La Chiesa ricorda ad ogni battezzato che il Signore Ges\u00f9 giudice dei vivi e dei morti, principio e fine, alfa e omega alla fine dei tempi far\u00e0 risorgere in anima e corpo tutti coloro i quali hanno creduto e sperato in Lui. Tra questi anche chi si \u00e8 avvalso dell\u2019incenerimento, in quanto la risurrezione dei corpi non implica il recupero delle stesse medesime particelle di materia che lo compongono. La problematica rimane sulla conservazione dei resti mortali, perch\u00e9 i cristiani in virt\u00f9 dei Sacramenti appartengono a Cristo e nessuna pratica antica o moderna che non sia consona alla dottrina pu\u00f2 sminuirne il valore. Chi crede in Cristo forma con i Santi il Suo corpo mistico e in virt\u00f9 di esso a Lui in tutto appartiene<\/span>.<\/p>\n<p>_________________________________________<\/p>\n<p><a href=\"https:\/\/www.rassegnastampa-totustuus.it\/cattolica\/vittorio-messori-perche-il-si-alla-cremazione-e-un-indice-della-perdita-di-identita-cattolica\/\" target=\"_blank\" rel=\"noopener\"><span style=\"color: #0000ff;\">Perch\u00e9 il s\u00ec alla cremazione \u00e8 un indice della perdita di identit\u00e0 cattolica<\/span><\/a><\/p>\n","protected":false},"excerpt":{"rendered":"<p>Abstract: cremazione, cosa dice la Chiesa su questa pratica sempre pi\u00f9 diffusa\u00a0 su cui rimane la\u00a0 problematica\u00a0 della conservazione dei resti mortali, perch\u00e9 i cristiani in virt\u00f9 dei Sacramenti appartengono a Cristo e nessuna pratica antica o moderna che non sia consona alla dottrina pu\u00f2 sminuirne il valore. Chi crede in Cristo forma con i &hellip; <\/p>\n<p><a class=\"more-link btn\" href=\"https:\/\/www.rassegnastampa-totustuus.it\/cattolica\/cremazione-cosa-dice-la-chiesa\/\">Continua a leggere<\/a><\/p>\n","protected":false},"author":6,"featured_media":36881,"comment_status":"closed","ping_status":"closed","sticky":false,"template":"","format":"standard","meta":{"footnotes":""},"categories":[5,42],"tags":[157,2527,458,500],"class_list":["post-58229","post","type-post","status-publish","format-standard","has-post-thumbnail","hentry","category-chiesa","category-dottrina-e-morale","tag-chiesa-2","tag-cremazione","tag-dottrina-e-morale-2","tag-morte","item-wrap"],"yoast_head":"<!-- This site is optimized with the Yoast SEO plugin v27.5 - https:\/\/yoast.com\/product\/yoast-seo-wordpress\/ -->\n<title>Cremazione, cosa dice la Chiesa - Rassegna Stampa Cattolica<\/title>\n<meta name=\"description\" content=\"Cremazione cosa dice la Chiesa in merito alla conservazione dei resti mortali perch\u00e9 i cristiani in virt\u00f9 dei Sacramenti sono di Cristo\" \/>\n<meta name=\"robots\" content=\"index, follow, max-snippet:-1, max-image-preview:large, max-video-preview:-1\" \/>\n<link rel=\"canonical\" href=\"https:\/\/www.rassegnastampa-totustuus.it\/cattolica\/cremazione-cosa-dice-la-chiesa\/\" \/>\n<meta property=\"og:locale\" content=\"it_IT\" \/>\n<meta property=\"og:type\" content=\"article\" \/>\n<meta property=\"og:title\" content=\"Cremazione, cosa dice la Chiesa - Rassegna Stampa Cattolica\" \/>\n<meta property=\"og:description\" content=\"Cremazione cosa dice la Chiesa in merito alla conservazione dei resti mortali perch\u00e9 i cristiani in virt\u00f9 dei Sacramenti sono di Cristo\" \/>\n<meta property=\"og:url\" content=\"https:\/\/www.rassegnastampa-totustuus.it\/cattolica\/cremazione-cosa-dice-la-chiesa\/\" \/>\n<meta property=\"og:site_name\" content=\"Rassegna Stampa Cattolica\" \/>\n<meta property=\"article:publisher\" content=\"https:\/\/www.facebook.com\/rassegnastampacattolica\" \/>\n<meta property=\"article:published_time\" content=\"2023-12-20T23:00:00+00:00\" \/>\n<meta property=\"article:modified_time\" content=\"2024-01-04T13:29:43+00:00\" \/>\n<meta property=\"og:image\" content=\"https:\/\/www.rassegnastampa-totustuus.it\/cattolica\/wp-content\/uploads\/2016\/12\/cremazione.jpg\" \/>\n\t<meta property=\"og:image:width\" content=\"252\" \/>\n\t<meta property=\"og:image:height\" content=\"200\" \/>\n\t<meta property=\"og:image:type\" content=\"image\/jpeg\" \/>\n<meta name=\"author\" content=\"Redazione\" \/>\n<meta name=\"twitter:card\" content=\"summary_large_image\" \/>\n<meta name=\"twitter:creator\" content=\"@rassegnastampa9\" \/>\n<meta name=\"twitter:site\" content=\"@rassegnastampa9\" \/>\n<meta name=\"twitter:label1\" content=\"Scritto da\" \/>\n\t<meta name=\"twitter:data1\" content=\"Redazione\" \/>\n\t<meta name=\"twitter:label2\" content=\"Tempo di lettura stimato\" \/>\n\t<meta name=\"twitter:data2\" content=\"4 minuti\" \/>\n<script type=\"application\/ld+json\" class=\"yoast-schema-graph\">{\"@context\":\"https:\\\/\\\/schema.org\",\"@graph\":[{\"@type\":\"Article\",\"@id\":\"https:\\\/\\\/www.rassegnastampa-totustuus.it\\\/cattolica\\\/cremazione-cosa-dice-la-chiesa\\\/#article\",\"isPartOf\":{\"@id\":\"https:\\\/\\\/www.rassegnastampa-totustuus.it\\\/cattolica\\\/cremazione-cosa-dice-la-chiesa\\\/\"},\"author\":{\"name\":\"Redazione\",\"@id\":\"https:\\\/\\\/www.rassegnastampa-totustuus.it\\\/cattolica\\\/#\\\/schema\\\/person\\\/08f319d2bd1a0904ad9e2bfb7b15e5c3\"},\"headline\":\"Cremazione, cosa dice la Chiesa\",\"datePublished\":\"2023-12-20T23:00:00+00:00\",\"dateModified\":\"2024-01-04T13:29:43+00:00\",\"mainEntityOfPage\":{\"@id\":\"https:\\\/\\\/www.rassegnastampa-totustuus.it\\\/cattolica\\\/cremazione-cosa-dice-la-chiesa\\\/\"},\"wordCount\":569,\"publisher\":{\"@id\":\"https:\\\/\\\/www.rassegnastampa-totustuus.it\\\/cattolica\\\/#organization\"},\"image\":{\"@id\":\"https:\\\/\\\/www.rassegnastampa-totustuus.it\\\/cattolica\\\/cremazione-cosa-dice-la-chiesa\\\/#primaryimage\"},\"thumbnailUrl\":\"https:\\\/\\\/www.rassegnastampa-totustuus.it\\\/cattolica\\\/wp-content\\\/uploads\\\/2016\\\/12\\\/cremazione.jpg\",\"keywords\":[\"chiesa\",\"cremazione\",\"dottrina e morale\",\"morte\"],\"articleSection\":[\"Chiesa\",\"Dottrina e morale\"],\"inLanguage\":\"it-IT\"},{\"@type\":\"WebPage\",\"@id\":\"https:\\\/\\\/www.rassegnastampa-totustuus.it\\\/cattolica\\\/cremazione-cosa-dice-la-chiesa\\\/\",\"url\":\"https:\\\/\\\/www.rassegnastampa-totustuus.it\\\/cattolica\\\/cremazione-cosa-dice-la-chiesa\\\/\",\"name\":\"Cremazione, cosa dice la Chiesa - Rassegna Stampa Cattolica\",\"isPartOf\":{\"@id\":\"https:\\\/\\\/www.rassegnastampa-totustuus.it\\\/cattolica\\\/#website\"},\"primaryImageOfPage\":{\"@id\":\"https:\\\/\\\/www.rassegnastampa-totustuus.it\\\/cattolica\\\/cremazione-cosa-dice-la-chiesa\\\/#primaryimage\"},\"image\":{\"@id\":\"https:\\\/\\\/www.rassegnastampa-totustuus.it\\\/cattolica\\\/cremazione-cosa-dice-la-chiesa\\\/#primaryimage\"},\"thumbnailUrl\":\"https:\\\/\\\/www.rassegnastampa-totustuus.it\\\/cattolica\\\/wp-content\\\/uploads\\\/2016\\\/12\\\/cremazione.jpg\",\"datePublished\":\"2023-12-20T23:00:00+00:00\",\"dateModified\":\"2024-01-04T13:29:43+00:00\",\"description\":\"Cremazione cosa dice la Chiesa in merito alla conservazione dei resti mortali perch\u00e9 i cristiani in virt\u00f9 dei Sacramenti sono di Cristo\",\"breadcrumb\":{\"@id\":\"https:\\\/\\\/www.rassegnastampa-totustuus.it\\\/cattolica\\\/cremazione-cosa-dice-la-chiesa\\\/#breadcrumb\"},\"inLanguage\":\"it-IT\",\"potentialAction\":[{\"@type\":\"ReadAction\",\"target\":[\"https:\\\/\\\/www.rassegnastampa-totustuus.it\\\/cattolica\\\/cremazione-cosa-dice-la-chiesa\\\/\"]}]},{\"@type\":\"ImageObject\",\"inLanguage\":\"it-IT\",\"@id\":\"https:\\\/\\\/www.rassegnastampa-totustuus.it\\\/cattolica\\\/cremazione-cosa-dice-la-chiesa\\\/#primaryimage\",\"url\":\"https:\\\/\\\/www.rassegnastampa-totustuus.it\\\/cattolica\\\/wp-content\\\/uploads\\\/2016\\\/12\\\/cremazione.jpg\",\"contentUrl\":\"https:\\\/\\\/www.rassegnastampa-totustuus.it\\\/cattolica\\\/wp-content\\\/uploads\\\/2016\\\/12\\\/cremazione.jpg\",\"width\":252,\"height\":200,\"caption\":\"Cremazione, cosa dice la Chiesa?\"},{\"@type\":\"BreadcrumbList\",\"@id\":\"https:\\\/\\\/www.rassegnastampa-totustuus.it\\\/cattolica\\\/cremazione-cosa-dice-la-chiesa\\\/#breadcrumb\",\"itemListElement\":[{\"@type\":\"ListItem\",\"position\":1,\"name\":\"Home\",\"item\":\"https:\\\/\\\/www.rassegnastampa-totustuus.it\\\/cattolica\\\/\"},{\"@type\":\"ListItem\",\"position\":2,\"name\":\"Cremazione, cosa dice la Chiesa\"}]},{\"@type\":\"WebSite\",\"@id\":\"https:\\\/\\\/www.rassegnastampa-totustuus.it\\\/cattolica\\\/#website\",\"url\":\"https:\\\/\\\/www.rassegnastampa-totustuus.it\\\/cattolica\\\/\",\"name\":\"Rassegna Stampa Cattolica\",\"description\":\"Per una cultura che nasce dalla Rivelazione cristiana in conformit\u00e0 alla tradizione e al Magistero della Chiesa in opposizione ad ogni relativismo e totalitarismo\",\"publisher\":{\"@id\":\"https:\\\/\\\/www.rassegnastampa-totustuus.it\\\/cattolica\\\/#organization\"},\"alternateName\":\"Rass. Cattolica\",\"potentialAction\":[{\"@type\":\"SearchAction\",\"target\":{\"@type\":\"EntryPoint\",\"urlTemplate\":\"https:\\\/\\\/www.rassegnastampa-totustuus.it\\\/cattolica\\\/?s={search_term_string}\"},\"query-input\":{\"@type\":\"PropertyValueSpecification\",\"valueRequired\":true,\"valueName\":\"search_term_string\"}}],\"inLanguage\":\"it-IT\"},{\"@type\":\"Organization\",\"@id\":\"https:\\\/\\\/www.rassegnastampa-totustuus.it\\\/cattolica\\\/#organization\",\"name\":\"Rassegna Stampa Cattolica\",\"url\":\"https:\\\/\\\/www.rassegnastampa-totustuus.it\\\/cattolica\\\/\",\"logo\":{\"@type\":\"ImageObject\",\"inLanguage\":\"it-IT\",\"@id\":\"https:\\\/\\\/www.rassegnastampa-totustuus.it\\\/cattolica\\\/#\\\/schema\\\/logo\\\/image\\\/\",\"url\":\"https:\\\/\\\/www.rassegnastampa-totustuus.it\\\/cattolica\\\/wp-content\\\/uploads\\\/2014\\\/04\\\/logo-rassegna1.gif\",\"contentUrl\":\"https:\\\/\\\/www.rassegnastampa-totustuus.it\\\/cattolica\\\/wp-content\\\/uploads\\\/2014\\\/04\\\/logo-rassegna1.gif\",\"width\":600,\"height\":163,\"caption\":\"Rassegna Stampa Cattolica\"},\"image\":{\"@id\":\"https:\\\/\\\/www.rassegnastampa-totustuus.it\\\/cattolica\\\/#\\\/schema\\\/logo\\\/image\\\/\"},\"sameAs\":[\"https:\\\/\\\/www.facebook.com\\\/rassegnastampacattolica\",\"https:\\\/\\\/x.com\\\/rassegnastampa9\"]},{\"@type\":\"Person\",\"@id\":\"https:\\\/\\\/www.rassegnastampa-totustuus.it\\\/cattolica\\\/#\\\/schema\\\/person\\\/08f319d2bd1a0904ad9e2bfb7b15e5c3\",\"name\":\"Redazione\",\"image\":{\"@type\":\"ImageObject\",\"inLanguage\":\"it-IT\",\"@id\":\"https:\\\/\\\/secure.gravatar.com\\\/avatar\\\/2fcdf27c78ea025fbdb44e914cc63c72249ffec9dc8aafd5c82b26240ef3f346?s=96&d=mm&r=g\",\"url\":\"https:\\\/\\\/secure.gravatar.com\\\/avatar\\\/2fcdf27c78ea025fbdb44e914cc63c72249ffec9dc8aafd5c82b26240ef3f346?s=96&d=mm&r=g\",\"contentUrl\":\"https:\\\/\\\/secure.gravatar.com\\\/avatar\\\/2fcdf27c78ea025fbdb44e914cc63c72249ffec9dc8aafd5c82b26240ef3f346?s=96&d=mm&r=g\",\"caption\":\"Redazione\"},\"url\":\"https:\\\/\\\/www.rassegnastampa-totustuus.it\\\/cattolica\\\/author\\\/pietroelle\\\/\"}]}<\/script>\n<!-- \/ Yoast SEO plugin. -->","yoast_head_json":{"title":"Cremazione, cosa dice la Chiesa - Rassegna Stampa Cattolica","description":"Cremazione cosa dice la Chiesa in merito alla conservazione dei resti mortali perch\u00e9 i cristiani in virt\u00f9 dei Sacramenti sono di Cristo","robots":{"index":"index","follow":"follow","max-snippet":"max-snippet:-1","max-image-preview":"max-image-preview:large","max-video-preview":"max-video-preview:-1"},"canonical":"https:\/\/www.rassegnastampa-totustuus.it\/cattolica\/cremazione-cosa-dice-la-chiesa\/","og_locale":"it_IT","og_type":"article","og_title":"Cremazione, cosa dice la Chiesa - Rassegna Stampa Cattolica","og_description":"Cremazione cosa dice la Chiesa in merito alla conservazione dei resti mortali perch\u00e9 i cristiani in virt\u00f9 dei Sacramenti sono di Cristo","og_url":"https:\/\/www.rassegnastampa-totustuus.it\/cattolica\/cremazione-cosa-dice-la-chiesa\/","og_site_name":"Rassegna Stampa Cattolica","article_publisher":"https:\/\/www.facebook.com\/rassegnastampacattolica","article_published_time":"2023-12-20T23:00:00+00:00","article_modified_time":"2024-01-04T13:29:43+00:00","og_image":[{"width":252,"height":200,"url":"https:\/\/www.rassegnastampa-totustuus.it\/cattolica\/wp-content\/uploads\/2016\/12\/cremazione.jpg","type":"image\/jpeg"}],"author":"Redazione","twitter_card":"summary_large_image","twitter_creator":"@rassegnastampa9","twitter_site":"@rassegnastampa9","twitter_misc":{"Scritto da":"Redazione","Tempo di lettura stimato":"4 minuti"},"schema":{"@context":"https:\/\/schema.org","@graph":[{"@type":"Article","@id":"https:\/\/www.rassegnastampa-totustuus.it\/cattolica\/cremazione-cosa-dice-la-chiesa\/#article","isPartOf":{"@id":"https:\/\/www.rassegnastampa-totustuus.it\/cattolica\/cremazione-cosa-dice-la-chiesa\/"},"author":{"name":"Redazione","@id":"https:\/\/www.rassegnastampa-totustuus.it\/cattolica\/#\/schema\/person\/08f319d2bd1a0904ad9e2bfb7b15e5c3"},"headline":"Cremazione, cosa dice la Chiesa","datePublished":"2023-12-20T23:00:00+00:00","dateModified":"2024-01-04T13:29:43+00:00","mainEntityOfPage":{"@id":"https:\/\/www.rassegnastampa-totustuus.it\/cattolica\/cremazione-cosa-dice-la-chiesa\/"},"wordCount":569,"publisher":{"@id":"https:\/\/www.rassegnastampa-totustuus.it\/cattolica\/#organization"},"image":{"@id":"https:\/\/www.rassegnastampa-totustuus.it\/cattolica\/cremazione-cosa-dice-la-chiesa\/#primaryimage"},"thumbnailUrl":"https:\/\/www.rassegnastampa-totustuus.it\/cattolica\/wp-content\/uploads\/2016\/12\/cremazione.jpg","keywords":["chiesa","cremazione","dottrina e morale","morte"],"articleSection":["Chiesa","Dottrina e morale"],"inLanguage":"it-IT"},{"@type":"WebPage","@id":"https:\/\/www.rassegnastampa-totustuus.it\/cattolica\/cremazione-cosa-dice-la-chiesa\/","url":"https:\/\/www.rassegnastampa-totustuus.it\/cattolica\/cremazione-cosa-dice-la-chiesa\/","name":"Cremazione, cosa dice la Chiesa - Rassegna Stampa Cattolica","isPartOf":{"@id":"https:\/\/www.rassegnastampa-totustuus.it\/cattolica\/#website"},"primaryImageOfPage":{"@id":"https:\/\/www.rassegnastampa-totustuus.it\/cattolica\/cremazione-cosa-dice-la-chiesa\/#primaryimage"},"image":{"@id":"https:\/\/www.rassegnastampa-totustuus.it\/cattolica\/cremazione-cosa-dice-la-chiesa\/#primaryimage"},"thumbnailUrl":"https:\/\/www.rassegnastampa-totustuus.it\/cattolica\/wp-content\/uploads\/2016\/12\/cremazione.jpg","datePublished":"2023-12-20T23:00:00+00:00","dateModified":"2024-01-04T13:29:43+00:00","description":"Cremazione cosa dice la Chiesa in merito alla conservazione dei resti mortali perch\u00e9 i cristiani in virt\u00f9 dei Sacramenti sono di Cristo","breadcrumb":{"@id":"https:\/\/www.rassegnastampa-totustuus.it\/cattolica\/cremazione-cosa-dice-la-chiesa\/#breadcrumb"},"inLanguage":"it-IT","potentialAction":[{"@type":"ReadAction","target":["https:\/\/www.rassegnastampa-totustuus.it\/cattolica\/cremazione-cosa-dice-la-chiesa\/"]}]},{"@type":"ImageObject","inLanguage":"it-IT","@id":"https:\/\/www.rassegnastampa-totustuus.it\/cattolica\/cremazione-cosa-dice-la-chiesa\/#primaryimage","url":"https:\/\/www.rassegnastampa-totustuus.it\/cattolica\/wp-content\/uploads\/2016\/12\/cremazione.jpg","contentUrl":"https:\/\/www.rassegnastampa-totustuus.it\/cattolica\/wp-content\/uploads\/2016\/12\/cremazione.jpg","width":252,"height":200,"caption":"Cremazione, cosa dice la Chiesa?"},{"@type":"BreadcrumbList","@id":"https:\/\/www.rassegnastampa-totustuus.it\/cattolica\/cremazione-cosa-dice-la-chiesa\/#breadcrumb","itemListElement":[{"@type":"ListItem","position":1,"name":"Home","item":"https:\/\/www.rassegnastampa-totustuus.it\/cattolica\/"},{"@type":"ListItem","position":2,"name":"Cremazione, cosa dice la Chiesa"}]},{"@type":"WebSite","@id":"https:\/\/www.rassegnastampa-totustuus.it\/cattolica\/#website","url":"https:\/\/www.rassegnastampa-totustuus.it\/cattolica\/","name":"Rassegna Stampa Cattolica","description":"Per una cultura che nasce dalla Rivelazione cristiana in conformit\u00e0 alla tradizione e al Magistero della Chiesa in opposizione ad ogni relativismo e totalitarismo","publisher":{"@id":"https:\/\/www.rassegnastampa-totustuus.it\/cattolica\/#organization"},"alternateName":"Rass. Cattolica","potentialAction":[{"@type":"SearchAction","target":{"@type":"EntryPoint","urlTemplate":"https:\/\/www.rassegnastampa-totustuus.it\/cattolica\/?s={search_term_string}"},"query-input":{"@type":"PropertyValueSpecification","valueRequired":true,"valueName":"search_term_string"}}],"inLanguage":"it-IT"},{"@type":"Organization","@id":"https:\/\/www.rassegnastampa-totustuus.it\/cattolica\/#organization","name":"Rassegna Stampa Cattolica","url":"https:\/\/www.rassegnastampa-totustuus.it\/cattolica\/","logo":{"@type":"ImageObject","inLanguage":"it-IT","@id":"https:\/\/www.rassegnastampa-totustuus.it\/cattolica\/#\/schema\/logo\/image\/","url":"https:\/\/www.rassegnastampa-totustuus.it\/cattolica\/wp-content\/uploads\/2014\/04\/logo-rassegna1.gif","contentUrl":"https:\/\/www.rassegnastampa-totustuus.it\/cattolica\/wp-content\/uploads\/2014\/04\/logo-rassegna1.gif","width":600,"height":163,"caption":"Rassegna Stampa Cattolica"},"image":{"@id":"https:\/\/www.rassegnastampa-totustuus.it\/cattolica\/#\/schema\/logo\/image\/"},"sameAs":["https:\/\/www.facebook.com\/rassegnastampacattolica","https:\/\/x.com\/rassegnastampa9"]},{"@type":"Person","@id":"https:\/\/www.rassegnastampa-totustuus.it\/cattolica\/#\/schema\/person\/08f319d2bd1a0904ad9e2bfb7b15e5c3","name":"Redazione","image":{"@type":"ImageObject","inLanguage":"it-IT","@id":"https:\/\/secure.gravatar.com\/avatar\/2fcdf27c78ea025fbdb44e914cc63c72249ffec9dc8aafd5c82b26240ef3f346?s=96&d=mm&r=g","url":"https:\/\/secure.gravatar.com\/avatar\/2fcdf27c78ea025fbdb44e914cc63c72249ffec9dc8aafd5c82b26240ef3f346?s=96&d=mm&r=g","contentUrl":"https:\/\/secure.gravatar.com\/avatar\/2fcdf27c78ea025fbdb44e914cc63c72249ffec9dc8aafd5c82b26240ef3f346?s=96&d=mm&r=g","caption":"Redazione"},"url":"https:\/\/www.rassegnastampa-totustuus.it\/cattolica\/author\/pietroelle\/"}]}},"_links":{"self":[{"href":"https:\/\/www.rassegnastampa-totustuus.it\/cattolica\/wp-json\/wp\/v2\/posts\/58229","targetHints":{"allow":["GET"]}}],"collection":[{"href":"https:\/\/www.rassegnastampa-totustuus.it\/cattolica\/wp-json\/wp\/v2\/posts"}],"about":[{"href":"https:\/\/www.rassegnastampa-totustuus.it\/cattolica\/wp-json\/wp\/v2\/types\/post"}],"author":[{"embeddable":true,"href":"https:\/\/www.rassegnastampa-totustuus.it\/cattolica\/wp-json\/wp\/v2\/users\/6"}],"replies":[{"embeddable":true,"href":"https:\/\/www.rassegnastampa-totustuus.it\/cattolica\/wp-json\/wp\/v2\/comments?post=58229"}],"version-history":[{"count":3,"href":"https:\/\/www.rassegnastampa-totustuus.it\/cattolica\/wp-json\/wp\/v2\/posts\/58229\/revisions"}],"predecessor-version":[{"id":58639,"href":"https:\/\/www.rassegnastampa-totustuus.it\/cattolica\/wp-json\/wp\/v2\/posts\/58229\/revisions\/58639"}],"wp:featuredmedia":[{"embeddable":true,"href":"https:\/\/www.rassegnastampa-totustuus.it\/cattolica\/wp-json\/wp\/v2\/media\/36881"}],"wp:attachment":[{"href":"https:\/\/www.rassegnastampa-totustuus.it\/cattolica\/wp-json\/wp\/v2\/media?parent=58229"}],"wp:term":[{"taxonomy":"category","embeddable":true,"href":"https:\/\/www.rassegnastampa-totustuus.it\/cattolica\/wp-json\/wp\/v2\/categories?post=58229"},{"taxonomy":"post_tag","embeddable":true,"href":"https:\/\/www.rassegnastampa-totustuus.it\/cattolica\/wp-json\/wp\/v2\/tags?post=58229"}],"curies":[{"name":"wp","href":"https:\/\/api.w.org\/{rel}","templated":true}]}}