{"id":5822,"date":"2013-12-12T00:00:00","date_gmt":"2013-12-12T00:00:00","guid":{"rendered":""},"modified":"2015-06-11T12:46:40","modified_gmt":"2015-06-11T10:46:40","slug":"famiglia-la-trappola-della-nuova-psicologia","status":"publish","type":"post","link":"https:\/\/www.rassegnastampa-totustuus.it\/cattolica\/famiglia-la-trappola-della-nuova-psicologia\/","title":{"rendered":"Famiglia, la trappola della nuova psicologia"},"content":{"rendered":"<div style=\"text-align: center;\" align=\"center\"><strong><a href=\"https:\/\/www.rassegnastampa-totustuus.it\/cattolica\/wp-content\/uploads\/2013\/12\/lex2.jpg\"><img loading=\"lazy\" decoding=\"async\" class=\"alignleft wp-image-7009\" src=\"https:\/\/www.rassegnastampa-totustuus.it\/cattolica\/wp-content\/uploads\/2013\/12\/lex2.jpg\" alt=\"lex\" width=\"250\" height=\"178\" \/><\/a>Avvenire <\/strong><em>editoriale<\/em> 10 dicembre 2013<\/div>\n<p style=\"text-align: center;\"><strong>Francesco D&#8217;Agostino<\/strong><\/p>\n<p style=\"text-align: justify;\">\u00c8 stata saggia la decisione con la quale, poche settimane fa, il Tribunale di Bologna ha affidato una bimba di tre anni a una coppia gay? \u00c8 la stessa cosa avere una madre e un padre o avere &#8220;genitori&#8221; gay? Quel Tribunale sembra esserne convinto: \u00abIn assenza di certezze scientifiche o dati di esperienza \u2013 esso scrive, motivando la propria decisione \u2013 costituisce mero pregiudizio la convinzione che sia dannoso per l\u2019equilibrato sviluppo del bambino il fatto di vivere in una famiglia incentrata su una coppia omosessuale\u00bb.<\/p>\n<p><!--more--><\/p>\n<div style=\"text-align: justify;\">Che in tal modo si usi di fatto una bimba come &#8220;cavia&#8221; per un esperimento familiare dei cui esiti nessuno pu\u00f2 avere certezza, \u00e8 tema che sembra non aver sfiorato la mente dei giudici. Ma possiamo anche arrivare a capirli (!), dato che oramai molti psicologi (forse non proprio tutti, ma certamente tanti) si muovono nel loro stesso senso, invocando per di pi\u00f9 l\u2019autorevolezza di rispettabili societ\u00e0 scientifiche, come l\u2019<em>American Psychological Association<\/em>, da vari anni attestata nella difesa della \u00abnormalit\u00e0\u00bb delle coppie omosessuali.<\/div>\n<p style=\"text-align: justify;\">In Italia, poi, si ama sempre esagerare: la rivista \u00abInfanzia e adolescenza\u00bb, nel suo ultimo numero, d\u00e0 addirittura notizia di recenti ricerche, che riscontrerebbero maggiore disponibilit\u00e0, nei confronti dei figli, delle coppie omosessuali rispetto a quelle eterosessuali&#8230;Dobbiamo fidarci degli psicologi?<\/p>\n<p style=\"text-align: justify;\">Le loro ricerche e le loro teorie sull\u2019omosessualit\u00e0 sono davvero attendibili? Che rilievo dobbiamo dare a quella minoranza di psicologi (perch\u00e9 certamente di minoranza si tratta) che continuano a sostenere che l\u2019omosessualit\u00e0 \u00e8 un disturbo della personalit\u00e0, un \u00abdisordine oggettivo\u00bb (secondo il lessico del Magistero della Chiesa) e che i bambini hanno il diritto di crescere con un pap\u00e0 e una mamma, perch\u00e9 questa \u00e8 la configurazione ottimale della famiglia?<\/p>\n<p style=\"text-align: justify;\">In breve: dobbiamo o no attivare petizioni, procedere a raccolte di firme, promuovere battaglie culturali contro i movimenti che in nome della psicologia (e quindi della scienza!) accusano di pregiudizio coloro che non sono convinti del carattere antropologicamente rilevante della differenza sessuale?<\/p>\n<p style=\"text-align: justify;\">Cerchiamo di mettere bene a fuoco tale questione, che va molto al di l\u00e0 del pur rilevante caso della bimba di Bologna. E non cadiamo nella trappola di considerarla eminentemente <em>psicologica<\/em>. Nei suoi elementi essenziali, infatti, non si tratta di una questione psicologica, ma <em>antropologica <\/em>e giuridica. Quindi, non \u00e8 agli psicologi che spetta l\u2019ultima parola. Se affidiamo la questione alla psicologia, e non all\u2019antropologia, come \u00e8 invece giusto fare, cadiamo in una trappola da cui non riusciremo pi\u00f9 a liberarci.<\/p>\n<p style=\"text-align: justify;\">\u00c8 probabile che molti psicologi (soprattutto i pi\u00f9 arroganti) non siano in grado di percepire la differenza che si d\u00e0 tra le due prospettive: per loro la psicologia assorbe l\u2019antropologia, e dovrebbe quindi dettarne i confini (e per di pi\u00f9 con autorevolezza scientifica). \u00c8 una pretesa indebita, una variante del solito e monotono riduttivismo scientistico, quello per il quale l\u2019uomo \u00abnon \u00e8 altro che\u00bb politica, economia, fisiologia, alimentazione, storia, cultura, ragione, corpo\u2026 o anche psiche (e questo a seconda dei &#8220;gusti&#8221;, cio\u00e8 della prospettiva scientista che si vuole privilegiare).<\/p>\n<p style=\"text-align: justify;\">Non \u00e8 cos\u00ec: l\u2019uomo \u00e8 tutto questo (politica, economia, alimentazione cultura, storia, ragione, corpo, psiche) e molto di pi\u00f9. A fronte di quegli psicologi che sostengono che la famiglia \u00abcosiddetta naturale\u00bb rappresenta un\u2019astrazione, va ribadito che l\u2019indagine antropologica, quando non si lascia intimidire, mostra esattamente il contrario: la famiglia \u00e8 il contrario di un\u2019astrazione, \u00e8 il luogo concretissimo, insostituibile, istituzionale dell\u2019acquisizione dell\u2019identit\u00e0. E l\u2019identit\u00e0 (con buona pace di certi psicologi) non coincide con l\u2019io, ma con la &#8220;persona&#8221;: non \u00e8 concetto riduttivamente psicologico, ma umano.<\/p>\n<p style=\"text-align: justify;\">Pu\u00f2 crescere &#8220;bene&#8221; un bambino affidato a una coppia gay? Tanti psicologi dicono di s\u00ec. Possiamo dirlo anche noi: perch\u00e9 mai non potrebbe? Non c\u2019\u00e8 esperienza umana, per quanto lacerante, che non possa essere occasione o presupposto di &#8220;bene&#8221;: non solo i miti e le favole (che parlano addirittura del destino &#8220;regale&#8221; che pu\u00f2 offrirsi ai bambini pi\u00f9 infelici), ma tutta la letteratura (si pensi ai romanzi di Dickens) ripetono incessantemente che \u00e8 straordinaria la forza che emerge in bimbi abbandonati, strappati all\u2019affetto materno e familiare, rinchiusi in orfanotrofi freddi e tristissimi o perfino cresciuti nei penitenziari.<\/p>\n<p style=\"text-align: justify;\">A tutti \u00e8 data la possibilit\u00e0 di una vita &#8220;buona&#8221;, perch\u00e9 la forza dello spirito pu\u00f2 vincere ogni avversit\u00e0. Non c\u2019\u00e8 dubbio quindi che anche i bambini affidati a una coppia gay \u2013 per di pi\u00f9 riconosciuta dai giudici come equilibrata \u2013 possano non solo soggettivamente, ma anche oggettivamente crescere felici. Il problema che dobbiamo valutare \u2013 e che non \u00e8 psicologico \u2013 \u00e8 se la famiglia \u00abcosiddetta naturale\u00bb rappresenti o no un <em>bene antropologico<\/em> da difendere e da promuovere e se queste nuove forme di affidamento familiare non siano modalit\u00e0 per offenderla.<\/p>\n<p style=\"text-align: justify;\">Il modo giusto di difendere quel &#8220;bene&#8221; che \u00e8 la famiglia non \u00e8 quello di ipotizzare (con molta ragionevolezza, ma \u2013 ahim\u00e8 \u2013 senza prove definitive) necessarie sventure o inevitabili sofferenze per chi cresca &#8220;senza famiglia&#8221; o in famiglie alternative, ma semplicemente quello di ribadire che solo la famiglia e il complesso dei vincoli \u00abnaturali\u00bb che da essa conseguono garantiscono l\u2019ordine delle generazioni.<\/p>\n<p style=\"text-align: justify;\">\u00c8 in questo ordine che si realizza quel bene propriamente umano e personale che consiste nell\u2019<em>essere<\/em> genitori e figli e non nel <em>comportarsi<\/em> come genitori e come figli (per quanto impeccabile questo &#8220;comportarsi&#8221; possa rivelarsi nei singoli casi). La questione, ripetiamolo ancora una volta, non \u00e8 psicologica, ma antropologica: fino a quando non arriveremo a capirlo non potremo affrontarla in modo corretto e con onest\u00e0 intellettuale.<\/p>\n","protected":false},"excerpt":{"rendered":"<p>Avvenire editoriale 10 dicembre 2013 Francesco D&#8217;Agostino \u00c8 stata saggia la decisione con la quale, poche settimane fa, il Tribunale di Bologna ha affidato una bimba di tre anni a una coppia gay? \u00c8 la stessa cosa avere una madre e un padre o avere &#8220;genitori&#8221; gay? Quel Tribunale sembra esserne convinto: \u00abIn assenza di &hellip; <\/p>\n<p><a class=\"more-link btn\" href=\"https:\/\/www.rassegnastampa-totustuus.it\/cattolica\/famiglia-la-trappola-della-nuova-psicologia\/\">Continua a leggere<\/a><\/p>\n","protected":false},"author":6,"featured_media":7009,"comment_status":"closed","ping_status":"open","sticky":false,"template":"","format":"standard","meta":{"footnotes":""},"categories":[15,48],"tags":[156,189,190],"class_list":["post-5822","post","type-post","status-publish","format-standard","has-post-thumbnail","hentry","category-famiglia","category-omosessualit","tag-famiglia-2","tag-gay","tag-omosessuali","item-wrap"],"yoast_head":"<!-- This site is optimized with the Yoast SEO plugin v27.5 - https:\/\/yoast.com\/product\/yoast-seo-wordpress\/ -->\n<title>Famiglia, la trappola della nuova psicologia - Rassegna Stampa Cattolica<\/title>\n<meta name=\"description\" content=\"Rassegna Stampa Cattolica - Per una cultura che nasce dalla Rivelazione cristiana in conformit\u00e0 alla tradizione e al Magistero della Chiesa in opposizione ad ogni relativismo e totalitarismo\" \/>\n<meta name=\"robots\" content=\"index, follow, max-snippet:-1, max-image-preview:large, max-video-preview:-1\" \/>\n<link rel=\"canonical\" href=\"https:\/\/www.rassegnastampa-totustuus.it\/cattolica\/famiglia-la-trappola-della-nuova-psicologia\/\" \/>\n<meta property=\"og:locale\" content=\"it_IT\" \/>\n<meta property=\"og:type\" content=\"article\" \/>\n<meta property=\"og:title\" content=\"Famiglia, la trappola della nuova psicologia - Rassegna Stampa Cattolica\" \/>\n<meta property=\"og:description\" content=\"Rassegna Stampa Cattolica - Per una cultura che nasce dalla Rivelazione cristiana in conformit\u00e0 alla tradizione e al Magistero della Chiesa in opposizione ad ogni relativismo e totalitarismo\" \/>\n<meta property=\"og:url\" content=\"https:\/\/www.rassegnastampa-totustuus.it\/cattolica\/famiglia-la-trappola-della-nuova-psicologia\/\" \/>\n<meta property=\"og:site_name\" content=\"Rassegna Stampa Cattolica\" \/>\n<meta property=\"article:publisher\" content=\"https:\/\/www.facebook.com\/rassegnastampacattolica\" \/>\n<meta property=\"article:published_time\" content=\"2013-12-12T00:00:00+00:00\" \/>\n<meta property=\"article:modified_time\" content=\"2015-06-11T10:46:40+00:00\" \/>\n<meta property=\"og:image\" content=\"https:\/\/www.rassegnastampa-totustuus.it\/cattolica\/wp-content\/uploads\/2013\/12\/lex2.jpg\" \/>\n\t<meta property=\"og:image:width\" content=\"266\" \/>\n\t<meta property=\"og:image:height\" content=\"189\" \/>\n\t<meta property=\"og:image:type\" content=\"image\/jpeg\" \/>\n<meta name=\"author\" content=\"Redazione\" \/>\n<meta name=\"twitter:card\" content=\"summary_large_image\" \/>\n<meta name=\"twitter:creator\" content=\"@rassegnastampa9\" \/>\n<meta name=\"twitter:site\" content=\"@rassegnastampa9\" \/>\n<meta name=\"twitter:label1\" content=\"Scritto da\" \/>\n\t<meta name=\"twitter:data1\" content=\"Redazione\" \/>\n\t<meta name=\"twitter:label2\" content=\"Tempo di lettura stimato\" \/>\n\t<meta name=\"twitter:data2\" content=\"4 minuti\" \/>\n<script type=\"application\/ld+json\" class=\"yoast-schema-graph\">{\"@context\":\"https:\\\/\\\/schema.org\",\"@graph\":[{\"@type\":\"Article\",\"@id\":\"https:\\\/\\\/www.rassegnastampa-totustuus.it\\\/cattolica\\\/famiglia-la-trappola-della-nuova-psicologia\\\/#article\",\"isPartOf\":{\"@id\":\"https:\\\/\\\/www.rassegnastampa-totustuus.it\\\/cattolica\\\/famiglia-la-trappola-della-nuova-psicologia\\\/\"},\"author\":{\"name\":\"Redazione\",\"@id\":\"https:\\\/\\\/www.rassegnastampa-totustuus.it\\\/cattolica\\\/#\\\/schema\\\/person\\\/08f319d2bd1a0904ad9e2bfb7b15e5c3\"},\"headline\":\"Famiglia, la trappola della nuova psicologia\",\"datePublished\":\"2013-12-12T00:00:00+00:00\",\"dateModified\":\"2015-06-11T10:46:40+00:00\",\"mainEntityOfPage\":{\"@id\":\"https:\\\/\\\/www.rassegnastampa-totustuus.it\\\/cattolica\\\/famiglia-la-trappola-della-nuova-psicologia\\\/\"},\"wordCount\":897,\"publisher\":{\"@id\":\"https:\\\/\\\/www.rassegnastampa-totustuus.it\\\/cattolica\\\/#organization\"},\"image\":{\"@id\":\"https:\\\/\\\/www.rassegnastampa-totustuus.it\\\/cattolica\\\/famiglia-la-trappola-della-nuova-psicologia\\\/#primaryimage\"},\"thumbnailUrl\":\"https:\\\/\\\/www.rassegnastampa-totustuus.it\\\/cattolica\\\/wp-content\\\/uploads\\\/2013\\\/12\\\/lex2.jpg\",\"keywords\":[\"famiglia\",\"gay\",\"omosessuali\"],\"articleSection\":[\"Famiglia\",\"Omosessualit&agrave;\"],\"inLanguage\":\"it-IT\"},{\"@type\":\"WebPage\",\"@id\":\"https:\\\/\\\/www.rassegnastampa-totustuus.it\\\/cattolica\\\/famiglia-la-trappola-della-nuova-psicologia\\\/\",\"url\":\"https:\\\/\\\/www.rassegnastampa-totustuus.it\\\/cattolica\\\/famiglia-la-trappola-della-nuova-psicologia\\\/\",\"name\":\"Famiglia, la trappola della nuova psicologia - Rassegna Stampa Cattolica\",\"isPartOf\":{\"@id\":\"https:\\\/\\\/www.rassegnastampa-totustuus.it\\\/cattolica\\\/#website\"},\"primaryImageOfPage\":{\"@id\":\"https:\\\/\\\/www.rassegnastampa-totustuus.it\\\/cattolica\\\/famiglia-la-trappola-della-nuova-psicologia\\\/#primaryimage\"},\"image\":{\"@id\":\"https:\\\/\\\/www.rassegnastampa-totustuus.it\\\/cattolica\\\/famiglia-la-trappola-della-nuova-psicologia\\\/#primaryimage\"},\"thumbnailUrl\":\"https:\\\/\\\/www.rassegnastampa-totustuus.it\\\/cattolica\\\/wp-content\\\/uploads\\\/2013\\\/12\\\/lex2.jpg\",\"datePublished\":\"2013-12-12T00:00:00+00:00\",\"dateModified\":\"2015-06-11T10:46:40+00:00\",\"description\":\"Rassegna Stampa Cattolica - Per una cultura che nasce dalla Rivelazione cristiana in conformit\u00e0 alla tradizione e al Magistero della Chiesa in opposizione ad ogni relativismo e totalitarismo\",\"breadcrumb\":{\"@id\":\"https:\\\/\\\/www.rassegnastampa-totustuus.it\\\/cattolica\\\/famiglia-la-trappola-della-nuova-psicologia\\\/#breadcrumb\"},\"inLanguage\":\"it-IT\",\"potentialAction\":[{\"@type\":\"ReadAction\",\"target\":[\"https:\\\/\\\/www.rassegnastampa-totustuus.it\\\/cattolica\\\/famiglia-la-trappola-della-nuova-psicologia\\\/\"]}]},{\"@type\":\"ImageObject\",\"inLanguage\":\"it-IT\",\"@id\":\"https:\\\/\\\/www.rassegnastampa-totustuus.it\\\/cattolica\\\/famiglia-la-trappola-della-nuova-psicologia\\\/#primaryimage\",\"url\":\"https:\\\/\\\/www.rassegnastampa-totustuus.it\\\/cattolica\\\/wp-content\\\/uploads\\\/2013\\\/12\\\/lex2.jpg\",\"contentUrl\":\"https:\\\/\\\/www.rassegnastampa-totustuus.it\\\/cattolica\\\/wp-content\\\/uploads\\\/2013\\\/12\\\/lex2.jpg\",\"width\":266,\"height\":189},{\"@type\":\"BreadcrumbList\",\"@id\":\"https:\\\/\\\/www.rassegnastampa-totustuus.it\\\/cattolica\\\/famiglia-la-trappola-della-nuova-psicologia\\\/#breadcrumb\",\"itemListElement\":[{\"@type\":\"ListItem\",\"position\":1,\"name\":\"Home\",\"item\":\"https:\\\/\\\/www.rassegnastampa-totustuus.it\\\/cattolica\\\/\"},{\"@type\":\"ListItem\",\"position\":2,\"name\":\"Famiglia, la trappola della nuova psicologia\"}]},{\"@type\":\"WebSite\",\"@id\":\"https:\\\/\\\/www.rassegnastampa-totustuus.it\\\/cattolica\\\/#website\",\"url\":\"https:\\\/\\\/www.rassegnastampa-totustuus.it\\\/cattolica\\\/\",\"name\":\"Rassegna Stampa Cattolica\",\"description\":\"Per una cultura che nasce dalla Rivelazione cristiana in conformit\u00e0 alla tradizione e al Magistero della Chiesa in opposizione ad ogni relativismo e totalitarismo\",\"publisher\":{\"@id\":\"https:\\\/\\\/www.rassegnastampa-totustuus.it\\\/cattolica\\\/#organization\"},\"alternateName\":\"Rass. Cattolica\",\"potentialAction\":[{\"@type\":\"SearchAction\",\"target\":{\"@type\":\"EntryPoint\",\"urlTemplate\":\"https:\\\/\\\/www.rassegnastampa-totustuus.it\\\/cattolica\\\/?s={search_term_string}\"},\"query-input\":{\"@type\":\"PropertyValueSpecification\",\"valueRequired\":true,\"valueName\":\"search_term_string\"}}],\"inLanguage\":\"it-IT\"},{\"@type\":\"Organization\",\"@id\":\"https:\\\/\\\/www.rassegnastampa-totustuus.it\\\/cattolica\\\/#organization\",\"name\":\"Rassegna Stampa Cattolica\",\"url\":\"https:\\\/\\\/www.rassegnastampa-totustuus.it\\\/cattolica\\\/\",\"logo\":{\"@type\":\"ImageObject\",\"inLanguage\":\"it-IT\",\"@id\":\"https:\\\/\\\/www.rassegnastampa-totustuus.it\\\/cattolica\\\/#\\\/schema\\\/logo\\\/image\\\/\",\"url\":\"https:\\\/\\\/www.rassegnastampa-totustuus.it\\\/cattolica\\\/wp-content\\\/uploads\\\/2014\\\/04\\\/logo-rassegna1.gif\",\"contentUrl\":\"https:\\\/\\\/www.rassegnastampa-totustuus.it\\\/cattolica\\\/wp-content\\\/uploads\\\/2014\\\/04\\\/logo-rassegna1.gif\",\"width\":600,\"height\":163,\"caption\":\"Rassegna Stampa Cattolica\"},\"image\":{\"@id\":\"https:\\\/\\\/www.rassegnastampa-totustuus.it\\\/cattolica\\\/#\\\/schema\\\/logo\\\/image\\\/\"},\"sameAs\":[\"https:\\\/\\\/www.facebook.com\\\/rassegnastampacattolica\",\"https:\\\/\\\/x.com\\\/rassegnastampa9\"]},{\"@type\":\"Person\",\"@id\":\"https:\\\/\\\/www.rassegnastampa-totustuus.it\\\/cattolica\\\/#\\\/schema\\\/person\\\/08f319d2bd1a0904ad9e2bfb7b15e5c3\",\"name\":\"Redazione\",\"image\":{\"@type\":\"ImageObject\",\"inLanguage\":\"it-IT\",\"@id\":\"https:\\\/\\\/secure.gravatar.com\\\/avatar\\\/2fcdf27c78ea025fbdb44e914cc63c72249ffec9dc8aafd5c82b26240ef3f346?s=96&d=mm&r=g\",\"url\":\"https:\\\/\\\/secure.gravatar.com\\\/avatar\\\/2fcdf27c78ea025fbdb44e914cc63c72249ffec9dc8aafd5c82b26240ef3f346?s=96&d=mm&r=g\",\"contentUrl\":\"https:\\\/\\\/secure.gravatar.com\\\/avatar\\\/2fcdf27c78ea025fbdb44e914cc63c72249ffec9dc8aafd5c82b26240ef3f346?s=96&d=mm&r=g\",\"caption\":\"Redazione\"},\"url\":\"https:\\\/\\\/www.rassegnastampa-totustuus.it\\\/cattolica\\\/author\\\/pietroelle\\\/\"}]}<\/script>\n<!-- \/ Yoast SEO plugin. -->","yoast_head_json":{"title":"Famiglia, la trappola della nuova psicologia - Rassegna Stampa Cattolica","description":"Rassegna Stampa Cattolica - Per una cultura che nasce dalla Rivelazione cristiana in conformit\u00e0 alla tradizione e al Magistero della Chiesa in opposizione ad ogni relativismo e totalitarismo","robots":{"index":"index","follow":"follow","max-snippet":"max-snippet:-1","max-image-preview":"max-image-preview:large","max-video-preview":"max-video-preview:-1"},"canonical":"https:\/\/www.rassegnastampa-totustuus.it\/cattolica\/famiglia-la-trappola-della-nuova-psicologia\/","og_locale":"it_IT","og_type":"article","og_title":"Famiglia, la trappola della nuova psicologia - Rassegna Stampa Cattolica","og_description":"Rassegna Stampa Cattolica - Per una cultura che nasce dalla Rivelazione cristiana in conformit\u00e0 alla tradizione e al Magistero della Chiesa in opposizione ad ogni relativismo e totalitarismo","og_url":"https:\/\/www.rassegnastampa-totustuus.it\/cattolica\/famiglia-la-trappola-della-nuova-psicologia\/","og_site_name":"Rassegna Stampa Cattolica","article_publisher":"https:\/\/www.facebook.com\/rassegnastampacattolica","article_published_time":"2013-12-12T00:00:00+00:00","article_modified_time":"2015-06-11T10:46:40+00:00","og_image":[{"width":266,"height":189,"url":"https:\/\/www.rassegnastampa-totustuus.it\/cattolica\/wp-content\/uploads\/2013\/12\/lex2.jpg","type":"image\/jpeg"}],"author":"Redazione","twitter_card":"summary_large_image","twitter_creator":"@rassegnastampa9","twitter_site":"@rassegnastampa9","twitter_misc":{"Scritto da":"Redazione","Tempo di lettura stimato":"4 minuti"},"schema":{"@context":"https:\/\/schema.org","@graph":[{"@type":"Article","@id":"https:\/\/www.rassegnastampa-totustuus.it\/cattolica\/famiglia-la-trappola-della-nuova-psicologia\/#article","isPartOf":{"@id":"https:\/\/www.rassegnastampa-totustuus.it\/cattolica\/famiglia-la-trappola-della-nuova-psicologia\/"},"author":{"name":"Redazione","@id":"https:\/\/www.rassegnastampa-totustuus.it\/cattolica\/#\/schema\/person\/08f319d2bd1a0904ad9e2bfb7b15e5c3"},"headline":"Famiglia, la trappola della nuova psicologia","datePublished":"2013-12-12T00:00:00+00:00","dateModified":"2015-06-11T10:46:40+00:00","mainEntityOfPage":{"@id":"https:\/\/www.rassegnastampa-totustuus.it\/cattolica\/famiglia-la-trappola-della-nuova-psicologia\/"},"wordCount":897,"publisher":{"@id":"https:\/\/www.rassegnastampa-totustuus.it\/cattolica\/#organization"},"image":{"@id":"https:\/\/www.rassegnastampa-totustuus.it\/cattolica\/famiglia-la-trappola-della-nuova-psicologia\/#primaryimage"},"thumbnailUrl":"https:\/\/www.rassegnastampa-totustuus.it\/cattolica\/wp-content\/uploads\/2013\/12\/lex2.jpg","keywords":["famiglia","gay","omosessuali"],"articleSection":["Famiglia","Omosessualit&agrave;"],"inLanguage":"it-IT"},{"@type":"WebPage","@id":"https:\/\/www.rassegnastampa-totustuus.it\/cattolica\/famiglia-la-trappola-della-nuova-psicologia\/","url":"https:\/\/www.rassegnastampa-totustuus.it\/cattolica\/famiglia-la-trappola-della-nuova-psicologia\/","name":"Famiglia, la trappola della nuova psicologia - Rassegna Stampa Cattolica","isPartOf":{"@id":"https:\/\/www.rassegnastampa-totustuus.it\/cattolica\/#website"},"primaryImageOfPage":{"@id":"https:\/\/www.rassegnastampa-totustuus.it\/cattolica\/famiglia-la-trappola-della-nuova-psicologia\/#primaryimage"},"image":{"@id":"https:\/\/www.rassegnastampa-totustuus.it\/cattolica\/famiglia-la-trappola-della-nuova-psicologia\/#primaryimage"},"thumbnailUrl":"https:\/\/www.rassegnastampa-totustuus.it\/cattolica\/wp-content\/uploads\/2013\/12\/lex2.jpg","datePublished":"2013-12-12T00:00:00+00:00","dateModified":"2015-06-11T10:46:40+00:00","description":"Rassegna Stampa Cattolica - Per una cultura che nasce dalla Rivelazione cristiana in conformit\u00e0 alla tradizione e al Magistero della Chiesa in opposizione ad ogni relativismo e totalitarismo","breadcrumb":{"@id":"https:\/\/www.rassegnastampa-totustuus.it\/cattolica\/famiglia-la-trappola-della-nuova-psicologia\/#breadcrumb"},"inLanguage":"it-IT","potentialAction":[{"@type":"ReadAction","target":["https:\/\/www.rassegnastampa-totustuus.it\/cattolica\/famiglia-la-trappola-della-nuova-psicologia\/"]}]},{"@type":"ImageObject","inLanguage":"it-IT","@id":"https:\/\/www.rassegnastampa-totustuus.it\/cattolica\/famiglia-la-trappola-della-nuova-psicologia\/#primaryimage","url":"https:\/\/www.rassegnastampa-totustuus.it\/cattolica\/wp-content\/uploads\/2013\/12\/lex2.jpg","contentUrl":"https:\/\/www.rassegnastampa-totustuus.it\/cattolica\/wp-content\/uploads\/2013\/12\/lex2.jpg","width":266,"height":189},{"@type":"BreadcrumbList","@id":"https:\/\/www.rassegnastampa-totustuus.it\/cattolica\/famiglia-la-trappola-della-nuova-psicologia\/#breadcrumb","itemListElement":[{"@type":"ListItem","position":1,"name":"Home","item":"https:\/\/www.rassegnastampa-totustuus.it\/cattolica\/"},{"@type":"ListItem","position":2,"name":"Famiglia, la trappola della nuova psicologia"}]},{"@type":"WebSite","@id":"https:\/\/www.rassegnastampa-totustuus.it\/cattolica\/#website","url":"https:\/\/www.rassegnastampa-totustuus.it\/cattolica\/","name":"Rassegna Stampa Cattolica","description":"Per una cultura che nasce dalla Rivelazione cristiana in conformit\u00e0 alla tradizione e al Magistero della Chiesa in opposizione ad ogni relativismo e totalitarismo","publisher":{"@id":"https:\/\/www.rassegnastampa-totustuus.it\/cattolica\/#organization"},"alternateName":"Rass. Cattolica","potentialAction":[{"@type":"SearchAction","target":{"@type":"EntryPoint","urlTemplate":"https:\/\/www.rassegnastampa-totustuus.it\/cattolica\/?s={search_term_string}"},"query-input":{"@type":"PropertyValueSpecification","valueRequired":true,"valueName":"search_term_string"}}],"inLanguage":"it-IT"},{"@type":"Organization","@id":"https:\/\/www.rassegnastampa-totustuus.it\/cattolica\/#organization","name":"Rassegna Stampa Cattolica","url":"https:\/\/www.rassegnastampa-totustuus.it\/cattolica\/","logo":{"@type":"ImageObject","inLanguage":"it-IT","@id":"https:\/\/www.rassegnastampa-totustuus.it\/cattolica\/#\/schema\/logo\/image\/","url":"https:\/\/www.rassegnastampa-totustuus.it\/cattolica\/wp-content\/uploads\/2014\/04\/logo-rassegna1.gif","contentUrl":"https:\/\/www.rassegnastampa-totustuus.it\/cattolica\/wp-content\/uploads\/2014\/04\/logo-rassegna1.gif","width":600,"height":163,"caption":"Rassegna Stampa Cattolica"},"image":{"@id":"https:\/\/www.rassegnastampa-totustuus.it\/cattolica\/#\/schema\/logo\/image\/"},"sameAs":["https:\/\/www.facebook.com\/rassegnastampacattolica","https:\/\/x.com\/rassegnastampa9"]},{"@type":"Person","@id":"https:\/\/www.rassegnastampa-totustuus.it\/cattolica\/#\/schema\/person\/08f319d2bd1a0904ad9e2bfb7b15e5c3","name":"Redazione","image":{"@type":"ImageObject","inLanguage":"it-IT","@id":"https:\/\/secure.gravatar.com\/avatar\/2fcdf27c78ea025fbdb44e914cc63c72249ffec9dc8aafd5c82b26240ef3f346?s=96&d=mm&r=g","url":"https:\/\/secure.gravatar.com\/avatar\/2fcdf27c78ea025fbdb44e914cc63c72249ffec9dc8aafd5c82b26240ef3f346?s=96&d=mm&r=g","contentUrl":"https:\/\/secure.gravatar.com\/avatar\/2fcdf27c78ea025fbdb44e914cc63c72249ffec9dc8aafd5c82b26240ef3f346?s=96&d=mm&r=g","caption":"Redazione"},"url":"https:\/\/www.rassegnastampa-totustuus.it\/cattolica\/author\/pietroelle\/"}]}},"_links":{"self":[{"href":"https:\/\/www.rassegnastampa-totustuus.it\/cattolica\/wp-json\/wp\/v2\/posts\/5822","targetHints":{"allow":["GET"]}}],"collection":[{"href":"https:\/\/www.rassegnastampa-totustuus.it\/cattolica\/wp-json\/wp\/v2\/posts"}],"about":[{"href":"https:\/\/www.rassegnastampa-totustuus.it\/cattolica\/wp-json\/wp\/v2\/types\/post"}],"author":[{"embeddable":true,"href":"https:\/\/www.rassegnastampa-totustuus.it\/cattolica\/wp-json\/wp\/v2\/users\/6"}],"replies":[{"embeddable":true,"href":"https:\/\/www.rassegnastampa-totustuus.it\/cattolica\/wp-json\/wp\/v2\/comments?post=5822"}],"version-history":[{"count":5,"href":"https:\/\/www.rassegnastampa-totustuus.it\/cattolica\/wp-json\/wp\/v2\/posts\/5822\/revisions"}],"predecessor-version":[{"id":26084,"href":"https:\/\/www.rassegnastampa-totustuus.it\/cattolica\/wp-json\/wp\/v2\/posts\/5822\/revisions\/26084"}],"wp:featuredmedia":[{"embeddable":true,"href":"https:\/\/www.rassegnastampa-totustuus.it\/cattolica\/wp-json\/wp\/v2\/media\/7009"}],"wp:attachment":[{"href":"https:\/\/www.rassegnastampa-totustuus.it\/cattolica\/wp-json\/wp\/v2\/media?parent=5822"}],"wp:term":[{"taxonomy":"category","embeddable":true,"href":"https:\/\/www.rassegnastampa-totustuus.it\/cattolica\/wp-json\/wp\/v2\/categories?post=5822"},{"taxonomy":"post_tag","embeddable":true,"href":"https:\/\/www.rassegnastampa-totustuus.it\/cattolica\/wp-json\/wp\/v2\/tags?post=5822"}],"curies":[{"name":"wp","href":"https:\/\/api.w.org\/{rel}","templated":true}]}}