{"id":58107,"date":"2023-12-13T00:00:00","date_gmt":"2023-12-12T23:00:00","guid":{"rendered":"https:\/\/www.rassegnastampa-totustuus.it\/cattolica\/?p=58107"},"modified":"2023-12-13T15:57:06","modified_gmt":"2023-12-13T14:57:06","slug":"juanita-castro-ignorata-dal-femminismo-comunista","status":"publish","type":"post","link":"https:\/\/www.rassegnastampa-totustuus.it\/cattolica\/juanita-castro-ignorata-dal-femminismo-comunista\/","title":{"rendered":"Juanita Castro ignorata dal femminismo comunista"},"content":{"rendered":"<p style=\"text-align: justify;\"><strong><img loading=\"lazy\" decoding=\"async\" class=\" wp-image-58108 alignright\" src=\"https:\/\/www.rassegnastampa-totustuus.it\/cattolica\/wp-content\/uploads\/2023\/12\/Juanita_Castro_Cuba.jpg\" alt=\"Juanita Castro ignorata da femministe e comunisti\" width=\"368\" height=\"248\" \/><\/strong><span style=\"color: #000000;\"><strong>Abstract: <\/strong><em>Juanita Castro ignorata dal femminismo comunista perch\u00e9 cattolica e oppositrice del regime dispotico\u00a0 istaurato a Cuba dai due tirannici fratelli\u00a0 Fidel e Raoul Castro. Per il suo coraggio dovrebbe essere una icona del femminismo ma le donne e la sinistra\u00a0 preferiscono mitizzare i dittatori cubani che lasciavano marcire le oppositrici al regime\u00a0 in prigione alla merch\u00e8 delle violenze dei carcerieri.<\/em><\/span><\/p>\n<p><!--more--><\/p>\n<p style=\"text-align: center;\"><span style=\"color: #000000;\"> <strong>Libero <\/strong>10 dicembre 2023 <\/span><\/p>\n<h3 style=\"text-align: center;\"><span style=\"color: #000000;\"><strong>Maschilismo comunista: due fratelli tiranni contro una sorella libera ed eroica. <\/strong><\/span><\/h3>\n<h3 style=\"text-align: center;\"><span style=\"color: #000000;\"><strong>Che essendo stata cattolica e anticomunista, <\/strong><\/span><\/h3>\n<h3 style=\"text-align: center;\"><span style=\"color: #000000;\"><strong>viene ignorata da femministe e sinistra<\/strong> <\/span><\/h3>\n<p style=\"text-align: center;\"><span style=\"color: #000000;\">di <strong>Antonio Socci <\/strong><\/span><\/p>\n<p style=\"text-align: justify;\"><span style=\"color: #000000;\"><img loading=\"lazy\" decoding=\"async\" class=\" wp-image-42109 alignleft\" src=\"https:\/\/www.rassegnastampa-totustuus.it\/cattolica\/wp-content\/uploads\/2019\/02\/femminismo.jpg\" alt=\"\" width=\"356\" height=\"237\" \/>Veniamo da settimane di <strong>martellamento ideologico contro gli uomini <\/strong>che, ci \u00e8 stato detto, hanno il \u201cpatriarcato\u201d incorporato dalla nascita e dovrebbero nutrire sensi di colpa perch\u00e9, in quanto maschi, sarebbero tendenzialmente arroganti e oppressori delle donne. <strong>\u00c8 una teoria infondata se consideriamo l\u2019occidente<\/strong>. Ma c\u2019\u00e8 una storia che rientra in questo schema: <strong>due maschi, due fratelli, addirittura tirannici. E dall\u2019altra parte una donna, una sorella, che si ribella al loro regime in nome della libert\u00e0<\/strong>. <strong>Eroicamente<\/strong><\/span>.<\/p>\n<p style=\"text-align: justify;\"><span style=\"color: #000000;\">I due maschi sono stati politici potenti, che <strong>hanno schiacciato la libert\u00e0<\/strong> del loro popolo. La sorella invece \u00e8 <strong>scappata<\/strong> dal suo Paese, cio\u00e8 dal regime dei due fratelli, ed \u00e8 <strong>vissuta come esule<\/strong>. Ci si aspetterebbe perci\u00f2 che lei, <strong>Juanita<\/strong>, fosse <strong>un simbolo<\/strong> per quella folla che ha manifestato a Roma il 25 novembre. <strong>Invece non lo \u00e8<\/strong>.<\/span><\/p>\n<p style=\"text-align: justify;\"><span style=\"color: #000000;\">Ieri <strong><em>Repubblica<\/em><\/strong>, in una pagina dedicata al <strong>\u201cpantheon delle nuove femministe\u201d<\/strong>, ha elencato le icone che vanno per la maggiore: da Simone de Beauvoir a Michela Murgia, da Angela Davis a Carla Lonzi, da Anna Kuliscioff a Barbie e a Cristina Torres-Caceres per la sua stracitata poesia, perch\u00e9 \u2013 scrive sempre <em>Repubblica<\/em> \u2013 \u201cse dagli Stati Uniti importano la teoria, <strong>\u00e8 il Sud America il laboratorio a cui s\u2019ispira il movimento<\/strong>\u201d. Bene, Juanita \u00e8 appunto figlia dell\u2019America Latina. Se davvero volessero <strong>\u201ctenere insieme tutte le soggettivit\u00e0 oppresse e marginalizzate\u201d<\/strong>, come dicono, <strong>Juanita sarebbe perfetta per quel pantheon<\/strong>: una <strong>bandiera della libert\u00e0<\/strong> contro l\u2019oppressione dei maschi.<\/span><\/p>\n<p style=\"text-align: justify;\"><span style=\"color: #000000;\"><img loading=\"lazy\" decoding=\"async\" class=\"wp-image-41354 alignright\" src=\"https:\/\/www.rassegnastampa-totustuus.it\/cattolica\/wp-content\/uploads\/2005\/07\/Castro_Guevara_Cuba.jpg\" alt=\"\" width=\"340\" height=\"226\" \/>Eppure <strong>non sembra suscitare il loro interesse<\/strong>. E probabilmente non sar\u00e0 presa in considerazione nemmeno in futuro, dalle manifestanti di <strong>\u201cNon una di meno\u201d<\/strong>, <strong>n\u00e9 dallo stato maggiore della Sinistra<\/strong> che ha fatto sua la bandiera della lotta al patriarcato. <strong>Il problema? Il cognome di Juanita che rimanda a un\u2019intoccabile casta rossa. I due fratelli di cui parlavamo infatti sono Fidel e Raul Castro, simboli di quella Cuba comunista che per decenni ha fatto battere di commozione il cuore a sinistra<\/strong>.<\/span><\/p>\n<p style=\"text-align: justify;\"><span style=\"color: #000000;\">Invece lei, Juanita Castro, \u00e8 morta <strong>il 4 dicembre<\/strong> all\u2019et\u00e0 di 90 anni, in Florida, come <strong>esule per essersi opposta ala loro tirannia<\/strong>.\u00a0All\u2019inizio aveva sostenuto i due fratelli Fidel (a cui era molto legata) e Raul in lotta contro il dittatore cubano del tempo, Fulgencio Batista, fino alla vittoria del 1\u00b0 gennaio 1959. Anche lei <strong>collabor\u00f2 con loro, dandosi da fare nella ricerca di fondi per ospedali e scuole<\/strong>. Ma nel giro di pochi mesi il nuovo regime cubano prese <strong>connotati sempre pi\u00f9 dispotici e infine comunisti<\/strong>.<\/span><\/p>\n<p style=\"text-align: justify;\"><span style=\"color: #000000;\"><strong>Juanita era cattolica e anticomunista<\/strong>. Ieri Carlo Nicolato, su queste colonne, ne ha fatto <span style=\"color: #0000ff;\"><a style=\"color: #0000ff;\" href=\"https:\/\/www.liberoquotidiano.it\/news\/esteri\/37792303\/juanita-castro-fidel-cia-sorella-dittatore.html\" target=\"_blank\" rel=\"noopener\">un bel ritratto<\/a><\/span>. Ha spiegato che la sorella di Fidel <strong>divenne \u201cpunto di riferimento segreto\u201d degli oppositori<\/strong>. Fidel la ammon\u00ec pi\u00f9 volte, ma <strong>Juanita arriv\u00f2 pure a scontrarsi pesantemente con Che Guevara, che era fra i pi\u00f9 duri del regime (\u00e8 stato definito \u201cfilosovietico convinto\u201d da Pascal Fontaine)<\/strong>. Juanita clandestinamente cominci\u00f2 a <strong>collaborare con la Cia<\/strong>, pur avvertendo che <strong>\u201cnon voleva soldi, n\u00e9 violenza contro i suoi fratelli\u201d<\/strong>.<\/span><\/p>\n<p style=\"text-align: justify;\"><span style=\"color: #000000;\"><img loading=\"lazy\" decoding=\"async\" class=\" wp-image-44956 alignleft\" src=\"https:\/\/www.rassegnastampa-totustuus.it\/cattolica\/wp-content\/uploads\/2016\/04\/Cuba_fucilazione.jpg\" alt=\"\" width=\"350\" height=\"241\" \/>Pare che abbia aiutato <strong>pi\u00f9 di duecento persone a fuggire da Cuba<\/strong> dopo l\u2019instaurazione del regime che aveva fatto un fiume di vittime e che perseguitava \u2013 oltrech\u00e9 <strong>dissidenti e cattolici<\/strong> \u2013 anche <strong>gli omosessuali<\/strong>. Nelle carceri di Fidel, ha scritto Fontaine, <strong>\u201cla situazione delle donne\u201d era \u201cparticolarmente drammatica\u201d perch\u00e9 venivano \u201cdate in pasto al sadismo delle guardie\u201d<\/strong>. Quindi in condizioni durissime.<\/span><\/p>\n<p style=\"text-align: justify;\"><span style=\"color: #000000;\">\u00c8 stato scritto che Juanita ebbe lo scontro definitivo con Fidel quando lui attacc\u00f2 la propriet\u00e0 privata, perch\u00e9 avevano terre di famiglia. Ma in realt\u00e0 lei, come si \u00e8 detto, <strong>era gi\u00e0 un\u2019attivista clandestina<\/strong>. Inoltre nella Cuba comunista <strong>era il Partito, cio\u00e8 Fidel, che diventava padrone del Paese<\/strong>, quindi <strong>se lei fosse rimasta a fianco dei due fratelli avrebbe potuto godere i privilegi di casta della loro tirannia<\/strong>, ben maggiori di una tenuta agricola.<\/span><\/p>\n<p style=\"text-align: justify;\"><span style=\"color: #000000;\">In realt\u00e0 fu la morte della madre nel 1964 a farla sentire senza pi\u00f9 protezioni, esposta a molti rischi. Cos\u00ec <strong>fugg\u00ec in Messico, rinunciando a tutto<\/strong>, l\u00e0 fece una conferenza stampa e dichiar\u00f2 pubblicamente la sua opposizione: <strong>\u201cNon posso rimanere indifferente\u201d<\/strong> disse <strong>\u201ca quello che sta succedendo nel mio Paese. I miei fratelli Fidel e Raul hanno trasformato Cuba in un\u2019enorme prigione circondata dal mare. La gente \u00e8 inchiodata su una croce di tormento imposta dal comunismo internazionale\u201d<\/strong>.<\/span><\/p>\n<p style=\"text-align: justify;\"><span style=\"color: #000000;\"><img loading=\"lazy\" decoding=\"async\" class=\" wp-image-56969 alignright\" src=\"https:\/\/www.rassegnastampa-totustuus.it\/cattolica\/wp-content\/uploads\/2023\/09\/Cuba_bandiera.jpeg\" alt=\"\" width=\"356\" height=\"229\" \/>Fu considerata una traditrice dal regime. Rimase un anno in Messico, poi and\u00f2 in Florida e apr\u00ec una farmacia a Miami, dove non le fu facile farsi accettare nella comunit\u00e0 degli esuli cubani. Nel 1984 ottenne la cittadinanza statunitense e per tutta la sua vita <strong>continu\u00f2 a battersi pubblicamente con coraggio contro il regime comunista cubano, in difesa della libert\u00e0<\/strong><\/span>.<\/p>\n<p style=\"text-align: justify;\"><span style=\"color: #000000;\">Portando sempre nel cuore <strong>un\u2019immensa nostalgia per la sua terra<\/strong>, che non ha rivisto pi\u00f9, ma anche <strong>la piet\u00e0 per Fidel, che era pur sempre suo fratello, quando seppe della sua malattia e della sua morte nel 2016<\/strong>.<\/span><\/p>\n<p style=\"text-align: justify;\"><span style=\"color: #000000;\">La sua biografa e amica Maria Antonieta Collins l\u2019ha definita \u201c<strong>una donna eccezionale, una combattente instancabile<\/strong> per la causa della sua Cuba che am\u00f2 tanto\u201d. E per la quale ha pagato un prezzo molto alto. <strong>Eppure \u00e8 stato il fratello dittatore, Fidel, con Che Guevara, a diventare un mito<\/strong> delle piazze europee e ad essere <strong>osannato a sinistra<\/strong> come simbolo di libert\u00e0. Invece <strong>era vero l\u2019esatto contrario<\/strong>. <strong>Simbolo di libert\u00e0 era piuttosto Juanita, che gli si oppose rinunciando a tutto<\/strong>.<\/span><\/p>\n<p style=\"text-align: justify;\"><span style=\"color: #000000;\">Dovrebbe diventare una bandiera per \u201cle nuove femministe\u201d. Ma <strong>essendo stata cattolica e anticomunista continuer\u00e0 ad essere ignorata<\/strong>. Anche da quella sinistra che ha acclamato per anni la tirannia maschilista dei <em>barbudos<\/em> comunisti.<\/span><\/p>\n<p>_______________________________<\/p>\n<p><strong>Per approfondire:<\/strong><\/p>\n<p><a href=\"https:\/\/www.rassegnastampa-totustuus.it\/cattolica\/il-paradosso-dei-gay-che-amano-che-guevara\/\" target=\"_blank\" rel=\"noopener\"><span style=\"color: #0000ff;\">Il paradosso dei gay che amano Che Guevara<\/span><\/a><\/p>\n<p><a href=\"https:\/\/www.rassegnastampa-totustuus.it\/cattolica\/cronache-da-cuba-lultimo-paradiso-2010-i\/\" target=\"_blank\" rel=\"noopener\"><span style=\"color: #0000ff;\">Cronache da Cuba, l&#8217;ultimo paradiso<\/span><\/a><\/p>\n","protected":false},"excerpt":{"rendered":"<p>Abstract: Juanita Castro ignorata dal femminismo comunista perch\u00e9 cattolica e oppositrice del regime dispotico\u00a0 istaurato a Cuba dai due tirannici fratelli\u00a0 Fidel e Raoul Castro. Per il suo coraggio dovrebbe essere una icona del femminismo ma le donne e la sinistra\u00a0 preferiscono mitizzare i dittatori cubani che lasciavano marcire le oppositrici al regime\u00a0 in prigione &hellip; <\/p>\n<p><a class=\"more-link btn\" href=\"https:\/\/www.rassegnastampa-totustuus.it\/cattolica\/juanita-castro-ignorata-dal-femminismo-comunista\/\">Continua a leggere<\/a><\/p>\n","protected":false},"author":6,"featured_media":58108,"comment_status":"closed","ping_status":"closed","sticky":false,"template":"","format":"standard","meta":{"footnotes":""},"categories":[72,18,27],"tags":[139,603,255,1849,283],"class_list":["post-58107","post","type-post","status-publish","format-standard","has-post-thumbnail","hentry","category-cuba","category-personaggi","category-socialismo-e-comunismo","tag-comunismo","tag-cuba-2","tag-femminismo","tag-juanita-castro","tag-personaggi-2","item-wrap"],"yoast_head":"<!-- This site is optimized with the Yoast SEO plugin v27.5 - https:\/\/yoast.com\/product\/yoast-seo-wordpress\/ -->\n<title>Juanita Castro ignorata dal femminismo comunista - Rassegna Stampa Cattolica<\/title>\n<meta name=\"description\" content=\"Juanita Castro ignorata dal femminismo comunista perch\u00e9 cattolica e oppositrice del regime dispotico\u00a0 dei fratelli\u00a0 Fidel e Raoul Castro.\" \/>\n<meta name=\"robots\" content=\"index, follow, max-snippet:-1, max-image-preview:large, max-video-preview:-1\" \/>\n<link rel=\"canonical\" href=\"https:\/\/www.rassegnastampa-totustuus.it\/cattolica\/juanita-castro-ignorata-dal-femminismo-comunista\/\" \/>\n<meta property=\"og:locale\" content=\"it_IT\" \/>\n<meta property=\"og:type\" content=\"article\" \/>\n<meta property=\"og:title\" content=\"Juanita Castro ignorata dal femminismo comunista - Rassegna Stampa Cattolica\" \/>\n<meta property=\"og:description\" content=\"Juanita Castro ignorata dal femminismo comunista perch\u00e9 cattolica e oppositrice del regime dispotico\u00a0 dei fratelli\u00a0 Fidel e Raoul Castro.\" \/>\n<meta property=\"og:url\" content=\"https:\/\/www.rassegnastampa-totustuus.it\/cattolica\/juanita-castro-ignorata-dal-femminismo-comunista\/\" \/>\n<meta property=\"og:site_name\" content=\"Rassegna Stampa Cattolica\" \/>\n<meta property=\"article:publisher\" content=\"https:\/\/www.facebook.com\/rassegnastampacattolica\" \/>\n<meta property=\"article:published_time\" content=\"2023-12-12T23:00:00+00:00\" \/>\n<meta property=\"article:modified_time\" content=\"2023-12-13T14:57:06+00:00\" \/>\n<meta property=\"og:image\" content=\"https:\/\/www.rassegnastampa-totustuus.it\/cattolica\/wp-content\/uploads\/2023\/12\/Juanita_Castro_Cuba.jpg\" \/>\n\t<meta property=\"og:image:width\" content=\"427\" \/>\n\t<meta property=\"og:image:height\" content=\"288\" \/>\n\t<meta property=\"og:image:type\" content=\"image\/jpeg\" \/>\n<meta name=\"author\" content=\"Redazione\" \/>\n<meta name=\"twitter:card\" content=\"summary_large_image\" \/>\n<meta name=\"twitter:creator\" content=\"@rassegnastampa9\" \/>\n<meta name=\"twitter:site\" content=\"@rassegnastampa9\" \/>\n<meta name=\"twitter:label1\" content=\"Scritto da\" \/>\n\t<meta name=\"twitter:data1\" content=\"Redazione\" \/>\n\t<meta name=\"twitter:label2\" content=\"Tempo di lettura stimato\" \/>\n\t<meta name=\"twitter:data2\" content=\"7 minuti\" \/>\n<script type=\"application\/ld+json\" class=\"yoast-schema-graph\">{\"@context\":\"https:\\\/\\\/schema.org\",\"@graph\":[{\"@type\":\"Article\",\"@id\":\"https:\\\/\\\/www.rassegnastampa-totustuus.it\\\/cattolica\\\/juanita-castro-ignorata-dal-femminismo-comunista\\\/#article\",\"isPartOf\":{\"@id\":\"https:\\\/\\\/www.rassegnastampa-totustuus.it\\\/cattolica\\\/juanita-castro-ignorata-dal-femminismo-comunista\\\/\"},\"author\":{\"name\":\"Redazione\",\"@id\":\"https:\\\/\\\/www.rassegnastampa-totustuus.it\\\/cattolica\\\/#\\\/schema\\\/person\\\/08f319d2bd1a0904ad9e2bfb7b15e5c3\"},\"headline\":\"Juanita Castro ignorata dal femminismo comunista\",\"datePublished\":\"2023-12-12T23:00:00+00:00\",\"dateModified\":\"2023-12-13T14:57:06+00:00\",\"mainEntityOfPage\":{\"@id\":\"https:\\\/\\\/www.rassegnastampa-totustuus.it\\\/cattolica\\\/juanita-castro-ignorata-dal-femminismo-comunista\\\/\"},\"wordCount\":1017,\"publisher\":{\"@id\":\"https:\\\/\\\/www.rassegnastampa-totustuus.it\\\/cattolica\\\/#organization\"},\"image\":{\"@id\":\"https:\\\/\\\/www.rassegnastampa-totustuus.it\\\/cattolica\\\/juanita-castro-ignorata-dal-femminismo-comunista\\\/#primaryimage\"},\"thumbnailUrl\":\"https:\\\/\\\/www.rassegnastampa-totustuus.it\\\/cattolica\\\/wp-content\\\/uploads\\\/2023\\\/12\\\/Juanita_Castro_Cuba.jpg\",\"keywords\":[\"comunismo\",\"cuba\",\"femminismo\",\"Juanita Castro\",\"personaggi\"],\"articleSection\":[\"Cuba\",\"Personaggi\",\"Socialcomunismo\"],\"inLanguage\":\"it-IT\"},{\"@type\":\"WebPage\",\"@id\":\"https:\\\/\\\/www.rassegnastampa-totustuus.it\\\/cattolica\\\/juanita-castro-ignorata-dal-femminismo-comunista\\\/\",\"url\":\"https:\\\/\\\/www.rassegnastampa-totustuus.it\\\/cattolica\\\/juanita-castro-ignorata-dal-femminismo-comunista\\\/\",\"name\":\"Juanita Castro ignorata dal femminismo comunista - Rassegna Stampa Cattolica\",\"isPartOf\":{\"@id\":\"https:\\\/\\\/www.rassegnastampa-totustuus.it\\\/cattolica\\\/#website\"},\"primaryImageOfPage\":{\"@id\":\"https:\\\/\\\/www.rassegnastampa-totustuus.it\\\/cattolica\\\/juanita-castro-ignorata-dal-femminismo-comunista\\\/#primaryimage\"},\"image\":{\"@id\":\"https:\\\/\\\/www.rassegnastampa-totustuus.it\\\/cattolica\\\/juanita-castro-ignorata-dal-femminismo-comunista\\\/#primaryimage\"},\"thumbnailUrl\":\"https:\\\/\\\/www.rassegnastampa-totustuus.it\\\/cattolica\\\/wp-content\\\/uploads\\\/2023\\\/12\\\/Juanita_Castro_Cuba.jpg\",\"datePublished\":\"2023-12-12T23:00:00+00:00\",\"dateModified\":\"2023-12-13T14:57:06+00:00\",\"description\":\"Juanita Castro ignorata dal femminismo comunista perch\u00e9 cattolica e oppositrice del regime dispotico\u00a0 dei fratelli\u00a0 Fidel e Raoul Castro.\",\"breadcrumb\":{\"@id\":\"https:\\\/\\\/www.rassegnastampa-totustuus.it\\\/cattolica\\\/juanita-castro-ignorata-dal-femminismo-comunista\\\/#breadcrumb\"},\"inLanguage\":\"it-IT\",\"potentialAction\":[{\"@type\":\"ReadAction\",\"target\":[\"https:\\\/\\\/www.rassegnastampa-totustuus.it\\\/cattolica\\\/juanita-castro-ignorata-dal-femminismo-comunista\\\/\"]}]},{\"@type\":\"ImageObject\",\"inLanguage\":\"it-IT\",\"@id\":\"https:\\\/\\\/www.rassegnastampa-totustuus.it\\\/cattolica\\\/juanita-castro-ignorata-dal-femminismo-comunista\\\/#primaryimage\",\"url\":\"https:\\\/\\\/www.rassegnastampa-totustuus.it\\\/cattolica\\\/wp-content\\\/uploads\\\/2023\\\/12\\\/Juanita_Castro_Cuba.jpg\",\"contentUrl\":\"https:\\\/\\\/www.rassegnastampa-totustuus.it\\\/cattolica\\\/wp-content\\\/uploads\\\/2023\\\/12\\\/Juanita_Castro_Cuba.jpg\",\"width\":427,\"height\":288,\"caption\":\"Juanita Castro ignorata da femministe e comunisti\"},{\"@type\":\"BreadcrumbList\",\"@id\":\"https:\\\/\\\/www.rassegnastampa-totustuus.it\\\/cattolica\\\/juanita-castro-ignorata-dal-femminismo-comunista\\\/#breadcrumb\",\"itemListElement\":[{\"@type\":\"ListItem\",\"position\":1,\"name\":\"Home\",\"item\":\"https:\\\/\\\/www.rassegnastampa-totustuus.it\\\/cattolica\\\/\"},{\"@type\":\"ListItem\",\"position\":2,\"name\":\"Juanita Castro ignorata dal femminismo comunista\"}]},{\"@type\":\"WebSite\",\"@id\":\"https:\\\/\\\/www.rassegnastampa-totustuus.it\\\/cattolica\\\/#website\",\"url\":\"https:\\\/\\\/www.rassegnastampa-totustuus.it\\\/cattolica\\\/\",\"name\":\"Rassegna Stampa Cattolica\",\"description\":\"Per una cultura che nasce dalla Rivelazione cristiana in conformit\u00e0 alla tradizione e al Magistero della Chiesa in opposizione ad ogni relativismo e totalitarismo\",\"publisher\":{\"@id\":\"https:\\\/\\\/www.rassegnastampa-totustuus.it\\\/cattolica\\\/#organization\"},\"alternateName\":\"Rass. Cattolica\",\"potentialAction\":[{\"@type\":\"SearchAction\",\"target\":{\"@type\":\"EntryPoint\",\"urlTemplate\":\"https:\\\/\\\/www.rassegnastampa-totustuus.it\\\/cattolica\\\/?s={search_term_string}\"},\"query-input\":{\"@type\":\"PropertyValueSpecification\",\"valueRequired\":true,\"valueName\":\"search_term_string\"}}],\"inLanguage\":\"it-IT\"},{\"@type\":\"Organization\",\"@id\":\"https:\\\/\\\/www.rassegnastampa-totustuus.it\\\/cattolica\\\/#organization\",\"name\":\"Rassegna Stampa Cattolica\",\"url\":\"https:\\\/\\\/www.rassegnastampa-totustuus.it\\\/cattolica\\\/\",\"logo\":{\"@type\":\"ImageObject\",\"inLanguage\":\"it-IT\",\"@id\":\"https:\\\/\\\/www.rassegnastampa-totustuus.it\\\/cattolica\\\/#\\\/schema\\\/logo\\\/image\\\/\",\"url\":\"https:\\\/\\\/www.rassegnastampa-totustuus.it\\\/cattolica\\\/wp-content\\\/uploads\\\/2014\\\/04\\\/logo-rassegna1.gif\",\"contentUrl\":\"https:\\\/\\\/www.rassegnastampa-totustuus.it\\\/cattolica\\\/wp-content\\\/uploads\\\/2014\\\/04\\\/logo-rassegna1.gif\",\"width\":600,\"height\":163,\"caption\":\"Rassegna Stampa Cattolica\"},\"image\":{\"@id\":\"https:\\\/\\\/www.rassegnastampa-totustuus.it\\\/cattolica\\\/#\\\/schema\\\/logo\\\/image\\\/\"},\"sameAs\":[\"https:\\\/\\\/www.facebook.com\\\/rassegnastampacattolica\",\"https:\\\/\\\/x.com\\\/rassegnastampa9\"]},{\"@type\":\"Person\",\"@id\":\"https:\\\/\\\/www.rassegnastampa-totustuus.it\\\/cattolica\\\/#\\\/schema\\\/person\\\/08f319d2bd1a0904ad9e2bfb7b15e5c3\",\"name\":\"Redazione\",\"image\":{\"@type\":\"ImageObject\",\"inLanguage\":\"it-IT\",\"@id\":\"https:\\\/\\\/secure.gravatar.com\\\/avatar\\\/2fcdf27c78ea025fbdb44e914cc63c72249ffec9dc8aafd5c82b26240ef3f346?s=96&d=mm&r=g\",\"url\":\"https:\\\/\\\/secure.gravatar.com\\\/avatar\\\/2fcdf27c78ea025fbdb44e914cc63c72249ffec9dc8aafd5c82b26240ef3f346?s=96&d=mm&r=g\",\"contentUrl\":\"https:\\\/\\\/secure.gravatar.com\\\/avatar\\\/2fcdf27c78ea025fbdb44e914cc63c72249ffec9dc8aafd5c82b26240ef3f346?s=96&d=mm&r=g\",\"caption\":\"Redazione\"},\"url\":\"https:\\\/\\\/www.rassegnastampa-totustuus.it\\\/cattolica\\\/author\\\/pietroelle\\\/\"}]}<\/script>\n<!-- \/ Yoast SEO plugin. -->","yoast_head_json":{"title":"Juanita Castro ignorata dal femminismo comunista - Rassegna Stampa Cattolica","description":"Juanita Castro ignorata dal femminismo comunista perch\u00e9 cattolica e oppositrice del regime dispotico\u00a0 dei fratelli\u00a0 Fidel e Raoul Castro.","robots":{"index":"index","follow":"follow","max-snippet":"max-snippet:-1","max-image-preview":"max-image-preview:large","max-video-preview":"max-video-preview:-1"},"canonical":"https:\/\/www.rassegnastampa-totustuus.it\/cattolica\/juanita-castro-ignorata-dal-femminismo-comunista\/","og_locale":"it_IT","og_type":"article","og_title":"Juanita Castro ignorata dal femminismo comunista - Rassegna Stampa Cattolica","og_description":"Juanita Castro ignorata dal femminismo comunista perch\u00e9 cattolica e oppositrice del regime dispotico\u00a0 dei fratelli\u00a0 Fidel e Raoul Castro.","og_url":"https:\/\/www.rassegnastampa-totustuus.it\/cattolica\/juanita-castro-ignorata-dal-femminismo-comunista\/","og_site_name":"Rassegna Stampa Cattolica","article_publisher":"https:\/\/www.facebook.com\/rassegnastampacattolica","article_published_time":"2023-12-12T23:00:00+00:00","article_modified_time":"2023-12-13T14:57:06+00:00","og_image":[{"width":427,"height":288,"url":"https:\/\/www.rassegnastampa-totustuus.it\/cattolica\/wp-content\/uploads\/2023\/12\/Juanita_Castro_Cuba.jpg","type":"image\/jpeg"}],"author":"Redazione","twitter_card":"summary_large_image","twitter_creator":"@rassegnastampa9","twitter_site":"@rassegnastampa9","twitter_misc":{"Scritto da":"Redazione","Tempo di lettura stimato":"7 minuti"},"schema":{"@context":"https:\/\/schema.org","@graph":[{"@type":"Article","@id":"https:\/\/www.rassegnastampa-totustuus.it\/cattolica\/juanita-castro-ignorata-dal-femminismo-comunista\/#article","isPartOf":{"@id":"https:\/\/www.rassegnastampa-totustuus.it\/cattolica\/juanita-castro-ignorata-dal-femminismo-comunista\/"},"author":{"name":"Redazione","@id":"https:\/\/www.rassegnastampa-totustuus.it\/cattolica\/#\/schema\/person\/08f319d2bd1a0904ad9e2bfb7b15e5c3"},"headline":"Juanita Castro ignorata dal femminismo comunista","datePublished":"2023-12-12T23:00:00+00:00","dateModified":"2023-12-13T14:57:06+00:00","mainEntityOfPage":{"@id":"https:\/\/www.rassegnastampa-totustuus.it\/cattolica\/juanita-castro-ignorata-dal-femminismo-comunista\/"},"wordCount":1017,"publisher":{"@id":"https:\/\/www.rassegnastampa-totustuus.it\/cattolica\/#organization"},"image":{"@id":"https:\/\/www.rassegnastampa-totustuus.it\/cattolica\/juanita-castro-ignorata-dal-femminismo-comunista\/#primaryimage"},"thumbnailUrl":"https:\/\/www.rassegnastampa-totustuus.it\/cattolica\/wp-content\/uploads\/2023\/12\/Juanita_Castro_Cuba.jpg","keywords":["comunismo","cuba","femminismo","Juanita Castro","personaggi"],"articleSection":["Cuba","Personaggi","Socialcomunismo"],"inLanguage":"it-IT"},{"@type":"WebPage","@id":"https:\/\/www.rassegnastampa-totustuus.it\/cattolica\/juanita-castro-ignorata-dal-femminismo-comunista\/","url":"https:\/\/www.rassegnastampa-totustuus.it\/cattolica\/juanita-castro-ignorata-dal-femminismo-comunista\/","name":"Juanita Castro ignorata dal femminismo comunista - Rassegna Stampa Cattolica","isPartOf":{"@id":"https:\/\/www.rassegnastampa-totustuus.it\/cattolica\/#website"},"primaryImageOfPage":{"@id":"https:\/\/www.rassegnastampa-totustuus.it\/cattolica\/juanita-castro-ignorata-dal-femminismo-comunista\/#primaryimage"},"image":{"@id":"https:\/\/www.rassegnastampa-totustuus.it\/cattolica\/juanita-castro-ignorata-dal-femminismo-comunista\/#primaryimage"},"thumbnailUrl":"https:\/\/www.rassegnastampa-totustuus.it\/cattolica\/wp-content\/uploads\/2023\/12\/Juanita_Castro_Cuba.jpg","datePublished":"2023-12-12T23:00:00+00:00","dateModified":"2023-12-13T14:57:06+00:00","description":"Juanita Castro ignorata dal femminismo comunista perch\u00e9 cattolica e oppositrice del regime dispotico\u00a0 dei fratelli\u00a0 Fidel e Raoul Castro.","breadcrumb":{"@id":"https:\/\/www.rassegnastampa-totustuus.it\/cattolica\/juanita-castro-ignorata-dal-femminismo-comunista\/#breadcrumb"},"inLanguage":"it-IT","potentialAction":[{"@type":"ReadAction","target":["https:\/\/www.rassegnastampa-totustuus.it\/cattolica\/juanita-castro-ignorata-dal-femminismo-comunista\/"]}]},{"@type":"ImageObject","inLanguage":"it-IT","@id":"https:\/\/www.rassegnastampa-totustuus.it\/cattolica\/juanita-castro-ignorata-dal-femminismo-comunista\/#primaryimage","url":"https:\/\/www.rassegnastampa-totustuus.it\/cattolica\/wp-content\/uploads\/2023\/12\/Juanita_Castro_Cuba.jpg","contentUrl":"https:\/\/www.rassegnastampa-totustuus.it\/cattolica\/wp-content\/uploads\/2023\/12\/Juanita_Castro_Cuba.jpg","width":427,"height":288,"caption":"Juanita Castro ignorata da femministe e comunisti"},{"@type":"BreadcrumbList","@id":"https:\/\/www.rassegnastampa-totustuus.it\/cattolica\/juanita-castro-ignorata-dal-femminismo-comunista\/#breadcrumb","itemListElement":[{"@type":"ListItem","position":1,"name":"Home","item":"https:\/\/www.rassegnastampa-totustuus.it\/cattolica\/"},{"@type":"ListItem","position":2,"name":"Juanita Castro ignorata dal femminismo comunista"}]},{"@type":"WebSite","@id":"https:\/\/www.rassegnastampa-totustuus.it\/cattolica\/#website","url":"https:\/\/www.rassegnastampa-totustuus.it\/cattolica\/","name":"Rassegna Stampa Cattolica","description":"Per una cultura che nasce dalla Rivelazione cristiana in conformit\u00e0 alla tradizione e al Magistero della Chiesa in opposizione ad ogni relativismo e totalitarismo","publisher":{"@id":"https:\/\/www.rassegnastampa-totustuus.it\/cattolica\/#organization"},"alternateName":"Rass. Cattolica","potentialAction":[{"@type":"SearchAction","target":{"@type":"EntryPoint","urlTemplate":"https:\/\/www.rassegnastampa-totustuus.it\/cattolica\/?s={search_term_string}"},"query-input":{"@type":"PropertyValueSpecification","valueRequired":true,"valueName":"search_term_string"}}],"inLanguage":"it-IT"},{"@type":"Organization","@id":"https:\/\/www.rassegnastampa-totustuus.it\/cattolica\/#organization","name":"Rassegna Stampa Cattolica","url":"https:\/\/www.rassegnastampa-totustuus.it\/cattolica\/","logo":{"@type":"ImageObject","inLanguage":"it-IT","@id":"https:\/\/www.rassegnastampa-totustuus.it\/cattolica\/#\/schema\/logo\/image\/","url":"https:\/\/www.rassegnastampa-totustuus.it\/cattolica\/wp-content\/uploads\/2014\/04\/logo-rassegna1.gif","contentUrl":"https:\/\/www.rassegnastampa-totustuus.it\/cattolica\/wp-content\/uploads\/2014\/04\/logo-rassegna1.gif","width":600,"height":163,"caption":"Rassegna Stampa Cattolica"},"image":{"@id":"https:\/\/www.rassegnastampa-totustuus.it\/cattolica\/#\/schema\/logo\/image\/"},"sameAs":["https:\/\/www.facebook.com\/rassegnastampacattolica","https:\/\/x.com\/rassegnastampa9"]},{"@type":"Person","@id":"https:\/\/www.rassegnastampa-totustuus.it\/cattolica\/#\/schema\/person\/08f319d2bd1a0904ad9e2bfb7b15e5c3","name":"Redazione","image":{"@type":"ImageObject","inLanguage":"it-IT","@id":"https:\/\/secure.gravatar.com\/avatar\/2fcdf27c78ea025fbdb44e914cc63c72249ffec9dc8aafd5c82b26240ef3f346?s=96&d=mm&r=g","url":"https:\/\/secure.gravatar.com\/avatar\/2fcdf27c78ea025fbdb44e914cc63c72249ffec9dc8aafd5c82b26240ef3f346?s=96&d=mm&r=g","contentUrl":"https:\/\/secure.gravatar.com\/avatar\/2fcdf27c78ea025fbdb44e914cc63c72249ffec9dc8aafd5c82b26240ef3f346?s=96&d=mm&r=g","caption":"Redazione"},"url":"https:\/\/www.rassegnastampa-totustuus.it\/cattolica\/author\/pietroelle\/"}]}},"_links":{"self":[{"href":"https:\/\/www.rassegnastampa-totustuus.it\/cattolica\/wp-json\/wp\/v2\/posts\/58107","targetHints":{"allow":["GET"]}}],"collection":[{"href":"https:\/\/www.rassegnastampa-totustuus.it\/cattolica\/wp-json\/wp\/v2\/posts"}],"about":[{"href":"https:\/\/www.rassegnastampa-totustuus.it\/cattolica\/wp-json\/wp\/v2\/types\/post"}],"author":[{"embeddable":true,"href":"https:\/\/www.rassegnastampa-totustuus.it\/cattolica\/wp-json\/wp\/v2\/users\/6"}],"replies":[{"embeddable":true,"href":"https:\/\/www.rassegnastampa-totustuus.it\/cattolica\/wp-json\/wp\/v2\/comments?post=58107"}],"version-history":[{"count":1,"href":"https:\/\/www.rassegnastampa-totustuus.it\/cattolica\/wp-json\/wp\/v2\/posts\/58107\/revisions"}],"predecessor-version":[{"id":58109,"href":"https:\/\/www.rassegnastampa-totustuus.it\/cattolica\/wp-json\/wp\/v2\/posts\/58107\/revisions\/58109"}],"wp:featuredmedia":[{"embeddable":true,"href":"https:\/\/www.rassegnastampa-totustuus.it\/cattolica\/wp-json\/wp\/v2\/media\/58108"}],"wp:attachment":[{"href":"https:\/\/www.rassegnastampa-totustuus.it\/cattolica\/wp-json\/wp\/v2\/media?parent=58107"}],"wp:term":[{"taxonomy":"category","embeddable":true,"href":"https:\/\/www.rassegnastampa-totustuus.it\/cattolica\/wp-json\/wp\/v2\/categories?post=58107"},{"taxonomy":"post_tag","embeddable":true,"href":"https:\/\/www.rassegnastampa-totustuus.it\/cattolica\/wp-json\/wp\/v2\/tags?post=58107"}],"curies":[{"name":"wp","href":"https:\/\/api.w.org\/{rel}","templated":true}]}}