{"id":5810,"date":"2013-12-05T00:00:00","date_gmt":"2013-12-05T00:00:00","guid":{"rendered":""},"modified":"2015-06-11T12:56:11","modified_gmt":"2015-06-11T10:56:11","slug":"forza-compagni-alla-fame","status":"publish","type":"post","link":"https:\/\/www.rassegnastampa-totustuus.it\/cattolica\/forza-compagni-alla-fame\/","title":{"rendered":"Forza compagni, alla fame!"},"content":{"rendered":"<p align=\"center\"><strong><a href=\"https:\/\/www.rassegnastampa-totustuus.it\/cattolica\/wp-content\/uploads\/2013\/12\/Korea_fame.jpg\"><img loading=\"lazy\" decoding=\"async\" class=\" wp-image-7042 alignleft\" src=\"https:\/\/www.rassegnastampa-totustuus.it\/cattolica\/wp-content\/uploads\/2013\/12\/Korea_fame.jpg\" alt=\"Korea_fame\" width=\"222\" height=\"188\" \/><\/a>Tempi\u00a0<\/strong>n.47, 27 novembre 2013<\/p>\n<div><\/div>\n<div>\n<p style=\"text-align: justify;\"><em>Cos\u2019\u00e8 un regime comunista nell\u2019anno 2013?\u00a0 E\u2019 il posto dell\u2019equa distribuzione della\u00a0miseria, delle spie, del lager e dove il cibo ha il sapore dell\u2019erba e dei topi. Tempi ha incontrato una nord coreana in fuga. E questa \u00e8 la sua storia.<\/em><\/p>\n<p align=\"center\">di\u00a0<strong>Leone Grotti<\/strong><\/p>\n<\/div>\n<div>\n<p>&nbsp;<\/p>\n<p style=\"text-align: justify;\"><!--more--><\/p>\n<p style=\"text-align: justify;\">Per\u00a0sapere che cosa significa vivere sotto il regime pi\u00f9 liberticida e spietato del\u00a0mondo bisogna parlare con Hea Woo. Nata nel 1950 in Corea del Nord nella\u00a0provincia di Kangwon, nel sud del paese, ha imparato fin da piccola, a scuola,\u00a0che il dittatore \u00abKim Il-sung era un dio\u00bb. Ha perso una figlia, morta di fame\u00a0nella grande carestia che ha colpito il paese negli anni Novanta. Suo marito \u00e8\u00a0stato ucciso in un gulag e lei, convertitasi al cristianesimo, dopo essere\u00a0scappata in Cina per due volte e per due volte rimpatriata in Corea del Nord,\u00a0ha vissuto sulla sua pelle le violenze e le torture del gulag, \u00abl\u2019inferno in\u00a0terra\u00bb, dove \u00e8 stata rinchiusa per quattro anni prima di fuggire di nuovo e diventare\u00a0libera nel 2010.<\/p>\n<\/div>\n<div style=\"text-align: justify;\"><\/div>\n<div style=\"text-align: justify;\">\n<p>Hea\u00a0Woo \u00e8 un nome fittizio, quello vero non pu\u00f2 essere rivelato per ragioni di\u00a0sicurezza e per lo stesso motivo non si lascia fotografare. In via eccezionale\u00a0ci viene concesso di registrare la sua voce, a patto che non venga diffusa in\u00a0alcun modo.\u00a0<em>Tempi<\/em>\u00a0ha incontrato a Milano questa donna di 63 anni, minuta\u00a0di corporatura ma dotata di una forza straordinaria. Il merito \u00e8\u00a0dell\u2019organizzazione Porte Aperte, che da anni aiuta economicamente 56 mila\u00a0cristiani dentro il paese e almeno tremila rifugiati nordcoreani.<\/p>\n<\/div>\n<div style=\"text-align: justify;\"><\/div>\n<div style=\"text-align: justify;\">\n<p>Il padre morto nella guerra di Corea e la madre sempre al lavoro, Hea ha\u00a0vissuto la sua infanzia come tutti i bambini nordcoreani: educata a scuola\u00a0dallo Stato. \u00abIn classe ci insegnavano che Kim Il-sung era un dio, il padre di\u00a0tutti ed era solo merito suo se eravamo cos\u00ec felici. Pensavamo che senza Kim\u00a0fosse impossibile vivere e ci dicevano che essendo lui il leader migliore che\u00a0ci potesse essere, non solo noi ma tutto il mondo lo lodava e venerava\u00bb<\/p>\n<\/div>\n<div style=\"text-align: justify;\"><\/div>\n<div style=\"text-align: justify;\">\n<p>Un\u2019educazione\u00a0familiare alternativa \u00abnon poteva esistere\u00bb e a parte qualche \u00abincidente\u00bb, cos\u00ec\u00a0viene chiamato tutto ci\u00f2 che esce dallo schema di vita preparato per ogni\u00a0cittadino dallo Stato, la vita scorre tranquilla: \u00abEro felice da giovane: ci\u00a0pagavano il lavoro con un po\u2019 di soldi e con due razioni di cibo al mese, che\u00a0bastavano per vivere bene. Allora pensavo che mangiare e vivere grazie alla\u00a0benevolenza di Kim Il-sung fosse la vera libert\u00e0\u00bb.<\/p>\n<\/div>\n<div style=\"text-align: justify;\"><\/div>\n<div style=\"text-align: justify;\">\n<p>Hea\u00a0Woo studia da medico, si sposa nel 1967 e la sua vita viene benedetta da\u00a0quattro figli. I problemi cominciano negli anni Novanta, \u00abquando la\u00a0distribuzione di cibo cominci\u00f2 a essere irregolare e le razioni scarse\u00bb. Erano\u00a0gli inizi di una delle pi\u00f9 grandi tragedie della storia, una carest\u00eca che si\u00a0port\u00f2 via soprattutto tra il 1995 e il 1999 circa tre milioni di vite e causata\u00a0dalla scellerata politica autarchica comunista, unita a un periodo di gravi\u00a0inondazioni e alla dissoluzione dell\u2019Unione Sovietica, che aveva sempre aiutato\u00a0economicamente la Corea del Nord.<\/p>\n<\/div>\n<div style=\"text-align: justify;\"><\/div>\n<div style=\"text-align: justify;\">\n<p>\u00abTra\u00a0il 1996 e il 1997 morirono tantissime persone, non c\u2019era niente da mangiare e\u00a0le famiglie abbandonavano i loro figli per strada. Mi \u00e8 rimasto impresso un\u00a0ricordo: durante un inverno freddissimo, la gente non aveva niente con cui\u00a0riscaldarsi e assaliva la stazione ferroviaria per dormirci dentro. Le autorit\u00e0\u00a0chiusero i portoni e non fecero entrare tutti. Non so dire quante persone\u00a0morirono congelate\u00bb.<\/p>\n<\/div>\n<p style=\"text-align: justify;\">Ma\u00a0non fu il freddo la causa principale della strage: \u00abOgni giorno sentivamo di un\u00a0padre, di una madre o di un figlio morto di fame. Ogni giorno. In primavera e\u00a0in estate si andava sulle montagne per cercare qualcosa da mettere sotto i\u00a0denti: strappavamo l\u2019erba e la corteccia degli alberi, anche se era vietato.\u00a0Molti si ammalavano come successo a un mio familiare: aveva raccolto erbe\u00a0velenose e dopo averle mangiate gli si \u00e8 gonfiata tutta la faccia, non riusciva\u00a0pi\u00f9 aprire gli occhi e alla fine \u00e8 rimasto paralizzato\u00bb.<\/p>\n<p style=\"text-align: justify;\">Pur\u00a0di procurarsi del cibo le famiglie \u00abvendevano tutto quello che avevano\u00bb:\u00a0tavoli, armadi, letti, utensili. La gente inizia addirittura a rubare: \u00abI ladri\u00a0non erano mai esistiti, siamo rimasti sgomenti quando ci hanno derubato quel\u00a0poco che avevamo per tre volte\u00bb. Hea sembra fatta di acciaio: racconta tutto\u00a0restando impassibile. Si ferma, sospettosa, quando le domande entrano troppo\u00a0nel dettaglio e si commuove solo quando arriva il momento di parlare di due\u00a0episodi troppo dolorosi: \u00abPer il matrimonio, la mia mamma come regalo mi aveva\u00a0cucito a mano una coperta. Durante la carestia per comprare qualcosa da mangiare\u00a0ho dovuto tagliarla e venderne una met\u00e0\u00bb<\/p>\n<p style=\"text-align: justify;\"><strong>La\u00a0fase pi\u00f9 terribile della carestia<\/strong><\/p>\n<p style=\"text-align: justify;\">Ma\u00a0il periodo pi\u00f9 difficile \u00ab\u00e8 giunto dopo: da mangiare non c\u2019era proprio pi\u00f9\u00a0niente, dormivamo per terra, al freddo, io e mio marito di notte ci alzavamo\u00a0per vedere se i nostri figli respiravano ancora, poi quando eravamo troppo\u00a0deboli per farlo davamo loro dei piccoli calci con i piedi per scuoterli. La\u00a0mia prima figlia \u00e8 morta di fame quando aveva solo 26 anni. Era cos\u00ec giovane.\u00a0Avrei voluto morire io al suo posto, ma non \u00e8 stato possibile\u00bb.<\/p>\n<p style=\"text-align: justify;\">La\u00a0fase pi\u00f9 terribile della carestia ha colpito la Corea del Nord alla fine del\u00a0governo di Kim Il-sung, morto nel 1994, e all\u2019inizio di quello di suo figlio\u00a0Kim Jong-il. Nonostante i cadaveri riempissero le strade, nessuno metteva in discussione\u00a0la bont\u00e0 del sistema comunista. \u00abNoi sapevamo che Kim Il-sung era il miglior\u00a0leader possibile. Dopo la sua morte ci hanno detto che la carestia era colpa\u00a0degli americani e della Corea del Sud che attraversavano una crisi, ci\u00a0invidiavano e ci affamavano per distruggerci. Noi abbiamo creduto a tutto\u00bb<\/p>\n<p style=\"text-align: justify;\">La\u00a0famiglia di Hea comincia a nutrire dubbi solo dopo l\u2019arresto di uno zio:\u00a0\u00abInsegnava all\u2019universit\u00e0. Da un giorno all\u2019altro \u00e8 stato mandato in un campo\u00a0di lavoro, dove \u00e8 morto. Non ci hanno mai spiegato perch\u00e9 ma deve aver detto\u00a0qualcosa di sbagliato sul governo e uno studente l\u2019ha denunciato. Noi ci siamo\u00a0chiesti: \u201cHa sempre lavorato bene, perch\u00e9 ce lo portano via?\u201d. Poi i\u00a0suoi figli, che studia\u00advano all\u2019universit\u00e0 Kim Il-sung, sono stati espulsi e\u00a0mandati a vivere in campagna. Perch\u00e9? Cosa c\u2019entravano loro?\u00bb.<\/p>\n<p style=\"text-align: justify;\">Quando\u00a0le condizioni di vita cominciano a farsi insopportabili,\u00a0il marito di Hea decide nel 1996 di scappare in Cina, dove si\u00a0converte al cristianesimo ma viene scoperto dalle spie del regime e rimpatriato.<\/p>\n<p style=\"text-align: justify;\">In Corea del Nord viene accusato \u00abdi essere una spia e di voler evangelizzare il paese\u00bb; morir\u00e0 dopo \u00absei mesi di torture\u00bb in un\u00a0campo di lavoro. \u00abIo ero atea \u2013 continua Hea parlando della fede del\u00a0marito \u2013 lui invece veniva da una famiglia\u00a0cristiana. Anche mia mamma era\u00a0cristiana, anche se io l\u2019ho scoperto\u00a0solo quando avevo ormai pi\u00f9 di 40\u00a0anni\u00bb.<\/p>\n<p style=\"text-align: justify;\">Com\u2019\u00e8 possibile? \u00abIn \u00a0Corea del Nord c\u2019erano tanti cristiani prima del comunismo, che ha cercato di cancellare ogni traccia della\u00a0religione e ha vietato il culto. Chi \u00e8\u00a0scoperto in possesso di una Bibbia\u00a0viene giustiziato o mandato in un\u00a0campo di lavoro\u00bb. Ma la fede, nascosta, vive ancora in molti nordcoreani, come la madre di Hea. \u00abUn giorno, da piccola, giocavo fuori casa e sono rientrata all\u2019improvviso. Ho trovato sul tavolo la collana di\u00a0mia mamma con appeso un crocifisso. Quell\u2019uomo mi ha fatto impressione: non l\u2019avevo mai visto e le ho\u00a0chiesto chi fosse e cosa avesse fatto per essere\u00a0trattato cos\u00ec. Mia mamma non mi ha risposto, si \u00e8 spaventata moltissimo e ho dovuto prometterle che mai avrei\u00a0parlato di quella cosa. Io non capivo, allora non\u00a0sapevo neanche che esistesse Ges\u00f9\u00bb<\/p>\n<p style=\"text-align: justify;\">Hea passa di memoria\u00a0in memoria: \u00abRicordo anche che da bambina a volte mi svegliavo e sentivo che in cucina mia mamma mormorava. Appena\u00a0mi vedeva arrivare, taceva di colpo. Allora pensavo che fosse un po\u2019 matta,\u00a0solo dopo ho capito che pregava di nascosto.\u00a0Ora che sono uscita dalla Corea del\u00a0Nord e vedo i bambini che vanno in\u00a0chiesa penso sempre a quanto sono fortunati: io non potevo neanche immaginarmi che esistesse un Dio\u00bb.<\/p>\n<p style=\"text-align: justify;\">A sua insaputa,\u00a0per\u00f2, la madre \u00e8 riuscita a parlarle della\u00a0fede: \u00abQuando eravamo in difficolt\u00e0, mi diceva di essere paziente perch\u00e9\u00a0il cielo ci guardava. Io non capivo cosa\u00a0volesse dire ma lei ripeteva che il cielo ci proteggeva. Poi la vedevo dividere sempre con gli altri il poco che\u00a0avevamo e pensavo che lo facesse\u00a0perch\u00e9 era buona, invece lo faceva\u00a0per Ges\u00f9. Solo quando sono scappata anch\u2019io\u00a0in Cina e ho visto un crocifisso, mi hanno spiegato per la prima volta\u00a0chi era quell\u2019uomo. Allora ho capito tutto di mia mamma e mi sono convertita\u00bb.<\/p>\n<p style=\"text-align: justify;\"><strong>Il\u00a0rimpatrio forzato<\/strong><\/p>\n<p style=\"text-align: justify;\">La\u00a0prima fuga di Hea dal regime \u00e8 rocambolesca:\u00a0\u00abC\u2019era un ponte che collegava i due confini. In mezzo scorreva un fiume, era\u00a0agosto, pioveva e le acque rombavano ingrossate e impetuose\u00bb. Molti, di notte,\u00a0cercavano di passare a nuoto ma \u00absono stati tutti trascinati via dalla\u00a0corrente\u00bb. Un amico invece le mostra il\u00a0punto migliore per la traversata: \u00abMi sono aggrappata a una corda di\u00a0ferro che si trovava proprio sotto il ponte presidiato dalle guardie \u2013 spiega miniando la fuga -. Ci ho messo ore a passare dall\u2019altra parte aggrappata a quel filo. Poi, grazie a un buco nelle recinzioni, io che ero piccola e magrissima sono riuscita a\u00a0entrare in Cina\u00bb.<\/p>\n<p style=\"text-align: justify;\">Qui, aiutata da gruppi di cristiani, si converte e si nasconde. Ma \u00able citt\u00e0 cinesi sono piene di spie e mi hanno scoperta\u00bb. Per due volte scappa e poi\u00a0viene rimpatriata. \u00abTra la prima e la seconda volta ho\u00a0vissuto in tutto in dieci prigioni: l\u2019ultima era un campo di lavoro\u00bb. Anche se la prigione non \u00e8 paragonabile al gulag,\u00a0\u00abl\u2019inferno sulla terra\u00bb, vivere in cella \u00e8 terribile: \u00abNon\u00a0ci davano quasi niente da mangiare. Tanta gente\u00a0attorno a me \u00e8 morta di fame, altri invece sono diventati\u00a0pazzi\u00bb<\/p>\n<p style=\"text-align: justify;\">Ma le punizioni pi\u00f9 dure spettano ai\u00a0cristiani e quindi a Hea, \u00abvisto che qualche\u00a0mio compagno di cella mi ha tradito rivelando la mia fede\u00bb. Per lei comincia un periodo fatto di \u00abpestaggi\u00a0<em>e<\/em>torture\u00bb: \u00abUna volta mi hanno chiuso le gambe nei ceppi e mi hanno picchiata cos\u00ec tanto da rompermi il tendine\u00a0della spalla sinistra. Mentre mi colpivano\u00a0io pregavo Dio, perch\u00e9 avevo paura, e a\u00a0un certo punto ho smesso di sentire dolore\u00bb. Hea descrive il \u00abmiracolo\u00bb che ha vissuto con la stessa naturalezza di quando parla degli amici morti\u00a0di fame, come se l\u2019uno e l\u2019altro non fossero\u00a0eventi eccezionali ma quotidiani: \u00abLoro\u00a0andavano avanti a picchiare e io ero stupita perch\u00e9 non soffrivo pi\u00f9.<\/p>\n<p style=\"text-align: justify;\">Quando mi hanno riportata in cella ho sentito\u00a0in modo distinto e chiaro una voce\u00a0che mi ha detto: \u201cFiglia mia,\u00a0oggi hai camminato sulle acque con me\u201d. Mi sono voltata di scatto ma\u00a0nessuna delle mie compagne di cella aveva\u00a0parlato. Oggi so che \u00e8 stato un miracolo\u00a0e che a parlarmi era Dio. Da quel giorno\u00a0non mi hanno pi\u00f9 torturata\u00bb.<\/p>\n<p style=\"text-align: justify;\">Ma i giorni peggiori\u00a0doveva ancora affrontarli. Hea non vuole \u00abdire tutto quello che ho\u00a0vissuto nel gulag, perch\u00e9 alcune cose non\u00a0possono essere nominate\u00bb. \u00c8 troppo\u00a0doloroso ricordare tutti i dettagli\u00a0di\u00a0un trattamento disumano che porta gli internati\u00a0a pensare, come animali, a una sola cosa: il cibo. \u00abEra un\u2019ossessione, eravamo sempre affamati. Ci davano appena un po\u2019 di mais macinato, che restava troppo duro da mangiare, a\u00a0volte della soia, che non avrebbe riempito\u00a0neanche un bicchiere di plastica e\u00a0raramente un po\u2019 di zuppa di cavolo fatta per\u00f2 con gli scarti, con le foglie esterne\u00bb. Il nome che i prigionieri davano alla zuppa \u00e8 \u201cali di corvo\u201d,\u00a0\u00abperch\u00e9 diventava tutta nera\u00bb. Di\u00a0fame si moriva tutti i giorni e \u00abchi\u00a0sopravviveva perdeva i capelli e si ammalava\u00bb.<\/p>\n<p style=\"text-align: justify;\">Nel gulag si mangia tutto quello che si trova a portata di mano, per\u00a0quanto disgustoso: \u00abAppena trovavamo un ciuffetto\u00a0d\u2019erba lo strappavamo. Ma mangiavamo anche topi e serpenti o escrementi\u00bb.<\/p>\n<p style=\"text-align: justify;\"><strong>Nel gulag non si pu\u00f2\u00a0essere amici<\/strong><\/p>\n<p style=\"text-align: justify;\">II cibo \u00e8 un chiodo\u00a0fisso nei campi di lavoro e questo mette doppiamente alla prova un detenuto perch\u00e9 l\u2019unico modo per restare vivi \u00e8 non\u00a0pensarci: \u00abAppena entri ti dicono subito che chi\u00a0pensa sempre a mangiare muore prima, ma non \u00e8 facile in quelle condizioni\u00bb. Nei campi non c\u2019\u00e8 neanche l\u2019acqua, \u00aba\u00a0parte quella inquinata che bevevamo e ci faceva venire\u00a0un perenne\u00a0mal di stomaco\u00bb. Tutto il giorno si lavora e\u00a0non c\u2019\u00e8 pace neanche di notte perch\u00e9 \u00abnelle baracche di legno fa troppo freddo e non si riesce a dormire, ci svegliavamo\u00a0in continuazione, non avevamo coperte e per non restare congelati dovevamo muoverci ogni tanto\u00bb.<\/p>\n<p style=\"text-align: justify;\">In quei momenti,\u00a0l\u2019unico conforto pu\u00f2 venire dalla condivisione con gli altri detenuti ma le guardie comuniste stanno attente a rendere\u00a0impossibile anche la pi\u00f9 basilare solidariet\u00e0 umana:\u00a0\u00abDentro il campo di lavoro non si pu\u00f2 essere amici. Tutti\u00a0potrebbero fare la spia e denunciarti. Non devi fidarti di\u00a0nessuno\u00bb. In sintesi, descrive cos\u00ec il gulag: \u00abUna\u00a0continua tortura. Pensavo spesso alle piaghe d\u2019Egitto raccontate nella Bibbia:\u00a0sembrava di viverle tutte insieme\u00bb.<\/p>\n<p style=\"text-align: justify;\">In quattro anni\u00a0di campo di lavoro, le \u00e8 rimasta impressa un\u2019immagine in\u00a0particolare: \u00abQuando i detenuti morivano,\u00a0le guardie bruciavano il loro corpi e spargevano\u00a0le ceneri sulla strada. Noi\u00a0camminavamo su quella strada ogni\u00a0giorno e io pensavo che prima o poi gli altri prigionieri avrebbero\u00a0camminato anche su di me\u00bb<\/p>\n<p style=\"text-align: justify;\">Quella di Hea Woo \u00e8\u00a0una storia costellata dal dolore. Eppure lei a fine\u00a0intervista sorride, il male che ha vissuto non l\u2019ha sconfitta:\u00a0\u00abIo pur\u00a0soffrendo ho sempre saputo che Dio mi\u00a0aspettava. Lui non mi ha mai abbandonata\u00a0in quegli anni e mi ha dato il coraggio di raccontare agli altri la mia conversione: cinque persone, con cui tenevo incontri segreti nei cessi, hanno seguito la mia strada cristiana dentro il gulag\u00bb.<\/p>\n<p style=\"text-align: justify;\">Oggi Hea \u00e8 uscita\u00a0dall\u2019inferno in cui \u00e8 stata rinchiusa. Vive in Corea del Sud con i figli ma gira il mondo per raccontare la\u00a0sua storia: \u00abTutti devono sapere che cosa\u00a0succede in Corea del Nord. Il regime comunista\u00a0ha sbagliato cos\u00ec tanto e spero che le due Coree si riuniscano presto perch\u00e9 ci sono stati troppi morti, troppe ingiustizie e troppo male. Io prego sempre per questo e so che quando Dio vorr\u00e0, torneremo a\u00a0essere uniti\u00bb<\/p>\n","protected":false},"excerpt":{"rendered":"<p>Tempi\u00a0n.47, 27 novembre 2013 Cos\u2019\u00e8 un regime comunista nell\u2019anno 2013?\u00a0 E\u2019 il posto dell\u2019equa distribuzione della\u00a0miseria, delle spie, del lager e dove il cibo ha il sapore dell\u2019erba e dei topi. Tempi ha incontrato una nord coreana in fuga. E questa \u00e8 la sua storia. di\u00a0Leone Grotti &nbsp;<\/p><p><a class=\"more-link btn\" href=\"https:\/\/www.rassegnastampa-totustuus.it\/cattolica\/forza-compagni-alla-fame\/\">Continua a leggere<\/a><\/p>\n","protected":false},"author":6,"featured_media":7042,"comment_status":"closed","ping_status":"open","sticky":false,"template":"","format":"standard","meta":{"footnotes":""},"categories":[32,71],"tags":[139,138,140],"class_list":["post-5810","post","type-post","status-publish","format-standard","has-post-thumbnail","hentry","category-filosofia-del-comunismo","category-corea-del-nord","tag-comunismo","tag-gulag","tag-nord-corea","item-wrap"],"yoast_head":"<!-- This site is optimized with the Yoast SEO plugin v27.5 - https:\/\/yoast.com\/product\/yoast-seo-wordpress\/ -->\n<title>Forza compagni, alla fame! - Rassegna Stampa Cattolica<\/title>\n<meta name=\"description\" content=\"Rassegna Stampa Cattolica - Per una cultura che nasce dalla Rivelazione cristiana in conformit\u00e0 alla tradizione e al Magistero della Chiesa in opposizione ad ogni relativismo e totalitarismo\" \/>\n<meta name=\"robots\" content=\"index, follow, max-snippet:-1, max-image-preview:large, max-video-preview:-1\" \/>\n<link rel=\"canonical\" href=\"https:\/\/www.rassegnastampa-totustuus.it\/cattolica\/forza-compagni-alla-fame\/\" \/>\n<meta property=\"og:locale\" content=\"it_IT\" \/>\n<meta property=\"og:type\" content=\"article\" \/>\n<meta property=\"og:title\" content=\"Forza compagni, alla fame! - Rassegna Stampa Cattolica\" \/>\n<meta property=\"og:description\" content=\"Rassegna Stampa Cattolica - Per una cultura che nasce dalla Rivelazione cristiana in conformit\u00e0 alla tradizione e al Magistero della Chiesa in opposizione ad ogni relativismo e totalitarismo\" \/>\n<meta property=\"og:url\" content=\"https:\/\/www.rassegnastampa-totustuus.it\/cattolica\/forza-compagni-alla-fame\/\" \/>\n<meta property=\"og:site_name\" content=\"Rassegna Stampa Cattolica\" \/>\n<meta property=\"article:publisher\" content=\"https:\/\/www.facebook.com\/rassegnastampacattolica\" \/>\n<meta property=\"article:published_time\" content=\"2013-12-05T00:00:00+00:00\" \/>\n<meta property=\"article:modified_time\" content=\"2015-06-11T10:56:11+00:00\" \/>\n<meta property=\"og:image\" content=\"https:\/\/www.rassegnastampa-totustuus.it\/cattolica\/wp-content\/uploads\/2013\/12\/Korea_fame.jpg\" \/>\n\t<meta property=\"og:image:width\" content=\"222\" \/>\n\t<meta property=\"og:image:height\" content=\"188\" \/>\n\t<meta property=\"og:image:type\" content=\"image\/jpeg\" \/>\n<meta name=\"author\" content=\"Redazione\" \/>\n<meta name=\"twitter:card\" content=\"summary_large_image\" \/>\n<meta name=\"twitter:creator\" content=\"@rassegnastampa9\" \/>\n<meta name=\"twitter:site\" content=\"@rassegnastampa9\" \/>\n<meta name=\"twitter:label1\" content=\"Scritto da\" \/>\n\t<meta name=\"twitter:data1\" content=\"Redazione\" \/>\n\t<meta name=\"twitter:label2\" content=\"Tempo di lettura stimato\" \/>\n\t<meta name=\"twitter:data2\" content=\"12 minuti\" \/>\n<script type=\"application\/ld+json\" class=\"yoast-schema-graph\">{\"@context\":\"https:\\\/\\\/schema.org\",\"@graph\":[{\"@type\":\"Article\",\"@id\":\"https:\\\/\\\/www.rassegnastampa-totustuus.it\\\/cattolica\\\/forza-compagni-alla-fame\\\/#article\",\"isPartOf\":{\"@id\":\"https:\\\/\\\/www.rassegnastampa-totustuus.it\\\/cattolica\\\/forza-compagni-alla-fame\\\/\"},\"author\":{\"name\":\"Redazione\",\"@id\":\"https:\\\/\\\/www.rassegnastampa-totustuus.it\\\/cattolica\\\/#\\\/schema\\\/person\\\/08f319d2bd1a0904ad9e2bfb7b15e5c3\"},\"headline\":\"Forza compagni, alla fame!\",\"datePublished\":\"2013-12-05T00:00:00+00:00\",\"dateModified\":\"2015-06-11T10:56:11+00:00\",\"mainEntityOfPage\":{\"@id\":\"https:\\\/\\\/www.rassegnastampa-totustuus.it\\\/cattolica\\\/forza-compagni-alla-fame\\\/\"},\"wordCount\":2394,\"publisher\":{\"@id\":\"https:\\\/\\\/www.rassegnastampa-totustuus.it\\\/cattolica\\\/#organization\"},\"image\":{\"@id\":\"https:\\\/\\\/www.rassegnastampa-totustuus.it\\\/cattolica\\\/forza-compagni-alla-fame\\\/#primaryimage\"},\"thumbnailUrl\":\"https:\\\/\\\/www.rassegnastampa-totustuus.it\\\/cattolica\\\/wp-content\\\/uploads\\\/2013\\\/12\\\/Korea_fame.jpg\",\"keywords\":[\"comunismo\",\"gulag\",\"nord corea\"],\"articleSection\":[\"Comunismo\",\"Corea del Nord\"],\"inLanguage\":\"it-IT\"},{\"@type\":\"WebPage\",\"@id\":\"https:\\\/\\\/www.rassegnastampa-totustuus.it\\\/cattolica\\\/forza-compagni-alla-fame\\\/\",\"url\":\"https:\\\/\\\/www.rassegnastampa-totustuus.it\\\/cattolica\\\/forza-compagni-alla-fame\\\/\",\"name\":\"Forza compagni, alla fame! - Rassegna Stampa Cattolica\",\"isPartOf\":{\"@id\":\"https:\\\/\\\/www.rassegnastampa-totustuus.it\\\/cattolica\\\/#website\"},\"primaryImageOfPage\":{\"@id\":\"https:\\\/\\\/www.rassegnastampa-totustuus.it\\\/cattolica\\\/forza-compagni-alla-fame\\\/#primaryimage\"},\"image\":{\"@id\":\"https:\\\/\\\/www.rassegnastampa-totustuus.it\\\/cattolica\\\/forza-compagni-alla-fame\\\/#primaryimage\"},\"thumbnailUrl\":\"https:\\\/\\\/www.rassegnastampa-totustuus.it\\\/cattolica\\\/wp-content\\\/uploads\\\/2013\\\/12\\\/Korea_fame.jpg\",\"datePublished\":\"2013-12-05T00:00:00+00:00\",\"dateModified\":\"2015-06-11T10:56:11+00:00\",\"description\":\"Rassegna Stampa Cattolica - Per una cultura che nasce dalla Rivelazione cristiana in conformit\u00e0 alla tradizione e al Magistero della Chiesa in opposizione ad ogni relativismo e totalitarismo\",\"breadcrumb\":{\"@id\":\"https:\\\/\\\/www.rassegnastampa-totustuus.it\\\/cattolica\\\/forza-compagni-alla-fame\\\/#breadcrumb\"},\"inLanguage\":\"it-IT\",\"potentialAction\":[{\"@type\":\"ReadAction\",\"target\":[\"https:\\\/\\\/www.rassegnastampa-totustuus.it\\\/cattolica\\\/forza-compagni-alla-fame\\\/\"]}]},{\"@type\":\"ImageObject\",\"inLanguage\":\"it-IT\",\"@id\":\"https:\\\/\\\/www.rassegnastampa-totustuus.it\\\/cattolica\\\/forza-compagni-alla-fame\\\/#primaryimage\",\"url\":\"https:\\\/\\\/www.rassegnastampa-totustuus.it\\\/cattolica\\\/wp-content\\\/uploads\\\/2013\\\/12\\\/Korea_fame.jpg\",\"contentUrl\":\"https:\\\/\\\/www.rassegnastampa-totustuus.it\\\/cattolica\\\/wp-content\\\/uploads\\\/2013\\\/12\\\/Korea_fame.jpg\",\"width\":222,\"height\":188},{\"@type\":\"BreadcrumbList\",\"@id\":\"https:\\\/\\\/www.rassegnastampa-totustuus.it\\\/cattolica\\\/forza-compagni-alla-fame\\\/#breadcrumb\",\"itemListElement\":[{\"@type\":\"ListItem\",\"position\":1,\"name\":\"Home\",\"item\":\"https:\\\/\\\/www.rassegnastampa-totustuus.it\\\/cattolica\\\/\"},{\"@type\":\"ListItem\",\"position\":2,\"name\":\"Forza compagni, alla fame!\"}]},{\"@type\":\"WebSite\",\"@id\":\"https:\\\/\\\/www.rassegnastampa-totustuus.it\\\/cattolica\\\/#website\",\"url\":\"https:\\\/\\\/www.rassegnastampa-totustuus.it\\\/cattolica\\\/\",\"name\":\"Rassegna Stampa Cattolica\",\"description\":\"Per una cultura che nasce dalla Rivelazione cristiana in conformit\u00e0 alla tradizione e al Magistero della Chiesa in opposizione ad ogni relativismo e totalitarismo\",\"publisher\":{\"@id\":\"https:\\\/\\\/www.rassegnastampa-totustuus.it\\\/cattolica\\\/#organization\"},\"alternateName\":\"Rass. Cattolica\",\"potentialAction\":[{\"@type\":\"SearchAction\",\"target\":{\"@type\":\"EntryPoint\",\"urlTemplate\":\"https:\\\/\\\/www.rassegnastampa-totustuus.it\\\/cattolica\\\/?s={search_term_string}\"},\"query-input\":{\"@type\":\"PropertyValueSpecification\",\"valueRequired\":true,\"valueName\":\"search_term_string\"}}],\"inLanguage\":\"it-IT\"},{\"@type\":\"Organization\",\"@id\":\"https:\\\/\\\/www.rassegnastampa-totustuus.it\\\/cattolica\\\/#organization\",\"name\":\"Rassegna Stampa Cattolica\",\"url\":\"https:\\\/\\\/www.rassegnastampa-totustuus.it\\\/cattolica\\\/\",\"logo\":{\"@type\":\"ImageObject\",\"inLanguage\":\"it-IT\",\"@id\":\"https:\\\/\\\/www.rassegnastampa-totustuus.it\\\/cattolica\\\/#\\\/schema\\\/logo\\\/image\\\/\",\"url\":\"https:\\\/\\\/www.rassegnastampa-totustuus.it\\\/cattolica\\\/wp-content\\\/uploads\\\/2014\\\/04\\\/logo-rassegna1.gif\",\"contentUrl\":\"https:\\\/\\\/www.rassegnastampa-totustuus.it\\\/cattolica\\\/wp-content\\\/uploads\\\/2014\\\/04\\\/logo-rassegna1.gif\",\"width\":600,\"height\":163,\"caption\":\"Rassegna Stampa Cattolica\"},\"image\":{\"@id\":\"https:\\\/\\\/www.rassegnastampa-totustuus.it\\\/cattolica\\\/#\\\/schema\\\/logo\\\/image\\\/\"},\"sameAs\":[\"https:\\\/\\\/www.facebook.com\\\/rassegnastampacattolica\",\"https:\\\/\\\/x.com\\\/rassegnastampa9\"]},{\"@type\":\"Person\",\"@id\":\"https:\\\/\\\/www.rassegnastampa-totustuus.it\\\/cattolica\\\/#\\\/schema\\\/person\\\/08f319d2bd1a0904ad9e2bfb7b15e5c3\",\"name\":\"Redazione\",\"image\":{\"@type\":\"ImageObject\",\"inLanguage\":\"it-IT\",\"@id\":\"https:\\\/\\\/secure.gravatar.com\\\/avatar\\\/2fcdf27c78ea025fbdb44e914cc63c72249ffec9dc8aafd5c82b26240ef3f346?s=96&d=mm&r=g\",\"url\":\"https:\\\/\\\/secure.gravatar.com\\\/avatar\\\/2fcdf27c78ea025fbdb44e914cc63c72249ffec9dc8aafd5c82b26240ef3f346?s=96&d=mm&r=g\",\"contentUrl\":\"https:\\\/\\\/secure.gravatar.com\\\/avatar\\\/2fcdf27c78ea025fbdb44e914cc63c72249ffec9dc8aafd5c82b26240ef3f346?s=96&d=mm&r=g\",\"caption\":\"Redazione\"},\"url\":\"https:\\\/\\\/www.rassegnastampa-totustuus.it\\\/cattolica\\\/author\\\/pietroelle\\\/\"}]}<\/script>\n<!-- \/ Yoast SEO plugin. -->","yoast_head_json":{"title":"Forza compagni, alla fame! - Rassegna Stampa Cattolica","description":"Rassegna Stampa Cattolica - Per una cultura che nasce dalla Rivelazione cristiana in conformit\u00e0 alla tradizione e al Magistero della Chiesa in opposizione ad ogni relativismo e totalitarismo","robots":{"index":"index","follow":"follow","max-snippet":"max-snippet:-1","max-image-preview":"max-image-preview:large","max-video-preview":"max-video-preview:-1"},"canonical":"https:\/\/www.rassegnastampa-totustuus.it\/cattolica\/forza-compagni-alla-fame\/","og_locale":"it_IT","og_type":"article","og_title":"Forza compagni, alla fame! - Rassegna Stampa Cattolica","og_description":"Rassegna Stampa Cattolica - Per una cultura che nasce dalla Rivelazione cristiana in conformit\u00e0 alla tradizione e al Magistero della Chiesa in opposizione ad ogni relativismo e totalitarismo","og_url":"https:\/\/www.rassegnastampa-totustuus.it\/cattolica\/forza-compagni-alla-fame\/","og_site_name":"Rassegna Stampa Cattolica","article_publisher":"https:\/\/www.facebook.com\/rassegnastampacattolica","article_published_time":"2013-12-05T00:00:00+00:00","article_modified_time":"2015-06-11T10:56:11+00:00","og_image":[{"width":222,"height":188,"url":"https:\/\/www.rassegnastampa-totustuus.it\/cattolica\/wp-content\/uploads\/2013\/12\/Korea_fame.jpg","type":"image\/jpeg"}],"author":"Redazione","twitter_card":"summary_large_image","twitter_creator":"@rassegnastampa9","twitter_site":"@rassegnastampa9","twitter_misc":{"Scritto da":"Redazione","Tempo di lettura stimato":"12 minuti"},"schema":{"@context":"https:\/\/schema.org","@graph":[{"@type":"Article","@id":"https:\/\/www.rassegnastampa-totustuus.it\/cattolica\/forza-compagni-alla-fame\/#article","isPartOf":{"@id":"https:\/\/www.rassegnastampa-totustuus.it\/cattolica\/forza-compagni-alla-fame\/"},"author":{"name":"Redazione","@id":"https:\/\/www.rassegnastampa-totustuus.it\/cattolica\/#\/schema\/person\/08f319d2bd1a0904ad9e2bfb7b15e5c3"},"headline":"Forza compagni, alla fame!","datePublished":"2013-12-05T00:00:00+00:00","dateModified":"2015-06-11T10:56:11+00:00","mainEntityOfPage":{"@id":"https:\/\/www.rassegnastampa-totustuus.it\/cattolica\/forza-compagni-alla-fame\/"},"wordCount":2394,"publisher":{"@id":"https:\/\/www.rassegnastampa-totustuus.it\/cattolica\/#organization"},"image":{"@id":"https:\/\/www.rassegnastampa-totustuus.it\/cattolica\/forza-compagni-alla-fame\/#primaryimage"},"thumbnailUrl":"https:\/\/www.rassegnastampa-totustuus.it\/cattolica\/wp-content\/uploads\/2013\/12\/Korea_fame.jpg","keywords":["comunismo","gulag","nord corea"],"articleSection":["Comunismo","Corea del Nord"],"inLanguage":"it-IT"},{"@type":"WebPage","@id":"https:\/\/www.rassegnastampa-totustuus.it\/cattolica\/forza-compagni-alla-fame\/","url":"https:\/\/www.rassegnastampa-totustuus.it\/cattolica\/forza-compagni-alla-fame\/","name":"Forza compagni, alla fame! - Rassegna Stampa Cattolica","isPartOf":{"@id":"https:\/\/www.rassegnastampa-totustuus.it\/cattolica\/#website"},"primaryImageOfPage":{"@id":"https:\/\/www.rassegnastampa-totustuus.it\/cattolica\/forza-compagni-alla-fame\/#primaryimage"},"image":{"@id":"https:\/\/www.rassegnastampa-totustuus.it\/cattolica\/forza-compagni-alla-fame\/#primaryimage"},"thumbnailUrl":"https:\/\/www.rassegnastampa-totustuus.it\/cattolica\/wp-content\/uploads\/2013\/12\/Korea_fame.jpg","datePublished":"2013-12-05T00:00:00+00:00","dateModified":"2015-06-11T10:56:11+00:00","description":"Rassegna Stampa Cattolica - Per una cultura che nasce dalla Rivelazione cristiana in conformit\u00e0 alla tradizione e al Magistero della Chiesa in opposizione ad ogni relativismo e totalitarismo","breadcrumb":{"@id":"https:\/\/www.rassegnastampa-totustuus.it\/cattolica\/forza-compagni-alla-fame\/#breadcrumb"},"inLanguage":"it-IT","potentialAction":[{"@type":"ReadAction","target":["https:\/\/www.rassegnastampa-totustuus.it\/cattolica\/forza-compagni-alla-fame\/"]}]},{"@type":"ImageObject","inLanguage":"it-IT","@id":"https:\/\/www.rassegnastampa-totustuus.it\/cattolica\/forza-compagni-alla-fame\/#primaryimage","url":"https:\/\/www.rassegnastampa-totustuus.it\/cattolica\/wp-content\/uploads\/2013\/12\/Korea_fame.jpg","contentUrl":"https:\/\/www.rassegnastampa-totustuus.it\/cattolica\/wp-content\/uploads\/2013\/12\/Korea_fame.jpg","width":222,"height":188},{"@type":"BreadcrumbList","@id":"https:\/\/www.rassegnastampa-totustuus.it\/cattolica\/forza-compagni-alla-fame\/#breadcrumb","itemListElement":[{"@type":"ListItem","position":1,"name":"Home","item":"https:\/\/www.rassegnastampa-totustuus.it\/cattolica\/"},{"@type":"ListItem","position":2,"name":"Forza compagni, alla fame!"}]},{"@type":"WebSite","@id":"https:\/\/www.rassegnastampa-totustuus.it\/cattolica\/#website","url":"https:\/\/www.rassegnastampa-totustuus.it\/cattolica\/","name":"Rassegna Stampa Cattolica","description":"Per una cultura che nasce dalla Rivelazione cristiana in conformit\u00e0 alla tradizione e al Magistero della Chiesa in opposizione ad ogni relativismo e totalitarismo","publisher":{"@id":"https:\/\/www.rassegnastampa-totustuus.it\/cattolica\/#organization"},"alternateName":"Rass. Cattolica","potentialAction":[{"@type":"SearchAction","target":{"@type":"EntryPoint","urlTemplate":"https:\/\/www.rassegnastampa-totustuus.it\/cattolica\/?s={search_term_string}"},"query-input":{"@type":"PropertyValueSpecification","valueRequired":true,"valueName":"search_term_string"}}],"inLanguage":"it-IT"},{"@type":"Organization","@id":"https:\/\/www.rassegnastampa-totustuus.it\/cattolica\/#organization","name":"Rassegna Stampa Cattolica","url":"https:\/\/www.rassegnastampa-totustuus.it\/cattolica\/","logo":{"@type":"ImageObject","inLanguage":"it-IT","@id":"https:\/\/www.rassegnastampa-totustuus.it\/cattolica\/#\/schema\/logo\/image\/","url":"https:\/\/www.rassegnastampa-totustuus.it\/cattolica\/wp-content\/uploads\/2014\/04\/logo-rassegna1.gif","contentUrl":"https:\/\/www.rassegnastampa-totustuus.it\/cattolica\/wp-content\/uploads\/2014\/04\/logo-rassegna1.gif","width":600,"height":163,"caption":"Rassegna Stampa Cattolica"},"image":{"@id":"https:\/\/www.rassegnastampa-totustuus.it\/cattolica\/#\/schema\/logo\/image\/"},"sameAs":["https:\/\/www.facebook.com\/rassegnastampacattolica","https:\/\/x.com\/rassegnastampa9"]},{"@type":"Person","@id":"https:\/\/www.rassegnastampa-totustuus.it\/cattolica\/#\/schema\/person\/08f319d2bd1a0904ad9e2bfb7b15e5c3","name":"Redazione","image":{"@type":"ImageObject","inLanguage":"it-IT","@id":"https:\/\/secure.gravatar.com\/avatar\/2fcdf27c78ea025fbdb44e914cc63c72249ffec9dc8aafd5c82b26240ef3f346?s=96&d=mm&r=g","url":"https:\/\/secure.gravatar.com\/avatar\/2fcdf27c78ea025fbdb44e914cc63c72249ffec9dc8aafd5c82b26240ef3f346?s=96&d=mm&r=g","contentUrl":"https:\/\/secure.gravatar.com\/avatar\/2fcdf27c78ea025fbdb44e914cc63c72249ffec9dc8aafd5c82b26240ef3f346?s=96&d=mm&r=g","caption":"Redazione"},"url":"https:\/\/www.rassegnastampa-totustuus.it\/cattolica\/author\/pietroelle\/"}]}},"_links":{"self":[{"href":"https:\/\/www.rassegnastampa-totustuus.it\/cattolica\/wp-json\/wp\/v2\/posts\/5810","targetHints":{"allow":["GET"]}}],"collection":[{"href":"https:\/\/www.rassegnastampa-totustuus.it\/cattolica\/wp-json\/wp\/v2\/posts"}],"about":[{"href":"https:\/\/www.rassegnastampa-totustuus.it\/cattolica\/wp-json\/wp\/v2\/types\/post"}],"author":[{"embeddable":true,"href":"https:\/\/www.rassegnastampa-totustuus.it\/cattolica\/wp-json\/wp\/v2\/users\/6"}],"replies":[{"embeddable":true,"href":"https:\/\/www.rassegnastampa-totustuus.it\/cattolica\/wp-json\/wp\/v2\/comments?post=5810"}],"version-history":[{"count":6,"href":"https:\/\/www.rassegnastampa-totustuus.it\/cattolica\/wp-json\/wp\/v2\/posts\/5810\/revisions"}],"predecessor-version":[{"id":26088,"href":"https:\/\/www.rassegnastampa-totustuus.it\/cattolica\/wp-json\/wp\/v2\/posts\/5810\/revisions\/26088"}],"wp:featuredmedia":[{"embeddable":true,"href":"https:\/\/www.rassegnastampa-totustuus.it\/cattolica\/wp-json\/wp\/v2\/media\/7042"}],"wp:attachment":[{"href":"https:\/\/www.rassegnastampa-totustuus.it\/cattolica\/wp-json\/wp\/v2\/media?parent=5810"}],"wp:term":[{"taxonomy":"category","embeddable":true,"href":"https:\/\/www.rassegnastampa-totustuus.it\/cattolica\/wp-json\/wp\/v2\/categories?post=5810"},{"taxonomy":"post_tag","embeddable":true,"href":"https:\/\/www.rassegnastampa-totustuus.it\/cattolica\/wp-json\/wp\/v2\/tags?post=5810"}],"curies":[{"name":"wp","href":"https:\/\/api.w.org\/{rel}","templated":true}]}}