{"id":5808,"date":"2013-11-28T00:00:00","date_gmt":"2013-11-27T23:00:00","guid":{"rendered":""},"modified":"2015-06-11T11:32:22","modified_gmt":"2015-06-11T09:32:22","slug":"un-saggio-di-giuseppe-guarino-contro-leuro","status":"publish","type":"post","link":"https:\/\/www.rassegnastampa-totustuus.it\/cattolica\/un-saggio-di-giuseppe-guarino-contro-leuro\/","title":{"rendered":"Un saggio di Giuseppe Guarino contro l\u2019euro"},"content":{"rendered":"<p align=\"center\"><strong><a href=\"https:\/\/www.rassegnastampa-totustuus.it\/cattolica\/wp-content\/uploads\/2013\/11\/euro.jpg\"><img loading=\"lazy\" decoding=\"async\" class=\"alignleft wp-image-7107\" src=\"https:\/\/www.rassegnastampa-totustuus.it\/cattolica\/wp-content\/uploads\/2013\/11\/euro.jpg\" alt=\"euro\" width=\"250\" height=\"140\" \/><\/a>Corrispondenza Romana<\/strong> n.1318 del 20 novembre 2013<\/p>\n<p align=\"center\">di <strong>Federico Catani<\/strong><\/p>\n<p style=\"text-align: justify;\">Ordinario di diritto pubblico alla Sapienza di Roma, ministro delle Finanze (1987) e dell\u2019Industria (1992-\u201993) in quota Dc, il prof. Giuseppe Guarino, classe 1922, non \u00e8 certo un populista euroscettico. Per questo il suo saggio critico verso l\u2019euro, uscito in tre puntate sul \u201cFoglio\u201d (13-14-15 novembre 2013), merita un\u2019attenta lettura. Secondo Guarino, il 1\u00b0 gennaio 1999 si \u00e8 consumato un vero colpo di stato, perch\u00e9 nei mercati \u00e8 stato immesso un euro diverso da quello previsto dal Trattato dell\u2019Unione europea (Tue). Il motivo? Un regolamento adottato in violazione alle norme stabilite.<\/p>\n<p style=\"text-align: justify;\"><!--more--><\/p>\n<p style=\"text-align: justify;\"><strong>Secondo il Tue, infatti, l\u2019introduzione della moneta unica avrebbe garantito la sovranit\u00e0 degli Stati, chiamati a concorrere, autonomamente e in base alle proprie specificit\u00e0, alla crescita dell\u2019Unione.<\/strong> Liberi o meno di aderire all\u2019euro, i Paesi membri avrebbero avuto la possibilit\u00e0 di abbandonarlo \u00abspecie ove la domanda sia motivata con la profonda insoddisfazione per il modo in cui l\u2019Unione \u00e8 stata gestita e per i danni che ne sono derivati\u00bb. Tuttavia, col regolamento 1466\/97 si \u00e8 modificata la disciplina del Trattato.<\/p>\n<p style=\"text-align: justify;\"><strong>Tale regolamento<\/strong> \u2013 causa prima e unica, secondo Guarino, della depressione che oggi coinvolge l\u2019intera eurozona \u2012 \u00e8 stato adottato seguendo il procedimento previsto dal Tue. Peccato per\u00f2 che questo procedimento \u00abnon conferiva alcuna autorit\u00e0 a modificare il Trattato e aveva un oggetto del tutto diverso\u00bb. La nuova disciplina ha quindi violato il Tue e, come afferma Guarino, gli atti che ne derivano sono inesistenti e nulli.<\/p>\n<p style=\"text-align: justify;\"><strong>Il regolamento ha abrogato il diritto-potere degli Stati di concorrere alla crescita con la propria politica economica e l\u2019ha sostituito con l\u2019obbligo assoluto di raggiungere il pareggio di bilancio a medio termine, costi quel che costi.<\/strong> Il tutto per assicurare la stabilit\u00e0, sul cui altare vanno sacrificati gli interessi nazionali. In tal modo si \u00e8 soppresso \u00abl\u2019unico spazio di attivit\u00e0 politica soggetto all\u2019influenza dei cittadini dei singoli stati membri, lo spazio delle politiche economiche\u00bb.<\/p>\n<p style=\"text-align: justify;\"><strong>Gli Stati hanno cos\u00ec perso sempre pi\u00f9 sovranit\u00e0 e ora i governi devono limitarsi a \u201cfare i compiti\u201d ad essi assegnati. <\/strong>Guarino arriva pertanto alla conclusione che \u00abil reg. 1466\/97, nell\u2019intero ambito della politica economica e della gestione della moneta, ha soppresso il regime democratico\u00bb, e ci\u00f2 \u00e8 avvenuto nonostante la democrazia sia il principio fondante dell\u2019Ue. Di fatto \u00e8 stato instaurato un nuovo regime, cos\u00ec come avvenne in Francia nel 1789 e in Russia nel 1917. I responsabili di questo golpe sono tutti coloro che hanno concorso alla formazione del regolamento (membri della Commissione, titolari degli organi dell\u2019Unione e dei governi dei Paesi membri). Ma chi pagher\u00e0 per questa decisione scellerata? Si continuer\u00e0 a idolatrare ancora le \u00abmagnifiche sorti e progressive\u00bb dell\u2019Ue?<\/p>\n<p style=\"text-align: justify;\"><strong>La soluzione proposta dallo studioso<\/strong>, opinabile, ma preziosa perch\u00e9 in contrasto con l\u2019euro-conformismo dominante, consiste nell\u2019uscita degli Stati pi\u00f9 colpiti dall\u2019attuale sistema (come l\u2019Italia) dall\u2019area dell\u2019euro. Infatti, poich\u00e9 l\u2019ammissione alla moneta unica \u00e8 basata su una decisione volontaria, si pu\u00f2 abbandonare l\u2019euro in ogni momento. Per evitare pressioni esterne, secondo Guarino, ci vorrebbe l\u2019unione di alcuni Paesi, che \u00abpotrebbero decidere di mettere in comune la loro sovranit\u00e0 creando una nuova entit\u00e0 politica, cui affidare la gestione di una moneta comune a sua volta di nuova creazione\u00bb. Nulla lo vieta.<\/p>\n<p style=\"text-align: justify;\"><strong>La nuova moneta circolerebbe all\u2019interno dell\u2019Ue cos\u00ec come oggi circola la sterlina<\/strong> e la determinazione del nuovo valore di cambio permetterebbe anche di risarcire i danni provocati ai vari Paesi dall\u2019imposizione illegale \u00abdi una disciplina dell\u2019euro diversa da quella pattuita all\u2019atto della stipulazione del Trattato Ue\u00bb. Un modo per non farsi stritolare dalla dittatura finanziaria di Bruxelles.<\/p>\n","protected":false},"excerpt":{"rendered":"<p>Corrispondenza Romana n.1318 del 20 novembre 2013 di Federico Catani Ordinario di diritto pubblico alla Sapienza di Roma, ministro delle Finanze (1987) e dell\u2019Industria (1992-\u201993) in quota Dc, il prof. Giuseppe Guarino, classe 1922, non \u00e8 certo un populista euroscettico. Per questo il suo saggio critico verso l\u2019euro, uscito in tre puntate sul \u201cFoglio\u201d (13-14-15 &hellip; <\/p>\n<p><a class=\"more-link btn\" href=\"https:\/\/www.rassegnastampa-totustuus.it\/cattolica\/un-saggio-di-giuseppe-guarino-contro-leuro\/\">Continua a leggere<\/a><\/p>\n","protected":false},"author":6,"featured_media":7107,"comment_status":"closed","ping_status":"open","sticky":false,"template":"","format":"standard","meta":{"footnotes":""},"categories":[14,17],"tags":[285,166],"class_list":["post-5808","post","type-post","status-publish","format-standard","has-post-thumbnail","hentry","category-europa-e-ue","category-libri","tag-euro","tag-europa","item-wrap"],"yoast_head":"<!-- This site is optimized with the Yoast SEO plugin v27.5 - https:\/\/yoast.com\/product\/yoast-seo-wordpress\/ -->\n<title>Un saggio di Giuseppe Guarino contro l\u2019euro - Rassegna Stampa Cattolica<\/title>\n<meta name=\"description\" content=\"Rassegna Stampa Cattolica - Per una cultura che nasce dalla Rivelazione cristiana in conformit\u00e0 alla tradizione e al Magistero della Chiesa in opposizione ad ogni relativismo e totalitarismo\" \/>\n<meta name=\"robots\" content=\"index, follow, max-snippet:-1, max-image-preview:large, max-video-preview:-1\" \/>\n<link rel=\"canonical\" href=\"https:\/\/www.rassegnastampa-totustuus.it\/cattolica\/un-saggio-di-giuseppe-guarino-contro-leuro\/\" \/>\n<meta property=\"og:locale\" content=\"it_IT\" \/>\n<meta property=\"og:type\" content=\"article\" \/>\n<meta property=\"og:title\" content=\"Un saggio di Giuseppe Guarino contro l\u2019euro - Rassegna Stampa Cattolica\" \/>\n<meta property=\"og:description\" content=\"Rassegna Stampa Cattolica - Per una cultura che nasce dalla Rivelazione cristiana in conformit\u00e0 alla tradizione e al Magistero della Chiesa in opposizione ad ogni relativismo e totalitarismo\" \/>\n<meta property=\"og:url\" content=\"https:\/\/www.rassegnastampa-totustuus.it\/cattolica\/un-saggio-di-giuseppe-guarino-contro-leuro\/\" \/>\n<meta property=\"og:site_name\" content=\"Rassegna Stampa Cattolica\" \/>\n<meta property=\"article:publisher\" content=\"https:\/\/www.facebook.com\/rassegnastampacattolica\" \/>\n<meta property=\"article:published_time\" content=\"2013-11-27T23:00:00+00:00\" \/>\n<meta property=\"article:modified_time\" content=\"2015-06-11T09:32:22+00:00\" \/>\n<meta property=\"og:image\" content=\"https:\/\/www.rassegnastampa-totustuus.it\/cattolica\/wp-content\/uploads\/2013\/11\/euro.jpg\" \/>\n\t<meta property=\"og:image:width\" content=\"300\" \/>\n\t<meta property=\"og:image:height\" content=\"168\" \/>\n\t<meta property=\"og:image:type\" content=\"image\/jpeg\" \/>\n<meta name=\"author\" content=\"Redazione\" \/>\n<meta name=\"twitter:card\" content=\"summary_large_image\" \/>\n<meta name=\"twitter:creator\" content=\"@rassegnastampa9\" \/>\n<meta name=\"twitter:site\" content=\"@rassegnastampa9\" \/>\n<meta name=\"twitter:label1\" content=\"Scritto da\" \/>\n\t<meta name=\"twitter:data1\" content=\"Redazione\" \/>\n\t<meta name=\"twitter:label2\" content=\"Tempo di lettura stimato\" \/>\n\t<meta name=\"twitter:data2\" content=\"3 minuti\" \/>\n<script type=\"application\/ld+json\" class=\"yoast-schema-graph\">{\"@context\":\"https:\\\/\\\/schema.org\",\"@graph\":[{\"@type\":\"Article\",\"@id\":\"https:\\\/\\\/www.rassegnastampa-totustuus.it\\\/cattolica\\\/un-saggio-di-giuseppe-guarino-contro-leuro\\\/#article\",\"isPartOf\":{\"@id\":\"https:\\\/\\\/www.rassegnastampa-totustuus.it\\\/cattolica\\\/un-saggio-di-giuseppe-guarino-contro-leuro\\\/\"},\"author\":{\"name\":\"Redazione\",\"@id\":\"https:\\\/\\\/www.rassegnastampa-totustuus.it\\\/cattolica\\\/#\\\/schema\\\/person\\\/08f319d2bd1a0904ad9e2bfb7b15e5c3\"},\"headline\":\"Un saggio di Giuseppe Guarino contro l\u2019euro\",\"datePublished\":\"2013-11-27T23:00:00+00:00\",\"dateModified\":\"2015-06-11T09:32:22+00:00\",\"mainEntityOfPage\":{\"@id\":\"https:\\\/\\\/www.rassegnastampa-totustuus.it\\\/cattolica\\\/un-saggio-di-giuseppe-guarino-contro-leuro\\\/\"},\"wordCount\":608,\"publisher\":{\"@id\":\"https:\\\/\\\/www.rassegnastampa-totustuus.it\\\/cattolica\\\/#organization\"},\"image\":{\"@id\":\"https:\\\/\\\/www.rassegnastampa-totustuus.it\\\/cattolica\\\/un-saggio-di-giuseppe-guarino-contro-leuro\\\/#primaryimage\"},\"thumbnailUrl\":\"https:\\\/\\\/www.rassegnastampa-totustuus.it\\\/cattolica\\\/wp-content\\\/uploads\\\/2013\\\/11\\\/euro.jpg\",\"keywords\":[\"euro\",\"Europa\"],\"articleSection\":[\"Europa e UE\",\"Libri\"],\"inLanguage\":\"it-IT\"},{\"@type\":\"WebPage\",\"@id\":\"https:\\\/\\\/www.rassegnastampa-totustuus.it\\\/cattolica\\\/un-saggio-di-giuseppe-guarino-contro-leuro\\\/\",\"url\":\"https:\\\/\\\/www.rassegnastampa-totustuus.it\\\/cattolica\\\/un-saggio-di-giuseppe-guarino-contro-leuro\\\/\",\"name\":\"Un saggio di Giuseppe Guarino contro l\u2019euro - Rassegna Stampa Cattolica\",\"isPartOf\":{\"@id\":\"https:\\\/\\\/www.rassegnastampa-totustuus.it\\\/cattolica\\\/#website\"},\"primaryImageOfPage\":{\"@id\":\"https:\\\/\\\/www.rassegnastampa-totustuus.it\\\/cattolica\\\/un-saggio-di-giuseppe-guarino-contro-leuro\\\/#primaryimage\"},\"image\":{\"@id\":\"https:\\\/\\\/www.rassegnastampa-totustuus.it\\\/cattolica\\\/un-saggio-di-giuseppe-guarino-contro-leuro\\\/#primaryimage\"},\"thumbnailUrl\":\"https:\\\/\\\/www.rassegnastampa-totustuus.it\\\/cattolica\\\/wp-content\\\/uploads\\\/2013\\\/11\\\/euro.jpg\",\"datePublished\":\"2013-11-27T23:00:00+00:00\",\"dateModified\":\"2015-06-11T09:32:22+00:00\",\"description\":\"Rassegna Stampa Cattolica - Per una cultura che nasce dalla Rivelazione cristiana in conformit\u00e0 alla tradizione e al Magistero della Chiesa in opposizione ad ogni relativismo e totalitarismo\",\"breadcrumb\":{\"@id\":\"https:\\\/\\\/www.rassegnastampa-totustuus.it\\\/cattolica\\\/un-saggio-di-giuseppe-guarino-contro-leuro\\\/#breadcrumb\"},\"inLanguage\":\"it-IT\",\"potentialAction\":[{\"@type\":\"ReadAction\",\"target\":[\"https:\\\/\\\/www.rassegnastampa-totustuus.it\\\/cattolica\\\/un-saggio-di-giuseppe-guarino-contro-leuro\\\/\"]}]},{\"@type\":\"ImageObject\",\"inLanguage\":\"it-IT\",\"@id\":\"https:\\\/\\\/www.rassegnastampa-totustuus.it\\\/cattolica\\\/un-saggio-di-giuseppe-guarino-contro-leuro\\\/#primaryimage\",\"url\":\"https:\\\/\\\/www.rassegnastampa-totustuus.it\\\/cattolica\\\/wp-content\\\/uploads\\\/2013\\\/11\\\/euro.jpg\",\"contentUrl\":\"https:\\\/\\\/www.rassegnastampa-totustuus.it\\\/cattolica\\\/wp-content\\\/uploads\\\/2013\\\/11\\\/euro.jpg\",\"width\":300,\"height\":168},{\"@type\":\"BreadcrumbList\",\"@id\":\"https:\\\/\\\/www.rassegnastampa-totustuus.it\\\/cattolica\\\/un-saggio-di-giuseppe-guarino-contro-leuro\\\/#breadcrumb\",\"itemListElement\":[{\"@type\":\"ListItem\",\"position\":1,\"name\":\"Home\",\"item\":\"https:\\\/\\\/www.rassegnastampa-totustuus.it\\\/cattolica\\\/\"},{\"@type\":\"ListItem\",\"position\":2,\"name\":\"Un saggio di Giuseppe Guarino contro l\u2019euro\"}]},{\"@type\":\"WebSite\",\"@id\":\"https:\\\/\\\/www.rassegnastampa-totustuus.it\\\/cattolica\\\/#website\",\"url\":\"https:\\\/\\\/www.rassegnastampa-totustuus.it\\\/cattolica\\\/\",\"name\":\"Rassegna Stampa Cattolica\",\"description\":\"Per una cultura che nasce dalla Rivelazione cristiana in conformit\u00e0 alla tradizione e al Magistero della Chiesa in opposizione ad ogni relativismo e totalitarismo\",\"publisher\":{\"@id\":\"https:\\\/\\\/www.rassegnastampa-totustuus.it\\\/cattolica\\\/#organization\"},\"alternateName\":\"Rass. Cattolica\",\"potentialAction\":[{\"@type\":\"SearchAction\",\"target\":{\"@type\":\"EntryPoint\",\"urlTemplate\":\"https:\\\/\\\/www.rassegnastampa-totustuus.it\\\/cattolica\\\/?s={search_term_string}\"},\"query-input\":{\"@type\":\"PropertyValueSpecification\",\"valueRequired\":true,\"valueName\":\"search_term_string\"}}],\"inLanguage\":\"it-IT\"},{\"@type\":\"Organization\",\"@id\":\"https:\\\/\\\/www.rassegnastampa-totustuus.it\\\/cattolica\\\/#organization\",\"name\":\"Rassegna Stampa Cattolica\",\"url\":\"https:\\\/\\\/www.rassegnastampa-totustuus.it\\\/cattolica\\\/\",\"logo\":{\"@type\":\"ImageObject\",\"inLanguage\":\"it-IT\",\"@id\":\"https:\\\/\\\/www.rassegnastampa-totustuus.it\\\/cattolica\\\/#\\\/schema\\\/logo\\\/image\\\/\",\"url\":\"https:\\\/\\\/www.rassegnastampa-totustuus.it\\\/cattolica\\\/wp-content\\\/uploads\\\/2014\\\/04\\\/logo-rassegna1.gif\",\"contentUrl\":\"https:\\\/\\\/www.rassegnastampa-totustuus.it\\\/cattolica\\\/wp-content\\\/uploads\\\/2014\\\/04\\\/logo-rassegna1.gif\",\"width\":600,\"height\":163,\"caption\":\"Rassegna Stampa Cattolica\"},\"image\":{\"@id\":\"https:\\\/\\\/www.rassegnastampa-totustuus.it\\\/cattolica\\\/#\\\/schema\\\/logo\\\/image\\\/\"},\"sameAs\":[\"https:\\\/\\\/www.facebook.com\\\/rassegnastampacattolica\",\"https:\\\/\\\/x.com\\\/rassegnastampa9\"]},{\"@type\":\"Person\",\"@id\":\"https:\\\/\\\/www.rassegnastampa-totustuus.it\\\/cattolica\\\/#\\\/schema\\\/person\\\/08f319d2bd1a0904ad9e2bfb7b15e5c3\",\"name\":\"Redazione\",\"image\":{\"@type\":\"ImageObject\",\"inLanguage\":\"it-IT\",\"@id\":\"https:\\\/\\\/secure.gravatar.com\\\/avatar\\\/2fcdf27c78ea025fbdb44e914cc63c72249ffec9dc8aafd5c82b26240ef3f346?s=96&d=mm&r=g\",\"url\":\"https:\\\/\\\/secure.gravatar.com\\\/avatar\\\/2fcdf27c78ea025fbdb44e914cc63c72249ffec9dc8aafd5c82b26240ef3f346?s=96&d=mm&r=g\",\"contentUrl\":\"https:\\\/\\\/secure.gravatar.com\\\/avatar\\\/2fcdf27c78ea025fbdb44e914cc63c72249ffec9dc8aafd5c82b26240ef3f346?s=96&d=mm&r=g\",\"caption\":\"Redazione\"},\"url\":\"https:\\\/\\\/www.rassegnastampa-totustuus.it\\\/cattolica\\\/author\\\/pietroelle\\\/\"}]}<\/script>\n<!-- \/ Yoast SEO plugin. -->","yoast_head_json":{"title":"Un saggio di Giuseppe Guarino contro l\u2019euro - Rassegna Stampa Cattolica","description":"Rassegna Stampa Cattolica - Per una cultura che nasce dalla Rivelazione cristiana in conformit\u00e0 alla tradizione e al Magistero della Chiesa in opposizione ad ogni relativismo e totalitarismo","robots":{"index":"index","follow":"follow","max-snippet":"max-snippet:-1","max-image-preview":"max-image-preview:large","max-video-preview":"max-video-preview:-1"},"canonical":"https:\/\/www.rassegnastampa-totustuus.it\/cattolica\/un-saggio-di-giuseppe-guarino-contro-leuro\/","og_locale":"it_IT","og_type":"article","og_title":"Un saggio di Giuseppe Guarino contro l\u2019euro - Rassegna Stampa Cattolica","og_description":"Rassegna Stampa Cattolica - Per una cultura che nasce dalla Rivelazione cristiana in conformit\u00e0 alla tradizione e al Magistero della Chiesa in opposizione ad ogni relativismo e totalitarismo","og_url":"https:\/\/www.rassegnastampa-totustuus.it\/cattolica\/un-saggio-di-giuseppe-guarino-contro-leuro\/","og_site_name":"Rassegna Stampa Cattolica","article_publisher":"https:\/\/www.facebook.com\/rassegnastampacattolica","article_published_time":"2013-11-27T23:00:00+00:00","article_modified_time":"2015-06-11T09:32:22+00:00","og_image":[{"width":300,"height":168,"url":"https:\/\/www.rassegnastampa-totustuus.it\/cattolica\/wp-content\/uploads\/2013\/11\/euro.jpg","type":"image\/jpeg"}],"author":"Redazione","twitter_card":"summary_large_image","twitter_creator":"@rassegnastampa9","twitter_site":"@rassegnastampa9","twitter_misc":{"Scritto da":"Redazione","Tempo di lettura stimato":"3 minuti"},"schema":{"@context":"https:\/\/schema.org","@graph":[{"@type":"Article","@id":"https:\/\/www.rassegnastampa-totustuus.it\/cattolica\/un-saggio-di-giuseppe-guarino-contro-leuro\/#article","isPartOf":{"@id":"https:\/\/www.rassegnastampa-totustuus.it\/cattolica\/un-saggio-di-giuseppe-guarino-contro-leuro\/"},"author":{"name":"Redazione","@id":"https:\/\/www.rassegnastampa-totustuus.it\/cattolica\/#\/schema\/person\/08f319d2bd1a0904ad9e2bfb7b15e5c3"},"headline":"Un saggio di Giuseppe Guarino contro l\u2019euro","datePublished":"2013-11-27T23:00:00+00:00","dateModified":"2015-06-11T09:32:22+00:00","mainEntityOfPage":{"@id":"https:\/\/www.rassegnastampa-totustuus.it\/cattolica\/un-saggio-di-giuseppe-guarino-contro-leuro\/"},"wordCount":608,"publisher":{"@id":"https:\/\/www.rassegnastampa-totustuus.it\/cattolica\/#organization"},"image":{"@id":"https:\/\/www.rassegnastampa-totustuus.it\/cattolica\/un-saggio-di-giuseppe-guarino-contro-leuro\/#primaryimage"},"thumbnailUrl":"https:\/\/www.rassegnastampa-totustuus.it\/cattolica\/wp-content\/uploads\/2013\/11\/euro.jpg","keywords":["euro","Europa"],"articleSection":["Europa e UE","Libri"],"inLanguage":"it-IT"},{"@type":"WebPage","@id":"https:\/\/www.rassegnastampa-totustuus.it\/cattolica\/un-saggio-di-giuseppe-guarino-contro-leuro\/","url":"https:\/\/www.rassegnastampa-totustuus.it\/cattolica\/un-saggio-di-giuseppe-guarino-contro-leuro\/","name":"Un saggio di Giuseppe Guarino contro l\u2019euro - Rassegna Stampa Cattolica","isPartOf":{"@id":"https:\/\/www.rassegnastampa-totustuus.it\/cattolica\/#website"},"primaryImageOfPage":{"@id":"https:\/\/www.rassegnastampa-totustuus.it\/cattolica\/un-saggio-di-giuseppe-guarino-contro-leuro\/#primaryimage"},"image":{"@id":"https:\/\/www.rassegnastampa-totustuus.it\/cattolica\/un-saggio-di-giuseppe-guarino-contro-leuro\/#primaryimage"},"thumbnailUrl":"https:\/\/www.rassegnastampa-totustuus.it\/cattolica\/wp-content\/uploads\/2013\/11\/euro.jpg","datePublished":"2013-11-27T23:00:00+00:00","dateModified":"2015-06-11T09:32:22+00:00","description":"Rassegna Stampa Cattolica - Per una cultura che nasce dalla Rivelazione cristiana in conformit\u00e0 alla tradizione e al Magistero della Chiesa in opposizione ad ogni relativismo e totalitarismo","breadcrumb":{"@id":"https:\/\/www.rassegnastampa-totustuus.it\/cattolica\/un-saggio-di-giuseppe-guarino-contro-leuro\/#breadcrumb"},"inLanguage":"it-IT","potentialAction":[{"@type":"ReadAction","target":["https:\/\/www.rassegnastampa-totustuus.it\/cattolica\/un-saggio-di-giuseppe-guarino-contro-leuro\/"]}]},{"@type":"ImageObject","inLanguage":"it-IT","@id":"https:\/\/www.rassegnastampa-totustuus.it\/cattolica\/un-saggio-di-giuseppe-guarino-contro-leuro\/#primaryimage","url":"https:\/\/www.rassegnastampa-totustuus.it\/cattolica\/wp-content\/uploads\/2013\/11\/euro.jpg","contentUrl":"https:\/\/www.rassegnastampa-totustuus.it\/cattolica\/wp-content\/uploads\/2013\/11\/euro.jpg","width":300,"height":168},{"@type":"BreadcrumbList","@id":"https:\/\/www.rassegnastampa-totustuus.it\/cattolica\/un-saggio-di-giuseppe-guarino-contro-leuro\/#breadcrumb","itemListElement":[{"@type":"ListItem","position":1,"name":"Home","item":"https:\/\/www.rassegnastampa-totustuus.it\/cattolica\/"},{"@type":"ListItem","position":2,"name":"Un saggio di Giuseppe Guarino contro l\u2019euro"}]},{"@type":"WebSite","@id":"https:\/\/www.rassegnastampa-totustuus.it\/cattolica\/#website","url":"https:\/\/www.rassegnastampa-totustuus.it\/cattolica\/","name":"Rassegna Stampa Cattolica","description":"Per una cultura che nasce dalla Rivelazione cristiana in conformit\u00e0 alla tradizione e al Magistero della Chiesa in opposizione ad ogni relativismo e totalitarismo","publisher":{"@id":"https:\/\/www.rassegnastampa-totustuus.it\/cattolica\/#organization"},"alternateName":"Rass. Cattolica","potentialAction":[{"@type":"SearchAction","target":{"@type":"EntryPoint","urlTemplate":"https:\/\/www.rassegnastampa-totustuus.it\/cattolica\/?s={search_term_string}"},"query-input":{"@type":"PropertyValueSpecification","valueRequired":true,"valueName":"search_term_string"}}],"inLanguage":"it-IT"},{"@type":"Organization","@id":"https:\/\/www.rassegnastampa-totustuus.it\/cattolica\/#organization","name":"Rassegna Stampa Cattolica","url":"https:\/\/www.rassegnastampa-totustuus.it\/cattolica\/","logo":{"@type":"ImageObject","inLanguage":"it-IT","@id":"https:\/\/www.rassegnastampa-totustuus.it\/cattolica\/#\/schema\/logo\/image\/","url":"https:\/\/www.rassegnastampa-totustuus.it\/cattolica\/wp-content\/uploads\/2014\/04\/logo-rassegna1.gif","contentUrl":"https:\/\/www.rassegnastampa-totustuus.it\/cattolica\/wp-content\/uploads\/2014\/04\/logo-rassegna1.gif","width":600,"height":163,"caption":"Rassegna Stampa Cattolica"},"image":{"@id":"https:\/\/www.rassegnastampa-totustuus.it\/cattolica\/#\/schema\/logo\/image\/"},"sameAs":["https:\/\/www.facebook.com\/rassegnastampacattolica","https:\/\/x.com\/rassegnastampa9"]},{"@type":"Person","@id":"https:\/\/www.rassegnastampa-totustuus.it\/cattolica\/#\/schema\/person\/08f319d2bd1a0904ad9e2bfb7b15e5c3","name":"Redazione","image":{"@type":"ImageObject","inLanguage":"it-IT","@id":"https:\/\/secure.gravatar.com\/avatar\/2fcdf27c78ea025fbdb44e914cc63c72249ffec9dc8aafd5c82b26240ef3f346?s=96&d=mm&r=g","url":"https:\/\/secure.gravatar.com\/avatar\/2fcdf27c78ea025fbdb44e914cc63c72249ffec9dc8aafd5c82b26240ef3f346?s=96&d=mm&r=g","contentUrl":"https:\/\/secure.gravatar.com\/avatar\/2fcdf27c78ea025fbdb44e914cc63c72249ffec9dc8aafd5c82b26240ef3f346?s=96&d=mm&r=g","caption":"Redazione"},"url":"https:\/\/www.rassegnastampa-totustuus.it\/cattolica\/author\/pietroelle\/"}]}},"_links":{"self":[{"href":"https:\/\/www.rassegnastampa-totustuus.it\/cattolica\/wp-json\/wp\/v2\/posts\/5808","targetHints":{"allow":["GET"]}}],"collection":[{"href":"https:\/\/www.rassegnastampa-totustuus.it\/cattolica\/wp-json\/wp\/v2\/posts"}],"about":[{"href":"https:\/\/www.rassegnastampa-totustuus.it\/cattolica\/wp-json\/wp\/v2\/types\/post"}],"author":[{"embeddable":true,"href":"https:\/\/www.rassegnastampa-totustuus.it\/cattolica\/wp-json\/wp\/v2\/users\/6"}],"replies":[{"embeddable":true,"href":"https:\/\/www.rassegnastampa-totustuus.it\/cattolica\/wp-json\/wp\/v2\/comments?post=5808"}],"version-history":[{"count":4,"href":"https:\/\/www.rassegnastampa-totustuus.it\/cattolica\/wp-json\/wp\/v2\/posts\/5808\/revisions"}],"predecessor-version":[{"id":26058,"href":"https:\/\/www.rassegnastampa-totustuus.it\/cattolica\/wp-json\/wp\/v2\/posts\/5808\/revisions\/26058"}],"wp:featuredmedia":[{"embeddable":true,"href":"https:\/\/www.rassegnastampa-totustuus.it\/cattolica\/wp-json\/wp\/v2\/media\/7107"}],"wp:attachment":[{"href":"https:\/\/www.rassegnastampa-totustuus.it\/cattolica\/wp-json\/wp\/v2\/media?parent=5808"}],"wp:term":[{"taxonomy":"category","embeddable":true,"href":"https:\/\/www.rassegnastampa-totustuus.it\/cattolica\/wp-json\/wp\/v2\/categories?post=5808"},{"taxonomy":"post_tag","embeddable":true,"href":"https:\/\/www.rassegnastampa-totustuus.it\/cattolica\/wp-json\/wp\/v2\/tags?post=5808"}],"curies":[{"name":"wp","href":"https:\/\/api.w.org\/{rel}","templated":true}]}}