{"id":57945,"date":"2023-12-05T15:11:53","date_gmt":"2023-12-05T14:11:53","guid":{"rendered":"https:\/\/www.rassegnastampa-totustuus.it\/cattolica\/?p=57945"},"modified":"2024-01-04T14:37:48","modified_gmt":"2024-01-04T13:37:48","slug":"conquistadores-in-america-del-sud-gloria-di-spagna","status":"publish","type":"post","link":"https:\/\/www.rassegnastampa-totustuus.it\/cattolica\/conquistadores-in-america-del-sud-gloria-di-spagna\/","title":{"rendered":"Conquistadores in America del Sud, gloria di Spagna"},"content":{"rendered":"<p style=\"text-align: justify;\"><span style=\"color: #000000;\"><strong><img loading=\"lazy\" decoding=\"async\" class=\" wp-image-30694 alignleft\" src=\"https:\/\/www.rassegnastampa-totustuus.it\/cattolica\/wp-content\/uploads\/2005\/08\/conquistadores.jpg\" alt=\"\" width=\"332\" height=\"218\" \/>Abstract:\u00a0 <\/strong><em>i conquistadores della Spagna in America del Sud portarono la civilt\u00e0 cristiana valorizzando e\u00a0 conservando il buono della cultura indigena. In America del Sud non ci fu alcun genocidio e la Spagna fu autrice della prima globalizzazione a partire dal Vangelo. I numeri parlano chiaro: mille ospedali, trenta universit\u00e0, un numero incalcolabile di scuole e molte confraternite sono le cifre incontestabili di autentiche e concrete opere di misericordia quotidiana.<\/em><\/span><\/p>\n<p><!--more--><\/p>\n<p style=\"text-align: center;\"><span style=\"color: #000000;\"><span style=\"color: #0000ff;\"><a style=\"color: #0000ff;\" href=\"https:\/\/www.radicicristiane.it\/\" target=\"_blank\" rel=\"noopener\"><strong>Radici Cristiane<\/strong> <\/a><\/span>n. 178 novembre-dicembre 2022 <\/span><\/p>\n<h3 style=\"text-align: center;\"><strong>Liberoamerica una conquista? No, una missione <\/strong><\/h3>\n<p style=\"text-align: justify;\"><em><span style=\"color: #000000;\">Nella cosiddetta liberoamerica non vi fu alcun etnocidio, nessuna realt\u00e0 culturale \u00e8 stata cancellata. Si \u00e8 verificato piuttosto un processo di transculturazione, durante il quale i cattolici hanno accettato e valorizzato il buono delle culture indigene, rifiutando solo quanto incompatibile col Vangelo e col diritto naturale, come il cannibalismo, la magia o i sacrifici umani. Oggi \u00e8 necessario ed urgente, per onest\u00e0 intellettuale, mostrare quante ostinate faziosit\u00e0 ed odiose menzogne vengano volutamente propalate per motivi ideologici da movimenti indigenisti, ecologisti, neomarxisti, terzomondisti, pauperisti, nonch\u00e9 dai cosiddetti cattolici progressisti<\/span>.<\/em><\/p>\n<p style=\"text-align: center;\">di <strong>Luigi Bertoldi<\/strong><\/p>\n<p style=\"text-align: justify;\"><span style=\"color: #000000;\"><img loading=\"lazy\" decoding=\"async\" class=\" wp-image-29925 alignright\" src=\"https:\/\/www.rassegnastampa-totustuus.it\/cattolica\/wp-content\/uploads\/2006\/07\/Sudamerica.jpg\" alt=\"La Spagna in America del Sud tutel\u00f2 gli indios\" width=\"295\" height=\"214\" \/>Il ruolo svolto dai missionari spagnoli nelle Americhe? Una benedizione del Signore con buona pace dell\u2019ideologia <em>woke,<\/em> delle sue teorie false e fuorvianti e dell\u2019attivismo stile <em>Black Lives Matter<\/em><\/span>.<\/p>\n<p style=\"text-align: justify;\"><span style=\"color: #000000;\">E\u2019 quanto emerso con chiarezza alla tavola rotonda sul tema \u201c<em>La prima globalizzazione a partire dal Vangelo<\/em>\u201d, svoltasi lo scorso dicembre presso la facolt\u00e0 di Teologia dell\u2019Universit\u00e0 ecclesiastica <em>San Damaso<\/em> di Madrid.<\/span><\/p>\n<h4 style=\"text-align: center;\"><span style=\"color: #000000;\"><strong>Fu evangelizzazione<\/strong><\/span><\/h4>\n<p style=\"text-align: justify;\"><span style=\"color: #000000;\">Il prof. Andr\u00e8s\u00a0 Mar\u00ecnez, docente di storia della Chiesa presso lo stesso ateneo, non ha dubbi: non si \u00e8 trattato di \u00ab<em>conquista<\/em>\u00bb, bens\u00ec di opera di \u00ab<em>evangelizzazione<\/em>\u00bb di quei territori d\u2019Oltreoceano. Bench\u00e8 perplessit\u00e0 siano state sollevate circa la genuinit\u00e0 delle intenzioni di re Ferdinando II dello \u201cil Cattolico\u201d, mosso, secondo alcuni storici, pi\u00f9 da motivi economici che religiosi, \u00ab<em>sappiamo con certezza \u2013 <\/em>ha dichiarato il docente<em> \u2013 come, nella mente di Isabella la Cattolica, vi fosse un progetto sicuramente di evangelizzazione<\/em>\u00bb, come si evince da quanto scritto nel suo testamento, dove riconosce pari dignit\u00e0 ai suoi sudditi dalla parte opposta del mondo, nonch\u00e9 dalla bolla di papa Alessandro VI, che dava ai monarchi cattolici diritto di conquista a condizione che evangelizzassero<\/span>.<\/p>\n<p style=\"text-align: justify;\">\u00ab<span style=\"color: #000000;\"><em>C\u2019\u00e8 stato chi ha detto che l\u2019evangelizzazione fosse solo una scusa<\/em>\u00bb, ha dichiarato la professoressa Maria Saavedra, docente di Storia presso l\u2019Universit\u00e0 CEU San Paolo di Madrid, ma non fu cos\u00ec e, francamente, si \u00e8 detta anche un po\u2019 \u00ab<em>annoiata<\/em>\u00bb da questa sorta di \u201cleggenda nera\u201d, fugata, pur tra luci e ombre, dai buoni e positivi frutti ottenuti proprio grazie alla presenza missionaria spagnola.<\/span><\/p>\n<h4 style=\"text-align: center;\"><span style=\"color: #000000;\"><strong>Questi frutti<\/strong><\/span><\/h4>\n<p style=\"text-align: justify;\"><span style=\"color: #000000;\"><img loading=\"lazy\" decoding=\"async\" class=\" wp-image-47712 alignleft\" src=\"https:\/\/www.rassegnastampa-totustuus.it\/cattolica\/wp-content\/uploads\/2020\/07\/sudamerica_missioni_conquistadores-300x200.jpg\" alt=\"\" width=\"380\" height=\"253\" srcset=\"https:\/\/www.rassegnastampa-totustuus.it\/cattolica\/wp-content\/uploads\/2020\/07\/sudamerica_missioni_conquistadores-300x200.jpg 300w, https:\/\/www.rassegnastampa-totustuus.it\/cattolica\/wp-content\/uploads\/2020\/07\/sudamerica_missioni_conquistadores-768x512.jpg 768w, https:\/\/www.rassegnastampa-totustuus.it\/cattolica\/wp-content\/uploads\/2020\/07\/sudamerica_missioni_conquistadores-1024x683.jpg 1024w, https:\/\/www.rassegnastampa-totustuus.it\/cattolica\/wp-content\/uploads\/2020\/07\/sudamerica_missioni_conquistadores.jpg 1500w\" sizes=\"auto, (max-width: 380px) 100vw, 380px\" \/>Quali frutti? I numeri parlano chiaro: mille ospedali, trenta universit\u00e0, un numero incalcolabile di scuole e molte confraternite sono le cifre incontestabili di autentiche e concrete opere di misericordia quotidiana. Secondo la professoressa Saavedra, di fatto, \u00ab<em>i sovrani cattolici avviarono per la prima volta\u00a0 nella Storia una vera politica indigenista<\/em>\u00bb, riconoscendo subito agli <em>indios<\/em> lo stato di sudditi della Corona di Castiglia. Si stima che, all\u2019epoca, 20mila missionari spagnoli, tra sacerdoti secolari e religiosi, abbiano fatto di tutto per annunciare Cristo ovunque, rispettando sempre la popolazione locale, le sue tradizioni ed il suo patrimonio linguistico e culturale, mai eliminato ma sempre documentato e, oggi, conservato proprio grazie al materiale prezioso raccolto dagli uomini di Chiesa, il che ha consentito i sorgere e lo svilupparsi della scienza etnografica. \u00ab<em>Non vi fu alcun etnocidio<\/em> \u2013 ha affermato la professoressa Saavedra \u2013 <em>in quanto le realt\u00e0 culturali<\/em> <em>non sono state cancellate. Si \u00e8 verificato un processo di transculturazione, durante il quale i cattolici hanno accettato e valorizzato il buono di quelle culture, rifiutando solo quanto risultasse incompatibile<\/em> <em>col Vangelo, come il cannibalismo, o la magia<\/em>\u00bb oppure i sacrifici umani. Non a caso l\u2019America plasmata dagli spagnoli \u00e8 la sola area del Continente a vantare ancora oggi una popolazione a maggioranza indigena o meticcia, altro che sterminio!<\/span><\/p>\n<h4 style=\"text-align: center;\"><strong>Basta con le ideologie!<\/strong><\/h4>\n<p style=\"text-align: justify;\"><span style=\"color: #000000;\">La professoressa Pilar Gordillo, storica dell\u2019arte e delegata per fede e cultura dell\u2019Arcidiocesi di Toledo, ha evidenziato come l\u2019ideologia <em>woke<\/em> si opponga per principio a tutto quanto sia stato fatto dalla \u201ccultura bianca\u201d, diffamandola ed accusandola persino di aver distrutto le culture indigene, il che \u00e8 totalmente faso, come mostrano i documenti originali dell\u2019epoca che comprovano come i pochi eccessi siano stati puniti in modo esemplare. Scontri si sono avuti da entrambe le parti ma, in generale, si pu\u00f2 dire che via sia stato un sostanziale rispetto per la dignit\u00e0 degli indigeni, rispetto confluito poi nella celebrazione di matrimoni misti e nella liberazione di gruppi etnici sottomessi da altre trib\u00f9 pi\u00f9 aggressive e violente. \u00ab<em>Dobbiamo essere orgoglioso del lavoro svolto dalla Spagna<\/em>\u00bb, ha commentato la professoressa Gordillo.<\/span><\/p>\n<p style=\"text-align: justify;\"><span style=\"color: #000000;\"><img loading=\"lazy\" decoding=\"async\" class=\" wp-image-44154 alignright\" src=\"https:\/\/www.rassegnastampa-totustuus.it\/cattolica\/wp-content\/uploads\/2019\/09\/Spagna_conquistadores.jpg\" alt=\"\" width=\"238\" height=\"339\" \/>Sulla stessa linea anche il prof. Jos\u00e9 Maria Calder\u00f2n, direttore nazionale delle Pontificie Opere Missionarie e direttore della cattedra di Missiologia presso l\u2019Universit\u00e0 Ecclesiastica San Damaso: \u00ab<em>Vogliamo mostrare la verit\u00e0 \u2013 <\/em>ha detto<em> \u2013 in modo che certe dottrine non continuino ad esser diffuse<\/em>\u00bb. Per questo ha annunciato di voler impegnare l\u2019intero anno accademici ad approfondire la storia dell\u2019evangelizzazione e l\u2019attivit\u00e0 missionaria svolta dalla Chiesa in America. Un proposito pi\u00f9 che opportuno per almeno due motivi. Il primo consiste nel mostrare quante ostinate faziosit\u00e0 ed odiose menzogne siano state volutamente propalate per motivi ideologici da una letteratura antispagnola ed anticattolica, iniziata nel Cinquecento negli ambienti protestanti ed ancora oggi alimentata e diffusa tramite movimenti indigenisti, ecologisti, neomarxisti, terzomondisti, pauperisti, nonch\u00e9 dai cosiddetti cattolici progressisti. Il secondo motivo consiste, invece, in positivo, nel far conoscere il patrimonio di opere concrete realizzate da<em> conquistadores<\/em> e missionari: dalle case alle chiese, dall\u2019agricoltura all\u2019allevamento, dall\u2019artigianato alle opere di carit\u00e0, dagli ospedali alle universit\u00e0, dall\u2019arte architettura, tutto a beneficio soprattutto delle popolazioni locali in una felice sintesi tra culture sotto l\u2019egida di una comune fede. Checch\u00e9 ne dicano i detrattori\u2026<\/span><\/p>\n","protected":false},"excerpt":{"rendered":"<p>Abstract:\u00a0 i conquistadores della Spagna in America del Sud portarono la civilt\u00e0 cristiana valorizzando e\u00a0 conservando il buono della cultura indigena. In America del Sud non ci fu alcun genocidio e la Spagna fu autrice della prima globalizzazione a partire dal Vangelo. I numeri parlano chiaro: mille ospedali, trenta universit\u00e0, un numero incalcolabile di scuole &hellip; <\/p>\n<p><a class=\"more-link btn\" href=\"https:\/\/www.rassegnastampa-totustuus.it\/cattolica\/conquistadores-in-america-del-sud-gloria-di-spagna\/\">Continua a leggere<\/a><\/p>\n","protected":false},"author":6,"featured_media":47037,"comment_status":"closed","ping_status":"closed","sticky":false,"template":"","format":"standard","meta":{"footnotes":""},"categories":[24],"tags":[952,562,640,162,1312],"class_list":["post-57945","post","type-post","status-publish","format-standard","has-post-thumbnail","hentry","category-storia","tag-conquistadores","tag-missioni","tag-spagna","tag-storia-2","tag-sudamerica","item-wrap"],"yoast_head":"<!-- This site is optimized with the Yoast SEO plugin v27.5 - https:\/\/yoast.com\/product\/yoast-seo-wordpress\/ -->\n<title>Conquistadores in America del Sud, gloria di Spagna - Rassegna Stampa Cattolica<\/title>\n<meta name=\"description\" content=\"i conquistadores della Spagna portarono in America del Sud la civilt\u00e0 cristiana valorizzando e\u00a0 conservando il buono della cultura indigena.\" \/>\n<meta name=\"robots\" content=\"index, follow, max-snippet:-1, max-image-preview:large, max-video-preview:-1\" \/>\n<link rel=\"canonical\" href=\"https:\/\/www.rassegnastampa-totustuus.it\/cattolica\/conquistadores-in-america-del-sud-gloria-di-spagna\/\" \/>\n<meta property=\"og:locale\" content=\"it_IT\" \/>\n<meta property=\"og:type\" content=\"article\" \/>\n<meta property=\"og:title\" content=\"Conquistadores in America del Sud, gloria di Spagna - Rassegna Stampa Cattolica\" \/>\n<meta property=\"og:description\" content=\"i conquistadores della Spagna portarono in America del Sud la civilt\u00e0 cristiana valorizzando e\u00a0 conservando il buono della cultura indigena.\" \/>\n<meta property=\"og:url\" content=\"https:\/\/www.rassegnastampa-totustuus.it\/cattolica\/conquistadores-in-america-del-sud-gloria-di-spagna\/\" \/>\n<meta property=\"og:site_name\" content=\"Rassegna Stampa Cattolica\" \/>\n<meta property=\"article:publisher\" content=\"https:\/\/www.facebook.com\/rassegnastampacattolica\" \/>\n<meta property=\"article:published_time\" content=\"2023-12-05T14:11:53+00:00\" \/>\n<meta property=\"article:modified_time\" content=\"2024-01-04T13:37:48+00:00\" \/>\n<meta property=\"og:image\" content=\"https:\/\/www.rassegnastampa-totustuus.it\/cattolica\/wp-content\/uploads\/2020\/04\/conquistador_Spagna-1024x673.jpg\" \/>\n\t<meta property=\"og:image:width\" content=\"1024\" \/>\n\t<meta property=\"og:image:height\" content=\"673\" \/>\n\t<meta property=\"og:image:type\" content=\"image\/jpeg\" \/>\n<meta name=\"author\" content=\"Redazione\" \/>\n<meta name=\"twitter:card\" content=\"summary_large_image\" \/>\n<meta name=\"twitter:creator\" content=\"@rassegnastampa9\" \/>\n<meta name=\"twitter:site\" content=\"@rassegnastampa9\" \/>\n<meta name=\"twitter:label1\" content=\"Scritto da\" \/>\n\t<meta name=\"twitter:data1\" content=\"Redazione\" \/>\n\t<meta name=\"twitter:label2\" content=\"Tempo di lettura stimato\" \/>\n\t<meta name=\"twitter:data2\" content=\"7 minuti\" \/>\n<script type=\"application\/ld+json\" class=\"yoast-schema-graph\">{\"@context\":\"https:\\\/\\\/schema.org\",\"@graph\":[{\"@type\":\"Article\",\"@id\":\"https:\\\/\\\/www.rassegnastampa-totustuus.it\\\/cattolica\\\/conquistadores-in-america-del-sud-gloria-di-spagna\\\/#article\",\"isPartOf\":{\"@id\":\"https:\\\/\\\/www.rassegnastampa-totustuus.it\\\/cattolica\\\/conquistadores-in-america-del-sud-gloria-di-spagna\\\/\"},\"author\":{\"name\":\"Redazione\",\"@id\":\"https:\\\/\\\/www.rassegnastampa-totustuus.it\\\/cattolica\\\/#\\\/schema\\\/person\\\/08f319d2bd1a0904ad9e2bfb7b15e5c3\"},\"headline\":\"Conquistadores in America del Sud, gloria di Spagna\",\"datePublished\":\"2023-12-05T14:11:53+00:00\",\"dateModified\":\"2024-01-04T13:37:48+00:00\",\"mainEntityOfPage\":{\"@id\":\"https:\\\/\\\/www.rassegnastampa-totustuus.it\\\/cattolica\\\/conquistadores-in-america-del-sud-gloria-di-spagna\\\/\"},\"wordCount\":968,\"publisher\":{\"@id\":\"https:\\\/\\\/www.rassegnastampa-totustuus.it\\\/cattolica\\\/#organization\"},\"image\":{\"@id\":\"https:\\\/\\\/www.rassegnastampa-totustuus.it\\\/cattolica\\\/conquistadores-in-america-del-sud-gloria-di-spagna\\\/#primaryimage\"},\"thumbnailUrl\":\"https:\\\/\\\/www.rassegnastampa-totustuus.it\\\/cattolica\\\/wp-content\\\/uploads\\\/2020\\\/04\\\/conquistador_Spagna.jpg\",\"keywords\":[\"Conquistadores\",\"missioni\",\"Spagna\",\"storia\",\"Sudamerica\"],\"articleSection\":[\"Storia\"],\"inLanguage\":\"it-IT\"},{\"@type\":\"WebPage\",\"@id\":\"https:\\\/\\\/www.rassegnastampa-totustuus.it\\\/cattolica\\\/conquistadores-in-america-del-sud-gloria-di-spagna\\\/\",\"url\":\"https:\\\/\\\/www.rassegnastampa-totustuus.it\\\/cattolica\\\/conquistadores-in-america-del-sud-gloria-di-spagna\\\/\",\"name\":\"Conquistadores in America del Sud, gloria di Spagna - Rassegna Stampa Cattolica\",\"isPartOf\":{\"@id\":\"https:\\\/\\\/www.rassegnastampa-totustuus.it\\\/cattolica\\\/#website\"},\"primaryImageOfPage\":{\"@id\":\"https:\\\/\\\/www.rassegnastampa-totustuus.it\\\/cattolica\\\/conquistadores-in-america-del-sud-gloria-di-spagna\\\/#primaryimage\"},\"image\":{\"@id\":\"https:\\\/\\\/www.rassegnastampa-totustuus.it\\\/cattolica\\\/conquistadores-in-america-del-sud-gloria-di-spagna\\\/#primaryimage\"},\"thumbnailUrl\":\"https:\\\/\\\/www.rassegnastampa-totustuus.it\\\/cattolica\\\/wp-content\\\/uploads\\\/2020\\\/04\\\/conquistador_Spagna.jpg\",\"datePublished\":\"2023-12-05T14:11:53+00:00\",\"dateModified\":\"2024-01-04T13:37:48+00:00\",\"description\":\"i conquistadores della Spagna portarono in America del Sud la civilt\u00e0 cristiana valorizzando e\u00a0 conservando il buono della cultura indigena.\",\"breadcrumb\":{\"@id\":\"https:\\\/\\\/www.rassegnastampa-totustuus.it\\\/cattolica\\\/conquistadores-in-america-del-sud-gloria-di-spagna\\\/#breadcrumb\"},\"inLanguage\":\"it-IT\",\"potentialAction\":[{\"@type\":\"ReadAction\",\"target\":[\"https:\\\/\\\/www.rassegnastampa-totustuus.it\\\/cattolica\\\/conquistadores-in-america-del-sud-gloria-di-spagna\\\/\"]}]},{\"@type\":\"ImageObject\",\"inLanguage\":\"it-IT\",\"@id\":\"https:\\\/\\\/www.rassegnastampa-totustuus.it\\\/cattolica\\\/conquistadores-in-america-del-sud-gloria-di-spagna\\\/#primaryimage\",\"url\":\"https:\\\/\\\/www.rassegnastampa-totustuus.it\\\/cattolica\\\/wp-content\\\/uploads\\\/2020\\\/04\\\/conquistador_Spagna.jpg\",\"contentUrl\":\"https:\\\/\\\/www.rassegnastampa-totustuus.it\\\/cattolica\\\/wp-content\\\/uploads\\\/2020\\\/04\\\/conquistador_Spagna.jpg\",\"width\":3000,\"height\":1971,\"caption\":\"i conquistadores per l'America del Sud furono una benedizione\"},{\"@type\":\"BreadcrumbList\",\"@id\":\"https:\\\/\\\/www.rassegnastampa-totustuus.it\\\/cattolica\\\/conquistadores-in-america-del-sud-gloria-di-spagna\\\/#breadcrumb\",\"itemListElement\":[{\"@type\":\"ListItem\",\"position\":1,\"name\":\"Home\",\"item\":\"https:\\\/\\\/www.rassegnastampa-totustuus.it\\\/cattolica\\\/\"},{\"@type\":\"ListItem\",\"position\":2,\"name\":\"Conquistadores in America del Sud, gloria di Spagna\"}]},{\"@type\":\"WebSite\",\"@id\":\"https:\\\/\\\/www.rassegnastampa-totustuus.it\\\/cattolica\\\/#website\",\"url\":\"https:\\\/\\\/www.rassegnastampa-totustuus.it\\\/cattolica\\\/\",\"name\":\"Rassegna Stampa Cattolica\",\"description\":\"Per una cultura che nasce dalla Rivelazione cristiana in conformit\u00e0 alla tradizione e al Magistero della Chiesa in opposizione ad ogni relativismo e totalitarismo\",\"publisher\":{\"@id\":\"https:\\\/\\\/www.rassegnastampa-totustuus.it\\\/cattolica\\\/#organization\"},\"alternateName\":\"Rass. Cattolica\",\"potentialAction\":[{\"@type\":\"SearchAction\",\"target\":{\"@type\":\"EntryPoint\",\"urlTemplate\":\"https:\\\/\\\/www.rassegnastampa-totustuus.it\\\/cattolica\\\/?s={search_term_string}\"},\"query-input\":{\"@type\":\"PropertyValueSpecification\",\"valueRequired\":true,\"valueName\":\"search_term_string\"}}],\"inLanguage\":\"it-IT\"},{\"@type\":\"Organization\",\"@id\":\"https:\\\/\\\/www.rassegnastampa-totustuus.it\\\/cattolica\\\/#organization\",\"name\":\"Rassegna Stampa Cattolica\",\"url\":\"https:\\\/\\\/www.rassegnastampa-totustuus.it\\\/cattolica\\\/\",\"logo\":{\"@type\":\"ImageObject\",\"inLanguage\":\"it-IT\",\"@id\":\"https:\\\/\\\/www.rassegnastampa-totustuus.it\\\/cattolica\\\/#\\\/schema\\\/logo\\\/image\\\/\",\"url\":\"https:\\\/\\\/www.rassegnastampa-totustuus.it\\\/cattolica\\\/wp-content\\\/uploads\\\/2014\\\/04\\\/logo-rassegna1.gif\",\"contentUrl\":\"https:\\\/\\\/www.rassegnastampa-totustuus.it\\\/cattolica\\\/wp-content\\\/uploads\\\/2014\\\/04\\\/logo-rassegna1.gif\",\"width\":600,\"height\":163,\"caption\":\"Rassegna Stampa Cattolica\"},\"image\":{\"@id\":\"https:\\\/\\\/www.rassegnastampa-totustuus.it\\\/cattolica\\\/#\\\/schema\\\/logo\\\/image\\\/\"},\"sameAs\":[\"https:\\\/\\\/www.facebook.com\\\/rassegnastampacattolica\",\"https:\\\/\\\/x.com\\\/rassegnastampa9\"]},{\"@type\":\"Person\",\"@id\":\"https:\\\/\\\/www.rassegnastampa-totustuus.it\\\/cattolica\\\/#\\\/schema\\\/person\\\/08f319d2bd1a0904ad9e2bfb7b15e5c3\",\"name\":\"Redazione\",\"image\":{\"@type\":\"ImageObject\",\"inLanguage\":\"it-IT\",\"@id\":\"https:\\\/\\\/secure.gravatar.com\\\/avatar\\\/2fcdf27c78ea025fbdb44e914cc63c72249ffec9dc8aafd5c82b26240ef3f346?s=96&d=mm&r=g\",\"url\":\"https:\\\/\\\/secure.gravatar.com\\\/avatar\\\/2fcdf27c78ea025fbdb44e914cc63c72249ffec9dc8aafd5c82b26240ef3f346?s=96&d=mm&r=g\",\"contentUrl\":\"https:\\\/\\\/secure.gravatar.com\\\/avatar\\\/2fcdf27c78ea025fbdb44e914cc63c72249ffec9dc8aafd5c82b26240ef3f346?s=96&d=mm&r=g\",\"caption\":\"Redazione\"},\"url\":\"https:\\\/\\\/www.rassegnastampa-totustuus.it\\\/cattolica\\\/author\\\/pietroelle\\\/\"}]}<\/script>\n<!-- \/ Yoast SEO plugin. -->","yoast_head_json":{"title":"Conquistadores in America del Sud, gloria di Spagna - Rassegna Stampa Cattolica","description":"i conquistadores della Spagna portarono in America del Sud la civilt\u00e0 cristiana valorizzando e\u00a0 conservando il buono della cultura indigena.","robots":{"index":"index","follow":"follow","max-snippet":"max-snippet:-1","max-image-preview":"max-image-preview:large","max-video-preview":"max-video-preview:-1"},"canonical":"https:\/\/www.rassegnastampa-totustuus.it\/cattolica\/conquistadores-in-america-del-sud-gloria-di-spagna\/","og_locale":"it_IT","og_type":"article","og_title":"Conquistadores in America del Sud, gloria di Spagna - Rassegna Stampa Cattolica","og_description":"i conquistadores della Spagna portarono in America del Sud la civilt\u00e0 cristiana valorizzando e\u00a0 conservando il buono della cultura indigena.","og_url":"https:\/\/www.rassegnastampa-totustuus.it\/cattolica\/conquistadores-in-america-del-sud-gloria-di-spagna\/","og_site_name":"Rassegna Stampa Cattolica","article_publisher":"https:\/\/www.facebook.com\/rassegnastampacattolica","article_published_time":"2023-12-05T14:11:53+00:00","article_modified_time":"2024-01-04T13:37:48+00:00","og_image":[{"width":1024,"height":673,"url":"https:\/\/www.rassegnastampa-totustuus.it\/cattolica\/wp-content\/uploads\/2020\/04\/conquistador_Spagna-1024x673.jpg","type":"image\/jpeg"}],"author":"Redazione","twitter_card":"summary_large_image","twitter_creator":"@rassegnastampa9","twitter_site":"@rassegnastampa9","twitter_misc":{"Scritto da":"Redazione","Tempo di lettura stimato":"7 minuti"},"schema":{"@context":"https:\/\/schema.org","@graph":[{"@type":"Article","@id":"https:\/\/www.rassegnastampa-totustuus.it\/cattolica\/conquistadores-in-america-del-sud-gloria-di-spagna\/#article","isPartOf":{"@id":"https:\/\/www.rassegnastampa-totustuus.it\/cattolica\/conquistadores-in-america-del-sud-gloria-di-spagna\/"},"author":{"name":"Redazione","@id":"https:\/\/www.rassegnastampa-totustuus.it\/cattolica\/#\/schema\/person\/08f319d2bd1a0904ad9e2bfb7b15e5c3"},"headline":"Conquistadores in America del Sud, gloria di Spagna","datePublished":"2023-12-05T14:11:53+00:00","dateModified":"2024-01-04T13:37:48+00:00","mainEntityOfPage":{"@id":"https:\/\/www.rassegnastampa-totustuus.it\/cattolica\/conquistadores-in-america-del-sud-gloria-di-spagna\/"},"wordCount":968,"publisher":{"@id":"https:\/\/www.rassegnastampa-totustuus.it\/cattolica\/#organization"},"image":{"@id":"https:\/\/www.rassegnastampa-totustuus.it\/cattolica\/conquistadores-in-america-del-sud-gloria-di-spagna\/#primaryimage"},"thumbnailUrl":"https:\/\/www.rassegnastampa-totustuus.it\/cattolica\/wp-content\/uploads\/2020\/04\/conquistador_Spagna.jpg","keywords":["Conquistadores","missioni","Spagna","storia","Sudamerica"],"articleSection":["Storia"],"inLanguage":"it-IT"},{"@type":"WebPage","@id":"https:\/\/www.rassegnastampa-totustuus.it\/cattolica\/conquistadores-in-america-del-sud-gloria-di-spagna\/","url":"https:\/\/www.rassegnastampa-totustuus.it\/cattolica\/conquistadores-in-america-del-sud-gloria-di-spagna\/","name":"Conquistadores in America del Sud, gloria di Spagna - Rassegna Stampa Cattolica","isPartOf":{"@id":"https:\/\/www.rassegnastampa-totustuus.it\/cattolica\/#website"},"primaryImageOfPage":{"@id":"https:\/\/www.rassegnastampa-totustuus.it\/cattolica\/conquistadores-in-america-del-sud-gloria-di-spagna\/#primaryimage"},"image":{"@id":"https:\/\/www.rassegnastampa-totustuus.it\/cattolica\/conquistadores-in-america-del-sud-gloria-di-spagna\/#primaryimage"},"thumbnailUrl":"https:\/\/www.rassegnastampa-totustuus.it\/cattolica\/wp-content\/uploads\/2020\/04\/conquistador_Spagna.jpg","datePublished":"2023-12-05T14:11:53+00:00","dateModified":"2024-01-04T13:37:48+00:00","description":"i conquistadores della Spagna portarono in America del Sud la civilt\u00e0 cristiana valorizzando e\u00a0 conservando il buono della cultura indigena.","breadcrumb":{"@id":"https:\/\/www.rassegnastampa-totustuus.it\/cattolica\/conquistadores-in-america-del-sud-gloria-di-spagna\/#breadcrumb"},"inLanguage":"it-IT","potentialAction":[{"@type":"ReadAction","target":["https:\/\/www.rassegnastampa-totustuus.it\/cattolica\/conquistadores-in-america-del-sud-gloria-di-spagna\/"]}]},{"@type":"ImageObject","inLanguage":"it-IT","@id":"https:\/\/www.rassegnastampa-totustuus.it\/cattolica\/conquistadores-in-america-del-sud-gloria-di-spagna\/#primaryimage","url":"https:\/\/www.rassegnastampa-totustuus.it\/cattolica\/wp-content\/uploads\/2020\/04\/conquistador_Spagna.jpg","contentUrl":"https:\/\/www.rassegnastampa-totustuus.it\/cattolica\/wp-content\/uploads\/2020\/04\/conquistador_Spagna.jpg","width":3000,"height":1971,"caption":"i conquistadores per l'America del Sud furono una benedizione"},{"@type":"BreadcrumbList","@id":"https:\/\/www.rassegnastampa-totustuus.it\/cattolica\/conquistadores-in-america-del-sud-gloria-di-spagna\/#breadcrumb","itemListElement":[{"@type":"ListItem","position":1,"name":"Home","item":"https:\/\/www.rassegnastampa-totustuus.it\/cattolica\/"},{"@type":"ListItem","position":2,"name":"Conquistadores in America del Sud, gloria di Spagna"}]},{"@type":"WebSite","@id":"https:\/\/www.rassegnastampa-totustuus.it\/cattolica\/#website","url":"https:\/\/www.rassegnastampa-totustuus.it\/cattolica\/","name":"Rassegna Stampa Cattolica","description":"Per una cultura che nasce dalla Rivelazione cristiana in conformit\u00e0 alla tradizione e al Magistero della Chiesa in opposizione ad ogni relativismo e totalitarismo","publisher":{"@id":"https:\/\/www.rassegnastampa-totustuus.it\/cattolica\/#organization"},"alternateName":"Rass. Cattolica","potentialAction":[{"@type":"SearchAction","target":{"@type":"EntryPoint","urlTemplate":"https:\/\/www.rassegnastampa-totustuus.it\/cattolica\/?s={search_term_string}"},"query-input":{"@type":"PropertyValueSpecification","valueRequired":true,"valueName":"search_term_string"}}],"inLanguage":"it-IT"},{"@type":"Organization","@id":"https:\/\/www.rassegnastampa-totustuus.it\/cattolica\/#organization","name":"Rassegna Stampa Cattolica","url":"https:\/\/www.rassegnastampa-totustuus.it\/cattolica\/","logo":{"@type":"ImageObject","inLanguage":"it-IT","@id":"https:\/\/www.rassegnastampa-totustuus.it\/cattolica\/#\/schema\/logo\/image\/","url":"https:\/\/www.rassegnastampa-totustuus.it\/cattolica\/wp-content\/uploads\/2014\/04\/logo-rassegna1.gif","contentUrl":"https:\/\/www.rassegnastampa-totustuus.it\/cattolica\/wp-content\/uploads\/2014\/04\/logo-rassegna1.gif","width":600,"height":163,"caption":"Rassegna Stampa Cattolica"},"image":{"@id":"https:\/\/www.rassegnastampa-totustuus.it\/cattolica\/#\/schema\/logo\/image\/"},"sameAs":["https:\/\/www.facebook.com\/rassegnastampacattolica","https:\/\/x.com\/rassegnastampa9"]},{"@type":"Person","@id":"https:\/\/www.rassegnastampa-totustuus.it\/cattolica\/#\/schema\/person\/08f319d2bd1a0904ad9e2bfb7b15e5c3","name":"Redazione","image":{"@type":"ImageObject","inLanguage":"it-IT","@id":"https:\/\/secure.gravatar.com\/avatar\/2fcdf27c78ea025fbdb44e914cc63c72249ffec9dc8aafd5c82b26240ef3f346?s=96&d=mm&r=g","url":"https:\/\/secure.gravatar.com\/avatar\/2fcdf27c78ea025fbdb44e914cc63c72249ffec9dc8aafd5c82b26240ef3f346?s=96&d=mm&r=g","contentUrl":"https:\/\/secure.gravatar.com\/avatar\/2fcdf27c78ea025fbdb44e914cc63c72249ffec9dc8aafd5c82b26240ef3f346?s=96&d=mm&r=g","caption":"Redazione"},"url":"https:\/\/www.rassegnastampa-totustuus.it\/cattolica\/author\/pietroelle\/"}]}},"_links":{"self":[{"href":"https:\/\/www.rassegnastampa-totustuus.it\/cattolica\/wp-json\/wp\/v2\/posts\/57945","targetHints":{"allow":["GET"]}}],"collection":[{"href":"https:\/\/www.rassegnastampa-totustuus.it\/cattolica\/wp-json\/wp\/v2\/posts"}],"about":[{"href":"https:\/\/www.rassegnastampa-totustuus.it\/cattolica\/wp-json\/wp\/v2\/types\/post"}],"author":[{"embeddable":true,"href":"https:\/\/www.rassegnastampa-totustuus.it\/cattolica\/wp-json\/wp\/v2\/users\/6"}],"replies":[{"embeddable":true,"href":"https:\/\/www.rassegnastampa-totustuus.it\/cattolica\/wp-json\/wp\/v2\/comments?post=57945"}],"version-history":[{"count":3,"href":"https:\/\/www.rassegnastampa-totustuus.it\/cattolica\/wp-json\/wp\/v2\/posts\/57945\/revisions"}],"predecessor-version":[{"id":58646,"href":"https:\/\/www.rassegnastampa-totustuus.it\/cattolica\/wp-json\/wp\/v2\/posts\/57945\/revisions\/58646"}],"wp:featuredmedia":[{"embeddable":true,"href":"https:\/\/www.rassegnastampa-totustuus.it\/cattolica\/wp-json\/wp\/v2\/media\/47037"}],"wp:attachment":[{"href":"https:\/\/www.rassegnastampa-totustuus.it\/cattolica\/wp-json\/wp\/v2\/media?parent=57945"}],"wp:term":[{"taxonomy":"category","embeddable":true,"href":"https:\/\/www.rassegnastampa-totustuus.it\/cattolica\/wp-json\/wp\/v2\/categories?post=57945"},{"taxonomy":"post_tag","embeddable":true,"href":"https:\/\/www.rassegnastampa-totustuus.it\/cattolica\/wp-json\/wp\/v2\/tags?post=57945"}],"curies":[{"name":"wp","href":"https:\/\/api.w.org\/{rel}","templated":true}]}}