{"id":57942,"date":"2023-12-13T00:00:00","date_gmt":"2023-12-12T23:00:00","guid":{"rendered":"https:\/\/www.rassegnastampa-totustuus.it\/cattolica\/?p=57942"},"modified":"2024-01-04T14:31:45","modified_gmt":"2024-01-04T13:31:45","slug":"immigrazione-usata-come-arma","status":"publish","type":"post","link":"https:\/\/www.rassegnastampa-totustuus.it\/cattolica\/immigrazione-usata-come-arma\/","title":{"rendered":"Immigrazione usata come arma"},"content":{"rendered":"<p><strong><span style=\"color: #000000;\"><img loading=\"lazy\" decoding=\"async\" class=\"size-full wp-image-43331 alignleft\" src=\"https:\/\/www.rassegnastampa-totustuus.it\/cattolica\/wp-content\/uploads\/2019\/06\/navi_Ong_immigrazione.jpg\" alt=\"immigrazione arma di ricatto\" width=\"290\" height=\"174\" \/><\/span><\/strong><\/p>\n<p style=\"text-align: justify;\"><strong>Abstract:<\/strong> <em style=\"color: #000000; font-size: revert;\">l&#8217;immigrazione usata come arma di ricatto; \u00e8<\/em> la tesi che la professoressa americana<span style=\"color: #000000; font-size: revert;\"> Kelly M. Greenhill sviluppa in un suo libro nel quale ha esaminato 100 casi dal 1951 al 2010 riscontrando che il ricatto di invadere un paese di profughi e\u00a0 immigrati quasi sempre ottiene lo scopo<\/span><\/p>\n<p><!--more--><\/p>\n<p style=\"text-align: center;\"><span style=\"color: #000000;\"><strong><a style=\"color: #000000;\" href=\"https:\/\/www.iltimone.org\/\" target=\"_blank\" rel=\"noopener\"><span style=\"color: #0000ff;\">Il Timone<\/span><\/a><\/strong> n. 233 novembre 2023 <\/span><\/p>\n<h3 style=\"text-align: center;\"><span style=\"color: #000000;\"><strong>Le partenze di massa usate come ricatto gi\u00e0 in 100 casi<\/strong> <\/span><\/h3>\n<p><span style=\"color: #000000;\">I<em> fenomeni migratori? Altro che spontanei, spesso sono usati per condizionare gli Stati. E\u2019 a tesi controcorrente della politologa Kelly M. Greenhill. Il Timone l\u2019ha intervistata in esclusiva<\/em> <\/span><\/p>\n<p style=\"text-align: center;\"><span style=\"color: #000000;\">di <strong>Giuliano Guzzo<\/strong><\/span><\/p>\n<p style=\"text-align: justify;\"><span style=\"color: #000000;\"><img loading=\"lazy\" decoding=\"async\" class=\"size-full wp-image-57943 alignright\" src=\"https:\/\/www.rassegnastampa-totustuus.it\/cattolica\/wp-content\/uploads\/2023\/12\/Kelly_Greenhill_cover.jpg\" alt=\"il libro di Kelly Greenhill\" width=\"184\" height=\"288\" \/>I flussi migratori? Fenomeni naturali, che ci sono sempre stati e quindi inevitabili. E\u2019 il tormentone progressista per giustificare non solo partenze e arrivi di massa, potenzialmente illimitati, a anche la visione di un mondo senza frontiere e, in definitiva, senza identit\u00e0 e senza tradizioni. C\u2019\u00e8 per\u00f2 chi contesta questa lettura del fenomeno dell\u2019immigrazione, facendo presente come essa \u2013 pi\u00f9 che spontanea \u2013 sia non di rado \u201cspintanea\u201d, vale a dire\u00a0 incoraggiata con chiare finalit\u00e0 di pressione o ricatto politico. A formulare questa tesi controcorrente, second cui i flussi migratori possono essere addirittura essere \u00abarmi\u00bb, \u00e8 la studiosa Kelly M. Greenhill, 53 anni, che l\u2019ha messa nero su bianco nel suo libro\u00a0 del 2010 <span style=\"color: #0000ff;\"><em><a style=\"color: #0000ff;\" href=\"https:\/\/www.cornellpress.cornell.edu\/book\/9781501704369\/weapons-of-mass-migration\/\" target=\"_blank\" rel=\"noopener\">Weapons of mass migration<\/a><\/em><\/span> (<em>Armi di migrazione di massa<\/em>). Pi\u00f9 precisamente, l\u2019accademica, che insegna alla Tuft University ed \u00e8 ricercatrice presso l\u2019Harvard Kennedy School, segnala l\u2019esistenza, parole sue, di \u00abmigrazioni pianificate strategicamente\u00bb, cio\u00e8 quelle \u00abdeliberatamente create, manipolate o semplicemente minacciate al servizio di obiettivi politici, economici o militari nazionali e\/o internazionali\u00bb. Solo dal 1951 al 2010 la Geenhill ha individuato 56 casi di queste migrazioni, progettate per lo pi\u00f9 da Stati, ma non solo.<\/span><\/p>\n<p style=\"text-align: justify;\"><span style=\"color: #000000;\">C\u2019\u00e8 di pi\u00f9: la ricercatrice ha scoperto come nel 57% di questi casi i fautori delle \u00abmigrazioni pianificate\u00bb hanno ottenuto tutti i loro scopi, o ameno alcuni in quasi il 75% dei casi. Si tratta insomma di una strategia molto diffusa \u2013 Greenhill la definisce \u00abin uso da secoli\u00bb &#8211; e sulla quale ci sono anche curiosi aneddoti. Che sono ben riassunti, in quanto, nella sua storica visita in Cina, Richard Nixon si sent\u00ec dire da Mao, dopo che aveva chiesto pi\u00f9 libert\u00e0 di movimento per i cittadini della Repubblica popolare: \u00abSe noi apriamo le frontiere, voi siete disposti ad accollarvi 200 o 300 milioni di cinesi?\u00bb. Non risulta Nixon abbia replicato alcunch\u00e9. Noi per\u00f2, senza con questo sposare alcun complottismo, dobbiamo almeno interrogarci \u2013 sullo stimolo dell\u2019indagine di Kelly Greenhill, che nella primavera 2022 ha rilanciato a sua tesi sulle colonne della prestigiosa rivista <em>Foreign Affairs<\/em> (e che si accinge a pubblicare una nuova edizione del suo libro) \u2013 sulla grande ondata di immigrati in arrivo sulle coste italiane ed europee. Il modo migliore per farlo \u00e8 sentire direttamente lei, la Greenhill. Per questo <em>Il Timone<\/em> l\u2019ha contattata<\/span>.<\/p>\n<p style=\"text-align: justify;\"><span style=\"color: #000000;\"><strong>Professoressa, lei ha studiato pi\u00f9 di cinquanta casi di flussi migratori dal 1953 fino al recente passato, con particolari approfondimenti dedicati a eventi paradigmatici, da Cuba al Kosovo, da Haiti alla Corea. Che cos\u2019hanno in comune questi casi e che insegnano?<\/strong><\/span><\/p>\n<p style=\"text-align: justify;\"><span style=\"color: #000000;\"><img loading=\"lazy\" decoding=\"async\" class=\" wp-image-40728 alignleft\" src=\"https:\/\/www.rassegnastampa-totustuus.it\/cattolica\/wp-content\/uploads\/2018\/07\/immigraz_navi_Ong-300x168.jpg\" alt=\"Quale ruolo delle Ong nelle migrazioni di massa?\" width=\"402\" height=\"225\" \/>\u00abCome mostrer\u00f2 nell\u2019imminente seconda edizione del mio libro, nel 2023 l numero dei casi si \u00e8 tragicamente avvicinato a 100 a partire dal 1953. Quello che hanno in comune questi casi, accaduti in varie parti del mondo e tutti piuttosto diversi tra loro, \u00e8 che rappresentano il tentativo di usare immigrazione ed emigrazione per ottenere concessioni politiche, militari e\/o economiche dagli stati di destinazione. L\u2019enorme differenza geografica, temporale e di destinazione mostrano quanto questo strumento pu\u00f2 essere efficace se gli Stati di destinazione sono discordi su come gestire i potenziali spostamenti delle persone. Se una popolazione \u00e8 unita o in modo favorevole , o in modo contrario a un gruppo di profughi, indipendentemente dalle dimensioni di tale gruppo, una efficace coercizione tramite l\u2019uso di persone rese oggetto della migrazione \u00e8 difficile. Tuttavia, se una societ\u00e0 \u00e8 divisa tra quelli che vogliono dare rifugio o assimilazione e quelli che vi si oppongono, i politici possono trovarsi in trappola e in una posizione impossibile. In circostanze del genere, offrire concessioni ai coercitori per far scomparire il \u201cproblema\u201d pu\u00f2 diventare piuttosto convincente\u00bb.<\/span><\/p>\n<p style=\"text-align: justify;\"><span style=\"color: #000000;\"><strong>Si poterebbe dire che i grandi numeri di rifugiati rappresentino una minaccia usata da entit\u00e0 politiche per perseguire i propri obiettivi?<\/strong><\/span><\/p>\n<p style=\"text-align: justify;\"><span style=\"color: #000000;\"><img loading=\"lazy\" decoding=\"async\" class=\" wp-image-37801 alignright\" src=\"https:\/\/www.rassegnastampa-totustuus.it\/cattolica\/wp-content\/uploads\/2017\/05\/migrazioni-300x168.jpg\" alt=\"\" width=\"388\" height=\"217\" \/>\u00abA eccezione di un numero ristretto di agenti nefasti che potrebbero inserirsi negli spostamenti di popolazioni, i profughi \u2013 siano essi rifugiati o migranti \u2013 non sono una minaccia di per s\u00e9. Anzi, a dire il vero spesso quelli che fuggono per salvare le proprie vite, sono i pi\u00f9 vulnerabili tra noi. Tuttavia, se le popolazioni degli Stati di destinazione vedono i profughi come una minaccia economica, politica e\/o sociale \u2013 uno stato di affari relativamente comune \u2013 allora dei movimenti di persone attraverso i confini, effettivi o semplicemente minacciati, possono fungere da effettivi strumenti di coercizione. Come ho fatto notare sopra, in tali circostanze, di fronte ad un flusso in entrata effettivo o potenziale, i responsabili politici possono sentirsi obbligati a cedere alle richieste dei coercitori per far scomparire la minaccia. E\u2019 degno di nota il fatto che le richieste dei coercitori possono essere economiche e militari, oltre che politiche, e che le dimensioni del movimento migratorio minacciato sono meno importanti dell\u2019identit\u00e0 raziale, etnica o religiosa del gruppo di profughi. Sicuramente, i costi necessari a ospitare, prendersi cura e assimilare grandi numeri di profughi possono essere piuttosto alti e possono significativamente mettere alla prova una societ\u00e0. Il fatto che alcuni Stati e alcune comunit\u00e0 sopportino costi maggiori rispetto ad altre va a esacerbare queste sfide, ad aumentare il risentimento e a fomentare una crescente ostilit\u00e0 e resistenza contro migranti e rifugati\u00bb.<\/span><\/p>\n<p style=\"text-align: justify;\"><span style=\"color: #000000;\"><strong>Succede anche oggi nel Mediterraneo?<\/strong><\/span><\/p>\n<p style=\"text-align: justify;\"><span style=\"color: #000000;\">\u00abAl momento non ho accesso a sufficienti dati affidabili in tempo reale per darle una risposta sullo stato di cose nel Mediterraneo oggi. Di certo, ultimamente sono state mosse molte accuse di uso delle migrazioni come arma, visto che il numero degli arrivi \u00e8 cresciuto in modo apprezzabile ma, al momento in cui scrivo, non ho ancora visto prove concrete a sostegno di queste accuse\u00bb<\/span>.<\/p>\n<p style=\"text-align: justify;\"><strong>Come possiamo difendere allo stesso tempo le persone costrette a fuggire dalle loro terre e le nazioni che vedono questi movimenti come una minaccia alla loro sicurezza, alla loro identit\u00e0 e alle loro risorse?<\/strong><\/p>\n<p style=\"text-align: justify;\">\u00abQuesta \u00e8 una sfida fondamentale e critica, specialmente in un momento in cui pi\u00f9 di 100 milioni di persone sono strappate alle loro case contro la propria volont\u00e0, con altre che possibilmente verranno presto, e in un momento in cui un numero straordinariamente alto di persone vede le migrazioni come una minaccia. Il fatto che i costi relativi alle migrazioni di massa siano distribuiti asimmetricamente non aiuta certo le cose,<\/p>\n<p style=\"text-align: center;\">____________________<\/p>\n<h4 style=\"text-align: center;\"><strong>5 milioni di migranti entro il 2030<\/strong><\/h4>\n<p style=\"text-align: justify;\"><span style=\"color: #000000;\">Quanti migranti sono in arrivo in Europa? Nel 2021<\/span> il <span style=\"color: #0000ff;\"><a style=\"color: #0000ff;\" href=\"https:\/\/www.wiiw.ac.at\/\" target=\"_blank\" rel=\"noopener\">Vienna Institute for International Economic Studies<\/a> <\/span><span style=\"color: #000000;\">aveva elaborato una stima affermando che \u00abl\u2019immigrazione aumenter\u00e0 nel nuovo decennio, soprattutto dall\u2019Africa e dal Medio Oriente\u00bb. A tal proposito \u2013 sulla base di quanto gi\u00e0 avvenuto tra il 1995 e il 2020 \u2013 sono stati elaborati tre possibili scenari, secondo cui entro il 2030 arriveranno nel Vecchio Continente da 2,9 a 4,7 milioni di stranieri (3,4 nell\u2019ipotesi moderata). Considerando che solo in Italia in tutto il 2021 sono sbarcati 67.040 migranti, e che dal 1 gennaio al 10 ottobre di quest\u2019anno ne sono gi\u00e0 arrivati 138.172 (+186% rispetto al dato, nello stesso periodo, del 2021), si pu\u00f2 immaginare \u2013 anche alla luce delle guerre in corso \u2013 come lo scenario pi\u00f9 drammatico delle previsioni viennesi sia concreto, e che davvero entro il 2030 si possano raggiungere, in Europa, i 5 milioni di arrivi.<\/span><\/p>\n","protected":false},"excerpt":{"rendered":"<p>Abstract: l&#8217;immigrazione usata come arma di ricatto; \u00e8 la tesi che la professoressa americana Kelly M. Greenhill sviluppa in un suo libro nel quale ha esaminato 100 casi dal 1951 al 2010 riscontrando che il ricatto di invadere un paese di profughi e\u00a0 immigrati quasi sempre ottiene lo scopo<\/p><p><a class=\"more-link btn\" href=\"https:\/\/www.rassegnastampa-totustuus.it\/cattolica\/immigrazione-usata-come-arma\/\">Continua a leggere<\/a><\/p>\n","protected":false},"author":6,"featured_media":43331,"comment_status":"closed","ping_status":"closed","sticky":false,"template":"","format":"standard","meta":{"footnotes":""},"categories":[38],"tags":[2392],"class_list":["post-57942","post","type-post","status-publish","format-standard","has-post-thumbnail","hentry","category-immigrazione","tag-immigrazione","item-wrap"],"yoast_head":"<!-- This site is optimized with the Yoast SEO plugin v27.5 - https:\/\/yoast.com\/product\/yoast-seo-wordpress\/ -->\n<title>Immigrazione usata come arma - Rassegna Stampa Cattolica<\/title>\n<meta name=\"description\" content=\"Immigrazione usata come arma, \u00e8 la tesi della professoressa Kelly M. Greenhill che qui spiega come i ricatti ottengono quasi sempre lo scopo\" \/>\n<meta name=\"robots\" content=\"index, follow, max-snippet:-1, max-image-preview:large, max-video-preview:-1\" \/>\n<link rel=\"canonical\" href=\"https:\/\/www.rassegnastampa-totustuus.it\/cattolica\/immigrazione-usata-come-arma\/\" \/>\n<meta property=\"og:locale\" content=\"it_IT\" \/>\n<meta property=\"og:type\" content=\"article\" \/>\n<meta property=\"og:title\" content=\"Immigrazione usata come arma - Rassegna Stampa Cattolica\" \/>\n<meta property=\"og:description\" content=\"Immigrazione usata come arma, \u00e8 la tesi della professoressa Kelly M. Greenhill che qui spiega come i ricatti ottengono quasi sempre lo scopo\" \/>\n<meta property=\"og:url\" content=\"https:\/\/www.rassegnastampa-totustuus.it\/cattolica\/immigrazione-usata-come-arma\/\" \/>\n<meta property=\"og:site_name\" content=\"Rassegna Stampa Cattolica\" \/>\n<meta property=\"article:publisher\" content=\"https:\/\/www.facebook.com\/rassegnastampacattolica\" \/>\n<meta property=\"article:published_time\" content=\"2023-12-12T23:00:00+00:00\" \/>\n<meta property=\"article:modified_time\" content=\"2024-01-04T13:31:45+00:00\" \/>\n<meta property=\"og:image\" content=\"https:\/\/www.rassegnastampa-totustuus.it\/cattolica\/wp-content\/uploads\/2019\/06\/navi_Ong_immigrazione.jpg\" \/>\n\t<meta property=\"og:image:width\" content=\"290\" \/>\n\t<meta property=\"og:image:height\" content=\"174\" \/>\n\t<meta property=\"og:image:type\" content=\"image\/jpeg\" \/>\n<meta name=\"author\" content=\"Redazione\" \/>\n<meta name=\"twitter:card\" content=\"summary_large_image\" \/>\n<meta name=\"twitter:creator\" content=\"@rassegnastampa9\" \/>\n<meta name=\"twitter:site\" content=\"@rassegnastampa9\" \/>\n<meta name=\"twitter:label1\" content=\"Scritto da\" \/>\n\t<meta name=\"twitter:data1\" content=\"Redazione\" \/>\n\t<meta name=\"twitter:label2\" content=\"Tempo di lettura stimato\" \/>\n\t<meta name=\"twitter:data2\" content=\"8 minuti\" \/>\n<script type=\"application\/ld+json\" class=\"yoast-schema-graph\">{\"@context\":\"https:\\\/\\\/schema.org\",\"@graph\":[{\"@type\":\"Article\",\"@id\":\"https:\\\/\\\/www.rassegnastampa-totustuus.it\\\/cattolica\\\/immigrazione-usata-come-arma\\\/#article\",\"isPartOf\":{\"@id\":\"https:\\\/\\\/www.rassegnastampa-totustuus.it\\\/cattolica\\\/immigrazione-usata-come-arma\\\/\"},\"author\":{\"name\":\"Redazione\",\"@id\":\"https:\\\/\\\/www.rassegnastampa-totustuus.it\\\/cattolica\\\/#\\\/schema\\\/person\\\/08f319d2bd1a0904ad9e2bfb7b15e5c3\"},\"headline\":\"Immigrazione usata come arma\",\"datePublished\":\"2023-12-12T23:00:00+00:00\",\"dateModified\":\"2024-01-04T13:31:45+00:00\",\"mainEntityOfPage\":{\"@id\":\"https:\\\/\\\/www.rassegnastampa-totustuus.it\\\/cattolica\\\/immigrazione-usata-come-arma\\\/\"},\"wordCount\":1239,\"publisher\":{\"@id\":\"https:\\\/\\\/www.rassegnastampa-totustuus.it\\\/cattolica\\\/#organization\"},\"image\":{\"@id\":\"https:\\\/\\\/www.rassegnastampa-totustuus.it\\\/cattolica\\\/immigrazione-usata-come-arma\\\/#primaryimage\"},\"thumbnailUrl\":\"https:\\\/\\\/www.rassegnastampa-totustuus.it\\\/cattolica\\\/wp-content\\\/uploads\\\/2019\\\/06\\\/navi_Ong_immigrazione.jpg\",\"keywords\":[\"immigrazione\"],\"articleSection\":[\"Immigrazione\"],\"inLanguage\":\"it-IT\"},{\"@type\":\"WebPage\",\"@id\":\"https:\\\/\\\/www.rassegnastampa-totustuus.it\\\/cattolica\\\/immigrazione-usata-come-arma\\\/\",\"url\":\"https:\\\/\\\/www.rassegnastampa-totustuus.it\\\/cattolica\\\/immigrazione-usata-come-arma\\\/\",\"name\":\"Immigrazione usata come arma - Rassegna Stampa Cattolica\",\"isPartOf\":{\"@id\":\"https:\\\/\\\/www.rassegnastampa-totustuus.it\\\/cattolica\\\/#website\"},\"primaryImageOfPage\":{\"@id\":\"https:\\\/\\\/www.rassegnastampa-totustuus.it\\\/cattolica\\\/immigrazione-usata-come-arma\\\/#primaryimage\"},\"image\":{\"@id\":\"https:\\\/\\\/www.rassegnastampa-totustuus.it\\\/cattolica\\\/immigrazione-usata-come-arma\\\/#primaryimage\"},\"thumbnailUrl\":\"https:\\\/\\\/www.rassegnastampa-totustuus.it\\\/cattolica\\\/wp-content\\\/uploads\\\/2019\\\/06\\\/navi_Ong_immigrazione.jpg\",\"datePublished\":\"2023-12-12T23:00:00+00:00\",\"dateModified\":\"2024-01-04T13:31:45+00:00\",\"description\":\"Immigrazione usata come arma, \u00e8 la tesi della professoressa Kelly M. Greenhill che qui spiega come i ricatti ottengono quasi sempre lo scopo\",\"breadcrumb\":{\"@id\":\"https:\\\/\\\/www.rassegnastampa-totustuus.it\\\/cattolica\\\/immigrazione-usata-come-arma\\\/#breadcrumb\"},\"inLanguage\":\"it-IT\",\"potentialAction\":[{\"@type\":\"ReadAction\",\"target\":[\"https:\\\/\\\/www.rassegnastampa-totustuus.it\\\/cattolica\\\/immigrazione-usata-come-arma\\\/\"]}]},{\"@type\":\"ImageObject\",\"inLanguage\":\"it-IT\",\"@id\":\"https:\\\/\\\/www.rassegnastampa-totustuus.it\\\/cattolica\\\/immigrazione-usata-come-arma\\\/#primaryimage\",\"url\":\"https:\\\/\\\/www.rassegnastampa-totustuus.it\\\/cattolica\\\/wp-content\\\/uploads\\\/2019\\\/06\\\/navi_Ong_immigrazione.jpg\",\"contentUrl\":\"https:\\\/\\\/www.rassegnastampa-totustuus.it\\\/cattolica\\\/wp-content\\\/uploads\\\/2019\\\/06\\\/navi_Ong_immigrazione.jpg\",\"width\":290,\"height\":174,\"caption\":\"immigrazione arma di ricatto\"},{\"@type\":\"BreadcrumbList\",\"@id\":\"https:\\\/\\\/www.rassegnastampa-totustuus.it\\\/cattolica\\\/immigrazione-usata-come-arma\\\/#breadcrumb\",\"itemListElement\":[{\"@type\":\"ListItem\",\"position\":1,\"name\":\"Home\",\"item\":\"https:\\\/\\\/www.rassegnastampa-totustuus.it\\\/cattolica\\\/\"},{\"@type\":\"ListItem\",\"position\":2,\"name\":\"Immigrazione usata come arma\"}]},{\"@type\":\"WebSite\",\"@id\":\"https:\\\/\\\/www.rassegnastampa-totustuus.it\\\/cattolica\\\/#website\",\"url\":\"https:\\\/\\\/www.rassegnastampa-totustuus.it\\\/cattolica\\\/\",\"name\":\"Rassegna Stampa Cattolica\",\"description\":\"Per una cultura che nasce dalla Rivelazione cristiana in conformit\u00e0 alla tradizione e al Magistero della Chiesa in opposizione ad ogni relativismo e totalitarismo\",\"publisher\":{\"@id\":\"https:\\\/\\\/www.rassegnastampa-totustuus.it\\\/cattolica\\\/#organization\"},\"alternateName\":\"Rass. Cattolica\",\"potentialAction\":[{\"@type\":\"SearchAction\",\"target\":{\"@type\":\"EntryPoint\",\"urlTemplate\":\"https:\\\/\\\/www.rassegnastampa-totustuus.it\\\/cattolica\\\/?s={search_term_string}\"},\"query-input\":{\"@type\":\"PropertyValueSpecification\",\"valueRequired\":true,\"valueName\":\"search_term_string\"}}],\"inLanguage\":\"it-IT\"},{\"@type\":\"Organization\",\"@id\":\"https:\\\/\\\/www.rassegnastampa-totustuus.it\\\/cattolica\\\/#organization\",\"name\":\"Rassegna Stampa Cattolica\",\"url\":\"https:\\\/\\\/www.rassegnastampa-totustuus.it\\\/cattolica\\\/\",\"logo\":{\"@type\":\"ImageObject\",\"inLanguage\":\"it-IT\",\"@id\":\"https:\\\/\\\/www.rassegnastampa-totustuus.it\\\/cattolica\\\/#\\\/schema\\\/logo\\\/image\\\/\",\"url\":\"https:\\\/\\\/www.rassegnastampa-totustuus.it\\\/cattolica\\\/wp-content\\\/uploads\\\/2014\\\/04\\\/logo-rassegna1.gif\",\"contentUrl\":\"https:\\\/\\\/www.rassegnastampa-totustuus.it\\\/cattolica\\\/wp-content\\\/uploads\\\/2014\\\/04\\\/logo-rassegna1.gif\",\"width\":600,\"height\":163,\"caption\":\"Rassegna Stampa Cattolica\"},\"image\":{\"@id\":\"https:\\\/\\\/www.rassegnastampa-totustuus.it\\\/cattolica\\\/#\\\/schema\\\/logo\\\/image\\\/\"},\"sameAs\":[\"https:\\\/\\\/www.facebook.com\\\/rassegnastampacattolica\",\"https:\\\/\\\/x.com\\\/rassegnastampa9\"]},{\"@type\":\"Person\",\"@id\":\"https:\\\/\\\/www.rassegnastampa-totustuus.it\\\/cattolica\\\/#\\\/schema\\\/person\\\/08f319d2bd1a0904ad9e2bfb7b15e5c3\",\"name\":\"Redazione\",\"image\":{\"@type\":\"ImageObject\",\"inLanguage\":\"it-IT\",\"@id\":\"https:\\\/\\\/secure.gravatar.com\\\/avatar\\\/2fcdf27c78ea025fbdb44e914cc63c72249ffec9dc8aafd5c82b26240ef3f346?s=96&d=mm&r=g\",\"url\":\"https:\\\/\\\/secure.gravatar.com\\\/avatar\\\/2fcdf27c78ea025fbdb44e914cc63c72249ffec9dc8aafd5c82b26240ef3f346?s=96&d=mm&r=g\",\"contentUrl\":\"https:\\\/\\\/secure.gravatar.com\\\/avatar\\\/2fcdf27c78ea025fbdb44e914cc63c72249ffec9dc8aafd5c82b26240ef3f346?s=96&d=mm&r=g\",\"caption\":\"Redazione\"},\"url\":\"https:\\\/\\\/www.rassegnastampa-totustuus.it\\\/cattolica\\\/author\\\/pietroelle\\\/\"}]}<\/script>\n<!-- \/ Yoast SEO plugin. -->","yoast_head_json":{"title":"Immigrazione usata come arma - Rassegna Stampa Cattolica","description":"Immigrazione usata come arma, \u00e8 la tesi della professoressa Kelly M. Greenhill che qui spiega come i ricatti ottengono quasi sempre lo scopo","robots":{"index":"index","follow":"follow","max-snippet":"max-snippet:-1","max-image-preview":"max-image-preview:large","max-video-preview":"max-video-preview:-1"},"canonical":"https:\/\/www.rassegnastampa-totustuus.it\/cattolica\/immigrazione-usata-come-arma\/","og_locale":"it_IT","og_type":"article","og_title":"Immigrazione usata come arma - Rassegna Stampa Cattolica","og_description":"Immigrazione usata come arma, \u00e8 la tesi della professoressa Kelly M. Greenhill che qui spiega come i ricatti ottengono quasi sempre lo scopo","og_url":"https:\/\/www.rassegnastampa-totustuus.it\/cattolica\/immigrazione-usata-come-arma\/","og_site_name":"Rassegna Stampa Cattolica","article_publisher":"https:\/\/www.facebook.com\/rassegnastampacattolica","article_published_time":"2023-12-12T23:00:00+00:00","article_modified_time":"2024-01-04T13:31:45+00:00","og_image":[{"width":290,"height":174,"url":"https:\/\/www.rassegnastampa-totustuus.it\/cattolica\/wp-content\/uploads\/2019\/06\/navi_Ong_immigrazione.jpg","type":"image\/jpeg"}],"author":"Redazione","twitter_card":"summary_large_image","twitter_creator":"@rassegnastampa9","twitter_site":"@rassegnastampa9","twitter_misc":{"Scritto da":"Redazione","Tempo di lettura stimato":"8 minuti"},"schema":{"@context":"https:\/\/schema.org","@graph":[{"@type":"Article","@id":"https:\/\/www.rassegnastampa-totustuus.it\/cattolica\/immigrazione-usata-come-arma\/#article","isPartOf":{"@id":"https:\/\/www.rassegnastampa-totustuus.it\/cattolica\/immigrazione-usata-come-arma\/"},"author":{"name":"Redazione","@id":"https:\/\/www.rassegnastampa-totustuus.it\/cattolica\/#\/schema\/person\/08f319d2bd1a0904ad9e2bfb7b15e5c3"},"headline":"Immigrazione usata come arma","datePublished":"2023-12-12T23:00:00+00:00","dateModified":"2024-01-04T13:31:45+00:00","mainEntityOfPage":{"@id":"https:\/\/www.rassegnastampa-totustuus.it\/cattolica\/immigrazione-usata-come-arma\/"},"wordCount":1239,"publisher":{"@id":"https:\/\/www.rassegnastampa-totustuus.it\/cattolica\/#organization"},"image":{"@id":"https:\/\/www.rassegnastampa-totustuus.it\/cattolica\/immigrazione-usata-come-arma\/#primaryimage"},"thumbnailUrl":"https:\/\/www.rassegnastampa-totustuus.it\/cattolica\/wp-content\/uploads\/2019\/06\/navi_Ong_immigrazione.jpg","keywords":["immigrazione"],"articleSection":["Immigrazione"],"inLanguage":"it-IT"},{"@type":"WebPage","@id":"https:\/\/www.rassegnastampa-totustuus.it\/cattolica\/immigrazione-usata-come-arma\/","url":"https:\/\/www.rassegnastampa-totustuus.it\/cattolica\/immigrazione-usata-come-arma\/","name":"Immigrazione usata come arma - Rassegna Stampa Cattolica","isPartOf":{"@id":"https:\/\/www.rassegnastampa-totustuus.it\/cattolica\/#website"},"primaryImageOfPage":{"@id":"https:\/\/www.rassegnastampa-totustuus.it\/cattolica\/immigrazione-usata-come-arma\/#primaryimage"},"image":{"@id":"https:\/\/www.rassegnastampa-totustuus.it\/cattolica\/immigrazione-usata-come-arma\/#primaryimage"},"thumbnailUrl":"https:\/\/www.rassegnastampa-totustuus.it\/cattolica\/wp-content\/uploads\/2019\/06\/navi_Ong_immigrazione.jpg","datePublished":"2023-12-12T23:00:00+00:00","dateModified":"2024-01-04T13:31:45+00:00","description":"Immigrazione usata come arma, \u00e8 la tesi della professoressa Kelly M. Greenhill che qui spiega come i ricatti ottengono quasi sempre lo scopo","breadcrumb":{"@id":"https:\/\/www.rassegnastampa-totustuus.it\/cattolica\/immigrazione-usata-come-arma\/#breadcrumb"},"inLanguage":"it-IT","potentialAction":[{"@type":"ReadAction","target":["https:\/\/www.rassegnastampa-totustuus.it\/cattolica\/immigrazione-usata-come-arma\/"]}]},{"@type":"ImageObject","inLanguage":"it-IT","@id":"https:\/\/www.rassegnastampa-totustuus.it\/cattolica\/immigrazione-usata-come-arma\/#primaryimage","url":"https:\/\/www.rassegnastampa-totustuus.it\/cattolica\/wp-content\/uploads\/2019\/06\/navi_Ong_immigrazione.jpg","contentUrl":"https:\/\/www.rassegnastampa-totustuus.it\/cattolica\/wp-content\/uploads\/2019\/06\/navi_Ong_immigrazione.jpg","width":290,"height":174,"caption":"immigrazione arma di ricatto"},{"@type":"BreadcrumbList","@id":"https:\/\/www.rassegnastampa-totustuus.it\/cattolica\/immigrazione-usata-come-arma\/#breadcrumb","itemListElement":[{"@type":"ListItem","position":1,"name":"Home","item":"https:\/\/www.rassegnastampa-totustuus.it\/cattolica\/"},{"@type":"ListItem","position":2,"name":"Immigrazione usata come arma"}]},{"@type":"WebSite","@id":"https:\/\/www.rassegnastampa-totustuus.it\/cattolica\/#website","url":"https:\/\/www.rassegnastampa-totustuus.it\/cattolica\/","name":"Rassegna Stampa Cattolica","description":"Per una cultura che nasce dalla Rivelazione cristiana in conformit\u00e0 alla tradizione e al Magistero della Chiesa in opposizione ad ogni relativismo e totalitarismo","publisher":{"@id":"https:\/\/www.rassegnastampa-totustuus.it\/cattolica\/#organization"},"alternateName":"Rass. Cattolica","potentialAction":[{"@type":"SearchAction","target":{"@type":"EntryPoint","urlTemplate":"https:\/\/www.rassegnastampa-totustuus.it\/cattolica\/?s={search_term_string}"},"query-input":{"@type":"PropertyValueSpecification","valueRequired":true,"valueName":"search_term_string"}}],"inLanguage":"it-IT"},{"@type":"Organization","@id":"https:\/\/www.rassegnastampa-totustuus.it\/cattolica\/#organization","name":"Rassegna Stampa Cattolica","url":"https:\/\/www.rassegnastampa-totustuus.it\/cattolica\/","logo":{"@type":"ImageObject","inLanguage":"it-IT","@id":"https:\/\/www.rassegnastampa-totustuus.it\/cattolica\/#\/schema\/logo\/image\/","url":"https:\/\/www.rassegnastampa-totustuus.it\/cattolica\/wp-content\/uploads\/2014\/04\/logo-rassegna1.gif","contentUrl":"https:\/\/www.rassegnastampa-totustuus.it\/cattolica\/wp-content\/uploads\/2014\/04\/logo-rassegna1.gif","width":600,"height":163,"caption":"Rassegna Stampa Cattolica"},"image":{"@id":"https:\/\/www.rassegnastampa-totustuus.it\/cattolica\/#\/schema\/logo\/image\/"},"sameAs":["https:\/\/www.facebook.com\/rassegnastampacattolica","https:\/\/x.com\/rassegnastampa9"]},{"@type":"Person","@id":"https:\/\/www.rassegnastampa-totustuus.it\/cattolica\/#\/schema\/person\/08f319d2bd1a0904ad9e2bfb7b15e5c3","name":"Redazione","image":{"@type":"ImageObject","inLanguage":"it-IT","@id":"https:\/\/secure.gravatar.com\/avatar\/2fcdf27c78ea025fbdb44e914cc63c72249ffec9dc8aafd5c82b26240ef3f346?s=96&d=mm&r=g","url":"https:\/\/secure.gravatar.com\/avatar\/2fcdf27c78ea025fbdb44e914cc63c72249ffec9dc8aafd5c82b26240ef3f346?s=96&d=mm&r=g","contentUrl":"https:\/\/secure.gravatar.com\/avatar\/2fcdf27c78ea025fbdb44e914cc63c72249ffec9dc8aafd5c82b26240ef3f346?s=96&d=mm&r=g","caption":"Redazione"},"url":"https:\/\/www.rassegnastampa-totustuus.it\/cattolica\/author\/pietroelle\/"}]}},"_links":{"self":[{"href":"https:\/\/www.rassegnastampa-totustuus.it\/cattolica\/wp-json\/wp\/v2\/posts\/57942","targetHints":{"allow":["GET"]}}],"collection":[{"href":"https:\/\/www.rassegnastampa-totustuus.it\/cattolica\/wp-json\/wp\/v2\/posts"}],"about":[{"href":"https:\/\/www.rassegnastampa-totustuus.it\/cattolica\/wp-json\/wp\/v2\/types\/post"}],"author":[{"embeddable":true,"href":"https:\/\/www.rassegnastampa-totustuus.it\/cattolica\/wp-json\/wp\/v2\/users\/6"}],"replies":[{"embeddable":true,"href":"https:\/\/www.rassegnastampa-totustuus.it\/cattolica\/wp-json\/wp\/v2\/comments?post=57942"}],"version-history":[{"count":2,"href":"https:\/\/www.rassegnastampa-totustuus.it\/cattolica\/wp-json\/wp\/v2\/posts\/57942\/revisions"}],"predecessor-version":[{"id":58641,"href":"https:\/\/www.rassegnastampa-totustuus.it\/cattolica\/wp-json\/wp\/v2\/posts\/57942\/revisions\/58641"}],"wp:featuredmedia":[{"embeddable":true,"href":"https:\/\/www.rassegnastampa-totustuus.it\/cattolica\/wp-json\/wp\/v2\/media\/43331"}],"wp:attachment":[{"href":"https:\/\/www.rassegnastampa-totustuus.it\/cattolica\/wp-json\/wp\/v2\/media?parent=57942"}],"wp:term":[{"taxonomy":"category","embeddable":true,"href":"https:\/\/www.rassegnastampa-totustuus.it\/cattolica\/wp-json\/wp\/v2\/categories?post=57942"},{"taxonomy":"post_tag","embeddable":true,"href":"https:\/\/www.rassegnastampa-totustuus.it\/cattolica\/wp-json\/wp\/v2\/tags?post=57942"}],"curies":[{"name":"wp","href":"https:\/\/api.w.org\/{rel}","templated":true}]}}