{"id":57865,"date":"2023-11-30T10:09:01","date_gmt":"2023-11-30T09:09:01","guid":{"rendered":"https:\/\/www.rassegnastampa-totustuus.it\/cattolica\/?p=57865"},"modified":"2024-01-04T14:42:41","modified_gmt":"2024-01-04T13:42:41","slug":"joseph-ratzinger-i-novissimi-e-lescatologia","status":"publish","type":"post","link":"https:\/\/www.rassegnastampa-totustuus.it\/cattolica\/joseph-ratzinger-i-novissimi-e-lescatologia\/","title":{"rendered":"Joseph Ratzinger, i novissimi e l&#8217;escatologia"},"content":{"rendered":"<p style=\"text-align: justify;\"><strong><img loading=\"lazy\" decoding=\"async\" class=\" wp-image-29328 alignleft\" src=\"https:\/\/www.rassegnastampa-totustuus.it\/cattolica\/wp-content\/uploads\/2016\/01\/Ratzinger.jpg\" alt=\"Joseph Ratzinger e la sua riflessione sui novissimi\" width=\"201\" height=\"271\" \/><span style=\"color: #000000;\">Abstract: <\/span><\/strong><span style=\"color: #000000;\"><em>Joseph Ratzinger, i novissimi e l&#8217;escatologia:<\/em> <em>morte, giudizio, inferno e paradiso; le quattro ultime cose oggi dimenticate ma che fanno ancora parte della dottrina cattolica e il mondo contemporaneo che cerca di esorcizzare la morte o di controllarla (con l&#8217;eutanasia) si priva\u00a0 del suo carattere di apertura metafisica mentre a sua banalizzazione dovrebbe arginare la domanda inquietante che da essa scaturisce. Ma i novissimi sono spiragli da cui intravedere l&#8217;infinito. L&#8217;escatologia resta il frutto pi\u00f9 maturo della ricerca di Ratzinger, che era ben consapevole di andare controcorrente, ma dalla lettura delle fonti durata un ventennio si \u00e8 imposta la logica interna alla tradizione ecclesiale.<\/em><\/span><\/p>\n<p><!--more--><\/p>\n<p style=\"text-align: center;\"><span style=\"color: #0000ff;\"><a style=\"color: #0000ff;\" href=\"https:\/\/www.editorialedomani.it\/\" target=\"_blank\" rel=\"noopener\"><strong>Domani <\/strong><\/a><\/span>domenica 26 novembre 2023<\/p>\n<h3 style=\"text-align: center;\"><strong>Morte, giudizio, inferno e paradiso. Le quattro ultime cose dimenticate<\/strong><\/h3>\n<p style=\"text-align: center;\"><em>Da Montini a Ratzinger: i \u201cnovissimi\u201d e la predicazione<\/em><\/p>\n<p style=\"text-align: center;\">di <strong>Giovanni Maria Vian<\/strong>\u00a0 (<em>Storico)<\/em><\/p>\n<div id=\"attachment_57866\" style=\"width: 314px\" class=\"wp-caption alignleft\"><img loading=\"lazy\" decoding=\"async\" aria-describedby=\"caption-attachment-57866\" class=\"wp-image-57866\" src=\"https:\/\/www.rassegnastampa-totustuus.it\/cattolica\/wp-content\/uploads\/2023\/11\/novissimi_escatologia.jpg\" alt=\"i Novissimi sono oggi dimenticati\" width=\"314\" height=\"250\" \/><p id=\"caption-attachment-57866\" class=\"wp-caption-text\">I novissimi sono oggi dimenticati<\/p><\/div>\n<p style=\"text-align: justify;\"><span style=\"color: #000000;\">Nella dottrina cattolica c&#8217;erano una volta i \u00abnovissimi\u00bb. Il termine derivato dal latino medievale, \u00e8 un aggettivo che significa ultimo, indica le quattro \u00abultime cose\u00bb: morte, giudizio, inferno, paradiso. Realt\u00e0 ormai abbandonate dalla predicazione o tuttalpi\u00f9 accennate di sfuggita, come talvolta avviene in novembre, mese dedicato tradizionalmente alla memoria dei defunti. Dunque a riflettere sulla propria vita mentre si conclude l&#8217;anno liturgico e si apre il tempo dell&#8217;avvento, che evoca anche l&#8217;attesa del ritorno finale di Cristo.<\/span><\/p>\n<p style=\"text-align: justify;\"><span style=\"color: #000000;\">Ad affrontare il tema dei nuovissimi, sottolineandone la centralit\u00e0 e la dimenticanza, fu Paolo VI in una delle udienze generali durante gli anni turbolenti del post-Concilio. Per questi incontri il Papa preparava personalmente i discorsi, di cui si conservano i manoscritti, e l&#8217;8 settembre 1971 il pontefice tratto delle scatologia: \u00abparola strana\u00bb che significa \u00abscienza delle cose ultime\u00bb e che non solo ricorre in tanti documenti del Vaticano II ma che &#8211; afferm\u00f2 Montini &#8211; \u00abdomina tutta la concezione della vita cristiana, della storia, del tempo, dei destini umani oltre la morte; oppure dei novissimi pochi parlano e poco\u00bb.<\/span><\/p>\n<p style=\"text-align: justify;\">d<span style=\"color: #000000;\">Chi ne parlava, e da molto tempo, era Joseph Ratzinger, che al Concilio si era affermato come brillante consigliere teologico del cardinale Joseph Frings arcivescovo di Colonia e autorevole esponente dell\u2019ala riformatrice. \u00abSe appartenere alla chiesa ha un senso esso consiste semplicemente nel fatto che questa appartenenza ci d\u00e0 la vita eterna e, quindi, la vita giusta e vera. Tutto il resto \u00e8 secondario\u00bb avrebbe poi sintetizzato Ratzinger, ormai cardinale alla guida dell&#8217;antico Sant&#8217;Uffizio, al giornalista Peter Seewald<\/span><\/p>\n<h4 style=\"text-align: center;\"><span style=\"color: #000000;\"><strong>Il metodo Ratzinger<\/strong><\/span><\/h4>\n<div id=\"attachment_57867\" style=\"width: 180px\" class=\"wp-caption alignright\"><img loading=\"lazy\" decoding=\"async\" aria-describedby=\"caption-attachment-57867\" class=\"size-full wp-image-57867\" src=\"https:\/\/www.rassegnastampa-totustuus.it\/cattolica\/wp-content\/uploads\/2023\/11\/Ratzinger_cover.jpg\" alt=\"escatologia e vita eterna\" width=\"180\" height=\"288\" \/><p id=\"caption-attachment-57867\" class=\"wp-caption-text\">Joseph Ratzinger: Escatologia e vita eterna<\/p><\/div>\n<p style=\"text-align: justify;\">Del tema il trentenne teologo bavarese si era occupato fino dal suo primo corso di lezioni, nel 1957 a Friburgo. Finch\u00e9 vent&#8217;anni dopo, nel 1977, pubblic\u00f2 <em><span style=\"color: #0000ff;\"><a style=\"color: #0000ff;\" href=\"https:\/\/www.libreriadelsanto.it\/libri\/9788830809437\/escatologia.html\" target=\"_blank\" rel=\"noopener\">Escatologia. Morte e vita eterna<\/a><\/span>,<\/em> che suscit\u00f2 soprattutto in Germania un acceso dibattito. Di continuo ristampato e tradotto in sette lingue (in Italia da Cittadella editrice), il libro \u00e8 stato considerato da Ratzinger la sua opera pi\u00f9 elaborata e accurata. Alla sesta edizione l&#8217;autore ha aggiunto due appendici e per l&#8217;ultima del 2007- Papa da due anni &#8211; ha scritto una nuova prefazione.<\/p>\n<p style=\"text-align: justify;\">Mentre all&#8217;inizio del 1977 andava in stampa il libro sull\u2019 escatologia, Ratzinger venne nominato arcivescovo di Monaco e Frisinga da Papa Montini, che tre mesi pi\u00f9 tardi lo cre\u00f2 cardinale. Era la svolta decisiva nella vita del futuro Benedetto XVI: si chiudeva infatti la sua vita universitaria e iniziava il tempo dell&#8217;episcopato nella metropoli bavarese. Seguirono nel 1982 il trasferimento a Roma come prefetto della Congregazione per la dottrina della fede e nel 2005 il pontificato, fino alla rinuncia nel 2013.<\/p>\n<p style=\"text-align: justify;\"><span style=\"color: #000000;\">L&#8217;escatologia resta il frutto pi\u00f9 maturo della ricerca di Ratzinger, che era ben consapevole di andare controcorrente. \u00abAvevo tentato &#8211; spiega infatti il teologo cinquantenne nelle premesse alla prima edizione &#8211; di costruire un escatologia \u201cde- platonizzata\u201d \u00bb, ma dalla lettura delle fonti durata un ventennio si \u00e8 imposta la logica interna alla tradizione ecclesiale. Con un risultato che \u00absi colloca adesso in una direzione opposta ai miei primi tentativi di allora, una direzione che contraddice l&#8217;opinione dominante in tutti i suoi aspetti, imboccata per\u00f2 non per spirito di contraddizione ma costretto dalla cosa stessa\u00bb.<\/span><\/p>\n<p style=\"text-align: justify;\">I<span style=\"color: #000000;\">n queste parole c&#8217;\u00e8 tutto il metodo di Ratzinger, radicato nelle fonti ma altrettanto attento al dibattito contemporaneo &#8211; teologico, filosofico e scientifico &#8211; e anche a tradizioni religiose orientali. Su un tema molto controverso perch\u00e9 in ambito cattolico, dopo aver condotto per secoli \u00abun&#8217;esistenza tranquilla\u00bb, la dottrina sulle cose ultime si \u00e8 trasformata in un \u00abfocolaio di disordini\u00bb, secondo la definizione del teologo svizzero Hans Urs von Balthasar. Cos\u00ec, sotto l&#8217;influsso soprattutto del pensiero marxista, la speranza \u00e8 diventata politica, mentre al contrario per Ratzinger \u00abnon deve essere ridotta a nessun tipo di sociologia politica\u00bb.<\/span><\/p>\n<div id=\"attachment_57868\" style=\"width: 299px\" class=\"wp-caption alignleft\"><img loading=\"lazy\" decoding=\"async\" aria-describedby=\"caption-attachment-57868\" class=\"wp-image-57868 size-full\" src=\"https:\/\/www.rassegnastampa-totustuus.it\/cattolica\/wp-content\/uploads\/2023\/11\/Joseph-Ratzinger_von-Balthasar.jpg\" alt=\"Hans Urs von Balthasar e Joseph Ratzinger\" width=\"299\" height=\"288\" \/><p id=\"caption-attachment-57868\" class=\"wp-caption-text\">Hans Urs von Balthasar e Joseph Ratzinger<\/p><\/div>\n<p style=\"text-align: justify;\"><span style=\"color: #000000;\">Ma pi\u00f9 radicalmente si \u00e8 letta la Bibbia \u00abprescindendo dalla tradizione\u00bb: si \u00e8 cos\u00ec sostenuto da una parte che nelle Scritture ebraiche e cristiane non si trova l&#8217;immortalit\u00e0 dell&#8217;anima, ritenuta un concetto platonico, e dall&#8217;altra si \u00e8 ipotizzata una risurrezione nel momento stesso della morte. La discussione e la contestazione puntuale di queste ipotesi da parte di Ratzinger &#8211; per il quale l&#8217;anima non \u00e8 nient&#8217;altro che la capacit\u00e0 da parte dell&#8217;uomo di stare in relazione con la verit\u00e0, con l&#8217;amore eterno &#8211; ha suscitato un ampio e vivace dibattito con la conseguenza di avvicinare posizioni che sembravano inconciliabili.<\/span><\/p>\n<p style=\"text-align: justify;\">I<span style=\"color: #000000;\">lluminante \u00e8 il metodo di analisi condotto da Ratzinger sui testi biblici. La sua interpretazione tiene infatti conto di alcuni tra i maggiori biblisti e dei teologi contemporanei: Karl Barth, Rudolf Bultmann, Oscar Cullmann, Charles H. Dood, ma anche di singole pepite d&#8217;oro nelle \u00abvarie teologie della liberazione e della rivoluzione\u00bb. Il teologo prende per\u00f2 in esame \u00abl&#8217;intera storia dell&#8217;esegesi\u00bb, proprio come sapere filosofico non deve prescindere da Platone, Aristotele e Tommaso d&#8217;Aquino, autentici protagonisti di un continuo approfondimento delle cose. Nessuno di essi \u00e8 la personificazione della filosofia o il filosofo\u00bb scrive Ratzinger, ma dalla intera storia della filosofia \u00absi rivela la verit\u00e0 e nasce contemporaneamente la possibilit\u00e0 di nuove conoscenze\u00bb.<\/span><\/p>\n<h4 style=\"text-align: center;\"><span style=\"color: #000000;\"><strong>Interpretazioni e dibattiti<\/strong><\/span><\/h4>\n<p style=\"text-align: justify;\"><span style=\"color: #000000;\">Con questo metodo impegnativo Ratzinger ridimensiona l&#8217;imminenza della fine del mondo che secondo molte interpretazioni moderne sarebbe stata centrale nella predicazione di Ges\u00f9. Il suo annuncio del \u00abregno di Dio\u00bb \u00e8 infatti \u00abimprontato a un senso di continua attualit\u00e0 e non \u00e8 legato n\u00e9 a luoghi n\u00e9 a tempi\u00bb perch\u00e9 si realizza in Ges\u00f9, che \u00e8 lui stesso il regno (autobasil\u00e9a), secondo una bella espressione di Origene, uno dei maggiori pensatori cristiani dell&#8217;antichit\u00e0.<\/span><\/p>\n<p style=\"text-align: justify;\"><span style=\"color: #000000;\">Di fronte alla morte, il primo dei novissimi, la societ\u00e0 contemporanea \u00e8 contraddittoria: se da una parte la considera un tab\u00f9 &#8211; nascondendola o cercando di controllarla tecnicamente con l&#8217;eutanasia &#8211; dall&#8217;altra la esibisce come spettacolo. In questo modo la morte viene \u00abprivata del suo carattere di apertura metafisica e la sua banalizzazione dovrebbe arginare la domanda inquietante che da essa scaturisce\u00bb scrive Ratzinger, che ricorda come Schleirmacher abbia parlato della nascita e della morte come di \u201cspiragli\u201d attraverso i quali lo sguardo dell&#8217;uomo intravede l&#8217;infinito.<\/span><\/p>\n<div id=\"attachment_48922\" style=\"width: 385px\" class=\"wp-caption alignleft\"><img loading=\"lazy\" decoding=\"async\" aria-describedby=\"caption-attachment-48922\" class=\" wp-image-48922\" src=\"https:\/\/www.rassegnastampa-totustuus.it\/cattolica\/wp-content\/uploads\/2020\/10\/Inferno-1.jpg\" alt=\"novissimi morte e inferno\" width=\"385\" height=\"233\" \/><p id=\"caption-attachment-48922\" class=\"wp-caption-text\">Novissimi, morte e inferno<\/p><\/div>\n<p style=\"text-align: justify;\"><span style=\"color: #000000;\">Secondo le scritture ebraiche \u00abla comunione con Dio significa vita oltre la morte\u00bb e questa comunione \u00e8 \u00abvera realt\u00e0, pi\u00f9 reale pure della morte\u00bb, secondo \u00abun&#8217;idea che non deriva n\u00e9 da modelli greci n\u00e9 da modelli persiani\u00bb. In continuit\u00e0 si colloca la tradizione cristiana. Ma il nuovo testamento introduce \u00abla novit\u00e0 determinante\u00bb della testimonianza e della resurrezione di Ges\u00f9, che peraltro in contrasto con la classe sacerdotale sadducea condivide sulla resurrezione dei morti la dottrina dei farisei quando &#8211; nel Vangelo secondo Marco (12,27) &#8211; afferma \u00abnon \u00e8 Dio dei morti ma dei viventi\u00bb. Punti cruciali molto dibattuti e interpretati fino alla negazione, riguardano la \u00absopravvivenza dell&#8217;uomo tra morte e resurrezione finale\u00bb, cio\u00e8 la resurrezione dei morti (o della carne).<\/span><\/p>\n<p style=\"text-align: justify;\"><span style=\"color: #000000;\">In proposito Ratzinger esamina, oltre i dati biblici, tradizioni apocrife ebraiche, concezioni religiose orientali, discussioni teologiche antiche e moderne, e dimostra che sono realt\u00e0, compreso lo \u00abstato intermedio\u00bb di purificazione denominato nel medioevo \u00abpurgatorio\u00bb ma avverte che \u00abil messaggio della fede non ha lo scopo di alimentare una pura curiosit\u00e0 nell&#8217;aldil\u00e0, bens\u00ec di orientare la vita nell&#8217;aldiqu\u00e0 in attesa del giudizio di Dio\u00bb.<\/span><\/p>\n<p style=\"text-align: justify;\">C<span style=\"color: #000000;\">os\u00ec il dogma dell&#8217;inferno \u00abconserva il suo contenuto reale\u00bb, accompagnato nei secoli da un concetto della misericordia che, da Origene in poi, gli oppone una speranza: ipotesi fondata misteriosit\u00e0 misteriosamente sulla discesa di Cristo che, crocifisso e morto, \u00absi reca nell&#8217;inferno e lo svuota mediante la propria sofferenza\u00bb. Cos\u00ec il paradiso, che \u00e8 anch&#8217;esso \u00abdeterminato dalla cristologia\u00bb, perch\u00e9 \u00abl&#8217;uomo \u00e8 in cielo quando e nella misura in cui \u00e8 con Cristo e trova quindi il luogo del suo essere uomo nell&#8217;essere di Dio\u00bb. Allora &#8211; conclude Ratzinger &#8211; anche \u00abl&#8217;intero creato sar\u00e0 un \u201ccantico\u201d, un gesto con cui esse l&#8217;essere si libera nel tutto e insieme un entrare del tutto nel proprio, un gaudio in cui tutte le domande avranno risposta ed esaudimento\u00bb.<\/span><\/p>\n","protected":false},"excerpt":{"rendered":"<p>Abstract: Joseph Ratzinger, i novissimi e l&#8217;escatologia: morte, giudizio, inferno e paradiso; le quattro ultime cose oggi dimenticate ma che fanno ancora parte della dottrina cattolica e il mondo contemporaneo che cerca di esorcizzare la morte o di controllarla (con l&#8217;eutanasia) si priva\u00a0 del suo carattere di apertura metafisica mentre a sua banalizzazione dovrebbe arginare &hellip; <\/p>\n<p><a class=\"more-link btn\" href=\"https:\/\/www.rassegnastampa-totustuus.it\/cattolica\/joseph-ratzinger-i-novissimi-e-lescatologia\/\">Continua a leggere<\/a><\/p>\n","protected":false},"author":6,"featured_media":29328,"comment_status":"closed","ping_status":"closed","sticky":false,"template":"","format":"standard","meta":{"footnotes":""},"categories":[5,42],"tags":[157,458,2982,1131,1036,500,2981,1132],"class_list":["post-57865","post","type-post","status-publish","format-standard","has-post-thumbnail","hentry","category-chiesa","category-dottrina-e-morale","tag-chiesa-2","tag-dottrina-e-morale-2","tag-giudizio-universale","tag-inferno","tag-joseph-ratzinger","tag-morte","tag-novissimi","tag-paradiso","item-wrap"],"yoast_head":"<!-- This site is optimized with the Yoast SEO plugin v27.5 - https:\/\/yoast.com\/product\/yoast-seo-wordpress\/ -->\n<title>Joseph Ratzinger, i novissimi e l&#039;escatologia - Rassegna Stampa Cattolica<\/title>\n<meta name=\"description\" content=\"Joseph Ratzinger, i novissimi e l&#039;escatologia. Morte, giudizio, inferno e paradiso. Le quattro ultime cose dimenticate\" \/>\n<meta name=\"robots\" content=\"index, follow, max-snippet:-1, max-image-preview:large, max-video-preview:-1\" \/>\n<link rel=\"canonical\" href=\"https:\/\/www.rassegnastampa-totustuus.it\/cattolica\/joseph-ratzinger-i-novissimi-e-lescatologia\/\" \/>\n<meta property=\"og:locale\" content=\"it_IT\" \/>\n<meta property=\"og:type\" content=\"article\" \/>\n<meta property=\"og:title\" content=\"Joseph Ratzinger, i novissimi e l&#039;escatologia - Rassegna Stampa Cattolica\" \/>\n<meta property=\"og:description\" content=\"Joseph Ratzinger, i novissimi e l&#039;escatologia. Morte, giudizio, inferno e paradiso. Le quattro ultime cose dimenticate\" \/>\n<meta property=\"og:url\" content=\"https:\/\/www.rassegnastampa-totustuus.it\/cattolica\/joseph-ratzinger-i-novissimi-e-lescatologia\/\" \/>\n<meta property=\"og:site_name\" content=\"Rassegna Stampa Cattolica\" \/>\n<meta property=\"article:publisher\" content=\"https:\/\/www.facebook.com\/rassegnastampacattolica\" \/>\n<meta property=\"article:published_time\" content=\"2023-11-30T09:09:01+00:00\" \/>\n<meta property=\"article:modified_time\" content=\"2024-01-04T13:42:41+00:00\" \/>\n<meta property=\"og:image\" content=\"https:\/\/www.rassegnastampa-totustuus.it\/cattolica\/wp-content\/uploads\/2016\/01\/Ratzinger.jpg\" \/>\n\t<meta property=\"og:image:width\" content=\"193\" \/>\n\t<meta property=\"og:image:height\" content=\"261\" \/>\n\t<meta property=\"og:image:type\" content=\"image\/jpeg\" \/>\n<meta name=\"author\" content=\"Redazione\" \/>\n<meta name=\"twitter:card\" content=\"summary_large_image\" \/>\n<meta name=\"twitter:creator\" content=\"@rassegnastampa9\" \/>\n<meta name=\"twitter:site\" content=\"@rassegnastampa9\" \/>\n<meta name=\"twitter:label1\" content=\"Scritto da\" \/>\n\t<meta name=\"twitter:data1\" content=\"Redazione\" \/>\n\t<meta name=\"twitter:label2\" content=\"Tempo di lettura stimato\" \/>\n\t<meta name=\"twitter:data2\" content=\"9 minuti\" \/>\n<script type=\"application\/ld+json\" class=\"yoast-schema-graph\">{\"@context\":\"https:\\\/\\\/schema.org\",\"@graph\":[{\"@type\":\"Article\",\"@id\":\"https:\\\/\\\/www.rassegnastampa-totustuus.it\\\/cattolica\\\/joseph-ratzinger-i-novissimi-e-lescatologia\\\/#article\",\"isPartOf\":{\"@id\":\"https:\\\/\\\/www.rassegnastampa-totustuus.it\\\/cattolica\\\/joseph-ratzinger-i-novissimi-e-lescatologia\\\/\"},\"author\":{\"name\":\"Redazione\",\"@id\":\"https:\\\/\\\/www.rassegnastampa-totustuus.it\\\/cattolica\\\/#\\\/schema\\\/person\\\/08f319d2bd1a0904ad9e2bfb7b15e5c3\"},\"headline\":\"Joseph Ratzinger, i novissimi e l&#8217;escatologia\",\"datePublished\":\"2023-11-30T09:09:01+00:00\",\"dateModified\":\"2024-01-04T13:42:41+00:00\",\"mainEntityOfPage\":{\"@id\":\"https:\\\/\\\/www.rassegnastampa-totustuus.it\\\/cattolica\\\/joseph-ratzinger-i-novissimi-e-lescatologia\\\/\"},\"wordCount\":1504,\"publisher\":{\"@id\":\"https:\\\/\\\/www.rassegnastampa-totustuus.it\\\/cattolica\\\/#organization\"},\"image\":{\"@id\":\"https:\\\/\\\/www.rassegnastampa-totustuus.it\\\/cattolica\\\/joseph-ratzinger-i-novissimi-e-lescatologia\\\/#primaryimage\"},\"thumbnailUrl\":\"https:\\\/\\\/www.rassegnastampa-totustuus.it\\\/cattolica\\\/wp-content\\\/uploads\\\/2016\\\/01\\\/Ratzinger.jpg\",\"keywords\":[\"chiesa\",\"dottrina e morale\",\"giudizio universale\",\"inferno\",\"Joseph Ratzinger\",\"morte\",\"novissimi\",\"paradiso\"],\"articleSection\":[\"Chiesa\",\"Dottrina e morale\"],\"inLanguage\":\"it-IT\"},{\"@type\":\"WebPage\",\"@id\":\"https:\\\/\\\/www.rassegnastampa-totustuus.it\\\/cattolica\\\/joseph-ratzinger-i-novissimi-e-lescatologia\\\/\",\"url\":\"https:\\\/\\\/www.rassegnastampa-totustuus.it\\\/cattolica\\\/joseph-ratzinger-i-novissimi-e-lescatologia\\\/\",\"name\":\"Joseph Ratzinger, i novissimi e l'escatologia - Rassegna Stampa Cattolica\",\"isPartOf\":{\"@id\":\"https:\\\/\\\/www.rassegnastampa-totustuus.it\\\/cattolica\\\/#website\"},\"primaryImageOfPage\":{\"@id\":\"https:\\\/\\\/www.rassegnastampa-totustuus.it\\\/cattolica\\\/joseph-ratzinger-i-novissimi-e-lescatologia\\\/#primaryimage\"},\"image\":{\"@id\":\"https:\\\/\\\/www.rassegnastampa-totustuus.it\\\/cattolica\\\/joseph-ratzinger-i-novissimi-e-lescatologia\\\/#primaryimage\"},\"thumbnailUrl\":\"https:\\\/\\\/www.rassegnastampa-totustuus.it\\\/cattolica\\\/wp-content\\\/uploads\\\/2016\\\/01\\\/Ratzinger.jpg\",\"datePublished\":\"2023-11-30T09:09:01+00:00\",\"dateModified\":\"2024-01-04T13:42:41+00:00\",\"description\":\"Joseph Ratzinger, i novissimi e l'escatologia. Morte, giudizio, inferno e paradiso. Le quattro ultime cose dimenticate\",\"breadcrumb\":{\"@id\":\"https:\\\/\\\/www.rassegnastampa-totustuus.it\\\/cattolica\\\/joseph-ratzinger-i-novissimi-e-lescatologia\\\/#breadcrumb\"},\"inLanguage\":\"it-IT\",\"potentialAction\":[{\"@type\":\"ReadAction\",\"target\":[\"https:\\\/\\\/www.rassegnastampa-totustuus.it\\\/cattolica\\\/joseph-ratzinger-i-novissimi-e-lescatologia\\\/\"]}]},{\"@type\":\"ImageObject\",\"inLanguage\":\"it-IT\",\"@id\":\"https:\\\/\\\/www.rassegnastampa-totustuus.it\\\/cattolica\\\/joseph-ratzinger-i-novissimi-e-lescatologia\\\/#primaryimage\",\"url\":\"https:\\\/\\\/www.rassegnastampa-totustuus.it\\\/cattolica\\\/wp-content\\\/uploads\\\/2016\\\/01\\\/Ratzinger.jpg\",\"contentUrl\":\"https:\\\/\\\/www.rassegnastampa-totustuus.it\\\/cattolica\\\/wp-content\\\/uploads\\\/2016\\\/01\\\/Ratzinger.jpg\",\"width\":193,\"height\":261,\"caption\":\"Joseph Ratzinger e la sua riflessione sui novissimi\"},{\"@type\":\"BreadcrumbList\",\"@id\":\"https:\\\/\\\/www.rassegnastampa-totustuus.it\\\/cattolica\\\/joseph-ratzinger-i-novissimi-e-lescatologia\\\/#breadcrumb\",\"itemListElement\":[{\"@type\":\"ListItem\",\"position\":1,\"name\":\"Home\",\"item\":\"https:\\\/\\\/www.rassegnastampa-totustuus.it\\\/cattolica\\\/\"},{\"@type\":\"ListItem\",\"position\":2,\"name\":\"Joseph Ratzinger, i novissimi e l&#8217;escatologia\"}]},{\"@type\":\"WebSite\",\"@id\":\"https:\\\/\\\/www.rassegnastampa-totustuus.it\\\/cattolica\\\/#website\",\"url\":\"https:\\\/\\\/www.rassegnastampa-totustuus.it\\\/cattolica\\\/\",\"name\":\"Rassegna Stampa Cattolica\",\"description\":\"Per una cultura che nasce dalla Rivelazione cristiana in conformit\u00e0 alla tradizione e al Magistero della Chiesa in opposizione ad ogni relativismo e totalitarismo\",\"publisher\":{\"@id\":\"https:\\\/\\\/www.rassegnastampa-totustuus.it\\\/cattolica\\\/#organization\"},\"alternateName\":\"Rass. Cattolica\",\"potentialAction\":[{\"@type\":\"SearchAction\",\"target\":{\"@type\":\"EntryPoint\",\"urlTemplate\":\"https:\\\/\\\/www.rassegnastampa-totustuus.it\\\/cattolica\\\/?s={search_term_string}\"},\"query-input\":{\"@type\":\"PropertyValueSpecification\",\"valueRequired\":true,\"valueName\":\"search_term_string\"}}],\"inLanguage\":\"it-IT\"},{\"@type\":\"Organization\",\"@id\":\"https:\\\/\\\/www.rassegnastampa-totustuus.it\\\/cattolica\\\/#organization\",\"name\":\"Rassegna Stampa Cattolica\",\"url\":\"https:\\\/\\\/www.rassegnastampa-totustuus.it\\\/cattolica\\\/\",\"logo\":{\"@type\":\"ImageObject\",\"inLanguage\":\"it-IT\",\"@id\":\"https:\\\/\\\/www.rassegnastampa-totustuus.it\\\/cattolica\\\/#\\\/schema\\\/logo\\\/image\\\/\",\"url\":\"https:\\\/\\\/www.rassegnastampa-totustuus.it\\\/cattolica\\\/wp-content\\\/uploads\\\/2014\\\/04\\\/logo-rassegna1.gif\",\"contentUrl\":\"https:\\\/\\\/www.rassegnastampa-totustuus.it\\\/cattolica\\\/wp-content\\\/uploads\\\/2014\\\/04\\\/logo-rassegna1.gif\",\"width\":600,\"height\":163,\"caption\":\"Rassegna Stampa Cattolica\"},\"image\":{\"@id\":\"https:\\\/\\\/www.rassegnastampa-totustuus.it\\\/cattolica\\\/#\\\/schema\\\/logo\\\/image\\\/\"},\"sameAs\":[\"https:\\\/\\\/www.facebook.com\\\/rassegnastampacattolica\",\"https:\\\/\\\/x.com\\\/rassegnastampa9\"]},{\"@type\":\"Person\",\"@id\":\"https:\\\/\\\/www.rassegnastampa-totustuus.it\\\/cattolica\\\/#\\\/schema\\\/person\\\/08f319d2bd1a0904ad9e2bfb7b15e5c3\",\"name\":\"Redazione\",\"image\":{\"@type\":\"ImageObject\",\"inLanguage\":\"it-IT\",\"@id\":\"https:\\\/\\\/secure.gravatar.com\\\/avatar\\\/2fcdf27c78ea025fbdb44e914cc63c72249ffec9dc8aafd5c82b26240ef3f346?s=96&d=mm&r=g\",\"url\":\"https:\\\/\\\/secure.gravatar.com\\\/avatar\\\/2fcdf27c78ea025fbdb44e914cc63c72249ffec9dc8aafd5c82b26240ef3f346?s=96&d=mm&r=g\",\"contentUrl\":\"https:\\\/\\\/secure.gravatar.com\\\/avatar\\\/2fcdf27c78ea025fbdb44e914cc63c72249ffec9dc8aafd5c82b26240ef3f346?s=96&d=mm&r=g\",\"caption\":\"Redazione\"},\"url\":\"https:\\\/\\\/www.rassegnastampa-totustuus.it\\\/cattolica\\\/author\\\/pietroelle\\\/\"}]}<\/script>\n<!-- \/ Yoast SEO plugin. -->","yoast_head_json":{"title":"Joseph Ratzinger, i novissimi e l'escatologia - Rassegna Stampa Cattolica","description":"Joseph Ratzinger, i novissimi e l'escatologia. Morte, giudizio, inferno e paradiso. Le quattro ultime cose dimenticate","robots":{"index":"index","follow":"follow","max-snippet":"max-snippet:-1","max-image-preview":"max-image-preview:large","max-video-preview":"max-video-preview:-1"},"canonical":"https:\/\/www.rassegnastampa-totustuus.it\/cattolica\/joseph-ratzinger-i-novissimi-e-lescatologia\/","og_locale":"it_IT","og_type":"article","og_title":"Joseph Ratzinger, i novissimi e l'escatologia - Rassegna Stampa Cattolica","og_description":"Joseph Ratzinger, i novissimi e l'escatologia. Morte, giudizio, inferno e paradiso. Le quattro ultime cose dimenticate","og_url":"https:\/\/www.rassegnastampa-totustuus.it\/cattolica\/joseph-ratzinger-i-novissimi-e-lescatologia\/","og_site_name":"Rassegna Stampa Cattolica","article_publisher":"https:\/\/www.facebook.com\/rassegnastampacattolica","article_published_time":"2023-11-30T09:09:01+00:00","article_modified_time":"2024-01-04T13:42:41+00:00","og_image":[{"width":193,"height":261,"url":"https:\/\/www.rassegnastampa-totustuus.it\/cattolica\/wp-content\/uploads\/2016\/01\/Ratzinger.jpg","type":"image\/jpeg"}],"author":"Redazione","twitter_card":"summary_large_image","twitter_creator":"@rassegnastampa9","twitter_site":"@rassegnastampa9","twitter_misc":{"Scritto da":"Redazione","Tempo di lettura stimato":"9 minuti"},"schema":{"@context":"https:\/\/schema.org","@graph":[{"@type":"Article","@id":"https:\/\/www.rassegnastampa-totustuus.it\/cattolica\/joseph-ratzinger-i-novissimi-e-lescatologia\/#article","isPartOf":{"@id":"https:\/\/www.rassegnastampa-totustuus.it\/cattolica\/joseph-ratzinger-i-novissimi-e-lescatologia\/"},"author":{"name":"Redazione","@id":"https:\/\/www.rassegnastampa-totustuus.it\/cattolica\/#\/schema\/person\/08f319d2bd1a0904ad9e2bfb7b15e5c3"},"headline":"Joseph Ratzinger, i novissimi e l&#8217;escatologia","datePublished":"2023-11-30T09:09:01+00:00","dateModified":"2024-01-04T13:42:41+00:00","mainEntityOfPage":{"@id":"https:\/\/www.rassegnastampa-totustuus.it\/cattolica\/joseph-ratzinger-i-novissimi-e-lescatologia\/"},"wordCount":1504,"publisher":{"@id":"https:\/\/www.rassegnastampa-totustuus.it\/cattolica\/#organization"},"image":{"@id":"https:\/\/www.rassegnastampa-totustuus.it\/cattolica\/joseph-ratzinger-i-novissimi-e-lescatologia\/#primaryimage"},"thumbnailUrl":"https:\/\/www.rassegnastampa-totustuus.it\/cattolica\/wp-content\/uploads\/2016\/01\/Ratzinger.jpg","keywords":["chiesa","dottrina e morale","giudizio universale","inferno","Joseph Ratzinger","morte","novissimi","paradiso"],"articleSection":["Chiesa","Dottrina e morale"],"inLanguage":"it-IT"},{"@type":"WebPage","@id":"https:\/\/www.rassegnastampa-totustuus.it\/cattolica\/joseph-ratzinger-i-novissimi-e-lescatologia\/","url":"https:\/\/www.rassegnastampa-totustuus.it\/cattolica\/joseph-ratzinger-i-novissimi-e-lescatologia\/","name":"Joseph Ratzinger, i novissimi e l'escatologia - Rassegna Stampa Cattolica","isPartOf":{"@id":"https:\/\/www.rassegnastampa-totustuus.it\/cattolica\/#website"},"primaryImageOfPage":{"@id":"https:\/\/www.rassegnastampa-totustuus.it\/cattolica\/joseph-ratzinger-i-novissimi-e-lescatologia\/#primaryimage"},"image":{"@id":"https:\/\/www.rassegnastampa-totustuus.it\/cattolica\/joseph-ratzinger-i-novissimi-e-lescatologia\/#primaryimage"},"thumbnailUrl":"https:\/\/www.rassegnastampa-totustuus.it\/cattolica\/wp-content\/uploads\/2016\/01\/Ratzinger.jpg","datePublished":"2023-11-30T09:09:01+00:00","dateModified":"2024-01-04T13:42:41+00:00","description":"Joseph Ratzinger, i novissimi e l'escatologia. Morte, giudizio, inferno e paradiso. Le quattro ultime cose dimenticate","breadcrumb":{"@id":"https:\/\/www.rassegnastampa-totustuus.it\/cattolica\/joseph-ratzinger-i-novissimi-e-lescatologia\/#breadcrumb"},"inLanguage":"it-IT","potentialAction":[{"@type":"ReadAction","target":["https:\/\/www.rassegnastampa-totustuus.it\/cattolica\/joseph-ratzinger-i-novissimi-e-lescatologia\/"]}]},{"@type":"ImageObject","inLanguage":"it-IT","@id":"https:\/\/www.rassegnastampa-totustuus.it\/cattolica\/joseph-ratzinger-i-novissimi-e-lescatologia\/#primaryimage","url":"https:\/\/www.rassegnastampa-totustuus.it\/cattolica\/wp-content\/uploads\/2016\/01\/Ratzinger.jpg","contentUrl":"https:\/\/www.rassegnastampa-totustuus.it\/cattolica\/wp-content\/uploads\/2016\/01\/Ratzinger.jpg","width":193,"height":261,"caption":"Joseph Ratzinger e la sua riflessione sui novissimi"},{"@type":"BreadcrumbList","@id":"https:\/\/www.rassegnastampa-totustuus.it\/cattolica\/joseph-ratzinger-i-novissimi-e-lescatologia\/#breadcrumb","itemListElement":[{"@type":"ListItem","position":1,"name":"Home","item":"https:\/\/www.rassegnastampa-totustuus.it\/cattolica\/"},{"@type":"ListItem","position":2,"name":"Joseph Ratzinger, i novissimi e l&#8217;escatologia"}]},{"@type":"WebSite","@id":"https:\/\/www.rassegnastampa-totustuus.it\/cattolica\/#website","url":"https:\/\/www.rassegnastampa-totustuus.it\/cattolica\/","name":"Rassegna Stampa Cattolica","description":"Per una cultura che nasce dalla Rivelazione cristiana in conformit\u00e0 alla tradizione e al Magistero della Chiesa in opposizione ad ogni relativismo e totalitarismo","publisher":{"@id":"https:\/\/www.rassegnastampa-totustuus.it\/cattolica\/#organization"},"alternateName":"Rass. Cattolica","potentialAction":[{"@type":"SearchAction","target":{"@type":"EntryPoint","urlTemplate":"https:\/\/www.rassegnastampa-totustuus.it\/cattolica\/?s={search_term_string}"},"query-input":{"@type":"PropertyValueSpecification","valueRequired":true,"valueName":"search_term_string"}}],"inLanguage":"it-IT"},{"@type":"Organization","@id":"https:\/\/www.rassegnastampa-totustuus.it\/cattolica\/#organization","name":"Rassegna Stampa Cattolica","url":"https:\/\/www.rassegnastampa-totustuus.it\/cattolica\/","logo":{"@type":"ImageObject","inLanguage":"it-IT","@id":"https:\/\/www.rassegnastampa-totustuus.it\/cattolica\/#\/schema\/logo\/image\/","url":"https:\/\/www.rassegnastampa-totustuus.it\/cattolica\/wp-content\/uploads\/2014\/04\/logo-rassegna1.gif","contentUrl":"https:\/\/www.rassegnastampa-totustuus.it\/cattolica\/wp-content\/uploads\/2014\/04\/logo-rassegna1.gif","width":600,"height":163,"caption":"Rassegna Stampa Cattolica"},"image":{"@id":"https:\/\/www.rassegnastampa-totustuus.it\/cattolica\/#\/schema\/logo\/image\/"},"sameAs":["https:\/\/www.facebook.com\/rassegnastampacattolica","https:\/\/x.com\/rassegnastampa9"]},{"@type":"Person","@id":"https:\/\/www.rassegnastampa-totustuus.it\/cattolica\/#\/schema\/person\/08f319d2bd1a0904ad9e2bfb7b15e5c3","name":"Redazione","image":{"@type":"ImageObject","inLanguage":"it-IT","@id":"https:\/\/secure.gravatar.com\/avatar\/2fcdf27c78ea025fbdb44e914cc63c72249ffec9dc8aafd5c82b26240ef3f346?s=96&d=mm&r=g","url":"https:\/\/secure.gravatar.com\/avatar\/2fcdf27c78ea025fbdb44e914cc63c72249ffec9dc8aafd5c82b26240ef3f346?s=96&d=mm&r=g","contentUrl":"https:\/\/secure.gravatar.com\/avatar\/2fcdf27c78ea025fbdb44e914cc63c72249ffec9dc8aafd5c82b26240ef3f346?s=96&d=mm&r=g","caption":"Redazione"},"url":"https:\/\/www.rassegnastampa-totustuus.it\/cattolica\/author\/pietroelle\/"}]}},"_links":{"self":[{"href":"https:\/\/www.rassegnastampa-totustuus.it\/cattolica\/wp-json\/wp\/v2\/posts\/57865","targetHints":{"allow":["GET"]}}],"collection":[{"href":"https:\/\/www.rassegnastampa-totustuus.it\/cattolica\/wp-json\/wp\/v2\/posts"}],"about":[{"href":"https:\/\/www.rassegnastampa-totustuus.it\/cattolica\/wp-json\/wp\/v2\/types\/post"}],"author":[{"embeddable":true,"href":"https:\/\/www.rassegnastampa-totustuus.it\/cattolica\/wp-json\/wp\/v2\/users\/6"}],"replies":[{"embeddable":true,"href":"https:\/\/www.rassegnastampa-totustuus.it\/cattolica\/wp-json\/wp\/v2\/comments?post=57865"}],"version-history":[{"count":3,"href":"https:\/\/www.rassegnastampa-totustuus.it\/cattolica\/wp-json\/wp\/v2\/posts\/57865\/revisions"}],"predecessor-version":[{"id":58651,"href":"https:\/\/www.rassegnastampa-totustuus.it\/cattolica\/wp-json\/wp\/v2\/posts\/57865\/revisions\/58651"}],"wp:featuredmedia":[{"embeddable":true,"href":"https:\/\/www.rassegnastampa-totustuus.it\/cattolica\/wp-json\/wp\/v2\/media\/29328"}],"wp:attachment":[{"href":"https:\/\/www.rassegnastampa-totustuus.it\/cattolica\/wp-json\/wp\/v2\/media?parent=57865"}],"wp:term":[{"taxonomy":"category","embeddable":true,"href":"https:\/\/www.rassegnastampa-totustuus.it\/cattolica\/wp-json\/wp\/v2\/categories?post=57865"},{"taxonomy":"post_tag","embeddable":true,"href":"https:\/\/www.rassegnastampa-totustuus.it\/cattolica\/wp-json\/wp\/v2\/tags?post=57865"}],"curies":[{"name":"wp","href":"https:\/\/api.w.org\/{rel}","templated":true}]}}