{"id":57816,"date":"2023-11-29T10:03:41","date_gmt":"2023-11-29T09:03:41","guid":{"rendered":"https:\/\/www.rassegnastampa-totustuus.it\/cattolica\/?p=57816"},"modified":"2023-11-29T10:03:42","modified_gmt":"2023-11-29T09:03:42","slug":"progressisti-vs-conservatori","status":"publish","type":"post","link":"https:\/\/www.rassegnastampa-totustuus.it\/cattolica\/progressisti-vs-conservatori\/","title":{"rendered":"Progressisti vs conservatori?"},"content":{"rendered":"<p style=\"text-align: justify;\"><strong><span style=\"color: #000000;\"><a style=\"color: #000000;\" href=\"https:\/\/www.laverita.info\/\" target=\"_blank\" rel=\"noopener\"><img loading=\"lazy\" decoding=\"async\" class=\"size-medium wp-image-46022 alignleft\" src=\"https:\/\/www.rassegnastampa-totustuus.it\/cattolica\/wp-content\/uploads\/2020\/01\/destra_sinistra-300x148.jpg\" alt=\"conservatori contro progressisti?\" width=\"300\" height=\"148\" srcset=\"https:\/\/www.rassegnastampa-totustuus.it\/cattolica\/wp-content\/uploads\/2020\/01\/destra_sinistra-300x148.jpg 300w, https:\/\/www.rassegnastampa-totustuus.it\/cattolica\/wp-content\/uploads\/2020\/01\/destra_sinistra-768x380.jpg 768w, https:\/\/www.rassegnastampa-totustuus.it\/cattolica\/wp-content\/uploads\/2020\/01\/destra_sinistra-1024x506.jpg 1024w, https:\/\/www.rassegnastampa-totustuus.it\/cattolica\/wp-content\/uploads\/2020\/01\/destra_sinistra.jpg 1989w\" sizes=\"auto, (max-width: 300px) 100vw, 300px\" \/>Abstract: <\/a><\/span><\/strong><em><span style=\"color: #000000;\"><a style=\"color: #000000;\" href=\"https:\/\/www.laverita.info\/\" target=\"_blank\" rel=\"noopener\">Ha senso dirsi progressisti e conservatori?\u00a0 Che senso ha oggi conservare e progredire?<\/a> Il progressismo si rifugia in alcuni ambiti compatibili col mainstream, tipo la biopolitica, i diritti delle soggettivit\u00e0; il conservatorismo, invece, usa il gergo dell\u2019identit\u00e0 e della sicurezza, ma poi \u00e8 difficile tramutarlo in fatti. Da tempo viviamo dentro un processo esattamente opposto alla auspicata rivoluzione conservatrice: in una stagnazione dissolutrice.<\/span><\/em><\/p>\n<p><!--more--><\/p>\n<p style=\"text-align: center;\"><span style=\"color: #0000ff;\"><strong><a style=\"color: #0000ff;\" href=\"https:\/\/www.laverita.info\/\" target=\"_blank\" rel=\"noopener\">La Verit\u00e0<\/a><\/strong><\/span><em> \u2013 <\/em><span style=\"color: #000000;\">8 ottobre 2023<\/span><\/p>\n<h3 style=\"text-align: center;\"><span style=\"color: #000000;\">Conservare o progredire? Nessuno dei due<\/span><\/h3>\n<p style=\"text-align: center;\"><span style=\"color: #000000;\">di<span style=\"color: #0000ff;\"><a style=\"color: #0000ff;\" href=\"https:\/\/www.marcelloveneziani.com\/\" target=\"_blank\" rel=\"noopener\"> <strong>Marcello Veneziani<\/strong> <\/a><\/span><\/span><\/p>\n<p style=\"text-align: justify;\"><span style=\"color: #000000;\"><img loading=\"lazy\" decoding=\"async\" class=\" wp-image-22732 alignright\" src=\"https:\/\/www.rassegnastampa-totustuus.it\/cattolica\/wp-content\/uploads\/2011\/07\/progressisti.jpg\" alt=\"i progressisti si rifugiano nel mainstream\" width=\"179\" height=\"179\" srcset=\"https:\/\/www.rassegnastampa-totustuus.it\/cattolica\/wp-content\/uploads\/2011\/07\/progressisti.jpg 224w, https:\/\/www.rassegnastampa-totustuus.it\/cattolica\/wp-content\/uploads\/2011\/07\/progressisti-150x150.jpg 150w\" sizes=\"auto, (max-width: 179px) 100vw, 179px\" \/>Ha senso dirsi conservatori e progressisti, che senso ha oggi conservare e progredire? Hanno chiesto a <strong>Luca Ricolfi<\/strong> e a me di \u201cdialogare\u201d a Libropolis, a Pietrasanta, su questo tema doppio. A pensarci fuori dalle divisioni ideologiche, conservare e progredire sono due funzioni naturali, vitali e necessarie della vita personale, comunitaria e pubblica. Come sistole e diastole, come camminare e fermarsi. Non si pu\u00f2 fare a meno di conservare come di progredire. Diventano invece armature, schieramenti e scelte di campo quando si rapportano alle priorit\u00e0, ai caratteri, alle situazioni. E patiscono pregiudiziali ideologiche quando assumono le vesti e le fattezze di categorie politiche<\/span>.<\/p>\n<p style=\"text-align: justify;\"><span style=\"color: #000000;\"><strong>Da lungo tempo vige una specie di deplorazione nella definizione di conservatore.<\/strong> Eppure da decenni naufraga l\u2019idea di progresso e crescono gli atteggiamenti conservatori. Da tempo \u00e8 caduto lo schema ottimistico del progresso incessante e la convinzione che il mondo proceda verso il meglio. <strong>Oggi il futuro \u00e8 visto pi\u00f9 come minaccia che come promessa<\/strong>, suscita angoscia e paura pi\u00f9 che aspettative felici o di riscatto: le catastrofi ambientali e naturali, i timori di contagi, la minaccia nucleare, le migrazioni bibliche, il caos; e poi i costi del progresso, il naufragio dell\u2019escatologia politica e delle rivoluzioni, l\u2019invecchiamento della popolazione concorrono a guardare al futuro con apprensione. Di conseguenza si diffonde un atteggiamento conservatore proteso pi\u00f9 a difendere e prolungare le proprie condizioni di vita che a mutarle e migliorarle. Se la storia procede per cicli pendolari siamo ora sul versante conservatore. E il prevalere in campo politico e nel consenso popolare di leader, forze e schieramenti conservatori ne \u00e8 una conseguenza, piuttosto che una causa.<\/span><\/p>\n<p style=\"text-align: justify;\"><span style=\"color: #000000;\"><img loading=\"lazy\" decoding=\"async\" class=\"size-full wp-image-44895 alignleft\" src=\"https:\/\/www.rassegnastampa-totustuus.it\/cattolica\/wp-content\/uploads\/2019\/10\/Futuro.jpg\" alt=\"il futuro oggi \u00e8 pi\u00f9 una minaccia che una promessa di progresso\" width=\"262\" height=\"193\" \/>Il progresso oggi deve vedersela con tre fattori avversi che non provengono dal campo antagonista ma che sorgono nel suo seno.<\/span><\/p>\n<p style=\"text-align: justify;\"><span style=\"color: #000000;\"><strong>Il primo \u00e8 che l\u2019ideologia del progresso ha lasciato da tempo il posto al format dello sviluppo<\/strong>. Gi\u00e0 pi\u00f9 di mezzo secolo fa si distingueva tra progresso e sviluppo, lo faceva pure Pasolini e quanti denunciavano, come il club di Roma i limiti dello sviluppo. Lo sviluppo \u00e8 la crescita determinata dall\u2019espansione del mercato, dei consumi e della tecnologia; non accompagnata da una ideologia progressista e da una coscienza sociale ed egualitaria, ma pi\u00f9 compatibile con forme di liberismo, tecnocrazia e capitalismo globale. La convinzione \u00e8 che la crescita produca comunque migliori condizioni di vita, sempre pi\u00f9 estese; ma di fatto non \u00e8 poi cos\u00ec, crescono i divari e le disparit\u00e0, l\u2019invidia sociale e lo scontento.<\/span><\/p>\n<p style=\"text-align: justify;\">Allo sviluppo illimitato si oppone oggi l\u2019ambientalismo, assai diffuso nel mondo di derivazione progressista; ma il messaggio ecologista mira a frenare la crescita, se non a ipotizzare la decrescita; punta a fermare il progresso, se non a tornare indietro. Un messaggio conservatore anche se farcito di intenzioni e linguaggi progressisti ma ecosostenibili.<\/p>\n<p style=\"text-align: justify;\"><span style=\"color: #000000;\"><img loading=\"lazy\" decoding=\"async\" class=\"wp-image-31986 alignright\" src=\"https:\/\/www.rassegnastampa-totustuus.it\/cattolica\/wp-content\/uploads\/2016\/03\/conservatori.jpg\" alt=\"Il nucleo dei conservatori:  una maggiore aderenza alla realt\u00e0\" width=\"230\" height=\"172\" \/><strong>Analogo cortocircuito produce nel mondo progressista l\u2019accoglienza ai flussi migratori<\/strong>. Sorge dall\u2019estensione universale dei diritti umani, per allargare il benessere e il progresso a tutti e aprire le porte al resto del mondo. Ma la massiccia immissione di popolazioni provenienti da contesti culturali, religiosi, sociali in conflitto con le societ\u00e0 progredite, coi diritti umani e la parit\u00e0, produce un ulteriore testacoda del modello progressista. E induce per reazione, le popolazioni occidentali a rinchiudersi nelle proprie paure, sentendosi assediati, espropriati ed estraniati in casa propria, in cerca di sicurezza e collanti identitari.<\/span><\/p>\n<p style=\"text-align: justify;\"><span style=\"color: #000000;\">Insomma lo sviluppo, l\u2019ecologia e i flussi migratori non lavorano a favore del progresso; piuttosto concorrono a rafforzare risposte conservatrici, per analogia o per contrappasso.<\/span><\/p>\n<p style=\"text-align: justify;\">Ma dall\u2019altro versante conservatore, prevale il disorientamento, per il rapido, irreversibile sgretolarsi di un mondo e di una civilt\u00e0; la perdita progressiva di memoria storica e identit\u00e0, del pensiero e della fede, dei legami sociali, stili di vita, canoni culturali, educativi, morali e religiosi. Al cortocircuito del progresso corrisponde il collasso dell\u2019universo conservatore.<\/p>\n<p style=\"text-align: justify;\"><span style=\"color: #000000;\"><strong><img loading=\"lazy\" decoding=\"async\" class=\"size-full wp-image-56965 alignleft\" src=\"https:\/\/www.rassegnastampa-totustuus.it\/cattolica\/wp-content\/uploads\/2023\/10\/conservatorismo.jpeg\" alt=\"\" width=\"292\" height=\"173\" \/>Qual \u00e8 il nucleo forte della mentalit\u00e0 conservatrice?<\/strong> La maggiore aderenza alla realt\u00e0, l\u2019attenzione positiva verso il sentire comune, il legame identitario, comunitario e securitario con la tradizione, con la memoria storica; il nesso tra diritti e doveri, l\u2019importanza dei diritti naturali e delle comunit\u00e0 naturali.<\/span><\/p>\n<p style=\"text-align: justify;\"><span style=\"color: #000000;\">La parola chiave del pensiero progressista sia nella versione liberal che in quella radical, \u00e8 invece liberazione, ovvero emancipazione, superamento della natura nel nome della fluidit\u00e0 e sradicamento nel nome del nomadismo; primato dei diritti soggettivi, fino alla coincidenza coi desideri. Conservatori e progressisti sono assediati e logorati dal predominio dell\u2019Infinito Presente Globale, all\u2019insegna di un individualismo nichilista, di massa, che recide i ponti col passato e col futuro, coi legami sociali e con le idee, e dipende solo dalla supremazia della finanza e della tecnica. Questo processo assume ancora il nome di liberalismo, ma \u00e8 solo una protesi. <strong>Cos\u00ec il progressismo si rifugia in alcuni ambiti compatibili col mainstream, tipo la biopolitica, i diritti delle soggettivit\u00e0; il conservatorismo, invece, usa il gergo dell\u2019identit\u00e0 e della sicurezza, ma poi \u00e8 difficile tramutarlo in fatti.<\/strong> Cos\u00ec \u00e8 forte il rischio di avere solo maschere progressiste e conservatrici, funzionali al Potere globale.<\/span><\/p>\n<p style=\"text-align: justify;\"><span style=\"color: #000000;\">Un tempo pensavo che fosse necessaria una rivoluzione conservatrice che rinnovasse radicalmente gli assetti sociali e istituzionali e salvaguardasse i principi e i legami. Ma da tempo viviamo dentro un processo esattamente opposto: non rivoluzione conservatrice ma stagnazione dissolutrice. Dove era auspicabile il cambiamento vige la stagnazione, la persistenza di una cappa, un modello uniforme da cui \u00e8 impossibile uscire. Dove invece era auspicabile conservare \u00e8 in atto un processo disgregativo e dissolutivo che accelera il declino delle civilt\u00e0 e procede verso una radicale disumanizzazione. Cos\u00ec conservare e progredire vanno a farsi benedire.<\/span><\/p>\n","protected":false},"excerpt":{"rendered":"<p>Abstract: Ha senso dirsi progressisti e conservatori?\u00a0 Che senso ha oggi conservare e progredire? Il progressismo si rifugia in alcuni ambiti compatibili col mainstream, tipo la biopolitica, i diritti delle soggettivit\u00e0; il conservatorismo, invece, usa il gergo dell\u2019identit\u00e0 e della sicurezza, ma poi \u00e8 difficile tramutarlo in fatti. Da tempo viviamo dentro un processo esattamente &hellip; <\/p>\n<p><a class=\"more-link btn\" href=\"https:\/\/www.rassegnastampa-totustuus.it\/cattolica\/progressisti-vs-conservatori\/\">Continua a leggere<\/a><\/p>\n","protected":false},"author":6,"featured_media":46022,"comment_status":"closed","ping_status":"closed","sticky":false,"template":"","format":"standard","meta":{"footnotes":""},"categories":[25],"tags":[798,749,2980],"class_list":["post-57816","post","type-post","status-publish","format-standard","has-post-thumbnail","hentry","category-sguardo-sul-nostro-tempo","tag-conservatori","tag-destra-e-sinistra","tag-progressisti","item-wrap"],"yoast_head":"<!-- This site is optimized with the Yoast SEO plugin v27.5 - https:\/\/yoast.com\/product\/yoast-seo-wordpress\/ -->\n<title>Progressisti vs conservatori? - Rassegna Stampa Cattolica<\/title>\n<meta name=\"description\" content=\"Progressisti vs conservatori. Ha senso dirsi progressisti e conservatori?\u00a0 Che senso ha oggi conservare e progredire?\" \/>\n<meta name=\"robots\" content=\"index, follow, max-snippet:-1, max-image-preview:large, max-video-preview:-1\" \/>\n<link rel=\"canonical\" href=\"https:\/\/www.rassegnastampa-totustuus.it\/cattolica\/progressisti-vs-conservatori\/\" \/>\n<meta property=\"og:locale\" content=\"it_IT\" \/>\n<meta property=\"og:type\" content=\"article\" \/>\n<meta property=\"og:title\" content=\"Progressisti vs conservatori? - Rassegna Stampa Cattolica\" \/>\n<meta property=\"og:description\" content=\"Progressisti vs conservatori. Ha senso dirsi progressisti e conservatori?\u00a0 Che senso ha oggi conservare e progredire?\" \/>\n<meta property=\"og:url\" content=\"https:\/\/www.rassegnastampa-totustuus.it\/cattolica\/progressisti-vs-conservatori\/\" \/>\n<meta property=\"og:site_name\" content=\"Rassegna Stampa Cattolica\" \/>\n<meta property=\"article:publisher\" content=\"https:\/\/www.facebook.com\/rassegnastampacattolica\" \/>\n<meta property=\"article:published_time\" content=\"2023-11-29T09:03:41+00:00\" \/>\n<meta property=\"article:modified_time\" content=\"2023-11-29T09:03:42+00:00\" \/>\n<meta property=\"og:image\" content=\"https:\/\/www.rassegnastampa-totustuus.it\/cattolica\/wp-content\/uploads\/2020\/01\/destra_sinistra.jpg\" \/>\n\t<meta property=\"og:image:width\" content=\"1989\" \/>\n\t<meta property=\"og:image:height\" content=\"983\" \/>\n\t<meta property=\"og:image:type\" content=\"image\/jpeg\" \/>\n<meta name=\"author\" content=\"Redazione\" \/>\n<meta name=\"twitter:card\" content=\"summary_large_image\" \/>\n<meta name=\"twitter:creator\" content=\"@rassegnastampa9\" \/>\n<meta name=\"twitter:site\" content=\"@rassegnastampa9\" \/>\n<meta name=\"twitter:label1\" content=\"Scritto da\" \/>\n\t<meta name=\"twitter:data1\" content=\"Redazione\" \/>\n\t<meta name=\"twitter:label2\" content=\"Tempo di lettura stimato\" \/>\n\t<meta name=\"twitter:data2\" content=\"7 minuti\" \/>\n<script type=\"application\/ld+json\" class=\"yoast-schema-graph\">{\"@context\":\"https:\\\/\\\/schema.org\",\"@graph\":[{\"@type\":\"Article\",\"@id\":\"https:\\\/\\\/www.rassegnastampa-totustuus.it\\\/cattolica\\\/progressisti-vs-conservatori\\\/#article\",\"isPartOf\":{\"@id\":\"https:\\\/\\\/www.rassegnastampa-totustuus.it\\\/cattolica\\\/progressisti-vs-conservatori\\\/\"},\"author\":{\"name\":\"Redazione\",\"@id\":\"https:\\\/\\\/www.rassegnastampa-totustuus.it\\\/cattolica\\\/#\\\/schema\\\/person\\\/08f319d2bd1a0904ad9e2bfb7b15e5c3\"},\"headline\":\"Progressisti vs conservatori?\",\"datePublished\":\"2023-11-29T09:03:41+00:00\",\"dateModified\":\"2023-11-29T09:03:42+00:00\",\"mainEntityOfPage\":{\"@id\":\"https:\\\/\\\/www.rassegnastampa-totustuus.it\\\/cattolica\\\/progressisti-vs-conservatori\\\/\"},\"wordCount\":997,\"publisher\":{\"@id\":\"https:\\\/\\\/www.rassegnastampa-totustuus.it\\\/cattolica\\\/#organization\"},\"image\":{\"@id\":\"https:\\\/\\\/www.rassegnastampa-totustuus.it\\\/cattolica\\\/progressisti-vs-conservatori\\\/#primaryimage\"},\"thumbnailUrl\":\"https:\\\/\\\/www.rassegnastampa-totustuus.it\\\/cattolica\\\/wp-content\\\/uploads\\\/2020\\\/01\\\/destra_sinistra.jpg\",\"keywords\":[\"conservatori\",\"destra e sinistra\",\"progressisti\"],\"articleSection\":[\"Sguardo sul nostro tempo\"],\"inLanguage\":\"it-IT\"},{\"@type\":\"WebPage\",\"@id\":\"https:\\\/\\\/www.rassegnastampa-totustuus.it\\\/cattolica\\\/progressisti-vs-conservatori\\\/\",\"url\":\"https:\\\/\\\/www.rassegnastampa-totustuus.it\\\/cattolica\\\/progressisti-vs-conservatori\\\/\",\"name\":\"Progressisti vs conservatori? - Rassegna Stampa Cattolica\",\"isPartOf\":{\"@id\":\"https:\\\/\\\/www.rassegnastampa-totustuus.it\\\/cattolica\\\/#website\"},\"primaryImageOfPage\":{\"@id\":\"https:\\\/\\\/www.rassegnastampa-totustuus.it\\\/cattolica\\\/progressisti-vs-conservatori\\\/#primaryimage\"},\"image\":{\"@id\":\"https:\\\/\\\/www.rassegnastampa-totustuus.it\\\/cattolica\\\/progressisti-vs-conservatori\\\/#primaryimage\"},\"thumbnailUrl\":\"https:\\\/\\\/www.rassegnastampa-totustuus.it\\\/cattolica\\\/wp-content\\\/uploads\\\/2020\\\/01\\\/destra_sinistra.jpg\",\"datePublished\":\"2023-11-29T09:03:41+00:00\",\"dateModified\":\"2023-11-29T09:03:42+00:00\",\"description\":\"Progressisti vs conservatori. Ha senso dirsi progressisti e conservatori?\u00a0 Che senso ha oggi conservare e progredire?\",\"breadcrumb\":{\"@id\":\"https:\\\/\\\/www.rassegnastampa-totustuus.it\\\/cattolica\\\/progressisti-vs-conservatori\\\/#breadcrumb\"},\"inLanguage\":\"it-IT\",\"potentialAction\":[{\"@type\":\"ReadAction\",\"target\":[\"https:\\\/\\\/www.rassegnastampa-totustuus.it\\\/cattolica\\\/progressisti-vs-conservatori\\\/\"]}]},{\"@type\":\"ImageObject\",\"inLanguage\":\"it-IT\",\"@id\":\"https:\\\/\\\/www.rassegnastampa-totustuus.it\\\/cattolica\\\/progressisti-vs-conservatori\\\/#primaryimage\",\"url\":\"https:\\\/\\\/www.rassegnastampa-totustuus.it\\\/cattolica\\\/wp-content\\\/uploads\\\/2020\\\/01\\\/destra_sinistra.jpg\",\"contentUrl\":\"https:\\\/\\\/www.rassegnastampa-totustuus.it\\\/cattolica\\\/wp-content\\\/uploads\\\/2020\\\/01\\\/destra_sinistra.jpg\",\"width\":1989,\"height\":983,\"caption\":\"conservatori contro progressisti?\"},{\"@type\":\"BreadcrumbList\",\"@id\":\"https:\\\/\\\/www.rassegnastampa-totustuus.it\\\/cattolica\\\/progressisti-vs-conservatori\\\/#breadcrumb\",\"itemListElement\":[{\"@type\":\"ListItem\",\"position\":1,\"name\":\"Home\",\"item\":\"https:\\\/\\\/www.rassegnastampa-totustuus.it\\\/cattolica\\\/\"},{\"@type\":\"ListItem\",\"position\":2,\"name\":\"Progressisti vs conservatori?\"}]},{\"@type\":\"WebSite\",\"@id\":\"https:\\\/\\\/www.rassegnastampa-totustuus.it\\\/cattolica\\\/#website\",\"url\":\"https:\\\/\\\/www.rassegnastampa-totustuus.it\\\/cattolica\\\/\",\"name\":\"Rassegna Stampa Cattolica\",\"description\":\"Per una cultura che nasce dalla Rivelazione cristiana in conformit\u00e0 alla tradizione e al Magistero della Chiesa in opposizione ad ogni relativismo e totalitarismo\",\"publisher\":{\"@id\":\"https:\\\/\\\/www.rassegnastampa-totustuus.it\\\/cattolica\\\/#organization\"},\"alternateName\":\"Rass. Cattolica\",\"potentialAction\":[{\"@type\":\"SearchAction\",\"target\":{\"@type\":\"EntryPoint\",\"urlTemplate\":\"https:\\\/\\\/www.rassegnastampa-totustuus.it\\\/cattolica\\\/?s={search_term_string}\"},\"query-input\":{\"@type\":\"PropertyValueSpecification\",\"valueRequired\":true,\"valueName\":\"search_term_string\"}}],\"inLanguage\":\"it-IT\"},{\"@type\":\"Organization\",\"@id\":\"https:\\\/\\\/www.rassegnastampa-totustuus.it\\\/cattolica\\\/#organization\",\"name\":\"Rassegna Stampa Cattolica\",\"url\":\"https:\\\/\\\/www.rassegnastampa-totustuus.it\\\/cattolica\\\/\",\"logo\":{\"@type\":\"ImageObject\",\"inLanguage\":\"it-IT\",\"@id\":\"https:\\\/\\\/www.rassegnastampa-totustuus.it\\\/cattolica\\\/#\\\/schema\\\/logo\\\/image\\\/\",\"url\":\"https:\\\/\\\/www.rassegnastampa-totustuus.it\\\/cattolica\\\/wp-content\\\/uploads\\\/2014\\\/04\\\/logo-rassegna1.gif\",\"contentUrl\":\"https:\\\/\\\/www.rassegnastampa-totustuus.it\\\/cattolica\\\/wp-content\\\/uploads\\\/2014\\\/04\\\/logo-rassegna1.gif\",\"width\":600,\"height\":163,\"caption\":\"Rassegna Stampa Cattolica\"},\"image\":{\"@id\":\"https:\\\/\\\/www.rassegnastampa-totustuus.it\\\/cattolica\\\/#\\\/schema\\\/logo\\\/image\\\/\"},\"sameAs\":[\"https:\\\/\\\/www.facebook.com\\\/rassegnastampacattolica\",\"https:\\\/\\\/x.com\\\/rassegnastampa9\"]},{\"@type\":\"Person\",\"@id\":\"https:\\\/\\\/www.rassegnastampa-totustuus.it\\\/cattolica\\\/#\\\/schema\\\/person\\\/08f319d2bd1a0904ad9e2bfb7b15e5c3\",\"name\":\"Redazione\",\"image\":{\"@type\":\"ImageObject\",\"inLanguage\":\"it-IT\",\"@id\":\"https:\\\/\\\/secure.gravatar.com\\\/avatar\\\/2fcdf27c78ea025fbdb44e914cc63c72249ffec9dc8aafd5c82b26240ef3f346?s=96&d=mm&r=g\",\"url\":\"https:\\\/\\\/secure.gravatar.com\\\/avatar\\\/2fcdf27c78ea025fbdb44e914cc63c72249ffec9dc8aafd5c82b26240ef3f346?s=96&d=mm&r=g\",\"contentUrl\":\"https:\\\/\\\/secure.gravatar.com\\\/avatar\\\/2fcdf27c78ea025fbdb44e914cc63c72249ffec9dc8aafd5c82b26240ef3f346?s=96&d=mm&r=g\",\"caption\":\"Redazione\"},\"url\":\"https:\\\/\\\/www.rassegnastampa-totustuus.it\\\/cattolica\\\/author\\\/pietroelle\\\/\"}]}<\/script>\n<!-- \/ Yoast SEO plugin. -->","yoast_head_json":{"title":"Progressisti vs conservatori? - Rassegna Stampa Cattolica","description":"Progressisti vs conservatori. Ha senso dirsi progressisti e conservatori?\u00a0 Che senso ha oggi conservare e progredire?","robots":{"index":"index","follow":"follow","max-snippet":"max-snippet:-1","max-image-preview":"max-image-preview:large","max-video-preview":"max-video-preview:-1"},"canonical":"https:\/\/www.rassegnastampa-totustuus.it\/cattolica\/progressisti-vs-conservatori\/","og_locale":"it_IT","og_type":"article","og_title":"Progressisti vs conservatori? - Rassegna Stampa Cattolica","og_description":"Progressisti vs conservatori. Ha senso dirsi progressisti e conservatori?\u00a0 Che senso ha oggi conservare e progredire?","og_url":"https:\/\/www.rassegnastampa-totustuus.it\/cattolica\/progressisti-vs-conservatori\/","og_site_name":"Rassegna Stampa Cattolica","article_publisher":"https:\/\/www.facebook.com\/rassegnastampacattolica","article_published_time":"2023-11-29T09:03:41+00:00","article_modified_time":"2023-11-29T09:03:42+00:00","og_image":[{"width":1989,"height":983,"url":"https:\/\/www.rassegnastampa-totustuus.it\/cattolica\/wp-content\/uploads\/2020\/01\/destra_sinistra.jpg","type":"image\/jpeg"}],"author":"Redazione","twitter_card":"summary_large_image","twitter_creator":"@rassegnastampa9","twitter_site":"@rassegnastampa9","twitter_misc":{"Scritto da":"Redazione","Tempo di lettura stimato":"7 minuti"},"schema":{"@context":"https:\/\/schema.org","@graph":[{"@type":"Article","@id":"https:\/\/www.rassegnastampa-totustuus.it\/cattolica\/progressisti-vs-conservatori\/#article","isPartOf":{"@id":"https:\/\/www.rassegnastampa-totustuus.it\/cattolica\/progressisti-vs-conservatori\/"},"author":{"name":"Redazione","@id":"https:\/\/www.rassegnastampa-totustuus.it\/cattolica\/#\/schema\/person\/08f319d2bd1a0904ad9e2bfb7b15e5c3"},"headline":"Progressisti vs conservatori?","datePublished":"2023-11-29T09:03:41+00:00","dateModified":"2023-11-29T09:03:42+00:00","mainEntityOfPage":{"@id":"https:\/\/www.rassegnastampa-totustuus.it\/cattolica\/progressisti-vs-conservatori\/"},"wordCount":997,"publisher":{"@id":"https:\/\/www.rassegnastampa-totustuus.it\/cattolica\/#organization"},"image":{"@id":"https:\/\/www.rassegnastampa-totustuus.it\/cattolica\/progressisti-vs-conservatori\/#primaryimage"},"thumbnailUrl":"https:\/\/www.rassegnastampa-totustuus.it\/cattolica\/wp-content\/uploads\/2020\/01\/destra_sinistra.jpg","keywords":["conservatori","destra e sinistra","progressisti"],"articleSection":["Sguardo sul nostro tempo"],"inLanguage":"it-IT"},{"@type":"WebPage","@id":"https:\/\/www.rassegnastampa-totustuus.it\/cattolica\/progressisti-vs-conservatori\/","url":"https:\/\/www.rassegnastampa-totustuus.it\/cattolica\/progressisti-vs-conservatori\/","name":"Progressisti vs conservatori? - Rassegna Stampa Cattolica","isPartOf":{"@id":"https:\/\/www.rassegnastampa-totustuus.it\/cattolica\/#website"},"primaryImageOfPage":{"@id":"https:\/\/www.rassegnastampa-totustuus.it\/cattolica\/progressisti-vs-conservatori\/#primaryimage"},"image":{"@id":"https:\/\/www.rassegnastampa-totustuus.it\/cattolica\/progressisti-vs-conservatori\/#primaryimage"},"thumbnailUrl":"https:\/\/www.rassegnastampa-totustuus.it\/cattolica\/wp-content\/uploads\/2020\/01\/destra_sinistra.jpg","datePublished":"2023-11-29T09:03:41+00:00","dateModified":"2023-11-29T09:03:42+00:00","description":"Progressisti vs conservatori. Ha senso dirsi progressisti e conservatori?\u00a0 Che senso ha oggi conservare e progredire?","breadcrumb":{"@id":"https:\/\/www.rassegnastampa-totustuus.it\/cattolica\/progressisti-vs-conservatori\/#breadcrumb"},"inLanguage":"it-IT","potentialAction":[{"@type":"ReadAction","target":["https:\/\/www.rassegnastampa-totustuus.it\/cattolica\/progressisti-vs-conservatori\/"]}]},{"@type":"ImageObject","inLanguage":"it-IT","@id":"https:\/\/www.rassegnastampa-totustuus.it\/cattolica\/progressisti-vs-conservatori\/#primaryimage","url":"https:\/\/www.rassegnastampa-totustuus.it\/cattolica\/wp-content\/uploads\/2020\/01\/destra_sinistra.jpg","contentUrl":"https:\/\/www.rassegnastampa-totustuus.it\/cattolica\/wp-content\/uploads\/2020\/01\/destra_sinistra.jpg","width":1989,"height":983,"caption":"conservatori contro progressisti?"},{"@type":"BreadcrumbList","@id":"https:\/\/www.rassegnastampa-totustuus.it\/cattolica\/progressisti-vs-conservatori\/#breadcrumb","itemListElement":[{"@type":"ListItem","position":1,"name":"Home","item":"https:\/\/www.rassegnastampa-totustuus.it\/cattolica\/"},{"@type":"ListItem","position":2,"name":"Progressisti vs conservatori?"}]},{"@type":"WebSite","@id":"https:\/\/www.rassegnastampa-totustuus.it\/cattolica\/#website","url":"https:\/\/www.rassegnastampa-totustuus.it\/cattolica\/","name":"Rassegna Stampa Cattolica","description":"Per una cultura che nasce dalla Rivelazione cristiana in conformit\u00e0 alla tradizione e al Magistero della Chiesa in opposizione ad ogni relativismo e totalitarismo","publisher":{"@id":"https:\/\/www.rassegnastampa-totustuus.it\/cattolica\/#organization"},"alternateName":"Rass. Cattolica","potentialAction":[{"@type":"SearchAction","target":{"@type":"EntryPoint","urlTemplate":"https:\/\/www.rassegnastampa-totustuus.it\/cattolica\/?s={search_term_string}"},"query-input":{"@type":"PropertyValueSpecification","valueRequired":true,"valueName":"search_term_string"}}],"inLanguage":"it-IT"},{"@type":"Organization","@id":"https:\/\/www.rassegnastampa-totustuus.it\/cattolica\/#organization","name":"Rassegna Stampa Cattolica","url":"https:\/\/www.rassegnastampa-totustuus.it\/cattolica\/","logo":{"@type":"ImageObject","inLanguage":"it-IT","@id":"https:\/\/www.rassegnastampa-totustuus.it\/cattolica\/#\/schema\/logo\/image\/","url":"https:\/\/www.rassegnastampa-totustuus.it\/cattolica\/wp-content\/uploads\/2014\/04\/logo-rassegna1.gif","contentUrl":"https:\/\/www.rassegnastampa-totustuus.it\/cattolica\/wp-content\/uploads\/2014\/04\/logo-rassegna1.gif","width":600,"height":163,"caption":"Rassegna Stampa Cattolica"},"image":{"@id":"https:\/\/www.rassegnastampa-totustuus.it\/cattolica\/#\/schema\/logo\/image\/"},"sameAs":["https:\/\/www.facebook.com\/rassegnastampacattolica","https:\/\/x.com\/rassegnastampa9"]},{"@type":"Person","@id":"https:\/\/www.rassegnastampa-totustuus.it\/cattolica\/#\/schema\/person\/08f319d2bd1a0904ad9e2bfb7b15e5c3","name":"Redazione","image":{"@type":"ImageObject","inLanguage":"it-IT","@id":"https:\/\/secure.gravatar.com\/avatar\/2fcdf27c78ea025fbdb44e914cc63c72249ffec9dc8aafd5c82b26240ef3f346?s=96&d=mm&r=g","url":"https:\/\/secure.gravatar.com\/avatar\/2fcdf27c78ea025fbdb44e914cc63c72249ffec9dc8aafd5c82b26240ef3f346?s=96&d=mm&r=g","contentUrl":"https:\/\/secure.gravatar.com\/avatar\/2fcdf27c78ea025fbdb44e914cc63c72249ffec9dc8aafd5c82b26240ef3f346?s=96&d=mm&r=g","caption":"Redazione"},"url":"https:\/\/www.rassegnastampa-totustuus.it\/cattolica\/author\/pietroelle\/"}]}},"_links":{"self":[{"href":"https:\/\/www.rassegnastampa-totustuus.it\/cattolica\/wp-json\/wp\/v2\/posts\/57816","targetHints":{"allow":["GET"]}}],"collection":[{"href":"https:\/\/www.rassegnastampa-totustuus.it\/cattolica\/wp-json\/wp\/v2\/posts"}],"about":[{"href":"https:\/\/www.rassegnastampa-totustuus.it\/cattolica\/wp-json\/wp\/v2\/types\/post"}],"author":[{"embeddable":true,"href":"https:\/\/www.rassegnastampa-totustuus.it\/cattolica\/wp-json\/wp\/v2\/users\/6"}],"replies":[{"embeddable":true,"href":"https:\/\/www.rassegnastampa-totustuus.it\/cattolica\/wp-json\/wp\/v2\/comments?post=57816"}],"version-history":[{"count":1,"href":"https:\/\/www.rassegnastampa-totustuus.it\/cattolica\/wp-json\/wp\/v2\/posts\/57816\/revisions"}],"predecessor-version":[{"id":57817,"href":"https:\/\/www.rassegnastampa-totustuus.it\/cattolica\/wp-json\/wp\/v2\/posts\/57816\/revisions\/57817"}],"wp:featuredmedia":[{"embeddable":true,"href":"https:\/\/www.rassegnastampa-totustuus.it\/cattolica\/wp-json\/wp\/v2\/media\/46022"}],"wp:attachment":[{"href":"https:\/\/www.rassegnastampa-totustuus.it\/cattolica\/wp-json\/wp\/v2\/media?parent=57816"}],"wp:term":[{"taxonomy":"category","embeddable":true,"href":"https:\/\/www.rassegnastampa-totustuus.it\/cattolica\/wp-json\/wp\/v2\/categories?post=57816"},{"taxonomy":"post_tag","embeddable":true,"href":"https:\/\/www.rassegnastampa-totustuus.it\/cattolica\/wp-json\/wp\/v2\/tags?post=57816"}],"curies":[{"name":"wp","href":"https:\/\/api.w.org\/{rel}","templated":true}]}}