{"id":5778,"date":"2013-11-07T00:00:00","date_gmt":"2013-11-06T23:00:00","guid":{"rendered":""},"modified":"2023-11-03T15:52:51","modified_gmt":"2023-11-03T14:52:51","slug":"bartelloni-e-agnoli-raccontano-scienziati-in-tonaca","status":"publish","type":"post","link":"https:\/\/www.rassegnastampa-totustuus.it\/cattolica\/bartelloni-e-agnoli-raccontano-scienziati-in-tonaca\/","title":{"rendered":"Bartelloni e Agnoli raccontano scienziati in tonaca"},"content":{"rendered":"<div align=\"center\"><strong><a href=\"https:\/\/www.rassegnastampa-totustuus.it\/cattolica\/wp-content\/uploads\/2013\/11\/scienziati_tonaca1.jpg\"><img loading=\"lazy\" decoding=\"async\" class=\"size-full wp-image-7215 alignleft\" src=\"https:\/\/www.rassegnastampa-totustuus.it\/cattolica\/wp-content\/uploads\/2013\/11\/scienziati_tonaca1.jpg\" alt=\"scienziati_tonaca\" width=\"144\" height=\"224\" \/><\/a>Il Tirreno<\/strong> cronaca di Pisa 2 novembre 2013<\/div>\n<p style=\"text-align: justify;\">Andrea Bartelloni \u00e8 un medico chirurgo e vive a Marina di Pisa, Francesco Agnoli \u00e8 uno storico non ancora quarantenne, nato a Bologna. I due firmano un libro uscito da pochi giorni e intitolato &#8220;Scienziati in tonaca. Da Copernico, padre dell&#8217; eliocentrismo, a Lama\u00ectre, padre del Big Bang&#8221; (Edizioni Lindau, 14 euro).<\/p>\n<p style=\"text-align: justify;\">Sacerdoti e scienziati: chiss\u00e0 perch\u00e9, all&#8217;orecchio dell&#8217;uomo contemporaneo, questa accoppiata suona male &#8211; si legge nella presentazione del volume -. Il punto \u00e8 che i dogmi del positivismo, sposati sia da molti ambienti liberali sia dalle dittature novecentesche, detti e ripetuti infinite volte, hanno fatto breccia nell&#8217;immaginario collettivo, nutrito da una versione banale, zoppa e antistorica dell&#8217;affare Galilei.<span style=\"font-size: 12px;\">\u00a0<\/span><\/p>\n<p><!--more--><\/p>\n<div align=\"justify\">\n<p>La realt\u00e0, per\u00f2, \u00e8 facilmente verificabile: all&#8217;origine della scienza sperimentale moderna vi sono essenzialmente uomini religiosi, profondamente religiosi; uomini per i quali studiare la natura altro non \u00e8 che cercare di leggere il libro scritto dal Creatore, andare alla ricerca delle sue tracce, delle sue orme.<\/p>\n<p>Senza nessuna presunzione di possedere ogni verit\u00e0, di ridurre la causa prima alle cause seconde, di trasformare la scienza sperimentale in una fede, di farne una metafisica onnicomprensiva.Cos\u00ec \u00e8 stato per Keplero, Newton, Maxwell, Volta, Galvani, Planck, e per tantissimi altri giganti del pensiero scientifico. Cos\u00ec \u00e8 stato anche per numerosi sacerdoti che hanno contribuito con il loro lavoro alla nascita della citologia, della biologia, della genetica, della cristallograf\u00eca, della geologia, dell&#8217;astronomia.<\/p>\n<p>Nomi a tutti noti, come quello di Gregor Mendel, e meno noti, come quello di Georges Lemai-tre, padre del Big Bang, o del tutto dimenticati come quelli dell&#8217;Abb\u00e9 Rene Just Haiiy, di padre Corti, padre Venturi, padre Bertelli\u00bb.Francesco Agnoli (Bologna, 1974) \u00e8 uno storico. Collabora con giornali, riviste, radio. Ha pubblicato tra gli altri: &#8220;Novecento. Il secolo senza croce&#8221; (SugarCo); &#8220;Scienziati, dunque credenti, Spallanzani e Mendel: alle origini di biologia e genetica&#8221;, &#8220;La grande storia della carit\u00e0&#8221; (Cantagalli). Per La Fontana di Siloe \u00e8 usci\u00adto, nel 2013, &#8220;Miracoli. L&#8217;irru\u00adzione del soprannaturale nella storia&#8221;, scritto insieme a Giulia Tanel.<\/p>\n<p>Andrea Bartelloni, nato nel 1956, vive a Marina di Pisa. Medico chirurgo, collabora con testate giornalistiche locali e nazionali. Ha curato e collaborato a pubblicazioni storiche e scientifiche con particolare interesse nei confronti dei rapporti tra scienza e fede.&lt;br\/ &gt;<\/p>\n<p>___________________<\/p>\n<p>Andrea Bartelloni, Francesco Agnoli <b><i>Scienziati in tonaca. Da Copernico, padre dell&#8217;eliocentrismo, a Lama\u00eetre, padre del Big Bang &#8211; <\/i><\/b>Lindau &#8211; 2013 &#8211; pp. 136<\/p>\n<p style=\"text-align: center;\"><a href=\"http:\/\/www.theseuslibri.it\/product\/3263\/Scienziati-in-tonaca.-Da-Copernico%2c-padre-dell'eliocentrismo%2c-a-Lama%c3%aetre%2c-padre-del-Big-Bang-.html\" target=\"_blank\" rel=\"noopener\"><strong>ACQUISTA<\/strong><\/a><\/p>\n<\/div>\n","protected":false},"excerpt":{"rendered":"<p>Il Tirreno cronaca di Pisa 2 novembre 2013 Andrea Bartelloni \u00e8 un medico chirurgo e vive a Marina di Pisa, Francesco Agnoli \u00e8 uno storico non ancora quarantenne, nato a Bologna. I due firmano un libro uscito da pochi giorni e intitolato &#8220;Scienziati in tonaca. Da Copernico, padre dell&#8217; eliocentrismo, a Lama\u00ectre, padre del Big &hellip; <\/p>\n<p><a class=\"more-link btn\" href=\"https:\/\/www.rassegnastampa-totustuus.it\/cattolica\/bartelloni-e-agnoli-raccontano-scienziati-in-tonaca\/\">Continua a leggere<\/a><\/p>\n","protected":false},"author":6,"featured_media":7215,"comment_status":"open","ping_status":"open","sticky":false,"template":"","format":"standard","meta":{"footnotes":""},"categories":[5,17,22],"tags":[157,265,261],"class_list":["post-5778","post","type-post","status-publish","format-standard","has-post-thumbnail","hentry","category-chiesa","category-libri","category-scienza","tag-chiesa-2","tag-libri-2","tag-scienza-2","item-wrap"],"yoast_head":"<!-- This site is optimized with the Yoast SEO plugin v27.4 - https:\/\/yoast.com\/product\/yoast-seo-wordpress\/ -->\n<title>Bartelloni e Agnoli raccontano scienziati in tonaca - Rassegna Stampa Cattolica<\/title>\n<meta name=\"description\" content=\"Rassegna Stampa Cattolica - Scienziati cattolici che dimostrano che non esiste incompatibili\u00e0 tra religione e scienza\" \/>\n<meta name=\"robots\" content=\"index, follow, max-snippet:-1, max-image-preview:large, max-video-preview:-1\" \/>\n<link rel=\"canonical\" href=\"https:\/\/www.rassegnastampa-totustuus.it\/cattolica\/bartelloni-e-agnoli-raccontano-scienziati-in-tonaca\/\" \/>\n<meta property=\"og:locale\" content=\"it_IT\" \/>\n<meta property=\"og:type\" content=\"article\" \/>\n<meta property=\"og:title\" content=\"Bartelloni e Agnoli raccontano scienziati in tonaca - Rassegna Stampa Cattolica\" \/>\n<meta property=\"og:description\" content=\"Rassegna Stampa Cattolica - Scienziati cattolici che dimostrano che non esiste incompatibili\u00e0 tra religione e scienza\" \/>\n<meta property=\"og:url\" content=\"https:\/\/www.rassegnastampa-totustuus.it\/cattolica\/bartelloni-e-agnoli-raccontano-scienziati-in-tonaca\/\" \/>\n<meta property=\"og:site_name\" content=\"Rassegna Stampa Cattolica\" \/>\n<meta property=\"article:publisher\" content=\"https:\/\/www.facebook.com\/rassegnastampacattolica\" \/>\n<meta property=\"article:published_time\" content=\"2013-11-06T23:00:00+00:00\" \/>\n<meta property=\"article:modified_time\" content=\"2023-11-03T14:52:51+00:00\" \/>\n<meta property=\"og:image\" content=\"https:\/\/www.rassegnastampa-totustuus.it\/cattolica\/wp-content\/uploads\/2013\/11\/scienziati_tonaca1.jpg\" \/>\n\t<meta property=\"og:image:width\" content=\"144\" \/>\n\t<meta property=\"og:image:height\" content=\"224\" \/>\n\t<meta property=\"og:image:type\" content=\"image\/jpeg\" \/>\n<meta name=\"author\" content=\"Redazione\" \/>\n<meta name=\"twitter:card\" content=\"summary_large_image\" \/>\n<meta name=\"twitter:creator\" content=\"@rassegnastampa9\" \/>\n<meta name=\"twitter:site\" content=\"@rassegnastampa9\" \/>\n<meta name=\"twitter:label1\" content=\"Scritto da\" \/>\n\t<meta name=\"twitter:data1\" content=\"Redazione\" \/>\n\t<meta name=\"twitter:label2\" content=\"Tempo di lettura stimato\" \/>\n\t<meta name=\"twitter:data2\" content=\"3 minuti\" \/>\n<script type=\"application\/ld+json\" class=\"yoast-schema-graph\">{\"@context\":\"https:\\\/\\\/schema.org\",\"@graph\":[{\"@type\":\"Article\",\"@id\":\"https:\\\/\\\/www.rassegnastampa-totustuus.it\\\/cattolica\\\/bartelloni-e-agnoli-raccontano-scienziati-in-tonaca\\\/#article\",\"isPartOf\":{\"@id\":\"https:\\\/\\\/www.rassegnastampa-totustuus.it\\\/cattolica\\\/bartelloni-e-agnoli-raccontano-scienziati-in-tonaca\\\/\"},\"author\":{\"name\":\"Redazione\",\"@id\":\"https:\\\/\\\/www.rassegnastampa-totustuus.it\\\/cattolica\\\/#\\\/schema\\\/person\\\/08f319d2bd1a0904ad9e2bfb7b15e5c3\"},\"headline\":\"Bartelloni e Agnoli raccontano scienziati in tonaca\",\"datePublished\":\"2013-11-06T23:00:00+00:00\",\"dateModified\":\"2023-11-03T14:52:51+00:00\",\"mainEntityOfPage\":{\"@id\":\"https:\\\/\\\/www.rassegnastampa-totustuus.it\\\/cattolica\\\/bartelloni-e-agnoli-raccontano-scienziati-in-tonaca\\\/\"},\"wordCount\":407,\"commentCount\":0,\"publisher\":{\"@id\":\"https:\\\/\\\/www.rassegnastampa-totustuus.it\\\/cattolica\\\/#organization\"},\"image\":{\"@id\":\"https:\\\/\\\/www.rassegnastampa-totustuus.it\\\/cattolica\\\/bartelloni-e-agnoli-raccontano-scienziati-in-tonaca\\\/#primaryimage\"},\"thumbnailUrl\":\"https:\\\/\\\/www.rassegnastampa-totustuus.it\\\/cattolica\\\/wp-content\\\/uploads\\\/2013\\\/11\\\/scienziati_tonaca1.jpg\",\"keywords\":[\"chiesa\",\"libri\",\"scienza\"],\"articleSection\":[\"Chiesa\",\"Libri\",\"Scienza\"],\"inLanguage\":\"it-IT\",\"potentialAction\":[{\"@type\":\"CommentAction\",\"name\":\"Comment\",\"target\":[\"https:\\\/\\\/www.rassegnastampa-totustuus.it\\\/cattolica\\\/bartelloni-e-agnoli-raccontano-scienziati-in-tonaca\\\/#respond\"]}]},{\"@type\":\"WebPage\",\"@id\":\"https:\\\/\\\/www.rassegnastampa-totustuus.it\\\/cattolica\\\/bartelloni-e-agnoli-raccontano-scienziati-in-tonaca\\\/\",\"url\":\"https:\\\/\\\/www.rassegnastampa-totustuus.it\\\/cattolica\\\/bartelloni-e-agnoli-raccontano-scienziati-in-tonaca\\\/\",\"name\":\"Bartelloni e Agnoli raccontano scienziati in tonaca - Rassegna Stampa Cattolica\",\"isPartOf\":{\"@id\":\"https:\\\/\\\/www.rassegnastampa-totustuus.it\\\/cattolica\\\/#website\"},\"primaryImageOfPage\":{\"@id\":\"https:\\\/\\\/www.rassegnastampa-totustuus.it\\\/cattolica\\\/bartelloni-e-agnoli-raccontano-scienziati-in-tonaca\\\/#primaryimage\"},\"image\":{\"@id\":\"https:\\\/\\\/www.rassegnastampa-totustuus.it\\\/cattolica\\\/bartelloni-e-agnoli-raccontano-scienziati-in-tonaca\\\/#primaryimage\"},\"thumbnailUrl\":\"https:\\\/\\\/www.rassegnastampa-totustuus.it\\\/cattolica\\\/wp-content\\\/uploads\\\/2013\\\/11\\\/scienziati_tonaca1.jpg\",\"datePublished\":\"2013-11-06T23:00:00+00:00\",\"dateModified\":\"2023-11-03T14:52:51+00:00\",\"description\":\"Rassegna Stampa Cattolica - Scienziati cattolici che dimostrano che non esiste incompatibili\u00e0 tra religione e scienza\",\"breadcrumb\":{\"@id\":\"https:\\\/\\\/www.rassegnastampa-totustuus.it\\\/cattolica\\\/bartelloni-e-agnoli-raccontano-scienziati-in-tonaca\\\/#breadcrumb\"},\"inLanguage\":\"it-IT\",\"potentialAction\":[{\"@type\":\"ReadAction\",\"target\":[\"https:\\\/\\\/www.rassegnastampa-totustuus.it\\\/cattolica\\\/bartelloni-e-agnoli-raccontano-scienziati-in-tonaca\\\/\"]}]},{\"@type\":\"ImageObject\",\"inLanguage\":\"it-IT\",\"@id\":\"https:\\\/\\\/www.rassegnastampa-totustuus.it\\\/cattolica\\\/bartelloni-e-agnoli-raccontano-scienziati-in-tonaca\\\/#primaryimage\",\"url\":\"https:\\\/\\\/www.rassegnastampa-totustuus.it\\\/cattolica\\\/wp-content\\\/uploads\\\/2013\\\/11\\\/scienziati_tonaca1.jpg\",\"contentUrl\":\"https:\\\/\\\/www.rassegnastampa-totustuus.it\\\/cattolica\\\/wp-content\\\/uploads\\\/2013\\\/11\\\/scienziati_tonaca1.jpg\",\"width\":144,\"height\":224},{\"@type\":\"BreadcrumbList\",\"@id\":\"https:\\\/\\\/www.rassegnastampa-totustuus.it\\\/cattolica\\\/bartelloni-e-agnoli-raccontano-scienziati-in-tonaca\\\/#breadcrumb\",\"itemListElement\":[{\"@type\":\"ListItem\",\"position\":1,\"name\":\"Home\",\"item\":\"https:\\\/\\\/www.rassegnastampa-totustuus.it\\\/cattolica\\\/\"},{\"@type\":\"ListItem\",\"position\":2,\"name\":\"Bartelloni e Agnoli raccontano scienziati in tonaca\"}]},{\"@type\":\"WebSite\",\"@id\":\"https:\\\/\\\/www.rassegnastampa-totustuus.it\\\/cattolica\\\/#website\",\"url\":\"https:\\\/\\\/www.rassegnastampa-totustuus.it\\\/cattolica\\\/\",\"name\":\"Rassegna Stampa Cattolica\",\"description\":\"Per una cultura che nasce dalla Rivelazione cristiana in conformit\u00e0 alla tradizione e al Magistero della Chiesa in opposizione ad ogni relativismo e totalitarismo\",\"publisher\":{\"@id\":\"https:\\\/\\\/www.rassegnastampa-totustuus.it\\\/cattolica\\\/#organization\"},\"alternateName\":\"Rass. Cattolica\",\"potentialAction\":[{\"@type\":\"SearchAction\",\"target\":{\"@type\":\"EntryPoint\",\"urlTemplate\":\"https:\\\/\\\/www.rassegnastampa-totustuus.it\\\/cattolica\\\/?s={search_term_string}\"},\"query-input\":{\"@type\":\"PropertyValueSpecification\",\"valueRequired\":true,\"valueName\":\"search_term_string\"}}],\"inLanguage\":\"it-IT\"},{\"@type\":\"Organization\",\"@id\":\"https:\\\/\\\/www.rassegnastampa-totustuus.it\\\/cattolica\\\/#organization\",\"name\":\"Rassegna Stampa Cattolica\",\"url\":\"https:\\\/\\\/www.rassegnastampa-totustuus.it\\\/cattolica\\\/\",\"logo\":{\"@type\":\"ImageObject\",\"inLanguage\":\"it-IT\",\"@id\":\"https:\\\/\\\/www.rassegnastampa-totustuus.it\\\/cattolica\\\/#\\\/schema\\\/logo\\\/image\\\/\",\"url\":\"https:\\\/\\\/www.rassegnastampa-totustuus.it\\\/cattolica\\\/wp-content\\\/uploads\\\/2014\\\/04\\\/logo-rassegna1.gif\",\"contentUrl\":\"https:\\\/\\\/www.rassegnastampa-totustuus.it\\\/cattolica\\\/wp-content\\\/uploads\\\/2014\\\/04\\\/logo-rassegna1.gif\",\"width\":600,\"height\":163,\"caption\":\"Rassegna Stampa Cattolica\"},\"image\":{\"@id\":\"https:\\\/\\\/www.rassegnastampa-totustuus.it\\\/cattolica\\\/#\\\/schema\\\/logo\\\/image\\\/\"},\"sameAs\":[\"https:\\\/\\\/www.facebook.com\\\/rassegnastampacattolica\",\"https:\\\/\\\/x.com\\\/rassegnastampa9\"]},{\"@type\":\"Person\",\"@id\":\"https:\\\/\\\/www.rassegnastampa-totustuus.it\\\/cattolica\\\/#\\\/schema\\\/person\\\/08f319d2bd1a0904ad9e2bfb7b15e5c3\",\"name\":\"Redazione\",\"image\":{\"@type\":\"ImageObject\",\"inLanguage\":\"it-IT\",\"@id\":\"https:\\\/\\\/secure.gravatar.com\\\/avatar\\\/2fcdf27c78ea025fbdb44e914cc63c72249ffec9dc8aafd5c82b26240ef3f346?s=96&d=mm&r=g\",\"url\":\"https:\\\/\\\/secure.gravatar.com\\\/avatar\\\/2fcdf27c78ea025fbdb44e914cc63c72249ffec9dc8aafd5c82b26240ef3f346?s=96&d=mm&r=g\",\"contentUrl\":\"https:\\\/\\\/secure.gravatar.com\\\/avatar\\\/2fcdf27c78ea025fbdb44e914cc63c72249ffec9dc8aafd5c82b26240ef3f346?s=96&d=mm&r=g\",\"caption\":\"Redazione\"},\"url\":\"https:\\\/\\\/www.rassegnastampa-totustuus.it\\\/cattolica\\\/author\\\/pietroelle\\\/\"}]}<\/script>\n<!-- \/ Yoast SEO plugin. -->","yoast_head_json":{"title":"Bartelloni e Agnoli raccontano scienziati in tonaca - Rassegna Stampa Cattolica","description":"Rassegna Stampa Cattolica - Scienziati cattolici che dimostrano che non esiste incompatibili\u00e0 tra religione e scienza","robots":{"index":"index","follow":"follow","max-snippet":"max-snippet:-1","max-image-preview":"max-image-preview:large","max-video-preview":"max-video-preview:-1"},"canonical":"https:\/\/www.rassegnastampa-totustuus.it\/cattolica\/bartelloni-e-agnoli-raccontano-scienziati-in-tonaca\/","og_locale":"it_IT","og_type":"article","og_title":"Bartelloni e Agnoli raccontano scienziati in tonaca - Rassegna Stampa Cattolica","og_description":"Rassegna Stampa Cattolica - Scienziati cattolici che dimostrano che non esiste incompatibili\u00e0 tra religione e scienza","og_url":"https:\/\/www.rassegnastampa-totustuus.it\/cattolica\/bartelloni-e-agnoli-raccontano-scienziati-in-tonaca\/","og_site_name":"Rassegna Stampa Cattolica","article_publisher":"https:\/\/www.facebook.com\/rassegnastampacattolica","article_published_time":"2013-11-06T23:00:00+00:00","article_modified_time":"2023-11-03T14:52:51+00:00","og_image":[{"width":144,"height":224,"url":"https:\/\/www.rassegnastampa-totustuus.it\/cattolica\/wp-content\/uploads\/2013\/11\/scienziati_tonaca1.jpg","type":"image\/jpeg"}],"author":"Redazione","twitter_card":"summary_large_image","twitter_creator":"@rassegnastampa9","twitter_site":"@rassegnastampa9","twitter_misc":{"Scritto da":"Redazione","Tempo di lettura stimato":"3 minuti"},"schema":{"@context":"https:\/\/schema.org","@graph":[{"@type":"Article","@id":"https:\/\/www.rassegnastampa-totustuus.it\/cattolica\/bartelloni-e-agnoli-raccontano-scienziati-in-tonaca\/#article","isPartOf":{"@id":"https:\/\/www.rassegnastampa-totustuus.it\/cattolica\/bartelloni-e-agnoli-raccontano-scienziati-in-tonaca\/"},"author":{"name":"Redazione","@id":"https:\/\/www.rassegnastampa-totustuus.it\/cattolica\/#\/schema\/person\/08f319d2bd1a0904ad9e2bfb7b15e5c3"},"headline":"Bartelloni e Agnoli raccontano scienziati in tonaca","datePublished":"2013-11-06T23:00:00+00:00","dateModified":"2023-11-03T14:52:51+00:00","mainEntityOfPage":{"@id":"https:\/\/www.rassegnastampa-totustuus.it\/cattolica\/bartelloni-e-agnoli-raccontano-scienziati-in-tonaca\/"},"wordCount":407,"commentCount":0,"publisher":{"@id":"https:\/\/www.rassegnastampa-totustuus.it\/cattolica\/#organization"},"image":{"@id":"https:\/\/www.rassegnastampa-totustuus.it\/cattolica\/bartelloni-e-agnoli-raccontano-scienziati-in-tonaca\/#primaryimage"},"thumbnailUrl":"https:\/\/www.rassegnastampa-totustuus.it\/cattolica\/wp-content\/uploads\/2013\/11\/scienziati_tonaca1.jpg","keywords":["chiesa","libri","scienza"],"articleSection":["Chiesa","Libri","Scienza"],"inLanguage":"it-IT","potentialAction":[{"@type":"CommentAction","name":"Comment","target":["https:\/\/www.rassegnastampa-totustuus.it\/cattolica\/bartelloni-e-agnoli-raccontano-scienziati-in-tonaca\/#respond"]}]},{"@type":"WebPage","@id":"https:\/\/www.rassegnastampa-totustuus.it\/cattolica\/bartelloni-e-agnoli-raccontano-scienziati-in-tonaca\/","url":"https:\/\/www.rassegnastampa-totustuus.it\/cattolica\/bartelloni-e-agnoli-raccontano-scienziati-in-tonaca\/","name":"Bartelloni e Agnoli raccontano scienziati in tonaca - Rassegna Stampa Cattolica","isPartOf":{"@id":"https:\/\/www.rassegnastampa-totustuus.it\/cattolica\/#website"},"primaryImageOfPage":{"@id":"https:\/\/www.rassegnastampa-totustuus.it\/cattolica\/bartelloni-e-agnoli-raccontano-scienziati-in-tonaca\/#primaryimage"},"image":{"@id":"https:\/\/www.rassegnastampa-totustuus.it\/cattolica\/bartelloni-e-agnoli-raccontano-scienziati-in-tonaca\/#primaryimage"},"thumbnailUrl":"https:\/\/www.rassegnastampa-totustuus.it\/cattolica\/wp-content\/uploads\/2013\/11\/scienziati_tonaca1.jpg","datePublished":"2013-11-06T23:00:00+00:00","dateModified":"2023-11-03T14:52:51+00:00","description":"Rassegna Stampa Cattolica - Scienziati cattolici che dimostrano che non esiste incompatibili\u00e0 tra religione e scienza","breadcrumb":{"@id":"https:\/\/www.rassegnastampa-totustuus.it\/cattolica\/bartelloni-e-agnoli-raccontano-scienziati-in-tonaca\/#breadcrumb"},"inLanguage":"it-IT","potentialAction":[{"@type":"ReadAction","target":["https:\/\/www.rassegnastampa-totustuus.it\/cattolica\/bartelloni-e-agnoli-raccontano-scienziati-in-tonaca\/"]}]},{"@type":"ImageObject","inLanguage":"it-IT","@id":"https:\/\/www.rassegnastampa-totustuus.it\/cattolica\/bartelloni-e-agnoli-raccontano-scienziati-in-tonaca\/#primaryimage","url":"https:\/\/www.rassegnastampa-totustuus.it\/cattolica\/wp-content\/uploads\/2013\/11\/scienziati_tonaca1.jpg","contentUrl":"https:\/\/www.rassegnastampa-totustuus.it\/cattolica\/wp-content\/uploads\/2013\/11\/scienziati_tonaca1.jpg","width":144,"height":224},{"@type":"BreadcrumbList","@id":"https:\/\/www.rassegnastampa-totustuus.it\/cattolica\/bartelloni-e-agnoli-raccontano-scienziati-in-tonaca\/#breadcrumb","itemListElement":[{"@type":"ListItem","position":1,"name":"Home","item":"https:\/\/www.rassegnastampa-totustuus.it\/cattolica\/"},{"@type":"ListItem","position":2,"name":"Bartelloni e Agnoli raccontano scienziati in tonaca"}]},{"@type":"WebSite","@id":"https:\/\/www.rassegnastampa-totustuus.it\/cattolica\/#website","url":"https:\/\/www.rassegnastampa-totustuus.it\/cattolica\/","name":"Rassegna Stampa Cattolica","description":"Per una cultura che nasce dalla Rivelazione cristiana in conformit\u00e0 alla tradizione e al Magistero della Chiesa in opposizione ad ogni relativismo e totalitarismo","publisher":{"@id":"https:\/\/www.rassegnastampa-totustuus.it\/cattolica\/#organization"},"alternateName":"Rass. Cattolica","potentialAction":[{"@type":"SearchAction","target":{"@type":"EntryPoint","urlTemplate":"https:\/\/www.rassegnastampa-totustuus.it\/cattolica\/?s={search_term_string}"},"query-input":{"@type":"PropertyValueSpecification","valueRequired":true,"valueName":"search_term_string"}}],"inLanguage":"it-IT"},{"@type":"Organization","@id":"https:\/\/www.rassegnastampa-totustuus.it\/cattolica\/#organization","name":"Rassegna Stampa Cattolica","url":"https:\/\/www.rassegnastampa-totustuus.it\/cattolica\/","logo":{"@type":"ImageObject","inLanguage":"it-IT","@id":"https:\/\/www.rassegnastampa-totustuus.it\/cattolica\/#\/schema\/logo\/image\/","url":"https:\/\/www.rassegnastampa-totustuus.it\/cattolica\/wp-content\/uploads\/2014\/04\/logo-rassegna1.gif","contentUrl":"https:\/\/www.rassegnastampa-totustuus.it\/cattolica\/wp-content\/uploads\/2014\/04\/logo-rassegna1.gif","width":600,"height":163,"caption":"Rassegna Stampa Cattolica"},"image":{"@id":"https:\/\/www.rassegnastampa-totustuus.it\/cattolica\/#\/schema\/logo\/image\/"},"sameAs":["https:\/\/www.facebook.com\/rassegnastampacattolica","https:\/\/x.com\/rassegnastampa9"]},{"@type":"Person","@id":"https:\/\/www.rassegnastampa-totustuus.it\/cattolica\/#\/schema\/person\/08f319d2bd1a0904ad9e2bfb7b15e5c3","name":"Redazione","image":{"@type":"ImageObject","inLanguage":"it-IT","@id":"https:\/\/secure.gravatar.com\/avatar\/2fcdf27c78ea025fbdb44e914cc63c72249ffec9dc8aafd5c82b26240ef3f346?s=96&d=mm&r=g","url":"https:\/\/secure.gravatar.com\/avatar\/2fcdf27c78ea025fbdb44e914cc63c72249ffec9dc8aafd5c82b26240ef3f346?s=96&d=mm&r=g","contentUrl":"https:\/\/secure.gravatar.com\/avatar\/2fcdf27c78ea025fbdb44e914cc63c72249ffec9dc8aafd5c82b26240ef3f346?s=96&d=mm&r=g","caption":"Redazione"},"url":"https:\/\/www.rassegnastampa-totustuus.it\/cattolica\/author\/pietroelle\/"}]}},"_links":{"self":[{"href":"https:\/\/www.rassegnastampa-totustuus.it\/cattolica\/wp-json\/wp\/v2\/posts\/5778","targetHints":{"allow":["GET"]}}],"collection":[{"href":"https:\/\/www.rassegnastampa-totustuus.it\/cattolica\/wp-json\/wp\/v2\/posts"}],"about":[{"href":"https:\/\/www.rassegnastampa-totustuus.it\/cattolica\/wp-json\/wp\/v2\/types\/post"}],"author":[{"embeddable":true,"href":"https:\/\/www.rassegnastampa-totustuus.it\/cattolica\/wp-json\/wp\/v2\/users\/6"}],"replies":[{"embeddable":true,"href":"https:\/\/www.rassegnastampa-totustuus.it\/cattolica\/wp-json\/wp\/v2\/comments?post=5778"}],"version-history":[{"count":7,"href":"https:\/\/www.rassegnastampa-totustuus.it\/cattolica\/wp-json\/wp\/v2\/posts\/5778\/revisions"}],"predecessor-version":[{"id":57196,"href":"https:\/\/www.rassegnastampa-totustuus.it\/cattolica\/wp-json\/wp\/v2\/posts\/5778\/revisions\/57196"}],"wp:featuredmedia":[{"embeddable":true,"href":"https:\/\/www.rassegnastampa-totustuus.it\/cattolica\/wp-json\/wp\/v2\/media\/7215"}],"wp:attachment":[{"href":"https:\/\/www.rassegnastampa-totustuus.it\/cattolica\/wp-json\/wp\/v2\/media?parent=5778"}],"wp:term":[{"taxonomy":"category","embeddable":true,"href":"https:\/\/www.rassegnastampa-totustuus.it\/cattolica\/wp-json\/wp\/v2\/categories?post=5778"},{"taxonomy":"post_tag","embeddable":true,"href":"https:\/\/www.rassegnastampa-totustuus.it\/cattolica\/wp-json\/wp\/v2\/tags?post=5778"}],"curies":[{"name":"wp","href":"https:\/\/api.w.org\/{rel}","templated":true}]}}