{"id":5762,"date":"2013-10-24T00:00:00","date_gmt":"2013-10-23T22:00:00","guid":{"rendered":""},"modified":"2015-11-30T10:02:44","modified_gmt":"2015-11-30T09:02:44","slug":"c-una-guerra-in-atto-contro-i-cristiani","status":"publish","type":"post","link":"https:\/\/www.rassegnastampa-totustuus.it\/cattolica\/c-una-guerra-in-atto-contro-i-cristiani\/","title":{"rendered":"C\u2019&egrave; una guerra in atto contro i cristiani. Anche nel civilissimo e \u201ctollerante\u201d Occidente"},"content":{"rendered":"<div style=\"text-align: center;\"><strong><a href=\"https:\/\/www.rassegnastampa-totustuus.it\/cattolica\/wp-content\/uploads\/2013\/10\/sacrilegio.jpg\"><img loading=\"lazy\" decoding=\"async\" class=\"alignright wp-image-28263\" src=\"https:\/\/www.rassegnastampa-totustuus.it\/cattolica\/wp-content\/uploads\/2013\/10\/sacrilegio.jpg\" alt=\"sacrilegio\" width=\"250\" height=\"142\" \/><\/a>Tempi<\/strong> 22 ottobre 2013<\/div>\n<p style=\"text-align: justify;\"><em>Come scrive nel suo studio il vaticanista John Allen, \u00abi cristiani sono la realt\u00e0 religiosa pi\u00f9 perseguitata del pianeta\u00bb. E dove non sono torturati o messi a morte, spesso subiscono altre forme di ostilit\u00e0. Alcuni casi significativi<\/em><\/p>\n<p style=\"text-align: center;\"><strong>John Flynn<\/strong><\/p>\n<p><!--more--><\/p>\n<div style=\"text-align: justify;\"><em>Articolo tratto da<\/em> <em>Zenit <\/em>\u2013 La persecuzione contro i cristiani \u00ab\u00e8 la pi\u00f9 drammatica storia religiosa dell\u2019inizio del XXI secolo\u00bb. Lo afferma nel suo ultimo libro il vaticanista John Allen.<\/div>\n<p style=\"text-align: justify;\">In <em>The<\/em> <em>Global War on Christians: Dispatches From the Front Lines of Anti-Christian Persecution<\/em>\u00a0(La guerra globale contro i cristiani: dispacci dalla prima linea della persecuzione anti-cristiana) edito da Crown Publishing, Allen fornisce una visione globale delle varie minacce che i cristiani devono fronteggiare.<\/p>\n<p style=\"text-align: justify;\">\u00abOggi i cristiani sono indiscutibilmente il corpo religioso pi\u00f9 perseguitato del pianeta, e troppo spesso i loro nuovi martiri soffrono in silenzio\u00bb, afferma l\u2019autore. Il silenzio, osserva Allen, \u00e8 dovuto in larga parte alle omissioni dei media sul tema delle persecuzioni anticristiane, nonostante le palesi offese che questi subiscono.<\/p>\n<p style=\"text-align: justify;\">L\u2019autore cita un uno studioso protestante, Todd Johnson, secondo le cui stime, nel decennio 2000-2010 sono stati almeno 100 mila i cristiani uccisi ogni anno. Allen distingue tra i problemi fronteggiati dai cristiani in Occidente, per esempio nella polemica sulla riforma sanitaria negli Usa<strong>,<\/strong> e le ben pi\u00f9 \u00a0sanguinose persecuzioni in vari paesi africani, mediorientali ed asiatici.<\/p>\n<p style=\"text-align: justify;\">Tuttavia, laddove \u00e8 certo che nelle nazioni occidentali i cristiani non vengono torturati o messi a morte, essi sono comunque oggetto di una forte ostilit\u00e0. Un paio di recenti casi australiani esemplificano l\u2019intolleranza esibita contro i cristiani.<\/p>\n<p style=\"text-align: justify;\">Nello stato australiano della Victoria, il dottor Mark Hobart \u00e8 sotto investigazione da parte dalla Commissione Medica dello Stato. Il suo crimine: rifiutarsi di assegnare a un altro medico una coppia indiana che voleva abortire una bambina alla 19esima settimana di gestazione perch\u00e9 voleva un maschio (cfr. <em>Herlad Sun<\/em>, 5 ottobre 2013). Ad Hobart, che \u00e8 cattolico, la coppia aveva chiesto di abortire la bambina ma lui si era rifiutato. Alla richiesta della coppia di segnalare alla gestante un altro medico che avrebbe eseguito l\u2019aborto, ha risposto che non conosceva nessuno che avrebbe potuto realizzarlo.<\/p>\n<p style=\"text-align: justify;\">\u00abPer ironia della sorte la legge sull\u2019aborto in Victoria, tra le pi\u00f9 estreme del mondo, \u00e8 stata portata avanti da un\u2019agenda femminista bipartisan\u00bb, ha commentato Miranda Devine nel suo articolo sull\u2019<em>Herald Sun<\/em>. \u00abEppure oggi queste leggi sono usate per punire un medico che si rifiuti di partecipare a qualsivoglia aborto praticato in base al sesso del nascituro, che fa delle bambine una specie danneggiata in India e in altre societ\u00e0 patriarcali\u00bb, aggiunge la giornalista.<\/p>\n<p style=\"text-align: justify;\">C\u2019\u00e8 stata poi la Marcia per la Vita a Melbourne, capitale della Victoria. Il sito <em>LifeNews.com<\/em> ha pubblicato una galleria fotografica che ha mostrato come tale pacifica manifestazione sia stata violentemente attaccata. \u00abAbbiamo un gran numero di persone che sono state ferite, a seguito di quanto avvenuto ieri\u00bb, ha affermato Bernie Finn, membro del parlamento di Vittoria, secondo quanto riferito dal sito lo scorso 13 ottobre. Circa 3000 manifestanti pro-life hanno preso parte alla marcia, chiedendo che venga abolita la riforma della legge sull\u2019aborto del 2008, che rimuove ogni protezione legale del nascituro.<\/p>\n<p style=\"text-align: justify;\">L\u2019Australia \u00e8 ben lontana dall\u2019essere l\u2019unico paese con questo tipo di conflitti. In Inghliterra, Hazelmary e Peter Bull hanno messo in vendita il loro Chymorvah Hotel in Cornovaglia. I due coniugi hanno perso la causa legale intrapresa nei loro confronti per aver rifiutato di affittare una camera a una coppia omosessuale (cfr.\u00a0<em>Daily Mail<\/em>, 19 settembre). Da quel momento, i coniugi Bull sono stati oggetto di numerosi attacchi, compresi atti di vandalismo e minacce di morte. Coerentemente con i loro valori cristiani, sin dall\u2019inizio della loro gestione dell\u2019hotel, nel 1986, i due albergatori avevano sempre affittato le loro camere soltanto a coppie eterosessuali sposate.<\/p>\n<p style=\"text-align: justify;\">La coppia ha quindi contestato la sentenza a loro sfavore presso la Corte Suprema (cfr <em>Telegraph<\/em> 9 ottobre). \u00abLa coppia non pu\u00f2 essere trattata alla stregua di due razzisti o colpevoli di altre forme di discriminazione, perch\u00e9 la loro scelta \u00e8 fondata sul loro \u201cgiudizio di coscienza religiosamente orientato\u201d\u00bb, ha dichiarato il loro legale, Aidan O\u2019Neil, nella sua arringa davanti ai due giudici. I temi legati al matrimonio omosessuale stanno scatenando polemiche anche negli Stati Uniti. Barronelle Stutzman, fiorista di Richland nel Washington, \u00e8 stata querelata due volte: dal Procuratore Generale dello Stato, Bob Ferguson, e dall\u2019Unione per le Libert\u00e0 Civili Americana (cfr<span class=\"apple-converted-space\">\u00a0<\/span><em>Wall Street Journal<\/em>, 19 settembre).<\/p>\n<p style=\"text-align: justify;\">Il reato contestatole \u00e8 il non aver venduto fiori a coppie omosessuali. Sacerdoti e membri del clero sono generalmente protetti da misure legali di questo genere ma ci\u00f2 non vale per chi svolge attivit\u00e0 commerciali. Lo scorso 10 ottobre, la rivista <em>Crisis<\/em> ha pubblicato un lungo articolo in merito al problema dei cristiani che, secondo coscienza ritengono di non dover incoraggiare l\u2019omosessualit\u00e0. Un certo numero di problemi, generati dal matrimonio omosessuale, vanno dalle torte nuziali ai banchetti fino alle foto dei matrimoni<\/p>\n<p style=\"text-align: justify;\">Gli imprenditori cristiani stanno invocando il diritto alla libert\u00e0 religiosa ma le loro petizioni sono state rigettate dai tribunali. Gli appelli alla tolleranza e al rispetto, a quanto pare, si applicano soltanto per uno solo degli attori del dibattito.<\/p>\n","protected":false},"excerpt":{"rendered":"<p>Tempi 22 ottobre 2013 Come scrive nel suo studio il vaticanista John Allen, \u00abi cristiani sono la realt\u00e0 religiosa pi\u00f9 perseguitata del pianeta\u00bb. E dove non sono torturati o messi a morte, spesso subiscono altre forme di ostilit\u00e0. Alcuni casi significativi John Flynn<\/p><p><a class=\"more-link btn\" href=\"https:\/\/www.rassegnastampa-totustuus.it\/cattolica\/c-una-guerra-in-atto-contro-i-cristiani\/\">Continua a leggere<\/a><\/p>\n","protected":false},"author":6,"featured_media":28263,"comment_status":"closed","ping_status":"open","sticky":false,"template":"","format":"standard","meta":{"footnotes":""},"categories":[5,25,76,80],"tags":[329],"class_list":["post-5762","post","type-post","status-publish","format-standard","has-post-thumbnail","hentry","category-chiesa","category-sguardo-sul-nostro-tempo","category-stati-uniti","category-totalitarismo","tag-persecuzioni-dei-cristiani","item-wrap"],"yoast_head":"<!-- This site is optimized with the Yoast SEO plugin v27.5 - https:\/\/yoast.com\/product\/yoast-seo-wordpress\/ -->\n<title>C\u2019&egrave; una guerra in atto contro i cristiani. Anche nel civilissimo e \u201ctollerante\u201d Occidente - Rassegna Stampa Cattolica<\/title>\n<meta name=\"description\" content=\"Rassegna Stampa Cattolica - Per una cultura che nasce dalla Rivelazione cristiana in conformit\u00e0 alla tradizione e al Magistero della Chiesa in opposizione ad ogni relativismo e totalitarismo\" \/>\n<meta name=\"robots\" content=\"index, follow, max-snippet:-1, max-image-preview:large, max-video-preview:-1\" \/>\n<link rel=\"canonical\" href=\"https:\/\/www.rassegnastampa-totustuus.it\/cattolica\/c-una-guerra-in-atto-contro-i-cristiani\/\" \/>\n<meta property=\"og:locale\" content=\"it_IT\" \/>\n<meta property=\"og:type\" content=\"article\" \/>\n<meta property=\"og:title\" content=\"C\u2019&egrave; una guerra in atto contro i cristiani. Anche nel civilissimo e \u201ctollerante\u201d Occidente - Rassegna Stampa Cattolica\" \/>\n<meta property=\"og:description\" content=\"Rassegna Stampa Cattolica - Per una cultura che nasce dalla Rivelazione cristiana in conformit\u00e0 alla tradizione e al Magistero della Chiesa in opposizione ad ogni relativismo e totalitarismo\" \/>\n<meta property=\"og:url\" content=\"https:\/\/www.rassegnastampa-totustuus.it\/cattolica\/c-una-guerra-in-atto-contro-i-cristiani\/\" \/>\n<meta property=\"og:site_name\" content=\"Rassegna Stampa Cattolica\" \/>\n<meta property=\"article:publisher\" content=\"https:\/\/www.facebook.com\/rassegnastampacattolica\" \/>\n<meta property=\"article:published_time\" content=\"2013-10-23T22:00:00+00:00\" \/>\n<meta property=\"article:modified_time\" content=\"2015-11-30T09:02:44+00:00\" \/>\n<meta property=\"og:image\" content=\"https:\/\/www.rassegnastampa-totustuus.it\/cattolica\/wp-content\/uploads\/2013\/10\/sacrilegio.jpg\" \/>\n\t<meta property=\"og:image:width\" content=\"298\" \/>\n\t<meta property=\"og:image:height\" content=\"169\" \/>\n\t<meta property=\"og:image:type\" content=\"image\/jpeg\" \/>\n<meta name=\"author\" content=\"Redazione\" \/>\n<meta name=\"twitter:card\" content=\"summary_large_image\" \/>\n<meta name=\"twitter:creator\" content=\"@rassegnastampa9\" \/>\n<meta name=\"twitter:site\" content=\"@rassegnastampa9\" \/>\n<meta name=\"twitter:label1\" content=\"Scritto da\" \/>\n\t<meta name=\"twitter:data1\" content=\"Redazione\" \/>\n\t<meta name=\"twitter:label2\" content=\"Tempo di lettura stimato\" \/>\n\t<meta name=\"twitter:data2\" content=\"4 minuti\" \/>\n<script type=\"application\/ld+json\" class=\"yoast-schema-graph\">{\"@context\":\"https:\\\/\\\/schema.org\",\"@graph\":[{\"@type\":\"Article\",\"@id\":\"https:\\\/\\\/www.rassegnastampa-totustuus.it\\\/cattolica\\\/c-una-guerra-in-atto-contro-i-cristiani\\\/#article\",\"isPartOf\":{\"@id\":\"https:\\\/\\\/www.rassegnastampa-totustuus.it\\\/cattolica\\\/c-una-guerra-in-atto-contro-i-cristiani\\\/\"},\"author\":{\"name\":\"Redazione\",\"@id\":\"https:\\\/\\\/www.rassegnastampa-totustuus.it\\\/cattolica\\\/#\\\/schema\\\/person\\\/08f319d2bd1a0904ad9e2bfb7b15e5c3\"},\"headline\":\"C\u2019&egrave; una guerra in atto contro i cristiani. Anche nel civilissimo e \u201ctollerante\u201d Occidente\",\"datePublished\":\"2013-10-23T22:00:00+00:00\",\"dateModified\":\"2015-11-30T09:02:44+00:00\",\"mainEntityOfPage\":{\"@id\":\"https:\\\/\\\/www.rassegnastampa-totustuus.it\\\/cattolica\\\/c-una-guerra-in-atto-contro-i-cristiani\\\/\"},\"wordCount\":864,\"publisher\":{\"@id\":\"https:\\\/\\\/www.rassegnastampa-totustuus.it\\\/cattolica\\\/#organization\"},\"image\":{\"@id\":\"https:\\\/\\\/www.rassegnastampa-totustuus.it\\\/cattolica\\\/c-una-guerra-in-atto-contro-i-cristiani\\\/#primaryimage\"},\"thumbnailUrl\":\"https:\\\/\\\/www.rassegnastampa-totustuus.it\\\/cattolica\\\/wp-content\\\/uploads\\\/2013\\\/10\\\/sacrilegio.jpg\",\"keywords\":[\"persecuzioni dei cristiani\"],\"articleSection\":[\"Chiesa\",\"Sguardo sul nostro tempo\",\"Stati Uniti\",\"Totalitarismo\"],\"inLanguage\":\"it-IT\"},{\"@type\":\"WebPage\",\"@id\":\"https:\\\/\\\/www.rassegnastampa-totustuus.it\\\/cattolica\\\/c-una-guerra-in-atto-contro-i-cristiani\\\/\",\"url\":\"https:\\\/\\\/www.rassegnastampa-totustuus.it\\\/cattolica\\\/c-una-guerra-in-atto-contro-i-cristiani\\\/\",\"name\":\"C\u2019&egrave; una guerra in atto contro i cristiani. Anche nel civilissimo e \u201ctollerante\u201d Occidente - Rassegna Stampa Cattolica\",\"isPartOf\":{\"@id\":\"https:\\\/\\\/www.rassegnastampa-totustuus.it\\\/cattolica\\\/#website\"},\"primaryImageOfPage\":{\"@id\":\"https:\\\/\\\/www.rassegnastampa-totustuus.it\\\/cattolica\\\/c-una-guerra-in-atto-contro-i-cristiani\\\/#primaryimage\"},\"image\":{\"@id\":\"https:\\\/\\\/www.rassegnastampa-totustuus.it\\\/cattolica\\\/c-una-guerra-in-atto-contro-i-cristiani\\\/#primaryimage\"},\"thumbnailUrl\":\"https:\\\/\\\/www.rassegnastampa-totustuus.it\\\/cattolica\\\/wp-content\\\/uploads\\\/2013\\\/10\\\/sacrilegio.jpg\",\"datePublished\":\"2013-10-23T22:00:00+00:00\",\"dateModified\":\"2015-11-30T09:02:44+00:00\",\"description\":\"Rassegna Stampa Cattolica - Per una cultura che nasce dalla Rivelazione cristiana in conformit\u00e0 alla tradizione e al Magistero della Chiesa in opposizione ad ogni relativismo e totalitarismo\",\"breadcrumb\":{\"@id\":\"https:\\\/\\\/www.rassegnastampa-totustuus.it\\\/cattolica\\\/c-una-guerra-in-atto-contro-i-cristiani\\\/#breadcrumb\"},\"inLanguage\":\"it-IT\",\"potentialAction\":[{\"@type\":\"ReadAction\",\"target\":[\"https:\\\/\\\/www.rassegnastampa-totustuus.it\\\/cattolica\\\/c-una-guerra-in-atto-contro-i-cristiani\\\/\"]}]},{\"@type\":\"ImageObject\",\"inLanguage\":\"it-IT\",\"@id\":\"https:\\\/\\\/www.rassegnastampa-totustuus.it\\\/cattolica\\\/c-una-guerra-in-atto-contro-i-cristiani\\\/#primaryimage\",\"url\":\"https:\\\/\\\/www.rassegnastampa-totustuus.it\\\/cattolica\\\/wp-content\\\/uploads\\\/2013\\\/10\\\/sacrilegio.jpg\",\"contentUrl\":\"https:\\\/\\\/www.rassegnastampa-totustuus.it\\\/cattolica\\\/wp-content\\\/uploads\\\/2013\\\/10\\\/sacrilegio.jpg\",\"width\":298,\"height\":169},{\"@type\":\"BreadcrumbList\",\"@id\":\"https:\\\/\\\/www.rassegnastampa-totustuus.it\\\/cattolica\\\/c-una-guerra-in-atto-contro-i-cristiani\\\/#breadcrumb\",\"itemListElement\":[{\"@type\":\"ListItem\",\"position\":1,\"name\":\"Home\",\"item\":\"https:\\\/\\\/www.rassegnastampa-totustuus.it\\\/cattolica\\\/\"},{\"@type\":\"ListItem\",\"position\":2,\"name\":\"C\u2019&egrave; una guerra in atto contro i cristiani. Anche nel civilissimo e \u201ctollerante\u201d Occidente\"}]},{\"@type\":\"WebSite\",\"@id\":\"https:\\\/\\\/www.rassegnastampa-totustuus.it\\\/cattolica\\\/#website\",\"url\":\"https:\\\/\\\/www.rassegnastampa-totustuus.it\\\/cattolica\\\/\",\"name\":\"Rassegna Stampa Cattolica\",\"description\":\"Per una cultura che nasce dalla Rivelazione cristiana in conformit\u00e0 alla tradizione e al Magistero della Chiesa in opposizione ad ogni relativismo e totalitarismo\",\"publisher\":{\"@id\":\"https:\\\/\\\/www.rassegnastampa-totustuus.it\\\/cattolica\\\/#organization\"},\"alternateName\":\"Rass. Cattolica\",\"potentialAction\":[{\"@type\":\"SearchAction\",\"target\":{\"@type\":\"EntryPoint\",\"urlTemplate\":\"https:\\\/\\\/www.rassegnastampa-totustuus.it\\\/cattolica\\\/?s={search_term_string}\"},\"query-input\":{\"@type\":\"PropertyValueSpecification\",\"valueRequired\":true,\"valueName\":\"search_term_string\"}}],\"inLanguage\":\"it-IT\"},{\"@type\":\"Organization\",\"@id\":\"https:\\\/\\\/www.rassegnastampa-totustuus.it\\\/cattolica\\\/#organization\",\"name\":\"Rassegna Stampa Cattolica\",\"url\":\"https:\\\/\\\/www.rassegnastampa-totustuus.it\\\/cattolica\\\/\",\"logo\":{\"@type\":\"ImageObject\",\"inLanguage\":\"it-IT\",\"@id\":\"https:\\\/\\\/www.rassegnastampa-totustuus.it\\\/cattolica\\\/#\\\/schema\\\/logo\\\/image\\\/\",\"url\":\"https:\\\/\\\/www.rassegnastampa-totustuus.it\\\/cattolica\\\/wp-content\\\/uploads\\\/2014\\\/04\\\/logo-rassegna1.gif\",\"contentUrl\":\"https:\\\/\\\/www.rassegnastampa-totustuus.it\\\/cattolica\\\/wp-content\\\/uploads\\\/2014\\\/04\\\/logo-rassegna1.gif\",\"width\":600,\"height\":163,\"caption\":\"Rassegna Stampa Cattolica\"},\"image\":{\"@id\":\"https:\\\/\\\/www.rassegnastampa-totustuus.it\\\/cattolica\\\/#\\\/schema\\\/logo\\\/image\\\/\"},\"sameAs\":[\"https:\\\/\\\/www.facebook.com\\\/rassegnastampacattolica\",\"https:\\\/\\\/x.com\\\/rassegnastampa9\"]},{\"@type\":\"Person\",\"@id\":\"https:\\\/\\\/www.rassegnastampa-totustuus.it\\\/cattolica\\\/#\\\/schema\\\/person\\\/08f319d2bd1a0904ad9e2bfb7b15e5c3\",\"name\":\"Redazione\",\"image\":{\"@type\":\"ImageObject\",\"inLanguage\":\"it-IT\",\"@id\":\"https:\\\/\\\/secure.gravatar.com\\\/avatar\\\/2fcdf27c78ea025fbdb44e914cc63c72249ffec9dc8aafd5c82b26240ef3f346?s=96&d=mm&r=g\",\"url\":\"https:\\\/\\\/secure.gravatar.com\\\/avatar\\\/2fcdf27c78ea025fbdb44e914cc63c72249ffec9dc8aafd5c82b26240ef3f346?s=96&d=mm&r=g\",\"contentUrl\":\"https:\\\/\\\/secure.gravatar.com\\\/avatar\\\/2fcdf27c78ea025fbdb44e914cc63c72249ffec9dc8aafd5c82b26240ef3f346?s=96&d=mm&r=g\",\"caption\":\"Redazione\"},\"url\":\"https:\\\/\\\/www.rassegnastampa-totustuus.it\\\/cattolica\\\/author\\\/pietroelle\\\/\"}]}<\/script>\n<!-- \/ Yoast SEO plugin. -->","yoast_head_json":{"title":"C\u2019&egrave; una guerra in atto contro i cristiani. Anche nel civilissimo e \u201ctollerante\u201d Occidente - Rassegna Stampa Cattolica","description":"Rassegna Stampa Cattolica - Per una cultura che nasce dalla Rivelazione cristiana in conformit\u00e0 alla tradizione e al Magistero della Chiesa in opposizione ad ogni relativismo e totalitarismo","robots":{"index":"index","follow":"follow","max-snippet":"max-snippet:-1","max-image-preview":"max-image-preview:large","max-video-preview":"max-video-preview:-1"},"canonical":"https:\/\/www.rassegnastampa-totustuus.it\/cattolica\/c-una-guerra-in-atto-contro-i-cristiani\/","og_locale":"it_IT","og_type":"article","og_title":"C\u2019&egrave; una guerra in atto contro i cristiani. Anche nel civilissimo e \u201ctollerante\u201d Occidente - Rassegna Stampa Cattolica","og_description":"Rassegna Stampa Cattolica - Per una cultura che nasce dalla Rivelazione cristiana in conformit\u00e0 alla tradizione e al Magistero della Chiesa in opposizione ad ogni relativismo e totalitarismo","og_url":"https:\/\/www.rassegnastampa-totustuus.it\/cattolica\/c-una-guerra-in-atto-contro-i-cristiani\/","og_site_name":"Rassegna Stampa Cattolica","article_publisher":"https:\/\/www.facebook.com\/rassegnastampacattolica","article_published_time":"2013-10-23T22:00:00+00:00","article_modified_time":"2015-11-30T09:02:44+00:00","og_image":[{"width":298,"height":169,"url":"https:\/\/www.rassegnastampa-totustuus.it\/cattolica\/wp-content\/uploads\/2013\/10\/sacrilegio.jpg","type":"image\/jpeg"}],"author":"Redazione","twitter_card":"summary_large_image","twitter_creator":"@rassegnastampa9","twitter_site":"@rassegnastampa9","twitter_misc":{"Scritto da":"Redazione","Tempo di lettura stimato":"4 minuti"},"schema":{"@context":"https:\/\/schema.org","@graph":[{"@type":"Article","@id":"https:\/\/www.rassegnastampa-totustuus.it\/cattolica\/c-una-guerra-in-atto-contro-i-cristiani\/#article","isPartOf":{"@id":"https:\/\/www.rassegnastampa-totustuus.it\/cattolica\/c-una-guerra-in-atto-contro-i-cristiani\/"},"author":{"name":"Redazione","@id":"https:\/\/www.rassegnastampa-totustuus.it\/cattolica\/#\/schema\/person\/08f319d2bd1a0904ad9e2bfb7b15e5c3"},"headline":"C\u2019&egrave; una guerra in atto contro i cristiani. Anche nel civilissimo e \u201ctollerante\u201d Occidente","datePublished":"2013-10-23T22:00:00+00:00","dateModified":"2015-11-30T09:02:44+00:00","mainEntityOfPage":{"@id":"https:\/\/www.rassegnastampa-totustuus.it\/cattolica\/c-una-guerra-in-atto-contro-i-cristiani\/"},"wordCount":864,"publisher":{"@id":"https:\/\/www.rassegnastampa-totustuus.it\/cattolica\/#organization"},"image":{"@id":"https:\/\/www.rassegnastampa-totustuus.it\/cattolica\/c-una-guerra-in-atto-contro-i-cristiani\/#primaryimage"},"thumbnailUrl":"https:\/\/www.rassegnastampa-totustuus.it\/cattolica\/wp-content\/uploads\/2013\/10\/sacrilegio.jpg","keywords":["persecuzioni dei cristiani"],"articleSection":["Chiesa","Sguardo sul nostro tempo","Stati Uniti","Totalitarismo"],"inLanguage":"it-IT"},{"@type":"WebPage","@id":"https:\/\/www.rassegnastampa-totustuus.it\/cattolica\/c-una-guerra-in-atto-contro-i-cristiani\/","url":"https:\/\/www.rassegnastampa-totustuus.it\/cattolica\/c-una-guerra-in-atto-contro-i-cristiani\/","name":"C\u2019&egrave; una guerra in atto contro i cristiani. Anche nel civilissimo e \u201ctollerante\u201d Occidente - Rassegna Stampa Cattolica","isPartOf":{"@id":"https:\/\/www.rassegnastampa-totustuus.it\/cattolica\/#website"},"primaryImageOfPage":{"@id":"https:\/\/www.rassegnastampa-totustuus.it\/cattolica\/c-una-guerra-in-atto-contro-i-cristiani\/#primaryimage"},"image":{"@id":"https:\/\/www.rassegnastampa-totustuus.it\/cattolica\/c-una-guerra-in-atto-contro-i-cristiani\/#primaryimage"},"thumbnailUrl":"https:\/\/www.rassegnastampa-totustuus.it\/cattolica\/wp-content\/uploads\/2013\/10\/sacrilegio.jpg","datePublished":"2013-10-23T22:00:00+00:00","dateModified":"2015-11-30T09:02:44+00:00","description":"Rassegna Stampa Cattolica - Per una cultura che nasce dalla Rivelazione cristiana in conformit\u00e0 alla tradizione e al Magistero della Chiesa in opposizione ad ogni relativismo e totalitarismo","breadcrumb":{"@id":"https:\/\/www.rassegnastampa-totustuus.it\/cattolica\/c-una-guerra-in-atto-contro-i-cristiani\/#breadcrumb"},"inLanguage":"it-IT","potentialAction":[{"@type":"ReadAction","target":["https:\/\/www.rassegnastampa-totustuus.it\/cattolica\/c-una-guerra-in-atto-contro-i-cristiani\/"]}]},{"@type":"ImageObject","inLanguage":"it-IT","@id":"https:\/\/www.rassegnastampa-totustuus.it\/cattolica\/c-una-guerra-in-atto-contro-i-cristiani\/#primaryimage","url":"https:\/\/www.rassegnastampa-totustuus.it\/cattolica\/wp-content\/uploads\/2013\/10\/sacrilegio.jpg","contentUrl":"https:\/\/www.rassegnastampa-totustuus.it\/cattolica\/wp-content\/uploads\/2013\/10\/sacrilegio.jpg","width":298,"height":169},{"@type":"BreadcrumbList","@id":"https:\/\/www.rassegnastampa-totustuus.it\/cattolica\/c-una-guerra-in-atto-contro-i-cristiani\/#breadcrumb","itemListElement":[{"@type":"ListItem","position":1,"name":"Home","item":"https:\/\/www.rassegnastampa-totustuus.it\/cattolica\/"},{"@type":"ListItem","position":2,"name":"C\u2019&egrave; una guerra in atto contro i cristiani. Anche nel civilissimo e \u201ctollerante\u201d Occidente"}]},{"@type":"WebSite","@id":"https:\/\/www.rassegnastampa-totustuus.it\/cattolica\/#website","url":"https:\/\/www.rassegnastampa-totustuus.it\/cattolica\/","name":"Rassegna Stampa Cattolica","description":"Per una cultura che nasce dalla Rivelazione cristiana in conformit\u00e0 alla tradizione e al Magistero della Chiesa in opposizione ad ogni relativismo e totalitarismo","publisher":{"@id":"https:\/\/www.rassegnastampa-totustuus.it\/cattolica\/#organization"},"alternateName":"Rass. Cattolica","potentialAction":[{"@type":"SearchAction","target":{"@type":"EntryPoint","urlTemplate":"https:\/\/www.rassegnastampa-totustuus.it\/cattolica\/?s={search_term_string}"},"query-input":{"@type":"PropertyValueSpecification","valueRequired":true,"valueName":"search_term_string"}}],"inLanguage":"it-IT"},{"@type":"Organization","@id":"https:\/\/www.rassegnastampa-totustuus.it\/cattolica\/#organization","name":"Rassegna Stampa Cattolica","url":"https:\/\/www.rassegnastampa-totustuus.it\/cattolica\/","logo":{"@type":"ImageObject","inLanguage":"it-IT","@id":"https:\/\/www.rassegnastampa-totustuus.it\/cattolica\/#\/schema\/logo\/image\/","url":"https:\/\/www.rassegnastampa-totustuus.it\/cattolica\/wp-content\/uploads\/2014\/04\/logo-rassegna1.gif","contentUrl":"https:\/\/www.rassegnastampa-totustuus.it\/cattolica\/wp-content\/uploads\/2014\/04\/logo-rassegna1.gif","width":600,"height":163,"caption":"Rassegna Stampa Cattolica"},"image":{"@id":"https:\/\/www.rassegnastampa-totustuus.it\/cattolica\/#\/schema\/logo\/image\/"},"sameAs":["https:\/\/www.facebook.com\/rassegnastampacattolica","https:\/\/x.com\/rassegnastampa9"]},{"@type":"Person","@id":"https:\/\/www.rassegnastampa-totustuus.it\/cattolica\/#\/schema\/person\/08f319d2bd1a0904ad9e2bfb7b15e5c3","name":"Redazione","image":{"@type":"ImageObject","inLanguage":"it-IT","@id":"https:\/\/secure.gravatar.com\/avatar\/2fcdf27c78ea025fbdb44e914cc63c72249ffec9dc8aafd5c82b26240ef3f346?s=96&d=mm&r=g","url":"https:\/\/secure.gravatar.com\/avatar\/2fcdf27c78ea025fbdb44e914cc63c72249ffec9dc8aafd5c82b26240ef3f346?s=96&d=mm&r=g","contentUrl":"https:\/\/secure.gravatar.com\/avatar\/2fcdf27c78ea025fbdb44e914cc63c72249ffec9dc8aafd5c82b26240ef3f346?s=96&d=mm&r=g","caption":"Redazione"},"url":"https:\/\/www.rassegnastampa-totustuus.it\/cattolica\/author\/pietroelle\/"}]}},"_links":{"self":[{"href":"https:\/\/www.rassegnastampa-totustuus.it\/cattolica\/wp-json\/wp\/v2\/posts\/5762","targetHints":{"allow":["GET"]}}],"collection":[{"href":"https:\/\/www.rassegnastampa-totustuus.it\/cattolica\/wp-json\/wp\/v2\/posts"}],"about":[{"href":"https:\/\/www.rassegnastampa-totustuus.it\/cattolica\/wp-json\/wp\/v2\/types\/post"}],"author":[{"embeddable":true,"href":"https:\/\/www.rassegnastampa-totustuus.it\/cattolica\/wp-json\/wp\/v2\/users\/6"}],"replies":[{"embeddable":true,"href":"https:\/\/www.rassegnastampa-totustuus.it\/cattolica\/wp-json\/wp\/v2\/comments?post=5762"}],"version-history":[{"count":5,"href":"https:\/\/www.rassegnastampa-totustuus.it\/cattolica\/wp-json\/wp\/v2\/posts\/5762\/revisions"}],"predecessor-version":[{"id":28264,"href":"https:\/\/www.rassegnastampa-totustuus.it\/cattolica\/wp-json\/wp\/v2\/posts\/5762\/revisions\/28264"}],"wp:featuredmedia":[{"embeddable":true,"href":"https:\/\/www.rassegnastampa-totustuus.it\/cattolica\/wp-json\/wp\/v2\/media\/28263"}],"wp:attachment":[{"href":"https:\/\/www.rassegnastampa-totustuus.it\/cattolica\/wp-json\/wp\/v2\/media?parent=5762"}],"wp:term":[{"taxonomy":"category","embeddable":true,"href":"https:\/\/www.rassegnastampa-totustuus.it\/cattolica\/wp-json\/wp\/v2\/categories?post=5762"},{"taxonomy":"post_tag","embeddable":true,"href":"https:\/\/www.rassegnastampa-totustuus.it\/cattolica\/wp-json\/wp\/v2\/tags?post=5762"}],"curies":[{"name":"wp","href":"https:\/\/api.w.org\/{rel}","templated":true}]}}