{"id":5760,"date":"2013-10-23T03:12:14","date_gmt":"2013-10-23T01:12:14","guid":{"rendered":""},"modified":"2016-01-20T16:48:10","modified_gmt":"2016-01-20T15:48:10","slug":"povera-bibbia-fatta-a-fettine","status":"publish","type":"post","link":"https:\/\/www.rassegnastampa-totustuus.it\/cattolica\/povera-bibbia-fatta-a-fettine\/","title":{"rendered":"Povera Bibbia fatta a fettine"},"content":{"rendered":"<div style=\"text-align: center;\"><strong><a href=\"https:\/\/www.rassegnastampa-totustuus.it\/cattolica\/wp-content\/uploads\/2013\/10\/Bibbia.jpg\"><img loading=\"lazy\" decoding=\"async\" class=\"alignleft wp-image-29475\" src=\"https:\/\/www.rassegnastampa-totustuus.it\/cattolica\/wp-content\/uploads\/2013\/10\/Bibbia.jpg\" alt=\"Bibbia\" width=\"150\" height=\"169\" \/><\/a>Avvenire<\/strong> 23 ottobre 2013<\/div>\n<p style=\"text-align: justify;\"><em>A furia di demitizzare l\u2019esegesi liberale tedesca (e oggi anche anglosassone) ha distrutto la possibilit\u00e0 di interpretare il vero significato delle scritture. Parla l\u2019esperto Berger.<\/em><\/p>\n<p style=\"text-align: center;\"><strong>Andrea Galli<\/strong><\/p>\n<p><!--more--><\/p>\n<div style=\"text-align: justify;\">Il titolo \u00e8 eloquente: <em>Die Bibelf\u00e4lscher<\/em>, i falsificatori della Bibbia, sottotitolo \u00abCome siamo stati ingannati sulla verit\u00e0\u00bb, sottinteso delle Scritture. E fa effetto perch\u00e9 non \u00e8 un libro scritto dal polemista di turno, ma da Klaus Berger, uno dei pi\u00f9 importanti studiosi di lingua tedesca del Nuovo Testamento.<\/div>\n<p style=\"text-align: justify;\">Da sempre critico nei confronti dell\u2019esegesi liberale che nel \u2019900 ha dominato gli studi biblici in Germania e non solo, dopo essere diventato professore emerito e dopo una sterminata lista di pubblicazioni, Berger ne ha partorito un\u2019altra <em>sui generis<\/em>, che \u00e8 insieme un \u00abAufschrei\u00bb, un grido nel deserto che l\u2019esegesi liberale avrebbe lasciato, e allo stesso tempo una compilazione di \u00absed contra\u00bb, di risposte a quelli che sarebbero i principali fraintendimenti o le vere e proprie distorsioni accademiche del testo biblico.<\/p>\n<p style=\"text-align: justify;\"><strong>Professore, la parabola dell\u2019esegesi liberale fa pensare alla \u00abDialettica dell\u2019Illuminismo\u00bb di Horkheimer e Adorno. La relativizzazione estrema \u2013 lei parla di \u00abdistruzione\u00bb \u2013 del significato delle Scritture era un esito inevitabile.<\/strong><\/p>\n<p style=\"text-align: justify;\">\u00abC\u2019\u00e8 una certa consequenzialit\u00e0 nel fatto che l\u2019esito dell\u2019Illuminismo \u201cnon illuminato\u201d sia la dissoluzione del suo oggetto di studio. Questo avviene quando gli illuministi sono troppo poco autocritici e sono pronti a sacrificare tutto allo spirito del tempo, allo <em>Zeitgeist<\/em> che loro stessi hanno contribuito a secolarizzare. \u00c8 chiaro che non si possono riconoscere nel mondo i segni dell\u2019azione di Dio, se \u00e8 gi\u00e0 stato escluso in partenza che questo sia possibile. I teologi portano a compimento il processo dello <em>Zeitgeist<\/em> con l\u2019idea dell\u2019autosecolarizzazione della religione. Ne risulta che ci\u00f2 che non \u00e8 conforme a questo <em>Zeitgeist<\/em> o sembra contraddirlo \u00e8 da eliminare\u00bb.<\/p>\n<p style=\"text-align: justify;\"><strong>Lei definisce il suo libro un \u00abplanctus Germaniae\u00bb. Cosa ne pensa del mondo angloamericano? C\u2019\u00e8 stato una sorta di passaggio del testimone?<\/strong><\/p>\n<p style=\"text-align: justify;\">\u00abL\u2019esegesi protestante tedesca tra il 1900 e il 1970 ha generato due figlie: la scuola ipercritica angloamericana e una grande parte della nuova esegesi cattolica tedesca. I discepoli di Bultmann, anche molto diversi fra loro come K\u00e4semann e Bornkamm, viaggiarono a lungo per tenere conferenze in Nord America e collezionarono lauree ad honorem in Gran Bretagna. Non furono pochi quelli che ottennero cattedre negli Usa, penso a K\u00f6ster, Georgi e Betz. Quando studiavo teologia, in Germania costoro erano guardati con quel senso di ammirazione \u2013 parlo anche dei cattolici \u2013 che hanno i bambini nei confronti di Babbo Natale.<\/p>\n<p style=\"text-align: justify;\">Questo atteggiamento, che sfiorava il culto, nei confronti di personalit\u00e0 come Luz, Thei\u00dfen e altri ha creato le condizioni perch\u00e9 ne venisse accettata pienamente l\u2019eredit\u00e0. Per quanto mi riguarda vorrei specificare che il problema non sta nel fatto che ci siano studiosi con posizioni o interpretazioni diverse dalle mie \u2013 si pu\u00f2 ovviamente imparare anche da chi la pensa in modo diametralmente opposto \u2013, quello che mi disturba \u00e8 l\u2019ingiustificabile arroganza con la quale certi teologi correggono la Bibbia come se la conoscessero meglio degli apostoli, dei profeti e di Ges\u00f9 stesso. Dopo questo tipo di \u201cesegesi\u201d quello che resta \u00e8 solo un brodino teologico annacquato e imbevibile\u00bb.<\/p>\n<p style=\"text-align: justify;\"><strong>Il suo libro \u00e8 una lista lunghissima di \u00absed contra\u00bb. Quali sono le tesi pi\u00f9 in voga tra i biblisti che ritiene meno sostenibili o portatrici di maggiore confusione?<\/strong><\/p>\n<p style=\"text-align: justify;\">\u00abLe \u201cabrogazioni\u201d bibliche pi\u00f9 cariche di conseguenze hanno riguardato l\u2019Incarnazione e la Risurrezione. Entrambi questi avvenimenti sono evaporati diventando semplici costrutti mitologici, perch\u00e9 per loro non c\u2019era posto nella storia reale. La conseguenza \u00e8 stata <em>in primis<\/em> l\u2019eliminazione della Trinit\u00e0 nel primo cristianesimo. Perfino teologi cattolici di dogmatica come Hans K\u00fcng fanno nascere la Trinit\u00e0 nel Medio Evo. In questo modo \u00e8 stato sottratto al cristianesimo la sua peculiarit\u00e0 rispetto all\u2019ebraismo e all\u2019islam.<\/p>\n<p style=\"text-align: justify;\">Da ci\u00f2 dipende anche la debolezza argomentativa dei cristiani nell\u2019attuale dialogo con le religioni abramitiche. Orripilante e irresponsabile a livello esegetico era gi\u00e0 il dibattito sull\u2019autenticit\u00e0 o inautenticit\u00e0 delle parole di Ges\u00f9. Un lascito del positivismo del XIX secolo \u00e8 stato infine l\u2019avversione alla mistica e ai miracoli. Ogni avversione di questi tipo finisce per negare l\u2019idea di un Dio personale. Io ho proposto di parlare di miracoli ed esperienze mistiche come di \u201cfatti mistici\u201d, le cui cause restano sconosciute, un mistero, ma che possono cambiare radicalmente gli uomini e il mondo\u00bb.<\/p>\n<p style=\"text-align: justify;\"><strong>Uno dei \u00absed contra\u00bb riguarda i fratelli e le sorelle di sangue di Ges\u00f9. Lei tratta questa questione in poche righe, ma sul tema si sprecano ancora volumi e dibattiti.<\/strong><\/p>\n<p style=\"text-align: justify;\">\u00abNel caso dei fratelli e delle sorelle di Ges\u00f9, la posizione critica e illuministica di molti esegeti rivela un dato che rimane spesso sullo sfondo: la mancanza di sufficienti competenze filologiche e sociologiche. \u00c8 sfuggito dal punto di vista della filologia che le lingue semitiche non facevano differenza tra fratelli di sangue e parenti stretti all\u2019interno del clan familiare. E dal punto di vista sociologico, \u00e8 sfuggito semplicemente l\u2019aspetto dominante del clan\u00bb.<\/p>\n<p style=\"text-align: justify;\"><strong>La cosiddetta terza ricerca sul Ges\u00f9 storico (\u00abThird quest\u00bb) si \u00e8 concentrata sull\u2019inquadramento di Ges\u00f9 nel contesto dell\u2019ebraismo. \u00c8 stata una scelta fruttuosa?<\/strong><\/p>\n<p style=\"text-align: justify;\">\u00abFin dagli inizi della mia carriera ho studiato la Bibbia insieme all\u2019ebraismo. Israele, ossia l\u2019ebraismo, \u00e8 il terreno preparato da Dio per la rivelazione cristiana. La storia delle religioni si \u00e8 a lungo fissata sulla Grecia classica o sul cosiddetto ellenismo. La svolta \u00e8 avvenuta solo con i ritrovamenti di Qumran, che per\u00f2, al di l\u00e0 dell\u2019immensa importanza storica, a livello teologico si sono rivelati senza conseguenze. Fino a oggi non si \u00e8 riflettuto abbastanza n\u00e9 sulla storia della tradizione n\u00e9 sulla metodologia della storia delle religioni\u00bb.<\/p>\n<p style=\"text-align: justify;\"><strong>Ratzinger ha lasciato tre libri scritti mentre era Papa dedicati all\u2019esegesi del Nuovo Testamento. Qual \u00e8 l\u2019insegnamento che i biblisti, soprattutto cattolici, possono o devono trarne?<\/strong><\/p>\n<p style=\"text-align: justify;\">\u00abPrimo, che l\u2019ebraismo \u00e8 lo sfondo per capire Ges\u00f9, ma molto meno l\u2019ebraismo rabbinico rispetto a quello fra i due Testamenti. Secondo, che il Vangelo di Giovanni non va svalutato rispetto ai Sinottici; non \u00e8 senza importanza dal punto di vista storico, come ancora 30 anni fa si sosteneva. Terzo, che il tema di Ges\u00f9 \u00e8 Dio: e questo riguarda le sue parole e le sue azioni. Ges\u00f9 non \u00e8 un riformatore sociale o un dispensatore di consigli per il benessere psicologico. Ges\u00f9 insegna che la fede e l\u2019adorazione hanno un\u2019assoluta priorit\u00e0 nel rapporto con Dio\u00bb.<\/p>\n","protected":false},"excerpt":{"rendered":"<p>Avvenire 23 ottobre 2013 A furia di demitizzare l\u2019esegesi liberale tedesca (e oggi anche anglosassone) ha distrutto la possibilit\u00e0 di interpretare il vero significato delle scritture. Parla l\u2019esperto Berger. Andrea Galli<\/p><p><a class=\"more-link btn\" href=\"https:\/\/www.rassegnastampa-totustuus.it\/cattolica\/povera-bibbia-fatta-a-fettine\/\">Continua a leggere<\/a><\/p>\n","protected":false},"author":6,"featured_media":29475,"comment_status":"open","ping_status":"open","sticky":false,"template":"","format":"standard","meta":{"footnotes":""},"categories":[5],"tags":[333,331,332,330],"class_list":["post-5760","post","type-post","status-publish","format-standard","has-post-thumbnail","hentry","category-chiesa","tag-bibbia","tag-esegesi","tag-gesu-cristo","tag-sacra-scrittura","item-wrap"],"yoast_head":"<!-- This site is optimized with the Yoast SEO plugin v27.5 - https:\/\/yoast.com\/product\/yoast-seo-wordpress\/ -->\n<title>Povera Bibbia fatta a fettine - Rassegna Stampa Cattolica<\/title>\n<meta name=\"description\" content=\"Rassegna Stampa Cattolica - Per una cultura che nasce dalla Rivelazione cristiana in conformit\u00e0 alla tradizione e al Magistero della Chiesa in opposizione ad ogni relativismo e totalitarismo\" \/>\n<meta name=\"robots\" content=\"index, follow, max-snippet:-1, max-image-preview:large, max-video-preview:-1\" \/>\n<link rel=\"canonical\" href=\"https:\/\/www.rassegnastampa-totustuus.it\/cattolica\/povera-bibbia-fatta-a-fettine\/\" \/>\n<meta property=\"og:locale\" content=\"it_IT\" \/>\n<meta property=\"og:type\" content=\"article\" \/>\n<meta property=\"og:title\" content=\"Povera Bibbia fatta a fettine - Rassegna Stampa Cattolica\" \/>\n<meta property=\"og:description\" content=\"Rassegna Stampa Cattolica - Per una cultura che nasce dalla Rivelazione cristiana in conformit\u00e0 alla tradizione e al Magistero della Chiesa in opposizione ad ogni relativismo e totalitarismo\" \/>\n<meta property=\"og:url\" content=\"https:\/\/www.rassegnastampa-totustuus.it\/cattolica\/povera-bibbia-fatta-a-fettine\/\" \/>\n<meta property=\"og:site_name\" content=\"Rassegna Stampa Cattolica\" \/>\n<meta property=\"article:publisher\" content=\"https:\/\/www.facebook.com\/rassegnastampacattolica\" \/>\n<meta property=\"article:published_time\" content=\"2013-10-23T01:12:14+00:00\" \/>\n<meta property=\"article:modified_time\" content=\"2016-01-20T15:48:10+00:00\" \/>\n<meta property=\"og:image\" content=\"https:\/\/www.rassegnastampa-totustuus.it\/cattolica\/wp-content\/uploads\/2013\/10\/Bibbia.jpg\" \/>\n\t<meta property=\"og:image:width\" content=\"211\" \/>\n\t<meta property=\"og:image:height\" content=\"239\" \/>\n\t<meta property=\"og:image:type\" content=\"image\/jpeg\" \/>\n<meta name=\"author\" content=\"Redazione\" \/>\n<meta name=\"twitter:card\" content=\"summary_large_image\" \/>\n<meta name=\"twitter:creator\" content=\"@rassegnastampa9\" \/>\n<meta name=\"twitter:site\" content=\"@rassegnastampa9\" \/>\n<meta name=\"twitter:label1\" content=\"Scritto da\" \/>\n\t<meta name=\"twitter:data1\" content=\"Redazione\" \/>\n\t<meta name=\"twitter:label2\" content=\"Tempo di lettura stimato\" \/>\n\t<meta name=\"twitter:data2\" content=\"5 minuti\" \/>\n<script type=\"application\/ld+json\" class=\"yoast-schema-graph\">{\"@context\":\"https:\\\/\\\/schema.org\",\"@graph\":[{\"@type\":\"Article\",\"@id\":\"https:\\\/\\\/www.rassegnastampa-totustuus.it\\\/cattolica\\\/povera-bibbia-fatta-a-fettine\\\/#article\",\"isPartOf\":{\"@id\":\"https:\\\/\\\/www.rassegnastampa-totustuus.it\\\/cattolica\\\/povera-bibbia-fatta-a-fettine\\\/\"},\"author\":{\"name\":\"Redazione\",\"@id\":\"https:\\\/\\\/www.rassegnastampa-totustuus.it\\\/cattolica\\\/#\\\/schema\\\/person\\\/08f319d2bd1a0904ad9e2bfb7b15e5c3\"},\"headline\":\"Povera Bibbia fatta a fettine\",\"datePublished\":\"2013-10-23T01:12:14+00:00\",\"dateModified\":\"2016-01-20T15:48:10+00:00\",\"mainEntityOfPage\":{\"@id\":\"https:\\\/\\\/www.rassegnastampa-totustuus.it\\\/cattolica\\\/povera-bibbia-fatta-a-fettine\\\/\"},\"wordCount\":1060,\"commentCount\":0,\"publisher\":{\"@id\":\"https:\\\/\\\/www.rassegnastampa-totustuus.it\\\/cattolica\\\/#organization\"},\"image\":{\"@id\":\"https:\\\/\\\/www.rassegnastampa-totustuus.it\\\/cattolica\\\/povera-bibbia-fatta-a-fettine\\\/#primaryimage\"},\"thumbnailUrl\":\"https:\\\/\\\/www.rassegnastampa-totustuus.it\\\/cattolica\\\/wp-content\\\/uploads\\\/2013\\\/10\\\/Bibbia.jpg\",\"keywords\":[\"Bibbia\",\"esegesi\",\"Ges\u00f9 Cristo\",\"sacra scrittura\"],\"articleSection\":[\"Chiesa\"],\"inLanguage\":\"it-IT\",\"potentialAction\":[{\"@type\":\"CommentAction\",\"name\":\"Comment\",\"target\":[\"https:\\\/\\\/www.rassegnastampa-totustuus.it\\\/cattolica\\\/povera-bibbia-fatta-a-fettine\\\/#respond\"]}]},{\"@type\":\"WebPage\",\"@id\":\"https:\\\/\\\/www.rassegnastampa-totustuus.it\\\/cattolica\\\/povera-bibbia-fatta-a-fettine\\\/\",\"url\":\"https:\\\/\\\/www.rassegnastampa-totustuus.it\\\/cattolica\\\/povera-bibbia-fatta-a-fettine\\\/\",\"name\":\"Povera Bibbia fatta a fettine - Rassegna Stampa Cattolica\",\"isPartOf\":{\"@id\":\"https:\\\/\\\/www.rassegnastampa-totustuus.it\\\/cattolica\\\/#website\"},\"primaryImageOfPage\":{\"@id\":\"https:\\\/\\\/www.rassegnastampa-totustuus.it\\\/cattolica\\\/povera-bibbia-fatta-a-fettine\\\/#primaryimage\"},\"image\":{\"@id\":\"https:\\\/\\\/www.rassegnastampa-totustuus.it\\\/cattolica\\\/povera-bibbia-fatta-a-fettine\\\/#primaryimage\"},\"thumbnailUrl\":\"https:\\\/\\\/www.rassegnastampa-totustuus.it\\\/cattolica\\\/wp-content\\\/uploads\\\/2013\\\/10\\\/Bibbia.jpg\",\"datePublished\":\"2013-10-23T01:12:14+00:00\",\"dateModified\":\"2016-01-20T15:48:10+00:00\",\"description\":\"Rassegna Stampa Cattolica - Per una cultura che nasce dalla Rivelazione cristiana in conformit\u00e0 alla tradizione e al Magistero della Chiesa in opposizione ad ogni relativismo e totalitarismo\",\"breadcrumb\":{\"@id\":\"https:\\\/\\\/www.rassegnastampa-totustuus.it\\\/cattolica\\\/povera-bibbia-fatta-a-fettine\\\/#breadcrumb\"},\"inLanguage\":\"it-IT\",\"potentialAction\":[{\"@type\":\"ReadAction\",\"target\":[\"https:\\\/\\\/www.rassegnastampa-totustuus.it\\\/cattolica\\\/povera-bibbia-fatta-a-fettine\\\/\"]}]},{\"@type\":\"ImageObject\",\"inLanguage\":\"it-IT\",\"@id\":\"https:\\\/\\\/www.rassegnastampa-totustuus.it\\\/cattolica\\\/povera-bibbia-fatta-a-fettine\\\/#primaryimage\",\"url\":\"https:\\\/\\\/www.rassegnastampa-totustuus.it\\\/cattolica\\\/wp-content\\\/uploads\\\/2013\\\/10\\\/Bibbia.jpg\",\"contentUrl\":\"https:\\\/\\\/www.rassegnastampa-totustuus.it\\\/cattolica\\\/wp-content\\\/uploads\\\/2013\\\/10\\\/Bibbia.jpg\",\"width\":211,\"height\":239},{\"@type\":\"BreadcrumbList\",\"@id\":\"https:\\\/\\\/www.rassegnastampa-totustuus.it\\\/cattolica\\\/povera-bibbia-fatta-a-fettine\\\/#breadcrumb\",\"itemListElement\":[{\"@type\":\"ListItem\",\"position\":1,\"name\":\"Home\",\"item\":\"https:\\\/\\\/www.rassegnastampa-totustuus.it\\\/cattolica\\\/\"},{\"@type\":\"ListItem\",\"position\":2,\"name\":\"Povera Bibbia fatta a fettine\"}]},{\"@type\":\"WebSite\",\"@id\":\"https:\\\/\\\/www.rassegnastampa-totustuus.it\\\/cattolica\\\/#website\",\"url\":\"https:\\\/\\\/www.rassegnastampa-totustuus.it\\\/cattolica\\\/\",\"name\":\"Rassegna Stampa Cattolica\",\"description\":\"Per una cultura che nasce dalla Rivelazione cristiana in conformit\u00e0 alla tradizione e al Magistero della Chiesa in opposizione ad ogni relativismo e totalitarismo\",\"publisher\":{\"@id\":\"https:\\\/\\\/www.rassegnastampa-totustuus.it\\\/cattolica\\\/#organization\"},\"alternateName\":\"Rass. Cattolica\",\"potentialAction\":[{\"@type\":\"SearchAction\",\"target\":{\"@type\":\"EntryPoint\",\"urlTemplate\":\"https:\\\/\\\/www.rassegnastampa-totustuus.it\\\/cattolica\\\/?s={search_term_string}\"},\"query-input\":{\"@type\":\"PropertyValueSpecification\",\"valueRequired\":true,\"valueName\":\"search_term_string\"}}],\"inLanguage\":\"it-IT\"},{\"@type\":\"Organization\",\"@id\":\"https:\\\/\\\/www.rassegnastampa-totustuus.it\\\/cattolica\\\/#organization\",\"name\":\"Rassegna Stampa Cattolica\",\"url\":\"https:\\\/\\\/www.rassegnastampa-totustuus.it\\\/cattolica\\\/\",\"logo\":{\"@type\":\"ImageObject\",\"inLanguage\":\"it-IT\",\"@id\":\"https:\\\/\\\/www.rassegnastampa-totustuus.it\\\/cattolica\\\/#\\\/schema\\\/logo\\\/image\\\/\",\"url\":\"https:\\\/\\\/www.rassegnastampa-totustuus.it\\\/cattolica\\\/wp-content\\\/uploads\\\/2014\\\/04\\\/logo-rassegna1.gif\",\"contentUrl\":\"https:\\\/\\\/www.rassegnastampa-totustuus.it\\\/cattolica\\\/wp-content\\\/uploads\\\/2014\\\/04\\\/logo-rassegna1.gif\",\"width\":600,\"height\":163,\"caption\":\"Rassegna Stampa Cattolica\"},\"image\":{\"@id\":\"https:\\\/\\\/www.rassegnastampa-totustuus.it\\\/cattolica\\\/#\\\/schema\\\/logo\\\/image\\\/\"},\"sameAs\":[\"https:\\\/\\\/www.facebook.com\\\/rassegnastampacattolica\",\"https:\\\/\\\/x.com\\\/rassegnastampa9\"]},{\"@type\":\"Person\",\"@id\":\"https:\\\/\\\/www.rassegnastampa-totustuus.it\\\/cattolica\\\/#\\\/schema\\\/person\\\/08f319d2bd1a0904ad9e2bfb7b15e5c3\",\"name\":\"Redazione\",\"image\":{\"@type\":\"ImageObject\",\"inLanguage\":\"it-IT\",\"@id\":\"https:\\\/\\\/secure.gravatar.com\\\/avatar\\\/2fcdf27c78ea025fbdb44e914cc63c72249ffec9dc8aafd5c82b26240ef3f346?s=96&d=mm&r=g\",\"url\":\"https:\\\/\\\/secure.gravatar.com\\\/avatar\\\/2fcdf27c78ea025fbdb44e914cc63c72249ffec9dc8aafd5c82b26240ef3f346?s=96&d=mm&r=g\",\"contentUrl\":\"https:\\\/\\\/secure.gravatar.com\\\/avatar\\\/2fcdf27c78ea025fbdb44e914cc63c72249ffec9dc8aafd5c82b26240ef3f346?s=96&d=mm&r=g\",\"caption\":\"Redazione\"},\"url\":\"https:\\\/\\\/www.rassegnastampa-totustuus.it\\\/cattolica\\\/author\\\/pietroelle\\\/\"}]}<\/script>\n<!-- \/ Yoast SEO plugin. -->","yoast_head_json":{"title":"Povera Bibbia fatta a fettine - Rassegna Stampa Cattolica","description":"Rassegna Stampa Cattolica - Per una cultura che nasce dalla Rivelazione cristiana in conformit\u00e0 alla tradizione e al Magistero della Chiesa in opposizione ad ogni relativismo e totalitarismo","robots":{"index":"index","follow":"follow","max-snippet":"max-snippet:-1","max-image-preview":"max-image-preview:large","max-video-preview":"max-video-preview:-1"},"canonical":"https:\/\/www.rassegnastampa-totustuus.it\/cattolica\/povera-bibbia-fatta-a-fettine\/","og_locale":"it_IT","og_type":"article","og_title":"Povera Bibbia fatta a fettine - Rassegna Stampa Cattolica","og_description":"Rassegna Stampa Cattolica - Per una cultura che nasce dalla Rivelazione cristiana in conformit\u00e0 alla tradizione e al Magistero della Chiesa in opposizione ad ogni relativismo e totalitarismo","og_url":"https:\/\/www.rassegnastampa-totustuus.it\/cattolica\/povera-bibbia-fatta-a-fettine\/","og_site_name":"Rassegna Stampa Cattolica","article_publisher":"https:\/\/www.facebook.com\/rassegnastampacattolica","article_published_time":"2013-10-23T01:12:14+00:00","article_modified_time":"2016-01-20T15:48:10+00:00","og_image":[{"width":211,"height":239,"url":"https:\/\/www.rassegnastampa-totustuus.it\/cattolica\/wp-content\/uploads\/2013\/10\/Bibbia.jpg","type":"image\/jpeg"}],"author":"Redazione","twitter_card":"summary_large_image","twitter_creator":"@rassegnastampa9","twitter_site":"@rassegnastampa9","twitter_misc":{"Scritto da":"Redazione","Tempo di lettura stimato":"5 minuti"},"schema":{"@context":"https:\/\/schema.org","@graph":[{"@type":"Article","@id":"https:\/\/www.rassegnastampa-totustuus.it\/cattolica\/povera-bibbia-fatta-a-fettine\/#article","isPartOf":{"@id":"https:\/\/www.rassegnastampa-totustuus.it\/cattolica\/povera-bibbia-fatta-a-fettine\/"},"author":{"name":"Redazione","@id":"https:\/\/www.rassegnastampa-totustuus.it\/cattolica\/#\/schema\/person\/08f319d2bd1a0904ad9e2bfb7b15e5c3"},"headline":"Povera Bibbia fatta a fettine","datePublished":"2013-10-23T01:12:14+00:00","dateModified":"2016-01-20T15:48:10+00:00","mainEntityOfPage":{"@id":"https:\/\/www.rassegnastampa-totustuus.it\/cattolica\/povera-bibbia-fatta-a-fettine\/"},"wordCount":1060,"commentCount":0,"publisher":{"@id":"https:\/\/www.rassegnastampa-totustuus.it\/cattolica\/#organization"},"image":{"@id":"https:\/\/www.rassegnastampa-totustuus.it\/cattolica\/povera-bibbia-fatta-a-fettine\/#primaryimage"},"thumbnailUrl":"https:\/\/www.rassegnastampa-totustuus.it\/cattolica\/wp-content\/uploads\/2013\/10\/Bibbia.jpg","keywords":["Bibbia","esegesi","Ges\u00f9 Cristo","sacra scrittura"],"articleSection":["Chiesa"],"inLanguage":"it-IT","potentialAction":[{"@type":"CommentAction","name":"Comment","target":["https:\/\/www.rassegnastampa-totustuus.it\/cattolica\/povera-bibbia-fatta-a-fettine\/#respond"]}]},{"@type":"WebPage","@id":"https:\/\/www.rassegnastampa-totustuus.it\/cattolica\/povera-bibbia-fatta-a-fettine\/","url":"https:\/\/www.rassegnastampa-totustuus.it\/cattolica\/povera-bibbia-fatta-a-fettine\/","name":"Povera Bibbia fatta a fettine - Rassegna Stampa Cattolica","isPartOf":{"@id":"https:\/\/www.rassegnastampa-totustuus.it\/cattolica\/#website"},"primaryImageOfPage":{"@id":"https:\/\/www.rassegnastampa-totustuus.it\/cattolica\/povera-bibbia-fatta-a-fettine\/#primaryimage"},"image":{"@id":"https:\/\/www.rassegnastampa-totustuus.it\/cattolica\/povera-bibbia-fatta-a-fettine\/#primaryimage"},"thumbnailUrl":"https:\/\/www.rassegnastampa-totustuus.it\/cattolica\/wp-content\/uploads\/2013\/10\/Bibbia.jpg","datePublished":"2013-10-23T01:12:14+00:00","dateModified":"2016-01-20T15:48:10+00:00","description":"Rassegna Stampa Cattolica - Per una cultura che nasce dalla Rivelazione cristiana in conformit\u00e0 alla tradizione e al Magistero della Chiesa in opposizione ad ogni relativismo e totalitarismo","breadcrumb":{"@id":"https:\/\/www.rassegnastampa-totustuus.it\/cattolica\/povera-bibbia-fatta-a-fettine\/#breadcrumb"},"inLanguage":"it-IT","potentialAction":[{"@type":"ReadAction","target":["https:\/\/www.rassegnastampa-totustuus.it\/cattolica\/povera-bibbia-fatta-a-fettine\/"]}]},{"@type":"ImageObject","inLanguage":"it-IT","@id":"https:\/\/www.rassegnastampa-totustuus.it\/cattolica\/povera-bibbia-fatta-a-fettine\/#primaryimage","url":"https:\/\/www.rassegnastampa-totustuus.it\/cattolica\/wp-content\/uploads\/2013\/10\/Bibbia.jpg","contentUrl":"https:\/\/www.rassegnastampa-totustuus.it\/cattolica\/wp-content\/uploads\/2013\/10\/Bibbia.jpg","width":211,"height":239},{"@type":"BreadcrumbList","@id":"https:\/\/www.rassegnastampa-totustuus.it\/cattolica\/povera-bibbia-fatta-a-fettine\/#breadcrumb","itemListElement":[{"@type":"ListItem","position":1,"name":"Home","item":"https:\/\/www.rassegnastampa-totustuus.it\/cattolica\/"},{"@type":"ListItem","position":2,"name":"Povera Bibbia fatta a fettine"}]},{"@type":"WebSite","@id":"https:\/\/www.rassegnastampa-totustuus.it\/cattolica\/#website","url":"https:\/\/www.rassegnastampa-totustuus.it\/cattolica\/","name":"Rassegna Stampa Cattolica","description":"Per una cultura che nasce dalla Rivelazione cristiana in conformit\u00e0 alla tradizione e al Magistero della Chiesa in opposizione ad ogni relativismo e totalitarismo","publisher":{"@id":"https:\/\/www.rassegnastampa-totustuus.it\/cattolica\/#organization"},"alternateName":"Rass. Cattolica","potentialAction":[{"@type":"SearchAction","target":{"@type":"EntryPoint","urlTemplate":"https:\/\/www.rassegnastampa-totustuus.it\/cattolica\/?s={search_term_string}"},"query-input":{"@type":"PropertyValueSpecification","valueRequired":true,"valueName":"search_term_string"}}],"inLanguage":"it-IT"},{"@type":"Organization","@id":"https:\/\/www.rassegnastampa-totustuus.it\/cattolica\/#organization","name":"Rassegna Stampa Cattolica","url":"https:\/\/www.rassegnastampa-totustuus.it\/cattolica\/","logo":{"@type":"ImageObject","inLanguage":"it-IT","@id":"https:\/\/www.rassegnastampa-totustuus.it\/cattolica\/#\/schema\/logo\/image\/","url":"https:\/\/www.rassegnastampa-totustuus.it\/cattolica\/wp-content\/uploads\/2014\/04\/logo-rassegna1.gif","contentUrl":"https:\/\/www.rassegnastampa-totustuus.it\/cattolica\/wp-content\/uploads\/2014\/04\/logo-rassegna1.gif","width":600,"height":163,"caption":"Rassegna Stampa Cattolica"},"image":{"@id":"https:\/\/www.rassegnastampa-totustuus.it\/cattolica\/#\/schema\/logo\/image\/"},"sameAs":["https:\/\/www.facebook.com\/rassegnastampacattolica","https:\/\/x.com\/rassegnastampa9"]},{"@type":"Person","@id":"https:\/\/www.rassegnastampa-totustuus.it\/cattolica\/#\/schema\/person\/08f319d2bd1a0904ad9e2bfb7b15e5c3","name":"Redazione","image":{"@type":"ImageObject","inLanguage":"it-IT","@id":"https:\/\/secure.gravatar.com\/avatar\/2fcdf27c78ea025fbdb44e914cc63c72249ffec9dc8aafd5c82b26240ef3f346?s=96&d=mm&r=g","url":"https:\/\/secure.gravatar.com\/avatar\/2fcdf27c78ea025fbdb44e914cc63c72249ffec9dc8aafd5c82b26240ef3f346?s=96&d=mm&r=g","contentUrl":"https:\/\/secure.gravatar.com\/avatar\/2fcdf27c78ea025fbdb44e914cc63c72249ffec9dc8aafd5c82b26240ef3f346?s=96&d=mm&r=g","caption":"Redazione"},"url":"https:\/\/www.rassegnastampa-totustuus.it\/cattolica\/author\/pietroelle\/"}]}},"_links":{"self":[{"href":"https:\/\/www.rassegnastampa-totustuus.it\/cattolica\/wp-json\/wp\/v2\/posts\/5760","targetHints":{"allow":["GET"]}}],"collection":[{"href":"https:\/\/www.rassegnastampa-totustuus.it\/cattolica\/wp-json\/wp\/v2\/posts"}],"about":[{"href":"https:\/\/www.rassegnastampa-totustuus.it\/cattolica\/wp-json\/wp\/v2\/types\/post"}],"author":[{"embeddable":true,"href":"https:\/\/www.rassegnastampa-totustuus.it\/cattolica\/wp-json\/wp\/v2\/users\/6"}],"replies":[{"embeddable":true,"href":"https:\/\/www.rassegnastampa-totustuus.it\/cattolica\/wp-json\/wp\/v2\/comments?post=5760"}],"version-history":[{"count":5,"href":"https:\/\/www.rassegnastampa-totustuus.it\/cattolica\/wp-json\/wp\/v2\/posts\/5760\/revisions"}],"predecessor-version":[{"id":29476,"href":"https:\/\/www.rassegnastampa-totustuus.it\/cattolica\/wp-json\/wp\/v2\/posts\/5760\/revisions\/29476"}],"wp:featuredmedia":[{"embeddable":true,"href":"https:\/\/www.rassegnastampa-totustuus.it\/cattolica\/wp-json\/wp\/v2\/media\/29475"}],"wp:attachment":[{"href":"https:\/\/www.rassegnastampa-totustuus.it\/cattolica\/wp-json\/wp\/v2\/media?parent=5760"}],"wp:term":[{"taxonomy":"category","embeddable":true,"href":"https:\/\/www.rassegnastampa-totustuus.it\/cattolica\/wp-json\/wp\/v2\/categories?post=5760"},{"taxonomy":"post_tag","embeddable":true,"href":"https:\/\/www.rassegnastampa-totustuus.it\/cattolica\/wp-json\/wp\/v2\/tags?post=5760"}],"curies":[{"name":"wp","href":"https:\/\/api.w.org\/{rel}","templated":true}]}}