{"id":5757,"date":"2013-10-18T00:37:24","date_gmt":"2013-10-17T22:37:24","guid":{"rendered":""},"modified":"2016-04-30T14:32:23","modified_gmt":"2016-04-30T12:32:23","slug":"chi-colma-il-cuore-della-donna","status":"publish","type":"post","link":"https:\/\/www.rassegnastampa-totustuus.it\/cattolica\/chi-colma-il-cuore-della-donna\/","title":{"rendered":"Chi colma il cuore della donna?"},"content":{"rendered":"<div style=\"text-align: center;\"><img loading=\"lazy\" decoding=\"async\" class=\"alignleft wp-image-33838\" src=\"https:\/\/www.rassegnastampa-totustuus.it\/cattolica\/wp-content\/uploads\/2013\/10\/Mulieris-Dignitatem.jpg\" alt=\"Mulieris Dignitatem'\" width=\"120\" height=\"200\" \/>Dal <strong>blog di Costanza Miriano<\/strong> 14 ottobre\u00a02013<\/div>\n<p style=\"text-align: justify;\"><em>Ecco la relazione, che avevo preparato per il convegno per i 25 anni\u00a0 della &#8221;Mulieris Dignitatem&#8221;, da leggere davanti al\u00a0Papa<\/em><\/p>\n<p style=\"text-align: center;\">di <strong>Costanza Miriano<\/strong><\/p>\n<p><!--more--><\/p>\n<div style=\"text-align: justify;\">Quando lessi la prima volta la\u00a0<em>Mulieris Dignitatem<\/em> credo\u00a0proprio che non ne capii praticamente nulla, nella sostanza: avevo diciassette anni, e idee tutte strampalate su come dovessero essere maschi e femmine, sul matrimonio, su una malintesa parit\u00e0 tra i sessi. Mi sembravano belle parole, ma destinate a rimanere su carta. Dieci anni dopo l&#8217;enciclica mi sono sposata, e i successivi quindici li ho passati praticamente a cercare di comprenderla. Piano piano, con il tempo, le parole del Santo Padre si stanno traducendo in carne, si sono incarnate nella storia della nostra coppia, hanno dato un nome a ci\u00f2 che vivevo e anche in parte soffrivo.<\/div>\n<p style=\"text-align: justify;\">Credo\u00a0che in amore si soffra quando si dimentica che &#8220;C&#8217;\u00e8 un paradosso\u00a0nell&#8217;esperienza dell&#8217;amore: due bisogni infiniti di essere amati si incontrano\u00a0con due fragili e limitate capacit\u00e0 di amare&#8221;. (R.M:Rilke) &#8220;Solo nell&#8217;orizzonte\u00a0di un amore pi\u00f9 grande \u00e8 possibile non consumarsi nella pretesa reciproca e\u00a0non rassegnarsi, ma camminare insieme verso un Destino di cui l&#8217;altro \u00e8\u00a0segno&#8221;. (C:S:Lewis).<\/p>\n<p style=\"text-align: justify;\">Uomo e donna sono due povert\u00e0 che si incontrano e si donano. Quella che Lewis chiama pretesa reciproca \u00e8 destinata a rimanere delusa a causa del nostro peccato, e a causa delle differenze tra l&#8217;uomo e la donna. Avere un&#8217;identit\u00e0 adulta a mio parere significa proprio accogliere questa verit\u00e0: cio\u00e8 che l&#8217;altro non potr\u00e0 mai colmare tutte le attese, anche involontarie, o le pretese che noi riversiamo sulla persona che ci \u00e8 a fianco.<\/p>\n<p style=\"text-align: justify;\">Avere un orizzonte pi\u00f9 grande significa invece che le piccole mancanze e delusioni reciproche le possiamo vivere non come crepacci nei quali cercare di non cadere, n\u00e9 tanto meno come rivendicazioni, ma come &#8220;giogo soave&#8221;, un peso leggero che serve alla propria conversione, che \u00e8 poi il fine della vita qui sulla terra.<\/p>\n<p style=\"text-align: justify;\">Ogni attesa disattesa \u2013 perch\u00e9 l&#8217;amore non \u00e8 quell&#8217;unione simbiotica spontanea, gratuita, facile, che prende il nome di amore, almeno nella cultura occidentale dal romanticismo in poi \u2013 ogni attesa disattesa, dicevo, dunque non \u00e8 che lo scartavetramento della vita sul nostro ego, su quella parte di noi che \u00e8 ferita dal peccato originale e che quindi non funziona, non ci permette di entrare in un rapporto vero e personale con Dio.<\/p>\n<p style=\"text-align: justify;\">Ogni uomo e ogni donna sono chiamati a essere sposi prima di tutto del Signore, sia che siano consacrati, e allora \u00e8 direttamente lui lo sposo, sia che siano invece sposati, e quindi l&#8217;altro diventa la via privilegiata per amare e ricevere amore da Dio, che rimane sempre per\u00f2 il nostro sposo.<\/p>\n<p style=\"text-align: justify;\">Quello che guarisce i rapporti \u00e8 ricordare che se il fine oggettivo del matrimonio \u00e8 quello di generare figli, quello soggettivo \u00e8 generare se stessi, quindi, poich\u00e9 esattamente come per le persone consacrate, \u00e8 il rapporto con Dio che ci definisce, lo sposo \u00e8 la via per realizzare questa unione con Dio. Amando lo sposo, la sposa, si ama Dio, e questo ci permette innanzitutto di uscire dalla logica &#8220;del ragioniere&#8221; che sembra prevalere in tante coppie. E poi, ad un livello molto pi\u00f9 profondo, l&#8217;uomo maschio e femmina \u00e8 a immagine di Dio, quindi necessariamente il rapporto con l&#8217;altro ci dice qualcosa di decisivo su noi stessi.<\/p>\n<p style=\"text-align: justify;\">L&#8217;altro dunque, cos\u00ec diverso, che cos\u00ec spesso ci fa arrabbiare, venire i nervi, ci delude, ci ferisce, non \u00e8 sbagliato, ma \u00e8 semplicemente il &#8220;segnaposto del totalmente Altro&#8221;, come lo definisce il cardinal Scola, e ci costringe a una domanda sul senso, ci costringe alla conversione. Ci porta a una forma di amore preterintenzionale direi, che parte cio\u00e8 dalla rinuncia a tutto o a molto di quanto si era atteso o proiettato sull&#8217;altro. Si abbraccia quasi la morte dell&#8217;amore come lo si era immaginato, e si accetta di perdere.<\/p>\n<p style=\"text-align: justify;\">Si ama non pi\u00f9 con lo slancio dell&#8217;emozione ma con l&#8217;amore di un monaco che scolpisce una minuscola scultura sotto la volta di una cattedrale, qualcosa di piccolo e prezioso che non vedr\u00e0 quasi nessuno, solo coloro che avranno la pazienza di alzare lo sguardo.<\/p>\n<p style=\"text-align: justify;\">Preparare un pasto o accogliere le critiche, accettare cambi di programma, silenzi quando si vorrebbe parlare e parole quando si vorrebbe dormire, allegria quando si vorrebbe piangere e riposo quando si vorrebbe proporre. Nella fedelt\u00e0 al matrimonio partecipiamo dunque anche noi come parte della Chiesa a un&#8217;opera che ci trascende, il regno dei cieli, anche se a noi \u00e8 stata affidata solo quella piccola scultura l\u00e0 in alto, che nessuno guarder\u00e0.<\/p>\n<p style=\"text-align: justify;\">Quando manca questa dimensione c&#8217;\u00e8 un amore solo emotivo e si soffre. E sono soprattutto le donne, per la mia esperienza e per quella di coloro con cui sono entrata in contatto dopo aver scritto i miei libri, in scambi anche profondi, a soffrire. Soffrono perch\u00e9 hanno perso il contatto con la loro identit\u00e0 profonda.<\/p>\n<p style=\"text-align: justify;\">Gli ultimi decenni per la donna sono stati davvero di grande cambiamento, e non \u00e8 il tema del mio intervento quindi non mi attardo su questo. Mi limito solo a dire che se la donna ritrova il suo posto tutto si rimette in ordine. La donna soffre perch\u00e9 in lei c&#8217;\u00e8 quella nostalgia del primo sguardo che si \u00e8 posato su di lei. L&#8217;eccomi dell&#8217;uomo che risponde all&#8217;eccomi di Dio \u00e8 essenzialmente femminino.<\/p>\n<p style=\"text-align: justify;\">Pi\u00f9 interiorizzata \u2013 scrive Pavel Evdokimov ne <em>La donna e la salvezza del\u00a0<\/em><em>mondo<\/em> \u2013 pi\u00f9 vicina alla radice, la donna si sente a proprio agio nei limiti del proprio essere e con la sua presenza riempie il mondo dall&#8217;interno.<\/p>\n<p style=\"text-align: justify;\">La donna possiede una complicit\u00e0 con il tempo, perch\u00e9 sa che il tempo \u00e8 gestazione, \u00e8 attesa per qualcosa, per qualcuno. \u00c8 predisposta al dono di s\u00e9, e infatti si realizza quando pu\u00f2 donarsi, che sia a dei figli di carne o no. Ha nostalgia dello sguardo che si \u00e8 posato su di lei al momento della creazione, infatti desidera intimamente che qualcuno le dica che \u00e8 bella, mentre l&#8217;uomo desidera sentirsi capace di portare a termine progetti, di risolvere problemi, di proiettarsi fuori di s\u00e9.<\/p>\n<p style=\"text-align: justify;\">Per mezzo della donna l&#8217;umanit\u00e0 \u00e8 invitata a trovare la sua vocazione sponsale con il Signore. \u00c8 sempre una vocazione in cui la Sposa risponde con il suo amore a quello dello Sposo, dice la\u00a0<em>Mulieris Dignitatem<\/em>, lo sposo con la S maiuscola, il Signore. Per questo, scrive il catechismo della Chiesa cattolica, la dimensione mariana, la vocazione prima di tutto sponsale dell&#8217;umanit\u00e0, precede quella petrina.<\/p>\n<p style=\"text-align: justify;\">San Paolo nella lettera agli Efesini parla del matrimonio tra un uomo e una donna come di un mistero grande. Accostarsi al mistero del maschile e del femminile ci introduce al mistero di Dio, che ci ha creati maschio e femmina, a sua immagine. La tensione tra maschile e femminile rimanda alla tensione amorosa fra le tre persone della Trinit\u00e0, solo che noi uomini siamo feriti dal peccato originale.<\/p>\n<p style=\"text-align: justify;\">In Efesini 5 sono individuati i punti cruciali, i nodi di peccato dell&#8217;uomo e della donna. La donna \u00e8 invitata a essere sottomessa allo sposo, l&#8217;uomo a dare la vita per la sposa, in modo che replichino nel matrimonio la dinamica tra Cristo e la Chiesa, quindi senza dominio o sopraffazione, ma in un dono reciproco. La donna \u00e8 invitata a essere sottomessa perch\u00e9 al contrario la sua costante tentazione \u00e8 quella del controllo, di cercare di plasmare, di formattare coloro che le sono affidati. I figli ma anche lo sposo, spesso.<\/p>\n<p style=\"text-align: justify;\">In realt\u00e0 queste sono qualit\u00e0 di cui l&#8217;ha dotata la Provvidenza perch\u00e9 la donna \u00e8 chiamata a formare, a educare, come diceva anche Benedetto XVI: la donna conserva la consapevolezza che il meglio della sua vocazione \u00e8 nell&#8217;aiutare la vita nel suo formarsi. Che sia sposa o che sia nubile la donna \u00e8 chiamata a preservare e a fecondare la vita, a orientarla verso la luce. \u00c8 chiamata a essere promemoria per l&#8217;umanit\u00e0 tutta. Come dice ancora Evdokimov c&#8217;\u00e8 una particolare connivenza tra la donna, essere naturalmente religioso, messa di fronte ai misteri pi\u00f9 gravi della vita, e lo Spirito datore di vita e consolatore. Lotta per l&#8217;uomo, per la sua salvezza.<\/p>\n<p style=\"text-align: justify;\">In questa vocazione lavora come sempre il peccato, e cos\u00ec la capacit\u00e0 di orientare al bene rischia continuamente di trasformarsi in tentazione di volere che le cose nel mondo vadano come vogliamo noi. Prendiamo un uomo che mediamente ci pu\u00f2 andare, e lo vogliamo migliorare, cos\u00ec rischiamo di non permettere all&#8217;altro di essere.<\/p>\n<p style=\"text-align: justify;\">Finiamo per correggere, riprendere, per non lasciar emergere gli altri con le loro vere qualit\u00e0.<\/p>\n<p style=\"text-align: justify;\">La donna invece \u00e8 chiamata proprio a questo, a fare da specchio all&#8217;uomo, a rimandargli un&#8217;immagine positiva di s\u00e9, a mettere il lievito dell&#8217;amore nel rapporto. Serve una donna che sappia fare spazio, che non abbia paura di perdere posizioni, che parta da un pregiudizio positivo sull&#8217;uomo, che prenda l&#8217;impegno di fidarsi di lui e del suo sguardo sul mondo, lealmente decisa a riconoscere di non essere l&#8217;unica depositaria del bene e del male \u2013 Eva! \u2013 non perch\u00e9 debole ma proprio perch\u00e9 solida, resistente, accogliente.<\/p>\n<p style=\"text-align: justify;\">Questo atteggiamento, quando \u00e8 onesto, limpido, non manipolatorio \u00e8 un lievito potentissimo perch\u00e9 l&#8217;uomo non resiste a una sposa che gli sta lealmente accanto, sottomessa nel senso che rinuncia a imporre sempre il suo punto di vista e comincia a fidarsi, a valorizzare ci\u00f2 che vede di bello nell&#8217;uomo. E cos\u00ec l&#8217;uomo comincia a sentire il desiderio di dare la vita come Cristo per la Chiesa.<\/p>\n<p style=\"text-align: justify;\">Non una semplice cooperazione di sforzi, ma la creazione di una realt\u00e0 assolutamente nuova del maschile e del femminile che vanno a formare il corpo del sacerdozio regale. Gloria dell&#8217;uomo, come dice san Paolo, la donna \u00e8 come uno specchio che riflette il volto dell&#8217;uomo, glielo rivela e cos\u00ec lo corregge. E cos\u00ec l&#8217;uomo si sente spinto a uscire fuori e dominare la terra, e a farlo non per s\u00e9 ma per coloro che gli sono affidati, per i quali diventa pronto a prendere su di se i colpi della vita.<\/p>\n<p style=\"text-align: justify;\">Il nodo di peccato dell&#8217;uomo, infatti, quello per cui san Paolo lo invita a essere pronto a morire per la sposa, \u00e8 l&#8217;egoismo. Il desiderio di tenere qualcosa per s\u00e9. Di coinvolgersi ma risparmiando qualcosa, di mettere da parte, di rifugiarsi ogni tanto nel suo spazio privato, senza interferenze. Per l&#8217;uomo \u00e8 faticoso tenere lo sguardo sempre rivolto alla donna, al rapporto, alla casa.<\/p>\n<p style=\"text-align: justify;\">L&#8217;uomo infatti ha una diversa accentuazione esistenziale: va al di l\u00e0 del proprio essere, ha un carisma diespansione, aspira alla crescita di tutte le sue energie che lo prolungano del mondo, ha un diverso rapporto con il potere.<\/p>\n<p style=\"text-align: justify;\">Sto facendo, \u00e8 appena il caso di puntualizzarlo, un discorso non sociologico, ma spirituale: non sto dicendo che sia solo l&#8217;uomo chiamato a uscire fuori di casa e a dare il suo contributo per migliorare il mondo. Non stiamo parlando del mondo del lavoro n\u00e9 del potere. Non \u00e8 un discorso su chi abbia pi\u00f9 o meno dignit\u00e0, \u00e8 ovvio che siamo su un altro piano, e che diamo per assodato che l&#8217;unica dignit\u00e0 che conti nella Chiesa non pu\u00f2 essere altro che l&#8217;acquisizione dello Spirito, e in questo la donna \u00e8 privilegiata.<\/p>\n<p style=\"text-align: justify;\">Sul piano dunque spirituale l&#8217;uomo esce la donna accoglie, l&#8217;uomo si tende verso l&#8217;esterno la donna verso l&#8217;interno, l&#8217;uomo \u00e8 il muro, il senso della realt\u00e0, la donna l&#8217;accoglienza, e questo lo si vede sul piano educativo, nel rapporto con i figli, la donna ha il genio della relazione, tesse trame, spesso l&#8217;uomo \u00e8 pi\u00f9 bravo nel potare i rami secchi.<\/p>\n<p style=\"text-align: justify;\">Per concludere vorrei ricordare quello che Karol Wojtyla, da vescovo, diceva alle coppie di fidanzati: non dire &#8220;ti amo&#8221; ma &#8220;partecipo con te dell&#8217;amore di Dio&#8221;. Questo, credo, sia avere un&#8217;identit\u00e0 davvero matura.<\/p>\n","protected":false},"excerpt":{"rendered":"<p>Dal blog di Costanza Miriano 14 ottobre\u00a02013 Ecco la relazione, che avevo preparato per il convegno per i 25 anni\u00a0 della &#8221;Mulieris Dignitatem&#8221;, da leggere davanti al\u00a0Papa di Costanza Miriano<\/p><p><a class=\"more-link btn\" href=\"https:\/\/www.rassegnastampa-totustuus.it\/cattolica\/chi-colma-il-cuore-della-donna\/\">Continua a leggere<\/a><\/p>\n","protected":false},"author":6,"featured_media":33838,"comment_status":"open","ping_status":"open","sticky":false,"template":"","format":"standard","meta":{"footnotes":""},"categories":[5],"tags":[223,336,335,337,338],"class_list":["post-5757","post","type-post","status-publish","format-standard","has-post-thumbnail","hentry","category-chiesa","tag-amore","tag-giovanni-paolo-ii","tag-mulieris-dignitatem","tag-sposa","tag-sposo","item-wrap"],"yoast_head":"<!-- This site is optimized with the Yoast SEO plugin v27.5 - https:\/\/yoast.com\/product\/yoast-seo-wordpress\/ -->\n<title>Chi colma il cuore della donna? - Rassegna Stampa Cattolica<\/title>\n<meta name=\"description\" content=\"Rassegna Stampa Cattolica - Per una cultura che nasce dalla Rivelazione cristiana in conformit\u00e0 alla tradizione e al Magistero della Chiesa in opposizione ad ogni relativismo e totalitarismo\" \/>\n<meta name=\"robots\" content=\"index, follow, max-snippet:-1, max-image-preview:large, max-video-preview:-1\" \/>\n<link rel=\"canonical\" href=\"https:\/\/www.rassegnastampa-totustuus.it\/cattolica\/chi-colma-il-cuore-della-donna\/\" \/>\n<meta property=\"og:locale\" content=\"it_IT\" \/>\n<meta property=\"og:type\" content=\"article\" \/>\n<meta property=\"og:title\" content=\"Chi colma il cuore della donna? - Rassegna Stampa Cattolica\" \/>\n<meta property=\"og:description\" content=\"Rassegna Stampa Cattolica - Per una cultura che nasce dalla Rivelazione cristiana in conformit\u00e0 alla tradizione e al Magistero della Chiesa in opposizione ad ogni relativismo e totalitarismo\" \/>\n<meta property=\"og:url\" content=\"https:\/\/www.rassegnastampa-totustuus.it\/cattolica\/chi-colma-il-cuore-della-donna\/\" \/>\n<meta property=\"og:site_name\" content=\"Rassegna Stampa Cattolica\" \/>\n<meta property=\"article:publisher\" content=\"https:\/\/www.facebook.com\/rassegnastampacattolica\" \/>\n<meta property=\"article:published_time\" content=\"2013-10-17T22:37:24+00:00\" \/>\n<meta property=\"article:modified_time\" content=\"2016-04-30T12:32:23+00:00\" \/>\n<meta property=\"og:image\" content=\"https:\/\/www.rassegnastampa-totustuus.it\/cattolica\/wp-content\/uploads\/2013\/10\/Mulieris-Dignitatem.jpg\" \/>\n\t<meta property=\"og:image:width\" content=\"160\" \/>\n\t<meta property=\"og:image:height\" content=\"267\" \/>\n\t<meta property=\"og:image:type\" content=\"image\/jpeg\" \/>\n<meta name=\"author\" content=\"Redazione\" \/>\n<meta name=\"twitter:card\" content=\"summary_large_image\" \/>\n<meta name=\"twitter:creator\" content=\"@rassegnastampa9\" \/>\n<meta name=\"twitter:site\" content=\"@rassegnastampa9\" \/>\n<meta name=\"twitter:label1\" content=\"Scritto da\" \/>\n\t<meta name=\"twitter:data1\" content=\"Redazione\" \/>\n\t<meta name=\"twitter:label2\" content=\"Tempo di lettura stimato\" \/>\n\t<meta name=\"twitter:data2\" content=\"10 minuti\" \/>\n<script type=\"application\/ld+json\" class=\"yoast-schema-graph\">{\"@context\":\"https:\\\/\\\/schema.org\",\"@graph\":[{\"@type\":\"Article\",\"@id\":\"https:\\\/\\\/www.rassegnastampa-totustuus.it\\\/cattolica\\\/chi-colma-il-cuore-della-donna\\\/#article\",\"isPartOf\":{\"@id\":\"https:\\\/\\\/www.rassegnastampa-totustuus.it\\\/cattolica\\\/chi-colma-il-cuore-della-donna\\\/\"},\"author\":{\"name\":\"Redazione\",\"@id\":\"https:\\\/\\\/www.rassegnastampa-totustuus.it\\\/cattolica\\\/#\\\/schema\\\/person\\\/08f319d2bd1a0904ad9e2bfb7b15e5c3\"},\"headline\":\"Chi colma il cuore della donna?\",\"datePublished\":\"2013-10-17T22:37:24+00:00\",\"dateModified\":\"2016-04-30T12:32:23+00:00\",\"mainEntityOfPage\":{\"@id\":\"https:\\\/\\\/www.rassegnastampa-totustuus.it\\\/cattolica\\\/chi-colma-il-cuore-della-donna\\\/\"},\"wordCount\":1970,\"commentCount\":0,\"publisher\":{\"@id\":\"https:\\\/\\\/www.rassegnastampa-totustuus.it\\\/cattolica\\\/#organization\"},\"image\":{\"@id\":\"https:\\\/\\\/www.rassegnastampa-totustuus.it\\\/cattolica\\\/chi-colma-il-cuore-della-donna\\\/#primaryimage\"},\"thumbnailUrl\":\"https:\\\/\\\/www.rassegnastampa-totustuus.it\\\/cattolica\\\/wp-content\\\/uploads\\\/2013\\\/10\\\/Mulieris-Dignitatem.jpg\",\"keywords\":[\"amore\",\"Giovanni Paolo II\",\"Mulieris dignitatem\",\"sposa\",\"sposo\"],\"articleSection\":[\"Chiesa\"],\"inLanguage\":\"it-IT\",\"potentialAction\":[{\"@type\":\"CommentAction\",\"name\":\"Comment\",\"target\":[\"https:\\\/\\\/www.rassegnastampa-totustuus.it\\\/cattolica\\\/chi-colma-il-cuore-della-donna\\\/#respond\"]}]},{\"@type\":\"WebPage\",\"@id\":\"https:\\\/\\\/www.rassegnastampa-totustuus.it\\\/cattolica\\\/chi-colma-il-cuore-della-donna\\\/\",\"url\":\"https:\\\/\\\/www.rassegnastampa-totustuus.it\\\/cattolica\\\/chi-colma-il-cuore-della-donna\\\/\",\"name\":\"Chi colma il cuore della donna? - Rassegna Stampa Cattolica\",\"isPartOf\":{\"@id\":\"https:\\\/\\\/www.rassegnastampa-totustuus.it\\\/cattolica\\\/#website\"},\"primaryImageOfPage\":{\"@id\":\"https:\\\/\\\/www.rassegnastampa-totustuus.it\\\/cattolica\\\/chi-colma-il-cuore-della-donna\\\/#primaryimage\"},\"image\":{\"@id\":\"https:\\\/\\\/www.rassegnastampa-totustuus.it\\\/cattolica\\\/chi-colma-il-cuore-della-donna\\\/#primaryimage\"},\"thumbnailUrl\":\"https:\\\/\\\/www.rassegnastampa-totustuus.it\\\/cattolica\\\/wp-content\\\/uploads\\\/2013\\\/10\\\/Mulieris-Dignitatem.jpg\",\"datePublished\":\"2013-10-17T22:37:24+00:00\",\"dateModified\":\"2016-04-30T12:32:23+00:00\",\"description\":\"Rassegna Stampa Cattolica - Per una cultura che nasce dalla Rivelazione cristiana in conformit\u00e0 alla tradizione e al Magistero della Chiesa in opposizione ad ogni relativismo e totalitarismo\",\"breadcrumb\":{\"@id\":\"https:\\\/\\\/www.rassegnastampa-totustuus.it\\\/cattolica\\\/chi-colma-il-cuore-della-donna\\\/#breadcrumb\"},\"inLanguage\":\"it-IT\",\"potentialAction\":[{\"@type\":\"ReadAction\",\"target\":[\"https:\\\/\\\/www.rassegnastampa-totustuus.it\\\/cattolica\\\/chi-colma-il-cuore-della-donna\\\/\"]}]},{\"@type\":\"ImageObject\",\"inLanguage\":\"it-IT\",\"@id\":\"https:\\\/\\\/www.rassegnastampa-totustuus.it\\\/cattolica\\\/chi-colma-il-cuore-della-donna\\\/#primaryimage\",\"url\":\"https:\\\/\\\/www.rassegnastampa-totustuus.it\\\/cattolica\\\/wp-content\\\/uploads\\\/2013\\\/10\\\/Mulieris-Dignitatem.jpg\",\"contentUrl\":\"https:\\\/\\\/www.rassegnastampa-totustuus.it\\\/cattolica\\\/wp-content\\\/uploads\\\/2013\\\/10\\\/Mulieris-Dignitatem.jpg\",\"width\":160,\"height\":267},{\"@type\":\"BreadcrumbList\",\"@id\":\"https:\\\/\\\/www.rassegnastampa-totustuus.it\\\/cattolica\\\/chi-colma-il-cuore-della-donna\\\/#breadcrumb\",\"itemListElement\":[{\"@type\":\"ListItem\",\"position\":1,\"name\":\"Home\",\"item\":\"https:\\\/\\\/www.rassegnastampa-totustuus.it\\\/cattolica\\\/\"},{\"@type\":\"ListItem\",\"position\":2,\"name\":\"Chi colma il cuore della donna?\"}]},{\"@type\":\"WebSite\",\"@id\":\"https:\\\/\\\/www.rassegnastampa-totustuus.it\\\/cattolica\\\/#website\",\"url\":\"https:\\\/\\\/www.rassegnastampa-totustuus.it\\\/cattolica\\\/\",\"name\":\"Rassegna Stampa Cattolica\",\"description\":\"Per una cultura che nasce dalla Rivelazione cristiana in conformit\u00e0 alla tradizione e al Magistero della Chiesa in opposizione ad ogni relativismo e totalitarismo\",\"publisher\":{\"@id\":\"https:\\\/\\\/www.rassegnastampa-totustuus.it\\\/cattolica\\\/#organization\"},\"alternateName\":\"Rass. Cattolica\",\"potentialAction\":[{\"@type\":\"SearchAction\",\"target\":{\"@type\":\"EntryPoint\",\"urlTemplate\":\"https:\\\/\\\/www.rassegnastampa-totustuus.it\\\/cattolica\\\/?s={search_term_string}\"},\"query-input\":{\"@type\":\"PropertyValueSpecification\",\"valueRequired\":true,\"valueName\":\"search_term_string\"}}],\"inLanguage\":\"it-IT\"},{\"@type\":\"Organization\",\"@id\":\"https:\\\/\\\/www.rassegnastampa-totustuus.it\\\/cattolica\\\/#organization\",\"name\":\"Rassegna Stampa Cattolica\",\"url\":\"https:\\\/\\\/www.rassegnastampa-totustuus.it\\\/cattolica\\\/\",\"logo\":{\"@type\":\"ImageObject\",\"inLanguage\":\"it-IT\",\"@id\":\"https:\\\/\\\/www.rassegnastampa-totustuus.it\\\/cattolica\\\/#\\\/schema\\\/logo\\\/image\\\/\",\"url\":\"https:\\\/\\\/www.rassegnastampa-totustuus.it\\\/cattolica\\\/wp-content\\\/uploads\\\/2014\\\/04\\\/logo-rassegna1.gif\",\"contentUrl\":\"https:\\\/\\\/www.rassegnastampa-totustuus.it\\\/cattolica\\\/wp-content\\\/uploads\\\/2014\\\/04\\\/logo-rassegna1.gif\",\"width\":600,\"height\":163,\"caption\":\"Rassegna Stampa Cattolica\"},\"image\":{\"@id\":\"https:\\\/\\\/www.rassegnastampa-totustuus.it\\\/cattolica\\\/#\\\/schema\\\/logo\\\/image\\\/\"},\"sameAs\":[\"https:\\\/\\\/www.facebook.com\\\/rassegnastampacattolica\",\"https:\\\/\\\/x.com\\\/rassegnastampa9\"]},{\"@type\":\"Person\",\"@id\":\"https:\\\/\\\/www.rassegnastampa-totustuus.it\\\/cattolica\\\/#\\\/schema\\\/person\\\/08f319d2bd1a0904ad9e2bfb7b15e5c3\",\"name\":\"Redazione\",\"image\":{\"@type\":\"ImageObject\",\"inLanguage\":\"it-IT\",\"@id\":\"https:\\\/\\\/secure.gravatar.com\\\/avatar\\\/2fcdf27c78ea025fbdb44e914cc63c72249ffec9dc8aafd5c82b26240ef3f346?s=96&d=mm&r=g\",\"url\":\"https:\\\/\\\/secure.gravatar.com\\\/avatar\\\/2fcdf27c78ea025fbdb44e914cc63c72249ffec9dc8aafd5c82b26240ef3f346?s=96&d=mm&r=g\",\"contentUrl\":\"https:\\\/\\\/secure.gravatar.com\\\/avatar\\\/2fcdf27c78ea025fbdb44e914cc63c72249ffec9dc8aafd5c82b26240ef3f346?s=96&d=mm&r=g\",\"caption\":\"Redazione\"},\"url\":\"https:\\\/\\\/www.rassegnastampa-totustuus.it\\\/cattolica\\\/author\\\/pietroelle\\\/\"}]}<\/script>\n<!-- \/ Yoast SEO plugin. -->","yoast_head_json":{"title":"Chi colma il cuore della donna? - Rassegna Stampa Cattolica","description":"Rassegna Stampa Cattolica - Per una cultura che nasce dalla Rivelazione cristiana in conformit\u00e0 alla tradizione e al Magistero della Chiesa in opposizione ad ogni relativismo e totalitarismo","robots":{"index":"index","follow":"follow","max-snippet":"max-snippet:-1","max-image-preview":"max-image-preview:large","max-video-preview":"max-video-preview:-1"},"canonical":"https:\/\/www.rassegnastampa-totustuus.it\/cattolica\/chi-colma-il-cuore-della-donna\/","og_locale":"it_IT","og_type":"article","og_title":"Chi colma il cuore della donna? - Rassegna Stampa Cattolica","og_description":"Rassegna Stampa Cattolica - Per una cultura che nasce dalla Rivelazione cristiana in conformit\u00e0 alla tradizione e al Magistero della Chiesa in opposizione ad ogni relativismo e totalitarismo","og_url":"https:\/\/www.rassegnastampa-totustuus.it\/cattolica\/chi-colma-il-cuore-della-donna\/","og_site_name":"Rassegna Stampa Cattolica","article_publisher":"https:\/\/www.facebook.com\/rassegnastampacattolica","article_published_time":"2013-10-17T22:37:24+00:00","article_modified_time":"2016-04-30T12:32:23+00:00","og_image":[{"width":160,"height":267,"url":"https:\/\/www.rassegnastampa-totustuus.it\/cattolica\/wp-content\/uploads\/2013\/10\/Mulieris-Dignitatem.jpg","type":"image\/jpeg"}],"author":"Redazione","twitter_card":"summary_large_image","twitter_creator":"@rassegnastampa9","twitter_site":"@rassegnastampa9","twitter_misc":{"Scritto da":"Redazione","Tempo di lettura stimato":"10 minuti"},"schema":{"@context":"https:\/\/schema.org","@graph":[{"@type":"Article","@id":"https:\/\/www.rassegnastampa-totustuus.it\/cattolica\/chi-colma-il-cuore-della-donna\/#article","isPartOf":{"@id":"https:\/\/www.rassegnastampa-totustuus.it\/cattolica\/chi-colma-il-cuore-della-donna\/"},"author":{"name":"Redazione","@id":"https:\/\/www.rassegnastampa-totustuus.it\/cattolica\/#\/schema\/person\/08f319d2bd1a0904ad9e2bfb7b15e5c3"},"headline":"Chi colma il cuore della donna?","datePublished":"2013-10-17T22:37:24+00:00","dateModified":"2016-04-30T12:32:23+00:00","mainEntityOfPage":{"@id":"https:\/\/www.rassegnastampa-totustuus.it\/cattolica\/chi-colma-il-cuore-della-donna\/"},"wordCount":1970,"commentCount":0,"publisher":{"@id":"https:\/\/www.rassegnastampa-totustuus.it\/cattolica\/#organization"},"image":{"@id":"https:\/\/www.rassegnastampa-totustuus.it\/cattolica\/chi-colma-il-cuore-della-donna\/#primaryimage"},"thumbnailUrl":"https:\/\/www.rassegnastampa-totustuus.it\/cattolica\/wp-content\/uploads\/2013\/10\/Mulieris-Dignitatem.jpg","keywords":["amore","Giovanni Paolo II","Mulieris dignitatem","sposa","sposo"],"articleSection":["Chiesa"],"inLanguage":"it-IT","potentialAction":[{"@type":"CommentAction","name":"Comment","target":["https:\/\/www.rassegnastampa-totustuus.it\/cattolica\/chi-colma-il-cuore-della-donna\/#respond"]}]},{"@type":"WebPage","@id":"https:\/\/www.rassegnastampa-totustuus.it\/cattolica\/chi-colma-il-cuore-della-donna\/","url":"https:\/\/www.rassegnastampa-totustuus.it\/cattolica\/chi-colma-il-cuore-della-donna\/","name":"Chi colma il cuore della donna? - Rassegna Stampa Cattolica","isPartOf":{"@id":"https:\/\/www.rassegnastampa-totustuus.it\/cattolica\/#website"},"primaryImageOfPage":{"@id":"https:\/\/www.rassegnastampa-totustuus.it\/cattolica\/chi-colma-il-cuore-della-donna\/#primaryimage"},"image":{"@id":"https:\/\/www.rassegnastampa-totustuus.it\/cattolica\/chi-colma-il-cuore-della-donna\/#primaryimage"},"thumbnailUrl":"https:\/\/www.rassegnastampa-totustuus.it\/cattolica\/wp-content\/uploads\/2013\/10\/Mulieris-Dignitatem.jpg","datePublished":"2013-10-17T22:37:24+00:00","dateModified":"2016-04-30T12:32:23+00:00","description":"Rassegna Stampa Cattolica - Per una cultura che nasce dalla Rivelazione cristiana in conformit\u00e0 alla tradizione e al Magistero della Chiesa in opposizione ad ogni relativismo e totalitarismo","breadcrumb":{"@id":"https:\/\/www.rassegnastampa-totustuus.it\/cattolica\/chi-colma-il-cuore-della-donna\/#breadcrumb"},"inLanguage":"it-IT","potentialAction":[{"@type":"ReadAction","target":["https:\/\/www.rassegnastampa-totustuus.it\/cattolica\/chi-colma-il-cuore-della-donna\/"]}]},{"@type":"ImageObject","inLanguage":"it-IT","@id":"https:\/\/www.rassegnastampa-totustuus.it\/cattolica\/chi-colma-il-cuore-della-donna\/#primaryimage","url":"https:\/\/www.rassegnastampa-totustuus.it\/cattolica\/wp-content\/uploads\/2013\/10\/Mulieris-Dignitatem.jpg","contentUrl":"https:\/\/www.rassegnastampa-totustuus.it\/cattolica\/wp-content\/uploads\/2013\/10\/Mulieris-Dignitatem.jpg","width":160,"height":267},{"@type":"BreadcrumbList","@id":"https:\/\/www.rassegnastampa-totustuus.it\/cattolica\/chi-colma-il-cuore-della-donna\/#breadcrumb","itemListElement":[{"@type":"ListItem","position":1,"name":"Home","item":"https:\/\/www.rassegnastampa-totustuus.it\/cattolica\/"},{"@type":"ListItem","position":2,"name":"Chi colma il cuore della donna?"}]},{"@type":"WebSite","@id":"https:\/\/www.rassegnastampa-totustuus.it\/cattolica\/#website","url":"https:\/\/www.rassegnastampa-totustuus.it\/cattolica\/","name":"Rassegna Stampa Cattolica","description":"Per una cultura che nasce dalla Rivelazione cristiana in conformit\u00e0 alla tradizione e al Magistero della Chiesa in opposizione ad ogni relativismo e totalitarismo","publisher":{"@id":"https:\/\/www.rassegnastampa-totustuus.it\/cattolica\/#organization"},"alternateName":"Rass. Cattolica","potentialAction":[{"@type":"SearchAction","target":{"@type":"EntryPoint","urlTemplate":"https:\/\/www.rassegnastampa-totustuus.it\/cattolica\/?s={search_term_string}"},"query-input":{"@type":"PropertyValueSpecification","valueRequired":true,"valueName":"search_term_string"}}],"inLanguage":"it-IT"},{"@type":"Organization","@id":"https:\/\/www.rassegnastampa-totustuus.it\/cattolica\/#organization","name":"Rassegna Stampa Cattolica","url":"https:\/\/www.rassegnastampa-totustuus.it\/cattolica\/","logo":{"@type":"ImageObject","inLanguage":"it-IT","@id":"https:\/\/www.rassegnastampa-totustuus.it\/cattolica\/#\/schema\/logo\/image\/","url":"https:\/\/www.rassegnastampa-totustuus.it\/cattolica\/wp-content\/uploads\/2014\/04\/logo-rassegna1.gif","contentUrl":"https:\/\/www.rassegnastampa-totustuus.it\/cattolica\/wp-content\/uploads\/2014\/04\/logo-rassegna1.gif","width":600,"height":163,"caption":"Rassegna Stampa Cattolica"},"image":{"@id":"https:\/\/www.rassegnastampa-totustuus.it\/cattolica\/#\/schema\/logo\/image\/"},"sameAs":["https:\/\/www.facebook.com\/rassegnastampacattolica","https:\/\/x.com\/rassegnastampa9"]},{"@type":"Person","@id":"https:\/\/www.rassegnastampa-totustuus.it\/cattolica\/#\/schema\/person\/08f319d2bd1a0904ad9e2bfb7b15e5c3","name":"Redazione","image":{"@type":"ImageObject","inLanguage":"it-IT","@id":"https:\/\/secure.gravatar.com\/avatar\/2fcdf27c78ea025fbdb44e914cc63c72249ffec9dc8aafd5c82b26240ef3f346?s=96&d=mm&r=g","url":"https:\/\/secure.gravatar.com\/avatar\/2fcdf27c78ea025fbdb44e914cc63c72249ffec9dc8aafd5c82b26240ef3f346?s=96&d=mm&r=g","contentUrl":"https:\/\/secure.gravatar.com\/avatar\/2fcdf27c78ea025fbdb44e914cc63c72249ffec9dc8aafd5c82b26240ef3f346?s=96&d=mm&r=g","caption":"Redazione"},"url":"https:\/\/www.rassegnastampa-totustuus.it\/cattolica\/author\/pietroelle\/"}]}},"_links":{"self":[{"href":"https:\/\/www.rassegnastampa-totustuus.it\/cattolica\/wp-json\/wp\/v2\/posts\/5757","targetHints":{"allow":["GET"]}}],"collection":[{"href":"https:\/\/www.rassegnastampa-totustuus.it\/cattolica\/wp-json\/wp\/v2\/posts"}],"about":[{"href":"https:\/\/www.rassegnastampa-totustuus.it\/cattolica\/wp-json\/wp\/v2\/types\/post"}],"author":[{"embeddable":true,"href":"https:\/\/www.rassegnastampa-totustuus.it\/cattolica\/wp-json\/wp\/v2\/users\/6"}],"replies":[{"embeddable":true,"href":"https:\/\/www.rassegnastampa-totustuus.it\/cattolica\/wp-json\/wp\/v2\/comments?post=5757"}],"version-history":[{"count":4,"href":"https:\/\/www.rassegnastampa-totustuus.it\/cattolica\/wp-json\/wp\/v2\/posts\/5757\/revisions"}],"predecessor-version":[{"id":33839,"href":"https:\/\/www.rassegnastampa-totustuus.it\/cattolica\/wp-json\/wp\/v2\/posts\/5757\/revisions\/33839"}],"wp:featuredmedia":[{"embeddable":true,"href":"https:\/\/www.rassegnastampa-totustuus.it\/cattolica\/wp-json\/wp\/v2\/media\/33838"}],"wp:attachment":[{"href":"https:\/\/www.rassegnastampa-totustuus.it\/cattolica\/wp-json\/wp\/v2\/media?parent=5757"}],"wp:term":[{"taxonomy":"category","embeddable":true,"href":"https:\/\/www.rassegnastampa-totustuus.it\/cattolica\/wp-json\/wp\/v2\/categories?post=5757"},{"taxonomy":"post_tag","embeddable":true,"href":"https:\/\/www.rassegnastampa-totustuus.it\/cattolica\/wp-json\/wp\/v2\/tags?post=5757"}],"curies":[{"name":"wp","href":"https:\/\/api.w.org\/{rel}","templated":true}]}}