{"id":5744,"date":"2013-10-10T00:00:00","date_gmt":"2013-10-09T22:00:00","guid":{"rendered":""},"modified":"2016-02-26T11:36:53","modified_gmt":"2016-02-26T10:36:53","slug":"uomo-donna-o-altro","status":"publish","type":"post","link":"https:\/\/www.rassegnastampa-totustuus.it\/cattolica\/uomo-donna-o-altro\/","title":{"rendered":"Uomo, donna o &laquo;altro&raquo;"},"content":{"rendered":"<div style=\"text-align: center;\"><strong><a href=\"https:\/\/www.rassegnastampa-totustuus.it\/cattolica\/wp-content\/uploads\/2013\/10\/cani_passeggino.jpg\"><img loading=\"lazy\" decoding=\"async\" class=\"alignleft wp-image-31033 size-full\" src=\"https:\/\/www.rassegnastampa-totustuus.it\/cattolica\/wp-content\/uploads\/2013\/10\/cani_passeggino.jpg\" alt=\"cani_passeggino\" width=\"208\" height=\"173\" \/><\/a>Studi cattolici<\/strong> n.631 Settembre 2013<\/div>\n<p style=\"text-align: center;\"><strong>Pier Giorgio Liverani<\/strong><\/p>\n<p style=\"text-align: justify;\">Cominciamo dagli\u00a0 animali che, potrebbe dire qualcuno, nella storia della creazione precedettero, cronologicamente, l&#8217;uomo, anche se poi divennero, in buona parte,\u00a0 antropodipendenti. A forza di convivere pigramente con gli esseri umani, che\u00a0 forniscono loro cibo, cure e residenza, anch&#8217;essi hanno imparato da qualche\u00a0 tempo a rivendicare i loro \u00abdiritti civili\u00bb. La richiesta ha ormai raggiunto gli\u00a0 uffici pubblici, perch\u00e9 come gli umani ottengono dalle amministrazioni comunali i registri delle coppie di fatto, cos\u00ec gli animali hanno ottenuto che in Municipio sieda il \u00abDelegato del Sindaco per i diritti degli animali\u00bb.<\/p>\n<p><!--more--><\/p>\n<div style=\"text-align: justify;\">La proposta formale di entrare a far parte della \u00abstato di famiglia\u00bb dei loro proprietari-parenti e, conseguentemente, di avere diritto all&#8217;assistenza da parte del Servizio Sanitario Nazionale (le ASL, insomma) \u00e8 pronta. Nell&#8217;attesa, una legge ha stabilito, per giuste ragioni animaliste, che il conducente di un&#8217;automobile che, anche solo per caso e senza responsabilit\u00e0, abbia investito un animale, ha l&#8217;obbligo di prendersene cura e di portarlo al pi\u00f9 vicino Pronto Soccorso veterinario (supposto che ci sia).<\/div>\n<p style=\"text-align: justify;\">Cos\u00ec incoraggiate, l&#8217;Associazione Nazionale dei Comuni italiani e la Federazione\u00a0Italiana Associazioni Diritti Animali e Ambiente hanno predisposto il testo di\u00a0un \u00abRegolamento-tipo\u00bb (cinquanta articoli), che sar\u00e0 chiamato \u00abCarta dei\u00a0diritti per gli animali in citt\u00e0\u00bb: \u00abdiritti civili\u00bb anche questi, forse pi\u00f9\u00a0civili di altri (di quelli di aborto, di eutanasia, di fecondazione\u00a0artificiale&#8230;).La Carta prevede che ogni cittadino possa essere\u00a0accompagnato ovunque dalla sua bestiola: nel condominio e in autobus come al\u00a0ristorante, in spiaggia e in treno, al cimitero e perfino in ospedale.<\/p>\n<p style=\"text-align: justify;\">Vietata\u00a0anche la vendita di animali ai pregiudicati e proibito ai mendicanti di tenere\u00a0con s\u00e9 un animale. Siamo alle solite discriminazioni sociali: chi avrebbe pi\u00f9\u00a0bisogno della compagnia di un<em> pet <\/em>non pu\u00f2 averla. Il che fa pensare\u00a0che gli unici luoghi non accessibili a cani, gatti, uccellini e tartarughe\u00a0siano il carcere e la strada, dove gli animali starebbero meglio che in casa o\u00a0nei bus. Al contrario &#8211; ma questo accade in Germania &#8211; un gruppo di quindici\u00a0deputati socialdemocratici ha chiesto al presidente del Bundestag, Norbert\u00a0Lammert, di consentire ai deputati di partecipare ai lavori parlamentari in\u00a0compagnia dei loro cani.<\/p>\n<p style=\"text-align: justify;\"><strong>Bioetica\u00a0<\/strong><strong>utilitaristica<\/strong><\/p>\n<p style=\"text-align: justify;\">Con una certa evidenza tutto ci\u00f2 sembra procedere dal pensiero del filosofo australiano Peter Albert David Singer, da molti ritenuto uno dei pensatori contemporanei pi\u00f9 importanti nel campo dell&#8217;etica (parole in libert\u00e0: Singer \u00e8 il fondatore dell&#8217;\u00abetica utilitaristica\u00bb, che \u00e8 l&#8217;etica meno etica che ci sia). Secondo Singer \u00abla valutazione sulla liceit\u00e0 etica di un&#8217;azione deve tenere conto delle conseguenze che questa provoca e delle preferenze di tutti gli esseri coinvolti\u00bb. Un caso tipico di bioetica utilitaristica portato da questo filosofo \u00e8 la validit\u00e0 morale dell&#8217;eutanasia neonatale dei bambini menomati fisicamente o mentalmente. Cosa che un certo mondo medico e bioeticista olandese ha subito applicato.<\/p>\n<p style=\"text-align: justify;\">Gi\u00e0 dieci anni fa, il professor Eduard Verhagen aveva annunciato che la sua \u00e9quipe neonatale dell&#8217;Universit\u00e0 di Groningen, in Olanda, aveva praticato l&#8217;eutanasia su ventidue neonati affetti da spina bifida. Adesso Verhagen spiega che, da un punto di vita medico, \u00e8 meglio eliminare il bambino appena nato piuttosto che farlo abortire.<\/p>\n<p style=\"text-align: justify;\">\u00c8 il cosiddetto \u00abProtocollo di Groningen\u00bb, che si richiama alla legge che pochi anni fa aveva legalizzato l&#8217;eutanasia infantile. Invece un caso atipico di questa bioetica \u00e8 la recente legge spagnola che, sempre su suggerimento del prof. Peter Singer &#8211; \u00ab\u00c8 tempo di estendere la comunit\u00e0 umana anche ai primati\u00bb -,assicura a questi animali (gorilla, bonobi, scimpanz\u00e8, oranghi) alcuni dei diritti fondamentali dell&#8217;uomo: per esempio quello alla vita, con la conseguenza che, anche per il valore economico di questi animali ormai a rischio di estinzione e diversamente dalla donna, \u00e8 proibito far abortire una scimmiona.<\/p>\n<p style=\"text-align: justify;\">C&#8217;\u00e8 poco da meravigliarsi per questa preferenza: a Venezia, nel parco di Villa Greggia, sestriere di Cannaregio, ai genitori \u00e8 stato raccomandato di evitare che i bambini giochino rumorosamente per non disturbare i cagnolini che scorrazzano in quel verde. Questo sforzo degli uomini di parificare gli animali a s\u00e9 stessi \u00e8 la fase preliminare del passaggio dall&#8217;egoismo ali&#8217;\u00abegoaltruismo\u00bb, atteggiamento puramente razionalistico e totalmente scevro da ogni venatura di generosit\u00e0, che il biologo, genetista e immunologo francese Philippe Kourilsky ha gi\u00e0 teorizzato e pubblicizzato in due opere: il <em>Manifesto dell&#8217;altruismo <\/em>e \/\/ <em>tempo\u00a0<\/em><em>dell&#8217;altruismo, <\/em>dove spiega che la \u00abnovit\u00e0\u00bb di questa filosofia \u00ab\u00e8 l&#8217;assenza di ogni impulso di generosit\u00e0 o tensione emotiva: l&#8217;altruismo deve essere un puro atto dettato da considerazioni intellettuali, un altruismo scientifico\u00bb.<\/p>\n<p style=\"text-align: justify;\">Dell&#8217;altruismo Kourilsky fa, kantianamente, \u00abun imperativo categorico, un dovere etico\u00bb, un atteggiamento \u00abscientifico e anaffettivo\u00bb lontano da ogni sentimentalismo. \u00c8 con quest&#8217;atteggiamento intellettuale (stavo per scrivere \u00absentimento\u00bb) che si pu\u00f2 ragionare (ancora una volta questo verbo non va preso sul serio) sull&#8217;eutanasia anche dei bambini, sul suicidio assistito, sull&#8217;eugenetica, sulla cibernetica, sul trapianto della testa e sull&#8217;abolizione del padre e della madre, da sostituire con i genitori \u00abA\u00bb e \u00abB\u00bb oppure \u00abuno\u00bb e \u00abdue\u00bb. Tutte cose di cui si parla sui quotidiani con la <em>nonchalance <\/em>delle cose consuete di tutti i giorni.<\/p>\n<p style=\"text-align: justify;\"><strong>L&#8217;anticamera\u00a0<\/strong><strong>dell\u2019\u00abasessualismo\u00bb<\/strong><\/p>\n<p style=\"text-align: justify;\">Invece la nuova collocazione sessuale e onomastica dei genitori, privati del sesso, senza nomi qualificativi, senza accenni alla famiglia non \u00e8 soltanto l&#8217;avvio all&#8217;era del <em>gender, <\/em>vale a dire del sesso a scelta e a tempo, ma \u00e8 l&#8217;anticamera dell&#8217;\u00abasessualismo\u00bb.<\/p>\n<p style=\"text-align: justify;\">Questa rubrica si era iniziata, qualche mese fa, con la storia svedese dell&#8217;asilo \u00abneutrale\u00bb dove gli alunni non sono bambini e bambine, ma\u00a0<em>friend, <\/em>che vuoi dire indifferentemente amico o amica. Ora si ha notizia che anche a Toronto, in Canada, una \u00abcreatura\u00bb (nome grammaticalmente femminile, che per\u00f2 non comporta indicazioni di sesso) sta crescendo nella sua famiglia senza che lui\/lei e lei\/lui sappiano o facciano sapere se \u00e8 maschietto o femminuccia. Nelle scuole della Gran Bretagna, del resto, \u00e8 gi\u00e0 fortemente raccomandato di non usare i termini <em>fa<\/em><em>ther <\/em>e <em>mother\u00a0<\/em>per non mettere a disagio i figli di due madri o di due padri.<\/p>\n<p style=\"text-align: justify;\">In Francia, invece, il ministro della Pubblica Istruzione, Vincent Peillon, apre nuovi preoccupanti panorami. Ha annunciato per il 2015, infatti, l&#8217;istituzione obbligatoria nelle scuole di tutti i gradi e tipi, di una nuova materia di studio: la \u00abmorale laica\u00bb. Insegner\u00e0, probabilmente, la liceit\u00e0 dell&#8217;aborto e dei matrimoni omosessuali, la bellezza del divorzio e dell&#8217;eutanasia, la ricchezza delle duplicit\u00e0, nella stessa \u00abfamiglia\u00bb, della maternit\u00e0 o della paternit\u00e0 e soprattutto la religione dell&#8217;ateismo.<\/p>\n<p style=\"text-align: justify;\">Una sua collega, Madame Najat Vallaud-Belkacem, ministro dei Diritti delle Donne e portavoce del Governo, ha gi\u00e0 anticipato l&#8217;adeguamento degli asili infantili: spariranno anche l\u00ec le distinzioni di genere (niente giochi da bambina o da bambino, bambole e automobiline per tutti) e si avvier\u00e0 l&#8217;insegnamento della suddetta morale, perch\u00e9 la scuola, secondo Peillon, sar\u00e0 il\u00a0 luogo privilegiato della nuova \u00abrivoluzione spirituale\u00bb. Si lascer\u00e0 alla Chiesa e all&#8217;ambito privato ogni insegnamento spirituale e nelle scuole di Stato s&#8217;insegner\u00e0 \u00abl&#8217;oblio per tutto quanto precede\u00a0 la\u00a0 nuova\u00a0 Rivoluzione Francese\u00bb: via ogni legame pre-repubblicano, la nuova scuola sar\u00e0 anche la nuova chiesa con i suoi ministri e la sua nuova liturgia.<\/p>\n<p style=\"text-align: justify;\">\u00abNon si tratta della\u00a0<em>laicit\u00e0 positive <\/em>n\u00e9 di quella <em>identitaire, <\/em>ma della\u00a0<em>laicit\u00e0 d&#8217;opposition\u00bb, <\/em>militante e aggressiva, che dovr\u00e0 emancipare giovani d&#8217;oggi e di domani da ogni \u00abdeterminismo\u00bb famigliare, religioso, biologico, sociale. La Chiesa cattolica ha fatto il suo tempo, occorre sostituirla con lo Stato \u00ablaico\u00bb e soprattutto \u00abetico\u00bb. Vanno sparendo, insomma, non soltanto i sessi e i relativi ruoli.<\/p>\n<p style=\"text-align: justify;\">Con il patrocinio della U\u00c8, si va verso una famiglia alfanumerica composta di due <em>partner <\/em>e di uno o pi\u00f9 <em>amici, <\/em>purch\u00e9 nel senso pi\u00f9 indifferenziato di questo nome, in sintonia con la nuova morale laica e con la \u00abchiesa repubblicana\u00bb. Il tutto sar\u00e0 formalizzato nel 2015 dalle nuove carte d&#8217;identit\u00e0 europee, sulle quali il termine \u00absesso\u00bb sar\u00e0 sostituito dalla pi\u00f9 politicamente corretta sigla \u00abIG\u00bb, cio\u00e8 \u00abidentit\u00e0 di genere\u00bb, cio\u00e8 di <em>gender. <\/em>Pi\u00f9 sbrigativo e pratico,<\/p>\n<p style=\"text-align: justify;\">il servizio di posta elettronica \u00abgmail\u00bb <em>(Google mali), <\/em>che a coloro che chiedono una casella di posta telematica gi\u00e0 ora impone di mettere un\u00a0<em>flag <\/em>(?) su una delle tre caselle prediposte: uomo, donna o \u00abaltro\u00bb.<\/p>\n<p style=\"text-align: justify;\">L&#8217;altro pu\u00f2 voler dire molte cose: in Turchia una giovane donna, che due anni fa, nell&#8217;ospedale universitario Akdeniz, di Antalya, aveva subito il primo trapianto al mondo di utero, \u00e8 ora risultata incinta (i necessari ingredienti usati in questo caso erano omologhi, cio\u00e8 suoi e del marito). Cose turche, si dir\u00e0, ma in realt\u00e0 giochi da ragazzi a confronto con due progetti in lavorazione negli Stati Uniti. Il primo \u00e8 il trapianto di un cervello umano in un robot, \u00abprimo passo verso l&#8217;immortalit\u00e0\u00bb, messo allo studio nel luglio del 2012 a San Francisco da un imprenditore russo -Dmitri Iskov, 32 anni &#8211; che ne garantisce il successo entro il 2045.<\/p>\n<p style=\"text-align: justify;\">Il suo progetto mira, in sostanza, a realizzare degli <em>avatar <\/em>(una specie di <em>alter egd) <\/em>che, sostiene, potranno vivere per sempre conservando ricordi, caratteri, mentalit\u00e0 e affetti nel cervello trapiantato e, magari, andando anche a lavorare per conto del <em>primus ego. <\/em>Tanto pi\u00f9 che \u00abacquistare un <em>avatar <\/em>costerebbe meno di una utilitaria\u00bb, ha detto Iskov al \u00abGlobal Future Congress\u00bb tenutosi a New York, a met\u00e0 del giugno scorso. Il secondo progetto \u00e8 il trapianto di testa, di cui gi\u00e0 si parla e che a qualcuno di coloro che sono implicati nel caos etico di tutte queste storie, potrebbe essere utile<\/p>\n","protected":false},"excerpt":{"rendered":"<p>Studi cattolici n.631 Settembre 2013 Pier Giorgio Liverani Cominciamo dagli\u00a0 animali che, potrebbe dire qualcuno, nella storia della creazione precedettero, cronologicamente, l&#8217;uomo, anche se poi divennero, in buona parte,\u00a0 antropodipendenti. A forza di convivere pigramente con gli esseri umani, che\u00a0 forniscono loro cibo, cure e residenza, anch&#8217;essi hanno imparato da qualche\u00a0 tempo a rivendicare i &hellip; <\/p>\n<p><a class=\"more-link btn\" href=\"https:\/\/www.rassegnastampa-totustuus.it\/cattolica\/uomo-donna-o-altro\/\">Continua a leggere<\/a><\/p>\n","protected":false},"author":6,"featured_media":31033,"comment_status":"closed","ping_status":"open","sticky":false,"template":"","format":"standard","meta":{"footnotes":""},"categories":[4,7,125],"tags":[247,167],"class_list":["post-5744","post","type-post","status-publish","format-standard","has-post-thumbnail","hentry","category-bioetica","category-costume","category-ideologia-del-gender","tag-animalismo","tag-laicita","item-wrap"],"yoast_head":"<!-- This site is optimized with the Yoast SEO plugin v27.5 - https:\/\/yoast.com\/product\/yoast-seo-wordpress\/ -->\n<title>Uomo, donna o &laquo;altro&raquo; - Rassegna Stampa Cattolica<\/title>\n<meta name=\"description\" content=\"Rassegna Stampa Cattolica - Per una cultura che nasce dalla Rivelazione cristiana in conformit\u00e0 alla tradizione e al Magistero della Chiesa in opposizione ad ogni relativismo e totalitarismo\" \/>\n<meta name=\"robots\" content=\"index, follow, max-snippet:-1, max-image-preview:large, max-video-preview:-1\" \/>\n<link rel=\"canonical\" href=\"https:\/\/www.rassegnastampa-totustuus.it\/cattolica\/uomo-donna-o-altro\/\" \/>\n<meta property=\"og:locale\" content=\"it_IT\" \/>\n<meta property=\"og:type\" content=\"article\" \/>\n<meta property=\"og:title\" content=\"Uomo, donna o &laquo;altro&raquo; - Rassegna Stampa Cattolica\" \/>\n<meta property=\"og:description\" content=\"Rassegna Stampa Cattolica - Per una cultura che nasce dalla Rivelazione cristiana in conformit\u00e0 alla tradizione e al Magistero della Chiesa in opposizione ad ogni relativismo e totalitarismo\" \/>\n<meta property=\"og:url\" content=\"https:\/\/www.rassegnastampa-totustuus.it\/cattolica\/uomo-donna-o-altro\/\" \/>\n<meta property=\"og:site_name\" content=\"Rassegna Stampa Cattolica\" \/>\n<meta property=\"article:publisher\" content=\"https:\/\/www.facebook.com\/rassegnastampacattolica\" \/>\n<meta property=\"article:published_time\" content=\"2013-10-09T22:00:00+00:00\" \/>\n<meta property=\"article:modified_time\" content=\"2016-02-26T10:36:53+00:00\" \/>\n<meta property=\"og:image\" content=\"https:\/\/www.rassegnastampa-totustuus.it\/cattolica\/wp-content\/uploads\/2013\/10\/cani_passeggino.jpg\" \/>\n\t<meta property=\"og:image:width\" content=\"208\" \/>\n\t<meta property=\"og:image:height\" content=\"173\" \/>\n\t<meta property=\"og:image:type\" content=\"image\/jpeg\" \/>\n<meta name=\"author\" content=\"Redazione\" \/>\n<meta name=\"twitter:card\" content=\"summary_large_image\" \/>\n<meta name=\"twitter:creator\" content=\"@rassegnastampa9\" \/>\n<meta name=\"twitter:site\" content=\"@rassegnastampa9\" \/>\n<meta name=\"twitter:label1\" content=\"Scritto da\" \/>\n\t<meta name=\"twitter:data1\" content=\"Redazione\" \/>\n\t<meta name=\"twitter:label2\" content=\"Tempo di lettura stimato\" \/>\n\t<meta name=\"twitter:data2\" content=\"8 minuti\" \/>\n<script type=\"application\/ld+json\" class=\"yoast-schema-graph\">{\"@context\":\"https:\\\/\\\/schema.org\",\"@graph\":[{\"@type\":\"Article\",\"@id\":\"https:\\\/\\\/www.rassegnastampa-totustuus.it\\\/cattolica\\\/uomo-donna-o-altro\\\/#article\",\"isPartOf\":{\"@id\":\"https:\\\/\\\/www.rassegnastampa-totustuus.it\\\/cattolica\\\/uomo-donna-o-altro\\\/\"},\"author\":{\"name\":\"Redazione\",\"@id\":\"https:\\\/\\\/www.rassegnastampa-totustuus.it\\\/cattolica\\\/#\\\/schema\\\/person\\\/08f319d2bd1a0904ad9e2bfb7b15e5c3\"},\"headline\":\"Uomo, donna o &laquo;altro&raquo;\",\"datePublished\":\"2013-10-09T22:00:00+00:00\",\"dateModified\":\"2016-02-26T10:36:53+00:00\",\"mainEntityOfPage\":{\"@id\":\"https:\\\/\\\/www.rassegnastampa-totustuus.it\\\/cattolica\\\/uomo-donna-o-altro\\\/\"},\"wordCount\":1572,\"publisher\":{\"@id\":\"https:\\\/\\\/www.rassegnastampa-totustuus.it\\\/cattolica\\\/#organization\"},\"image\":{\"@id\":\"https:\\\/\\\/www.rassegnastampa-totustuus.it\\\/cattolica\\\/uomo-donna-o-altro\\\/#primaryimage\"},\"thumbnailUrl\":\"https:\\\/\\\/www.rassegnastampa-totustuus.it\\\/cattolica\\\/wp-content\\\/uploads\\\/2013\\\/10\\\/cani_passeggino.jpg\",\"keywords\":[\"animalismo\",\"laicit\u00e0\"],\"articleSection\":[\"Bioetica\",\"Costume\",\"Ideologia del gender\"],\"inLanguage\":\"it-IT\"},{\"@type\":\"WebPage\",\"@id\":\"https:\\\/\\\/www.rassegnastampa-totustuus.it\\\/cattolica\\\/uomo-donna-o-altro\\\/\",\"url\":\"https:\\\/\\\/www.rassegnastampa-totustuus.it\\\/cattolica\\\/uomo-donna-o-altro\\\/\",\"name\":\"Uomo, donna o &laquo;altro&raquo; - Rassegna Stampa Cattolica\",\"isPartOf\":{\"@id\":\"https:\\\/\\\/www.rassegnastampa-totustuus.it\\\/cattolica\\\/#website\"},\"primaryImageOfPage\":{\"@id\":\"https:\\\/\\\/www.rassegnastampa-totustuus.it\\\/cattolica\\\/uomo-donna-o-altro\\\/#primaryimage\"},\"image\":{\"@id\":\"https:\\\/\\\/www.rassegnastampa-totustuus.it\\\/cattolica\\\/uomo-donna-o-altro\\\/#primaryimage\"},\"thumbnailUrl\":\"https:\\\/\\\/www.rassegnastampa-totustuus.it\\\/cattolica\\\/wp-content\\\/uploads\\\/2013\\\/10\\\/cani_passeggino.jpg\",\"datePublished\":\"2013-10-09T22:00:00+00:00\",\"dateModified\":\"2016-02-26T10:36:53+00:00\",\"description\":\"Rassegna Stampa Cattolica - Per una cultura che nasce dalla Rivelazione cristiana in conformit\u00e0 alla tradizione e al Magistero della Chiesa in opposizione ad ogni relativismo e totalitarismo\",\"breadcrumb\":{\"@id\":\"https:\\\/\\\/www.rassegnastampa-totustuus.it\\\/cattolica\\\/uomo-donna-o-altro\\\/#breadcrumb\"},\"inLanguage\":\"it-IT\",\"potentialAction\":[{\"@type\":\"ReadAction\",\"target\":[\"https:\\\/\\\/www.rassegnastampa-totustuus.it\\\/cattolica\\\/uomo-donna-o-altro\\\/\"]}]},{\"@type\":\"ImageObject\",\"inLanguage\":\"it-IT\",\"@id\":\"https:\\\/\\\/www.rassegnastampa-totustuus.it\\\/cattolica\\\/uomo-donna-o-altro\\\/#primaryimage\",\"url\":\"https:\\\/\\\/www.rassegnastampa-totustuus.it\\\/cattolica\\\/wp-content\\\/uploads\\\/2013\\\/10\\\/cani_passeggino.jpg\",\"contentUrl\":\"https:\\\/\\\/www.rassegnastampa-totustuus.it\\\/cattolica\\\/wp-content\\\/uploads\\\/2013\\\/10\\\/cani_passeggino.jpg\",\"width\":208,\"height\":173},{\"@type\":\"BreadcrumbList\",\"@id\":\"https:\\\/\\\/www.rassegnastampa-totustuus.it\\\/cattolica\\\/uomo-donna-o-altro\\\/#breadcrumb\",\"itemListElement\":[{\"@type\":\"ListItem\",\"position\":1,\"name\":\"Home\",\"item\":\"https:\\\/\\\/www.rassegnastampa-totustuus.it\\\/cattolica\\\/\"},{\"@type\":\"ListItem\",\"position\":2,\"name\":\"Uomo, donna o &laquo;altro&raquo;\"}]},{\"@type\":\"WebSite\",\"@id\":\"https:\\\/\\\/www.rassegnastampa-totustuus.it\\\/cattolica\\\/#website\",\"url\":\"https:\\\/\\\/www.rassegnastampa-totustuus.it\\\/cattolica\\\/\",\"name\":\"Rassegna Stampa Cattolica\",\"description\":\"Per una cultura che nasce dalla Rivelazione cristiana in conformit\u00e0 alla tradizione e al Magistero della Chiesa in opposizione ad ogni relativismo e totalitarismo\",\"publisher\":{\"@id\":\"https:\\\/\\\/www.rassegnastampa-totustuus.it\\\/cattolica\\\/#organization\"},\"alternateName\":\"Rass. Cattolica\",\"potentialAction\":[{\"@type\":\"SearchAction\",\"target\":{\"@type\":\"EntryPoint\",\"urlTemplate\":\"https:\\\/\\\/www.rassegnastampa-totustuus.it\\\/cattolica\\\/?s={search_term_string}\"},\"query-input\":{\"@type\":\"PropertyValueSpecification\",\"valueRequired\":true,\"valueName\":\"search_term_string\"}}],\"inLanguage\":\"it-IT\"},{\"@type\":\"Organization\",\"@id\":\"https:\\\/\\\/www.rassegnastampa-totustuus.it\\\/cattolica\\\/#organization\",\"name\":\"Rassegna Stampa Cattolica\",\"url\":\"https:\\\/\\\/www.rassegnastampa-totustuus.it\\\/cattolica\\\/\",\"logo\":{\"@type\":\"ImageObject\",\"inLanguage\":\"it-IT\",\"@id\":\"https:\\\/\\\/www.rassegnastampa-totustuus.it\\\/cattolica\\\/#\\\/schema\\\/logo\\\/image\\\/\",\"url\":\"https:\\\/\\\/www.rassegnastampa-totustuus.it\\\/cattolica\\\/wp-content\\\/uploads\\\/2014\\\/04\\\/logo-rassegna1.gif\",\"contentUrl\":\"https:\\\/\\\/www.rassegnastampa-totustuus.it\\\/cattolica\\\/wp-content\\\/uploads\\\/2014\\\/04\\\/logo-rassegna1.gif\",\"width\":600,\"height\":163,\"caption\":\"Rassegna Stampa Cattolica\"},\"image\":{\"@id\":\"https:\\\/\\\/www.rassegnastampa-totustuus.it\\\/cattolica\\\/#\\\/schema\\\/logo\\\/image\\\/\"},\"sameAs\":[\"https:\\\/\\\/www.facebook.com\\\/rassegnastampacattolica\",\"https:\\\/\\\/x.com\\\/rassegnastampa9\"]},{\"@type\":\"Person\",\"@id\":\"https:\\\/\\\/www.rassegnastampa-totustuus.it\\\/cattolica\\\/#\\\/schema\\\/person\\\/08f319d2bd1a0904ad9e2bfb7b15e5c3\",\"name\":\"Redazione\",\"image\":{\"@type\":\"ImageObject\",\"inLanguage\":\"it-IT\",\"@id\":\"https:\\\/\\\/secure.gravatar.com\\\/avatar\\\/2fcdf27c78ea025fbdb44e914cc63c72249ffec9dc8aafd5c82b26240ef3f346?s=96&d=mm&r=g\",\"url\":\"https:\\\/\\\/secure.gravatar.com\\\/avatar\\\/2fcdf27c78ea025fbdb44e914cc63c72249ffec9dc8aafd5c82b26240ef3f346?s=96&d=mm&r=g\",\"contentUrl\":\"https:\\\/\\\/secure.gravatar.com\\\/avatar\\\/2fcdf27c78ea025fbdb44e914cc63c72249ffec9dc8aafd5c82b26240ef3f346?s=96&d=mm&r=g\",\"caption\":\"Redazione\"},\"url\":\"https:\\\/\\\/www.rassegnastampa-totustuus.it\\\/cattolica\\\/author\\\/pietroelle\\\/\"}]}<\/script>\n<!-- \/ Yoast SEO plugin. -->","yoast_head_json":{"title":"Uomo, donna o &laquo;altro&raquo; - Rassegna Stampa Cattolica","description":"Rassegna Stampa Cattolica - Per una cultura che nasce dalla Rivelazione cristiana in conformit\u00e0 alla tradizione e al Magistero della Chiesa in opposizione ad ogni relativismo e totalitarismo","robots":{"index":"index","follow":"follow","max-snippet":"max-snippet:-1","max-image-preview":"max-image-preview:large","max-video-preview":"max-video-preview:-1"},"canonical":"https:\/\/www.rassegnastampa-totustuus.it\/cattolica\/uomo-donna-o-altro\/","og_locale":"it_IT","og_type":"article","og_title":"Uomo, donna o &laquo;altro&raquo; - Rassegna Stampa Cattolica","og_description":"Rassegna Stampa Cattolica - Per una cultura che nasce dalla Rivelazione cristiana in conformit\u00e0 alla tradizione e al Magistero della Chiesa in opposizione ad ogni relativismo e totalitarismo","og_url":"https:\/\/www.rassegnastampa-totustuus.it\/cattolica\/uomo-donna-o-altro\/","og_site_name":"Rassegna Stampa Cattolica","article_publisher":"https:\/\/www.facebook.com\/rassegnastampacattolica","article_published_time":"2013-10-09T22:00:00+00:00","article_modified_time":"2016-02-26T10:36:53+00:00","og_image":[{"width":208,"height":173,"url":"https:\/\/www.rassegnastampa-totustuus.it\/cattolica\/wp-content\/uploads\/2013\/10\/cani_passeggino.jpg","type":"image\/jpeg"}],"author":"Redazione","twitter_card":"summary_large_image","twitter_creator":"@rassegnastampa9","twitter_site":"@rassegnastampa9","twitter_misc":{"Scritto da":"Redazione","Tempo di lettura stimato":"8 minuti"},"schema":{"@context":"https:\/\/schema.org","@graph":[{"@type":"Article","@id":"https:\/\/www.rassegnastampa-totustuus.it\/cattolica\/uomo-donna-o-altro\/#article","isPartOf":{"@id":"https:\/\/www.rassegnastampa-totustuus.it\/cattolica\/uomo-donna-o-altro\/"},"author":{"name":"Redazione","@id":"https:\/\/www.rassegnastampa-totustuus.it\/cattolica\/#\/schema\/person\/08f319d2bd1a0904ad9e2bfb7b15e5c3"},"headline":"Uomo, donna o &laquo;altro&raquo;","datePublished":"2013-10-09T22:00:00+00:00","dateModified":"2016-02-26T10:36:53+00:00","mainEntityOfPage":{"@id":"https:\/\/www.rassegnastampa-totustuus.it\/cattolica\/uomo-donna-o-altro\/"},"wordCount":1572,"publisher":{"@id":"https:\/\/www.rassegnastampa-totustuus.it\/cattolica\/#organization"},"image":{"@id":"https:\/\/www.rassegnastampa-totustuus.it\/cattolica\/uomo-donna-o-altro\/#primaryimage"},"thumbnailUrl":"https:\/\/www.rassegnastampa-totustuus.it\/cattolica\/wp-content\/uploads\/2013\/10\/cani_passeggino.jpg","keywords":["animalismo","laicit\u00e0"],"articleSection":["Bioetica","Costume","Ideologia del gender"],"inLanguage":"it-IT"},{"@type":"WebPage","@id":"https:\/\/www.rassegnastampa-totustuus.it\/cattolica\/uomo-donna-o-altro\/","url":"https:\/\/www.rassegnastampa-totustuus.it\/cattolica\/uomo-donna-o-altro\/","name":"Uomo, donna o &laquo;altro&raquo; - Rassegna Stampa Cattolica","isPartOf":{"@id":"https:\/\/www.rassegnastampa-totustuus.it\/cattolica\/#website"},"primaryImageOfPage":{"@id":"https:\/\/www.rassegnastampa-totustuus.it\/cattolica\/uomo-donna-o-altro\/#primaryimage"},"image":{"@id":"https:\/\/www.rassegnastampa-totustuus.it\/cattolica\/uomo-donna-o-altro\/#primaryimage"},"thumbnailUrl":"https:\/\/www.rassegnastampa-totustuus.it\/cattolica\/wp-content\/uploads\/2013\/10\/cani_passeggino.jpg","datePublished":"2013-10-09T22:00:00+00:00","dateModified":"2016-02-26T10:36:53+00:00","description":"Rassegna Stampa Cattolica - Per una cultura che nasce dalla Rivelazione cristiana in conformit\u00e0 alla tradizione e al Magistero della Chiesa in opposizione ad ogni relativismo e totalitarismo","breadcrumb":{"@id":"https:\/\/www.rassegnastampa-totustuus.it\/cattolica\/uomo-donna-o-altro\/#breadcrumb"},"inLanguage":"it-IT","potentialAction":[{"@type":"ReadAction","target":["https:\/\/www.rassegnastampa-totustuus.it\/cattolica\/uomo-donna-o-altro\/"]}]},{"@type":"ImageObject","inLanguage":"it-IT","@id":"https:\/\/www.rassegnastampa-totustuus.it\/cattolica\/uomo-donna-o-altro\/#primaryimage","url":"https:\/\/www.rassegnastampa-totustuus.it\/cattolica\/wp-content\/uploads\/2013\/10\/cani_passeggino.jpg","contentUrl":"https:\/\/www.rassegnastampa-totustuus.it\/cattolica\/wp-content\/uploads\/2013\/10\/cani_passeggino.jpg","width":208,"height":173},{"@type":"BreadcrumbList","@id":"https:\/\/www.rassegnastampa-totustuus.it\/cattolica\/uomo-donna-o-altro\/#breadcrumb","itemListElement":[{"@type":"ListItem","position":1,"name":"Home","item":"https:\/\/www.rassegnastampa-totustuus.it\/cattolica\/"},{"@type":"ListItem","position":2,"name":"Uomo, donna o &laquo;altro&raquo;"}]},{"@type":"WebSite","@id":"https:\/\/www.rassegnastampa-totustuus.it\/cattolica\/#website","url":"https:\/\/www.rassegnastampa-totustuus.it\/cattolica\/","name":"Rassegna Stampa Cattolica","description":"Per una cultura che nasce dalla Rivelazione cristiana in conformit\u00e0 alla tradizione e al Magistero della Chiesa in opposizione ad ogni relativismo e totalitarismo","publisher":{"@id":"https:\/\/www.rassegnastampa-totustuus.it\/cattolica\/#organization"},"alternateName":"Rass. Cattolica","potentialAction":[{"@type":"SearchAction","target":{"@type":"EntryPoint","urlTemplate":"https:\/\/www.rassegnastampa-totustuus.it\/cattolica\/?s={search_term_string}"},"query-input":{"@type":"PropertyValueSpecification","valueRequired":true,"valueName":"search_term_string"}}],"inLanguage":"it-IT"},{"@type":"Organization","@id":"https:\/\/www.rassegnastampa-totustuus.it\/cattolica\/#organization","name":"Rassegna Stampa Cattolica","url":"https:\/\/www.rassegnastampa-totustuus.it\/cattolica\/","logo":{"@type":"ImageObject","inLanguage":"it-IT","@id":"https:\/\/www.rassegnastampa-totustuus.it\/cattolica\/#\/schema\/logo\/image\/","url":"https:\/\/www.rassegnastampa-totustuus.it\/cattolica\/wp-content\/uploads\/2014\/04\/logo-rassegna1.gif","contentUrl":"https:\/\/www.rassegnastampa-totustuus.it\/cattolica\/wp-content\/uploads\/2014\/04\/logo-rassegna1.gif","width":600,"height":163,"caption":"Rassegna Stampa Cattolica"},"image":{"@id":"https:\/\/www.rassegnastampa-totustuus.it\/cattolica\/#\/schema\/logo\/image\/"},"sameAs":["https:\/\/www.facebook.com\/rassegnastampacattolica","https:\/\/x.com\/rassegnastampa9"]},{"@type":"Person","@id":"https:\/\/www.rassegnastampa-totustuus.it\/cattolica\/#\/schema\/person\/08f319d2bd1a0904ad9e2bfb7b15e5c3","name":"Redazione","image":{"@type":"ImageObject","inLanguage":"it-IT","@id":"https:\/\/secure.gravatar.com\/avatar\/2fcdf27c78ea025fbdb44e914cc63c72249ffec9dc8aafd5c82b26240ef3f346?s=96&d=mm&r=g","url":"https:\/\/secure.gravatar.com\/avatar\/2fcdf27c78ea025fbdb44e914cc63c72249ffec9dc8aafd5c82b26240ef3f346?s=96&d=mm&r=g","contentUrl":"https:\/\/secure.gravatar.com\/avatar\/2fcdf27c78ea025fbdb44e914cc63c72249ffec9dc8aafd5c82b26240ef3f346?s=96&d=mm&r=g","caption":"Redazione"},"url":"https:\/\/www.rassegnastampa-totustuus.it\/cattolica\/author\/pietroelle\/"}]}},"_links":{"self":[{"href":"https:\/\/www.rassegnastampa-totustuus.it\/cattolica\/wp-json\/wp\/v2\/posts\/5744","targetHints":{"allow":["GET"]}}],"collection":[{"href":"https:\/\/www.rassegnastampa-totustuus.it\/cattolica\/wp-json\/wp\/v2\/posts"}],"about":[{"href":"https:\/\/www.rassegnastampa-totustuus.it\/cattolica\/wp-json\/wp\/v2\/types\/post"}],"author":[{"embeddable":true,"href":"https:\/\/www.rassegnastampa-totustuus.it\/cattolica\/wp-json\/wp\/v2\/users\/6"}],"replies":[{"embeddable":true,"href":"https:\/\/www.rassegnastampa-totustuus.it\/cattolica\/wp-json\/wp\/v2\/comments?post=5744"}],"version-history":[{"count":3,"href":"https:\/\/www.rassegnastampa-totustuus.it\/cattolica\/wp-json\/wp\/v2\/posts\/5744\/revisions"}],"predecessor-version":[{"id":31034,"href":"https:\/\/www.rassegnastampa-totustuus.it\/cattolica\/wp-json\/wp\/v2\/posts\/5744\/revisions\/31034"}],"wp:featuredmedia":[{"embeddable":true,"href":"https:\/\/www.rassegnastampa-totustuus.it\/cattolica\/wp-json\/wp\/v2\/media\/31033"}],"wp:attachment":[{"href":"https:\/\/www.rassegnastampa-totustuus.it\/cattolica\/wp-json\/wp\/v2\/media?parent=5744"}],"wp:term":[{"taxonomy":"category","embeddable":true,"href":"https:\/\/www.rassegnastampa-totustuus.it\/cattolica\/wp-json\/wp\/v2\/categories?post=5744"},{"taxonomy":"post_tag","embeddable":true,"href":"https:\/\/www.rassegnastampa-totustuus.it\/cattolica\/wp-json\/wp\/v2\/tags?post=5744"}],"curies":[{"name":"wp","href":"https:\/\/api.w.org\/{rel}","templated":true}]}}