{"id":5740,"date":"2013-10-08T04:09:15","date_gmt":"2013-10-08T02:09:15","guid":{"rendered":""},"modified":"2015-11-13T12:59:45","modified_gmt":"2015-11-13T11:59:45","slug":"bosone-di-higgs-particella-di-dio","status":"publish","type":"post","link":"https:\/\/www.rassegnastampa-totustuus.it\/cattolica\/bosone-di-higgs-particella-di-dio\/","title":{"rendered":"Bosone di Higgs &quot;particella di Dio&quot;"},"content":{"rendered":"<div style=\"text-align: center;\">\n<div id=\"attachment_27729\" style=\"width: 239px\" class=\"wp-caption alignleft\"><a href=\"https:\/\/www.rassegnastampa-totustuus.it\/cattolica\/wp-content\/uploads\/2013\/10\/Bosone-di-Higgins.jpg\"><img loading=\"lazy\" decoding=\"async\" aria-describedby=\"caption-attachment-27729\" class=\"wp-image-27729\" src=\"https:\/\/www.rassegnastampa-totustuus.it\/cattolica\/wp-content\/uploads\/2013\/10\/Bosone-di-Higgins.jpg\" alt=\"Bosone di Higgins\" width=\"239\" height=\"131\" srcset=\"https:\/\/www.rassegnastampa-totustuus.it\/cattolica\/wp-content\/uploads\/2013\/10\/Bosone-di-Higgins.jpg 303w, https:\/\/www.rassegnastampa-totustuus.it\/cattolica\/wp-content\/uploads\/2013\/10\/Bosone-di-Higgins-300x164.jpg 300w\" sizes=\"auto, (max-width: 239px) 100vw, 239px\" \/><\/a><p id=\"caption-attachment-27729\" class=\"wp-caption-text\">Bosone di Higgs<\/p><\/div>\n<p>Per <strong>Rassegna Stampa<\/strong> ottobre 2013<\/p>\n<\/div>\n<p style=\"text-align: justify;\"><em>Padre <strong>Paolo De Lisi<\/strong>, laureato in fisica, \u00e8 sacerdote dei Servi di Maria ed \u00e8 parroco a Massa. Ha insegnato nelle scuole superiori e ha scritto un bell\u2019articolo <strong><a href=\"darwinismo%20e%20dottrina%20cattolica.doc\">testo sul darwinismo per Studi cattolici<\/a><\/strong>. Quello che segue \u00e8 il testo di una \u201cchiacchierata\u201d con i suoi allievi<\/em><\/p>\n<p><!--more--><\/p>\n<div>\n<p style=\"text-align: center;\"><strong><em>Storture giornalistiche che confondono la gente<\/em><\/strong><\/p>\n<\/div>\n<p style=\"text-align: justify;\"><strong>LA \u201cPARTICELLA DI DIO\u201d NON HA NIENTE DI DIVINO: E\u2019 NIENTE ALTRO CHE UNA DELLE NUMEROSE PARTICELLE ELEMENTARI CHE COMPONGONO LA MATERIA DELL\u2019UNIVERSO<\/strong><\/p>\n<p style=\"text-align: justify;\">Si fatto un gran parlare \u2013 nei mass-media &#8211; della scoperta, nel luglio 2012, di una particella elementare chiamata \u201cbosone di Higgs\u201d, come di una scoperta rivoluzionaria che avrebbe spiegato tutti i misteri della materia dell\u2019universo. Addirittura a questa particella si era dato il nome, strano per quei numerosi scienziati che fanno professione di ateismo, di \u201cparticella di Dio\u201d.<\/p>\n<p style=\"text-align: justify;\">Diciamo subito che qui Dio non c\u2019entra niente, perch\u00e9 tale nome \u00e8 solo una delle tante invenzioni della carta stampata. Infatti il bosone di Higgs \u00e8 stato battezzato &#8220;Particella di Dio&#8221; solo per un grossolano <em>errore<\/em> editoriale del libro di fisica <span style=\"text-decoration: underline;\"><a href=\"http:\/\/it.wikipedia.org\/wiki\/Divulgazione_scientifica\" target=\"_blank\">divulgativa<\/a><\/span> di <span style=\"text-decoration: underline;\"><a href=\"http:\/\/it.wikipedia.org\/wiki\/Leon_Lederman\" target=\"_blank\">Leon Lederman<\/a><\/span> &#8220;<em>La particella di Dio: se l\u2019Universo \u00e8 la risposta, qual \u00e8 la domanda?<\/em>&#8220;, pubblicato nel <a href=\"http:\/\/it.wikipedia.org\/wiki\/1993\" target=\"_blank\">1993<\/a>. Tale titolo deriv\u00f2 da un cambiamento da parte dell&#8217;editore del soprannome di &#8220;Goddamparticle&#8221; (particella maledetta), originalmente scelto <em>dall&#8217;autore<\/em> in riferimento alla difficolt\u00e0 della sua individuazione, in \u201cGodparticle\u201d.<\/p>\n<p style=\"text-align: justify;\">La successiva errata traduzione di &#8220;Godparticle&#8221; in &#8220;particella di Dio&#8221;, in luogo di &#8220;particella Dio&#8221;, ha aggiunto un&#8217;ulteriore storpiatura. Da parte sua Higgs, che ipotizz\u00f2 nel 1964 l\u2019esistenza della particella che porta il suo nome, non condivide questo soprannome, in quanto lo trova potenzialmente offensivo nei confronti delle persone di fede religiosa.<\/p>\n<p style=\"text-align: justify;\">Chiarito questo, per la tranquillit\u00e0 dei nostri lettori diremo subito qualcosa su questa \u201cdannata\u201d particella elementare, che con Dio ha in comune solo il fatto che essa deve in fondo la sua esistenza alla Sua meravigliosa opera creatrice.<\/p>\n<p style=\"text-align: justify;\">Il \u201cbosone di Higgs\u201d \u00e8 l&#8217;ultimo mattone del quale la fisica contemporanea aveva bisogno per completare la principale delle sue teorie, chiamata Modello Standard. Questo Modello \u00e8 una sorta di &#8220;catalogo della materia&#8221; che prevede l&#8217;esistenza di tutti gli ingredienti fondamentali dell&#8217;universo cos\u00ec come lo conosciamo. Comprende 24 particelle elementari organizzate in due famiglie: i quark e i leptoni, che sono i veri e propri mattoni della materia (presenti nell&#8217;infinitamente grande, come nelle galassie, negli stessi esseri umani come nel mondo microscopico).<\/p>\n<p style=\"text-align: justify;\">Comprende inoltre una famiglia di altre 12 particelle, che sono come dei <em>messaggeri<\/em> che trasmettono le quattro forze fondamentali della natura (gravitazionale, debole, elettromagnetica e forte). Le forze gravitazionali ed elettromagnetiche agiscono a grandi distanze e ne abbiamo esperienza diretta (la forza gravitazionale ci tiene incollati alla terra mentre l\u2019elettromagnetica tiene incollati gli atomi e le molecole di cui siamo fatti e di cui \u00e8 composta la materia) mentre la forza debole e quella forte agiscono solo a livello nucleare, nell\u2019infinitamente piccolo e,lavorando insieme alla forza elettromagnetica, tengono \u201cimpacchettate\u201d tutte le particelle che compongono il nucleo dell\u2019atomo .<\/p>\n<p style=\"text-align: justify;\">I <em>messaggeri <\/em>della forza elettromagnetica e debole (<em>elettro-debole<\/em> perch\u00e9 in realt\u00e0 si tratta di un\u2019unica forza) e di quella nucleare <em>forte<\/em>, previsti dal Modello Standard, sono <em>sei<\/em> in tutto: Z, W+, W-, gluone, fotone e, appunto, <strong>bosone di Higgs<\/strong>. Invece il portatore della forza Gravitazionale (Gravitone) non \u00e8 parte del Modello Standard e del resto non \u00e8 stato ancora individuato. La natura della forza di gravit\u00e0 \u00e8 infatti ancora un mistero irrisolto per la scienza.<\/p>\n<p style=\"text-align: justify;\">Il bosone di Higgs \u00e8 responsabile di quella propriet\u00e0 della materia detta \u201cmassa\u201d, che non \u00e8 altro che la resistenza che qualunque oggetto materiale oppone ad essere accelerato, cio\u00e8 a variare la sua velocit\u00e0. Tutti abbiamo sperimentato in autostrada con quanta fatica un TIR accelera per sorpassare un altro veicolo e quanto lungo tempo ci mette per farlo, mentre al contrario una moto ci sorpassa in brevissimo tempo accelerando senza fatica.<\/p>\n<p style=\"text-align: justify;\">Ci\u00f2 \u00e8 dovuto al fatto che il TIR ha una <em>massa<\/em> enormemente pi\u00f9 grande della motocicletta. La massa \u00e8 anche responsabile del nostro<em> peso <\/em>cio\u00e8 della forza di gravit\u00e0 che ci tiene incollati alla terra; massa e peso sono direttamente proporzionali per cui pi\u00f9 grande \u00e8 la massa pi\u00f9 il peso cresce proporzionalmente.<\/p>\n<p style=\"text-align: justify;\">Ora, tutte quelle 24 particelle componenti la materia sarebbero <em>insussistenti<\/em> senza una <em>massa<\/em>: \u00e8 il bosone di Higgs che li costringe a interagire tra loro e ad aggregarsi. Per questo una delle descrizioni pi\u00f9 celebri paragona il bosone di Higgs ad un personaggio famoso, un VIP, che entra in una sala piena di persone, attirando intorno a s\u00e9 gran parte dei presenti.<\/p>\n<p style=\"text-align: justify;\">Mentre il personaggio si muove, attrae le persone a lui pi\u00f9 vicine mentre quelle che lascia alle sue spalle tornano nella loro posizione originale e questo affollamento aumenta la resistenza al movimento del VIP. Vale a dire che il personaggio <em>acquisisce massa<\/em>, proprio come fanno le particelle che attraversano il <em>campo<\/em> di Higgs: le particelle interagiscono fra loro, vengono rallentate, non viaggiano pi\u00f9 alla <em>velocit\u00e0 della luce<\/em> e acquisiscono una <em>massa<\/em>.Infatti si pu\u00f2 viaggiare alla velocit\u00e0 della luce solo se la massa \u00e8 <em>nulla<\/em>, come ha dimostrato pi\u00f9 di cento anni fa A. Einstein. Se invece la massa \u00e8 diversa da zero, la velocit\u00e0 sar\u00e0 sempre pi\u00f9 piccola di quella della luce.<\/p>\n<p style=\"text-align: justify;\">La particella di Higgs viene prodotta nelle collisioni ad alta energia che si ottengono con un\u2019enorme acceleratore chiamato LHC(Large Hadron Collider), che occupa un tunnel sotterraneo lungo 27 chilometri, che lambisce il lago di Ginevra e le pendici del Giura, che ha iniziato a scagliare <em>protoni <\/em>furiosamente l&#8217;uno contro l&#8217;altro dal 2008, dopo 20 anni di costruzione e 10 miliardi di spesa.<\/p>\n<p style=\"text-align: justify;\">Il bosone di Higgs viene prodotto infatti nelle collisioni tra protoni ad alta energia, ma poi decade in un tempo brevissimo, impossibile perfino da misurare, trasformandosi in altre particelle che invece gli strumenti sono in grado di rilevare.<\/p>\n<p style=\"text-align: justify;\">Ma le cose si sono rivelate ben pi\u00f9 complicate delle aspettative: proprio nei prodotti di decadimento del bosone di Higgs gli Sherlock Holmes del CERN di Ginevra si sono accorti che il ricercato non ha esattamente le caratteristiche previste dalla teoria. E addirittura i ricercati potrebbero essere pi\u00f9 di uno! &#8220;Le osservazioni di oggi ci indicano la strada da seguire in futuro. C&#8217;\u00e8 ancora molto da fare per capire i dettagli dei nostri dati &#8211; ha detto Sergio Bertolucci, direttore della ricerca del CERN &#8211;\u00a0 Da spiegare, in fondo, resta ancora il 96% dell&#8217;universo\u201d.<\/p>\n<p style=\"text-align: justify;\">In barba a quelli che dicono che oggi la scienza ha spiegato tutto!<\/p>\n","protected":false},"excerpt":{"rendered":"<p>Per Rassegna Stampa ottobre 2013 Padre Paolo De Lisi, laureato in fisica, \u00e8 sacerdote dei Servi di Maria ed \u00e8 parroco a Massa. Ha insegnato nelle scuole superiori e ha scritto un bell\u2019articolo testo sul darwinismo per Studi cattolici. Quello che segue \u00e8 il testo di una \u201cchiacchierata\u201d con i suoi allievi<\/p><p><a class=\"more-link btn\" href=\"https:\/\/www.rassegnastampa-totustuus.it\/cattolica\/bosone-di-higgs-particella-di-dio\/\">Continua a leggere<\/a><\/p>\n","protected":false},"author":6,"featured_media":27729,"comment_status":"closed","ping_status":"open","sticky":false,"template":"","format":"standard","meta":{"footnotes":""},"categories":[22],"tags":[2228],"class_list":["post-5740","post","type-post","status-publish","format-standard","has-post-thumbnail","hentry","category-scienza","tag-materia","item-wrap"],"yoast_head":"<!-- This site is optimized with the Yoast SEO plugin v27.5 - https:\/\/yoast.com\/product\/yoast-seo-wordpress\/ -->\n<title>Bosone di Higgs &quot;particella di Dio&quot; - Rassegna Stampa Cattolica<\/title>\n<meta name=\"description\" content=\"Rassegna Stampa Cattolica - Per una cultura che nasce dalla Rivelazione cristiana in conformit\u00e0 alla tradizione e al Magistero della Chiesa in opposizione ad ogni relativismo e totalitarismo\" \/>\n<meta name=\"robots\" content=\"index, follow, max-snippet:-1, max-image-preview:large, max-video-preview:-1\" \/>\n<link rel=\"canonical\" href=\"https:\/\/www.rassegnastampa-totustuus.it\/cattolica\/bosone-di-higgs-particella-di-dio\/\" \/>\n<meta property=\"og:locale\" content=\"it_IT\" \/>\n<meta property=\"og:type\" content=\"article\" \/>\n<meta property=\"og:title\" content=\"Bosone di Higgs &quot;particella di Dio&quot; - Rassegna Stampa Cattolica\" \/>\n<meta property=\"og:description\" content=\"Rassegna Stampa Cattolica - Per una cultura che nasce dalla Rivelazione cristiana in conformit\u00e0 alla tradizione e al Magistero della Chiesa in opposizione ad ogni relativismo e totalitarismo\" \/>\n<meta property=\"og:url\" content=\"https:\/\/www.rassegnastampa-totustuus.it\/cattolica\/bosone-di-higgs-particella-di-dio\/\" \/>\n<meta property=\"og:site_name\" content=\"Rassegna Stampa Cattolica\" \/>\n<meta property=\"article:publisher\" content=\"https:\/\/www.facebook.com\/rassegnastampacattolica\" \/>\n<meta property=\"article:published_time\" content=\"2013-10-08T02:09:15+00:00\" \/>\n<meta property=\"article:modified_time\" content=\"2015-11-13T11:59:45+00:00\" \/>\n<meta property=\"og:image\" content=\"https:\/\/www.rassegnastampa-totustuus.it\/cattolica\/wp-content\/uploads\/2013\/10\/Bosone-di-Higgins.jpg\" \/>\n\t<meta property=\"og:image:width\" content=\"303\" \/>\n\t<meta property=\"og:image:height\" content=\"166\" \/>\n\t<meta property=\"og:image:type\" content=\"image\/jpeg\" \/>\n<meta name=\"author\" content=\"Redazione\" \/>\n<meta name=\"twitter:card\" content=\"summary_large_image\" \/>\n<meta name=\"twitter:creator\" content=\"@rassegnastampa9\" \/>\n<meta name=\"twitter:site\" content=\"@rassegnastampa9\" \/>\n<meta name=\"twitter:label1\" content=\"Scritto da\" \/>\n\t<meta name=\"twitter:data1\" content=\"Redazione\" \/>\n\t<meta name=\"twitter:label2\" content=\"Tempo di lettura stimato\" \/>\n\t<meta name=\"twitter:data2\" content=\"5 minuti\" \/>\n<script type=\"application\/ld+json\" class=\"yoast-schema-graph\">{\"@context\":\"https:\\\/\\\/schema.org\",\"@graph\":[{\"@type\":\"Article\",\"@id\":\"https:\\\/\\\/www.rassegnastampa-totustuus.it\\\/cattolica\\\/bosone-di-higgs-particella-di-dio\\\/#article\",\"isPartOf\":{\"@id\":\"https:\\\/\\\/www.rassegnastampa-totustuus.it\\\/cattolica\\\/bosone-di-higgs-particella-di-dio\\\/\"},\"author\":{\"name\":\"Redazione\",\"@id\":\"https:\\\/\\\/www.rassegnastampa-totustuus.it\\\/cattolica\\\/#\\\/schema\\\/person\\\/08f319d2bd1a0904ad9e2bfb7b15e5c3\"},\"headline\":\"Bosone di Higgs &quot;particella di Dio&quot;\",\"datePublished\":\"2013-10-08T02:09:15+00:00\",\"dateModified\":\"2015-11-13T11:59:45+00:00\",\"mainEntityOfPage\":{\"@id\":\"https:\\\/\\\/www.rassegnastampa-totustuus.it\\\/cattolica\\\/bosone-di-higgs-particella-di-dio\\\/\"},\"wordCount\":1085,\"publisher\":{\"@id\":\"https:\\\/\\\/www.rassegnastampa-totustuus.it\\\/cattolica\\\/#organization\"},\"image\":{\"@id\":\"https:\\\/\\\/www.rassegnastampa-totustuus.it\\\/cattolica\\\/bosone-di-higgs-particella-di-dio\\\/#primaryimage\"},\"thumbnailUrl\":\"https:\\\/\\\/www.rassegnastampa-totustuus.it\\\/cattolica\\\/wp-content\\\/uploads\\\/2013\\\/10\\\/Bosone-di-Higgins.jpg\",\"keywords\":[\"materia\"],\"articleSection\":[\"Scienza\"],\"inLanguage\":\"it-IT\"},{\"@type\":\"WebPage\",\"@id\":\"https:\\\/\\\/www.rassegnastampa-totustuus.it\\\/cattolica\\\/bosone-di-higgs-particella-di-dio\\\/\",\"url\":\"https:\\\/\\\/www.rassegnastampa-totustuus.it\\\/cattolica\\\/bosone-di-higgs-particella-di-dio\\\/\",\"name\":\"Bosone di Higgs &quot;particella di Dio&quot; - Rassegna Stampa Cattolica\",\"isPartOf\":{\"@id\":\"https:\\\/\\\/www.rassegnastampa-totustuus.it\\\/cattolica\\\/#website\"},\"primaryImageOfPage\":{\"@id\":\"https:\\\/\\\/www.rassegnastampa-totustuus.it\\\/cattolica\\\/bosone-di-higgs-particella-di-dio\\\/#primaryimage\"},\"image\":{\"@id\":\"https:\\\/\\\/www.rassegnastampa-totustuus.it\\\/cattolica\\\/bosone-di-higgs-particella-di-dio\\\/#primaryimage\"},\"thumbnailUrl\":\"https:\\\/\\\/www.rassegnastampa-totustuus.it\\\/cattolica\\\/wp-content\\\/uploads\\\/2013\\\/10\\\/Bosone-di-Higgins.jpg\",\"datePublished\":\"2013-10-08T02:09:15+00:00\",\"dateModified\":\"2015-11-13T11:59:45+00:00\",\"description\":\"Rassegna Stampa Cattolica - Per una cultura che nasce dalla Rivelazione cristiana in conformit\u00e0 alla tradizione e al Magistero della Chiesa in opposizione ad ogni relativismo e totalitarismo\",\"breadcrumb\":{\"@id\":\"https:\\\/\\\/www.rassegnastampa-totustuus.it\\\/cattolica\\\/bosone-di-higgs-particella-di-dio\\\/#breadcrumb\"},\"inLanguage\":\"it-IT\",\"potentialAction\":[{\"@type\":\"ReadAction\",\"target\":[\"https:\\\/\\\/www.rassegnastampa-totustuus.it\\\/cattolica\\\/bosone-di-higgs-particella-di-dio\\\/\"]}]},{\"@type\":\"ImageObject\",\"inLanguage\":\"it-IT\",\"@id\":\"https:\\\/\\\/www.rassegnastampa-totustuus.it\\\/cattolica\\\/bosone-di-higgs-particella-di-dio\\\/#primaryimage\",\"url\":\"https:\\\/\\\/www.rassegnastampa-totustuus.it\\\/cattolica\\\/wp-content\\\/uploads\\\/2013\\\/10\\\/Bosone-di-Higgins.jpg\",\"contentUrl\":\"https:\\\/\\\/www.rassegnastampa-totustuus.it\\\/cattolica\\\/wp-content\\\/uploads\\\/2013\\\/10\\\/Bosone-di-Higgins.jpg\",\"width\":303,\"height\":166},{\"@type\":\"BreadcrumbList\",\"@id\":\"https:\\\/\\\/www.rassegnastampa-totustuus.it\\\/cattolica\\\/bosone-di-higgs-particella-di-dio\\\/#breadcrumb\",\"itemListElement\":[{\"@type\":\"ListItem\",\"position\":1,\"name\":\"Home\",\"item\":\"https:\\\/\\\/www.rassegnastampa-totustuus.it\\\/cattolica\\\/\"},{\"@type\":\"ListItem\",\"position\":2,\"name\":\"Bosone di Higgs &quot;particella di Dio&quot;\"}]},{\"@type\":\"WebSite\",\"@id\":\"https:\\\/\\\/www.rassegnastampa-totustuus.it\\\/cattolica\\\/#website\",\"url\":\"https:\\\/\\\/www.rassegnastampa-totustuus.it\\\/cattolica\\\/\",\"name\":\"Rassegna Stampa Cattolica\",\"description\":\"Per una cultura che nasce dalla Rivelazione cristiana in conformit\u00e0 alla tradizione e al Magistero della Chiesa in opposizione ad ogni relativismo e totalitarismo\",\"publisher\":{\"@id\":\"https:\\\/\\\/www.rassegnastampa-totustuus.it\\\/cattolica\\\/#organization\"},\"alternateName\":\"Rass. Cattolica\",\"potentialAction\":[{\"@type\":\"SearchAction\",\"target\":{\"@type\":\"EntryPoint\",\"urlTemplate\":\"https:\\\/\\\/www.rassegnastampa-totustuus.it\\\/cattolica\\\/?s={search_term_string}\"},\"query-input\":{\"@type\":\"PropertyValueSpecification\",\"valueRequired\":true,\"valueName\":\"search_term_string\"}}],\"inLanguage\":\"it-IT\"},{\"@type\":\"Organization\",\"@id\":\"https:\\\/\\\/www.rassegnastampa-totustuus.it\\\/cattolica\\\/#organization\",\"name\":\"Rassegna Stampa Cattolica\",\"url\":\"https:\\\/\\\/www.rassegnastampa-totustuus.it\\\/cattolica\\\/\",\"logo\":{\"@type\":\"ImageObject\",\"inLanguage\":\"it-IT\",\"@id\":\"https:\\\/\\\/www.rassegnastampa-totustuus.it\\\/cattolica\\\/#\\\/schema\\\/logo\\\/image\\\/\",\"url\":\"https:\\\/\\\/www.rassegnastampa-totustuus.it\\\/cattolica\\\/wp-content\\\/uploads\\\/2014\\\/04\\\/logo-rassegna1.gif\",\"contentUrl\":\"https:\\\/\\\/www.rassegnastampa-totustuus.it\\\/cattolica\\\/wp-content\\\/uploads\\\/2014\\\/04\\\/logo-rassegna1.gif\",\"width\":600,\"height\":163,\"caption\":\"Rassegna Stampa Cattolica\"},\"image\":{\"@id\":\"https:\\\/\\\/www.rassegnastampa-totustuus.it\\\/cattolica\\\/#\\\/schema\\\/logo\\\/image\\\/\"},\"sameAs\":[\"https:\\\/\\\/www.facebook.com\\\/rassegnastampacattolica\",\"https:\\\/\\\/x.com\\\/rassegnastampa9\"]},{\"@type\":\"Person\",\"@id\":\"https:\\\/\\\/www.rassegnastampa-totustuus.it\\\/cattolica\\\/#\\\/schema\\\/person\\\/08f319d2bd1a0904ad9e2bfb7b15e5c3\",\"name\":\"Redazione\",\"image\":{\"@type\":\"ImageObject\",\"inLanguage\":\"it-IT\",\"@id\":\"https:\\\/\\\/secure.gravatar.com\\\/avatar\\\/2fcdf27c78ea025fbdb44e914cc63c72249ffec9dc8aafd5c82b26240ef3f346?s=96&d=mm&r=g\",\"url\":\"https:\\\/\\\/secure.gravatar.com\\\/avatar\\\/2fcdf27c78ea025fbdb44e914cc63c72249ffec9dc8aafd5c82b26240ef3f346?s=96&d=mm&r=g\",\"contentUrl\":\"https:\\\/\\\/secure.gravatar.com\\\/avatar\\\/2fcdf27c78ea025fbdb44e914cc63c72249ffec9dc8aafd5c82b26240ef3f346?s=96&d=mm&r=g\",\"caption\":\"Redazione\"},\"url\":\"https:\\\/\\\/www.rassegnastampa-totustuus.it\\\/cattolica\\\/author\\\/pietroelle\\\/\"}]}<\/script>\n<!-- \/ Yoast SEO plugin. -->","yoast_head_json":{"title":"Bosone di Higgs &quot;particella di Dio&quot; - Rassegna Stampa Cattolica","description":"Rassegna Stampa Cattolica - Per una cultura che nasce dalla Rivelazione cristiana in conformit\u00e0 alla tradizione e al Magistero della Chiesa in opposizione ad ogni relativismo e totalitarismo","robots":{"index":"index","follow":"follow","max-snippet":"max-snippet:-1","max-image-preview":"max-image-preview:large","max-video-preview":"max-video-preview:-1"},"canonical":"https:\/\/www.rassegnastampa-totustuus.it\/cattolica\/bosone-di-higgs-particella-di-dio\/","og_locale":"it_IT","og_type":"article","og_title":"Bosone di Higgs &quot;particella di Dio&quot; - Rassegna Stampa Cattolica","og_description":"Rassegna Stampa Cattolica - Per una cultura che nasce dalla Rivelazione cristiana in conformit\u00e0 alla tradizione e al Magistero della Chiesa in opposizione ad ogni relativismo e totalitarismo","og_url":"https:\/\/www.rassegnastampa-totustuus.it\/cattolica\/bosone-di-higgs-particella-di-dio\/","og_site_name":"Rassegna Stampa Cattolica","article_publisher":"https:\/\/www.facebook.com\/rassegnastampacattolica","article_published_time":"2013-10-08T02:09:15+00:00","article_modified_time":"2015-11-13T11:59:45+00:00","og_image":[{"width":303,"height":166,"url":"https:\/\/www.rassegnastampa-totustuus.it\/cattolica\/wp-content\/uploads\/2013\/10\/Bosone-di-Higgins.jpg","type":"image\/jpeg"}],"author":"Redazione","twitter_card":"summary_large_image","twitter_creator":"@rassegnastampa9","twitter_site":"@rassegnastampa9","twitter_misc":{"Scritto da":"Redazione","Tempo di lettura stimato":"5 minuti"},"schema":{"@context":"https:\/\/schema.org","@graph":[{"@type":"Article","@id":"https:\/\/www.rassegnastampa-totustuus.it\/cattolica\/bosone-di-higgs-particella-di-dio\/#article","isPartOf":{"@id":"https:\/\/www.rassegnastampa-totustuus.it\/cattolica\/bosone-di-higgs-particella-di-dio\/"},"author":{"name":"Redazione","@id":"https:\/\/www.rassegnastampa-totustuus.it\/cattolica\/#\/schema\/person\/08f319d2bd1a0904ad9e2bfb7b15e5c3"},"headline":"Bosone di Higgs &quot;particella di Dio&quot;","datePublished":"2013-10-08T02:09:15+00:00","dateModified":"2015-11-13T11:59:45+00:00","mainEntityOfPage":{"@id":"https:\/\/www.rassegnastampa-totustuus.it\/cattolica\/bosone-di-higgs-particella-di-dio\/"},"wordCount":1085,"publisher":{"@id":"https:\/\/www.rassegnastampa-totustuus.it\/cattolica\/#organization"},"image":{"@id":"https:\/\/www.rassegnastampa-totustuus.it\/cattolica\/bosone-di-higgs-particella-di-dio\/#primaryimage"},"thumbnailUrl":"https:\/\/www.rassegnastampa-totustuus.it\/cattolica\/wp-content\/uploads\/2013\/10\/Bosone-di-Higgins.jpg","keywords":["materia"],"articleSection":["Scienza"],"inLanguage":"it-IT"},{"@type":"WebPage","@id":"https:\/\/www.rassegnastampa-totustuus.it\/cattolica\/bosone-di-higgs-particella-di-dio\/","url":"https:\/\/www.rassegnastampa-totustuus.it\/cattolica\/bosone-di-higgs-particella-di-dio\/","name":"Bosone di Higgs &quot;particella di Dio&quot; - Rassegna Stampa Cattolica","isPartOf":{"@id":"https:\/\/www.rassegnastampa-totustuus.it\/cattolica\/#website"},"primaryImageOfPage":{"@id":"https:\/\/www.rassegnastampa-totustuus.it\/cattolica\/bosone-di-higgs-particella-di-dio\/#primaryimage"},"image":{"@id":"https:\/\/www.rassegnastampa-totustuus.it\/cattolica\/bosone-di-higgs-particella-di-dio\/#primaryimage"},"thumbnailUrl":"https:\/\/www.rassegnastampa-totustuus.it\/cattolica\/wp-content\/uploads\/2013\/10\/Bosone-di-Higgins.jpg","datePublished":"2013-10-08T02:09:15+00:00","dateModified":"2015-11-13T11:59:45+00:00","description":"Rassegna Stampa Cattolica - Per una cultura che nasce dalla Rivelazione cristiana in conformit\u00e0 alla tradizione e al Magistero della Chiesa in opposizione ad ogni relativismo e totalitarismo","breadcrumb":{"@id":"https:\/\/www.rassegnastampa-totustuus.it\/cattolica\/bosone-di-higgs-particella-di-dio\/#breadcrumb"},"inLanguage":"it-IT","potentialAction":[{"@type":"ReadAction","target":["https:\/\/www.rassegnastampa-totustuus.it\/cattolica\/bosone-di-higgs-particella-di-dio\/"]}]},{"@type":"ImageObject","inLanguage":"it-IT","@id":"https:\/\/www.rassegnastampa-totustuus.it\/cattolica\/bosone-di-higgs-particella-di-dio\/#primaryimage","url":"https:\/\/www.rassegnastampa-totustuus.it\/cattolica\/wp-content\/uploads\/2013\/10\/Bosone-di-Higgins.jpg","contentUrl":"https:\/\/www.rassegnastampa-totustuus.it\/cattolica\/wp-content\/uploads\/2013\/10\/Bosone-di-Higgins.jpg","width":303,"height":166},{"@type":"BreadcrumbList","@id":"https:\/\/www.rassegnastampa-totustuus.it\/cattolica\/bosone-di-higgs-particella-di-dio\/#breadcrumb","itemListElement":[{"@type":"ListItem","position":1,"name":"Home","item":"https:\/\/www.rassegnastampa-totustuus.it\/cattolica\/"},{"@type":"ListItem","position":2,"name":"Bosone di Higgs &quot;particella di Dio&quot;"}]},{"@type":"WebSite","@id":"https:\/\/www.rassegnastampa-totustuus.it\/cattolica\/#website","url":"https:\/\/www.rassegnastampa-totustuus.it\/cattolica\/","name":"Rassegna Stampa Cattolica","description":"Per una cultura che nasce dalla Rivelazione cristiana in conformit\u00e0 alla tradizione e al Magistero della Chiesa in opposizione ad ogni relativismo e totalitarismo","publisher":{"@id":"https:\/\/www.rassegnastampa-totustuus.it\/cattolica\/#organization"},"alternateName":"Rass. Cattolica","potentialAction":[{"@type":"SearchAction","target":{"@type":"EntryPoint","urlTemplate":"https:\/\/www.rassegnastampa-totustuus.it\/cattolica\/?s={search_term_string}"},"query-input":{"@type":"PropertyValueSpecification","valueRequired":true,"valueName":"search_term_string"}}],"inLanguage":"it-IT"},{"@type":"Organization","@id":"https:\/\/www.rassegnastampa-totustuus.it\/cattolica\/#organization","name":"Rassegna Stampa Cattolica","url":"https:\/\/www.rassegnastampa-totustuus.it\/cattolica\/","logo":{"@type":"ImageObject","inLanguage":"it-IT","@id":"https:\/\/www.rassegnastampa-totustuus.it\/cattolica\/#\/schema\/logo\/image\/","url":"https:\/\/www.rassegnastampa-totustuus.it\/cattolica\/wp-content\/uploads\/2014\/04\/logo-rassegna1.gif","contentUrl":"https:\/\/www.rassegnastampa-totustuus.it\/cattolica\/wp-content\/uploads\/2014\/04\/logo-rassegna1.gif","width":600,"height":163,"caption":"Rassegna Stampa Cattolica"},"image":{"@id":"https:\/\/www.rassegnastampa-totustuus.it\/cattolica\/#\/schema\/logo\/image\/"},"sameAs":["https:\/\/www.facebook.com\/rassegnastampacattolica","https:\/\/x.com\/rassegnastampa9"]},{"@type":"Person","@id":"https:\/\/www.rassegnastampa-totustuus.it\/cattolica\/#\/schema\/person\/08f319d2bd1a0904ad9e2bfb7b15e5c3","name":"Redazione","image":{"@type":"ImageObject","inLanguage":"it-IT","@id":"https:\/\/secure.gravatar.com\/avatar\/2fcdf27c78ea025fbdb44e914cc63c72249ffec9dc8aafd5c82b26240ef3f346?s=96&d=mm&r=g","url":"https:\/\/secure.gravatar.com\/avatar\/2fcdf27c78ea025fbdb44e914cc63c72249ffec9dc8aafd5c82b26240ef3f346?s=96&d=mm&r=g","contentUrl":"https:\/\/secure.gravatar.com\/avatar\/2fcdf27c78ea025fbdb44e914cc63c72249ffec9dc8aafd5c82b26240ef3f346?s=96&d=mm&r=g","caption":"Redazione"},"url":"https:\/\/www.rassegnastampa-totustuus.it\/cattolica\/author\/pietroelle\/"}]}},"_links":{"self":[{"href":"https:\/\/www.rassegnastampa-totustuus.it\/cattolica\/wp-json\/wp\/v2\/posts\/5740","targetHints":{"allow":["GET"]}}],"collection":[{"href":"https:\/\/www.rassegnastampa-totustuus.it\/cattolica\/wp-json\/wp\/v2\/posts"}],"about":[{"href":"https:\/\/www.rassegnastampa-totustuus.it\/cattolica\/wp-json\/wp\/v2\/types\/post"}],"author":[{"embeddable":true,"href":"https:\/\/www.rassegnastampa-totustuus.it\/cattolica\/wp-json\/wp\/v2\/users\/6"}],"replies":[{"embeddable":true,"href":"https:\/\/www.rassegnastampa-totustuus.it\/cattolica\/wp-json\/wp\/v2\/comments?post=5740"}],"version-history":[{"count":5,"href":"https:\/\/www.rassegnastampa-totustuus.it\/cattolica\/wp-json\/wp\/v2\/posts\/5740\/revisions"}],"predecessor-version":[{"id":27731,"href":"https:\/\/www.rassegnastampa-totustuus.it\/cattolica\/wp-json\/wp\/v2\/posts\/5740\/revisions\/27731"}],"wp:featuredmedia":[{"embeddable":true,"href":"https:\/\/www.rassegnastampa-totustuus.it\/cattolica\/wp-json\/wp\/v2\/media\/27729"}],"wp:attachment":[{"href":"https:\/\/www.rassegnastampa-totustuus.it\/cattolica\/wp-json\/wp\/v2\/media?parent=5740"}],"wp:term":[{"taxonomy":"category","embeddable":true,"href":"https:\/\/www.rassegnastampa-totustuus.it\/cattolica\/wp-json\/wp\/v2\/categories?post=5740"},{"taxonomy":"post_tag","embeddable":true,"href":"https:\/\/www.rassegnastampa-totustuus.it\/cattolica\/wp-json\/wp\/v2\/tags?post=5740"}],"curies":[{"name":"wp","href":"https:\/\/api.w.org\/{rel}","templated":true}]}}