{"id":57392,"date":"2023-11-17T19:05:14","date_gmt":"2023-11-17T18:05:14","guid":{"rendered":"https:\/\/www.rassegnastampa-totustuus.it\/cattolica\/?p=57392"},"modified":"2023-11-20T15:28:18","modified_gmt":"2023-11-20T14:28:18","slug":"architettura-da-incubo-e-bellezza-dellantico","status":"publish","type":"post","link":"https:\/\/www.rassegnastampa-totustuus.it\/cattolica\/architettura-da-incubo-e-bellezza-dellantico\/","title":{"rendered":"Architettura da incubo e bellezza dell&#8217;antico"},"content":{"rendered":"<p><span style=\"color: #000000;\"><strong><img loading=\"lazy\" decoding=\"async\" class=\" wp-image-57393 alignleft\" src=\"https:\/\/www.rassegnastampa-totustuus.it\/cattolica\/wp-content\/uploads\/2023\/11\/archiettura_incubo_.jpg\" alt=\"\" width=\"246\" height=\"207\" \/><\/strong><\/span><\/p>\n<p style=\"text-align: justify;\">Abstract<span style=\"color: #000000;\">: Si \u00e8 ormai affermata una architettura da incubo, che nega l&#8217;antico metodo di costruzione delle case. Cubi privi di ogni decorazione\u00a0 progettati da moderne &#8220;archistar&#8221; vorrebbero soppiantare le case con i tradizionali tetti\u00a0 a spiovente e\u00a0 colorate, dai diversi e fantasiosi stili\u00a0 frutto dell\u2019esperienza dei nostri avi, della tradizione identitaria, dell\u2019adattamento ai territori e ai paesaggi. E&#8217; come se anche con la moderna architettura da incubo\u00a0 si volesse far trionfare la morte, il caos\u00a0 e la <em>\u201cfredda demonia del pi\u00f9 profondo gelo infernale\u201d.<\/em> <\/span><\/p>\n<p><!--more--><\/p>\n<p style=\"text-align: center;\"><span style=\"color: #000000;\"><span style=\"color: #0000ff;\"><a style=\"color: #0000ff;\" href=\"https:\/\/www.ricognizioni.it\/\" target=\"_blank\" rel=\"noopener\"><strong>Ricognizioni<\/strong> <\/a><\/span>16 Novembre 2023 <\/span><\/p>\n<h3 style=\"text-align: center;\"><span style=\"color: #000000;\"><strong>Case a cubo o case da incubo?<\/strong> <\/span><\/h3>\n<p style=\"text-align: center;\"><span style=\"color: #000000;\"><strong>Antonio de Felip <\/strong><\/span><\/p>\n<p style=\"text-align: justify;\"><span style=\"color: #000000;\"><img loading=\"lazy\" decoding=\"async\" class=\" wp-image-57395 alignleft\" src=\"https:\/\/www.rassegnastampa-totustuus.it\/cattolica\/wp-content\/uploads\/2023\/11\/casa_abitazione_architettura.jpg\" alt=\"\" width=\"340\" height=\"259\" \/>Vi ricordate quando, qualche anno fa, gli intellettuali radical chic<em>,<\/em>\u00a0gli architetti alla moda, i giornalisti maestrini di estetica, gli ambientalisti ante litteram ironizzavano pesantemente, e con una buona dose di classismo da <em>gauche caviar<\/em>, contro \u201cle villette dei geometri\u201d? Quelle che, secondo loro, impestavano, come i vituperati capannoni della nuova industrializzazione, le periferie dei nostri paesi, simbolo del pi\u00f9 bieco consumismo provinciale dei nuovi piccoli e medi borghesi pervenuti a un certo benessere e del loro cattivo gusto di parvenu strapaesani. Magari con i mitici nanetti nel giardino, manifestazione del pi\u00f9 bieco kitsch paesaggistico, per non parlare dell\u2019immancabile, sottostante tavernetta per le riunioni conviviali<\/span>.<\/p>\n<p style=\"text-align: justify;\"><span style=\"color: #000000;\">Va bene, ammettiamolo, queste costruzioni, talvolta dai colori pi\u00f9 improbabili, non erano rispettosissime del cosiddetto vernacolare locale: talvolta baite alpine piantate nella nebbiosa pianura padana, altre volte simili a costruzioni arabeggianti, altre ancora occhieggianti ad architetture ispano-messicane con patii e archi d\u2019ingresso. Per\u00f2, nonostante tutto, erano case che somigliavano a case, come, appunto, devono essere le case: un tetto a falde perch\u00e9 talvolta nevica, con i coppi, o le piode, a seconda dei luoghi, le finestre nel verso giusto e cos\u00ec via.<\/span><\/p>\n<p style=\"text-align: justify;\"><span style=\"color: #000000;\"><img loading=\"lazy\" decoding=\"async\" class=\" wp-image-57396 alignleft\" src=\"https:\/\/www.rassegnastampa-totustuus.it\/cattolica\/wp-content\/uploads\/2023\/11\/architettura_incubo_case.jpg\" alt=\"\" width=\"325\" height=\"243\" \/>Se invece percorriamo oggi i nostri paesi o i sobborghi delle grandi citt\u00e0 e talvolta persino i centri stessi delle citt\u00e0, troviamo un proliferare di ville, villone e villette, ma anche condomini, a forma di cubo, o varie combinazioni di composizioni di cubi, quasi un gioco per infanti, dal tetto piatto, con finestroni orizzontali, le pareti lisce, senza un solo ornamento, senza una sola decorazione, senza un solo ornato, rigorosamente di un biancore abbagliante e allucinante. Terrazze e terrazzini protetti da gelide, minimaliste, essenziali ringhiere di vetro\/cristallo e lucido acciaio. Sembra che gli architetti si siano messi tutti d\u2019accordo e, colpiti da un\u2019amnesia collettiva, abbiano dimenticato migliaia di anni di un\u2019architettura fatta da una incredibile ricchezza di stilemi, di forme tradizionali e innovative ma sempre rispettose del <\/span><em>genius loci<\/em><span style=\"color: #000000;\"><em style=\"font-weight: inherit;\">,<\/em>\u00a0della tradizione architettonica, del lascito di chi ha costruito prima di noi. Un barbarico, iper-razionalista rifiuto del bello, dell\u2019armonico, del proporzionato, dell\u2019intelligente e rispettoso ornato e colorato<\/span><\/p>\n<p style=\"text-align: justify;\"><span style=\"color: #000000;\">Un architetto paesaggista \u2013 ma che fu anche pubblicista e storico \u2013 dalla formazione accademica e professionale internazionale e tuttavia strenuo difensore dell\u2019architettura tradizionale e identitaria, <span style=\"color: #0000ff;\"><a style=\"color: #0000ff;\" href=\"https:\/\/it.wikipedia.org\/wiki\/Gilberto_Oneto\" target=\"_blank\" rel=\"noopener\">Gilberto Oneto,<\/a><\/span> per anni presidente dell\u2019Associazione Italiana Architetti del Paesaggio, cos\u00ec scriveva:\u00a0<em style=\"font-weight: inherit;\">\u201cle case sono diventate scatole\u00a0<\/em>(\u201cmacchine per abitare\u201d,<em style=\"font-weight: inherit;\">\u00a0le ha chiamate Le Corbusier), sono spariti i tetti a falde, le persiane sono state sostituite dalle tapparelle, le finestre che erano diritte (diceva Guareschi:\u00a0<\/em>\u201cLe finestre hanno la loro brava simmetria e sono messe tutte per il verso dei cristiani, col lato pi\u00f9 corto in basso perch\u00e9 i cristiani sono tutti col lato pi\u00f9 corto in gi\u00f9 e il lato pi\u00f9 lungo in piedi\u201d)<em style=\"font-weight: inherit;\"> sono state messe per il lungo, i mobili, come le case, sono diventati bianchi\u2026.<\/em><\/span><\/p>\n<p style=\"text-align: justify;\"><span style=\"color: #000000;\"><img loading=\"lazy\" decoding=\"async\" class=\"wp-image-53781 alignright\" src=\"https:\/\/www.rassegnastampa-totustuus.it\/cattolica\/wp-content\/uploads\/2022\/03\/Le_Corbusier_citt\u00e0_architettura-300x248.jpg\" alt=\"\" width=\"350\" height=\"289\" \/>Questa peste di un\u2019architettura dal biancore funebre, squadrata, cubica e razionalisticamente disadorna pu\u00f2 sembrarci in fenomeno recente, ma in realt\u00e0 viene da lontano, dal Movimento Moderno e dell\u2019architettura funzionalista\u00a0<em style=\"font-weight: inherit;\">(\u201cIl bello non esiste.\u00a0\u00c8 bello ci\u00f2 che \u00e8 funzionale\u201d).<\/em>\u00a0Uno dei suoi padri, l\u2019architetto viennese <span style=\"color: #0000ff;\"><a style=\"color: #0000ff;\" href=\"https:\/\/www.elledecor.com\/it\/people\/a39503323\/adolf-loos-raumplan-vita-opere\/\" target=\"_blank\" rel=\"noopener\">Adolf Loos<\/a><\/span> sosteneva che <em>\u201cl\u2019ornamento \u00e8 un delitto\u201d.<\/em> Narra Witold Rybczynski, storico dell\u2019architettura:\u00a0<em style=\"font-weight: inherit;\">\u201c(Loos) in un saggio del 1908 rivendic\u00f2 l\u2019abolizione di ogni orpello dalla vita quotidiana, da quelli architettonici a quelli degli interni delle abitazioni. Considerava primitivo il bisogno di ornare gli ambienti. Il \u201cdelitto\u201d dell\u2019ornamento consisteva nello sprecare le risorse della societ\u00e0, sia in termini di denaro sia di tempo, in qualcosa che Loos riteneva superfluo e arcaico. Fin dal 1904, Loos progett\u00f2 ville con pareti intonacate di bianco senza stucchi, tetti piani senza cornicioni e finestre rettangolari senza telaio e senza modanatura.\u201d<\/em><\/span><\/p>\n<p style=\"text-align: justify;\"><span style=\"color: #000000;\">Quelle stesse forme architettoniche minimaliste, deprivate di ogni ornamento, che troviamo in tanta architettura moderna. \u00c8 la cancellazione di tutte le espressioni di decoro architettonico, gratuite e non necessariamente funzionali, legate alla bellezza: i fregi, i colori, i disegni, le pitture: una devastante iconoclastia applicata alle abitazioni. La stessa cancellazione del bello, del gradevole, dell\u2019ornato che troviamo nella architettura \u201csocialista\u201d di Gropius e del suo stile\u00a0<em style=\"font-weight: inherit;\">Bauhaus<\/em>, che doveva espungere tutto ci\u00f2 che \u00e8 borghese dall\u2019architettura. Stile tanto amato ed esaltato dalle <em>\u00e9lite<\/em> progressiste e dagli intellettuali di sinistra dell\u2019epoca quanto detestato dal \u201cpopolo abitante\u201d.<\/span><\/p>\n<p style=\"text-align: justify;\"><span style=\"color: #000000;\"><img loading=\"lazy\" decoding=\"async\" class=\" wp-image-53780 alignleft\" src=\"https:\/\/www.rassegnastampa-totustuus.it\/cattolica\/wp-content\/uploads\/2022\/03\/Bauhaus_architettura.jpg\" alt=\"\" width=\"353\" height=\"235\" \/>Nel suo <span style=\"color: #0000ff;\"><a style=\"color: #0000ff;\" href=\"https:\/\/www.bing.com\/ck\/a?!&amp;&amp;p=2387613184692d52JmltdHM9MTcwMDE3OTIwMCZpZ3VpZD0xYmE0NmNkZC05ZjI1LTZiNzAtM2UxNy03ZjljOWVjNDZhYzYmaW5zaWQ9NTIxMA&amp;ptn=3&amp;ver=2&amp;hsh=3&amp;fclid=1ba46cdd-9f25-6b70-3e17-7f9c9ec46ac6&amp;psq=Maledetti+architetti.+Dal+Bauhaus+a+casa+nostra%2c+Tom+Wolfe&amp;u=a1aHR0cHM6Ly93d3cuaWJzLml0L21hbGVkZXR0aS1hcmNoaXRldHRpLWRhbC1iYXVoYXVzLWEtbGlicm8tdG9tLXdvbGZlL2UvOTc4ODg0NTI0OTA4Mg&amp;ntb=1\" target=\"_blank\" rel=\"noopener\"><em>Maledetti architetti. Dal Bauhaus a casa nostra<\/em>,<\/a><\/span> Tom Wolfe (il polemista conservatore statunitense che invent\u00f2 l\u2019espressione\u00a0<em style=\"font-weight: inherit;\">\u201cradical chic\u201d),<\/em> cos\u00ec esercita il suo sarcasmo sulle nuove costruzioni: <em>\u201c\u2026l\u2019inviolabile teoria del tetto piatto e della facciata liscia. Era stato deciso, nel corso della battaglia delle teorie, che tetti spioventi e cornicioni rappresentavano le \u201ccorone\u201d dell\u2019antica nobilt\u00e0, che la borghesia ambiva a imitare. Quindi, d\u2019ora in poi, vi sarebbero soltanto tetti piatti, tetti ad angolo retto con le facciate. Niente cornicioni, niente gronde.\u201d<\/em>\u00a0Certo, osserva Wolf, che alle latitudini europee e americane, dove nevica, il tetto piatto e la facciata senza gronde sono tutt\u2019altro che funzionali. Sull\u2019origine di queste brutture, cos\u00ec si esprime:\u00a0<em style=\"font-weight: inherit;\">\u201c\u2026quel bicchier d\u2019acqua gelida in faccia, quel manrovescio sui denti, quel castigo noto come architettura moderna\u201d.<\/em><\/span><\/p>\n<p style=\"text-align: justify;\"><span style=\"color: #000000;\">Poi segu\u00ec il tanto osannato Le Corbusier che applic\u00f2 gli insegnamenti dell\u2019architettura modernista di Looms e Gropius: esemplare \u00e8 Ville Savoye, a Poissy nella banlieue parigina, del 1931: intonaco bianco, tetto piatto, strutture squadrate, finestre orizzontali. Costru\u00ec, su queste stesse caratteristiche, \u201ccase operaie\u201d a Pessac. Agli operai veri non piacquero per niente, e fecero di tutto per trasformare i freddi cubi di \u201cCorbu\u201d in qualcosa di intimo e di colorato. Chiosa Tom Wolf: <em>\u201ccome lo stesso \u201cCorbu\u201d aveva detto, essi andavano \u201crieducati\u201d affinch\u00e9 potessero capire la bellezza della \u201cCitt\u00e0 Radiosa\u201d del futuro. Per Gropius, i committenti e i clienti dovevano <\/em>\u201ctenere la bocca chiusa\u201d,<em style=\"font-weight: inherit;\"> perch\u00e9 <\/em>\u201cculturalmente sottosviluppati.\u201d Sembra di sentire le voci altezzose e arroganti di certe <em>archistar<\/em> contemporanee che vogliono imporci i loro orrori architettonici e pretendono di censurare chiunque disapprovi le loro brutture definendolo \u201cignorante\u201d.<\/span><\/p>\n<p style=\"text-align: justify;\"><span style=\"color: #000000;\"><img loading=\"lazy\" decoding=\"async\" class=\" wp-image-53784 alignleft\" src=\"https:\/\/www.rassegnastampa-totustuus.it\/cattolica\/wp-content\/uploads\/2022\/03\/architettura_casa_danzante.jpg\" alt=\"\" width=\"344\" height=\"230\" \/>Certo, la deprimente tolleranza sociale delle comunit\u00e0 locali per questi terribili biancori abitativi e altre mostruosit\u00e0 architettoniche ha molto a che fare con una desolante perdita collettiva del buon gusto e il senso del bello che pure non erano solo appannaggio delle <em>\u00e9lite<\/em>. Resisteva un radicato senso del bello anche nei ceti popolari e contadini. L\u2019educazione al bello avveniva spontaneamente, guardando i paesaggi, le costruzioni degli avi e le chiese. Lo dimostrano la bellezza armonica di certe costruzioni agricole o anche dei nostri borghi, delle loro decorazioni, delle loro colorazioni, della facilit\u00e0 con cui si integrano nel paesaggio la cui antropizzazione \u00e8 stata, nei secoli, prudente e rispettosa prima del degrado imposto dal gigantismo dei grattacieli, dei falansteri e delle mega-costruzioni caratteristiche della modernit\u00e0<\/span>.<\/p>\n<p style=\"text-align: justify;\"><span style=\"color: #000000;\">La rovina dei popoli passa inevitabilmente anche dalla perdita della bellezza del paesaggio. Di questo abbiamo un ottimo esempio letterario nel <em>Signore degli Anelli<\/em>\u00a0del nostro J.R.R. Tolkien quando, nell\u2019ultima parte del libro, Saruman-Sharkey occupa la Contea, caccia gli hobbit dalle loro case: <em>\u201cLa graziosa fila di antiche caverne hobbit sull\u2019argine nord del lago era in uno stato di miserevole abbandono e i loro giardinetti che prima scendevano allegri e vivaci sino al bordo dell\u2019acqua erano pieni di erbacce\u201d.<\/em> Gli abitanti della Contea vengono deportati in orribili falansteri collettivi: <em>\u201cPeggio ancora, vi era un\u2019intera fila di case nuove lungo la riva del lago.\u201d<\/em>\u00a0Ce le immaginiamo bianche, squadrate e iper-razionaliste<\/span>.<\/p>\n<p style=\"text-align: justify;\"><span style=\"color: #000000;\"><img loading=\"lazy\" decoding=\"async\" class=\"wp-image-14012 alignright\" src=\"https:\/\/www.rassegnastampa-totustuus.it\/cattolica\/wp-content\/uploads\/2014\/11\/case-abbandonate.jpg\" alt=\"\" width=\"370\" height=\"241\" \/>Fateci caso: le nuove costruzioni che architetti contemporanei impongono a committenti intimoriti dal ricatto della modernit\u00e0, dal nuovo conformismo e dalla \u201cchiara fama\u201d dell\u2019architetto sono tristi, monotone, repulsive, non accoglienti. Invece, ci diceva Gilberto Oneto riferendosi all\u2019architettura (ma forse non solo): <em>\u201cLa tradizione \u00e8 bella, allegra e pittoresca. La tradizione \u00e8 fantasia, invenzione e decorazione. La tradizione \u00e8 profondamente ricca di caratteri simbolici, religiosi e magici, che mancano del tutto nella cultura modernista\u201d.<\/em><\/span><\/p>\n<p style=\"text-align: justify;\">P<span style=\"color: #000000;\">er quanto ovvio, il trionfo del gelido, del non decorato, del bianco funebre, \u00e8 una delle tante espressioni della vittoria del brutto, dell\u2019informe nell\u2019arte moderna, che \u00e8 l\u2019esaltazione dell\u2019inumano, il rifiuto della realt\u00e0, della natura e soprattutto dell\u2019identit\u00e0. Perch\u00e9 certi grattacieli della \u201cnuova\u201d Milano di City Life sono ritorti, curvati, stortignaccoli? L\u2019architetto paesaggista e urbanista Giovanni Simonis ha definito questo mostruosa devastazione di una delle zone storiche e urbanisticamente pi\u00f9 belle e ordinate di Milano, quella della Fiera Campionaria e di piazza Giulio Cesare:\u00a0<\/span><em style=\"font-weight: inherit;\"><span style=\"color: #000000;\">\u201cuna delle pi\u00f9 gravi lesioni alla qualit\u00e0 ambientale architettonica della citt\u00e0 e alla sua particolare antica identit\u00e0. Un progetto inqualificabile per la piazza storica.<\/span>\u201d<\/em><\/p>\n<div id=\"attachment_57397\" style=\"width: 396px\" class=\"wp-caption alignleft\"><img loading=\"lazy\" decoding=\"async\" aria-describedby=\"caption-attachment-57397\" class=\"wp-image-57397\" src=\"https:\/\/www.rassegnastampa-totustuus.it\/cattolica\/wp-content\/uploads\/2023\/11\/architettura_Zaha_Adid.jpg\" alt=\"\" width=\"396\" height=\"264\" \/><p id=\"caption-attachment-57397\" class=\"wp-caption-text\">un&#8217;opera di Zaha Adid<\/p><\/div>\n<p style=\"text-align: justify;\"><span style=\"color: #000000;\">Lo storico dell\u2019arte Philippe Daverio, pi\u00f9 diplomatico, afferm\u00f2 che il progetto <em>\u201cnon dialoga con la nostra storia\u201d,<\/em> ma poi si lasci\u00f2 andare e defin\u00ec quelli progettati dell<em style=\"font-weight: inherit;\">\u2019archistar<\/em> Zaha Adid nei falansteri (ovviamente bianchi) per ricchi costruiti sotto le torri contorte: <em>\u201cbalconi da negozio di profumeria.\u201d<\/em>\u00a0Perch\u00e9 troviamo altre costruzioni con finestre che sembrano essere piazzate sulle facciate del tutto casualmente, come in un gioco di costruzioni di un bambino pazzo? Eppure, Aristotele e San Tommaso ci hanno insegnato che la bellezza \u00e8 anche <em>syn metria,<\/em> <em>debita proportio<\/em> e Luca Pacioli ha scritto un testo titolato, appunto, <\/span><em><span style=\"color: #000000;\">De divina proportione<\/span>.<\/em><\/p>\n<p style=\"text-align: justify;\"><span style=\"color: #000000;\">Perch\u00e9 lo scopo di certa architettura moderna pare essere non l\u2019offerta del bello e del tradizionale nell\u2019abitare, ma quello dello stupire, dello sconvolgere, dell\u2019urtare, del provocare?<\/span><\/p>\n<p style=\"text-align: justify;\"><span style=\"color: #000000;\">\u00c8 triste, ma pi\u00f9 che giustificato, sospettare che l\u2019architettura contemporanea persegua l\u2019eversivo scopo di privarci dell\u2019identit\u00e0, attraverso la distruzione sistematica dei luoghi, delle costruzioni, dei paesaggi che ci indicano da dove veniamo, chi siamo e dove dovremmo andare rispettando la nostra storia. I luoghi non solo\u00a0<em style=\"font-weight: inherit;\">hanno<\/em>\u00a0un\u2019identit\u00e0, ma <em>danno<\/em> anche un\u2019identit\u00e0, una continuit\u00e0, una tradizione, una vista familiare (nel duplice senso di \u201cdella nostra famiglia, della nostra gente\u201d, e di \u201cnoto, conosciuto\u201d). L\u2019architettura moderna vuole privarci questa identit\u00e0. Vuole renderci apolidi, abitanti spaesati (nel senso letterale) di un \u201cnon luogo\u201d che ci priva di radici, di fondamenta, di ancoraggi, di storia, facile preda di mondialismi e globalismi in cui non possiederemo nulla, neppure la memoria, ma c\u2019illuderemo consumisticamente di essere felici<\/span>.<\/p>\n<p style=\"text-align: justify;\"><span style=\"color: #000000;\"><img loading=\"lazy\" decoding=\"async\" class=\" wp-image-57398 alignleft\" src=\"https:\/\/www.rassegnastampa-totustuus.it\/cattolica\/wp-content\/uploads\/2023\/11\/casa_architettura.jpg\" alt=\"\" width=\"353\" height=\"242\" \/>Facciamo una prova per assurdo: le mura delle case tradizionali, degli edifici dei nostri paesi, ma talvolta anche delle nostre citt\u00e0, persino le tanto disprezzate \u201cvillette dei geometri\u201d, spesso ospitano piccole cappellette di Madonne e di Santi, talvolta <em>na\u00eff<\/em> nella loro espressione artistica, ma rispettate e curate dalla piet\u00e0 popolare, sempre ornate di fiori freschi e illuminate da piccoli ceri. I parroci modernisti postconciliari non le sopportano, perch\u00e9, secondo loro, espressioni di sopravvivenze devozionali. Bene, vi immaginate una di queste cappellette inserita nel bianchissimo muro intonacato delle ville degli architetti contemporanei? Certamente no. Non vi sembra significativo?<\/span><\/p>\n<p style=\"text-align: justify;\"><span style=\"color: #000000;\">Tuttavia \u00e8 una faccenda seria: Nikos Sal\u00ecngaros, urbanista antimodernista di fama internazionale, autore di <em>No alle archistar. Il manifesto contro le avanguardie,<\/em> ci mette avvisa: <em>\u201cAccade che certi stili architettonici molto in voga oggi siano di fatto contro natura\u201d. \u201cNon \u00e8 un gioco innocente, l\u2019architettura contemporanea ha radici oscure, persino nichiliste.\u201d<\/em>Anche il grande storico dell\u2019arte Hans Sedlmayr intravvedeva nell\u2019arte moderna tratti antiumani, in cui spesso dominano la morte, il caos e la <em>\u201cfredda demonia del pi\u00f9 profondo gelo infernale\u201d.<\/em> Sar\u00e0 un caso, ma Frank Lloyd Wright, architetto modernista autore della famosa, o famigerata, \u201ccasa sulla cascata\u201d, ovviamente in gran parte bianca, era un attivo seguace dell\u2019occultista e stregone Georges I. Gurdjieff.<\/span><\/p>\n<p style=\"text-align: justify;\"><span style=\"color: #000000;\"><img loading=\"lazy\" decoding=\"async\" class=\"wp-image-57399 alignright\" src=\"https:\/\/www.rassegnastampa-totustuus.it\/cattolica\/wp-content\/uploads\/2023\/11\/architettura_uprising_scandinavia_case.jpg\" alt=\"\" width=\"348\" height=\"264\" \/>Tuttavia, qualche segnale di reazione all\u2019arroganza del modernismo e delle archistar sembra manifestarsi. In Svezia, nel 2014, \u00e8 nato su Facebook un movimento dal basso: <span style=\"color: #0000ff;\"><a style=\"color: #0000ff;\" href=\"https:\/\/www.bloomberg.com\/news\/features\/2023-08-01\/a-scandinavian-uprising-against-modern-architecture\" target=\"_blank\" rel=\"noopener\"><em>Architectural Uprising<\/em><\/a><\/span> (Rivolta architettonica) che si batte contro la \u201cbruttificazione\u201d <em>(\u201cA people\u2019s movement against the continued uglification of our cities\u201d)<\/em> delle citt\u00e0 e dei paesaggi a causa di edifici ultramoderni e minimalisti e a favore dell\u2019architettura tradizionale. In breve tempo, il movimento si \u00e8 diffuso in Norvegia, Danimarca, Finlandia, Germania, Paesi Bassi, Gran Bretagna, radunando sui social pi\u00f9 di centomila cittadini e operando come gruppo di pressione per contrastare la presenza di edifici che confliggono con la storia architettonica locale e favorire stili costruttivi rispettosi della tradizione<\/span>.<\/p>\n<p style=\"text-align: justify;\"><span style=\"color: #000000;\">Ogni anno vengono organizzati sondaggi pubblici per selezionare gli edifici \u201cpi\u00f9 brutti\u201d. L\u2019ultimo ad avere \u201cvinto\u201d come <em>\u201cedificio pi\u00f9 brutto della Norvegia\u201d<\/em> \u00e8 il nuovo Museo nazionale di arte, architettura e design di Oslo, un parallelepipedo con il tetto ricoperto ecologicamente di erba. Il movimento incoraggia anche la \u201cristrutturazione\u201d degli edifici moderni per renderli pi\u00f9 tradizionali. Cos\u00ec, lungo i fiordi norvegesi, numerose moderne abitazioni bianche e squadrate, per nulla integrate nel paesaggio circostante, sono state ristrutturate: sono tornati i tetti spioventi rossi, le forme sono state rese pi\u00f9 morbide e conformi agli stili tradizionali. Cos\u00ec, <em>Architectural Uprising<\/em> si \u00e8 conquistato il diritto di partecipare, anche con un certo peso, alle discussioni locali su nuove costruzioni e sulle ristrutturazioni e, in generale, sulle scelte urbanistiche.<\/span><\/p>\n<p style=\"text-align: justify;\"><span style=\"color: #000000;\">Ovviamente il movimento non \u00e8 amato dagli architetti modernisti e neppure dagli ecologisti, che lo accusano di concentrarsi su <em>\u201caspetti non fondamentali di un edificio, come il suo appunto il suo aspetto esteriore\u201d,<\/em> anzich\u00e9 sulla sostenibilit\u00e0. Gi\u00e0, per gli ecologisti la Bellezza \u00e8 un <em>\u201caspetto non fondamentale\u201d.<\/em> D\u2019altronde l\u2019incomprensione e il disprezzo degli ecologisti per la Bellezza \u00e8 dimostrato anche dai loro attacchi vandalici alle opere d\u2019arte e agli edifici storici e la proterva insistenza con cui vogliono impestare i paesaggi pi\u00f9 belli con le mostruose pale eoliche o gli orribili \u201ccampi\u201d di pannelli fotovoltaici.<\/span><\/p>\n<p style=\"text-align: center;\"><span style=\"color: #000000;\"><strong>* \u00a0*\u00a0 *<\/strong><\/span><\/p>\n<p style=\"text-align: justify;\"><span style=\"color: #000000;\"><img loading=\"lazy\" decoding=\"async\" class=\" wp-image-57400 alignleft\" src=\"https:\/\/www.rassegnastampa-totustuus.it\/cattolica\/wp-content\/uploads\/2023\/11\/architettura_case_liberty.jpg\" alt=\"\" width=\"336\" height=\"262\" \/>Le case dove abitiamo, il loro stile, i loro decori, i loro particolari architettonici, stipiti, balconi, porte, finestre e le loro proporzioni, tetti, comignoli, pavimentazioni degli spazi esterni e cos\u00ec via, non sono casuali, non nascono dal nulla, non sono \u201cinvenzioni di architetti\u201d, sono il frutto dell\u2019esperienza dei nostri avi, della tradizione identitaria, dell\u2019adattamento ai territori e ai paesaggi. Sono civilt\u00e0. La nostra civilt\u00e0. Anche quella delle nostre \u201cpiccole patrie\u201d che rappresentano una ricchezza spesso misconosciuta. Oswald Spengler sosteneva, nel suo <em>Tramonto dell\u2019Occidente,<\/em> che \u00e8 possibile leggere nei lineamenti degli edifici: <em>\u201ci destini di un popolo\u201d<\/em> e <em>\u201cla logica propria dell\u2019immagine del mondo dei loro costruttori\u201d.<\/em> Di pi\u00f9: c\u2019\u00e8 una sacralit\u00e0 nella casa che non pu\u00f2 essere profanata da una brutta architettura, perch\u00e9, scrive Mircea Eliade: <em>\u201cOgni nuova casa che si costruisce imita ancora una volta, e in un certo senso ripete, la Creazione del Mondo\u201d.<\/em> Non per nulla, in tempi civili esistevano riti pagani e poi cristiani per la consacrazione di ogni nuova casa. Ludwig van Beethoven scrisse una bellissima composizione: l\u2019ouverture <em>Die Weihe des Hauses,<\/em> per celebrare, appunto, \u201cLa consacrazione della casa\u201d.<\/span><\/p>\n<p>________________________________<\/p>\n<p><span style=\"color: #000000;\"><strong>Sullo stesso argomento<\/strong>:<\/span><\/p>\n<p><a href=\"https:\/\/www.rassegnastampa-totustuus.it\/cattolica\/oppressione-per-il-corpo-e-distruzione-per-lanima-la-brutta-eredita-del-brutalismo\/\" target=\"_blank\" rel=\"noopener\"><span style=\"color: #0000ff;\">Oppressione per il corpo e distruzione per l\u2019anima: la brutta eredit\u00e0 del brutalismo<\/span><\/a><\/p>\n<p><a href=\"https:\/\/www.rassegnastampa-totustuus.it\/cattolica\/53778\/\" target=\"_blank\" rel=\"noopener\"><span style=\"color: #0000ff;\">&#8220;Maledetti architetti&#8221;<\/span><\/a><\/p>\n","protected":false},"excerpt":{"rendered":"<p>Abstract: Si \u00e8 ormai affermata una architettura da incubo, che nega l&#8217;antico metodo di costruzione delle case. Cubi privi di ogni decorazione\u00a0 progettati da moderne &#8220;archistar&#8221; vorrebbero soppiantare le case con i tradizionali tetti\u00a0 a spiovente e\u00a0 colorate, dai diversi e fantasiosi stili\u00a0 frutto dell\u2019esperienza dei nostri avi, della tradizione identitaria, dell\u2019adattamento ai territori e &hellip; <\/p>\n<p><a class=\"more-link btn\" href=\"https:\/\/www.rassegnastampa-totustuus.it\/cattolica\/architettura-da-incubo-e-bellezza-dellantico\/\">Continua a leggere<\/a><\/p>\n","protected":false},"author":6,"featured_media":57393,"comment_status":"closed","ping_status":"closed","sticky":false,"template":"","format":"standard","meta":{"footnotes":""},"categories":[8,25],"tags":[1437,1597,559,558,1117],"class_list":["post-57392","post","type-post","status-publish","format-standard","has-post-thumbnail","hentry","category-cultura-e-tradizioni","category-sguardo-sul-nostro-tempo","tag-architettura","tag-bellezza","tag-cultura-e-tradizioni-2","tag-sguardo-sul-nostro-tempo-2","tag-tradizione","item-wrap"],"yoast_head":"<!-- This site is optimized with the Yoast SEO plugin v27.5 - https:\/\/yoast.com\/product\/yoast-seo-wordpress\/ -->\n<title>Architettura da incubo e bellezza dell&#039;antico - Rassegna Stampa Cattolica<\/title>\n<meta name=\"description\" content=\"Una architettura da incubo oggi nega la bellezza dell&#039;antico metodo di costruzione delle case e deturpa le citt\u00e0\" \/>\n<meta name=\"robots\" content=\"index, follow, max-snippet:-1, max-image-preview:large, max-video-preview:-1\" \/>\n<link rel=\"canonical\" href=\"https:\/\/www.rassegnastampa-totustuus.it\/cattolica\/architettura-da-incubo-e-bellezza-dellantico\/\" \/>\n<meta property=\"og:locale\" content=\"it_IT\" \/>\n<meta property=\"og:type\" content=\"article\" \/>\n<meta property=\"og:title\" content=\"Architettura da incubo e bellezza dell&#039;antico - Rassegna Stampa Cattolica\" \/>\n<meta property=\"og:description\" content=\"Una architettura da incubo oggi nega la bellezza dell&#039;antico metodo di costruzione delle case e deturpa le citt\u00e0\" \/>\n<meta property=\"og:url\" content=\"https:\/\/www.rassegnastampa-totustuus.it\/cattolica\/architettura-da-incubo-e-bellezza-dellantico\/\" \/>\n<meta property=\"og:site_name\" content=\"Rassegna Stampa Cattolica\" \/>\n<meta property=\"article:publisher\" content=\"https:\/\/www.facebook.com\/rassegnastampacattolica\" \/>\n<meta property=\"article:published_time\" content=\"2023-11-17T18:05:14+00:00\" \/>\n<meta property=\"article:modified_time\" content=\"2023-11-20T14:28:18+00:00\" \/>\n<meta property=\"og:image\" content=\"https:\/\/www.rassegnastampa-totustuus.it\/cattolica\/wp-content\/uploads\/2023\/11\/archiettura_incubo_.jpg\" \/>\n\t<meta property=\"og:image:width\" content=\"214\" \/>\n\t<meta property=\"og:image:height\" content=\"180\" \/>\n\t<meta property=\"og:image:type\" content=\"image\/jpeg\" \/>\n<meta name=\"author\" content=\"Redazione\" \/>\n<meta name=\"twitter:card\" content=\"summary_large_image\" \/>\n<meta name=\"twitter:creator\" content=\"@rassegnastampa9\" \/>\n<meta name=\"twitter:site\" content=\"@rassegnastampa9\" \/>\n<meta name=\"twitter:label1\" content=\"Scritto da\" \/>\n\t<meta name=\"twitter:data1\" content=\"Redazione\" \/>\n\t<meta name=\"twitter:label2\" content=\"Tempo di lettura stimato\" \/>\n\t<meta name=\"twitter:data2\" content=\"16 minuti\" \/>\n<script type=\"application\/ld+json\" class=\"yoast-schema-graph\">{\"@context\":\"https:\\\/\\\/schema.org\",\"@graph\":[{\"@type\":\"Article\",\"@id\":\"https:\\\/\\\/www.rassegnastampa-totustuus.it\\\/cattolica\\\/architettura-da-incubo-e-bellezza-dellantico\\\/#article\",\"isPartOf\":{\"@id\":\"https:\\\/\\\/www.rassegnastampa-totustuus.it\\\/cattolica\\\/architettura-da-incubo-e-bellezza-dellantico\\\/\"},\"author\":{\"name\":\"Redazione\",\"@id\":\"https:\\\/\\\/www.rassegnastampa-totustuus.it\\\/cattolica\\\/#\\\/schema\\\/person\\\/08f319d2bd1a0904ad9e2bfb7b15e5c3\"},\"headline\":\"Architettura da incubo e bellezza dell&#8217;antico\",\"datePublished\":\"2023-11-17T18:05:14+00:00\",\"dateModified\":\"2023-11-20T14:28:18+00:00\",\"mainEntityOfPage\":{\"@id\":\"https:\\\/\\\/www.rassegnastampa-totustuus.it\\\/cattolica\\\/architettura-da-incubo-e-bellezza-dellantico\\\/\"},\"wordCount\":2533,\"publisher\":{\"@id\":\"https:\\\/\\\/www.rassegnastampa-totustuus.it\\\/cattolica\\\/#organization\"},\"image\":{\"@id\":\"https:\\\/\\\/www.rassegnastampa-totustuus.it\\\/cattolica\\\/architettura-da-incubo-e-bellezza-dellantico\\\/#primaryimage\"},\"thumbnailUrl\":\"https:\\\/\\\/www.rassegnastampa-totustuus.it\\\/cattolica\\\/wp-content\\\/uploads\\\/2023\\\/11\\\/archiettura_incubo_.jpg\",\"keywords\":[\"architettura\",\"bellezza\",\"cultura e tradizioni\",\"sguardo sul nostro tempo\",\"tradizione\"],\"articleSection\":[\"Cultura e tradizioni\",\"Sguardo sul nostro tempo\"],\"inLanguage\":\"it-IT\"},{\"@type\":\"WebPage\",\"@id\":\"https:\\\/\\\/www.rassegnastampa-totustuus.it\\\/cattolica\\\/architettura-da-incubo-e-bellezza-dellantico\\\/\",\"url\":\"https:\\\/\\\/www.rassegnastampa-totustuus.it\\\/cattolica\\\/architettura-da-incubo-e-bellezza-dellantico\\\/\",\"name\":\"Architettura da incubo e bellezza dell'antico - Rassegna Stampa Cattolica\",\"isPartOf\":{\"@id\":\"https:\\\/\\\/www.rassegnastampa-totustuus.it\\\/cattolica\\\/#website\"},\"primaryImageOfPage\":{\"@id\":\"https:\\\/\\\/www.rassegnastampa-totustuus.it\\\/cattolica\\\/architettura-da-incubo-e-bellezza-dellantico\\\/#primaryimage\"},\"image\":{\"@id\":\"https:\\\/\\\/www.rassegnastampa-totustuus.it\\\/cattolica\\\/architettura-da-incubo-e-bellezza-dellantico\\\/#primaryimage\"},\"thumbnailUrl\":\"https:\\\/\\\/www.rassegnastampa-totustuus.it\\\/cattolica\\\/wp-content\\\/uploads\\\/2023\\\/11\\\/archiettura_incubo_.jpg\",\"datePublished\":\"2023-11-17T18:05:14+00:00\",\"dateModified\":\"2023-11-20T14:28:18+00:00\",\"description\":\"Una architettura da incubo oggi nega la bellezza dell'antico metodo di costruzione delle case e deturpa le citt\u00e0\",\"breadcrumb\":{\"@id\":\"https:\\\/\\\/www.rassegnastampa-totustuus.it\\\/cattolica\\\/architettura-da-incubo-e-bellezza-dellantico\\\/#breadcrumb\"},\"inLanguage\":\"it-IT\",\"potentialAction\":[{\"@type\":\"ReadAction\",\"target\":[\"https:\\\/\\\/www.rassegnastampa-totustuus.it\\\/cattolica\\\/architettura-da-incubo-e-bellezza-dellantico\\\/\"]}]},{\"@type\":\"ImageObject\",\"inLanguage\":\"it-IT\",\"@id\":\"https:\\\/\\\/www.rassegnastampa-totustuus.it\\\/cattolica\\\/architettura-da-incubo-e-bellezza-dellantico\\\/#primaryimage\",\"url\":\"https:\\\/\\\/www.rassegnastampa-totustuus.it\\\/cattolica\\\/wp-content\\\/uploads\\\/2023\\\/11\\\/archiettura_incubo_.jpg\",\"contentUrl\":\"https:\\\/\\\/www.rassegnastampa-totustuus.it\\\/cattolica\\\/wp-content\\\/uploads\\\/2023\\\/11\\\/archiettura_incubo_.jpg\",\"width\":214,\"height\":180},{\"@type\":\"BreadcrumbList\",\"@id\":\"https:\\\/\\\/www.rassegnastampa-totustuus.it\\\/cattolica\\\/architettura-da-incubo-e-bellezza-dellantico\\\/#breadcrumb\",\"itemListElement\":[{\"@type\":\"ListItem\",\"position\":1,\"name\":\"Home\",\"item\":\"https:\\\/\\\/www.rassegnastampa-totustuus.it\\\/cattolica\\\/\"},{\"@type\":\"ListItem\",\"position\":2,\"name\":\"Architettura da incubo e bellezza dell&#8217;antico\"}]},{\"@type\":\"WebSite\",\"@id\":\"https:\\\/\\\/www.rassegnastampa-totustuus.it\\\/cattolica\\\/#website\",\"url\":\"https:\\\/\\\/www.rassegnastampa-totustuus.it\\\/cattolica\\\/\",\"name\":\"Rassegna Stampa Cattolica\",\"description\":\"Per una cultura che nasce dalla Rivelazione cristiana in conformit\u00e0 alla tradizione e al Magistero della Chiesa in opposizione ad ogni relativismo e totalitarismo\",\"publisher\":{\"@id\":\"https:\\\/\\\/www.rassegnastampa-totustuus.it\\\/cattolica\\\/#organization\"},\"alternateName\":\"Rass. Cattolica\",\"potentialAction\":[{\"@type\":\"SearchAction\",\"target\":{\"@type\":\"EntryPoint\",\"urlTemplate\":\"https:\\\/\\\/www.rassegnastampa-totustuus.it\\\/cattolica\\\/?s={search_term_string}\"},\"query-input\":{\"@type\":\"PropertyValueSpecification\",\"valueRequired\":true,\"valueName\":\"search_term_string\"}}],\"inLanguage\":\"it-IT\"},{\"@type\":\"Organization\",\"@id\":\"https:\\\/\\\/www.rassegnastampa-totustuus.it\\\/cattolica\\\/#organization\",\"name\":\"Rassegna Stampa Cattolica\",\"url\":\"https:\\\/\\\/www.rassegnastampa-totustuus.it\\\/cattolica\\\/\",\"logo\":{\"@type\":\"ImageObject\",\"inLanguage\":\"it-IT\",\"@id\":\"https:\\\/\\\/www.rassegnastampa-totustuus.it\\\/cattolica\\\/#\\\/schema\\\/logo\\\/image\\\/\",\"url\":\"https:\\\/\\\/www.rassegnastampa-totustuus.it\\\/cattolica\\\/wp-content\\\/uploads\\\/2014\\\/04\\\/logo-rassegna1.gif\",\"contentUrl\":\"https:\\\/\\\/www.rassegnastampa-totustuus.it\\\/cattolica\\\/wp-content\\\/uploads\\\/2014\\\/04\\\/logo-rassegna1.gif\",\"width\":600,\"height\":163,\"caption\":\"Rassegna Stampa Cattolica\"},\"image\":{\"@id\":\"https:\\\/\\\/www.rassegnastampa-totustuus.it\\\/cattolica\\\/#\\\/schema\\\/logo\\\/image\\\/\"},\"sameAs\":[\"https:\\\/\\\/www.facebook.com\\\/rassegnastampacattolica\",\"https:\\\/\\\/x.com\\\/rassegnastampa9\"]},{\"@type\":\"Person\",\"@id\":\"https:\\\/\\\/www.rassegnastampa-totustuus.it\\\/cattolica\\\/#\\\/schema\\\/person\\\/08f319d2bd1a0904ad9e2bfb7b15e5c3\",\"name\":\"Redazione\",\"image\":{\"@type\":\"ImageObject\",\"inLanguage\":\"it-IT\",\"@id\":\"https:\\\/\\\/secure.gravatar.com\\\/avatar\\\/2fcdf27c78ea025fbdb44e914cc63c72249ffec9dc8aafd5c82b26240ef3f346?s=96&d=mm&r=g\",\"url\":\"https:\\\/\\\/secure.gravatar.com\\\/avatar\\\/2fcdf27c78ea025fbdb44e914cc63c72249ffec9dc8aafd5c82b26240ef3f346?s=96&d=mm&r=g\",\"contentUrl\":\"https:\\\/\\\/secure.gravatar.com\\\/avatar\\\/2fcdf27c78ea025fbdb44e914cc63c72249ffec9dc8aafd5c82b26240ef3f346?s=96&d=mm&r=g\",\"caption\":\"Redazione\"},\"url\":\"https:\\\/\\\/www.rassegnastampa-totustuus.it\\\/cattolica\\\/author\\\/pietroelle\\\/\"}]}<\/script>\n<!-- \/ Yoast SEO plugin. -->","yoast_head_json":{"title":"Architettura da incubo e bellezza dell'antico - Rassegna Stampa Cattolica","description":"Una architettura da incubo oggi nega la bellezza dell'antico metodo di costruzione delle case e deturpa le citt\u00e0","robots":{"index":"index","follow":"follow","max-snippet":"max-snippet:-1","max-image-preview":"max-image-preview:large","max-video-preview":"max-video-preview:-1"},"canonical":"https:\/\/www.rassegnastampa-totustuus.it\/cattolica\/architettura-da-incubo-e-bellezza-dellantico\/","og_locale":"it_IT","og_type":"article","og_title":"Architettura da incubo e bellezza dell'antico - Rassegna Stampa Cattolica","og_description":"Una architettura da incubo oggi nega la bellezza dell'antico metodo di costruzione delle case e deturpa le citt\u00e0","og_url":"https:\/\/www.rassegnastampa-totustuus.it\/cattolica\/architettura-da-incubo-e-bellezza-dellantico\/","og_site_name":"Rassegna Stampa Cattolica","article_publisher":"https:\/\/www.facebook.com\/rassegnastampacattolica","article_published_time":"2023-11-17T18:05:14+00:00","article_modified_time":"2023-11-20T14:28:18+00:00","og_image":[{"width":214,"height":180,"url":"https:\/\/www.rassegnastampa-totustuus.it\/cattolica\/wp-content\/uploads\/2023\/11\/archiettura_incubo_.jpg","type":"image\/jpeg"}],"author":"Redazione","twitter_card":"summary_large_image","twitter_creator":"@rassegnastampa9","twitter_site":"@rassegnastampa9","twitter_misc":{"Scritto da":"Redazione","Tempo di lettura stimato":"16 minuti"},"schema":{"@context":"https:\/\/schema.org","@graph":[{"@type":"Article","@id":"https:\/\/www.rassegnastampa-totustuus.it\/cattolica\/architettura-da-incubo-e-bellezza-dellantico\/#article","isPartOf":{"@id":"https:\/\/www.rassegnastampa-totustuus.it\/cattolica\/architettura-da-incubo-e-bellezza-dellantico\/"},"author":{"name":"Redazione","@id":"https:\/\/www.rassegnastampa-totustuus.it\/cattolica\/#\/schema\/person\/08f319d2bd1a0904ad9e2bfb7b15e5c3"},"headline":"Architettura da incubo e bellezza dell&#8217;antico","datePublished":"2023-11-17T18:05:14+00:00","dateModified":"2023-11-20T14:28:18+00:00","mainEntityOfPage":{"@id":"https:\/\/www.rassegnastampa-totustuus.it\/cattolica\/architettura-da-incubo-e-bellezza-dellantico\/"},"wordCount":2533,"publisher":{"@id":"https:\/\/www.rassegnastampa-totustuus.it\/cattolica\/#organization"},"image":{"@id":"https:\/\/www.rassegnastampa-totustuus.it\/cattolica\/architettura-da-incubo-e-bellezza-dellantico\/#primaryimage"},"thumbnailUrl":"https:\/\/www.rassegnastampa-totustuus.it\/cattolica\/wp-content\/uploads\/2023\/11\/archiettura_incubo_.jpg","keywords":["architettura","bellezza","cultura e tradizioni","sguardo sul nostro tempo","tradizione"],"articleSection":["Cultura e tradizioni","Sguardo sul nostro tempo"],"inLanguage":"it-IT"},{"@type":"WebPage","@id":"https:\/\/www.rassegnastampa-totustuus.it\/cattolica\/architettura-da-incubo-e-bellezza-dellantico\/","url":"https:\/\/www.rassegnastampa-totustuus.it\/cattolica\/architettura-da-incubo-e-bellezza-dellantico\/","name":"Architettura da incubo e bellezza dell'antico - Rassegna Stampa Cattolica","isPartOf":{"@id":"https:\/\/www.rassegnastampa-totustuus.it\/cattolica\/#website"},"primaryImageOfPage":{"@id":"https:\/\/www.rassegnastampa-totustuus.it\/cattolica\/architettura-da-incubo-e-bellezza-dellantico\/#primaryimage"},"image":{"@id":"https:\/\/www.rassegnastampa-totustuus.it\/cattolica\/architettura-da-incubo-e-bellezza-dellantico\/#primaryimage"},"thumbnailUrl":"https:\/\/www.rassegnastampa-totustuus.it\/cattolica\/wp-content\/uploads\/2023\/11\/archiettura_incubo_.jpg","datePublished":"2023-11-17T18:05:14+00:00","dateModified":"2023-11-20T14:28:18+00:00","description":"Una architettura da incubo oggi nega la bellezza dell'antico metodo di costruzione delle case e deturpa le citt\u00e0","breadcrumb":{"@id":"https:\/\/www.rassegnastampa-totustuus.it\/cattolica\/architettura-da-incubo-e-bellezza-dellantico\/#breadcrumb"},"inLanguage":"it-IT","potentialAction":[{"@type":"ReadAction","target":["https:\/\/www.rassegnastampa-totustuus.it\/cattolica\/architettura-da-incubo-e-bellezza-dellantico\/"]}]},{"@type":"ImageObject","inLanguage":"it-IT","@id":"https:\/\/www.rassegnastampa-totustuus.it\/cattolica\/architettura-da-incubo-e-bellezza-dellantico\/#primaryimage","url":"https:\/\/www.rassegnastampa-totustuus.it\/cattolica\/wp-content\/uploads\/2023\/11\/archiettura_incubo_.jpg","contentUrl":"https:\/\/www.rassegnastampa-totustuus.it\/cattolica\/wp-content\/uploads\/2023\/11\/archiettura_incubo_.jpg","width":214,"height":180},{"@type":"BreadcrumbList","@id":"https:\/\/www.rassegnastampa-totustuus.it\/cattolica\/architettura-da-incubo-e-bellezza-dellantico\/#breadcrumb","itemListElement":[{"@type":"ListItem","position":1,"name":"Home","item":"https:\/\/www.rassegnastampa-totustuus.it\/cattolica\/"},{"@type":"ListItem","position":2,"name":"Architettura da incubo e bellezza dell&#8217;antico"}]},{"@type":"WebSite","@id":"https:\/\/www.rassegnastampa-totustuus.it\/cattolica\/#website","url":"https:\/\/www.rassegnastampa-totustuus.it\/cattolica\/","name":"Rassegna Stampa Cattolica","description":"Per una cultura che nasce dalla Rivelazione cristiana in conformit\u00e0 alla tradizione e al Magistero della Chiesa in opposizione ad ogni relativismo e totalitarismo","publisher":{"@id":"https:\/\/www.rassegnastampa-totustuus.it\/cattolica\/#organization"},"alternateName":"Rass. Cattolica","potentialAction":[{"@type":"SearchAction","target":{"@type":"EntryPoint","urlTemplate":"https:\/\/www.rassegnastampa-totustuus.it\/cattolica\/?s={search_term_string}"},"query-input":{"@type":"PropertyValueSpecification","valueRequired":true,"valueName":"search_term_string"}}],"inLanguage":"it-IT"},{"@type":"Organization","@id":"https:\/\/www.rassegnastampa-totustuus.it\/cattolica\/#organization","name":"Rassegna Stampa Cattolica","url":"https:\/\/www.rassegnastampa-totustuus.it\/cattolica\/","logo":{"@type":"ImageObject","inLanguage":"it-IT","@id":"https:\/\/www.rassegnastampa-totustuus.it\/cattolica\/#\/schema\/logo\/image\/","url":"https:\/\/www.rassegnastampa-totustuus.it\/cattolica\/wp-content\/uploads\/2014\/04\/logo-rassegna1.gif","contentUrl":"https:\/\/www.rassegnastampa-totustuus.it\/cattolica\/wp-content\/uploads\/2014\/04\/logo-rassegna1.gif","width":600,"height":163,"caption":"Rassegna Stampa Cattolica"},"image":{"@id":"https:\/\/www.rassegnastampa-totustuus.it\/cattolica\/#\/schema\/logo\/image\/"},"sameAs":["https:\/\/www.facebook.com\/rassegnastampacattolica","https:\/\/x.com\/rassegnastampa9"]},{"@type":"Person","@id":"https:\/\/www.rassegnastampa-totustuus.it\/cattolica\/#\/schema\/person\/08f319d2bd1a0904ad9e2bfb7b15e5c3","name":"Redazione","image":{"@type":"ImageObject","inLanguage":"it-IT","@id":"https:\/\/secure.gravatar.com\/avatar\/2fcdf27c78ea025fbdb44e914cc63c72249ffec9dc8aafd5c82b26240ef3f346?s=96&d=mm&r=g","url":"https:\/\/secure.gravatar.com\/avatar\/2fcdf27c78ea025fbdb44e914cc63c72249ffec9dc8aafd5c82b26240ef3f346?s=96&d=mm&r=g","contentUrl":"https:\/\/secure.gravatar.com\/avatar\/2fcdf27c78ea025fbdb44e914cc63c72249ffec9dc8aafd5c82b26240ef3f346?s=96&d=mm&r=g","caption":"Redazione"},"url":"https:\/\/www.rassegnastampa-totustuus.it\/cattolica\/author\/pietroelle\/"}]}},"_links":{"self":[{"href":"https:\/\/www.rassegnastampa-totustuus.it\/cattolica\/wp-json\/wp\/v2\/posts\/57392","targetHints":{"allow":["GET"]}}],"collection":[{"href":"https:\/\/www.rassegnastampa-totustuus.it\/cattolica\/wp-json\/wp\/v2\/posts"}],"about":[{"href":"https:\/\/www.rassegnastampa-totustuus.it\/cattolica\/wp-json\/wp\/v2\/types\/post"}],"author":[{"embeddable":true,"href":"https:\/\/www.rassegnastampa-totustuus.it\/cattolica\/wp-json\/wp\/v2\/users\/6"}],"replies":[{"embeddable":true,"href":"https:\/\/www.rassegnastampa-totustuus.it\/cattolica\/wp-json\/wp\/v2\/comments?post=57392"}],"version-history":[{"count":6,"href":"https:\/\/www.rassegnastampa-totustuus.it\/cattolica\/wp-json\/wp\/v2\/posts\/57392\/revisions"}],"predecessor-version":[{"id":57444,"href":"https:\/\/www.rassegnastampa-totustuus.it\/cattolica\/wp-json\/wp\/v2\/posts\/57392\/revisions\/57444"}],"wp:featuredmedia":[{"embeddable":true,"href":"https:\/\/www.rassegnastampa-totustuus.it\/cattolica\/wp-json\/wp\/v2\/media\/57393"}],"wp:attachment":[{"href":"https:\/\/www.rassegnastampa-totustuus.it\/cattolica\/wp-json\/wp\/v2\/media?parent=57392"}],"wp:term":[{"taxonomy":"category","embeddable":true,"href":"https:\/\/www.rassegnastampa-totustuus.it\/cattolica\/wp-json\/wp\/v2\/categories?post=57392"},{"taxonomy":"post_tag","embeddable":true,"href":"https:\/\/www.rassegnastampa-totustuus.it\/cattolica\/wp-json\/wp\/v2\/tags?post=57392"}],"curies":[{"name":"wp","href":"https:\/\/api.w.org\/{rel}","templated":true}]}}