{"id":5739,"date":"2013-10-08T03:38:46","date_gmt":"2013-10-08T01:38:46","guid":{"rendered":""},"modified":"2016-03-24T10:35:36","modified_gmt":"2016-03-24T09:35:36","slug":"la-poca-scienza-dei-libri-di-scienze","status":"publish","type":"post","link":"https:\/\/www.rassegnastampa-totustuus.it\/cattolica\/la-poca-scienza-dei-libri-di-scienze\/","title":{"rendered":"La poca scienza dei libri di scienze"},"content":{"rendered":"<div style=\"text-align: center;\"><img loading=\"lazy\" decoding=\"async\" class=\"alignleft wp-image-32197\" src=\"https:\/\/www.rassegnastampa-totustuus.it\/cattolica\/wp-content\/uploads\/2013\/10\/libri_scienze.jpg\" alt=\"libri_scienze\" width=\"250\" height=\"162\" \/>Per <strong>Rassegna Stampa<\/strong> ottobre 2013<\/div>\n<p style=\"text-align: justify;\"><em><strong>Padre Paolo De Lisi,<\/strong> laureato in fisica, \u00e8 sacerdote dei Servi di Maria ed \u00e8 parroco a Massa. Ha insegnato nelle scuole superiori e ha scritto un bell\u2019articolo testo sul <strong><a href=\"modules.php?name=News&amp;file=article&amp;sid=5388\" target=\"_self\">darwinismo per Studi cattolici<\/a><\/strong>. Quello che segue \u00e8 il testo di una \u201cchiacchierata\u201d con i suoi allievi<br \/>\n<\/em><\/p>\n<p style=\"text-align: center;\">\n<p style=\"text-align: center;\"><strong>LA POCA SCIENZA DEI LIBRI DI SCIENZE<\/strong><\/p>\n<p style=\"text-align: center;\"><em>Come predisporre i nostri ragazzi all\u2019ateismo<\/em><\/p>\n<p><!--more--><\/p>\n<div style=\"text-align: justify;\">Cari ragazzi,<\/div>\n<p style=\"text-align: justify;\">mi \u00e8 capitato fra le mani il testo di <em>Scienze<\/em> in uso in una delle scuole da voi frequentate qui in zona. Belle esposizioni, belle immagini, argomenti trattati con linguaggio adatto a voi, capitoli ben organizzati, esercitazioni ecc.<\/p>\n<p style=\"text-align: justify;\">La materia, lo dico con sincerit\u00e0, \u00e8 trattata con buona competenza. Tutto bene allora? Purtroppo no. C\u2019\u00e8 infatti un argomento sul quale avrei molte cose da dirvi: \u00e8 il capitolo sulla cosiddetta\u00a0 <em>Evoluzione delle specie.<\/em> Lo spazio non mi consente di scendere in dettaglio, ma cercher\u00f2 di farvi vedere come, su questo complesso argomento, alcuni i libri si dimenticano della scienza <em>vera<\/em> e si dilungano in concetti e teorie incerte per non dire completamente <em>false<\/em>.<\/p>\n<p style=\"text-align: justify;\">E questo non lo dico io, ma lo dicono molti scienziati che da tempo alzano la voce contro la diffusione di una cultura scientifica approssimata e presuntuosa: questa non \u00e8 <em>vera <\/em>scienza, perch\u00e9 non si basa sui fatti osservati ma su ipotesi <em>non dimostrate<\/em>. Serve solo a farvi credere, cari ragazzi, che non c\u2019\u00e8 bisogno di Dio per spiegare il mistero della vita.<\/p>\n<p style=\"text-align: justify;\">Citer\u00f2 solo qualche passo di questo testo,e dimostrer\u00f2, non per mio parere ma in base alle affermazioni di importanti scienziati, l\u2019inesattezza del vostro libro, che si intitola: <strong><em>Progetto Leonardo<\/em><\/strong> di Gianfranco Bo e AininoCabona \u2013 Vol. B: <em>Gli esseri viventi \u2013 <\/em><strong>Edizioni Paravia. (<\/strong>Testo per le scuole medie inferiori).<\/p>\n<p style=\"text-align: justify;\">Andiamo a pag. 50. Sottotitolo: <strong>I fossili dimostrano che gli esseri viventi si trasformano nel corso di milioni di anni. <\/strong>Spiegazione: <em>\u201c[ \u2026] I cambiamenti avvengono a piccoli passi ma, nel corso di milioni di anni, tante piccole modifiche possono dar luogo a una grande trasformazione. L\u2019insieme di queste trasformazioni si chiama <strong>evoluzione. <\/strong>[ \u2026]<\/em><\/p>\n<p style=\"text-align: justify;\">Ma \u00e8 proprio cos\u00ec? Cosa dicono in realt\u00e0 i fossili?<\/p>\n<p style=\"text-align: justify;\">Se fosse vero che le specie si sarebbero trasformate in altre pi\u00f9 complesse attraverso piccole modifiche graduali durate milioni di anni, dovremmo trovare nei fossili migliaia di forme intermedie con strutture ed organi in via di formazione. Niente di tutto questo! Le specie infatti compaiono all\u2019improvviso e perfettamente formate. Notevole \u00e8 il caso dell\u2019esplosione <em>cambriana<\/em> (circa 600 milioni di anni fa): migliaia di specie perfettamente sviluppate e complete compaiono quasi all\u2019improvviso e senza avere alcun \u201cpredecessore\u201d!<\/p>\n<p style=\"text-align: justify;\">Ci sono inoltre molte specie fossili datate milioni di anni che sono rimaste identiche fino ad oggi: non si sono mai evolute! Tipico caso \u00e8 il <em>celacanto: <\/em>questo \u201cfossile vivente\u201d \u00e8 rimasto tale e quale senza evolversi per milioni di anni fino ad oggi; e non \u00e8 l\u2019unico caso. Sentiamo che dice uno scienziato:<\/p>\n<p style=\"text-align: justify;\"><strong><em>\u201cInvece che linee continue e graduali che collegano tutti i tipi di organismi dai pi\u00f9 semplici ai pi\u00f9 complessi, si trovano improvvise apparizioni di organismi gi\u00e0 perfettamente formati, improvvise estinzioni, lunghi periodi di stasi senza alcuna evoluzione, rapide innovazioni seguite vuoti di milioni di anni. Inoltre le famose forme di transizione non appaiono affatto nella testimonianza fossile ma tutte le specie sono completamente formate e complete in tutte le loro parti\u201d.<\/em><\/strong>[cfr. Prof. <strong>valentine<\/strong>(2004, p. 31, 35) [On the Origin of Phyla, Chicago e Londra].<\/p>\n<p style=\"text-align: justify;\">Nella stessa\u00a0 pagina del vostro libro &#8211; figura in basso &#8211; \u00e8 disegnato il cosiddetto <strong>\u201c<em>albero dell\u2019evoluzione dai rettili primitivi, ai rettili attuali, agli uccelli e ai mammiferi\u201d<\/em><\/strong>. Si tratta di un disegno scientificamente <em>falso<\/em>. I collegamenti fra le specie illustrate sono solo <em>fantasia<\/em>, non c\u2019\u00e8 <strong>alcuna prova<\/strong> di quelle discendenze [Per es. il cosiddetto <em>Archeopteryx <\/em>che sarebbe \u201c<strong><em>grande come un corvo, aveva scheletro di rettile e penne d\u2019uccello\u201d<\/em><\/strong>non \u00e8 affatto\u201cmet\u00e0 rettile e met\u00e0 uccello\u201d, come vorrebbero farvi credere. Varie scoperte, anche recenti, hanno smentito questa ipotesi e c\u2019\u00e8 un\u2019accesa discussione tra gli scienziati: per alcuni sarebbe solo una specie estinta di uccello, per altri una specie estinta di rettile, per altri\u2026 boh.] Che confusione!<\/p>\n<p style=\"text-align: justify;\">Tranquilli allora ragazzi: l\u2019<em>uccellosauro<\/em> non \u00e8 mai esistito, se non nei vostri simpatici videogiochi.<\/p>\n<p style=\"text-align: justify;\">Andiamo ora a pag. 243 dove si parla dell\u2019evoluzione dell\u2019uomo. Qui leggiamo: \u201c<strong><em>Oggi, grazie allo studio dei fossili e l\u2019analisi delle somiglianze nel DNA, sappiamo \u00abcon certezza\u00bb<\/em> [?!]<em> che l\u2019uomo e le scimmie hanno effettivamente un antenato comune, qualche antichissima specie di primate, oggi estinto\u201d.<\/em><\/strong>Segue poi la solita classica figura che mostra quello che sarebbe stato il cammino dell\u2019evoluzione dell\u2019uomo, da un misterioso \u201cantenato comune\u201d fino alle scimmie e poi a noi. Anche questo \u201calbero\u201d \u00e8 pura <em>invenzione<\/em>: i rami disegnati non esistono in natura ma si possono solo immaginare.<\/p>\n<p style=\"text-align: justify;\">In realt\u00e0, invece, i fossili dei cosiddetti <em>ominidi<\/em> (specie umane o pre-umane estinte) provano che essi <strong>non derivano dalle scimmie,<\/strong> ma si sviluppano in modo <strong>isolato<\/strong> e completamente <strong>staccato<\/strong> dalle ipotetiche \u201cscimmie ancestrali\u201d: lo dice un grande scienziato che ha speso tutta la vita nella ricerca delle origini dell\u2019uomo: <strong>Yves Coppens <\/strong>(cfr. Jaka Book, Milano1986), che \u00e8 stato Professore al Museo nazionale di Storia Naturale di Parigi.<\/p>\n<p style=\"text-align: justify;\">Se esista o no qualche \u201cprogenitore\u201d della specie umana <strong>non si sa<\/strong> perch\u00e9 tutte le ricerche in diversi campi dalla scienza non hanno saputo dare alcuna risposta. Pensate: sono state proposte oltre una <strong>diecina<\/strong> di ipotesi, tutte <strong>diverse<\/strong>, sull\u2019origine del genere <em>Homo<\/em> (cio\u00e8 quelle specie, anche estinte, sicuramente umane). Anche qui, che caos!<\/p>\n<p style=\"text-align: justify;\">Dicono Junker &amp;Schereer, due importanti scienziati tedeschi (cfr. Gribaudi, Milano, 2007): <strong>\u201c<em>Alla fine l\u2019albero \u00e8 diventato un cespuglio la cui densit\u00e0, ad ogni nuovo ritrovamento diviene sempre pi\u00f9 impenetrabile<\/em>\u201d.<\/strong><\/p>\n<p style=\"text-align: justify;\">Caro Darwin, ipotizzando una linea diretta che da un antenato scimmiesco avrebbe condotto all\u2019uomo, ti sei sbagliato, e di grosso!<\/p>\n<p style=\"text-align: justify;\">Non temete ragazzi: <em>non discendiamo dalle scimmie<\/em> e nemmeno da qualche misterioso antico animale. Da che mondo \u00e8 mondo l\u2019uomo \u00e8 sempre stato uomo, ma attenti bene: questo non velo dice solo il catechismo (se lo avete frequentato attentamente) ma lo dice proprio <strong>la scienza<\/strong> (quella <em>vera<\/em>, che si basa sui fatti e non sulle pi\u00f9 fantasiose <em>ipotesi<\/em>).<\/p>\n<p style=\"text-align: justify;\">Diceva uno scienziato italiano di fama mondiale, il genetista G. Sermonti (1983): \u201c<strong><em>Nessuna forma (uomo compreso) \u00e8 [\u2026] forma derivata o migliorata rispetto a un qualche progenitore \u00abprimitivo\u00bb. L\u2019uomo non deriva dai primati (nello stesso modo in cui gli uccelli non derivano dai rettili) se non nel senso ingannevole in cui una qualsiasi forma pu\u00f2 essere considerata derivata \u00abdal\u00bb pi\u00f9 vasto gruppo cui appartiene. [\u2026]\u00a0 Noi abbiamo dato nomi alle forme preumane. Li abbiamo chiamati uomo-scimmia, subumani oppure bruti. Ma essi sono mai esistiti, o piuttosto non appartengono a una mitologia ormai scomparsa?\u201d<\/em><\/strong><\/p>\n<p style=\"text-align: justify;\">Parlatene con i vostri insegnanti di scienze e fate vedere che non siete proprio degli sprovveduti!<\/p>\n","protected":false},"excerpt":{"rendered":"<p>Per Rassegna Stampa ottobre 2013 Padre Paolo De Lisi, laureato in fisica, \u00e8 sacerdote dei Servi di Maria ed \u00e8 parroco a Massa. Ha insegnato nelle scuole superiori e ha scritto un bell\u2019articolo testo sul darwinismo per Studi cattolici. Quello che segue \u00e8 il testo di una \u201cchiacchierata\u201d con i suoi allievi LA POCA SCIENZA &hellip; <\/p>\n<p><a class=\"more-link btn\" href=\"https:\/\/www.rassegnastampa-totustuus.it\/cattolica\/la-poca-scienza-dei-libri-di-scienze\/\">Continua a leggere<\/a><\/p>\n","protected":false},"author":6,"featured_media":32197,"comment_status":"closed","ping_status":"open","sticky":false,"template":"","format":"standard","meta":{"footnotes":""},"categories":[51,23],"tags":[751,849,233],"class_list":["post-5739","post","type-post","status-publish","format-standard","has-post-thumbnail","hentry","category-evoluzionismo","category-scuola-ed-educazione","tag-darwinismo","tag-libri-di-testo","tag-scuola","item-wrap"],"yoast_head":"<!-- This site is optimized with the Yoast SEO plugin v27.5 - https:\/\/yoast.com\/product\/yoast-seo-wordpress\/ -->\n<title>La poca scienza dei libri di scienze - Rassegna Stampa Cattolica<\/title>\n<meta name=\"description\" content=\"Rassegna Stampa Cattolica - Per una cultura che nasce dalla Rivelazione cristiana in conformit\u00e0 alla tradizione e al Magistero della Chiesa in opposizione ad ogni relativismo e totalitarismo\" \/>\n<meta name=\"robots\" content=\"index, follow, max-snippet:-1, max-image-preview:large, max-video-preview:-1\" \/>\n<link rel=\"canonical\" href=\"https:\/\/www.rassegnastampa-totustuus.it\/cattolica\/la-poca-scienza-dei-libri-di-scienze\/\" \/>\n<meta property=\"og:locale\" content=\"it_IT\" \/>\n<meta property=\"og:type\" content=\"article\" \/>\n<meta property=\"og:title\" content=\"La poca scienza dei libri di scienze - Rassegna Stampa Cattolica\" \/>\n<meta property=\"og:description\" content=\"Rassegna Stampa Cattolica - Per una cultura che nasce dalla Rivelazione cristiana in conformit\u00e0 alla tradizione e al Magistero della Chiesa in opposizione ad ogni relativismo e totalitarismo\" \/>\n<meta property=\"og:url\" content=\"https:\/\/www.rassegnastampa-totustuus.it\/cattolica\/la-poca-scienza-dei-libri-di-scienze\/\" \/>\n<meta property=\"og:site_name\" content=\"Rassegna Stampa Cattolica\" \/>\n<meta property=\"article:publisher\" content=\"https:\/\/www.facebook.com\/rassegnastampacattolica\" \/>\n<meta property=\"article:published_time\" content=\"2013-10-08T01:38:46+00:00\" \/>\n<meta property=\"article:modified_time\" content=\"2016-03-24T09:35:36+00:00\" \/>\n<meta property=\"og:image\" content=\"https:\/\/www.rassegnastampa-totustuus.it\/cattolica\/wp-content\/uploads\/2013\/10\/libri_scienze.jpg\" \/>\n\t<meta property=\"og:image:width\" content=\"279\" \/>\n\t<meta property=\"og:image:height\" content=\"181\" \/>\n\t<meta property=\"og:image:type\" content=\"image\/jpeg\" \/>\n<meta name=\"author\" content=\"Redazione\" \/>\n<meta name=\"twitter:card\" content=\"summary_large_image\" \/>\n<meta name=\"twitter:creator\" content=\"@rassegnastampa9\" \/>\n<meta name=\"twitter:site\" content=\"@rassegnastampa9\" \/>\n<meta name=\"twitter:label1\" content=\"Scritto da\" \/>\n\t<meta name=\"twitter:data1\" content=\"Redazione\" \/>\n\t<meta name=\"twitter:label2\" content=\"Tempo di lettura stimato\" \/>\n\t<meta name=\"twitter:data2\" content=\"6 minuti\" \/>\n<script type=\"application\/ld+json\" class=\"yoast-schema-graph\">{\"@context\":\"https:\\\/\\\/schema.org\",\"@graph\":[{\"@type\":\"Article\",\"@id\":\"https:\\\/\\\/www.rassegnastampa-totustuus.it\\\/cattolica\\\/la-poca-scienza-dei-libri-di-scienze\\\/#article\",\"isPartOf\":{\"@id\":\"https:\\\/\\\/www.rassegnastampa-totustuus.it\\\/cattolica\\\/la-poca-scienza-dei-libri-di-scienze\\\/\"},\"author\":{\"name\":\"Redazione\",\"@id\":\"https:\\\/\\\/www.rassegnastampa-totustuus.it\\\/cattolica\\\/#\\\/schema\\\/person\\\/08f319d2bd1a0904ad9e2bfb7b15e5c3\"},\"headline\":\"La poca scienza dei libri di scienze\",\"datePublished\":\"2013-10-08T01:38:46+00:00\",\"dateModified\":\"2016-03-24T09:35:36+00:00\",\"mainEntityOfPage\":{\"@id\":\"https:\\\/\\\/www.rassegnastampa-totustuus.it\\\/cattolica\\\/la-poca-scienza-dei-libri-di-scienze\\\/\"},\"wordCount\":1125,\"publisher\":{\"@id\":\"https:\\\/\\\/www.rassegnastampa-totustuus.it\\\/cattolica\\\/#organization\"},\"image\":{\"@id\":\"https:\\\/\\\/www.rassegnastampa-totustuus.it\\\/cattolica\\\/la-poca-scienza-dei-libri-di-scienze\\\/#primaryimage\"},\"thumbnailUrl\":\"https:\\\/\\\/www.rassegnastampa-totustuus.it\\\/cattolica\\\/wp-content\\\/uploads\\\/2013\\\/10\\\/libri_scienze.jpg\",\"keywords\":[\"darwinismo\",\"libri di testo\",\"scuola\"],\"articleSection\":[\"Evoluzionismo\",\"Scuola ed educazione\"],\"inLanguage\":\"it-IT\"},{\"@type\":\"WebPage\",\"@id\":\"https:\\\/\\\/www.rassegnastampa-totustuus.it\\\/cattolica\\\/la-poca-scienza-dei-libri-di-scienze\\\/\",\"url\":\"https:\\\/\\\/www.rassegnastampa-totustuus.it\\\/cattolica\\\/la-poca-scienza-dei-libri-di-scienze\\\/\",\"name\":\"La poca scienza dei libri di scienze - Rassegna Stampa Cattolica\",\"isPartOf\":{\"@id\":\"https:\\\/\\\/www.rassegnastampa-totustuus.it\\\/cattolica\\\/#website\"},\"primaryImageOfPage\":{\"@id\":\"https:\\\/\\\/www.rassegnastampa-totustuus.it\\\/cattolica\\\/la-poca-scienza-dei-libri-di-scienze\\\/#primaryimage\"},\"image\":{\"@id\":\"https:\\\/\\\/www.rassegnastampa-totustuus.it\\\/cattolica\\\/la-poca-scienza-dei-libri-di-scienze\\\/#primaryimage\"},\"thumbnailUrl\":\"https:\\\/\\\/www.rassegnastampa-totustuus.it\\\/cattolica\\\/wp-content\\\/uploads\\\/2013\\\/10\\\/libri_scienze.jpg\",\"datePublished\":\"2013-10-08T01:38:46+00:00\",\"dateModified\":\"2016-03-24T09:35:36+00:00\",\"description\":\"Rassegna Stampa Cattolica - Per una cultura che nasce dalla Rivelazione cristiana in conformit\u00e0 alla tradizione e al Magistero della Chiesa in opposizione ad ogni relativismo e totalitarismo\",\"breadcrumb\":{\"@id\":\"https:\\\/\\\/www.rassegnastampa-totustuus.it\\\/cattolica\\\/la-poca-scienza-dei-libri-di-scienze\\\/#breadcrumb\"},\"inLanguage\":\"it-IT\",\"potentialAction\":[{\"@type\":\"ReadAction\",\"target\":[\"https:\\\/\\\/www.rassegnastampa-totustuus.it\\\/cattolica\\\/la-poca-scienza-dei-libri-di-scienze\\\/\"]}]},{\"@type\":\"ImageObject\",\"inLanguage\":\"it-IT\",\"@id\":\"https:\\\/\\\/www.rassegnastampa-totustuus.it\\\/cattolica\\\/la-poca-scienza-dei-libri-di-scienze\\\/#primaryimage\",\"url\":\"https:\\\/\\\/www.rassegnastampa-totustuus.it\\\/cattolica\\\/wp-content\\\/uploads\\\/2013\\\/10\\\/libri_scienze.jpg\",\"contentUrl\":\"https:\\\/\\\/www.rassegnastampa-totustuus.it\\\/cattolica\\\/wp-content\\\/uploads\\\/2013\\\/10\\\/libri_scienze.jpg\",\"width\":279,\"height\":181},{\"@type\":\"BreadcrumbList\",\"@id\":\"https:\\\/\\\/www.rassegnastampa-totustuus.it\\\/cattolica\\\/la-poca-scienza-dei-libri-di-scienze\\\/#breadcrumb\",\"itemListElement\":[{\"@type\":\"ListItem\",\"position\":1,\"name\":\"Home\",\"item\":\"https:\\\/\\\/www.rassegnastampa-totustuus.it\\\/cattolica\\\/\"},{\"@type\":\"ListItem\",\"position\":2,\"name\":\"La poca scienza dei libri di scienze\"}]},{\"@type\":\"WebSite\",\"@id\":\"https:\\\/\\\/www.rassegnastampa-totustuus.it\\\/cattolica\\\/#website\",\"url\":\"https:\\\/\\\/www.rassegnastampa-totustuus.it\\\/cattolica\\\/\",\"name\":\"Rassegna Stampa Cattolica\",\"description\":\"Per una cultura che nasce dalla Rivelazione cristiana in conformit\u00e0 alla tradizione e al Magistero della Chiesa in opposizione ad ogni relativismo e totalitarismo\",\"publisher\":{\"@id\":\"https:\\\/\\\/www.rassegnastampa-totustuus.it\\\/cattolica\\\/#organization\"},\"alternateName\":\"Rass. Cattolica\",\"potentialAction\":[{\"@type\":\"SearchAction\",\"target\":{\"@type\":\"EntryPoint\",\"urlTemplate\":\"https:\\\/\\\/www.rassegnastampa-totustuus.it\\\/cattolica\\\/?s={search_term_string}\"},\"query-input\":{\"@type\":\"PropertyValueSpecification\",\"valueRequired\":true,\"valueName\":\"search_term_string\"}}],\"inLanguage\":\"it-IT\"},{\"@type\":\"Organization\",\"@id\":\"https:\\\/\\\/www.rassegnastampa-totustuus.it\\\/cattolica\\\/#organization\",\"name\":\"Rassegna Stampa Cattolica\",\"url\":\"https:\\\/\\\/www.rassegnastampa-totustuus.it\\\/cattolica\\\/\",\"logo\":{\"@type\":\"ImageObject\",\"inLanguage\":\"it-IT\",\"@id\":\"https:\\\/\\\/www.rassegnastampa-totustuus.it\\\/cattolica\\\/#\\\/schema\\\/logo\\\/image\\\/\",\"url\":\"https:\\\/\\\/www.rassegnastampa-totustuus.it\\\/cattolica\\\/wp-content\\\/uploads\\\/2014\\\/04\\\/logo-rassegna1.gif\",\"contentUrl\":\"https:\\\/\\\/www.rassegnastampa-totustuus.it\\\/cattolica\\\/wp-content\\\/uploads\\\/2014\\\/04\\\/logo-rassegna1.gif\",\"width\":600,\"height\":163,\"caption\":\"Rassegna Stampa Cattolica\"},\"image\":{\"@id\":\"https:\\\/\\\/www.rassegnastampa-totustuus.it\\\/cattolica\\\/#\\\/schema\\\/logo\\\/image\\\/\"},\"sameAs\":[\"https:\\\/\\\/www.facebook.com\\\/rassegnastampacattolica\",\"https:\\\/\\\/x.com\\\/rassegnastampa9\"]},{\"@type\":\"Person\",\"@id\":\"https:\\\/\\\/www.rassegnastampa-totustuus.it\\\/cattolica\\\/#\\\/schema\\\/person\\\/08f319d2bd1a0904ad9e2bfb7b15e5c3\",\"name\":\"Redazione\",\"image\":{\"@type\":\"ImageObject\",\"inLanguage\":\"it-IT\",\"@id\":\"https:\\\/\\\/secure.gravatar.com\\\/avatar\\\/2fcdf27c78ea025fbdb44e914cc63c72249ffec9dc8aafd5c82b26240ef3f346?s=96&d=mm&r=g\",\"url\":\"https:\\\/\\\/secure.gravatar.com\\\/avatar\\\/2fcdf27c78ea025fbdb44e914cc63c72249ffec9dc8aafd5c82b26240ef3f346?s=96&d=mm&r=g\",\"contentUrl\":\"https:\\\/\\\/secure.gravatar.com\\\/avatar\\\/2fcdf27c78ea025fbdb44e914cc63c72249ffec9dc8aafd5c82b26240ef3f346?s=96&d=mm&r=g\",\"caption\":\"Redazione\"},\"url\":\"https:\\\/\\\/www.rassegnastampa-totustuus.it\\\/cattolica\\\/author\\\/pietroelle\\\/\"}]}<\/script>\n<!-- \/ Yoast SEO plugin. -->","yoast_head_json":{"title":"La poca scienza dei libri di scienze - Rassegna Stampa Cattolica","description":"Rassegna Stampa Cattolica - Per una cultura che nasce dalla Rivelazione cristiana in conformit\u00e0 alla tradizione e al Magistero della Chiesa in opposizione ad ogni relativismo e totalitarismo","robots":{"index":"index","follow":"follow","max-snippet":"max-snippet:-1","max-image-preview":"max-image-preview:large","max-video-preview":"max-video-preview:-1"},"canonical":"https:\/\/www.rassegnastampa-totustuus.it\/cattolica\/la-poca-scienza-dei-libri-di-scienze\/","og_locale":"it_IT","og_type":"article","og_title":"La poca scienza dei libri di scienze - Rassegna Stampa Cattolica","og_description":"Rassegna Stampa Cattolica - Per una cultura che nasce dalla Rivelazione cristiana in conformit\u00e0 alla tradizione e al Magistero della Chiesa in opposizione ad ogni relativismo e totalitarismo","og_url":"https:\/\/www.rassegnastampa-totustuus.it\/cattolica\/la-poca-scienza-dei-libri-di-scienze\/","og_site_name":"Rassegna Stampa Cattolica","article_publisher":"https:\/\/www.facebook.com\/rassegnastampacattolica","article_published_time":"2013-10-08T01:38:46+00:00","article_modified_time":"2016-03-24T09:35:36+00:00","og_image":[{"width":279,"height":181,"url":"https:\/\/www.rassegnastampa-totustuus.it\/cattolica\/wp-content\/uploads\/2013\/10\/libri_scienze.jpg","type":"image\/jpeg"}],"author":"Redazione","twitter_card":"summary_large_image","twitter_creator":"@rassegnastampa9","twitter_site":"@rassegnastampa9","twitter_misc":{"Scritto da":"Redazione","Tempo di lettura stimato":"6 minuti"},"schema":{"@context":"https:\/\/schema.org","@graph":[{"@type":"Article","@id":"https:\/\/www.rassegnastampa-totustuus.it\/cattolica\/la-poca-scienza-dei-libri-di-scienze\/#article","isPartOf":{"@id":"https:\/\/www.rassegnastampa-totustuus.it\/cattolica\/la-poca-scienza-dei-libri-di-scienze\/"},"author":{"name":"Redazione","@id":"https:\/\/www.rassegnastampa-totustuus.it\/cattolica\/#\/schema\/person\/08f319d2bd1a0904ad9e2bfb7b15e5c3"},"headline":"La poca scienza dei libri di scienze","datePublished":"2013-10-08T01:38:46+00:00","dateModified":"2016-03-24T09:35:36+00:00","mainEntityOfPage":{"@id":"https:\/\/www.rassegnastampa-totustuus.it\/cattolica\/la-poca-scienza-dei-libri-di-scienze\/"},"wordCount":1125,"publisher":{"@id":"https:\/\/www.rassegnastampa-totustuus.it\/cattolica\/#organization"},"image":{"@id":"https:\/\/www.rassegnastampa-totustuus.it\/cattolica\/la-poca-scienza-dei-libri-di-scienze\/#primaryimage"},"thumbnailUrl":"https:\/\/www.rassegnastampa-totustuus.it\/cattolica\/wp-content\/uploads\/2013\/10\/libri_scienze.jpg","keywords":["darwinismo","libri di testo","scuola"],"articleSection":["Evoluzionismo","Scuola ed educazione"],"inLanguage":"it-IT"},{"@type":"WebPage","@id":"https:\/\/www.rassegnastampa-totustuus.it\/cattolica\/la-poca-scienza-dei-libri-di-scienze\/","url":"https:\/\/www.rassegnastampa-totustuus.it\/cattolica\/la-poca-scienza-dei-libri-di-scienze\/","name":"La poca scienza dei libri di scienze - Rassegna Stampa Cattolica","isPartOf":{"@id":"https:\/\/www.rassegnastampa-totustuus.it\/cattolica\/#website"},"primaryImageOfPage":{"@id":"https:\/\/www.rassegnastampa-totustuus.it\/cattolica\/la-poca-scienza-dei-libri-di-scienze\/#primaryimage"},"image":{"@id":"https:\/\/www.rassegnastampa-totustuus.it\/cattolica\/la-poca-scienza-dei-libri-di-scienze\/#primaryimage"},"thumbnailUrl":"https:\/\/www.rassegnastampa-totustuus.it\/cattolica\/wp-content\/uploads\/2013\/10\/libri_scienze.jpg","datePublished":"2013-10-08T01:38:46+00:00","dateModified":"2016-03-24T09:35:36+00:00","description":"Rassegna Stampa Cattolica - Per una cultura che nasce dalla Rivelazione cristiana in conformit\u00e0 alla tradizione e al Magistero della Chiesa in opposizione ad ogni relativismo e totalitarismo","breadcrumb":{"@id":"https:\/\/www.rassegnastampa-totustuus.it\/cattolica\/la-poca-scienza-dei-libri-di-scienze\/#breadcrumb"},"inLanguage":"it-IT","potentialAction":[{"@type":"ReadAction","target":["https:\/\/www.rassegnastampa-totustuus.it\/cattolica\/la-poca-scienza-dei-libri-di-scienze\/"]}]},{"@type":"ImageObject","inLanguage":"it-IT","@id":"https:\/\/www.rassegnastampa-totustuus.it\/cattolica\/la-poca-scienza-dei-libri-di-scienze\/#primaryimage","url":"https:\/\/www.rassegnastampa-totustuus.it\/cattolica\/wp-content\/uploads\/2013\/10\/libri_scienze.jpg","contentUrl":"https:\/\/www.rassegnastampa-totustuus.it\/cattolica\/wp-content\/uploads\/2013\/10\/libri_scienze.jpg","width":279,"height":181},{"@type":"BreadcrumbList","@id":"https:\/\/www.rassegnastampa-totustuus.it\/cattolica\/la-poca-scienza-dei-libri-di-scienze\/#breadcrumb","itemListElement":[{"@type":"ListItem","position":1,"name":"Home","item":"https:\/\/www.rassegnastampa-totustuus.it\/cattolica\/"},{"@type":"ListItem","position":2,"name":"La poca scienza dei libri di scienze"}]},{"@type":"WebSite","@id":"https:\/\/www.rassegnastampa-totustuus.it\/cattolica\/#website","url":"https:\/\/www.rassegnastampa-totustuus.it\/cattolica\/","name":"Rassegna Stampa Cattolica","description":"Per una cultura che nasce dalla Rivelazione cristiana in conformit\u00e0 alla tradizione e al Magistero della Chiesa in opposizione ad ogni relativismo e totalitarismo","publisher":{"@id":"https:\/\/www.rassegnastampa-totustuus.it\/cattolica\/#organization"},"alternateName":"Rass. Cattolica","potentialAction":[{"@type":"SearchAction","target":{"@type":"EntryPoint","urlTemplate":"https:\/\/www.rassegnastampa-totustuus.it\/cattolica\/?s={search_term_string}"},"query-input":{"@type":"PropertyValueSpecification","valueRequired":true,"valueName":"search_term_string"}}],"inLanguage":"it-IT"},{"@type":"Organization","@id":"https:\/\/www.rassegnastampa-totustuus.it\/cattolica\/#organization","name":"Rassegna Stampa Cattolica","url":"https:\/\/www.rassegnastampa-totustuus.it\/cattolica\/","logo":{"@type":"ImageObject","inLanguage":"it-IT","@id":"https:\/\/www.rassegnastampa-totustuus.it\/cattolica\/#\/schema\/logo\/image\/","url":"https:\/\/www.rassegnastampa-totustuus.it\/cattolica\/wp-content\/uploads\/2014\/04\/logo-rassegna1.gif","contentUrl":"https:\/\/www.rassegnastampa-totustuus.it\/cattolica\/wp-content\/uploads\/2014\/04\/logo-rassegna1.gif","width":600,"height":163,"caption":"Rassegna Stampa Cattolica"},"image":{"@id":"https:\/\/www.rassegnastampa-totustuus.it\/cattolica\/#\/schema\/logo\/image\/"},"sameAs":["https:\/\/www.facebook.com\/rassegnastampacattolica","https:\/\/x.com\/rassegnastampa9"]},{"@type":"Person","@id":"https:\/\/www.rassegnastampa-totustuus.it\/cattolica\/#\/schema\/person\/08f319d2bd1a0904ad9e2bfb7b15e5c3","name":"Redazione","image":{"@type":"ImageObject","inLanguage":"it-IT","@id":"https:\/\/secure.gravatar.com\/avatar\/2fcdf27c78ea025fbdb44e914cc63c72249ffec9dc8aafd5c82b26240ef3f346?s=96&d=mm&r=g","url":"https:\/\/secure.gravatar.com\/avatar\/2fcdf27c78ea025fbdb44e914cc63c72249ffec9dc8aafd5c82b26240ef3f346?s=96&d=mm&r=g","contentUrl":"https:\/\/secure.gravatar.com\/avatar\/2fcdf27c78ea025fbdb44e914cc63c72249ffec9dc8aafd5c82b26240ef3f346?s=96&d=mm&r=g","caption":"Redazione"},"url":"https:\/\/www.rassegnastampa-totustuus.it\/cattolica\/author\/pietroelle\/"}]}},"_links":{"self":[{"href":"https:\/\/www.rassegnastampa-totustuus.it\/cattolica\/wp-json\/wp\/v2\/posts\/5739","targetHints":{"allow":["GET"]}}],"collection":[{"href":"https:\/\/www.rassegnastampa-totustuus.it\/cattolica\/wp-json\/wp\/v2\/posts"}],"about":[{"href":"https:\/\/www.rassegnastampa-totustuus.it\/cattolica\/wp-json\/wp\/v2\/types\/post"}],"author":[{"embeddable":true,"href":"https:\/\/www.rassegnastampa-totustuus.it\/cattolica\/wp-json\/wp\/v2\/users\/6"}],"replies":[{"embeddable":true,"href":"https:\/\/www.rassegnastampa-totustuus.it\/cattolica\/wp-json\/wp\/v2\/comments?post=5739"}],"version-history":[{"count":4,"href":"https:\/\/www.rassegnastampa-totustuus.it\/cattolica\/wp-json\/wp\/v2\/posts\/5739\/revisions"}],"predecessor-version":[{"id":32198,"href":"https:\/\/www.rassegnastampa-totustuus.it\/cattolica\/wp-json\/wp\/v2\/posts\/5739\/revisions\/32198"}],"wp:featuredmedia":[{"embeddable":true,"href":"https:\/\/www.rassegnastampa-totustuus.it\/cattolica\/wp-json\/wp\/v2\/media\/32197"}],"wp:attachment":[{"href":"https:\/\/www.rassegnastampa-totustuus.it\/cattolica\/wp-json\/wp\/v2\/media?parent=5739"}],"wp:term":[{"taxonomy":"category","embeddable":true,"href":"https:\/\/www.rassegnastampa-totustuus.it\/cattolica\/wp-json\/wp\/v2\/categories?post=5739"},{"taxonomy":"post_tag","embeddable":true,"href":"https:\/\/www.rassegnastampa-totustuus.it\/cattolica\/wp-json\/wp\/v2\/tags?post=5739"}],"curies":[{"name":"wp","href":"https:\/\/api.w.org\/{rel}","templated":true}]}}