{"id":57357,"date":"2023-11-15T12:07:49","date_gmt":"2023-11-15T11:07:49","guid":{"rendered":"https:\/\/www.rassegnastampa-totustuus.it\/cattolica\/?p=57357"},"modified":"2023-11-30T17:08:08","modified_gmt":"2023-11-30T16:08:08","slug":"intelligenza-artificiale-tecnologia-e-democrazia","status":"publish","type":"post","link":"https:\/\/www.rassegnastampa-totustuus.it\/cattolica\/intelligenza-artificiale-tecnologia-e-democrazia\/","title":{"rendered":"Intelligenza artificiale, tecnologia digitale e democrazia"},"content":{"rendered":"<h3 style=\"text-align: center;\"><strong>Nuove tecnologie e intelligenza artificiale.<\/strong><\/h3>\n<p style=\"text-align: center;\">Esperienza del limite e desiderio di infinito<\/p>\n<p><img loading=\"lazy\" decoding=\"async\" class=\"size-full wp-image-56207 aligncenter\" src=\"https:\/\/www.rassegnastampa-totustuus.it\/cattolica\/wp-content\/uploads\/2023\/04\/tecnologia_intelligenza_artificiale.jpg\" alt=\"\" width=\"275\" height=\"183\" \/><\/p>\n<p style=\"text-align: center;\">Cuneo 21-24 Settembre 2023<\/p>\n<h4 style=\"text-align: center;\"><em>Relazione di<\/em> <strong>Paolo Benanti<\/strong><\/h4>\n<p style=\"text-align: center;\"><strong><em>all\u2019Incontro nazionale di studi delle Acli nazionali<\/em> <\/strong><\/p>\n<h3 style=\"text-align: center;\"><strong>DEMOCRAZIA E ALGOTERICA<\/strong><\/h3>\n<p style=\"text-align: center;\">(testo non rivisto dal relatore)<\/p>\n<p><!--more--><\/p>\n<p style=\"text-align: justify;\"><span style=\"color: #000000;\">Perch\u00e9 l\u2019etica applicata alle nuove tecnologie, e soprattutto l\u2019intelligenza artificiale, in questo momento pone alcune sfide alle democrazie e ai contesti di vita sociale? Per rispondere al quesito dobbiamo guardare all\u2019inizio del processo di sviluppo dell\u2019intelligenza artificiale, che sostanzialmente nasce in un laboratorio dell\u2019Abs quando per la prima volta si formalizza il concetto di informazione. Per passare dall\u2019informazione all\u2019intelligenza artificiale ci sar\u00e0 bisogno di tempo ma la scaturigine del processo \u00e8 la nascita dell\u2019informazione.<\/span><\/p>\n<p style=\"text-align: justify;\"><a href=\"https:\/\/ilbolive.unipd.it\/it\/news\/claude-shannon-padre-teoria-dellinformazione\" target=\"_blank\" rel=\"noopener\"><span style=\"color: #0000ff;\"><img loading=\"lazy\" decoding=\"async\" class=\"size-full wp-image-57361 alignleft\" src=\"https:\/\/www.rassegnastampa-totustuus.it\/cattolica\/wp-content\/uploads\/2023\/11\/Claude_Shannon_comunicazione_digitale_tecnologia.jpg\" alt=\"\" width=\"360\" height=\"288\" \/>Claude Shannon<\/span><\/a> <span style=\"color: #000000;\">\u00e8 colui che per primo ha messo al centro il concetto di informazione. Il suo problema era trasmettere un messaggio tra le due parti dell\u2019Atlantico durante la guerra perch\u00e9 gli Alleati potessero comunicare senza essere intercettati. Per farlo Shannon teorizza la nuova categoria, che all\u2019epoca non esisteva, dell\u2019informazione. Subito dopo si trova forzato a mettere per scritto in uno studio cosa significa \u201cinformazione\u201d ed \u00e8 qui che egli si ricorda degli insegnamenti del suo maestro di dottorato, il quale gli disse: se non vuoi che i tuoi colleghi critichino il tuo lavoro intellettuale usa l\u2019entropia; sottolineando con questo che l\u2019entropia \u00e8 una categoria molto difficile da gestire e che non fosse capita fino in fondo nel contesto scientifico contemporaneo. Siamo comunque negli anni Quaranta, a met\u00e0 del \u2018900 e Shannon riprende il<\/span> <span style=\"color: #0000ff;\"><a style=\"color: #0000ff;\" href=\"http:\/\/www.fmboschetto.it\/didattica\/entropologia\/entropia_informazionale.html\" target=\"_blank\" rel=\"noopener\">concetto di entropia<\/a><\/span> <span style=\"color: #000000;\">di James Clerk Maxwell modificando un po\u2019 il suo paradigma.<\/span><\/p>\n<p style=\"text-align: justify;\"><span style=\"color: #000000;\">Maxwell per spiegare cosa fosse l\u2019entropia, un concetto che non si vedeva fisicamente, ha bisogno di un esperimento mentale e crea il cosiddetto \u201c<\/span><a href=\"https:\/\/fisicisenzapalestra.com\/il-diavoletto-di-maxwell-la-termodinamica-in-un-paradosso.html\" target=\"_blank\" rel=\"noopener\"><span style=\"color: #0000ff;\">diavoletto di Maxwell<\/span><\/a><span style=\"color: #000000;\">\u201d: perch\u00e9 se metto un gas caldo e un gas freddo all\u2019interno di un contenitore questi non rimangono separati ma prima o poi si miscelano in un unico gas di temperatura media? La risposta di Maxwell \u00e8: perch\u00e9 avvenga il contrario, ovvero che i gas rimangano separati, occorrerebbe un piccolo diavolo che apre e chiude una botola facendo passare una molecola calda e respingendo una molecola fredda.<\/span><\/p>\n<p style=\"text-align: justify;\"><span style=\"color: #000000;\"><img loading=\"lazy\" decoding=\"async\" class=\" wp-image-57363 alignright\" src=\"https:\/\/www.rassegnastampa-totustuus.it\/cattolica\/wp-content\/uploads\/2023\/11\/Maxwell_entropia.jpg\" alt=\"Intelligenza artificiale, tecnologia digitale e democrazia: entropia di Maxwell\" width=\"321\" height=\"240\" \/>Partendo da questo esperimento mentale Shannon ha una intuizione brillante e si chiede: che cosa serve al diavoletto di Maxwell per capire quale molecola far passare? La risposta \u00e8: un bit di informazione; zero non passa, uno passa. Con questo brillante costrutto narrativo Shannon di fatto introduce il concetto di informazione come quella differenza che fa la differenza. Detto altrimenti l\u2019informazione \u00e8 quella categoria che consente il controllo degli accadimenti: uno o zero producono un controllo di quello che accade<\/span>.<\/p>\n<p style=\"text-align: justify;\"><span style=\"color: #000000;\">Quando sentiamo parlare di informazione o di controllo sono due categorie strettamente connesse nell\u2019impianto stesso dell\u2019informazione. L\u2019informazione da Shannon stesso verr\u00e0 utilizzata per controllare un piccolo topolino meccanico all\u2019interno del labirinto, il quale sbattendo sulle pareti fa scattare un rel\u00e8 che gli fa cambiare direzione e urto dopo urto il topolino \u00e8 in grado di trovare l\u2019uscita. L\u2019uso che fa Shannon dell\u2019informazione per controllare la macchina produce qualcosa che \u00e8 in grado, dato un fine: trovare l\u2019uscita, di scegliere i mezzi per raggiungere questo fine. Questa \u00e8 la base che sta dietro l\u2019intelligenza artificiale che diventer\u00e0 prima la cibernetica che poi con McCarty diventer\u00e0 intelligenza artificiale<\/span>.<\/p>\n<p style=\"text-align: justify;\"><span style=\"color: #000000;\"><img loading=\"lazy\" decoding=\"async\" class=\" wp-image-45232 alignleft\" src=\"https:\/\/www.rassegnastampa-totustuus.it\/cattolica\/wp-content\/uploads\/2019\/11\/computer-300x168.jpg\" alt=\"\" width=\"336\" height=\"188\" \/>L\u2019intelligenza artificiale \u00e8 una grande famiglia di tecnologie guidate da algoritmi diversi che consentono alla macchina non pi\u00f9 di essere programmata, come si faceva negli anni Settanta e Ottanta, in cui un programmatore per ogni circostanza in cui si sarebbe trovata la macchina doveva definire cosa la macchina avrebbe fatto, ma secondo i nuovi modelli \u00e8 la macchina che acquisisce i dati che le consentono di addestrarsi e di rispondere alle diverse circostanze. I dati non son altro che i vettori dell\u2019informazione e la macchina acquisisce la capacit\u00e0 di autocontrollarsi dalle informazioni che estrae dai dati; questo semplificando il processo che vi sta dietro<\/span>.<\/p>\n<p style=\"text-align: justify;\">A questo punto, eticamente e filosoficamente, dobbiamo interrogare questo processo, perch\u00e9 se l\u2019informazione \u00e8 una questione di controllo e se di fatto la macchina riesce a gestire mezzi e fini mediante l\u2019informazione e la capacit\u00e0 di controllo. Ecco che l\u2019intelligenza artificiale applicata a dati di fatto prodotti da sistemi ingegneristici, danno alla macchina un capacit\u00e0, che oggi ci sembra indispensabile, di previsione. Una intelligenza artificiale posta sulla stazione spaziale orbitante dalle vibrazioni anomale sulla stazione riesce a dire quale pezzo di romper\u00e0 e questo consente agli astronauti di intervenire prima che il pezzo si rompa mettendo in pericolo la vita di qualcuno. Ma il marketing soprattutto e altri scopi della nostra vita sociale hanno cominciato ad applicare questi stessi algoritmi non ai dati prodotti da un sistema senza gradi di libert\u00e0, ingegneristico, ma a un sistema strano a base di carbonio \u2013 me e voi \u2013 in cui i dati prodotti sono quelli della nostra navigazione online.<\/p>\n<p style=\"text-align: justify;\"><span style=\"color: #000000;\"><img loading=\"lazy\" decoding=\"async\" class=\" wp-image-49134 alignright\" src=\"https:\/\/www.rassegnastampa-totustuus.it\/cattolica\/wp-content\/uploads\/2006\/03\/totalitarismo_libert\u00e0.jpg\" alt=\"\" width=\"300\" height=\"240\" \/>Ecco che improvvisamente ci siamo resi conto che l\u2019intelligenza artificiale applicata ai dati umani ha sulle persone un effetto assai diverso da quello che ha sulle macchine in quanto in realt\u00e0 non predice semplicemente quello che faranno, ma come probabilmente vi siete accorti l\u2019ultima volta che siete andati su una piattaforma online, l\u2019intelligenza artificiale con quel loro suggerirvi \u201cforse ti interessa anche\u201d producono pi\u00f9 vendite. Ovvero hanno la capacit\u00e0 di produrre o influenzare il comportamento umano<\/span>.<\/p>\n<p style=\"text-align: justify;\"><span style=\"color: #000000;\">Qui arriviamo al pi\u00f9 grande problema: l\u2019uso democratico dell\u2019intelligenza artificiale; perch\u00e9 un dispositivo che \u00e8 in grado di cambiare il comportamento delle persone ha la stessa definizione che diamo alla legge: uno strumento a disposizione dell\u2019istituzione per cambiare il comportamento delle persone. Solo che i grandi problemi di legittimit\u00e0 del Novecento ci hanno mostrato che il vero problema della legge \u00e8 la sua legittimit\u00e0 e ancorare la legittimit\u00e0 della la legge al <em><a style=\"color: #000000;\" href=\"http:\/\/www.appuntigiurisprudenza.it\/diritto-amministrativo-i\/la-rule-of-law.html\">Roule of Law<\/a><\/em> \u00e8 parte del processo democratico. Ma cosa accade? Che le grandi piattaforme online e gli algoritmi di intelligenza artificiale oggi hanno di fatto una capacit\u00e0, o possono avere, una capacit\u00e0 di influenzare il comportamento delle persone simile a quello della legge senza obbedire ai principi del <\/span><em><span style=\"color: #000000;\">Roule of Law<\/span>.<\/em><\/p>\n<p style=\"text-align: justify;\"><span style=\"color: #000000;\">In conclusione vorrei porre all\u2019attenzione la tensione tra i nuovi strumenti che iniettiamo nella societ\u00e0 e quei principi cardine che abbiamo anche pagato col sangue nel secolo scorso che sono i principi dello Stato di diritto e i principi della democrazia. Come armonizzare e addomesticare questi strumenti cos\u00ec potenti nello spazio democratico non solo \u00e8 la domanda ma anche la questione da affrontare perch\u00e9 le democrazie continuino a svolgere quel ruolo fondamentale che permette ai singoli individui di godere del bene comune<\/span>.<\/p>\n<p style=\"text-align: justify;\">______________________<\/p>\n<p style=\"text-align: justify;\"><strong>Paolo Benanti<\/strong> <em>francescano del Terzo Ordine Regolare si occupa di etica, bioetica ed etica delle tecnologie. In particolare i suoi studi si focalizzano sulla gestione dell&#8217;innovazione: internet e l&#8217;impatto del Digital Age, le biotecnologie per il miglioramento umano e la biosicurezza, le neuroscienze e le neurotecnologie.<\/em><\/p>\n<p style=\"text-align: justify;\"><strong>Le altre relazioni pubblicate<\/strong>:<\/p>\n<p style=\"text-align: justify;\"><a href=\"https:\/\/www.rassegnastampa-totustuus.it\/cattolica\/intelligenza-artificiale-tecnologia-digitale-carlo-acutis-e-la-vita-spirituale\/\" target=\"_blank\" rel=\"noopener\">I<span style=\"color: #0000ff;\">ntelligenza artificiale tecnologia digitale. Carlo Acutis e la dimensione spirituale<\/span> \u2013<\/a> <strong>Luca Peyron<\/strong><\/p>\n<p style=\"text-align: justify;\"><span style=\"color: #0000ff;\"><a style=\"color: #0000ff;\" href=\"https:\/\/www.rassegnastampa-totustuus.it\/cattolica\/intelligenza-artificiale-e-tecnologia-digitale-la-dimensione-etica\/\" target=\"_blank\" rel=\"noopener\">Intelligenza artificiale e tecnologia digitale. La dimensione etica<\/a><\/span> \u2013 prof.ssa <strong>Daniela Tafani<\/strong><\/p>\n<p><span style=\"color: #0000ff;\"><a style=\"color: #0000ff;\" href=\"https:\/\/www.rassegnastampa-totustuus.it\/cattolica\/57526-2\/\" target=\"_blank\" rel=\"noopener\">Intelligenza artificiale e tecnologia digitale. Democrazia , Costituzione<\/a> <strong><span style=\"color: #000000;\">&#8211; Giulio M. Salerno<\/span><\/strong><\/span><\/p>\n<p><span style=\"color: #0000ff;\"><a style=\"color: #0000ff;\" href=\"https:\/\/www.rassegnastampa-totustuus.it\/cattolica\/intelligenza-artificiale-e-lavoro-che-cambia\/\" target=\"_blank\" rel=\"noopener\">Intelligenza artificiale e lavoro che cambia <\/a><\/span><strong><a href=\"_wp_link_placeholder\">&#8211;<\/a> Ivana Pais<\/strong><\/p>\n<h3><\/h3>\n","protected":false},"excerpt":{"rendered":"<p>Nuove tecnologie e intelligenza artificiale. Esperienza del limite e desiderio di infinito Cuneo 21-24 Settembre 2023 Relazione di Paolo Benanti all\u2019Incontro nazionale di studi delle Acli nazionali DEMOCRAZIA E ALGOTERICA (testo non rivisto dal relatore)<\/p><p><a class=\"more-link btn\" href=\"https:\/\/www.rassegnastampa-totustuus.it\/cattolica\/intelligenza-artificiale-tecnologia-e-democrazia\/\">Continua a leggere<\/a><\/p>\n","protected":false},"author":6,"featured_media":56207,"comment_status":"closed","ping_status":"closed","sticky":false,"template":"","format":"standard","meta":{"footnotes":""},"categories":[2956],"tags":[236,2898,2817,2816],"class_list":["post-57357","post","type-post","status-publish","format-standard","has-post-thumbnail","hentry","category-tecnologia","tag-democrazia","tag-intelligenza-artificiale","tag-tecnologia","tag-tecnologia-digitale","item-wrap"],"yoast_head":"<!-- This site is optimized with the Yoast SEO plugin v27.5 - https:\/\/yoast.com\/product\/yoast-seo-wordpress\/ -->\n<title>Intelligenza artificiale, tecnologia digitale e democrazia - Rassegna Stampa Cattolica<\/title>\n<meta name=\"description\" content=\"L&#039;intelligenza artificiale, tecnologia digitale; una sfida per la nostra vita sociale che deve conservare i cardini della democrazia\" \/>\n<meta name=\"robots\" content=\"index, follow, max-snippet:-1, max-image-preview:large, max-video-preview:-1\" \/>\n<link rel=\"canonical\" href=\"https:\/\/www.rassegnastampa-totustuus.it\/cattolica\/intelligenza-artificiale-tecnologia-e-democrazia\/\" \/>\n<meta property=\"og:locale\" content=\"it_IT\" \/>\n<meta property=\"og:type\" content=\"article\" \/>\n<meta property=\"og:title\" content=\"Intelligenza artificiale, tecnologia digitale e democrazia - Rassegna Stampa Cattolica\" \/>\n<meta property=\"og:description\" content=\"L&#039;intelligenza artificiale, tecnologia digitale; una sfida per la nostra vita sociale che deve conservare i cardini della democrazia\" \/>\n<meta property=\"og:url\" content=\"https:\/\/www.rassegnastampa-totustuus.it\/cattolica\/intelligenza-artificiale-tecnologia-e-democrazia\/\" \/>\n<meta property=\"og:site_name\" content=\"Rassegna Stampa Cattolica\" \/>\n<meta property=\"article:publisher\" content=\"https:\/\/www.facebook.com\/rassegnastampacattolica\" \/>\n<meta property=\"article:published_time\" content=\"2023-11-15T11:07:49+00:00\" \/>\n<meta property=\"article:modified_time\" content=\"2023-11-30T16:08:08+00:00\" \/>\n<meta property=\"og:image\" content=\"https:\/\/www.rassegnastampa-totustuus.it\/cattolica\/wp-content\/uploads\/2023\/04\/tecnologia_intelligenza_artificiale.jpg\" \/>\n\t<meta property=\"og:image:width\" content=\"275\" \/>\n\t<meta property=\"og:image:height\" content=\"183\" \/>\n\t<meta property=\"og:image:type\" content=\"image\/jpeg\" \/>\n<meta name=\"author\" content=\"Redazione\" \/>\n<meta name=\"twitter:card\" content=\"summary_large_image\" \/>\n<meta name=\"twitter:creator\" content=\"@rassegnastampa9\" \/>\n<meta name=\"twitter:site\" content=\"@rassegnastampa9\" \/>\n<meta name=\"twitter:label1\" content=\"Scritto da\" \/>\n\t<meta name=\"twitter:data1\" content=\"Redazione\" \/>\n\t<meta name=\"twitter:label2\" content=\"Tempo di lettura stimato\" \/>\n\t<meta name=\"twitter:data2\" content=\"8 minuti\" \/>\n<script type=\"application\/ld+json\" class=\"yoast-schema-graph\">{\"@context\":\"https:\\\/\\\/schema.org\",\"@graph\":[{\"@type\":\"Article\",\"@id\":\"https:\\\/\\\/www.rassegnastampa-totustuus.it\\\/cattolica\\\/intelligenza-artificiale-tecnologia-e-democrazia\\\/#article\",\"isPartOf\":{\"@id\":\"https:\\\/\\\/www.rassegnastampa-totustuus.it\\\/cattolica\\\/intelligenza-artificiale-tecnologia-e-democrazia\\\/\"},\"author\":{\"name\":\"Redazione\",\"@id\":\"https:\\\/\\\/www.rassegnastampa-totustuus.it\\\/cattolica\\\/#\\\/schema\\\/person\\\/08f319d2bd1a0904ad9e2bfb7b15e5c3\"},\"headline\":\"Intelligenza artificiale, tecnologia digitale e democrazia\",\"datePublished\":\"2023-11-15T11:07:49+00:00\",\"dateModified\":\"2023-11-30T16:08:08+00:00\",\"mainEntityOfPage\":{\"@id\":\"https:\\\/\\\/www.rassegnastampa-totustuus.it\\\/cattolica\\\/intelligenza-artificiale-tecnologia-e-democrazia\\\/\"},\"wordCount\":1196,\"publisher\":{\"@id\":\"https:\\\/\\\/www.rassegnastampa-totustuus.it\\\/cattolica\\\/#organization\"},\"image\":{\"@id\":\"https:\\\/\\\/www.rassegnastampa-totustuus.it\\\/cattolica\\\/intelligenza-artificiale-tecnologia-e-democrazia\\\/#primaryimage\"},\"thumbnailUrl\":\"https:\\\/\\\/www.rassegnastampa-totustuus.it\\\/cattolica\\\/wp-content\\\/uploads\\\/2023\\\/04\\\/tecnologia_intelligenza_artificiale.jpg\",\"keywords\":[\"democrazia\",\"intelligenza artificiale\",\"tecnologia\",\"tecnologia digitale\"],\"articleSection\":[\"Tecnologia\"],\"inLanguage\":\"it-IT\"},{\"@type\":\"WebPage\",\"@id\":\"https:\\\/\\\/www.rassegnastampa-totustuus.it\\\/cattolica\\\/intelligenza-artificiale-tecnologia-e-democrazia\\\/\",\"url\":\"https:\\\/\\\/www.rassegnastampa-totustuus.it\\\/cattolica\\\/intelligenza-artificiale-tecnologia-e-democrazia\\\/\",\"name\":\"Intelligenza artificiale, tecnologia digitale e democrazia - Rassegna Stampa Cattolica\",\"isPartOf\":{\"@id\":\"https:\\\/\\\/www.rassegnastampa-totustuus.it\\\/cattolica\\\/#website\"},\"primaryImageOfPage\":{\"@id\":\"https:\\\/\\\/www.rassegnastampa-totustuus.it\\\/cattolica\\\/intelligenza-artificiale-tecnologia-e-democrazia\\\/#primaryimage\"},\"image\":{\"@id\":\"https:\\\/\\\/www.rassegnastampa-totustuus.it\\\/cattolica\\\/intelligenza-artificiale-tecnologia-e-democrazia\\\/#primaryimage\"},\"thumbnailUrl\":\"https:\\\/\\\/www.rassegnastampa-totustuus.it\\\/cattolica\\\/wp-content\\\/uploads\\\/2023\\\/04\\\/tecnologia_intelligenza_artificiale.jpg\",\"datePublished\":\"2023-11-15T11:07:49+00:00\",\"dateModified\":\"2023-11-30T16:08:08+00:00\",\"description\":\"L'intelligenza artificiale, tecnologia digitale; una sfida per la nostra vita sociale che deve conservare i cardini della democrazia\",\"breadcrumb\":{\"@id\":\"https:\\\/\\\/www.rassegnastampa-totustuus.it\\\/cattolica\\\/intelligenza-artificiale-tecnologia-e-democrazia\\\/#breadcrumb\"},\"inLanguage\":\"it-IT\",\"potentialAction\":[{\"@type\":\"ReadAction\",\"target\":[\"https:\\\/\\\/www.rassegnastampa-totustuus.it\\\/cattolica\\\/intelligenza-artificiale-tecnologia-e-democrazia\\\/\"]}]},{\"@type\":\"ImageObject\",\"inLanguage\":\"it-IT\",\"@id\":\"https:\\\/\\\/www.rassegnastampa-totustuus.it\\\/cattolica\\\/intelligenza-artificiale-tecnologia-e-democrazia\\\/#primaryimage\",\"url\":\"https:\\\/\\\/www.rassegnastampa-totustuus.it\\\/cattolica\\\/wp-content\\\/uploads\\\/2023\\\/04\\\/tecnologia_intelligenza_artificiale.jpg\",\"contentUrl\":\"https:\\\/\\\/www.rassegnastampa-totustuus.it\\\/cattolica\\\/wp-content\\\/uploads\\\/2023\\\/04\\\/tecnologia_intelligenza_artificiale.jpg\",\"width\":275,\"height\":183,\"caption\":\"Intelligenza artificiale e tecnologia digitale\"},{\"@type\":\"BreadcrumbList\",\"@id\":\"https:\\\/\\\/www.rassegnastampa-totustuus.it\\\/cattolica\\\/intelligenza-artificiale-tecnologia-e-democrazia\\\/#breadcrumb\",\"itemListElement\":[{\"@type\":\"ListItem\",\"position\":1,\"name\":\"Home\",\"item\":\"https:\\\/\\\/www.rassegnastampa-totustuus.it\\\/cattolica\\\/\"},{\"@type\":\"ListItem\",\"position\":2,\"name\":\"Intelligenza artificiale, tecnologia digitale e democrazia\"}]},{\"@type\":\"WebSite\",\"@id\":\"https:\\\/\\\/www.rassegnastampa-totustuus.it\\\/cattolica\\\/#website\",\"url\":\"https:\\\/\\\/www.rassegnastampa-totustuus.it\\\/cattolica\\\/\",\"name\":\"Rassegna Stampa Cattolica\",\"description\":\"Per una cultura che nasce dalla Rivelazione cristiana in conformit\u00e0 alla tradizione e al Magistero della Chiesa in opposizione ad ogni relativismo e totalitarismo\",\"publisher\":{\"@id\":\"https:\\\/\\\/www.rassegnastampa-totustuus.it\\\/cattolica\\\/#organization\"},\"alternateName\":\"Rass. Cattolica\",\"potentialAction\":[{\"@type\":\"SearchAction\",\"target\":{\"@type\":\"EntryPoint\",\"urlTemplate\":\"https:\\\/\\\/www.rassegnastampa-totustuus.it\\\/cattolica\\\/?s={search_term_string}\"},\"query-input\":{\"@type\":\"PropertyValueSpecification\",\"valueRequired\":true,\"valueName\":\"search_term_string\"}}],\"inLanguage\":\"it-IT\"},{\"@type\":\"Organization\",\"@id\":\"https:\\\/\\\/www.rassegnastampa-totustuus.it\\\/cattolica\\\/#organization\",\"name\":\"Rassegna Stampa Cattolica\",\"url\":\"https:\\\/\\\/www.rassegnastampa-totustuus.it\\\/cattolica\\\/\",\"logo\":{\"@type\":\"ImageObject\",\"inLanguage\":\"it-IT\",\"@id\":\"https:\\\/\\\/www.rassegnastampa-totustuus.it\\\/cattolica\\\/#\\\/schema\\\/logo\\\/image\\\/\",\"url\":\"https:\\\/\\\/www.rassegnastampa-totustuus.it\\\/cattolica\\\/wp-content\\\/uploads\\\/2014\\\/04\\\/logo-rassegna1.gif\",\"contentUrl\":\"https:\\\/\\\/www.rassegnastampa-totustuus.it\\\/cattolica\\\/wp-content\\\/uploads\\\/2014\\\/04\\\/logo-rassegna1.gif\",\"width\":600,\"height\":163,\"caption\":\"Rassegna Stampa Cattolica\"},\"image\":{\"@id\":\"https:\\\/\\\/www.rassegnastampa-totustuus.it\\\/cattolica\\\/#\\\/schema\\\/logo\\\/image\\\/\"},\"sameAs\":[\"https:\\\/\\\/www.facebook.com\\\/rassegnastampacattolica\",\"https:\\\/\\\/x.com\\\/rassegnastampa9\"]},{\"@type\":\"Person\",\"@id\":\"https:\\\/\\\/www.rassegnastampa-totustuus.it\\\/cattolica\\\/#\\\/schema\\\/person\\\/08f319d2bd1a0904ad9e2bfb7b15e5c3\",\"name\":\"Redazione\",\"image\":{\"@type\":\"ImageObject\",\"inLanguage\":\"it-IT\",\"@id\":\"https:\\\/\\\/secure.gravatar.com\\\/avatar\\\/2fcdf27c78ea025fbdb44e914cc63c72249ffec9dc8aafd5c82b26240ef3f346?s=96&d=mm&r=g\",\"url\":\"https:\\\/\\\/secure.gravatar.com\\\/avatar\\\/2fcdf27c78ea025fbdb44e914cc63c72249ffec9dc8aafd5c82b26240ef3f346?s=96&d=mm&r=g\",\"contentUrl\":\"https:\\\/\\\/secure.gravatar.com\\\/avatar\\\/2fcdf27c78ea025fbdb44e914cc63c72249ffec9dc8aafd5c82b26240ef3f346?s=96&d=mm&r=g\",\"caption\":\"Redazione\"},\"url\":\"https:\\\/\\\/www.rassegnastampa-totustuus.it\\\/cattolica\\\/author\\\/pietroelle\\\/\"}]}<\/script>\n<!-- \/ Yoast SEO plugin. -->","yoast_head_json":{"title":"Intelligenza artificiale, tecnologia digitale e democrazia - Rassegna Stampa Cattolica","description":"L'intelligenza artificiale, tecnologia digitale; una sfida per la nostra vita sociale che deve conservare i cardini della democrazia","robots":{"index":"index","follow":"follow","max-snippet":"max-snippet:-1","max-image-preview":"max-image-preview:large","max-video-preview":"max-video-preview:-1"},"canonical":"https:\/\/www.rassegnastampa-totustuus.it\/cattolica\/intelligenza-artificiale-tecnologia-e-democrazia\/","og_locale":"it_IT","og_type":"article","og_title":"Intelligenza artificiale, tecnologia digitale e democrazia - Rassegna Stampa Cattolica","og_description":"L'intelligenza artificiale, tecnologia digitale; una sfida per la nostra vita sociale che deve conservare i cardini della democrazia","og_url":"https:\/\/www.rassegnastampa-totustuus.it\/cattolica\/intelligenza-artificiale-tecnologia-e-democrazia\/","og_site_name":"Rassegna Stampa Cattolica","article_publisher":"https:\/\/www.facebook.com\/rassegnastampacattolica","article_published_time":"2023-11-15T11:07:49+00:00","article_modified_time":"2023-11-30T16:08:08+00:00","og_image":[{"width":275,"height":183,"url":"https:\/\/www.rassegnastampa-totustuus.it\/cattolica\/wp-content\/uploads\/2023\/04\/tecnologia_intelligenza_artificiale.jpg","type":"image\/jpeg"}],"author":"Redazione","twitter_card":"summary_large_image","twitter_creator":"@rassegnastampa9","twitter_site":"@rassegnastampa9","twitter_misc":{"Scritto da":"Redazione","Tempo di lettura stimato":"8 minuti"},"schema":{"@context":"https:\/\/schema.org","@graph":[{"@type":"Article","@id":"https:\/\/www.rassegnastampa-totustuus.it\/cattolica\/intelligenza-artificiale-tecnologia-e-democrazia\/#article","isPartOf":{"@id":"https:\/\/www.rassegnastampa-totustuus.it\/cattolica\/intelligenza-artificiale-tecnologia-e-democrazia\/"},"author":{"name":"Redazione","@id":"https:\/\/www.rassegnastampa-totustuus.it\/cattolica\/#\/schema\/person\/08f319d2bd1a0904ad9e2bfb7b15e5c3"},"headline":"Intelligenza artificiale, tecnologia digitale e democrazia","datePublished":"2023-11-15T11:07:49+00:00","dateModified":"2023-11-30T16:08:08+00:00","mainEntityOfPage":{"@id":"https:\/\/www.rassegnastampa-totustuus.it\/cattolica\/intelligenza-artificiale-tecnologia-e-democrazia\/"},"wordCount":1196,"publisher":{"@id":"https:\/\/www.rassegnastampa-totustuus.it\/cattolica\/#organization"},"image":{"@id":"https:\/\/www.rassegnastampa-totustuus.it\/cattolica\/intelligenza-artificiale-tecnologia-e-democrazia\/#primaryimage"},"thumbnailUrl":"https:\/\/www.rassegnastampa-totustuus.it\/cattolica\/wp-content\/uploads\/2023\/04\/tecnologia_intelligenza_artificiale.jpg","keywords":["democrazia","intelligenza artificiale","tecnologia","tecnologia digitale"],"articleSection":["Tecnologia"],"inLanguage":"it-IT"},{"@type":"WebPage","@id":"https:\/\/www.rassegnastampa-totustuus.it\/cattolica\/intelligenza-artificiale-tecnologia-e-democrazia\/","url":"https:\/\/www.rassegnastampa-totustuus.it\/cattolica\/intelligenza-artificiale-tecnologia-e-democrazia\/","name":"Intelligenza artificiale, tecnologia digitale e democrazia - Rassegna Stampa Cattolica","isPartOf":{"@id":"https:\/\/www.rassegnastampa-totustuus.it\/cattolica\/#website"},"primaryImageOfPage":{"@id":"https:\/\/www.rassegnastampa-totustuus.it\/cattolica\/intelligenza-artificiale-tecnologia-e-democrazia\/#primaryimage"},"image":{"@id":"https:\/\/www.rassegnastampa-totustuus.it\/cattolica\/intelligenza-artificiale-tecnologia-e-democrazia\/#primaryimage"},"thumbnailUrl":"https:\/\/www.rassegnastampa-totustuus.it\/cattolica\/wp-content\/uploads\/2023\/04\/tecnologia_intelligenza_artificiale.jpg","datePublished":"2023-11-15T11:07:49+00:00","dateModified":"2023-11-30T16:08:08+00:00","description":"L'intelligenza artificiale, tecnologia digitale; una sfida per la nostra vita sociale che deve conservare i cardini della democrazia","breadcrumb":{"@id":"https:\/\/www.rassegnastampa-totustuus.it\/cattolica\/intelligenza-artificiale-tecnologia-e-democrazia\/#breadcrumb"},"inLanguage":"it-IT","potentialAction":[{"@type":"ReadAction","target":["https:\/\/www.rassegnastampa-totustuus.it\/cattolica\/intelligenza-artificiale-tecnologia-e-democrazia\/"]}]},{"@type":"ImageObject","inLanguage":"it-IT","@id":"https:\/\/www.rassegnastampa-totustuus.it\/cattolica\/intelligenza-artificiale-tecnologia-e-democrazia\/#primaryimage","url":"https:\/\/www.rassegnastampa-totustuus.it\/cattolica\/wp-content\/uploads\/2023\/04\/tecnologia_intelligenza_artificiale.jpg","contentUrl":"https:\/\/www.rassegnastampa-totustuus.it\/cattolica\/wp-content\/uploads\/2023\/04\/tecnologia_intelligenza_artificiale.jpg","width":275,"height":183,"caption":"Intelligenza artificiale e tecnologia digitale"},{"@type":"BreadcrumbList","@id":"https:\/\/www.rassegnastampa-totustuus.it\/cattolica\/intelligenza-artificiale-tecnologia-e-democrazia\/#breadcrumb","itemListElement":[{"@type":"ListItem","position":1,"name":"Home","item":"https:\/\/www.rassegnastampa-totustuus.it\/cattolica\/"},{"@type":"ListItem","position":2,"name":"Intelligenza artificiale, tecnologia digitale e democrazia"}]},{"@type":"WebSite","@id":"https:\/\/www.rassegnastampa-totustuus.it\/cattolica\/#website","url":"https:\/\/www.rassegnastampa-totustuus.it\/cattolica\/","name":"Rassegna Stampa Cattolica","description":"Per una cultura che nasce dalla Rivelazione cristiana in conformit\u00e0 alla tradizione e al Magistero della Chiesa in opposizione ad ogni relativismo e totalitarismo","publisher":{"@id":"https:\/\/www.rassegnastampa-totustuus.it\/cattolica\/#organization"},"alternateName":"Rass. Cattolica","potentialAction":[{"@type":"SearchAction","target":{"@type":"EntryPoint","urlTemplate":"https:\/\/www.rassegnastampa-totustuus.it\/cattolica\/?s={search_term_string}"},"query-input":{"@type":"PropertyValueSpecification","valueRequired":true,"valueName":"search_term_string"}}],"inLanguage":"it-IT"},{"@type":"Organization","@id":"https:\/\/www.rassegnastampa-totustuus.it\/cattolica\/#organization","name":"Rassegna Stampa Cattolica","url":"https:\/\/www.rassegnastampa-totustuus.it\/cattolica\/","logo":{"@type":"ImageObject","inLanguage":"it-IT","@id":"https:\/\/www.rassegnastampa-totustuus.it\/cattolica\/#\/schema\/logo\/image\/","url":"https:\/\/www.rassegnastampa-totustuus.it\/cattolica\/wp-content\/uploads\/2014\/04\/logo-rassegna1.gif","contentUrl":"https:\/\/www.rassegnastampa-totustuus.it\/cattolica\/wp-content\/uploads\/2014\/04\/logo-rassegna1.gif","width":600,"height":163,"caption":"Rassegna Stampa Cattolica"},"image":{"@id":"https:\/\/www.rassegnastampa-totustuus.it\/cattolica\/#\/schema\/logo\/image\/"},"sameAs":["https:\/\/www.facebook.com\/rassegnastampacattolica","https:\/\/x.com\/rassegnastampa9"]},{"@type":"Person","@id":"https:\/\/www.rassegnastampa-totustuus.it\/cattolica\/#\/schema\/person\/08f319d2bd1a0904ad9e2bfb7b15e5c3","name":"Redazione","image":{"@type":"ImageObject","inLanguage":"it-IT","@id":"https:\/\/secure.gravatar.com\/avatar\/2fcdf27c78ea025fbdb44e914cc63c72249ffec9dc8aafd5c82b26240ef3f346?s=96&d=mm&r=g","url":"https:\/\/secure.gravatar.com\/avatar\/2fcdf27c78ea025fbdb44e914cc63c72249ffec9dc8aafd5c82b26240ef3f346?s=96&d=mm&r=g","contentUrl":"https:\/\/secure.gravatar.com\/avatar\/2fcdf27c78ea025fbdb44e914cc63c72249ffec9dc8aafd5c82b26240ef3f346?s=96&d=mm&r=g","caption":"Redazione"},"url":"https:\/\/www.rassegnastampa-totustuus.it\/cattolica\/author\/pietroelle\/"}]}},"_links":{"self":[{"href":"https:\/\/www.rassegnastampa-totustuus.it\/cattolica\/wp-json\/wp\/v2\/posts\/57357","targetHints":{"allow":["GET"]}}],"collection":[{"href":"https:\/\/www.rassegnastampa-totustuus.it\/cattolica\/wp-json\/wp\/v2\/posts"}],"about":[{"href":"https:\/\/www.rassegnastampa-totustuus.it\/cattolica\/wp-json\/wp\/v2\/types\/post"}],"author":[{"embeddable":true,"href":"https:\/\/www.rassegnastampa-totustuus.it\/cattolica\/wp-json\/wp\/v2\/users\/6"}],"replies":[{"embeddable":true,"href":"https:\/\/www.rassegnastampa-totustuus.it\/cattolica\/wp-json\/wp\/v2\/comments?post=57357"}],"version-history":[{"count":9,"href":"https:\/\/www.rassegnastampa-totustuus.it\/cattolica\/wp-json\/wp\/v2\/posts\/57357\/revisions"}],"predecessor-version":[{"id":57882,"href":"https:\/\/www.rassegnastampa-totustuus.it\/cattolica\/wp-json\/wp\/v2\/posts\/57357\/revisions\/57882"}],"wp:featuredmedia":[{"embeddable":true,"href":"https:\/\/www.rassegnastampa-totustuus.it\/cattolica\/wp-json\/wp\/v2\/media\/56207"}],"wp:attachment":[{"href":"https:\/\/www.rassegnastampa-totustuus.it\/cattolica\/wp-json\/wp\/v2\/media?parent=57357"}],"wp:term":[{"taxonomy":"category","embeddable":true,"href":"https:\/\/www.rassegnastampa-totustuus.it\/cattolica\/wp-json\/wp\/v2\/categories?post=57357"},{"taxonomy":"post_tag","embeddable":true,"href":"https:\/\/www.rassegnastampa-totustuus.it\/cattolica\/wp-json\/wp\/v2\/tags?post=57357"}],"curies":[{"name":"wp","href":"https:\/\/api.w.org\/{rel}","templated":true}]}}