{"id":57350,"date":"2023-11-14T12:04:03","date_gmt":"2023-11-14T11:04:03","guid":{"rendered":"https:\/\/www.rassegnastampa-totustuus.it\/cattolica\/?p=57350"},"modified":"2023-12-16T17:04:26","modified_gmt":"2023-12-16T16:04:26","slug":"ia-tecnologia-e-carlo-acutis","status":"publish","type":"post","link":"https:\/\/www.rassegnastampa-totustuus.it\/cattolica\/ia-tecnologia-e-carlo-acutis\/","title":{"rendered":"IA,  tecnologia e Carlo Acutis"},"content":{"rendered":"<h3 style=\"text-align: center;\"><span style=\"color: #000000;\"><strong>Nuove tecnologie e intelligenza artificiale. <\/strong><\/span><\/h3>\n<p style=\"text-align: center;\"><span style=\"color: #000000;\">Esperienza del limite e desiderio di infinito<\/span><\/p>\n<p><img loading=\"lazy\" decoding=\"async\" class=\"size-full wp-image-56207 aligncenter\" src=\"https:\/\/www.rassegnastampa-totustuus.it\/cattolica\/wp-content\/uploads\/2023\/04\/tecnologia_intelligenza_artificiale.jpg\" alt=\"\" width=\"275\" height=\"183\" \/><\/p>\n<p style=\"text-align: center;\"><span style=\"color: #000000;\">Cuneo 21-24 Settembre 2023<\/span><\/p>\n<p style=\"text-align: center;\"><span style=\"color: #000000;\"><em>Relazione di<\/em><\/span><\/p>\n<h4 style=\"text-align: center;\"><span style=\"color: #000000;\">don <strong>Luca Peyron<\/strong><\/span><\/h4>\n<p style=\"text-align: center;\"><span style=\"color: #000000;\"><em>all\u2019Incontro nazionale di studi delle Acli nazionali<\/em><\/span><\/p>\n<h2 style=\"text-align: center;\"><span style=\"color: #000000;\"><strong>LA DIMENSIONE SPIRITUALE DELL&#8217;INTELLIGENZA ARTIFICIALE<\/strong><\/span><\/h2>\n<p style=\"text-align: center;\">(testo non rivisto dal relatore )<\/p>\n<p><!--more--><\/p>\n<p style=\"text-align: justify;\"><span style=\"color: #000000;\"><img loading=\"lazy\" decoding=\"async\" class=\"alignnone size-medium wp-image-48695\" src=\"https:\/\/www.rassegnastampa-totustuus.it\/cattolica\/wp-content\/uploads\/2020\/10\/tecnologia_cellulari-300x169.jpg\" alt=\"IA e tecnologia, come padroneggiarla?\" width=\"300\" height=\"169\" srcset=\"https:\/\/www.rassegnastampa-totustuus.it\/cattolica\/wp-content\/uploads\/2020\/10\/tecnologia_cellulari-300x169.jpg 300w, https:\/\/www.rassegnastampa-totustuus.it\/cattolica\/wp-content\/uploads\/2020\/10\/tecnologia_cellulari-768x432.jpg 768w, https:\/\/www.rassegnastampa-totustuus.it\/cattolica\/wp-content\/uploads\/2020\/10\/tecnologia_cellulari-1024x576.jpg 1024w, https:\/\/www.rassegnastampa-totustuus.it\/cattolica\/wp-content\/uploads\/2020\/10\/tecnologia_cellulari.jpg 1280w\" sizes=\"auto, (max-width: 300px) 100vw, 300px\" \/>Non c\u2019\u00e8 nessuno che non abbia un telefono con sistema operativo Android o Ios, che sono due sistemi che lo fanno funzionare e quando lo avete comprato avete digitato tutti: si, si, si\u2026 senza neppure leggere. Del resto se qualcosa non piaceva non si poteva digitare \u201cno\u201d perch\u00e9 il telefono si sarebbe fermato. Abbiamo speso 1.700 euro in un I-phone e non andiamo fino in fondo? Ma ad ogni \u201csi\u201d avete rinunciato a tutti i vostri diritti costituzionali decidendo di dare un pezzetto significativo del vostro mondo a qualcun altro. Questo \u00e8 il tempo che viviamo. Un tempo in cui l\u2019elettronica e l\u2019antropologia, lontane parenti, la tecnologia ha avvicinato fino ad unirle in matrimonio<\/span>.<\/p>\n<p style=\"text-align: justify;\"><span style=\"color: #000000;\">Oggi il rapporto con la tecnologia e le macchine \u00e8 vitale nella nostra esistenza e l\u00e0 dentro ci sono tante intelligenze artificiali. Tutta questa roba ha cambiato e sta cambiando il nostro mondo, tanto che possiamo parlare di rivoluzione ma forse il termine pi\u00f9 adatto, e alcuni sociologi la definiscono cos\u00ec, \u00e8 \u201cmetamorfosi\u201d.<\/span><\/p>\n<p style=\"text-align: justify;\"><span style=\"color: #000000;\">Ci siamo svegliati una mattina in un mondo diverso e il Covid-19 ha accelerato tutto questo, facendo diventare normale ci\u00f2 che era particolare. Questa cosa che ci \u00e8 rotolata addosso alcuni la chiamano \u201ccondizione digitale\u201d. C\u2019\u00e8 una situazione esistenziale, una storia, una vita in cui il digitale preme sulla nostra esistenza, in modo negativo o positivo; certamente non in modo neutro. E chi vi dice che la tecnologia \u00e8 un mezzo ed \u00e8 neutro sicuramente ha una zappa e una vanga a casa ma non ha capito cosa ha in tasca: il suo telefono.<\/span><\/p>\n<h4 style=\"text-align: center;\"><span style=\"color: #000000;\">LA TECNOLOGIA NON E&#8217; NEUTRA<\/span><\/h4>\n<p style=\"text-align: justify;\"><span style=\"color: #000000;\">La tecnologia non \u00e8 un mezzo neutro. Non pi\u00f9. Lo era la zappa, il coltello, la macchina da scrivere. Ma sicuramente quello che abbiamo tutti in tasca neutro non \u00e8. Non dipende solo da come lo usiamo ma sempre di pi\u00f9 anche da come lui forse ci sta usando.<\/span><\/p>\n<p style=\"text-align: justify;\"><span style=\"color: #000000;\"><img loading=\"lazy\" decoding=\"async\" class=\" wp-image-56212 alignright\" src=\"https:\/\/www.rassegnastampa-totustuus.it\/cattolica\/wp-content\/uploads\/2023\/04\/Microsoft_tecnologia_informatica.jpg\" alt=\"Un gigante della Intelligenza artificiale e della tecnologia\" width=\"304\" height=\"228\" \/>Questa \u00e8 una rivoluzione, nel senso che cambia le cose, ed \u00e8 caratterizzata dalla parolina: irreversibilit\u00e0. Vi sar\u00e0 magari capitato di andare in auto seguendo il navigatore e scoprire ad un certo punto che si \u00e8 sbagliato ma non potete girare e dovete farvi quattordici chilometri a marcia indietro perch\u00e9 il navigatore ha sbagliato strada. Ci sono situazioni, specialmente quelle in cui c\u2019entra la tecnologia, che una volta imboccata una strada non si torna indietro. Pensate ad una cosa un po\u2019 banale: chi usa ancora le candele? Neppure la nonna ha pi\u00f9 nel cassetto una candela per quando va via la luce, perch\u00e9 abbiamo il faro da stadio del telefonino. <\/span><\/p>\n<p style=\"text-align: justify;\"><span style=\"color: #000000;\">Questa \u00e8 la irreversibilit\u00e0 della tecnica: se assumiamo una tecnologia e questa tecnologia diventa parte del nostro quotidiano ovunque \u00e8 difficile tornare indietro; anzi, \u00e8 quasi impossibile. Prima allora di infilarci in una strada e dover fare marcia indietro per quattordici chilometri bisognerebbe chiederci in quali strade stiamo entrando e dove ci portano, perch\u00e9 poi accade che se usiamo quello che abbiamo tra le mani senza pensare a cosa stiamo facendo arriviamo a fare questo: (<em>il relatore mostra due giovani che si fanno un selfie davanti all\u2019ex campo di sterminio di Auschwitz <\/em>n.d.r)<\/span>.<\/p>\n<p style=\"text-align: justify;\"><span style=\"color: #000000;\">Quanto vi pesa essere costantemente sotto processo, sotto giudizio? E doverlo essere, perch\u00e9 se non hai Instagram non hai una vita sociale ma questo significa dover costantemente mostrare, mostrarsi, dire\u2026<\/span><\/p>\n<h4 style=\"text-align: center;\"><span style=\"color: #000000;\"><strong>DIGITALIZZAZIONE E DIGITISMO<\/strong><\/span><\/h4>\n<p style=\"text-align: justify;\"><span style=\"color: #000000;\"><img loading=\"lazy\" decoding=\"async\" class=\" wp-image-33912 alignleft\" src=\"https:\/\/www.rassegnastampa-totustuus.it\/cattolica\/wp-content\/uploads\/2010\/04\/nativi_digitali.jpg\" alt=\"\" width=\"305\" height=\"205\" \/>Arrivo al punto. Personalmente sono favorevole alla tecnologia, dunque si alla digitalizzazione perch\u00e9 lo abbiamo sempre fatto e fa parte del nostro essere umani in quanto siamo tecnologici da sempre ed \u00e8 l\u2019essere umano che costruisce tecnologia. Banalmente anche il linguaggio \u00e8 un artefatto tecnologico, abbiamo inventato le palafitte e il modo di avere il fuoco senza aspettare il fulmine. Noi umani siamo tecnologici. Anzi, solo gli umani lo sono. Si, la Lontra fa le dighe ma fa solo quello e sulla Luna non c\u2019\u00e8 andata<\/span>.<\/p>\n<p style=\"text-align: justify;\"><span style=\"color: #000000;\">La digitalizzazione \u00e8 parte di noi ma il <em>digitismo<\/em>, ovvero il far diventare questa una roba non pensata, non scelta, non voluta e che subiamo, ci disumanizza. Se parliamo di intelligenza artificiale verosimilmente ci rincretinisce. L\u2019IA non \u00e8 sicuramente intelligente ma ha una capacit\u00e0 intelligente: di rincretinirci, il che \u2013 come il selfie davanti ad Auschwitz.\u2013 non \u00e8 una buonissima idea.<\/span><\/p>\n<p style=\"text-align: justify;\"><span style=\"color: #000000;\">L\u2019Esodo 31-1,6 \u00e8 l\u2019unico brano della Scrittura in cui ad un essere umano sono date determinate caratteristiche: saggezza, intelligenza e scienza in ogni genere di lavoro. Per la Bibbia l\u2019essere umano che fa tecnologia, usando saggezza, intelligenza e scienza la fa secondo il cuore di Dio, cio\u00e8 fa tecnologia in modo tale che questa permette all\u2019essere umano innanzitutto di essere pienamente se stesso.<\/span><\/p>\n<p style=\"text-align: justify;\"><span style=\"color: #000000;\">Cosa mi pu\u00f2 importare di ogni artefatto tecnologico se mi porta via quello che sono?<\/span><\/p>\n<h4 style=\"text-align: center;\"><span style=\"color: #000000;\"><strong>IA E TECNOLOGIA. CARLO ACUTIS<\/strong><\/span><\/h4>\n<p style=\"text-align: justify;\"><span style=\"color: #000000;\"><img loading=\"lazy\" decoding=\"async\" class=\" wp-image-57351 alignright\" src=\"https:\/\/www.rassegnastampa-totustuus.it\/cattolica\/wp-content\/uploads\/2023\/11\/Carlo_Acutis_santi.jpg\" alt=\"\" width=\"363\" height=\"236\" \/>Concludo parlando di<\/span> <span style=\"color: #0000ff;\"><a style=\"color: #0000ff;\" href=\"https:\/\/www.causesanti.va\/it\/santi-e-beati\/carlo-acutis.html\" target=\"_blank\" rel=\"noopener\">Carlo Acutis<\/a><\/span>, <span style=\"color: #000000;\">un beato, un ragazzino morto giovane e santo perch\u00e9 ha vissuto la vita in un certo modo.<\/span><\/p>\n<p style=\"text-align: justify;\"><span style=\"color: #000000;\">Carlo \u00e8 un ragazzo normale che andava pi\u00f9 o meno bene a scuola ed era appassionato di informatica, che allora era agli albori. Ma era anche cintura nera di catechismo. Lo propongo perch\u00e9 quello che lui ha intuito da ragazzino pu\u00f2 essere interessante oggi per noi: quale spiritualit\u00e0 al tempo dell\u2019intelligenza artificiale? che tipo di spiritualit\u00e0 al tempo dell\u2019intelligenza artificiale ci permette di avere saggezza, intelligenza e scienza? che tipo di atteggiamento interiore ed esteriore ci pu\u00f2 aiutare a costruire tecnica che umanizzi? ovvero una societ\u00e0 con delle regole e dei limiti che mi custodiscano. Carlo credo possa raccontarcelo.<\/span><\/p>\n<p style=\"text-align: justify;\"><span style=\"color: #000000;\">Lui aveva tre punti fermi nella vita: il rosario, l\u2019eucarestia e il demonio. <\/span><\/p>\n<p style=\"text-align: justify;\"><span style=\"color: #000000;\">Il rosario \u00e8 una serie di Ave Maria con dei misteri, che sono pezzi della vita di Ges\u00f9; scopo del rosario \u00e8 meditare la vita di Ges\u00f9 con l\u2019obiettivo dell\u2019eternit\u00e0. E vivere senza la paura di dover morire pu\u00f2 essere interessante. Una vita escatologicamente orientata significa vivere una vita a manetta, bella, piena, senza la paura della morte e addirittura costruendo nella mia vita di qua il mio futuro di la. Questa \u00e8 l\u2019escatologia. Il rosario serve a meditare la vita di Ges\u00f9, ovvero uno che la morte l\u2019ha fregata perch\u00e9 \u00e8 risorto. Cos\u2019\u00e8 allora una tecnologia escatologicamente orientata? E\u2019 una tecnologia che ci permette di essere liberi di volere che quello che facciamo giorno per giorno e quello che stiamo diventando ci faccia scegliere la nostra eternit\u00e0.<\/span><\/p>\n<p style=\"text-align: justify;\"><span style=\"color: #000000;\">Un esempio banale: se l\u2019algoritmo del social che usiamo decide cosa dobbiamo pensare e come dobbiamo vestire, quell\u2019algoritmo e quell\u2019oggetto sono tecnologia che non orienta, nel senso che permette di essere liberi, ma che spinge ad essere consumatori, che \u00e8 un\u2019altra roba. Fare codice non \u00e8 neutrale e farlo con questi principi significa pensarsi nell\u2019eterno gi\u00e0 adesso<\/span>.<\/p>\n<h4 style=\"text-align: center;\"><span style=\"color: #000000;\"><strong>IA E TECNOLOGIA. CARLO ACUTIS E L&#8217;EUCARESTIA<\/strong><\/span><\/h4>\n<p style=\"text-align: justify;\"><span style=\"color: #000000;\"><img loading=\"lazy\" decoding=\"async\" class=\" wp-image-56598 alignleft\" src=\"https:\/\/www.rassegnastampa-totustuus.it\/cattolica\/wp-content\/uploads\/2023\/06\/eucarestia_adorazione_ostensorio.jpg\" alt=\"Carlo Acutis insegna che con la spiritualit\u00e0 si governa IA e tecnologia\" width=\"331\" height=\"234\" \/>L\u2019eucarestia per Carlo era il centro della sua vita. Per un cristiano l\u2019eucarestia \u00e8 la presenza reale di Cristo, vero Dio e vero uomo ed \u00e8 complicato esserlo in contemporanea ma questa complicatezza diventa una ricchezza nella misura in cui l\u2019eucarestia mi consegna l\u2019equilibrio dinamico, ovvero il tenere insieme pezzi che sembra non possano stare insieme: et, et. La digitalizzazione rispetto al digitismo \u00e8 questo et, et: avere una vita digitale ma anche una vita reale. Non che il digitale non sia reale, ma c\u2019\u00e8 una vita che non sia solo digitale?<\/span><\/p>\n<p style=\"text-align: justify;\"><span style=\"color: #000000;\">L\u2019eucarestia racconta questo a Carlo Acutis.<\/span><\/p>\n<p style=\"text-align: justify;\"><span style=\"color: #000000;\">Lui fa una serie di siti internet in cui racconta i miracoli eucaristici e la cosa interessante \u00e8 che lui fa in digitale una mostra sui miracoli eucaristici che hanno a che fare con una cosa \u2013 l\u2019eucarestia \u2013 che vivi solo in presenza reale. La comunione non si pu\u00f2 fare attraverso il televisore. Senza questo equilibrio dinamico si rischia di andare da una parte o dall\u2019altra e di rimanere squilibrati in tutti i sensi.<\/span><\/p>\n<p style=\"text-align: justify;\"><span style=\"color: #000000;\">Il demonio \u00e8 il male \u2013 <em>diaballo <\/em>in greco significa colui che separa \u2013 perch\u00e9 noi siamo fatti per stare con, per abbracciare, per annusare l\u2019altro. Siamo fatti per essere fuori da noi stessi e andare oltre. Perch\u00e9 il successo di queste tecnologie? Perch\u00e9 si basano su un concetto di fondo: la comunicazione, l\u2019informazione, il darsi il riceversi, il raccontarsi. Il demonio, il male, \u00e8 esattamente l\u2019antitesi di questo e ci vuole soli, isolati; perch\u00e9 se si \u00e8 soli ci distrugge: se si \u00e8 isolati si diventa tristi e se si \u00e8 tristi poi ci si ammazza. Il diavolo odia la vita, che \u00e8 relazione.<\/span><\/p>\n<h4 style=\"text-align: center;\"><strong>IL POTERE DI TECNOLOGIA E AI<\/strong><\/h4>\n<p style=\"text-align: justify;\"><span style=\"color: #000000;\"><img loading=\"lazy\" decoding=\"async\" class=\"wp-image-55621 alignright\" src=\"https:\/\/www.rassegnastampa-totustuus.it\/cattolica\/wp-content\/uploads\/2023\/02\/algoritmi_tecnologia-300x168.jpg\" alt=\"\" width=\"391\" height=\"219\" \/>La tecnologia ha un potere immenso: isolarci e separarci per farci fare, farci dire o non farci dire. Ma ha anche un potere opposto. Pensate a quanto \u00e8 stato importante in pandemia che una persona morente in ospedale potesse salutare attraverso un tablet i suoi nipoti e dirgli addio. Ma cosa significa se sei talmente solo da passare il resto dei tuoi giorni a parlare con<\/span> <a href=\"https:\/\/www.tuttotech.net\/tag\/siri\" target=\"_blank\" rel=\"noopener\"><span style=\"color: #0000ff;\">Siri<\/span>.<\/a> <span style=\"color: #000000;\">Se i tuoi segreti e la tua vita la racconti solo a Siri, che ti dar\u00e0 sempre ragione e dir\u00e0 che fai sempre bene e poi arriver\u00e0 a dire: sparati: ed \u00e8 successo. I tuoi amici se li chiami alle tre di notte ti mandano a quel paese; Siri c\u2019\u00e8 sempre. Voi sapete cosa c\u2019\u00e8 dentro ad un computer? C\u2019\u00e8 del silicio, ovvero sabbia. E\u2019 possibile che il nostro amico sia un mucchietto di sabbia?<\/span><\/p>\n<p style=\"text-align: justify;\"><span style=\"color: #000000;\">Carlo cosa ci insegna? Che a chi fa tecnologia, a chi la vende, a chi la insegna e a chi la programma va detto che questo \u00e8 un potere e a un grande potere corrisponde una grande responsabilit\u00e0.<\/span><\/p>\n<p style=\"text-align: justify;\"><span style=\"color: #000000;\">La tecnologia \u00e8 potere che condiziona la nostra vita. Come la voglio? che mondo desidero? come spendo questo potere in un tempo che ci chiede di essere radicali, ovvero tornare alla radice?<\/span> <span style=\"color: #0000ff;\"><a style=\"color: #0000ff;\" href=\"https:\/\/www.youtube.com\/watch?v=ddFUlss9zBU\" target=\"_blank\" rel=\"noopener\">Ve lo faccio vedere con un video<\/a><\/span><\/p>\n<p style=\"text-align: justify;\"><span style=\"color: #000000;\">Su IA e tecnologia Carlo Acutis credo ci insegni questo: costruire tecnologia, condividere tecnologia che ci permetta di avere lo sguardo di quella bambina stupito, umano e di meraviglia sul mondo. Uno sguardo non pi\u00f9 cieco, ottuso ma saggio, intelligente, pieno di scienza; che ci permetta di essere pi\u00f9 umani, pi\u00f9 intelligenti. Uno sguardo che ci permetta semplicemente di essere quello che siamo.<\/span><\/p>\n<p style=\"text-align: justify;\">_____________________<\/p>\n<p style=\"text-align: justify;\"><span style=\"color: #000000;\"><strong>Luca Peyron<\/strong>: presbitero diocesano \u00e8 direttore della<\/span> <span style=\"color: #0000ff;\"><a style=\"color: #0000ff;\" href=\"https:\/\/www.universitari.to.it\/\" target=\"_blank\" rel=\"noopener\">Pastorale Universitaria<\/a><\/span> d<span style=\"color: #000000;\">ell&#8217;Arcidiocesi di Torino e delegato regionale, coordinatore de<\/span>l <span style=\"color: #0000ff;\"><a style=\"color: #0000ff;\" href=\"https:\/\/www.apostolatodigitale.it\/\" target=\"_blank\" rel=\"noopener\">Servizio per l&#8217;Apostolato Digitale<\/a><\/span>, <span style=\"color: #000000;\">membro della consulta nazionale della Cei per l&#8217;Educazione, la Scuola e l&#8217;Universit\u00e0, membro del comitato di redazione della rivista <em>Vocazioni<\/em> della Cei, collabora con la Congregazione per l&#8217;Educazione Cattolica presso la Santa Sede. Membro dell&#8217;Associazione Italiana per lo studio della Morale collabora con blog <em>Moralia<\/em> in particolare sui temi della trasformazione digitale.<\/span><\/p>\n<h4 style=\"text-align: justify;\"><strong>Le altre relazioni pubblicate:<\/strong><\/h4>\n<p style=\"text-align: justify;\"><a href=\"https:\/\/www.rassegnastampa-totustuus.it\/cattolica\/intelligenza-artificiale-e-tecnologia-digitale-la-dimensione-etica\/\" target=\"_blank\" rel=\"noopener\">I<span style=\"color: #0000ff;\">ntelligenza artificiale e tecnologia digitale. La dimensione etica<\/span><\/a> \u2013<span style=\"color: #000000;\"> prof.ssa <strong>Daniela Tafani<\/strong><\/span><\/p>\n<p style=\"text-align: justify;\"><span style=\"color: #0000ff;\"><a style=\"color: #0000ff;\" href=\"https:\/\/www.rassegnastampa-totustuus.it\/cattolica\/intelligenza-artificiale-tecnologia-digitale-democrazia-e-algoretica\/\" target=\"_blank\" rel=\"noopener\">Intelligenza artificiale, tecnologia digitale, democrazia e algoterica<\/a><\/span><strong> \u2013 Paolo Benanti<\/strong><\/p>\n<p><span style=\"color: #0000ff;\"><a style=\"color: #0000ff;\" href=\"https:\/\/www.rassegnastampa-totustuus.it\/cattolica\/57526-2\/\" target=\"_blank\" rel=\"noopener\">Democrazia, Costituzione e intelligenza artificiale<\/a> <strong><span style=\"color: #000000;\">&#8211; Giulio M. Salerno<\/span><\/strong><\/span><\/p>\n<p><span style=\"color: #0000ff;\"><a style=\"color: #0000ff;\" href=\"https:\/\/www.rassegnastampa-totustuus.it\/cattolica\/come-lintelligenza-artificiale-apprende\/\" target=\"_blank\" rel=\"noopener\">Come l\u2019intelligenza artificiale apprende<\/a><\/span>\u00a0\u2013\u00a0<strong>Andrea Bonarini<\/strong><\/p>\n<p><span style=\"color: #0000ff;\"><a style=\"color: #0000ff;\" href=\"https:\/\/www.rassegnastampa-totustuus.it\/cattolica\/intelligenza-artificiale-e-lavoro-che-cambia\/\" target=\"_blank\" rel=\"noopener\">Intelligenza artificiale e lavoro che cambia <\/a><\/span><strong><a href=\"_wp_link_placeholder\">&#8211;<\/a> Ivana Pais<\/strong><\/p>\n","protected":false},"excerpt":{"rendered":"<p>Nuove tecnologie e intelligenza artificiale. Esperienza del limite e desiderio di infinito Cuneo 21-24 Settembre 2023 Relazione di don Luca Peyron all\u2019Incontro nazionale di studi delle Acli nazionali LA DIMENSIONE SPIRITUALE DELL&#8217;INTELLIGENZA ARTIFICIALE (testo non rivisto dal relatore )<\/p><p><a class=\"more-link btn\" href=\"https:\/\/www.rassegnastampa-totustuus.it\/cattolica\/ia-tecnologia-e-carlo-acutis\/\">Continua a leggere<\/a><\/p>\n","protected":false},"author":6,"featured_media":56207,"comment_status":"closed","ping_status":"closed","sticky":false,"template":"","format":"standard","meta":{"footnotes":""},"categories":[2956],"tags":[2898,1852,2817,2816],"class_list":["post-57350","post","type-post","status-publish","format-standard","has-post-thumbnail","hentry","category-tecnologia","tag-intelligenza-artificiale","tag-spiritualita","tag-tecnologia","tag-tecnologia-digitale","item-wrap"],"yoast_head":"<!-- This site is optimized with the Yoast SEO plugin v27.5 - https:\/\/yoast.com\/product\/yoast-seo-wordpress\/ -->\n<title>IA, tecnologia e Carlo Acutis - Rassegna Stampa Cattolica<\/title>\n<meta name=\"description\" content=\"IA , tecnologia. e Carlo Acutis. Il beato insegna che con una dimensione spirituale si resta umani anche nel mondo digitale\" \/>\n<meta name=\"robots\" content=\"index, follow, max-snippet:-1, max-image-preview:large, max-video-preview:-1\" \/>\n<link rel=\"canonical\" href=\"https:\/\/www.rassegnastampa-totustuus.it\/cattolica\/ia-tecnologia-e-carlo-acutis\/\" \/>\n<meta property=\"og:locale\" content=\"it_IT\" \/>\n<meta property=\"og:type\" content=\"article\" \/>\n<meta property=\"og:title\" content=\"IA, tecnologia e Carlo Acutis - Rassegna Stampa Cattolica\" \/>\n<meta property=\"og:description\" content=\"IA , tecnologia. e Carlo Acutis. Il beato insegna che con una dimensione spirituale si resta umani anche nel mondo digitale\" \/>\n<meta property=\"og:url\" content=\"https:\/\/www.rassegnastampa-totustuus.it\/cattolica\/ia-tecnologia-e-carlo-acutis\/\" \/>\n<meta property=\"og:site_name\" content=\"Rassegna Stampa Cattolica\" \/>\n<meta property=\"article:publisher\" content=\"https:\/\/www.facebook.com\/rassegnastampacattolica\" \/>\n<meta property=\"article:published_time\" content=\"2023-11-14T11:04:03+00:00\" \/>\n<meta property=\"article:modified_time\" content=\"2023-12-16T16:04:26+00:00\" \/>\n<meta property=\"og:image\" content=\"https:\/\/www.rassegnastampa-totustuus.it\/cattolica\/wp-content\/uploads\/2023\/04\/tecnologia_intelligenza_artificiale.jpg\" \/>\n\t<meta property=\"og:image:width\" content=\"275\" \/>\n\t<meta property=\"og:image:height\" content=\"183\" \/>\n\t<meta property=\"og:image:type\" content=\"image\/jpeg\" \/>\n<meta name=\"author\" content=\"Redazione\" \/>\n<meta name=\"twitter:card\" content=\"summary_large_image\" \/>\n<meta name=\"twitter:creator\" content=\"@rassegnastampa9\" \/>\n<meta name=\"twitter:site\" content=\"@rassegnastampa9\" \/>\n<meta name=\"twitter:label1\" content=\"Scritto da\" \/>\n\t<meta name=\"twitter:data1\" content=\"Redazione\" \/>\n\t<meta name=\"twitter:label2\" content=\"Tempo di lettura stimato\" \/>\n\t<meta name=\"twitter:data2\" content=\"12 minuti\" \/>\n<script type=\"application\/ld+json\" class=\"yoast-schema-graph\">{\"@context\":\"https:\\\/\\\/schema.org\",\"@graph\":[{\"@type\":\"Article\",\"@id\":\"https:\\\/\\\/www.rassegnastampa-totustuus.it\\\/cattolica\\\/ia-tecnologia-e-carlo-acutis\\\/#article\",\"isPartOf\":{\"@id\":\"https:\\\/\\\/www.rassegnastampa-totustuus.it\\\/cattolica\\\/ia-tecnologia-e-carlo-acutis\\\/\"},\"author\":{\"name\":\"Redazione\",\"@id\":\"https:\\\/\\\/www.rassegnastampa-totustuus.it\\\/cattolica\\\/#\\\/schema\\\/person\\\/08f319d2bd1a0904ad9e2bfb7b15e5c3\"},\"headline\":\"IA, tecnologia e Carlo Acutis\",\"datePublished\":\"2023-11-14T11:04:03+00:00\",\"dateModified\":\"2023-12-16T16:04:26+00:00\",\"mainEntityOfPage\":{\"@id\":\"https:\\\/\\\/www.rassegnastampa-totustuus.it\\\/cattolica\\\/ia-tecnologia-e-carlo-acutis\\\/\"},\"wordCount\":1833,\"publisher\":{\"@id\":\"https:\\\/\\\/www.rassegnastampa-totustuus.it\\\/cattolica\\\/#organization\"},\"image\":{\"@id\":\"https:\\\/\\\/www.rassegnastampa-totustuus.it\\\/cattolica\\\/ia-tecnologia-e-carlo-acutis\\\/#primaryimage\"},\"thumbnailUrl\":\"https:\\\/\\\/www.rassegnastampa-totustuus.it\\\/cattolica\\\/wp-content\\\/uploads\\\/2023\\\/04\\\/tecnologia_intelligenza_artificiale.jpg\",\"keywords\":[\"intelligenza artificiale\",\"spiritualit\u00e0\",\"tecnologia\",\"tecnologia digitale\"],\"articleSection\":[\"Tecnologia\"],\"inLanguage\":\"it-IT\"},{\"@type\":\"WebPage\",\"@id\":\"https:\\\/\\\/www.rassegnastampa-totustuus.it\\\/cattolica\\\/ia-tecnologia-e-carlo-acutis\\\/\",\"url\":\"https:\\\/\\\/www.rassegnastampa-totustuus.it\\\/cattolica\\\/ia-tecnologia-e-carlo-acutis\\\/\",\"name\":\"IA, tecnologia e Carlo Acutis - Rassegna Stampa Cattolica\",\"isPartOf\":{\"@id\":\"https:\\\/\\\/www.rassegnastampa-totustuus.it\\\/cattolica\\\/#website\"},\"primaryImageOfPage\":{\"@id\":\"https:\\\/\\\/www.rassegnastampa-totustuus.it\\\/cattolica\\\/ia-tecnologia-e-carlo-acutis\\\/#primaryimage\"},\"image\":{\"@id\":\"https:\\\/\\\/www.rassegnastampa-totustuus.it\\\/cattolica\\\/ia-tecnologia-e-carlo-acutis\\\/#primaryimage\"},\"thumbnailUrl\":\"https:\\\/\\\/www.rassegnastampa-totustuus.it\\\/cattolica\\\/wp-content\\\/uploads\\\/2023\\\/04\\\/tecnologia_intelligenza_artificiale.jpg\",\"datePublished\":\"2023-11-14T11:04:03+00:00\",\"dateModified\":\"2023-12-16T16:04:26+00:00\",\"description\":\"IA , tecnologia. e Carlo Acutis. Il beato insegna che con una dimensione spirituale si resta umani anche nel mondo digitale\",\"breadcrumb\":{\"@id\":\"https:\\\/\\\/www.rassegnastampa-totustuus.it\\\/cattolica\\\/ia-tecnologia-e-carlo-acutis\\\/#breadcrumb\"},\"inLanguage\":\"it-IT\",\"potentialAction\":[{\"@type\":\"ReadAction\",\"target\":[\"https:\\\/\\\/www.rassegnastampa-totustuus.it\\\/cattolica\\\/ia-tecnologia-e-carlo-acutis\\\/\"]}]},{\"@type\":\"ImageObject\",\"inLanguage\":\"it-IT\",\"@id\":\"https:\\\/\\\/www.rassegnastampa-totustuus.it\\\/cattolica\\\/ia-tecnologia-e-carlo-acutis\\\/#primaryimage\",\"url\":\"https:\\\/\\\/www.rassegnastampa-totustuus.it\\\/cattolica\\\/wp-content\\\/uploads\\\/2023\\\/04\\\/tecnologia_intelligenza_artificiale.jpg\",\"contentUrl\":\"https:\\\/\\\/www.rassegnastampa-totustuus.it\\\/cattolica\\\/wp-content\\\/uploads\\\/2023\\\/04\\\/tecnologia_intelligenza_artificiale.jpg\",\"width\":275,\"height\":183,\"caption\":\"Intelligenza artificiale e tecnologia digitale\"},{\"@type\":\"BreadcrumbList\",\"@id\":\"https:\\\/\\\/www.rassegnastampa-totustuus.it\\\/cattolica\\\/ia-tecnologia-e-carlo-acutis\\\/#breadcrumb\",\"itemListElement\":[{\"@type\":\"ListItem\",\"position\":1,\"name\":\"Home\",\"item\":\"https:\\\/\\\/www.rassegnastampa-totustuus.it\\\/cattolica\\\/\"},{\"@type\":\"ListItem\",\"position\":2,\"name\":\"IA, tecnologia e Carlo Acutis\"}]},{\"@type\":\"WebSite\",\"@id\":\"https:\\\/\\\/www.rassegnastampa-totustuus.it\\\/cattolica\\\/#website\",\"url\":\"https:\\\/\\\/www.rassegnastampa-totustuus.it\\\/cattolica\\\/\",\"name\":\"Rassegna Stampa Cattolica\",\"description\":\"Per una cultura che nasce dalla Rivelazione cristiana in conformit\u00e0 alla tradizione e al Magistero della Chiesa in opposizione ad ogni relativismo e totalitarismo\",\"publisher\":{\"@id\":\"https:\\\/\\\/www.rassegnastampa-totustuus.it\\\/cattolica\\\/#organization\"},\"alternateName\":\"Rass. Cattolica\",\"potentialAction\":[{\"@type\":\"SearchAction\",\"target\":{\"@type\":\"EntryPoint\",\"urlTemplate\":\"https:\\\/\\\/www.rassegnastampa-totustuus.it\\\/cattolica\\\/?s={search_term_string}\"},\"query-input\":{\"@type\":\"PropertyValueSpecification\",\"valueRequired\":true,\"valueName\":\"search_term_string\"}}],\"inLanguage\":\"it-IT\"},{\"@type\":\"Organization\",\"@id\":\"https:\\\/\\\/www.rassegnastampa-totustuus.it\\\/cattolica\\\/#organization\",\"name\":\"Rassegna Stampa Cattolica\",\"url\":\"https:\\\/\\\/www.rassegnastampa-totustuus.it\\\/cattolica\\\/\",\"logo\":{\"@type\":\"ImageObject\",\"inLanguage\":\"it-IT\",\"@id\":\"https:\\\/\\\/www.rassegnastampa-totustuus.it\\\/cattolica\\\/#\\\/schema\\\/logo\\\/image\\\/\",\"url\":\"https:\\\/\\\/www.rassegnastampa-totustuus.it\\\/cattolica\\\/wp-content\\\/uploads\\\/2014\\\/04\\\/logo-rassegna1.gif\",\"contentUrl\":\"https:\\\/\\\/www.rassegnastampa-totustuus.it\\\/cattolica\\\/wp-content\\\/uploads\\\/2014\\\/04\\\/logo-rassegna1.gif\",\"width\":600,\"height\":163,\"caption\":\"Rassegna Stampa Cattolica\"},\"image\":{\"@id\":\"https:\\\/\\\/www.rassegnastampa-totustuus.it\\\/cattolica\\\/#\\\/schema\\\/logo\\\/image\\\/\"},\"sameAs\":[\"https:\\\/\\\/www.facebook.com\\\/rassegnastampacattolica\",\"https:\\\/\\\/x.com\\\/rassegnastampa9\"]},{\"@type\":\"Person\",\"@id\":\"https:\\\/\\\/www.rassegnastampa-totustuus.it\\\/cattolica\\\/#\\\/schema\\\/person\\\/08f319d2bd1a0904ad9e2bfb7b15e5c3\",\"name\":\"Redazione\",\"image\":{\"@type\":\"ImageObject\",\"inLanguage\":\"it-IT\",\"@id\":\"https:\\\/\\\/secure.gravatar.com\\\/avatar\\\/2fcdf27c78ea025fbdb44e914cc63c72249ffec9dc8aafd5c82b26240ef3f346?s=96&d=mm&r=g\",\"url\":\"https:\\\/\\\/secure.gravatar.com\\\/avatar\\\/2fcdf27c78ea025fbdb44e914cc63c72249ffec9dc8aafd5c82b26240ef3f346?s=96&d=mm&r=g\",\"contentUrl\":\"https:\\\/\\\/secure.gravatar.com\\\/avatar\\\/2fcdf27c78ea025fbdb44e914cc63c72249ffec9dc8aafd5c82b26240ef3f346?s=96&d=mm&r=g\",\"caption\":\"Redazione\"},\"url\":\"https:\\\/\\\/www.rassegnastampa-totustuus.it\\\/cattolica\\\/author\\\/pietroelle\\\/\"}]}<\/script>\n<!-- \/ Yoast SEO plugin. -->","yoast_head_json":{"title":"IA, tecnologia e Carlo Acutis - Rassegna Stampa Cattolica","description":"IA , tecnologia. e Carlo Acutis. Il beato insegna che con una dimensione spirituale si resta umani anche nel mondo digitale","robots":{"index":"index","follow":"follow","max-snippet":"max-snippet:-1","max-image-preview":"max-image-preview:large","max-video-preview":"max-video-preview:-1"},"canonical":"https:\/\/www.rassegnastampa-totustuus.it\/cattolica\/ia-tecnologia-e-carlo-acutis\/","og_locale":"it_IT","og_type":"article","og_title":"IA, tecnologia e Carlo Acutis - Rassegna Stampa Cattolica","og_description":"IA , tecnologia. e Carlo Acutis. Il beato insegna che con una dimensione spirituale si resta umani anche nel mondo digitale","og_url":"https:\/\/www.rassegnastampa-totustuus.it\/cattolica\/ia-tecnologia-e-carlo-acutis\/","og_site_name":"Rassegna Stampa Cattolica","article_publisher":"https:\/\/www.facebook.com\/rassegnastampacattolica","article_published_time":"2023-11-14T11:04:03+00:00","article_modified_time":"2023-12-16T16:04:26+00:00","og_image":[{"width":275,"height":183,"url":"https:\/\/www.rassegnastampa-totustuus.it\/cattolica\/wp-content\/uploads\/2023\/04\/tecnologia_intelligenza_artificiale.jpg","type":"image\/jpeg"}],"author":"Redazione","twitter_card":"summary_large_image","twitter_creator":"@rassegnastampa9","twitter_site":"@rassegnastampa9","twitter_misc":{"Scritto da":"Redazione","Tempo di lettura stimato":"12 minuti"},"schema":{"@context":"https:\/\/schema.org","@graph":[{"@type":"Article","@id":"https:\/\/www.rassegnastampa-totustuus.it\/cattolica\/ia-tecnologia-e-carlo-acutis\/#article","isPartOf":{"@id":"https:\/\/www.rassegnastampa-totustuus.it\/cattolica\/ia-tecnologia-e-carlo-acutis\/"},"author":{"name":"Redazione","@id":"https:\/\/www.rassegnastampa-totustuus.it\/cattolica\/#\/schema\/person\/08f319d2bd1a0904ad9e2bfb7b15e5c3"},"headline":"IA, tecnologia e Carlo Acutis","datePublished":"2023-11-14T11:04:03+00:00","dateModified":"2023-12-16T16:04:26+00:00","mainEntityOfPage":{"@id":"https:\/\/www.rassegnastampa-totustuus.it\/cattolica\/ia-tecnologia-e-carlo-acutis\/"},"wordCount":1833,"publisher":{"@id":"https:\/\/www.rassegnastampa-totustuus.it\/cattolica\/#organization"},"image":{"@id":"https:\/\/www.rassegnastampa-totustuus.it\/cattolica\/ia-tecnologia-e-carlo-acutis\/#primaryimage"},"thumbnailUrl":"https:\/\/www.rassegnastampa-totustuus.it\/cattolica\/wp-content\/uploads\/2023\/04\/tecnologia_intelligenza_artificiale.jpg","keywords":["intelligenza artificiale","spiritualit\u00e0","tecnologia","tecnologia digitale"],"articleSection":["Tecnologia"],"inLanguage":"it-IT"},{"@type":"WebPage","@id":"https:\/\/www.rassegnastampa-totustuus.it\/cattolica\/ia-tecnologia-e-carlo-acutis\/","url":"https:\/\/www.rassegnastampa-totustuus.it\/cattolica\/ia-tecnologia-e-carlo-acutis\/","name":"IA, tecnologia e Carlo Acutis - Rassegna Stampa Cattolica","isPartOf":{"@id":"https:\/\/www.rassegnastampa-totustuus.it\/cattolica\/#website"},"primaryImageOfPage":{"@id":"https:\/\/www.rassegnastampa-totustuus.it\/cattolica\/ia-tecnologia-e-carlo-acutis\/#primaryimage"},"image":{"@id":"https:\/\/www.rassegnastampa-totustuus.it\/cattolica\/ia-tecnologia-e-carlo-acutis\/#primaryimage"},"thumbnailUrl":"https:\/\/www.rassegnastampa-totustuus.it\/cattolica\/wp-content\/uploads\/2023\/04\/tecnologia_intelligenza_artificiale.jpg","datePublished":"2023-11-14T11:04:03+00:00","dateModified":"2023-12-16T16:04:26+00:00","description":"IA , tecnologia. e Carlo Acutis. Il beato insegna che con una dimensione spirituale si resta umani anche nel mondo digitale","breadcrumb":{"@id":"https:\/\/www.rassegnastampa-totustuus.it\/cattolica\/ia-tecnologia-e-carlo-acutis\/#breadcrumb"},"inLanguage":"it-IT","potentialAction":[{"@type":"ReadAction","target":["https:\/\/www.rassegnastampa-totustuus.it\/cattolica\/ia-tecnologia-e-carlo-acutis\/"]}]},{"@type":"ImageObject","inLanguage":"it-IT","@id":"https:\/\/www.rassegnastampa-totustuus.it\/cattolica\/ia-tecnologia-e-carlo-acutis\/#primaryimage","url":"https:\/\/www.rassegnastampa-totustuus.it\/cattolica\/wp-content\/uploads\/2023\/04\/tecnologia_intelligenza_artificiale.jpg","contentUrl":"https:\/\/www.rassegnastampa-totustuus.it\/cattolica\/wp-content\/uploads\/2023\/04\/tecnologia_intelligenza_artificiale.jpg","width":275,"height":183,"caption":"Intelligenza artificiale e tecnologia digitale"},{"@type":"BreadcrumbList","@id":"https:\/\/www.rassegnastampa-totustuus.it\/cattolica\/ia-tecnologia-e-carlo-acutis\/#breadcrumb","itemListElement":[{"@type":"ListItem","position":1,"name":"Home","item":"https:\/\/www.rassegnastampa-totustuus.it\/cattolica\/"},{"@type":"ListItem","position":2,"name":"IA, tecnologia e Carlo Acutis"}]},{"@type":"WebSite","@id":"https:\/\/www.rassegnastampa-totustuus.it\/cattolica\/#website","url":"https:\/\/www.rassegnastampa-totustuus.it\/cattolica\/","name":"Rassegna Stampa Cattolica","description":"Per una cultura che nasce dalla Rivelazione cristiana in conformit\u00e0 alla tradizione e al Magistero della Chiesa in opposizione ad ogni relativismo e totalitarismo","publisher":{"@id":"https:\/\/www.rassegnastampa-totustuus.it\/cattolica\/#organization"},"alternateName":"Rass. Cattolica","potentialAction":[{"@type":"SearchAction","target":{"@type":"EntryPoint","urlTemplate":"https:\/\/www.rassegnastampa-totustuus.it\/cattolica\/?s={search_term_string}"},"query-input":{"@type":"PropertyValueSpecification","valueRequired":true,"valueName":"search_term_string"}}],"inLanguage":"it-IT"},{"@type":"Organization","@id":"https:\/\/www.rassegnastampa-totustuus.it\/cattolica\/#organization","name":"Rassegna Stampa Cattolica","url":"https:\/\/www.rassegnastampa-totustuus.it\/cattolica\/","logo":{"@type":"ImageObject","inLanguage":"it-IT","@id":"https:\/\/www.rassegnastampa-totustuus.it\/cattolica\/#\/schema\/logo\/image\/","url":"https:\/\/www.rassegnastampa-totustuus.it\/cattolica\/wp-content\/uploads\/2014\/04\/logo-rassegna1.gif","contentUrl":"https:\/\/www.rassegnastampa-totustuus.it\/cattolica\/wp-content\/uploads\/2014\/04\/logo-rassegna1.gif","width":600,"height":163,"caption":"Rassegna Stampa Cattolica"},"image":{"@id":"https:\/\/www.rassegnastampa-totustuus.it\/cattolica\/#\/schema\/logo\/image\/"},"sameAs":["https:\/\/www.facebook.com\/rassegnastampacattolica","https:\/\/x.com\/rassegnastampa9"]},{"@type":"Person","@id":"https:\/\/www.rassegnastampa-totustuus.it\/cattolica\/#\/schema\/person\/08f319d2bd1a0904ad9e2bfb7b15e5c3","name":"Redazione","image":{"@type":"ImageObject","inLanguage":"it-IT","@id":"https:\/\/secure.gravatar.com\/avatar\/2fcdf27c78ea025fbdb44e914cc63c72249ffec9dc8aafd5c82b26240ef3f346?s=96&d=mm&r=g","url":"https:\/\/secure.gravatar.com\/avatar\/2fcdf27c78ea025fbdb44e914cc63c72249ffec9dc8aafd5c82b26240ef3f346?s=96&d=mm&r=g","contentUrl":"https:\/\/secure.gravatar.com\/avatar\/2fcdf27c78ea025fbdb44e914cc63c72249ffec9dc8aafd5c82b26240ef3f346?s=96&d=mm&r=g","caption":"Redazione"},"url":"https:\/\/www.rassegnastampa-totustuus.it\/cattolica\/author\/pietroelle\/"}]}},"_links":{"self":[{"href":"https:\/\/www.rassegnastampa-totustuus.it\/cattolica\/wp-json\/wp\/v2\/posts\/57350","targetHints":{"allow":["GET"]}}],"collection":[{"href":"https:\/\/www.rassegnastampa-totustuus.it\/cattolica\/wp-json\/wp\/v2\/posts"}],"about":[{"href":"https:\/\/www.rassegnastampa-totustuus.it\/cattolica\/wp-json\/wp\/v2\/types\/post"}],"author":[{"embeddable":true,"href":"https:\/\/www.rassegnastampa-totustuus.it\/cattolica\/wp-json\/wp\/v2\/users\/6"}],"replies":[{"embeddable":true,"href":"https:\/\/www.rassegnastampa-totustuus.it\/cattolica\/wp-json\/wp\/v2\/comments?post=57350"}],"version-history":[{"count":16,"href":"https:\/\/www.rassegnastampa-totustuus.it\/cattolica\/wp-json\/wp\/v2\/posts\/57350\/revisions"}],"predecessor-version":[{"id":58261,"href":"https:\/\/www.rassegnastampa-totustuus.it\/cattolica\/wp-json\/wp\/v2\/posts\/57350\/revisions\/58261"}],"wp:featuredmedia":[{"embeddable":true,"href":"https:\/\/www.rassegnastampa-totustuus.it\/cattolica\/wp-json\/wp\/v2\/media\/56207"}],"wp:attachment":[{"href":"https:\/\/www.rassegnastampa-totustuus.it\/cattolica\/wp-json\/wp\/v2\/media?parent=57350"}],"wp:term":[{"taxonomy":"category","embeddable":true,"href":"https:\/\/www.rassegnastampa-totustuus.it\/cattolica\/wp-json\/wp\/v2\/categories?post=57350"},{"taxonomy":"post_tag","embeddable":true,"href":"https:\/\/www.rassegnastampa-totustuus.it\/cattolica\/wp-json\/wp\/v2\/tags?post=57350"}],"curies":[{"name":"wp","href":"https:\/\/api.w.org\/{rel}","templated":true}]}}