{"id":5733,"date":"2013-10-03T00:00:00","date_gmt":"2013-10-02T22:00:00","guid":{"rendered":""},"modified":"2015-06-10T14:34:07","modified_gmt":"2015-06-10T12:34:07","slug":"padre-gheddo-missionario-senza-se-e-senza-ma","status":"publish","type":"post","link":"https:\/\/www.rassegnastampa-totustuus.it\/cattolica\/padre-gheddo-missionario-senza-se-e-senza-ma\/","title":{"rendered":"Padre Gheddo, missionario &quot;senza se e senza ma\u201d"},"content":{"rendered":"<div style=\"text-align: justify;\"><em><a href=\"https:\/\/www.rassegnastampa-totustuus.it\/cattolica\/wp-content\/uploads\/2013\/10\/Pietro-Gheddo.jpg\"><img loading=\"lazy\" decoding=\"async\" class=\"alignleft wp-image-25932 size-full\" src=\"https:\/\/www.rassegnastampa-totustuus.it\/cattolica\/wp-content\/uploads\/2013\/10\/Pietro-Gheddo.jpg\" alt=\"Pietro Gheddo\" width=\"200\" height=\"200\" srcset=\"https:\/\/www.rassegnastampa-totustuus.it\/cattolica\/wp-content\/uploads\/2013\/10\/Pietro-Gheddo.jpg 200w, https:\/\/www.rassegnastampa-totustuus.it\/cattolica\/wp-content\/uploads\/2013\/10\/Pietro-Gheddo-150x150.jpg 150w\" sizes=\"auto, (max-width: 200px) 100vw, 200px\" \/><\/a>Dalla prefazione al libro &#8220;Missione senza se e senza\u00a0ma&#8221;, EMI 2013, pagine 254 19 settembre 2013<\/em><\/div>\n<p style=\"text-align: center;\">di <strong>Sandro\u00a0 Magister<\/strong><\/p>\n<p style=\"text-align: justify;\"><strong> Alla vigilia dell&#8217;ultimo conclave,\u00a0 il cardinale argentino che sarebbe divenuto papa aveva ammonito:<\/strong> \u00abCi\u00a0sono due\u00a0immagini di Chiesa: la Chiesa evangelizzatrice che esce da\u00a0se stessa, o\u00a0 la\u00a0Chiesa mondana che vive in s\u00e9, da s\u00e9, per s\u00e9\u00bb. Il dramma della Chiesa\u00a0 cattolica\u00a0di questi ultimi decenni \u00e8 tutto qui. La Chiesa missionaria, che\u00a0 sembrava al culmine della sua spinta espansiva all&#8217;inizio del Concilio\u00a0 Vaticano II, ha avuto un repentino crollo. Ed \u00e8 stata largamente soppiantata da una Chiesa che si\u00a0 diceva e si dice pi\u00f9 &#8220;aperta&#8221;, ma\u00a0 talmente aperta al mondo da vederlo salvato\u00a0 anche senza conoscere\u00a0 e accogliere Cristo, e quindi anche senza annuncio del\u00a0 Vangelo e\u00a0 conversione e battesimo, in breve, senza pi\u00f9 missione.<\/p>\n<p style=\"text-align: justify;\"><!--more--><\/p>\n<p style=\"text-align: justify;\"><strong>Padre Piero Gheddo \u00e8 un testimone straordinario di\u00a0<\/strong><strong>questo dramma<\/strong>. Missionario da sessant&#8217;anni, ne ha vissute in prima linea tutte le fasi, che qui racconta e analizza con molte rivelazioni inedite riprese dai suoi fogli di\u00a0diario. Soprattutto sui retroscena di due documenti capitali alla cui scrittura egli lavor\u00f2 intensamente: il decreto conciliare sulle missioni e l&#8217;enciclica con cui un quarto di secolo dopo Giovanni Paolo II tent\u00f2 di ravvivare nella Chiesa quella coscienza missionaria che sembrava sul punto di perdersi.<\/p>\n<p style=\"text-align: justify;\"><strong>Al Concilio,\u00a0<\/strong><strong>padre Gheddo fu chiamato subito come perito<\/strong>. E presto cap\u00ec che \u00abla missione alle genti era considerata l\u2019ultima o la penultima ruota del carro ecclesiale\u00bb. La stesura di quello che divent\u00f2 alla fine il decreto &#8220;Ad gentes&#8221; pass\u00f2 attraverso sette rifacimenti successivi. Rischi\u00f2 di essere cancellato del tutto. A met\u00e0 del cammino il lavoro fin l\u00ec fatto fu accantonato, con l&#8217;ordine perentorio di ridimensionare il tutto in un breve elenco di &#8220;proposte&#8221;.<\/p>\n<p style=\"text-align: justify;\"><strong>A risollevare le sorti del documento fu\u00a0<\/strong><strong>la capillare azione di convincimento messa in opera dai padri conciliari pi\u00f9\u00a0<\/strong><strong>impegnati sul campo<\/strong>. C&#8217;erano tra questi, ricorda padre Gheddo, dei \u00abmissionari di foresta che solo al vederli non si poteva dire loro di no\u00bb. Ci\u00f2 non toglie che \u00abc&#8217;era in commissione un senso di ansia, in qualcuno quasi di disperazione\u00bb. Il miracolo avvenne sul finire del Concilio. Dopo ulteriori, faticosissime riscritture, il decreto fu approvato nell&#8217;ultima seduta pubblica con 2.394 voti favorevoli e solo 5 contrari, il pi\u00f9 alto livello di unanimit\u00e0 mai raggiunto.<\/p>\n<p style=\"text-align: justify;\"><strong>Gi\u00e0 nell&#8217;immediato\u00a0<\/strong><strong>dopoconcilio, tuttavia, il sogno di una nuova Pentecoste\u00a0<\/strong><strong>missionaria<\/strong> cedette il passo a una realt\u00e0 opposta. Si riduceva l&#8217;obbligo di evangelizzare a impegno sociale. Ma il Padre non ha mandato il Figlio sulla terra per scavare pozzi, n\u00e9 la Chiesa pu\u00f2 ridursi a un&#8217;agenzia di pronto soccorso. Per contrastare questa deriva, Paolo VI convoca nel 1974 un sinodo sull&#8217;evangelizzazione. L&#8217;anno dopo pubblica una esortazione apostolica, la &#8220;Evangelii nuntiandi&#8221;, per riaffermare con forza che \u00abanche la pi\u00f9 bella testimonianza si riveler\u00e0 a lungo impotente se il nome, l&#8217;insegnamento, la vita e le promesse, il regno, il mistero di Ges\u00f9 di Nazaret, Figlio di Dio, non sono proclamati\u00bb.<\/p>\n<p style=\"text-align: justify;\"><strong>\u00abMa Paolo\u00a0<\/strong><strong>VI non fu ascoltato\u00bb, commenta padre Gheddo<\/strong>. E anche il suo successore Giovanni Paolo II, con l&#8217;enciclica &#8220;Redemptoris missio&#8221; del 1990, si scontr\u00f2 con un muro di incomprensione. Il fuoco di sbarramento entr\u00f2 in azione prima ancora che l&#8217;enciclica fosse scritta. \u00c8 inutile, si obiettava, ha gi\u00e0 detto tutto il Concilio. Quando invece, spiega padre Gheddo, papa Karol Wojtyla voleva proprio dire forte ci\u00f2 su cui il decreto &#8220;Ad gentes&#8221; era stato troppo timido o silenzioso.<\/p>\n<p style=\"text-align: justify;\"><strong>Quando\u00a0<\/strong><strong>Giovanni Paolo II chiam\u00f2 a Roma padre Gheddo<\/strong> e gli affid\u00f2 il compito di scrivere l&#8217;enciclica, per il missionario cominciarono mesi di lavoro mozzafiato: \u00abscrivere, pregare, mangiare e dormire, nient\u2019altro\u00bb. Finito un capitolo, lo faceva arrivare al papa, che alcuni giorni dopo glielo rimandava con le sue annotazioni a margine, scritte a matita o con la biro: qui aggiungi questo, spiega meglio il concetto, cita questo passo del Vangelo. Ultimata la prima stesura, ce ne vollero una seconda e una terza, a loro volta inviate sotto segreto a una serie di persone, per raccoglierne le osservazioni.<\/p>\n<p style=\"text-align: justify;\">La segreteria di Stato coordinava il tutto e anche metteva del suo, smussando e cancellando le espressioni che giudicava &#8220;non adatte a un papa&#8221;. Ma lo stile diretto, &#8220;giornalistico&#8221;, di padre Gheddo, che papa Wojtyla aveva voluto, in buona misura \u00e8 rimasto. La &#8220;Redemptoris missio&#8221; \u00e8 l&#8217;enciclica meglio scritta delle quattordici di quel pontificato.<\/p>\n<p style=\"text-align: justify;\"><strong>Poi \u00e8 venuto Benedetto XVI, anche lui papa\u00a0<\/strong><strong>dalla fortissima sensibilit\u00e0 evangelizzatrice<\/strong> e anche lui in questo largamente incompreso. Il 3 dicembre 2007, festa del missionario per eccellenza Francesco Saverio, la congregazione per la dottrina della fede pubblica una &#8220;Nota dottrinale su alcuni aspetti dell\u2019evangelizzazione&#8221; che inizia diagnosticando con molto realismo l&#8217;anemia missionaria della Chiesa attuale: \u00abSi dice che basta aiutare gli uomini a essere pi\u00f9 uomini o pi\u00f9 fedeli alla propria religione, che basta costruire comunit\u00e0 capaci di operare per la giustizia, la libert\u00e0, la pace, la solidariet\u00e0. Inoltre, alcuni sostengono che non si dovrebbe annunciare Cristo a chi non lo conosce, n\u00e9 favorire l&#8217;adesione alla Chiesa, poich\u00e9 sarebbe possibile essere salvati anche senza\u00bb. Eppure anche questo documento \u00e8 parso cadere nel vuoto. \u00ab\u00c8 stato quasi ignorato dalla stampa cattolica e missionaria\u00bb, scrive padre Gheddo.<\/p>\n<p style=\"text-align: justify;\"><strong>Nonostante tutto, il libro termina con\u00a0<\/strong><strong>annotazioni cariche di fiducia<\/strong>. Al crollo delle vocazioni missionarie nel vecchio mondo corrisponde la vitalit\u00e0 delle giovani Chiese, che si fanno esse stesse missionarie fuori dei propri paesi. In Africa, in Asia, l&#8217;espansione del cattolicesimo \u00e8 pi\u00f9 vivace che mai. Ma proprio i leader di queste giovani Chiese sono convinti che il ruolo dei missionari italiani, europei, nordamericani non deve essere consegnato al passato. Padre Gheddo riporta le parole di un vescovo del Camerun: \u00abAbbiamo una fede certamente molto viva e ne ringraziamo il Signore, ma \u00e8 una fede emozionale, superficiale, non ancora penetrata in profondit\u00e0. Se non avessimo pi\u00f9 missionari stranieri, sono convinto che in venti o trent\u2019anni torneremmo sotto gli alberi a fare sacrifici agli spiriti. I missionari ci portano il respiro della Chiesa universale, che ha una storia e una tradizione che noi non abbiamo\u00bb.<\/p>\n<p style=\"text-align: justify;\"><strong>Con papa Francesco\u00a0<\/strong><strong>la sfida continua<\/strong>. In questo libro, padre Gheddo ce la racconta come mai nessuno prima di lui ha fatto.<\/p>\n","protected":false},"excerpt":{"rendered":"<p>Dalla prefazione al libro &#8220;Missione senza se e senza\u00a0ma&#8221;, EMI 2013, pagine 254 19 settembre 2013 di Sandro\u00a0 Magister Alla vigilia dell&#8217;ultimo conclave,\u00a0 il cardinale argentino che sarebbe divenuto papa aveva ammonito: \u00abCi\u00a0sono due\u00a0immagini di Chiesa: la Chiesa evangelizzatrice che esce da\u00a0se stessa, o\u00a0 la\u00a0Chiesa mondana che vive in s\u00e9, da s\u00e9, per s\u00e9\u00bb. Il &hellip; <\/p>\n<p><a class=\"more-link btn\" href=\"https:\/\/www.rassegnastampa-totustuus.it\/cattolica\/padre-gheddo-missionario-senza-se-e-senza-ma\/\">Continua a leggere<\/a><\/p>\n","protected":false},"author":6,"featured_media":25932,"comment_status":"closed","ping_status":"open","sticky":false,"template":"","format":"standard","meta":{"footnotes":""},"categories":[5,18],"tags":[1217,2229],"class_list":["post-5733","post","type-post","status-publish","format-standard","has-post-thumbnail","hentry","category-chiesa","category-personaggi","tag-missionari","tag-pietro-gheddo","item-wrap"],"yoast_head":"<!-- This site is optimized with the Yoast SEO plugin v27.5 - https:\/\/yoast.com\/product\/yoast-seo-wordpress\/ -->\n<title>Padre Gheddo, missionario &quot;senza se e senza ma\u201d - Rassegna Stampa Cattolica<\/title>\n<meta name=\"description\" content=\"Rassegna Stampa Cattolica - Per una cultura che nasce dalla Rivelazione cristiana in conformit\u00e0 alla tradizione e al Magistero della Chiesa in opposizione ad ogni relativismo e totalitarismo\" \/>\n<meta name=\"robots\" content=\"index, follow, max-snippet:-1, max-image-preview:large, max-video-preview:-1\" \/>\n<link rel=\"canonical\" href=\"https:\/\/www.rassegnastampa-totustuus.it\/cattolica\/padre-gheddo-missionario-senza-se-e-senza-ma\/\" \/>\n<meta property=\"og:locale\" content=\"it_IT\" \/>\n<meta property=\"og:type\" content=\"article\" \/>\n<meta property=\"og:title\" content=\"Padre Gheddo, missionario &quot;senza se e senza ma\u201d - Rassegna Stampa Cattolica\" \/>\n<meta property=\"og:description\" content=\"Rassegna Stampa Cattolica - Per una cultura che nasce dalla Rivelazione cristiana in conformit\u00e0 alla tradizione e al Magistero della Chiesa in opposizione ad ogni relativismo e totalitarismo\" \/>\n<meta property=\"og:url\" content=\"https:\/\/www.rassegnastampa-totustuus.it\/cattolica\/padre-gheddo-missionario-senza-se-e-senza-ma\/\" \/>\n<meta property=\"og:site_name\" content=\"Rassegna Stampa Cattolica\" \/>\n<meta property=\"article:publisher\" content=\"https:\/\/www.facebook.com\/rassegnastampacattolica\" \/>\n<meta property=\"article:published_time\" content=\"2013-10-02T22:00:00+00:00\" \/>\n<meta property=\"article:modified_time\" content=\"2015-06-10T12:34:07+00:00\" \/>\n<meta property=\"og:image\" content=\"https:\/\/www.rassegnastampa-totustuus.it\/cattolica\/wp-content\/uploads\/2013\/10\/Pietro-Gheddo.jpg\" \/>\n\t<meta property=\"og:image:width\" content=\"200\" \/>\n\t<meta property=\"og:image:height\" content=\"200\" \/>\n\t<meta property=\"og:image:type\" content=\"image\/jpeg\" \/>\n<meta name=\"author\" content=\"Redazione\" \/>\n<meta name=\"twitter:card\" content=\"summary_large_image\" \/>\n<meta name=\"twitter:creator\" content=\"@rassegnastampa9\" \/>\n<meta name=\"twitter:site\" content=\"@rassegnastampa9\" \/>\n<meta name=\"twitter:label1\" content=\"Scritto da\" \/>\n\t<meta name=\"twitter:data1\" content=\"Redazione\" \/>\n\t<meta name=\"twitter:label2\" content=\"Tempo di lettura stimato\" \/>\n\t<meta name=\"twitter:data2\" content=\"5 minuti\" \/>\n<script type=\"application\/ld+json\" class=\"yoast-schema-graph\">{\"@context\":\"https:\\\/\\\/schema.org\",\"@graph\":[{\"@type\":\"Article\",\"@id\":\"https:\\\/\\\/www.rassegnastampa-totustuus.it\\\/cattolica\\\/padre-gheddo-missionario-senza-se-e-senza-ma\\\/#article\",\"isPartOf\":{\"@id\":\"https:\\\/\\\/www.rassegnastampa-totustuus.it\\\/cattolica\\\/padre-gheddo-missionario-senza-se-e-senza-ma\\\/\"},\"author\":{\"name\":\"Redazione\",\"@id\":\"https:\\\/\\\/www.rassegnastampa-totustuus.it\\\/cattolica\\\/#\\\/schema\\\/person\\\/08f319d2bd1a0904ad9e2bfb7b15e5c3\"},\"headline\":\"Padre Gheddo, missionario &quot;senza se e senza ma\u201d\",\"datePublished\":\"2013-10-02T22:00:00+00:00\",\"dateModified\":\"2015-06-10T12:34:07+00:00\",\"mainEntityOfPage\":{\"@id\":\"https:\\\/\\\/www.rassegnastampa-totustuus.it\\\/cattolica\\\/padre-gheddo-missionario-senza-se-e-senza-ma\\\/\"},\"wordCount\":1038,\"publisher\":{\"@id\":\"https:\\\/\\\/www.rassegnastampa-totustuus.it\\\/cattolica\\\/#organization\"},\"image\":{\"@id\":\"https:\\\/\\\/www.rassegnastampa-totustuus.it\\\/cattolica\\\/padre-gheddo-missionario-senza-se-e-senza-ma\\\/#primaryimage\"},\"thumbnailUrl\":\"https:\\\/\\\/www.rassegnastampa-totustuus.it\\\/cattolica\\\/wp-content\\\/uploads\\\/2013\\\/10\\\/Pietro-Gheddo.jpg\",\"keywords\":[\"missionari\",\"Pietro Gheddo\"],\"articleSection\":[\"Chiesa\",\"Personaggi\"],\"inLanguage\":\"it-IT\"},{\"@type\":\"WebPage\",\"@id\":\"https:\\\/\\\/www.rassegnastampa-totustuus.it\\\/cattolica\\\/padre-gheddo-missionario-senza-se-e-senza-ma\\\/\",\"url\":\"https:\\\/\\\/www.rassegnastampa-totustuus.it\\\/cattolica\\\/padre-gheddo-missionario-senza-se-e-senza-ma\\\/\",\"name\":\"Padre Gheddo, missionario &quot;senza se e senza ma\u201d - Rassegna Stampa Cattolica\",\"isPartOf\":{\"@id\":\"https:\\\/\\\/www.rassegnastampa-totustuus.it\\\/cattolica\\\/#website\"},\"primaryImageOfPage\":{\"@id\":\"https:\\\/\\\/www.rassegnastampa-totustuus.it\\\/cattolica\\\/padre-gheddo-missionario-senza-se-e-senza-ma\\\/#primaryimage\"},\"image\":{\"@id\":\"https:\\\/\\\/www.rassegnastampa-totustuus.it\\\/cattolica\\\/padre-gheddo-missionario-senza-se-e-senza-ma\\\/#primaryimage\"},\"thumbnailUrl\":\"https:\\\/\\\/www.rassegnastampa-totustuus.it\\\/cattolica\\\/wp-content\\\/uploads\\\/2013\\\/10\\\/Pietro-Gheddo.jpg\",\"datePublished\":\"2013-10-02T22:00:00+00:00\",\"dateModified\":\"2015-06-10T12:34:07+00:00\",\"description\":\"Rassegna Stampa Cattolica - Per una cultura che nasce dalla Rivelazione cristiana in conformit\u00e0 alla tradizione e al Magistero della Chiesa in opposizione ad ogni relativismo e totalitarismo\",\"breadcrumb\":{\"@id\":\"https:\\\/\\\/www.rassegnastampa-totustuus.it\\\/cattolica\\\/padre-gheddo-missionario-senza-se-e-senza-ma\\\/#breadcrumb\"},\"inLanguage\":\"it-IT\",\"potentialAction\":[{\"@type\":\"ReadAction\",\"target\":[\"https:\\\/\\\/www.rassegnastampa-totustuus.it\\\/cattolica\\\/padre-gheddo-missionario-senza-se-e-senza-ma\\\/\"]}]},{\"@type\":\"ImageObject\",\"inLanguage\":\"it-IT\",\"@id\":\"https:\\\/\\\/www.rassegnastampa-totustuus.it\\\/cattolica\\\/padre-gheddo-missionario-senza-se-e-senza-ma\\\/#primaryimage\",\"url\":\"https:\\\/\\\/www.rassegnastampa-totustuus.it\\\/cattolica\\\/wp-content\\\/uploads\\\/2013\\\/10\\\/Pietro-Gheddo.jpg\",\"contentUrl\":\"https:\\\/\\\/www.rassegnastampa-totustuus.it\\\/cattolica\\\/wp-content\\\/uploads\\\/2013\\\/10\\\/Pietro-Gheddo.jpg\",\"width\":200,\"height\":200},{\"@type\":\"BreadcrumbList\",\"@id\":\"https:\\\/\\\/www.rassegnastampa-totustuus.it\\\/cattolica\\\/padre-gheddo-missionario-senza-se-e-senza-ma\\\/#breadcrumb\",\"itemListElement\":[{\"@type\":\"ListItem\",\"position\":1,\"name\":\"Home\",\"item\":\"https:\\\/\\\/www.rassegnastampa-totustuus.it\\\/cattolica\\\/\"},{\"@type\":\"ListItem\",\"position\":2,\"name\":\"Padre Gheddo, missionario &quot;senza se e senza ma\u201d\"}]},{\"@type\":\"WebSite\",\"@id\":\"https:\\\/\\\/www.rassegnastampa-totustuus.it\\\/cattolica\\\/#website\",\"url\":\"https:\\\/\\\/www.rassegnastampa-totustuus.it\\\/cattolica\\\/\",\"name\":\"Rassegna Stampa Cattolica\",\"description\":\"Per una cultura che nasce dalla Rivelazione cristiana in conformit\u00e0 alla tradizione e al Magistero della Chiesa in opposizione ad ogni relativismo e totalitarismo\",\"publisher\":{\"@id\":\"https:\\\/\\\/www.rassegnastampa-totustuus.it\\\/cattolica\\\/#organization\"},\"alternateName\":\"Rass. Cattolica\",\"potentialAction\":[{\"@type\":\"SearchAction\",\"target\":{\"@type\":\"EntryPoint\",\"urlTemplate\":\"https:\\\/\\\/www.rassegnastampa-totustuus.it\\\/cattolica\\\/?s={search_term_string}\"},\"query-input\":{\"@type\":\"PropertyValueSpecification\",\"valueRequired\":true,\"valueName\":\"search_term_string\"}}],\"inLanguage\":\"it-IT\"},{\"@type\":\"Organization\",\"@id\":\"https:\\\/\\\/www.rassegnastampa-totustuus.it\\\/cattolica\\\/#organization\",\"name\":\"Rassegna Stampa Cattolica\",\"url\":\"https:\\\/\\\/www.rassegnastampa-totustuus.it\\\/cattolica\\\/\",\"logo\":{\"@type\":\"ImageObject\",\"inLanguage\":\"it-IT\",\"@id\":\"https:\\\/\\\/www.rassegnastampa-totustuus.it\\\/cattolica\\\/#\\\/schema\\\/logo\\\/image\\\/\",\"url\":\"https:\\\/\\\/www.rassegnastampa-totustuus.it\\\/cattolica\\\/wp-content\\\/uploads\\\/2014\\\/04\\\/logo-rassegna1.gif\",\"contentUrl\":\"https:\\\/\\\/www.rassegnastampa-totustuus.it\\\/cattolica\\\/wp-content\\\/uploads\\\/2014\\\/04\\\/logo-rassegna1.gif\",\"width\":600,\"height\":163,\"caption\":\"Rassegna Stampa Cattolica\"},\"image\":{\"@id\":\"https:\\\/\\\/www.rassegnastampa-totustuus.it\\\/cattolica\\\/#\\\/schema\\\/logo\\\/image\\\/\"},\"sameAs\":[\"https:\\\/\\\/www.facebook.com\\\/rassegnastampacattolica\",\"https:\\\/\\\/x.com\\\/rassegnastampa9\"]},{\"@type\":\"Person\",\"@id\":\"https:\\\/\\\/www.rassegnastampa-totustuus.it\\\/cattolica\\\/#\\\/schema\\\/person\\\/08f319d2bd1a0904ad9e2bfb7b15e5c3\",\"name\":\"Redazione\",\"image\":{\"@type\":\"ImageObject\",\"inLanguage\":\"it-IT\",\"@id\":\"https:\\\/\\\/secure.gravatar.com\\\/avatar\\\/2fcdf27c78ea025fbdb44e914cc63c72249ffec9dc8aafd5c82b26240ef3f346?s=96&d=mm&r=g\",\"url\":\"https:\\\/\\\/secure.gravatar.com\\\/avatar\\\/2fcdf27c78ea025fbdb44e914cc63c72249ffec9dc8aafd5c82b26240ef3f346?s=96&d=mm&r=g\",\"contentUrl\":\"https:\\\/\\\/secure.gravatar.com\\\/avatar\\\/2fcdf27c78ea025fbdb44e914cc63c72249ffec9dc8aafd5c82b26240ef3f346?s=96&d=mm&r=g\",\"caption\":\"Redazione\"},\"url\":\"https:\\\/\\\/www.rassegnastampa-totustuus.it\\\/cattolica\\\/author\\\/pietroelle\\\/\"}]}<\/script>\n<!-- \/ Yoast SEO plugin. -->","yoast_head_json":{"title":"Padre Gheddo, missionario &quot;senza se e senza ma\u201d - Rassegna Stampa Cattolica","description":"Rassegna Stampa Cattolica - Per una cultura che nasce dalla Rivelazione cristiana in conformit\u00e0 alla tradizione e al Magistero della Chiesa in opposizione ad ogni relativismo e totalitarismo","robots":{"index":"index","follow":"follow","max-snippet":"max-snippet:-1","max-image-preview":"max-image-preview:large","max-video-preview":"max-video-preview:-1"},"canonical":"https:\/\/www.rassegnastampa-totustuus.it\/cattolica\/padre-gheddo-missionario-senza-se-e-senza-ma\/","og_locale":"it_IT","og_type":"article","og_title":"Padre Gheddo, missionario &quot;senza se e senza ma\u201d - Rassegna Stampa Cattolica","og_description":"Rassegna Stampa Cattolica - Per una cultura che nasce dalla Rivelazione cristiana in conformit\u00e0 alla tradizione e al Magistero della Chiesa in opposizione ad ogni relativismo e totalitarismo","og_url":"https:\/\/www.rassegnastampa-totustuus.it\/cattolica\/padre-gheddo-missionario-senza-se-e-senza-ma\/","og_site_name":"Rassegna Stampa Cattolica","article_publisher":"https:\/\/www.facebook.com\/rassegnastampacattolica","article_published_time":"2013-10-02T22:00:00+00:00","article_modified_time":"2015-06-10T12:34:07+00:00","og_image":[{"width":200,"height":200,"url":"https:\/\/www.rassegnastampa-totustuus.it\/cattolica\/wp-content\/uploads\/2013\/10\/Pietro-Gheddo.jpg","type":"image\/jpeg"}],"author":"Redazione","twitter_card":"summary_large_image","twitter_creator":"@rassegnastampa9","twitter_site":"@rassegnastampa9","twitter_misc":{"Scritto da":"Redazione","Tempo di lettura stimato":"5 minuti"},"schema":{"@context":"https:\/\/schema.org","@graph":[{"@type":"Article","@id":"https:\/\/www.rassegnastampa-totustuus.it\/cattolica\/padre-gheddo-missionario-senza-se-e-senza-ma\/#article","isPartOf":{"@id":"https:\/\/www.rassegnastampa-totustuus.it\/cattolica\/padre-gheddo-missionario-senza-se-e-senza-ma\/"},"author":{"name":"Redazione","@id":"https:\/\/www.rassegnastampa-totustuus.it\/cattolica\/#\/schema\/person\/08f319d2bd1a0904ad9e2bfb7b15e5c3"},"headline":"Padre Gheddo, missionario &quot;senza se e senza ma\u201d","datePublished":"2013-10-02T22:00:00+00:00","dateModified":"2015-06-10T12:34:07+00:00","mainEntityOfPage":{"@id":"https:\/\/www.rassegnastampa-totustuus.it\/cattolica\/padre-gheddo-missionario-senza-se-e-senza-ma\/"},"wordCount":1038,"publisher":{"@id":"https:\/\/www.rassegnastampa-totustuus.it\/cattolica\/#organization"},"image":{"@id":"https:\/\/www.rassegnastampa-totustuus.it\/cattolica\/padre-gheddo-missionario-senza-se-e-senza-ma\/#primaryimage"},"thumbnailUrl":"https:\/\/www.rassegnastampa-totustuus.it\/cattolica\/wp-content\/uploads\/2013\/10\/Pietro-Gheddo.jpg","keywords":["missionari","Pietro Gheddo"],"articleSection":["Chiesa","Personaggi"],"inLanguage":"it-IT"},{"@type":"WebPage","@id":"https:\/\/www.rassegnastampa-totustuus.it\/cattolica\/padre-gheddo-missionario-senza-se-e-senza-ma\/","url":"https:\/\/www.rassegnastampa-totustuus.it\/cattolica\/padre-gheddo-missionario-senza-se-e-senza-ma\/","name":"Padre Gheddo, missionario &quot;senza se e senza ma\u201d - Rassegna Stampa Cattolica","isPartOf":{"@id":"https:\/\/www.rassegnastampa-totustuus.it\/cattolica\/#website"},"primaryImageOfPage":{"@id":"https:\/\/www.rassegnastampa-totustuus.it\/cattolica\/padre-gheddo-missionario-senza-se-e-senza-ma\/#primaryimage"},"image":{"@id":"https:\/\/www.rassegnastampa-totustuus.it\/cattolica\/padre-gheddo-missionario-senza-se-e-senza-ma\/#primaryimage"},"thumbnailUrl":"https:\/\/www.rassegnastampa-totustuus.it\/cattolica\/wp-content\/uploads\/2013\/10\/Pietro-Gheddo.jpg","datePublished":"2013-10-02T22:00:00+00:00","dateModified":"2015-06-10T12:34:07+00:00","description":"Rassegna Stampa Cattolica - Per una cultura che nasce dalla Rivelazione cristiana in conformit\u00e0 alla tradizione e al Magistero della Chiesa in opposizione ad ogni relativismo e totalitarismo","breadcrumb":{"@id":"https:\/\/www.rassegnastampa-totustuus.it\/cattolica\/padre-gheddo-missionario-senza-se-e-senza-ma\/#breadcrumb"},"inLanguage":"it-IT","potentialAction":[{"@type":"ReadAction","target":["https:\/\/www.rassegnastampa-totustuus.it\/cattolica\/padre-gheddo-missionario-senza-se-e-senza-ma\/"]}]},{"@type":"ImageObject","inLanguage":"it-IT","@id":"https:\/\/www.rassegnastampa-totustuus.it\/cattolica\/padre-gheddo-missionario-senza-se-e-senza-ma\/#primaryimage","url":"https:\/\/www.rassegnastampa-totustuus.it\/cattolica\/wp-content\/uploads\/2013\/10\/Pietro-Gheddo.jpg","contentUrl":"https:\/\/www.rassegnastampa-totustuus.it\/cattolica\/wp-content\/uploads\/2013\/10\/Pietro-Gheddo.jpg","width":200,"height":200},{"@type":"BreadcrumbList","@id":"https:\/\/www.rassegnastampa-totustuus.it\/cattolica\/padre-gheddo-missionario-senza-se-e-senza-ma\/#breadcrumb","itemListElement":[{"@type":"ListItem","position":1,"name":"Home","item":"https:\/\/www.rassegnastampa-totustuus.it\/cattolica\/"},{"@type":"ListItem","position":2,"name":"Padre Gheddo, missionario &quot;senza se e senza ma\u201d"}]},{"@type":"WebSite","@id":"https:\/\/www.rassegnastampa-totustuus.it\/cattolica\/#website","url":"https:\/\/www.rassegnastampa-totustuus.it\/cattolica\/","name":"Rassegna Stampa Cattolica","description":"Per una cultura che nasce dalla Rivelazione cristiana in conformit\u00e0 alla tradizione e al Magistero della Chiesa in opposizione ad ogni relativismo e totalitarismo","publisher":{"@id":"https:\/\/www.rassegnastampa-totustuus.it\/cattolica\/#organization"},"alternateName":"Rass. Cattolica","potentialAction":[{"@type":"SearchAction","target":{"@type":"EntryPoint","urlTemplate":"https:\/\/www.rassegnastampa-totustuus.it\/cattolica\/?s={search_term_string}"},"query-input":{"@type":"PropertyValueSpecification","valueRequired":true,"valueName":"search_term_string"}}],"inLanguage":"it-IT"},{"@type":"Organization","@id":"https:\/\/www.rassegnastampa-totustuus.it\/cattolica\/#organization","name":"Rassegna Stampa Cattolica","url":"https:\/\/www.rassegnastampa-totustuus.it\/cattolica\/","logo":{"@type":"ImageObject","inLanguage":"it-IT","@id":"https:\/\/www.rassegnastampa-totustuus.it\/cattolica\/#\/schema\/logo\/image\/","url":"https:\/\/www.rassegnastampa-totustuus.it\/cattolica\/wp-content\/uploads\/2014\/04\/logo-rassegna1.gif","contentUrl":"https:\/\/www.rassegnastampa-totustuus.it\/cattolica\/wp-content\/uploads\/2014\/04\/logo-rassegna1.gif","width":600,"height":163,"caption":"Rassegna Stampa Cattolica"},"image":{"@id":"https:\/\/www.rassegnastampa-totustuus.it\/cattolica\/#\/schema\/logo\/image\/"},"sameAs":["https:\/\/www.facebook.com\/rassegnastampacattolica","https:\/\/x.com\/rassegnastampa9"]},{"@type":"Person","@id":"https:\/\/www.rassegnastampa-totustuus.it\/cattolica\/#\/schema\/person\/08f319d2bd1a0904ad9e2bfb7b15e5c3","name":"Redazione","image":{"@type":"ImageObject","inLanguage":"it-IT","@id":"https:\/\/secure.gravatar.com\/avatar\/2fcdf27c78ea025fbdb44e914cc63c72249ffec9dc8aafd5c82b26240ef3f346?s=96&d=mm&r=g","url":"https:\/\/secure.gravatar.com\/avatar\/2fcdf27c78ea025fbdb44e914cc63c72249ffec9dc8aafd5c82b26240ef3f346?s=96&d=mm&r=g","contentUrl":"https:\/\/secure.gravatar.com\/avatar\/2fcdf27c78ea025fbdb44e914cc63c72249ffec9dc8aafd5c82b26240ef3f346?s=96&d=mm&r=g","caption":"Redazione"},"url":"https:\/\/www.rassegnastampa-totustuus.it\/cattolica\/author\/pietroelle\/"}]}},"_links":{"self":[{"href":"https:\/\/www.rassegnastampa-totustuus.it\/cattolica\/wp-json\/wp\/v2\/posts\/5733","targetHints":{"allow":["GET"]}}],"collection":[{"href":"https:\/\/www.rassegnastampa-totustuus.it\/cattolica\/wp-json\/wp\/v2\/posts"}],"about":[{"href":"https:\/\/www.rassegnastampa-totustuus.it\/cattolica\/wp-json\/wp\/v2\/types\/post"}],"author":[{"embeddable":true,"href":"https:\/\/www.rassegnastampa-totustuus.it\/cattolica\/wp-json\/wp\/v2\/users\/6"}],"replies":[{"embeddable":true,"href":"https:\/\/www.rassegnastampa-totustuus.it\/cattolica\/wp-json\/wp\/v2\/comments?post=5733"}],"version-history":[{"count":3,"href":"https:\/\/www.rassegnastampa-totustuus.it\/cattolica\/wp-json\/wp\/v2\/posts\/5733\/revisions"}],"predecessor-version":[{"id":25933,"href":"https:\/\/www.rassegnastampa-totustuus.it\/cattolica\/wp-json\/wp\/v2\/posts\/5733\/revisions\/25933"}],"wp:featuredmedia":[{"embeddable":true,"href":"https:\/\/www.rassegnastampa-totustuus.it\/cattolica\/wp-json\/wp\/v2\/media\/25932"}],"wp:attachment":[{"href":"https:\/\/www.rassegnastampa-totustuus.it\/cattolica\/wp-json\/wp\/v2\/media?parent=5733"}],"wp:term":[{"taxonomy":"category","embeddable":true,"href":"https:\/\/www.rassegnastampa-totustuus.it\/cattolica\/wp-json\/wp\/v2\/categories?post=5733"},{"taxonomy":"post_tag","embeddable":true,"href":"https:\/\/www.rassegnastampa-totustuus.it\/cattolica\/wp-json\/wp\/v2\/tags?post=5733"}],"curies":[{"name":"wp","href":"https:\/\/api.w.org\/{rel}","templated":true}]}}