{"id":57322,"date":"2023-11-13T11:18:32","date_gmt":"2023-11-13T10:18:32","guid":{"rendered":"https:\/\/www.rassegnastampa-totustuus.it\/cattolica\/?p=57322"},"modified":"2024-01-04T14:54:41","modified_gmt":"2024-01-04T13:54:41","slug":"woke-dittatura-che-unisce-femminismo-ecologia-e-lgbt","status":"publish","type":"post","link":"https:\/\/www.rassegnastampa-totustuus.it\/cattolica\/woke-dittatura-che-unisce-femminismo-ecologia-e-lgbt\/","title":{"rendered":"Woke, dittatura che unisce femminismo ecologia e Lgbt"},"content":{"rendered":"<p style=\"text-align: justify;\"><span style=\"color: #000000;\"><strong><img loading=\"lazy\" decoding=\"async\" class=\"alignright wp-image-50477 size-full\" src=\"https:\/\/www.rassegnastampa-totustuus.it\/cattolica\/wp-content\/uploads\/2021\/04\/Woke_usa_blak_live.jpg\" alt=\"Woke, dittatura che unisce femminismo ecologia e Lgbt\" width=\"205\" height=\"246\" \/>Abstract: <\/strong><em>Woke, dittatura che unisce femminismo ecologia e Lgbt \u00e8 una nuova lotta di classe che avvelena la societ\u00e0 alla quale occorre opporsi per non cadere in un nuovo totalitarismo. Come scriveva Solzhenitsyn non abbiamo forse la <\/em><em>forza, noi piccoli individui,\u00a0 di opporci all&#8217;enorme macchina totalitaria della menzogna, ma possiamo almeno fare in modo di non essere un punto di passaggio per la menzogna. Questa, in sintesi, \u00e8 la sfida che devono affrontare coloro che, in Francia e altrove in Occidente, si sono resi conto della natura fraudolenta degli eredi di Stalin.<\/em><\/span><\/p>\n<p><!--more--><\/p>\n<p style=\"text-align: center;\"><span style=\"color: #0000ff;\"><strong><a style=\"color: #0000ff;\" href=\"https:\/\/www.atfp.it\/\" target=\"_blank\" rel=\"noopener\">Tradizione Famiglia Propriet\u00e0<\/a> <\/strong><\/span><span style=\"color: #000000;\">n.99 Ottobre 2023<\/span><\/p>\n<h3 style=\"text-align: center;\"><span style=\"color: #000000;\"><strong>Francia: un libro denuncia la rivoluzione woke <\/strong><\/span><\/h3>\n<p style=\"text-align: center;\"><span style=\"color: #000000;\"><em>Un elemento integrante della \u201cpolicrisi\u201d \u00e8 la cosiddetta rivoluzione woke. Dopo essere sbarcata In Inghilterra, ecco che adesso dilaga anche in Francia<\/em><\/span><\/p>\n<p style=\"text-align: center;\"><span style=\"color: #000000;\">di <strong>Guillaume Thibaud <\/strong><\/span><\/p>\n<p style=\"text-align: justify;\"><span style=\"color: #000000;\">L&#8217;associazione francese <span style=\"color: #0000ff;\"><a style=\"color: #0000ff;\" href=\"https:\/\/avenirdelaculture.info\/\" target=\"_blank\" rel=\"noopener\"><em>Avvenir de la Culture<\/em> <\/a><\/span>ha recentemente pubblicato il libro la <img loading=\"lazy\" decoding=\"async\" class=\" wp-image-57326 alignleft\" src=\"https:\/\/www.rassegnastampa-totustuus.it\/cattolica\/wp-content\/uploads\/2023\/11\/woke_cover.jpeg\" alt=\"un libro denuncia la dittatura woke che unisce femminismo ecologia e Lgbt\" width=\"205\" height=\"303\" \/><span style=\"color: #0000ff;\"><a style=\"color: #0000ff;\" href=\"https:\/\/avenirdelaculture.info\/commandez\/la-r%C3%A9volution-woke-d%C3%A9barque-en-france\" target=\"_blank\" rel=\"noopener\"><em>R\u00e9volution woke d\u00e9barque en France<\/em><\/a><\/span> curato da Attilio Faoro, il libro racconta, dati alla mano, i progressi della rivoluzione culturale in corso in Francia. Nata nei campus nordamericani, l&#8217;ideologia Walker utilizza le ingiustizie subite dalle minoranze sessuali o razziali come pretesto per decostruire metodicamente la civilt\u00e0 occidentale. Gli attivisti Woke sostengono che i bianchi opprimano i neri, gli uomini opprimano le donne, gli eterosessuali opprimano gli omosessuali, i cristiani opprimano i musulmani, cos\u00ec come gli esseri umani gli animali! Tutto ci\u00f2 che un tempo era considerato degno di ammirazione &#8211; la virilit\u00e0, il matrimonio, la nostra letteratura, i nostri grandi uomini, la nostra civilt\u00e0 e, naturalmente, la nostra religione &#8211; \u00e8 ora considerato \u201ctossico\u201d e oppressivo.<\/span><\/p>\n<h4 style=\"text-align: center;\"><span style=\"color: #000000;\"><strong>Una nuova lotta di classe <\/strong><\/span><\/h4>\n<p style=\"text-align: justify;\"><span style=\"color: #000000;\">In sostanza, come dimostra il libro, il wokismo non \u00e8 altro che l&#8217;applicazione della lotta di classe marxista a tutte le relazioni umane. L&#8217;obiettivo \u00e8 lo stesso del comunismo: sovvertire l&#8217;ordine sociale e distruggere i resti della civilt\u00e0 cristiana. L&#8217;Europa, culla del cristianesimo, si dissolver\u00e0 nell&#8217;Africa; la famiglia scomparir\u00e0 sotto i colpi del femminismo e della teoria gender; l&#8217;uomo, istituito da Dio come padrone della creazione, riconoscer\u00e0 la dignit\u00e0 degli animali come uguale alla sua<\/span>.<\/p>\n<h4 style=\"text-align: center;\"><span style=\"color: #000000;\"><strong>\u201cDevono essere eliminati\u201d <\/strong><\/span><\/h4>\n<p style=\"text-align: justify;\"><span style=\"color: #000000;\"><img loading=\"lazy\" decoding=\"async\" class=\" wp-image-52437 alignright\" src=\"https:\/\/www.rassegnastampa-totustuus.it\/cattolica\/wp-content\/uploads\/2021\/09\/woke_rivoluzione-300x148.jpg\" alt=\"\" width=\"345\" height=\"170\" srcset=\"https:\/\/www.rassegnastampa-totustuus.it\/cattolica\/wp-content\/uploads\/2021\/09\/woke_rivoluzione-300x148.jpg 300w, https:\/\/www.rassegnastampa-totustuus.it\/cattolica\/wp-content\/uploads\/2021\/09\/woke_rivoluzione-768x378.jpg 768w, https:\/\/www.rassegnastampa-totustuus.it\/cattolica\/wp-content\/uploads\/2021\/09\/woke_rivoluzione-1024x504.jpg 1024w, https:\/\/www.rassegnastampa-totustuus.it\/cattolica\/wp-content\/uploads\/2021\/09\/woke_rivoluzione.jpg 1356w\" sizes=\"auto, (max-width: 345px) 100vw, 345px\" \/>Le dichiarazioni dei sostenitori di questa rivoluzione elencate da Attilio Faoro sono ammissioni altrettanto rivelatrici. \u201c<em>La nostra presenza sul suolo francese sta africanizzando, arabizzando, berberizzando, creolizzando e islamizzando la figlia primogenita della Chiesa, un tempo bianca e Immacolata<\/em>\u201d, si vanta l&#8217;attivista indigena Houria Bouteldja. \u201c<em>Non basta che ci aiutiamo a vicenda, dobbiamo a nostra volta eliminarli. Eliminarli dalle nostre menti, dalle nostre immagini, dalle nostre rappresentazioni<\/em>\u201d, scrive la femminista Alice Coffin a proposito degli uomini in <em>Le g\u00e9nie lesbien<\/em>. Prima di essere nominato ministro dell&#8217;Istruzione da Emmanuel Macron, l&#8217;accademico Pap Nadiaye ha espresso la sua avversione per la cultura francese in termini direttamente ispirati all&#8217;ideologia woke: \u201c<em>Il genio francese nasconde troppo spesso un universalismo sciovinista, maschile, bianco, eterosessuale<\/em>\u201d <\/span><\/p>\n<h4 style=\"text-align: center;\"><span style=\"color: #000000;\"><strong>Un lento veleno<\/strong><\/span><\/h4>\n<p style=\"text-align: justify;\"><span style=\"color: #000000;\"><img loading=\"lazy\" decoding=\"async\" class=\" wp-image-46704 alignleft\" src=\"https:\/\/www.rassegnastampa-totustuus.it\/cattolica\/wp-content\/uploads\/2020\/03\/adolescenti_giovani.jpg\" alt=\"Woke, la dittatura che unisce femminismo ecologia e Lgbt\" width=\"348\" height=\"261\" \/>Nonostante la minaccia per il futuro del loro paese e dei loro figli, molti francesi non sono consapevoli di questa insidiosa rivoluzione. Il libro edito da <em>Avenir de la Culture<\/em> ha scelto di metterli in guardia confrontandoli direttamente con i fatti. <\/span><span style=\"color: #000000;\">Sulla natura e le origini di questa rivoluzione sono stati pubblicati numerosi studi scientifici. Nel suddetto libro, l&#8217;associazione francese denuncia quali sono le conseguenze concrete di questa rivoluzione. Il lettore \u00e8 cos\u00ec invitato a capire che il wokismo non \u00e8 un&#8217;ideologia astratta che riguarda esclusivamente, se non principalmente, i cenacoli accademici in cui \u00e8 nata. Anzi, \u00e8 un lento veleno che si diffonde ovunque e non risparmia nessuno punto in nome della lotta contro il razzismo, il riscaldamento globale, l&#8217;omofobia o la disuguaglianza di genere, ai bambini francesi viene fatto il lavaggio del cervello, ed esso non risparmia nemmeno il mondo cattolico.<\/span><\/p>\n<h4 style=\"text-align: center;\"><span style=\"color: #000000;\"><strong>La stampa cattolica contaminata <\/strong><\/span><\/h4>\n<p><img loading=\"lazy\" decoding=\"async\" class=\"alignright wp-image-43454 \" src=\"https:\/\/www.rassegnastampa-totustuus.it\/cattolica\/wp-content\/uploads\/2019\/07\/gaypride_omosess-300x200.jpg\" alt=\"Woke, la dittatura che unisce femminismo ecologia e Lgbt\" width=\"383\" height=\"255\" srcset=\"https:\/\/www.rassegnastampa-totustuus.it\/cattolica\/wp-content\/uploads\/2019\/07\/gaypride_omosess-300x200.jpg 300w, https:\/\/www.rassegnastampa-totustuus.it\/cattolica\/wp-content\/uploads\/2019\/07\/gaypride_omosess-768x512.jpg 768w, https:\/\/www.rassegnastampa-totustuus.it\/cattolica\/wp-content\/uploads\/2019\/07\/gaypride_omosess-1024x683.jpg 1024w, https:\/\/www.rassegnastampa-totustuus.it\/cattolica\/wp-content\/uploads\/2019\/07\/gaypride_omosess.jpg 1500w\" sizes=\"auto, (max-width: 383px) 100vw, 383px\" \/><\/p>\n<p style=\"text-align: justify;\"><span style=\"color: #000000;\">Ad esempio, la <em>R\u00e9volution woke d\u00e9banque en France<\/em> punta il dito contro le riviste del gruppo Bayard, di propriet\u00e0 degli Agostiniani dell&#8217;Assunzione. Queste riviste sono impegnate in un&#8217;intensa propaganda woke rivolta sia agli adolescenti che ai bambini. Nel dicembre 2022, il mensile <em>Youpi<\/em>, rivolto ai bambini dai 5 agli 8 anni, ha promosso l&#8217;immigrazione clandestina raccontando la storia di una simpatica famiglia di immigrati clandestini africani perseguitati dalla polizia francese. Il trimestrale <em>I jour I actu<\/em>, rivolto <img loading=\"lazy\" decoding=\"async\" class=\"size-full wp-image-42836 alignleft\" src=\"https:\/\/www.rassegnastampa-totustuus.it\/cattolica\/wp-content\/uploads\/2019\/04\/spacciatori_immigrazione_droga.jpg\" alt=\"\" width=\"194\" height=\"259\" \/>ai bambini dagli 8 anni in su, ha parlato del Gay Pride: \u201c<em>E\u2019 un evento gioioso <\/em>(\u2026) <em>organizzato per difendere i diritti delle persone omosessuali bisessuali e transessuali<\/em>\u2026 \u201c, la rivista <em>We Demain<\/em> ha promosso la carne artificiale in nome della \u201crivoluzione animale\u201d ai preadolescenti e la pubblicazione <em>Phosphore<\/em>, rivolta ai loro coetanei tra i 14 e i 18 anni, ha pubblicato un numero \u201c<em>100% antisessista<\/em>\u201d in cui i ragazzi possono scoprire la storia di Pablo che \u201c<em>indossava una gonna per sostenere le sue amiche\u201d<\/em>. Quando leggiamo tali abomini, ci viene in mente il terribile avvertimento di Cristo nel Vangelo: \u201c<em>Ma se qualcuno offende uno di questi piccoli che credono in me, sarebbe meglio per lui se gli fosse appesa al collo una macina da mulino e fosse gettato in mare<\/em> (Matt 18,6).<\/span><\/p>\n<h4 style=\"text-align: center;\"><span style=\"color: #000000;\"> <strong>Scuole mirate <\/strong><\/span><\/h4>\n<p style=\"text-align: justify;\"><span style=\"color: #000000;\"><img loading=\"lazy\" decoding=\"async\" class=\"size-full wp-image-57327 alignleft\" src=\"https:\/\/www.rassegnastampa-totustuus.it\/cattolica\/wp-content\/uploads\/2023\/11\/Lgbt_cover.jpeg\" alt=\"\" width=\"189\" height=\"266\" \/>Anche nelle scuole si sta scatenando la propaganda Woke. <em>Avenir del la Culture<\/em> denuncia lo strano inno che gli alunni della prima classe di una scuola elementare cattolica di Bordeaux hanno dovuto cantare: \u201c<em>Apriamo un&#8217;altra strada prendiamoci cura del pianeta<\/em> (\u2026) <em>sosteniamo con una sola voce il progetto rivoluzionario; la natura sar\u00e0 la legge di questo millennio\u201d. <\/em>Il settimanale <em>Valeurs Actuelles<\/em>, citato nel libro, riferisce che in una scuola cattolica di una grande citt\u00e0 gli alunni sono stati invitati a leggere un fumetto intitolato <em>Appellez-moi Nathan<\/em> che racconta la storia di un&#8217;adolescente transessuale. Per diventare un ragazzo, si sottopone a una mastectomia bilaterale, cio\u00e8 all&#8217;asportazione dei seni, e a un&#8217;isterectomia, cio\u00e8 all&#8217;asportazione dell&#8217;utero. Queste mutilazioni sono illustrate con immagini cruente di rara violenza. Dal momento che questa disgustosa propaganda ha luogo in pubblicazioni e istituti \u201ccattolici\u201d, non \u00e8 difficile immaginare cosa accade altrove<\/span>.<\/p>\n<h4 style=\"text-align: center;\"><span style=\"color: #000000;\"><strong>Giovani in grave pericolo<\/strong><\/span><\/h4>\n<p style=\"text-align: justify;\"><span style=\"color: #000000;\"> Secondo un sondaggio IFOP dal novembre 2020, quasi un quarto dei giovani francesi tra i 18 e i trent&#8217;anni non si sente n\u00e8 maschio n\u00e8 femmina! Un sondaggio Ipsos del giugno 2023 conferma questa tendenza: il 22% dei francesi nati dopo il 1997 dichiara di essere LGBT. Su Tik Tok, la rete preferita dagli adolescenti, i video sugli stili di abbigliamento non binari, o androgeni, fanno registrare milioni di visualizzazioni in Francia. \u00c8 il social network Yubo che si presenta come un sito di amicizia per giovani tra i 13 e 19 anni, ha deciso di incorporare 35 sfumature di genere nella sua applicazione. <img loading=\"lazy\" decoding=\"async\" class=\" wp-image-55654 alignright\" src=\"https:\/\/www.rassegnastampa-totustuus.it\/cattolica\/wp-content\/uploads\/2023\/02\/gender_Lgbt_bambini.jpg\" alt=\"Woke, la dittatura che unisce femminismo ecologia e Lgbt\" width=\"305\" height=\"327\" \/><\/span><span style=\"color: #000000;\">I suoi membri possono definirsi \u201cagenere\u201d, \u201cpoligenere\u201d o semplicemente \u201cgender questioning\u201d per i pi\u00f9 indecisi. Gli organizzatori del Gay Pride di Parigi, la parata omosessuale in cui la dissolutezza \u00e8 in bella mostra, hanno dichiarato a <em>Le Figaro<\/em> di essere stati travolti da uno oceano di adolescenti. Il famoso quotidiano parigino ha dato la possibilit\u00e0 ad alcuni adolescenti di dire la loro \u00e8 il minimo che si possa dire \u00e8 che quello che hanno dichiarato \u00e8 allarmante. Juliette, 17 anni, dichiara di non identificarsi come \u201ceterosessuale\u201d ma come \u201cpansessuale\u201d. \u201c<em>Uomo-donna, maschile, femminile\u2026 punto oggi ci rendiamo conto che le cose sono molto meno binarie. Non ci si pu\u00f2 sentire n\u00e9 maschi n\u00e9 femmine, oppure cambio a seconda del periodo<\/em>\u201d, aggiunge. Alla domanda del padre se fosse gay, Anais, a 13 anni, ha risposto: \u201c<em>Ma sei cos\u00ec vecchio! Come puoi fare una domanda del genere nel 2021? Non c&#8217;entra niente sono gender fluid\u201d<\/em>.<\/span><\/p>\n<h4 style=\"text-align: center;\"><span style=\"color: #000000;\"><strong>Marce per il clima <\/strong><\/span><\/h4>\n<p style=\"text-align: justify;\"><span style=\"color: #000000;\"><img loading=\"lazy\" decoding=\"async\" class=\" wp-image-52449 alignleft\" src=\"https:\/\/www.rassegnastampa-totustuus.it\/cattolica\/wp-content\/uploads\/2021\/09\/ambientalismo_clima-300x169.jpg\" alt=\"\" width=\"320\" height=\"180\" srcset=\"https:\/\/www.rassegnastampa-totustuus.it\/cattolica\/wp-content\/uploads\/2021\/09\/ambientalismo_clima-300x169.jpg 300w, https:\/\/www.rassegnastampa-totustuus.it\/cattolica\/wp-content\/uploads\/2021\/09\/ambientalismo_clima-768x432.jpg 768w, https:\/\/www.rassegnastampa-totustuus.it\/cattolica\/wp-content\/uploads\/2021\/09\/ambientalismo_clima-1024x576.jpg 1024w, https:\/\/www.rassegnastampa-totustuus.it\/cattolica\/wp-content\/uploads\/2021\/09\/ambientalismo_clima.jpg 1960w\" sizes=\"auto, (max-width: 320px) 100vw, 320px\" \/>Purtroppo, lo stesso delirio ideologico si ritrova in altri ambiti. Le famose \u201cmarce per il clima\u201d hanno fatto scendere in piazza migliaia di studenti delle scuole superiori francesi, galvanizzati dalle profezie apocalittiche di Greta Thunberg. Questi giovani non osavano pi\u00f9 volare o mangiare carne, convinti che cos\u00ec facendo avrebbero commesso un crimine contro l\u2019ambiente. Il femminismo esacerbato dal movimento <em>Me too<\/em> anch&#8217;esso nato negli Stati Uniti, sta causando un profondo senso di disagio in molti giovani sospettati di essere stupratori o molestatori solo perch\u00e9 nati maschi. Movimenti come il <span style=\"color: #0000ff;\"><a style=\"color: #0000ff;\" href=\"https:\/\/www.rassegnastampa-totustuus.it\/cattolica\/un-nuovo-sessantotto-in-arrivo-la-rivoluzione-della-cancel-culture-puo-travolgere-anche-leuropa\/\" target=\"_blank\" rel=\"noopener\">Black Lives Matter<\/a><\/span> invitano tutti i nostri giovani a chiedere scusa per i loro antenati, con il fallace pretesto che fossero razzisti e oppressivi in ogni modo<\/span>.<\/p>\n<h4 style=\"text-align: center;\"><span style=\"color: #000000;\"><strong>\u201cFacciamo tabula rasa\u201d<\/strong><\/span><\/h4>\n<p style=\"text-align: justify;\"><span style=\"color: #000000;\"><img loading=\"lazy\" decoding=\"async\" class=\" wp-image-40885 alignleft\" src=\"https:\/\/www.rassegnastampa-totustuus.it\/cattolica\/wp-content\/uploads\/2005\/09\/ghigliottina.jpg\" alt=\"Woke, la dittatura che unisce femminismo ecologia e Lgbt\" width=\"247\" height=\"306\" \/>I giovani possono essere il bersaglio principale del wokismo ma non sono gli unici\u2026 In effetti, nulla sfugge ai militanti che vogliono decostruire tutto. Come rivoluzionari del 1789 e del 1917, i seguaci del wokismo affermano di voler edificare una nuova umanit\u00e0. Per realizzarla, cercano di fare tabula rasa di quella di prima. Prima dell&#8217;aristocratico, dopo del borghese: oggi, a dover essere sradicato dalla faccia della terra \u00e8 l&#8217;uomo bianco, eterosessuale, \u201ccisgender\u201d, cristiano e carnivoro. Chiedono la sua testa, antirazzisti, attivisti omosessuali e transgender, femministe e antispecisti. Naturalmente, la probabilit\u00e0 che quella testa finisca sull&#8217;estremit\u00e0 di una picca \u00e8 remota. N\u00e9 possiamo immaginare che la met\u00e0 del mondo occidentale venga spedito nei Gulag.<\/span><\/p>\n<p style=\"text-align: justify;\"><span style=\"color: #000000;\">Eppure, in nome della benevolenza e della giustizia, un nuovo totalitarismo minaccia il mondo un tempo cristiano. <\/span><\/p>\n<h4 style=\"text-align: center;\"><span style=\"color: #000000;\"><strong>\u201cLa vita privata \u00e8 politica\u201d <\/strong><\/span><\/h4>\n<p style=\"text-align: justify;\"><span style=\"color: #000000;\"><img loading=\"lazy\" decoding=\"async\" class=\" wp-image-56197 alignright\" src=\"https:\/\/www.rassegnastampa-totustuus.it\/cattolica\/wp-content\/uploads\/2023\/04\/comunismo_Urss_Cina_Mao_Stalin.jpg\" alt=\"Woke, la dittatura che unisce femminismo ecologia e Lgbt\" width=\"281\" height=\"218\" \/>Come il marxismo di un tempo, il woksmo \u00e8 un&#8217;ideologia globale. Pretende di governare tutte le interazioni sociali, sia pubbliche che private. L&#8217;agenda perseguita dai verdi in Francia e un&#8217;eccellente illustrazione di questa impresa di rieducazione, come mostra il libro <em>La<\/em> <em>R\u00e9volution woke d\u00e9barque en France<\/em>. <\/span><\/p>\n<p style=\"text-align: justify;\"><span style=\"color: #000000;\">Negli ultimi anni, gli ecologisti hanno chiesto a turno di vietare gli alberi di Natale in nome dei diritti delle piante, di vietare il Tour de France a causa dell&#8217;inquinamento che avrebbe generato, di vietare le piscine private per combattere lo spreco d&#8217;acqua. Di vietare il barbecue reo di promuovere il machismo, di vietare i jet privati accusati di riscaldare il pianeta e, naturalmente, di vietare le corride in nome della lotta contro gli abusi sugli animali. L&#8217;ecologista Sandrine Rousseau ha persino suggerito di considerare un reato non condividere le faccende domestiche! \u201c<em>La vita privata \u00e8 politica<\/em>\u201d ha spiegato. Una dichiarazione che i commissari del popolo dell&#8217;Unione Sovietica avrebbero senza dubbio applaudito con entrambe le mani<\/span>\u2026<\/p>\n<h4 style=\"text-align: center;\"><span style=\"color: #000000;\"><strong>Permessi di voto <\/strong><\/span><\/h4>\n<p style=\"text-align: justify;\"><span style=\"color: #000000;\">Nella stessa ottica totalitaria, Aymeric Caron, deputato ecologista di Parigi, ha difeso l&#8217;idea di un \u201cpermesso di voto\u201d concesso solo ai cittadini ritenuti pi\u00f9 adatti a esercitare questa funzione. Perch\u00e9 preoccuparsi di fare un partito unico quando basta autorizzare a esprimere le proprie opinioni solo a chi professa una stessa ideologia! Un&#8217;altra idea comunista difesa dai verdi, questa volta importata dalla Cina \u00e8 quella di limitare le nascite. Per proteggere il pianeta e \u201caccogliere meglio i migranti\u201d, l&#8217;ex ministro dell&#8217;Ambiente e membro storico del partito Yves Cochet ha proposto di \u201cinvertire la logica degli assegni familiari\u201d. \u201c<em>Pi\u00f9 figli si hanno, pi\u00f9 i benefici diminuiscono, fino a scomparire dopo la terza nascita\u201d<\/em>, ha suggerito<\/span>.<\/p>\n<h4 style=\"text-align: center;\"><span style=\"color: #000000;\"><strong>Schiacciare gli avversari <\/strong><\/span><\/h4>\n<p style=\"text-align: justify;\"><span style=\"color: #000000;\"><img loading=\"lazy\" decoding=\"async\" class=\" wp-image-50480 alignleft\" src=\"https:\/\/www.rassegnastampa-totustuus.it\/cattolica\/wp-content\/uploads\/2021\/04\/Cina_rivoluz_culturale.jpg\" alt=\"Woke, la dittatura che unisce femminismo ecologia e Lgbt\" width=\"329\" height=\"219\" \/>Chiunque si rifiuti di partecipare a queste menzogne viene \u201ccancellato\u201d per usare un neologismo nato dalla matrice woke. In nome dell&#8217;inclusione, tutti i dissidenti vengono spietatamente esclusi. Non vengono messi a morte. Raramente vengono messi in prigione. Tuttavia, vengono cancellati dalla vita pubblica, proprio come nell&#8217;Unione Sovietica venivano cancellati dalle foto ufficiali. Scrittori, attori, insegnanti, rappresentanti eletti e autorit\u00e0 religiose vengono gettati nell&#8217;obbrobrio e poi nel limbo dell&#8217;anonimato. Negli studi di produzione e nelle case editrici \u00e8 tollerato un solo pensiero. \u201d<em>Amazon, che controlla la maggior parte del mercato librario americano, ha recentemente deciso di non vendere libri che criticano il transgenderismo (ma \u00e8 ancora possibile acquistare il Mein Kampf)\u201d,<\/em> lamenta e il filosofo nordamericano Rod Dreher. Una polizia del pensiero, non meno zelante ed efficace della Guepeu, dilaga sui social network. Slogan insidiosi come \u201cla libert\u00e0 di espressione non \u00e8 uguale alla libert\u00e0 di offendere\u201d rendono impossibile il dibattito pubblico cos\u00ec trionfa la rivoluzione Woke, senza che venga versata una sola goccia di sangue<\/span>.<\/p>\n<h4 style=\"text-align: center;\"><span style=\"color: #000000;\"><strong>Opporsi alla macchina totalitaria <\/strong><\/span><\/h4>\n<p style=\"text-align: justify;\"><span style=\"color: #000000;\"><img loading=\"lazy\" decoding=\"async\" class=\" wp-image-17964 alignright\" src=\"https:\/\/www.rassegnastampa-totustuus.it\/cattolica\/wp-content\/uploads\/2009\/03\/solgenitzin_archive-300x207.jpg\" alt=\"Woke, la dittatura che unisce femminismo ecologia e Lgbt\" width=\"358\" height=\"247\" srcset=\"https:\/\/www.rassegnastampa-totustuus.it\/cattolica\/wp-content\/uploads\/2009\/03\/solgenitzin_archive-300x207.jpg 300w, https:\/\/www.rassegnastampa-totustuus.it\/cattolica\/wp-content\/uploads\/2009\/03\/solgenitzin_archive.jpg 400w\" sizes=\"auto, (max-width: 358px) 100vw, 358px\" \/>Solzhenitsyn scriveva: \u201c<em>Non ho la forza, piccolo individuo che sono, di oppormi all&#8217;enorme macchina totalitaria della menzogna, ma posso almeno fare in modo di non essere un punto di passaggio per la menzogna<\/em>\u201d. Questa, in sintesi, \u00e8 la sfida che devono affrontare coloro che, in Francia e altrove in Occidente, si sono resi conto della natura fraudolenta degli eredi di Stalin. Potranno contare sul sostegno del clero, e in particolare dei vescovi, nella loro lotta? La rivoluzione Woke non \u00e8 solo una guerra culturale, senza precedenti, dall&#8217;omonima rivoluzione guidata da Mao Zedong in Cina. \u00c8 anche una battaglia spirituale: dopo la vertiginosa caduta della pratica religiosa seguita al Concilio Vaticano II da noi e dai nostri vicini, persino in Italia, ora sono la vestigia della nostra cultura intrisa di cristianesimo a essere presa di mira. Dove pu\u00f2 portare la decostruzione della volont\u00e0 di Dio, se non al Regno del diavolo sulla terra? I fedeli, consapevoli dell&#8217;immenso pericolo che minaccia loro e i loro figli, si aspettano che i loro pastori combattano questa battaglia al loro fianco e, se possibile, alla loro testa<\/span>.<\/p>\n<p style=\"text-align: justify;\">____________________________________<\/p>\n<p><strong><span style=\"color: #000000;\">Per saperne di pi\u00f9 sulla rivoluzione woke, dittatura che unisce femminismo, ecologia e ideologia Lgbt:<\/span><\/strong><\/p>\n<p><span style=\"color: #0000ff;\"><a style=\"color: #0000ff;\" href=\"https:\/\/www.rassegnastampa-totustuus.it\/cattolica\/wokismo-il-totalitarismo-del-secolo-xxi\/\" target=\"_blank\" rel=\"noopener\">\u00abWokismo\u00bb: il totalitarismo del secolo XXI<\/a><\/span><\/p>\n<p><a href=\"https:\/\/www.rassegnastampa-totustuus.it\/cattolica\/quello-schizzo-di-sangue-sulla-nostra-cultura-ridotta-a-pagina-bianca\/\" target=\"_blank\" rel=\"noopener\"><span style=\"color: #0000ff;\">Quello schizzo di sangue sulla nostra cultura, ridotta a pagina bianca\u00a0\u00a0\u00a0\u00a0<\/span><\/a><\/p>\n<p><a href=\"https:\/\/www.rassegnastampa-totustuus.it\/cattolica\/in-una-sola-generazione-perderemo-la-cultura-occidentale\/\" target=\"_blank\" rel=\"noopener\"><span style=\"color: #0000ff;\">\u201cIn una sola generazione perderemo la cultura occidentale\u201d<\/span><\/a><\/p>\n","protected":false},"excerpt":{"rendered":"<p>Abstract: Woke, dittatura che unisce femminismo ecologia e Lgbt \u00e8 una nuova lotta di classe che avvelena la societ\u00e0 alla quale occorre opporsi per non cadere in un nuovo totalitarismo. Come scriveva Solzhenitsyn non abbiamo forse la forza, noi piccoli individui,\u00a0 di opporci all&#8217;enorme macchina totalitaria della menzogna, ma possiamo almeno fare in modo di &hellip; <\/p>\n<p><a class=\"more-link btn\" href=\"https:\/\/www.rassegnastampa-totustuus.it\/cattolica\/woke-dittatura-che-unisce-femminismo-ecologia-e-lgbt\/\">Continua a leggere<\/a><\/p>\n","protected":false},"author":6,"featured_media":50477,"comment_status":"closed","ping_status":"closed","sticky":false,"template":"","format":"standard","meta":{"footnotes":""},"categories":[3,125],"tags":[2387,2837,255,437,2499,237,2874],"class_list":["post-57322","post","type-post","status-publish","format-standard","has-post-thumbnail","hentry","category-ambientalismo","category-ideologia-del-gender","tag-ambientalismo","tag-crisi-delloccidente","tag-femminismo","tag-ideologia-del-gender-2","tag-lgbt","tag-totalitarismo-2","tag-woke-revolution","item-wrap"],"yoast_head":"<!-- This site is optimized with the Yoast SEO plugin v27.5 - https:\/\/yoast.com\/product\/yoast-seo-wordpress\/ -->\n<title>Woke, dittatura che unisce femminismo ecologia e Lgbt - Rassegna Stampa Cattolica<\/title>\n<meta name=\"description\" content=\"Woke, dittatura che unisce femminismo ecologia e Lgbt \u00e8 una nuova lotta di classe cui opporsi perch\u00e8 avvelena la societ\u00e0\" \/>\n<meta name=\"robots\" content=\"index, follow, max-snippet:-1, max-image-preview:large, max-video-preview:-1\" \/>\n<link rel=\"canonical\" href=\"https:\/\/www.rassegnastampa-totustuus.it\/cattolica\/woke-dittatura-che-unisce-femminismo-ecologia-e-lgbt\/\" \/>\n<meta property=\"og:locale\" content=\"it_IT\" \/>\n<meta property=\"og:type\" content=\"article\" \/>\n<meta property=\"og:title\" content=\"Woke, dittatura che unisce femminismo ecologia e Lgbt - Rassegna Stampa Cattolica\" \/>\n<meta property=\"og:description\" content=\"Woke, dittatura che unisce femminismo ecologia e Lgbt \u00e8 una nuova lotta di classe cui opporsi perch\u00e8 avvelena la societ\u00e0\" \/>\n<meta property=\"og:url\" content=\"https:\/\/www.rassegnastampa-totustuus.it\/cattolica\/woke-dittatura-che-unisce-femminismo-ecologia-e-lgbt\/\" \/>\n<meta property=\"og:site_name\" content=\"Rassegna Stampa Cattolica\" \/>\n<meta property=\"article:publisher\" content=\"https:\/\/www.facebook.com\/rassegnastampacattolica\" \/>\n<meta property=\"article:published_time\" content=\"2023-11-13T10:18:32+00:00\" \/>\n<meta property=\"article:modified_time\" content=\"2024-01-04T13:54:41+00:00\" \/>\n<meta property=\"og:image\" content=\"https:\/\/www.rassegnastampa-totustuus.it\/cattolica\/wp-content\/uploads\/2021\/04\/Woke_usa_blak_live.jpg\" \/>\n\t<meta property=\"og:image:width\" content=\"205\" \/>\n\t<meta property=\"og:image:height\" content=\"246\" \/>\n\t<meta property=\"og:image:type\" content=\"image\/jpeg\" \/>\n<meta name=\"author\" content=\"Redazione\" \/>\n<meta name=\"twitter:card\" content=\"summary_large_image\" \/>\n<meta name=\"twitter:creator\" content=\"@rassegnastampa9\" \/>\n<meta name=\"twitter:site\" content=\"@rassegnastampa9\" \/>\n<meta name=\"twitter:label1\" content=\"Scritto da\" \/>\n\t<meta name=\"twitter:data1\" content=\"Redazione\" \/>\n\t<meta name=\"twitter:label2\" content=\"Tempo di lettura stimato\" \/>\n\t<meta name=\"twitter:data2\" content=\"15 minuti\" \/>\n<script type=\"application\/ld+json\" class=\"yoast-schema-graph\">{\"@context\":\"https:\\\/\\\/schema.org\",\"@graph\":[{\"@type\":\"Article\",\"@id\":\"https:\\\/\\\/www.rassegnastampa-totustuus.it\\\/cattolica\\\/woke-dittatura-che-unisce-femminismo-ecologia-e-lgbt\\\/#article\",\"isPartOf\":{\"@id\":\"https:\\\/\\\/www.rassegnastampa-totustuus.it\\\/cattolica\\\/woke-dittatura-che-unisce-femminismo-ecologia-e-lgbt\\\/\"},\"author\":{\"name\":\"Redazione\",\"@id\":\"https:\\\/\\\/www.rassegnastampa-totustuus.it\\\/cattolica\\\/#\\\/schema\\\/person\\\/08f319d2bd1a0904ad9e2bfb7b15e5c3\"},\"headline\":\"Woke, dittatura che unisce femminismo ecologia e Lgbt\",\"datePublished\":\"2023-11-13T10:18:32+00:00\",\"dateModified\":\"2024-01-04T13:54:41+00:00\",\"mainEntityOfPage\":{\"@id\":\"https:\\\/\\\/www.rassegnastampa-totustuus.it\\\/cattolica\\\/woke-dittatura-che-unisce-femminismo-ecologia-e-lgbt\\\/\"},\"wordCount\":2166,\"publisher\":{\"@id\":\"https:\\\/\\\/www.rassegnastampa-totustuus.it\\\/cattolica\\\/#organization\"},\"image\":{\"@id\":\"https:\\\/\\\/www.rassegnastampa-totustuus.it\\\/cattolica\\\/woke-dittatura-che-unisce-femminismo-ecologia-e-lgbt\\\/#primaryimage\"},\"thumbnailUrl\":\"https:\\\/\\\/www.rassegnastampa-totustuus.it\\\/cattolica\\\/wp-content\\\/uploads\\\/2021\\\/04\\\/Woke_usa_blak_live.jpg\",\"keywords\":[\"Ambientalismo\",\"crisi dell&#039;Occidente\",\"femminismo\",\"ideologia del gender\",\"Lgbt\",\"totalitarismo\",\"woke revolution\"],\"articleSection\":[\"Ambientalismo\",\"Ideologia del gender\"],\"inLanguage\":\"it-IT\"},{\"@type\":\"WebPage\",\"@id\":\"https:\\\/\\\/www.rassegnastampa-totustuus.it\\\/cattolica\\\/woke-dittatura-che-unisce-femminismo-ecologia-e-lgbt\\\/\",\"url\":\"https:\\\/\\\/www.rassegnastampa-totustuus.it\\\/cattolica\\\/woke-dittatura-che-unisce-femminismo-ecologia-e-lgbt\\\/\",\"name\":\"Woke, dittatura che unisce femminismo ecologia e Lgbt - Rassegna Stampa Cattolica\",\"isPartOf\":{\"@id\":\"https:\\\/\\\/www.rassegnastampa-totustuus.it\\\/cattolica\\\/#website\"},\"primaryImageOfPage\":{\"@id\":\"https:\\\/\\\/www.rassegnastampa-totustuus.it\\\/cattolica\\\/woke-dittatura-che-unisce-femminismo-ecologia-e-lgbt\\\/#primaryimage\"},\"image\":{\"@id\":\"https:\\\/\\\/www.rassegnastampa-totustuus.it\\\/cattolica\\\/woke-dittatura-che-unisce-femminismo-ecologia-e-lgbt\\\/#primaryimage\"},\"thumbnailUrl\":\"https:\\\/\\\/www.rassegnastampa-totustuus.it\\\/cattolica\\\/wp-content\\\/uploads\\\/2021\\\/04\\\/Woke_usa_blak_live.jpg\",\"datePublished\":\"2023-11-13T10:18:32+00:00\",\"dateModified\":\"2024-01-04T13:54:41+00:00\",\"description\":\"Woke, dittatura che unisce femminismo ecologia e Lgbt \u00e8 una nuova lotta di classe cui opporsi perch\u00e8 avvelena la societ\u00e0\",\"breadcrumb\":{\"@id\":\"https:\\\/\\\/www.rassegnastampa-totustuus.it\\\/cattolica\\\/woke-dittatura-che-unisce-femminismo-ecologia-e-lgbt\\\/#breadcrumb\"},\"inLanguage\":\"it-IT\",\"potentialAction\":[{\"@type\":\"ReadAction\",\"target\":[\"https:\\\/\\\/www.rassegnastampa-totustuus.it\\\/cattolica\\\/woke-dittatura-che-unisce-femminismo-ecologia-e-lgbt\\\/\"]}]},{\"@type\":\"ImageObject\",\"inLanguage\":\"it-IT\",\"@id\":\"https:\\\/\\\/www.rassegnastampa-totustuus.it\\\/cattolica\\\/woke-dittatura-che-unisce-femminismo-ecologia-e-lgbt\\\/#primaryimage\",\"url\":\"https:\\\/\\\/www.rassegnastampa-totustuus.it\\\/cattolica\\\/wp-content\\\/uploads\\\/2021\\\/04\\\/Woke_usa_blak_live.jpg\",\"contentUrl\":\"https:\\\/\\\/www.rassegnastampa-totustuus.it\\\/cattolica\\\/wp-content\\\/uploads\\\/2021\\\/04\\\/Woke_usa_blak_live.jpg\",\"width\":205,\"height\":246,\"caption\":\"woke, dittatura che unisce femminismo ecologia Lgbt\"},{\"@type\":\"BreadcrumbList\",\"@id\":\"https:\\\/\\\/www.rassegnastampa-totustuus.it\\\/cattolica\\\/woke-dittatura-che-unisce-femminismo-ecologia-e-lgbt\\\/#breadcrumb\",\"itemListElement\":[{\"@type\":\"ListItem\",\"position\":1,\"name\":\"Home\",\"item\":\"https:\\\/\\\/www.rassegnastampa-totustuus.it\\\/cattolica\\\/\"},{\"@type\":\"ListItem\",\"position\":2,\"name\":\"Woke, dittatura che unisce femminismo ecologia e Lgbt\"}]},{\"@type\":\"WebSite\",\"@id\":\"https:\\\/\\\/www.rassegnastampa-totustuus.it\\\/cattolica\\\/#website\",\"url\":\"https:\\\/\\\/www.rassegnastampa-totustuus.it\\\/cattolica\\\/\",\"name\":\"Rassegna Stampa Cattolica\",\"description\":\"Per una cultura che nasce dalla Rivelazione cristiana in conformit\u00e0 alla tradizione e al Magistero della Chiesa in opposizione ad ogni relativismo e totalitarismo\",\"publisher\":{\"@id\":\"https:\\\/\\\/www.rassegnastampa-totustuus.it\\\/cattolica\\\/#organization\"},\"alternateName\":\"Rass. Cattolica\",\"potentialAction\":[{\"@type\":\"SearchAction\",\"target\":{\"@type\":\"EntryPoint\",\"urlTemplate\":\"https:\\\/\\\/www.rassegnastampa-totustuus.it\\\/cattolica\\\/?s={search_term_string}\"},\"query-input\":{\"@type\":\"PropertyValueSpecification\",\"valueRequired\":true,\"valueName\":\"search_term_string\"}}],\"inLanguage\":\"it-IT\"},{\"@type\":\"Organization\",\"@id\":\"https:\\\/\\\/www.rassegnastampa-totustuus.it\\\/cattolica\\\/#organization\",\"name\":\"Rassegna Stampa Cattolica\",\"url\":\"https:\\\/\\\/www.rassegnastampa-totustuus.it\\\/cattolica\\\/\",\"logo\":{\"@type\":\"ImageObject\",\"inLanguage\":\"it-IT\",\"@id\":\"https:\\\/\\\/www.rassegnastampa-totustuus.it\\\/cattolica\\\/#\\\/schema\\\/logo\\\/image\\\/\",\"url\":\"https:\\\/\\\/www.rassegnastampa-totustuus.it\\\/cattolica\\\/wp-content\\\/uploads\\\/2014\\\/04\\\/logo-rassegna1.gif\",\"contentUrl\":\"https:\\\/\\\/www.rassegnastampa-totustuus.it\\\/cattolica\\\/wp-content\\\/uploads\\\/2014\\\/04\\\/logo-rassegna1.gif\",\"width\":600,\"height\":163,\"caption\":\"Rassegna Stampa Cattolica\"},\"image\":{\"@id\":\"https:\\\/\\\/www.rassegnastampa-totustuus.it\\\/cattolica\\\/#\\\/schema\\\/logo\\\/image\\\/\"},\"sameAs\":[\"https:\\\/\\\/www.facebook.com\\\/rassegnastampacattolica\",\"https:\\\/\\\/x.com\\\/rassegnastampa9\"]},{\"@type\":\"Person\",\"@id\":\"https:\\\/\\\/www.rassegnastampa-totustuus.it\\\/cattolica\\\/#\\\/schema\\\/person\\\/08f319d2bd1a0904ad9e2bfb7b15e5c3\",\"name\":\"Redazione\",\"image\":{\"@type\":\"ImageObject\",\"inLanguage\":\"it-IT\",\"@id\":\"https:\\\/\\\/secure.gravatar.com\\\/avatar\\\/2fcdf27c78ea025fbdb44e914cc63c72249ffec9dc8aafd5c82b26240ef3f346?s=96&d=mm&r=g\",\"url\":\"https:\\\/\\\/secure.gravatar.com\\\/avatar\\\/2fcdf27c78ea025fbdb44e914cc63c72249ffec9dc8aafd5c82b26240ef3f346?s=96&d=mm&r=g\",\"contentUrl\":\"https:\\\/\\\/secure.gravatar.com\\\/avatar\\\/2fcdf27c78ea025fbdb44e914cc63c72249ffec9dc8aafd5c82b26240ef3f346?s=96&d=mm&r=g\",\"caption\":\"Redazione\"},\"url\":\"https:\\\/\\\/www.rassegnastampa-totustuus.it\\\/cattolica\\\/author\\\/pietroelle\\\/\"}]}<\/script>\n<!-- \/ Yoast SEO plugin. -->","yoast_head_json":{"title":"Woke, dittatura che unisce femminismo ecologia e Lgbt - Rassegna Stampa Cattolica","description":"Woke, dittatura che unisce femminismo ecologia e Lgbt \u00e8 una nuova lotta di classe cui opporsi perch\u00e8 avvelena la societ\u00e0","robots":{"index":"index","follow":"follow","max-snippet":"max-snippet:-1","max-image-preview":"max-image-preview:large","max-video-preview":"max-video-preview:-1"},"canonical":"https:\/\/www.rassegnastampa-totustuus.it\/cattolica\/woke-dittatura-che-unisce-femminismo-ecologia-e-lgbt\/","og_locale":"it_IT","og_type":"article","og_title":"Woke, dittatura che unisce femminismo ecologia e Lgbt - Rassegna Stampa Cattolica","og_description":"Woke, dittatura che unisce femminismo ecologia e Lgbt \u00e8 una nuova lotta di classe cui opporsi perch\u00e8 avvelena la societ\u00e0","og_url":"https:\/\/www.rassegnastampa-totustuus.it\/cattolica\/woke-dittatura-che-unisce-femminismo-ecologia-e-lgbt\/","og_site_name":"Rassegna Stampa Cattolica","article_publisher":"https:\/\/www.facebook.com\/rassegnastampacattolica","article_published_time":"2023-11-13T10:18:32+00:00","article_modified_time":"2024-01-04T13:54:41+00:00","og_image":[{"width":205,"height":246,"url":"https:\/\/www.rassegnastampa-totustuus.it\/cattolica\/wp-content\/uploads\/2021\/04\/Woke_usa_blak_live.jpg","type":"image\/jpeg"}],"author":"Redazione","twitter_card":"summary_large_image","twitter_creator":"@rassegnastampa9","twitter_site":"@rassegnastampa9","twitter_misc":{"Scritto da":"Redazione","Tempo di lettura stimato":"15 minuti"},"schema":{"@context":"https:\/\/schema.org","@graph":[{"@type":"Article","@id":"https:\/\/www.rassegnastampa-totustuus.it\/cattolica\/woke-dittatura-che-unisce-femminismo-ecologia-e-lgbt\/#article","isPartOf":{"@id":"https:\/\/www.rassegnastampa-totustuus.it\/cattolica\/woke-dittatura-che-unisce-femminismo-ecologia-e-lgbt\/"},"author":{"name":"Redazione","@id":"https:\/\/www.rassegnastampa-totustuus.it\/cattolica\/#\/schema\/person\/08f319d2bd1a0904ad9e2bfb7b15e5c3"},"headline":"Woke, dittatura che unisce femminismo ecologia e Lgbt","datePublished":"2023-11-13T10:18:32+00:00","dateModified":"2024-01-04T13:54:41+00:00","mainEntityOfPage":{"@id":"https:\/\/www.rassegnastampa-totustuus.it\/cattolica\/woke-dittatura-che-unisce-femminismo-ecologia-e-lgbt\/"},"wordCount":2166,"publisher":{"@id":"https:\/\/www.rassegnastampa-totustuus.it\/cattolica\/#organization"},"image":{"@id":"https:\/\/www.rassegnastampa-totustuus.it\/cattolica\/woke-dittatura-che-unisce-femminismo-ecologia-e-lgbt\/#primaryimage"},"thumbnailUrl":"https:\/\/www.rassegnastampa-totustuus.it\/cattolica\/wp-content\/uploads\/2021\/04\/Woke_usa_blak_live.jpg","keywords":["Ambientalismo","crisi dell&#039;Occidente","femminismo","ideologia del gender","Lgbt","totalitarismo","woke revolution"],"articleSection":["Ambientalismo","Ideologia del gender"],"inLanguage":"it-IT"},{"@type":"WebPage","@id":"https:\/\/www.rassegnastampa-totustuus.it\/cattolica\/woke-dittatura-che-unisce-femminismo-ecologia-e-lgbt\/","url":"https:\/\/www.rassegnastampa-totustuus.it\/cattolica\/woke-dittatura-che-unisce-femminismo-ecologia-e-lgbt\/","name":"Woke, dittatura che unisce femminismo ecologia e Lgbt - Rassegna Stampa Cattolica","isPartOf":{"@id":"https:\/\/www.rassegnastampa-totustuus.it\/cattolica\/#website"},"primaryImageOfPage":{"@id":"https:\/\/www.rassegnastampa-totustuus.it\/cattolica\/woke-dittatura-che-unisce-femminismo-ecologia-e-lgbt\/#primaryimage"},"image":{"@id":"https:\/\/www.rassegnastampa-totustuus.it\/cattolica\/woke-dittatura-che-unisce-femminismo-ecologia-e-lgbt\/#primaryimage"},"thumbnailUrl":"https:\/\/www.rassegnastampa-totustuus.it\/cattolica\/wp-content\/uploads\/2021\/04\/Woke_usa_blak_live.jpg","datePublished":"2023-11-13T10:18:32+00:00","dateModified":"2024-01-04T13:54:41+00:00","description":"Woke, dittatura che unisce femminismo ecologia e Lgbt \u00e8 una nuova lotta di classe cui opporsi perch\u00e8 avvelena la societ\u00e0","breadcrumb":{"@id":"https:\/\/www.rassegnastampa-totustuus.it\/cattolica\/woke-dittatura-che-unisce-femminismo-ecologia-e-lgbt\/#breadcrumb"},"inLanguage":"it-IT","potentialAction":[{"@type":"ReadAction","target":["https:\/\/www.rassegnastampa-totustuus.it\/cattolica\/woke-dittatura-che-unisce-femminismo-ecologia-e-lgbt\/"]}]},{"@type":"ImageObject","inLanguage":"it-IT","@id":"https:\/\/www.rassegnastampa-totustuus.it\/cattolica\/woke-dittatura-che-unisce-femminismo-ecologia-e-lgbt\/#primaryimage","url":"https:\/\/www.rassegnastampa-totustuus.it\/cattolica\/wp-content\/uploads\/2021\/04\/Woke_usa_blak_live.jpg","contentUrl":"https:\/\/www.rassegnastampa-totustuus.it\/cattolica\/wp-content\/uploads\/2021\/04\/Woke_usa_blak_live.jpg","width":205,"height":246,"caption":"woke, dittatura che unisce femminismo ecologia Lgbt"},{"@type":"BreadcrumbList","@id":"https:\/\/www.rassegnastampa-totustuus.it\/cattolica\/woke-dittatura-che-unisce-femminismo-ecologia-e-lgbt\/#breadcrumb","itemListElement":[{"@type":"ListItem","position":1,"name":"Home","item":"https:\/\/www.rassegnastampa-totustuus.it\/cattolica\/"},{"@type":"ListItem","position":2,"name":"Woke, dittatura che unisce femminismo ecologia e Lgbt"}]},{"@type":"WebSite","@id":"https:\/\/www.rassegnastampa-totustuus.it\/cattolica\/#website","url":"https:\/\/www.rassegnastampa-totustuus.it\/cattolica\/","name":"Rassegna Stampa Cattolica","description":"Per una cultura che nasce dalla Rivelazione cristiana in conformit\u00e0 alla tradizione e al Magistero della Chiesa in opposizione ad ogni relativismo e totalitarismo","publisher":{"@id":"https:\/\/www.rassegnastampa-totustuus.it\/cattolica\/#organization"},"alternateName":"Rass. Cattolica","potentialAction":[{"@type":"SearchAction","target":{"@type":"EntryPoint","urlTemplate":"https:\/\/www.rassegnastampa-totustuus.it\/cattolica\/?s={search_term_string}"},"query-input":{"@type":"PropertyValueSpecification","valueRequired":true,"valueName":"search_term_string"}}],"inLanguage":"it-IT"},{"@type":"Organization","@id":"https:\/\/www.rassegnastampa-totustuus.it\/cattolica\/#organization","name":"Rassegna Stampa Cattolica","url":"https:\/\/www.rassegnastampa-totustuus.it\/cattolica\/","logo":{"@type":"ImageObject","inLanguage":"it-IT","@id":"https:\/\/www.rassegnastampa-totustuus.it\/cattolica\/#\/schema\/logo\/image\/","url":"https:\/\/www.rassegnastampa-totustuus.it\/cattolica\/wp-content\/uploads\/2014\/04\/logo-rassegna1.gif","contentUrl":"https:\/\/www.rassegnastampa-totustuus.it\/cattolica\/wp-content\/uploads\/2014\/04\/logo-rassegna1.gif","width":600,"height":163,"caption":"Rassegna Stampa Cattolica"},"image":{"@id":"https:\/\/www.rassegnastampa-totustuus.it\/cattolica\/#\/schema\/logo\/image\/"},"sameAs":["https:\/\/www.facebook.com\/rassegnastampacattolica","https:\/\/x.com\/rassegnastampa9"]},{"@type":"Person","@id":"https:\/\/www.rassegnastampa-totustuus.it\/cattolica\/#\/schema\/person\/08f319d2bd1a0904ad9e2bfb7b15e5c3","name":"Redazione","image":{"@type":"ImageObject","inLanguage":"it-IT","@id":"https:\/\/secure.gravatar.com\/avatar\/2fcdf27c78ea025fbdb44e914cc63c72249ffec9dc8aafd5c82b26240ef3f346?s=96&d=mm&r=g","url":"https:\/\/secure.gravatar.com\/avatar\/2fcdf27c78ea025fbdb44e914cc63c72249ffec9dc8aafd5c82b26240ef3f346?s=96&d=mm&r=g","contentUrl":"https:\/\/secure.gravatar.com\/avatar\/2fcdf27c78ea025fbdb44e914cc63c72249ffec9dc8aafd5c82b26240ef3f346?s=96&d=mm&r=g","caption":"Redazione"},"url":"https:\/\/www.rassegnastampa-totustuus.it\/cattolica\/author\/pietroelle\/"}]}},"_links":{"self":[{"href":"https:\/\/www.rassegnastampa-totustuus.it\/cattolica\/wp-json\/wp\/v2\/posts\/57322","targetHints":{"allow":["GET"]}}],"collection":[{"href":"https:\/\/www.rassegnastampa-totustuus.it\/cattolica\/wp-json\/wp\/v2\/posts"}],"about":[{"href":"https:\/\/www.rassegnastampa-totustuus.it\/cattolica\/wp-json\/wp\/v2\/types\/post"}],"author":[{"embeddable":true,"href":"https:\/\/www.rassegnastampa-totustuus.it\/cattolica\/wp-json\/wp\/v2\/users\/6"}],"replies":[{"embeddable":true,"href":"https:\/\/www.rassegnastampa-totustuus.it\/cattolica\/wp-json\/wp\/v2\/comments?post=57322"}],"version-history":[{"count":12,"href":"https:\/\/www.rassegnastampa-totustuus.it\/cattolica\/wp-json\/wp\/v2\/posts\/57322\/revisions"}],"predecessor-version":[{"id":58659,"href":"https:\/\/www.rassegnastampa-totustuus.it\/cattolica\/wp-json\/wp\/v2\/posts\/57322\/revisions\/58659"}],"wp:featuredmedia":[{"embeddable":true,"href":"https:\/\/www.rassegnastampa-totustuus.it\/cattolica\/wp-json\/wp\/v2\/media\/50477"}],"wp:attachment":[{"href":"https:\/\/www.rassegnastampa-totustuus.it\/cattolica\/wp-json\/wp\/v2\/media?parent=57322"}],"wp:term":[{"taxonomy":"category","embeddable":true,"href":"https:\/\/www.rassegnastampa-totustuus.it\/cattolica\/wp-json\/wp\/v2\/categories?post=57322"},{"taxonomy":"post_tag","embeddable":true,"href":"https:\/\/www.rassegnastampa-totustuus.it\/cattolica\/wp-json\/wp\/v2\/tags?post=57322"}],"curies":[{"name":"wp","href":"https:\/\/api.w.org\/{rel}","templated":true}]}}