{"id":5732,"date":"2013-10-03T00:00:00","date_gmt":"2013-10-02T22:00:00","guid":{"rendered":""},"modified":"2016-05-02T09:19:09","modified_gmt":"2016-05-02T07:19:09","slug":"i-cosiddetti-progressisti-vogliono-abolire-padre-e-madre","status":"publish","type":"post","link":"https:\/\/www.rassegnastampa-totustuus.it\/cattolica\/i-cosiddetti-progressisti-vogliono-abolire-padre-e-madre\/","title":{"rendered":"I cosiddetti \u201cprogressisti\u201d vogliono abolire \u201cpadre\u201d e \u201cmadre\u201d. Tre passi nel ridicolo (e verso il baratro)"},"content":{"rendered":"<div style=\"text-align: center;\"><img loading=\"lazy\" decoding=\"async\" class=\"alignright wp-image-33875\" src=\"https:\/\/www.rassegnastampa-totustuus.it\/cattolica\/wp-content\/uploads\/2013\/10\/genitore-1-2.jpg\" alt=\"genitore 1-2\" width=\"250\" height=\"177\" \/>da \u201c<strong>Libero<\/strong>\u201d, 19 settembre 2013<\/div>\n<p style=\"text-align: center;\"><strong>Antonio Socci<\/strong><\/p>\n<p style=\"text-align: justify;\">Quasi cent\u2019anni fa il grande Gilbert K. Chesterton prevedeva che la\u00a0deriva della moderna mentalit\u00e0 nichilista sarebbe stata \u2013 di l\u00ec a poco \u2013 il ridicolo. Cio\u00e8 la guerra contro la realt\u00e0. Intendeva dire che ci\u00f2 che fino ad allora era stata un\u2019affermazione di buon senso e di razionalit\u00e0 \u2013 per esempio che tutti nasciamo da un uomo e da una donna \u2013 in futuro sarebbe diventata una tesi da bigotti, un dogmatismo da condannare e sanzionare. Sosteneva che ci dovevamo preparare alla grande battaglia in difesa del buon senso.<\/p>\n<p><!--more--><\/p>\n<div style=\"text-align: justify;\">Chesterton\u00a0 infatti scriveva: \u201cLa grande marcia della distruzione\u00a0 culturale proseguir\u00e0. Tutto verr\u00e0 negato. Tutto diventer\u00e0 un credo\u2026 Accenderemo\u00a0 fuochi per testimoniare che due pi\u00f9 due fa quattro. Sguaineremo spade per\u00a0 dimostrare che le foglie sono verdi in estate. Non ci rester\u00e0 quindi che\u00a0 difendere non solo le incredibili virt\u00f9 e saggezze della vita umana, ma qualcosa\u00a0 di ancora pi\u00f9 incredibile: questo immenso, impossibile universo che ci guarda\u00a0 dritto negli occhi. Combatteremo per i prodigi visibili come se fossero invisibili. Guarderemo l\u2019erba e i cieli impossibili con uno strano coraggio. Saremo tra coloro che hanno visto eppure<br \/>\nhanno creduto\u201d.<\/div>\n<p style=\"text-align: justify;\">SPREZZO DEL RIDICOLO<\/p>\n<p style=\"text-align: justify;\">Viene da ricordarlo con una certa tristezza in questi giorni nei quali \u2013 seguendo la bislacca trovata del governo francese \u2013 anche in Italia sta cominciando a dilagare l\u2019idea di sostituire, nella modulistica della burocrazia scolastica, le categorie \u201cpadre\u201d e \u201cmadre\u201d con la formula \u201cgenitore 1\u201d e \u201cgenitore 2\u201d. Tutto questo perch\u00e9 \u2013 secondo l\u2019ideologia \u201cpolitically correct\u201d \u2013 si deve \u201cdesessualizzare la genitorialit\u00e0\u201d. Cio\u00e8 perch\u00e9 la dizione \u201cpadre\u201d e \u201cmadre\u201d potrebbe essere sentita come discriminatoria da qualcuno.<\/p>\n<p style=\"text-align: justify;\">Resistendo allo sconcerto e al ridere vorrei provare a ragionare pacatamente con chi si fa alfiere di questo tipo di trovate. Anzitutto va sottolineato che \u201ci fatti hanno la testa dura\u201d e \u2013 con buona pace di certi opinionisti \u2013 tutti sulla terra siamo stati generati da un uomo e da una donna. In qualunque modo sia avvenuto il concepimento.<\/p>\n<p style=\"text-align: justify;\">Quindi la realt\u00e0 contraddice le opinioni e soprattutto mostra che nessuno pu\u00f2 sentirsi \u201cdiscriminato\u201d da quella formulazione perch\u00e9 tutti, proprio tutti, siamo stati generati da un padre e da una madre e dunque siamo loro figli. Ma oggi purtroppo la mentalit\u00e0 dominante afferma che se i fatti contraddicono le opinioni, tanto peggio per i fatti.<\/p>\n<p style=\"text-align: justify;\">Cos\u00ec, non potendo \u201cabolire\u201d la natura per legge, si decide di abolire le parole che \u201cdicono\u201d la natura delle cose (domani si potr\u00e0 decretare per legge che due pi\u00f9 due fa sette e che si deve chiamare notte il giorno e giorno la notte).<\/p>\n<p style=\"text-align: justify;\">DISCRIMINAZIONE PEGGIORE<\/p>\n<p style=\"text-align: justify;\">Torniamo al genitore 1 e al genitore 2. Il fatto \u00e8 che con questa formula i \u201cpoliticamente corretti\u201d finiscono pure per creare discriminazioni peggiori. Anzitutto discriminano la stragrande maggioranza delle persone che continuano a sentirsi padri e madri \u2013 e non genitore 1 e genitore 2 \u2013 e continuano farsi chiamare dai figli \u201cpap\u00e0\u201d e \u201cmamma\u201d (finch\u00e9 non verr\u00e0 proibito). In secondo luogo con la nuova formulazione si discrimina il \u201cgenitore 2\u201d che inevitabilmente diventer\u00e0 secondario. Infatti per ovviare a questo problema al Comune di Bologna pare abbiano pensato di adottare un\u2019altra dizione: \u201cgenitore\u201d e \u201caltro genitore\u201d.<\/p>\n<p style=\"text-align: justify;\">Vorrei sommessamente notare che \u00e8 egualmente discriminatoria verso uno dei genitori. E che entrambe poi sono formule fortemente sessiste, perch\u00e9 sia la \u201csoluzione\u201d veneziana che quella bolognese, usano il termine genitore al maschile, mentre la madre \u2013 se vogliamo usare un linguaggio non discriminatorio \u2013 \u00e8 casomai \u201cgenitrice\u201d. Ma, a quanto pare, in questo caso la discriminazione contro le donne viene ignorata e tenuta in non cale. Alla fine della fiera \u00e8 evidente che i soli termini che non discriminano nessuno sarebbero \u201cpadre\u201d e \u201cmadre\u201d.<\/p>\n<p style=\"text-align: justify;\">Ma ormai l\u2019ideologia dominante ha dichiarato guerra a padri e madri, alla famiglia naturale, alla realt\u00e0. E quindi dovremo subire la loro progressiva cancellazione linguistica. Non solo. L\u2019epurazione del linguaggio andr\u00e0 avanti (per esempio la parola \u201cmatrimonio\u201d, che rimanda evidentemente alla mater, quindi alla generazione) e si dovr\u00e0 estendere alla letteratura.<\/p>\n<p style=\"text-align: justify;\">DESESSUALIZZARE TUTTO<\/p>\n<p style=\"text-align: justify;\">Si dovr\u00e0 censurare quasi tutto, dall\u2019Odissea, dove Telemaco ha la sfrontatezza di aspettare il padre anzich\u00e9 il genitore 1, all\u2019Amleto dove il protagonista vive anch\u2019esso il dramma della morte del padre. Dalla Bibbia, dove la paternit\u00e0 di Abramo d\u00e0 inizio all\u2019Alleanza e dove Ges\u00f9 insegna a pregare col \u201cPadre nostro\u201d, indicando in Maria la Madre, fino alla psicoanalisi.<\/p>\n<p style=\"text-align: justify;\">Anche la psicoanalisi dovr\u00e0 cadere sotto i colpi del politically correct. Sigmund Freud nella \u201cPrefazione alla seconda edizione\u201d di \u201cL\u2019interpretazione dei sogni\u201d scrive testualmente: \u201cQuesto libro ha infatti per me anche un altro significato soggettivo, che mi \u00e8 riuscito chiaro solo dopo averlo portato a termine. Esso mi \u00e8 apparso come un brano della mia autobiografia, come la mia reazione alla morte di mio padre, dunque all\u2019avvenimento pi\u00f9 importante, alla perdita pi\u00f9 straziante nella vita di un uomo\u201d.<\/p>\n<p style=\"text-align: justify;\">Come ha notato Hermann Lang \u201cse Freud \u00e8 da considerare il padre della psicanalisi\u201d da questa citazione \u201crisulterebbe che questa psicanalisi la deve essenzialmente alla relazione con il padre\u201d.<\/p>\n<p style=\"text-align: justify;\">La psicoanalisi infatti ci spiega che il \u201cpadre\u201d e la \u201cmadre\u201d non sono soltanto l\u2019ineludibile realt\u00e0 umana da cui tutti siamo nati e nasciamo, coloro che hanno generato il nostro corpo biologico: essa ci svela che le loro diverse figure permeano pure la nostra psiche, fondano, in modo complementare, la nostra identit\u00e0 profonda e la nostra relazione con tutte le cose. Abolire il padre e la madre dunque rischia di portare all\u2019abolizione (psicologica) dei figli.<\/p>\n<p style=\"text-align: justify;\">Ricordo solo un pensiero di Freud: \u201cNon saprei indicare un bisogno infantile di intensit\u00e0 pari al bisogno che i bambini hanno di essere protetti dal padre\u201d (da \u201cIl disagio della civilt\u00e0\u201d, in Opere, X, Boringhieri, Torino 1978, p. 565). Qua, come pure dove parla della madre, come si pu\u00f2 \u201ccorreggere\u201d Freud? Non si pu\u00f2 sostituire padre e madre con genitore 1 o genitore 2. Perch\u00e9 non sono intercambiabili. Padre e madre sono complementari. E ineliminabili.<\/p>\n<p style=\"text-align: justify;\">Ma tutto questo sembra non importare a questo o quell\u2019assessore o politico o ministro o opinionista. Pare che nemmeno ci si accorga dell\u2019enormit\u00e0 e della delicatezza di ci\u00f2 che si va a spazzar via. Cosa volete che sia la cancellazione di una civilt\u00e0 millenaria e della stessa natura umana. Basta una delibera del sindaco.<\/p>\n","protected":false},"excerpt":{"rendered":"<p>da \u201cLibero\u201d, 19 settembre 2013 Antonio Socci Quasi cent\u2019anni fa il grande Gilbert K. Chesterton prevedeva che la\u00a0deriva della moderna mentalit\u00e0 nichilista sarebbe stata \u2013 di l\u00ec a poco \u2013 il ridicolo. Cio\u00e8 la guerra contro la realt\u00e0. Intendeva dire che ci\u00f2 che fino ad allora era stata un\u2019affermazione di buon senso e di razionalit\u00e0 &hellip; <\/p>\n<p><a class=\"more-link btn\" href=\"https:\/\/www.rassegnastampa-totustuus.it\/cattolica\/i-cosiddetti-progressisti-vogliono-abolire-padre-e-madre\/\">Continua a leggere<\/a><\/p>\n","protected":false},"author":6,"featured_media":33875,"comment_status":"closed","ping_status":"open","sticky":false,"template":"","format":"standard","meta":{"footnotes":""},"categories":[125,25],"tags":[1835],"class_list":["post-5732","post","type-post","status-publish","format-standard","has-post-thumbnail","hentry","category-ideologia-del-gender","category-sguardo-sul-nostro-tempo","tag-politicamente-corretto","item-wrap"],"yoast_head":"<!-- This site is optimized with the Yoast SEO plugin v27.5 - https:\/\/yoast.com\/product\/yoast-seo-wordpress\/ -->\n<title>I cosiddetti \u201cprogressisti\u201d vogliono abolire \u201cpadre\u201d e \u201cmadre\u201d. Tre passi nel ridicolo (e verso il baratro) - Rassegna Stampa Cattolica<\/title>\n<meta name=\"description\" content=\"Rassegna Stampa Cattolica - Per una cultura che nasce dalla Rivelazione cristiana in conformit\u00e0 alla tradizione e al Magistero della Chiesa in opposizione ad ogni relativismo e totalitarismo\" \/>\n<meta name=\"robots\" content=\"index, follow, max-snippet:-1, max-image-preview:large, max-video-preview:-1\" \/>\n<link rel=\"canonical\" href=\"https:\/\/www.rassegnastampa-totustuus.it\/cattolica\/i-cosiddetti-progressisti-vogliono-abolire-padre-e-madre\/\" \/>\n<meta property=\"og:locale\" content=\"it_IT\" \/>\n<meta property=\"og:type\" content=\"article\" \/>\n<meta property=\"og:title\" content=\"I cosiddetti \u201cprogressisti\u201d vogliono abolire \u201cpadre\u201d e \u201cmadre\u201d. Tre passi nel ridicolo (e verso il baratro) - Rassegna Stampa Cattolica\" \/>\n<meta property=\"og:description\" content=\"Rassegna Stampa Cattolica - Per una cultura che nasce dalla Rivelazione cristiana in conformit\u00e0 alla tradizione e al Magistero della Chiesa in opposizione ad ogni relativismo e totalitarismo\" \/>\n<meta property=\"og:url\" content=\"https:\/\/www.rassegnastampa-totustuus.it\/cattolica\/i-cosiddetti-progressisti-vogliono-abolire-padre-e-madre\/\" \/>\n<meta property=\"og:site_name\" content=\"Rassegna Stampa Cattolica\" \/>\n<meta property=\"article:publisher\" content=\"https:\/\/www.facebook.com\/rassegnastampacattolica\" \/>\n<meta property=\"article:published_time\" content=\"2013-10-02T22:00:00+00:00\" \/>\n<meta property=\"article:modified_time\" content=\"2016-05-02T07:19:09+00:00\" \/>\n<meta property=\"og:image\" content=\"https:\/\/www.rassegnastampa-totustuus.it\/cattolica\/wp-content\/uploads\/2013\/10\/genitore-1-2.jpg\" \/>\n\t<meta property=\"og:image:width\" content=\"267\" \/>\n\t<meta property=\"og:image:height\" content=\"189\" \/>\n\t<meta property=\"og:image:type\" content=\"image\/jpeg\" \/>\n<meta name=\"author\" content=\"Redazione\" \/>\n<meta name=\"twitter:card\" content=\"summary_large_image\" \/>\n<meta name=\"twitter:creator\" content=\"@rassegnastampa9\" \/>\n<meta name=\"twitter:site\" content=\"@rassegnastampa9\" \/>\n<meta name=\"twitter:label1\" content=\"Scritto da\" \/>\n\t<meta name=\"twitter:data1\" content=\"Redazione\" \/>\n\t<meta name=\"twitter:label2\" content=\"Tempo di lettura stimato\" \/>\n\t<meta name=\"twitter:data2\" content=\"5 minuti\" \/>\n<script type=\"application\/ld+json\" class=\"yoast-schema-graph\">{\"@context\":\"https:\\\/\\\/schema.org\",\"@graph\":[{\"@type\":\"Article\",\"@id\":\"https:\\\/\\\/www.rassegnastampa-totustuus.it\\\/cattolica\\\/i-cosiddetti-progressisti-vogliono-abolire-padre-e-madre\\\/#article\",\"isPartOf\":{\"@id\":\"https:\\\/\\\/www.rassegnastampa-totustuus.it\\\/cattolica\\\/i-cosiddetti-progressisti-vogliono-abolire-padre-e-madre\\\/\"},\"author\":{\"name\":\"Redazione\",\"@id\":\"https:\\\/\\\/www.rassegnastampa-totustuus.it\\\/cattolica\\\/#\\\/schema\\\/person\\\/08f319d2bd1a0904ad9e2bfb7b15e5c3\"},\"headline\":\"I cosiddetti \u201cprogressisti\u201d vogliono abolire \u201cpadre\u201d e \u201cmadre\u201d. Tre passi nel ridicolo (e verso il baratro)\",\"datePublished\":\"2013-10-02T22:00:00+00:00\",\"dateModified\":\"2016-05-02T07:19:09+00:00\",\"mainEntityOfPage\":{\"@id\":\"https:\\\/\\\/www.rassegnastampa-totustuus.it\\\/cattolica\\\/i-cosiddetti-progressisti-vogliono-abolire-padre-e-madre\\\/\"},\"wordCount\":1039,\"publisher\":{\"@id\":\"https:\\\/\\\/www.rassegnastampa-totustuus.it\\\/cattolica\\\/#organization\"},\"image\":{\"@id\":\"https:\\\/\\\/www.rassegnastampa-totustuus.it\\\/cattolica\\\/i-cosiddetti-progressisti-vogliono-abolire-padre-e-madre\\\/#primaryimage\"},\"thumbnailUrl\":\"https:\\\/\\\/www.rassegnastampa-totustuus.it\\\/cattolica\\\/wp-content\\\/uploads\\\/2013\\\/10\\\/genitore-1-2.jpg\",\"keywords\":[\"politicamente corretto\"],\"articleSection\":[\"Ideologia del gender\",\"Sguardo sul nostro tempo\"],\"inLanguage\":\"it-IT\"},{\"@type\":\"WebPage\",\"@id\":\"https:\\\/\\\/www.rassegnastampa-totustuus.it\\\/cattolica\\\/i-cosiddetti-progressisti-vogliono-abolire-padre-e-madre\\\/\",\"url\":\"https:\\\/\\\/www.rassegnastampa-totustuus.it\\\/cattolica\\\/i-cosiddetti-progressisti-vogliono-abolire-padre-e-madre\\\/\",\"name\":\"I cosiddetti \u201cprogressisti\u201d vogliono abolire \u201cpadre\u201d e \u201cmadre\u201d. Tre passi nel ridicolo (e verso il baratro) - Rassegna Stampa Cattolica\",\"isPartOf\":{\"@id\":\"https:\\\/\\\/www.rassegnastampa-totustuus.it\\\/cattolica\\\/#website\"},\"primaryImageOfPage\":{\"@id\":\"https:\\\/\\\/www.rassegnastampa-totustuus.it\\\/cattolica\\\/i-cosiddetti-progressisti-vogliono-abolire-padre-e-madre\\\/#primaryimage\"},\"image\":{\"@id\":\"https:\\\/\\\/www.rassegnastampa-totustuus.it\\\/cattolica\\\/i-cosiddetti-progressisti-vogliono-abolire-padre-e-madre\\\/#primaryimage\"},\"thumbnailUrl\":\"https:\\\/\\\/www.rassegnastampa-totustuus.it\\\/cattolica\\\/wp-content\\\/uploads\\\/2013\\\/10\\\/genitore-1-2.jpg\",\"datePublished\":\"2013-10-02T22:00:00+00:00\",\"dateModified\":\"2016-05-02T07:19:09+00:00\",\"description\":\"Rassegna Stampa Cattolica - Per una cultura che nasce dalla Rivelazione cristiana in conformit\u00e0 alla tradizione e al Magistero della Chiesa in opposizione ad ogni relativismo e totalitarismo\",\"breadcrumb\":{\"@id\":\"https:\\\/\\\/www.rassegnastampa-totustuus.it\\\/cattolica\\\/i-cosiddetti-progressisti-vogliono-abolire-padre-e-madre\\\/#breadcrumb\"},\"inLanguage\":\"it-IT\",\"potentialAction\":[{\"@type\":\"ReadAction\",\"target\":[\"https:\\\/\\\/www.rassegnastampa-totustuus.it\\\/cattolica\\\/i-cosiddetti-progressisti-vogliono-abolire-padre-e-madre\\\/\"]}]},{\"@type\":\"ImageObject\",\"inLanguage\":\"it-IT\",\"@id\":\"https:\\\/\\\/www.rassegnastampa-totustuus.it\\\/cattolica\\\/i-cosiddetti-progressisti-vogliono-abolire-padre-e-madre\\\/#primaryimage\",\"url\":\"https:\\\/\\\/www.rassegnastampa-totustuus.it\\\/cattolica\\\/wp-content\\\/uploads\\\/2013\\\/10\\\/genitore-1-2.jpg\",\"contentUrl\":\"https:\\\/\\\/www.rassegnastampa-totustuus.it\\\/cattolica\\\/wp-content\\\/uploads\\\/2013\\\/10\\\/genitore-1-2.jpg\",\"width\":267,\"height\":189},{\"@type\":\"BreadcrumbList\",\"@id\":\"https:\\\/\\\/www.rassegnastampa-totustuus.it\\\/cattolica\\\/i-cosiddetti-progressisti-vogliono-abolire-padre-e-madre\\\/#breadcrumb\",\"itemListElement\":[{\"@type\":\"ListItem\",\"position\":1,\"name\":\"Home\",\"item\":\"https:\\\/\\\/www.rassegnastampa-totustuus.it\\\/cattolica\\\/\"},{\"@type\":\"ListItem\",\"position\":2,\"name\":\"I cosiddetti \u201cprogressisti\u201d vogliono abolire \u201cpadre\u201d e \u201cmadre\u201d. Tre passi nel ridicolo (e verso il baratro)\"}]},{\"@type\":\"WebSite\",\"@id\":\"https:\\\/\\\/www.rassegnastampa-totustuus.it\\\/cattolica\\\/#website\",\"url\":\"https:\\\/\\\/www.rassegnastampa-totustuus.it\\\/cattolica\\\/\",\"name\":\"Rassegna Stampa Cattolica\",\"description\":\"Per una cultura che nasce dalla Rivelazione cristiana in conformit\u00e0 alla tradizione e al Magistero della Chiesa in opposizione ad ogni relativismo e totalitarismo\",\"publisher\":{\"@id\":\"https:\\\/\\\/www.rassegnastampa-totustuus.it\\\/cattolica\\\/#organization\"},\"alternateName\":\"Rass. Cattolica\",\"potentialAction\":[{\"@type\":\"SearchAction\",\"target\":{\"@type\":\"EntryPoint\",\"urlTemplate\":\"https:\\\/\\\/www.rassegnastampa-totustuus.it\\\/cattolica\\\/?s={search_term_string}\"},\"query-input\":{\"@type\":\"PropertyValueSpecification\",\"valueRequired\":true,\"valueName\":\"search_term_string\"}}],\"inLanguage\":\"it-IT\"},{\"@type\":\"Organization\",\"@id\":\"https:\\\/\\\/www.rassegnastampa-totustuus.it\\\/cattolica\\\/#organization\",\"name\":\"Rassegna Stampa Cattolica\",\"url\":\"https:\\\/\\\/www.rassegnastampa-totustuus.it\\\/cattolica\\\/\",\"logo\":{\"@type\":\"ImageObject\",\"inLanguage\":\"it-IT\",\"@id\":\"https:\\\/\\\/www.rassegnastampa-totustuus.it\\\/cattolica\\\/#\\\/schema\\\/logo\\\/image\\\/\",\"url\":\"https:\\\/\\\/www.rassegnastampa-totustuus.it\\\/cattolica\\\/wp-content\\\/uploads\\\/2014\\\/04\\\/logo-rassegna1.gif\",\"contentUrl\":\"https:\\\/\\\/www.rassegnastampa-totustuus.it\\\/cattolica\\\/wp-content\\\/uploads\\\/2014\\\/04\\\/logo-rassegna1.gif\",\"width\":600,\"height\":163,\"caption\":\"Rassegna Stampa Cattolica\"},\"image\":{\"@id\":\"https:\\\/\\\/www.rassegnastampa-totustuus.it\\\/cattolica\\\/#\\\/schema\\\/logo\\\/image\\\/\"},\"sameAs\":[\"https:\\\/\\\/www.facebook.com\\\/rassegnastampacattolica\",\"https:\\\/\\\/x.com\\\/rassegnastampa9\"]},{\"@type\":\"Person\",\"@id\":\"https:\\\/\\\/www.rassegnastampa-totustuus.it\\\/cattolica\\\/#\\\/schema\\\/person\\\/08f319d2bd1a0904ad9e2bfb7b15e5c3\",\"name\":\"Redazione\",\"image\":{\"@type\":\"ImageObject\",\"inLanguage\":\"it-IT\",\"@id\":\"https:\\\/\\\/secure.gravatar.com\\\/avatar\\\/2fcdf27c78ea025fbdb44e914cc63c72249ffec9dc8aafd5c82b26240ef3f346?s=96&d=mm&r=g\",\"url\":\"https:\\\/\\\/secure.gravatar.com\\\/avatar\\\/2fcdf27c78ea025fbdb44e914cc63c72249ffec9dc8aafd5c82b26240ef3f346?s=96&d=mm&r=g\",\"contentUrl\":\"https:\\\/\\\/secure.gravatar.com\\\/avatar\\\/2fcdf27c78ea025fbdb44e914cc63c72249ffec9dc8aafd5c82b26240ef3f346?s=96&d=mm&r=g\",\"caption\":\"Redazione\"},\"url\":\"https:\\\/\\\/www.rassegnastampa-totustuus.it\\\/cattolica\\\/author\\\/pietroelle\\\/\"}]}<\/script>\n<!-- \/ Yoast SEO plugin. -->","yoast_head_json":{"title":"I cosiddetti \u201cprogressisti\u201d vogliono abolire \u201cpadre\u201d e \u201cmadre\u201d. Tre passi nel ridicolo (e verso il baratro) - Rassegna Stampa Cattolica","description":"Rassegna Stampa Cattolica - Per una cultura che nasce dalla Rivelazione cristiana in conformit\u00e0 alla tradizione e al Magistero della Chiesa in opposizione ad ogni relativismo e totalitarismo","robots":{"index":"index","follow":"follow","max-snippet":"max-snippet:-1","max-image-preview":"max-image-preview:large","max-video-preview":"max-video-preview:-1"},"canonical":"https:\/\/www.rassegnastampa-totustuus.it\/cattolica\/i-cosiddetti-progressisti-vogliono-abolire-padre-e-madre\/","og_locale":"it_IT","og_type":"article","og_title":"I cosiddetti \u201cprogressisti\u201d vogliono abolire \u201cpadre\u201d e \u201cmadre\u201d. Tre passi nel ridicolo (e verso il baratro) - Rassegna Stampa Cattolica","og_description":"Rassegna Stampa Cattolica - Per una cultura che nasce dalla Rivelazione cristiana in conformit\u00e0 alla tradizione e al Magistero della Chiesa in opposizione ad ogni relativismo e totalitarismo","og_url":"https:\/\/www.rassegnastampa-totustuus.it\/cattolica\/i-cosiddetti-progressisti-vogliono-abolire-padre-e-madre\/","og_site_name":"Rassegna Stampa Cattolica","article_publisher":"https:\/\/www.facebook.com\/rassegnastampacattolica","article_published_time":"2013-10-02T22:00:00+00:00","article_modified_time":"2016-05-02T07:19:09+00:00","og_image":[{"width":267,"height":189,"url":"https:\/\/www.rassegnastampa-totustuus.it\/cattolica\/wp-content\/uploads\/2013\/10\/genitore-1-2.jpg","type":"image\/jpeg"}],"author":"Redazione","twitter_card":"summary_large_image","twitter_creator":"@rassegnastampa9","twitter_site":"@rassegnastampa9","twitter_misc":{"Scritto da":"Redazione","Tempo di lettura stimato":"5 minuti"},"schema":{"@context":"https:\/\/schema.org","@graph":[{"@type":"Article","@id":"https:\/\/www.rassegnastampa-totustuus.it\/cattolica\/i-cosiddetti-progressisti-vogliono-abolire-padre-e-madre\/#article","isPartOf":{"@id":"https:\/\/www.rassegnastampa-totustuus.it\/cattolica\/i-cosiddetti-progressisti-vogliono-abolire-padre-e-madre\/"},"author":{"name":"Redazione","@id":"https:\/\/www.rassegnastampa-totustuus.it\/cattolica\/#\/schema\/person\/08f319d2bd1a0904ad9e2bfb7b15e5c3"},"headline":"I cosiddetti \u201cprogressisti\u201d vogliono abolire \u201cpadre\u201d e \u201cmadre\u201d. Tre passi nel ridicolo (e verso il baratro)","datePublished":"2013-10-02T22:00:00+00:00","dateModified":"2016-05-02T07:19:09+00:00","mainEntityOfPage":{"@id":"https:\/\/www.rassegnastampa-totustuus.it\/cattolica\/i-cosiddetti-progressisti-vogliono-abolire-padre-e-madre\/"},"wordCount":1039,"publisher":{"@id":"https:\/\/www.rassegnastampa-totustuus.it\/cattolica\/#organization"},"image":{"@id":"https:\/\/www.rassegnastampa-totustuus.it\/cattolica\/i-cosiddetti-progressisti-vogliono-abolire-padre-e-madre\/#primaryimage"},"thumbnailUrl":"https:\/\/www.rassegnastampa-totustuus.it\/cattolica\/wp-content\/uploads\/2013\/10\/genitore-1-2.jpg","keywords":["politicamente corretto"],"articleSection":["Ideologia del gender","Sguardo sul nostro tempo"],"inLanguage":"it-IT"},{"@type":"WebPage","@id":"https:\/\/www.rassegnastampa-totustuus.it\/cattolica\/i-cosiddetti-progressisti-vogliono-abolire-padre-e-madre\/","url":"https:\/\/www.rassegnastampa-totustuus.it\/cattolica\/i-cosiddetti-progressisti-vogliono-abolire-padre-e-madre\/","name":"I cosiddetti \u201cprogressisti\u201d vogliono abolire \u201cpadre\u201d e \u201cmadre\u201d. Tre passi nel ridicolo (e verso il baratro) - Rassegna Stampa Cattolica","isPartOf":{"@id":"https:\/\/www.rassegnastampa-totustuus.it\/cattolica\/#website"},"primaryImageOfPage":{"@id":"https:\/\/www.rassegnastampa-totustuus.it\/cattolica\/i-cosiddetti-progressisti-vogliono-abolire-padre-e-madre\/#primaryimage"},"image":{"@id":"https:\/\/www.rassegnastampa-totustuus.it\/cattolica\/i-cosiddetti-progressisti-vogliono-abolire-padre-e-madre\/#primaryimage"},"thumbnailUrl":"https:\/\/www.rassegnastampa-totustuus.it\/cattolica\/wp-content\/uploads\/2013\/10\/genitore-1-2.jpg","datePublished":"2013-10-02T22:00:00+00:00","dateModified":"2016-05-02T07:19:09+00:00","description":"Rassegna Stampa Cattolica - Per una cultura che nasce dalla Rivelazione cristiana in conformit\u00e0 alla tradizione e al Magistero della Chiesa in opposizione ad ogni relativismo e totalitarismo","breadcrumb":{"@id":"https:\/\/www.rassegnastampa-totustuus.it\/cattolica\/i-cosiddetti-progressisti-vogliono-abolire-padre-e-madre\/#breadcrumb"},"inLanguage":"it-IT","potentialAction":[{"@type":"ReadAction","target":["https:\/\/www.rassegnastampa-totustuus.it\/cattolica\/i-cosiddetti-progressisti-vogliono-abolire-padre-e-madre\/"]}]},{"@type":"ImageObject","inLanguage":"it-IT","@id":"https:\/\/www.rassegnastampa-totustuus.it\/cattolica\/i-cosiddetti-progressisti-vogliono-abolire-padre-e-madre\/#primaryimage","url":"https:\/\/www.rassegnastampa-totustuus.it\/cattolica\/wp-content\/uploads\/2013\/10\/genitore-1-2.jpg","contentUrl":"https:\/\/www.rassegnastampa-totustuus.it\/cattolica\/wp-content\/uploads\/2013\/10\/genitore-1-2.jpg","width":267,"height":189},{"@type":"BreadcrumbList","@id":"https:\/\/www.rassegnastampa-totustuus.it\/cattolica\/i-cosiddetti-progressisti-vogliono-abolire-padre-e-madre\/#breadcrumb","itemListElement":[{"@type":"ListItem","position":1,"name":"Home","item":"https:\/\/www.rassegnastampa-totustuus.it\/cattolica\/"},{"@type":"ListItem","position":2,"name":"I cosiddetti \u201cprogressisti\u201d vogliono abolire \u201cpadre\u201d e \u201cmadre\u201d. Tre passi nel ridicolo (e verso il baratro)"}]},{"@type":"WebSite","@id":"https:\/\/www.rassegnastampa-totustuus.it\/cattolica\/#website","url":"https:\/\/www.rassegnastampa-totustuus.it\/cattolica\/","name":"Rassegna Stampa Cattolica","description":"Per una cultura che nasce dalla Rivelazione cristiana in conformit\u00e0 alla tradizione e al Magistero della Chiesa in opposizione ad ogni relativismo e totalitarismo","publisher":{"@id":"https:\/\/www.rassegnastampa-totustuus.it\/cattolica\/#organization"},"alternateName":"Rass. Cattolica","potentialAction":[{"@type":"SearchAction","target":{"@type":"EntryPoint","urlTemplate":"https:\/\/www.rassegnastampa-totustuus.it\/cattolica\/?s={search_term_string}"},"query-input":{"@type":"PropertyValueSpecification","valueRequired":true,"valueName":"search_term_string"}}],"inLanguage":"it-IT"},{"@type":"Organization","@id":"https:\/\/www.rassegnastampa-totustuus.it\/cattolica\/#organization","name":"Rassegna Stampa Cattolica","url":"https:\/\/www.rassegnastampa-totustuus.it\/cattolica\/","logo":{"@type":"ImageObject","inLanguage":"it-IT","@id":"https:\/\/www.rassegnastampa-totustuus.it\/cattolica\/#\/schema\/logo\/image\/","url":"https:\/\/www.rassegnastampa-totustuus.it\/cattolica\/wp-content\/uploads\/2014\/04\/logo-rassegna1.gif","contentUrl":"https:\/\/www.rassegnastampa-totustuus.it\/cattolica\/wp-content\/uploads\/2014\/04\/logo-rassegna1.gif","width":600,"height":163,"caption":"Rassegna Stampa Cattolica"},"image":{"@id":"https:\/\/www.rassegnastampa-totustuus.it\/cattolica\/#\/schema\/logo\/image\/"},"sameAs":["https:\/\/www.facebook.com\/rassegnastampacattolica","https:\/\/x.com\/rassegnastampa9"]},{"@type":"Person","@id":"https:\/\/www.rassegnastampa-totustuus.it\/cattolica\/#\/schema\/person\/08f319d2bd1a0904ad9e2bfb7b15e5c3","name":"Redazione","image":{"@type":"ImageObject","inLanguage":"it-IT","@id":"https:\/\/secure.gravatar.com\/avatar\/2fcdf27c78ea025fbdb44e914cc63c72249ffec9dc8aafd5c82b26240ef3f346?s=96&d=mm&r=g","url":"https:\/\/secure.gravatar.com\/avatar\/2fcdf27c78ea025fbdb44e914cc63c72249ffec9dc8aafd5c82b26240ef3f346?s=96&d=mm&r=g","contentUrl":"https:\/\/secure.gravatar.com\/avatar\/2fcdf27c78ea025fbdb44e914cc63c72249ffec9dc8aafd5c82b26240ef3f346?s=96&d=mm&r=g","caption":"Redazione"},"url":"https:\/\/www.rassegnastampa-totustuus.it\/cattolica\/author\/pietroelle\/"}]}},"_links":{"self":[{"href":"https:\/\/www.rassegnastampa-totustuus.it\/cattolica\/wp-json\/wp\/v2\/posts\/5732","targetHints":{"allow":["GET"]}}],"collection":[{"href":"https:\/\/www.rassegnastampa-totustuus.it\/cattolica\/wp-json\/wp\/v2\/posts"}],"about":[{"href":"https:\/\/www.rassegnastampa-totustuus.it\/cattolica\/wp-json\/wp\/v2\/types\/post"}],"author":[{"embeddable":true,"href":"https:\/\/www.rassegnastampa-totustuus.it\/cattolica\/wp-json\/wp\/v2\/users\/6"}],"replies":[{"embeddable":true,"href":"https:\/\/www.rassegnastampa-totustuus.it\/cattolica\/wp-json\/wp\/v2\/comments?post=5732"}],"version-history":[{"count":4,"href":"https:\/\/www.rassegnastampa-totustuus.it\/cattolica\/wp-json\/wp\/v2\/posts\/5732\/revisions"}],"predecessor-version":[{"id":33876,"href":"https:\/\/www.rassegnastampa-totustuus.it\/cattolica\/wp-json\/wp\/v2\/posts\/5732\/revisions\/33876"}],"wp:featuredmedia":[{"embeddable":true,"href":"https:\/\/www.rassegnastampa-totustuus.it\/cattolica\/wp-json\/wp\/v2\/media\/33875"}],"wp:attachment":[{"href":"https:\/\/www.rassegnastampa-totustuus.it\/cattolica\/wp-json\/wp\/v2\/media?parent=5732"}],"wp:term":[{"taxonomy":"category","embeddable":true,"href":"https:\/\/www.rassegnastampa-totustuus.it\/cattolica\/wp-json\/wp\/v2\/categories?post=5732"},{"taxonomy":"post_tag","embeddable":true,"href":"https:\/\/www.rassegnastampa-totustuus.it\/cattolica\/wp-json\/wp\/v2\/tags?post=5732"}],"curies":[{"name":"wp","href":"https:\/\/api.w.org\/{rel}","templated":true}]}}