{"id":57302,"date":"2023-11-11T22:19:03","date_gmt":"2023-11-11T21:19:03","guid":{"rendered":"https:\/\/www.rassegnastampa-totustuus.it\/cattolica\/?p=57302"},"modified":"2023-12-25T17:38:00","modified_gmt":"2023-12-25T16:38:00","slug":"il-nazismo-aiutava-il-sionismo","status":"publish","type":"post","link":"https:\/\/www.rassegnastampa-totustuus.it\/cattolica\/il-nazismo-aiutava-il-sionismo\/","title":{"rendered":"Il nazismo aiutava il sionismo"},"content":{"rendered":"<p style=\"text-align: justify;\"><span style=\"color: #000000;\"><strong><img loading=\"lazy\" decoding=\"async\" class=\" wp-image-53442 alignleft\" src=\"https:\/\/www.rassegnastampa-totustuus.it\/cattolica\/wp-content\/uploads\/2022\/01\/ebrei_lager_nazismo.jpg\" alt=\"\" width=\"311\" height=\"206\" \/>Abstract: <\/strong><em>Il nazismo aiutava il sionismo per dare una patria agli ebrei. Ingenti risorse furono impiegate per\u00a0 addestrate coloni ebrei all&#8217;agricoltura, da praticare una volta giunti in Palestina, dove il nazismo incoraggiava ad emigrare. Le nazioni dell&#8217;Occidente &#8211; Stati Uniti e Gran Bretagna innanzitutto &#8211; al contrario ostacolarono in ogni modo l&#8217;emigrazione degli ebrei, incoraggiando in definitiva la &#8220;soluzione finale&#8221; maturata con l&#8217;inizio della guerra<\/em><\/span><\/p>\n<p><!--more--><\/p>\n<p style=\"text-align: center;\"><span style=\"color: #000000;\"><strong>Informazione Cattolica <\/strong>9 Novembre 2023<\/span><\/p>\n<h3 style=\"text-align: center;\"><strong><span style=\"color: #000000;\">Nazisti, ebrei e l\u2019atteggiamento ipocrita <\/span><\/strong><\/h3>\n<h3 style=\"text-align: center;\"><strong><span style=\"color: #000000;\">dell\u2019Occidente democratic<\/span>o <\/strong><\/h3>\n<p style=\"text-align: center;\"><span style=\"color: #000000;\"><em>La Germania nazionalsocialista considerava pregiudizialmente gli ebrei come un elemento estraneo alla nazione<\/em><\/span><\/p>\n<p style=\"text-align: center;\"><span style=\"color: #000000;\">di <strong>Gianfredo Ruggiero<\/strong><\/span><\/p>\n<p style=\"text-align: justify;\"><span style=\"color: #000000;\"><img loading=\"lazy\" decoding=\"async\" class=\"size-full wp-image-57303 alignright\" src=\"https:\/\/www.rassegnastampa-totustuus.it\/cattolica\/wp-content\/uploads\/2023\/11\/Weimar_Germania.jpeg\" alt=\"\" width=\"297\" height=\"198\" \/>Durante la sfortunata Repubblica di Weimar (1919-33), quando la popolazione tedesca sub\u00ec la pi\u00f9 grande crisi economica e sociale della sua storia (a causa soprattutto degli enormi debiti di guerra imposti dalle potenze vincitrici del primo conflitto mondiale), molti ebrei, nonostante rappresentassero meno dell\u20191% della popolazione, raggiunsero nel settore economico-finanziario posizioni di alto livello e di considerevole benessere tali da essere additati, a causa della loro presunta cupidigia, come responsabili della stato di crisi in cui versava la Germania. A ci\u00f2 si aggiungeva l\u2019atavico antiebraismo cristiano, il nazionalismo esasperato e il mito della purezza ariana dell\u2019ideologia hitleriana<\/span>.<\/p>\n<p style=\"text-align: justify;\"><span style=\"color: #000000;\">L\u2019origine ebraica di Karl Marx, il teorico del comunismo, e di parte della dirigenza socialista tedesca, contribu\u00ec a rafforzare tale convincimento su cui bas\u00f2 la sua azione Adolf Hitler che fin da subito adott\u00f2 nei confronti degli ebrei una politica di restrizione dei diritti civili per spingerli a lasciare la Germania (<em>judenfrei<\/em>), anche attraverso il sostegno all\u2019emigrazione.<\/span><\/p>\n<div id=\"attachment_57304\" style=\"width: 173px\" class=\"wp-caption alignleft\"><img loading=\"lazy\" decoding=\"async\" aria-describedby=\"caption-attachment-57304\" class=\"wp-image-57304 size-full\" src=\"https:\/\/www.rassegnastampa-totustuus.it\/cattolica\/wp-content\/uploads\/2023\/11\/Theodore_Herzl_sionismo_ebrei.jpeg\" alt=\"\" width=\"173\" height=\"231\" \/><p id=\"caption-attachment-57304\" class=\"wp-caption-text\">Theodor Herzel<\/p><\/div>\n<p style=\"text-align: justify;\"><span style=\"color: #000000;\">Quest\u2019ultimo aspetto rispecchiava l\u2019ideale della patria ebraica preconizzata da Theodor Herzl, fondatore del movimento sionista il quale, per quanto possa sembrare paradossale, concordava con i nazisti sul fatto che ebrei e tedeschi erano nazionalit\u00e0 distinte e tali dovevano restare. Come risultato, il Governo di Hitler sostenne con vigore il Sionismo e l\u2019emigrazione ebraica in Palestina dal 1933 fino al 1940-41 (1<\/span>).<\/p>\n<p style=\"text-align: justify;\"><span style=\"color: #000000;\">L\u2019incoraggiamento all\u2019emigrazione degli ebrei trov\u00f2 per\u00f2 forti resistenze da parte della comunit\u00e0 internazionale e sfoci\u00f2 nel fallimento della conferenza di Evian del 1938, convocata da Roosevelt, dove i trentadue stati partecipanti avrebbero dovuto ognuno farsi carico di un numero di ebrei provenienti da Germania e Austria proporzionale alle loro dimensioni. L\u2019unica nazione che si propose di accogliere rifugiati fu la Repubblica Dominicana che ne accett\u00f2 circa 700, tutte le altre, con motivazioni pi\u00f9 o meno plausibili, rifiutarono ogni forma di accoglienza (L\u2019Italia fascista, invece, pur non avendo partecipato alla conferenza, da anni attuava una politica di ospitalit\u00e0 nei confronti degli ebrei).<\/span><\/p>\n<p style=\"text-align: justify;\"><span style=\"color: #000000;\"><img loading=\"lazy\" decoding=\"async\" class=\" wp-image-55454 alignleft\" src=\"https:\/\/www.rassegnastampa-totustuus.it\/cattolica\/wp-content\/uploads\/2023\/01\/ebrei_europa-300x168.jpg\" alt=\"\" width=\"336\" height=\"188\" \/>L\u2019atteggiamento ipocrita delle nazioni democratiche riguardo l\u2019accoglienza degli ebrei \u00e8 stato condensato in una frase di Goebbels che nel marzo 1943 poteva rilevare sarcasticamente: \u00abQuale sar\u00e0 la soluzione del problema ebraico? Si creer\u00e0 un giorno uno stato ebraico in qualche parte del mondo? Lo si sapr\u00e0 a suo tempo. Ma \u00e8 interessante notare che i paesi la cui opinione pubblica si agita in favore degli Ebrei, rifiutano costantemente di accoglierli. Dicono che sono i pionieri della civilt\u00e0, che sono i geni della filosofia e della creazione artistica, ma quando si chiede loro di accettare questi geni, chiudono loro le frontiere e dicono che non sanno che farsene. E\u2019 un caso unico nella storia questo rifiuto di accogliere in casa propria dei geni\u00bb (2).<\/span><\/p>\n<p style=\"text-align: justify;\"><span style=\"color: #000000;\">Un episodio che testimonia il rifiuto dell\u2019America ad accogliere gli ebrei riguarda la vicenda della nave St.Louis. Partita da Amburgo il 13 maggio 1939 con 937 profughi Ebrei, la nave era diretta a Cuba dove i migranti erano convinti di ottenere il visto per gli Stati Uniti. Sia Cuba sia gli Stati Uniti rifiuteranno per\u00f2 il permesso d\u2019accesso ai rifugiati, obbligando cos\u00ec la nave a tornare in Europa.<\/span><\/p>\n<p style=\"text-align: justify;\"><span style=\"color: #000000;\"><img loading=\"lazy\" decoding=\"async\" class=\"size-full wp-image-57310 alignright\" src=\"https:\/\/www.rassegnastampa-totustuus.it\/cattolica\/wp-content\/uploads\/2023\/11\/madagascar_Africa.jpeg\" alt=\"\" width=\"188\" height=\"331\" \/>Anche l\u2019ipotesi di creare, prima nell\u2019Isola di Madagascar e poi in Palestina, uno stato ebraico fall\u00ec per la forte opposizione di Francia, Inghilterra e Stati Uniti. Fallirono anche le trattative condotte Ministro degli Affari Esteri germanico Helmut Wohltat nell\u2019aprile 1939 con il governo inglese per un insediamento ebraico in Rhodesia e nella Guinea britannica (3).<\/span><\/p>\n<p style=\"text-align: justify;\"><span style=\"color: #000000;\">Nonostante la sostanziale indisponibilit\u00e0, che rasentava il boicottaggio, delle nazioni democratiche la politica emigratoria del governo nazista prosegu\u00ec con l\u2019istituzione dell&#8217;\u201dUfficio per l\u2019Emigrazione Ebraica\u201d con sedi a Berlino, Vienna e Praga che aveva il compito di agevolare il trasferimento degli ebrei e dei loro beni in Palestina. Furono anche organizzati dei campi di addestramento in Germania dove i giovani ebrei potevano essere iniziati ai lavori agricoli prima di essere introdotti pi\u00f9 o meno clandestinamente in Palestina (all\u2019epoca la Palestina era un protettorato inglese che si opponeva con forza alla colonizzazione ebraica, nonostante nel 1917 si impegn\u00f2 formalmente, con la dichiarazione di Balfour del 2 novembre, a costituire il focolare ebraico in Palestina)<\/span>.<\/p>\n<p style=\"text-align: justify;\"><span style=\"color: #000000;\"><img loading=\"lazy\" decoding=\"async\" class=\"size-full wp-image-57305 alignleft\" src=\"https:\/\/www.rassegnastampa-totustuus.it\/cattolica\/wp-content\/uploads\/2023\/11\/ebrei_kibuz_.jpeg\" alt=\"\" width=\"284\" height=\"180\" \/>Fatto singolare \u00e8 che nei circa 40 campi e centri agricoli della Germania hitleriana gestiti direttamente dal Mossad in cui i futuri coloni venivano addestrati alla vita nei kibbutz, sventolava per la prima volta quella bandiera blu e bianca che un giorno diventer\u00e0 il vessillo ufficiale dello Stato di Israele (4)<\/span>.<\/p>\n<p style=\"text-align: justify;\"><span style=\"color: #000000;\">Per liberarsi della presenza ebraica favorendo l\u2019emigrazione in Palestina, il governo tedesco stipul\u00f2 con le organizzazioni sioniste il cosiddetto \u201cAccordo di Trasferimento\u201d noto anche come Haavara, in virt\u00f9 del quale gli ebrei emigranti depositavano il denaro ricavato dalla vendita dei loro beni in un conto speciale destinato all\u2019acquisto di attrezzi per l\u2019agricoltura prodotti in Germania ed esportati in Palestina dalla compagnia ebraica Haavara di Tel Aviv.<\/span><\/p>\n<div id=\"attachment_46616\" style=\"width: 259px\" class=\"wp-caption alignright\"><img loading=\"lazy\" decoding=\"async\" aria-describedby=\"caption-attachment-46616\" class=\"wp-image-46616 size-full\" src=\"https:\/\/www.rassegnastampa-totustuus.it\/cattolica\/wp-content\/uploads\/2009\/03\/Golda_Meir.jpg\" alt=\"\" width=\"259\" height=\"194\" \/><p id=\"caption-attachment-46616\" class=\"wp-caption-text\">Golda Meir<\/p><\/div>\n<p style=\"text-align: justify;\"><span style=\"color: #000000;\">L\u2019accordo di Trasferimento \u00e8 stato sottoscritto il 10 agosto 1933 dal Ministro dell\u2019economia del Reich Kurt Schmitt e dal rappresentante del Movimento Sionista in Palestina Haim Arlosoroff che agiva per conto del Mapa\u00ef, il partito Sionista antenato del partito Laburista israeliano. A questa iniziativa politico-commerciale parteciparono personaggi divenuti in seguito molto noti come i futuri Primi Ministri David Ben-Gurion e Golda Meir (che collaborava da New York) (5).<\/span><\/p>\n<div id=\"attachment_51705\" style=\"width: 195px\" class=\"wp-caption alignleft\"><img loading=\"lazy\" decoding=\"async\" aria-describedby=\"caption-attachment-51705\" class=\"wp-image-51705 size-full\" src=\"https:\/\/www.rassegnastampa-totustuus.it\/cattolica\/wp-content\/uploads\/2021\/06\/Israele_David_Ben_Gurion.jpg\" alt=\"\" width=\"195\" height=\"258\" \/><p id=\"caption-attachment-51705\" class=\"wp-caption-text\">David Ben-Gurion<\/p><\/div>\n<p style=\"text-align: justify;\"><span style=\"color: #000000;\">Alla vigilia della Seconda Guerra Mondiale, grazie all\u2019 Haavara e ad altri accordi tedesco-sionisti, dei circa 522 mila ebrei presenti in Germania pi\u00f9 della met\u00e0, 304 mila, poterono lasciare il paese con i loro beni superando il rigido embargo inglese. Alcuni di loro trasferirono in Palestina considerevoli fortune personali. L\u2019importo complessivo di danaro trasferito per mezzo dell\u2019Haavara fra l\u2019agosto del 1933 e la fine del 1939, fu di circa 139 milioni di marchi (equivalenti a oltre 40 milioni di dollari). A cui si aggiungono ulteriori 70 milioni di dollari attraverso accordi commerciali collaterali. Grazie a questi trasferimenti e ai prelievi obbligatori imposti dal Movimento Sionista sulle transazioni, furono costruite le infrastrutture del futuro stato ebraico in Palestina<\/span>.<\/p>\n<p style=\"text-align: justify;\"><span style=\"color: #000000;\"><img loading=\"lazy\" decoding=\"async\" class=\"size-medium wp-image-51699 alignright\" src=\"https:\/\/www.rassegnastampa-totustuus.it\/cattolica\/wp-content\/uploads\/2021\/06\/Israele_Palestina-300x169.jpeg\" alt=\"\" width=\"300\" height=\"169\" srcset=\"https:\/\/www.rassegnastampa-totustuus.it\/cattolica\/wp-content\/uploads\/2021\/06\/Israele_Palestina-300x169.jpeg 300w, https:\/\/www.rassegnastampa-totustuus.it\/cattolica\/wp-content\/uploads\/2021\/06\/Israele_Palestina-768x432.jpeg 768w, https:\/\/www.rassegnastampa-totustuus.it\/cattolica\/wp-content\/uploads\/2021\/06\/Israele_Palestina-1024x576.jpeg 1024w, https:\/\/www.rassegnastampa-totustuus.it\/cattolica\/wp-content\/uploads\/2021\/06\/Israele_Palestina.jpeg 1280w\" sizes=\"auto, (max-width: 300px) 100vw, 300px\" \/>Lo storico ebreo Edwin Black sottolinea che i fondi ebraici provenienti dalla Germania ebbero un significativo impatto in un paese sottosviluppato com\u2019era la Palestina degli anni \u201930. Con i capitali provenienti dalla Germania furono costruite varie importanti imprese industriali, compresi l\u2019acquedotto Mekoroth e l\u2019industria tessile Lodzia. \u00abattraverso questo patto, il Terzo Reich di Hitler fece pi\u00f9 di ogni altro governo negli anni \u201930 per sostenere lo sviluppo ebraico in Palestina\u00bb conclude Edwin Black (6). Questa intesa port\u00f2 successivamente ad un accordo commerciale tra Governo tedesco ed organizzazioni ebraiche con il quale arance e altri prodotti coltivati in Palestina venivano scambiati con macchinario agricolo tedesco (7)<\/span>.<\/p>\n<p style=\"text-align: justify;\"><span style=\"color: #000000;\"><img loading=\"lazy\" decoding=\"async\" class=\"size-full wp-image-57309 alignleft\" src=\"https:\/\/www.rassegnastampa-totustuus.it\/cattolica\/wp-content\/uploads\/2023\/11\/sionismo_nazismo_medaglia.webp\" alt=\"\" width=\"299\" height=\"143\" \/>Una immagine singolare che sintetizza meglio di altre la collaborazione tra nazisti tedeschi ed ebrei sionisti \u00e8 la medaglia commemorativa coniata durante gli anni trenta allo scopo dal Governo tedesco che reca su una faccia la svastica e sull\u2019altra la stella di David<\/span>.<\/p>\n<p style=\"text-align: justify;\"><span style=\"color: #000000;\">Altra vicenda poco nota riguarda la nave passeggeri partita nel 1935 dal porto tedesco di Bremerhaven con un carico di ebrei diretti ad Haifa, in Palestina. Questa nave, recava sul fianco il suo nome, Tel Aviv, scritto in caratteri ebraici, e sull\u2019albero sventolava la bandiera nazista con la croce uncinata. La nave di propriet\u00e0 ebraica era comandata da un membro del Partito Nazionalsocialista (8)<\/span>.<\/p>\n<p style=\"text-align: justify;\"><span style=\"color: #000000;\"><img loading=\"lazy\" decoding=\"async\" class=\" wp-image-57306 alignleft\" src=\"https:\/\/www.rassegnastampa-totustuus.it\/cattolica\/wp-content\/uploads\/2023\/11\/sionismo_ebrei_Betar.jpeg\" alt=\"\" width=\"313\" height=\"198\" \/>Altro esempio della stretta collaborazione tra regime hitleriano e sionismo tedesco riguarda i gruppi giovanili ebraici come il \u201cB\u00e9tar\u201d ed ai boy scouts sionisti cui fu permesso di indossare uniformi proprie e di sventolare bandiere con simbolo dello Stato Sionista (cosa negata ad esempio ai gruppi giovanili cattolici, nonostante il Concordato). Intanto il governo britannico, da sempre ostile agli insediamenti ebraici in Palestina, impose delle restrizioni ancora pi\u00f9 drastiche. In risposta a ci\u00f2, il servizio segreto delle SS concluse una alleanza con il gruppo sionista clandestino Mossad le-Aliya Bet per portare illegalmente gli ebrei in Palestina. Come risultato di questa intensa collaborazione, vari convogli marittimi riuscirono a raggiungere la Palestina superando le navi da guerra britanniche pronte a colpire le imbarcazioni ebraiche. Nell\u2019ottobre del 1939 era programmata la partenza di altri 10.000 ebrei, ma lo scoppio della guerra a settembre fece fallire il tentativo. Le autorit\u00e0 tedesche continuarono lo stesso a promuovere indirettamente l\u2019emigrazione ebraica in Palestina negli anni successivi fino al 1941.<\/span><\/p>\n<p style=\"text-align: justify;\"><span style=\"color: #000000;\">Una stima, seppur approssimativa, fissa in circa 800 mila gli ebrei che lasciarono i territori sotto il controllo germanico fino al 1941. Con l\u2019avvicinarsi della guerra ci fu la svolta e la posizione degli Ebrei cambi\u00f2 in modo radicale. Il 5 settembre 1939, Chaim Weitzmann, futuro primo presidente dello stato di Israele, a nome dell\u2019ebraismo mondiale si dichiar\u00f2 parte belligerante contro i tedeschi e a fianco di Gran Bretagna e Francia (Jewish Chronicle, 8 settembre 1939)<\/span>.<\/p>\n<p style=\"text-align: justify;\"><span style=\"color: #000000;\"><img loading=\"lazy\" decoding=\"async\" class=\"size-full wp-image-46174 alignright\" src=\"https:\/\/www.rassegnastampa-totustuus.it\/cattolica\/wp-content\/uploads\/2020\/01\/guerra_ebrei_ghetto_Varsavia.jpg\" alt=\"\" width=\"270\" height=\"186\" \/>Questa vera e propria dichiarazione di guerra, che precedette l\u2019identico atto del marzo \u201933, caus\u00f2 un inasprimento delle misure repressive contro gli ebrei e confer\u00ec ai nazisti una motivazione legale per la loro reclusione. Il diritto internazionale, infatti, prevede la possibilit\u00e0 di internare i cittadini di origine straniera per evitare possibili azioni di spionaggio a favore dei paesi di origine (art. 5 della convenzione di Ginevra), cosa che fece l\u2019America con i cittadini di origine giapponese: dopo averli spogliati di tutti i beni confiscandogli casa, attivit\u00e0 e conti bancari, furono rinchiusi in campi di concentramento in condizioni disumane. <\/span><\/p>\n<p style=\"text-align: justify;\"><span style=\"color: #000000;\"><img loading=\"lazy\" decoding=\"async\" class=\"size-full wp-image-29561 alignright\" src=\"https:\/\/www.rassegnastampa-totustuus.it\/cattolica\/wp-content\/uploads\/2005\/08\/Hereford.jpg\" alt=\"\" width=\"260\" height=\"118\" \/>Verso la fine della guerra nel campo di prigionia di Hereford, nella ricca America, i soldati italiani che rifiutarono di collaborare con gli alleati venivano volutamente sottoalimentati e lasciati morire di tubercolosi, senza cure, sotto l\u2019acqua o il sole cocente, in mezzo agli abusi dei carcerieri che non esitavano ad uccidere al primo cenno di insofferenza. Prima di loro gli inglesi avevano internato, durante la guerra contro i Boeri, oltre 100 mila donne e bambini nei campi di concentramento in sud Africa, di questi 27 mila morirono di stenti, malattie e malnutrizione (crimini passati sotto silenzio<\/span>).<\/p>\n<p style=\"text-align: justify;\"><span style=\"color: #000000;\"><img loading=\"lazy\" decoding=\"async\" class=\" wp-image-51702 alignleft\" src=\"https:\/\/www.rassegnastampa-totustuus.it\/cattolica\/wp-content\/uploads\/2021\/06\/ebrei_israele.jpg\" alt=\"\" width=\"340\" height=\"224\" \/>Lo scoppio del conflitto pose fine alla politica tedesca di incoraggiamento al trasferimento degli ebrei verso la Palestina (nel 1942 restava in attivit\u00e0 nella Germania un solo Kibbutz a Neuend (9)<\/span>.<\/p>\n<p style=\"text-align: justify;\"><span style=\"color: #000000;\">Tuttavia, nei primi anni di guerra, i rapporti tra nazisti e organizzazioni ebraiche non furono del tutto interrotti, ma si spostarono sul piano prettamente militare in funzione anti inglese, anche se l\u2019influenza che ebbero sugli avvenimenti bellici fu praticamente nulla<\/span>.<\/p>\n<div id=\"attachment_57307\" style=\"width: 166px\" class=\"wp-caption alignright\"><img loading=\"lazy\" decoding=\"async\" aria-describedby=\"caption-attachment-57307\" class=\"wp-image-57307\" src=\"https:\/\/www.rassegnastampa-totustuus.it\/cattolica\/wp-content\/uploads\/2023\/11\/Yitzhak_Shamir_Israele.jpeg\" alt=\"\" width=\"166\" height=\"228\" \/><p id=\"caption-attachment-57307\" class=\"wp-caption-text\">Yitzhak Shamir<\/p><\/div>\n<p style=\"text-align: justify;\"><span style=\"color: #000000;\">Agli inizi di gennaio del 1941 una piccola, ma importante organizzazione sionista, Lehi o Banda Stern (il cui leader Avraham Stern fu assassinato dalla polizia britannica l\u2019anno successivo), fece ai diplomatici nazisti a Beirut una proposta formale di alleanza per lottare contro gli inglesi: la cosa che pi\u00f9 colpisce \u00e8 che uno di essi era , futuro primo ministro di Israele (10).<\/span><\/p>\n<p style=\"text-align: justify;\"><span style=\"color: #000000;\">Con il proseguimento della guerra che richiedeva sempre pi\u00f9 soldati al fronte e operai nelle fabbriche il governo tedesco abbozz\u00f2 l\u2019idea di utilizzare massicciamente gli ebrei nell\u2019industria bellica. Dopo l\u2019attacco alla Russia l\u2019idea del lavoro forzato prese corpo e fu perfezionata nel corso della conferenza di Wannsee del 20 gennaio del 1942 con il definitivo abbandono della politica di emigrazione e l\u2019adozione della cosiddetta \u201csoluzione finale territoriale\u201d (eine territoriale Endl\u00f6sung) che sostituiva la politica del trasferimento con quella della deportazione di tutti gli ebrei nei campi di lavoro dell\u2019est.<\/span><\/p>\n<p style=\"text-align: justify;\"><span style=\"color: #000000;\">\u00abAdesso, nell\u2019ambito della soluzione finale, gli ebrei dovrebbero essere utilizzati in impieghi lavorativi a est, nei modi pi\u00f9 opportuni e con una direzione adeguata. In grandi squadre di lavoro, con separazione dei sessi, gli ebrei in grado di lavorare verranno portati in questi territori per la costruzione di strade, e non vi \u00e8 dubbio che una gran parte verr\u00e0 a mancare per decremento naturale. Quanto all\u2019eventuale residuo che alla fine dovesse ancora rimanere, bisogner\u00e0 provvedere in maniera adeguata, dal momento che esso, costituendo una selezione naturale, \u00e8 da considerare, in caso di rilascio, come la cellula germinale di una rinascita ebraica\u00bb (Dal protocollo di Wannsee del 20 gennaio 1942).<\/span><\/p>\n<p style=\"text-align: justify;\"><span style=\"color: #000000;\"><img loading=\"lazy\" decoding=\"async\" class=\" wp-image-49891 alignleft\" src=\"https:\/\/www.rassegnastampa-totustuus.it\/cattolica\/wp-content\/uploads\/2021\/01\/auschwitz_ebrei_nazismo-300x169.jpg\" alt=\"\" width=\"360\" height=\"203\" srcset=\"https:\/\/www.rassegnastampa-totustuus.it\/cattolica\/wp-content\/uploads\/2021\/01\/auschwitz_ebrei_nazismo-300x169.jpg 300w, https:\/\/www.rassegnastampa-totustuus.it\/cattolica\/wp-content\/uploads\/2021\/01\/auschwitz_ebrei_nazismo-768x432.jpg 768w, https:\/\/www.rassegnastampa-totustuus.it\/cattolica\/wp-content\/uploads\/2021\/01\/auschwitz_ebrei_nazismo-1024x576.jpg 1024w, https:\/\/www.rassegnastampa-totustuus.it\/cattolica\/wp-content\/uploads\/2021\/01\/auschwitz_ebrei_nazismo.jpg 1920w\" sizes=\"auto, (max-width: 360px) 100vw, 360px\" \/>Gli studiosi dell\u2019Olocausto hanno sempre sostenuto che il piano generale dell\u2019ebreicidio nazista venne ideato nella riunione di Wannsee, ma Norbert Kampe direttore del Centro Commemorativo della Conferenza di Berlino, contesta questa tesi. Egli afferma che la conferenza riguard\u00f2 solo \u201cquestioni operative\u201d e non fu in alcun modo una piattaforma di \u201cprocessi decisionali\u201d, confermato dal fatto che alla conferenza di Wannsee Hitler e i suoi ministri non erano presenti.<\/span><\/p>\n<p style=\"text-align: justify;\"><span style=\"color: #000000;\">Dove erano situati grandi insediamenti industriali furono istituiti campi di lavoro, come per esempio la fabbrica di caucci\u00f9 sintetico a Bergen-Belsen, la I.G. Farben ad Auschwitz, la Siemens a Ravensbr\u00fcck, la fabbrica sotterranea delle V-2 di Mittelbau-Dora collegata al campo di Buchenwald.<\/span><\/p>\n<p style=\"text-align: justify;\"><span style=\"color: #000000;\"><img loading=\"lazy\" decoding=\"async\" class=\" wp-image-57308 alignleft\" src=\"https:\/\/www.rassegnastampa-totustuus.it\/cattolica\/wp-content\/uploads\/2023\/11\/ebrei_lager_nazismo.jpeg\" alt=\"\" width=\"311\" height=\"214\" \/>Il compito di utilizzare al meglio i campi di concentramento come centri di produzione industriale fu affidato all\u2019Ufficio Centrale di Amministrazione Economica delle S.S. diretto da Oswald Pohl. Il lavoro coatto fu utilizzato anche dalla societ\u00e0 di costruzioni Todt per il ripristino delle linee di comunicazione (strade, ponti ferrovie,) che venivano costantemente distrutte dai bombardamenti alleati. questi lavori, che richiedevano un\u2019enorme massa di operai (pi\u00f9 di 1.500.000 nel 1944), furono svolti in buona parte ebrei e prigionieri di guerra (11).<\/span><\/p>\n<p style=\"text-align: justify;\"><span style=\"color: #000000;\"><img loading=\"lazy\" decoding=\"async\" class=\"wp-image-42687 alignright\" src=\"https:\/\/www.rassegnastampa-totustuus.it\/cattolica\/wp-content\/uploads\/2019\/04\/Bandiera-americana-300x200.jpg\" alt=\"\" width=\"159\" height=\"106\" srcset=\"https:\/\/www.rassegnastampa-totustuus.it\/cattolica\/wp-content\/uploads\/2019\/04\/Bandiera-americana-300x200.jpg 300w, https:\/\/www.rassegnastampa-totustuus.it\/cattolica\/wp-content\/uploads\/2019\/04\/Bandiera-americana-768x511.jpg 768w, https:\/\/www.rassegnastampa-totustuus.it\/cattolica\/wp-content\/uploads\/2019\/04\/Bandiera-americana-1024x681.jpg 1024w, https:\/\/www.rassegnastampa-totustuus.it\/cattolica\/wp-content\/uploads\/2019\/04\/Bandiera-americana-595x400.jpg 595w, https:\/\/www.rassegnastampa-totustuus.it\/cattolica\/wp-content\/uploads\/2019\/04\/Bandiera-americana.jpg 1300w\" sizes=\"auto, (max-width: 159px) 100vw, 159px\" \/>Un aspetto inquietante e poco dibattuto riguarda le linee ferroviarie da cui transitavano i convogli carichi di ebrei. Gli alleati sapevano fin dagli inizi del 1942 dell\u2019esistenza dei campi di concentramento eppure, nonostante i massicci bombardamenti alleati che ridussero in macerie la Germania, le linee ferroviarie utilizzate dai tedeschi per trasferire gli ebrei nei campi di lavoro non furono mai attaccate, se non come effetto collaterale (come avvenne il 24 agosto del 1944 con il bombardamento della fabbrica di armamenti di Mittelbau-Dora che coinvolse il vicino campo di Buchenwald dove mor\u00ec, per effetto delle bombe alleate, Mafalda di Savoia<\/span>).<\/p>\n<p style=\"text-align: justify;\"><span style=\"color: #000000;\"><img loading=\"lazy\" decoding=\"async\" class=\" wp-image-45980 alignleft\" src=\"https:\/\/www.rassegnastampa-totustuus.it\/cattolica\/wp-content\/uploads\/2020\/01\/Inghilterra_bandiera-300x169.jpg\" alt=\"\" width=\"183\" height=\"103\" srcset=\"https:\/\/www.rassegnastampa-totustuus.it\/cattolica\/wp-content\/uploads\/2020\/01\/Inghilterra_bandiera-300x169.jpg 300w, https:\/\/www.rassegnastampa-totustuus.it\/cattolica\/wp-content\/uploads\/2020\/01\/Inghilterra_bandiera-768x432.jpg 768w, https:\/\/www.rassegnastampa-totustuus.it\/cattolica\/wp-content\/uploads\/2020\/01\/Inghilterra_bandiera-1024x576.jpg 1024w, https:\/\/www.rassegnastampa-totustuus.it\/cattolica\/wp-content\/uploads\/2020\/01\/Inghilterra_bandiera.jpg 1920w\" sizes=\"auto, (max-width: 183px) 100vw, 183px\" \/>Come mai, mi domando, questi fatti sono sottaciuti se non del tutto ignorati anche dagli storici pi\u00f9 autorevoli? Forse per non mettere in imbarazzo i cosidetti \u201cpaladini della libert\u00e0\u201d? <\/span><\/p>\n<p style=\"text-align: justify;\"><span style=\"color: #000000;\">Nel \u201cGiorno della Memoria\u201d esprimiamo la nostra piena solidariet\u00e0 al popolo ebraico per la persecuzione subita e la ferma condanna ad ogni forma di discriminazione razziale. Questo per\u00f2 non deve indurci a sorvolare sulle pesanti responsabilit\u00e0, condite di cinismo e ipocrisia, delle democrazie occidentali che vedevano, sapevano e volgevano lo sguardo altrove, rendendosi, perlomeno sotto il profilo politico e morale, complici dei carnefici.<\/span><\/p>\n<p style=\"text-align: justify;\"><span style=\"color: #000000;\"><strong>Note <\/strong><\/span><\/p>\n<p style=\"text-align: justify;\"><span style=\"color: #000000;\"><strong>1)<\/strong> Il giornale ufficiale della SS, \u201cDas Schwarze Korps\u201d, dichiar\u00f2 il proprio sostegno al Sionismo in un editoriale di prima pagina del maggio del 1935: \u00abPu\u00f2 non essere troppo lontano il momento in cui la Palestina sar\u00e0 di nuovo in grado di ricevere i propri figli che ha perduto per pi\u00f9 di mille anni. A loro vanno i nostri migliori auguri\u00bb. Gli ebrei sionisti a loro volta, nel settembre del 1935 dopo la promulgazione della legislazione razziale tedesca (leggi di Norimberga) che sancivano la netta separazione della comunit\u00e0 ebraica dal resto della nazione tedesca ponendo il divieto di matrimoni misti e altre pesanti limitazioni che andavano in tale direzione, dichiararono, attraverso un editoriale del pi\u00f9 diffuso settimanale sionista tedesco, il \u201c<span style=\"color: #0000ff;\"><a style=\"color: #0000ff;\" href=\"https:\/\/juedischerundschau.de\/\" target=\"_blank\" rel=\"noopener\">Die Judische Rundschau<\/a><\/span>\u201d: \u00ab la Germania viene incontro alle richieste del Congresso Mondiale Sionista quando dichiara gli ebrei che oggi vivono in Germania una minoranza nazionale\u2026 Le nuove leggi danno alla minoranza ebraica in Germania la propria vita culturale, la propria vita nazionale. In breve, essa pu\u00f2 creare il proprio futuro \u00bb. <\/span><\/p>\n<p style=\"text-align: justify;\"><span style=\"color: #000000;\"><strong>2)<\/strong> <span style=\"color: #0000ff;\"><a style=\"color: #0000ff;\" href=\"https:\/\/www.zvab.com\/buch-suchen\/titel\/der-prozess-von-jerusalem\/autor\/bernd-nellessen\/\" target=\"_blank\" rel=\"noopener\">Bernd Nellessen: \u201cDer Prozesi von Jerusalem\u201d,<\/a><\/span> D\u00fcsseldorf\/Vienna, 1964, p. 201. <\/span><\/p>\n<p style=\"text-align: justify;\"><span style=\"color: #000000;\"><strong>3)<\/strong> Theodor Herzl, nella sua prima opera \u201cDer Judische Staat\u201d (Lo stato ebraico) aveva individuato, nell\u2019isola di Madagascar il luogo ideale dove fondare lo stato di Israele. Questa ipotesi fu presa in seria considerazione dai nazionalsocialisti in quanto l\u2019insediamento in Palestina, la patria ideale degli ebrei, avrebbe inevitabilmente portato ad un scontro con gli arabo-palestinesi (cosa che effettivamente avvenne a partire dal 1948). Tuttavia anche questa ipotesi fu in seguito accantonata a causa del netto rifiuto delle democrazie occidentali. La patata bollente ritorn\u00f2, di conseguenza, nelle mani dei tedeschi che riprese l\u2019opzione Palestina. <\/span><\/p>\n<p style=\"text-align: justify;\"><span style=\"color: #000000;\"><strong>4)<\/strong> Manvell e Fankl: \u201cSS und Gestapo\u201d.\u00a0<\/span><\/p>\n<p style=\"text-align: justify;\"><span style=\"color: #000000;\"><strong>5)<\/strong> L\u2019accordo di Trasferimento autorizzava i Sionisti a creare due camere di compensazione, la prima sotto la supervisione della Federazione Sionista Tedesca di Berlino, l\u2019altra sotto la supervisione dell\u2019Anglo Palestine Trust in Palestina. L\u2019ufficio di Tel Aviv \u00e8 stato chiamato Haavara Transfert Office Ltd. Si tratt\u00f2 di un vero e proprio accordo commerciale che, fra l\u2019altro, contribu\u00ec a rompere il boicottaggio mondiale anti-nazista organizzato contro la Germania. Le compagnie erano due: la Haavara, ebraica a Tel Aviv, e la Paltreu, tedesca a Berlino. Il deposito minimo era di 1.000 sterline inglesi presso la Banca Wasserman di Berlino oppure presso la Banca Warburg di Amburgo. Tom Segev in \u201cLe septieme million\u201d, ed. Liana Levi, 1993. <strong>6)<\/strong> Edwin Black: \u201cThe Transfert Agreement\u201d, 1984; F. Nicosia: \u201cTerzo Reich\u201d; W. Feilchenfeld: \u201cHaavara-Transfer\u201d; Encyclopaedia Judaica: \u201cHaavara\u201d, Vol. 7.<\/span><\/p>\n<p style=\"text-align: justify;\"><span style=\"color: #000000;\"> <strong>7)<\/strong> Questa sorta di baratto esteso a tutte le esportazioni\/importazioni, cardine della politica economica nazista che contribu\u00ec alla ripresa della Germania dopo i disastri della Repubblica di Weimar, fu fortemente osteggiato dalle organizzazioni ebraiche non sioniste che, al contrario, sostenevano l\u2019embargo dei prodotti Made in Germany.<\/span><\/p>\n<p style=\"text-align: justify;\"><span style=\"color: #000000;\"><strong>8)<\/strong> W. Martini: \u201cHebr\u00e4isch unterm Hakenkreuz\u201d, Die Welt, 10 gennaio 1975. <strong>9)<\/strong> Y. Arad: \u201cDocumenti sull\u2019Olocausto\u201d, 1981, p. 155.<\/span><\/p>\n<p style=\"text-align: justify;\"><span style=\"color: #000000;\"><strong>10)<\/strong><\/span> <span style=\"color: #0000ff;\"><a style=\"color: #0000ff;\" href=\"http:\/\/holywar.org\/Sio_Naz.htm\" target=\"_blank\" rel=\"noopener\">http:\/\/holywar.org\/Sio_Naz.htm<\/a>.<\/span><\/p>\n<p style=\"text-align: justify;\"><span style=\"color: #000000;\"><strong>11)<\/strong> Creata da Fritz Todt, l\u2019organizzazione oper\u00f2 in stretta sinergia con gli alti comandi militari durante tutta la Seconda guerra mondiale. Il principale ruolo dell\u2019impresa era la costruzione di strade, ponti e altre opere di comunicazione, vitali per le armate tedesche e per le linee di approvvigionamento, cos\u00ec come della costruzione di opere difensive: la Linea Sigfrido, il Vallo Atlantico e \u2013 in Italia \u2013 la Linea Gustav e la Linea Gotica<\/span>.<\/p>\n<p style=\"text-align: justify;\">________________________________________<\/p>\n<p><span style=\"color: #000000;\">Le nazioni del democratico occidente non soltanto rifiutarono di accogliere gli ebrei in fuga dalla Germania ma a guerra iniziata ignorano le ci<\/span><span style=\"color: #000000;\">rcostanziate denunce su quello che stava avvenendo nei campi di sterminio nazionalsocialisti:\u00a0 <span style=\"color: #0000ff;\"><a style=\"color: #0000ff;\" href=\"https:\/\/www.rassegnastampa-totustuus.it\/cattolica\/il-karski-di-haenel-gli-ebrei-si-potevano-salvare\/\" target=\"_blank\" rel=\"noopener\"><strong>Il Karski di Haenel: gli ebrei si potevano salvare<\/strong><\/a><\/span><\/span><\/p>\n","protected":false},"excerpt":{"rendered":"<p>Abstract: Il nazismo aiutava il sionismo per dare una patria agli ebrei. Ingenti risorse furono impiegate per\u00a0 addestrate coloni ebrei all&#8217;agricoltura, da praticare una volta giunti in Palestina, dove il nazismo incoraggiava ad emigrare. Le nazioni dell&#8217;Occidente &#8211; Stati Uniti e Gran Bretagna innanzitutto &#8211; al contrario ostacolarono in ogni modo l&#8217;emigrazione degli ebrei, incoraggiando &hellip; <\/p>\n<p><a class=\"more-link btn\" href=\"https:\/\/www.rassegnastampa-totustuus.it\/cattolica\/il-nazismo-aiutava-il-sionismo\/\">Continua a leggere<\/a><\/p>\n","protected":false},"author":6,"featured_media":53442,"comment_status":"closed","ping_status":"closed","sticky":false,"template":"","format":"standard","meta":{"footnotes":""},"categories":[94,24],"tags":[2400,486,886,2979,162],"class_list":["post-57302","post","type-post","status-publish","format-standard","has-post-thumbnail","hentry","category-nazionalsocialismo","category-storia","tag-israele","tag-nazionalsocialismo-2","tag-olocausto","tag-sionismo","tag-storia-2","item-wrap"],"yoast_head":"<!-- This site is optimized with the Yoast SEO plugin v27.5 - https:\/\/yoast.com\/product\/yoast-seo-wordpress\/ -->\n<title>Il nazismo aiutava il sionismo - Rassegna Stampa Cattolica<\/title>\n<meta name=\"description\" content=\"Il nazismo aiutava il sionismo mentre l&#039;ipocrita Occidente chiudeva le porte in faccia agli ebrei e ignorava l&#039;olocausto\" \/>\n<meta name=\"robots\" content=\"index, follow, max-snippet:-1, max-image-preview:large, max-video-preview:-1\" \/>\n<link rel=\"canonical\" href=\"https:\/\/www.rassegnastampa-totustuus.it\/cattolica\/il-nazismo-aiutava-il-sionismo\/\" \/>\n<meta property=\"og:locale\" content=\"it_IT\" \/>\n<meta property=\"og:type\" content=\"article\" \/>\n<meta property=\"og:title\" content=\"Il nazismo aiutava il sionismo - Rassegna Stampa Cattolica\" \/>\n<meta property=\"og:description\" content=\"Il nazismo aiutava il sionismo mentre l&#039;ipocrita Occidente chiudeva le porte in faccia agli ebrei e ignorava l&#039;olocausto\" \/>\n<meta property=\"og:url\" content=\"https:\/\/www.rassegnastampa-totustuus.it\/cattolica\/il-nazismo-aiutava-il-sionismo\/\" \/>\n<meta property=\"og:site_name\" content=\"Rassegna Stampa Cattolica\" \/>\n<meta property=\"article:publisher\" content=\"https:\/\/www.facebook.com\/rassegnastampacattolica\" \/>\n<meta property=\"article:published_time\" content=\"2023-11-11T21:19:03+00:00\" \/>\n<meta property=\"article:modified_time\" content=\"2023-12-25T16:38:00+00:00\" \/>\n<meta property=\"og:image\" content=\"https:\/\/www.rassegnastampa-totustuus.it\/cattolica\/wp-content\/uploads\/2022\/01\/ebrei_lager_nazismo.jpg\" \/>\n\t<meta property=\"og:image:width\" content=\"276\" \/>\n\t<meta property=\"og:image:height\" content=\"183\" \/>\n\t<meta property=\"og:image:type\" content=\"image\/jpeg\" \/>\n<meta name=\"author\" content=\"Redazione\" \/>\n<meta name=\"twitter:card\" content=\"summary_large_image\" \/>\n<meta name=\"twitter:creator\" content=\"@rassegnastampa9\" \/>\n<meta name=\"twitter:site\" content=\"@rassegnastampa9\" \/>\n<meta name=\"twitter:label1\" content=\"Scritto da\" \/>\n\t<meta name=\"twitter:data1\" content=\"Redazione\" \/>\n\t<meta name=\"twitter:label2\" content=\"Tempo di lettura stimato\" \/>\n\t<meta name=\"twitter:data2\" content=\"20 minuti\" \/>\n<script type=\"application\/ld+json\" class=\"yoast-schema-graph\">{\"@context\":\"https:\\\/\\\/schema.org\",\"@graph\":[{\"@type\":\"Article\",\"@id\":\"https:\\\/\\\/www.rassegnastampa-totustuus.it\\\/cattolica\\\/il-nazismo-aiutava-il-sionismo\\\/#article\",\"isPartOf\":{\"@id\":\"https:\\\/\\\/www.rassegnastampa-totustuus.it\\\/cattolica\\\/il-nazismo-aiutava-il-sionismo\\\/\"},\"author\":{\"name\":\"Redazione\",\"@id\":\"https:\\\/\\\/www.rassegnastampa-totustuus.it\\\/cattolica\\\/#\\\/schema\\\/person\\\/08f319d2bd1a0904ad9e2bfb7b15e5c3\"},\"headline\":\"Il nazismo aiutava il sionismo\",\"datePublished\":\"2023-11-11T21:19:03+00:00\",\"dateModified\":\"2023-12-25T16:38:00+00:00\",\"mainEntityOfPage\":{\"@id\":\"https:\\\/\\\/www.rassegnastampa-totustuus.it\\\/cattolica\\\/il-nazismo-aiutava-il-sionismo\\\/\"},\"wordCount\":3059,\"publisher\":{\"@id\":\"https:\\\/\\\/www.rassegnastampa-totustuus.it\\\/cattolica\\\/#organization\"},\"image\":{\"@id\":\"https:\\\/\\\/www.rassegnastampa-totustuus.it\\\/cattolica\\\/il-nazismo-aiutava-il-sionismo\\\/#primaryimage\"},\"thumbnailUrl\":\"https:\\\/\\\/www.rassegnastampa-totustuus.it\\\/cattolica\\\/wp-content\\\/uploads\\\/2022\\\/01\\\/ebrei_lager_nazismo.jpg\",\"keywords\":[\"Israele\",\"nazionalsocialismo\",\"olocausto\",\"sionismo\",\"storia\"],\"articleSection\":[\"Nazionalsocialismo\",\"Storia\"],\"inLanguage\":\"it-IT\"},{\"@type\":\"WebPage\",\"@id\":\"https:\\\/\\\/www.rassegnastampa-totustuus.it\\\/cattolica\\\/il-nazismo-aiutava-il-sionismo\\\/\",\"url\":\"https:\\\/\\\/www.rassegnastampa-totustuus.it\\\/cattolica\\\/il-nazismo-aiutava-il-sionismo\\\/\",\"name\":\"Il nazismo aiutava il sionismo - Rassegna Stampa Cattolica\",\"isPartOf\":{\"@id\":\"https:\\\/\\\/www.rassegnastampa-totustuus.it\\\/cattolica\\\/#website\"},\"primaryImageOfPage\":{\"@id\":\"https:\\\/\\\/www.rassegnastampa-totustuus.it\\\/cattolica\\\/il-nazismo-aiutava-il-sionismo\\\/#primaryimage\"},\"image\":{\"@id\":\"https:\\\/\\\/www.rassegnastampa-totustuus.it\\\/cattolica\\\/il-nazismo-aiutava-il-sionismo\\\/#primaryimage\"},\"thumbnailUrl\":\"https:\\\/\\\/www.rassegnastampa-totustuus.it\\\/cattolica\\\/wp-content\\\/uploads\\\/2022\\\/01\\\/ebrei_lager_nazismo.jpg\",\"datePublished\":\"2023-11-11T21:19:03+00:00\",\"dateModified\":\"2023-12-25T16:38:00+00:00\",\"description\":\"Il nazismo aiutava il sionismo mentre l'ipocrita Occidente chiudeva le porte in faccia agli ebrei e ignorava l'olocausto\",\"breadcrumb\":{\"@id\":\"https:\\\/\\\/www.rassegnastampa-totustuus.it\\\/cattolica\\\/il-nazismo-aiutava-il-sionismo\\\/#breadcrumb\"},\"inLanguage\":\"it-IT\",\"potentialAction\":[{\"@type\":\"ReadAction\",\"target\":[\"https:\\\/\\\/www.rassegnastampa-totustuus.it\\\/cattolica\\\/il-nazismo-aiutava-il-sionismo\\\/\"]}]},{\"@type\":\"ImageObject\",\"inLanguage\":\"it-IT\",\"@id\":\"https:\\\/\\\/www.rassegnastampa-totustuus.it\\\/cattolica\\\/il-nazismo-aiutava-il-sionismo\\\/#primaryimage\",\"url\":\"https:\\\/\\\/www.rassegnastampa-totustuus.it\\\/cattolica\\\/wp-content\\\/uploads\\\/2022\\\/01\\\/ebrei_lager_nazismo.jpg\",\"contentUrl\":\"https:\\\/\\\/www.rassegnastampa-totustuus.it\\\/cattolica\\\/wp-content\\\/uploads\\\/2022\\\/01\\\/ebrei_lager_nazismo.jpg\",\"width\":276,\"height\":183},{\"@type\":\"BreadcrumbList\",\"@id\":\"https:\\\/\\\/www.rassegnastampa-totustuus.it\\\/cattolica\\\/il-nazismo-aiutava-il-sionismo\\\/#breadcrumb\",\"itemListElement\":[{\"@type\":\"ListItem\",\"position\":1,\"name\":\"Home\",\"item\":\"https:\\\/\\\/www.rassegnastampa-totustuus.it\\\/cattolica\\\/\"},{\"@type\":\"ListItem\",\"position\":2,\"name\":\"Il nazismo aiutava il sionismo\"}]},{\"@type\":\"WebSite\",\"@id\":\"https:\\\/\\\/www.rassegnastampa-totustuus.it\\\/cattolica\\\/#website\",\"url\":\"https:\\\/\\\/www.rassegnastampa-totustuus.it\\\/cattolica\\\/\",\"name\":\"Rassegna Stampa Cattolica\",\"description\":\"Per una cultura che nasce dalla Rivelazione cristiana in conformit\u00e0 alla tradizione e al Magistero della Chiesa in opposizione ad ogni relativismo e totalitarismo\",\"publisher\":{\"@id\":\"https:\\\/\\\/www.rassegnastampa-totustuus.it\\\/cattolica\\\/#organization\"},\"alternateName\":\"Rass. Cattolica\",\"potentialAction\":[{\"@type\":\"SearchAction\",\"target\":{\"@type\":\"EntryPoint\",\"urlTemplate\":\"https:\\\/\\\/www.rassegnastampa-totustuus.it\\\/cattolica\\\/?s={search_term_string}\"},\"query-input\":{\"@type\":\"PropertyValueSpecification\",\"valueRequired\":true,\"valueName\":\"search_term_string\"}}],\"inLanguage\":\"it-IT\"},{\"@type\":\"Organization\",\"@id\":\"https:\\\/\\\/www.rassegnastampa-totustuus.it\\\/cattolica\\\/#organization\",\"name\":\"Rassegna Stampa Cattolica\",\"url\":\"https:\\\/\\\/www.rassegnastampa-totustuus.it\\\/cattolica\\\/\",\"logo\":{\"@type\":\"ImageObject\",\"inLanguage\":\"it-IT\",\"@id\":\"https:\\\/\\\/www.rassegnastampa-totustuus.it\\\/cattolica\\\/#\\\/schema\\\/logo\\\/image\\\/\",\"url\":\"https:\\\/\\\/www.rassegnastampa-totustuus.it\\\/cattolica\\\/wp-content\\\/uploads\\\/2014\\\/04\\\/logo-rassegna1.gif\",\"contentUrl\":\"https:\\\/\\\/www.rassegnastampa-totustuus.it\\\/cattolica\\\/wp-content\\\/uploads\\\/2014\\\/04\\\/logo-rassegna1.gif\",\"width\":600,\"height\":163,\"caption\":\"Rassegna Stampa Cattolica\"},\"image\":{\"@id\":\"https:\\\/\\\/www.rassegnastampa-totustuus.it\\\/cattolica\\\/#\\\/schema\\\/logo\\\/image\\\/\"},\"sameAs\":[\"https:\\\/\\\/www.facebook.com\\\/rassegnastampacattolica\",\"https:\\\/\\\/x.com\\\/rassegnastampa9\"]},{\"@type\":\"Person\",\"@id\":\"https:\\\/\\\/www.rassegnastampa-totustuus.it\\\/cattolica\\\/#\\\/schema\\\/person\\\/08f319d2bd1a0904ad9e2bfb7b15e5c3\",\"name\":\"Redazione\",\"image\":{\"@type\":\"ImageObject\",\"inLanguage\":\"it-IT\",\"@id\":\"https:\\\/\\\/secure.gravatar.com\\\/avatar\\\/2fcdf27c78ea025fbdb44e914cc63c72249ffec9dc8aafd5c82b26240ef3f346?s=96&d=mm&r=g\",\"url\":\"https:\\\/\\\/secure.gravatar.com\\\/avatar\\\/2fcdf27c78ea025fbdb44e914cc63c72249ffec9dc8aafd5c82b26240ef3f346?s=96&d=mm&r=g\",\"contentUrl\":\"https:\\\/\\\/secure.gravatar.com\\\/avatar\\\/2fcdf27c78ea025fbdb44e914cc63c72249ffec9dc8aafd5c82b26240ef3f346?s=96&d=mm&r=g\",\"caption\":\"Redazione\"},\"url\":\"https:\\\/\\\/www.rassegnastampa-totustuus.it\\\/cattolica\\\/author\\\/pietroelle\\\/\"}]}<\/script>\n<!-- \/ Yoast SEO plugin. -->","yoast_head_json":{"title":"Il nazismo aiutava il sionismo - Rassegna Stampa Cattolica","description":"Il nazismo aiutava il sionismo mentre l'ipocrita Occidente chiudeva le porte in faccia agli ebrei e ignorava l'olocausto","robots":{"index":"index","follow":"follow","max-snippet":"max-snippet:-1","max-image-preview":"max-image-preview:large","max-video-preview":"max-video-preview:-1"},"canonical":"https:\/\/www.rassegnastampa-totustuus.it\/cattolica\/il-nazismo-aiutava-il-sionismo\/","og_locale":"it_IT","og_type":"article","og_title":"Il nazismo aiutava il sionismo - Rassegna Stampa Cattolica","og_description":"Il nazismo aiutava il sionismo mentre l'ipocrita Occidente chiudeva le porte in faccia agli ebrei e ignorava l'olocausto","og_url":"https:\/\/www.rassegnastampa-totustuus.it\/cattolica\/il-nazismo-aiutava-il-sionismo\/","og_site_name":"Rassegna Stampa Cattolica","article_publisher":"https:\/\/www.facebook.com\/rassegnastampacattolica","article_published_time":"2023-11-11T21:19:03+00:00","article_modified_time":"2023-12-25T16:38:00+00:00","og_image":[{"width":276,"height":183,"url":"https:\/\/www.rassegnastampa-totustuus.it\/cattolica\/wp-content\/uploads\/2022\/01\/ebrei_lager_nazismo.jpg","type":"image\/jpeg"}],"author":"Redazione","twitter_card":"summary_large_image","twitter_creator":"@rassegnastampa9","twitter_site":"@rassegnastampa9","twitter_misc":{"Scritto da":"Redazione","Tempo di lettura stimato":"20 minuti"},"schema":{"@context":"https:\/\/schema.org","@graph":[{"@type":"Article","@id":"https:\/\/www.rassegnastampa-totustuus.it\/cattolica\/il-nazismo-aiutava-il-sionismo\/#article","isPartOf":{"@id":"https:\/\/www.rassegnastampa-totustuus.it\/cattolica\/il-nazismo-aiutava-il-sionismo\/"},"author":{"name":"Redazione","@id":"https:\/\/www.rassegnastampa-totustuus.it\/cattolica\/#\/schema\/person\/08f319d2bd1a0904ad9e2bfb7b15e5c3"},"headline":"Il nazismo aiutava il sionismo","datePublished":"2023-11-11T21:19:03+00:00","dateModified":"2023-12-25T16:38:00+00:00","mainEntityOfPage":{"@id":"https:\/\/www.rassegnastampa-totustuus.it\/cattolica\/il-nazismo-aiutava-il-sionismo\/"},"wordCount":3059,"publisher":{"@id":"https:\/\/www.rassegnastampa-totustuus.it\/cattolica\/#organization"},"image":{"@id":"https:\/\/www.rassegnastampa-totustuus.it\/cattolica\/il-nazismo-aiutava-il-sionismo\/#primaryimage"},"thumbnailUrl":"https:\/\/www.rassegnastampa-totustuus.it\/cattolica\/wp-content\/uploads\/2022\/01\/ebrei_lager_nazismo.jpg","keywords":["Israele","nazionalsocialismo","olocausto","sionismo","storia"],"articleSection":["Nazionalsocialismo","Storia"],"inLanguage":"it-IT"},{"@type":"WebPage","@id":"https:\/\/www.rassegnastampa-totustuus.it\/cattolica\/il-nazismo-aiutava-il-sionismo\/","url":"https:\/\/www.rassegnastampa-totustuus.it\/cattolica\/il-nazismo-aiutava-il-sionismo\/","name":"Il nazismo aiutava il sionismo - Rassegna Stampa Cattolica","isPartOf":{"@id":"https:\/\/www.rassegnastampa-totustuus.it\/cattolica\/#website"},"primaryImageOfPage":{"@id":"https:\/\/www.rassegnastampa-totustuus.it\/cattolica\/il-nazismo-aiutava-il-sionismo\/#primaryimage"},"image":{"@id":"https:\/\/www.rassegnastampa-totustuus.it\/cattolica\/il-nazismo-aiutava-il-sionismo\/#primaryimage"},"thumbnailUrl":"https:\/\/www.rassegnastampa-totustuus.it\/cattolica\/wp-content\/uploads\/2022\/01\/ebrei_lager_nazismo.jpg","datePublished":"2023-11-11T21:19:03+00:00","dateModified":"2023-12-25T16:38:00+00:00","description":"Il nazismo aiutava il sionismo mentre l'ipocrita Occidente chiudeva le porte in faccia agli ebrei e ignorava l'olocausto","breadcrumb":{"@id":"https:\/\/www.rassegnastampa-totustuus.it\/cattolica\/il-nazismo-aiutava-il-sionismo\/#breadcrumb"},"inLanguage":"it-IT","potentialAction":[{"@type":"ReadAction","target":["https:\/\/www.rassegnastampa-totustuus.it\/cattolica\/il-nazismo-aiutava-il-sionismo\/"]}]},{"@type":"ImageObject","inLanguage":"it-IT","@id":"https:\/\/www.rassegnastampa-totustuus.it\/cattolica\/il-nazismo-aiutava-il-sionismo\/#primaryimage","url":"https:\/\/www.rassegnastampa-totustuus.it\/cattolica\/wp-content\/uploads\/2022\/01\/ebrei_lager_nazismo.jpg","contentUrl":"https:\/\/www.rassegnastampa-totustuus.it\/cattolica\/wp-content\/uploads\/2022\/01\/ebrei_lager_nazismo.jpg","width":276,"height":183},{"@type":"BreadcrumbList","@id":"https:\/\/www.rassegnastampa-totustuus.it\/cattolica\/il-nazismo-aiutava-il-sionismo\/#breadcrumb","itemListElement":[{"@type":"ListItem","position":1,"name":"Home","item":"https:\/\/www.rassegnastampa-totustuus.it\/cattolica\/"},{"@type":"ListItem","position":2,"name":"Il nazismo aiutava il sionismo"}]},{"@type":"WebSite","@id":"https:\/\/www.rassegnastampa-totustuus.it\/cattolica\/#website","url":"https:\/\/www.rassegnastampa-totustuus.it\/cattolica\/","name":"Rassegna Stampa Cattolica","description":"Per una cultura che nasce dalla Rivelazione cristiana in conformit\u00e0 alla tradizione e al Magistero della Chiesa in opposizione ad ogni relativismo e totalitarismo","publisher":{"@id":"https:\/\/www.rassegnastampa-totustuus.it\/cattolica\/#organization"},"alternateName":"Rass. Cattolica","potentialAction":[{"@type":"SearchAction","target":{"@type":"EntryPoint","urlTemplate":"https:\/\/www.rassegnastampa-totustuus.it\/cattolica\/?s={search_term_string}"},"query-input":{"@type":"PropertyValueSpecification","valueRequired":true,"valueName":"search_term_string"}}],"inLanguage":"it-IT"},{"@type":"Organization","@id":"https:\/\/www.rassegnastampa-totustuus.it\/cattolica\/#organization","name":"Rassegna Stampa Cattolica","url":"https:\/\/www.rassegnastampa-totustuus.it\/cattolica\/","logo":{"@type":"ImageObject","inLanguage":"it-IT","@id":"https:\/\/www.rassegnastampa-totustuus.it\/cattolica\/#\/schema\/logo\/image\/","url":"https:\/\/www.rassegnastampa-totustuus.it\/cattolica\/wp-content\/uploads\/2014\/04\/logo-rassegna1.gif","contentUrl":"https:\/\/www.rassegnastampa-totustuus.it\/cattolica\/wp-content\/uploads\/2014\/04\/logo-rassegna1.gif","width":600,"height":163,"caption":"Rassegna Stampa Cattolica"},"image":{"@id":"https:\/\/www.rassegnastampa-totustuus.it\/cattolica\/#\/schema\/logo\/image\/"},"sameAs":["https:\/\/www.facebook.com\/rassegnastampacattolica","https:\/\/x.com\/rassegnastampa9"]},{"@type":"Person","@id":"https:\/\/www.rassegnastampa-totustuus.it\/cattolica\/#\/schema\/person\/08f319d2bd1a0904ad9e2bfb7b15e5c3","name":"Redazione","image":{"@type":"ImageObject","inLanguage":"it-IT","@id":"https:\/\/secure.gravatar.com\/avatar\/2fcdf27c78ea025fbdb44e914cc63c72249ffec9dc8aafd5c82b26240ef3f346?s=96&d=mm&r=g","url":"https:\/\/secure.gravatar.com\/avatar\/2fcdf27c78ea025fbdb44e914cc63c72249ffec9dc8aafd5c82b26240ef3f346?s=96&d=mm&r=g","contentUrl":"https:\/\/secure.gravatar.com\/avatar\/2fcdf27c78ea025fbdb44e914cc63c72249ffec9dc8aafd5c82b26240ef3f346?s=96&d=mm&r=g","caption":"Redazione"},"url":"https:\/\/www.rassegnastampa-totustuus.it\/cattolica\/author\/pietroelle\/"}]}},"_links":{"self":[{"href":"https:\/\/www.rassegnastampa-totustuus.it\/cattolica\/wp-json\/wp\/v2\/posts\/57302","targetHints":{"allow":["GET"]}}],"collection":[{"href":"https:\/\/www.rassegnastampa-totustuus.it\/cattolica\/wp-json\/wp\/v2\/posts"}],"about":[{"href":"https:\/\/www.rassegnastampa-totustuus.it\/cattolica\/wp-json\/wp\/v2\/types\/post"}],"author":[{"embeddable":true,"href":"https:\/\/www.rassegnastampa-totustuus.it\/cattolica\/wp-json\/wp\/v2\/users\/6"}],"replies":[{"embeddable":true,"href":"https:\/\/www.rassegnastampa-totustuus.it\/cattolica\/wp-json\/wp\/v2\/comments?post=57302"}],"version-history":[{"count":4,"href":"https:\/\/www.rassegnastampa-totustuus.it\/cattolica\/wp-json\/wp\/v2\/posts\/57302\/revisions"}],"predecessor-version":[{"id":58409,"href":"https:\/\/www.rassegnastampa-totustuus.it\/cattolica\/wp-json\/wp\/v2\/posts\/57302\/revisions\/58409"}],"wp:featuredmedia":[{"embeddable":true,"href":"https:\/\/www.rassegnastampa-totustuus.it\/cattolica\/wp-json\/wp\/v2\/media\/53442"}],"wp:attachment":[{"href":"https:\/\/www.rassegnastampa-totustuus.it\/cattolica\/wp-json\/wp\/v2\/media?parent=57302"}],"wp:term":[{"taxonomy":"category","embeddable":true,"href":"https:\/\/www.rassegnastampa-totustuus.it\/cattolica\/wp-json\/wp\/v2\/categories?post=57302"},{"taxonomy":"post_tag","embeddable":true,"href":"https:\/\/www.rassegnastampa-totustuus.it\/cattolica\/wp-json\/wp\/v2\/tags?post=57302"}],"curies":[{"name":"wp","href":"https:\/\/api.w.org\/{rel}","templated":true}]}}