{"id":5728,"date":"2013-09-26T00:00:00","date_gmt":"2013-09-25T22:00:00","guid":{"rendered":""},"modified":"2015-11-10T17:06:44","modified_gmt":"2015-11-10T16:06:44","slug":"demografia-litalia-non-ha-futuro","status":"publish","type":"post","link":"https:\/\/www.rassegnastampa-totustuus.it\/cattolica\/demografia-litalia-non-ha-futuro\/","title":{"rendered":"Demografia: l&#8217;Italia non ha futuro"},"content":{"rendered":"<div style=\"text-align: center;\"><strong><a href=\"https:\/\/www.rassegnastampa-totustuus.it\/cattolica\/wp-content\/uploads\/2013\/09\/grafico_popolaz.png\"><img loading=\"lazy\" decoding=\"async\" class=\"alignleft wp-image-27399 size-full\" src=\"https:\/\/www.rassegnastampa-totustuus.it\/cattolica\/wp-content\/uploads\/2013\/09\/grafico_popolaz.png\" alt=\"grafico_popolaz\" width=\"224\" height=\"225\" srcset=\"https:\/\/www.rassegnastampa-totustuus.it\/cattolica\/wp-content\/uploads\/2013\/09\/grafico_popolaz.png 224w, https:\/\/www.rassegnastampa-totustuus.it\/cattolica\/wp-content\/uploads\/2013\/09\/grafico_popolaz-150x150.png 150w\" sizes=\"auto, (max-width: 224px) 100vw, 224px\" \/><\/a>La nuova Bussola Quotidiana <\/strong>15 settembre\u00a02013<\/div>\n<p style=\"text-align: center;\">di <strong>Massimo Introvigne<\/strong><\/p>\n<p style=\"text-align: justify;\"><strong>Alla Settimana Sociale di Torino\u00a0 dedicata alla famiglia,<\/strong> che si conclude\u00a0 domenica 15 settembre, nel dibattito\u00a0 dei gruppi di lavoro ha destato grande\u00a0 interesse la relazione del\u00a0 professor Gian\u00a0 Carlo Blangiardo, ordinario di Scienze statistiche\u00a0 all\u2019Universit\u00e0 di\u00a0 Milano-Bicocca, sui numeri delle\u00a0 famiglie in Italia.<\/p>\n<p style=\"text-align: justify;\">Il mio\u00a0 amico e maestro\u00a0 Rodney Stark ama dire che in sociologia \u00abchi non conta non\u00a0 conta\u00bb: chi non parte\u00a0 dai numeri di rado dice cose rilevanti. E la sociologia\u00a0 ai suoi albori\u00a0 ottocenteschi non si chiamava neppure sociologia: il nome usato\u00a0 era \u00abstatistica\u00a0 morale\u00bb, a indicare fin da subito quanto fossero importanti i\u00a0 numeri, cui pure \u2013\u00a0 certo \u2013 non bisogna fermarsi.<\/p>\n<p style=\"text-align: justify;\"><!--more--><\/p>\n<p style=\"text-align: justify;\"><strong>Oggi, per\u00f2, siamo di fronte piuttosto a statistiche immorali.<\/strong> I numeri di Blangiardo sono inesorabili. Il numero di residenti in Italia aumenta, sia pure lentamente: dagli attuali sessanta milioni viaggiamo verso i 62 milioni previsti per il 2036. Tuttavia questo aumento \u00e8 dovuto secondo Blangiardo \u00abinteramente\u00bb all\u2019immigrazione: pur calcolando la riduzione nel numero d\u2019immigrati dovuta alla crisi economica, nei prossimi cinquant\u2019anni si prevede che essi salgano da quattro a tredici milioni mentre gli italiani presenti sul territorio scenderebbero di nove milioni.<\/p>\n<p style=\"text-align: justify;\">Tra qualche decennio un abitante della penisola su cinque sar\u00e0 uno straniero senza passaporto italiano, e molti detentori di passaporti italiani saranno immigrati nati all\u2019estero e che avranno ottenuto nel frattempo la cittadinanza.<\/p>\n<p style=\"text-align: justify;\"><strong>Bench\u00e9, prosegue Blangiardo, il numero degli\u00a0<\/strong><strong>stranieri che nascono nei nostri ospedali<\/strong> sia \u00abdestinato a raddoppiarsi\u00bb nei prossimi cinquant\u2019anni, questo dato \u00abnon sar\u00e0 sufficiente a compensare il forte calo delle nascite italiane: -127mila tra il 2012 e il 2064 (-27%)\u00bb, e gi\u00e0 oggi il nostro tasso di natalit\u00e0 \u00e8 il pi\u00f9 basso del mondo. I bambini italiani diventeranno una specie in via di estinzione, ancorch\u00e9 nelle nostre strade vedremo ancora un certo numero di bambini: stranieri.<\/p>\n<p style=\"text-align: justify;\"><strong>In compenso, vedremo tanti vecchi<\/strong>. Gi\u00e0 nel 2041 \u00abla fascia di et\u00e0 pi\u00f9 rappresentata nella struttura degli italiani diventer\u00e0 quella dei settantenni\u00bb. Oggi ci sono in Italia pi\u00f9 nonni che nipoti; dal 2028 ci saranno pi\u00f9 bisnonni \u2013 cio\u00e8 italiani con pi\u00f9 di ottant\u2019anni \u2013 che pronipoti, cio\u00e8 bambini di et\u00e0 inferiore a dieci anni.<\/p>\n<p style=\"text-align: justify;\">La frazione di Pil destinata alle pensioni dovr\u00e0 anch\u2019essa raddoppiare, non essendo ipotizzabili senza determinare sconvolgimenti sociali e politici un ulteriore aumento dell\u2019et\u00e0 pensionabile o tagli alle pensioni di chi oggi gi\u00e0 fatica a sopravvivere. Blangiardo ritiene che le statistiche correnti rispetto alla sempre maggiore difficolt\u00e0 di sostenere le pensioni addirittura sottostimino il problema, e che sia un\u2019illusione ottica quella d\u2019immaginare che le pensioni dei nostri vecchi le pagheranno gli immigrati. Infatti non si considera che anche gli immigrati invecchiano, e che esiste quello che lo studioso chiama \u00abinvecchiamento importato\u00bb.<\/p>\n<p style=\"text-align: justify;\">I primi immigrati cominciano ad arrivare alla pensione. Tra poco saranno una massa di pensionati, che per di pi\u00f9 \u00abha avuto un lavoro regolare solo in et\u00e0 matura\u00bb, spesso con salario basso, cos\u00ec che i loro contributi certamente non pagheranno le loro pensioni, che dovranno essere sostenute da altri.<\/p>\n<p style=\"text-align: justify;\">A causa dell\u2019\u00abinvecchiamento importato\u00bb il numero di pensionati raggiunger\u00e0 il suo vertice nel 2030, quando andranno in pensione i figli del baby boom degli anni 1960, ma sorprendentemente questo vertice \u00abnon sar\u00e0 seguito dal declino che ci si attenderebbe per via della caduta della natalit\u00e0 sviluppatasi dalla met\u00e0 degli anni \u201860\u00bb. Infatti legioni di pensionati immigrati compenseranno la riduzione nel numero di pensionati italiani, mantenendo il numero totale di chi fruisce di una pensione costante.<\/p>\n<p style=\"text-align: justify;\"><strong>Ma le\u00a0<\/strong><strong>cattive notizie non finiscono qui<\/strong>. Non bastasse la drastica riduzione, da record mondiale, del numero dei bambini \u2013 che, ha rilevato Blangiardo nella sua conferenza stampa, bench\u00e9 sia vietato dirlo deriva ampiamente dagli aborti \u2013 anche tra gli italiani che, superando un vero percorso a ostacoli, sono riusciti a nascere, molti rappresenteranno solo un costo per il sistema Paese \u2013 occorre mandarli a scuola e curarli quando si ammalano prima di entrare nel mondo del lavoro \u2013 ma non daranno poi alcun contributo al Pil perch\u00e9 se ne andranno all\u2019estero.<\/p>\n<p style=\"text-align: justify;\">Non si tratta di aneddoti \u2013 molti hanno un vicino il cui figlio \u00e8 andato a lavorare a Londra o in America \u2013 ma di centinaia di migliaia di giovani, in gran parte laureati, che per mancanza di lavoro e soprattutto per sfiducia nell\u2019Italia se ne vanno, e non torneranno pi\u00f9.<\/p>\n<p style=\"text-align: justify;\">Tranne pochi ultraricchi, sono costretti a rimanere in Italia invece i pensionati, di cui i figli \u2013 che non sono mai nati, o sono pochi a causa del \u00abmodello del figlio unico\u00bb \u2013 si prendono sempre meno cura, cos\u00ec che deve occuparsene lo Stato, con ulteriori costi per i contribuenti. \u00abVa altres\u00ec osservato \u2013 aggiunge Blangiardo \u2013 che la crescita degli ultra85enni soli \u00e8 pi\u00f9 intensa per la componente maschile (+102% per gli uomini rispetto a +62% per le donne), ossia proprio in corrispondenza di quei soggetti che spesso hanno meno capacit\u00e0, o semplicemente meno consuetudine, nel vivere in autonomia\u00bb.<\/p>\n<p style=\"text-align: justify;\"><strong>Blangiardo si rende conto che queste statistiche\u00a0<\/strong><strong>sono pericolose<\/strong>, perch\u00e9 possono fare venire in mente a qualcuno \u00absoluzioni non conformi alla dignit\u00e0 umana\u00bb, cio\u00e8 l\u2019eutanasia, che proprio in questi giorni \u00e8 rilanciata a gran voce dai Radicali. Ci sono troppi vecchi? Ammazziamone un certo numero. Ma, a parte ogni ovvia considerazione morale, la \u00absoluzione\u00bb sarebbe di breve periodo. Presto arriveranno alla pensione altri vecchi, e altri ancora. Qualcuno proporr\u00e0 di ucciderli tutti?<\/p>\n<p style=\"text-align: justify;\"><strong>L\u2019unica soluzione razionale \u2013 e morale \u2013 \u00e8 il rilancio\u00a0<\/strong><strong>della famiglia<\/strong>. Blangiardo invita a segnarsi la data del 2031, quando in Italia il numero degli adulti che vivono da soli (8,7 milioni) superer\u00e0 il numero delle famiglie. E quando 6,4 milioni di coppie di coniugi italiani non avranno figli, iniziando una pericolosa marcia di avvicinamento al numero di coppie con figli.<\/p>\n<p style=\"text-align: justify;\"><strong>Mi capita spesso, in dibattiti\u00a0<\/strong><strong>pubblici, di spiegare che queste statistiche c\u2019entrano molto con il dibattito\u00a0<\/strong><strong>in corso sulle unioni omosessuali<\/strong>. Se si diffondono pi\u00f9 modelli alternativi di famiglia \u2013 non lo dico io ma i numeri \u2013 diminuisce il numero di famiglie. Se si diffondono pi\u00f9 modelli alternativi di matrimonio, la confusione sociale sull\u2019idea stessa del matrimonio fa diminuire i matrimoni.<\/p>\n<p style=\"text-align: justify;\">Meno matrimoni significa meno figli. Trovo quasi sempre qualche cortese oppositore che si alza e, con un sorrisetto ironico, mi fa notare che una donna non sposata \u00e8 altrettanto capace di fare figli di una donna sposata. Di norma ringrazio l\u2019interlocutore per la straordinaria rivelazione \u2013 senza di lui, gli dico, non ci sarei mai arrivato \u2013 ma gli spiego anche che sto parlando d\u2019altro. Le donne non sposate hanno la stessa possibilit\u00e0 biologica di fecondit\u00e0 delle donne sposate. Ma hanno un tasso di fecondit\u00e0 molto pi\u00f9 basso. Lo dicono i numeri, in tutto il mondo, e non c\u2019\u00e8 ideologia che riesca a cambiarli.<\/p>\n<p style=\"text-align: justify;\">E il dato statistico non \u00e8 poi cos\u00ec sorprendente. Fare un figlio non \u00e8 un semplice fatto biologico. Senza prospettive di stabilit\u00e0 e sicurezza per allevarlo ed educarlo, \u00e8 pi\u00f9 difficile che una donna decida oggi d\u2019intraprendere quest\u2019avventura, ed eventualmente resista alle sirene dell\u2019aborto.<\/p>\n<p style=\"text-align: justify;\"><strong>Se non aumentano le nascite l\u2019Italia\u00a0<\/strong><strong>muore<\/strong>. Muore per tutti, cattolici e laicisti, credenti e non credenti, perch\u00e9 saranno i portafogli di tutti a doversi aprire per mantenere legioni di pensionati, italiani e immigrati, e fare fronte a tante crisi economiche determinate dalla denatalit\u00e0. Ma l\u2019unico modo di far aumentare le nascite \u00e8 scegliere \u2013 nella politica, nella cultura e anche nella Chiesa \u2013 la famiglia. Quella fondata sul matrimonio su un uomo e una donna. Altro che mettere in discussione il matrimonio e pensare a introdurre modelli alternativi!<\/p>\n","protected":false},"excerpt":{"rendered":"<p>La nuova Bussola Quotidiana 15 settembre\u00a02013 di Massimo Introvigne Alla Settimana Sociale di Torino\u00a0 dedicata alla famiglia, che si conclude\u00a0 domenica 15 settembre, nel dibattito\u00a0 dei gruppi di lavoro ha destato grande\u00a0 interesse la relazione del\u00a0 professor Gian\u00a0 Carlo Blangiardo, ordinario di Scienze statistiche\u00a0 all\u2019Universit\u00e0 di\u00a0 Milano-Bicocca, sui numeri delle\u00a0 famiglie in Italia. Il mio\u00a0 &hellip; <\/p>\n<p><a class=\"more-link btn\" href=\"https:\/\/www.rassegnastampa-totustuus.it\/cattolica\/demografia-litalia-non-ha-futuro\/\">Continua a leggere<\/a><\/p>\n","protected":false},"author":6,"featured_media":27399,"comment_status":"closed","ping_status":"open","sticky":false,"template":"","format":"standard","meta":{"footnotes":""},"categories":[9,108],"tags":[1251],"class_list":["post-5728","post","type-post","status-publish","format-standard","has-post-thumbnail","hentry","category-demografia","category-paesi-e-continenti","tag-italia","item-wrap"],"yoast_head":"<!-- This site is optimized with the Yoast SEO plugin v27.4 - https:\/\/yoast.com\/product\/yoast-seo-wordpress\/ -->\n<title>Demografia: l&#039;Italia non ha futuro - Rassegna Stampa Cattolica<\/title>\n<meta name=\"description\" content=\"Rassegna Stampa Cattolica - Per una cultura che nasce dalla Rivelazione cristiana in conformit\u00e0 alla tradizione e al Magistero della Chiesa in opposizione ad ogni relativismo e totalitarismo\" \/>\n<meta name=\"robots\" content=\"index, follow, max-snippet:-1, max-image-preview:large, max-video-preview:-1\" \/>\n<link rel=\"canonical\" href=\"https:\/\/www.rassegnastampa-totustuus.it\/cattolica\/demografia-litalia-non-ha-futuro\/\" \/>\n<meta property=\"og:locale\" content=\"it_IT\" \/>\n<meta property=\"og:type\" content=\"article\" \/>\n<meta property=\"og:title\" content=\"Demografia: l&#039;Italia non ha futuro - Rassegna Stampa Cattolica\" \/>\n<meta property=\"og:description\" content=\"Rassegna Stampa Cattolica - Per una cultura che nasce dalla Rivelazione cristiana in conformit\u00e0 alla tradizione e al Magistero della Chiesa in opposizione ad ogni relativismo e totalitarismo\" \/>\n<meta property=\"og:url\" content=\"https:\/\/www.rassegnastampa-totustuus.it\/cattolica\/demografia-litalia-non-ha-futuro\/\" \/>\n<meta property=\"og:site_name\" content=\"Rassegna Stampa Cattolica\" \/>\n<meta property=\"article:publisher\" content=\"https:\/\/www.facebook.com\/rassegnastampacattolica\" \/>\n<meta property=\"article:published_time\" content=\"2013-09-25T22:00:00+00:00\" \/>\n<meta property=\"article:modified_time\" content=\"2015-11-10T16:06:44+00:00\" \/>\n<meta property=\"og:image\" content=\"https:\/\/www.rassegnastampa-totustuus.it\/cattolica\/wp-content\/uploads\/2013\/09\/grafico_popolaz.png\" \/>\n\t<meta property=\"og:image:width\" content=\"224\" \/>\n\t<meta property=\"og:image:height\" content=\"225\" \/>\n\t<meta property=\"og:image:type\" content=\"image\/png\" \/>\n<meta name=\"author\" content=\"Redazione\" \/>\n<meta name=\"twitter:card\" content=\"summary_large_image\" \/>\n<meta name=\"twitter:creator\" content=\"@rassegnastampa9\" \/>\n<meta name=\"twitter:site\" content=\"@rassegnastampa9\" \/>\n<meta name=\"twitter:label1\" content=\"Scritto da\" \/>\n\t<meta name=\"twitter:data1\" content=\"Redazione\" \/>\n\t<meta name=\"twitter:label2\" content=\"Tempo di lettura stimato\" \/>\n\t<meta name=\"twitter:data2\" content=\"6 minuti\" \/>\n<script type=\"application\/ld+json\" class=\"yoast-schema-graph\">{\"@context\":\"https:\\\/\\\/schema.org\",\"@graph\":[{\"@type\":\"Article\",\"@id\":\"https:\\\/\\\/www.rassegnastampa-totustuus.it\\\/cattolica\\\/demografia-litalia-non-ha-futuro\\\/#article\",\"isPartOf\":{\"@id\":\"https:\\\/\\\/www.rassegnastampa-totustuus.it\\\/cattolica\\\/demografia-litalia-non-ha-futuro\\\/\"},\"author\":{\"name\":\"Redazione\",\"@id\":\"https:\\\/\\\/www.rassegnastampa-totustuus.it\\\/cattolica\\\/#\\\/schema\\\/person\\\/08f319d2bd1a0904ad9e2bfb7b15e5c3\"},\"headline\":\"Demografia: l&#8217;Italia non ha futuro\",\"datePublished\":\"2013-09-25T22:00:00+00:00\",\"dateModified\":\"2015-11-10T16:06:44+00:00\",\"mainEntityOfPage\":{\"@id\":\"https:\\\/\\\/www.rassegnastampa-totustuus.it\\\/cattolica\\\/demografia-litalia-non-ha-futuro\\\/\"},\"wordCount\":1235,\"publisher\":{\"@id\":\"https:\\\/\\\/www.rassegnastampa-totustuus.it\\\/cattolica\\\/#organization\"},\"image\":{\"@id\":\"https:\\\/\\\/www.rassegnastampa-totustuus.it\\\/cattolica\\\/demografia-litalia-non-ha-futuro\\\/#primaryimage\"},\"thumbnailUrl\":\"https:\\\/\\\/www.rassegnastampa-totustuus.it\\\/cattolica\\\/wp-content\\\/uploads\\\/2013\\\/09\\\/grafico_popolaz.png\",\"keywords\":[\"Italia\"],\"articleSection\":[\"Demografia\",\"Paesi e continenti\"],\"inLanguage\":\"it-IT\"},{\"@type\":\"WebPage\",\"@id\":\"https:\\\/\\\/www.rassegnastampa-totustuus.it\\\/cattolica\\\/demografia-litalia-non-ha-futuro\\\/\",\"url\":\"https:\\\/\\\/www.rassegnastampa-totustuus.it\\\/cattolica\\\/demografia-litalia-non-ha-futuro\\\/\",\"name\":\"Demografia: l'Italia non ha futuro - Rassegna Stampa Cattolica\",\"isPartOf\":{\"@id\":\"https:\\\/\\\/www.rassegnastampa-totustuus.it\\\/cattolica\\\/#website\"},\"primaryImageOfPage\":{\"@id\":\"https:\\\/\\\/www.rassegnastampa-totustuus.it\\\/cattolica\\\/demografia-litalia-non-ha-futuro\\\/#primaryimage\"},\"image\":{\"@id\":\"https:\\\/\\\/www.rassegnastampa-totustuus.it\\\/cattolica\\\/demografia-litalia-non-ha-futuro\\\/#primaryimage\"},\"thumbnailUrl\":\"https:\\\/\\\/www.rassegnastampa-totustuus.it\\\/cattolica\\\/wp-content\\\/uploads\\\/2013\\\/09\\\/grafico_popolaz.png\",\"datePublished\":\"2013-09-25T22:00:00+00:00\",\"dateModified\":\"2015-11-10T16:06:44+00:00\",\"description\":\"Rassegna Stampa Cattolica - Per una cultura che nasce dalla Rivelazione cristiana in conformit\u00e0 alla tradizione e al Magistero della Chiesa in opposizione ad ogni relativismo e totalitarismo\",\"breadcrumb\":{\"@id\":\"https:\\\/\\\/www.rassegnastampa-totustuus.it\\\/cattolica\\\/demografia-litalia-non-ha-futuro\\\/#breadcrumb\"},\"inLanguage\":\"it-IT\",\"potentialAction\":[{\"@type\":\"ReadAction\",\"target\":[\"https:\\\/\\\/www.rassegnastampa-totustuus.it\\\/cattolica\\\/demografia-litalia-non-ha-futuro\\\/\"]}]},{\"@type\":\"ImageObject\",\"inLanguage\":\"it-IT\",\"@id\":\"https:\\\/\\\/www.rassegnastampa-totustuus.it\\\/cattolica\\\/demografia-litalia-non-ha-futuro\\\/#primaryimage\",\"url\":\"https:\\\/\\\/www.rassegnastampa-totustuus.it\\\/cattolica\\\/wp-content\\\/uploads\\\/2013\\\/09\\\/grafico_popolaz.png\",\"contentUrl\":\"https:\\\/\\\/www.rassegnastampa-totustuus.it\\\/cattolica\\\/wp-content\\\/uploads\\\/2013\\\/09\\\/grafico_popolaz.png\",\"width\":224,\"height\":225},{\"@type\":\"BreadcrumbList\",\"@id\":\"https:\\\/\\\/www.rassegnastampa-totustuus.it\\\/cattolica\\\/demografia-litalia-non-ha-futuro\\\/#breadcrumb\",\"itemListElement\":[{\"@type\":\"ListItem\",\"position\":1,\"name\":\"Home\",\"item\":\"https:\\\/\\\/www.rassegnastampa-totustuus.it\\\/cattolica\\\/\"},{\"@type\":\"ListItem\",\"position\":2,\"name\":\"Demografia: l&#8217;Italia non ha futuro\"}]},{\"@type\":\"WebSite\",\"@id\":\"https:\\\/\\\/www.rassegnastampa-totustuus.it\\\/cattolica\\\/#website\",\"url\":\"https:\\\/\\\/www.rassegnastampa-totustuus.it\\\/cattolica\\\/\",\"name\":\"Rassegna Stampa Cattolica\",\"description\":\"Per una cultura che nasce dalla Rivelazione cristiana in conformit\u00e0 alla tradizione e al Magistero della Chiesa in opposizione ad ogni relativismo e totalitarismo\",\"publisher\":{\"@id\":\"https:\\\/\\\/www.rassegnastampa-totustuus.it\\\/cattolica\\\/#organization\"},\"alternateName\":\"Rass. Cattolica\",\"potentialAction\":[{\"@type\":\"SearchAction\",\"target\":{\"@type\":\"EntryPoint\",\"urlTemplate\":\"https:\\\/\\\/www.rassegnastampa-totustuus.it\\\/cattolica\\\/?s={search_term_string}\"},\"query-input\":{\"@type\":\"PropertyValueSpecification\",\"valueRequired\":true,\"valueName\":\"search_term_string\"}}],\"inLanguage\":\"it-IT\"},{\"@type\":\"Organization\",\"@id\":\"https:\\\/\\\/www.rassegnastampa-totustuus.it\\\/cattolica\\\/#organization\",\"name\":\"Rassegna Stampa Cattolica\",\"url\":\"https:\\\/\\\/www.rassegnastampa-totustuus.it\\\/cattolica\\\/\",\"logo\":{\"@type\":\"ImageObject\",\"inLanguage\":\"it-IT\",\"@id\":\"https:\\\/\\\/www.rassegnastampa-totustuus.it\\\/cattolica\\\/#\\\/schema\\\/logo\\\/image\\\/\",\"url\":\"https:\\\/\\\/www.rassegnastampa-totustuus.it\\\/cattolica\\\/wp-content\\\/uploads\\\/2014\\\/04\\\/logo-rassegna1.gif\",\"contentUrl\":\"https:\\\/\\\/www.rassegnastampa-totustuus.it\\\/cattolica\\\/wp-content\\\/uploads\\\/2014\\\/04\\\/logo-rassegna1.gif\",\"width\":600,\"height\":163,\"caption\":\"Rassegna Stampa Cattolica\"},\"image\":{\"@id\":\"https:\\\/\\\/www.rassegnastampa-totustuus.it\\\/cattolica\\\/#\\\/schema\\\/logo\\\/image\\\/\"},\"sameAs\":[\"https:\\\/\\\/www.facebook.com\\\/rassegnastampacattolica\",\"https:\\\/\\\/x.com\\\/rassegnastampa9\"]},{\"@type\":\"Person\",\"@id\":\"https:\\\/\\\/www.rassegnastampa-totustuus.it\\\/cattolica\\\/#\\\/schema\\\/person\\\/08f319d2bd1a0904ad9e2bfb7b15e5c3\",\"name\":\"Redazione\",\"image\":{\"@type\":\"ImageObject\",\"inLanguage\":\"it-IT\",\"@id\":\"https:\\\/\\\/secure.gravatar.com\\\/avatar\\\/2fcdf27c78ea025fbdb44e914cc63c72249ffec9dc8aafd5c82b26240ef3f346?s=96&d=mm&r=g\",\"url\":\"https:\\\/\\\/secure.gravatar.com\\\/avatar\\\/2fcdf27c78ea025fbdb44e914cc63c72249ffec9dc8aafd5c82b26240ef3f346?s=96&d=mm&r=g\",\"contentUrl\":\"https:\\\/\\\/secure.gravatar.com\\\/avatar\\\/2fcdf27c78ea025fbdb44e914cc63c72249ffec9dc8aafd5c82b26240ef3f346?s=96&d=mm&r=g\",\"caption\":\"Redazione\"},\"url\":\"https:\\\/\\\/www.rassegnastampa-totustuus.it\\\/cattolica\\\/author\\\/pietroelle\\\/\"}]}<\/script>\n<!-- \/ Yoast SEO plugin. -->","yoast_head_json":{"title":"Demografia: l'Italia non ha futuro - Rassegna Stampa Cattolica","description":"Rassegna Stampa Cattolica - Per una cultura che nasce dalla Rivelazione cristiana in conformit\u00e0 alla tradizione e al Magistero della Chiesa in opposizione ad ogni relativismo e totalitarismo","robots":{"index":"index","follow":"follow","max-snippet":"max-snippet:-1","max-image-preview":"max-image-preview:large","max-video-preview":"max-video-preview:-1"},"canonical":"https:\/\/www.rassegnastampa-totustuus.it\/cattolica\/demografia-litalia-non-ha-futuro\/","og_locale":"it_IT","og_type":"article","og_title":"Demografia: l'Italia non ha futuro - Rassegna Stampa Cattolica","og_description":"Rassegna Stampa Cattolica - Per una cultura che nasce dalla Rivelazione cristiana in conformit\u00e0 alla tradizione e al Magistero della Chiesa in opposizione ad ogni relativismo e totalitarismo","og_url":"https:\/\/www.rassegnastampa-totustuus.it\/cattolica\/demografia-litalia-non-ha-futuro\/","og_site_name":"Rassegna Stampa Cattolica","article_publisher":"https:\/\/www.facebook.com\/rassegnastampacattolica","article_published_time":"2013-09-25T22:00:00+00:00","article_modified_time":"2015-11-10T16:06:44+00:00","og_image":[{"width":224,"height":225,"url":"https:\/\/www.rassegnastampa-totustuus.it\/cattolica\/wp-content\/uploads\/2013\/09\/grafico_popolaz.png","type":"image\/png"}],"author":"Redazione","twitter_card":"summary_large_image","twitter_creator":"@rassegnastampa9","twitter_site":"@rassegnastampa9","twitter_misc":{"Scritto da":"Redazione","Tempo di lettura stimato":"6 minuti"},"schema":{"@context":"https:\/\/schema.org","@graph":[{"@type":"Article","@id":"https:\/\/www.rassegnastampa-totustuus.it\/cattolica\/demografia-litalia-non-ha-futuro\/#article","isPartOf":{"@id":"https:\/\/www.rassegnastampa-totustuus.it\/cattolica\/demografia-litalia-non-ha-futuro\/"},"author":{"name":"Redazione","@id":"https:\/\/www.rassegnastampa-totustuus.it\/cattolica\/#\/schema\/person\/08f319d2bd1a0904ad9e2bfb7b15e5c3"},"headline":"Demografia: l&#8217;Italia non ha futuro","datePublished":"2013-09-25T22:00:00+00:00","dateModified":"2015-11-10T16:06:44+00:00","mainEntityOfPage":{"@id":"https:\/\/www.rassegnastampa-totustuus.it\/cattolica\/demografia-litalia-non-ha-futuro\/"},"wordCount":1235,"publisher":{"@id":"https:\/\/www.rassegnastampa-totustuus.it\/cattolica\/#organization"},"image":{"@id":"https:\/\/www.rassegnastampa-totustuus.it\/cattolica\/demografia-litalia-non-ha-futuro\/#primaryimage"},"thumbnailUrl":"https:\/\/www.rassegnastampa-totustuus.it\/cattolica\/wp-content\/uploads\/2013\/09\/grafico_popolaz.png","keywords":["Italia"],"articleSection":["Demografia","Paesi e continenti"],"inLanguage":"it-IT"},{"@type":"WebPage","@id":"https:\/\/www.rassegnastampa-totustuus.it\/cattolica\/demografia-litalia-non-ha-futuro\/","url":"https:\/\/www.rassegnastampa-totustuus.it\/cattolica\/demografia-litalia-non-ha-futuro\/","name":"Demografia: l'Italia non ha futuro - Rassegna Stampa Cattolica","isPartOf":{"@id":"https:\/\/www.rassegnastampa-totustuus.it\/cattolica\/#website"},"primaryImageOfPage":{"@id":"https:\/\/www.rassegnastampa-totustuus.it\/cattolica\/demografia-litalia-non-ha-futuro\/#primaryimage"},"image":{"@id":"https:\/\/www.rassegnastampa-totustuus.it\/cattolica\/demografia-litalia-non-ha-futuro\/#primaryimage"},"thumbnailUrl":"https:\/\/www.rassegnastampa-totustuus.it\/cattolica\/wp-content\/uploads\/2013\/09\/grafico_popolaz.png","datePublished":"2013-09-25T22:00:00+00:00","dateModified":"2015-11-10T16:06:44+00:00","description":"Rassegna Stampa Cattolica - Per una cultura che nasce dalla Rivelazione cristiana in conformit\u00e0 alla tradizione e al Magistero della Chiesa in opposizione ad ogni relativismo e totalitarismo","breadcrumb":{"@id":"https:\/\/www.rassegnastampa-totustuus.it\/cattolica\/demografia-litalia-non-ha-futuro\/#breadcrumb"},"inLanguage":"it-IT","potentialAction":[{"@type":"ReadAction","target":["https:\/\/www.rassegnastampa-totustuus.it\/cattolica\/demografia-litalia-non-ha-futuro\/"]}]},{"@type":"ImageObject","inLanguage":"it-IT","@id":"https:\/\/www.rassegnastampa-totustuus.it\/cattolica\/demografia-litalia-non-ha-futuro\/#primaryimage","url":"https:\/\/www.rassegnastampa-totustuus.it\/cattolica\/wp-content\/uploads\/2013\/09\/grafico_popolaz.png","contentUrl":"https:\/\/www.rassegnastampa-totustuus.it\/cattolica\/wp-content\/uploads\/2013\/09\/grafico_popolaz.png","width":224,"height":225},{"@type":"BreadcrumbList","@id":"https:\/\/www.rassegnastampa-totustuus.it\/cattolica\/demografia-litalia-non-ha-futuro\/#breadcrumb","itemListElement":[{"@type":"ListItem","position":1,"name":"Home","item":"https:\/\/www.rassegnastampa-totustuus.it\/cattolica\/"},{"@type":"ListItem","position":2,"name":"Demografia: l&#8217;Italia non ha futuro"}]},{"@type":"WebSite","@id":"https:\/\/www.rassegnastampa-totustuus.it\/cattolica\/#website","url":"https:\/\/www.rassegnastampa-totustuus.it\/cattolica\/","name":"Rassegna Stampa Cattolica","description":"Per una cultura che nasce dalla Rivelazione cristiana in conformit\u00e0 alla tradizione e al Magistero della Chiesa in opposizione ad ogni relativismo e totalitarismo","publisher":{"@id":"https:\/\/www.rassegnastampa-totustuus.it\/cattolica\/#organization"},"alternateName":"Rass. Cattolica","potentialAction":[{"@type":"SearchAction","target":{"@type":"EntryPoint","urlTemplate":"https:\/\/www.rassegnastampa-totustuus.it\/cattolica\/?s={search_term_string}"},"query-input":{"@type":"PropertyValueSpecification","valueRequired":true,"valueName":"search_term_string"}}],"inLanguage":"it-IT"},{"@type":"Organization","@id":"https:\/\/www.rassegnastampa-totustuus.it\/cattolica\/#organization","name":"Rassegna Stampa Cattolica","url":"https:\/\/www.rassegnastampa-totustuus.it\/cattolica\/","logo":{"@type":"ImageObject","inLanguage":"it-IT","@id":"https:\/\/www.rassegnastampa-totustuus.it\/cattolica\/#\/schema\/logo\/image\/","url":"https:\/\/www.rassegnastampa-totustuus.it\/cattolica\/wp-content\/uploads\/2014\/04\/logo-rassegna1.gif","contentUrl":"https:\/\/www.rassegnastampa-totustuus.it\/cattolica\/wp-content\/uploads\/2014\/04\/logo-rassegna1.gif","width":600,"height":163,"caption":"Rassegna Stampa Cattolica"},"image":{"@id":"https:\/\/www.rassegnastampa-totustuus.it\/cattolica\/#\/schema\/logo\/image\/"},"sameAs":["https:\/\/www.facebook.com\/rassegnastampacattolica","https:\/\/x.com\/rassegnastampa9"]},{"@type":"Person","@id":"https:\/\/www.rassegnastampa-totustuus.it\/cattolica\/#\/schema\/person\/08f319d2bd1a0904ad9e2bfb7b15e5c3","name":"Redazione","image":{"@type":"ImageObject","inLanguage":"it-IT","@id":"https:\/\/secure.gravatar.com\/avatar\/2fcdf27c78ea025fbdb44e914cc63c72249ffec9dc8aafd5c82b26240ef3f346?s=96&d=mm&r=g","url":"https:\/\/secure.gravatar.com\/avatar\/2fcdf27c78ea025fbdb44e914cc63c72249ffec9dc8aafd5c82b26240ef3f346?s=96&d=mm&r=g","contentUrl":"https:\/\/secure.gravatar.com\/avatar\/2fcdf27c78ea025fbdb44e914cc63c72249ffec9dc8aafd5c82b26240ef3f346?s=96&d=mm&r=g","caption":"Redazione"},"url":"https:\/\/www.rassegnastampa-totustuus.it\/cattolica\/author\/pietroelle\/"}]}},"_links":{"self":[{"href":"https:\/\/www.rassegnastampa-totustuus.it\/cattolica\/wp-json\/wp\/v2\/posts\/5728","targetHints":{"allow":["GET"]}}],"collection":[{"href":"https:\/\/www.rassegnastampa-totustuus.it\/cattolica\/wp-json\/wp\/v2\/posts"}],"about":[{"href":"https:\/\/www.rassegnastampa-totustuus.it\/cattolica\/wp-json\/wp\/v2\/types\/post"}],"author":[{"embeddable":true,"href":"https:\/\/www.rassegnastampa-totustuus.it\/cattolica\/wp-json\/wp\/v2\/users\/6"}],"replies":[{"embeddable":true,"href":"https:\/\/www.rassegnastampa-totustuus.it\/cattolica\/wp-json\/wp\/v2\/comments?post=5728"}],"version-history":[{"count":4,"href":"https:\/\/www.rassegnastampa-totustuus.it\/cattolica\/wp-json\/wp\/v2\/posts\/5728\/revisions"}],"predecessor-version":[{"id":27400,"href":"https:\/\/www.rassegnastampa-totustuus.it\/cattolica\/wp-json\/wp\/v2\/posts\/5728\/revisions\/27400"}],"wp:featuredmedia":[{"embeddable":true,"href":"https:\/\/www.rassegnastampa-totustuus.it\/cattolica\/wp-json\/wp\/v2\/media\/27399"}],"wp:attachment":[{"href":"https:\/\/www.rassegnastampa-totustuus.it\/cattolica\/wp-json\/wp\/v2\/media?parent=5728"}],"wp:term":[{"taxonomy":"category","embeddable":true,"href":"https:\/\/www.rassegnastampa-totustuus.it\/cattolica\/wp-json\/wp\/v2\/categories?post=5728"},{"taxonomy":"post_tag","embeddable":true,"href":"https:\/\/www.rassegnastampa-totustuus.it\/cattolica\/wp-json\/wp\/v2\/tags?post=5728"}],"curies":[{"name":"wp","href":"https:\/\/api.w.org\/{rel}","templated":true}]}}