{"id":57207,"date":"2023-11-09T00:00:00","date_gmt":"2023-11-08T23:00:00","guid":{"rendered":"https:\/\/www.rassegnastampa-totustuus.it\/cattolica\/?p=57207"},"modified":"2024-01-04T14:57:42","modified_gmt":"2024-01-04T13:57:42","slug":"storia-del-trentino-alto-adige","status":"publish","type":"post","link":"https:\/\/www.rassegnastampa-totustuus.it\/cattolica\/storia-del-trentino-alto-adige\/","title":{"rendered":"Trentino Alto Adige, una storia che gli italiani non conoscono"},"content":{"rendered":"<p style=\"text-align: justify;\"><span style=\"color: #000000;\"><strong><img loading=\"lazy\" decoding=\"async\" class=\" wp-image-57208 alignleft\" src=\"https:\/\/www.rassegnastampa-totustuus.it\/cattolica\/wp-content\/uploads\/2023\/11\/Andreas_Hofer_Tirolo.jpg\" alt=\"\" width=\"295\" height=\"221\" \/>Abstract:<\/strong> <em>Gli italiani sanno poco della travagliata storia del Sud Titolo, diventato italiano con la Prima Guerra Mondiale col nome di Alto Adige, l&#8217;antico nome giacobino, imposto da Bonaparte e mantenuto con\u00a0 la repubblica, in spregio alla coraggiosa e paziente lotta dei tirolesi per conservare la loro identit\u00e0 religiosa e culturale. I nazionalisti italiani pi\u00f9 fanatici vollero la cancellazione di qualsiasi traccia e testimonianza di cultura tirolese dai nuovi territori<\/em><\/span><\/p>\n<p><!--more--><\/p>\n<p style=\"text-align: center;\"><span style=\"color: #000000;\"><span style=\"color: #0000ff;\"><a style=\"color: #0000ff;\" href=\"http:\/\/www.informazionecattolica.it\" target=\"_blank\" rel=\"noopener\"><strong>Informazione Cattolica<\/strong><\/a><\/span> <\/span><span style=\"color: #000000;\">4 Novembre 2023\u00a0<\/span><\/p>\n<h4 style=\"text-align: center;\"><span style=\"color: #000000;\"><strong>L\u2019italiano medio non conosce nulla del Tirolo inglobato dal Regno Sabaudo<\/strong><\/span><\/h4>\n<h3 style=\"text-align: center;\"><span style=\"color: #000000;\">Il 4 novembre: visto dalla parte dei tirolesi <\/span><\/h3>\n<p style=\"text-align: center;\"><span style=\"color: #000000;\">di<strong> Paolo Gulisano<\/strong> <\/span><\/p>\n<p style=\"text-align: justify;\"><span style=\"color: #000000;\">4 Novembre: una data che un tempo era celebrata come l\u2019anniversario della Vittoria. Era la conclusione della Prima Guerra Mondiale, ma in effetti si potrebbe dire \u2013 coniando un neologismo storico \u2013 che era la conclusione della <em>Guerra dei 70 anni<\/em> tra Italia e Austria. Iniziato nel 1848 con le Cinque Giornate di Milano e la Prima Guerra di Indipendenza, il lungo conflitto ebbe termine in quel terribile autunno, con l\u2019Europa falcidiata dalla Pandemia di Influenza Spagnola, e prostrata da quattro annidi guerra terribile.<\/span><\/p>\n<p style=\"text-align: justify;\"><span style=\"color: #000000;\"><img loading=\"lazy\" decoding=\"async\" class=\" wp-image-41374 alignright\" src=\"https:\/\/www.rassegnastampa-totustuus.it\/cattolica\/wp-content\/uploads\/2018\/10\/Grande_Guerra-300x169.jpg\" alt=\"\" width=\"380\" height=\"214\" srcset=\"https:\/\/www.rassegnastampa-totustuus.it\/cattolica\/wp-content\/uploads\/2018\/10\/Grande_Guerra-300x169.jpg 300w, https:\/\/www.rassegnastampa-totustuus.it\/cattolica\/wp-content\/uploads\/2018\/10\/Grande_Guerra.jpg 768w\" sizes=\"auto, (max-width: 380px) 100vw, 380px\" \/>L\u2019Italia aveva colto l\u2019occasione di quel conflitto mondiale per raggiungere una meta insperata e ormai forse messa da parte, se non nelle aspirazioni dei nazionalisti pi\u00f9 radicali: il pieno compimento del Risorgimento. Questi era stato un fenomeno storico e politico interamente costruito sull\u2019odio per lo \u201cstraniero\u201d, che di fatto era l\u2019Austria. A questo si aggiunse naturalmente l\u2019odio per la Chiesa. Cos\u00ec \u00a0l\u2019Italia \u2013 rigettando il patto di alleanza che aveva negli anni precedenti contratto con Austria e Germania \u2013 dichiar\u00f2 guerra all\u2019Impero asburgico, in preda al furore nazionalistico manovrato dalla Massoneria internazionale.\u00a0 Alla fine del conflitto, \u00a0l\u2019Italia infatti non si accontent\u00f2 di annettere al proprio territorio Trie ste e \u00a0Trento, ma volle dilatare i propri confini ben oltre Salorno, che rappresentava il confine etnolinguistico tra Trentino e Tirolo.<\/span><\/p>\n<p style=\"text-align: justify;\"><span style=\"color: #000000;\">L\u2019ambizione dei nazionalisti italiani pi\u00f9 accesi era quello di annettersi tutto il Tirolo, tant\u2019\u00e8 che la stessa Innsbruck venne occupata dai soldati in grigioverde. Gli era stato anche cambiato il nome nell\u2019italico \u201cEnoponte\u201d, ma le truppe di Vittorio Emanuele dovettero lasciarla nel 1920, quando vennero sanciti col trattato di Saint-Germain i nuovi confini, che vennero posti al Brennero. Il Tirolo, dopo un secolo dal tentativo napoleonico, si trov\u00f2 ad essere nuovamente diviso e occupato in parte da una potenza straniera. Finita la guerra contro l\u2019Austria, inizi\u00f2 una guerra strisciante contro gli austriaci, ovvero <\/span><span style=\"color: #000000;\">sfortunati tirolesi che avevano visto il proprio territorio occupato dal Regno d\u2019Italia.<\/span><\/p>\n<p style=\"text-align: justify;\"><span style=\"color: #000000;\"> <img loading=\"lazy\" decoding=\"async\" class=\" wp-image-57210 alignleft\" src=\"https:\/\/www.rassegnastampa-totustuus.it\/cattolica\/wp-content\/uploads\/2023\/11\/Alto_Adige_Sud_Tirolo.jpg\" alt=\"\" width=\"299\" height=\"295\" \/>I nazionalisti italiani pi\u00f9 fanatici vollero la cancellazione di qualsiasi traccia e testimonianza di cultura tirolese dai nuovi territori, anche con la violenza. Prima della guerra solo il 3% della popolazione residente in quelle terre era di lingua italiana, concentrata particolarmente a Bolzano, nondimeno si provvide ad italianizzare tutti i toponimi, arrivando a risultati anche ridicoli. L\u2019architetto dell\u2019italianizzazione forzata fu Ettore Tolomei, uno studioso di origini toscane la cui famiglia si era trasferita a met\u00e0 Ottocento a Rovereto.<\/span><\/p>\n<p style=\"text-align: justify;\"><span style=\"color: #000000;\">Tolomei era un fanatico nazionalista, ferocemente anticlericale, e si accan\u00ec contro l\u2019identit\u00e0 culturale e religiosa tirolese. Fu lui a riesumare il termine napoleonico di \u201cAlto Adige\u201d e a volere rimpiazzare con questo il nome plurisecolare di Tirolo. Un termine che per i tirolesi era particolarmente doloroso perch\u00e9 rievocava il tragico periodo\u00a0 franco-bavarese del secolo precedente. Erano stati infatti i Giacobini Napoleonici a inventare questo termine astruso. Era abitudine infatti dei rivoluzionari cancellare i nomi storici \u2013 come era accaduto a casa loro \u2013 sostituendo ad esempio Bretagna con Dipartimento della Loira atlantica.<\/span><\/p>\n<p style=\"text-align: justify;\"><span style=\"color: #000000;\"><img loading=\"lazy\" decoding=\"async\" class=\"wp-image-45123 alignright\" src=\"https:\/\/www.rassegnastampa-totustuus.it\/cattolica\/wp-content\/uploads\/2019\/11\/Sud-Tirolo.jpg\" alt=\"\" width=\"411\" height=\"241\" \/>Curiosamente il termine \u201cAlto Adige\u201d \u00e8 diventato nell\u2019immaginario italico una sorta di linea del Piave da non oltrepassare. Pu\u00f2 essere venuto meno ogni senso civico, ogni autentico amore per la Patria, ma \u2013 come si \u00e8 visto anche molto recentemente \u2013 all\u2019italiano non gli devi toccare questo termine fluviale. Un po\u2019 come la Chiesa Cattolica, che mostra i muscoli una volta all\u2019anno, il 31 ottobre, tuonando contro Halloween, mentre per il resto il paganesimo ormai dilaga indisturbato.<\/span><\/p>\n<p style=\"text-align: justify;\"><span style=\"color: #000000;\">L\u2019italiano medio non conosce praticamente nulla della storia di quella parte di Tirolo che fu inglobata cent\u2019anni fa nel regno sabaudo. Forse potrebbe essere utile ricordargli qualche dato storico. L\u2019\u201dAlto Adige\u201d venne incluso nel governatorato della Venezia Tridentina e costituito in provincia nel 1926.<\/span><\/p>\n<p style=\"text-align: justify;\">I<span style=\"color: #000000;\"> tirolesi vissero questi anni, lo shock dell\u2019annessione all\u2019Italia, con grande civilt\u00e0, opponendosi senza violenza all\u2019ingiustizia subita. In questo fu determinante il ruolo della Chiesa, che fece di tutto per rasserenare gli animi, per fortificare i fedeli e aiutarli ad accettare con pazienza gli avvenimenti. Da un altro versante, da quello politico, il Tirolo cerc\u00f2 di far valere i propri diritti attraverso l\u2019azione politica, dando vita a movimenti politici di rappresentanza delle proprie istanze. Nelle prime elezioni generali cui parteciparono riuscirono ad inviare a Roma quattro rappresentanti, che da subito si impegnarono per ottenere garanzie sui loro diritti e per cercare di avere un certo grado di autonomia.<\/span><\/p>\n<p style=\"text-align: justify;\"><span style=\"color: #000000;\"><img loading=\"lazy\" decoding=\"async\" class=\" wp-image-49571 alignleft\" src=\"https:\/\/www.rassegnastampa-totustuus.it\/cattolica\/wp-content\/uploads\/2020\/12\/Insorgenze_Tirolo_Hofer.jpg\" alt=\"\" width=\"226\" height=\"276\" \/>Tutto per\u00f2 venne vanificato alla fine dell\u2019anno seguente quando il Fascismo prese il potere con la forza. I Fascisti avevano gi\u00e0 fatto capire come la pensassero sulle richieste di autonomia dei tirolesi: il 24 aprile 1921 uno squadrone di camicie nere agli ordini di un giovane gerarca pugliese, Achille Starace, destinato in seguito ad una grande carriera nel Regime fino a diventare segretario nazionale del Partito fascista, assalt\u00f2 con armi da fuoco e bombe a mano una sfilata in costumi tradizionali di cittadini tirolesi.<\/span><\/p>\n<p style=\"text-align: justify;\"><span style=\"color: #000000;\">Numerose furono le vittime di quell\u2019assalto, che vide anche l\u2019efferato episodio dell\u2019assassinio di un maestro elementare, Franz Innerhofer, che venne ucciso a colpi di pistola, nel tentativo di ripararsi sotto un portone con uno scolaro, che voleva salvare dal linciaggio fascista. Quel giorno viene ancora oggi ricordato in Tirolo come BlutigSonntag,\u00a0 la Domenica di sangue.<\/span><\/p>\n<p style=\"text-align: justify;\"><span style=\"color: #000000;\"><img loading=\"lazy\" decoding=\"async\" class=\"size-full wp-image-45124 alignright\" src=\"https:\/\/www.rassegnastampa-totustuus.it\/cattolica\/wp-content\/uploads\/2019\/11\/fascisti.jpg\" alt=\"\" width=\"264\" height=\"191\" \/>Dopo la presa di potere dei fascisti il Tirolo sub\u00ec un processo di italianizzazione forzata ancor pi\u00f9 pesante: fu vietato l\u2019insegnamento della lingua tedesca nelle scuole, fu censurata tutta la stampa germanofona, persino i nomi e addirittura i cognomi furono forzatamente italianizzati. Fu incentivata l\u2019immigrazione dalle regioni pi\u00f9 povere d\u2019Italia, promuovendo l\u2019industrializzazione dell\u2019\u201dAlto Adige\u201d, con l\u2019intento di aumentare la consistenza dell\u2019etnia italofona. La popolazione tirolese resistette pacificamente, aggrappandosi alla propria lingua, alle proprie tradizioni, alla propria cultura perseguitata.<\/span><\/p>\n<p style=\"text-align: justify;\"><span style=\"color: #000000;\">Vennero fondate delle scuole clandestine, le cosiddette \u201cScuole delle catacombe\u201d, ad opera di un sacerdote, il canonico Michael Gamper, dove gli alunni potevano studiare in tedesco. Nell\u2019autunno del 1928 furono create scuole parrocchiali ove s\u2019insegnava la religione nella madrelingua. Il governo italiano, con i militari e i nuovi funzionari dell\u2019amministrazione, non solo si era proposto di colonizzare il Sud Tirolo facendone una terra italiana, ma non pose molta attenzione nemmeno alle esigenze delle popolazioni trentine, considerate \u201credente\u201d a parole ma trattate anch\u2019esse come abitanti di terre conquistate<\/span><\/p>\n<p style=\"text-align: justify;\"><span style=\"color: #000000;\"><img loading=\"lazy\" decoding=\"async\" class=\" wp-image-45127 alignleft\" src=\"https:\/\/www.rassegnastampa-totustuus.it\/cattolica\/wp-content\/uploads\/2019\/11\/Andreas-Hofer-Bund.jpg\" alt=\"\" width=\"283\" height=\"277\" \/>Le popolazioni trentine durante l\u2019appartenenza all\u2019Impero Asburgico avevano goduto di un\u2019esemplare amministrazione pubblica, esercitata da funzionari generalmente incorruttibili, avevano sempre pagato tasse decisamente inferiori a quelle dello stato italiano e avevano sempre vissuto con dignit\u00e0, pur essendo in buona parte povere. In Tirolo, oltre alla <\/span><span style=\"color: #000000;\">resistenza culturale condotta dalle scuole clandestine, si sent\u00ec la necessit\u00e0 di dare vita ad un movimento di opinione che sostenesse le richieste e le ragioni del Tirolo. Nacque cos\u00ec un movimento che si ispir\u00f2 nel nome al grande eroe, al campione della causa della libert\u00e0 del Tirolo. Era l\u2019Andreas Hofer Bund, la Lega Andreas Hofer<\/span>.<\/p>\n<p style=\"text-align: justify;\"><span style=\"color: #000000;\">Il movimento era stato fondato nel 1919 a Innsbruck, subito dopo l\u2019annessione, e se in un primo tempo si era caratterizzato come organizzazione il cui compito era informare l\u2019opinione pubblica austriaca e anche europea sulle condizioni dei territori assegnati all\u2019Italia e per una revisione dei trattati che avevano spaccato in due il Tirolo col confine al Brennero, con l\u2019avvento del Fascismo l\u2019Andreas Hofer Bund divent\u00f2 un vero e proprio movimento di opposizione politica alla dittatura<\/span><\/p>\n<p style=\"text-align: justify;\"><span style=\"color: #000000;\">Coerentemente al personaggio cui si ispiravano, campione della libert\u00e0, i militanti del Bund respingevano ogni seduzione totalitaria.<\/span><\/p>\n<p style=\"text-align: justify;\"><span style=\"color: #000000;\"><img loading=\"lazy\" decoding=\"async\" class=\"wp-image-47458 alignright\" src=\"https:\/\/www.rassegnastampa-totustuus.it\/cattolica\/wp-content\/uploads\/2020\/06\/ss_nazismo_guerra.jpg\" alt=\"\" width=\"372\" height=\"228\" \/>Quando tuttavia si arriv\u00f2 all\u2019alleanza fra Hitler e Mussolini, e successivamente all\u2019annessione dell\u2019Austria al Reich tedesco, anche molti sudtirolesi furono attratti da idee pangermaniste, e si fece strada un ipotesi di distacco della provincia dall\u2019Italia e l\u2019entrata a far parte dell\u2019unico stato tedesco.<\/span><\/p>\n<p style=\"text-align: justify;\"><span style=\"color: #000000;\">Tuttavia Mussolini, impregnato di idee risorgimentali, bonapartiste, nazionaliste e dominato dall\u2019idea di una \u201cGrande Italia\u201d dai confini dilatati all\u2019infinito non poteva pensare alla rinuncia a quelle terre, e da parte sua Hitler non provava alcuna simpatia per i tirolesi, ai suoi occhi colpevoli di essere troppo cattolici e pacifici.<\/span><\/p>\n<p style=\"text-align: justify;\"><span style=\"color: #000000;\">Il 23 giugno 1939 fu stipulato un accordo fra il regime nazista e quello fascista che port\u00f2 alle cosiddette Opzioni. Ai Sudtirolesi veniva imposto di scegliere se rimanere entro i confini italiani accettando l\u2019italianizzazione definitiva, o trasferirsi in altri territori del Reich tedesco. Nel primo caso si rimaneva nelle proprie case, si restava sulla propria terra, ma perdendo la propria identit\u00e0, nel secondo si manteneva la propria lingua e la cultura tedesca ma si doveva andare esuli in Germania. In entrambi i casi si trattava di una scelta difficile, una nuova terribile prova per il popolo tirolese<\/span>.<\/p>\n<p style=\"text-align: justify;\"><span style=\"color: #000000;\">Intere famiglie furono lacerate fra <em>Dableiber<\/em> (coloro che decisero di non tradire la loro terra, rimanendo) e <em>Optanten<\/em>, che erano coloro che optavano di emigrare nei territori del Reich per non tradire la loro identit\u00e0 culturale tedesca.<\/span><\/p>\n<p style=\"text-align: justify;\"><span style=\"color: #000000;\"><img loading=\"lazy\" decoding=\"async\" class=\" wp-image-57211 alignleft\" src=\"https:\/\/www.rassegnastampa-totustuus.it\/cattolica\/wp-content\/uploads\/2023\/11\/optanten_titolo_guerra.jpg\" alt=\"\" width=\"348\" height=\"246\" \/>Decine di migliaia di Optanten emigrarono fino a tutto il 1943, soprattutto semplici lavoratori e contadini, che vendettero le loro case al governo italiano o ai loro vicini Dableiber. L\u2019Andreas Hofer Bund venne cos\u00ec rifondato in quel drammatico 1939 e divenne il movimento dei Dableiber, di coloro che avevano deciso di non trasferirsi nel Reich e di rimanere nell\u2019Heimat, a costo di subire la totale italianizzazione, rischiando di perdere la propria identit\u00e0. Bisognava resistere contro ogni tentativo di un regime straniero e antireligioso di imporre con la forza idee contrarie ai loro valori tradizionali, quelli che Andreas Hofer aveva difeso con la propria vita. Questi valori trovarono pieno riscontro fra i Dableiber che si rifiutavano di abbandonare la propria terra natia. Quella dell\u2019Andreas Hofer Bund era una minoranza coraggiosa, che aveva colto il senso pi\u00f9 profondo dell\u2019epopea hoferiana, aggiornando il motto <em>FurGott Kaiser und Vaterland<\/em> con un significativo\u00a0 attaccamento ai valori di Glaube und Heimat (Fede e piccola patria).<\/span><\/p>\n<p style=\"text-align: justify;\"><span style=\"color: #000000;\">Il Bund propagand\u00f2 le proprie idee, e soprattutto difese le persone che avendo fatto quella scelta erano divenute l\u2019oggetto dell\u2019ostilit\u00e0 dei sostenitori dell\u2019opzione per la Germania. Perseguitato dal Fascismo, il Bund fu pesantemente preso di mira anche dai nazisti. Dopo l\u2019occupazione tedesca seguita all\u20198 settembre 1943, l\u2019Andreas Hofer Bund divenne il centro della resistenza antinazista sudtirolese<\/span>.<\/p>\n<p style=\"text-align: justify;\"><span style=\"color: #000000;\"><img loading=\"lazy\" decoding=\"async\" class=\"wp-image-29595 alignright\" src=\"https:\/\/www.rassegnastampa-totustuus.it\/cattolica\/wp-content\/uploads\/2012\/12\/De-Gasperi.jpg\" alt=\"\" width=\"359\" height=\"209\" \/>L\u2019occupazione nazista port\u00f2 nella pacifica terra tirolese i peggiori orrori dell\u2019ideologia totalitaria: a Bolzano sorse un campo \u201cdi transito\u201d (Durchgangslager) attraverso il quale passarono migliaia di vittime destinate ai campi di sterminio tedeschi. Nel nord Tirolo invece venne realizzato un centro dove portare a compimento il famigerato Programma di eutanasia T-4, voluto espressamente da Hitler: si trovava nella cittadina di Hall, dove centinaia di infermi psichici e persone disabili vennero deportati, dove vennero fatte morire per sospensione dell\u2019alimentazione o per eutanasia attiva. Ancora una volta il Tirolo, come ai tempi di Napoleone, diventava il laboratorio di futuri orrori.<\/span><\/p>\n<p style=\"text-align: justify;\"><span style=\"color: #000000;\">Finita la guerra, i tirolesi sperarono che le loro sofferenze e le loro attese potessero trovare risposta, ma non fu cos\u00ec. Mentre i confini di tutta l\u2019Europa venivano ridisegnati, il Sud Tirolo dovette restare\u00a0 parte dello Stato italiano, e Alcide De Gasperi rispolver\u00f2 \u2013 ancora una volta \u2013 il nome giacobino di Alto Adige per la martoriata provincia<\/span>.<\/p>\n<p style=\"text-align: justify;\">_________________________________<\/p>\n<p style=\"text-align: justify;\"><span style=\"color: #000000;\"><em>Gli austriaci del Sud Tirolo, oggi per l&#8217;Italia Alto Adige, scrissero pagine gloriose di storia ancora una volta in difesa della loro identit\u00e0 storica e religiosa opponendosi alle truppe giacobine\u00a0 che sciamarono in Italia e nel resto dell&#8217;Europa per esportare la rivoluzione giacobina.\u00a0 <\/em><strong>Si legga: <\/strong><span style=\"color: #0000ff;\"><a style=\"color: #0000ff;\" href=\"https:\/\/www.rassegnastampa-totustuus.it\/cattolica\/la-storia-delloste-tirolese-che-sfid-napoleone\/\" target=\"_blank\" rel=\"noopener\"><strong>la storia dell&#8217;oste tirolese che sfid\u00f2 Napoleone<\/strong><\/a><\/span><\/span><\/p>\n","protected":false},"excerpt":{"rendered":"<p>Abstract: Gli italiani sanno poco della travagliata storia del Sud Titolo, diventato italiano con la Prima Guerra Mondiale col nome di Alto Adige, l&#8217;antico nome giacobino, imposto da Bonaparte e mantenuto con\u00a0 la repubblica, in spregio alla coraggiosa e paziente lotta dei tirolesi per conservare la loro identit\u00e0 religiosa e culturale. I nazionalisti italiani pi\u00f9 &hellip; <\/p>\n<p><a class=\"more-link btn\" href=\"https:\/\/www.rassegnastampa-totustuus.it\/cattolica\/storia-del-trentino-alto-adige\/\">Continua a leggere<\/a><\/p>\n","protected":false},"author":6,"featured_media":57208,"comment_status":"closed","ping_status":"closed","sticky":false,"template":"","format":"standard","meta":{"footnotes":""},"categories":[24,96],"tags":[2770,2841,162,404,2769],"class_list":["post-57207","post","type-post","status-publish","format-standard","has-post-thumbnail","hentry","category-storia","category-storia-italiana","tag-alto-adige","tag-andreas-hofer","tag-storia-2","tag-storia-italiana-2","tag-tirolo","item-wrap"],"yoast_head":"<!-- This site is optimized with the Yoast SEO plugin v27.5 - https:\/\/yoast.com\/product\/yoast-seo-wordpress\/ -->\n<title>Trentino Alto Adige, una storia che gli italiani non conoscono - Rassegna Stampa Cattolica<\/title>\n<meta name=\"description\" content=\"Gli italiani sanno poco della travagliata storia del Trentino Alto Adige, diventato italiano con la Prima Guerra Mondiale\" \/>\n<meta name=\"robots\" content=\"index, follow, max-snippet:-1, max-image-preview:large, max-video-preview:-1\" \/>\n<link rel=\"canonical\" href=\"https:\/\/www.rassegnastampa-totustuus.it\/cattolica\/storia-del-trentino-alto-adige\/\" \/>\n<meta property=\"og:locale\" content=\"it_IT\" \/>\n<meta property=\"og:type\" content=\"article\" \/>\n<meta property=\"og:title\" content=\"Trentino Alto Adige, una storia che gli italiani non conoscono - Rassegna Stampa Cattolica\" \/>\n<meta property=\"og:description\" content=\"Gli italiani sanno poco della travagliata storia del Trentino Alto Adige, diventato italiano con la Prima Guerra Mondiale\" \/>\n<meta property=\"og:url\" content=\"https:\/\/www.rassegnastampa-totustuus.it\/cattolica\/storia-del-trentino-alto-adige\/\" \/>\n<meta property=\"og:site_name\" content=\"Rassegna Stampa Cattolica\" \/>\n<meta property=\"article:publisher\" content=\"https:\/\/www.facebook.com\/rassegnastampacattolica\" \/>\n<meta property=\"article:published_time\" content=\"2023-11-08T23:00:00+00:00\" \/>\n<meta property=\"article:modified_time\" content=\"2024-01-04T13:57:42+00:00\" \/>\n<meta property=\"og:image\" content=\"https:\/\/www.rassegnastampa-totustuus.it\/cattolica\/wp-content\/uploads\/2023\/11\/Andreas_Hofer_Tirolo.jpg\" \/>\n\t<meta property=\"og:image:width\" content=\"2048\" \/>\n\t<meta property=\"og:image:height\" content=\"1536\" \/>\n\t<meta property=\"og:image:type\" content=\"image\/jpeg\" \/>\n<meta name=\"author\" content=\"Redazione\" \/>\n<meta name=\"twitter:card\" content=\"summary_large_image\" \/>\n<meta name=\"twitter:creator\" content=\"@rassegnastampa9\" \/>\n<meta name=\"twitter:site\" content=\"@rassegnastampa9\" \/>\n<meta name=\"twitter:label1\" content=\"Scritto da\" \/>\n\t<meta name=\"twitter:data1\" content=\"Redazione\" \/>\n\t<meta name=\"twitter:label2\" content=\"Tempo di lettura stimato\" \/>\n\t<meta name=\"twitter:data2\" content=\"13 minuti\" \/>\n<script type=\"application\/ld+json\" class=\"yoast-schema-graph\">{\"@context\":\"https:\\\/\\\/schema.org\",\"@graph\":[{\"@type\":\"Article\",\"@id\":\"https:\\\/\\\/www.rassegnastampa-totustuus.it\\\/cattolica\\\/storia-del-trentino-alto-adige\\\/#article\",\"isPartOf\":{\"@id\":\"https:\\\/\\\/www.rassegnastampa-totustuus.it\\\/cattolica\\\/storia-del-trentino-alto-adige\\\/\"},\"author\":{\"name\":\"Redazione\",\"@id\":\"https:\\\/\\\/www.rassegnastampa-totustuus.it\\\/cattolica\\\/#\\\/schema\\\/person\\\/08f319d2bd1a0904ad9e2bfb7b15e5c3\"},\"headline\":\"Trentino Alto Adige, una storia che gli italiani non conoscono\",\"datePublished\":\"2023-11-08T23:00:00+00:00\",\"dateModified\":\"2024-01-04T13:57:42+00:00\",\"mainEntityOfPage\":{\"@id\":\"https:\\\/\\\/www.rassegnastampa-totustuus.it\\\/cattolica\\\/storia-del-trentino-alto-adige\\\/\"},\"wordCount\":2015,\"publisher\":{\"@id\":\"https:\\\/\\\/www.rassegnastampa-totustuus.it\\\/cattolica\\\/#organization\"},\"image\":{\"@id\":\"https:\\\/\\\/www.rassegnastampa-totustuus.it\\\/cattolica\\\/storia-del-trentino-alto-adige\\\/#primaryimage\"},\"thumbnailUrl\":\"https:\\\/\\\/www.rassegnastampa-totustuus.it\\\/cattolica\\\/wp-content\\\/uploads\\\/2023\\\/11\\\/Andreas_Hofer_Tirolo.jpg\",\"keywords\":[\"Alto Adige\",\"Andreas Hofer\",\"storia\",\"storia italiana\",\"Tirolo\"],\"articleSection\":[\"Storia\",\"Storia italiana\"],\"inLanguage\":\"it-IT\"},{\"@type\":\"WebPage\",\"@id\":\"https:\\\/\\\/www.rassegnastampa-totustuus.it\\\/cattolica\\\/storia-del-trentino-alto-adige\\\/\",\"url\":\"https:\\\/\\\/www.rassegnastampa-totustuus.it\\\/cattolica\\\/storia-del-trentino-alto-adige\\\/\",\"name\":\"Trentino Alto Adige, una storia che gli italiani non conoscono - Rassegna Stampa Cattolica\",\"isPartOf\":{\"@id\":\"https:\\\/\\\/www.rassegnastampa-totustuus.it\\\/cattolica\\\/#website\"},\"primaryImageOfPage\":{\"@id\":\"https:\\\/\\\/www.rassegnastampa-totustuus.it\\\/cattolica\\\/storia-del-trentino-alto-adige\\\/#primaryimage\"},\"image\":{\"@id\":\"https:\\\/\\\/www.rassegnastampa-totustuus.it\\\/cattolica\\\/storia-del-trentino-alto-adige\\\/#primaryimage\"},\"thumbnailUrl\":\"https:\\\/\\\/www.rassegnastampa-totustuus.it\\\/cattolica\\\/wp-content\\\/uploads\\\/2023\\\/11\\\/Andreas_Hofer_Tirolo.jpg\",\"datePublished\":\"2023-11-08T23:00:00+00:00\",\"dateModified\":\"2024-01-04T13:57:42+00:00\",\"description\":\"Gli italiani sanno poco della travagliata storia del Trentino Alto Adige, diventato italiano con la Prima Guerra Mondiale\",\"breadcrumb\":{\"@id\":\"https:\\\/\\\/www.rassegnastampa-totustuus.it\\\/cattolica\\\/storia-del-trentino-alto-adige\\\/#breadcrumb\"},\"inLanguage\":\"it-IT\",\"potentialAction\":[{\"@type\":\"ReadAction\",\"target\":[\"https:\\\/\\\/www.rassegnastampa-totustuus.it\\\/cattolica\\\/storia-del-trentino-alto-adige\\\/\"]}]},{\"@type\":\"ImageObject\",\"inLanguage\":\"it-IT\",\"@id\":\"https:\\\/\\\/www.rassegnastampa-totustuus.it\\\/cattolica\\\/storia-del-trentino-alto-adige\\\/#primaryimage\",\"url\":\"https:\\\/\\\/www.rassegnastampa-totustuus.it\\\/cattolica\\\/wp-content\\\/uploads\\\/2023\\\/11\\\/Andreas_Hofer_Tirolo.jpg\",\"contentUrl\":\"https:\\\/\\\/www.rassegnastampa-totustuus.it\\\/cattolica\\\/wp-content\\\/uploads\\\/2023\\\/11\\\/Andreas_Hofer_Tirolo.jpg\",\"width\":2048,\"height\":1536},{\"@type\":\"BreadcrumbList\",\"@id\":\"https:\\\/\\\/www.rassegnastampa-totustuus.it\\\/cattolica\\\/storia-del-trentino-alto-adige\\\/#breadcrumb\",\"itemListElement\":[{\"@type\":\"ListItem\",\"position\":1,\"name\":\"Home\",\"item\":\"https:\\\/\\\/www.rassegnastampa-totustuus.it\\\/cattolica\\\/\"},{\"@type\":\"ListItem\",\"position\":2,\"name\":\"Trentino Alto Adige, una storia che gli italiani non conoscono\"}]},{\"@type\":\"WebSite\",\"@id\":\"https:\\\/\\\/www.rassegnastampa-totustuus.it\\\/cattolica\\\/#website\",\"url\":\"https:\\\/\\\/www.rassegnastampa-totustuus.it\\\/cattolica\\\/\",\"name\":\"Rassegna Stampa Cattolica\",\"description\":\"Per una cultura che nasce dalla Rivelazione cristiana in conformit\u00e0 alla tradizione e al Magistero della Chiesa in opposizione ad ogni relativismo e totalitarismo\",\"publisher\":{\"@id\":\"https:\\\/\\\/www.rassegnastampa-totustuus.it\\\/cattolica\\\/#organization\"},\"alternateName\":\"Rass. Cattolica\",\"potentialAction\":[{\"@type\":\"SearchAction\",\"target\":{\"@type\":\"EntryPoint\",\"urlTemplate\":\"https:\\\/\\\/www.rassegnastampa-totustuus.it\\\/cattolica\\\/?s={search_term_string}\"},\"query-input\":{\"@type\":\"PropertyValueSpecification\",\"valueRequired\":true,\"valueName\":\"search_term_string\"}}],\"inLanguage\":\"it-IT\"},{\"@type\":\"Organization\",\"@id\":\"https:\\\/\\\/www.rassegnastampa-totustuus.it\\\/cattolica\\\/#organization\",\"name\":\"Rassegna Stampa Cattolica\",\"url\":\"https:\\\/\\\/www.rassegnastampa-totustuus.it\\\/cattolica\\\/\",\"logo\":{\"@type\":\"ImageObject\",\"inLanguage\":\"it-IT\",\"@id\":\"https:\\\/\\\/www.rassegnastampa-totustuus.it\\\/cattolica\\\/#\\\/schema\\\/logo\\\/image\\\/\",\"url\":\"https:\\\/\\\/www.rassegnastampa-totustuus.it\\\/cattolica\\\/wp-content\\\/uploads\\\/2014\\\/04\\\/logo-rassegna1.gif\",\"contentUrl\":\"https:\\\/\\\/www.rassegnastampa-totustuus.it\\\/cattolica\\\/wp-content\\\/uploads\\\/2014\\\/04\\\/logo-rassegna1.gif\",\"width\":600,\"height\":163,\"caption\":\"Rassegna Stampa Cattolica\"},\"image\":{\"@id\":\"https:\\\/\\\/www.rassegnastampa-totustuus.it\\\/cattolica\\\/#\\\/schema\\\/logo\\\/image\\\/\"},\"sameAs\":[\"https:\\\/\\\/www.facebook.com\\\/rassegnastampacattolica\",\"https:\\\/\\\/x.com\\\/rassegnastampa9\"]},{\"@type\":\"Person\",\"@id\":\"https:\\\/\\\/www.rassegnastampa-totustuus.it\\\/cattolica\\\/#\\\/schema\\\/person\\\/08f319d2bd1a0904ad9e2bfb7b15e5c3\",\"name\":\"Redazione\",\"image\":{\"@type\":\"ImageObject\",\"inLanguage\":\"it-IT\",\"@id\":\"https:\\\/\\\/secure.gravatar.com\\\/avatar\\\/2fcdf27c78ea025fbdb44e914cc63c72249ffec9dc8aafd5c82b26240ef3f346?s=96&d=mm&r=g\",\"url\":\"https:\\\/\\\/secure.gravatar.com\\\/avatar\\\/2fcdf27c78ea025fbdb44e914cc63c72249ffec9dc8aafd5c82b26240ef3f346?s=96&d=mm&r=g\",\"contentUrl\":\"https:\\\/\\\/secure.gravatar.com\\\/avatar\\\/2fcdf27c78ea025fbdb44e914cc63c72249ffec9dc8aafd5c82b26240ef3f346?s=96&d=mm&r=g\",\"caption\":\"Redazione\"},\"url\":\"https:\\\/\\\/www.rassegnastampa-totustuus.it\\\/cattolica\\\/author\\\/pietroelle\\\/\"}]}<\/script>\n<!-- \/ Yoast SEO plugin. -->","yoast_head_json":{"title":"Trentino Alto Adige, una storia che gli italiani non conoscono - Rassegna Stampa Cattolica","description":"Gli italiani sanno poco della travagliata storia del Trentino Alto Adige, diventato italiano con la Prima Guerra Mondiale","robots":{"index":"index","follow":"follow","max-snippet":"max-snippet:-1","max-image-preview":"max-image-preview:large","max-video-preview":"max-video-preview:-1"},"canonical":"https:\/\/www.rassegnastampa-totustuus.it\/cattolica\/storia-del-trentino-alto-adige\/","og_locale":"it_IT","og_type":"article","og_title":"Trentino Alto Adige, una storia che gli italiani non conoscono - Rassegna Stampa Cattolica","og_description":"Gli italiani sanno poco della travagliata storia del Trentino Alto Adige, diventato italiano con la Prima Guerra Mondiale","og_url":"https:\/\/www.rassegnastampa-totustuus.it\/cattolica\/storia-del-trentino-alto-adige\/","og_site_name":"Rassegna Stampa Cattolica","article_publisher":"https:\/\/www.facebook.com\/rassegnastampacattolica","article_published_time":"2023-11-08T23:00:00+00:00","article_modified_time":"2024-01-04T13:57:42+00:00","og_image":[{"width":2048,"height":1536,"url":"https:\/\/www.rassegnastampa-totustuus.it\/cattolica\/wp-content\/uploads\/2023\/11\/Andreas_Hofer_Tirolo.jpg","type":"image\/jpeg"}],"author":"Redazione","twitter_card":"summary_large_image","twitter_creator":"@rassegnastampa9","twitter_site":"@rassegnastampa9","twitter_misc":{"Scritto da":"Redazione","Tempo di lettura stimato":"13 minuti"},"schema":{"@context":"https:\/\/schema.org","@graph":[{"@type":"Article","@id":"https:\/\/www.rassegnastampa-totustuus.it\/cattolica\/storia-del-trentino-alto-adige\/#article","isPartOf":{"@id":"https:\/\/www.rassegnastampa-totustuus.it\/cattolica\/storia-del-trentino-alto-adige\/"},"author":{"name":"Redazione","@id":"https:\/\/www.rassegnastampa-totustuus.it\/cattolica\/#\/schema\/person\/08f319d2bd1a0904ad9e2bfb7b15e5c3"},"headline":"Trentino Alto Adige, una storia che gli italiani non conoscono","datePublished":"2023-11-08T23:00:00+00:00","dateModified":"2024-01-04T13:57:42+00:00","mainEntityOfPage":{"@id":"https:\/\/www.rassegnastampa-totustuus.it\/cattolica\/storia-del-trentino-alto-adige\/"},"wordCount":2015,"publisher":{"@id":"https:\/\/www.rassegnastampa-totustuus.it\/cattolica\/#organization"},"image":{"@id":"https:\/\/www.rassegnastampa-totustuus.it\/cattolica\/storia-del-trentino-alto-adige\/#primaryimage"},"thumbnailUrl":"https:\/\/www.rassegnastampa-totustuus.it\/cattolica\/wp-content\/uploads\/2023\/11\/Andreas_Hofer_Tirolo.jpg","keywords":["Alto Adige","Andreas Hofer","storia","storia italiana","Tirolo"],"articleSection":["Storia","Storia italiana"],"inLanguage":"it-IT"},{"@type":"WebPage","@id":"https:\/\/www.rassegnastampa-totustuus.it\/cattolica\/storia-del-trentino-alto-adige\/","url":"https:\/\/www.rassegnastampa-totustuus.it\/cattolica\/storia-del-trentino-alto-adige\/","name":"Trentino Alto Adige, una storia che gli italiani non conoscono - Rassegna Stampa Cattolica","isPartOf":{"@id":"https:\/\/www.rassegnastampa-totustuus.it\/cattolica\/#website"},"primaryImageOfPage":{"@id":"https:\/\/www.rassegnastampa-totustuus.it\/cattolica\/storia-del-trentino-alto-adige\/#primaryimage"},"image":{"@id":"https:\/\/www.rassegnastampa-totustuus.it\/cattolica\/storia-del-trentino-alto-adige\/#primaryimage"},"thumbnailUrl":"https:\/\/www.rassegnastampa-totustuus.it\/cattolica\/wp-content\/uploads\/2023\/11\/Andreas_Hofer_Tirolo.jpg","datePublished":"2023-11-08T23:00:00+00:00","dateModified":"2024-01-04T13:57:42+00:00","description":"Gli italiani sanno poco della travagliata storia del Trentino Alto Adige, diventato italiano con la Prima Guerra Mondiale","breadcrumb":{"@id":"https:\/\/www.rassegnastampa-totustuus.it\/cattolica\/storia-del-trentino-alto-adige\/#breadcrumb"},"inLanguage":"it-IT","potentialAction":[{"@type":"ReadAction","target":["https:\/\/www.rassegnastampa-totustuus.it\/cattolica\/storia-del-trentino-alto-adige\/"]}]},{"@type":"ImageObject","inLanguage":"it-IT","@id":"https:\/\/www.rassegnastampa-totustuus.it\/cattolica\/storia-del-trentino-alto-adige\/#primaryimage","url":"https:\/\/www.rassegnastampa-totustuus.it\/cattolica\/wp-content\/uploads\/2023\/11\/Andreas_Hofer_Tirolo.jpg","contentUrl":"https:\/\/www.rassegnastampa-totustuus.it\/cattolica\/wp-content\/uploads\/2023\/11\/Andreas_Hofer_Tirolo.jpg","width":2048,"height":1536},{"@type":"BreadcrumbList","@id":"https:\/\/www.rassegnastampa-totustuus.it\/cattolica\/storia-del-trentino-alto-adige\/#breadcrumb","itemListElement":[{"@type":"ListItem","position":1,"name":"Home","item":"https:\/\/www.rassegnastampa-totustuus.it\/cattolica\/"},{"@type":"ListItem","position":2,"name":"Trentino Alto Adige, una storia che gli italiani non conoscono"}]},{"@type":"WebSite","@id":"https:\/\/www.rassegnastampa-totustuus.it\/cattolica\/#website","url":"https:\/\/www.rassegnastampa-totustuus.it\/cattolica\/","name":"Rassegna Stampa Cattolica","description":"Per una cultura che nasce dalla Rivelazione cristiana in conformit\u00e0 alla tradizione e al Magistero della Chiesa in opposizione ad ogni relativismo e totalitarismo","publisher":{"@id":"https:\/\/www.rassegnastampa-totustuus.it\/cattolica\/#organization"},"alternateName":"Rass. Cattolica","potentialAction":[{"@type":"SearchAction","target":{"@type":"EntryPoint","urlTemplate":"https:\/\/www.rassegnastampa-totustuus.it\/cattolica\/?s={search_term_string}"},"query-input":{"@type":"PropertyValueSpecification","valueRequired":true,"valueName":"search_term_string"}}],"inLanguage":"it-IT"},{"@type":"Organization","@id":"https:\/\/www.rassegnastampa-totustuus.it\/cattolica\/#organization","name":"Rassegna Stampa Cattolica","url":"https:\/\/www.rassegnastampa-totustuus.it\/cattolica\/","logo":{"@type":"ImageObject","inLanguage":"it-IT","@id":"https:\/\/www.rassegnastampa-totustuus.it\/cattolica\/#\/schema\/logo\/image\/","url":"https:\/\/www.rassegnastampa-totustuus.it\/cattolica\/wp-content\/uploads\/2014\/04\/logo-rassegna1.gif","contentUrl":"https:\/\/www.rassegnastampa-totustuus.it\/cattolica\/wp-content\/uploads\/2014\/04\/logo-rassegna1.gif","width":600,"height":163,"caption":"Rassegna Stampa Cattolica"},"image":{"@id":"https:\/\/www.rassegnastampa-totustuus.it\/cattolica\/#\/schema\/logo\/image\/"},"sameAs":["https:\/\/www.facebook.com\/rassegnastampacattolica","https:\/\/x.com\/rassegnastampa9"]},{"@type":"Person","@id":"https:\/\/www.rassegnastampa-totustuus.it\/cattolica\/#\/schema\/person\/08f319d2bd1a0904ad9e2bfb7b15e5c3","name":"Redazione","image":{"@type":"ImageObject","inLanguage":"it-IT","@id":"https:\/\/secure.gravatar.com\/avatar\/2fcdf27c78ea025fbdb44e914cc63c72249ffec9dc8aafd5c82b26240ef3f346?s=96&d=mm&r=g","url":"https:\/\/secure.gravatar.com\/avatar\/2fcdf27c78ea025fbdb44e914cc63c72249ffec9dc8aafd5c82b26240ef3f346?s=96&d=mm&r=g","contentUrl":"https:\/\/secure.gravatar.com\/avatar\/2fcdf27c78ea025fbdb44e914cc63c72249ffec9dc8aafd5c82b26240ef3f346?s=96&d=mm&r=g","caption":"Redazione"},"url":"https:\/\/www.rassegnastampa-totustuus.it\/cattolica\/author\/pietroelle\/"}]}},"_links":{"self":[{"href":"https:\/\/www.rassegnastampa-totustuus.it\/cattolica\/wp-json\/wp\/v2\/posts\/57207","targetHints":{"allow":["GET"]}}],"collection":[{"href":"https:\/\/www.rassegnastampa-totustuus.it\/cattolica\/wp-json\/wp\/v2\/posts"}],"about":[{"href":"https:\/\/www.rassegnastampa-totustuus.it\/cattolica\/wp-json\/wp\/v2\/types\/post"}],"author":[{"embeddable":true,"href":"https:\/\/www.rassegnastampa-totustuus.it\/cattolica\/wp-json\/wp\/v2\/users\/6"}],"replies":[{"embeddable":true,"href":"https:\/\/www.rassegnastampa-totustuus.it\/cattolica\/wp-json\/wp\/v2\/comments?post=57207"}],"version-history":[{"count":14,"href":"https:\/\/www.rassegnastampa-totustuus.it\/cattolica\/wp-json\/wp\/v2\/posts\/57207\/revisions"}],"predecessor-version":[{"id":58663,"href":"https:\/\/www.rassegnastampa-totustuus.it\/cattolica\/wp-json\/wp\/v2\/posts\/57207\/revisions\/58663"}],"wp:featuredmedia":[{"embeddable":true,"href":"https:\/\/www.rassegnastampa-totustuus.it\/cattolica\/wp-json\/wp\/v2\/media\/57208"}],"wp:attachment":[{"href":"https:\/\/www.rassegnastampa-totustuus.it\/cattolica\/wp-json\/wp\/v2\/media?parent=57207"}],"wp:term":[{"taxonomy":"category","embeddable":true,"href":"https:\/\/www.rassegnastampa-totustuus.it\/cattolica\/wp-json\/wp\/v2\/categories?post=57207"},{"taxonomy":"post_tag","embeddable":true,"href":"https:\/\/www.rassegnastampa-totustuus.it\/cattolica\/wp-json\/wp\/v2\/tags?post=57207"}],"curies":[{"name":"wp","href":"https:\/\/api.w.org\/{rel}","templated":true}]}}