{"id":5720,"date":"2013-09-19T00:00:00","date_gmt":"2013-09-18T22:00:00","guid":{"rendered":""},"modified":"2015-06-10T10:54:46","modified_gmt":"2015-06-10T08:54:46","slug":"sono-1500-i-martiri-spagnoli-beati","status":"publish","type":"post","link":"https:\/\/www.rassegnastampa-totustuus.it\/cattolica\/sono-1500-i-martiri-spagnoli-beati\/","title":{"rendered":"Sono 1500 i martiri spagnoli beati"},"content":{"rendered":"<div style=\"text-align: center;\"><strong><a href=\"https:\/\/www.rassegnastampa-totustuus.it\/cattolica\/wp-content\/uploads\/2013\/09\/martiri-spagnoli.jpg\"><img loading=\"lazy\" decoding=\"async\" class=\"alignleft wp-image-25857\" src=\"https:\/\/www.rassegnastampa-totustuus.it\/cattolica\/wp-content\/uploads\/2013\/09\/martiri-spagnoli.jpg\" alt=\"martiri spagnoli\" width=\"128\" height=\"200\" \/><\/a>Tempi,<\/strong> 6 agosto 2013<\/div>\n<p style=\"text-align: center;\">Intervista a Monsignor C\u00e1rcel Ort\u00ed<\/p>\n<p style=\"text-align: justify;\">Considerati anche quelli che saranno beatificati da papa Francesco il 13 ottobre prossimo,\u00a0la Chiesa avr\u00e0 qualcosa come 1.500 beati martiri uccisi in Spagna negli anni Trenta, di cui alcuni gi\u00e0 canonizzati. \u00abMa questi rappresentano solo una piccola percentuale delle circa 10 mila persone morte per Cristo\u00bb, spiega monsignor Vicente C\u00e1rcel Ort\u00ed, storico ed esperto dei rapporti Stato-Chiesa nella Spagna del XX secolo e autore di numerosi libri sui martiri di quel periodo.<\/p>\n<p><!--more--><\/p>\n<p style=\"text-align: justify;\"><strong>Monsignor C\u00e1rcel Ort\u00ed, chi sono questi uomini e donne che morirono a causa delle loro fede?<\/strong><\/p>\n<p style=\"text-align: justify;\">Bisogna precisare che questi beati non sono propriamente martiri della guerra civile, perch\u00e9 la persecuzione \u00e8 cominciata prima, con l&#8217;istituzione della Repubblica tramite il colpo di Stato del 1931, avvenuto per mano delle variegate anime della sinistra. Fu un attentato alla Corona, che allora era naturalmente associata alla Chiesa, data la cattolicit\u00e0 della nazione spagnola. Combattere la monarchia equivaleva dunque ad attaccare la Chiesa. Per questo i liberali erano anticlericali, e si opponevano alle leggi della Corona considerate cattoliche: cominci\u00f2 una discriminazione nei fatti e legale, accompagnata da una campagna mediatica non anticlericale appunto, ma anticattolica.\u00a0Infine, dopo tre anni, nel 1934, cominciarono gli omicidi: nella Regione delle Asturie vennero uccisi mille civili e 34 religiosi, furono distrutte anche la bellissima cattedrale della capitale, Oviedo, il seminario e gli edifici religiosi della citt\u00e0. Questo sarebbe diventato il metodo della sinistra anticattolica: uccidere qualsiasi credente, profanare le chiese e distruggere qualsiasi simbolo, edificio o opera d&#8217;arte legati alla religione cattolica.<\/p>\n<p style=\"text-align: justify;\"><strong>Perch\u00e9 la Chiesa cattolica era cos\u00ec invisa al potere?<\/strong><\/p>\n<p style=\"text-align: justify;\">L&#8217;ideologia marxista diceva che occorreva rispondere alla questione sociale tramite il metodo stalinista. Perfino alcuni illuminati, seppur liberali, riconobbero che la guerra civile era proprio il tentativo di ricreare i soviet di Stalin in Spagna. La Chiesa non aveva mezzi per rispondere alle nuove istanze sociali. Cos\u00ec, quando nel 1936 ci fu un nuovo colpo di Stato contro la Repubblica, i militari vennero supportati dal popolo, ormai da anni istigato contro la Chiesa. Ma siccome questo popolo era in maggioranza cattolico lo scontro avveniva spesso tra fratelli, come sottoline\u00f2 sempre Pio XII: fu l&#8217;emblema della Seconda guerra mondiale.<\/p>\n<p style=\"text-align: justify;\"><strong>\u00c8 in questo contesto che gli omicidi e gli atti dissacranti cominciarono a diventare sistema normale.<\/strong><\/p>\n<p style=\"text-align: justify;\">Prima si cominci\u00f2 con la propaganda, che incolpava i cattolici retrogradi, e poi si arriv\u00f2 a giustificare la violenza che si consumava quotidianamente per strada e nelle piazze. Non uccidendo solo preti e suore, ma intere famiglie di fronte a tutti, come si vede in un film uscito di recente. George Orwell, allora anarchico di sinistra e corrispondente di guerra, scrisse che in questa lotta non avevano pace nemmeno i morti. Anche i cimiteri venivano profanati, con i cadaveri riesumati e le tombe distrutte. Ma ripeto, prima ci furono cinque anni di campagna martellante e quotidiana contro i cattolici.<\/p>\n<p style=\"text-align: justify;\"><strong>Anche oggi la Chiesa \u00e8 accusata di non essere &#8220;al passo coi tempi&#8221;.<\/strong><\/p>\n<p style=\"text-align: justify;\">Ora \u00e8 anche peggio, perch\u00e9 ci si accorge meno della violenza del potere. \u00c8 pi\u00f9 subdola, anche per il fatto che non si sa pi\u00f9 chi sia il nemico, che allora riconoscevi con i fucili in mano. Non solo, la mentalit\u00e0 mondana sta entrando nel cervello di molti cattolici. Mentre allora la maggioranza aveva resistito.<\/p>\n<p style=\"text-align: justify;\"><strong>Morirono non solo religiosi ma anche laici: giovani, padri e madri di famiglia.<\/strong><\/p>\n<p style=\"text-align: justify;\">Non si tratta di eroi, ma di persone normali che vivevano una fede per cui valeva la pena dare la vita. E fu una sorpresa anche per la Chiesa: molti pensavano che la fede popolare degli spagnoli fosse insufficiente, folcloristica e sentimentale. Invece, davanti alla prova, emerse la sua forza semplice e cristallina, prima snobbata dagli intellettuali. La cosa impressionante \u00e8 che in ogni citt\u00e0, senza conoscersi n\u00e9 mettersi d&#8217;accordo, morirono tutti allo stesso modo: invitati ad abiurare in cambio della vita, rifiutarono e morirono pregando per i loro assassini e urlando: &#8220;Viva Cristo Re&#8221;. Come accadeva anche in Messico o in Germania davanti alle SS di Hitler.<\/p>\n<p style=\"text-align: justify;\"><strong>Vi furono casi di abiura?<\/strong><\/p>\n<p style=\"text-align: justify;\">Leggendo tutte le carte dei processi non si trova un solo caso di tradimento. Questo \u00e8 miracoloso perch\u00e9 non \u00e8 scontato che uno che ha fede non ceda o non tradisca.<\/p>\n<p style=\"text-align: justify;\"><strong>Perch\u00e9 beatificarli proprio ora?<\/strong><\/p>\n<p style=\"text-align: justify;\">A cominciare fu Giovanni Paolo II, vissuto sia sotto il nazismo sia sotto il comunismo. Nel Novecento si pensava ancora ai martiri cristiani come a quelli morti durante l&#8217;impero romano. Invece i martiri sono tornati con i totalitarismi e le dittature. Il Papa voleva che ci si ricordasse di ciascuno di loro, che fosse mantenuta la memoria storica dei disastri provocati da un secolo che ha dimenticato Dio. Per questo anche papa Benedetto ha continuato con le beatificazioni.<\/p>\n<p style=\"text-align: justify;\"><strong>E non sembra che sia finita.<\/strong><\/p>\n<p style=\"text-align: justify;\">Papa Francesco non fa che parlare di martirio, che significa testimonianza. Il Papa invita i cattolici ad andare controcorrente e a non piegarsi alle leggi mondane. Lo ha fatto il 17 di giugno incontrando la curia romana. E continua a ripeterlo anche ai giovani. Voglio chiudere con le sue parole che spiegano perch\u00e9 il martirio sia cos\u00ec attuale. Sono quelle dell&#8217;Angelus dello scorso 23 di giugno: \u00abChe cosa significa &#8220;perdere la vita per causa di Ges\u00f9&#8221;? Questo pu\u00f2 avvenire in due modi: esplicitamente confessando la fede o implicitamente difendendo la verit\u00e0. (\u2026)<\/p>\n<p style=\"text-align: justify;\">Quante persone pagano a caro prezzo l&#8217;impegno per la verit\u00e0! Quanti uomini retti preferiscono andare controcorrente, pur di non rinnegare la voce della coscienza, la voce della verit\u00e0! Persone rette, che non hanno paura di andare controcorrente! E noi, non dobbiamo avere paura! Fra voi ci sono tanti giovani.<\/p>\n<p style=\"text-align: justify;\">A voi giovani dico: non abbiate paura di andare controcorrente, quando ci vogliono rubare la speranza, quando ci propongono questi valori che sono avariati, valori come il pasto andato a male e quando un pasto \u00e8 andato a male, ci fa male; questi valori ci fanno male. Dobbiamo andare controcorrente! E voi giovani, siate i primi: andate controcorrente e abbiate questa fierezza di andare proprio controcorrente!\u00bb.<\/p>\n","protected":false},"excerpt":{"rendered":"<p>Tempi, 6 agosto 2013 Intervista a Monsignor C\u00e1rcel Ort\u00ed Considerati anche quelli che saranno beatificati da papa Francesco il 13 ottobre prossimo,\u00a0la Chiesa avr\u00e0 qualcosa come 1.500 beati martiri uccisi in Spagna negli anni Trenta, di cui alcuni gi\u00e0 canonizzati. \u00abMa questi rappresentano solo una piccola percentuale delle circa 10 mila persone morte per Cristo\u00bb, &hellip; <\/p>\n<p><a class=\"more-link btn\" href=\"https:\/\/www.rassegnastampa-totustuus.it\/cattolica\/sono-1500-i-martiri-spagnoli-beati\/\">Continua a leggere<\/a><\/p>\n","protected":false},"author":6,"featured_media":25857,"comment_status":"closed","ping_status":"open","sticky":false,"template":"","format":"standard","meta":{"footnotes":""},"categories":[5,44,89],"tags":[470,2090],"class_list":["post-5720","post","type-post","status-publish","format-standard","has-post-thumbnail","hentry","category-chiesa","category-cristiani-perseguitati","category-guerra-di-spagna","tag-cristiani-perseguitati-2","tag-martiri","item-wrap"],"yoast_head":"<!-- This site is optimized with the Yoast SEO plugin v27.5 - https:\/\/yoast.com\/product\/yoast-seo-wordpress\/ -->\n<title>Sono 1500 i martiri spagnoli beati - Rassegna Stampa Cattolica<\/title>\n<meta name=\"description\" content=\"Rassegna Stampa Cattolica - Per una cultura che nasce dalla Rivelazione cristiana in conformit\u00e0 alla tradizione e al Magistero della Chiesa in opposizione ad ogni relativismo e totalitarismo\" \/>\n<meta name=\"robots\" content=\"index, follow, max-snippet:-1, max-image-preview:large, max-video-preview:-1\" \/>\n<link rel=\"canonical\" href=\"https:\/\/www.rassegnastampa-totustuus.it\/cattolica\/sono-1500-i-martiri-spagnoli-beati\/\" \/>\n<meta property=\"og:locale\" content=\"it_IT\" \/>\n<meta property=\"og:type\" content=\"article\" \/>\n<meta property=\"og:title\" content=\"Sono 1500 i martiri spagnoli beati - Rassegna Stampa Cattolica\" \/>\n<meta property=\"og:description\" content=\"Rassegna Stampa Cattolica - Per una cultura che nasce dalla Rivelazione cristiana in conformit\u00e0 alla tradizione e al Magistero della Chiesa in opposizione ad ogni relativismo e totalitarismo\" \/>\n<meta property=\"og:url\" content=\"https:\/\/www.rassegnastampa-totustuus.it\/cattolica\/sono-1500-i-martiri-spagnoli-beati\/\" \/>\n<meta property=\"og:site_name\" content=\"Rassegna Stampa Cattolica\" \/>\n<meta property=\"article:publisher\" content=\"https:\/\/www.facebook.com\/rassegnastampacattolica\" \/>\n<meta property=\"article:published_time\" content=\"2013-09-18T22:00:00+00:00\" \/>\n<meta property=\"article:modified_time\" content=\"2015-06-10T08:54:46+00:00\" \/>\n<meta property=\"og:image\" content=\"https:\/\/www.rassegnastampa-totustuus.it\/cattolica\/wp-content\/uploads\/2013\/09\/martiri-spagnoli.jpg\" \/>\n\t<meta property=\"og:image:width\" content=\"180\" \/>\n\t<meta property=\"og:image:height\" content=\"281\" \/>\n\t<meta property=\"og:image:type\" content=\"image\/jpeg\" \/>\n<meta name=\"author\" content=\"Redazione\" \/>\n<meta name=\"twitter:card\" content=\"summary_large_image\" \/>\n<meta name=\"twitter:creator\" content=\"@rassegnastampa9\" \/>\n<meta name=\"twitter:site\" content=\"@rassegnastampa9\" \/>\n<meta name=\"twitter:label1\" content=\"Scritto da\" \/>\n\t<meta name=\"twitter:data1\" content=\"Redazione\" \/>\n\t<meta name=\"twitter:label2\" content=\"Tempo di lettura stimato\" \/>\n\t<meta name=\"twitter:data2\" content=\"5 minuti\" \/>\n<script type=\"application\/ld+json\" class=\"yoast-schema-graph\">{\"@context\":\"https:\\\/\\\/schema.org\",\"@graph\":[{\"@type\":\"Article\",\"@id\":\"https:\\\/\\\/www.rassegnastampa-totustuus.it\\\/cattolica\\\/sono-1500-i-martiri-spagnoli-beati\\\/#article\",\"isPartOf\":{\"@id\":\"https:\\\/\\\/www.rassegnastampa-totustuus.it\\\/cattolica\\\/sono-1500-i-martiri-spagnoli-beati\\\/\"},\"author\":{\"name\":\"Redazione\",\"@id\":\"https:\\\/\\\/www.rassegnastampa-totustuus.it\\\/cattolica\\\/#\\\/schema\\\/person\\\/08f319d2bd1a0904ad9e2bfb7b15e5c3\"},\"headline\":\"Sono 1500 i martiri spagnoli beati\",\"datePublished\":\"2013-09-18T22:00:00+00:00\",\"dateModified\":\"2015-06-10T08:54:46+00:00\",\"mainEntityOfPage\":{\"@id\":\"https:\\\/\\\/www.rassegnastampa-totustuus.it\\\/cattolica\\\/sono-1500-i-martiri-spagnoli-beati\\\/\"},\"wordCount\":994,\"publisher\":{\"@id\":\"https:\\\/\\\/www.rassegnastampa-totustuus.it\\\/cattolica\\\/#organization\"},\"image\":{\"@id\":\"https:\\\/\\\/www.rassegnastampa-totustuus.it\\\/cattolica\\\/sono-1500-i-martiri-spagnoli-beati\\\/#primaryimage\"},\"thumbnailUrl\":\"https:\\\/\\\/www.rassegnastampa-totustuus.it\\\/cattolica\\\/wp-content\\\/uploads\\\/2013\\\/09\\\/martiri-spagnoli.jpg\",\"keywords\":[\"cristiani perseguitati\",\"martiri\"],\"articleSection\":[\"Chiesa\",\"Cristiani perseguitati\",\"Guerra di Spagna\"],\"inLanguage\":\"it-IT\"},{\"@type\":\"WebPage\",\"@id\":\"https:\\\/\\\/www.rassegnastampa-totustuus.it\\\/cattolica\\\/sono-1500-i-martiri-spagnoli-beati\\\/\",\"url\":\"https:\\\/\\\/www.rassegnastampa-totustuus.it\\\/cattolica\\\/sono-1500-i-martiri-spagnoli-beati\\\/\",\"name\":\"Sono 1500 i martiri spagnoli beati - Rassegna Stampa Cattolica\",\"isPartOf\":{\"@id\":\"https:\\\/\\\/www.rassegnastampa-totustuus.it\\\/cattolica\\\/#website\"},\"primaryImageOfPage\":{\"@id\":\"https:\\\/\\\/www.rassegnastampa-totustuus.it\\\/cattolica\\\/sono-1500-i-martiri-spagnoli-beati\\\/#primaryimage\"},\"image\":{\"@id\":\"https:\\\/\\\/www.rassegnastampa-totustuus.it\\\/cattolica\\\/sono-1500-i-martiri-spagnoli-beati\\\/#primaryimage\"},\"thumbnailUrl\":\"https:\\\/\\\/www.rassegnastampa-totustuus.it\\\/cattolica\\\/wp-content\\\/uploads\\\/2013\\\/09\\\/martiri-spagnoli.jpg\",\"datePublished\":\"2013-09-18T22:00:00+00:00\",\"dateModified\":\"2015-06-10T08:54:46+00:00\",\"description\":\"Rassegna Stampa Cattolica - Per una cultura che nasce dalla Rivelazione cristiana in conformit\u00e0 alla tradizione e al Magistero della Chiesa in opposizione ad ogni relativismo e totalitarismo\",\"breadcrumb\":{\"@id\":\"https:\\\/\\\/www.rassegnastampa-totustuus.it\\\/cattolica\\\/sono-1500-i-martiri-spagnoli-beati\\\/#breadcrumb\"},\"inLanguage\":\"it-IT\",\"potentialAction\":[{\"@type\":\"ReadAction\",\"target\":[\"https:\\\/\\\/www.rassegnastampa-totustuus.it\\\/cattolica\\\/sono-1500-i-martiri-spagnoli-beati\\\/\"]}]},{\"@type\":\"ImageObject\",\"inLanguage\":\"it-IT\",\"@id\":\"https:\\\/\\\/www.rassegnastampa-totustuus.it\\\/cattolica\\\/sono-1500-i-martiri-spagnoli-beati\\\/#primaryimage\",\"url\":\"https:\\\/\\\/www.rassegnastampa-totustuus.it\\\/cattolica\\\/wp-content\\\/uploads\\\/2013\\\/09\\\/martiri-spagnoli.jpg\",\"contentUrl\":\"https:\\\/\\\/www.rassegnastampa-totustuus.it\\\/cattolica\\\/wp-content\\\/uploads\\\/2013\\\/09\\\/martiri-spagnoli.jpg\",\"width\":180,\"height\":281},{\"@type\":\"BreadcrumbList\",\"@id\":\"https:\\\/\\\/www.rassegnastampa-totustuus.it\\\/cattolica\\\/sono-1500-i-martiri-spagnoli-beati\\\/#breadcrumb\",\"itemListElement\":[{\"@type\":\"ListItem\",\"position\":1,\"name\":\"Home\",\"item\":\"https:\\\/\\\/www.rassegnastampa-totustuus.it\\\/cattolica\\\/\"},{\"@type\":\"ListItem\",\"position\":2,\"name\":\"Sono 1500 i martiri spagnoli beati\"}]},{\"@type\":\"WebSite\",\"@id\":\"https:\\\/\\\/www.rassegnastampa-totustuus.it\\\/cattolica\\\/#website\",\"url\":\"https:\\\/\\\/www.rassegnastampa-totustuus.it\\\/cattolica\\\/\",\"name\":\"Rassegna Stampa Cattolica\",\"description\":\"Per una cultura che nasce dalla Rivelazione cristiana in conformit\u00e0 alla tradizione e al Magistero della Chiesa in opposizione ad ogni relativismo e totalitarismo\",\"publisher\":{\"@id\":\"https:\\\/\\\/www.rassegnastampa-totustuus.it\\\/cattolica\\\/#organization\"},\"alternateName\":\"Rass. Cattolica\",\"potentialAction\":[{\"@type\":\"SearchAction\",\"target\":{\"@type\":\"EntryPoint\",\"urlTemplate\":\"https:\\\/\\\/www.rassegnastampa-totustuus.it\\\/cattolica\\\/?s={search_term_string}\"},\"query-input\":{\"@type\":\"PropertyValueSpecification\",\"valueRequired\":true,\"valueName\":\"search_term_string\"}}],\"inLanguage\":\"it-IT\"},{\"@type\":\"Organization\",\"@id\":\"https:\\\/\\\/www.rassegnastampa-totustuus.it\\\/cattolica\\\/#organization\",\"name\":\"Rassegna Stampa Cattolica\",\"url\":\"https:\\\/\\\/www.rassegnastampa-totustuus.it\\\/cattolica\\\/\",\"logo\":{\"@type\":\"ImageObject\",\"inLanguage\":\"it-IT\",\"@id\":\"https:\\\/\\\/www.rassegnastampa-totustuus.it\\\/cattolica\\\/#\\\/schema\\\/logo\\\/image\\\/\",\"url\":\"https:\\\/\\\/www.rassegnastampa-totustuus.it\\\/cattolica\\\/wp-content\\\/uploads\\\/2014\\\/04\\\/logo-rassegna1.gif\",\"contentUrl\":\"https:\\\/\\\/www.rassegnastampa-totustuus.it\\\/cattolica\\\/wp-content\\\/uploads\\\/2014\\\/04\\\/logo-rassegna1.gif\",\"width\":600,\"height\":163,\"caption\":\"Rassegna Stampa Cattolica\"},\"image\":{\"@id\":\"https:\\\/\\\/www.rassegnastampa-totustuus.it\\\/cattolica\\\/#\\\/schema\\\/logo\\\/image\\\/\"},\"sameAs\":[\"https:\\\/\\\/www.facebook.com\\\/rassegnastampacattolica\",\"https:\\\/\\\/x.com\\\/rassegnastampa9\"]},{\"@type\":\"Person\",\"@id\":\"https:\\\/\\\/www.rassegnastampa-totustuus.it\\\/cattolica\\\/#\\\/schema\\\/person\\\/08f319d2bd1a0904ad9e2bfb7b15e5c3\",\"name\":\"Redazione\",\"image\":{\"@type\":\"ImageObject\",\"inLanguage\":\"it-IT\",\"@id\":\"https:\\\/\\\/secure.gravatar.com\\\/avatar\\\/2fcdf27c78ea025fbdb44e914cc63c72249ffec9dc8aafd5c82b26240ef3f346?s=96&d=mm&r=g\",\"url\":\"https:\\\/\\\/secure.gravatar.com\\\/avatar\\\/2fcdf27c78ea025fbdb44e914cc63c72249ffec9dc8aafd5c82b26240ef3f346?s=96&d=mm&r=g\",\"contentUrl\":\"https:\\\/\\\/secure.gravatar.com\\\/avatar\\\/2fcdf27c78ea025fbdb44e914cc63c72249ffec9dc8aafd5c82b26240ef3f346?s=96&d=mm&r=g\",\"caption\":\"Redazione\"},\"url\":\"https:\\\/\\\/www.rassegnastampa-totustuus.it\\\/cattolica\\\/author\\\/pietroelle\\\/\"}]}<\/script>\n<!-- \/ Yoast SEO plugin. -->","yoast_head_json":{"title":"Sono 1500 i martiri spagnoli beati - Rassegna Stampa Cattolica","description":"Rassegna Stampa Cattolica - Per una cultura che nasce dalla Rivelazione cristiana in conformit\u00e0 alla tradizione e al Magistero della Chiesa in opposizione ad ogni relativismo e totalitarismo","robots":{"index":"index","follow":"follow","max-snippet":"max-snippet:-1","max-image-preview":"max-image-preview:large","max-video-preview":"max-video-preview:-1"},"canonical":"https:\/\/www.rassegnastampa-totustuus.it\/cattolica\/sono-1500-i-martiri-spagnoli-beati\/","og_locale":"it_IT","og_type":"article","og_title":"Sono 1500 i martiri spagnoli beati - Rassegna Stampa Cattolica","og_description":"Rassegna Stampa Cattolica - Per una cultura che nasce dalla Rivelazione cristiana in conformit\u00e0 alla tradizione e al Magistero della Chiesa in opposizione ad ogni relativismo e totalitarismo","og_url":"https:\/\/www.rassegnastampa-totustuus.it\/cattolica\/sono-1500-i-martiri-spagnoli-beati\/","og_site_name":"Rassegna Stampa Cattolica","article_publisher":"https:\/\/www.facebook.com\/rassegnastampacattolica","article_published_time":"2013-09-18T22:00:00+00:00","article_modified_time":"2015-06-10T08:54:46+00:00","og_image":[{"width":180,"height":281,"url":"https:\/\/www.rassegnastampa-totustuus.it\/cattolica\/wp-content\/uploads\/2013\/09\/martiri-spagnoli.jpg","type":"image\/jpeg"}],"author":"Redazione","twitter_card":"summary_large_image","twitter_creator":"@rassegnastampa9","twitter_site":"@rassegnastampa9","twitter_misc":{"Scritto da":"Redazione","Tempo di lettura stimato":"5 minuti"},"schema":{"@context":"https:\/\/schema.org","@graph":[{"@type":"Article","@id":"https:\/\/www.rassegnastampa-totustuus.it\/cattolica\/sono-1500-i-martiri-spagnoli-beati\/#article","isPartOf":{"@id":"https:\/\/www.rassegnastampa-totustuus.it\/cattolica\/sono-1500-i-martiri-spagnoli-beati\/"},"author":{"name":"Redazione","@id":"https:\/\/www.rassegnastampa-totustuus.it\/cattolica\/#\/schema\/person\/08f319d2bd1a0904ad9e2bfb7b15e5c3"},"headline":"Sono 1500 i martiri spagnoli beati","datePublished":"2013-09-18T22:00:00+00:00","dateModified":"2015-06-10T08:54:46+00:00","mainEntityOfPage":{"@id":"https:\/\/www.rassegnastampa-totustuus.it\/cattolica\/sono-1500-i-martiri-spagnoli-beati\/"},"wordCount":994,"publisher":{"@id":"https:\/\/www.rassegnastampa-totustuus.it\/cattolica\/#organization"},"image":{"@id":"https:\/\/www.rassegnastampa-totustuus.it\/cattolica\/sono-1500-i-martiri-spagnoli-beati\/#primaryimage"},"thumbnailUrl":"https:\/\/www.rassegnastampa-totustuus.it\/cattolica\/wp-content\/uploads\/2013\/09\/martiri-spagnoli.jpg","keywords":["cristiani perseguitati","martiri"],"articleSection":["Chiesa","Cristiani perseguitati","Guerra di Spagna"],"inLanguage":"it-IT"},{"@type":"WebPage","@id":"https:\/\/www.rassegnastampa-totustuus.it\/cattolica\/sono-1500-i-martiri-spagnoli-beati\/","url":"https:\/\/www.rassegnastampa-totustuus.it\/cattolica\/sono-1500-i-martiri-spagnoli-beati\/","name":"Sono 1500 i martiri spagnoli beati - Rassegna Stampa Cattolica","isPartOf":{"@id":"https:\/\/www.rassegnastampa-totustuus.it\/cattolica\/#website"},"primaryImageOfPage":{"@id":"https:\/\/www.rassegnastampa-totustuus.it\/cattolica\/sono-1500-i-martiri-spagnoli-beati\/#primaryimage"},"image":{"@id":"https:\/\/www.rassegnastampa-totustuus.it\/cattolica\/sono-1500-i-martiri-spagnoli-beati\/#primaryimage"},"thumbnailUrl":"https:\/\/www.rassegnastampa-totustuus.it\/cattolica\/wp-content\/uploads\/2013\/09\/martiri-spagnoli.jpg","datePublished":"2013-09-18T22:00:00+00:00","dateModified":"2015-06-10T08:54:46+00:00","description":"Rassegna Stampa Cattolica - Per una cultura che nasce dalla Rivelazione cristiana in conformit\u00e0 alla tradizione e al Magistero della Chiesa in opposizione ad ogni relativismo e totalitarismo","breadcrumb":{"@id":"https:\/\/www.rassegnastampa-totustuus.it\/cattolica\/sono-1500-i-martiri-spagnoli-beati\/#breadcrumb"},"inLanguage":"it-IT","potentialAction":[{"@type":"ReadAction","target":["https:\/\/www.rassegnastampa-totustuus.it\/cattolica\/sono-1500-i-martiri-spagnoli-beati\/"]}]},{"@type":"ImageObject","inLanguage":"it-IT","@id":"https:\/\/www.rassegnastampa-totustuus.it\/cattolica\/sono-1500-i-martiri-spagnoli-beati\/#primaryimage","url":"https:\/\/www.rassegnastampa-totustuus.it\/cattolica\/wp-content\/uploads\/2013\/09\/martiri-spagnoli.jpg","contentUrl":"https:\/\/www.rassegnastampa-totustuus.it\/cattolica\/wp-content\/uploads\/2013\/09\/martiri-spagnoli.jpg","width":180,"height":281},{"@type":"BreadcrumbList","@id":"https:\/\/www.rassegnastampa-totustuus.it\/cattolica\/sono-1500-i-martiri-spagnoli-beati\/#breadcrumb","itemListElement":[{"@type":"ListItem","position":1,"name":"Home","item":"https:\/\/www.rassegnastampa-totustuus.it\/cattolica\/"},{"@type":"ListItem","position":2,"name":"Sono 1500 i martiri spagnoli beati"}]},{"@type":"WebSite","@id":"https:\/\/www.rassegnastampa-totustuus.it\/cattolica\/#website","url":"https:\/\/www.rassegnastampa-totustuus.it\/cattolica\/","name":"Rassegna Stampa Cattolica","description":"Per una cultura che nasce dalla Rivelazione cristiana in conformit\u00e0 alla tradizione e al Magistero della Chiesa in opposizione ad ogni relativismo e totalitarismo","publisher":{"@id":"https:\/\/www.rassegnastampa-totustuus.it\/cattolica\/#organization"},"alternateName":"Rass. Cattolica","potentialAction":[{"@type":"SearchAction","target":{"@type":"EntryPoint","urlTemplate":"https:\/\/www.rassegnastampa-totustuus.it\/cattolica\/?s={search_term_string}"},"query-input":{"@type":"PropertyValueSpecification","valueRequired":true,"valueName":"search_term_string"}}],"inLanguage":"it-IT"},{"@type":"Organization","@id":"https:\/\/www.rassegnastampa-totustuus.it\/cattolica\/#organization","name":"Rassegna Stampa Cattolica","url":"https:\/\/www.rassegnastampa-totustuus.it\/cattolica\/","logo":{"@type":"ImageObject","inLanguage":"it-IT","@id":"https:\/\/www.rassegnastampa-totustuus.it\/cattolica\/#\/schema\/logo\/image\/","url":"https:\/\/www.rassegnastampa-totustuus.it\/cattolica\/wp-content\/uploads\/2014\/04\/logo-rassegna1.gif","contentUrl":"https:\/\/www.rassegnastampa-totustuus.it\/cattolica\/wp-content\/uploads\/2014\/04\/logo-rassegna1.gif","width":600,"height":163,"caption":"Rassegna Stampa Cattolica"},"image":{"@id":"https:\/\/www.rassegnastampa-totustuus.it\/cattolica\/#\/schema\/logo\/image\/"},"sameAs":["https:\/\/www.facebook.com\/rassegnastampacattolica","https:\/\/x.com\/rassegnastampa9"]},{"@type":"Person","@id":"https:\/\/www.rassegnastampa-totustuus.it\/cattolica\/#\/schema\/person\/08f319d2bd1a0904ad9e2bfb7b15e5c3","name":"Redazione","image":{"@type":"ImageObject","inLanguage":"it-IT","@id":"https:\/\/secure.gravatar.com\/avatar\/2fcdf27c78ea025fbdb44e914cc63c72249ffec9dc8aafd5c82b26240ef3f346?s=96&d=mm&r=g","url":"https:\/\/secure.gravatar.com\/avatar\/2fcdf27c78ea025fbdb44e914cc63c72249ffec9dc8aafd5c82b26240ef3f346?s=96&d=mm&r=g","contentUrl":"https:\/\/secure.gravatar.com\/avatar\/2fcdf27c78ea025fbdb44e914cc63c72249ffec9dc8aafd5c82b26240ef3f346?s=96&d=mm&r=g","caption":"Redazione"},"url":"https:\/\/www.rassegnastampa-totustuus.it\/cattolica\/author\/pietroelle\/"}]}},"_links":{"self":[{"href":"https:\/\/www.rassegnastampa-totustuus.it\/cattolica\/wp-json\/wp\/v2\/posts\/5720","targetHints":{"allow":["GET"]}}],"collection":[{"href":"https:\/\/www.rassegnastampa-totustuus.it\/cattolica\/wp-json\/wp\/v2\/posts"}],"about":[{"href":"https:\/\/www.rassegnastampa-totustuus.it\/cattolica\/wp-json\/wp\/v2\/types\/post"}],"author":[{"embeddable":true,"href":"https:\/\/www.rassegnastampa-totustuus.it\/cattolica\/wp-json\/wp\/v2\/users\/6"}],"replies":[{"embeddable":true,"href":"https:\/\/www.rassegnastampa-totustuus.it\/cattolica\/wp-json\/wp\/v2\/comments?post=5720"}],"version-history":[{"count":3,"href":"https:\/\/www.rassegnastampa-totustuus.it\/cattolica\/wp-json\/wp\/v2\/posts\/5720\/revisions"}],"predecessor-version":[{"id":25858,"href":"https:\/\/www.rassegnastampa-totustuus.it\/cattolica\/wp-json\/wp\/v2\/posts\/5720\/revisions\/25858"}],"wp:featuredmedia":[{"embeddable":true,"href":"https:\/\/www.rassegnastampa-totustuus.it\/cattolica\/wp-json\/wp\/v2\/media\/25857"}],"wp:attachment":[{"href":"https:\/\/www.rassegnastampa-totustuus.it\/cattolica\/wp-json\/wp\/v2\/media?parent=5720"}],"wp:term":[{"taxonomy":"category","embeddable":true,"href":"https:\/\/www.rassegnastampa-totustuus.it\/cattolica\/wp-json\/wp\/v2\/categories?post=5720"},{"taxonomy":"post_tag","embeddable":true,"href":"https:\/\/www.rassegnastampa-totustuus.it\/cattolica\/wp-json\/wp\/v2\/tags?post=5720"}],"curies":[{"name":"wp","href":"https:\/\/api.w.org\/{rel}","templated":true}]}}