{"id":5710,"date":"2013-09-12T00:50:15","date_gmt":"2013-09-11T22:50:15","guid":{"rendered":""},"modified":"2015-06-10T11:25:41","modified_gmt":"2015-06-10T09:25:41","slug":"e-don-gius-and-controcorrente","status":"publish","type":"post","link":"https:\/\/www.rassegnastampa-totustuus.it\/cattolica\/e-don-gius-and-controcorrente\/","title":{"rendered":"E &laquo;Don Gius&raquo; and&ograve; controcorrente"},"content":{"rendered":"<div style=\"text-align: center;\"><strong><a href=\"https:\/\/www.rassegnastampa-totustuus.it\/cattolica\/wp-content\/uploads\/2013\/09\/Giussani.jpg\"><img loading=\"lazy\" decoding=\"async\" class=\"alignleft wp-image-25876\" src=\"https:\/\/www.rassegnastampa-totustuus.it\/cattolica\/wp-content\/uploads\/2013\/09\/Giussani.jpg\" alt=\"Giussani\" width=\"151\" height=\"200\" \/><\/a>Avvenire<\/strong> 11 settembre 2013<\/div>\n<p style=\"text-align: center;\"><strong>Piero Gheddo<\/strong><\/p>\n<p style=\"text-align: justify;\"><em>\u00c8 davvero monumentale la prima biografia del fondatore di Comunione e Liberazione, in uscita da domani per Rizzoli. Si intitola semplicemente \u00abVita di Don Giussani\u00bb, conta ben 1350 pagine (euro 25) ed \u00e8 stata scritta dal giornalista Alberto Savorana, a lungo e tuttora impegnato nell\u2019informazione e nell\u2019attivit\u00e0 editoriale del movimento creato da \u00abdon Gius\u00bb.<\/em><\/p>\n<p style=\"text-align: justify;\"><em>Il testo, ricco di fatti e documenti inediti, esce a 8 anni dalla scomparsa del sacerdote lombardo e promette di ricostruire per la prima volta con completezza la vicenda umana e spirituale di un uomo che \u00e8 stato indiscutibile \u00abmaestro\u00bb per migliaia di giovani, italiani e no.<\/em><\/p>\n<p style=\"text-align: justify;\"><em>Il volume sar\u00e0 presentato il 18 settembre all\u2019Universit\u00e0 Cattolica di Milano (dove don Giussani ha insegnato a lungo), alla presenza di don Juli\u00e1n Carr\u00f3n, attuale presidente della Fraternit\u00e0 di Comunione e Liberazione, del rettore Franco Anelli, del vicario episcopale Luca Bressan, del giornalista e storico Paolo Mieli, del presidente della Fondazione per la Sussidiariet\u00e0 Giorgio Vittadini e di Eugenio Mazzarella, ordinario di Filosofia teoretica all\u2019Universit\u00e0 di Napoli; coordina Monica Maggioni, direttore RaiNews24. <\/em><\/p>\n<p style=\"text-align: justify;\"><em>Ingresso su prenotazione fino ad esaurimento posti, info: 02\/86455162.<\/em><\/p>\n<p><!--more--><\/p>\n<div>\n<p style=\"text-align: justify;\">Ho conosciuto \u00abdon Gius\u00bb nel 1958-1959, quando andavo a sentire le sue catechesi su Ges\u00f9 Cristo ai giovani dell\u2019Azione cattolica e di Gs (<em>Giovent\u00f9 studentesca<\/em>) in via Statuto 2 a Milano. Presentava Ges\u00f9 non come un personaggio storico da studiare, ma presente oggi tra noi, il Figlio di Dio unico Salvatore dell\u2019uomo. Ripeteva con voce commossa, a volte tonante: \u00abDobbiamo innamorarci di Ges\u00f9, che \u00e8 sempre presente qui e in noi!\u00bb. E raccontava come la \u00abvita nuova\u00bb \u00e8 avere Ges\u00f9 Cristo come primo punto di riferimento.<\/p>\n<p style=\"text-align: justify;\">Ben prima del Concilio Vaticano II, Giussani diceva che se la fede non umanizza la vita dell\u2019uomo e della societ\u00e0, non conta nulla. Non avevo mai sentito una testimonianza cos\u00ec appassionata e convincente di quello che significa essere cristiano e prete. Don Giussani ci faceva incontrare con la persona di Ges\u00f9, toccando il cuore di molti.<\/p>\n<p style=\"text-align: justify;\">Era il carisma di questo grande prete e maestro: commuoveva e convinceva chi lo ascoltava senza pregiudizi e col cuore libero e aperto. Alla domenica mandava i suoi studenti di Gs nei quartieri poveri della periferia milanese e anche oltre (nella \u00abBassa\u00bb), per aiutare le parrocchie nascenti e conoscere dal vivo i problemi dell\u2019uomo nel contatto amichevole con i poveri: non si trattava di poche decine di studenti, ma di migliaia<\/p>\n<p style=\"text-align: justify;\">Poi ho incontrato don Giussani quando il Sessantotto ha sconvolto l\u2019Occidente e la Chiesa: era un<span class=\"apple-converted-space\">\u00a0<\/span><em>mix<\/em><span class=\"apple-converted-space\">\u00a0<\/span>di laicismo, individualismo, marxismo, radicalismo&#8230; \u00abIn 2000 anni il cristianesimo non ha creato il &#8220;mondo migliore&#8221; \u2013 si diceva anche negli ambienti cattolici \u2013, ripartiamo dunque da zero, il marxismo \u00e8 la ricetta &#8220;scientifica&#8221; per farlo\u00bb&#8230; Il Sessantotto \u00e8 stato molto negativo per la scuola, la famiglia, la politica, la societ\u00e0 italiana, la Chiesa. \u00c8 nato come protesta degli studenti contro i &#8220;baroni&#8221; delle Universit\u00e0, poi si \u00e8 rivolto contro i politici, la scuola meritocratica, i &#8220;padroni&#8221; delle fabbriche, la Polizia e la giustizia, i vescovi e anche contro Paolo VI, \u00abPapa martire del secolo XX\u00bb.<\/p>\n<p style=\"text-align: justify;\">Nelle assemblee studentesche prevaleva il pensiero unico: chi proponeva qualcosa di diverso era minacciato, a volte picchiato. I sessantottini volevano un \u00abuomo nuovo\u00bb, una \u00absociet\u00e0 giusta\u00bb, la \u00abpace nel mondo\u00bb. Ideali possibili solo a partire da Ges\u00f9 Cristo, eppure nessun gruppo di contestatori cattolici aveva il coraggio di proclamare questa grande verit\u00e0 della fede. All\u2019epoca la Chiesa italiana e le associazioni cattoliche tradizionali apparivano passive, impotenti, soggiogate della cultura dominante.<\/p>\n<p style=\"text-align: justify;\">I cattolici si ritiravano nella cosiddetta \u00abscelta religiosa\u00bb e lasciavano ai \u00ablaici\u00bb l\u2019universit\u00e0, le scuole, la cultura, i giornali.\u00a0 Erano diverse in quegli anni le comunit\u00e0 di fedeli che si staccavano dal vescovo; non pochi sacerdoti uscivano per \u00absperimentare un nuovo modo essere prete\u00bb. Quasi nessuno \u00e8 rientrato. Non era facile conservare la fede e l\u2019appartenenza alla Chiesa e andare contro-corrente era pericoloso.<\/p>\n<p style=\"text-align: justify;\">All\u2019inizio degli anni Settanta nasce<span class=\"apple-converted-space\">\u00a0<\/span><em>Comunione e Liberazione<\/em>, reazione provvidenziale alle ideologie anti-cristiane. Un movimento che ha reso visibile la presenza dei cristiani nel mondo dell\u2019educazione e nella societ\u00e0. Nel 1973 Cl non aveva una sede a Milano e non trovava spazi nelle strutture diocesane. Fu un mio confratello, padre Giacomo Girardi, appena rientrato da Hong Kong per dirigere il Centro Pime di Milano, ad aprire subito le porte: tutto il terzo piano del nuovo edificio (18 locali, circa 600 mq) venne affittato al nuovo movimento.<\/p>\n<p style=\"text-align: justify;\">La presenza di don Giussani e di Cl nel Centro \u00e8 durata vent\u2019anni, fino al 1993, ed ha creato una simbiosi che ha portato all\u2019Istituto una trentina di vocazioni. Nell\u2019ottobre 1973 padre Girardi organizzava poi in modo grandiosamente pubblico la prima Veglia, alla vigilia della Giornata missionaria mondiale di ottobre. Era un gesto coraggioso, in tempi in cui i cortei erano sempre e solo di protesta e di violenza.<\/p>\n<p style=\"text-align: justify;\">Invece, con Madre Teresa in testa, migliaia di persone sfilarono da una chiesa del centro fino al Duomo, dove attendeva il cardinale Colombo, e tutto and\u00f2 bene. Cl era e fu sempre in prima linea in queste e molte altre manifestazioni simili. Memorabile la Veglia dell\u2019ottobre 1975, quando 100.000 giovani camminarono dal Castello Sforzesco lungo via Dante pregando, digiunando e cantando, sotto gli striscioni che riportavano le Beatitudini. Il giorno dopo<span class=\"apple-converted-space\">\u00a0<\/span><em>Il Corriere della Sera<\/em><span class=\"apple-converted-space\">\u00a0<\/span>dedicava all\u2019insolito avvenimento una pagina col titolo: \u00abDunque, i cattolici ci sono ancora!\u00bb.<\/p>\n<p style=\"text-align: justify;\">Poi vennero la campagna contro la legge sull\u2019aborto (il 22 aprile 1977 a San Siro una \u00abFesta per la Vita\u00bb coinvolse 80.000 giovani, 18 vescovi, 200 preti e ancora Madre Teresa), le campagne a favore dei profughi da Vietnam e Cambogia, con l\u2019impegno della Caritas e delle parrocchie che ne hanno accolti circa 3000; per i cristiani e la pace in Libano, contro la fame nel mondo. Don Giussani approvava e sosteneva tutto, santo prete ed eccezionale animatore di giovani alla fede in Cristo. Ringrazio il Signore di averlo conosciuto e Alberto Savorana per questa biografia \u2013 dove c\u2019\u00e8 tutto, proprio tutto di lui. Al Centro Pime ogni sabato si teneva la \u00abScuola di comunit\u00e0\u00bb di Cl per gli studenti; l\u2019afflusso esauriva spesso la capienza (950 posti).<\/p>\n<p style=\"text-align: justify;\">Quando parlava don Giussani, andavamo a condividere la passione di quei giovani, seduti anche per terra. \u00abDon Gius\u00bb parlava animato ed esprimeva concetti teologico-culturali di non facile comprensione; ma quei ciellini, attenti e concentrati, scrivevano sui loro quadernetti ci\u00f2 che diceva. Chiss\u00e0 cosa scrivevano; ma quella partecipazione di massa era un importante \u00absegno dei tempi\u00bb al contrario: nella confusione di idee, voci e ipotesi di quel periodo, tanti giovani volevano cio\u00e8 riscoprire le certezze della fede, per un dare un orientamento sicuro alla loro vita.<\/p>\n<p style=\"text-align: justify;\">E Giussani era l\u2019uomo giusto per questo. Negli anni Settanta, le ideologie del Sessantotto non attaccavano Ges\u00f9 Cristo \u00abil primo socialista\u00bb, ma la Chiesa, che Giussani difendeva con tutte le forze. Quando scandiva: \u00abRicordatevi, Ges\u00f9 Cristo \u00e8 l\u2019unica ricchezza che abbiamo e Ges\u00f9 lo incontriamo solo nella Chiesa cattolica, nel Papa e nei vescovi a lui uniti!\u00bb, qualche volta scoppiavano spontanei gli applausi.<\/p>\n<\/div>\n","protected":false},"excerpt":{"rendered":"<p>Avvenire 11 settembre 2013 Piero Gheddo \u00c8 davvero monumentale la prima biografia del fondatore di Comunione e Liberazione, in uscita da domani per Rizzoli. Si intitola semplicemente \u00abVita di Don Giussani\u00bb, conta ben 1350 pagine (euro 25) ed \u00e8 stata scritta dal giornalista Alberto Savorana, a lungo e tuttora impegnato nell\u2019informazione e nell\u2019attivit\u00e0 editoriale del &hellip; <\/p>\n<p><a class=\"more-link btn\" href=\"https:\/\/www.rassegnastampa-totustuus.it\/cattolica\/e-don-gius-and-controcorrente\/\">Continua a leggere<\/a><\/p>\n","protected":false},"author":6,"featured_media":25876,"comment_status":"closed","ping_status":"open","sticky":false,"template":"","format":"standard","meta":{"footnotes":""},"categories":[5,18],"tags":[1738],"class_list":["post-5710","post","type-post","status-publish","format-standard","has-post-thumbnail","hentry","category-chiesa","category-personaggi","tag-luigi-giussani","item-wrap"],"yoast_head":"<!-- This site is optimized with the Yoast SEO plugin v27.5 - https:\/\/yoast.com\/product\/yoast-seo-wordpress\/ -->\n<title>E &laquo;Don Gius&raquo; and&ograve; controcorrente - Rassegna Stampa Cattolica<\/title>\n<meta name=\"description\" content=\"Rassegna Stampa Cattolica - Per una cultura che nasce dalla Rivelazione cristiana in conformit\u00e0 alla tradizione e al Magistero della Chiesa in opposizione ad ogni relativismo e totalitarismo\" \/>\n<meta name=\"robots\" content=\"index, follow, max-snippet:-1, max-image-preview:large, max-video-preview:-1\" \/>\n<link rel=\"canonical\" href=\"https:\/\/www.rassegnastampa-totustuus.it\/cattolica\/e-don-gius-and-controcorrente\/\" \/>\n<meta property=\"og:locale\" content=\"it_IT\" \/>\n<meta property=\"og:type\" content=\"article\" \/>\n<meta property=\"og:title\" content=\"E &laquo;Don Gius&raquo; and&ograve; controcorrente - Rassegna Stampa Cattolica\" \/>\n<meta property=\"og:description\" content=\"Rassegna Stampa Cattolica - Per una cultura che nasce dalla Rivelazione cristiana in conformit\u00e0 alla tradizione e al Magistero della Chiesa in opposizione ad ogni relativismo e totalitarismo\" \/>\n<meta property=\"og:url\" content=\"https:\/\/www.rassegnastampa-totustuus.it\/cattolica\/e-don-gius-and-controcorrente\/\" \/>\n<meta property=\"og:site_name\" content=\"Rassegna Stampa Cattolica\" \/>\n<meta property=\"article:publisher\" content=\"https:\/\/www.facebook.com\/rassegnastampacattolica\" \/>\n<meta property=\"article:published_time\" content=\"2013-09-11T22:50:15+00:00\" \/>\n<meta property=\"article:modified_time\" content=\"2015-06-10T09:25:41+00:00\" \/>\n<meta property=\"og:image\" content=\"https:\/\/www.rassegnastampa-totustuus.it\/cattolica\/wp-content\/uploads\/2013\/09\/Giussani.jpg\" \/>\n\t<meta property=\"og:image:width\" content=\"195\" \/>\n\t<meta property=\"og:image:height\" content=\"258\" \/>\n\t<meta property=\"og:image:type\" content=\"image\/jpeg\" \/>\n<meta name=\"author\" content=\"Redazione\" \/>\n<meta name=\"twitter:card\" content=\"summary_large_image\" \/>\n<meta name=\"twitter:creator\" content=\"@rassegnastampa9\" \/>\n<meta name=\"twitter:site\" content=\"@rassegnastampa9\" \/>\n<meta name=\"twitter:label1\" content=\"Scritto da\" \/>\n\t<meta name=\"twitter:data1\" content=\"Redazione\" \/>\n\t<meta name=\"twitter:label2\" content=\"Tempo di lettura stimato\" \/>\n\t<meta name=\"twitter:data2\" content=\"6 minuti\" \/>\n<script type=\"application\/ld+json\" class=\"yoast-schema-graph\">{\"@context\":\"https:\\\/\\\/schema.org\",\"@graph\":[{\"@type\":\"Article\",\"@id\":\"https:\\\/\\\/www.rassegnastampa-totustuus.it\\\/cattolica\\\/e-don-gius-and-controcorrente\\\/#article\",\"isPartOf\":{\"@id\":\"https:\\\/\\\/www.rassegnastampa-totustuus.it\\\/cattolica\\\/e-don-gius-and-controcorrente\\\/\"},\"author\":{\"name\":\"Redazione\",\"@id\":\"https:\\\/\\\/www.rassegnastampa-totustuus.it\\\/cattolica\\\/#\\\/schema\\\/person\\\/08f319d2bd1a0904ad9e2bfb7b15e5c3\"},\"headline\":\"E &laquo;Don Gius&raquo; and&ograve; controcorrente\",\"datePublished\":\"2013-09-11T22:50:15+00:00\",\"dateModified\":\"2015-06-10T09:25:41+00:00\",\"mainEntityOfPage\":{\"@id\":\"https:\\\/\\\/www.rassegnastampa-totustuus.it\\\/cattolica\\\/e-don-gius-and-controcorrente\\\/\"},\"wordCount\":1161,\"publisher\":{\"@id\":\"https:\\\/\\\/www.rassegnastampa-totustuus.it\\\/cattolica\\\/#organization\"},\"image\":{\"@id\":\"https:\\\/\\\/www.rassegnastampa-totustuus.it\\\/cattolica\\\/e-don-gius-and-controcorrente\\\/#primaryimage\"},\"thumbnailUrl\":\"https:\\\/\\\/www.rassegnastampa-totustuus.it\\\/cattolica\\\/wp-content\\\/uploads\\\/2013\\\/09\\\/Giussani.jpg\",\"keywords\":[\"Luigi Giussani\"],\"articleSection\":[\"Chiesa\",\"Personaggi\"],\"inLanguage\":\"it-IT\"},{\"@type\":\"WebPage\",\"@id\":\"https:\\\/\\\/www.rassegnastampa-totustuus.it\\\/cattolica\\\/e-don-gius-and-controcorrente\\\/\",\"url\":\"https:\\\/\\\/www.rassegnastampa-totustuus.it\\\/cattolica\\\/e-don-gius-and-controcorrente\\\/\",\"name\":\"E &laquo;Don Gius&raquo; and&ograve; controcorrente - Rassegna Stampa Cattolica\",\"isPartOf\":{\"@id\":\"https:\\\/\\\/www.rassegnastampa-totustuus.it\\\/cattolica\\\/#website\"},\"primaryImageOfPage\":{\"@id\":\"https:\\\/\\\/www.rassegnastampa-totustuus.it\\\/cattolica\\\/e-don-gius-and-controcorrente\\\/#primaryimage\"},\"image\":{\"@id\":\"https:\\\/\\\/www.rassegnastampa-totustuus.it\\\/cattolica\\\/e-don-gius-and-controcorrente\\\/#primaryimage\"},\"thumbnailUrl\":\"https:\\\/\\\/www.rassegnastampa-totustuus.it\\\/cattolica\\\/wp-content\\\/uploads\\\/2013\\\/09\\\/Giussani.jpg\",\"datePublished\":\"2013-09-11T22:50:15+00:00\",\"dateModified\":\"2015-06-10T09:25:41+00:00\",\"description\":\"Rassegna Stampa Cattolica - Per una cultura che nasce dalla Rivelazione cristiana in conformit\u00e0 alla tradizione e al Magistero della Chiesa in opposizione ad ogni relativismo e totalitarismo\",\"breadcrumb\":{\"@id\":\"https:\\\/\\\/www.rassegnastampa-totustuus.it\\\/cattolica\\\/e-don-gius-and-controcorrente\\\/#breadcrumb\"},\"inLanguage\":\"it-IT\",\"potentialAction\":[{\"@type\":\"ReadAction\",\"target\":[\"https:\\\/\\\/www.rassegnastampa-totustuus.it\\\/cattolica\\\/e-don-gius-and-controcorrente\\\/\"]}]},{\"@type\":\"ImageObject\",\"inLanguage\":\"it-IT\",\"@id\":\"https:\\\/\\\/www.rassegnastampa-totustuus.it\\\/cattolica\\\/e-don-gius-and-controcorrente\\\/#primaryimage\",\"url\":\"https:\\\/\\\/www.rassegnastampa-totustuus.it\\\/cattolica\\\/wp-content\\\/uploads\\\/2013\\\/09\\\/Giussani.jpg\",\"contentUrl\":\"https:\\\/\\\/www.rassegnastampa-totustuus.it\\\/cattolica\\\/wp-content\\\/uploads\\\/2013\\\/09\\\/Giussani.jpg\",\"width\":195,\"height\":258},{\"@type\":\"BreadcrumbList\",\"@id\":\"https:\\\/\\\/www.rassegnastampa-totustuus.it\\\/cattolica\\\/e-don-gius-and-controcorrente\\\/#breadcrumb\",\"itemListElement\":[{\"@type\":\"ListItem\",\"position\":1,\"name\":\"Home\",\"item\":\"https:\\\/\\\/www.rassegnastampa-totustuus.it\\\/cattolica\\\/\"},{\"@type\":\"ListItem\",\"position\":2,\"name\":\"E &laquo;Don Gius&raquo; and&ograve; controcorrente\"}]},{\"@type\":\"WebSite\",\"@id\":\"https:\\\/\\\/www.rassegnastampa-totustuus.it\\\/cattolica\\\/#website\",\"url\":\"https:\\\/\\\/www.rassegnastampa-totustuus.it\\\/cattolica\\\/\",\"name\":\"Rassegna Stampa Cattolica\",\"description\":\"Per una cultura che nasce dalla Rivelazione cristiana in conformit\u00e0 alla tradizione e al Magistero della Chiesa in opposizione ad ogni relativismo e totalitarismo\",\"publisher\":{\"@id\":\"https:\\\/\\\/www.rassegnastampa-totustuus.it\\\/cattolica\\\/#organization\"},\"alternateName\":\"Rass. Cattolica\",\"potentialAction\":[{\"@type\":\"SearchAction\",\"target\":{\"@type\":\"EntryPoint\",\"urlTemplate\":\"https:\\\/\\\/www.rassegnastampa-totustuus.it\\\/cattolica\\\/?s={search_term_string}\"},\"query-input\":{\"@type\":\"PropertyValueSpecification\",\"valueRequired\":true,\"valueName\":\"search_term_string\"}}],\"inLanguage\":\"it-IT\"},{\"@type\":\"Organization\",\"@id\":\"https:\\\/\\\/www.rassegnastampa-totustuus.it\\\/cattolica\\\/#organization\",\"name\":\"Rassegna Stampa Cattolica\",\"url\":\"https:\\\/\\\/www.rassegnastampa-totustuus.it\\\/cattolica\\\/\",\"logo\":{\"@type\":\"ImageObject\",\"inLanguage\":\"it-IT\",\"@id\":\"https:\\\/\\\/www.rassegnastampa-totustuus.it\\\/cattolica\\\/#\\\/schema\\\/logo\\\/image\\\/\",\"url\":\"https:\\\/\\\/www.rassegnastampa-totustuus.it\\\/cattolica\\\/wp-content\\\/uploads\\\/2014\\\/04\\\/logo-rassegna1.gif\",\"contentUrl\":\"https:\\\/\\\/www.rassegnastampa-totustuus.it\\\/cattolica\\\/wp-content\\\/uploads\\\/2014\\\/04\\\/logo-rassegna1.gif\",\"width\":600,\"height\":163,\"caption\":\"Rassegna Stampa Cattolica\"},\"image\":{\"@id\":\"https:\\\/\\\/www.rassegnastampa-totustuus.it\\\/cattolica\\\/#\\\/schema\\\/logo\\\/image\\\/\"},\"sameAs\":[\"https:\\\/\\\/www.facebook.com\\\/rassegnastampacattolica\",\"https:\\\/\\\/x.com\\\/rassegnastampa9\"]},{\"@type\":\"Person\",\"@id\":\"https:\\\/\\\/www.rassegnastampa-totustuus.it\\\/cattolica\\\/#\\\/schema\\\/person\\\/08f319d2bd1a0904ad9e2bfb7b15e5c3\",\"name\":\"Redazione\",\"image\":{\"@type\":\"ImageObject\",\"inLanguage\":\"it-IT\",\"@id\":\"https:\\\/\\\/secure.gravatar.com\\\/avatar\\\/2fcdf27c78ea025fbdb44e914cc63c72249ffec9dc8aafd5c82b26240ef3f346?s=96&d=mm&r=g\",\"url\":\"https:\\\/\\\/secure.gravatar.com\\\/avatar\\\/2fcdf27c78ea025fbdb44e914cc63c72249ffec9dc8aafd5c82b26240ef3f346?s=96&d=mm&r=g\",\"contentUrl\":\"https:\\\/\\\/secure.gravatar.com\\\/avatar\\\/2fcdf27c78ea025fbdb44e914cc63c72249ffec9dc8aafd5c82b26240ef3f346?s=96&d=mm&r=g\",\"caption\":\"Redazione\"},\"url\":\"https:\\\/\\\/www.rassegnastampa-totustuus.it\\\/cattolica\\\/author\\\/pietroelle\\\/\"}]}<\/script>\n<!-- \/ Yoast SEO plugin. -->","yoast_head_json":{"title":"E &laquo;Don Gius&raquo; and&ograve; controcorrente - Rassegna Stampa Cattolica","description":"Rassegna Stampa Cattolica - Per una cultura che nasce dalla Rivelazione cristiana in conformit\u00e0 alla tradizione e al Magistero della Chiesa in opposizione ad ogni relativismo e totalitarismo","robots":{"index":"index","follow":"follow","max-snippet":"max-snippet:-1","max-image-preview":"max-image-preview:large","max-video-preview":"max-video-preview:-1"},"canonical":"https:\/\/www.rassegnastampa-totustuus.it\/cattolica\/e-don-gius-and-controcorrente\/","og_locale":"it_IT","og_type":"article","og_title":"E &laquo;Don Gius&raquo; and&ograve; controcorrente - Rassegna Stampa Cattolica","og_description":"Rassegna Stampa Cattolica - Per una cultura che nasce dalla Rivelazione cristiana in conformit\u00e0 alla tradizione e al Magistero della Chiesa in opposizione ad ogni relativismo e totalitarismo","og_url":"https:\/\/www.rassegnastampa-totustuus.it\/cattolica\/e-don-gius-and-controcorrente\/","og_site_name":"Rassegna Stampa Cattolica","article_publisher":"https:\/\/www.facebook.com\/rassegnastampacattolica","article_published_time":"2013-09-11T22:50:15+00:00","article_modified_time":"2015-06-10T09:25:41+00:00","og_image":[{"width":195,"height":258,"url":"https:\/\/www.rassegnastampa-totustuus.it\/cattolica\/wp-content\/uploads\/2013\/09\/Giussani.jpg","type":"image\/jpeg"}],"author":"Redazione","twitter_card":"summary_large_image","twitter_creator":"@rassegnastampa9","twitter_site":"@rassegnastampa9","twitter_misc":{"Scritto da":"Redazione","Tempo di lettura stimato":"6 minuti"},"schema":{"@context":"https:\/\/schema.org","@graph":[{"@type":"Article","@id":"https:\/\/www.rassegnastampa-totustuus.it\/cattolica\/e-don-gius-and-controcorrente\/#article","isPartOf":{"@id":"https:\/\/www.rassegnastampa-totustuus.it\/cattolica\/e-don-gius-and-controcorrente\/"},"author":{"name":"Redazione","@id":"https:\/\/www.rassegnastampa-totustuus.it\/cattolica\/#\/schema\/person\/08f319d2bd1a0904ad9e2bfb7b15e5c3"},"headline":"E &laquo;Don Gius&raquo; and&ograve; controcorrente","datePublished":"2013-09-11T22:50:15+00:00","dateModified":"2015-06-10T09:25:41+00:00","mainEntityOfPage":{"@id":"https:\/\/www.rassegnastampa-totustuus.it\/cattolica\/e-don-gius-and-controcorrente\/"},"wordCount":1161,"publisher":{"@id":"https:\/\/www.rassegnastampa-totustuus.it\/cattolica\/#organization"},"image":{"@id":"https:\/\/www.rassegnastampa-totustuus.it\/cattolica\/e-don-gius-and-controcorrente\/#primaryimage"},"thumbnailUrl":"https:\/\/www.rassegnastampa-totustuus.it\/cattolica\/wp-content\/uploads\/2013\/09\/Giussani.jpg","keywords":["Luigi Giussani"],"articleSection":["Chiesa","Personaggi"],"inLanguage":"it-IT"},{"@type":"WebPage","@id":"https:\/\/www.rassegnastampa-totustuus.it\/cattolica\/e-don-gius-and-controcorrente\/","url":"https:\/\/www.rassegnastampa-totustuus.it\/cattolica\/e-don-gius-and-controcorrente\/","name":"E &laquo;Don Gius&raquo; and&ograve; controcorrente - Rassegna Stampa Cattolica","isPartOf":{"@id":"https:\/\/www.rassegnastampa-totustuus.it\/cattolica\/#website"},"primaryImageOfPage":{"@id":"https:\/\/www.rassegnastampa-totustuus.it\/cattolica\/e-don-gius-and-controcorrente\/#primaryimage"},"image":{"@id":"https:\/\/www.rassegnastampa-totustuus.it\/cattolica\/e-don-gius-and-controcorrente\/#primaryimage"},"thumbnailUrl":"https:\/\/www.rassegnastampa-totustuus.it\/cattolica\/wp-content\/uploads\/2013\/09\/Giussani.jpg","datePublished":"2013-09-11T22:50:15+00:00","dateModified":"2015-06-10T09:25:41+00:00","description":"Rassegna Stampa Cattolica - Per una cultura che nasce dalla Rivelazione cristiana in conformit\u00e0 alla tradizione e al Magistero della Chiesa in opposizione ad ogni relativismo e totalitarismo","breadcrumb":{"@id":"https:\/\/www.rassegnastampa-totustuus.it\/cattolica\/e-don-gius-and-controcorrente\/#breadcrumb"},"inLanguage":"it-IT","potentialAction":[{"@type":"ReadAction","target":["https:\/\/www.rassegnastampa-totustuus.it\/cattolica\/e-don-gius-and-controcorrente\/"]}]},{"@type":"ImageObject","inLanguage":"it-IT","@id":"https:\/\/www.rassegnastampa-totustuus.it\/cattolica\/e-don-gius-and-controcorrente\/#primaryimage","url":"https:\/\/www.rassegnastampa-totustuus.it\/cattolica\/wp-content\/uploads\/2013\/09\/Giussani.jpg","contentUrl":"https:\/\/www.rassegnastampa-totustuus.it\/cattolica\/wp-content\/uploads\/2013\/09\/Giussani.jpg","width":195,"height":258},{"@type":"BreadcrumbList","@id":"https:\/\/www.rassegnastampa-totustuus.it\/cattolica\/e-don-gius-and-controcorrente\/#breadcrumb","itemListElement":[{"@type":"ListItem","position":1,"name":"Home","item":"https:\/\/www.rassegnastampa-totustuus.it\/cattolica\/"},{"@type":"ListItem","position":2,"name":"E &laquo;Don Gius&raquo; and&ograve; controcorrente"}]},{"@type":"WebSite","@id":"https:\/\/www.rassegnastampa-totustuus.it\/cattolica\/#website","url":"https:\/\/www.rassegnastampa-totustuus.it\/cattolica\/","name":"Rassegna Stampa Cattolica","description":"Per una cultura che nasce dalla Rivelazione cristiana in conformit\u00e0 alla tradizione e al Magistero della Chiesa in opposizione ad ogni relativismo e totalitarismo","publisher":{"@id":"https:\/\/www.rassegnastampa-totustuus.it\/cattolica\/#organization"},"alternateName":"Rass. Cattolica","potentialAction":[{"@type":"SearchAction","target":{"@type":"EntryPoint","urlTemplate":"https:\/\/www.rassegnastampa-totustuus.it\/cattolica\/?s={search_term_string}"},"query-input":{"@type":"PropertyValueSpecification","valueRequired":true,"valueName":"search_term_string"}}],"inLanguage":"it-IT"},{"@type":"Organization","@id":"https:\/\/www.rassegnastampa-totustuus.it\/cattolica\/#organization","name":"Rassegna Stampa Cattolica","url":"https:\/\/www.rassegnastampa-totustuus.it\/cattolica\/","logo":{"@type":"ImageObject","inLanguage":"it-IT","@id":"https:\/\/www.rassegnastampa-totustuus.it\/cattolica\/#\/schema\/logo\/image\/","url":"https:\/\/www.rassegnastampa-totustuus.it\/cattolica\/wp-content\/uploads\/2014\/04\/logo-rassegna1.gif","contentUrl":"https:\/\/www.rassegnastampa-totustuus.it\/cattolica\/wp-content\/uploads\/2014\/04\/logo-rassegna1.gif","width":600,"height":163,"caption":"Rassegna Stampa Cattolica"},"image":{"@id":"https:\/\/www.rassegnastampa-totustuus.it\/cattolica\/#\/schema\/logo\/image\/"},"sameAs":["https:\/\/www.facebook.com\/rassegnastampacattolica","https:\/\/x.com\/rassegnastampa9"]},{"@type":"Person","@id":"https:\/\/www.rassegnastampa-totustuus.it\/cattolica\/#\/schema\/person\/08f319d2bd1a0904ad9e2bfb7b15e5c3","name":"Redazione","image":{"@type":"ImageObject","inLanguage":"it-IT","@id":"https:\/\/secure.gravatar.com\/avatar\/2fcdf27c78ea025fbdb44e914cc63c72249ffec9dc8aafd5c82b26240ef3f346?s=96&d=mm&r=g","url":"https:\/\/secure.gravatar.com\/avatar\/2fcdf27c78ea025fbdb44e914cc63c72249ffec9dc8aafd5c82b26240ef3f346?s=96&d=mm&r=g","contentUrl":"https:\/\/secure.gravatar.com\/avatar\/2fcdf27c78ea025fbdb44e914cc63c72249ffec9dc8aafd5c82b26240ef3f346?s=96&d=mm&r=g","caption":"Redazione"},"url":"https:\/\/www.rassegnastampa-totustuus.it\/cattolica\/author\/pietroelle\/"}]}},"_links":{"self":[{"href":"https:\/\/www.rassegnastampa-totustuus.it\/cattolica\/wp-json\/wp\/v2\/posts\/5710","targetHints":{"allow":["GET"]}}],"collection":[{"href":"https:\/\/www.rassegnastampa-totustuus.it\/cattolica\/wp-json\/wp\/v2\/posts"}],"about":[{"href":"https:\/\/www.rassegnastampa-totustuus.it\/cattolica\/wp-json\/wp\/v2\/types\/post"}],"author":[{"embeddable":true,"href":"https:\/\/www.rassegnastampa-totustuus.it\/cattolica\/wp-json\/wp\/v2\/users\/6"}],"replies":[{"embeddable":true,"href":"https:\/\/www.rassegnastampa-totustuus.it\/cattolica\/wp-json\/wp\/v2\/comments?post=5710"}],"version-history":[{"count":3,"href":"https:\/\/www.rassegnastampa-totustuus.it\/cattolica\/wp-json\/wp\/v2\/posts\/5710\/revisions"}],"predecessor-version":[{"id":25877,"href":"https:\/\/www.rassegnastampa-totustuus.it\/cattolica\/wp-json\/wp\/v2\/posts\/5710\/revisions\/25877"}],"wp:featuredmedia":[{"embeddable":true,"href":"https:\/\/www.rassegnastampa-totustuus.it\/cattolica\/wp-json\/wp\/v2\/media\/25876"}],"wp:attachment":[{"href":"https:\/\/www.rassegnastampa-totustuus.it\/cattolica\/wp-json\/wp\/v2\/media?parent=5710"}],"wp:term":[{"taxonomy":"category","embeddable":true,"href":"https:\/\/www.rassegnastampa-totustuus.it\/cattolica\/wp-json\/wp\/v2\/categories?post=5710"},{"taxonomy":"post_tag","embeddable":true,"href":"https:\/\/www.rassegnastampa-totustuus.it\/cattolica\/wp-json\/wp\/v2\/tags?post=5710"}],"curies":[{"name":"wp","href":"https:\/\/api.w.org\/{rel}","templated":true}]}}