{"id":5707,"date":"2013-09-12T00:00:00","date_gmt":"2013-09-11T22:00:00","guid":{"rendered":""},"modified":"2015-06-10T11:54:37","modified_gmt":"2015-06-10T09:54:37","slug":"obama-tutte-le-guerre-di-un-nobel-per-la-pace","status":"publish","type":"post","link":"https:\/\/www.rassegnastampa-totustuus.it\/cattolica\/obama-tutte-le-guerre-di-un-nobel-per-la-pace\/","title":{"rendered":"Obama, tutte le guerre di un Nobel per la pace"},"content":{"rendered":"<div style=\"text-align: center;\"><strong><a href=\"https:\/\/www.rassegnastampa-totustuus.it\/cattolica\/wp-content\/uploads\/2013\/09\/Obama_Nobel.jpg\"><img loading=\"lazy\" decoding=\"async\" class=\"alignleft wp-image-25891\" src=\"https:\/\/www.rassegnastampa-totustuus.it\/cattolica\/wp-content\/uploads\/2013\/09\/Obama_Nobel.jpg\" alt=\"Obama_Nobel\" width=\"165\" height=\"200\" \/><\/a>La nuova Bussola Quotidiana<\/strong>, 30 agosto 2013<\/div>\n<p style=\"text-align: center;\">di <strong>Stefano Magni<\/strong><\/p>\n<p style=\"text-align: justify;\">Pronti per una guerra in Siria? Dopo mille contrordini, che non sono\u00a0 ancora finiti, il segretario di Stato americano John Kerry e il segretario alla\u00a0 Difesa Chuck Hagel, si dicono pronti a colpire. Rischiamo di dimenticare un\u00a0 elemento importante, in tutta questa vicenda: alla testa dell\u2019amministrazione\u00a0 statunitense c\u2019\u00e8 Barack Hussein Obama, premio Nobel per la Pace.<\/p>\n<p style=\"text-align: justify;\">L\u2019assegnazione\u00a0 del Premio Nobel, nel 2009, nei primi mesi di amministrazione, era dovuta a:\u00a0 \u00absforzi straordinari nel rafforzare la\u00a0 diplomazia internazionale e la cooperazione tra i popoli\u00bb. Sforzi straordinari che, allora, erano ancora, in\u00a0 gran parte, sulla carta. Obama si era insediato da 10 mesi.<\/p>\n<p style=\"text-align: justify;\"><!--more--><\/p>\n<p style=\"text-align: justify;\"><strong>In\u00a0 molti altri casi, il comitato del Nobel<\/strong> ha compiuto scelte discutibili. Nel 1973\u00a0 diede il premio ex aequo a Henry Kissinger e Le Duc Tho,\u00a0 rispettivamente\u00a0 segretario di Stato statunitense e ministro degli esteri vietnamita. Entrambi avevano le mani grondanti di sangue, giusto per usare questa pittoresca metafora pacifista: Kissinger aveva appoggiato il golpe militare in Cile, appena un mese prima.<\/p>\n<p style=\"text-align: justify;\">Le Duc Tho era uno dei protagonisti delle sanguinosissime purghe del Partito Comunista nordvietnamita, fautore della logica secondo cui sei colpevole se il Partito ti giudica tale. In ogni caso, questi due uomini avevano raggiunto un accordo di pace, a Parigi, con cui ponevano fine alla Guerra del Vietnam. L\u2019accordo si rivel\u00f2 illusorio (dur\u00f2 appena 2 anni), ma almeno lo sforzo ci fu.<\/p>\n<p style=\"text-align: justify;\"><strong>Altra scelta discutibile fu\u00a0<\/strong>l\u2019assegnazione del premio, sempre ex aequo, a Shimon Peres e Yassir Arafat . Quest\u2019ultimo era gi\u00e0 responsabile di un ventennio di guerriglia contro Israele, dichiaratamente condotta con metodi terroristici contro i civili. Il premio venne assegnato nel 1994, dopo gli accordi di Oslo del 1993, che parevano aver posto fine alla lunga guerra mediorientale. Yassir Arafat, appena sei anni dopo, butt\u00f2 al macero gli accordi di Camp David e riprese la guerra. La II Intifada, che ne segu\u00ec, fu un bagno di sangue.<\/p>\n<p style=\"text-align: justify;\"><strong>Il\u00a0<\/strong><strong>Comitato del Nobel si divise<\/strong> e propose di ritirare il Nobel al solo Shimon Peres. Nel 2004, in compenso, il Nobel per la Pace venne assegnato a Wangari Muta Maathai, per \u00abil suo contributo alle cause dello sviluppo sostenibile, della democrazia e della pace\u00bb. Non \u00e8 chiaro a quali guerre abbia posto fine, considerando che Wangari Maathai, biologa keniota, si \u00e8 semmai distinta come attivista politica ecologista radicale, convinta che l\u2019Aids sia stato confezionato nei laboratori occidentali \u201cper sterminare i neri\u201d e le sue pi\u00f9 note azioni politiche erano rivolte contro il disboscamento, pi\u00f9 che contro le guerre africane.<\/p>\n<p style=\"text-align: justify;\"><strong>Questi precedenti gi\u00e0 spiegano\u00a0<\/strong>molto sulle idee dominanti nel Comitato del Nobel. Ma ancora non danno una risposta sul perch\u00e9 sia stato premiato Obama. Almeno Kissinger, Le Duc Tho, Arafat e la Maathai, nel bene o nel male, avevano \u201ccombinato\u201d qualcosa. Obama no. Il premio gli \u00e8 stato assegnato sulla fiducia. Meritata? Nel 2011 (meno di due anni dopo il Nobel), Barack Obama ha approvato l\u2019intervento militare in Libia, promosso soprattutto dalla Francia.<\/p>\n<p style=\"text-align: justify;\">Almeno nella prima fase (l\u2019Operazione Odissey Dawn), fu un\u2019azione militare quasi interamente americana. Nei mesi successivi, i Paesi della Nato che parteciparono al conflitto (fra cui l\u2019Italia) combatterono soprattutto con armi americane. Furono otto mesi di bombardamenti, non sempre selettivi, con perdite civili stimate attorno ai 1000 morti, che provocarono una destabilizzazione totale dell\u2019area.<\/p>\n<p style=\"text-align: justify;\"><strong>Il conflitto nel Mali, nell\u2019Africa\u00a0<\/strong><strong>occidentale<\/strong>, fu una diretta conseguenza di quella guerra: le armi degli ex arsenali di Gheddafi si riversarono tutte nelle mani dei Tuareg, le milizie jihadiste tornate dalla Libia alimentarono il focolare di rivolta nell\u2019Azawad, preludio della nuova guerra. Al Qaeda nel Maghreb Islamico si \u00e8 arricchita e rafforzata. Altre centinaia di armi sono sparite, senza lasciar traccia, nei meandri del contrabbando. Si \u00e8 trattato, decisamente, di \u201csforzi straordinari nel rafforzare la diplomazia internazionale e la cooperazione tra i popoli\u201d. L\u2019ambasciatore statunitense a Bengasi ci ha rimesso anche la pelle, vittima di una milizia terrorista che fino a pochi mesi prima era stata sostenuta dall\u2019intervento Nato.<\/p>\n<p style=\"text-align: justify;\"><strong>Prima durante e dopo la guerra\u00a0<\/strong><strong>in Libia<\/strong>, Obama ha continuato a combattere una guerra segreta contro i terroristi. Gli omicidi mirati di terroristi, che sotto l\u2019amministrazione Bush erano 52, con Obama sono cresciuti a 318. In queste 318 missioni, condotte soprattutto con aerei senza pilota (droni) sono morti anche 286 civili e 270 persone di cui non \u00e8 nota l\u2019identit\u00e0 (stime della New America Foundation, ente non ostile a Obama, considerando che \u00e8 di tendenza progressista).<\/p>\n<p style=\"text-align: justify;\">Se Bush era contestato per i \u201crapimenti\u201d dei terroristi e per la loro deportazione al carcere militare di Guantanamo, Obama usa una \u201ckill list\u201d, come ha rivelato la stampa statunitense un anno fa: i sospetti terroristi si uccidono. Punto. Sono anche questi \u201csforzi straordinari nel rafforzare la diplomazia internazionale e la cooperazione tra i popoli\u201d? Proprio per questi continui raid, gli Usa hanno quasi del tutto rovinato le loro relazioni con il Pakistan, teatro di gran parte degli omicidi mirati.<\/p>\n<p style=\"text-align: justify;\"><strong>\u00c8 poi molto lungo l\u2019elenco dei Paesi<\/strong> che, grazie all\u2019opera diplomatica dell\u2019amministrazione Obama, sono precipitati nel caos. Basti nominarne uno: l\u2019Egitto, divenuto una trappola mortale per i cristiani (10% della popolazione), dominato dal partito emanazione dei Fratelli Musulmani per un anno, dopo Obama aveva scaricato il regime di Mubarak.<\/p>\n<p style=\"text-align: justify;\">Ora che i Fratelli Musulmani, dopo aver creato caos politico, crisi economica e collasso dell\u2019ordine pubblico, sono stati cacciati da un golpe militare effettuato a furor di popolo, Obama pare reiterare nell\u2019errore di prima, difendendo i Fratelli Musulmani. Gli altri protagonisti della Primavera Araba, a partire dalla Tunisia (per non parlare della Libia) paiono voler seguire lo stesso copione egiziano. \u00c8 questo il risultato degli \u201csforzi straordinari nel rafforzare la diplomazia internazionale e la cooperazione tra i popoli\u201d del presidente Obama.<\/p>\n<p style=\"text-align: justify;\"><strong>Unico merito \u201cpacifista\u201d di\u00a0<\/strong><strong>Obama<\/strong> \u00e8 quello di aver annunciato il ritiro dall\u2019Afghanistan (no, il ritiro dall\u2019Iraq non \u00e8 merito suo: era gi\u00e0 stato deciso dall\u2019amministrazione precedente). Ma cosa ha prodotto questo annuncio? Forse \u00e8 la prima volta che un presidente dice al nemico la data in cui non ne potr\u00e0 pi\u00f9 di combatterlo. E, proprio perch\u00e9 fatto in pubblico, e in anticipo, questo annuncio ha galvanizzato il morale dei Talebani. Col risultato che le vittime in Afghanistan sono cresciute esponenzialmente, con picchi senza precedenti nelle estati del 2011, del 2012 e in questo inizio 2013.<\/p>\n<p style=\"text-align: justify;\"><strong>Se dovesse\u00a0<\/strong><strong>anche lanciarsi<\/strong> in una guerra in Siria, per reagire al presunto uso (tutt\u2019altro che dimostrato) di armi chimiche da parte del regime di Assad, Obama compirebbe il suo capolavoro \u201cdiplomatico\u201d. Come reagirebbe l\u2019Iran, alleato della Siria? Come reagirebbe la Russia, che mantiene truppe e basi sul territorio? Cosa succederebbe mai, se un soldato russo dovesse morire sotto le bombe americane? Che fine faranno i cristiani locali (15% della popolazione), che per ora sono vivi solo grazie al regime di Assad?<\/p>\n<p style=\"text-align: justify;\"><strong>Qualunque\u00a0<\/strong><strong>cosa succeda in Siria,<\/strong> possiamo anche star certi che a Obama non verr\u00e0 mai ritirato il premio Nobel per la Pace. Facile prevederlo. Basta leggere il resto della motivazione: \u00abPer 108 anni il Comitato ha cercato di stimolare proprio quella politica internazionale e di quegli atteggiamenti di cui Obama \u00e8 il portavoce a livello mondiale. Il Comitato condivide l\u2019appello di Obama: \u201c\u00c8 giunto il momento per tutti noi di assumerci la nostra parte di responsabilit\u00e0 per una risposta globale alle sfide globali\u201d\u00bb.<\/p>\n","protected":false},"excerpt":{"rendered":"<p>La nuova Bussola Quotidiana, 30 agosto 2013 di Stefano Magni Pronti per una guerra in Siria? Dopo mille contrordini, che non sono\u00a0 ancora finiti, il segretario di Stato americano John Kerry e il segretario alla\u00a0 Difesa Chuck Hagel, si dicono pronti a colpire. Rischiamo di dimenticare un\u00a0 elemento importante, in tutta questa vicenda: alla testa &hellip; <\/p>\n<p><a class=\"more-link btn\" href=\"https:\/\/www.rassegnastampa-totustuus.it\/cattolica\/obama-tutte-le-guerre-di-un-nobel-per-la-pace\/\">Continua a leggere<\/a><\/p>\n","protected":false},"author":6,"featured_media":25891,"comment_status":"closed","ping_status":"open","sticky":false,"template":"","format":"standard","meta":{"footnotes":""},"categories":[18,76],"tags":[504],"class_list":["post-5707","post","type-post","status-publish","format-standard","has-post-thumbnail","hentry","category-personaggi","category-stati-uniti","tag-barack-obama","item-wrap"],"yoast_head":"<!-- This site is optimized with the Yoast SEO plugin v27.5 - https:\/\/yoast.com\/product\/yoast-seo-wordpress\/ -->\n<title>Obama, tutte le guerre di un Nobel per la pace - Rassegna Stampa Cattolica<\/title>\n<meta name=\"description\" content=\"Rassegna Stampa Cattolica - Per una cultura che nasce dalla Rivelazione cristiana in conformit\u00e0 alla tradizione e al Magistero della Chiesa in opposizione ad ogni relativismo e totalitarismo\" \/>\n<meta name=\"robots\" content=\"index, follow, max-snippet:-1, max-image-preview:large, max-video-preview:-1\" \/>\n<link rel=\"canonical\" href=\"https:\/\/www.rassegnastampa-totustuus.it\/cattolica\/obama-tutte-le-guerre-di-un-nobel-per-la-pace\/\" \/>\n<meta property=\"og:locale\" content=\"it_IT\" \/>\n<meta property=\"og:type\" content=\"article\" \/>\n<meta property=\"og:title\" content=\"Obama, tutte le guerre di un Nobel per la pace - Rassegna Stampa Cattolica\" \/>\n<meta property=\"og:description\" content=\"Rassegna Stampa Cattolica - Per una cultura che nasce dalla Rivelazione cristiana in conformit\u00e0 alla tradizione e al Magistero della Chiesa in opposizione ad ogni relativismo e totalitarismo\" \/>\n<meta property=\"og:url\" content=\"https:\/\/www.rassegnastampa-totustuus.it\/cattolica\/obama-tutte-le-guerre-di-un-nobel-per-la-pace\/\" \/>\n<meta property=\"og:site_name\" content=\"Rassegna Stampa Cattolica\" \/>\n<meta property=\"article:publisher\" content=\"https:\/\/www.facebook.com\/rassegnastampacattolica\" \/>\n<meta property=\"article:published_time\" content=\"2013-09-11T22:00:00+00:00\" \/>\n<meta property=\"article:modified_time\" content=\"2015-06-10T09:54:37+00:00\" \/>\n<meta property=\"og:image\" content=\"https:\/\/www.rassegnastampa-totustuus.it\/cattolica\/wp-content\/uploads\/2013\/09\/Obama_Nobel.jpg\" \/>\n\t<meta property=\"og:image:width\" content=\"204\" \/>\n\t<meta property=\"og:image:height\" content=\"247\" \/>\n\t<meta property=\"og:image:type\" content=\"image\/jpeg\" \/>\n<meta name=\"author\" content=\"Redazione\" \/>\n<meta name=\"twitter:card\" content=\"summary_large_image\" \/>\n<meta name=\"twitter:creator\" content=\"@rassegnastampa9\" \/>\n<meta name=\"twitter:site\" content=\"@rassegnastampa9\" \/>\n<meta name=\"twitter:label1\" content=\"Scritto da\" \/>\n\t<meta name=\"twitter:data1\" content=\"Redazione\" \/>\n\t<meta name=\"twitter:label2\" content=\"Tempo di lettura stimato\" \/>\n\t<meta name=\"twitter:data2\" content=\"6 minuti\" \/>\n<script type=\"application\/ld+json\" class=\"yoast-schema-graph\">{\"@context\":\"https:\\\/\\\/schema.org\",\"@graph\":[{\"@type\":\"Article\",\"@id\":\"https:\\\/\\\/www.rassegnastampa-totustuus.it\\\/cattolica\\\/obama-tutte-le-guerre-di-un-nobel-per-la-pace\\\/#article\",\"isPartOf\":{\"@id\":\"https:\\\/\\\/www.rassegnastampa-totustuus.it\\\/cattolica\\\/obama-tutte-le-guerre-di-un-nobel-per-la-pace\\\/\"},\"author\":{\"name\":\"Redazione\",\"@id\":\"https:\\\/\\\/www.rassegnastampa-totustuus.it\\\/cattolica\\\/#\\\/schema\\\/person\\\/08f319d2bd1a0904ad9e2bfb7b15e5c3\"},\"headline\":\"Obama, tutte le guerre di un Nobel per la pace\",\"datePublished\":\"2013-09-11T22:00:00+00:00\",\"dateModified\":\"2015-06-10T09:54:37+00:00\",\"mainEntityOfPage\":{\"@id\":\"https:\\\/\\\/www.rassegnastampa-totustuus.it\\\/cattolica\\\/obama-tutte-le-guerre-di-un-nobel-per-la-pace\\\/\"},\"wordCount\":1210,\"publisher\":{\"@id\":\"https:\\\/\\\/www.rassegnastampa-totustuus.it\\\/cattolica\\\/#organization\"},\"image\":{\"@id\":\"https:\\\/\\\/www.rassegnastampa-totustuus.it\\\/cattolica\\\/obama-tutte-le-guerre-di-un-nobel-per-la-pace\\\/#primaryimage\"},\"thumbnailUrl\":\"https:\\\/\\\/www.rassegnastampa-totustuus.it\\\/cattolica\\\/wp-content\\\/uploads\\\/2013\\\/09\\\/Obama_Nobel.jpg\",\"keywords\":[\"Barack Obama\"],\"articleSection\":[\"Personaggi\",\"Stati Uniti\"],\"inLanguage\":\"it-IT\"},{\"@type\":\"WebPage\",\"@id\":\"https:\\\/\\\/www.rassegnastampa-totustuus.it\\\/cattolica\\\/obama-tutte-le-guerre-di-un-nobel-per-la-pace\\\/\",\"url\":\"https:\\\/\\\/www.rassegnastampa-totustuus.it\\\/cattolica\\\/obama-tutte-le-guerre-di-un-nobel-per-la-pace\\\/\",\"name\":\"Obama, tutte le guerre di un Nobel per la pace - Rassegna Stampa Cattolica\",\"isPartOf\":{\"@id\":\"https:\\\/\\\/www.rassegnastampa-totustuus.it\\\/cattolica\\\/#website\"},\"primaryImageOfPage\":{\"@id\":\"https:\\\/\\\/www.rassegnastampa-totustuus.it\\\/cattolica\\\/obama-tutte-le-guerre-di-un-nobel-per-la-pace\\\/#primaryimage\"},\"image\":{\"@id\":\"https:\\\/\\\/www.rassegnastampa-totustuus.it\\\/cattolica\\\/obama-tutte-le-guerre-di-un-nobel-per-la-pace\\\/#primaryimage\"},\"thumbnailUrl\":\"https:\\\/\\\/www.rassegnastampa-totustuus.it\\\/cattolica\\\/wp-content\\\/uploads\\\/2013\\\/09\\\/Obama_Nobel.jpg\",\"datePublished\":\"2013-09-11T22:00:00+00:00\",\"dateModified\":\"2015-06-10T09:54:37+00:00\",\"description\":\"Rassegna Stampa Cattolica - Per una cultura che nasce dalla Rivelazione cristiana in conformit\u00e0 alla tradizione e al Magistero della Chiesa in opposizione ad ogni relativismo e totalitarismo\",\"breadcrumb\":{\"@id\":\"https:\\\/\\\/www.rassegnastampa-totustuus.it\\\/cattolica\\\/obama-tutte-le-guerre-di-un-nobel-per-la-pace\\\/#breadcrumb\"},\"inLanguage\":\"it-IT\",\"potentialAction\":[{\"@type\":\"ReadAction\",\"target\":[\"https:\\\/\\\/www.rassegnastampa-totustuus.it\\\/cattolica\\\/obama-tutte-le-guerre-di-un-nobel-per-la-pace\\\/\"]}]},{\"@type\":\"ImageObject\",\"inLanguage\":\"it-IT\",\"@id\":\"https:\\\/\\\/www.rassegnastampa-totustuus.it\\\/cattolica\\\/obama-tutte-le-guerre-di-un-nobel-per-la-pace\\\/#primaryimage\",\"url\":\"https:\\\/\\\/www.rassegnastampa-totustuus.it\\\/cattolica\\\/wp-content\\\/uploads\\\/2013\\\/09\\\/Obama_Nobel.jpg\",\"contentUrl\":\"https:\\\/\\\/www.rassegnastampa-totustuus.it\\\/cattolica\\\/wp-content\\\/uploads\\\/2013\\\/09\\\/Obama_Nobel.jpg\",\"width\":204,\"height\":247},{\"@type\":\"BreadcrumbList\",\"@id\":\"https:\\\/\\\/www.rassegnastampa-totustuus.it\\\/cattolica\\\/obama-tutte-le-guerre-di-un-nobel-per-la-pace\\\/#breadcrumb\",\"itemListElement\":[{\"@type\":\"ListItem\",\"position\":1,\"name\":\"Home\",\"item\":\"https:\\\/\\\/www.rassegnastampa-totustuus.it\\\/cattolica\\\/\"},{\"@type\":\"ListItem\",\"position\":2,\"name\":\"Obama, tutte le guerre di un Nobel per la pace\"}]},{\"@type\":\"WebSite\",\"@id\":\"https:\\\/\\\/www.rassegnastampa-totustuus.it\\\/cattolica\\\/#website\",\"url\":\"https:\\\/\\\/www.rassegnastampa-totustuus.it\\\/cattolica\\\/\",\"name\":\"Rassegna Stampa Cattolica\",\"description\":\"Per una cultura che nasce dalla Rivelazione cristiana in conformit\u00e0 alla tradizione e al Magistero della Chiesa in opposizione ad ogni relativismo e totalitarismo\",\"publisher\":{\"@id\":\"https:\\\/\\\/www.rassegnastampa-totustuus.it\\\/cattolica\\\/#organization\"},\"alternateName\":\"Rass. Cattolica\",\"potentialAction\":[{\"@type\":\"SearchAction\",\"target\":{\"@type\":\"EntryPoint\",\"urlTemplate\":\"https:\\\/\\\/www.rassegnastampa-totustuus.it\\\/cattolica\\\/?s={search_term_string}\"},\"query-input\":{\"@type\":\"PropertyValueSpecification\",\"valueRequired\":true,\"valueName\":\"search_term_string\"}}],\"inLanguage\":\"it-IT\"},{\"@type\":\"Organization\",\"@id\":\"https:\\\/\\\/www.rassegnastampa-totustuus.it\\\/cattolica\\\/#organization\",\"name\":\"Rassegna Stampa Cattolica\",\"url\":\"https:\\\/\\\/www.rassegnastampa-totustuus.it\\\/cattolica\\\/\",\"logo\":{\"@type\":\"ImageObject\",\"inLanguage\":\"it-IT\",\"@id\":\"https:\\\/\\\/www.rassegnastampa-totustuus.it\\\/cattolica\\\/#\\\/schema\\\/logo\\\/image\\\/\",\"url\":\"https:\\\/\\\/www.rassegnastampa-totustuus.it\\\/cattolica\\\/wp-content\\\/uploads\\\/2014\\\/04\\\/logo-rassegna1.gif\",\"contentUrl\":\"https:\\\/\\\/www.rassegnastampa-totustuus.it\\\/cattolica\\\/wp-content\\\/uploads\\\/2014\\\/04\\\/logo-rassegna1.gif\",\"width\":600,\"height\":163,\"caption\":\"Rassegna Stampa Cattolica\"},\"image\":{\"@id\":\"https:\\\/\\\/www.rassegnastampa-totustuus.it\\\/cattolica\\\/#\\\/schema\\\/logo\\\/image\\\/\"},\"sameAs\":[\"https:\\\/\\\/www.facebook.com\\\/rassegnastampacattolica\",\"https:\\\/\\\/x.com\\\/rassegnastampa9\"]},{\"@type\":\"Person\",\"@id\":\"https:\\\/\\\/www.rassegnastampa-totustuus.it\\\/cattolica\\\/#\\\/schema\\\/person\\\/08f319d2bd1a0904ad9e2bfb7b15e5c3\",\"name\":\"Redazione\",\"image\":{\"@type\":\"ImageObject\",\"inLanguage\":\"it-IT\",\"@id\":\"https:\\\/\\\/secure.gravatar.com\\\/avatar\\\/2fcdf27c78ea025fbdb44e914cc63c72249ffec9dc8aafd5c82b26240ef3f346?s=96&d=mm&r=g\",\"url\":\"https:\\\/\\\/secure.gravatar.com\\\/avatar\\\/2fcdf27c78ea025fbdb44e914cc63c72249ffec9dc8aafd5c82b26240ef3f346?s=96&d=mm&r=g\",\"contentUrl\":\"https:\\\/\\\/secure.gravatar.com\\\/avatar\\\/2fcdf27c78ea025fbdb44e914cc63c72249ffec9dc8aafd5c82b26240ef3f346?s=96&d=mm&r=g\",\"caption\":\"Redazione\"},\"url\":\"https:\\\/\\\/www.rassegnastampa-totustuus.it\\\/cattolica\\\/author\\\/pietroelle\\\/\"}]}<\/script>\n<!-- \/ Yoast SEO plugin. -->","yoast_head_json":{"title":"Obama, tutte le guerre di un Nobel per la pace - Rassegna Stampa Cattolica","description":"Rassegna Stampa Cattolica - Per una cultura che nasce dalla Rivelazione cristiana in conformit\u00e0 alla tradizione e al Magistero della Chiesa in opposizione ad ogni relativismo e totalitarismo","robots":{"index":"index","follow":"follow","max-snippet":"max-snippet:-1","max-image-preview":"max-image-preview:large","max-video-preview":"max-video-preview:-1"},"canonical":"https:\/\/www.rassegnastampa-totustuus.it\/cattolica\/obama-tutte-le-guerre-di-un-nobel-per-la-pace\/","og_locale":"it_IT","og_type":"article","og_title":"Obama, tutte le guerre di un Nobel per la pace - Rassegna Stampa Cattolica","og_description":"Rassegna Stampa Cattolica - Per una cultura che nasce dalla Rivelazione cristiana in conformit\u00e0 alla tradizione e al Magistero della Chiesa in opposizione ad ogni relativismo e totalitarismo","og_url":"https:\/\/www.rassegnastampa-totustuus.it\/cattolica\/obama-tutte-le-guerre-di-un-nobel-per-la-pace\/","og_site_name":"Rassegna Stampa Cattolica","article_publisher":"https:\/\/www.facebook.com\/rassegnastampacattolica","article_published_time":"2013-09-11T22:00:00+00:00","article_modified_time":"2015-06-10T09:54:37+00:00","og_image":[{"width":204,"height":247,"url":"https:\/\/www.rassegnastampa-totustuus.it\/cattolica\/wp-content\/uploads\/2013\/09\/Obama_Nobel.jpg","type":"image\/jpeg"}],"author":"Redazione","twitter_card":"summary_large_image","twitter_creator":"@rassegnastampa9","twitter_site":"@rassegnastampa9","twitter_misc":{"Scritto da":"Redazione","Tempo di lettura stimato":"6 minuti"},"schema":{"@context":"https:\/\/schema.org","@graph":[{"@type":"Article","@id":"https:\/\/www.rassegnastampa-totustuus.it\/cattolica\/obama-tutte-le-guerre-di-un-nobel-per-la-pace\/#article","isPartOf":{"@id":"https:\/\/www.rassegnastampa-totustuus.it\/cattolica\/obama-tutte-le-guerre-di-un-nobel-per-la-pace\/"},"author":{"name":"Redazione","@id":"https:\/\/www.rassegnastampa-totustuus.it\/cattolica\/#\/schema\/person\/08f319d2bd1a0904ad9e2bfb7b15e5c3"},"headline":"Obama, tutte le guerre di un Nobel per la pace","datePublished":"2013-09-11T22:00:00+00:00","dateModified":"2015-06-10T09:54:37+00:00","mainEntityOfPage":{"@id":"https:\/\/www.rassegnastampa-totustuus.it\/cattolica\/obama-tutte-le-guerre-di-un-nobel-per-la-pace\/"},"wordCount":1210,"publisher":{"@id":"https:\/\/www.rassegnastampa-totustuus.it\/cattolica\/#organization"},"image":{"@id":"https:\/\/www.rassegnastampa-totustuus.it\/cattolica\/obama-tutte-le-guerre-di-un-nobel-per-la-pace\/#primaryimage"},"thumbnailUrl":"https:\/\/www.rassegnastampa-totustuus.it\/cattolica\/wp-content\/uploads\/2013\/09\/Obama_Nobel.jpg","keywords":["Barack Obama"],"articleSection":["Personaggi","Stati Uniti"],"inLanguage":"it-IT"},{"@type":"WebPage","@id":"https:\/\/www.rassegnastampa-totustuus.it\/cattolica\/obama-tutte-le-guerre-di-un-nobel-per-la-pace\/","url":"https:\/\/www.rassegnastampa-totustuus.it\/cattolica\/obama-tutte-le-guerre-di-un-nobel-per-la-pace\/","name":"Obama, tutte le guerre di un Nobel per la pace - Rassegna Stampa Cattolica","isPartOf":{"@id":"https:\/\/www.rassegnastampa-totustuus.it\/cattolica\/#website"},"primaryImageOfPage":{"@id":"https:\/\/www.rassegnastampa-totustuus.it\/cattolica\/obama-tutte-le-guerre-di-un-nobel-per-la-pace\/#primaryimage"},"image":{"@id":"https:\/\/www.rassegnastampa-totustuus.it\/cattolica\/obama-tutte-le-guerre-di-un-nobel-per-la-pace\/#primaryimage"},"thumbnailUrl":"https:\/\/www.rassegnastampa-totustuus.it\/cattolica\/wp-content\/uploads\/2013\/09\/Obama_Nobel.jpg","datePublished":"2013-09-11T22:00:00+00:00","dateModified":"2015-06-10T09:54:37+00:00","description":"Rassegna Stampa Cattolica - Per una cultura che nasce dalla Rivelazione cristiana in conformit\u00e0 alla tradizione e al Magistero della Chiesa in opposizione ad ogni relativismo e totalitarismo","breadcrumb":{"@id":"https:\/\/www.rassegnastampa-totustuus.it\/cattolica\/obama-tutte-le-guerre-di-un-nobel-per-la-pace\/#breadcrumb"},"inLanguage":"it-IT","potentialAction":[{"@type":"ReadAction","target":["https:\/\/www.rassegnastampa-totustuus.it\/cattolica\/obama-tutte-le-guerre-di-un-nobel-per-la-pace\/"]}]},{"@type":"ImageObject","inLanguage":"it-IT","@id":"https:\/\/www.rassegnastampa-totustuus.it\/cattolica\/obama-tutte-le-guerre-di-un-nobel-per-la-pace\/#primaryimage","url":"https:\/\/www.rassegnastampa-totustuus.it\/cattolica\/wp-content\/uploads\/2013\/09\/Obama_Nobel.jpg","contentUrl":"https:\/\/www.rassegnastampa-totustuus.it\/cattolica\/wp-content\/uploads\/2013\/09\/Obama_Nobel.jpg","width":204,"height":247},{"@type":"BreadcrumbList","@id":"https:\/\/www.rassegnastampa-totustuus.it\/cattolica\/obama-tutte-le-guerre-di-un-nobel-per-la-pace\/#breadcrumb","itemListElement":[{"@type":"ListItem","position":1,"name":"Home","item":"https:\/\/www.rassegnastampa-totustuus.it\/cattolica\/"},{"@type":"ListItem","position":2,"name":"Obama, tutte le guerre di un Nobel per la pace"}]},{"@type":"WebSite","@id":"https:\/\/www.rassegnastampa-totustuus.it\/cattolica\/#website","url":"https:\/\/www.rassegnastampa-totustuus.it\/cattolica\/","name":"Rassegna Stampa Cattolica","description":"Per una cultura che nasce dalla Rivelazione cristiana in conformit\u00e0 alla tradizione e al Magistero della Chiesa in opposizione ad ogni relativismo e totalitarismo","publisher":{"@id":"https:\/\/www.rassegnastampa-totustuus.it\/cattolica\/#organization"},"alternateName":"Rass. Cattolica","potentialAction":[{"@type":"SearchAction","target":{"@type":"EntryPoint","urlTemplate":"https:\/\/www.rassegnastampa-totustuus.it\/cattolica\/?s={search_term_string}"},"query-input":{"@type":"PropertyValueSpecification","valueRequired":true,"valueName":"search_term_string"}}],"inLanguage":"it-IT"},{"@type":"Organization","@id":"https:\/\/www.rassegnastampa-totustuus.it\/cattolica\/#organization","name":"Rassegna Stampa Cattolica","url":"https:\/\/www.rassegnastampa-totustuus.it\/cattolica\/","logo":{"@type":"ImageObject","inLanguage":"it-IT","@id":"https:\/\/www.rassegnastampa-totustuus.it\/cattolica\/#\/schema\/logo\/image\/","url":"https:\/\/www.rassegnastampa-totustuus.it\/cattolica\/wp-content\/uploads\/2014\/04\/logo-rassegna1.gif","contentUrl":"https:\/\/www.rassegnastampa-totustuus.it\/cattolica\/wp-content\/uploads\/2014\/04\/logo-rassegna1.gif","width":600,"height":163,"caption":"Rassegna Stampa Cattolica"},"image":{"@id":"https:\/\/www.rassegnastampa-totustuus.it\/cattolica\/#\/schema\/logo\/image\/"},"sameAs":["https:\/\/www.facebook.com\/rassegnastampacattolica","https:\/\/x.com\/rassegnastampa9"]},{"@type":"Person","@id":"https:\/\/www.rassegnastampa-totustuus.it\/cattolica\/#\/schema\/person\/08f319d2bd1a0904ad9e2bfb7b15e5c3","name":"Redazione","image":{"@type":"ImageObject","inLanguage":"it-IT","@id":"https:\/\/secure.gravatar.com\/avatar\/2fcdf27c78ea025fbdb44e914cc63c72249ffec9dc8aafd5c82b26240ef3f346?s=96&d=mm&r=g","url":"https:\/\/secure.gravatar.com\/avatar\/2fcdf27c78ea025fbdb44e914cc63c72249ffec9dc8aafd5c82b26240ef3f346?s=96&d=mm&r=g","contentUrl":"https:\/\/secure.gravatar.com\/avatar\/2fcdf27c78ea025fbdb44e914cc63c72249ffec9dc8aafd5c82b26240ef3f346?s=96&d=mm&r=g","caption":"Redazione"},"url":"https:\/\/www.rassegnastampa-totustuus.it\/cattolica\/author\/pietroelle\/"}]}},"_links":{"self":[{"href":"https:\/\/www.rassegnastampa-totustuus.it\/cattolica\/wp-json\/wp\/v2\/posts\/5707","targetHints":{"allow":["GET"]}}],"collection":[{"href":"https:\/\/www.rassegnastampa-totustuus.it\/cattolica\/wp-json\/wp\/v2\/posts"}],"about":[{"href":"https:\/\/www.rassegnastampa-totustuus.it\/cattolica\/wp-json\/wp\/v2\/types\/post"}],"author":[{"embeddable":true,"href":"https:\/\/www.rassegnastampa-totustuus.it\/cattolica\/wp-json\/wp\/v2\/users\/6"}],"replies":[{"embeddable":true,"href":"https:\/\/www.rassegnastampa-totustuus.it\/cattolica\/wp-json\/wp\/v2\/comments?post=5707"}],"version-history":[{"count":3,"href":"https:\/\/www.rassegnastampa-totustuus.it\/cattolica\/wp-json\/wp\/v2\/posts\/5707\/revisions"}],"predecessor-version":[{"id":25892,"href":"https:\/\/www.rassegnastampa-totustuus.it\/cattolica\/wp-json\/wp\/v2\/posts\/5707\/revisions\/25892"}],"wp:featuredmedia":[{"embeddable":true,"href":"https:\/\/www.rassegnastampa-totustuus.it\/cattolica\/wp-json\/wp\/v2\/media\/25891"}],"wp:attachment":[{"href":"https:\/\/www.rassegnastampa-totustuus.it\/cattolica\/wp-json\/wp\/v2\/media?parent=5707"}],"wp:term":[{"taxonomy":"category","embeddable":true,"href":"https:\/\/www.rassegnastampa-totustuus.it\/cattolica\/wp-json\/wp\/v2\/categories?post=5707"},{"taxonomy":"post_tag","embeddable":true,"href":"https:\/\/www.rassegnastampa-totustuus.it\/cattolica\/wp-json\/wp\/v2\/tags?post=5707"}],"curies":[{"name":"wp","href":"https:\/\/api.w.org\/{rel}","templated":true}]}}