{"id":5705,"date":"2013-09-12T00:00:00","date_gmt":"2013-09-11T22:00:00","guid":{"rendered":""},"modified":"2015-11-09T10:36:15","modified_gmt":"2015-11-09T09:36:15","slug":"obbligare-i-medici-a-prescrivere-la-pillola-dei-cinque-giorni-dopo","status":"publish","type":"post","link":"https:\/\/www.rassegnastampa-totustuus.it\/cattolica\/obbligare-i-medici-a-prescrivere-la-pillola-dei-cinque-giorni-dopo\/","title":{"rendered":"Obbligare i medici a prescrivere la pillola dei cinque giorni dopo?  Ipotesi piena di \u00abscivoloni scientifici\u00bb"},"content":{"rendered":"<div style=\"text-align: center;\"><strong><a href=\"https:\/\/www.rassegnastampa-totustuus.it\/cattolica\/wp-content\/uploads\/2013\/09\/pillola.jpg\"><img loading=\"lazy\" decoding=\"async\" class=\"alignleft wp-image-27221 size-full\" src=\"https:\/\/www.rassegnastampa-totustuus.it\/cattolica\/wp-content\/uploads\/2013\/09\/pillola.jpg\" alt=\"pillola\" width=\"204\" height=\"204\" srcset=\"https:\/\/www.rassegnastampa-totustuus.it\/cattolica\/wp-content\/uploads\/2013\/09\/pillola.jpg 204w, https:\/\/www.rassegnastampa-totustuus.it\/cattolica\/wp-content\/uploads\/2013\/09\/pillola-150x150.jpg 150w\" sizes=\"auto, (max-width: 204px) 100vw, 204px\" \/><\/a>Tempi.it,<\/strong> 20 luglio 2013<\/div>\n<p style=\"text-align: justify;\"><em>Renzo Puccetti, specialista della societ\u00e0 Medico-Scientifica Promed Galileo, spiega a tempi.it tutti i falsi miti apparsi su una delle pi\u00f9 note riviste di ginecologia sulle \u201cpillole dei giorni dopo\u201d<\/em><\/p>\n<p style=\"text-align: center;\">di <strong>Benedetta Frigerio<\/strong><\/p>\n<p><!--more--><\/p>\n<div style=\"text-align: justify;\">Un articolo sulla cosiddetta \u201ccontraccezione di emergenza\u201d e contro l\u2019obiezione di coscienza \u00e8 apparso su una delle riviste ginecologiche pi\u00f9 diffuse in Italia. Sull\u2019ultimo numero di <em>Aogoi<\/em> (Associazione ginecologi e ostetrici ospedalieri italiani), Francesco Scaglione e Vania Cirense hanno messo in fila una serie di dati che sono \u00abdei veri e propri scivoloni scientifici, che si sperano frutto di mera disattenzione\u00bb, spiega a tempi.it Renzo Puccetti, specialista della societ\u00e0 medico-scientifica Promed Galileo.<\/div>\n<p style=\"text-align: justify;\">Secondo gli autori dell\u2019articolo il farmaco Upa (\u201cpillola dei cinque giorni dopo\u201d) sarebbe pi\u00f9 efficace del Lng (Levonorgestrel o \u201cpillola del giorno dopo\u201d), pertanto il medico dovrebbe essere obbligato a prescriverla subito, perch\u00e9 un ritardo potrebbe provocare \u00abuna gravidanza indesiderata\u00bb. In tal caso, si legge ancora, sarebbe giusto che il medico risarcisca la donna e persino il bambino nato.<\/p>\n<p style=\"text-align: justify;\"><strong>Quali sono gli \u00abscivoloni scientifici\u00bb dell\u2019articolo?<\/strong><\/p>\n<p style=\"text-align: justify;\">Credo si debba partire dagli stessi dati su cui si sono basati gli autori per sviluppare il loro ragionamento. La corretta stratificazione del profilo di efficacia di Upa e Lng indica che il primo \u00e8 pi\u00f9 efficace del secondo soltanto quando somministrato entro 24 ore dal rapporto sessuale. Secondo il parere del Consiglio Superiore di Sanit\u00e0, poi recepito dall\u2019Agenzia del Farmaco, per il possibile effetto antinidatorio (eticamente \u00e8 un effetto abortivo ultra-precoce) della molecola dimostrato da una serie di evidenze cliniche, \u00e8 necessario che la donna effettui prima un test di gravidanza che deve risultare negativo. Sulla base dei tempi medi di accesso a queste procedure e di questo ulteriore passaggio per l\u2019Upa, molto difficilmente la prescrizione di ulipristal potr\u00e0 avvenire prima delle 24 ore dal rapporto sessuale.<\/p>\n<p style=\"text-align: justify;\"><strong>E quindi?<\/strong><\/p>\n<p style=\"text-align: justify;\">Significa che tutta l\u2019argomentazione svolta dagli autori di fatto decade. La metanalisi illustrata indica infatti che dalle 24 alle 72 ore (cio\u00e8 da uno a tre giorni) dopo il rapporto non c\u2019\u00e8 alcuna differenza statistica di efficacia tra le due molecole. Vi \u00e8 sicuramente una diversit\u00e0 pecuniaria. La pillola che appare favorita dagli autori dell\u2019articolo \u00e8 pi\u00f9 costosa. Infatti il prezzo del Lng \u00e8 di circa 12 euro, contro i quasi 35 di Upa a cui si aggiunge il costo del test di gravidanza.<\/p>\n<p style=\"text-align: justify;\"><strong>L\u2019articolo dice anche che il medico dovrebbe essere obbligato a risarcire la donna a cui non ha prescritto la pillola nel caso in cui rimanga incinta.<\/strong><\/p>\n<p style=\"text-align: justify;\">Si tratta di una visione che non condivido in alcun modo. Di solito il rapporto fra medico e paziente non funziona come quello tra cliente e distributore automatico. Il paziente espone un problema, il medico svolge le proprie valutazioni per risolvere il problema secondo scienza e coscienza. Tra i compiti vi \u00e8 anche quello di offrire una completa informazione alla donna fra cui ovviamente rientra la probabilit\u00e0 di gravidanza, l\u2019efficacia stimata delle molecole ed il loro possibile meccanismo d\u2019azione. Se nessuna delle soluzioni sembra al paziente adeguata c\u2019\u00e8 una cosa semplicissima: l\u2019interruzione della relazione medico-paziente.<\/p>\n<p style=\"text-align: justify;\"><strong>Perch\u00e9 allora si parla di negligenza e di colpa del medico che non prescrive immediatamente il contraccettivo? Si sostiene che sia un intervento da praticare con urgenza.<\/strong><\/p>\n<p style=\"text-align: justify;\">Contrariamente a quanto dice il nome con cui le si indica, la somministrazione post-coitale di queste molecole \u00e8 tutto, tranne un intervento urgente. Sono i dati scientifici ad evidenziarlo. Per l\u2019Upa l\u2019efficacia risulta costante fino a 96 ore dal rapporto. Per il Lng era diffusa l\u2019opinione che l\u2019efficacia si riducesse col passare delle ore; questo era per\u00f2 legato ad una conoscenza parziale della letteratura medica e comunque \u00e8 stato smentito dalla pi\u00f9 recente metanalisi degli studi sponsorizzati dall\u2019Organizzazione mondiale della Sanit\u00e0 pubblicata sulla rivista <em>Contraception<\/em> che ha evidenziato anche per il Lng il mantenimento di efficacia entro le 96 ore dal rapporto sessuale. Peraltro, se si vuole una prova ulteriore che non vi sia alcuna urgenza, provi a domandare ai responsabili di tutti i pronto soccorso d\u2019Italia e vedr\u00e0 che le diranno che questi casi rientrano nei cosiddetti codici bianchi, quelli a pi\u00f9 bassa priorit\u00e0. Queste considerazioni devono essere completate da almeno altre due informazioni, senza le quali le persone possono subire una prospettiva distorta.<\/p>\n<p style=\"text-align: justify;\"><strong>Quali?<\/strong><\/p>\n<p style=\"text-align: justify;\">L\u2019efficacia reale di qualsiasi prodotto post-coitale non \u00e8 in realt\u00e0 conosciuta con esattezza, ma \u00e8 solo stimata con un ampio margine di approssimazione, perch\u00e9 non esistono per queste molecole studi controllati con placebo. L\u2019efficacia di queste molecole \u00e8 stimata confrontando il tasso di gravidanze delle donne che le assumono con quello registrato in una popolazione di confronto che per\u00f2 era costituita da donne che non avevano problemi di infertilit\u00e0 e che ricercavano la gravidanza. A partire da queste si sono costruite delle curve di probabilit\u00e0 di gravidanza per ogni singolo giorno del ciclo che servono da riferimento per gli studi sulle pillole dei giorni dopo; chiunque abbia una minima formazione scientifica capisce bene che le differenze tra le popolazioni sono cos\u00ec numerose da potere influenzare pesantemente i risultati.<\/p>\n<p style=\"text-align: justify;\">La seconda informazione da dare al pubblico \u00e8 la seguente: la diffusione della pillola del giorno dopo non ha dimostrato di ridurre in alcun modo n\u00e9 le gravidanze indesiderate, n\u00e9 gli aborti a livello di popolazione; lo dimostrano decine di studi, revisioni, metanalisi. Quando si sono date confezioni di scorta alle donne in modo da saltare tutti i passaggi intermedi, le pillola sono state assunte in quantit\u00e0 maggiore e in tempi pi\u00f9 rapidi, ma le gravidanze e gli aborti sono rimasti costanti. La Francia \u00e8 il prototipo di questa realt\u00e0: pi\u00f9 di un milione di pillole del giorno dopo, 40 mila confezioni di pillole dei cinque giorni dopo, ma pi\u00f9 di 220 mila aborti in un anno, quasi il doppio rispetto all\u2019Italia.<\/p>\n<p style=\"text-align: justify;\"><strong>Perch\u00e9 allora si parla di efficacia?<\/strong><\/p>\n<p style=\"text-align: justify;\">Una cosa sono gli studi effettuati su particolari soggetti e categorie selezionate, che danno un certo tipo d\u2019informazioni dell\u2019efficacia delle pillole contraccettive\/abortive, un\u2019altra sono quelli sulla popolazione normale che parlano dell\u2019effettivit\u00e0 del farmaco nelle reali condizioni d\u2019impiego.<\/p>\n<p style=\"text-align: justify;\"><strong>E come funzionano le pillole nelle reali condizioni di impiego?<\/strong><\/p>\n<p style=\"text-align: justify;\">Sui meccanismi di azione di queste molecole a livello scientifico c\u2019\u00e8 un dibattito in corso molto acceso, la possibilit\u00e0 del micro-aborto esiste se la fecondazione \u00e8 gi\u00e0 avvenuta. In quel caso queste pillole possono impedire l\u2019annidamento dell\u2019embrione. Uno studio recente, ma condotto su un numero limitato di soggetti, ha mostrato che la somministrazione di Lng prima dell\u2019ovulazione non si \u00e8 accompagnata a gravidanze clinicamente rilevabili, ma nell\u201980 per cento dei casi le donne hanno comunque ovulato, per cui rimane ancora incerto il meccanismo d\u2019azione.<\/p>\n<p style=\"text-align: justify;\">Sarebbe una violazione della libert\u00e0 di coscienza costringere i medici a prescrivere questi farmaci ed \u00e8 una violazione del consenso informato non fornire alle donne queste notizie, anche perch\u00e9 tutti gli studi indicano che il meccanismo d\u2019azione di queste molecole \u00e8 un elemento molto importante per le donne stesse. Per la scrittrice femminista Germaine Greer \u00abvendere abortivi come se fossero contraccettivi \u00e8 incompatibile col rispetto che si deve alle donne come esseri umani\u00bb.<\/p>\n<p style=\"text-align: justify;\"><strong>Eppure nell\u2019articolo si parla di \u00abdanno ingiusto nei confronti della donna\u00bb, di \u00ababuso di ufficio\u00bb, di \u00abrisarcimento danni\u00bb, di \u00abdanno esistenziale\u00bb, per aver cambiato la vita della donna, di danno anche verso il bambino che avrebbe \u00abil diritto di non nascere\u00bb.<\/strong><\/p>\n<p style=\"text-align: justify;\">Mi pare che siano dei pastoni giuridici. Questo non \u00e8 il mio campo, ma posso dire che non esiste diritto a non nascere, lo ha escluso anche una sentenza che non ha nulla a che vedere con il tema affrontato e che decise per il risarcimento verso un bambino affetto dalla sindrome di Down non perch\u00e9 leso nell\u2019inesistente diritto a non nascere, ma come misura a garanzia dell\u2019assistenza anche in caso di morte dei genitori. Inoltre gli autori dell\u2019articolo riferiscono la clausola di coscienza all\u2019articolo 19 del codice deontologico medico, peccato che attualmente \u00e8 in vigore quello del 16 dicembre 2006, dove la causa di coscienza \u00e8 illustrata all\u2019articolo 22.<\/p>\n<p style=\"text-align: justify;\">E anche se l\u2019obiezione di coscienza \u00e8 possibile solo all\u2019interno delle legge 194 e della legge 40, l\u2019art 22 del codice deontologico parla di autonomia e responsabilit\u00e0 diagnostico terapeutica, un cardine del rapporto tra medico e paziente: il medico non deve e non pu\u00f2 fare tutto quello che vuole il paziente. Il medico \u00e8 una persona al pari del paziente, la dignit\u00e0 dei due soggetti \u00e8 paritaria. Come medico ho un duplice dovere: verso il paziente e verso me stesso. La mia condotta deve essere improntata al rispetto di canoni scientifici ed etici. Il possibile meccanismo micro-abortivo \u00e8 molto importante, ma non \u00e8 l\u2019unico aspetto. Se il legislatore ritiene che vi sia un obbligo di scrivere sotto dettatura del paziente pu\u00f2 fare a meno della mediazione del medico.<\/p>\n<p style=\"text-align: justify;\">Perci\u00f2, anche se queste pillole non fossero abortive, io non le prescriverei, cos\u00ec come in molti non prescriviamo neppure i contraccettivi. La dottrina cattolica \u00e8 molto chiara nell\u2019indicare la contraccezione come un male; si vuole forse affermare anche qui l\u2019idea che piace tanto all\u2019amministrazione Obama che la fede cattolica \u00e8 incompatibile con la professione medica? Che \u00e8 incompatibile con la legislazione democratica occidentale del terzo millennio? La sbandierata apertura al pluralismo dei valori mostrerebbe cos\u00ec il suo lato dittatoriale.<\/p>\n<p style=\"text-align: justify;\"><strong>Perch\u00e9 si oppone alla contraccezione?<\/strong><\/p>\n<p style=\"text-align: justify;\">Guardi, \u00e8 una questione che non si pu\u00f2 liquidare in due battute. In autunno uscir\u00e0 un intero mio libro su questo argomento che ha sempre occupato ampio spazio nella mia ricerca in campo bioetico. \u00c8 una questione di legge naturale, di legge della ragione, illuminata dalla fede, ma comprensibile anche dal non credente. Pensi che in difesa dell\u2019enciclica di papa Paolo VI, l\u2019<em>Humanae vitae<\/em>, parlarono la cattolica Elisabeth Anscombe, docente all\u2019Universit\u00e0 di Oxford ed allieva di Wittgenstein, e Max Horkheimer, filosofo di matrice marxista della scuola di Francoforte. Per entrambi la contraccezione sottrae il peso esistenziale alla sessualit\u00e0.<\/p>\n<p style=\"text-align: justify;\">Paradossalmente, seppure plaudendo ad essa, \u00e8 la stessa cosa che dice una paladina sfegatata della contraccezione e dell\u2019aborto, Ann Furedi, referente di un\u2019organizzazione di cliniche per aborti in Inghilterra; tramite la contraccezione e l\u2019aborto la sessualit\u00e0 diventa un gioco, solo un\u2019attivit\u00e0 ludica. Questa falsificazione \u00e8 possibile e solitamente ha conseguenze negative, talora tragiche. Molte persone, non solo donne, decidono di percorrere questa strada, ma non possono obbligarmi a partecipare.<\/p>\n","protected":false},"excerpt":{"rendered":"<p>Tempi.it, 20 luglio 2013 Renzo Puccetti, specialista della societ\u00e0 Medico-Scientifica Promed Galileo, spiega a tempi.it tutti i falsi miti apparsi su una delle pi\u00f9 note riviste di ginecologia sulle \u201cpillole dei giorni dopo\u201d di Benedetta Frigerio<\/p><p><a class=\"more-link btn\" href=\"https:\/\/www.rassegnastampa-totustuus.it\/cattolica\/obbligare-i-medici-a-prescrivere-la-pillola-dei-cinque-giorni-dopo\/\">Continua a leggere<\/a><\/p>\n","protected":false},"author":6,"featured_media":27221,"comment_status":"closed","ping_status":"open","sticky":false,"template":"","format":"standard","meta":{"footnotes":""},"categories":[2],"tags":[287,1042],"class_list":["post-5705","post","type-post","status-publish","format-standard","has-post-thumbnail","hentry","category-aborto","tag-obiezione","tag-pillola-abortiva","item-wrap"],"yoast_head":"<!-- This site is optimized with the Yoast SEO plugin v27.5 - https:\/\/yoast.com\/product\/yoast-seo-wordpress\/ -->\n<title>Obbligare i medici a prescrivere la pillola dei cinque giorni dopo? Ipotesi piena di \u00abscivoloni scientifici\u00bb - Rassegna Stampa Cattolica<\/title>\n<meta name=\"description\" content=\"Rassegna Stampa Cattolica - Per una cultura che nasce dalla Rivelazione cristiana in conformit\u00e0 alla tradizione e al Magistero della Chiesa in opposizione ad ogni relativismo e totalitarismo\" \/>\n<meta name=\"robots\" content=\"index, follow, max-snippet:-1, max-image-preview:large, max-video-preview:-1\" \/>\n<link rel=\"canonical\" href=\"https:\/\/www.rassegnastampa-totustuus.it\/cattolica\/obbligare-i-medici-a-prescrivere-la-pillola-dei-cinque-giorni-dopo\/\" \/>\n<meta property=\"og:locale\" content=\"it_IT\" \/>\n<meta property=\"og:type\" content=\"article\" \/>\n<meta property=\"og:title\" content=\"Obbligare i medici a prescrivere la pillola dei cinque giorni dopo? Ipotesi piena di \u00abscivoloni scientifici\u00bb - Rassegna Stampa Cattolica\" \/>\n<meta property=\"og:description\" content=\"Rassegna Stampa Cattolica - Per una cultura che nasce dalla Rivelazione cristiana in conformit\u00e0 alla tradizione e al Magistero della Chiesa in opposizione ad ogni relativismo e totalitarismo\" \/>\n<meta property=\"og:url\" content=\"https:\/\/www.rassegnastampa-totustuus.it\/cattolica\/obbligare-i-medici-a-prescrivere-la-pillola-dei-cinque-giorni-dopo\/\" \/>\n<meta property=\"og:site_name\" content=\"Rassegna Stampa Cattolica\" \/>\n<meta property=\"article:publisher\" content=\"https:\/\/www.facebook.com\/rassegnastampacattolica\" \/>\n<meta property=\"article:published_time\" content=\"2013-09-11T22:00:00+00:00\" \/>\n<meta property=\"article:modified_time\" content=\"2015-11-09T09:36:15+00:00\" \/>\n<meta property=\"og:image\" content=\"https:\/\/www.rassegnastampa-totustuus.it\/cattolica\/wp-content\/uploads\/2013\/09\/pillola.jpg\" \/>\n\t<meta property=\"og:image:width\" content=\"204\" \/>\n\t<meta property=\"og:image:height\" content=\"204\" \/>\n\t<meta property=\"og:image:type\" content=\"image\/jpeg\" \/>\n<meta name=\"author\" content=\"Redazione\" \/>\n<meta name=\"twitter:card\" content=\"summary_large_image\" \/>\n<meta name=\"twitter:creator\" content=\"@rassegnastampa9\" \/>\n<meta name=\"twitter:site\" content=\"@rassegnastampa9\" \/>\n<meta name=\"twitter:label1\" content=\"Scritto da\" \/>\n\t<meta name=\"twitter:data1\" content=\"Redazione\" \/>\n\t<meta name=\"twitter:label2\" content=\"Tempo di lettura stimato\" \/>\n\t<meta name=\"twitter:data2\" content=\"8 minuti\" \/>\n<script type=\"application\/ld+json\" class=\"yoast-schema-graph\">{\"@context\":\"https:\\\/\\\/schema.org\",\"@graph\":[{\"@type\":\"Article\",\"@id\":\"https:\\\/\\\/www.rassegnastampa-totustuus.it\\\/cattolica\\\/obbligare-i-medici-a-prescrivere-la-pillola-dei-cinque-giorni-dopo\\\/#article\",\"isPartOf\":{\"@id\":\"https:\\\/\\\/www.rassegnastampa-totustuus.it\\\/cattolica\\\/obbligare-i-medici-a-prescrivere-la-pillola-dei-cinque-giorni-dopo\\\/\"},\"author\":{\"name\":\"Redazione\",\"@id\":\"https:\\\/\\\/www.rassegnastampa-totustuus.it\\\/cattolica\\\/#\\\/schema\\\/person\\\/08f319d2bd1a0904ad9e2bfb7b15e5c3\"},\"headline\":\"Obbligare i medici a prescrivere la pillola dei cinque giorni dopo? Ipotesi piena di \u00abscivoloni scientifici\u00bb\",\"datePublished\":\"2013-09-11T22:00:00+00:00\",\"dateModified\":\"2015-11-09T09:36:15+00:00\",\"mainEntityOfPage\":{\"@id\":\"https:\\\/\\\/www.rassegnastampa-totustuus.it\\\/cattolica\\\/obbligare-i-medici-a-prescrivere-la-pillola-dei-cinque-giorni-dopo\\\/\"},\"wordCount\":1708,\"publisher\":{\"@id\":\"https:\\\/\\\/www.rassegnastampa-totustuus.it\\\/cattolica\\\/#organization\"},\"image\":{\"@id\":\"https:\\\/\\\/www.rassegnastampa-totustuus.it\\\/cattolica\\\/obbligare-i-medici-a-prescrivere-la-pillola-dei-cinque-giorni-dopo\\\/#primaryimage\"},\"thumbnailUrl\":\"https:\\\/\\\/www.rassegnastampa-totustuus.it\\\/cattolica\\\/wp-content\\\/uploads\\\/2013\\\/09\\\/pillola.jpg\",\"keywords\":[\"obiezione\",\"pillola abortiva\"],\"articleSection\":[\"Aborto\"],\"inLanguage\":\"it-IT\"},{\"@type\":\"WebPage\",\"@id\":\"https:\\\/\\\/www.rassegnastampa-totustuus.it\\\/cattolica\\\/obbligare-i-medici-a-prescrivere-la-pillola-dei-cinque-giorni-dopo\\\/\",\"url\":\"https:\\\/\\\/www.rassegnastampa-totustuus.it\\\/cattolica\\\/obbligare-i-medici-a-prescrivere-la-pillola-dei-cinque-giorni-dopo\\\/\",\"name\":\"Obbligare i medici a prescrivere la pillola dei cinque giorni dopo? Ipotesi piena di \u00abscivoloni scientifici\u00bb - Rassegna Stampa Cattolica\",\"isPartOf\":{\"@id\":\"https:\\\/\\\/www.rassegnastampa-totustuus.it\\\/cattolica\\\/#website\"},\"primaryImageOfPage\":{\"@id\":\"https:\\\/\\\/www.rassegnastampa-totustuus.it\\\/cattolica\\\/obbligare-i-medici-a-prescrivere-la-pillola-dei-cinque-giorni-dopo\\\/#primaryimage\"},\"image\":{\"@id\":\"https:\\\/\\\/www.rassegnastampa-totustuus.it\\\/cattolica\\\/obbligare-i-medici-a-prescrivere-la-pillola-dei-cinque-giorni-dopo\\\/#primaryimage\"},\"thumbnailUrl\":\"https:\\\/\\\/www.rassegnastampa-totustuus.it\\\/cattolica\\\/wp-content\\\/uploads\\\/2013\\\/09\\\/pillola.jpg\",\"datePublished\":\"2013-09-11T22:00:00+00:00\",\"dateModified\":\"2015-11-09T09:36:15+00:00\",\"description\":\"Rassegna Stampa Cattolica - Per una cultura che nasce dalla Rivelazione cristiana in conformit\u00e0 alla tradizione e al Magistero della Chiesa in opposizione ad ogni relativismo e totalitarismo\",\"breadcrumb\":{\"@id\":\"https:\\\/\\\/www.rassegnastampa-totustuus.it\\\/cattolica\\\/obbligare-i-medici-a-prescrivere-la-pillola-dei-cinque-giorni-dopo\\\/#breadcrumb\"},\"inLanguage\":\"it-IT\",\"potentialAction\":[{\"@type\":\"ReadAction\",\"target\":[\"https:\\\/\\\/www.rassegnastampa-totustuus.it\\\/cattolica\\\/obbligare-i-medici-a-prescrivere-la-pillola-dei-cinque-giorni-dopo\\\/\"]}]},{\"@type\":\"ImageObject\",\"inLanguage\":\"it-IT\",\"@id\":\"https:\\\/\\\/www.rassegnastampa-totustuus.it\\\/cattolica\\\/obbligare-i-medici-a-prescrivere-la-pillola-dei-cinque-giorni-dopo\\\/#primaryimage\",\"url\":\"https:\\\/\\\/www.rassegnastampa-totustuus.it\\\/cattolica\\\/wp-content\\\/uploads\\\/2013\\\/09\\\/pillola.jpg\",\"contentUrl\":\"https:\\\/\\\/www.rassegnastampa-totustuus.it\\\/cattolica\\\/wp-content\\\/uploads\\\/2013\\\/09\\\/pillola.jpg\",\"width\":204,\"height\":204},{\"@type\":\"BreadcrumbList\",\"@id\":\"https:\\\/\\\/www.rassegnastampa-totustuus.it\\\/cattolica\\\/obbligare-i-medici-a-prescrivere-la-pillola-dei-cinque-giorni-dopo\\\/#breadcrumb\",\"itemListElement\":[{\"@type\":\"ListItem\",\"position\":1,\"name\":\"Home\",\"item\":\"https:\\\/\\\/www.rassegnastampa-totustuus.it\\\/cattolica\\\/\"},{\"@type\":\"ListItem\",\"position\":2,\"name\":\"Obbligare i medici a prescrivere la pillola dei cinque giorni dopo? Ipotesi piena di \u00abscivoloni scientifici\u00bb\"}]},{\"@type\":\"WebSite\",\"@id\":\"https:\\\/\\\/www.rassegnastampa-totustuus.it\\\/cattolica\\\/#website\",\"url\":\"https:\\\/\\\/www.rassegnastampa-totustuus.it\\\/cattolica\\\/\",\"name\":\"Rassegna Stampa Cattolica\",\"description\":\"Per una cultura che nasce dalla Rivelazione cristiana in conformit\u00e0 alla tradizione e al Magistero della Chiesa in opposizione ad ogni relativismo e totalitarismo\",\"publisher\":{\"@id\":\"https:\\\/\\\/www.rassegnastampa-totustuus.it\\\/cattolica\\\/#organization\"},\"alternateName\":\"Rass. Cattolica\",\"potentialAction\":[{\"@type\":\"SearchAction\",\"target\":{\"@type\":\"EntryPoint\",\"urlTemplate\":\"https:\\\/\\\/www.rassegnastampa-totustuus.it\\\/cattolica\\\/?s={search_term_string}\"},\"query-input\":{\"@type\":\"PropertyValueSpecification\",\"valueRequired\":true,\"valueName\":\"search_term_string\"}}],\"inLanguage\":\"it-IT\"},{\"@type\":\"Organization\",\"@id\":\"https:\\\/\\\/www.rassegnastampa-totustuus.it\\\/cattolica\\\/#organization\",\"name\":\"Rassegna Stampa Cattolica\",\"url\":\"https:\\\/\\\/www.rassegnastampa-totustuus.it\\\/cattolica\\\/\",\"logo\":{\"@type\":\"ImageObject\",\"inLanguage\":\"it-IT\",\"@id\":\"https:\\\/\\\/www.rassegnastampa-totustuus.it\\\/cattolica\\\/#\\\/schema\\\/logo\\\/image\\\/\",\"url\":\"https:\\\/\\\/www.rassegnastampa-totustuus.it\\\/cattolica\\\/wp-content\\\/uploads\\\/2014\\\/04\\\/logo-rassegna1.gif\",\"contentUrl\":\"https:\\\/\\\/www.rassegnastampa-totustuus.it\\\/cattolica\\\/wp-content\\\/uploads\\\/2014\\\/04\\\/logo-rassegna1.gif\",\"width\":600,\"height\":163,\"caption\":\"Rassegna Stampa Cattolica\"},\"image\":{\"@id\":\"https:\\\/\\\/www.rassegnastampa-totustuus.it\\\/cattolica\\\/#\\\/schema\\\/logo\\\/image\\\/\"},\"sameAs\":[\"https:\\\/\\\/www.facebook.com\\\/rassegnastampacattolica\",\"https:\\\/\\\/x.com\\\/rassegnastampa9\"]},{\"@type\":\"Person\",\"@id\":\"https:\\\/\\\/www.rassegnastampa-totustuus.it\\\/cattolica\\\/#\\\/schema\\\/person\\\/08f319d2bd1a0904ad9e2bfb7b15e5c3\",\"name\":\"Redazione\",\"image\":{\"@type\":\"ImageObject\",\"inLanguage\":\"it-IT\",\"@id\":\"https:\\\/\\\/secure.gravatar.com\\\/avatar\\\/2fcdf27c78ea025fbdb44e914cc63c72249ffec9dc8aafd5c82b26240ef3f346?s=96&d=mm&r=g\",\"url\":\"https:\\\/\\\/secure.gravatar.com\\\/avatar\\\/2fcdf27c78ea025fbdb44e914cc63c72249ffec9dc8aafd5c82b26240ef3f346?s=96&d=mm&r=g\",\"contentUrl\":\"https:\\\/\\\/secure.gravatar.com\\\/avatar\\\/2fcdf27c78ea025fbdb44e914cc63c72249ffec9dc8aafd5c82b26240ef3f346?s=96&d=mm&r=g\",\"caption\":\"Redazione\"},\"url\":\"https:\\\/\\\/www.rassegnastampa-totustuus.it\\\/cattolica\\\/author\\\/pietroelle\\\/\"}]}<\/script>\n<!-- \/ Yoast SEO plugin. -->","yoast_head_json":{"title":"Obbligare i medici a prescrivere la pillola dei cinque giorni dopo? Ipotesi piena di \u00abscivoloni scientifici\u00bb - Rassegna Stampa Cattolica","description":"Rassegna Stampa Cattolica - Per una cultura che nasce dalla Rivelazione cristiana in conformit\u00e0 alla tradizione e al Magistero della Chiesa in opposizione ad ogni relativismo e totalitarismo","robots":{"index":"index","follow":"follow","max-snippet":"max-snippet:-1","max-image-preview":"max-image-preview:large","max-video-preview":"max-video-preview:-1"},"canonical":"https:\/\/www.rassegnastampa-totustuus.it\/cattolica\/obbligare-i-medici-a-prescrivere-la-pillola-dei-cinque-giorni-dopo\/","og_locale":"it_IT","og_type":"article","og_title":"Obbligare i medici a prescrivere la pillola dei cinque giorni dopo? Ipotesi piena di \u00abscivoloni scientifici\u00bb - Rassegna Stampa Cattolica","og_description":"Rassegna Stampa Cattolica - Per una cultura che nasce dalla Rivelazione cristiana in conformit\u00e0 alla tradizione e al Magistero della Chiesa in opposizione ad ogni relativismo e totalitarismo","og_url":"https:\/\/www.rassegnastampa-totustuus.it\/cattolica\/obbligare-i-medici-a-prescrivere-la-pillola-dei-cinque-giorni-dopo\/","og_site_name":"Rassegna Stampa Cattolica","article_publisher":"https:\/\/www.facebook.com\/rassegnastampacattolica","article_published_time":"2013-09-11T22:00:00+00:00","article_modified_time":"2015-11-09T09:36:15+00:00","og_image":[{"width":204,"height":204,"url":"https:\/\/www.rassegnastampa-totustuus.it\/cattolica\/wp-content\/uploads\/2013\/09\/pillola.jpg","type":"image\/jpeg"}],"author":"Redazione","twitter_card":"summary_large_image","twitter_creator":"@rassegnastampa9","twitter_site":"@rassegnastampa9","twitter_misc":{"Scritto da":"Redazione","Tempo di lettura stimato":"8 minuti"},"schema":{"@context":"https:\/\/schema.org","@graph":[{"@type":"Article","@id":"https:\/\/www.rassegnastampa-totustuus.it\/cattolica\/obbligare-i-medici-a-prescrivere-la-pillola-dei-cinque-giorni-dopo\/#article","isPartOf":{"@id":"https:\/\/www.rassegnastampa-totustuus.it\/cattolica\/obbligare-i-medici-a-prescrivere-la-pillola-dei-cinque-giorni-dopo\/"},"author":{"name":"Redazione","@id":"https:\/\/www.rassegnastampa-totustuus.it\/cattolica\/#\/schema\/person\/08f319d2bd1a0904ad9e2bfb7b15e5c3"},"headline":"Obbligare i medici a prescrivere la pillola dei cinque giorni dopo? Ipotesi piena di \u00abscivoloni scientifici\u00bb","datePublished":"2013-09-11T22:00:00+00:00","dateModified":"2015-11-09T09:36:15+00:00","mainEntityOfPage":{"@id":"https:\/\/www.rassegnastampa-totustuus.it\/cattolica\/obbligare-i-medici-a-prescrivere-la-pillola-dei-cinque-giorni-dopo\/"},"wordCount":1708,"publisher":{"@id":"https:\/\/www.rassegnastampa-totustuus.it\/cattolica\/#organization"},"image":{"@id":"https:\/\/www.rassegnastampa-totustuus.it\/cattolica\/obbligare-i-medici-a-prescrivere-la-pillola-dei-cinque-giorni-dopo\/#primaryimage"},"thumbnailUrl":"https:\/\/www.rassegnastampa-totustuus.it\/cattolica\/wp-content\/uploads\/2013\/09\/pillola.jpg","keywords":["obiezione","pillola abortiva"],"articleSection":["Aborto"],"inLanguage":"it-IT"},{"@type":"WebPage","@id":"https:\/\/www.rassegnastampa-totustuus.it\/cattolica\/obbligare-i-medici-a-prescrivere-la-pillola-dei-cinque-giorni-dopo\/","url":"https:\/\/www.rassegnastampa-totustuus.it\/cattolica\/obbligare-i-medici-a-prescrivere-la-pillola-dei-cinque-giorni-dopo\/","name":"Obbligare i medici a prescrivere la pillola dei cinque giorni dopo? Ipotesi piena di \u00abscivoloni scientifici\u00bb - Rassegna Stampa Cattolica","isPartOf":{"@id":"https:\/\/www.rassegnastampa-totustuus.it\/cattolica\/#website"},"primaryImageOfPage":{"@id":"https:\/\/www.rassegnastampa-totustuus.it\/cattolica\/obbligare-i-medici-a-prescrivere-la-pillola-dei-cinque-giorni-dopo\/#primaryimage"},"image":{"@id":"https:\/\/www.rassegnastampa-totustuus.it\/cattolica\/obbligare-i-medici-a-prescrivere-la-pillola-dei-cinque-giorni-dopo\/#primaryimage"},"thumbnailUrl":"https:\/\/www.rassegnastampa-totustuus.it\/cattolica\/wp-content\/uploads\/2013\/09\/pillola.jpg","datePublished":"2013-09-11T22:00:00+00:00","dateModified":"2015-11-09T09:36:15+00:00","description":"Rassegna Stampa Cattolica - Per una cultura che nasce dalla Rivelazione cristiana in conformit\u00e0 alla tradizione e al Magistero della Chiesa in opposizione ad ogni relativismo e totalitarismo","breadcrumb":{"@id":"https:\/\/www.rassegnastampa-totustuus.it\/cattolica\/obbligare-i-medici-a-prescrivere-la-pillola-dei-cinque-giorni-dopo\/#breadcrumb"},"inLanguage":"it-IT","potentialAction":[{"@type":"ReadAction","target":["https:\/\/www.rassegnastampa-totustuus.it\/cattolica\/obbligare-i-medici-a-prescrivere-la-pillola-dei-cinque-giorni-dopo\/"]}]},{"@type":"ImageObject","inLanguage":"it-IT","@id":"https:\/\/www.rassegnastampa-totustuus.it\/cattolica\/obbligare-i-medici-a-prescrivere-la-pillola-dei-cinque-giorni-dopo\/#primaryimage","url":"https:\/\/www.rassegnastampa-totustuus.it\/cattolica\/wp-content\/uploads\/2013\/09\/pillola.jpg","contentUrl":"https:\/\/www.rassegnastampa-totustuus.it\/cattolica\/wp-content\/uploads\/2013\/09\/pillola.jpg","width":204,"height":204},{"@type":"BreadcrumbList","@id":"https:\/\/www.rassegnastampa-totustuus.it\/cattolica\/obbligare-i-medici-a-prescrivere-la-pillola-dei-cinque-giorni-dopo\/#breadcrumb","itemListElement":[{"@type":"ListItem","position":1,"name":"Home","item":"https:\/\/www.rassegnastampa-totustuus.it\/cattolica\/"},{"@type":"ListItem","position":2,"name":"Obbligare i medici a prescrivere la pillola dei cinque giorni dopo? Ipotesi piena di \u00abscivoloni scientifici\u00bb"}]},{"@type":"WebSite","@id":"https:\/\/www.rassegnastampa-totustuus.it\/cattolica\/#website","url":"https:\/\/www.rassegnastampa-totustuus.it\/cattolica\/","name":"Rassegna Stampa Cattolica","description":"Per una cultura che nasce dalla Rivelazione cristiana in conformit\u00e0 alla tradizione e al Magistero della Chiesa in opposizione ad ogni relativismo e totalitarismo","publisher":{"@id":"https:\/\/www.rassegnastampa-totustuus.it\/cattolica\/#organization"},"alternateName":"Rass. Cattolica","potentialAction":[{"@type":"SearchAction","target":{"@type":"EntryPoint","urlTemplate":"https:\/\/www.rassegnastampa-totustuus.it\/cattolica\/?s={search_term_string}"},"query-input":{"@type":"PropertyValueSpecification","valueRequired":true,"valueName":"search_term_string"}}],"inLanguage":"it-IT"},{"@type":"Organization","@id":"https:\/\/www.rassegnastampa-totustuus.it\/cattolica\/#organization","name":"Rassegna Stampa Cattolica","url":"https:\/\/www.rassegnastampa-totustuus.it\/cattolica\/","logo":{"@type":"ImageObject","inLanguage":"it-IT","@id":"https:\/\/www.rassegnastampa-totustuus.it\/cattolica\/#\/schema\/logo\/image\/","url":"https:\/\/www.rassegnastampa-totustuus.it\/cattolica\/wp-content\/uploads\/2014\/04\/logo-rassegna1.gif","contentUrl":"https:\/\/www.rassegnastampa-totustuus.it\/cattolica\/wp-content\/uploads\/2014\/04\/logo-rassegna1.gif","width":600,"height":163,"caption":"Rassegna Stampa Cattolica"},"image":{"@id":"https:\/\/www.rassegnastampa-totustuus.it\/cattolica\/#\/schema\/logo\/image\/"},"sameAs":["https:\/\/www.facebook.com\/rassegnastampacattolica","https:\/\/x.com\/rassegnastampa9"]},{"@type":"Person","@id":"https:\/\/www.rassegnastampa-totustuus.it\/cattolica\/#\/schema\/person\/08f319d2bd1a0904ad9e2bfb7b15e5c3","name":"Redazione","image":{"@type":"ImageObject","inLanguage":"it-IT","@id":"https:\/\/secure.gravatar.com\/avatar\/2fcdf27c78ea025fbdb44e914cc63c72249ffec9dc8aafd5c82b26240ef3f346?s=96&d=mm&r=g","url":"https:\/\/secure.gravatar.com\/avatar\/2fcdf27c78ea025fbdb44e914cc63c72249ffec9dc8aafd5c82b26240ef3f346?s=96&d=mm&r=g","contentUrl":"https:\/\/secure.gravatar.com\/avatar\/2fcdf27c78ea025fbdb44e914cc63c72249ffec9dc8aafd5c82b26240ef3f346?s=96&d=mm&r=g","caption":"Redazione"},"url":"https:\/\/www.rassegnastampa-totustuus.it\/cattolica\/author\/pietroelle\/"}]}},"_links":{"self":[{"href":"https:\/\/www.rassegnastampa-totustuus.it\/cattolica\/wp-json\/wp\/v2\/posts\/5705","targetHints":{"allow":["GET"]}}],"collection":[{"href":"https:\/\/www.rassegnastampa-totustuus.it\/cattolica\/wp-json\/wp\/v2\/posts"}],"about":[{"href":"https:\/\/www.rassegnastampa-totustuus.it\/cattolica\/wp-json\/wp\/v2\/types\/post"}],"author":[{"embeddable":true,"href":"https:\/\/www.rassegnastampa-totustuus.it\/cattolica\/wp-json\/wp\/v2\/users\/6"}],"replies":[{"embeddable":true,"href":"https:\/\/www.rassegnastampa-totustuus.it\/cattolica\/wp-json\/wp\/v2\/comments?post=5705"}],"version-history":[{"count":4,"href":"https:\/\/www.rassegnastampa-totustuus.it\/cattolica\/wp-json\/wp\/v2\/posts\/5705\/revisions"}],"predecessor-version":[{"id":27222,"href":"https:\/\/www.rassegnastampa-totustuus.it\/cattolica\/wp-json\/wp\/v2\/posts\/5705\/revisions\/27222"}],"wp:featuredmedia":[{"embeddable":true,"href":"https:\/\/www.rassegnastampa-totustuus.it\/cattolica\/wp-json\/wp\/v2\/media\/27221"}],"wp:attachment":[{"href":"https:\/\/www.rassegnastampa-totustuus.it\/cattolica\/wp-json\/wp\/v2\/media?parent=5705"}],"wp:term":[{"taxonomy":"category","embeddable":true,"href":"https:\/\/www.rassegnastampa-totustuus.it\/cattolica\/wp-json\/wp\/v2\/categories?post=5705"},{"taxonomy":"post_tag","embeddable":true,"href":"https:\/\/www.rassegnastampa-totustuus.it\/cattolica\/wp-json\/wp\/v2\/tags?post=5705"}],"curies":[{"name":"wp","href":"https:\/\/api.w.org\/{rel}","templated":true}]}}