{"id":57036,"date":"2023-10-26T00:00:00","date_gmt":"2023-10-25T22:00:00","guid":{"rendered":"https:\/\/www.rassegnastampa-totustuus.it\/cattolica\/?p=57036"},"modified":"2023-10-22T15:41:57","modified_gmt":"2023-10-22T13:41:57","slug":"i-poveri-del-libano-92","status":"publish","type":"post","link":"https:\/\/www.rassegnastampa-totustuus.it\/cattolica\/i-poveri-del-libano-92\/","title":{"rendered":"I poveri del Libano"},"content":{"rendered":"<p style=\"text-align: center;\"><strong> <img loading=\"lazy\" decoding=\"async\" class=\"size-full wp-image-16745 alignleft\" src=\"https:\/\/www.rassegnastampa-totustuus.it\/cattolica\/wp-content\/uploads\/2015\/01\/oui-pour-la-vie.jpg\" alt=\"\" width=\"160\" height=\"120\" \/>\u00a0<span style=\"color: #000000;\">Newsletter Novembre<\/span><\/strong><span style=\"color: #000000;\"> 2023 n. 12<\/span><\/p>\n<p style=\"text-align: justify;\"><em><span style=\"color: #000000;\">Notiziario di un gruppo di volontari di \u201cOui pour la vie\u201d, un\u2019associazione di volontariato con sede a Damour in Libano, legalmente riconosciuta impegnata in favore dei pi\u00f9 poveri di ogni appartenenza religiosa e provenienza<\/span> <span style=\"color: #0000ff;\"><a style=\"color: #0000ff;\" href=\"http:\/\/www.ouipourlavielb.com\" target=\"_blank\" rel=\"noreferrer noopener\">www.ouipourlavielb.com<\/a><\/span>\u00a0 <span style=\"color: #000000;\">Facebook: Damiano Puccini<\/span><\/em><\/p>\n<p style=\"text-align: center;\"><span style=\"color: #000000;\">di padre <strong>Damiano Puccini<\/strong><\/span><\/p>\n<p><!--more--><\/p>\n<p style=\"text-align: justify;\"><span style=\"color: #000000;\"><img loading=\"lazy\" decoding=\"async\" class=\"wp-image-57037 alignleft\" src=\"https:\/\/www.rassegnastampa-totustuus.it\/cattolica\/wp-content\/uploads\/2023\/10\/Libano_Oui_pour_vie.jpg\" alt=\"\" width=\"201\" height=\"358\" \/>In Libano domina l&#8217;impotenza di un Paese che non controlla il suo destino. La popolazione vive una <strong>situazione tragica:<\/strong> senza presidente, con un\u2019economia in ginocchio e una popolazione impoverita.<\/span><\/p>\n<p style=\"text-align: justify;\"><span style=\"color: #000000;\">Il <strong>possibile coinvolgimento del Libano nel conflitto <\/strong>in corso tra Hamas e Israele potrebbe accelerare il collasso dell&#8217;economia libanese, la peggiore crisi finanziaria degli ultimi 150 anni della storia del Paese mediterraneo. \u201cGli effetti delle sanzioni contro la Siria\u2026 della Caesar Law,&#8230; diventano tangibili anche per il Libano. Unico sbocco terrestre con la Siria, \u2026il Paese dei cedri comincia a sentirsi anch\u2019esso sotto embargo, seppure indiretto\u201d. Il prezzo del dollaro \u00e8 aumentato di 60 volte in 5 anni<\/span>.<\/p>\n<p style=\"text-align: justify;\"><span style=\"color: #000000;\">A Damour si nota il flusso di tante famiglie che hanno lasciato il Sud del Paese per spostarsi da amici o parenti nel centro-nord, dopo i bombardamenti degli ultimi giorni. <strong>Attualmente quattro bambini rifugiati libanesi e siriani<\/strong> su 10 stanno affrontando un\u2019insicurezza alimentare acuta<em>.<\/em> La prospettiva di guerra che purtroppo incombe, ha fatto sensibilmente aumentare i prezzi del cibo \u2013 gi\u00e0 altissimo &#8211; in questa settimana.<\/span><\/p>\n<p style=\"text-align: justify;\"><span style=\"color: #000000;\">La nostra associazione \u201cOui pour la Vie\u201d continua a tenere aperti la <strong>cucina<\/strong> di Damour, l\u2019<strong>ambulatorio<\/strong> per i test sanitari e per AIDS \u2013 droga e alcool, il <strong>centro di ascolto<\/strong> per le medicine e la <strong>scuola<\/strong> per bisognosi di ogni appartenenza religiosa e provenienza<\/span>.<\/p>\n<p style=\"text-align: justify;\"><strong><span style=\"color: #000000;\">Si chiedono sempre aiuti e pubblicit\u00e0<\/span>.<\/strong><\/p>\n<p style=\"text-align: justify;\"><span style=\"color: #000000;\"><em><img loading=\"lazy\" decoding=\"async\" class=\"size-full wp-image-56457 alignright\" src=\"https:\/\/www.rassegnastampa-totustuus.it\/cattolica\/wp-content\/uploads\/2023\/05\/cucina_Libano_Oui_pour_la_vie.jpg\" alt=\"\" width=\"200\" height=\"267\" \/>Dalla loro clausura sul Monte degli Ulivi la testimonianza delle monache che vivono in quello che secondo una tradizione cristiana antichissima \u00e8 il luogo dove Ges\u00f9 insegn\u00f2 il Padre Nostro. &#8220;Sentiamo manifestazioni e spari da oltre le nostre mura: anche i lacrimogeni sono arrivati nel chiostro&#8230; Solo la giustizia e il rispetto possono portare a una pace, difficile ma duratura. Ogni giorno siamo in grado di coglierne i semi attraverso persone straordinarie, <strong>sia ebree sia palestinesi<\/strong>&#8220;.<\/em><\/span><\/p>\n<p style=\"text-align: justify;\"><em><span style=\"color: #000000;\">Oui pour la Vie a Damour ha ricevuto qualche decina di famiglie palestinesi, in viaggio dal Sud del Paese al centro nord alla <strong>ricerca di un rifugio sicuro<\/strong>. Abbiamo domandato abiti per loro e \u00a0aiuti alle nostre famiglie del paese, insieme al cibo dei negozi per venire incontro a queste emergenze umanitarie<\/span>.<\/em><\/p>\n<p style=\"text-align: justify;\"><span style=\"color: #000000;\"><strong><em>Siamo contenti <\/em><\/strong><\/span><em><span style=\"color: #000000;\">della risposta del nostro paese, perch\u00e9 la tentazione di riaprire le ferite del passato causate da massacri subiti, \u00e8 stata vinta dalla carit\u00e0 verso gli ultimi di ogni appartenenza e provenienza<\/span>.<\/em><\/p>\n<p style=\"text-align: justify;\"><span style=\"color: #000000;\"><strong><em>Si chiedono sempre aiuti e pubblicit\u00e0 per questi rifugiati.<\/em><\/strong><\/span><em><span style=\"color: #000000;\"> Un particolare impegno di <strong>preghiera<\/strong> di gruppo, oltre alla Messa in parrocchia e il Rosario, ce lo siamo assunti come gruppo per ottenere da Dio il dono della Pace per tutto il Medio Oriente<\/span>.\u00a0 <\/em><span style=\"color: #000000;\"><em>Vorremmo <strong>acquistare un appartamento<\/strong> nella zona poverissima di Beirut, dove andavamo in passato, come punto di riferimento per cibo, medicine e assistenza ai malati di AIDS.<\/em><\/span><\/p>\n<p style=\"text-align: justify;\"><span style=\"color: #000000;\">Per testimonianze in Italia tel 333\/5473721<\/span> <a href=\"mailto:pdamianolibano@gmail.comPer\" target=\"_blank\" rel=\"noopener\"><span style=\"color: #0000ff;\">pdamianolibano@gmail.com<\/span> <span style=\"color: #000000;\">Per<\/span><\/a><span style=\"color: #000000;\"> inviare offerte: Bonifico sul conto: Oui pour la Vie, presso Unicredit Cascina (PI). IBAN: IT94Q0200870951000105404518; (BIC-Swift: UNCRITM1G05 se richiesto). Indicate nella causale del bonifico il vostro email \/ telefono cell e avvisateci dell\u2019offerta scrivendo a<\/span> <span style=\"color: #0000ff;\"><a style=\"color: #0000ff;\" href=\"mailto:info@ouipourlavielb.com\" target=\"_blank\" rel=\"noopener\">info@ouipourlavielb.com<\/a><\/span>. <span style=\"color: #000000;\">Grazie.<\/span><\/p>\n","protected":false},"excerpt":{"rendered":"<p>\u00a0Newsletter Novembre 2023 n. 12 Notiziario di un gruppo di volontari di \u201cOui pour la vie\u201d, un\u2019associazione di volontariato con sede a Damour in Libano, legalmente riconosciuta impegnata in favore dei pi\u00f9 poveri di ogni appartenenza religiosa e provenienza www.ouipourlavielb.com\u00a0 Facebook: Damiano Puccini di padre Damiano Puccini<\/p><p><a class=\"more-link btn\" href=\"https:\/\/www.rassegnastampa-totustuus.it\/cattolica\/i-poveri-del-libano-92\/\">Continua a leggere<\/a><\/p>\n","protected":false},"author":6,"featured_media":51950,"comment_status":"closed","ping_status":"closed","sticky":false,"template":"","format":"standard","meta":{"footnotes":""},"categories":[5,33],"tags":[157,380,373,455],"class_list":["post-57036","post","type-post","status-publish","format-standard","has-post-thumbnail","hentry","category-chiesa","category-cristiani-nell-islam","tag-chiesa-2","tag-cristiani-nellislam","tag-libano","tag-oui-pour-la-vie","item-wrap"],"yoast_head":"<!-- This site is optimized with the Yoast SEO plugin v27.5 - https:\/\/yoast.com\/product\/yoast-seo-wordpress\/ -->\n<title>I poveri del Libano - Rassegna Stampa Cattolica<\/title>\n<meta name=\"description\" content=\"Rassegna Stampa Cattolica - Per una cultura che nasce dalla Rivelazione cristiana in conformit\u00e0 alla tradizione e al Magistero della Chiesa in opposizione ad ogni relativismo e totalitarismo\" \/>\n<meta name=\"robots\" content=\"index, follow, max-snippet:-1, max-image-preview:large, max-video-preview:-1\" \/>\n<link rel=\"canonical\" href=\"https:\/\/www.rassegnastampa-totustuus.it\/cattolica\/i-poveri-del-libano-92\/\" \/>\n<meta property=\"og:locale\" content=\"it_IT\" \/>\n<meta property=\"og:type\" content=\"article\" \/>\n<meta property=\"og:title\" content=\"I poveri del Libano - Rassegna Stampa Cattolica\" \/>\n<meta property=\"og:description\" content=\"Rassegna Stampa Cattolica - Per una cultura che nasce dalla Rivelazione cristiana in conformit\u00e0 alla tradizione e al Magistero della Chiesa in opposizione ad ogni relativismo e totalitarismo\" \/>\n<meta property=\"og:url\" content=\"https:\/\/www.rassegnastampa-totustuus.it\/cattolica\/i-poveri-del-libano-92\/\" \/>\n<meta property=\"og:site_name\" content=\"Rassegna Stampa Cattolica\" \/>\n<meta property=\"article:publisher\" content=\"https:\/\/www.facebook.com\/rassegnastampacattolica\" \/>\n<meta property=\"article:published_time\" content=\"2023-10-25T22:00:00+00:00\" \/>\n<meta property=\"og:image\" content=\"https:\/\/www.rassegnastampa-totustuus.it\/cattolica\/wp-content\/uploads\/2021\/07\/Libano.jpg\" \/>\n\t<meta property=\"og:image:width\" content=\"1992\" \/>\n\t<meta property=\"og:image:height\" content=\"799\" \/>\n\t<meta property=\"og:image:type\" content=\"image\/jpeg\" \/>\n<meta name=\"author\" content=\"Redazione\" \/>\n<meta name=\"twitter:card\" content=\"summary_large_image\" \/>\n<meta name=\"twitter:creator\" content=\"@rassegnastampa9\" \/>\n<meta name=\"twitter:site\" content=\"@rassegnastampa9\" \/>\n<meta name=\"twitter:label1\" content=\"Scritto da\" \/>\n\t<meta name=\"twitter:data1\" content=\"Redazione\" \/>\n\t<meta name=\"twitter:label2\" content=\"Tempo di lettura stimato\" \/>\n\t<meta name=\"twitter:data2\" content=\"4 minuti\" \/>\n<script type=\"application\/ld+json\" class=\"yoast-schema-graph\">{\"@context\":\"https:\\\/\\\/schema.org\",\"@graph\":[{\"@type\":\"Article\",\"@id\":\"https:\\\/\\\/www.rassegnastampa-totustuus.it\\\/cattolica\\\/i-poveri-del-libano-92\\\/#article\",\"isPartOf\":{\"@id\":\"https:\\\/\\\/www.rassegnastampa-totustuus.it\\\/cattolica\\\/i-poveri-del-libano-92\\\/\"},\"author\":{\"name\":\"Redazione\",\"@id\":\"https:\\\/\\\/www.rassegnastampa-totustuus.it\\\/cattolica\\\/#\\\/schema\\\/person\\\/08f319d2bd1a0904ad9e2bfb7b15e5c3\"},\"headline\":\"I poveri del Libano\",\"datePublished\":\"2023-10-25T22:00:00+00:00\",\"mainEntityOfPage\":{\"@id\":\"https:\\\/\\\/www.rassegnastampa-totustuus.it\\\/cattolica\\\/i-poveri-del-libano-92\\\/\"},\"wordCount\":553,\"publisher\":{\"@id\":\"https:\\\/\\\/www.rassegnastampa-totustuus.it\\\/cattolica\\\/#organization\"},\"image\":{\"@id\":\"https:\\\/\\\/www.rassegnastampa-totustuus.it\\\/cattolica\\\/i-poveri-del-libano-92\\\/#primaryimage\"},\"thumbnailUrl\":\"https:\\\/\\\/www.rassegnastampa-totustuus.it\\\/cattolica\\\/wp-content\\\/uploads\\\/2021\\\/07\\\/Libano.jpg\",\"keywords\":[\"chiesa\",\"cristiani nell'Islam\",\"Libano\",\"Oui pour la vie\"],\"articleSection\":[\"Chiesa\",\"Cristiani nell'islam\"],\"inLanguage\":\"it-IT\"},{\"@type\":\"WebPage\",\"@id\":\"https:\\\/\\\/www.rassegnastampa-totustuus.it\\\/cattolica\\\/i-poveri-del-libano-92\\\/\",\"url\":\"https:\\\/\\\/www.rassegnastampa-totustuus.it\\\/cattolica\\\/i-poveri-del-libano-92\\\/\",\"name\":\"I poveri del Libano - Rassegna Stampa Cattolica\",\"isPartOf\":{\"@id\":\"https:\\\/\\\/www.rassegnastampa-totustuus.it\\\/cattolica\\\/#website\"},\"primaryImageOfPage\":{\"@id\":\"https:\\\/\\\/www.rassegnastampa-totustuus.it\\\/cattolica\\\/i-poveri-del-libano-92\\\/#primaryimage\"},\"image\":{\"@id\":\"https:\\\/\\\/www.rassegnastampa-totustuus.it\\\/cattolica\\\/i-poveri-del-libano-92\\\/#primaryimage\"},\"thumbnailUrl\":\"https:\\\/\\\/www.rassegnastampa-totustuus.it\\\/cattolica\\\/wp-content\\\/uploads\\\/2021\\\/07\\\/Libano.jpg\",\"datePublished\":\"2023-10-25T22:00:00+00:00\",\"description\":\"Rassegna Stampa Cattolica - Per una cultura che nasce dalla Rivelazione cristiana in conformit\u00e0 alla tradizione e al Magistero della Chiesa in opposizione ad ogni relativismo e totalitarismo\",\"breadcrumb\":{\"@id\":\"https:\\\/\\\/www.rassegnastampa-totustuus.it\\\/cattolica\\\/i-poveri-del-libano-92\\\/#breadcrumb\"},\"inLanguage\":\"it-IT\",\"potentialAction\":[{\"@type\":\"ReadAction\",\"target\":[\"https:\\\/\\\/www.rassegnastampa-totustuus.it\\\/cattolica\\\/i-poveri-del-libano-92\\\/\"]}]},{\"@type\":\"ImageObject\",\"inLanguage\":\"it-IT\",\"@id\":\"https:\\\/\\\/www.rassegnastampa-totustuus.it\\\/cattolica\\\/i-poveri-del-libano-92\\\/#primaryimage\",\"url\":\"https:\\\/\\\/www.rassegnastampa-totustuus.it\\\/cattolica\\\/wp-content\\\/uploads\\\/2021\\\/07\\\/Libano.jpg\",\"contentUrl\":\"https:\\\/\\\/www.rassegnastampa-totustuus.it\\\/cattolica\\\/wp-content\\\/uploads\\\/2021\\\/07\\\/Libano.jpg\",\"width\":1992,\"height\":799},{\"@type\":\"BreadcrumbList\",\"@id\":\"https:\\\/\\\/www.rassegnastampa-totustuus.it\\\/cattolica\\\/i-poveri-del-libano-92\\\/#breadcrumb\",\"itemListElement\":[{\"@type\":\"ListItem\",\"position\":1,\"name\":\"Home\",\"item\":\"https:\\\/\\\/www.rassegnastampa-totustuus.it\\\/cattolica\\\/\"},{\"@type\":\"ListItem\",\"position\":2,\"name\":\"I poveri del Libano\"}]},{\"@type\":\"WebSite\",\"@id\":\"https:\\\/\\\/www.rassegnastampa-totustuus.it\\\/cattolica\\\/#website\",\"url\":\"https:\\\/\\\/www.rassegnastampa-totustuus.it\\\/cattolica\\\/\",\"name\":\"Rassegna Stampa Cattolica\",\"description\":\"Per una cultura che nasce dalla Rivelazione cristiana in conformit\u00e0 alla tradizione e al Magistero della Chiesa in opposizione ad ogni relativismo e totalitarismo\",\"publisher\":{\"@id\":\"https:\\\/\\\/www.rassegnastampa-totustuus.it\\\/cattolica\\\/#organization\"},\"alternateName\":\"Rass. Cattolica\",\"potentialAction\":[{\"@type\":\"SearchAction\",\"target\":{\"@type\":\"EntryPoint\",\"urlTemplate\":\"https:\\\/\\\/www.rassegnastampa-totustuus.it\\\/cattolica\\\/?s={search_term_string}\"},\"query-input\":{\"@type\":\"PropertyValueSpecification\",\"valueRequired\":true,\"valueName\":\"search_term_string\"}}],\"inLanguage\":\"it-IT\"},{\"@type\":\"Organization\",\"@id\":\"https:\\\/\\\/www.rassegnastampa-totustuus.it\\\/cattolica\\\/#organization\",\"name\":\"Rassegna Stampa Cattolica\",\"url\":\"https:\\\/\\\/www.rassegnastampa-totustuus.it\\\/cattolica\\\/\",\"logo\":{\"@type\":\"ImageObject\",\"inLanguage\":\"it-IT\",\"@id\":\"https:\\\/\\\/www.rassegnastampa-totustuus.it\\\/cattolica\\\/#\\\/schema\\\/logo\\\/image\\\/\",\"url\":\"https:\\\/\\\/www.rassegnastampa-totustuus.it\\\/cattolica\\\/wp-content\\\/uploads\\\/2014\\\/04\\\/logo-rassegna1.gif\",\"contentUrl\":\"https:\\\/\\\/www.rassegnastampa-totustuus.it\\\/cattolica\\\/wp-content\\\/uploads\\\/2014\\\/04\\\/logo-rassegna1.gif\",\"width\":600,\"height\":163,\"caption\":\"Rassegna Stampa Cattolica\"},\"image\":{\"@id\":\"https:\\\/\\\/www.rassegnastampa-totustuus.it\\\/cattolica\\\/#\\\/schema\\\/logo\\\/image\\\/\"},\"sameAs\":[\"https:\\\/\\\/www.facebook.com\\\/rassegnastampacattolica\",\"https:\\\/\\\/x.com\\\/rassegnastampa9\"]},{\"@type\":\"Person\",\"@id\":\"https:\\\/\\\/www.rassegnastampa-totustuus.it\\\/cattolica\\\/#\\\/schema\\\/person\\\/08f319d2bd1a0904ad9e2bfb7b15e5c3\",\"name\":\"Redazione\",\"image\":{\"@type\":\"ImageObject\",\"inLanguage\":\"it-IT\",\"@id\":\"https:\\\/\\\/secure.gravatar.com\\\/avatar\\\/2fcdf27c78ea025fbdb44e914cc63c72249ffec9dc8aafd5c82b26240ef3f346?s=96&d=mm&r=g\",\"url\":\"https:\\\/\\\/secure.gravatar.com\\\/avatar\\\/2fcdf27c78ea025fbdb44e914cc63c72249ffec9dc8aafd5c82b26240ef3f346?s=96&d=mm&r=g\",\"contentUrl\":\"https:\\\/\\\/secure.gravatar.com\\\/avatar\\\/2fcdf27c78ea025fbdb44e914cc63c72249ffec9dc8aafd5c82b26240ef3f346?s=96&d=mm&r=g\",\"caption\":\"Redazione\"},\"url\":\"https:\\\/\\\/www.rassegnastampa-totustuus.it\\\/cattolica\\\/author\\\/pietroelle\\\/\"}]}<\/script>\n<!-- \/ Yoast SEO plugin. -->","yoast_head_json":{"title":"I poveri del Libano - Rassegna Stampa Cattolica","description":"Rassegna Stampa Cattolica - Per una cultura che nasce dalla Rivelazione cristiana in conformit\u00e0 alla tradizione e al Magistero della Chiesa in opposizione ad ogni relativismo e totalitarismo","robots":{"index":"index","follow":"follow","max-snippet":"max-snippet:-1","max-image-preview":"max-image-preview:large","max-video-preview":"max-video-preview:-1"},"canonical":"https:\/\/www.rassegnastampa-totustuus.it\/cattolica\/i-poveri-del-libano-92\/","og_locale":"it_IT","og_type":"article","og_title":"I poveri del Libano - Rassegna Stampa Cattolica","og_description":"Rassegna Stampa Cattolica - Per una cultura che nasce dalla Rivelazione cristiana in conformit\u00e0 alla tradizione e al Magistero della Chiesa in opposizione ad ogni relativismo e totalitarismo","og_url":"https:\/\/www.rassegnastampa-totustuus.it\/cattolica\/i-poveri-del-libano-92\/","og_site_name":"Rassegna Stampa Cattolica","article_publisher":"https:\/\/www.facebook.com\/rassegnastampacattolica","article_published_time":"2023-10-25T22:00:00+00:00","og_image":[{"width":1992,"height":799,"url":"https:\/\/www.rassegnastampa-totustuus.it\/cattolica\/wp-content\/uploads\/2021\/07\/Libano.jpg","type":"image\/jpeg"}],"author":"Redazione","twitter_card":"summary_large_image","twitter_creator":"@rassegnastampa9","twitter_site":"@rassegnastampa9","twitter_misc":{"Scritto da":"Redazione","Tempo di lettura stimato":"4 minuti"},"schema":{"@context":"https:\/\/schema.org","@graph":[{"@type":"Article","@id":"https:\/\/www.rassegnastampa-totustuus.it\/cattolica\/i-poveri-del-libano-92\/#article","isPartOf":{"@id":"https:\/\/www.rassegnastampa-totustuus.it\/cattolica\/i-poveri-del-libano-92\/"},"author":{"name":"Redazione","@id":"https:\/\/www.rassegnastampa-totustuus.it\/cattolica\/#\/schema\/person\/08f319d2bd1a0904ad9e2bfb7b15e5c3"},"headline":"I poveri del Libano","datePublished":"2023-10-25T22:00:00+00:00","mainEntityOfPage":{"@id":"https:\/\/www.rassegnastampa-totustuus.it\/cattolica\/i-poveri-del-libano-92\/"},"wordCount":553,"publisher":{"@id":"https:\/\/www.rassegnastampa-totustuus.it\/cattolica\/#organization"},"image":{"@id":"https:\/\/www.rassegnastampa-totustuus.it\/cattolica\/i-poveri-del-libano-92\/#primaryimage"},"thumbnailUrl":"https:\/\/www.rassegnastampa-totustuus.it\/cattolica\/wp-content\/uploads\/2021\/07\/Libano.jpg","keywords":["chiesa","cristiani nell'Islam","Libano","Oui pour la vie"],"articleSection":["Chiesa","Cristiani nell'islam"],"inLanguage":"it-IT"},{"@type":"WebPage","@id":"https:\/\/www.rassegnastampa-totustuus.it\/cattolica\/i-poveri-del-libano-92\/","url":"https:\/\/www.rassegnastampa-totustuus.it\/cattolica\/i-poveri-del-libano-92\/","name":"I poveri del Libano - Rassegna Stampa Cattolica","isPartOf":{"@id":"https:\/\/www.rassegnastampa-totustuus.it\/cattolica\/#website"},"primaryImageOfPage":{"@id":"https:\/\/www.rassegnastampa-totustuus.it\/cattolica\/i-poveri-del-libano-92\/#primaryimage"},"image":{"@id":"https:\/\/www.rassegnastampa-totustuus.it\/cattolica\/i-poveri-del-libano-92\/#primaryimage"},"thumbnailUrl":"https:\/\/www.rassegnastampa-totustuus.it\/cattolica\/wp-content\/uploads\/2021\/07\/Libano.jpg","datePublished":"2023-10-25T22:00:00+00:00","description":"Rassegna Stampa Cattolica - Per una cultura che nasce dalla Rivelazione cristiana in conformit\u00e0 alla tradizione e al Magistero della Chiesa in opposizione ad ogni relativismo e totalitarismo","breadcrumb":{"@id":"https:\/\/www.rassegnastampa-totustuus.it\/cattolica\/i-poveri-del-libano-92\/#breadcrumb"},"inLanguage":"it-IT","potentialAction":[{"@type":"ReadAction","target":["https:\/\/www.rassegnastampa-totustuus.it\/cattolica\/i-poveri-del-libano-92\/"]}]},{"@type":"ImageObject","inLanguage":"it-IT","@id":"https:\/\/www.rassegnastampa-totustuus.it\/cattolica\/i-poveri-del-libano-92\/#primaryimage","url":"https:\/\/www.rassegnastampa-totustuus.it\/cattolica\/wp-content\/uploads\/2021\/07\/Libano.jpg","contentUrl":"https:\/\/www.rassegnastampa-totustuus.it\/cattolica\/wp-content\/uploads\/2021\/07\/Libano.jpg","width":1992,"height":799},{"@type":"BreadcrumbList","@id":"https:\/\/www.rassegnastampa-totustuus.it\/cattolica\/i-poveri-del-libano-92\/#breadcrumb","itemListElement":[{"@type":"ListItem","position":1,"name":"Home","item":"https:\/\/www.rassegnastampa-totustuus.it\/cattolica\/"},{"@type":"ListItem","position":2,"name":"I poveri del Libano"}]},{"@type":"WebSite","@id":"https:\/\/www.rassegnastampa-totustuus.it\/cattolica\/#website","url":"https:\/\/www.rassegnastampa-totustuus.it\/cattolica\/","name":"Rassegna Stampa Cattolica","description":"Per una cultura che nasce dalla Rivelazione cristiana in conformit\u00e0 alla tradizione e al Magistero della Chiesa in opposizione ad ogni relativismo e totalitarismo","publisher":{"@id":"https:\/\/www.rassegnastampa-totustuus.it\/cattolica\/#organization"},"alternateName":"Rass. Cattolica","potentialAction":[{"@type":"SearchAction","target":{"@type":"EntryPoint","urlTemplate":"https:\/\/www.rassegnastampa-totustuus.it\/cattolica\/?s={search_term_string}"},"query-input":{"@type":"PropertyValueSpecification","valueRequired":true,"valueName":"search_term_string"}}],"inLanguage":"it-IT"},{"@type":"Organization","@id":"https:\/\/www.rassegnastampa-totustuus.it\/cattolica\/#organization","name":"Rassegna Stampa Cattolica","url":"https:\/\/www.rassegnastampa-totustuus.it\/cattolica\/","logo":{"@type":"ImageObject","inLanguage":"it-IT","@id":"https:\/\/www.rassegnastampa-totustuus.it\/cattolica\/#\/schema\/logo\/image\/","url":"https:\/\/www.rassegnastampa-totustuus.it\/cattolica\/wp-content\/uploads\/2014\/04\/logo-rassegna1.gif","contentUrl":"https:\/\/www.rassegnastampa-totustuus.it\/cattolica\/wp-content\/uploads\/2014\/04\/logo-rassegna1.gif","width":600,"height":163,"caption":"Rassegna Stampa Cattolica"},"image":{"@id":"https:\/\/www.rassegnastampa-totustuus.it\/cattolica\/#\/schema\/logo\/image\/"},"sameAs":["https:\/\/www.facebook.com\/rassegnastampacattolica","https:\/\/x.com\/rassegnastampa9"]},{"@type":"Person","@id":"https:\/\/www.rassegnastampa-totustuus.it\/cattolica\/#\/schema\/person\/08f319d2bd1a0904ad9e2bfb7b15e5c3","name":"Redazione","image":{"@type":"ImageObject","inLanguage":"it-IT","@id":"https:\/\/secure.gravatar.com\/avatar\/2fcdf27c78ea025fbdb44e914cc63c72249ffec9dc8aafd5c82b26240ef3f346?s=96&d=mm&r=g","url":"https:\/\/secure.gravatar.com\/avatar\/2fcdf27c78ea025fbdb44e914cc63c72249ffec9dc8aafd5c82b26240ef3f346?s=96&d=mm&r=g","contentUrl":"https:\/\/secure.gravatar.com\/avatar\/2fcdf27c78ea025fbdb44e914cc63c72249ffec9dc8aafd5c82b26240ef3f346?s=96&d=mm&r=g","caption":"Redazione"},"url":"https:\/\/www.rassegnastampa-totustuus.it\/cattolica\/author\/pietroelle\/"}]}},"_links":{"self":[{"href":"https:\/\/www.rassegnastampa-totustuus.it\/cattolica\/wp-json\/wp\/v2\/posts\/57036","targetHints":{"allow":["GET"]}}],"collection":[{"href":"https:\/\/www.rassegnastampa-totustuus.it\/cattolica\/wp-json\/wp\/v2\/posts"}],"about":[{"href":"https:\/\/www.rassegnastampa-totustuus.it\/cattolica\/wp-json\/wp\/v2\/types\/post"}],"author":[{"embeddable":true,"href":"https:\/\/www.rassegnastampa-totustuus.it\/cattolica\/wp-json\/wp\/v2\/users\/6"}],"replies":[{"embeddable":true,"href":"https:\/\/www.rassegnastampa-totustuus.it\/cattolica\/wp-json\/wp\/v2\/comments?post=57036"}],"version-history":[{"count":1,"href":"https:\/\/www.rassegnastampa-totustuus.it\/cattolica\/wp-json\/wp\/v2\/posts\/57036\/revisions"}],"predecessor-version":[{"id":57038,"href":"https:\/\/www.rassegnastampa-totustuus.it\/cattolica\/wp-json\/wp\/v2\/posts\/57036\/revisions\/57038"}],"wp:featuredmedia":[{"embeddable":true,"href":"https:\/\/www.rassegnastampa-totustuus.it\/cattolica\/wp-json\/wp\/v2\/media\/51950"}],"wp:attachment":[{"href":"https:\/\/www.rassegnastampa-totustuus.it\/cattolica\/wp-json\/wp\/v2\/media?parent=57036"}],"wp:term":[{"taxonomy":"category","embeddable":true,"href":"https:\/\/www.rassegnastampa-totustuus.it\/cattolica\/wp-json\/wp\/v2\/categories?post=57036"},{"taxonomy":"post_tag","embeddable":true,"href":"https:\/\/www.rassegnastampa-totustuus.it\/cattolica\/wp-json\/wp\/v2\/tags?post=57036"}],"curies":[{"name":"wp","href":"https:\/\/api.w.org\/{rel}","templated":true}]}}