{"id":57032,"date":"2023-10-26T00:00:00","date_gmt":"2023-10-25T22:00:00","guid":{"rendered":"https:\/\/www.rassegnastampa-totustuus.it\/cattolica\/?p=57032"},"modified":"2024-01-04T15:21:33","modified_gmt":"2024-01-04T14:21:33","slug":"azebajian-conquista-il-nagorno-karabakh","status":"publish","type":"post","link":"https:\/\/www.rassegnastampa-totustuus.it\/cattolica\/azebajian-conquista-il-nagorno-karabakh\/","title":{"rendered":"Azebajian conquista il Nagorno Karabakh"},"content":{"rendered":"<p style=\"text-align: justify;\"><span style=\"color: #000000;\"><strong><img loading=\"lazy\" decoding=\"async\" class=\"size-full wp-image-54812 alignright\" src=\"https:\/\/www.rassegnastampa-totustuus.it\/cattolica\/wp-content\/uploads\/2022\/09\/Armenia_mappa.jpg\" alt=\"\" width=\"284\" height=\"177\" \/><span style=\"color: #000000;\">Abstract: <\/span><\/strong><em><span style=\"color: #000000;\">Azebajian conquista il Nagorno Karabakh mettendo in pericolo la sopravvivenza dell&#8217;Armenia, ostacolo al progetto di una grande Turchia che\u00a0 vede nel Caucaso la possibilit\u00e0 di espandere la propria influenza, con l\u2019obiettivo di diventare punto di riferimento del mondo islamico sunnita e turcofono.<\/span><\/em><\/span><\/p>\n<p><!--more--><\/p>\n<p style=\"text-align: center;\"><span style=\"color: #000000;\"><strong><span style=\"color: #0000ff;\"><a style=\"color: #0000ff;\" href=\"https:\/\/www.google.com\/url?sa=t&amp;rct=j&amp;q=&amp;esrc=s&amp;source=web&amp;cd=&amp;cad=rja&amp;uact=8&amp;ved=2ahUKEwjxwYPk3K-CAxWZVPEDHfcjA0UQFnoECA0QAQ&amp;url=https%3A%2F%2Fwww.centrostudilivatino.it%2F&amp;usg=AOvVaw2AuxxwJm0IBGIvF7GVOZZK&amp;opi=89978449\" target=\"_blank\" rel=\"noopener\">Centro Studi Rosario Livatino \u00a0<\/a><\/span><\/strong><\/span><span style=\"color: #000000;\">16 Ottobre \u00a02023<\/span><\/p>\n<h3 style=\"text-align: center;\"><span style=\"color: #000000;\">La conquista azera del Nagorno-Karabakh<\/span><\/h3>\n<h4 style=\"text-align: center;\"><span style=\"color: #000000;\"><em>Quando il diritto dei popoli viene calpestato.<\/em> <\/span><\/h4>\n<p style=\"text-align: center;\"><span style=\"color: #000000;\"><strong>Mario Mauro<\/strong> <\/span><\/p>\n<p style=\"text-align: justify;\"><span style=\"color: #000000;\"><img loading=\"lazy\" decoding=\"async\" class=\" wp-image-54791 alignleft\" src=\"https:\/\/www.rassegnastampa-totustuus.it\/cattolica\/wp-content\/uploads\/2022\/09\/guerra_Armenia.jpg\" alt=\"\" width=\"286\" height=\"214\" \/>Tra il 19 e il 20 settembre le Forze Armate dell\u2019Azerbaijan hanno sferrato un\u2019offensiva militare lampo di 24 ore contro il Nagorno-Karabakh (o Repubblica di Artsakh), enclave armena in territorio azero. La regione era da mesi in uno stato di \u201cassedio\u201d economico perpetrato nei suoi confronti dagli azeri attraverso il blocco del corridoio di Lachin, piccola striscia di terra di 5 km che collega il Nagorno-Karabakh all\u2019Armenia.<\/span><\/p>\n<p style=\"text-align: justify;\"><span style=\"color: #000000;\">Il conflitto ha da sempre avuto come peculiarit\u00e0 la dimensione etnico\/linguistica\/religiosa. Nel Nagorno-Karabakh vi \u00e8 sempre stata una forte maggioranza di armeni. Tra 1988 e 1994 vi fu un sanguinoso conflitto che vide coinvolti Yerevan e Baku su fronti opposti, terminato con la vittoria armena e la cacciata degli azeri. Tuttavia la rivalit\u00e0 non \u00e8 venuta meno, ma si \u00e8 trasformata in un <em>frozen conflict<\/em>, fino a quando sono nuovamente scoppiate le ostilit\u00e0 nel 2020. Il conflitto \u00e8 durato 44 giorni: il 9 novembre \u00e8 stato siglato un armistizio, negoziato con il patrocinio russo (la guerra si \u00e8 infatti fermata dopo l\u2019intervento, molto tardivo, della Russia, una volta che gli azeri erano gi\u00e0 entrati in territorio armeno).<\/span><\/p>\n<p style=\"text-align: justify;\"><span style=\"color: #000000;\"><img loading=\"lazy\" decoding=\"async\" class=\" wp-image-54811 alignright\" src=\"https:\/\/www.rassegnastampa-totustuus.it\/cattolica\/wp-content\/uploads\/2022\/09\/armenia-1-300x168.jpg\" alt=\"\" width=\"352\" height=\"197\" \/>Dietro le rivendicazioni dei due paesi convolti, vi sono sponsor regionali che coinvolgono questa e l\u2019altra fazione. L\u2019Azerbaijan pu\u00f2 contare sul supporto della Turchia, per diverse ragioni: anzitutto, di affinit\u00e0 linguistiche e confessionali (anche se vi \u00e8 una maggioranza di musulmani sciiti). In secondo luogo, perch\u00e9 Ankara vede nel Caucaso la possibilit\u00e0 di espandere la propria influenza, con l\u2019obiettivo di diventare punto di riferimento del mondo islamico sunnita e turcofono. L\u2019aiuto militare, fornito soprattutto attraverso droni da combattimento che hanno fatto la differenza per le sorti dello scontro, hanno permesso ad Erdogan di ottenere per le aziende turche contratti esclusivi per la costruzione dell\u2019autostrada che collegher\u00e0 Baku a Shusha. Vi sono inoltre in gioco interessi di carattere economico, dal momento che il gas azero che arriva in Europa passa dal territorio turco, permettendo ad Ankara di riscuotere notevoli quantit\u00e0 di <em>royalties<\/em> da questa attivit\u00e0<\/span>.<\/p>\n<p style=\"text-align: justify;\"><span style=\"color: #000000;\"><img loading=\"lazy\" decoding=\"async\" class=\"size-full wp-image-54796 alignleft\" src=\"https:\/\/www.rassegnastampa-totustuus.it\/cattolica\/wp-content\/uploads\/2022\/09\/armenia.jpg\" alt=\"\" width=\"275\" height=\"183\" \/>L\u2019Armenia in passato ha potuto contare sull\u2019appoggio e il sostegno russo per lungo tempo; tuttavia, secondo gli accordi tra i due paesi, Mosca \u00e8 tenuta a difendere Yerevan solo in caso di attacco al territorio nazionale, di cui il Nagorno-Karabakh non fa parte. Questo \u00e8 uno dei motivi per cui essa non \u00e8 intervenuta nella recente offensiva portata avanti dagli azeri che ha condotto alla resa quasi definitiva degli armeni presenti in Artsakh, oltre a non avere le forze per poterlo fare, dal momento che l\u2019invasione dell\u2019Ucraina sta risucchiando tutte le energie militari ed economiche del Cremlino. Inoltre, a causa delle sanzioni, dal febbraio 2022 la Russia ha iniziato a vendere gas all\u2019Azerbaijan; questo fa pendere ancora di pi\u00f9 l\u2019ago della bilancia in favore di Baku, poich\u00e9 il Cremlino al momento ha bisogno dei proventi derivanti dalla vendita di idrocarburi.<\/span><\/p>\n<p style=\"text-align: justify;\"><span style=\"color: #000000;\"><img loading=\"lazy\" decoding=\"async\" class=\"wp-image-53670 alignright\" src=\"https:\/\/www.rassegnastampa-totustuus.it\/cattolica\/wp-content\/uploads\/2022\/03\/russia_soldati_esercito.jpg\" alt=\"\" width=\"297\" height=\"188\" \/>Conseguenza dell\u2019attacco azero \u00e8 la catastrofe umanitaria che si sta tuttora manifestando nella decisione di decine di migliaia di persone e famiglie armene di abbandonare quei territori. Secondo i dati dell\u2019UNHCR, si tratta di circa centomila profughi, stremati da nove mesi in cui hanno sofferto la fame, il freddo, in cui hanno avuto accesso all\u2019elettricit\u00e0 per solo sei ore al giorno ed hanno dovuto ridurre al minimo le proprie attivit\u00e0 lavorative. Ora, questo popolo si \u00e8 riversato in Armenia, paese di poco meno di 3 milioni di abitanti, che si trova stretto tra Turchia ed Azerbaijan ma senza pi\u00f9 un grande alleato (la Russia) che ne tuteli gli interessi. Erdogan, in nome del panturchismo e dell\u2019islamismo, sta tentando di espandere la propria influenza nel Caucaso, e Baku \u00e8 oggi l\u2019alleato perfetto per riuscire in questo intento, perch\u00e9 garantisce la possibilit\u00e0 di avere scambi commerciali dal valore di miliardi di dollari. <\/span><\/p>\n<p style=\"text-align: justify;\"><span style=\"color: #000000;\"><img loading=\"lazy\" decoding=\"async\" class=\" wp-image-57033 alignleft\" src=\"https:\/\/www.rassegnastampa-totustuus.it\/cattolica\/wp-content\/uploads\/2023\/10\/arkeni_profughi.jpeg\" alt=\"\" width=\"307\" height=\"199\" \/>Tutto questo, per\u00f2, viene fatto sulla pelle di minoranze etniche e religiose come, appunto, gli armeni. Gli azeri hanno rassicurato che non vi sar\u00e0 nessuna ritorsione contro gli abitanti del Nagorno, eppure sono tante le testimonianze di civili minacciati, sui quali \u00e8 stata fatta pressione piscologica affinch\u00e9 abbandonassero la propria terra: e cos\u00ec \u00e8 stato. Secondo i dati ufficiali, appena 20mila persone sono rimaste in Artsakh; gli azeri sono riusciti nel proprio tentativo di pulizia etnica, poich\u00e9 oggi la regione \u00e8 completamente priva della sua popolazione indigena. Il diritto internazionale \u00e8 stato pi\u00f9 volte violato da Baku, da ultimo nel non rispetto dell\u2019accordo che prevedeva il libero movimento attraverso il corridoio di Lachin; il risultato, \u00e8 stata la deportazione forzata della popolazione<\/span>.<\/p>\n<p style=\"text-align: justify;\"><span style=\"color: #000000;\">Nel timore che l\u2019obiettivo azero possa essere quello di invadere tutta l\u2019Armenia, il Primo Ministro armeno Pashinyan ha, alla fine, ceduto nel negoziato col Presidente azero Aliyev, suscitando una violenta reazione nel proprio paese. Storicamente, il Nagorno-Karabakh \u00e8 uno dei primi territori dove gli armeni si sono insediati. In quella terra ci sono le tracce di una storia millenaria, con scavi che risalgono all\u2019epoca romana. Durante il periodo sovietico, Stalin decise per\u00f2 di assegnare tale territorio all\u2019Azerbaijan, anche se la regione operava come un oblast autonomo, governata da armeni che emanavano le leggi nelle propria lingua. <\/span><\/p>\n<p style=\"text-align: justify;\"><span style=\"color: #000000;\"><img loading=\"lazy\" decoding=\"async\" class=\"size-full wp-image-57034 alignright\" src=\"https:\/\/www.rassegnastampa-totustuus.it\/cattolica\/wp-content\/uploads\/2023\/10\/Nagorno-Karabakh_Armenia_Azeibarjian.jpeg\" alt=\"\" width=\"262\" height=\"180\" \/>Prima che l\u2019URSS crollasse, il Nagorno-Karabakh chiese l\u2019autonomia e promosse il referendum. Dai contrasti conseguenti la vittoria al referendum nacque la guerra e la relativa vittoria della parte armena, che non riusc\u00ec per\u00f2 ad assicurare sufficiente stabilit\u00e0 all\u2019area. Oggi, indipendentemente da quello che accadr\u00e0 agli armeni rimasto nell\u2019area, ci\u00f2 che appare chiaro \u00e8 la volont\u00e0 da parte azera di de-armenizzare il territorio, <span style=\"color: #0000ff;\"><a style=\"color: #0000ff;\" href=\"https:\/\/www.rassegnastampa-totustuus.it\/cattolica\/gli-azeri-radono-al-suolo-il-monumento-al-genocidio-armeno\/\" target=\"_blank\" rel=\"noopener\">abbattendo le chiese,<\/a><\/span> distruggendo i cimiteri, spaccando le croci di pietra e sostenendo, come gi\u00e0 fatto in passato, che il Nagorno-Karabakh non \u00e8 mai stato armeno<\/span><\/p>\n<p style=\"text-align: justify;\"><span style=\"color: #000000;\">\u201c<em>Chi c\u2019\u00e8 ancora lass\u00f9 sulle cime? Sono loro, i fantasmi degli arcieri di Van<\/em>\u201d. Questi versi di Antonia Arslan evocano i silenziosi testimoni del nuovo dramma del popolo armeno, che si consuma in questi giorni tra le montagne del Nagorno-Karabakh. Gli arcieri di Van, conosciuti nel Medioevo come arcieri straordinari al servizio dell\u2019Impero Bizantino, rappresentano nella memoria del genocidio armeno l\u2019antica citt\u00e0 di Van, oggi in Turchia, teatro tra il 19 aprile e il 4 maggio 1915, dell\u2019eroica resistenza della popolazione armena contro le truppe ottomane, e proprio l\u2019intervento massiccio della Turchia a fianco dell\u2019Azerbaijan ha risvegliato tra gli armeni e nelle comunit\u00e0 della diaspora, memorie e paure mai sopit<\/span>e.<\/p>\n","protected":false},"excerpt":{"rendered":"<p>Abstract: Azebajian conquista il Nagorno Karabakh mettendo in pericolo la sopravvivenza dell&#8217;Armenia, ostacolo al progetto di una grande Turchia che\u00a0 vede nel Caucaso la possibilit\u00e0 di espandere la propria influenza, con l\u2019obiettivo di diventare punto di riferimento del mondo islamico sunnita e turcofono.<\/p><p><a class=\"more-link btn\" href=\"https:\/\/www.rassegnastampa-totustuus.it\/cattolica\/azebajian-conquista-il-nagorno-karabakh\/\">Continua a leggere<\/a><\/p>\n","protected":false},"author":6,"featured_media":54812,"comment_status":"closed","ping_status":"closed","sticky":false,"template":"","format":"standard","meta":{"footnotes":""},"categories":[108,19],"tags":[2925,2975,545,148],"class_list":["post-57032","post","type-post","status-publish","format-standard","has-post-thumbnail","hentry","category-paesi-e-continenti","category-politica-internazionale","tag-armenia","tag-azerbaijan","tag-paesi-e-continenti-2","tag-politica-internazionale-2","item-wrap"],"yoast_head":"<!-- This site is optimized with the Yoast SEO plugin v27.5 - https:\/\/yoast.com\/product\/yoast-seo-wordpress\/ -->\n<title>Azebajian conquista il Nagorno Karabakh - Rassegna Stampa Cattolica<\/title>\n<meta name=\"description\" content=\"Azebajian conquista il Nagorno Karabakh mettendo in pericolo la sopravvivenza dell&#039;Armenia, ostacolo al progetto di una grande Turchia\" \/>\n<meta name=\"robots\" content=\"index, follow, max-snippet:-1, max-image-preview:large, max-video-preview:-1\" \/>\n<link rel=\"canonical\" href=\"https:\/\/www.rassegnastampa-totustuus.it\/cattolica\/azebajian-conquista-il-nagorno-karabakh\/\" \/>\n<meta property=\"og:locale\" content=\"it_IT\" \/>\n<meta property=\"og:type\" content=\"article\" \/>\n<meta property=\"og:title\" content=\"Azebajian conquista il Nagorno Karabakh - Rassegna Stampa Cattolica\" \/>\n<meta property=\"og:description\" content=\"Azebajian conquista il Nagorno Karabakh mettendo in pericolo la sopravvivenza dell&#039;Armenia, ostacolo al progetto di una grande Turchia\" \/>\n<meta property=\"og:url\" content=\"https:\/\/www.rassegnastampa-totustuus.it\/cattolica\/azebajian-conquista-il-nagorno-karabakh\/\" \/>\n<meta property=\"og:site_name\" content=\"Rassegna Stampa Cattolica\" \/>\n<meta property=\"article:publisher\" content=\"https:\/\/www.facebook.com\/rassegnastampacattolica\" \/>\n<meta property=\"article:published_time\" content=\"2023-10-25T22:00:00+00:00\" \/>\n<meta property=\"article:modified_time\" content=\"2024-01-04T14:21:33+00:00\" \/>\n<meta property=\"og:image\" content=\"https:\/\/www.rassegnastampa-totustuus.it\/cattolica\/wp-content\/uploads\/2022\/09\/Armenia_mappa.jpg\" \/>\n\t<meta property=\"og:image:width\" content=\"284\" \/>\n\t<meta property=\"og:image:height\" content=\"177\" \/>\n\t<meta property=\"og:image:type\" content=\"image\/jpeg\" \/>\n<meta name=\"author\" content=\"Redazione\" \/>\n<meta name=\"twitter:card\" content=\"summary_large_image\" \/>\n<meta name=\"twitter:creator\" content=\"@rassegnastampa9\" \/>\n<meta name=\"twitter:site\" content=\"@rassegnastampa9\" \/>\n<meta name=\"twitter:label1\" content=\"Scritto da\" \/>\n\t<meta name=\"twitter:data1\" content=\"Redazione\" \/>\n\t<meta name=\"twitter:label2\" content=\"Tempo di lettura stimato\" \/>\n\t<meta name=\"twitter:data2\" content=\"8 minuti\" \/>\n<script type=\"application\/ld+json\" class=\"yoast-schema-graph\">{\"@context\":\"https:\\\/\\\/schema.org\",\"@graph\":[{\"@type\":\"Article\",\"@id\":\"https:\\\/\\\/www.rassegnastampa-totustuus.it\\\/cattolica\\\/azebajian-conquista-il-nagorno-karabakh\\\/#article\",\"isPartOf\":{\"@id\":\"https:\\\/\\\/www.rassegnastampa-totustuus.it\\\/cattolica\\\/azebajian-conquista-il-nagorno-karabakh\\\/\"},\"author\":{\"name\":\"Redazione\",\"@id\":\"https:\\\/\\\/www.rassegnastampa-totustuus.it\\\/cattolica\\\/#\\\/schema\\\/person\\\/08f319d2bd1a0904ad9e2bfb7b15e5c3\"},\"headline\":\"Azebajian conquista il Nagorno Karabakh\",\"datePublished\":\"2023-10-25T22:00:00+00:00\",\"dateModified\":\"2024-01-04T14:21:33+00:00\",\"mainEntityOfPage\":{\"@id\":\"https:\\\/\\\/www.rassegnastampa-totustuus.it\\\/cattolica\\\/azebajian-conquista-il-nagorno-karabakh\\\/\"},\"wordCount\":1104,\"publisher\":{\"@id\":\"https:\\\/\\\/www.rassegnastampa-totustuus.it\\\/cattolica\\\/#organization\"},\"image\":{\"@id\":\"https:\\\/\\\/www.rassegnastampa-totustuus.it\\\/cattolica\\\/azebajian-conquista-il-nagorno-karabakh\\\/#primaryimage\"},\"thumbnailUrl\":\"https:\\\/\\\/www.rassegnastampa-totustuus.it\\\/cattolica\\\/wp-content\\\/uploads\\\/2022\\\/09\\\/Armenia_mappa.jpg\",\"keywords\":[\"Armenia\",\"Azerbaijan\",\"paesi e continenti\",\"politica internazionale\"],\"articleSection\":[\"Paesi e continenti\",\"Politica internazionale\"],\"inLanguage\":\"it-IT\"},{\"@type\":\"WebPage\",\"@id\":\"https:\\\/\\\/www.rassegnastampa-totustuus.it\\\/cattolica\\\/azebajian-conquista-il-nagorno-karabakh\\\/\",\"url\":\"https:\\\/\\\/www.rassegnastampa-totustuus.it\\\/cattolica\\\/azebajian-conquista-il-nagorno-karabakh\\\/\",\"name\":\"Azebajian conquista il Nagorno Karabakh - Rassegna Stampa Cattolica\",\"isPartOf\":{\"@id\":\"https:\\\/\\\/www.rassegnastampa-totustuus.it\\\/cattolica\\\/#website\"},\"primaryImageOfPage\":{\"@id\":\"https:\\\/\\\/www.rassegnastampa-totustuus.it\\\/cattolica\\\/azebajian-conquista-il-nagorno-karabakh\\\/#primaryimage\"},\"image\":{\"@id\":\"https:\\\/\\\/www.rassegnastampa-totustuus.it\\\/cattolica\\\/azebajian-conquista-il-nagorno-karabakh\\\/#primaryimage\"},\"thumbnailUrl\":\"https:\\\/\\\/www.rassegnastampa-totustuus.it\\\/cattolica\\\/wp-content\\\/uploads\\\/2022\\\/09\\\/Armenia_mappa.jpg\",\"datePublished\":\"2023-10-25T22:00:00+00:00\",\"dateModified\":\"2024-01-04T14:21:33+00:00\",\"description\":\"Azebajian conquista il Nagorno Karabakh mettendo in pericolo la sopravvivenza dell'Armenia, ostacolo al progetto di una grande Turchia\",\"breadcrumb\":{\"@id\":\"https:\\\/\\\/www.rassegnastampa-totustuus.it\\\/cattolica\\\/azebajian-conquista-il-nagorno-karabakh\\\/#breadcrumb\"},\"inLanguage\":\"it-IT\",\"potentialAction\":[{\"@type\":\"ReadAction\",\"target\":[\"https:\\\/\\\/www.rassegnastampa-totustuus.it\\\/cattolica\\\/azebajian-conquista-il-nagorno-karabakh\\\/\"]}]},{\"@type\":\"ImageObject\",\"inLanguage\":\"it-IT\",\"@id\":\"https:\\\/\\\/www.rassegnastampa-totustuus.it\\\/cattolica\\\/azebajian-conquista-il-nagorno-karabakh\\\/#primaryimage\",\"url\":\"https:\\\/\\\/www.rassegnastampa-totustuus.it\\\/cattolica\\\/wp-content\\\/uploads\\\/2022\\\/09\\\/Armenia_mappa.jpg\",\"contentUrl\":\"https:\\\/\\\/www.rassegnastampa-totustuus.it\\\/cattolica\\\/wp-content\\\/uploads\\\/2022\\\/09\\\/Armenia_mappa.jpg\",\"width\":284,\"height\":177},{\"@type\":\"BreadcrumbList\",\"@id\":\"https:\\\/\\\/www.rassegnastampa-totustuus.it\\\/cattolica\\\/azebajian-conquista-il-nagorno-karabakh\\\/#breadcrumb\",\"itemListElement\":[{\"@type\":\"ListItem\",\"position\":1,\"name\":\"Home\",\"item\":\"https:\\\/\\\/www.rassegnastampa-totustuus.it\\\/cattolica\\\/\"},{\"@type\":\"ListItem\",\"position\":2,\"name\":\"Azebajian conquista il Nagorno Karabakh\"}]},{\"@type\":\"WebSite\",\"@id\":\"https:\\\/\\\/www.rassegnastampa-totustuus.it\\\/cattolica\\\/#website\",\"url\":\"https:\\\/\\\/www.rassegnastampa-totustuus.it\\\/cattolica\\\/\",\"name\":\"Rassegna Stampa Cattolica\",\"description\":\"Per una cultura che nasce dalla Rivelazione cristiana in conformit\u00e0 alla tradizione e al Magistero della Chiesa in opposizione ad ogni relativismo e totalitarismo\",\"publisher\":{\"@id\":\"https:\\\/\\\/www.rassegnastampa-totustuus.it\\\/cattolica\\\/#organization\"},\"alternateName\":\"Rass. Cattolica\",\"potentialAction\":[{\"@type\":\"SearchAction\",\"target\":{\"@type\":\"EntryPoint\",\"urlTemplate\":\"https:\\\/\\\/www.rassegnastampa-totustuus.it\\\/cattolica\\\/?s={search_term_string}\"},\"query-input\":{\"@type\":\"PropertyValueSpecification\",\"valueRequired\":true,\"valueName\":\"search_term_string\"}}],\"inLanguage\":\"it-IT\"},{\"@type\":\"Organization\",\"@id\":\"https:\\\/\\\/www.rassegnastampa-totustuus.it\\\/cattolica\\\/#organization\",\"name\":\"Rassegna Stampa Cattolica\",\"url\":\"https:\\\/\\\/www.rassegnastampa-totustuus.it\\\/cattolica\\\/\",\"logo\":{\"@type\":\"ImageObject\",\"inLanguage\":\"it-IT\",\"@id\":\"https:\\\/\\\/www.rassegnastampa-totustuus.it\\\/cattolica\\\/#\\\/schema\\\/logo\\\/image\\\/\",\"url\":\"https:\\\/\\\/www.rassegnastampa-totustuus.it\\\/cattolica\\\/wp-content\\\/uploads\\\/2014\\\/04\\\/logo-rassegna1.gif\",\"contentUrl\":\"https:\\\/\\\/www.rassegnastampa-totustuus.it\\\/cattolica\\\/wp-content\\\/uploads\\\/2014\\\/04\\\/logo-rassegna1.gif\",\"width\":600,\"height\":163,\"caption\":\"Rassegna Stampa Cattolica\"},\"image\":{\"@id\":\"https:\\\/\\\/www.rassegnastampa-totustuus.it\\\/cattolica\\\/#\\\/schema\\\/logo\\\/image\\\/\"},\"sameAs\":[\"https:\\\/\\\/www.facebook.com\\\/rassegnastampacattolica\",\"https:\\\/\\\/x.com\\\/rassegnastampa9\"]},{\"@type\":\"Person\",\"@id\":\"https:\\\/\\\/www.rassegnastampa-totustuus.it\\\/cattolica\\\/#\\\/schema\\\/person\\\/08f319d2bd1a0904ad9e2bfb7b15e5c3\",\"name\":\"Redazione\",\"image\":{\"@type\":\"ImageObject\",\"inLanguage\":\"it-IT\",\"@id\":\"https:\\\/\\\/secure.gravatar.com\\\/avatar\\\/2fcdf27c78ea025fbdb44e914cc63c72249ffec9dc8aafd5c82b26240ef3f346?s=96&d=mm&r=g\",\"url\":\"https:\\\/\\\/secure.gravatar.com\\\/avatar\\\/2fcdf27c78ea025fbdb44e914cc63c72249ffec9dc8aafd5c82b26240ef3f346?s=96&d=mm&r=g\",\"contentUrl\":\"https:\\\/\\\/secure.gravatar.com\\\/avatar\\\/2fcdf27c78ea025fbdb44e914cc63c72249ffec9dc8aafd5c82b26240ef3f346?s=96&d=mm&r=g\",\"caption\":\"Redazione\"},\"url\":\"https:\\\/\\\/www.rassegnastampa-totustuus.it\\\/cattolica\\\/author\\\/pietroelle\\\/\"}]}<\/script>\n<!-- \/ Yoast SEO plugin. -->","yoast_head_json":{"title":"Azebajian conquista il Nagorno Karabakh - Rassegna Stampa Cattolica","description":"Azebajian conquista il Nagorno Karabakh mettendo in pericolo la sopravvivenza dell'Armenia, ostacolo al progetto di una grande Turchia","robots":{"index":"index","follow":"follow","max-snippet":"max-snippet:-1","max-image-preview":"max-image-preview:large","max-video-preview":"max-video-preview:-1"},"canonical":"https:\/\/www.rassegnastampa-totustuus.it\/cattolica\/azebajian-conquista-il-nagorno-karabakh\/","og_locale":"it_IT","og_type":"article","og_title":"Azebajian conquista il Nagorno Karabakh - Rassegna Stampa Cattolica","og_description":"Azebajian conquista il Nagorno Karabakh mettendo in pericolo la sopravvivenza dell'Armenia, ostacolo al progetto di una grande Turchia","og_url":"https:\/\/www.rassegnastampa-totustuus.it\/cattolica\/azebajian-conquista-il-nagorno-karabakh\/","og_site_name":"Rassegna Stampa Cattolica","article_publisher":"https:\/\/www.facebook.com\/rassegnastampacattolica","article_published_time":"2023-10-25T22:00:00+00:00","article_modified_time":"2024-01-04T14:21:33+00:00","og_image":[{"width":284,"height":177,"url":"https:\/\/www.rassegnastampa-totustuus.it\/cattolica\/wp-content\/uploads\/2022\/09\/Armenia_mappa.jpg","type":"image\/jpeg"}],"author":"Redazione","twitter_card":"summary_large_image","twitter_creator":"@rassegnastampa9","twitter_site":"@rassegnastampa9","twitter_misc":{"Scritto da":"Redazione","Tempo di lettura stimato":"8 minuti"},"schema":{"@context":"https:\/\/schema.org","@graph":[{"@type":"Article","@id":"https:\/\/www.rassegnastampa-totustuus.it\/cattolica\/azebajian-conquista-il-nagorno-karabakh\/#article","isPartOf":{"@id":"https:\/\/www.rassegnastampa-totustuus.it\/cattolica\/azebajian-conquista-il-nagorno-karabakh\/"},"author":{"name":"Redazione","@id":"https:\/\/www.rassegnastampa-totustuus.it\/cattolica\/#\/schema\/person\/08f319d2bd1a0904ad9e2bfb7b15e5c3"},"headline":"Azebajian conquista il Nagorno Karabakh","datePublished":"2023-10-25T22:00:00+00:00","dateModified":"2024-01-04T14:21:33+00:00","mainEntityOfPage":{"@id":"https:\/\/www.rassegnastampa-totustuus.it\/cattolica\/azebajian-conquista-il-nagorno-karabakh\/"},"wordCount":1104,"publisher":{"@id":"https:\/\/www.rassegnastampa-totustuus.it\/cattolica\/#organization"},"image":{"@id":"https:\/\/www.rassegnastampa-totustuus.it\/cattolica\/azebajian-conquista-il-nagorno-karabakh\/#primaryimage"},"thumbnailUrl":"https:\/\/www.rassegnastampa-totustuus.it\/cattolica\/wp-content\/uploads\/2022\/09\/Armenia_mappa.jpg","keywords":["Armenia","Azerbaijan","paesi e continenti","politica internazionale"],"articleSection":["Paesi e continenti","Politica internazionale"],"inLanguage":"it-IT"},{"@type":"WebPage","@id":"https:\/\/www.rassegnastampa-totustuus.it\/cattolica\/azebajian-conquista-il-nagorno-karabakh\/","url":"https:\/\/www.rassegnastampa-totustuus.it\/cattolica\/azebajian-conquista-il-nagorno-karabakh\/","name":"Azebajian conquista il Nagorno Karabakh - Rassegna Stampa Cattolica","isPartOf":{"@id":"https:\/\/www.rassegnastampa-totustuus.it\/cattolica\/#website"},"primaryImageOfPage":{"@id":"https:\/\/www.rassegnastampa-totustuus.it\/cattolica\/azebajian-conquista-il-nagorno-karabakh\/#primaryimage"},"image":{"@id":"https:\/\/www.rassegnastampa-totustuus.it\/cattolica\/azebajian-conquista-il-nagorno-karabakh\/#primaryimage"},"thumbnailUrl":"https:\/\/www.rassegnastampa-totustuus.it\/cattolica\/wp-content\/uploads\/2022\/09\/Armenia_mappa.jpg","datePublished":"2023-10-25T22:00:00+00:00","dateModified":"2024-01-04T14:21:33+00:00","description":"Azebajian conquista il Nagorno Karabakh mettendo in pericolo la sopravvivenza dell'Armenia, ostacolo al progetto di una grande Turchia","breadcrumb":{"@id":"https:\/\/www.rassegnastampa-totustuus.it\/cattolica\/azebajian-conquista-il-nagorno-karabakh\/#breadcrumb"},"inLanguage":"it-IT","potentialAction":[{"@type":"ReadAction","target":["https:\/\/www.rassegnastampa-totustuus.it\/cattolica\/azebajian-conquista-il-nagorno-karabakh\/"]}]},{"@type":"ImageObject","inLanguage":"it-IT","@id":"https:\/\/www.rassegnastampa-totustuus.it\/cattolica\/azebajian-conquista-il-nagorno-karabakh\/#primaryimage","url":"https:\/\/www.rassegnastampa-totustuus.it\/cattolica\/wp-content\/uploads\/2022\/09\/Armenia_mappa.jpg","contentUrl":"https:\/\/www.rassegnastampa-totustuus.it\/cattolica\/wp-content\/uploads\/2022\/09\/Armenia_mappa.jpg","width":284,"height":177},{"@type":"BreadcrumbList","@id":"https:\/\/www.rassegnastampa-totustuus.it\/cattolica\/azebajian-conquista-il-nagorno-karabakh\/#breadcrumb","itemListElement":[{"@type":"ListItem","position":1,"name":"Home","item":"https:\/\/www.rassegnastampa-totustuus.it\/cattolica\/"},{"@type":"ListItem","position":2,"name":"Azebajian conquista il Nagorno Karabakh"}]},{"@type":"WebSite","@id":"https:\/\/www.rassegnastampa-totustuus.it\/cattolica\/#website","url":"https:\/\/www.rassegnastampa-totustuus.it\/cattolica\/","name":"Rassegna Stampa Cattolica","description":"Per una cultura che nasce dalla Rivelazione cristiana in conformit\u00e0 alla tradizione e al Magistero della Chiesa in opposizione ad ogni relativismo e totalitarismo","publisher":{"@id":"https:\/\/www.rassegnastampa-totustuus.it\/cattolica\/#organization"},"alternateName":"Rass. Cattolica","potentialAction":[{"@type":"SearchAction","target":{"@type":"EntryPoint","urlTemplate":"https:\/\/www.rassegnastampa-totustuus.it\/cattolica\/?s={search_term_string}"},"query-input":{"@type":"PropertyValueSpecification","valueRequired":true,"valueName":"search_term_string"}}],"inLanguage":"it-IT"},{"@type":"Organization","@id":"https:\/\/www.rassegnastampa-totustuus.it\/cattolica\/#organization","name":"Rassegna Stampa Cattolica","url":"https:\/\/www.rassegnastampa-totustuus.it\/cattolica\/","logo":{"@type":"ImageObject","inLanguage":"it-IT","@id":"https:\/\/www.rassegnastampa-totustuus.it\/cattolica\/#\/schema\/logo\/image\/","url":"https:\/\/www.rassegnastampa-totustuus.it\/cattolica\/wp-content\/uploads\/2014\/04\/logo-rassegna1.gif","contentUrl":"https:\/\/www.rassegnastampa-totustuus.it\/cattolica\/wp-content\/uploads\/2014\/04\/logo-rassegna1.gif","width":600,"height":163,"caption":"Rassegna Stampa Cattolica"},"image":{"@id":"https:\/\/www.rassegnastampa-totustuus.it\/cattolica\/#\/schema\/logo\/image\/"},"sameAs":["https:\/\/www.facebook.com\/rassegnastampacattolica","https:\/\/x.com\/rassegnastampa9"]},{"@type":"Person","@id":"https:\/\/www.rassegnastampa-totustuus.it\/cattolica\/#\/schema\/person\/08f319d2bd1a0904ad9e2bfb7b15e5c3","name":"Redazione","image":{"@type":"ImageObject","inLanguage":"it-IT","@id":"https:\/\/secure.gravatar.com\/avatar\/2fcdf27c78ea025fbdb44e914cc63c72249ffec9dc8aafd5c82b26240ef3f346?s=96&d=mm&r=g","url":"https:\/\/secure.gravatar.com\/avatar\/2fcdf27c78ea025fbdb44e914cc63c72249ffec9dc8aafd5c82b26240ef3f346?s=96&d=mm&r=g","contentUrl":"https:\/\/secure.gravatar.com\/avatar\/2fcdf27c78ea025fbdb44e914cc63c72249ffec9dc8aafd5c82b26240ef3f346?s=96&d=mm&r=g","caption":"Redazione"},"url":"https:\/\/www.rassegnastampa-totustuus.it\/cattolica\/author\/pietroelle\/"}]}},"_links":{"self":[{"href":"https:\/\/www.rassegnastampa-totustuus.it\/cattolica\/wp-json\/wp\/v2\/posts\/57032","targetHints":{"allow":["GET"]}}],"collection":[{"href":"https:\/\/www.rassegnastampa-totustuus.it\/cattolica\/wp-json\/wp\/v2\/posts"}],"about":[{"href":"https:\/\/www.rassegnastampa-totustuus.it\/cattolica\/wp-json\/wp\/v2\/types\/post"}],"author":[{"embeddable":true,"href":"https:\/\/www.rassegnastampa-totustuus.it\/cattolica\/wp-json\/wp\/v2\/users\/6"}],"replies":[{"embeddable":true,"href":"https:\/\/www.rassegnastampa-totustuus.it\/cattolica\/wp-json\/wp\/v2\/comments?post=57032"}],"version-history":[{"count":5,"href":"https:\/\/www.rassegnastampa-totustuus.it\/cattolica\/wp-json\/wp\/v2\/posts\/57032\/revisions"}],"predecessor-version":[{"id":58679,"href":"https:\/\/www.rassegnastampa-totustuus.it\/cattolica\/wp-json\/wp\/v2\/posts\/57032\/revisions\/58679"}],"wp:featuredmedia":[{"embeddable":true,"href":"https:\/\/www.rassegnastampa-totustuus.it\/cattolica\/wp-json\/wp\/v2\/media\/54812"}],"wp:attachment":[{"href":"https:\/\/www.rassegnastampa-totustuus.it\/cattolica\/wp-json\/wp\/v2\/media?parent=57032"}],"wp:term":[{"taxonomy":"category","embeddable":true,"href":"https:\/\/www.rassegnastampa-totustuus.it\/cattolica\/wp-json\/wp\/v2\/categories?post=57032"},{"taxonomy":"post_tag","embeddable":true,"href":"https:\/\/www.rassegnastampa-totustuus.it\/cattolica\/wp-json\/wp\/v2\/tags?post=57032"}],"curies":[{"name":"wp","href":"https:\/\/api.w.org\/{rel}","templated":true}]}}