{"id":57,"date":"2004-11-05T10:46:25","date_gmt":"2004-11-05T09:46:25","guid":{"rendered":""},"modified":"2024-01-05T13:06:08","modified_gmt":"2024-01-05T12:06:08","slug":"i-cristiani-di-israele-tra-ebrei-e-islam","status":"publish","type":"post","link":"https:\/\/www.rassegnastampa-totustuus.it\/cattolica\/i-cristiani-di-israele-tra-ebrei-e-islam\/","title":{"rendered":"I cristiani di Israele, tra ebrei e islam"},"content":{"rendered":"<p align=\"justify\"><strong><span style=\"color: #000000;\"><img loading=\"lazy\" decoding=\"async\" class=\" wp-image-57689 alignleft\" src=\"https:\/\/www.rassegnastampa-totustuus.it\/cattolica\/wp-content\/uploads\/2004\/11\/cristiani_israele_islam.jpg\" alt=\"\" width=\"268\" height=\"203\" \/>Abstract:\u00a0<\/span><\/strong><span style=\"color: #000000;\"><em> i cristiani in Israele vivono schiacciati tra l&#8217;ostilit\u00e0 degli ebrei e quella dell&#8217;islam e per le difficili condizioni di vita sono spesso costretti a emigrare. Da 22 anni a Betlemme, suor Ileana Benetello, della congregazione delle Francescane Elisabettiane di Padova, presta il suo servizio all\u2019interno del Baby Caritas Hospital di Betlemme, un ospedale pediatrico cattolico per i bambini poveri di quella regione. Ad AsiaNews racconta i problemi quotidiani e la vita dei cristiani che abitano nella regione.<\/em><\/span><\/p>\n<p align=\"justify\"><!--more--><\/p>\n<p align=\"center\"><span style=\"color: #0000ff;\"><a style=\"color: #0000ff;\" href=\"https:\/\/www.asianews.it\/\" target=\"_blank\" rel=\"noopener\"><strong>asianews.it<\/strong><\/a><\/span><span style=\"color: #000000;\">\u00a0del 10 marzo 2004<\/span><\/p>\n<h3 align=\"center\"><span style=\"color: #000000;\">Schiacciati fra Israele e l\u2019Islam, <\/span><\/h3>\n<h3 align=\"center\"><span style=\"color: #000000;\">i cristiani di Betlemme emigrano<\/span><\/h3>\n<p style=\"text-align: justify;\" align=\"center\"><span style=\"color: #000000;\"><em>Da 22 anni a Betlemme, suor Ileana Benetello, della congregazione delle Francescane Elisabettiane di Padova, presta il suo servizio all\u2019interno del Baby Caritas Hospital di Betlemme, un ospedale pediatrico cattolico per i bambini poveri di quella regione. Con lei lavorano altre 6 consorelle, di cui cinque italiane. Ad AsiaNews racconta i problemi quotidiani e la vita dei cristiani che abitano nella regione.<\/em><\/span><\/p>\n<p style=\"text-align: center;\" align=\"center\"><span style=\"color: #000000;\">di\u00a0<strong>Lorenzo Fazzini<\/strong><\/span><\/p>\n<p style=\"text-align: justify;\" align=\"center\"><span style=\"color: #000000;\"><strong>Suor Ileana, come si vive oggi a Betlemme?<\/strong><\/span><\/p>\n<p style=\"text-align: justify;\" align=\"center\"><span style=\"color: #000000;\"><img loading=\"lazy\" decoding=\"async\" class=\" wp-image-32827 alignright\" src=\"https:\/\/www.rassegnastampa-totustuus.it\/cattolica\/wp-content\/uploads\/2009\/04\/israele_palestina-1-300x167.jpg\" alt=\"\" width=\"354\" height=\"197\" srcset=\"https:\/\/www.rassegnastampa-totustuus.it\/cattolica\/wp-content\/uploads\/2009\/04\/israele_palestina-1-300x167.jpg 300w, https:\/\/www.rassegnastampa-totustuus.it\/cattolica\/wp-content\/uploads\/2009\/04\/israele_palestina-1.jpg 301w\" sizes=\"auto, (max-width: 354px) 100vw, 354px\" \/>La situazione non \u00e8 quella che i mass media vi riportano, o comunque essa \u00e8 molto lontana dalla realt\u00e0 che viviamo tutti i giorni: \u00e8 la stabilit\u00e0 in una situazione anormale. Nei mesi scorsi vi era una certa facilit\u00e0 di spostamento: ora i palestinesi, sia cristiani che musulmani, si sentono in una grande prigione all\u2019aria aperta. Per andare a lavorare, per studiare e per vivere normalmente non possono muoversi liberamente. I movimenti sono difficili sia fra i territori palestinesi e Israele, sia all\u2019interno della stessa Palestina.<\/span><\/p>\n<p style=\"text-align: justify;\" align=\"center\"><span style=\"color: #000000;\"><strong>Quali problemi sorgono?<\/strong><\/span><\/p>\n<p style=\"text-align: justify;\" align=\"center\"><span style=\"color: #000000;\"><img loading=\"lazy\" decoding=\"async\" class=\" wp-image-44847 alignleft\" src=\"https:\/\/www.rassegnastampa-totustuus.it\/cattolica\/wp-content\/uploads\/2019\/10\/Israele_mappa.jpg\" alt=\"\" width=\"159\" height=\"209\" \/>Fra tanti, vi \u00e8 un problema gravissimo di cui non si parla mai: gi\u00e0 nella cultura musulmana, e araba in generale, c\u2019\u00e8 la tradizione di sposarsi far cugini primi, per mantenere forte la stirpe. Negli ultimi anni questo accadeva meno di rado; ora con le difficolt\u00e0 di spostamento sta tornando normale, con le conseguenze che si possono immaginare: nascono moltissimi bambini handicappati, alcuni con gravissime malattie genetiche. Alcune famiglie hanno addirittura 3 figli handicappati\u2026<\/span><\/p>\n<p style=\"text-align: justify;\" align=\"center\"><span style=\"color: #000000;\"><strong>Il lavoro resta un problema?<\/strong><\/span><\/p>\n<p style=\"text-align: justify;\" align=\"center\"><span style=\"color: #000000;\">S\u00ec, e molto grave. Per trovarlo, gli stessi palestinesi si prestano alla costruzione di insediamenti ebraici e nell\u2019erezione del Muro: bisogna pensare con quale stato d\u2019animo queste persone vanno a lavorare nelle loro terre confiscate, dove non hanno potuto raccogliere neppure le olive, che ora stanno marcendo sugli alberi.<\/span><\/p>\n<p style=\"text-align: justify;\" align=\"center\"><span style=\"color: #000000;\"><strong>Come reagisce la popolazione a queste difficolt\u00e0?<\/strong><\/span><\/p>\n<p style=\"text-align: justify;\" align=\"center\"><span style=\"color: #000000;\"><img loading=\"lazy\" decoding=\"async\" class=\"size-medium wp-image-42979 alignleft\" src=\"https:\/\/www.rassegnastampa-totustuus.it\/cattolica\/wp-content\/uploads\/2019\/05\/cristiani_perseguitati-300x131.jpg\" alt=\"\" width=\"300\" height=\"131\" srcset=\"https:\/\/www.rassegnastampa-totustuus.it\/cattolica\/wp-content\/uploads\/2019\/05\/cristiani_perseguitati-300x131.jpg 300w, https:\/\/www.rassegnastampa-totustuus.it\/cattolica\/wp-content\/uploads\/2019\/05\/cristiani_perseguitati-768x336.jpg 768w, https:\/\/www.rassegnastampa-totustuus.it\/cattolica\/wp-content\/uploads\/2019\/05\/cristiani_perseguitati-1024x448.jpg 1024w, https:\/\/www.rassegnastampa-totustuus.it\/cattolica\/wp-content\/uploads\/2019\/05\/cristiani_perseguitati.jpg 1599w\" sizes=\"auto, (max-width: 300px) 100vw, 300px\" \/>La situazione \u00e8 insostenibile, e allora si sente qualcuno sbottare: \u201cNon si deve giustificare i kamikaze, ma si possono capire!\u201d. Questo, per\u00f2, i cristiani non lo affermano mai. I musulmani \u2013 anche le mie infermiere \u2013 invece lo dicono\u2026 Solo vivendo l\u00ec si pu\u00f2 capire l\u2019odio che viene alimentato e la coscienza che i palestinesi non hanno ormai nulla da perdere. Uno degli ultimi kamikaze che si \u00e8 fatto recentemente esplodere a Gerusalemme veniva proprio dalle nostre parti: ho riconosciuto la sua casa nelle immagini della tv quando i tanks israeliani l\u2019hanno distrutta. Quelli che si fanno esplodere sanno in anticipo che riceveranno 30 mila dollari dalle organizzazioni terroristiche, che operano un vero lavaggio del cervello. A volte con quei soldi alla famiglia costruiscono poi una casa ancora pi\u00f9 bella.<\/span><\/p>\n<p style=\"text-align: justify;\" align=\"center\"><strong><span style=\"color: #000000;\">I cristiani nella regione di Betlemme?<\/span><\/strong><\/p>\n<p style=\"text-align: justify;\" align=\"center\">T<span style=\"color: #000000;\">anti stanno emigrando: ai cristiani vengono dati facilmente i permessi di espatrio. Noi pensiamo che dietro a questo ci sia un gioco fra Israele e altri Paesi, come la Svezia o il Canada. Ad esempio, nel 2003 da Betlemme se ne sono andati pi\u00f9 di un migliaio di cristiani, il 10% dei 10 mila cristiani che abitano a Betlemme.<\/span><\/p>\n<p style=\"text-align: justify;\" align=\"center\"><span style=\"color: #000000;\"><strong>Perch\u00e9 un\u2019emigrazione cos\u00ec massiccia?<\/strong><\/span><\/p>\n<p style=\"text-align: justify;\" align=\"center\"><span style=\"color: #000000;\"><img loading=\"lazy\" decoding=\"async\" class=\" wp-image-57698 alignright\" src=\"https:\/\/www.rassegnastampa-totustuus.it\/cattolica\/wp-content\/uploads\/2004\/11\/cristiani_ebrei_islam_israele.jpg\" alt=\"\" width=\"287\" height=\"241\" \/>Questo accade perch\u00e9 i cristiani non accettano la mentalit\u00e0 musulmana che giustifica gli attentati. I cristiani poi tendono ad essere culturalmente pi\u00f9 affini agli ebrei, sentono una maggior affinit\u00e0 con il popolo ebraico, e questo pone loro problemi seri! I cristiani sono compressi fra musulmani e ebrei, e soffrono pi\u00f9 di tutti perch\u00e9 sono deboli. Bisogna anche dire che fanno fatica ad adattarsi alle difficolt\u00e0: ad esempio, non accettano lavori nell\u2019edilizia, a differenza i musulmani.<\/span><\/p>\n<p style=\"text-align: justify;\" align=\"center\"><span style=\"color: #000000;\"><strong>Quali conseguenze genera l\u2019emigrazione dei cristiani dalla Terra Santa?<\/strong><\/span><\/p>\n<p style=\"text-align: justify;\" align=\"center\"><span style=\"color: #000000;\">Essa pone un problema molto serio: i cristiani che emigrano non vendono la casa ad altri cristiani, che non hanno possibilit\u00e0 economiche. Allora si fanno avanti i musulmani, che, aiutati dai Paesi arabi, comprano facilmente case e terre. Anche sul piano demografico i musulmani sono pi\u00f9 forti: hanno in media 10 figli e almeno tre mogli\u2026 Pure dal punto di vista scolastico per i cristiani la vita non \u00e8 facile: solo tramite le offerte dall\u2019estero, le adozioni a distanza, li si pu\u00f2 mandare alle scuole cristiane. Altrimenti dovrebbero andare in quelle pubbliche, imbevute di islamismo: e l\u00ec i ragazzi cristiani perderebbero facilmente la loro religione.<\/span><\/p>\n<p style=\"text-align: justify;\" align=\"center\"><span style=\"color: #000000;\"><strong>Nessuna speranza per il domani?<\/strong><\/span><\/p>\n<p style=\"text-align: justify;\" align=\"center\"><span style=\"color: #000000;\">Nessuno cede e la pace non arriva. Del resto, solo Ges\u00f9 ci ha insegnato la legge del perdono, mentre nei musulmani e negli ebrei domina ancora la legge del taglione: e la si pu\u00f2 vedere ogni giorno all\u2019opera.<\/span><\/p>\n<p style=\"text-align: justify;\" align=\"center\"><span style=\"color: #000000;\"><strong>Cosa la fa andare avanti?<\/strong><\/span><\/p>\n<p style=\"text-align: justify;\" align=\"center\"><span style=\"color: #000000;\">In tutti questi anni difficili ho capito l\u2019importanza di Ges\u00f9: \u00e8 Lui che mi fa andare avanti.<\/span><\/p>\n<p align=\"justify\">___________________________________________<\/p>\n<p align=\"justify\"><strong>Sulla situazione dei cristiani in Israele, nell&#8217;Islam e Medio Oriente:<\/strong><\/p>\n<p align=\"justify\"><a href=\"https:\/\/www.rassegnastampa-totustuus.it\/cattolica\/loccidente-tradisce-i-cristiani-del-medio-oriente\/\" target=\"_blank\" rel=\"noopener\"><span style=\"color: #0000ff;\">L\u2019Occidente tradisce i cristiani del Medio Oriente<\/span><\/a><\/p>\n<p align=\"justify\"><a href=\"https:\/\/www.rassegnastampa-totustuus.it\/cattolica\/terra-santa-senza-cristiani\/\" target=\"_blank\" rel=\"noopener\"><span style=\"color: #0000ff;\">Terra Santa senza cristiani<\/span><\/a><\/p>\n<p align=\"justify\"><a href=\"https:\/\/www.rassegnastampa-totustuus.it\/cattolica\/i-cristiani-nei-paesi-islamici\/\" target=\"_blank\" rel=\"noopener\"><span style=\"color: #0000ff;\">I cristiani nei paesi islamici<\/span><\/a><\/p>\n<div align=\"justify\"><\/div>\n","protected":false},"excerpt":{"rendered":"<p>Abstract:\u00a0 i cristiani in Israele vivono schiacciati tra l&#8217;ostilit\u00e0 degli ebrei e quella dell&#8217;islam e per le difficili condizioni di vita sono spesso costretti a emigrare. Da 22 anni a Betlemme, suor Ileana Benetello, della congregazione delle Francescane Elisabettiane di Padova, presta il suo servizio all\u2019interno del Baby Caritas Hospital di Betlemme, un ospedale pediatrico &hellip; <\/p>\n<p><a class=\"more-link btn\" href=\"https:\/\/www.rassegnastampa-totustuus.it\/cattolica\/i-cristiani-di-israele-tra-ebrei-e-islam\/\">Continua a leggere<\/a><\/p>\n","protected":false},"author":6,"featured_media":57689,"comment_status":"closed","ping_status":"open","sticky":false,"template":"","format":"standard","meta":{"footnotes":""},"categories":[5,33],"tags":[380],"class_list":["post-57","post","type-post","status-publish","format-standard","has-post-thumbnail","hentry","category-chiesa","category-cristiani-nell-islam","tag-cristiani-nellislam","item-wrap"],"yoast_head":"<!-- This site is optimized with the Yoast SEO plugin v27.5 - https:\/\/yoast.com\/product\/yoast-seo-wordpress\/ -->\n<title>I cristiani di Israele, tra ebrei e islam - Rassegna Stampa Cattolica<\/title>\n<meta name=\"description\" content=\"I cristiani di Israele, schiacciati tra ebrei e islam spesso sono costretti ad emigrare a causa delle difficili condizioni di vita\" \/>\n<meta name=\"robots\" content=\"index, follow, max-snippet:-1, max-image-preview:large, max-video-preview:-1\" \/>\n<link rel=\"canonical\" href=\"https:\/\/www.rassegnastampa-totustuus.it\/cattolica\/i-cristiani-di-israele-tra-ebrei-e-islam\/\" \/>\n<meta property=\"og:locale\" content=\"it_IT\" \/>\n<meta property=\"og:type\" content=\"article\" \/>\n<meta property=\"og:title\" content=\"I cristiani di Israele, tra ebrei e islam - Rassegna Stampa Cattolica\" \/>\n<meta property=\"og:description\" content=\"I cristiani di Israele, schiacciati tra ebrei e islam spesso sono costretti ad emigrare a causa delle difficili condizioni di vita\" \/>\n<meta property=\"og:url\" content=\"https:\/\/www.rassegnastampa-totustuus.it\/cattolica\/i-cristiani-di-israele-tra-ebrei-e-islam\/\" \/>\n<meta property=\"og:site_name\" content=\"Rassegna Stampa Cattolica\" \/>\n<meta property=\"article:publisher\" content=\"https:\/\/www.facebook.com\/rassegnastampacattolica\" \/>\n<meta property=\"article:published_time\" content=\"2004-11-05T09:46:25+00:00\" \/>\n<meta property=\"article:modified_time\" content=\"2024-01-05T12:06:08+00:00\" \/>\n<meta property=\"og:image\" content=\"https:\/\/www.rassegnastampa-totustuus.it\/cattolica\/wp-content\/uploads\/2004\/11\/cristiani_israele_islam.jpg\" \/>\n\t<meta property=\"og:image:width\" content=\"238\" \/>\n\t<meta property=\"og:image:height\" content=\"180\" \/>\n\t<meta property=\"og:image:type\" content=\"image\/jpeg\" \/>\n<meta name=\"author\" content=\"Redazione\" \/>\n<meta name=\"twitter:card\" content=\"summary_large_image\" \/>\n<meta name=\"twitter:creator\" content=\"@rassegnastampa9\" \/>\n<meta name=\"twitter:site\" content=\"@rassegnastampa9\" \/>\n<meta name=\"twitter:label1\" content=\"Scritto da\" \/>\n\t<meta name=\"twitter:data1\" content=\"Redazione\" \/>\n\t<meta name=\"twitter:label2\" content=\"Tempo di lettura stimato\" \/>\n\t<meta name=\"twitter:data2\" content=\"6 minuti\" \/>\n<script type=\"application\/ld+json\" class=\"yoast-schema-graph\">{\"@context\":\"https:\\\/\\\/schema.org\",\"@graph\":[{\"@type\":\"Article\",\"@id\":\"https:\\\/\\\/www.rassegnastampa-totustuus.it\\\/cattolica\\\/i-cristiani-di-israele-tra-ebrei-e-islam\\\/#article\",\"isPartOf\":{\"@id\":\"https:\\\/\\\/www.rassegnastampa-totustuus.it\\\/cattolica\\\/i-cristiani-di-israele-tra-ebrei-e-islam\\\/\"},\"author\":{\"name\":\"Redazione\",\"@id\":\"https:\\\/\\\/www.rassegnastampa-totustuus.it\\\/cattolica\\\/#\\\/schema\\\/person\\\/08f319d2bd1a0904ad9e2bfb7b15e5c3\"},\"headline\":\"I cristiani di Israele, tra ebrei e islam\",\"datePublished\":\"2004-11-05T09:46:25+00:00\",\"dateModified\":\"2024-01-05T12:06:08+00:00\",\"mainEntityOfPage\":{\"@id\":\"https:\\\/\\\/www.rassegnastampa-totustuus.it\\\/cattolica\\\/i-cristiani-di-israele-tra-ebrei-e-islam\\\/\"},\"wordCount\":876,\"publisher\":{\"@id\":\"https:\\\/\\\/www.rassegnastampa-totustuus.it\\\/cattolica\\\/#organization\"},\"image\":{\"@id\":\"https:\\\/\\\/www.rassegnastampa-totustuus.it\\\/cattolica\\\/i-cristiani-di-israele-tra-ebrei-e-islam\\\/#primaryimage\"},\"thumbnailUrl\":\"https:\\\/\\\/www.rassegnastampa-totustuus.it\\\/cattolica\\\/wp-content\\\/uploads\\\/2004\\\/11\\\/cristiani_israele_islam.jpg\",\"keywords\":[\"cristiani nell'Islam\"],\"articleSection\":[\"Chiesa\",\"Cristiani nell'islam\"],\"inLanguage\":\"it-IT\"},{\"@type\":\"WebPage\",\"@id\":\"https:\\\/\\\/www.rassegnastampa-totustuus.it\\\/cattolica\\\/i-cristiani-di-israele-tra-ebrei-e-islam\\\/\",\"url\":\"https:\\\/\\\/www.rassegnastampa-totustuus.it\\\/cattolica\\\/i-cristiani-di-israele-tra-ebrei-e-islam\\\/\",\"name\":\"I cristiani di Israele, tra ebrei e islam - Rassegna Stampa Cattolica\",\"isPartOf\":{\"@id\":\"https:\\\/\\\/www.rassegnastampa-totustuus.it\\\/cattolica\\\/#website\"},\"primaryImageOfPage\":{\"@id\":\"https:\\\/\\\/www.rassegnastampa-totustuus.it\\\/cattolica\\\/i-cristiani-di-israele-tra-ebrei-e-islam\\\/#primaryimage\"},\"image\":{\"@id\":\"https:\\\/\\\/www.rassegnastampa-totustuus.it\\\/cattolica\\\/i-cristiani-di-israele-tra-ebrei-e-islam\\\/#primaryimage\"},\"thumbnailUrl\":\"https:\\\/\\\/www.rassegnastampa-totustuus.it\\\/cattolica\\\/wp-content\\\/uploads\\\/2004\\\/11\\\/cristiani_israele_islam.jpg\",\"datePublished\":\"2004-11-05T09:46:25+00:00\",\"dateModified\":\"2024-01-05T12:06:08+00:00\",\"description\":\"I cristiani di Israele, schiacciati tra ebrei e islam spesso sono costretti ad emigrare a causa delle difficili condizioni di vita\",\"breadcrumb\":{\"@id\":\"https:\\\/\\\/www.rassegnastampa-totustuus.it\\\/cattolica\\\/i-cristiani-di-israele-tra-ebrei-e-islam\\\/#breadcrumb\"},\"inLanguage\":\"it-IT\",\"potentialAction\":[{\"@type\":\"ReadAction\",\"target\":[\"https:\\\/\\\/www.rassegnastampa-totustuus.it\\\/cattolica\\\/i-cristiani-di-israele-tra-ebrei-e-islam\\\/\"]}]},{\"@type\":\"ImageObject\",\"inLanguage\":\"it-IT\",\"@id\":\"https:\\\/\\\/www.rassegnastampa-totustuus.it\\\/cattolica\\\/i-cristiani-di-israele-tra-ebrei-e-islam\\\/#primaryimage\",\"url\":\"https:\\\/\\\/www.rassegnastampa-totustuus.it\\\/cattolica\\\/wp-content\\\/uploads\\\/2004\\\/11\\\/cristiani_israele_islam.jpg\",\"contentUrl\":\"https:\\\/\\\/www.rassegnastampa-totustuus.it\\\/cattolica\\\/wp-content\\\/uploads\\\/2004\\\/11\\\/cristiani_israele_islam.jpg\",\"width\":238,\"height\":180},{\"@type\":\"BreadcrumbList\",\"@id\":\"https:\\\/\\\/www.rassegnastampa-totustuus.it\\\/cattolica\\\/i-cristiani-di-israele-tra-ebrei-e-islam\\\/#breadcrumb\",\"itemListElement\":[{\"@type\":\"ListItem\",\"position\":1,\"name\":\"Home\",\"item\":\"https:\\\/\\\/www.rassegnastampa-totustuus.it\\\/cattolica\\\/\"},{\"@type\":\"ListItem\",\"position\":2,\"name\":\"I cristiani di Israele, tra ebrei e islam\"}]},{\"@type\":\"WebSite\",\"@id\":\"https:\\\/\\\/www.rassegnastampa-totustuus.it\\\/cattolica\\\/#website\",\"url\":\"https:\\\/\\\/www.rassegnastampa-totustuus.it\\\/cattolica\\\/\",\"name\":\"Rassegna Stampa Cattolica\",\"description\":\"Per una cultura che nasce dalla Rivelazione cristiana in conformit\u00e0 alla tradizione e al Magistero della Chiesa in opposizione ad ogni relativismo e totalitarismo\",\"publisher\":{\"@id\":\"https:\\\/\\\/www.rassegnastampa-totustuus.it\\\/cattolica\\\/#organization\"},\"alternateName\":\"Rass. Cattolica\",\"potentialAction\":[{\"@type\":\"SearchAction\",\"target\":{\"@type\":\"EntryPoint\",\"urlTemplate\":\"https:\\\/\\\/www.rassegnastampa-totustuus.it\\\/cattolica\\\/?s={search_term_string}\"},\"query-input\":{\"@type\":\"PropertyValueSpecification\",\"valueRequired\":true,\"valueName\":\"search_term_string\"}}],\"inLanguage\":\"it-IT\"},{\"@type\":\"Organization\",\"@id\":\"https:\\\/\\\/www.rassegnastampa-totustuus.it\\\/cattolica\\\/#organization\",\"name\":\"Rassegna Stampa Cattolica\",\"url\":\"https:\\\/\\\/www.rassegnastampa-totustuus.it\\\/cattolica\\\/\",\"logo\":{\"@type\":\"ImageObject\",\"inLanguage\":\"it-IT\",\"@id\":\"https:\\\/\\\/www.rassegnastampa-totustuus.it\\\/cattolica\\\/#\\\/schema\\\/logo\\\/image\\\/\",\"url\":\"https:\\\/\\\/www.rassegnastampa-totustuus.it\\\/cattolica\\\/wp-content\\\/uploads\\\/2014\\\/04\\\/logo-rassegna1.gif\",\"contentUrl\":\"https:\\\/\\\/www.rassegnastampa-totustuus.it\\\/cattolica\\\/wp-content\\\/uploads\\\/2014\\\/04\\\/logo-rassegna1.gif\",\"width\":600,\"height\":163,\"caption\":\"Rassegna Stampa Cattolica\"},\"image\":{\"@id\":\"https:\\\/\\\/www.rassegnastampa-totustuus.it\\\/cattolica\\\/#\\\/schema\\\/logo\\\/image\\\/\"},\"sameAs\":[\"https:\\\/\\\/www.facebook.com\\\/rassegnastampacattolica\",\"https:\\\/\\\/x.com\\\/rassegnastampa9\"]},{\"@type\":\"Person\",\"@id\":\"https:\\\/\\\/www.rassegnastampa-totustuus.it\\\/cattolica\\\/#\\\/schema\\\/person\\\/08f319d2bd1a0904ad9e2bfb7b15e5c3\",\"name\":\"Redazione\",\"image\":{\"@type\":\"ImageObject\",\"inLanguage\":\"it-IT\",\"@id\":\"https:\\\/\\\/secure.gravatar.com\\\/avatar\\\/2fcdf27c78ea025fbdb44e914cc63c72249ffec9dc8aafd5c82b26240ef3f346?s=96&d=mm&r=g\",\"url\":\"https:\\\/\\\/secure.gravatar.com\\\/avatar\\\/2fcdf27c78ea025fbdb44e914cc63c72249ffec9dc8aafd5c82b26240ef3f346?s=96&d=mm&r=g\",\"contentUrl\":\"https:\\\/\\\/secure.gravatar.com\\\/avatar\\\/2fcdf27c78ea025fbdb44e914cc63c72249ffec9dc8aafd5c82b26240ef3f346?s=96&d=mm&r=g\",\"caption\":\"Redazione\"},\"url\":\"https:\\\/\\\/www.rassegnastampa-totustuus.it\\\/cattolica\\\/author\\\/pietroelle\\\/\"}]}<\/script>\n<!-- \/ Yoast SEO plugin. -->","yoast_head_json":{"title":"I cristiani di Israele, tra ebrei e islam - Rassegna Stampa Cattolica","description":"I cristiani di Israele, schiacciati tra ebrei e islam spesso sono costretti ad emigrare a causa delle difficili condizioni di vita","robots":{"index":"index","follow":"follow","max-snippet":"max-snippet:-1","max-image-preview":"max-image-preview:large","max-video-preview":"max-video-preview:-1"},"canonical":"https:\/\/www.rassegnastampa-totustuus.it\/cattolica\/i-cristiani-di-israele-tra-ebrei-e-islam\/","og_locale":"it_IT","og_type":"article","og_title":"I cristiani di Israele, tra ebrei e islam - Rassegna Stampa Cattolica","og_description":"I cristiani di Israele, schiacciati tra ebrei e islam spesso sono costretti ad emigrare a causa delle difficili condizioni di vita","og_url":"https:\/\/www.rassegnastampa-totustuus.it\/cattolica\/i-cristiani-di-israele-tra-ebrei-e-islam\/","og_site_name":"Rassegna Stampa Cattolica","article_publisher":"https:\/\/www.facebook.com\/rassegnastampacattolica","article_published_time":"2004-11-05T09:46:25+00:00","article_modified_time":"2024-01-05T12:06:08+00:00","og_image":[{"width":238,"height":180,"url":"https:\/\/www.rassegnastampa-totustuus.it\/cattolica\/wp-content\/uploads\/2004\/11\/cristiani_israele_islam.jpg","type":"image\/jpeg"}],"author":"Redazione","twitter_card":"summary_large_image","twitter_creator":"@rassegnastampa9","twitter_site":"@rassegnastampa9","twitter_misc":{"Scritto da":"Redazione","Tempo di lettura stimato":"6 minuti"},"schema":{"@context":"https:\/\/schema.org","@graph":[{"@type":"Article","@id":"https:\/\/www.rassegnastampa-totustuus.it\/cattolica\/i-cristiani-di-israele-tra-ebrei-e-islam\/#article","isPartOf":{"@id":"https:\/\/www.rassegnastampa-totustuus.it\/cattolica\/i-cristiani-di-israele-tra-ebrei-e-islam\/"},"author":{"name":"Redazione","@id":"https:\/\/www.rassegnastampa-totustuus.it\/cattolica\/#\/schema\/person\/08f319d2bd1a0904ad9e2bfb7b15e5c3"},"headline":"I cristiani di Israele, tra ebrei e islam","datePublished":"2004-11-05T09:46:25+00:00","dateModified":"2024-01-05T12:06:08+00:00","mainEntityOfPage":{"@id":"https:\/\/www.rassegnastampa-totustuus.it\/cattolica\/i-cristiani-di-israele-tra-ebrei-e-islam\/"},"wordCount":876,"publisher":{"@id":"https:\/\/www.rassegnastampa-totustuus.it\/cattolica\/#organization"},"image":{"@id":"https:\/\/www.rassegnastampa-totustuus.it\/cattolica\/i-cristiani-di-israele-tra-ebrei-e-islam\/#primaryimage"},"thumbnailUrl":"https:\/\/www.rassegnastampa-totustuus.it\/cattolica\/wp-content\/uploads\/2004\/11\/cristiani_israele_islam.jpg","keywords":["cristiani nell'Islam"],"articleSection":["Chiesa","Cristiani nell'islam"],"inLanguage":"it-IT"},{"@type":"WebPage","@id":"https:\/\/www.rassegnastampa-totustuus.it\/cattolica\/i-cristiani-di-israele-tra-ebrei-e-islam\/","url":"https:\/\/www.rassegnastampa-totustuus.it\/cattolica\/i-cristiani-di-israele-tra-ebrei-e-islam\/","name":"I cristiani di Israele, tra ebrei e islam - Rassegna Stampa Cattolica","isPartOf":{"@id":"https:\/\/www.rassegnastampa-totustuus.it\/cattolica\/#website"},"primaryImageOfPage":{"@id":"https:\/\/www.rassegnastampa-totustuus.it\/cattolica\/i-cristiani-di-israele-tra-ebrei-e-islam\/#primaryimage"},"image":{"@id":"https:\/\/www.rassegnastampa-totustuus.it\/cattolica\/i-cristiani-di-israele-tra-ebrei-e-islam\/#primaryimage"},"thumbnailUrl":"https:\/\/www.rassegnastampa-totustuus.it\/cattolica\/wp-content\/uploads\/2004\/11\/cristiani_israele_islam.jpg","datePublished":"2004-11-05T09:46:25+00:00","dateModified":"2024-01-05T12:06:08+00:00","description":"I cristiani di Israele, schiacciati tra ebrei e islam spesso sono costretti ad emigrare a causa delle difficili condizioni di vita","breadcrumb":{"@id":"https:\/\/www.rassegnastampa-totustuus.it\/cattolica\/i-cristiani-di-israele-tra-ebrei-e-islam\/#breadcrumb"},"inLanguage":"it-IT","potentialAction":[{"@type":"ReadAction","target":["https:\/\/www.rassegnastampa-totustuus.it\/cattolica\/i-cristiani-di-israele-tra-ebrei-e-islam\/"]}]},{"@type":"ImageObject","inLanguage":"it-IT","@id":"https:\/\/www.rassegnastampa-totustuus.it\/cattolica\/i-cristiani-di-israele-tra-ebrei-e-islam\/#primaryimage","url":"https:\/\/www.rassegnastampa-totustuus.it\/cattolica\/wp-content\/uploads\/2004\/11\/cristiani_israele_islam.jpg","contentUrl":"https:\/\/www.rassegnastampa-totustuus.it\/cattolica\/wp-content\/uploads\/2004\/11\/cristiani_israele_islam.jpg","width":238,"height":180},{"@type":"BreadcrumbList","@id":"https:\/\/www.rassegnastampa-totustuus.it\/cattolica\/i-cristiani-di-israele-tra-ebrei-e-islam\/#breadcrumb","itemListElement":[{"@type":"ListItem","position":1,"name":"Home","item":"https:\/\/www.rassegnastampa-totustuus.it\/cattolica\/"},{"@type":"ListItem","position":2,"name":"I cristiani di Israele, tra ebrei e islam"}]},{"@type":"WebSite","@id":"https:\/\/www.rassegnastampa-totustuus.it\/cattolica\/#website","url":"https:\/\/www.rassegnastampa-totustuus.it\/cattolica\/","name":"Rassegna Stampa Cattolica","description":"Per una cultura che nasce dalla Rivelazione cristiana in conformit\u00e0 alla tradizione e al Magistero della Chiesa in opposizione ad ogni relativismo e totalitarismo","publisher":{"@id":"https:\/\/www.rassegnastampa-totustuus.it\/cattolica\/#organization"},"alternateName":"Rass. Cattolica","potentialAction":[{"@type":"SearchAction","target":{"@type":"EntryPoint","urlTemplate":"https:\/\/www.rassegnastampa-totustuus.it\/cattolica\/?s={search_term_string}"},"query-input":{"@type":"PropertyValueSpecification","valueRequired":true,"valueName":"search_term_string"}}],"inLanguage":"it-IT"},{"@type":"Organization","@id":"https:\/\/www.rassegnastampa-totustuus.it\/cattolica\/#organization","name":"Rassegna Stampa Cattolica","url":"https:\/\/www.rassegnastampa-totustuus.it\/cattolica\/","logo":{"@type":"ImageObject","inLanguage":"it-IT","@id":"https:\/\/www.rassegnastampa-totustuus.it\/cattolica\/#\/schema\/logo\/image\/","url":"https:\/\/www.rassegnastampa-totustuus.it\/cattolica\/wp-content\/uploads\/2014\/04\/logo-rassegna1.gif","contentUrl":"https:\/\/www.rassegnastampa-totustuus.it\/cattolica\/wp-content\/uploads\/2014\/04\/logo-rassegna1.gif","width":600,"height":163,"caption":"Rassegna Stampa Cattolica"},"image":{"@id":"https:\/\/www.rassegnastampa-totustuus.it\/cattolica\/#\/schema\/logo\/image\/"},"sameAs":["https:\/\/www.facebook.com\/rassegnastampacattolica","https:\/\/x.com\/rassegnastampa9"]},{"@type":"Person","@id":"https:\/\/www.rassegnastampa-totustuus.it\/cattolica\/#\/schema\/person\/08f319d2bd1a0904ad9e2bfb7b15e5c3","name":"Redazione","image":{"@type":"ImageObject","inLanguage":"it-IT","@id":"https:\/\/secure.gravatar.com\/avatar\/2fcdf27c78ea025fbdb44e914cc63c72249ffec9dc8aafd5c82b26240ef3f346?s=96&d=mm&r=g","url":"https:\/\/secure.gravatar.com\/avatar\/2fcdf27c78ea025fbdb44e914cc63c72249ffec9dc8aafd5c82b26240ef3f346?s=96&d=mm&r=g","contentUrl":"https:\/\/secure.gravatar.com\/avatar\/2fcdf27c78ea025fbdb44e914cc63c72249ffec9dc8aafd5c82b26240ef3f346?s=96&d=mm&r=g","caption":"Redazione"},"url":"https:\/\/www.rassegnastampa-totustuus.it\/cattolica\/author\/pietroelle\/"}]}},"_links":{"self":[{"href":"https:\/\/www.rassegnastampa-totustuus.it\/cattolica\/wp-json\/wp\/v2\/posts\/57","targetHints":{"allow":["GET"]}}],"collection":[{"href":"https:\/\/www.rassegnastampa-totustuus.it\/cattolica\/wp-json\/wp\/v2\/posts"}],"about":[{"href":"https:\/\/www.rassegnastampa-totustuus.it\/cattolica\/wp-json\/wp\/v2\/types\/post"}],"author":[{"embeddable":true,"href":"https:\/\/www.rassegnastampa-totustuus.it\/cattolica\/wp-json\/wp\/v2\/users\/6"}],"replies":[{"embeddable":true,"href":"https:\/\/www.rassegnastampa-totustuus.it\/cattolica\/wp-json\/wp\/v2\/comments?post=57"}],"version-history":[{"count":13,"href":"https:\/\/www.rassegnastampa-totustuus.it\/cattolica\/wp-json\/wp\/v2\/posts\/57\/revisions"}],"predecessor-version":[{"id":58859,"href":"https:\/\/www.rassegnastampa-totustuus.it\/cattolica\/wp-json\/wp\/v2\/posts\/57\/revisions\/58859"}],"wp:featuredmedia":[{"embeddable":true,"href":"https:\/\/www.rassegnastampa-totustuus.it\/cattolica\/wp-json\/wp\/v2\/media\/57689"}],"wp:attachment":[{"href":"https:\/\/www.rassegnastampa-totustuus.it\/cattolica\/wp-json\/wp\/v2\/media?parent=57"}],"wp:term":[{"taxonomy":"category","embeddable":true,"href":"https:\/\/www.rassegnastampa-totustuus.it\/cattolica\/wp-json\/wp\/v2\/categories?post=57"},{"taxonomy":"post_tag","embeddable":true,"href":"https:\/\/www.rassegnastampa-totustuus.it\/cattolica\/wp-json\/wp\/v2\/tags?post=57"}],"curies":[{"name":"wp","href":"https:\/\/api.w.org\/{rel}","templated":true}]}}